{"id":361107,"date":"2023-03-03T11:27:51","date_gmt":"2023-03-03T10:27:51","guid":{"rendered":"https:\/\/dicodusport.fr\/blog\/?p=361107&#038;preview=true&#038;preview_id=361107"},"modified":"2023-03-03T12:13:30","modified_gmt":"2023-03-03T11:13:30","slug":"athletisme-europe-en-salle-2023-warholm-deroule-chevrier-au-rendez-vous-de-la-matinee-du-vendredi","status":"publish","type":"post","link":"https:\/\/dicodusport.fr\/blog\/athletisme-europe-en-salle-2023-warholm-deroule-chevrier-au-rendez-vous-de-la-matinee-du-vendredi\/","title":{"rendered":"Athl\u00e9tisme Europe en salle 2023 : Warholm d\u00e9roule, Chevrier au rendez-vous de la matin\u00e9e du vendredi"},"content":{"rendered":"<p align=\"justify\"><em><strong><a href=\"https:\/\/dicodusport.fr\/blog\/athletisme-programme-et-resultats-championnats-deurope-en-salle-2023\/\">CHAMPIONNATS D&rsquo;EUROPE EN SALLE 2023<\/a> &#8211; Karsten Warholm a \u00e9t\u00e9 impressionnant en s\u00e9ries du 400 m. Margot Chevrier et Erwan Konat\u00e9 s&rsquo;invitent en finale de la perche et de la longueur, dans cette premi\u00e8re matin\u00e9e de comp\u00e9tition \u00e0 Istanbul (Turquie).<\/strong><\/em><\/p>\n<h2 style=\"text-align: justify;\" align=\"justify\">Konat\u00e9 seul Fran\u00e7ais en finale de la longueur<\/h2>\n<p style=\"text-align: justify;\" align=\"justify\">Pour ses premiers grands championnats s\u00e9niors, il r\u00e9pond directement pr\u00e9sent. \u00c9videmment, on attendait beaucoup du double champion du monde juniors <strong>Erwan Konat\u00e9<\/strong>. Le moins qu&rsquo;on puisse dire, c&rsquo;est qu&rsquo;il a fait passer quelques sueurs froides \u00e0 ses supporters. Un premier essai modeste \u00e0 6.97 m. Un deuxi\u00e8me mordu mais o\u00f9 on sentait que ca pouvait aller loin. Avant la lib\u00e9ration \u00e0 son ultime tentative. Le Fran\u00e7ais a saut\u00e9 \u00e0 7.93 m, son meilleur saut de la saison. Pas de qualification directe (7.95 m) mais une belle 5e place qui lui ouvre les portes de la finale dimanche. Il sera seul Fran\u00e7ais des trois engag\u00e9s \u00e0 connaitre cette joie.<\/p>\n<blockquote class=\"twitter-tweet\">\n<p dir=\"ltr\" lang=\"fr\">\ud83d\udca5 Qualifi\u00e9 au dernier essai !<\/p>\n<p>\ud83c\uddeb\ud83c\uddf7 Erwan Konat\u00e9 retombe \u00e0 7,93 m \u00e0 sa troisi\u00e8me tentative en qualifications du saut en longueur, et d\u00e9croche son billet pour la finale !<\/p>\n<p>\ud83d\udcbb Suivez <a href=\"https:\/\/twitter.com\/hashtag\/Istanbul2023?src=hash&amp;ref_src=twsrc%5Etfw\">#Istanbul2023<\/a> en DIRECT sur <a href=\"https:\/\/twitter.com\/allathleticstv?ref_src=twsrc%5Etfw\">@allathleticstv<\/a>. <a href=\"https:\/\/t.co\/yunSqeD2HH\">pic.twitter.com\/yunSqeD2HH<\/a><\/p>\n<p>\u2014 FFAthl\u00e9tisme (@FFAthletisme) <a href=\"https:\/\/twitter.com\/FFAthletisme\/status\/1631564492160000001?ref_src=twsrc%5Etfw\">March 3, 2023<\/a><\/p><\/blockquote>\n<p><script async src=\"https:\/\/platform.twitter.com\/widgets.js\" charset=\"utf-8\"><\/script><\/p>\n<p style=\"text-align: justify;\" align=\"justify\">Le m\u00e9daill\u00e9 de bronze des derniers championnats d&rsquo;Europe l&rsquo;\u00e9t\u00e9 dernier \u00e0 Munich, <strong>Jules Pommery<\/strong>, n&rsquo;a pu valider aucun saut. Une \u00e9preuve tr\u00e8s ouverte o\u00f9 le Fran\u00e7ais repr\u00e9sentait une vraie chance de m\u00e9daille. Lui aussi avait mordu ses deux premiers essais. <strong>Jean-Pierre Bertrand<\/strong> a r\u00e9ussi \u00e0 engager son troisi\u00e8me saut. Mais avec 7.60 m, il est \u00e9galement \u00e9ject\u00e9 de la qualification. Les favoris <strong>Miltiadis Tentoglou<\/strong> et <strong>Thobias Montler<\/strong> ont assur\u00e9 leur place en finale.<\/p>\n<h2 style=\"text-align: justify;\" align=\"justify\">Chevrier au rendez-vous \u00e0 la perche<\/h2>\n<p align=\"justify\"><em>\u00ab Mais peu importe la comp\u00e9tition \u00e0 laquelle on est, si on est toutes les deux, j\u2019ai beau faire la comp\u00e9tition de l\u2019ann\u00e9e, elle me bat d\u2019une barre \u00bb<\/em>, <a href=\"https:\/\/dicodusport.fr\/blog\/margot-chevrier-une-meilleure-maitrise-dans-mes-sauts-en-2023\/\">nous confiait avant la comp\u00e9tition <strong>Margot Chevrier<\/strong><\/a>, \u00e0 propos de la Tch\u00e8que <strong>Amalie Svabikova<\/strong>. C&rsquo;est d\u00e9sormais chose ancienne. Cela rel\u00e8ve de l&rsquo;anecdotique, car le plus important est la qualification en finale qu&rsquo;a r\u00e9ussi \u00e0 d\u00e9crocher la Ni\u00e7oise. Une barre d&rsquo;entr\u00e9e \u00e0 4.45 m et une seconde barre \u00e0 4.55 m \u00e0 sa 3e tentative auront suffi. Son troisi\u00e8me meilleur saut de la saison et sa meilleure barre en grand championnat. De tr\u00e8s bon augure pour la finale o\u00f9 elle a toutes ses chances.<\/p>\n<blockquote class=\"twitter-tweet\">\n<p dir=\"ltr\" lang=\"fr\">\ud83e\udef6 Billet valid\u00e9 !<\/p>\n<p>\ud83c\uddeb\ud83c\uddf7 Margot Chevrier franchit 4,55 m \u00e0 sa derni\u00e8re tentative et se qualifie pour la finale du saut \u00e0 la perche !<\/p>\n<p>\ud83d\udcbb Suivez <a href=\"https:\/\/twitter.com\/hashtag\/Istanbul2023?src=hash&amp;ref_src=twsrc%5Etfw\">#Istanbul2023<\/a> en DIRECT sur <a href=\"https:\/\/twitter.com\/allathleticstv?ref_src=twsrc%5Etfw\">@allathleticstv<\/a>. <a href=\"https:\/\/t.co\/jpj8ZbbDOi\">pic.twitter.com\/jpj8ZbbDOi<\/a><\/p>\n<p>\u2014 FFAthl\u00e9tisme (@FFAthletisme) <a href=\"https:\/\/twitter.com\/FFAthletisme\/status\/1631575810489430017?ref_src=twsrc%5Etfw\">March 3, 2023<\/a><\/p><\/blockquote>\n<p><script async src=\"https:\/\/platform.twitter.com\/widgets.js\" charset=\"utf-8\"><\/script><\/p>\n<p align=\"justify\">Malheureusement, la Fran\u00e7aise sera la seule en finale. Car <strong>Ninon Chapelle<\/strong> s&rsquo;arr\u00eate \u00e0 4.45 m. Cela aurait pu suffire pour la Francilienne, mais elle l&rsquo;a franchi \u00e0 sa deuxi\u00e8me tentative. Il fallait le faire au premier essai pour entrer en finale. Cela a \u00e9t\u00e9 plus dur pour <strong>Marie-Julie Bonnin<\/strong>, qui s&rsquo;est arr\u00eat\u00e9e \u00e0 4.30 m, en difficult\u00e9 depuis quelques concours. Mais qui continue son apprentissage, elle qui n&rsquo;est qu&rsquo;espoir.<\/p>\n<h2 align=\"justify\">Bol en d\u00e9contraction sur 400 m<\/h2>\n<p style=\"text-align: justify;\">Tous ceux qui gal\u00e8rent \u00e0 courir le 400 m en 52 secondes ont d\u00fb se faire quelques cheveux blancs devant la course de <strong>Femke Bol<\/strong>. La recordwoman du monde indoor a remport\u00e9 sa s\u00e9rie du 400 m. Si le chrono est anecdotique (52.35), l&rsquo;impression de facilit\u00e9 de la N\u00e9erlandaise est juste hallucinante. Elle a donn\u00e9 l&rsquo;impression de faire son petit d\u00e9crassage matinal. Jamais \u00e0 fond, terrible pour les filles derri\u00e8re, elles, oblig\u00e9es de s&#8217;employer \u00e0 100 % pour se qualifier ! <strong>Lieke Klaver<\/strong> n&rsquo;a pas connu beaucoup plus de difficult\u00e9s dans la s\u00e9rie suivante. La compatriote et co\u00e9quipi\u00e8re de Femke Bol a assur\u00e9 la victoire en 52.72. Mais c&rsquo;est la Polonaise<strong> Anna Kielbasinska<\/strong> qui signe le meilleur temps des s\u00e9ries, dans la derni\u00e8re course en 51.77. Une s\u00e9rie tr\u00e8s rapide puisque <strong>Tereze Petrzilkova<\/strong> bat son record personnel en 52.14, tout comme la Belge <strong>Helena Ponette<\/strong> en 52.31.<\/p>\n<h2 style=\"text-align: justify;\" align=\"justify\">Warholm envoie un message, Biron l&rsquo;accompagne en demies du 400 m<\/h2>\n<p style=\"text-align: justify;\" align=\"justify\"><strong>Karsten Warholm<\/strong> a d\u00e9cid\u00e9 de frapper fort d&rsquo;entr\u00e9e. Le Norv\u00e9gien a d\u00e9roul\u00e9 dans la premi\u00e8re s\u00e9rie du 400 m. Le co-recordman d&rsquo;Europe (45.05) a fait un d\u00e9part rapide, puis a contr\u00f4l\u00e9 tout le long du second tour, pour r\u00e9aliser un excellent chrono de 45.75. Tr\u00e8s solide \u00e0 10 heures du matin, le Norv\u00e9gien, grand favori de l&rsquo;\u00e9preuve, se qualifie tranquillement pour les demi-finales. Oscar Husillos, l&rsquo;autre grand favori de la course n&rsquo;a pas livr\u00e9 une prestation aussi convaincante, seulement 2e de sa s\u00e9rie en 46.28. N\u00e9anmoins, il est qualifi\u00e9 directement et en ayant donn\u00e9 l&rsquo;impression d&rsquo;en garder sous la pointe. Dans la derni\u00e8re s\u00e9rie, <strong>Liemarvin Bonevacia<\/strong>, 3e \u00e0 Torun il y a deux ans, n&rsquo;a pas laiss\u00e9 une grande impression, 2e de la course en 46.87. A noter l&rsquo;\u00e9limination du Suisse <strong>Ricky Petrucciani<\/strong>, deuxi\u00e8me \u00e0 Munich l&rsquo;\u00e9t\u00e9 dernier.<\/p>\n<p align=\"justify\">Du c\u00f4t\u00e9 des Fran\u00e7ais, cela s&rsquo;est bien pass\u00e9 pour <strong>Gilles Biron<\/strong> qui remporte la 3e s\u00e9rie du 400 m en 46.50. Le champion de France en salle a laiss\u00e9 une belle impression dans sa course pour s&rsquo;imposer dans les derniers m\u00e8tres. De bon augure pour les demi-finales.<\/p>\n<blockquote class=\"twitter-tweet\">\n<p dir=\"ltr\" lang=\"fr\">\ud83d\udc4d Course parfaitement g\u00e9r\u00e9e !<\/p>\n<p>\ud83c\uddeb\ud83c\uddf7 Gilles Biron remporte sa s\u00e9rie du 400 m en 46\u00a0\u00bb50 et se qualifie pour les demi-finales !<\/p>\n<p>\ud83d\udcbb Suivez <a href=\"https:\/\/twitter.com\/hashtag\/Istanbul2023?src=hash&amp;ref_src=twsrc%5Etfw\">#Istanbul2023<\/a> en DIRECT sur <a href=\"https:\/\/twitter.com\/allathleticstv?ref_src=twsrc%5Etfw\">@allathleticstv<\/a>. <a href=\"https:\/\/t.co\/6KrJT59UQg\">pic.twitter.com\/6KrJT59UQg<\/a><\/p>\n<p>\u2014 FFAthl\u00e9tisme (@FFAthletisme) <a href=\"https:\/\/twitter.com\/FFAthletisme\/status\/1631554756287102977?ref_src=twsrc%5Etfw\">March 3, 2023<\/a><\/p><\/blockquote>\n<p><script async src=\"https:\/\/platform.twitter.com\/widgets.js\" charset=\"utf-8\"><\/script><\/p>\n<p style=\"text-align: justify;\" align=\"justify\"><strong>Muhammad Kounta<\/strong> n&rsquo;a jamais trouv\u00e9 le rythme sur la deuxi\u00e8me s\u00e9rie. Le Fran\u00e7ais prend la 4e place en 47.55, tr\u00e8s loin de son record \u00e9tabli il y a deux semaines en finale des Championnats de France \u00e9lite (46.28).<\/p>\n<h2 style=\"text-align: justify;\" align=\"justify\">Les favorites assurent sur 60 m<\/h2>\n<p style=\"text-align: justify;\" align=\"justify\">Un d\u00e9part canon, une mise en action parfaite et un contr\u00f4le maximal. <strong>Ewa Swoboda<\/strong> la Polonaise n&rsquo;a pas train\u00e9 en s\u00e9ries du 60 m. Elle domine la premi\u00e8re s\u00e9rie en 7.11. Des s\u00e9ries du 60 m sans grandes surprises, avec la domination de la Britannique <strong>Daryll Neita<\/strong>, qui remporte la deuxi\u00e8me course en 7.14. Avec une belle impression de facilit\u00e9 ! <strong>Mujinga Kambundji<\/strong> a \u00e9t\u00e9 un petit peu moins vite, mais assure elle aussi sa victoire, dans la 4e course, avec un chrono de 7.18. La championne du monde en salle 2022 a elle aussi laiss\u00e9 une belle impression de facilit\u00e9.<\/p>\n<h2 style=\"text-align: justify;\" align=\"justify\">En Bref<\/h2>\n<p style=\"text-align: justify;\" align=\"justify\"><strong>B\u00e9r\u00e9nice Cleyet-Merle<\/strong> a compl\u00e8tement craqu\u00e9 en s\u00e9ries du 1500 m, derni\u00e8re de la premi\u00e8re s\u00e9rie en 4:18.58. Laura Muir, grande favorite de la course, n&rsquo;a connu aucune difficult\u00e9 pour remporter la deuxi\u00e8me s\u00e9rie. Le chrono de la Britannique est anecdotique 4:23.20. Le meilleur chrono des s\u00e9ries est pour la Roumaine <strong>Claudia Bobocea<\/strong> en 4:07.63. La Turque<strong> Tugba Danismaz<\/strong> a domin\u00e9 les qualifications du triple saut f\u00e9minin, avec 14.09 m.<\/p>\n","protected":false},"excerpt":{"rendered":"<p>CHAMPIONNATS D&rsquo;EUROPE EN SALLE 2023 &#8211; Karsten Warholm a \u00e9t\u00e9 impressionnant en s\u00e9ries du 400 m. Margot Chevrier et Erwan Konat\u00e9 s&rsquo;invitent en finale de la perche et de la longueur, dans cette premi\u00e8re matin\u00e9e de comp\u00e9tition \u00e0 Istanbul (Turquie).<\/p>\n","protected":false},"author":83,"featured_media":361173,"comment_status":"open","ping_status":"closed","sticky":false,"template":"","format":"standard","meta":{"_acf_changed":false,"_daextam_enable_autolinks":"","footnotes":""},"categories":[46996],"tags":[7383,16878,25907,8819,30028],"class_list":["post-361107","post","type-post","status-publish","format-standard","has-post-thumbnail","hentry","category-championnats-d-europe-athletisme","tag-athletisme-indoor","tag-breve","tag-femke-bol","tag-karsten-warholm","tag-margot-chevrier"],"acf":[],"yoast_head":"<!-- This site is optimized with the Yoast SEO Premium plugin v26.7 (Yoast SEO v26.7) - https:\/\/yoast.com\/wordpress\/plugins\/seo\/ -->\n<title>Athl\u00e9tisme Europe en salle 2023 : Warholm d\u00e9roule, Chevrier au rendez-vous de la matin\u00e9e du vendredi<\/title>\n<meta name=\"description\" content=\"CHAMPIONNATS D&#039;EUROPE EN SALLE 2023 - Karsten Warholm a \u00e9t\u00e9 impressionnant en s\u00e9ries du 400 m. Margot Chevrier a assur\u00e9 \u00e0 la perche.\" \/>\n<meta name=\"robots\" content=\"index, follow, max-snippet:-1, max-image-preview:large, max-video-preview:-1\" \/>\n<link rel=\"canonical\" href=\"https:\/\/dicodusport.fr\/blog\/athletisme-europe-en-salle-2023-warholm-deroule-chevrier-au-rendez-vous-de-la-matinee-du-vendredi\/\" \/>\n<meta property=\"og:locale\" content=\"fr_FR\" \/>\n<meta property=\"og:type\" content=\"article\" \/>\n<meta property=\"og:title\" content=\"Athl\u00e9tisme Europe en salle 2023 : Warholm d\u00e9roule, Chevrier au rendez-vous de la matin\u00e9e du vendredi\" \/>\n<meta property=\"og:description\" content=\"CHAMPIONNATS D&#039;EUROPE EN SALLE 2023 - Karsten Warholm a \u00e9t\u00e9 impressionnant en s\u00e9ries du 400 m. Margot Chevrier a assur\u00e9 \u00e0 la perche.\" \/>\n<meta property=\"og:url\" content=\"https:\/\/dicodusport.fr\/blog\/athletisme-europe-en-salle-2023-warholm-deroule-chevrier-au-rendez-vous-de-la-matinee-du-vendredi\/\" \/>\n<meta property=\"og:site_name\" content=\"Dicodusport\" \/>\n<meta property=\"article:publisher\" content=\"https:\/\/www.facebook.com\/dicodusport\" \/>\n<meta property=\"article:published_time\" content=\"2023-03-03T10:27:51+00:00\" \/>\n<meta property=\"article:modified_time\" content=\"2023-03-03T11:13:30+00:00\" \/>\n<meta property=\"og:image\" content=\"https:\/\/dicodusport.fr\/blog\/wp-content\/uploads\/2023\/03\/Athletisme-Europe-en-salle-2023-Warholm-deroule-Chevrier-au-rendez-vous-de-la-matinee-du-vendredi.png\" \/>\n\t<meta property=\"og:image:width\" content=\"800\" \/>\n\t<meta property=\"og:image:height\" content=\"445\" \/>\n\t<meta property=\"og:image:type\" content=\"image\/png\" \/>\n<meta name=\"author\" content=\"Etienne Goursaud\" \/>\n<meta name=\"twitter:card\" content=\"summary_large_image\" \/>\n<meta name=\"twitter:title\" content=\"Athl\u00e9tisme Europe en salle 2023 : Warholm d\u00e9roule, Chevrier au rendez-vous de la matin\u00e9e du vendredi\" \/>\n<meta name=\"twitter:creator\" content=\"@dicodusport\" \/>\n<meta name=\"twitter:site\" content=\"@dicodusport\" \/>\n<script type=\"application\/ld+json\" class=\"yoast-schema-graph\">{\"@context\":\"https:\/\/schema.org\",\"@graph\":[{\"@type\":\"NewsArticle\",\"@id\":\"https:\/\/dicodusport.fr\/blog\/athletisme-europe-en-salle-2023-warholm-deroule-chevrier-au-rendez-vous-de-la-matinee-du-vendredi\/#article\",\"isPartOf\":{\"@id\":\"https:\/\/dicodusport.fr\/blog\/athletisme-europe-en-salle-2023-warholm-deroule-chevrier-au-rendez-vous-de-la-matinee-du-vendredi\/\"},\"author\":{\"name\":\"Etienne Goursaud\",\"@id\":\"https:\/\/dicodusport.fr\/blog\/#\/schema\/person\/d603dd7da31fb2b46c82b9835a77ec13\"},\"headline\":\"Athl\u00e9tisme Europe en salle 2023 : Warholm d\u00e9roule, Chevrier au rendez-vous de la matin\u00e9e du vendredi\",\"datePublished\":\"2023-03-03T10:27:51+00:00\",\"dateModified\":\"2023-03-03T11:13:30+00:00\",\"mainEntityOfPage\":{\"@id\":\"https:\/\/dicodusport.fr\/blog\/athletisme-europe-en-salle-2023-warholm-deroule-chevrier-au-rendez-vous-de-la-matinee-du-vendredi\/\"},\"wordCount\":1173,\"commentCount\":0,\"publisher\":{\"@id\":\"https:\/\/dicodusport.fr\/blog\/#organization\"},\"image\":{\"@id\":\"https:\/\/dicodusport.fr\/blog\/athletisme-europe-en-salle-2023-warholm-deroule-chevrier-au-rendez-vous-de-la-matinee-du-vendredi\/#primaryimage\"},\"thumbnailUrl\":\"https:\/\/dicodusport.fr\/blog\/wp-content\/uploads\/2023\/03\/Athletisme-Europe-en-salle-2023-Warholm-deroule-Chevrier-au-rendez-vous-de-la-matinee-du-vendredi.png\",\"keywords\":[\"athl\u00e9tisme indoor\",\"br\u00e8ve\",\"Femke Bol\",\"Karsten Warholm\",\"Margot Chevrier\"],\"articleSection\":[\"Championnats d'Europe d'athl\u00e9tisme\"],\"inLanguage\":\"fr-FR\",\"potentialAction\":[{\"@type\":\"CommentAction\",\"name\":\"Comment\",\"target\":[\"https:\/\/dicodusport.fr\/blog\/athletisme-europe-en-salle-2023-warholm-deroule-chevrier-au-rendez-vous-de-la-matinee-du-vendredi\/#respond\"]}],\"copyrightYear\":\"2023\",\"copyrightHolder\":{\"@id\":\"https:\/\/dicodusport.fr\/blog\/#organization\"}},{\"@type\":\"WebPage\",\"@id\":\"https:\/\/dicodusport.fr\/blog\/athletisme-europe-en-salle-2023-warholm-deroule-chevrier-au-rendez-vous-de-la-matinee-du-vendredi\/\",\"url\":\"https:\/\/dicodusport.fr\/blog\/athletisme-europe-en-salle-2023-warholm-deroule-chevrier-au-rendez-vous-de-la-matinee-du-vendredi\/\",\"name\":\"Athl\u00e9tisme Europe en salle 2023 : Warholm d\u00e9roule, Chevrier au rendez-vous de la matin\u00e9e du vendredi\",\"isPartOf\":{\"@id\":\"https:\/\/dicodusport.fr\/blog\/#website\"},\"primaryImageOfPage\":{\"@id\":\"https:\/\/dicodusport.fr\/blog\/athletisme-europe-en-salle-2023-warholm-deroule-chevrier-au-rendez-vous-de-la-matinee-du-vendredi\/#primaryimage\"},\"image\":{\"@id\":\"https:\/\/dicodusport.fr\/blog\/athletisme-europe-en-salle-2023-warholm-deroule-chevrier-au-rendez-vous-de-la-matinee-du-vendredi\/#primaryimage\"},\"thumbnailUrl\":\"https:\/\/dicodusport.fr\/blog\/wp-content\/uploads\/2023\/03\/Athletisme-Europe-en-salle-2023-Warholm-deroule-Chevrier-au-rendez-vous-de-la-matinee-du-vendredi.png\",\"datePublished\":\"2023-03-03T10:27:51+00:00\",\"dateModified\":\"2023-03-03T11:13:30+00:00\",\"description\":\"CHAMPIONNATS D'EUROPE EN SALLE 2023 - Karsten Warholm a \u00e9t\u00e9 impressionnant en s\u00e9ries du 400 m. Margot Chevrier a assur\u00e9 \u00e0 la perche.\",\"breadcrumb\":{\"@id\":\"https:\/\/dicodusport.fr\/blog\/athletisme-europe-en-salle-2023-warholm-deroule-chevrier-au-rendez-vous-de-la-matinee-du-vendredi\/#breadcrumb\"},\"inLanguage\":\"fr-FR\",\"potentialAction\":[{\"@type\":\"ReadAction\",\"target\":[\"https:\/\/dicodusport.fr\/blog\/athletisme-europe-en-salle-2023-warholm-deroule-chevrier-au-rendez-vous-de-la-matinee-du-vendredi\/\"]}]},{\"@type\":\"ImageObject\",\"inLanguage\":\"fr-FR\",\"@id\":\"https:\/\/dicodusport.fr\/blog\/athletisme-europe-en-salle-2023-warholm-deroule-chevrier-au-rendez-vous-de-la-matinee-du-vendredi\/#primaryimage\",\"url\":\"https:\/\/dicodusport.fr\/blog\/wp-content\/uploads\/2023\/03\/Athletisme-Europe-en-salle-2023-Warholm-deroule-Chevrier-au-rendez-vous-de-la-matinee-du-vendredi.png\",\"contentUrl\":\"https:\/\/dicodusport.fr\/blog\/wp-content\/uploads\/2023\/03\/Athletisme-Europe-en-salle-2023-Warholm-deroule-Chevrier-au-rendez-vous-de-la-matinee-du-vendredi.png\",\"width\":800,\"height\":445,\"caption\":\"Athl\u00e9tisme Europe en salle 2023 Warholm d\u00e9roule, Chevrier au rendez-vous de la matin\u00e9e du vendredi\"},{\"@type\":\"BreadcrumbList\",\"@id\":\"https:\/\/dicodusport.fr\/blog\/athletisme-europe-en-salle-2023-warholm-deroule-chevrier-au-rendez-vous-de-la-matinee-du-vendredi\/#breadcrumb\",\"itemListElement\":[{\"@type\":\"ListItem\",\"position\":1,\"name\":\"Accueil\",\"item\":\"https:\/\/dicodusport.fr\/blog\/\"},{\"@type\":\"ListItem\",\"position\":2,\"name\":\"Athl\u00e9tisme Europe en salle 2023 : Warholm d\u00e9roule, Chevrier au rendez-vous de la matin\u00e9e du vendredi\"}]},{\"@type\":\"WebSite\",\"@id\":\"https:\/\/dicodusport.fr\/blog\/#website\",\"url\":\"https:\/\/dicodusport.fr\/blog\/\",\"name\":\"Dicodusport\",\"description\":\"L&#039;encyclop\u00e9die de l&#039;actualit\u00e9 sportive\",\"publisher\":{\"@id\":\"https:\/\/dicodusport.fr\/blog\/#organization\"},\"potentialAction\":[{\"@type\":\"SearchAction\",\"target\":{\"@type\":\"EntryPoint\",\"urlTemplate\":\"https:\/\/dicodusport.fr\/blog\/?s={search_term_string}\"},\"query-input\":{\"@type\":\"PropertyValueSpecification\",\"valueRequired\":true,\"valueName\":\"search_term_string\"}}],\"inLanguage\":\"fr-FR\"},{\"@type\":\"NewsMediaOrganization\",\"@id\":\"https:\/\/dicodusport.fr\/blog\/#organization\",\"name\":\"Dicodusport\",\"url\":\"https:\/\/dicodusport.fr\/blog\/\",\"logo\":{\"@type\":\"ImageObject\",\"inLanguage\":\"fr-FR\",\"@id\":\"https:\/\/dicodusport.fr\/blog\/#\/schema\/logo\/image\/\",\"url\":\"https:\/\/dicodusport.fr\/blog\/wp-content\/uploads\/2020\/06\/cropped-LOGO-DICODUSPORT-2020-SANS-FOND-SANS-TEXTE.png\",\"contentUrl\":\"https:\/\/dicodusport.fr\/blog\/wp-content\/uploads\/2020\/06\/cropped-LOGO-DICODUSPORT-2020-SANS-FOND-SANS-TEXTE.png\",\"width\":512,\"height\":512,\"caption\":\"Dicodusport\"},\"image\":{\"@id\":\"https:\/\/dicodusport.fr\/blog\/#\/schema\/logo\/image\/\"},\"sameAs\":[\"https:\/\/www.facebook.com\/dicodusport\",\"https:\/\/x.com\/dicodusport\",\"https:\/\/www.instagram.com\/dicodusport\/\",\"https:\/\/www.youtube.com\/channel\/UC7V2KZ5sd3htJivAbA4ZG3w\"],\"description\":\"Dicodusport est l'encyclop\u00e9die de l'actualit\u00e9 sportive.\",\"email\":\"bonjour@dicodusport.fr\",\"legalName\":\"DICODUSPORT\",\"foundingDate\":\"2018-01-14\",\"vatID\":\"FR71834470973\",\"taxID\":\"83447097300043\",\"numberOfEmployees\":{\"@type\":\"QuantitativeValue\",\"minValue\":\"1\",\"maxValue\":\"10\"}},{\"@type\":\"Person\",\"@id\":\"https:\/\/dicodusport.fr\/blog\/#\/schema\/person\/d603dd7da31fb2b46c82b9835a77ec13\",\"name\":\"Etienne Goursaud\",\"image\":{\"@type\":\"ImageObject\",\"inLanguage\":\"fr-FR\",\"@id\":\"https:\/\/dicodusport.fr\/blog\/#\/schema\/person\/image\/\",\"url\":\"https:\/\/dicodusport.fr\/blog\/wp-content\/uploads\/2023\/12\/410122264_10231602061736049_5565839791558026645_n-150x150.jpg\",\"contentUrl\":\"https:\/\/dicodusport.fr\/blog\/wp-content\/uploads\/2023\/12\/410122264_10231602061736049_5565839791558026645_n-150x150.jpg\",\"caption\":\"Etienne Goursaud\"},\"description\":\"Journaliste et amoureux de sport. Ancien footballeur reconverti athl\u00e8te quand ses muscles le laissent tranquille. \u00c9lev\u00e9 \u00e0 la sauce des exploits de Thomas Voeckler en 2004, du dernier essai de l\u00e9gende de Eunice Barber \u00e0 la longueur lors des championnats du monde d'athl\u00e9tisme de 2003 mais aussi Zidane, Omeyer et Titou Lamaison.\",\"url\":\"https:\/\/dicodusport.fr\/blog\/author\/etienne-goursaud\/\"}]}<\/script>\n<!-- \/ Yoast SEO Premium plugin. -->","yoast_head_json":{"title":"Athl\u00e9tisme Europe en salle 2023 : Warholm d\u00e9roule, Chevrier au rendez-vous de la matin\u00e9e du vendredi","description":"CHAMPIONNATS D'EUROPE EN SALLE 2023 - Karsten Warholm a \u00e9t\u00e9 impressionnant en s\u00e9ries du 400 m. Margot Chevrier a assur\u00e9 \u00e0 la perche.","robots":{"index":"index","follow":"follow","max-snippet":"max-snippet:-1","max-image-preview":"max-image-preview:large","max-video-preview":"max-video-preview:-1"},"canonical":"https:\/\/dicodusport.fr\/blog\/athletisme-europe-en-salle-2023-warholm-deroule-chevrier-au-rendez-vous-de-la-matinee-du-vendredi\/","og_locale":"fr_FR","og_type":"article","og_title":"Athl\u00e9tisme Europe en salle 2023 : Warholm d\u00e9roule, Chevrier au rendez-vous de la matin\u00e9e du vendredi","og_description":"CHAMPIONNATS D'EUROPE EN SALLE 2023 - Karsten Warholm a \u00e9t\u00e9 impressionnant en s\u00e9ries du 400 m. Margot Chevrier a assur\u00e9 \u00e0 la perche.","og_url":"https:\/\/dicodusport.fr\/blog\/athletisme-europe-en-salle-2023-warholm-deroule-chevrier-au-rendez-vous-de-la-matinee-du-vendredi\/","og_site_name":"Dicodusport","article_publisher":"https:\/\/www.facebook.com\/dicodusport","article_published_time":"2023-03-03T10:27:51+00:00","article_modified_time":"2023-03-03T11:13:30+00:00","og_image":[{"width":800,"height":445,"url":"https:\/\/dicodusport.fr\/blog\/wp-content\/uploads\/2023\/03\/Athletisme-Europe-en-salle-2023-Warholm-deroule-Chevrier-au-rendez-vous-de-la-matinee-du-vendredi.png","type":"image\/png"}],"author":"Etienne Goursaud","twitter_card":"summary_large_image","twitter_title":"Athl\u00e9tisme Europe en salle 2023 : Warholm d\u00e9roule, Chevrier au rendez-vous de la matin\u00e9e du vendredi","twitter_creator":"@dicodusport","twitter_site":"@dicodusport","schema":{"@context":"https:\/\/schema.org","@graph":[{"@type":"NewsArticle","@id":"https:\/\/dicodusport.fr\/blog\/athletisme-europe-en-salle-2023-warholm-deroule-chevrier-au-rendez-vous-de-la-matinee-du-vendredi\/#article","isPartOf":{"@id":"https:\/\/dicodusport.fr\/blog\/athletisme-europe-en-salle-2023-warholm-deroule-chevrier-au-rendez-vous-de-la-matinee-du-vendredi\/"},"author":{"name":"Etienne Goursaud","@id":"https:\/\/dicodusport.fr\/blog\/#\/schema\/person\/d603dd7da31fb2b46c82b9835a77ec13"},"headline":"Athl\u00e9tisme Europe en salle 2023 : Warholm d\u00e9roule, Chevrier au rendez-vous de la matin\u00e9e du vendredi","datePublished":"2023-03-03T10:27:51+00:00","dateModified":"2023-03-03T11:13:30+00:00","mainEntityOfPage":{"@id":"https:\/\/dicodusport.fr\/blog\/athletisme-europe-en-salle-2023-warholm-deroule-chevrier-au-rendez-vous-de-la-matinee-du-vendredi\/"},"wordCount":1173,"commentCount":0,"publisher":{"@id":"https:\/\/dicodusport.fr\/blog\/#organization"},"image":{"@id":"https:\/\/dicodusport.fr\/blog\/athletisme-europe-en-salle-2023-warholm-deroule-chevrier-au-rendez-vous-de-la-matinee-du-vendredi\/#primaryimage"},"thumbnailUrl":"https:\/\/dicodusport.fr\/blog\/wp-content\/uploads\/2023\/03\/Athletisme-Europe-en-salle-2023-Warholm-deroule-Chevrier-au-rendez-vous-de-la-matinee-du-vendredi.png","keywords":["athl\u00e9tisme indoor","br\u00e8ve","Femke Bol","Karsten Warholm","Margot Chevrier"],"articleSection":["Championnats d'Europe d'athl\u00e9tisme"],"inLanguage":"fr-FR","potentialAction":[{"@type":"CommentAction","name":"Comment","target":["https:\/\/dicodusport.fr\/blog\/athletisme-europe-en-salle-2023-warholm-deroule-chevrier-au-rendez-vous-de-la-matinee-du-vendredi\/#respond"]}],"copyrightYear":"2023","copyrightHolder":{"@id":"https:\/\/dicodusport.fr\/blog\/#organization"}},{"@type":"WebPage","@id":"https:\/\/dicodusport.fr\/blog\/athletisme-europe-en-salle-2023-warholm-deroule-chevrier-au-rendez-vous-de-la-matinee-du-vendredi\/","url":"https:\/\/dicodusport.fr\/blog\/athletisme-europe-en-salle-2023-warholm-deroule-chevrier-au-rendez-vous-de-la-matinee-du-vendredi\/","name":"Athl\u00e9tisme Europe en salle 2023 : Warholm d\u00e9roule, Chevrier au rendez-vous de la matin\u00e9e du vendredi","isPartOf":{"@id":"https:\/\/dicodusport.fr\/blog\/#website"},"primaryImageOfPage":{"@id":"https:\/\/dicodusport.fr\/blog\/athletisme-europe-en-salle-2023-warholm-deroule-chevrier-au-rendez-vous-de-la-matinee-du-vendredi\/#primaryimage"},"image":{"@id":"https:\/\/dicodusport.fr\/blog\/athletisme-europe-en-salle-2023-warholm-deroule-chevrier-au-rendez-vous-de-la-matinee-du-vendredi\/#primaryimage"},"thumbnailUrl":"https:\/\/dicodusport.fr\/blog\/wp-content\/uploads\/2023\/03\/Athletisme-Europe-en-salle-2023-Warholm-deroule-Chevrier-au-rendez-vous-de-la-matinee-du-vendredi.png","datePublished":"2023-03-03T10:27:51+00:00","dateModified":"2023-03-03T11:13:30+00:00","description":"CHAMPIONNATS D'EUROPE EN SALLE 2023 - Karsten Warholm a \u00e9t\u00e9 impressionnant en s\u00e9ries du 400 m. Margot Chevrier a assur\u00e9 \u00e0 la perche.","breadcrumb":{"@id":"https:\/\/dicodusport.fr\/blog\/athletisme-europe-en-salle-2023-warholm-deroule-chevrier-au-rendez-vous-de-la-matinee-du-vendredi\/#breadcrumb"},"inLanguage":"fr-FR","potentialAction":[{"@type":"ReadAction","target":["https:\/\/dicodusport.fr\/blog\/athletisme-europe-en-salle-2023-warholm-deroule-chevrier-au-rendez-vous-de-la-matinee-du-vendredi\/"]}]},{"@type":"ImageObject","inLanguage":"fr-FR","@id":"https:\/\/dicodusport.fr\/blog\/athletisme-europe-en-salle-2023-warholm-deroule-chevrier-au-rendez-vous-de-la-matinee-du-vendredi\/#primaryimage","url":"https:\/\/dicodusport.fr\/blog\/wp-content\/uploads\/2023\/03\/Athletisme-Europe-en-salle-2023-Warholm-deroule-Chevrier-au-rendez-vous-de-la-matinee-du-vendredi.png","contentUrl":"https:\/\/dicodusport.fr\/blog\/wp-content\/uploads\/2023\/03\/Athletisme-Europe-en-salle-2023-Warholm-deroule-Chevrier-au-rendez-vous-de-la-matinee-du-vendredi.png","width":800,"height":445,"caption":"Athl\u00e9tisme Europe en salle 2023 Warholm d\u00e9roule, Chevrier au rendez-vous de la matin\u00e9e du vendredi"},{"@type":"BreadcrumbList","@id":"https:\/\/dicodusport.fr\/blog\/athletisme-europe-en-salle-2023-warholm-deroule-chevrier-au-rendez-vous-de-la-matinee-du-vendredi\/#breadcrumb","itemListElement":[{"@type":"ListItem","position":1,"name":"Accueil","item":"https:\/\/dicodusport.fr\/blog\/"},{"@type":"ListItem","position":2,"name":"Athl\u00e9tisme Europe en salle 2023 : Warholm d\u00e9roule, Chevrier au rendez-vous de la matin\u00e9e du vendredi"}]},{"@type":"WebSite","@id":"https:\/\/dicodusport.fr\/blog\/#website","url":"https:\/\/dicodusport.fr\/blog\/","name":"Dicodusport","description":"L&#039;encyclop\u00e9die de l&#039;actualit\u00e9 sportive","publisher":{"@id":"https:\/\/dicodusport.fr\/blog\/#organization"},"potentialAction":[{"@type":"SearchAction","target":{"@type":"EntryPoint","urlTemplate":"https:\/\/dicodusport.fr\/blog\/?s={search_term_string}"},"query-input":{"@type":"PropertyValueSpecification","valueRequired":true,"valueName":"search_term_string"}}],"inLanguage":"fr-FR"},{"@type":"NewsMediaOrganization","@id":"https:\/\/dicodusport.fr\/blog\/#organization","name":"Dicodusport","url":"https:\/\/dicodusport.fr\/blog\/","logo":{"@type":"ImageObject","inLanguage":"fr-FR","@id":"https:\/\/dicodusport.fr\/blog\/#\/schema\/logo\/image\/","url":"https:\/\/dicodusport.fr\/blog\/wp-content\/uploads\/2020\/06\/cropped-LOGO-DICODUSPORT-2020-SANS-FOND-SANS-TEXTE.png","contentUrl":"https:\/\/dicodusport.fr\/blog\/wp-content\/uploads\/2020\/06\/cropped-LOGO-DICODUSPORT-2020-SANS-FOND-SANS-TEXTE.png","width":512,"height":512,"caption":"Dicodusport"},"image":{"@id":"https:\/\/dicodusport.fr\/blog\/#\/schema\/logo\/image\/"},"sameAs":["https:\/\/www.facebook.com\/dicodusport","https:\/\/x.com\/dicodusport","https:\/\/www.instagram.com\/dicodusport\/","https:\/\/www.youtube.com\/channel\/UC7V2KZ5sd3htJivAbA4ZG3w"],"description":"Dicodusport est l'encyclop\u00e9die de l'actualit\u00e9 sportive.","email":"bonjour@dicodusport.fr","legalName":"DICODUSPORT","foundingDate":"2018-01-14","vatID":"FR71834470973","taxID":"83447097300043","numberOfEmployees":{"@type":"QuantitativeValue","minValue":"1","maxValue":"10"}},{"@type":"Person","@id":"https:\/\/dicodusport.fr\/blog\/#\/schema\/person\/d603dd7da31fb2b46c82b9835a77ec13","name":"Etienne Goursaud","image":{"@type":"ImageObject","inLanguage":"fr-FR","@id":"https:\/\/dicodusport.fr\/blog\/#\/schema\/person\/image\/","url":"https:\/\/dicodusport.fr\/blog\/wp-content\/uploads\/2023\/12\/410122264_10231602061736049_5565839791558026645_n-150x150.jpg","contentUrl":"https:\/\/dicodusport.fr\/blog\/wp-content\/uploads\/2023\/12\/410122264_10231602061736049_5565839791558026645_n-150x150.jpg","caption":"Etienne Goursaud"},"description":"Journaliste et amoureux de sport. Ancien footballeur reconverti athl\u00e8te quand ses muscles le laissent tranquille. \u00c9lev\u00e9 \u00e0 la sauce des exploits de Thomas Voeckler en 2004, du dernier essai de l\u00e9gende de Eunice Barber \u00e0 la longueur lors des championnats du monde d'athl\u00e9tisme de 2003 mais aussi Zidane, Omeyer et Titou Lamaison.","url":"https:\/\/dicodusport.fr\/blog\/author\/etienne-goursaud\/"}]}},"_links":{"self":[{"href":"https:\/\/dicodusport.fr\/blog\/wp-json\/wp\/v2\/posts\/361107","targetHints":{"allow":["GET"]}}],"collection":[{"href":"https:\/\/dicodusport.fr\/blog\/wp-json\/wp\/v2\/posts"}],"about":[{"href":"https:\/\/dicodusport.fr\/blog\/wp-json\/wp\/v2\/types\/post"}],"author":[{"embeddable":true,"href":"https:\/\/dicodusport.fr\/blog\/wp-json\/wp\/v2\/users\/83"}],"replies":[{"embeddable":true,"href":"https:\/\/dicodusport.fr\/blog\/wp-json\/wp\/v2\/comments?post=361107"}],"version-history":[{"count":0,"href":"https:\/\/dicodusport.fr\/blog\/wp-json\/wp\/v2\/posts\/361107\/revisions"}],"wp:featuredmedia":[{"embeddable":true,"href":"https:\/\/dicodusport.fr\/blog\/wp-json\/wp\/v2\/media\/361173"}],"wp:attachment":[{"href":"https:\/\/dicodusport.fr\/blog\/wp-json\/wp\/v2\/media?parent=361107"}],"wp:term":[{"taxonomy":"category","embeddable":true,"href":"https:\/\/dicodusport.fr\/blog\/wp-json\/wp\/v2\/categories?post=361107"},{"taxonomy":"post_tag","embeddable":true,"href":"https:\/\/dicodusport.fr\/blog\/wp-json\/wp\/v2\/tags?post=361107"}],"curies":[{"name":"wp","href":"https:\/\/api.w.org\/{rel}","templated":true}]}}