{"id":361231,"date":"2023-03-03T14:51:17","date_gmt":"2023-03-03T13:51:17","guid":{"rendered":"https:\/\/dicodusport.fr\/blog\/?p=361231&#038;preview=true&#038;preview_id=361231"},"modified":"2023-03-03T14:52:38","modified_gmt":"2023-03-03T13:52:38","slug":"judo-grand-slam-de-tachkent-2023-walide-khyar-en-bronze","status":"publish","type":"post","link":"https:\/\/dicodusport.fr\/blog\/judo-grand-slam-de-tachkent-2023-walide-khyar-en-bronze\/","title":{"rendered":"Judo &#8211; Grand Slam de Tachkent 2023 : Walide Khyar en bronze"},"content":{"rendered":"<p style=\"text-align: justify;\"><strong><em>JUDO &#8211; Lors de la premi\u00e8re journ\u00e9e du Grand Slam de Tachkent, Walide Khyar a d\u00e9croch\u00e9 la m\u00e9daille de bronze.<\/em><\/strong><\/p>\n<p style=\"text-align: justify;\">Directement qualifi\u00e9 au 2e tour, <strong>Walide Khyar<\/strong> (-66 kg) a battu Kamran Suleymanov sur hansoku-make. En quarts, il s&rsquo;est inclin\u00e9 sur ippon face \u00e0 Nurali Emomali. Aux rep\u00eachages, il a battu Myeongjin Kim sur hansoku-make.<\/p>\n<p style=\"text-align: justify;\">Dans le combat pour le bronze, il affrontait <strong>William Lima<\/strong> qu&rsquo;il avait battu au premier tour du Masters l&rsquo;ann\u00e9e derni\u00e8re. Il s&rsquo;impose une nouvelle fois, sur hansoku-make. T\u00eate de s\u00e9rie n\u00b01, le Fran\u00e7ais se console avec ce bronze.<\/p>\n<blockquote class=\"twitter-tweet\">\n<p dir=\"ltr\" lang=\"fr\">\ud835\udc7e\ud835\udc82\ud835\udc8d\ud835\udc8a\ud835\udc85\ud835\udc86 \ud835\udc86\ud835\udc8f \ud835\udc83\ud835\udc93\ud835\udc90\ud835\udc8f\ud835\udc9b\ud835\udc86 ! \ud83e\udd49<\/p>\n<p>En remportant son combat pour la place de 3\ufe0f\u20e3, Walide Khyar (-66kg) d\u00e9croche la m\u00e9daille de bronze. Sa troisi\u00e8me dans un Grand Slam ! \ud83e\udd29<\/p>\n<p>Bravo Walide ! \ud83d\udc4f<a href=\"https:\/\/twitter.com\/hashtag\/JudoTashkent?src=hash&amp;ref_src=twsrc%5Etfw\">#JudoTashkent<\/a> <a href=\"https:\/\/twitter.com\/hashtag\/GoLesBleus?src=hash&amp;ref_src=twsrc%5Etfw\">#GoLesBleus<\/a> <a href=\"https:\/\/twitter.com\/hashtag\/FierdEtreJudoka?src=hash&amp;ref_src=twsrc%5Etfw\">#FierdEtreJudoka<\/a> <a href=\"https:\/\/t.co\/88EXjOR2Z9\">pic.twitter.com\/88EXjOR2Z9<\/a><\/p>\n<p>\u2014 France Judo (@francejudo_) <a href=\"https:\/\/twitter.com\/francejudo_\/status\/1631651281315172353?ref_src=twsrc%5Etfw\">March 3, 2023<\/a><\/p><\/blockquote>\n<p><script async src=\"https:\/\/platform.twitter.com\/widgets.js\" charset=\"utf-8\"><\/script><\/p>\n<h2 style=\"text-align: justify;\">Maxime Gobert et Romaric Bouda au pied du podium<\/h2>\n<p style=\"text-align: justify;\">Dans la m\u00eame cat\u00e9gorie que Khyar, <strong>Maxime Gobert<\/strong> a battu Abdulelah Aljayzani sur ippon puis Abdurakhim Nutfulloev au golden score. En quarts, William Lima a inscrit 2 waza-ari. Aux rep\u00eachages, il a inscrit un waza-ari face \u00e0 Matteo Piras. Dans le combat pour le bronze, il a \u00e9t\u00e9 battu par Mukhriddin Tilovov sur hansoku-make.<\/p>\n<p style=\"text-align: justify;\"><strong>Romaric Wend-Yam Bouda<\/strong> (-60 kg) a battu Kamoliddin Bakhitiyorov avec un waza-ari puis Thanh Nguyen sur ippon. En quarts, il a rapidement \u00e9t\u00e9 disqualifi\u00e9 face \u00e0 Lukhumi Chkhvimiani. Dans le combat de rep\u00eachages, il a battu Dilshodbek Baratov au golden score. En finale, il affrontait Doston Ruziev. Face \u00e0 son public, Ruziev \u00e9tait motiv\u00e9 pour aller chercher sa premi\u00e8re grande m\u00e9daille internationale. Et il \u00e9tait \u00e0 l&rsquo;initiative de toutes les attaques, Bouda \u00e9copant rapidement 2 p\u00e9anlit\u00e9s. Il a fini par s&rsquo;imposer au golden score. Dans la m\u00eame cat\u00e9gorie, C\u00e9dric Revol a \u00e9t\u00e9 battu par Doston Ruziev d\u00e8s son entr\u00e9e en lice au 2e tour. Il s&rsquo;est inclin\u00e9 apr\u00e8s 3 minutes au golden score.<\/p>\n<h2 style=\"text-align: justify;\">Autre r\u00e9sultat<\/h2>\n<p style=\"text-align: justify;\">Pendant qu&rsquo;une partie de l&rsquo;\u00e9quipe f\u00e9minine est en stage \u00e0 Tokyo, certaines femmes sont pr\u00e9sentes en Ouzb\u00e9kistan, mais sous l&rsquo;\u00e9gide de leur club. Ainsi, apr\u00e8s avoir battu Kurbanay Kurbanova avec deux waza-ari, <strong>M\u00e9lanie Vieu<\/strong> s&rsquo;est inclin\u00e9e sur ippon face \u00e0 Tugce Beder.<\/p>\n<ul>\n<li><strong>A lire aussi : <a href=\"https:\/\/dicodusport.fr\/blog\/judo-grand-slam-de-tachkent-2023-le-programme-complet\/\" target=\"_blank\" rel=\"noopener\">Le programme du grand slam de Tachkent<\/a><\/strong><\/li>\n<\/ul>\n","protected":false},"excerpt":{"rendered":"<p>JUDO &#8211; Lors de la premi\u00e8re journ\u00e9e du Grand Slam de Tachkent, Walide Khyar a d\u00e9croch\u00e9 la m\u00e9daille de bronze.<\/p>\n","protected":false},"author":12,"featured_media":361283,"comment_status":"open","ping_status":"closed","sticky":false,"template":"","format":"standard","meta":{"_acf_changed":false,"_daextam_enable_autolinks":"","footnotes":""},"categories":[8651],"tags":[16878,14746,68,19121,15625],"class_list":["post-361231","post","type-post","status-publish","format-standard","has-post-thumbnail","hentry","category-judo","tag-breve","tag-grand-slam-de-tashkent","tag-judo","tag-maxime-gobert","tag-walide-khyar"],"acf":[],"yoast_head":"<!-- This site is optimized with the Yoast SEO Premium plugin v26.7 (Yoast SEO v26.7) - https:\/\/yoast.com\/wordpress\/plugins\/seo\/ -->\n<title>Judo - Grand Slam de Tachkent 2023 : Walide Khyar en bronze<\/title>\n<meta name=\"description\" content=\"JUDO - Lors de la premi\u00e8re journ\u00e9e du Grand Slam de Tachkent, Walide Khyar a d\u00e9croch\u00e9 la m\u00e9daille de bronze.\" \/>\n<meta name=\"robots\" content=\"index, follow, max-snippet:-1, max-image-preview:large, max-video-preview:-1\" \/>\n<link rel=\"canonical\" href=\"https:\/\/dicodusport.fr\/blog\/judo-grand-slam-de-tachkent-2023-walide-khyar-en-bronze\/\" \/>\n<meta property=\"og:locale\" content=\"fr_FR\" \/>\n<meta property=\"og:type\" content=\"article\" \/>\n<meta property=\"og:title\" content=\"Judo - Grand Slam de Tachkent 2023 : Walide Khyar en bronze\" \/>\n<meta property=\"og:description\" content=\"JUDO - Lors de la premi\u00e8re journ\u00e9e du Grand Slam de Tachkent, Walide Khyar a d\u00e9croch\u00e9 la m\u00e9daille de bronze.\" \/>\n<meta property=\"og:url\" content=\"https:\/\/dicodusport.fr\/blog\/judo-grand-slam-de-tachkent-2023-walide-khyar-en-bronze\/\" \/>\n<meta property=\"og:site_name\" content=\"Dicodusport\" \/>\n<meta property=\"article:publisher\" content=\"https:\/\/www.facebook.com\/dicodusport\" \/>\n<meta property=\"article:published_time\" content=\"2023-03-03T13:51:17+00:00\" \/>\n<meta property=\"article:modified_time\" content=\"2023-03-03T13:52:38+00:00\" \/>\n<meta property=\"og:image\" content=\"https:\/\/dicodusport.fr\/blog\/wp-content\/uploads\/2023\/03\/Judo-Grand-Slam-de-Tachkent-2023-Walide-Khyar-en-bronze.png\" \/>\n\t<meta property=\"og:image:width\" content=\"800\" \/>\n\t<meta property=\"og:image:height\" content=\"445\" \/>\n\t<meta property=\"og:image:type\" content=\"image\/png\" \/>\n<meta name=\"author\" content=\"Arlette Yeye\" \/>\n<meta name=\"twitter:card\" content=\"summary_large_image\" \/>\n<meta name=\"twitter:title\" content=\"Judo - Grand Slam de Tachkent 2023 : Walide Khyar en bronze\" \/>\n<meta name=\"twitter:creator\" content=\"@https:\/\/twitter.com\/Shiclette94\" \/>\n<meta name=\"twitter:site\" content=\"@dicodusport\" \/>\n<script type=\"application\/ld+json\" class=\"yoast-schema-graph\">{\"@context\":\"https:\/\/schema.org\",\"@graph\":[{\"@type\":\"NewsArticle\",\"@id\":\"https:\/\/dicodusport.fr\/blog\/judo-grand-slam-de-tachkent-2023-walide-khyar-en-bronze\/#article\",\"isPartOf\":{\"@id\":\"https:\/\/dicodusport.fr\/blog\/judo-grand-slam-de-tachkent-2023-walide-khyar-en-bronze\/\"},\"author\":{\"name\":\"Arlette Yeye\",\"@id\":\"https:\/\/dicodusport.fr\/blog\/#\/schema\/person\/cce96fa88785bd8573e3d43078ac8c79\"},\"headline\":\"Judo &#8211; Grand Slam de Tachkent 2023 : Walide Khyar en bronze\",\"datePublished\":\"2023-03-03T13:51:17+00:00\",\"dateModified\":\"2023-03-03T13:52:38+00:00\",\"mainEntityOfPage\":{\"@id\":\"https:\/\/dicodusport.fr\/blog\/judo-grand-slam-de-tachkent-2023-walide-khyar-en-bronze\/\"},\"wordCount\":405,\"commentCount\":0,\"publisher\":{\"@id\":\"https:\/\/dicodusport.fr\/blog\/#organization\"},\"image\":{\"@id\":\"https:\/\/dicodusport.fr\/blog\/judo-grand-slam-de-tachkent-2023-walide-khyar-en-bronze\/#primaryimage\"},\"thumbnailUrl\":\"https:\/\/dicodusport.fr\/blog\/wp-content\/uploads\/2023\/03\/Judo-Grand-Slam-de-Tachkent-2023-Walide-Khyar-en-bronze.png\",\"keywords\":[\"br\u00e8ve\",\"Grand Slam de Tashkent\",\"Judo\",\"Maxime Gobert\",\"Walide Khyar\"],\"articleSection\":[\"Judo\"],\"inLanguage\":\"fr-FR\",\"potentialAction\":[{\"@type\":\"CommentAction\",\"name\":\"Comment\",\"target\":[\"https:\/\/dicodusport.fr\/blog\/judo-grand-slam-de-tachkent-2023-walide-khyar-en-bronze\/#respond\"]}],\"copyrightYear\":\"2023\",\"copyrightHolder\":{\"@id\":\"https:\/\/dicodusport.fr\/blog\/#organization\"}},{\"@type\":\"WebPage\",\"@id\":\"https:\/\/dicodusport.fr\/blog\/judo-grand-slam-de-tachkent-2023-walide-khyar-en-bronze\/\",\"url\":\"https:\/\/dicodusport.fr\/blog\/judo-grand-slam-de-tachkent-2023-walide-khyar-en-bronze\/\",\"name\":\"Judo - Grand Slam de Tachkent 2023 : Walide Khyar en bronze\",\"isPartOf\":{\"@id\":\"https:\/\/dicodusport.fr\/blog\/#website\"},\"primaryImageOfPage\":{\"@id\":\"https:\/\/dicodusport.fr\/blog\/judo-grand-slam-de-tachkent-2023-walide-khyar-en-bronze\/#primaryimage\"},\"image\":{\"@id\":\"https:\/\/dicodusport.fr\/blog\/judo-grand-slam-de-tachkent-2023-walide-khyar-en-bronze\/#primaryimage\"},\"thumbnailUrl\":\"https:\/\/dicodusport.fr\/blog\/wp-content\/uploads\/2023\/03\/Judo-Grand-Slam-de-Tachkent-2023-Walide-Khyar-en-bronze.png\",\"datePublished\":\"2023-03-03T13:51:17+00:00\",\"dateModified\":\"2023-03-03T13:52:38+00:00\",\"description\":\"JUDO - Lors de la premi\u00e8re journ\u00e9e du Grand Slam de Tachkent, Walide Khyar a d\u00e9croch\u00e9 la m\u00e9daille de bronze.\",\"breadcrumb\":{\"@id\":\"https:\/\/dicodusport.fr\/blog\/judo-grand-slam-de-tachkent-2023-walide-khyar-en-bronze\/#breadcrumb\"},\"inLanguage\":\"fr-FR\",\"potentialAction\":[{\"@type\":\"ReadAction\",\"target\":[\"https:\/\/dicodusport.fr\/blog\/judo-grand-slam-de-tachkent-2023-walide-khyar-en-bronze\/\"]}]},{\"@type\":\"ImageObject\",\"inLanguage\":\"fr-FR\",\"@id\":\"https:\/\/dicodusport.fr\/blog\/judo-grand-slam-de-tachkent-2023-walide-khyar-en-bronze\/#primaryimage\",\"url\":\"https:\/\/dicodusport.fr\/blog\/wp-content\/uploads\/2023\/03\/Judo-Grand-Slam-de-Tachkent-2023-Walide-Khyar-en-bronze.png\",\"contentUrl\":\"https:\/\/dicodusport.fr\/blog\/wp-content\/uploads\/2023\/03\/Judo-Grand-Slam-de-Tachkent-2023-Walide-Khyar-en-bronze.png\",\"width\":800,\"height\":445,\"caption\":\"Judo - Grand Slam de Tachkent 2023 Walide Khyar en bronze\"},{\"@type\":\"BreadcrumbList\",\"@id\":\"https:\/\/dicodusport.fr\/blog\/judo-grand-slam-de-tachkent-2023-walide-khyar-en-bronze\/#breadcrumb\",\"itemListElement\":[{\"@type\":\"ListItem\",\"position\":1,\"name\":\"Accueil\",\"item\":\"https:\/\/dicodusport.fr\/blog\/\"},{\"@type\":\"ListItem\",\"position\":2,\"name\":\"Judo &#8211; Grand Slam de Tachkent 2023 : Walide Khyar en bronze\"}]},{\"@type\":\"WebSite\",\"@id\":\"https:\/\/dicodusport.fr\/blog\/#website\",\"url\":\"https:\/\/dicodusport.fr\/blog\/\",\"name\":\"Dicodusport\",\"description\":\"L&#039;encyclop\u00e9die de l&#039;actualit\u00e9 sportive\",\"publisher\":{\"@id\":\"https:\/\/dicodusport.fr\/blog\/#organization\"},\"potentialAction\":[{\"@type\":\"SearchAction\",\"target\":{\"@type\":\"EntryPoint\",\"urlTemplate\":\"https:\/\/dicodusport.fr\/blog\/?s={search_term_string}\"},\"query-input\":{\"@type\":\"PropertyValueSpecification\",\"valueRequired\":true,\"valueName\":\"search_term_string\"}}],\"inLanguage\":\"fr-FR\"},{\"@type\":\"NewsMediaOrganization\",\"@id\":\"https:\/\/dicodusport.fr\/blog\/#organization\",\"name\":\"Dicodusport\",\"url\":\"https:\/\/dicodusport.fr\/blog\/\",\"logo\":{\"@type\":\"ImageObject\",\"inLanguage\":\"fr-FR\",\"@id\":\"https:\/\/dicodusport.fr\/blog\/#\/schema\/logo\/image\/\",\"url\":\"https:\/\/dicodusport.fr\/blog\/wp-content\/uploads\/2020\/06\/cropped-LOGO-DICODUSPORT-2020-SANS-FOND-SANS-TEXTE.png\",\"contentUrl\":\"https:\/\/dicodusport.fr\/blog\/wp-content\/uploads\/2020\/06\/cropped-LOGO-DICODUSPORT-2020-SANS-FOND-SANS-TEXTE.png\",\"width\":512,\"height\":512,\"caption\":\"Dicodusport\"},\"image\":{\"@id\":\"https:\/\/dicodusport.fr\/blog\/#\/schema\/logo\/image\/\"},\"sameAs\":[\"https:\/\/www.facebook.com\/dicodusport\",\"https:\/\/x.com\/dicodusport\",\"https:\/\/www.instagram.com\/dicodusport\/\",\"https:\/\/www.youtube.com\/channel\/UC7V2KZ5sd3htJivAbA4ZG3w\"],\"description\":\"Dicodusport est l'encyclop\u00e9die de l'actualit\u00e9 sportive.\",\"email\":\"bonjour@dicodusport.fr\",\"legalName\":\"DICODUSPORT\",\"foundingDate\":\"2018-01-14\",\"vatID\":\"FR71834470973\",\"taxID\":\"83447097300043\",\"numberOfEmployees\":{\"@type\":\"QuantitativeValue\",\"minValue\":\"1\",\"maxValue\":\"10\"}},{\"@type\":\"Person\",\"@id\":\"https:\/\/dicodusport.fr\/blog\/#\/schema\/person\/cce96fa88785bd8573e3d43078ac8c79\",\"name\":\"Arlette Yeye\",\"image\":{\"@type\":\"ImageObject\",\"inLanguage\":\"fr-FR\",\"@id\":\"https:\/\/dicodusport.fr\/blog\/#\/schema\/person\/image\/\",\"url\":\"https:\/\/secure.gravatar.com\/avatar\/dca4a6239e6d708e46c45d60e160de6c?s=96&d=wp_user_avatar&r=g\",\"contentUrl\":\"https:\/\/secure.gravatar.com\/avatar\/dca4a6239e6d708e46c45d60e160de6c?s=96&d=wp_user_avatar&r=g\",\"caption\":\"Arlette Yeye\"},\"description\":\"Journaliste\/r\u00e9dactrice depuis septembre 2015 - Supportrice de Chelsea, j'ai pour sports de pr\u00e9dilection le handball, l'athl\u00e9tisme et le tennis. Si je tweete plus vite que mon ombre, vous pouvez aussi me retrouver les week-ends sur les playgrounds de Bruxelles pour un petit foot ou basket entre potes. Parcourir la France, l'Europe et plus si affinit\u00e9s pour suivre mes sportifs pr\u00e9f\u00e9r\u00e9s ? Mon kif ! Et c'est avec plaisir que je partage les r\u00e9sultats des sports populaires mais \u00e9galement plus confidentiels pour Dicodusport.\",\"sameAs\":[\"https:\/\/x.com\/https:\/\/twitter.com\/Shiclette94\"],\"url\":\"https:\/\/dicodusport.fr\/blog\/author\/arlette\/\"}]}<\/script>\n<!-- \/ Yoast SEO Premium plugin. -->","yoast_head_json":{"title":"Judo - Grand Slam de Tachkent 2023 : Walide Khyar en bronze","description":"JUDO - Lors de la premi\u00e8re journ\u00e9e du Grand Slam de Tachkent, Walide Khyar a d\u00e9croch\u00e9 la m\u00e9daille de bronze.","robots":{"index":"index","follow":"follow","max-snippet":"max-snippet:-1","max-image-preview":"max-image-preview:large","max-video-preview":"max-video-preview:-1"},"canonical":"https:\/\/dicodusport.fr\/blog\/judo-grand-slam-de-tachkent-2023-walide-khyar-en-bronze\/","og_locale":"fr_FR","og_type":"article","og_title":"Judo - Grand Slam de Tachkent 2023 : Walide Khyar en bronze","og_description":"JUDO - Lors de la premi\u00e8re journ\u00e9e du Grand Slam de Tachkent, Walide Khyar a d\u00e9croch\u00e9 la m\u00e9daille de bronze.","og_url":"https:\/\/dicodusport.fr\/blog\/judo-grand-slam-de-tachkent-2023-walide-khyar-en-bronze\/","og_site_name":"Dicodusport","article_publisher":"https:\/\/www.facebook.com\/dicodusport","article_published_time":"2023-03-03T13:51:17+00:00","article_modified_time":"2023-03-03T13:52:38+00:00","og_image":[{"width":800,"height":445,"url":"https:\/\/dicodusport.fr\/blog\/wp-content\/uploads\/2023\/03\/Judo-Grand-Slam-de-Tachkent-2023-Walide-Khyar-en-bronze.png","type":"image\/png"}],"author":"Arlette Yeye","twitter_card":"summary_large_image","twitter_title":"Judo - Grand Slam de Tachkent 2023 : Walide Khyar en bronze","twitter_creator":"@https:\/\/twitter.com\/Shiclette94","twitter_site":"@dicodusport","schema":{"@context":"https:\/\/schema.org","@graph":[{"@type":"NewsArticle","@id":"https:\/\/dicodusport.fr\/blog\/judo-grand-slam-de-tachkent-2023-walide-khyar-en-bronze\/#article","isPartOf":{"@id":"https:\/\/dicodusport.fr\/blog\/judo-grand-slam-de-tachkent-2023-walide-khyar-en-bronze\/"},"author":{"name":"Arlette Yeye","@id":"https:\/\/dicodusport.fr\/blog\/#\/schema\/person\/cce96fa88785bd8573e3d43078ac8c79"},"headline":"Judo &#8211; Grand Slam de Tachkent 2023 : Walide Khyar en bronze","datePublished":"2023-03-03T13:51:17+00:00","dateModified":"2023-03-03T13:52:38+00:00","mainEntityOfPage":{"@id":"https:\/\/dicodusport.fr\/blog\/judo-grand-slam-de-tachkent-2023-walide-khyar-en-bronze\/"},"wordCount":405,"commentCount":0,"publisher":{"@id":"https:\/\/dicodusport.fr\/blog\/#organization"},"image":{"@id":"https:\/\/dicodusport.fr\/blog\/judo-grand-slam-de-tachkent-2023-walide-khyar-en-bronze\/#primaryimage"},"thumbnailUrl":"https:\/\/dicodusport.fr\/blog\/wp-content\/uploads\/2023\/03\/Judo-Grand-Slam-de-Tachkent-2023-Walide-Khyar-en-bronze.png","keywords":["br\u00e8ve","Grand Slam de Tashkent","Judo","Maxime Gobert","Walide Khyar"],"articleSection":["Judo"],"inLanguage":"fr-FR","potentialAction":[{"@type":"CommentAction","name":"Comment","target":["https:\/\/dicodusport.fr\/blog\/judo-grand-slam-de-tachkent-2023-walide-khyar-en-bronze\/#respond"]}],"copyrightYear":"2023","copyrightHolder":{"@id":"https:\/\/dicodusport.fr\/blog\/#organization"}},{"@type":"WebPage","@id":"https:\/\/dicodusport.fr\/blog\/judo-grand-slam-de-tachkent-2023-walide-khyar-en-bronze\/","url":"https:\/\/dicodusport.fr\/blog\/judo-grand-slam-de-tachkent-2023-walide-khyar-en-bronze\/","name":"Judo - Grand Slam de Tachkent 2023 : Walide Khyar en bronze","isPartOf":{"@id":"https:\/\/dicodusport.fr\/blog\/#website"},"primaryImageOfPage":{"@id":"https:\/\/dicodusport.fr\/blog\/judo-grand-slam-de-tachkent-2023-walide-khyar-en-bronze\/#primaryimage"},"image":{"@id":"https:\/\/dicodusport.fr\/blog\/judo-grand-slam-de-tachkent-2023-walide-khyar-en-bronze\/#primaryimage"},"thumbnailUrl":"https:\/\/dicodusport.fr\/blog\/wp-content\/uploads\/2023\/03\/Judo-Grand-Slam-de-Tachkent-2023-Walide-Khyar-en-bronze.png","datePublished":"2023-03-03T13:51:17+00:00","dateModified":"2023-03-03T13:52:38+00:00","description":"JUDO - Lors de la premi\u00e8re journ\u00e9e du Grand Slam de Tachkent, Walide Khyar a d\u00e9croch\u00e9 la m\u00e9daille de bronze.","breadcrumb":{"@id":"https:\/\/dicodusport.fr\/blog\/judo-grand-slam-de-tachkent-2023-walide-khyar-en-bronze\/#breadcrumb"},"inLanguage":"fr-FR","potentialAction":[{"@type":"ReadAction","target":["https:\/\/dicodusport.fr\/blog\/judo-grand-slam-de-tachkent-2023-walide-khyar-en-bronze\/"]}]},{"@type":"ImageObject","inLanguage":"fr-FR","@id":"https:\/\/dicodusport.fr\/blog\/judo-grand-slam-de-tachkent-2023-walide-khyar-en-bronze\/#primaryimage","url":"https:\/\/dicodusport.fr\/blog\/wp-content\/uploads\/2023\/03\/Judo-Grand-Slam-de-Tachkent-2023-Walide-Khyar-en-bronze.png","contentUrl":"https:\/\/dicodusport.fr\/blog\/wp-content\/uploads\/2023\/03\/Judo-Grand-Slam-de-Tachkent-2023-Walide-Khyar-en-bronze.png","width":800,"height":445,"caption":"Judo - Grand Slam de Tachkent 2023 Walide Khyar en bronze"},{"@type":"BreadcrumbList","@id":"https:\/\/dicodusport.fr\/blog\/judo-grand-slam-de-tachkent-2023-walide-khyar-en-bronze\/#breadcrumb","itemListElement":[{"@type":"ListItem","position":1,"name":"Accueil","item":"https:\/\/dicodusport.fr\/blog\/"},{"@type":"ListItem","position":2,"name":"Judo &#8211; Grand Slam de Tachkent 2023 : Walide Khyar en bronze"}]},{"@type":"WebSite","@id":"https:\/\/dicodusport.fr\/blog\/#website","url":"https:\/\/dicodusport.fr\/blog\/","name":"Dicodusport","description":"L&#039;encyclop\u00e9die de l&#039;actualit\u00e9 sportive","publisher":{"@id":"https:\/\/dicodusport.fr\/blog\/#organization"},"potentialAction":[{"@type":"SearchAction","target":{"@type":"EntryPoint","urlTemplate":"https:\/\/dicodusport.fr\/blog\/?s={search_term_string}"},"query-input":{"@type":"PropertyValueSpecification","valueRequired":true,"valueName":"search_term_string"}}],"inLanguage":"fr-FR"},{"@type":"NewsMediaOrganization","@id":"https:\/\/dicodusport.fr\/blog\/#organization","name":"Dicodusport","url":"https:\/\/dicodusport.fr\/blog\/","logo":{"@type":"ImageObject","inLanguage":"fr-FR","@id":"https:\/\/dicodusport.fr\/blog\/#\/schema\/logo\/image\/","url":"https:\/\/dicodusport.fr\/blog\/wp-content\/uploads\/2020\/06\/cropped-LOGO-DICODUSPORT-2020-SANS-FOND-SANS-TEXTE.png","contentUrl":"https:\/\/dicodusport.fr\/blog\/wp-content\/uploads\/2020\/06\/cropped-LOGO-DICODUSPORT-2020-SANS-FOND-SANS-TEXTE.png","width":512,"height":512,"caption":"Dicodusport"},"image":{"@id":"https:\/\/dicodusport.fr\/blog\/#\/schema\/logo\/image\/"},"sameAs":["https:\/\/www.facebook.com\/dicodusport","https:\/\/x.com\/dicodusport","https:\/\/www.instagram.com\/dicodusport\/","https:\/\/www.youtube.com\/channel\/UC7V2KZ5sd3htJivAbA4ZG3w"],"description":"Dicodusport est l'encyclop\u00e9die de l'actualit\u00e9 sportive.","email":"bonjour@dicodusport.fr","legalName":"DICODUSPORT","foundingDate":"2018-01-14","vatID":"FR71834470973","taxID":"83447097300043","numberOfEmployees":{"@type":"QuantitativeValue","minValue":"1","maxValue":"10"}},{"@type":"Person","@id":"https:\/\/dicodusport.fr\/blog\/#\/schema\/person\/cce96fa88785bd8573e3d43078ac8c79","name":"Arlette Yeye","image":{"@type":"ImageObject","inLanguage":"fr-FR","@id":"https:\/\/dicodusport.fr\/blog\/#\/schema\/person\/image\/","url":"https:\/\/secure.gravatar.com\/avatar\/dca4a6239e6d708e46c45d60e160de6c?s=96&d=wp_user_avatar&r=g","contentUrl":"https:\/\/secure.gravatar.com\/avatar\/dca4a6239e6d708e46c45d60e160de6c?s=96&d=wp_user_avatar&r=g","caption":"Arlette Yeye"},"description":"Journaliste\/r\u00e9dactrice depuis septembre 2015 - Supportrice de Chelsea, j'ai pour sports de pr\u00e9dilection le handball, l'athl\u00e9tisme et le tennis. Si je tweete plus vite que mon ombre, vous pouvez aussi me retrouver les week-ends sur les playgrounds de Bruxelles pour un petit foot ou basket entre potes. Parcourir la France, l'Europe et plus si affinit\u00e9s pour suivre mes sportifs pr\u00e9f\u00e9r\u00e9s ? Mon kif ! Et c'est avec plaisir que je partage les r\u00e9sultats des sports populaires mais \u00e9galement plus confidentiels pour Dicodusport.","sameAs":["https:\/\/x.com\/https:\/\/twitter.com\/Shiclette94"],"url":"https:\/\/dicodusport.fr\/blog\/author\/arlette\/"}]}},"_links":{"self":[{"href":"https:\/\/dicodusport.fr\/blog\/wp-json\/wp\/v2\/posts\/361231","targetHints":{"allow":["GET"]}}],"collection":[{"href":"https:\/\/dicodusport.fr\/blog\/wp-json\/wp\/v2\/posts"}],"about":[{"href":"https:\/\/dicodusport.fr\/blog\/wp-json\/wp\/v2\/types\/post"}],"author":[{"embeddable":true,"href":"https:\/\/dicodusport.fr\/blog\/wp-json\/wp\/v2\/users\/12"}],"replies":[{"embeddable":true,"href":"https:\/\/dicodusport.fr\/blog\/wp-json\/wp\/v2\/comments?post=361231"}],"version-history":[{"count":0,"href":"https:\/\/dicodusport.fr\/blog\/wp-json\/wp\/v2\/posts\/361231\/revisions"}],"wp:featuredmedia":[{"embeddable":true,"href":"https:\/\/dicodusport.fr\/blog\/wp-json\/wp\/v2\/media\/361283"}],"wp:attachment":[{"href":"https:\/\/dicodusport.fr\/blog\/wp-json\/wp\/v2\/media?parent=361231"}],"wp:term":[{"taxonomy":"category","embeddable":true,"href":"https:\/\/dicodusport.fr\/blog\/wp-json\/wp\/v2\/categories?post=361231"},{"taxonomy":"post_tag","embeddable":true,"href":"https:\/\/dicodusport.fr\/blog\/wp-json\/wp\/v2\/tags?post=361231"}],"curies":[{"name":"wp","href":"https:\/\/api.w.org\/{rel}","templated":true}]}}