{"id":361281,"date":"2023-03-04T15:46:14","date_gmt":"2023-03-04T14:46:14","guid":{"rendered":"https:\/\/dicodusport.fr\/blog\/?p=361281&#038;preview=true&#038;preview_id=361281"},"modified":"2023-03-10T17:50:50","modified_gmt":"2023-03-10T16:50:50","slug":"jon-jones-ciryl-gane-a-quelle-heure-et-sur-quelle-chaine-ufc-285","status":"publish","type":"post","link":"https:\/\/dicodusport.fr\/blog\/jon-jones-ciryl-gane-a-quelle-heure-et-sur-quelle-chaine-ufc-285\/","title":{"rendered":"Jon Jones &#8211; Ciryl Gane : \u00c0 quelle heure et sur quelle cha\u00eene l&rsquo;UFC 285"},"content":{"rendered":"<p style=\"text-align: justify;\"><strong><em>UFC 285 &#8211; L&rsquo;UFC 285 se d\u00e9roule dans la nuit de samedi \u00e0 dimanche avec le combat de Ciryl Gane en main event. D\u00e9couvrez le programme TV.<\/em><\/strong><\/p>\n<p style=\"text-align: justify;\"><strong>Ciryl<\/strong> <strong>Gane<\/strong> fait son retour dans la cage de l&rsquo;UFC pour la ceinture des lourds laiss\u00e9e vacante par <strong>Francis<\/strong> <strong>Ngannou<\/strong>. <a href=\"https:\/\/dicodusport.fr\/blog\/mma-francis-ngannou-domine-ciryl-gane-tous-les-resultats-de-lufc-270\/\">Battu par le Camerounais il y a un peu plus d&rsquo;un an<\/a>, le Fran\u00e7ais a entre-temps renou\u00e9 avec la victoire lors de l&rsquo;UFC Paris. <a href=\"https:\/\/dicodusport.fr\/blog\/video-limpressionnant-ko-inflige-par-cyril-gane-a-tai-tuivasa\/\"><strong>Gane<\/strong> \u00e9tait venu \u00e0 bout de <strong>Tai<\/strong> <strong>Tuivasa<\/strong><\/a> et avait port\u00e9 son bilan \u00e0 11 victoires pour une d\u00e9faite chez les professionnels.<\/p>\n<p style=\"text-align: justify;\"><strong>Jon<\/strong> <strong>Jones<\/strong>, un monstre de l&rsquo;<strong>UFC<\/strong>, se dresse sur la route du Tricolore. \u00c0 35 ans, l&rsquo;Am\u00e9ricain compte 26 victoires pour une d\u00e9faite et un match nul, mais n&rsquo;a jamais \u00e9t\u00e9 vaincu \u00e0 l&rsquo;UFC. Ses combats face \u00e0 <strong>Daniel<\/strong> <strong>Cormier<\/strong> ont \u00e9t\u00e9 \u00e9piques il y a quelques ann\u00e9es. Les derniers combattants battus par <strong>Jon Jones<\/strong> entre 2019 et 2020 sont <strong>Dominick Reyes,<\/strong> <strong>Thiago<\/strong> <strong>Santos<\/strong> et <strong>Anthony<\/strong> <strong>Smith<\/strong>.<\/p>\n<p style=\"text-align: justify;\">Le combat entre <strong>Jon<\/strong> <strong>Jones<\/strong> et <strong>Ciryl<\/strong> <strong>Gane<\/strong> est le dernier de la carte principale, le <em>main event,<\/em> et devrait commencer vers 6h du matin dimanche. Pour voir <strong>l&rsquo;UFC<\/strong> 285, il faut \u00eatre abonn\u00e9 \u00e0 <strong>RMC Sport<\/strong>. Chez les bookmakers, <strong>Jones<\/strong> <strong>Jones<\/strong> est largement favori face au Fran\u00e7ais de 32 ans.<\/p>\n<h2 style=\"text-align: justify;\">Carte principale de l&rsquo;UFC 285<\/h2>\n<p style=\"text-align: justify;\">Bo Nickal (USA) \/ Jamie Pickett (USA)<\/p>\n<p style=\"text-align: justify;\">Mateusz Gamrot (Pologne) \/ Jalin Turner (USA)<\/p>\n<p style=\"text-align: justify;\">Geoff Neal (USA) \/ Shavkat Rakhmonov (Kazakhstan)<\/p>\n<p style=\"text-align: justify;\">Valentina Shevchenko (Kirghizstan) \/ Alexa Grasso (Mexique)<\/p>\n<p style=\"text-align: justify;\"><strong>Jon Jones (USA) \/ Ciryl Gane (France)<\/strong><\/p>\n<h2 style=\"text-align: justify;\">UFC 285 : Le Programme TV de Jon Jones &#8211; Ciryl Gane<\/h2>\n<h3 style=\"text-align: justify;\">Dimanche 5 mars<\/h3>\n<p style=\"text-align: justify;\"><strong>RMC SPORT 2<\/strong><\/p>\n<p style=\"text-align: justify;\">4h00 : D\u00e9but de la carte principale UFC 285<br \/>\nVers 6h-6h15 : Jon Jones &#8211; Ciryl Gane<\/p>\n<h2 style=\"text-align: justify;\">Les cotes de Jon Jones &#8211; Ciryl Gane<\/h2>\n<table style=\"width: 800px;\">\n<tbody>\n<tr style=\"height: 16px;\">\n<td style=\"background-color: #404040; text-align: left; border-color: #ededed; width: 532px;\" colspan=\"2\"><span style=\"font-size: 12px; color: #ffffff;\">Dimanche 5 mars, 06h00<\/span><\/td>\n<\/tr>\n<tr style=\"height: 24px;\">\n<td style=\"background-color: #ffffff; border-color: #ededed; vertical-align: middle; text-align: center; width: 400px;\"><span style=\"font-size: 10px;\"><span style=\"font-size: 14px;\"><strong>Jon Jones<\/strong><\/span><br \/>\n<a href=\"https:\/\/www.winamax.fr\/paris-sportifs\/match\/38535585?banid=33423\" class=\"su-button su-button-style-flat su-button-wide\" style=\"color:#fff;background-color:#013369;border-color:#012954;border-radius:5px\" target=\"_blank\" rel=\"noopener noreferrer\"><span style=\"color:#fff;padding:0px 20px;font-size:16px;line-height:32px;border-color:#4e7196;border-radius:5px;text-shadow:none\"> 1.58<\/span><\/a><\/span><\/td>\n<td style=\"background-color: #ffffff; border-color: #ededed; vertical-align: middle; text-align: center; width: 400px;\"><span style=\"font-size: 10px;\"><span style=\"font-size: 14px;\"><strong>Ciryl Gane<\/strong><\/span><br \/>\n<a href=\"https:\/\/www.winamax.fr\/paris-sportifs\/match\/38535585?banid=33423\" class=\"su-button su-button-style-flat su-button-wide\" style=\"color:#fff;background-color:#013369;border-color:#012954;border-radius:5px\" target=\"_blank\" rel=\"noopener noreferrer\"><span style=\"color:#fff;padding:0px 20px;font-size:16px;line-height:32px;border-color:#4e7196;border-radius:5px;text-shadow:none\"> 2.35<\/span><\/a><\/span><\/td>\n<\/tr>\n<\/tbody>\n<\/table>\n<p style=\"text-align: justify;\">Tentez votre chance en profitant de votre <a href=\"https:\/\/www.winamax.fr\/registration\/landing\/affiliation_Bonus100?banid=33423\">1er d\u00e9p\u00f4t doubl\u00e9 jusqu&rsquo;\u00e0 100 \u20ac<\/a> direct en paris gratuits sur Winamax !<\/p>\n","protected":false},"excerpt":{"rendered":"<p>UFC 285 &#8211; L&rsquo;UFC 285 se d\u00e9roule dans la nuit de samedi \u00e0 dimanche avec le combat de Ciryl Gane en main event. D\u00e9couvrez le programme TV.<\/p>\n","protected":false},"author":1,"featured_media":361298,"comment_status":"open","ping_status":"closed","sticky":false,"template":"","format":"standard","meta":{"_acf_changed":false,"_daextam_enable_autolinks":"","footnotes":""},"categories":[10666],"tags":[16878,14125,10837,8799,1224,30063],"class_list":["post-361281","post","type-post","status-publish","format-standard","has-post-thumbnail","hentry","category-mma","tag-breve","tag-ciryl-gane","tag-jon-jones","tag-programme-tv","tag-ufc","tag-ufc-285"],"acf":[],"yoast_head":"<!-- This site is optimized with the Yoast SEO Premium plugin v26.7 (Yoast SEO v26.7) - https:\/\/yoast.com\/wordpress\/plugins\/seo\/ -->\n<title>Jon Jones - Ciryl Gane : \u00c0 quelle heure et sur quelle cha\u00eene l&#039;UFC 285<\/title>\n<meta name=\"description\" content=\"UFC 285 - L&#039;UFC 285 se d\u00e9roule dans la nuit de samedi \u00e0 dimanche avec le combat de Ciryl Gane en main event. D\u00e9couvrez le programme TV.\" \/>\n<meta name=\"robots\" content=\"index, follow, max-snippet:-1, max-image-preview:large, max-video-preview:-1\" \/>\n<link rel=\"canonical\" href=\"https:\/\/dicodusport.fr\/blog\/jon-jones-ciryl-gane-a-quelle-heure-et-sur-quelle-chaine-ufc-285\/\" \/>\n<meta property=\"og:locale\" content=\"fr_FR\" \/>\n<meta property=\"og:type\" content=\"article\" \/>\n<meta property=\"og:title\" content=\"Jon Jones - Ciryl Gane : \u00c0 quelle heure et sur quelle cha\u00eene l&#039;UFC 285\" \/>\n<meta property=\"og:description\" content=\"UFC 285 - L&#039;UFC 285 se d\u00e9roule dans la nuit de samedi \u00e0 dimanche avec le combat de Ciryl Gane en main event. D\u00e9couvrez le programme TV.\" \/>\n<meta property=\"og:url\" content=\"https:\/\/dicodusport.fr\/blog\/jon-jones-ciryl-gane-a-quelle-heure-et-sur-quelle-chaine-ufc-285\/\" \/>\n<meta property=\"og:site_name\" content=\"Dicodusport\" \/>\n<meta property=\"article:publisher\" content=\"https:\/\/www.facebook.com\/dicodusport\" \/>\n<meta property=\"article:author\" content=\"https:\/\/www.facebook.com\/dicodusport\" \/>\n<meta property=\"article:published_time\" content=\"2023-03-04T14:46:14+00:00\" \/>\n<meta property=\"article:modified_time\" content=\"2023-03-10T16:50:50+00:00\" \/>\n<meta property=\"og:image\" content=\"https:\/\/dicodusport.fr\/blog\/wp-content\/uploads\/2023\/03\/Jon-Jones-Ciryl-Gane-A-quelle-heure-et-sur-quelle-chaine-lUFC-285.png\" \/>\n\t<meta property=\"og:image:width\" content=\"800\" \/>\n\t<meta property=\"og:image:height\" content=\"445\" \/>\n\t<meta property=\"og:image:type\" content=\"image\/png\" \/>\n<meta name=\"author\" content=\"Nicolas Jacquemard\" \/>\n<meta name=\"twitter:card\" content=\"summary_large_image\" \/>\n<meta name=\"twitter:title\" content=\"Jon Jones - Ciryl Gane : \u00c0 quelle heure et sur quelle cha\u00eene l&#039;UFC 285\" \/>\n<meta name=\"twitter:creator\" content=\"@https:\/\/twitter.com\/Nico_Jacquemard\" \/>\n<meta name=\"twitter:site\" content=\"@dicodusport\" \/>\n<script type=\"application\/ld+json\" class=\"yoast-schema-graph\">{\"@context\":\"https:\/\/schema.org\",\"@graph\":[{\"@type\":\"NewsArticle\",\"@id\":\"https:\/\/dicodusport.fr\/blog\/jon-jones-ciryl-gane-a-quelle-heure-et-sur-quelle-chaine-ufc-285\/#article\",\"isPartOf\":{\"@id\":\"https:\/\/dicodusport.fr\/blog\/jon-jones-ciryl-gane-a-quelle-heure-et-sur-quelle-chaine-ufc-285\/\"},\"author\":{\"name\":\"Nicolas Jacquemard\",\"@id\":\"https:\/\/dicodusport.fr\/blog\/#\/schema\/person\/55dcb50ad410894e431ed812bbb70191\"},\"headline\":\"Jon Jones &#8211; Ciryl Gane : \u00c0 quelle heure et sur quelle cha\u00eene l&rsquo;UFC 285\",\"datePublished\":\"2023-03-04T14:46:14+00:00\",\"dateModified\":\"2023-03-10T16:50:50+00:00\",\"mainEntityOfPage\":{\"@id\":\"https:\/\/dicodusport.fr\/blog\/jon-jones-ciryl-gane-a-quelle-heure-et-sur-quelle-chaine-ufc-285\/\"},\"wordCount\":372,\"commentCount\":0,\"publisher\":{\"@id\":\"https:\/\/dicodusport.fr\/blog\/#organization\"},\"image\":{\"@id\":\"https:\/\/dicodusport.fr\/blog\/jon-jones-ciryl-gane-a-quelle-heure-et-sur-quelle-chaine-ufc-285\/#primaryimage\"},\"thumbnailUrl\":\"https:\/\/dicodusport.fr\/blog\/wp-content\/uploads\/2023\/03\/Jon-Jones-Ciryl-Gane-A-quelle-heure-et-sur-quelle-chaine-lUFC-285.png\",\"keywords\":[\"br\u00e8ve\",\"Ciryl Gane\",\"Jon Jones\",\"Programme TV\",\"UFC\",\"UFC 285\"],\"articleSection\":[\"MMA\"],\"inLanguage\":\"fr-FR\",\"potentialAction\":[{\"@type\":\"CommentAction\",\"name\":\"Comment\",\"target\":[\"https:\/\/dicodusport.fr\/blog\/jon-jones-ciryl-gane-a-quelle-heure-et-sur-quelle-chaine-ufc-285\/#respond\"]}],\"copyrightYear\":\"2023\",\"copyrightHolder\":{\"@id\":\"https:\/\/dicodusport.fr\/blog\/#organization\"}},{\"@type\":\"WebPage\",\"@id\":\"https:\/\/dicodusport.fr\/blog\/jon-jones-ciryl-gane-a-quelle-heure-et-sur-quelle-chaine-ufc-285\/\",\"url\":\"https:\/\/dicodusport.fr\/blog\/jon-jones-ciryl-gane-a-quelle-heure-et-sur-quelle-chaine-ufc-285\/\",\"name\":\"Jon Jones - Ciryl Gane : \u00c0 quelle heure et sur quelle cha\u00eene l'UFC 285\",\"isPartOf\":{\"@id\":\"https:\/\/dicodusport.fr\/blog\/#website\"},\"primaryImageOfPage\":{\"@id\":\"https:\/\/dicodusport.fr\/blog\/jon-jones-ciryl-gane-a-quelle-heure-et-sur-quelle-chaine-ufc-285\/#primaryimage\"},\"image\":{\"@id\":\"https:\/\/dicodusport.fr\/blog\/jon-jones-ciryl-gane-a-quelle-heure-et-sur-quelle-chaine-ufc-285\/#primaryimage\"},\"thumbnailUrl\":\"https:\/\/dicodusport.fr\/blog\/wp-content\/uploads\/2023\/03\/Jon-Jones-Ciryl-Gane-A-quelle-heure-et-sur-quelle-chaine-lUFC-285.png\",\"datePublished\":\"2023-03-04T14:46:14+00:00\",\"dateModified\":\"2023-03-10T16:50:50+00:00\",\"description\":\"UFC 285 - L'UFC 285 se d\u00e9roule dans la nuit de samedi \u00e0 dimanche avec le combat de Ciryl Gane en main event. D\u00e9couvrez le programme TV.\",\"breadcrumb\":{\"@id\":\"https:\/\/dicodusport.fr\/blog\/jon-jones-ciryl-gane-a-quelle-heure-et-sur-quelle-chaine-ufc-285\/#breadcrumb\"},\"inLanguage\":\"fr-FR\",\"potentialAction\":[{\"@type\":\"ReadAction\",\"target\":[\"https:\/\/dicodusport.fr\/blog\/jon-jones-ciryl-gane-a-quelle-heure-et-sur-quelle-chaine-ufc-285\/\"]}]},{\"@type\":\"ImageObject\",\"inLanguage\":\"fr-FR\",\"@id\":\"https:\/\/dicodusport.fr\/blog\/jon-jones-ciryl-gane-a-quelle-heure-et-sur-quelle-chaine-ufc-285\/#primaryimage\",\"url\":\"https:\/\/dicodusport.fr\/blog\/wp-content\/uploads\/2023\/03\/Jon-Jones-Ciryl-Gane-A-quelle-heure-et-sur-quelle-chaine-lUFC-285.png\",\"contentUrl\":\"https:\/\/dicodusport.fr\/blog\/wp-content\/uploads\/2023\/03\/Jon-Jones-Ciryl-Gane-A-quelle-heure-et-sur-quelle-chaine-lUFC-285.png\",\"width\":800,\"height\":445},{\"@type\":\"BreadcrumbList\",\"@id\":\"https:\/\/dicodusport.fr\/blog\/jon-jones-ciryl-gane-a-quelle-heure-et-sur-quelle-chaine-ufc-285\/#breadcrumb\",\"itemListElement\":[{\"@type\":\"ListItem\",\"position\":1,\"name\":\"Accueil\",\"item\":\"https:\/\/dicodusport.fr\/blog\/\"},{\"@type\":\"ListItem\",\"position\":2,\"name\":\"Jon Jones &#8211; Ciryl Gane : \u00c0 quelle heure et sur quelle cha\u00eene l&rsquo;UFC 285\"}]},{\"@type\":\"WebSite\",\"@id\":\"https:\/\/dicodusport.fr\/blog\/#website\",\"url\":\"https:\/\/dicodusport.fr\/blog\/\",\"name\":\"Dicodusport\",\"description\":\"L&#039;encyclop\u00e9die de l&#039;actualit\u00e9 sportive\",\"publisher\":{\"@id\":\"https:\/\/dicodusport.fr\/blog\/#organization\"},\"potentialAction\":[{\"@type\":\"SearchAction\",\"target\":{\"@type\":\"EntryPoint\",\"urlTemplate\":\"https:\/\/dicodusport.fr\/blog\/?s={search_term_string}\"},\"query-input\":{\"@type\":\"PropertyValueSpecification\",\"valueRequired\":true,\"valueName\":\"search_term_string\"}}],\"inLanguage\":\"fr-FR\"},{\"@type\":\"NewsMediaOrganization\",\"@id\":\"https:\/\/dicodusport.fr\/blog\/#organization\",\"name\":\"Dicodusport\",\"url\":\"https:\/\/dicodusport.fr\/blog\/\",\"logo\":{\"@type\":\"ImageObject\",\"inLanguage\":\"fr-FR\",\"@id\":\"https:\/\/dicodusport.fr\/blog\/#\/schema\/logo\/image\/\",\"url\":\"https:\/\/dicodusport.fr\/blog\/wp-content\/uploads\/2020\/06\/cropped-LOGO-DICODUSPORT-2020-SANS-FOND-SANS-TEXTE.png\",\"contentUrl\":\"https:\/\/dicodusport.fr\/blog\/wp-content\/uploads\/2020\/06\/cropped-LOGO-DICODUSPORT-2020-SANS-FOND-SANS-TEXTE.png\",\"width\":512,\"height\":512,\"caption\":\"Dicodusport\"},\"image\":{\"@id\":\"https:\/\/dicodusport.fr\/blog\/#\/schema\/logo\/image\/\"},\"sameAs\":[\"https:\/\/www.facebook.com\/dicodusport\",\"https:\/\/x.com\/dicodusport\",\"https:\/\/www.instagram.com\/dicodusport\/\",\"https:\/\/www.youtube.com\/channel\/UC7V2KZ5sd3htJivAbA4ZG3w\"],\"description\":\"Dicodusport est l'encyclop\u00e9die de l'actualit\u00e9 sportive.\",\"email\":\"bonjour@dicodusport.fr\",\"legalName\":\"DICODUSPORT\",\"foundingDate\":\"2018-01-14\",\"vatID\":\"FR71834470973\",\"taxID\":\"83447097300043\",\"numberOfEmployees\":{\"@type\":\"QuantitativeValue\",\"minValue\":\"1\",\"maxValue\":\"10\"}},{\"@type\":\"Person\",\"@id\":\"https:\/\/dicodusport.fr\/blog\/#\/schema\/person\/55dcb50ad410894e431ed812bbb70191\",\"name\":\"Nicolas Jacquemard\",\"image\":{\"@type\":\"ImageObject\",\"inLanguage\":\"fr-FR\",\"@id\":\"https:\/\/dicodusport.fr\/blog\/#\/schema\/person\/image\/\",\"url\":\"https:\/\/dicodusport.fr\/blog\/wp-content\/uploads\/2021\/05\/Nicolas-Jacquemard-150x150.jpeg\",\"contentUrl\":\"https:\/\/dicodusport.fr\/blog\/wp-content\/uploads\/2021\/05\/Nicolas-Jacquemard-150x150.jpeg\",\"caption\":\"Nicolas Jacquemard\"},\"description\":\"Passionn\u00e9 de sport et entrepreneur depuis mes 18 ans, la cr\u00e9ation de Dicodusport m'a sembl\u00e9 \u00e9vidente pour participer \u00e0 la m\u00e9diatisation d'un plus grand nombre de sports. Le chemin est long mais avec une \u00e9quipe des plus motiv\u00e9es et les Jeux Olympiques de Paris 2024 en point de mire, nous y arriverons ! Journaliste dans le monde du sport depuis plus de 5 ans, je traite aussi bien de football, de rugby, de biathlon que de cyclisme.\",\"sameAs\":[\"https:\/\/www.facebook.com\/dicodusport\",\"https:\/\/x.com\/https:\/\/twitter.com\/Nico_Jacquemard\"],\"url\":\"https:\/\/dicodusport.fr\/blog\/author\/dicodusport\/\"}]}<\/script>\n<!-- \/ Yoast SEO Premium plugin. -->","yoast_head_json":{"title":"Jon Jones - Ciryl Gane : \u00c0 quelle heure et sur quelle cha\u00eene l'UFC 285","description":"UFC 285 - L'UFC 285 se d\u00e9roule dans la nuit de samedi \u00e0 dimanche avec le combat de Ciryl Gane en main event. D\u00e9couvrez le programme TV.","robots":{"index":"index","follow":"follow","max-snippet":"max-snippet:-1","max-image-preview":"max-image-preview:large","max-video-preview":"max-video-preview:-1"},"canonical":"https:\/\/dicodusport.fr\/blog\/jon-jones-ciryl-gane-a-quelle-heure-et-sur-quelle-chaine-ufc-285\/","og_locale":"fr_FR","og_type":"article","og_title":"Jon Jones - Ciryl Gane : \u00c0 quelle heure et sur quelle cha\u00eene l'UFC 285","og_description":"UFC 285 - L'UFC 285 se d\u00e9roule dans la nuit de samedi \u00e0 dimanche avec le combat de Ciryl Gane en main event. D\u00e9couvrez le programme TV.","og_url":"https:\/\/dicodusport.fr\/blog\/jon-jones-ciryl-gane-a-quelle-heure-et-sur-quelle-chaine-ufc-285\/","og_site_name":"Dicodusport","article_publisher":"https:\/\/www.facebook.com\/dicodusport","article_author":"https:\/\/www.facebook.com\/dicodusport","article_published_time":"2023-03-04T14:46:14+00:00","article_modified_time":"2023-03-10T16:50:50+00:00","og_image":[{"width":800,"height":445,"url":"https:\/\/dicodusport.fr\/blog\/wp-content\/uploads\/2023\/03\/Jon-Jones-Ciryl-Gane-A-quelle-heure-et-sur-quelle-chaine-lUFC-285.png","type":"image\/png"}],"author":"Nicolas Jacquemard","twitter_card":"summary_large_image","twitter_title":"Jon Jones - Ciryl Gane : \u00c0 quelle heure et sur quelle cha\u00eene l'UFC 285","twitter_creator":"@https:\/\/twitter.com\/Nico_Jacquemard","twitter_site":"@dicodusport","schema":{"@context":"https:\/\/schema.org","@graph":[{"@type":"NewsArticle","@id":"https:\/\/dicodusport.fr\/blog\/jon-jones-ciryl-gane-a-quelle-heure-et-sur-quelle-chaine-ufc-285\/#article","isPartOf":{"@id":"https:\/\/dicodusport.fr\/blog\/jon-jones-ciryl-gane-a-quelle-heure-et-sur-quelle-chaine-ufc-285\/"},"author":{"name":"Nicolas Jacquemard","@id":"https:\/\/dicodusport.fr\/blog\/#\/schema\/person\/55dcb50ad410894e431ed812bbb70191"},"headline":"Jon Jones &#8211; Ciryl Gane : \u00c0 quelle heure et sur quelle cha\u00eene l&rsquo;UFC 285","datePublished":"2023-03-04T14:46:14+00:00","dateModified":"2023-03-10T16:50:50+00:00","mainEntityOfPage":{"@id":"https:\/\/dicodusport.fr\/blog\/jon-jones-ciryl-gane-a-quelle-heure-et-sur-quelle-chaine-ufc-285\/"},"wordCount":372,"commentCount":0,"publisher":{"@id":"https:\/\/dicodusport.fr\/blog\/#organization"},"image":{"@id":"https:\/\/dicodusport.fr\/blog\/jon-jones-ciryl-gane-a-quelle-heure-et-sur-quelle-chaine-ufc-285\/#primaryimage"},"thumbnailUrl":"https:\/\/dicodusport.fr\/blog\/wp-content\/uploads\/2023\/03\/Jon-Jones-Ciryl-Gane-A-quelle-heure-et-sur-quelle-chaine-lUFC-285.png","keywords":["br\u00e8ve","Ciryl Gane","Jon Jones","Programme TV","UFC","UFC 285"],"articleSection":["MMA"],"inLanguage":"fr-FR","potentialAction":[{"@type":"CommentAction","name":"Comment","target":["https:\/\/dicodusport.fr\/blog\/jon-jones-ciryl-gane-a-quelle-heure-et-sur-quelle-chaine-ufc-285\/#respond"]}],"copyrightYear":"2023","copyrightHolder":{"@id":"https:\/\/dicodusport.fr\/blog\/#organization"}},{"@type":"WebPage","@id":"https:\/\/dicodusport.fr\/blog\/jon-jones-ciryl-gane-a-quelle-heure-et-sur-quelle-chaine-ufc-285\/","url":"https:\/\/dicodusport.fr\/blog\/jon-jones-ciryl-gane-a-quelle-heure-et-sur-quelle-chaine-ufc-285\/","name":"Jon Jones - Ciryl Gane : \u00c0 quelle heure et sur quelle cha\u00eene l'UFC 285","isPartOf":{"@id":"https:\/\/dicodusport.fr\/blog\/#website"},"primaryImageOfPage":{"@id":"https:\/\/dicodusport.fr\/blog\/jon-jones-ciryl-gane-a-quelle-heure-et-sur-quelle-chaine-ufc-285\/#primaryimage"},"image":{"@id":"https:\/\/dicodusport.fr\/blog\/jon-jones-ciryl-gane-a-quelle-heure-et-sur-quelle-chaine-ufc-285\/#primaryimage"},"thumbnailUrl":"https:\/\/dicodusport.fr\/blog\/wp-content\/uploads\/2023\/03\/Jon-Jones-Ciryl-Gane-A-quelle-heure-et-sur-quelle-chaine-lUFC-285.png","datePublished":"2023-03-04T14:46:14+00:00","dateModified":"2023-03-10T16:50:50+00:00","description":"UFC 285 - L'UFC 285 se d\u00e9roule dans la nuit de samedi \u00e0 dimanche avec le combat de Ciryl Gane en main event. D\u00e9couvrez le programme TV.","breadcrumb":{"@id":"https:\/\/dicodusport.fr\/blog\/jon-jones-ciryl-gane-a-quelle-heure-et-sur-quelle-chaine-ufc-285\/#breadcrumb"},"inLanguage":"fr-FR","potentialAction":[{"@type":"ReadAction","target":["https:\/\/dicodusport.fr\/blog\/jon-jones-ciryl-gane-a-quelle-heure-et-sur-quelle-chaine-ufc-285\/"]}]},{"@type":"ImageObject","inLanguage":"fr-FR","@id":"https:\/\/dicodusport.fr\/blog\/jon-jones-ciryl-gane-a-quelle-heure-et-sur-quelle-chaine-ufc-285\/#primaryimage","url":"https:\/\/dicodusport.fr\/blog\/wp-content\/uploads\/2023\/03\/Jon-Jones-Ciryl-Gane-A-quelle-heure-et-sur-quelle-chaine-lUFC-285.png","contentUrl":"https:\/\/dicodusport.fr\/blog\/wp-content\/uploads\/2023\/03\/Jon-Jones-Ciryl-Gane-A-quelle-heure-et-sur-quelle-chaine-lUFC-285.png","width":800,"height":445},{"@type":"BreadcrumbList","@id":"https:\/\/dicodusport.fr\/blog\/jon-jones-ciryl-gane-a-quelle-heure-et-sur-quelle-chaine-ufc-285\/#breadcrumb","itemListElement":[{"@type":"ListItem","position":1,"name":"Accueil","item":"https:\/\/dicodusport.fr\/blog\/"},{"@type":"ListItem","position":2,"name":"Jon Jones &#8211; Ciryl Gane : \u00c0 quelle heure et sur quelle cha\u00eene l&rsquo;UFC 285"}]},{"@type":"WebSite","@id":"https:\/\/dicodusport.fr\/blog\/#website","url":"https:\/\/dicodusport.fr\/blog\/","name":"Dicodusport","description":"L&#039;encyclop\u00e9die de l&#039;actualit\u00e9 sportive","publisher":{"@id":"https:\/\/dicodusport.fr\/blog\/#organization"},"potentialAction":[{"@type":"SearchAction","target":{"@type":"EntryPoint","urlTemplate":"https:\/\/dicodusport.fr\/blog\/?s={search_term_string}"},"query-input":{"@type":"PropertyValueSpecification","valueRequired":true,"valueName":"search_term_string"}}],"inLanguage":"fr-FR"},{"@type":"NewsMediaOrganization","@id":"https:\/\/dicodusport.fr\/blog\/#organization","name":"Dicodusport","url":"https:\/\/dicodusport.fr\/blog\/","logo":{"@type":"ImageObject","inLanguage":"fr-FR","@id":"https:\/\/dicodusport.fr\/blog\/#\/schema\/logo\/image\/","url":"https:\/\/dicodusport.fr\/blog\/wp-content\/uploads\/2020\/06\/cropped-LOGO-DICODUSPORT-2020-SANS-FOND-SANS-TEXTE.png","contentUrl":"https:\/\/dicodusport.fr\/blog\/wp-content\/uploads\/2020\/06\/cropped-LOGO-DICODUSPORT-2020-SANS-FOND-SANS-TEXTE.png","width":512,"height":512,"caption":"Dicodusport"},"image":{"@id":"https:\/\/dicodusport.fr\/blog\/#\/schema\/logo\/image\/"},"sameAs":["https:\/\/www.facebook.com\/dicodusport","https:\/\/x.com\/dicodusport","https:\/\/www.instagram.com\/dicodusport\/","https:\/\/www.youtube.com\/channel\/UC7V2KZ5sd3htJivAbA4ZG3w"],"description":"Dicodusport est l'encyclop\u00e9die de l'actualit\u00e9 sportive.","email":"bonjour@dicodusport.fr","legalName":"DICODUSPORT","foundingDate":"2018-01-14","vatID":"FR71834470973","taxID":"83447097300043","numberOfEmployees":{"@type":"QuantitativeValue","minValue":"1","maxValue":"10"}},{"@type":"Person","@id":"https:\/\/dicodusport.fr\/blog\/#\/schema\/person\/55dcb50ad410894e431ed812bbb70191","name":"Nicolas Jacquemard","image":{"@type":"ImageObject","inLanguage":"fr-FR","@id":"https:\/\/dicodusport.fr\/blog\/#\/schema\/person\/image\/","url":"https:\/\/dicodusport.fr\/blog\/wp-content\/uploads\/2021\/05\/Nicolas-Jacquemard-150x150.jpeg","contentUrl":"https:\/\/dicodusport.fr\/blog\/wp-content\/uploads\/2021\/05\/Nicolas-Jacquemard-150x150.jpeg","caption":"Nicolas Jacquemard"},"description":"Passionn\u00e9 de sport et entrepreneur depuis mes 18 ans, la cr\u00e9ation de Dicodusport m'a sembl\u00e9 \u00e9vidente pour participer \u00e0 la m\u00e9diatisation d'un plus grand nombre de sports. Le chemin est long mais avec une \u00e9quipe des plus motiv\u00e9es et les Jeux Olympiques de Paris 2024 en point de mire, nous y arriverons ! Journaliste dans le monde du sport depuis plus de 5 ans, je traite aussi bien de football, de rugby, de biathlon que de cyclisme.","sameAs":["https:\/\/www.facebook.com\/dicodusport","https:\/\/x.com\/https:\/\/twitter.com\/Nico_Jacquemard"],"url":"https:\/\/dicodusport.fr\/blog\/author\/dicodusport\/"}]}},"_links":{"self":[{"href":"https:\/\/dicodusport.fr\/blog\/wp-json\/wp\/v2\/posts\/361281","targetHints":{"allow":["GET"]}}],"collection":[{"href":"https:\/\/dicodusport.fr\/blog\/wp-json\/wp\/v2\/posts"}],"about":[{"href":"https:\/\/dicodusport.fr\/blog\/wp-json\/wp\/v2\/types\/post"}],"author":[{"embeddable":true,"href":"https:\/\/dicodusport.fr\/blog\/wp-json\/wp\/v2\/users\/1"}],"replies":[{"embeddable":true,"href":"https:\/\/dicodusport.fr\/blog\/wp-json\/wp\/v2\/comments?post=361281"}],"version-history":[{"count":0,"href":"https:\/\/dicodusport.fr\/blog\/wp-json\/wp\/v2\/posts\/361281\/revisions"}],"wp:featuredmedia":[{"embeddable":true,"href":"https:\/\/dicodusport.fr\/blog\/wp-json\/wp\/v2\/media\/361298"}],"wp:attachment":[{"href":"https:\/\/dicodusport.fr\/blog\/wp-json\/wp\/v2\/media?parent=361281"}],"wp:term":[{"taxonomy":"category","embeddable":true,"href":"https:\/\/dicodusport.fr\/blog\/wp-json\/wp\/v2\/categories?post=361281"},{"taxonomy":"post_tag","embeddable":true,"href":"https:\/\/dicodusport.fr\/blog\/wp-json\/wp\/v2\/tags?post=361281"}],"curies":[{"name":"wp","href":"https:\/\/api.w.org\/{rel}","templated":true}]}}