{"id":361308,"date":"2023-03-03T20:39:31","date_gmt":"2023-03-03T19:39:31","guid":{"rendered":"https:\/\/dicodusport.fr\/blog\/?p=361308&#038;preview=true&#038;preview_id=361308"},"modified":"2023-03-03T21:33:44","modified_gmt":"2023-03-03T20:33:44","slug":"championnats-deurope-en-salle-2023-thiam-dans-la-legende-habz-debloque-le-compteur-francais-dans-la-2e-journee-de-competition","status":"publish","type":"post","link":"https:\/\/dicodusport.fr\/blog\/championnats-deurope-en-salle-2023-thiam-dans-la-legende-habz-debloque-le-compteur-francais-dans-la-2e-journee-de-competition\/","title":{"rendered":"Championnats d&rsquo;Europe en salle 2023 : Thiam dans la l\u00e9gende, Habz d\u00e9bloque le compteur fran\u00e7ais dans la 2e journ\u00e9e de comp\u00e9tition"},"content":{"rendered":"<p style=\"text-align: justify;\" align=\"justify\"><em><strong>CHAMPIONNATS D&rsquo;EUROPE EN SALLE 2023 &#8211; La deuxi\u00e8me soir\u00e9e \u00e0 Istanbul (Turquie) a \u00e9t\u00e9 marqu\u00e9e par le record du monde de Nafissatou Thiam au pentathlon et la premi\u00e8re m\u00e9daille fran\u00e7aise, en bronze, pour Azeddine Habz sur 1500 m.<\/strong><\/em><\/p>\n<h2 style=\"text-align: justify;\" align=\"justify\">Kambundji, l&rsquo;or europ\u00e9en apr\u00e8s l&rsquo;or mondial<\/h2>\n<p style=\"text-align: justify;\" align=\"justify\">M\u00eame s&rsquo;il faut toujours se m\u00e9fier des impressions des demi-finales, la pression d&rsquo;une finale rebattant les cartes, l&rsquo;impression laiss\u00e9e par <strong>Mujinga Kambundji<\/strong> \u00e9tait juste extraordinaire. La Suissesse avait domin\u00e9 sa course en 7.05, laissant derri\u00e8re<strong> Daryll Neita<\/strong> et <strong>Ewa Swoboda<\/strong>, certes vainqueurs de leur course, mais sans la m\u00eame impression de faciliter. Pourtant, la pression \u00e9tait bien sur elle. Pression d&rsquo;un titre de championne du monde en salle l&rsquo;an pass\u00e9 \u00e0 Belgrade, pression d&rsquo;un chrono extraordinaire ce soir-l\u00e0 de 6.96.<\/p>\n<p style=\"text-align: justify;\" align=\"justify\">On pouvait penser \u00e0 du suspense. Au bout de 10 m\u00e8tres, la course \u00e9tait pli\u00e9e. Le temps pour <strong>Mujinga Kambundji<\/strong> de partir devant <strong>Ewa Swoboda<\/strong>, pourtant r\u00e9put\u00e9e excellente partante. Le reste ne sera qu&rsquo;une confirmation. Alors pas de nouveau chrono sous les 7 secondes, mais un 7.00 tout pile, synonyme de record des championnats \u00e9gal\u00e9. Qui laisse la Polonaise <strong>Ewa Swoboda<\/strong> \u00e0 neuf centi\u00e8mes et la Britannique <strong>Daryll Neita<\/strong> \u00e0 12 centi\u00e8mes. C&rsquo;est sa 8e m\u00e9daille internationale ! Un des plus beaux palmar\u00e8s de l&rsquo;athl\u00e9tisme europ\u00e9en en sprint.<\/p>\n<h2 style=\"text-align: justify;\" align=\"justify\">Habz d\u00e9bloque le compteur de la d\u00e9l\u00e9gation fran\u00e7aise<\/h2>\n<p style=\"text-align: justify;\">La premi\u00e8re m\u00e9daille est l\u00e0 pour la d\u00e9l\u00e9gation fran\u00e7aise. Et sans grande surprise, <a href=\"https:\/\/dicodusport.fr\/blog\/athletisme-europe-en-salle-medaille-de-bronze-sur-le-1500m-pour-azeddine-habz\/\">elle vient d&rsquo;<strong>Azeddine Habz<\/strong><\/a>. Le Fran\u00e7ais arrivait avec la 4e performance europ\u00e9enne de l&rsquo;hiver et fort de plusieurs courses de tr\u00e8s haut niveau, et des podiums sur les meetings internationaux. A Istanbul, il ajoute un nouveau podium, le plus beau de sa carri\u00e8re, le premier dans un grand championnat. Cela a \u00e9t\u00e9 le bronze &#8211; en 3:35.39 &#8211; au terme d&rsquo;une course supersonique o\u00f9 le grand favori <strong>Jakob Ingrebritsen<\/strong> a \u00e9t\u00e9 challeng\u00e9 par le Britannique <strong>Neil Gourley<\/strong> (3:35.95 contre 3:34.23).<\/p>\n<blockquote class=\"twitter-tweet\">\n<p dir=\"ltr\" lang=\"fr\"><a href=\"https:\/\/twitter.com\/hashtag\/Istanbul2023?src=hash&amp;ref_src=twsrc%5Etfw\">#Istanbul2023<\/a> | L\u00e0 voil\u00e0 la premi\u00e8re m\u00e9daille fran\u00e7aise ! Azeddine Habz prend la troisi\u00e8me place sur le 1500m masculin derri\u00e8re Neil Gourley \ud83c\uddec\ud83c\udde7 et Jakob Ingebrigtsen \ud83c\uddf3\ud83c\uddf4.<\/p>\n<p>\ud83d\udd34 Suivez le direct sur notre site : <a href=\"https:\/\/t.co\/SKbn4c4dUt\">https:\/\/t.co\/SKbn4c4dUt<\/a> <a href=\"https:\/\/t.co\/2CnCkKXVUf\">pic.twitter.com\/2CnCkKXVUf<\/a><\/p>\n<p>\u2014 francetvsport (@francetvsport) <a href=\"https:\/\/twitter.com\/francetvsport\/status\/1631714184483184641?ref_src=twsrc%5Etfw\">March 3, 2023<\/a><\/p><\/blockquote>\n<p><script async src=\"https:\/\/platform.twitter.com\/widgets.js\" charset=\"utf-8\"><\/script><\/p>\n<h2 style=\"text-align: justify;\" align=\"justify\">Record du monde pour Nafissatou Thiam au pentathlon<\/h2>\n<p style=\"text-align: justify;\">Estomaqu\u00e9e par la performance. La salle d&rsquo;Istanbul a mis longtemps \u00e0 r\u00e9aliser qu&rsquo;elle venait d&rsquo;assister \u00e0 un record du monde. Arriv\u00e9e en Turquie sans comp\u00e9tition dans les jambes cet hiver, <a href=\"https:\/\/dicodusport.fr\/blog\/athletisme-europe-en-salle-2023-troisieme-titre-europeen-en-salle-et-record-du-monde-pour-nafissatou-thiam\/\"><strong>Nafissatou Thiam<\/strong> repart avec un troisi\u00e8me titre europ\u00e9en en salle et le premier record du monde de sa carri\u00e8re<\/a>. Avec 5 055 points, elle fait tomber la marque de <strong>Nataliya Dobrynska<\/strong> (5 013 points). Il fallait au moins cela \u00e0 la Belge, car elle a \u00e9t\u00e9 pouss\u00e9e dans ses retranchements, par la Polonaise <strong>Adrianna Sulek<\/strong>, qui bat elle m\u00eame l&rsquo;ancien record du monde, avec ses 5 014 points. Insuffisant pour l&#8217;emporter dans un championnat d&rsquo;Europe. Cela situe le niveau stratosph\u00e9rique des deux femmes.<\/p>\n<blockquote class=\"twitter-tweet\">\n<p dir=\"ltr\" lang=\"fr\"><a href=\"https:\/\/twitter.com\/hashtag\/Istanbul2023?src=hash&amp;ref_src=twsrc%5Etfw\">#Istanbul2023<\/a> | RECORD DU MONDE POUR NAFISSATOU THIAM \ud83c\udde7\ud83c\uddea ! La Belge s&rsquo;impose dans ce pentathlon f\u00e9minin en \u00e9tablissant la nouvelle marque de r\u00e9f\u00e9rence dans l&rsquo;histoire de sa discipline en salle.<\/p>\n<p>\ud83d\udd34 Suivez le direct sur notre site : <a href=\"https:\/\/t.co\/SKbn4c4dUt\">https:\/\/t.co\/SKbn4c4dUt<\/a> <a href=\"https:\/\/t.co\/bVwC9QEHzF\">pic.twitter.com\/bVwC9QEHzF<\/a><\/p>\n<p>\u2014 francetvsport (@francetvsport) <a href=\"https:\/\/twitter.com\/francetvsport\/status\/1631720703161507846?ref_src=twsrc%5Etfw\">March 3, 2023<\/a><\/p><\/blockquote>\n<p><script async src=\"https:\/\/platform.twitter.com\/widgets.js\" charset=\"utf-8\"><\/script><\/p>\n<h2 style=\"text-align: justify;\" align=\"justify\">Klosterhalfen battue par Klein sur le 3000 m<\/h2>\n<p style=\"text-align: justify;\" align=\"justify\">Petite surprise sur le 3 000 m, avec la d\u00e9faite de celle qui avait la meilleure performance europ\u00e9enne de l&rsquo;ann\u00e9e. Pourtant, apr\u00e8s un kilom\u00e8tre de course, c&rsquo;est bien <strong>Kontanze Klosterhalfen<\/strong>, l&rsquo;Allemande, qui a durci le rythme. Premi\u00e8re grosse victime, la Turque <strong>Yasemin Can<\/strong>. D\u00e9j\u00e0 dans le dur, elle a d\u00fb laisser filer <strong>Hanna Klein<\/strong> et <strong>Melissa Courtney-Bryant<\/strong>. A l&rsquo;usure, <em>KK<\/em> imprime un gros train. Mais sa compatriote Klein s&rsquo;accroche.<\/p>\n<p style=\"text-align: justify;\" align=\"justify\">Et le match est \u00e9norme dans le dernier tour, et c&rsquo;est <strong>Hanna Klein<\/strong> qui porte son attaque dans la ligne droite oppos\u00e9e. Plus rapide, elle r\u00e9siste au retour de sa compatriote pour s&rsquo;imposer, avec un nouveau record personnel \u00e0 la cl\u00e9 en 8:35.87. Favorite annonc\u00e9e avant la course, <strong>Konstanze Klosterhalfen<\/strong> doit se contenter de l&rsquo;argent en 8:36.50. Le bronze est pour la Britannique <strong>Melissa Courtney-Bryant<\/strong>.<\/p>\n<h2 style=\"text-align: justify;\" align=\"justify\">Zane Weir enl\u00e8ve une finale relev\u00e9e au poids<\/h2>\n<p style=\"text-align: justify;\" align=\"justify\">\u00c9videmment, on est loin de <strong>Ryan Crouser<\/strong> ou <strong>Joe Kovacs<\/strong>, les deux Am\u00e9ricains qui ont lanc\u00e9 tous deux \u00e0 plus de 23 m\u00e8tres dans leur carri\u00e8re. Mais on a eu le droit \u00e0 une finale \u00e0 rebondissements. Parce que <strong>Zane Weir<\/strong>, l&rsquo;Italien s&rsquo;est invit\u00e9 au bal des grands, en devenant le premier Italien \u00e0 casser la barri\u00e8re des 22 m\u00e8tres en salle. Il s&rsquo;est impos\u00e9 avec un jet \u00e0 22.06 m. C&rsquo;est \u00e0 noter, car cela n&rsquo;arrive plus si souvent au niveau europ\u00e9en. <strong>Tomas Stanek<\/strong> pensait avoir fait le plus dur \u00e0 son 3e essai. Le Tch\u00e8que avait lanc\u00e9 \u00e0 21.90, pour prendre la t\u00eate du concours. Avant la r\u00e9ponse de l&rsquo;Italien.<\/p>\n<p style=\"text-align: justify;\" align=\"justify\">Un concours intense, car l&rsquo;Ukrainien <strong>Roman Kokoshko<\/strong> s&rsquo;est invit\u00e9 sur le podium \u00e0 son dernier essai. Et de quelle mani\u00e8re. Il bat le record national avec un jet \u00e0 21.84 m. Pour \u00e9jecter le Croate <strong>Filip Mihaljevic<\/strong>, qui finit avec la m\u00e9daille en chocolat et un jet \u00e0 21.43 m. Dans une finale qui fut tr\u00e8s int\u00e9ressante \u00e0 suivre.<\/p>\n<h2 style=\"text-align: justify;\" align=\"justify\">Auriol Dongmo l&#8217;emporte chez les femmes<\/h2>\n<p style=\"text-align: justify;\">Un gros jet \u00e0 19.76 m pour prendre la meilleure performance europ\u00e9enne de l&rsquo;ann\u00e9e. La championne du monde en salle 2022, la Portugaise <strong>Auriol Dongmo<\/strong>, a fait le spectacle ce soir \u00e0 Istanbul, sur le lancer de poids f\u00e9minin. Une performance r\u00e9alis\u00e9e \u00e0 son 3e essai. Pour devancer <strong>Sara Gambetta<\/strong>, l&rsquo;Allemande, qui a lanc\u00e9 \u00e0 18.83 m, son meilleur jet de la saison. Le podium est compl\u00e9t\u00e9 par <strong>Fanny Roos<\/strong>, la Su\u00e9doise qui a fait un jet \u00e0 18.83 m. Auriol Dongmo, obtient l\u00e0 sa deuxi\u00e8me m\u00e9daille d&rsquo;or europ\u00e9enne, apr\u00e8s Torun 2021. Elle avait termin\u00e9 2e \u00e0 Munich, l&rsquo;\u00e9t\u00e9 dernier, lors des championnats d&rsquo;Europe.<\/p>\n<h2 style=\"text-align: justify;\" align=\"justify\">Finale frustrante pour Benjamin Compaor\u00e9, Pichardo sacr\u00e9 au triple<\/h2>\n<p style=\"text-align: justify;\" align=\"justify\">Il pourra nourrir de grands regrets ! <strong>Benjamin Compaor\u00e9<\/strong> avait largement les moyens de conqu\u00e9rir une m\u00e9daille ce soir. Avec une m\u00e9daille d&rsquo;argent qui se joue \u00e0 16.58 m, une marque du Grec <strong>Nikolaos Andrikopoulos<\/strong> et le bronze \u00e0 16.57 m pour <strong>Max Hess<\/strong>. Soit pr\u00e8s de 40 centim\u00e8tres de moins que ses 16.95 m r\u00e9alis\u00e9s il y a 15 jours au France Elite. Malheureusement, rien ne s&rsquo;est mis en place pour le miracul\u00e9 des qualifications. D&rsquo;abord \u00e9limin\u00e9, il avait \u00e9t\u00e9 requalifi\u00e9 en finale, avec un saut remesur\u00e9 \u00e0 16.37 m. Il se contente ce soir de 16.11 m et de la 8e place.<\/p>\n<p style=\"text-align: justify;\" align=\"justify\">Lui n&rsquo;a saut\u00e9 que deux fois, mais cela a suffi pour prendre l&rsquo;or et la meilleure performance mondiale de l&rsquo;ann\u00e9e. Il y avait une Europe d&rsquo;\u00e9cart entre le Portugais <strong>Pablo Picardo<\/strong> et ses poursuivants. Avec ses 17.60 m au troisi\u00e8me essai, il a \u00e9clabouss\u00e9 le concours de sa classe. Pour remporter le titre europ\u00e9en. Sans se livrer \u00e0 fond, comme il peut le faire parfois.<\/p>\n<h2 style=\"text-align: justify;\" align=\"justify\">Warholm envoie un second message, Biron \u00e9limin\u00e9<\/h2>\n<p style=\"text-align: justify;\" align=\"justify\">Seul athl\u00e8te \u00e0 \u00eatre pass\u00e9 sous les 46 secondes ce matin, lors des s\u00e9ries du 400 m, <strong>Karsten Warholm<\/strong> a une nouvelle fois pos\u00e9 sa patte sur les demies cet apr\u00e8s-midi. Le Norv\u00e9gien, co-recordman d&rsquo;Europe, a sign\u00e9 le meilleur temps des qualifi\u00e9s pour la finale. Avec un chrono de 45.43. Sign\u00e9 tout en d\u00e9contraction ! Il pourrait bien am\u00e9liorer son record demain et passer sous les 45 secondes. Il domine<strong> Julien Watrin<\/strong>, qui signe un nouveau record de Belgique (45.82). Champion d&rsquo;Europe 2021 et \u00e9ph\u00e9m\u00e8re recordman d&rsquo;Europe en 2018, <strong>Oscar Husillos<\/strong> est troisi\u00e8me de cette seconde demi-finale, en 45.86. <strong>Gilles Biron<\/strong> est 4e de la course, en 46.71 et n&rsquo;acc\u00e8de pas \u00e0 la finale. Le Fran\u00e7ais est clairement tomb\u00e9 sur la course la plus relev\u00e9e.<\/p>\n<p style=\"text-align: justify;\" align=\"justify\">Dans la premi\u00e8re demi-finale, le Su\u00e9dois <strong>Carl Bengtstrom<\/strong> remporte la victoire en 45.77. Il devance le Tch\u00e8que <strong>Matej Krsek<\/strong> et le Belge <strong>Alexander Doom<\/strong>. Grosse surprise, avec l&rsquo;\u00e9limination de <strong>Liemarvin Bonevacia<\/strong>. Troisi\u00e8me en 2021, le N\u00e9erlandais n&rsquo;a pas exist\u00e9. Quatri\u00e8me avec un chrono de 46.60.<\/p>\n<blockquote class=\"twitter-tweet\">\n<p dir=\"ltr\" lang=\"fr\"><a href=\"https:\/\/twitter.com\/hashtag\/Istanbul2023?src=hash&amp;ref_src=twsrc%5Etfw\">#Istanbul2023<\/a> | L\u00e0 voil\u00e0 la premi\u00e8re m\u00e9daille fran\u00e7aise ! Azeddine Habz prend la troisi\u00e8me place sur le 1500m masculin derri\u00e8re Neil Gourley \ud83c\uddec\ud83c\udde7 et Jakob Ingebrigtsen \ud83c\uddf3\ud83c\uddf4.<\/p>\n<p>\ud83d\udd34 Suivez le direct sur notre site : <a href=\"https:\/\/t.co\/SKbn4c4dUt\">https:\/\/t.co\/SKbn4c4dUt<\/a> <a href=\"https:\/\/t.co\/2CnCkKXVUf\">pic.twitter.com\/2CnCkKXVUf<\/a><\/p>\n<p>\u2014 francetvsport (@francetvsport) <a href=\"https:\/\/twitter.com\/francetvsport\/status\/1631714184483184641?ref_src=twsrc%5Etfw\">March 3, 2023<\/a><\/p><\/blockquote>\n<p><script async src=\"https:\/\/platform.twitter.com\/widgets.js\" charset=\"utf-8\"><\/script><\/p>\n<h2 style=\"text-align: justify;\" align=\"justify\">Femke Bol poursuit sa balade<\/h2>\n<p style=\"text-align: justify;\" align=\"justify\">Elle a pris le temps de regarder une fois, puis deux et trois fois l&rsquo;\u00e9cran g\u00e9ant. Pour s&rsquo;assurer que cela ne revienne pas de derri\u00e8re. Aucun risque, <strong>Femke Bol<\/strong> est au-dessus du lot. Son chrono n&rsquo;est pas des plus impressionnants, 52.19. Mais l&rsquo;impression de facilit\u00e9 \u00e0 de quoi une nouvelle fois \u00e9c\u0153urer la concurrence. La N\u00e9erlandaise, recordwoman du monde en salle, se qualifie tranquillement en finale du 400 m en dominant la seconde demie. Elle laisse le meilleur chrono \u00e0 sa camarade d&rsquo;entra\u00eenement<strong> Lieke Klaver<\/strong>, qui a r\u00e9alis\u00e9 51.43 pour remporter la premi\u00e8re course. Elle a d\u00fb s&#8217;employer en 51.43 pour dominer une autre partenaire d&rsquo;entra\u00eenement, la Polonaise <strong>Anna Kielbasinska<\/strong>.<\/p>\n<h2 style=\"text-align: justify;\">\u00c0 lire aussi<\/h2>\n<ul>\n<li style=\"text-align: justify;\"><a href=\"https:\/\/dicodusport.fr\/blog\/athletisme-programme-et-resultats-championnats-deurope-en-salle-2023\/\"><strong>Programme et r\u00e9sultats des championnats d&rsquo;Europe d&rsquo;athl\u00e9tisme en salle 2023<\/strong><\/a><\/li>\n<li style=\"text-align: justify;\"><a href=\"https:\/\/dicodusport.fr\/blog\/tableau-des-medailles-championnats-deurope-en-salle-dathletisme-2023\/\"><strong>Le tableau des m\u00e9dailles<\/strong><\/a><\/li>\n<\/ul>\n","protected":false},"excerpt":{"rendered":"<p>CHAMPIONNATS D&rsquo;EUROPE EN SALLE 2023 &#8211; La deuxi\u00e8me soir\u00e9e \u00e0 Istanbul (Turquie) a \u00e9t\u00e9 marqu\u00e9e par le record du monde de Nafissatou Thiam au pentathlon et la premi\u00e8re m\u00e9daille fran\u00e7aise, en bronze, pour Azeddine Habz sur 1500 m.<\/p>\n","protected":false},"author":83,"featured_media":361484,"comment_status":"open","ping_status":"closed","sticky":false,"template":"","format":"standard","meta":{"_acf_changed":false,"_daextam_enable_autolinks":"","footnotes":""},"categories":[46996],"tags":[7383,14955,16878,8775],"class_list":["post-361308","post","type-post","status-publish","format-standard","has-post-thumbnail","hentry","category-championnats-d-europe-athletisme","tag-athletisme-indoor","tag-azeddine-habz","tag-breve","tag-nafissatou-thiam"],"acf":[],"yoast_head":"<!-- This site is optimized with the Yoast SEO Premium plugin v26.7 (Yoast SEO v26.7) - https:\/\/yoast.com\/wordpress\/plugins\/seo\/ -->\n<title>Championnats d&#039;Europe en salle 2023 : Thiam dans la l\u00e9gende, Habz d\u00e9bloque le compteur fran\u00e7ais dans la 2e journ\u00e9e de comp\u00e9tition<\/title>\n<meta name=\"description\" content=\"La 2\u00e8me soir\u00e9e a \u00e9t\u00e9 marqu\u00e9e par le record du monde de Thiam au pentathlon et la premi\u00e8re m\u00e9daille fran\u00e7aise, en bronze pour Habz sur 1500.\" \/>\n<meta name=\"robots\" content=\"index, follow, max-snippet:-1, max-image-preview:large, max-video-preview:-1\" \/>\n<link rel=\"canonical\" href=\"https:\/\/dicodusport.fr\/blog\/championnats-deurope-en-salle-2023-thiam-dans-la-legende-habz-debloque-le-compteur-francais-dans-la-2e-journee-de-competition\/\" \/>\n<meta property=\"og:locale\" content=\"fr_FR\" \/>\n<meta property=\"og:type\" content=\"article\" \/>\n<meta property=\"og:title\" content=\"Championnats d&#039;Europe en salle 2023 : Thiam dans la l\u00e9gende, Habz d\u00e9bloque le compteur fran\u00e7ais dans la 2e journ\u00e9e de comp\u00e9tition\" \/>\n<meta property=\"og:description\" content=\"La 2\u00e8me soir\u00e9e a \u00e9t\u00e9 marqu\u00e9e par le record du monde de Thiam au pentathlon et la premi\u00e8re m\u00e9daille fran\u00e7aise, en bronze pour Habz sur 1500.\" \/>\n<meta property=\"og:url\" content=\"https:\/\/dicodusport.fr\/blog\/championnats-deurope-en-salle-2023-thiam-dans-la-legende-habz-debloque-le-compteur-francais-dans-la-2e-journee-de-competition\/\" \/>\n<meta property=\"og:site_name\" content=\"Dicodusport\" \/>\n<meta property=\"article:publisher\" content=\"https:\/\/www.facebook.com\/dicodusport\" \/>\n<meta property=\"article:published_time\" content=\"2023-03-03T19:39:31+00:00\" \/>\n<meta property=\"article:modified_time\" content=\"2023-03-03T20:33:44+00:00\" \/>\n<meta property=\"og:image\" content=\"https:\/\/dicodusport.fr\/blog\/wp-content\/uploads\/2023\/03\/Championnats-dEurope-en-salle-2023-Thiam-dans-la-legende-Habz-debloque-le-compteur-Francais-dans-la-2e-journee-de-competition.png\" \/>\n\t<meta property=\"og:image:width\" content=\"800\" \/>\n\t<meta property=\"og:image:height\" content=\"445\" \/>\n\t<meta property=\"og:image:type\" content=\"image\/png\" \/>\n<meta name=\"author\" content=\"Etienne Goursaud\" \/>\n<meta name=\"twitter:card\" content=\"summary_large_image\" \/>\n<meta name=\"twitter:title\" content=\"Championnats d&#039;Europe en salle 2023 : Thiam dans la l\u00e9gende, Habz d\u00e9bloque le compteur fran\u00e7ais dans la 2e journ\u00e9e de comp\u00e9tition\" \/>\n<meta name=\"twitter:creator\" content=\"@dicodusport\" \/>\n<meta name=\"twitter:site\" content=\"@dicodusport\" \/>\n<script type=\"application\/ld+json\" class=\"yoast-schema-graph\">{\"@context\":\"https:\/\/schema.org\",\"@graph\":[{\"@type\":\"NewsArticle\",\"@id\":\"https:\/\/dicodusport.fr\/blog\/championnats-deurope-en-salle-2023-thiam-dans-la-legende-habz-debloque-le-compteur-francais-dans-la-2e-journee-de-competition\/#article\",\"isPartOf\":{\"@id\":\"https:\/\/dicodusport.fr\/blog\/championnats-deurope-en-salle-2023-thiam-dans-la-legende-habz-debloque-le-compteur-francais-dans-la-2e-journee-de-competition\/\"},\"author\":{\"name\":\"Etienne Goursaud\",\"@id\":\"https:\/\/dicodusport.fr\/blog\/#\/schema\/person\/d603dd7da31fb2b46c82b9835a77ec13\"},\"headline\":\"Championnats d&rsquo;Europe en salle 2023 : Thiam dans la l\u00e9gende, Habz d\u00e9bloque le compteur fran\u00e7ais dans la 2e journ\u00e9e de comp\u00e9tition\",\"datePublished\":\"2023-03-03T19:39:31+00:00\",\"dateModified\":\"2023-03-03T20:33:44+00:00\",\"mainEntityOfPage\":{\"@id\":\"https:\/\/dicodusport.fr\/blog\/championnats-deurope-en-salle-2023-thiam-dans-la-legende-habz-debloque-le-compteur-francais-dans-la-2e-journee-de-competition\/\"},\"wordCount\":1614,\"commentCount\":0,\"publisher\":{\"@id\":\"https:\/\/dicodusport.fr\/blog\/#organization\"},\"image\":{\"@id\":\"https:\/\/dicodusport.fr\/blog\/championnats-deurope-en-salle-2023-thiam-dans-la-legende-habz-debloque-le-compteur-francais-dans-la-2e-journee-de-competition\/#primaryimage\"},\"thumbnailUrl\":\"https:\/\/dicodusport.fr\/blog\/wp-content\/uploads\/2023\/03\/Championnats-dEurope-en-salle-2023-Thiam-dans-la-legende-Habz-debloque-le-compteur-Francais-dans-la-2e-journee-de-competition.png\",\"keywords\":[\"athl\u00e9tisme indoor\",\"Azeddine Habz\",\"br\u00e8ve\",\"Nafissatou Thiam\"],\"articleSection\":[\"Championnats d'Europe d'athl\u00e9tisme\"],\"inLanguage\":\"fr-FR\",\"potentialAction\":[{\"@type\":\"CommentAction\",\"name\":\"Comment\",\"target\":[\"https:\/\/dicodusport.fr\/blog\/championnats-deurope-en-salle-2023-thiam-dans-la-legende-habz-debloque-le-compteur-francais-dans-la-2e-journee-de-competition\/#respond\"]}],\"copyrightYear\":\"2023\",\"copyrightHolder\":{\"@id\":\"https:\/\/dicodusport.fr\/blog\/#organization\"}},{\"@type\":\"WebPage\",\"@id\":\"https:\/\/dicodusport.fr\/blog\/championnats-deurope-en-salle-2023-thiam-dans-la-legende-habz-debloque-le-compteur-francais-dans-la-2e-journee-de-competition\/\",\"url\":\"https:\/\/dicodusport.fr\/blog\/championnats-deurope-en-salle-2023-thiam-dans-la-legende-habz-debloque-le-compteur-francais-dans-la-2e-journee-de-competition\/\",\"name\":\"Championnats d'Europe en salle 2023 : Thiam dans la l\u00e9gende, Habz d\u00e9bloque le compteur fran\u00e7ais dans la 2e journ\u00e9e de comp\u00e9tition\",\"isPartOf\":{\"@id\":\"https:\/\/dicodusport.fr\/blog\/#website\"},\"primaryImageOfPage\":{\"@id\":\"https:\/\/dicodusport.fr\/blog\/championnats-deurope-en-salle-2023-thiam-dans-la-legende-habz-debloque-le-compteur-francais-dans-la-2e-journee-de-competition\/#primaryimage\"},\"image\":{\"@id\":\"https:\/\/dicodusport.fr\/blog\/championnats-deurope-en-salle-2023-thiam-dans-la-legende-habz-debloque-le-compteur-francais-dans-la-2e-journee-de-competition\/#primaryimage\"},\"thumbnailUrl\":\"https:\/\/dicodusport.fr\/blog\/wp-content\/uploads\/2023\/03\/Championnats-dEurope-en-salle-2023-Thiam-dans-la-legende-Habz-debloque-le-compteur-Francais-dans-la-2e-journee-de-competition.png\",\"datePublished\":\"2023-03-03T19:39:31+00:00\",\"dateModified\":\"2023-03-03T20:33:44+00:00\",\"description\":\"La 2\u00e8me soir\u00e9e a \u00e9t\u00e9 marqu\u00e9e par le record du monde de Thiam au pentathlon et la premi\u00e8re m\u00e9daille fran\u00e7aise, en bronze pour Habz sur 1500.\",\"breadcrumb\":{\"@id\":\"https:\/\/dicodusport.fr\/blog\/championnats-deurope-en-salle-2023-thiam-dans-la-legende-habz-debloque-le-compteur-francais-dans-la-2e-journee-de-competition\/#breadcrumb\"},\"inLanguage\":\"fr-FR\",\"potentialAction\":[{\"@type\":\"ReadAction\",\"target\":[\"https:\/\/dicodusport.fr\/blog\/championnats-deurope-en-salle-2023-thiam-dans-la-legende-habz-debloque-le-compteur-francais-dans-la-2e-journee-de-competition\/\"]}]},{\"@type\":\"ImageObject\",\"inLanguage\":\"fr-FR\",\"@id\":\"https:\/\/dicodusport.fr\/blog\/championnats-deurope-en-salle-2023-thiam-dans-la-legende-habz-debloque-le-compteur-francais-dans-la-2e-journee-de-competition\/#primaryimage\",\"url\":\"https:\/\/dicodusport.fr\/blog\/wp-content\/uploads\/2023\/03\/Championnats-dEurope-en-salle-2023-Thiam-dans-la-legende-Habz-debloque-le-compteur-Francais-dans-la-2e-journee-de-competition.png\",\"contentUrl\":\"https:\/\/dicodusport.fr\/blog\/wp-content\/uploads\/2023\/03\/Championnats-dEurope-en-salle-2023-Thiam-dans-la-legende-Habz-debloque-le-compteur-Francais-dans-la-2e-journee-de-competition.png\",\"width\":800,\"height\":445,\"caption\":\"Photo Icon Sport\"},{\"@type\":\"BreadcrumbList\",\"@id\":\"https:\/\/dicodusport.fr\/blog\/championnats-deurope-en-salle-2023-thiam-dans-la-legende-habz-debloque-le-compteur-francais-dans-la-2e-journee-de-competition\/#breadcrumb\",\"itemListElement\":[{\"@type\":\"ListItem\",\"position\":1,\"name\":\"Accueil\",\"item\":\"https:\/\/dicodusport.fr\/blog\/\"},{\"@type\":\"ListItem\",\"position\":2,\"name\":\"Championnats d&rsquo;Europe en salle 2023 : Thiam dans la l\u00e9gende, Habz d\u00e9bloque le compteur fran\u00e7ais dans la 2e journ\u00e9e de comp\u00e9tition\"}]},{\"@type\":\"WebSite\",\"@id\":\"https:\/\/dicodusport.fr\/blog\/#website\",\"url\":\"https:\/\/dicodusport.fr\/blog\/\",\"name\":\"Dicodusport\",\"description\":\"L&#039;encyclop\u00e9die de l&#039;actualit\u00e9 sportive\",\"publisher\":{\"@id\":\"https:\/\/dicodusport.fr\/blog\/#organization\"},\"potentialAction\":[{\"@type\":\"SearchAction\",\"target\":{\"@type\":\"EntryPoint\",\"urlTemplate\":\"https:\/\/dicodusport.fr\/blog\/?s={search_term_string}\"},\"query-input\":{\"@type\":\"PropertyValueSpecification\",\"valueRequired\":true,\"valueName\":\"search_term_string\"}}],\"inLanguage\":\"fr-FR\"},{\"@type\":\"NewsMediaOrganization\",\"@id\":\"https:\/\/dicodusport.fr\/blog\/#organization\",\"name\":\"Dicodusport\",\"url\":\"https:\/\/dicodusport.fr\/blog\/\",\"logo\":{\"@type\":\"ImageObject\",\"inLanguage\":\"fr-FR\",\"@id\":\"https:\/\/dicodusport.fr\/blog\/#\/schema\/logo\/image\/\",\"url\":\"https:\/\/dicodusport.fr\/blog\/wp-content\/uploads\/2020\/06\/cropped-LOGO-DICODUSPORT-2020-SANS-FOND-SANS-TEXTE.png\",\"contentUrl\":\"https:\/\/dicodusport.fr\/blog\/wp-content\/uploads\/2020\/06\/cropped-LOGO-DICODUSPORT-2020-SANS-FOND-SANS-TEXTE.png\",\"width\":512,\"height\":512,\"caption\":\"Dicodusport\"},\"image\":{\"@id\":\"https:\/\/dicodusport.fr\/blog\/#\/schema\/logo\/image\/\"},\"sameAs\":[\"https:\/\/www.facebook.com\/dicodusport\",\"https:\/\/x.com\/dicodusport\",\"https:\/\/www.instagram.com\/dicodusport\/\",\"https:\/\/www.youtube.com\/channel\/UC7V2KZ5sd3htJivAbA4ZG3w\"],\"description\":\"Dicodusport est l'encyclop\u00e9die de l'actualit\u00e9 sportive.\",\"email\":\"bonjour@dicodusport.fr\",\"legalName\":\"DICODUSPORT\",\"foundingDate\":\"2018-01-14\",\"vatID\":\"FR71834470973\",\"taxID\":\"83447097300043\",\"numberOfEmployees\":{\"@type\":\"QuantitativeValue\",\"minValue\":\"1\",\"maxValue\":\"10\"}},{\"@type\":\"Person\",\"@id\":\"https:\/\/dicodusport.fr\/blog\/#\/schema\/person\/d603dd7da31fb2b46c82b9835a77ec13\",\"name\":\"Etienne Goursaud\",\"image\":{\"@type\":\"ImageObject\",\"inLanguage\":\"fr-FR\",\"@id\":\"https:\/\/dicodusport.fr\/blog\/#\/schema\/person\/image\/\",\"url\":\"https:\/\/dicodusport.fr\/blog\/wp-content\/uploads\/2023\/12\/410122264_10231602061736049_5565839791558026645_n-150x150.jpg\",\"contentUrl\":\"https:\/\/dicodusport.fr\/blog\/wp-content\/uploads\/2023\/12\/410122264_10231602061736049_5565839791558026645_n-150x150.jpg\",\"caption\":\"Etienne Goursaud\"},\"description\":\"Journaliste et amoureux de sport. Ancien footballeur reconverti athl\u00e8te quand ses muscles le laissent tranquille. \u00c9lev\u00e9 \u00e0 la sauce des exploits de Thomas Voeckler en 2004, du dernier essai de l\u00e9gende de Eunice Barber \u00e0 la longueur lors des championnats du monde d'athl\u00e9tisme de 2003 mais aussi Zidane, Omeyer et Titou Lamaison.\",\"url\":\"https:\/\/dicodusport.fr\/blog\/author\/etienne-goursaud\/\"}]}<\/script>\n<!-- \/ Yoast SEO Premium plugin. -->","yoast_head_json":{"title":"Championnats d'Europe en salle 2023 : Thiam dans la l\u00e9gende, Habz d\u00e9bloque le compteur fran\u00e7ais dans la 2e journ\u00e9e de comp\u00e9tition","description":"La 2\u00e8me soir\u00e9e a \u00e9t\u00e9 marqu\u00e9e par le record du monde de Thiam au pentathlon et la premi\u00e8re m\u00e9daille fran\u00e7aise, en bronze pour Habz sur 1500.","robots":{"index":"index","follow":"follow","max-snippet":"max-snippet:-1","max-image-preview":"max-image-preview:large","max-video-preview":"max-video-preview:-1"},"canonical":"https:\/\/dicodusport.fr\/blog\/championnats-deurope-en-salle-2023-thiam-dans-la-legende-habz-debloque-le-compteur-francais-dans-la-2e-journee-de-competition\/","og_locale":"fr_FR","og_type":"article","og_title":"Championnats d'Europe en salle 2023 : Thiam dans la l\u00e9gende, Habz d\u00e9bloque le compteur fran\u00e7ais dans la 2e journ\u00e9e de comp\u00e9tition","og_description":"La 2\u00e8me soir\u00e9e a \u00e9t\u00e9 marqu\u00e9e par le record du monde de Thiam au pentathlon et la premi\u00e8re m\u00e9daille fran\u00e7aise, en bronze pour Habz sur 1500.","og_url":"https:\/\/dicodusport.fr\/blog\/championnats-deurope-en-salle-2023-thiam-dans-la-legende-habz-debloque-le-compteur-francais-dans-la-2e-journee-de-competition\/","og_site_name":"Dicodusport","article_publisher":"https:\/\/www.facebook.com\/dicodusport","article_published_time":"2023-03-03T19:39:31+00:00","article_modified_time":"2023-03-03T20:33:44+00:00","og_image":[{"width":800,"height":445,"url":"https:\/\/dicodusport.fr\/blog\/wp-content\/uploads\/2023\/03\/Championnats-dEurope-en-salle-2023-Thiam-dans-la-legende-Habz-debloque-le-compteur-Francais-dans-la-2e-journee-de-competition.png","type":"image\/png"}],"author":"Etienne Goursaud","twitter_card":"summary_large_image","twitter_title":"Championnats d'Europe en salle 2023 : Thiam dans la l\u00e9gende, Habz d\u00e9bloque le compteur fran\u00e7ais dans la 2e journ\u00e9e de comp\u00e9tition","twitter_creator":"@dicodusport","twitter_site":"@dicodusport","schema":{"@context":"https:\/\/schema.org","@graph":[{"@type":"NewsArticle","@id":"https:\/\/dicodusport.fr\/blog\/championnats-deurope-en-salle-2023-thiam-dans-la-legende-habz-debloque-le-compteur-francais-dans-la-2e-journee-de-competition\/#article","isPartOf":{"@id":"https:\/\/dicodusport.fr\/blog\/championnats-deurope-en-salle-2023-thiam-dans-la-legende-habz-debloque-le-compteur-francais-dans-la-2e-journee-de-competition\/"},"author":{"name":"Etienne Goursaud","@id":"https:\/\/dicodusport.fr\/blog\/#\/schema\/person\/d603dd7da31fb2b46c82b9835a77ec13"},"headline":"Championnats d&rsquo;Europe en salle 2023 : Thiam dans la l\u00e9gende, Habz d\u00e9bloque le compteur fran\u00e7ais dans la 2e journ\u00e9e de comp\u00e9tition","datePublished":"2023-03-03T19:39:31+00:00","dateModified":"2023-03-03T20:33:44+00:00","mainEntityOfPage":{"@id":"https:\/\/dicodusport.fr\/blog\/championnats-deurope-en-salle-2023-thiam-dans-la-legende-habz-debloque-le-compteur-francais-dans-la-2e-journee-de-competition\/"},"wordCount":1614,"commentCount":0,"publisher":{"@id":"https:\/\/dicodusport.fr\/blog\/#organization"},"image":{"@id":"https:\/\/dicodusport.fr\/blog\/championnats-deurope-en-salle-2023-thiam-dans-la-legende-habz-debloque-le-compteur-francais-dans-la-2e-journee-de-competition\/#primaryimage"},"thumbnailUrl":"https:\/\/dicodusport.fr\/blog\/wp-content\/uploads\/2023\/03\/Championnats-dEurope-en-salle-2023-Thiam-dans-la-legende-Habz-debloque-le-compteur-Francais-dans-la-2e-journee-de-competition.png","keywords":["athl\u00e9tisme indoor","Azeddine Habz","br\u00e8ve","Nafissatou Thiam"],"articleSection":["Championnats d'Europe d'athl\u00e9tisme"],"inLanguage":"fr-FR","potentialAction":[{"@type":"CommentAction","name":"Comment","target":["https:\/\/dicodusport.fr\/blog\/championnats-deurope-en-salle-2023-thiam-dans-la-legende-habz-debloque-le-compteur-francais-dans-la-2e-journee-de-competition\/#respond"]}],"copyrightYear":"2023","copyrightHolder":{"@id":"https:\/\/dicodusport.fr\/blog\/#organization"}},{"@type":"WebPage","@id":"https:\/\/dicodusport.fr\/blog\/championnats-deurope-en-salle-2023-thiam-dans-la-legende-habz-debloque-le-compteur-francais-dans-la-2e-journee-de-competition\/","url":"https:\/\/dicodusport.fr\/blog\/championnats-deurope-en-salle-2023-thiam-dans-la-legende-habz-debloque-le-compteur-francais-dans-la-2e-journee-de-competition\/","name":"Championnats d'Europe en salle 2023 : Thiam dans la l\u00e9gende, Habz d\u00e9bloque le compteur fran\u00e7ais dans la 2e journ\u00e9e de comp\u00e9tition","isPartOf":{"@id":"https:\/\/dicodusport.fr\/blog\/#website"},"primaryImageOfPage":{"@id":"https:\/\/dicodusport.fr\/blog\/championnats-deurope-en-salle-2023-thiam-dans-la-legende-habz-debloque-le-compteur-francais-dans-la-2e-journee-de-competition\/#primaryimage"},"image":{"@id":"https:\/\/dicodusport.fr\/blog\/championnats-deurope-en-salle-2023-thiam-dans-la-legende-habz-debloque-le-compteur-francais-dans-la-2e-journee-de-competition\/#primaryimage"},"thumbnailUrl":"https:\/\/dicodusport.fr\/blog\/wp-content\/uploads\/2023\/03\/Championnats-dEurope-en-salle-2023-Thiam-dans-la-legende-Habz-debloque-le-compteur-Francais-dans-la-2e-journee-de-competition.png","datePublished":"2023-03-03T19:39:31+00:00","dateModified":"2023-03-03T20:33:44+00:00","description":"La 2\u00e8me soir\u00e9e a \u00e9t\u00e9 marqu\u00e9e par le record du monde de Thiam au pentathlon et la premi\u00e8re m\u00e9daille fran\u00e7aise, en bronze pour Habz sur 1500.","breadcrumb":{"@id":"https:\/\/dicodusport.fr\/blog\/championnats-deurope-en-salle-2023-thiam-dans-la-legende-habz-debloque-le-compteur-francais-dans-la-2e-journee-de-competition\/#breadcrumb"},"inLanguage":"fr-FR","potentialAction":[{"@type":"ReadAction","target":["https:\/\/dicodusport.fr\/blog\/championnats-deurope-en-salle-2023-thiam-dans-la-legende-habz-debloque-le-compteur-francais-dans-la-2e-journee-de-competition\/"]}]},{"@type":"ImageObject","inLanguage":"fr-FR","@id":"https:\/\/dicodusport.fr\/blog\/championnats-deurope-en-salle-2023-thiam-dans-la-legende-habz-debloque-le-compteur-francais-dans-la-2e-journee-de-competition\/#primaryimage","url":"https:\/\/dicodusport.fr\/blog\/wp-content\/uploads\/2023\/03\/Championnats-dEurope-en-salle-2023-Thiam-dans-la-legende-Habz-debloque-le-compteur-Francais-dans-la-2e-journee-de-competition.png","contentUrl":"https:\/\/dicodusport.fr\/blog\/wp-content\/uploads\/2023\/03\/Championnats-dEurope-en-salle-2023-Thiam-dans-la-legende-Habz-debloque-le-compteur-Francais-dans-la-2e-journee-de-competition.png","width":800,"height":445,"caption":"Photo Icon Sport"},{"@type":"BreadcrumbList","@id":"https:\/\/dicodusport.fr\/blog\/championnats-deurope-en-salle-2023-thiam-dans-la-legende-habz-debloque-le-compteur-francais-dans-la-2e-journee-de-competition\/#breadcrumb","itemListElement":[{"@type":"ListItem","position":1,"name":"Accueil","item":"https:\/\/dicodusport.fr\/blog\/"},{"@type":"ListItem","position":2,"name":"Championnats d&rsquo;Europe en salle 2023 : Thiam dans la l\u00e9gende, Habz d\u00e9bloque le compteur fran\u00e7ais dans la 2e journ\u00e9e de comp\u00e9tition"}]},{"@type":"WebSite","@id":"https:\/\/dicodusport.fr\/blog\/#website","url":"https:\/\/dicodusport.fr\/blog\/","name":"Dicodusport","description":"L&#039;encyclop\u00e9die de l&#039;actualit\u00e9 sportive","publisher":{"@id":"https:\/\/dicodusport.fr\/blog\/#organization"},"potentialAction":[{"@type":"SearchAction","target":{"@type":"EntryPoint","urlTemplate":"https:\/\/dicodusport.fr\/blog\/?s={search_term_string}"},"query-input":{"@type":"PropertyValueSpecification","valueRequired":true,"valueName":"search_term_string"}}],"inLanguage":"fr-FR"},{"@type":"NewsMediaOrganization","@id":"https:\/\/dicodusport.fr\/blog\/#organization","name":"Dicodusport","url":"https:\/\/dicodusport.fr\/blog\/","logo":{"@type":"ImageObject","inLanguage":"fr-FR","@id":"https:\/\/dicodusport.fr\/blog\/#\/schema\/logo\/image\/","url":"https:\/\/dicodusport.fr\/blog\/wp-content\/uploads\/2020\/06\/cropped-LOGO-DICODUSPORT-2020-SANS-FOND-SANS-TEXTE.png","contentUrl":"https:\/\/dicodusport.fr\/blog\/wp-content\/uploads\/2020\/06\/cropped-LOGO-DICODUSPORT-2020-SANS-FOND-SANS-TEXTE.png","width":512,"height":512,"caption":"Dicodusport"},"image":{"@id":"https:\/\/dicodusport.fr\/blog\/#\/schema\/logo\/image\/"},"sameAs":["https:\/\/www.facebook.com\/dicodusport","https:\/\/x.com\/dicodusport","https:\/\/www.instagram.com\/dicodusport\/","https:\/\/www.youtube.com\/channel\/UC7V2KZ5sd3htJivAbA4ZG3w"],"description":"Dicodusport est l'encyclop\u00e9die de l'actualit\u00e9 sportive.","email":"bonjour@dicodusport.fr","legalName":"DICODUSPORT","foundingDate":"2018-01-14","vatID":"FR71834470973","taxID":"83447097300043","numberOfEmployees":{"@type":"QuantitativeValue","minValue":"1","maxValue":"10"}},{"@type":"Person","@id":"https:\/\/dicodusport.fr\/blog\/#\/schema\/person\/d603dd7da31fb2b46c82b9835a77ec13","name":"Etienne Goursaud","image":{"@type":"ImageObject","inLanguage":"fr-FR","@id":"https:\/\/dicodusport.fr\/blog\/#\/schema\/person\/image\/","url":"https:\/\/dicodusport.fr\/blog\/wp-content\/uploads\/2023\/12\/410122264_10231602061736049_5565839791558026645_n-150x150.jpg","contentUrl":"https:\/\/dicodusport.fr\/blog\/wp-content\/uploads\/2023\/12\/410122264_10231602061736049_5565839791558026645_n-150x150.jpg","caption":"Etienne Goursaud"},"description":"Journaliste et amoureux de sport. Ancien footballeur reconverti athl\u00e8te quand ses muscles le laissent tranquille. \u00c9lev\u00e9 \u00e0 la sauce des exploits de Thomas Voeckler en 2004, du dernier essai de l\u00e9gende de Eunice Barber \u00e0 la longueur lors des championnats du monde d'athl\u00e9tisme de 2003 mais aussi Zidane, Omeyer et Titou Lamaison.","url":"https:\/\/dicodusport.fr\/blog\/author\/etienne-goursaud\/"}]}},"_links":{"self":[{"href":"https:\/\/dicodusport.fr\/blog\/wp-json\/wp\/v2\/posts\/361308","targetHints":{"allow":["GET"]}}],"collection":[{"href":"https:\/\/dicodusport.fr\/blog\/wp-json\/wp\/v2\/posts"}],"about":[{"href":"https:\/\/dicodusport.fr\/blog\/wp-json\/wp\/v2\/types\/post"}],"author":[{"embeddable":true,"href":"https:\/\/dicodusport.fr\/blog\/wp-json\/wp\/v2\/users\/83"}],"replies":[{"embeddable":true,"href":"https:\/\/dicodusport.fr\/blog\/wp-json\/wp\/v2\/comments?post=361308"}],"version-history":[{"count":0,"href":"https:\/\/dicodusport.fr\/blog\/wp-json\/wp\/v2\/posts\/361308\/revisions"}],"wp:featuredmedia":[{"embeddable":true,"href":"https:\/\/dicodusport.fr\/blog\/wp-json\/wp\/v2\/media\/361484"}],"wp:attachment":[{"href":"https:\/\/dicodusport.fr\/blog\/wp-json\/wp\/v2\/media?parent=361308"}],"wp:term":[{"taxonomy":"category","embeddable":true,"href":"https:\/\/dicodusport.fr\/blog\/wp-json\/wp\/v2\/categories?post=361308"},{"taxonomy":"post_tag","embeddable":true,"href":"https:\/\/dicodusport.fr\/blog\/wp-json\/wp\/v2\/tags?post=361308"}],"curies":[{"name":"wp","href":"https:\/\/api.w.org\/{rel}","templated":true}]}}