{"id":361309,"date":"2023-03-03T17:07:17","date_gmt":"2023-03-03T16:07:17","guid":{"rendered":"https:\/\/dicodusport.fr\/blog\/?p=361309&#038;preview=true&#038;preview_id=361309"},"modified":"2023-03-03T18:37:46","modified_gmt":"2023-03-03T17:37:46","slug":"biathlon-nove-mesto-2023-marte-olsbu-roeiseland-rafle-le-sprint-podium-pour-anais-chevalier-bouchet","status":"publish","type":"post","link":"https:\/\/dicodusport.fr\/blog\/biathlon-nove-mesto-2023-marte-olsbu-roeiseland-rafle-le-sprint-podium-pour-anais-chevalier-bouchet\/","title":{"rendered":"Biathlon Nove Mesto 2023 : Marte Olsbu Roeiseland rafle le sprint, podium pour Ana\u00efs Chevalier-Bouchet"},"content":{"rendered":"<p style=\"text-align: justify;\" align=\"justify\"><em><strong>BIATHLON NOVE MESTO 2023 &#8211; Marte Olsbu Roeiseland signe sa premi\u00e8re victoire individuelle de la saison sur le sprint de Nove Mesto (R\u00e9publique Tch\u00e8que). Julia Simon (9e) creuse l&rsquo;\u00e9cart sur Elvira Oeberg au classement g\u00e9n\u00e9ral. Ingrid Tandrevold prend la deuxi\u00e8me place de la course. Ana\u00efs Chevalier-Bouchet est sur le podium (3e)<\/strong><\/em><\/p>\n<p style=\"text-align: justify;\">La fin de saison approche, mais plus que jamais, elle est passionnante dans ce biathlon f\u00e9minin. Qui livre des enseignements quasiment \u00e0 chaque course. Aujourd&rsquo;hui, sur le sprint de Nove Mesto, on retient trois choses. La premi\u00e8re c&rsquo;est que <strong>Marte Olsbu Roiseland<\/strong> est une grande championne. La Norv\u00e9gienne signe sa premi\u00e8re victoire de la saison aujourd&rsquo;hui. En dominant la course de la t\u00eate et des \u00e9paules. La deuxi\u00e8me, c&rsquo;est qu&rsquo;il ne faut jamais enterrer <strong>Ana\u00efs Chevalier-Bouchet<\/strong>. La Fran\u00e7aise signe son troisi\u00e8me podium de la saison, apr\u00e8s les mass start du Grand Bornand et Ruhpolding.<\/p>\n<p style=\"text-align: justify;\">Enfin, \u00e0 d\u00e9faut de gagner, il faut savoir jouer plac\u00e9. <strong>Julia Simon<\/strong>\u00a0vient de mettre un petit coup sur la t\u00eate d&rsquo;une <strong>Elvira Oeberg<\/strong> qui a rat\u00e9 sa course. La Fran\u00e7aise (9e) lui reprend de gros points, car la Su\u00e9doise a rat\u00e9 sa course, puisque class\u00e9e hors du top 60. Elle ne marque aucun point et est \u00e9ject\u00e9e de la poursuite.<\/p>\n<h2 style=\"text-align: justify;\">Les s\u0153urs Oeberg explosent sur le couch\u00e9<\/h2>\n<p style=\"text-align: justify;\">Si <strong>Julia Simon<\/strong> n&rsquo;a pas pu faire \u00ab\u00a0mieux\u00a0\u00bb que sa 9e place, c&rsquo;est \u00e0 cause d&rsquo;une petite faute sur le tir couch\u00e9. <strong>Lisa Vittozzi<\/strong> fut la premi\u00e8re favorite \u00e0 faire le plein au couch\u00e9, malgr\u00e9 une petite tendance \u00e0 droite au d\u00e9but. Elle est imit\u00e9e par <strong>Vanessa Voigt<\/strong>, toujours une redoutable outsider et bonne tireuse. Mais surtout par la Norv\u00e9gienne <strong>Marte Olsbu Roeiseland<\/strong>. La Norv\u00e9gienne prend m\u00eame le lead, avec une belle avance sur tout le monde. Ce n&rsquo;est malheureusement pas le cas de <strong>Julia Simon<\/strong>, comme \u00e9voqu\u00e9 plus haut. La Fran\u00e7aise repart du pas de tir avec un 4\/5, comme <strong>Denise Hermann-Wick<\/strong> ou <strong>Marketa Davidova<\/strong>. Et apr\u00e8s le passage d&rsquo;<strong>Elvira Oeberg<\/strong>, on se dit m\u00eame que la Fran\u00e7aise fait une excellente op\u00e9ration. Car la Su\u00e9doise, dauphine de la Fran\u00e7aise, part trois fois \u00e0 la faute. M\u00eame tarif pour sa grande s\u0153ur <strong>Hanna Oeberg<\/strong>. Les deux Su\u00e9doises perdent la course d&rsquo;entr\u00e9e.<\/p>\n<p style=\"text-align: justify;\">Et \u00e0 ce moment-l\u00e0 de la course, <strong>Julia Simon<\/strong> n&rsquo;est certes pas dans le top 10, mais on sent poindre la tr\u00e8s bonne op\u00e9ration au g\u00e9n\u00e9ral. C&rsquo;est m\u00eame le grand sourire en \u00e9quipe de France, avec le plein pour<strong> Lou Jeanmonnot<\/strong> et<strong> Ana\u00efs Chevalier-Bouchet<\/strong> qui sort un couch\u00e9 correct, avec une faute. Pour elle, le meilleur est encore \u00e0 venir.<\/p>\n<h2 style=\"text-align: justify;\">Marte Olsbu Roiseland de retour<\/h2>\n<p style=\"text-align: justify;\">Et <strong>Julia Simon<\/strong> continue de construire sa course. Tout \u00e0 fait dans le coup, elle signe un 5\/5 sur le tir debout, pour ressortir entre <strong>Denise Hermann-Wick<\/strong> qui a fait \u00e9galement une faute sur le debout et 9\/10 au total. La Fran\u00e7aise est juste derri\u00e8re <strong>Lisa Vittozzi<\/strong>, qui est elle partie \u00e0 la faute sur le debout, tandis que <strong>Vanessa Voigt<\/strong> signe le premier 10\/10, pour prendre la t\u00eate. <strong>Julia Simon<\/strong>, malade apr\u00e8s les Mondiaux, n&rsquo;a pas la m\u00eame forme \u00e0 skis que sur certaines manches de coupe du monde. Elle termine \u00e0 la 4e place provisoire, plac\u00e9e pour la poursuite, m\u00eame si elle reculera au fil des concurrentes qui arrivent derri\u00e8re elle.<\/p>\n<blockquote class=\"twitter-tweet\">\n<p dir=\"ltr\" lang=\"fr\">Julia Simon accroche la 4e place provisoire du sprint <a href=\"https:\/\/twitter.com\/hashtag\/lequipeBIATHLON?src=hash&amp;ref_src=twsrc%5Etfw\">#lequipeBIATHLON<\/a> <a href=\"https:\/\/t.co\/9bXna1X3ad\">pic.twitter.com\/9bXna1X3ad<\/a><\/p>\n<p>\u2014 la chaine L&rsquo;\u00c9quipe (@lachainelequipe) <a href=\"https:\/\/twitter.com\/lachainelequipe\/status\/1631680519090974722?ref_src=twsrc%5Etfw\">March 3, 2023<\/a><\/p><\/blockquote>\n<p style=\"text-align: justify;\"><script async src=\"https:\/\/platform.twitter.com\/widgets.js\" charset=\"utf-8\"><\/script><br \/>\nC\u00f4t\u00e9 Fran\u00e7aises, cela continue de sourire pour <strong>Ana\u00efs Chevalier-Bouchet<\/strong> qui fait le plein sur le debout, elle aussi comme <strong>Julia Simon<\/strong> \u00e0 9\/10. Elle ressort alors \u00e0 la 3e place provisoire sur le pas de tir. Et l&rsquo;ain\u00e9e des s\u0153urs <strong>Chevalier<\/strong> marche bien \u00e0 ski, dans un site de Nove Mesto qui lui r\u00e9ussit bien, l\u00e0 o\u00f9 elle avait d\u00e9croch\u00e9 une victoire en 2018. Et elle prend la 2e place provisoire. Mais de suite doubl\u00e9e par <strong>Ingrid Tandrevold<\/strong>, qui a sign\u00e9 le meilleur temps \u00e0 ski. Mais celle qui assomme la course est<strong> Marte Olsbu Roiseland<\/strong>. La Norv\u00e9gienne, qui n&rsquo;a pas disput\u00e9 le d\u00e9but de saison, est de retour \u00e0 son meilleur niveau. Elle signe aussi un \u00e9norme 10\/10. A ceci pr\u00e8s qu&rsquo;elle skie beaucoup plus vite.<\/p>\n<p style=\"text-align: justify;\">Elle ressort avec 29.7 secondes d&rsquo;avance sur <strong>Vanessa Voigt<\/strong>. Et elle a su terminer fort, pour s&rsquo;imposer avec 20.5 secondes d&rsquo;avance sur sa compatriote <strong>Ingrid Tandrevold<\/strong> et 29.3 sur <strong>Ana\u00efs Chevalier-Bouchet<\/strong>. Qui aura vu <strong>Lisa Theresa Hauser<\/strong> menacer sa 3e place jusqu&rsquo;au bout. Fort heureusement, pour la Fran\u00e7aise, l&rsquo;Autrichienne a eu beau tirer \u00e0 10\/10, les skis n&rsquo;\u00e9taient pas au rendez-vous.<\/p>\n<h2 style=\"text-align: justify;\">Elvira Oeberg \u00e9ject\u00e9e des points et de la poursuite<\/h2>\n<p style=\"text-align: justify;\">Les s\u0153urs <strong>Oeberg<\/strong> font le plein sur le tir debout, apr\u00e8s un couch\u00e9 totalement rat\u00e9, mais <strong>Elvira<\/strong> ne ressort que 21e du second tir, bien loin de <strong>Julia Simon<\/strong>. La sanction sera lourde pour la 2e du classement g\u00e9n\u00e9ral, car elle est en grande difficult\u00e9 sur les skis. Elle est \u00e9ject\u00e9e au-del\u00e0 de la 30e place sur le sprint. Tout b\u00e9n\u00e9fice pour la Fran\u00e7aise qui va lui reprendre de tr\u00e8s gros points sur le sprint. Et qui pourrait bien enfoncer le clou demain sur la poursuite. Elle marque 32 points contre 0 pour la Su\u00e9doise. Pire encore, au-del\u00e0 de la 60e place, elle ne disputera pas la poursuite demain.<\/p>\n<blockquote class=\"twitter-tweet\">\n<p dir=\"ltr\" lang=\"und\">\u26aa\ufe0f\u26aa\ufe0f\u26aa\ufe0f\u26aa\ufe0f\u26aa\ufe0f<br \/>\n\u26aa\ufe0f\u26aa\ufe0f\u26aa\ufe0f\u26aa\ufe0f\u26aa\ufe0f<\/p>\n<p>Marte Olsbu Roeiseland ! <a href=\"https:\/\/twitter.com\/hashtag\/lequipeBIATHLON?src=hash&amp;ref_src=twsrc%5Etfw\">#lequipeBIATHLON<\/a> <a href=\"https:\/\/t.co\/2VK2bmophI\">pic.twitter.com\/2VK2bmophI<\/a><\/p>\n<p>\u2014 la chaine L&rsquo;\u00c9quipe (@lachainelequipe) <a href=\"https:\/\/twitter.com\/lachainelequipe\/status\/1631679399106846721?ref_src=twsrc%5Etfw\">March 3, 2023<\/a><\/p><\/blockquote>\n<p style=\"text-align: justify;\"><script async src=\"https:\/\/platform.twitter.com\/widgets.js\" charset=\"utf-8\"><\/script><\/p>\n<h2 style=\"text-align: justify;\">\u00c0 lire aussi<\/h2>\n<ul>\n<li style=\"text-align: justify;\"><a href=\"https:\/\/dicodusport.fr\/blog\/biathlon-nove-mesto-2023-classement-sprint-femmes\/\"><strong>Le classement du sprint<\/strong><\/a><strong><br \/>\n<\/strong><\/li>\n<li style=\"text-align: justify;\"><a href=\"https:\/\/dicodusport.fr\/blog\/coupe-du-monde-biathlon-classement-general-femmes\/\"><strong>Le classement g\u00e9n\u00e9ral de la Coupe du monde de biathlon<\/strong><\/a><\/li>\n<li style=\"text-align: justify;\"><a href=\"https:\/\/dicodusport.fr\/blog\/coupe-du-monde-biathlon-classement-petit-globe-sprint-femmes\/\"><strong>Le classement du petit globe du sprint<\/strong><\/a><\/li>\n<li style=\"text-align: justify;\"><a href=\"https:\/\/dicodusport.fr\/blog\/biathlon-kontiolahti-2022-programme-complet-et-resultats\/\"><strong>Le calendrier complet de la Coupe du monde de biathlon 2022-2023<\/strong><\/a><\/li>\n<\/ul>\n","protected":false},"excerpt":{"rendered":"<p>BIATHLON NOVE MESTO 2023 &#8211; Marte Olsbu Roeiseland signe sa premi\u00e8re victoire individuelle de la saison sur le sprint de\u00a0 Nove Mesto (R\u00e9publique Tch\u00e8que). Julia Simon (9e) creuse l&rsquo;\u00e9cart sur Elvira Oeberg au classement g\u00e9n\u00e9ral. Ingrid Tandrevold prend la seconde place de la course. Ana\u00efs Chevalier-Bouchet est sur le podium (3e)<\/p>\n","protected":false},"author":83,"featured_media":361407,"comment_status":"open","ping_status":"closed","sticky":false,"template":"","format":"standard","meta":{"_acf_changed":false,"_daextam_enable_autolinks":"","footnotes":""},"categories":[47040],"tags":[19936,16878,7260,24],"class_list":["post-361309","post","type-post","status-publish","format-standard","has-post-thumbnail","hentry","category-coupe-du-monde-de-biathlon","tag-anais-chevalier-bouchet","tag-breve","tag-marte-olsbu-roeiseland","tag-sport"],"acf":[],"yoast_head":"<!-- This site is optimized with the Yoast SEO Premium plugin v26.7 (Yoast SEO v26.7) - https:\/\/yoast.com\/wordpress\/plugins\/seo\/ -->\n<title>Biathlon Nove Mesto 2023 : Marte Olsbu Roeiseland rafle le sprint, podium pour Ana\u00efs Chevalier-Bouchet<\/title>\n<meta name=\"description\" content=\"BIATHLON NOVE MESTO 2023 - Marte Olsbu Roeiseland signe sa premi\u00e8re victoire individuelle de la saison sur le sprint de\u00a0 Nove Mesto.\" \/>\n<meta name=\"robots\" content=\"index, follow, max-snippet:-1, max-image-preview:large, max-video-preview:-1\" \/>\n<link rel=\"canonical\" href=\"https:\/\/dicodusport.fr\/blog\/biathlon-nove-mesto-2023-marte-olsbu-roeiseland-rafle-le-sprint-podium-pour-anais-chevalier-bouchet\/\" \/>\n<meta property=\"og:locale\" content=\"fr_FR\" \/>\n<meta property=\"og:type\" content=\"article\" \/>\n<meta property=\"og:title\" content=\"Biathlon Nove Mesto 2023 : Marte Olsbu Roeiseland rafle le sprint, podium pour Ana\u00efs Chevalier-Bouchet\" \/>\n<meta property=\"og:description\" content=\"BIATHLON NOVE MESTO 2023 - Marte Olsbu Roeiseland signe sa premi\u00e8re victoire individuelle de la saison sur le sprint de\u00a0 Nove Mesto.\" \/>\n<meta property=\"og:url\" content=\"https:\/\/dicodusport.fr\/blog\/biathlon-nove-mesto-2023-marte-olsbu-roeiseland-rafle-le-sprint-podium-pour-anais-chevalier-bouchet\/\" \/>\n<meta property=\"og:site_name\" content=\"Dicodusport\" \/>\n<meta property=\"article:publisher\" content=\"https:\/\/www.facebook.com\/dicodusport\" \/>\n<meta property=\"article:published_time\" content=\"2023-03-03T16:07:17+00:00\" \/>\n<meta property=\"article:modified_time\" content=\"2023-03-03T17:37:46+00:00\" \/>\n<meta property=\"og:image\" content=\"https:\/\/dicodusport.fr\/blog\/wp-content\/uploads\/2023\/03\/Biathlon-Nove-Mesto-2023-Marte-Olsbu-Roeiseland-rafle-le-sprint-podium-pour-Anais-Chevalier-Bouchet-1.png\" \/>\n\t<meta property=\"og:image:width\" content=\"800\" \/>\n\t<meta property=\"og:image:height\" content=\"445\" \/>\n\t<meta property=\"og:image:type\" content=\"image\/png\" \/>\n<meta name=\"author\" content=\"Etienne Goursaud\" \/>\n<meta name=\"twitter:card\" content=\"summary_large_image\" \/>\n<meta name=\"twitter:title\" content=\"Biathlon Nove Mesto 2023 : Marte Olsbu Roeiseland rafle le sprint, podium pour Ana\u00efs Chevalier-Bouchet\" \/>\n<meta name=\"twitter:creator\" content=\"@dicodusport\" \/>\n<meta name=\"twitter:site\" content=\"@dicodusport\" \/>\n<script type=\"application\/ld+json\" class=\"yoast-schema-graph\">{\"@context\":\"https:\/\/schema.org\",\"@graph\":[{\"@type\":\"NewsArticle\",\"@id\":\"https:\/\/dicodusport.fr\/blog\/biathlon-nove-mesto-2023-marte-olsbu-roeiseland-rafle-le-sprint-podium-pour-anais-chevalier-bouchet\/#article\",\"isPartOf\":{\"@id\":\"https:\/\/dicodusport.fr\/blog\/biathlon-nove-mesto-2023-marte-olsbu-roeiseland-rafle-le-sprint-podium-pour-anais-chevalier-bouchet\/\"},\"author\":{\"name\":\"Etienne Goursaud\",\"@id\":\"https:\/\/dicodusport.fr\/blog\/#\/schema\/person\/d603dd7da31fb2b46c82b9835a77ec13\"},\"headline\":\"Biathlon Nove Mesto 2023 : Marte Olsbu Roeiseland rafle le sprint, podium pour Ana\u00efs Chevalier-Bouchet\",\"datePublished\":\"2023-03-03T16:07:17+00:00\",\"dateModified\":\"2023-03-03T17:37:46+00:00\",\"mainEntityOfPage\":{\"@id\":\"https:\/\/dicodusport.fr\/blog\/biathlon-nove-mesto-2023-marte-olsbu-roeiseland-rafle-le-sprint-podium-pour-anais-chevalier-bouchet\/\"},\"wordCount\":1005,\"commentCount\":0,\"publisher\":{\"@id\":\"https:\/\/dicodusport.fr\/blog\/#organization\"},\"image\":{\"@id\":\"https:\/\/dicodusport.fr\/blog\/biathlon-nove-mesto-2023-marte-olsbu-roeiseland-rafle-le-sprint-podium-pour-anais-chevalier-bouchet\/#primaryimage\"},\"thumbnailUrl\":\"https:\/\/dicodusport.fr\/blog\/wp-content\/uploads\/2023\/03\/Biathlon-Nove-Mesto-2023-Marte-Olsbu-Roeiseland-rafle-le-sprint-podium-pour-Anais-Chevalier-Bouchet-1.png\",\"keywords\":[\"Ana\u00efs Chevalier-Bouchet\",\"br\u00e8ve\",\"Marte Olsbu Roeiseland\",\"sport\"],\"articleSection\":[\"Coupe du monde de biathlon\"],\"inLanguage\":\"fr-FR\",\"potentialAction\":[{\"@type\":\"CommentAction\",\"name\":\"Comment\",\"target\":[\"https:\/\/dicodusport.fr\/blog\/biathlon-nove-mesto-2023-marte-olsbu-roeiseland-rafle-le-sprint-podium-pour-anais-chevalier-bouchet\/#respond\"]}],\"copyrightYear\":\"2023\",\"copyrightHolder\":{\"@id\":\"https:\/\/dicodusport.fr\/blog\/#organization\"}},{\"@type\":\"WebPage\",\"@id\":\"https:\/\/dicodusport.fr\/blog\/biathlon-nove-mesto-2023-marte-olsbu-roeiseland-rafle-le-sprint-podium-pour-anais-chevalier-bouchet\/\",\"url\":\"https:\/\/dicodusport.fr\/blog\/biathlon-nove-mesto-2023-marte-olsbu-roeiseland-rafle-le-sprint-podium-pour-anais-chevalier-bouchet\/\",\"name\":\"Biathlon Nove Mesto 2023 : Marte Olsbu Roeiseland rafle le sprint, podium pour Ana\u00efs Chevalier-Bouchet\",\"isPartOf\":{\"@id\":\"https:\/\/dicodusport.fr\/blog\/#website\"},\"primaryImageOfPage\":{\"@id\":\"https:\/\/dicodusport.fr\/blog\/biathlon-nove-mesto-2023-marte-olsbu-roeiseland-rafle-le-sprint-podium-pour-anais-chevalier-bouchet\/#primaryimage\"},\"image\":{\"@id\":\"https:\/\/dicodusport.fr\/blog\/biathlon-nove-mesto-2023-marte-olsbu-roeiseland-rafle-le-sprint-podium-pour-anais-chevalier-bouchet\/#primaryimage\"},\"thumbnailUrl\":\"https:\/\/dicodusport.fr\/blog\/wp-content\/uploads\/2023\/03\/Biathlon-Nove-Mesto-2023-Marte-Olsbu-Roeiseland-rafle-le-sprint-podium-pour-Anais-Chevalier-Bouchet-1.png\",\"datePublished\":\"2023-03-03T16:07:17+00:00\",\"dateModified\":\"2023-03-03T17:37:46+00:00\",\"description\":\"BIATHLON NOVE MESTO 2023 - Marte Olsbu Roeiseland signe sa premi\u00e8re victoire individuelle de la saison sur le sprint de\u00a0 Nove Mesto.\",\"breadcrumb\":{\"@id\":\"https:\/\/dicodusport.fr\/blog\/biathlon-nove-mesto-2023-marte-olsbu-roeiseland-rafle-le-sprint-podium-pour-anais-chevalier-bouchet\/#breadcrumb\"},\"inLanguage\":\"fr-FR\",\"potentialAction\":[{\"@type\":\"ReadAction\",\"target\":[\"https:\/\/dicodusport.fr\/blog\/biathlon-nove-mesto-2023-marte-olsbu-roeiseland-rafle-le-sprint-podium-pour-anais-chevalier-bouchet\/\"]}]},{\"@type\":\"ImageObject\",\"inLanguage\":\"fr-FR\",\"@id\":\"https:\/\/dicodusport.fr\/blog\/biathlon-nove-mesto-2023-marte-olsbu-roeiseland-rafle-le-sprint-podium-pour-anais-chevalier-bouchet\/#primaryimage\",\"url\":\"https:\/\/dicodusport.fr\/blog\/wp-content\/uploads\/2023\/03\/Biathlon-Nove-Mesto-2023-Marte-Olsbu-Roeiseland-rafle-le-sprint-podium-pour-Anais-Chevalier-Bouchet-1.png\",\"contentUrl\":\"https:\/\/dicodusport.fr\/blog\/wp-content\/uploads\/2023\/03\/Biathlon-Nove-Mesto-2023-Marte-Olsbu-Roeiseland-rafle-le-sprint-podium-pour-Anais-Chevalier-Bouchet-1.png\",\"width\":800,\"height\":445,\"caption\":\"Biathlon Nove Mesto\"},{\"@type\":\"BreadcrumbList\",\"@id\":\"https:\/\/dicodusport.fr\/blog\/biathlon-nove-mesto-2023-marte-olsbu-roeiseland-rafle-le-sprint-podium-pour-anais-chevalier-bouchet\/#breadcrumb\",\"itemListElement\":[{\"@type\":\"ListItem\",\"position\":1,\"name\":\"Accueil\",\"item\":\"https:\/\/dicodusport.fr\/blog\/\"},{\"@type\":\"ListItem\",\"position\":2,\"name\":\"Biathlon Nove Mesto 2023 : Marte Olsbu Roeiseland rafle le sprint, podium pour Ana\u00efs Chevalier-Bouchet\"}]},{\"@type\":\"WebSite\",\"@id\":\"https:\/\/dicodusport.fr\/blog\/#website\",\"url\":\"https:\/\/dicodusport.fr\/blog\/\",\"name\":\"Dicodusport\",\"description\":\"L&#039;encyclop\u00e9die de l&#039;actualit\u00e9 sportive\",\"publisher\":{\"@id\":\"https:\/\/dicodusport.fr\/blog\/#organization\"},\"potentialAction\":[{\"@type\":\"SearchAction\",\"target\":{\"@type\":\"EntryPoint\",\"urlTemplate\":\"https:\/\/dicodusport.fr\/blog\/?s={search_term_string}\"},\"query-input\":{\"@type\":\"PropertyValueSpecification\",\"valueRequired\":true,\"valueName\":\"search_term_string\"}}],\"inLanguage\":\"fr-FR\"},{\"@type\":\"NewsMediaOrganization\",\"@id\":\"https:\/\/dicodusport.fr\/blog\/#organization\",\"name\":\"Dicodusport\",\"url\":\"https:\/\/dicodusport.fr\/blog\/\",\"logo\":{\"@type\":\"ImageObject\",\"inLanguage\":\"fr-FR\",\"@id\":\"https:\/\/dicodusport.fr\/blog\/#\/schema\/logo\/image\/\",\"url\":\"https:\/\/dicodusport.fr\/blog\/wp-content\/uploads\/2020\/06\/cropped-LOGO-DICODUSPORT-2020-SANS-FOND-SANS-TEXTE.png\",\"contentUrl\":\"https:\/\/dicodusport.fr\/blog\/wp-content\/uploads\/2020\/06\/cropped-LOGO-DICODUSPORT-2020-SANS-FOND-SANS-TEXTE.png\",\"width\":512,\"height\":512,\"caption\":\"Dicodusport\"},\"image\":{\"@id\":\"https:\/\/dicodusport.fr\/blog\/#\/schema\/logo\/image\/\"},\"sameAs\":[\"https:\/\/www.facebook.com\/dicodusport\",\"https:\/\/x.com\/dicodusport\",\"https:\/\/www.instagram.com\/dicodusport\/\",\"https:\/\/www.youtube.com\/channel\/UC7V2KZ5sd3htJivAbA4ZG3w\"],\"description\":\"Dicodusport est l'encyclop\u00e9die de l'actualit\u00e9 sportive.\",\"email\":\"bonjour@dicodusport.fr\",\"legalName\":\"DICODUSPORT\",\"foundingDate\":\"2018-01-14\",\"vatID\":\"FR71834470973\",\"taxID\":\"83447097300043\",\"numberOfEmployees\":{\"@type\":\"QuantitativeValue\",\"minValue\":\"1\",\"maxValue\":\"10\"}},{\"@type\":\"Person\",\"@id\":\"https:\/\/dicodusport.fr\/blog\/#\/schema\/person\/d603dd7da31fb2b46c82b9835a77ec13\",\"name\":\"Etienne Goursaud\",\"image\":{\"@type\":\"ImageObject\",\"inLanguage\":\"fr-FR\",\"@id\":\"https:\/\/dicodusport.fr\/blog\/#\/schema\/person\/image\/\",\"url\":\"https:\/\/dicodusport.fr\/blog\/wp-content\/uploads\/2023\/12\/410122264_10231602061736049_5565839791558026645_n-150x150.jpg\",\"contentUrl\":\"https:\/\/dicodusport.fr\/blog\/wp-content\/uploads\/2023\/12\/410122264_10231602061736049_5565839791558026645_n-150x150.jpg\",\"caption\":\"Etienne Goursaud\"},\"description\":\"Journaliste et amoureux de sport. Ancien footballeur reconverti athl\u00e8te quand ses muscles le laissent tranquille. \u00c9lev\u00e9 \u00e0 la sauce des exploits de Thomas Voeckler en 2004, du dernier essai de l\u00e9gende de Eunice Barber \u00e0 la longueur lors des championnats du monde d'athl\u00e9tisme de 2003 mais aussi Zidane, Omeyer et Titou Lamaison.\",\"url\":\"https:\/\/dicodusport.fr\/blog\/author\/etienne-goursaud\/\"}]}<\/script>\n<!-- \/ Yoast SEO Premium plugin. -->","yoast_head_json":{"title":"Biathlon Nove Mesto 2023 : Marte Olsbu Roeiseland rafle le sprint, podium pour Ana\u00efs Chevalier-Bouchet","description":"BIATHLON NOVE MESTO 2023 - Marte Olsbu Roeiseland signe sa premi\u00e8re victoire individuelle de la saison sur le sprint de\u00a0 Nove Mesto.","robots":{"index":"index","follow":"follow","max-snippet":"max-snippet:-1","max-image-preview":"max-image-preview:large","max-video-preview":"max-video-preview:-1"},"canonical":"https:\/\/dicodusport.fr\/blog\/biathlon-nove-mesto-2023-marte-olsbu-roeiseland-rafle-le-sprint-podium-pour-anais-chevalier-bouchet\/","og_locale":"fr_FR","og_type":"article","og_title":"Biathlon Nove Mesto 2023 : Marte Olsbu Roeiseland rafle le sprint, podium pour Ana\u00efs Chevalier-Bouchet","og_description":"BIATHLON NOVE MESTO 2023 - Marte Olsbu Roeiseland signe sa premi\u00e8re victoire individuelle de la saison sur le sprint de\u00a0 Nove Mesto.","og_url":"https:\/\/dicodusport.fr\/blog\/biathlon-nove-mesto-2023-marte-olsbu-roeiseland-rafle-le-sprint-podium-pour-anais-chevalier-bouchet\/","og_site_name":"Dicodusport","article_publisher":"https:\/\/www.facebook.com\/dicodusport","article_published_time":"2023-03-03T16:07:17+00:00","article_modified_time":"2023-03-03T17:37:46+00:00","og_image":[{"width":800,"height":445,"url":"https:\/\/dicodusport.fr\/blog\/wp-content\/uploads\/2023\/03\/Biathlon-Nove-Mesto-2023-Marte-Olsbu-Roeiseland-rafle-le-sprint-podium-pour-Anais-Chevalier-Bouchet-1.png","type":"image\/png"}],"author":"Etienne Goursaud","twitter_card":"summary_large_image","twitter_title":"Biathlon Nove Mesto 2023 : Marte Olsbu Roeiseland rafle le sprint, podium pour Ana\u00efs Chevalier-Bouchet","twitter_creator":"@dicodusport","twitter_site":"@dicodusport","schema":{"@context":"https:\/\/schema.org","@graph":[{"@type":"NewsArticle","@id":"https:\/\/dicodusport.fr\/blog\/biathlon-nove-mesto-2023-marte-olsbu-roeiseland-rafle-le-sprint-podium-pour-anais-chevalier-bouchet\/#article","isPartOf":{"@id":"https:\/\/dicodusport.fr\/blog\/biathlon-nove-mesto-2023-marte-olsbu-roeiseland-rafle-le-sprint-podium-pour-anais-chevalier-bouchet\/"},"author":{"name":"Etienne Goursaud","@id":"https:\/\/dicodusport.fr\/blog\/#\/schema\/person\/d603dd7da31fb2b46c82b9835a77ec13"},"headline":"Biathlon Nove Mesto 2023 : Marte Olsbu Roeiseland rafle le sprint, podium pour Ana\u00efs Chevalier-Bouchet","datePublished":"2023-03-03T16:07:17+00:00","dateModified":"2023-03-03T17:37:46+00:00","mainEntityOfPage":{"@id":"https:\/\/dicodusport.fr\/blog\/biathlon-nove-mesto-2023-marte-olsbu-roeiseland-rafle-le-sprint-podium-pour-anais-chevalier-bouchet\/"},"wordCount":1005,"commentCount":0,"publisher":{"@id":"https:\/\/dicodusport.fr\/blog\/#organization"},"image":{"@id":"https:\/\/dicodusport.fr\/blog\/biathlon-nove-mesto-2023-marte-olsbu-roeiseland-rafle-le-sprint-podium-pour-anais-chevalier-bouchet\/#primaryimage"},"thumbnailUrl":"https:\/\/dicodusport.fr\/blog\/wp-content\/uploads\/2023\/03\/Biathlon-Nove-Mesto-2023-Marte-Olsbu-Roeiseland-rafle-le-sprint-podium-pour-Anais-Chevalier-Bouchet-1.png","keywords":["Ana\u00efs Chevalier-Bouchet","br\u00e8ve","Marte Olsbu Roeiseland","sport"],"articleSection":["Coupe du monde de biathlon"],"inLanguage":"fr-FR","potentialAction":[{"@type":"CommentAction","name":"Comment","target":["https:\/\/dicodusport.fr\/blog\/biathlon-nove-mesto-2023-marte-olsbu-roeiseland-rafle-le-sprint-podium-pour-anais-chevalier-bouchet\/#respond"]}],"copyrightYear":"2023","copyrightHolder":{"@id":"https:\/\/dicodusport.fr\/blog\/#organization"}},{"@type":"WebPage","@id":"https:\/\/dicodusport.fr\/blog\/biathlon-nove-mesto-2023-marte-olsbu-roeiseland-rafle-le-sprint-podium-pour-anais-chevalier-bouchet\/","url":"https:\/\/dicodusport.fr\/blog\/biathlon-nove-mesto-2023-marte-olsbu-roeiseland-rafle-le-sprint-podium-pour-anais-chevalier-bouchet\/","name":"Biathlon Nove Mesto 2023 : Marte Olsbu Roeiseland rafle le sprint, podium pour Ana\u00efs Chevalier-Bouchet","isPartOf":{"@id":"https:\/\/dicodusport.fr\/blog\/#website"},"primaryImageOfPage":{"@id":"https:\/\/dicodusport.fr\/blog\/biathlon-nove-mesto-2023-marte-olsbu-roeiseland-rafle-le-sprint-podium-pour-anais-chevalier-bouchet\/#primaryimage"},"image":{"@id":"https:\/\/dicodusport.fr\/blog\/biathlon-nove-mesto-2023-marte-olsbu-roeiseland-rafle-le-sprint-podium-pour-anais-chevalier-bouchet\/#primaryimage"},"thumbnailUrl":"https:\/\/dicodusport.fr\/blog\/wp-content\/uploads\/2023\/03\/Biathlon-Nove-Mesto-2023-Marte-Olsbu-Roeiseland-rafle-le-sprint-podium-pour-Anais-Chevalier-Bouchet-1.png","datePublished":"2023-03-03T16:07:17+00:00","dateModified":"2023-03-03T17:37:46+00:00","description":"BIATHLON NOVE MESTO 2023 - Marte Olsbu Roeiseland signe sa premi\u00e8re victoire individuelle de la saison sur le sprint de\u00a0 Nove Mesto.","breadcrumb":{"@id":"https:\/\/dicodusport.fr\/blog\/biathlon-nove-mesto-2023-marte-olsbu-roeiseland-rafle-le-sprint-podium-pour-anais-chevalier-bouchet\/#breadcrumb"},"inLanguage":"fr-FR","potentialAction":[{"@type":"ReadAction","target":["https:\/\/dicodusport.fr\/blog\/biathlon-nove-mesto-2023-marte-olsbu-roeiseland-rafle-le-sprint-podium-pour-anais-chevalier-bouchet\/"]}]},{"@type":"ImageObject","inLanguage":"fr-FR","@id":"https:\/\/dicodusport.fr\/blog\/biathlon-nove-mesto-2023-marte-olsbu-roeiseland-rafle-le-sprint-podium-pour-anais-chevalier-bouchet\/#primaryimage","url":"https:\/\/dicodusport.fr\/blog\/wp-content\/uploads\/2023\/03\/Biathlon-Nove-Mesto-2023-Marte-Olsbu-Roeiseland-rafle-le-sprint-podium-pour-Anais-Chevalier-Bouchet-1.png","contentUrl":"https:\/\/dicodusport.fr\/blog\/wp-content\/uploads\/2023\/03\/Biathlon-Nove-Mesto-2023-Marte-Olsbu-Roeiseland-rafle-le-sprint-podium-pour-Anais-Chevalier-Bouchet-1.png","width":800,"height":445,"caption":"Biathlon Nove Mesto"},{"@type":"BreadcrumbList","@id":"https:\/\/dicodusport.fr\/blog\/biathlon-nove-mesto-2023-marte-olsbu-roeiseland-rafle-le-sprint-podium-pour-anais-chevalier-bouchet\/#breadcrumb","itemListElement":[{"@type":"ListItem","position":1,"name":"Accueil","item":"https:\/\/dicodusport.fr\/blog\/"},{"@type":"ListItem","position":2,"name":"Biathlon Nove Mesto 2023 : Marte Olsbu Roeiseland rafle le sprint, podium pour Ana\u00efs Chevalier-Bouchet"}]},{"@type":"WebSite","@id":"https:\/\/dicodusport.fr\/blog\/#website","url":"https:\/\/dicodusport.fr\/blog\/","name":"Dicodusport","description":"L&#039;encyclop\u00e9die de l&#039;actualit\u00e9 sportive","publisher":{"@id":"https:\/\/dicodusport.fr\/blog\/#organization"},"potentialAction":[{"@type":"SearchAction","target":{"@type":"EntryPoint","urlTemplate":"https:\/\/dicodusport.fr\/blog\/?s={search_term_string}"},"query-input":{"@type":"PropertyValueSpecification","valueRequired":true,"valueName":"search_term_string"}}],"inLanguage":"fr-FR"},{"@type":"NewsMediaOrganization","@id":"https:\/\/dicodusport.fr\/blog\/#organization","name":"Dicodusport","url":"https:\/\/dicodusport.fr\/blog\/","logo":{"@type":"ImageObject","inLanguage":"fr-FR","@id":"https:\/\/dicodusport.fr\/blog\/#\/schema\/logo\/image\/","url":"https:\/\/dicodusport.fr\/blog\/wp-content\/uploads\/2020\/06\/cropped-LOGO-DICODUSPORT-2020-SANS-FOND-SANS-TEXTE.png","contentUrl":"https:\/\/dicodusport.fr\/blog\/wp-content\/uploads\/2020\/06\/cropped-LOGO-DICODUSPORT-2020-SANS-FOND-SANS-TEXTE.png","width":512,"height":512,"caption":"Dicodusport"},"image":{"@id":"https:\/\/dicodusport.fr\/blog\/#\/schema\/logo\/image\/"},"sameAs":["https:\/\/www.facebook.com\/dicodusport","https:\/\/x.com\/dicodusport","https:\/\/www.instagram.com\/dicodusport\/","https:\/\/www.youtube.com\/channel\/UC7V2KZ5sd3htJivAbA4ZG3w"],"description":"Dicodusport est l'encyclop\u00e9die de l'actualit\u00e9 sportive.","email":"bonjour@dicodusport.fr","legalName":"DICODUSPORT","foundingDate":"2018-01-14","vatID":"FR71834470973","taxID":"83447097300043","numberOfEmployees":{"@type":"QuantitativeValue","minValue":"1","maxValue":"10"}},{"@type":"Person","@id":"https:\/\/dicodusport.fr\/blog\/#\/schema\/person\/d603dd7da31fb2b46c82b9835a77ec13","name":"Etienne Goursaud","image":{"@type":"ImageObject","inLanguage":"fr-FR","@id":"https:\/\/dicodusport.fr\/blog\/#\/schema\/person\/image\/","url":"https:\/\/dicodusport.fr\/blog\/wp-content\/uploads\/2023\/12\/410122264_10231602061736049_5565839791558026645_n-150x150.jpg","contentUrl":"https:\/\/dicodusport.fr\/blog\/wp-content\/uploads\/2023\/12\/410122264_10231602061736049_5565839791558026645_n-150x150.jpg","caption":"Etienne Goursaud"},"description":"Journaliste et amoureux de sport. Ancien footballeur reconverti athl\u00e8te quand ses muscles le laissent tranquille. \u00c9lev\u00e9 \u00e0 la sauce des exploits de Thomas Voeckler en 2004, du dernier essai de l\u00e9gende de Eunice Barber \u00e0 la longueur lors des championnats du monde d'athl\u00e9tisme de 2003 mais aussi Zidane, Omeyer et Titou Lamaison.","url":"https:\/\/dicodusport.fr\/blog\/author\/etienne-goursaud\/"}]}},"_links":{"self":[{"href":"https:\/\/dicodusport.fr\/blog\/wp-json\/wp\/v2\/posts\/361309","targetHints":{"allow":["GET"]}}],"collection":[{"href":"https:\/\/dicodusport.fr\/blog\/wp-json\/wp\/v2\/posts"}],"about":[{"href":"https:\/\/dicodusport.fr\/blog\/wp-json\/wp\/v2\/types\/post"}],"author":[{"embeddable":true,"href":"https:\/\/dicodusport.fr\/blog\/wp-json\/wp\/v2\/users\/83"}],"replies":[{"embeddable":true,"href":"https:\/\/dicodusport.fr\/blog\/wp-json\/wp\/v2\/comments?post=361309"}],"version-history":[{"count":0,"href":"https:\/\/dicodusport.fr\/blog\/wp-json\/wp\/v2\/posts\/361309\/revisions"}],"wp:featuredmedia":[{"embeddable":true,"href":"https:\/\/dicodusport.fr\/blog\/wp-json\/wp\/v2\/media\/361407"}],"wp:attachment":[{"href":"https:\/\/dicodusport.fr\/blog\/wp-json\/wp\/v2\/media?parent=361309"}],"wp:term":[{"taxonomy":"category","embeddable":true,"href":"https:\/\/dicodusport.fr\/blog\/wp-json\/wp\/v2\/categories?post=361309"},{"taxonomy":"post_tag","embeddable":true,"href":"https:\/\/dicodusport.fr\/blog\/wp-json\/wp\/v2\/tags?post=361309"}],"curies":[{"name":"wp","href":"https:\/\/api.w.org\/{rel}","templated":true}]}}