{"id":361347,"date":"2023-03-03T19:12:11","date_gmt":"2023-03-03T18:12:11","guid":{"rendered":"https:\/\/dicodusport.fr\/blog\/?p=361347&#038;preview=true&#038;preview_id=361347"},"modified":"2023-03-03T20:09:04","modified_gmt":"2023-03-03T19:09:04","slug":"athletisme-europe-en-salle-2023-troisieme-titre-europeen-en-salle-et-record-du-monde-pour-nafissatou-thiam","status":"publish","type":"post","link":"https:\/\/dicodusport.fr\/blog\/athletisme-europe-en-salle-2023-troisieme-titre-europeen-en-salle-et-record-du-monde-pour-nafissatou-thiam\/","title":{"rendered":"Athl\u00e9tisme Europe en salle 2023 : Troisi\u00e8me titre europ\u00e9en en salle et record du monde pour Nafissatou Thiam !"},"content":{"rendered":"<p style=\"text-align: justify;\"><strong><em><a title=\"Athl\u00e9tisme \u2013 Programme et r\u00e9sultats Championnats d\u2019Europe en salle 2023\" href=\"https:\/\/dicodusport.fr\/blog\/athletisme-programme-et-resultats-championnats-deurope-en-salle-2023\/\" target=\"_blank\" rel=\"noopener\">CHAMPIONNATS D&rsquo;EUROPE EN SALLE D&rsquo;ATHL\u00c9TISME 2023<\/a> &#8211; Nafissatou Thiam a tenu ! Et elle s&rsquo;offre le record du monde (5055 points), tout comme Adrianna Sulek. Noor Vidts prend la troisi\u00e8me place.<br \/>\n<\/em><\/strong><\/p>\n<h2>Saut en longueur : Sulek grappille des points<\/h2>\n<p style=\"text-align: justify;\">Encore un beau concours du c\u00f4t\u00e9 d&rsquo;Istanbul. \u00c0 son 2e essai, <strong>Nafissatou Thiam<\/strong> a \u00e9gal\u00e9 la performance d&rsquo;<strong>Adrianna Sulek<\/strong> \u00e0 son 1er essai (6.52 m). Et avec une planche parfaite, la Polonaise s&rsquo;est impos\u00e9e avec 6.62 m \u00e0 son dernier essai (<strong>nouveau record personnel<\/strong>). Nafi Thiam a tent\u00e9 de lui r\u00e9pondre mais doit se \u00ab\u00a0contenter\u00a0\u00bb de 6.59 m. De son c\u00f4t\u00e9, <strong>Noor Vidts <\/strong>a progress\u00e9 \u00e0 chaque essai (6.23 &#8211; 6.44 &#8211; 6.55) pour terminer \u00e0 la troisi\u00e8me place.<\/p>\n<p style=\"text-align: justify;\">\u00c0 l&rsquo;issue de l&rsquo;\u00e9preuve, la Belge avait 138 points d&rsquo;avance sur la Polonaise. Et pour battre le record du monde, la donne \u00e9tait simple : Thiam devait battre son record personnel en salle et courir en 2\u203216\u203351. Et pour ne pas \u00eatre d\u00e9pass\u00e9e, elle ne devait pas \u00eatre \u00e0 plus de 9 secondes.<\/p>\n<h2>800 m : Sulek prend tous les risques<\/h2>\n<p style=\"text-align: justify;\">Le peloton a \u00e9t\u00e9 emmen\u00e9 par la Britannique <strong>Holly Mills<\/strong>. Et avant le dernier tour, <strong>Adrianna Sulek<\/strong> a pris la t\u00eate, avec pourquoi pas le record en ligne de mire. Vidts \u00e9tait en troisi\u00e8me position. La Polonaise qui avait pris beaucoup de risques a fini avec un \u00e9norme record des championnats : 2\u203207\u203317. Mais elle \u00e9tait au bord de craquer. C&rsquo;est son record sur la distance, salle et ext\u00e9rieur confondus. Si tous les regards \u00e9taient fix\u00e9s sur Sulek, <strong>Nafi Thiam<\/strong> a r\u00e9alis\u00e9 un tr\u00e8s bon dernier tour pour battre son record en salle de 5 secondes en 2\u203213\u203360. \u00c0 60 centi\u00e8mes de son record en plein air.<\/p>\n<h2>Record du monde battu !<\/h2>\n<p style=\"text-align: justify;\">Les superlatifs finissent par manquer pour <strong>Nafi Thiam<\/strong>. Ce qu&rsquo;elle a r\u00e9alis\u00e9 aujourd&rsquo;hui est encore exceptionnel. \u00catre performante \u00e0 l&rsquo;entra\u00eenement c&rsquo;est une chose. Battre le <strong>record du monde<\/strong> pour sa premi\u00e8re sortie de l&rsquo;ann\u00e9e c&rsquo;est autre chose ! Et elle l&rsquo;a m\u00eame pulv\u00e9ris\u00e9. Exit les 5013 points de <strong>Nataliya Dobrynska<\/strong>, bienvenue les <strong>5055 points de Nafissatou Thiam <\/strong>! L&rsquo;histoire est belle puisque c&rsquo;\u00e9tait sur cette m\u00eame piste que l&rsquo;Ukrainienne avait \u00e9tabli un nouveau record du monde, il y a 11 ans, lors des Mondiaux en salle. Aujourd&rsquo;hui, Nafi Thiam a battu son record personnel au <a title=\"Athl\u00e9tisme Europe en salle 2023 : Nafissatou Thiam est bien en forme et en t\u00eate du pentathlon\" href=\"https:\/\/dicodusport.fr\/blog\/athletisme-europe-en-salle-2023-nafissatou-thiam-est-bien-en-forme-et-en-tete-du-pentathlon\/\" target=\"_blank\" rel=\"noopener\">poids<\/a> et donc sur 800 m.<\/p>\n<p style=\"text-align: justify;\"><strong>Adrianna Sulek<\/strong> l&rsquo;a annonc\u00e9, elle l&rsquo;a fait : elle a battu le record du monde d&rsquo;un point (5014 points). Mais dans l&rsquo;\u00e9quation, il y avait \u00e9galement une ind\u00e9tr\u00f4nable Nafi Thiam. Les deux se sont port\u00e9es vers le haut tout au long de la journ\u00e9e. Avec en prime <strong>3 nouveaux records personnels<\/strong> au 60 m haies, au poids et \u00e0 la longueur, elle s&rsquo;offre donc un nouveau <strong>record de Pologne<\/strong> cette ann\u00e9e.<\/p>\n<p style=\"text-align: justify;\">En Belgique, les m\u00e9dailles au pentathlon vont par deux. Comme \u00e0 Torun, <strong>Noor Vidts<\/strong> monte sur le podium. Cette fois sur la troisi\u00e8me marche contre l&rsquo;argent en 2021. Elle qui sortait d&rsquo;un \u00e9tat grippal, r\u00e9alise son deuxi\u00e8me meilleur pentathlon en carri\u00e8re en terminant avec <strong>4823 points<\/strong>. \u00c0 106 points de son record \u00e9tabli lors de son titre mondial \u00e0 Belgrade l&rsquo;ann\u00e9e derni\u00e8re.<\/p>\n<blockquote class=\"twitter-tweet\">\n<p dir=\"ltr\" lang=\"fr\"><a href=\"https:\/\/twitter.com\/hashtag\/Istanbul2023?src=hash&amp;ref_src=twsrc%5Etfw\">#Istanbul2023<\/a> | RECORD DU MONDE POUR NAFISSATOU THIAM \ud83c\udde7\ud83c\uddea ! La Belge s&rsquo;impose dans ce pentathlon f\u00e9minin en \u00e9tablissant la nouvelle marque de r\u00e9f\u00e9rence dans l&rsquo;histoire de sa discipline en salle.<\/p>\n<p>\ud83d\udd34 Suivez le direct sur notre site : <a href=\"https:\/\/t.co\/SKbn4c4dUt\">https:\/\/t.co\/SKbn4c4dUt<\/a> <a href=\"https:\/\/t.co\/bVwC9QEHzF\">pic.twitter.com\/bVwC9QEHzF<\/a><\/p>\n<p>\u2014 francetvsport (@francetvsport) <a href=\"https:\/\/twitter.com\/francetvsport\/status\/1631720703161507846?ref_src=twsrc%5Etfw\">March 3, 2023<\/a><\/p><\/blockquote>\n<p><script async src=\"https:\/\/platform.twitter.com\/widgets.js\" charset=\"utf-8\"><\/script><\/p>\n<ul>\n<li style=\"text-align: justify;\"><a title=\"Athl\u00e9tisme Europe en salle 2023 \u2013 Classement du pentathlon\" href=\"https:\/\/dicodusport.fr\/blog\/athletisme-europe-en-salle-2023-classement-du-pentathlon\/\" target=\"_blank\" rel=\"noopener\"><strong>Le classement du pentathlon<\/strong><\/a><\/li>\n<\/ul>\n","protected":false},"excerpt":{"rendered":"<p>CHAMPIONNATS D&rsquo;EUROPE EN SALLE D&rsquo;ATHL\u00c9TISME 2023 &#8211; Nafissatou Thiam a tenu et elle s&rsquo;offre le record du monde, tout comme Adrianna Sulek. Noor Vidts prend la troisi\u00e8me place.<\/p>\n","protected":false},"author":12,"featured_media":361492,"comment_status":"open","ping_status":"closed","sticky":false,"template":"","format":"standard","meta":{"_acf_changed":false,"_daextam_enable_autolinks":"","footnotes":""},"categories":[46996],"tags":[22425,143,16878,22414,18427,150],"class_list":["post-361347","post","type-post","status-publish","format-standard","has-post-thumbnail","hentry","category-championnats-d-europe-athletisme","tag-adrianna-sulek","tag-athletisme","tag-breve","tag-leonie-cambours","tag-noor-vidts","tag-pentathlon"],"acf":[],"yoast_head":"<!-- This site is optimized with the Yoast SEO Premium plugin v26.7 (Yoast SEO v26.7) - https:\/\/yoast.com\/wordpress\/plugins\/seo\/ -->\n<title>Athl\u00e9tisme Europe en salle 2023 : Troisi\u00e8me titre europ\u00e9en en salle et record du monde pour Nafissatou Thiam !<\/title>\n<meta name=\"description\" content=\"Nafissatou Thiam a tenu et elle s&#039;offre le record du monde, tout comme Adrianna Sulek. Noor Vidts prend la troisi\u00e8me place.\" \/>\n<meta name=\"robots\" content=\"index, follow, max-snippet:-1, max-image-preview:large, max-video-preview:-1\" \/>\n<link rel=\"canonical\" href=\"https:\/\/dicodusport.fr\/blog\/athletisme-europe-en-salle-2023-troisieme-titre-europeen-en-salle-et-record-du-monde-pour-nafissatou-thiam\/\" \/>\n<meta property=\"og:locale\" content=\"fr_FR\" \/>\n<meta property=\"og:type\" content=\"article\" \/>\n<meta property=\"og:title\" content=\"Athl\u00e9tisme Europe en salle 2023 : Troisi\u00e8me titre europ\u00e9en en salle et record du monde pour Nafissatou Thiam !\" \/>\n<meta property=\"og:description\" content=\"Nafissatou Thiam a tenu et elle s&#039;offre le record du monde, tout comme Adrianna Sulek. Noor Vidts prend la troisi\u00e8me place.\" \/>\n<meta property=\"og:url\" content=\"https:\/\/dicodusport.fr\/blog\/athletisme-europe-en-salle-2023-troisieme-titre-europeen-en-salle-et-record-du-monde-pour-nafissatou-thiam\/\" \/>\n<meta property=\"og:site_name\" content=\"Dicodusport\" \/>\n<meta property=\"article:publisher\" content=\"https:\/\/www.facebook.com\/dicodusport\" \/>\n<meta property=\"article:published_time\" content=\"2023-03-03T18:12:11+00:00\" \/>\n<meta property=\"article:modified_time\" content=\"2023-03-03T19:09:04+00:00\" \/>\n<meta property=\"og:image\" content=\"https:\/\/dicodusport.fr\/blog\/wp-content\/uploads\/2023\/03\/Athletisme-Europe-en-salle-2023-Troisieme-titre-europeen-en-salle-et-record-du-monde-battu-pour-Nafissatou-Thiam.png\" \/>\n\t<meta property=\"og:image:width\" content=\"800\" \/>\n\t<meta property=\"og:image:height\" content=\"445\" \/>\n\t<meta property=\"og:image:type\" content=\"image\/png\" \/>\n<meta name=\"author\" content=\"Arlette Yeye\" \/>\n<meta name=\"twitter:card\" content=\"summary_large_image\" \/>\n<meta name=\"twitter:title\" content=\"Athl\u00e9tisme Europe en salle 2023 : Troisi\u00e8me titre europ\u00e9en en salle et record du monde pour Nafissatou Thiam !\" \/>\n<meta name=\"twitter:creator\" content=\"@https:\/\/twitter.com\/Shiclette94\" \/>\n<meta name=\"twitter:site\" content=\"@dicodusport\" \/>\n<script type=\"application\/ld+json\" class=\"yoast-schema-graph\">{\"@context\":\"https:\/\/schema.org\",\"@graph\":[{\"@type\":\"NewsArticle\",\"@id\":\"https:\/\/dicodusport.fr\/blog\/athletisme-europe-en-salle-2023-troisieme-titre-europeen-en-salle-et-record-du-monde-pour-nafissatou-thiam\/#article\",\"isPartOf\":{\"@id\":\"https:\/\/dicodusport.fr\/blog\/athletisme-europe-en-salle-2023-troisieme-titre-europeen-en-salle-et-record-du-monde-pour-nafissatou-thiam\/\"},\"author\":{\"name\":\"Arlette Yeye\",\"@id\":\"https:\/\/dicodusport.fr\/blog\/#\/schema\/person\/cce96fa88785bd8573e3d43078ac8c79\"},\"headline\":\"Athl\u00e9tisme Europe en salle 2023 : Troisi\u00e8me titre europ\u00e9en en salle et record du monde pour Nafissatou Thiam !\",\"datePublished\":\"2023-03-03T18:12:11+00:00\",\"dateModified\":\"2023-03-03T19:09:04+00:00\",\"mainEntityOfPage\":{\"@id\":\"https:\/\/dicodusport.fr\/blog\/athletisme-europe-en-salle-2023-troisieme-titre-europeen-en-salle-et-record-du-monde-pour-nafissatou-thiam\/\"},\"wordCount\":617,\"commentCount\":0,\"publisher\":{\"@id\":\"https:\/\/dicodusport.fr\/blog\/#organization\"},\"image\":{\"@id\":\"https:\/\/dicodusport.fr\/blog\/athletisme-europe-en-salle-2023-troisieme-titre-europeen-en-salle-et-record-du-monde-pour-nafissatou-thiam\/#primaryimage\"},\"thumbnailUrl\":\"https:\/\/dicodusport.fr\/blog\/wp-content\/uploads\/2023\/03\/Athletisme-Europe-en-salle-2023-Troisieme-titre-europeen-en-salle-et-record-du-monde-battu-pour-Nafissatou-Thiam.png\",\"keywords\":[\"Adrianna Sulek\",\"Athl\u00e9tisme\",\"br\u00e8ve\",\"L\u00e9onie Cambours\",\"Noor Vidts\",\"Pentathlon\"],\"articleSection\":[\"Championnats d'Europe d'athl\u00e9tisme\"],\"inLanguage\":\"fr-FR\",\"potentialAction\":[{\"@type\":\"CommentAction\",\"name\":\"Comment\",\"target\":[\"https:\/\/dicodusport.fr\/blog\/athletisme-europe-en-salle-2023-troisieme-titre-europeen-en-salle-et-record-du-monde-pour-nafissatou-thiam\/#respond\"]}],\"copyrightYear\":\"2023\",\"copyrightHolder\":{\"@id\":\"https:\/\/dicodusport.fr\/blog\/#organization\"}},{\"@type\":\"WebPage\",\"@id\":\"https:\/\/dicodusport.fr\/blog\/athletisme-europe-en-salle-2023-troisieme-titre-europeen-en-salle-et-record-du-monde-pour-nafissatou-thiam\/\",\"url\":\"https:\/\/dicodusport.fr\/blog\/athletisme-europe-en-salle-2023-troisieme-titre-europeen-en-salle-et-record-du-monde-pour-nafissatou-thiam\/\",\"name\":\"Athl\u00e9tisme Europe en salle 2023 : Troisi\u00e8me titre europ\u00e9en en salle et record du monde pour Nafissatou Thiam !\",\"isPartOf\":{\"@id\":\"https:\/\/dicodusport.fr\/blog\/#website\"},\"primaryImageOfPage\":{\"@id\":\"https:\/\/dicodusport.fr\/blog\/athletisme-europe-en-salle-2023-troisieme-titre-europeen-en-salle-et-record-du-monde-pour-nafissatou-thiam\/#primaryimage\"},\"image\":{\"@id\":\"https:\/\/dicodusport.fr\/blog\/athletisme-europe-en-salle-2023-troisieme-titre-europeen-en-salle-et-record-du-monde-pour-nafissatou-thiam\/#primaryimage\"},\"thumbnailUrl\":\"https:\/\/dicodusport.fr\/blog\/wp-content\/uploads\/2023\/03\/Athletisme-Europe-en-salle-2023-Troisieme-titre-europeen-en-salle-et-record-du-monde-battu-pour-Nafissatou-Thiam.png\",\"datePublished\":\"2023-03-03T18:12:11+00:00\",\"dateModified\":\"2023-03-03T19:09:04+00:00\",\"description\":\"Nafissatou Thiam a tenu et elle s'offre le record du monde, tout comme Adrianna Sulek. Noor Vidts prend la troisi\u00e8me place.\",\"breadcrumb\":{\"@id\":\"https:\/\/dicodusport.fr\/blog\/athletisme-europe-en-salle-2023-troisieme-titre-europeen-en-salle-et-record-du-monde-pour-nafissatou-thiam\/#breadcrumb\"},\"inLanguage\":\"fr-FR\",\"potentialAction\":[{\"@type\":\"ReadAction\",\"target\":[\"https:\/\/dicodusport.fr\/blog\/athletisme-europe-en-salle-2023-troisieme-titre-europeen-en-salle-et-record-du-monde-pour-nafissatou-thiam\/\"]}]},{\"@type\":\"ImageObject\",\"inLanguage\":\"fr-FR\",\"@id\":\"https:\/\/dicodusport.fr\/blog\/athletisme-europe-en-salle-2023-troisieme-titre-europeen-en-salle-et-record-du-monde-pour-nafissatou-thiam\/#primaryimage\",\"url\":\"https:\/\/dicodusport.fr\/blog\/wp-content\/uploads\/2023\/03\/Athletisme-Europe-en-salle-2023-Troisieme-titre-europeen-en-salle-et-record-du-monde-battu-pour-Nafissatou-Thiam.png\",\"contentUrl\":\"https:\/\/dicodusport.fr\/blog\/wp-content\/uploads\/2023\/03\/Athletisme-Europe-en-salle-2023-Troisieme-titre-europeen-en-salle-et-record-du-monde-battu-pour-Nafissatou-Thiam.png\",\"width\":800,\"height\":445,\"caption\":\"Athl\u00e9tisme Europe en salle 2023 Troisi\u00e8me titre europ\u00e9en en salle et record du monde battu pour Nafissatou Thiam\"},{\"@type\":\"BreadcrumbList\",\"@id\":\"https:\/\/dicodusport.fr\/blog\/athletisme-europe-en-salle-2023-troisieme-titre-europeen-en-salle-et-record-du-monde-pour-nafissatou-thiam\/#breadcrumb\",\"itemListElement\":[{\"@type\":\"ListItem\",\"position\":1,\"name\":\"Accueil\",\"item\":\"https:\/\/dicodusport.fr\/blog\/\"},{\"@type\":\"ListItem\",\"position\":2,\"name\":\"Athl\u00e9tisme Europe en salle 2023 : Troisi\u00e8me titre europ\u00e9en en salle et record du monde pour Nafissatou Thiam !\"}]},{\"@type\":\"WebSite\",\"@id\":\"https:\/\/dicodusport.fr\/blog\/#website\",\"url\":\"https:\/\/dicodusport.fr\/blog\/\",\"name\":\"Dicodusport\",\"description\":\"L&#039;encyclop\u00e9die de l&#039;actualit\u00e9 sportive\",\"publisher\":{\"@id\":\"https:\/\/dicodusport.fr\/blog\/#organization\"},\"potentialAction\":[{\"@type\":\"SearchAction\",\"target\":{\"@type\":\"EntryPoint\",\"urlTemplate\":\"https:\/\/dicodusport.fr\/blog\/?s={search_term_string}\"},\"query-input\":{\"@type\":\"PropertyValueSpecification\",\"valueRequired\":true,\"valueName\":\"search_term_string\"}}],\"inLanguage\":\"fr-FR\"},{\"@type\":\"NewsMediaOrganization\",\"@id\":\"https:\/\/dicodusport.fr\/blog\/#organization\",\"name\":\"Dicodusport\",\"url\":\"https:\/\/dicodusport.fr\/blog\/\",\"logo\":{\"@type\":\"ImageObject\",\"inLanguage\":\"fr-FR\",\"@id\":\"https:\/\/dicodusport.fr\/blog\/#\/schema\/logo\/image\/\",\"url\":\"https:\/\/dicodusport.fr\/blog\/wp-content\/uploads\/2020\/06\/cropped-LOGO-DICODUSPORT-2020-SANS-FOND-SANS-TEXTE.png\",\"contentUrl\":\"https:\/\/dicodusport.fr\/blog\/wp-content\/uploads\/2020\/06\/cropped-LOGO-DICODUSPORT-2020-SANS-FOND-SANS-TEXTE.png\",\"width\":512,\"height\":512,\"caption\":\"Dicodusport\"},\"image\":{\"@id\":\"https:\/\/dicodusport.fr\/blog\/#\/schema\/logo\/image\/\"},\"sameAs\":[\"https:\/\/www.facebook.com\/dicodusport\",\"https:\/\/x.com\/dicodusport\",\"https:\/\/www.instagram.com\/dicodusport\/\",\"https:\/\/www.youtube.com\/channel\/UC7V2KZ5sd3htJivAbA4ZG3w\"],\"description\":\"Dicodusport est l'encyclop\u00e9die de l'actualit\u00e9 sportive.\",\"email\":\"bonjour@dicodusport.fr\",\"legalName\":\"DICODUSPORT\",\"foundingDate\":\"2018-01-14\",\"vatID\":\"FR71834470973\",\"taxID\":\"83447097300043\",\"numberOfEmployees\":{\"@type\":\"QuantitativeValue\",\"minValue\":\"1\",\"maxValue\":\"10\"}},{\"@type\":\"Person\",\"@id\":\"https:\/\/dicodusport.fr\/blog\/#\/schema\/person\/cce96fa88785bd8573e3d43078ac8c79\",\"name\":\"Arlette Yeye\",\"image\":{\"@type\":\"ImageObject\",\"inLanguage\":\"fr-FR\",\"@id\":\"https:\/\/dicodusport.fr\/blog\/#\/schema\/person\/image\/\",\"url\":\"https:\/\/secure.gravatar.com\/avatar\/dca4a6239e6d708e46c45d60e160de6c?s=96&d=wp_user_avatar&r=g\",\"contentUrl\":\"https:\/\/secure.gravatar.com\/avatar\/dca4a6239e6d708e46c45d60e160de6c?s=96&d=wp_user_avatar&r=g\",\"caption\":\"Arlette Yeye\"},\"description\":\"Journaliste\/r\u00e9dactrice depuis septembre 2015 - Supportrice de Chelsea, j'ai pour sports de pr\u00e9dilection le handball, l'athl\u00e9tisme et le tennis. Si je tweete plus vite que mon ombre, vous pouvez aussi me retrouver les week-ends sur les playgrounds de Bruxelles pour un petit foot ou basket entre potes. Parcourir la France, l'Europe et plus si affinit\u00e9s pour suivre mes sportifs pr\u00e9f\u00e9r\u00e9s ? Mon kif ! Et c'est avec plaisir que je partage les r\u00e9sultats des sports populaires mais \u00e9galement plus confidentiels pour Dicodusport.\",\"sameAs\":[\"https:\/\/x.com\/https:\/\/twitter.com\/Shiclette94\"],\"url\":\"https:\/\/dicodusport.fr\/blog\/author\/arlette\/\"}]}<\/script>\n<!-- \/ Yoast SEO Premium plugin. -->","yoast_head_json":{"title":"Athl\u00e9tisme Europe en salle 2023 : Troisi\u00e8me titre europ\u00e9en en salle et record du monde pour Nafissatou Thiam !","description":"Nafissatou Thiam a tenu et elle s'offre le record du monde, tout comme Adrianna Sulek. Noor Vidts prend la troisi\u00e8me place.","robots":{"index":"index","follow":"follow","max-snippet":"max-snippet:-1","max-image-preview":"max-image-preview:large","max-video-preview":"max-video-preview:-1"},"canonical":"https:\/\/dicodusport.fr\/blog\/athletisme-europe-en-salle-2023-troisieme-titre-europeen-en-salle-et-record-du-monde-pour-nafissatou-thiam\/","og_locale":"fr_FR","og_type":"article","og_title":"Athl\u00e9tisme Europe en salle 2023 : Troisi\u00e8me titre europ\u00e9en en salle et record du monde pour Nafissatou Thiam !","og_description":"Nafissatou Thiam a tenu et elle s'offre le record du monde, tout comme Adrianna Sulek. Noor Vidts prend la troisi\u00e8me place.","og_url":"https:\/\/dicodusport.fr\/blog\/athletisme-europe-en-salle-2023-troisieme-titre-europeen-en-salle-et-record-du-monde-pour-nafissatou-thiam\/","og_site_name":"Dicodusport","article_publisher":"https:\/\/www.facebook.com\/dicodusport","article_published_time":"2023-03-03T18:12:11+00:00","article_modified_time":"2023-03-03T19:09:04+00:00","og_image":[{"width":800,"height":445,"url":"https:\/\/dicodusport.fr\/blog\/wp-content\/uploads\/2023\/03\/Athletisme-Europe-en-salle-2023-Troisieme-titre-europeen-en-salle-et-record-du-monde-battu-pour-Nafissatou-Thiam.png","type":"image\/png"}],"author":"Arlette Yeye","twitter_card":"summary_large_image","twitter_title":"Athl\u00e9tisme Europe en salle 2023 : Troisi\u00e8me titre europ\u00e9en en salle et record du monde pour Nafissatou Thiam !","twitter_creator":"@https:\/\/twitter.com\/Shiclette94","twitter_site":"@dicodusport","schema":{"@context":"https:\/\/schema.org","@graph":[{"@type":"NewsArticle","@id":"https:\/\/dicodusport.fr\/blog\/athletisme-europe-en-salle-2023-troisieme-titre-europeen-en-salle-et-record-du-monde-pour-nafissatou-thiam\/#article","isPartOf":{"@id":"https:\/\/dicodusport.fr\/blog\/athletisme-europe-en-salle-2023-troisieme-titre-europeen-en-salle-et-record-du-monde-pour-nafissatou-thiam\/"},"author":{"name":"Arlette Yeye","@id":"https:\/\/dicodusport.fr\/blog\/#\/schema\/person\/cce96fa88785bd8573e3d43078ac8c79"},"headline":"Athl\u00e9tisme Europe en salle 2023 : Troisi\u00e8me titre europ\u00e9en en salle et record du monde pour Nafissatou Thiam !","datePublished":"2023-03-03T18:12:11+00:00","dateModified":"2023-03-03T19:09:04+00:00","mainEntityOfPage":{"@id":"https:\/\/dicodusport.fr\/blog\/athletisme-europe-en-salle-2023-troisieme-titre-europeen-en-salle-et-record-du-monde-pour-nafissatou-thiam\/"},"wordCount":617,"commentCount":0,"publisher":{"@id":"https:\/\/dicodusport.fr\/blog\/#organization"},"image":{"@id":"https:\/\/dicodusport.fr\/blog\/athletisme-europe-en-salle-2023-troisieme-titre-europeen-en-salle-et-record-du-monde-pour-nafissatou-thiam\/#primaryimage"},"thumbnailUrl":"https:\/\/dicodusport.fr\/blog\/wp-content\/uploads\/2023\/03\/Athletisme-Europe-en-salle-2023-Troisieme-titre-europeen-en-salle-et-record-du-monde-battu-pour-Nafissatou-Thiam.png","keywords":["Adrianna Sulek","Athl\u00e9tisme","br\u00e8ve","L\u00e9onie Cambours","Noor Vidts","Pentathlon"],"articleSection":["Championnats d'Europe d'athl\u00e9tisme"],"inLanguage":"fr-FR","potentialAction":[{"@type":"CommentAction","name":"Comment","target":["https:\/\/dicodusport.fr\/blog\/athletisme-europe-en-salle-2023-troisieme-titre-europeen-en-salle-et-record-du-monde-pour-nafissatou-thiam\/#respond"]}],"copyrightYear":"2023","copyrightHolder":{"@id":"https:\/\/dicodusport.fr\/blog\/#organization"}},{"@type":"WebPage","@id":"https:\/\/dicodusport.fr\/blog\/athletisme-europe-en-salle-2023-troisieme-titre-europeen-en-salle-et-record-du-monde-pour-nafissatou-thiam\/","url":"https:\/\/dicodusport.fr\/blog\/athletisme-europe-en-salle-2023-troisieme-titre-europeen-en-salle-et-record-du-monde-pour-nafissatou-thiam\/","name":"Athl\u00e9tisme Europe en salle 2023 : Troisi\u00e8me titre europ\u00e9en en salle et record du monde pour Nafissatou Thiam !","isPartOf":{"@id":"https:\/\/dicodusport.fr\/blog\/#website"},"primaryImageOfPage":{"@id":"https:\/\/dicodusport.fr\/blog\/athletisme-europe-en-salle-2023-troisieme-titre-europeen-en-salle-et-record-du-monde-pour-nafissatou-thiam\/#primaryimage"},"image":{"@id":"https:\/\/dicodusport.fr\/blog\/athletisme-europe-en-salle-2023-troisieme-titre-europeen-en-salle-et-record-du-monde-pour-nafissatou-thiam\/#primaryimage"},"thumbnailUrl":"https:\/\/dicodusport.fr\/blog\/wp-content\/uploads\/2023\/03\/Athletisme-Europe-en-salle-2023-Troisieme-titre-europeen-en-salle-et-record-du-monde-battu-pour-Nafissatou-Thiam.png","datePublished":"2023-03-03T18:12:11+00:00","dateModified":"2023-03-03T19:09:04+00:00","description":"Nafissatou Thiam a tenu et elle s'offre le record du monde, tout comme Adrianna Sulek. Noor Vidts prend la troisi\u00e8me place.","breadcrumb":{"@id":"https:\/\/dicodusport.fr\/blog\/athletisme-europe-en-salle-2023-troisieme-titre-europeen-en-salle-et-record-du-monde-pour-nafissatou-thiam\/#breadcrumb"},"inLanguage":"fr-FR","potentialAction":[{"@type":"ReadAction","target":["https:\/\/dicodusport.fr\/blog\/athletisme-europe-en-salle-2023-troisieme-titre-europeen-en-salle-et-record-du-monde-pour-nafissatou-thiam\/"]}]},{"@type":"ImageObject","inLanguage":"fr-FR","@id":"https:\/\/dicodusport.fr\/blog\/athletisme-europe-en-salle-2023-troisieme-titre-europeen-en-salle-et-record-du-monde-pour-nafissatou-thiam\/#primaryimage","url":"https:\/\/dicodusport.fr\/blog\/wp-content\/uploads\/2023\/03\/Athletisme-Europe-en-salle-2023-Troisieme-titre-europeen-en-salle-et-record-du-monde-battu-pour-Nafissatou-Thiam.png","contentUrl":"https:\/\/dicodusport.fr\/blog\/wp-content\/uploads\/2023\/03\/Athletisme-Europe-en-salle-2023-Troisieme-titre-europeen-en-salle-et-record-du-monde-battu-pour-Nafissatou-Thiam.png","width":800,"height":445,"caption":"Athl\u00e9tisme Europe en salle 2023 Troisi\u00e8me titre europ\u00e9en en salle et record du monde battu pour Nafissatou Thiam"},{"@type":"BreadcrumbList","@id":"https:\/\/dicodusport.fr\/blog\/athletisme-europe-en-salle-2023-troisieme-titre-europeen-en-salle-et-record-du-monde-pour-nafissatou-thiam\/#breadcrumb","itemListElement":[{"@type":"ListItem","position":1,"name":"Accueil","item":"https:\/\/dicodusport.fr\/blog\/"},{"@type":"ListItem","position":2,"name":"Athl\u00e9tisme Europe en salle 2023 : Troisi\u00e8me titre europ\u00e9en en salle et record du monde pour Nafissatou Thiam !"}]},{"@type":"WebSite","@id":"https:\/\/dicodusport.fr\/blog\/#website","url":"https:\/\/dicodusport.fr\/blog\/","name":"Dicodusport","description":"L&#039;encyclop\u00e9die de l&#039;actualit\u00e9 sportive","publisher":{"@id":"https:\/\/dicodusport.fr\/blog\/#organization"},"potentialAction":[{"@type":"SearchAction","target":{"@type":"EntryPoint","urlTemplate":"https:\/\/dicodusport.fr\/blog\/?s={search_term_string}"},"query-input":{"@type":"PropertyValueSpecification","valueRequired":true,"valueName":"search_term_string"}}],"inLanguage":"fr-FR"},{"@type":"NewsMediaOrganization","@id":"https:\/\/dicodusport.fr\/blog\/#organization","name":"Dicodusport","url":"https:\/\/dicodusport.fr\/blog\/","logo":{"@type":"ImageObject","inLanguage":"fr-FR","@id":"https:\/\/dicodusport.fr\/blog\/#\/schema\/logo\/image\/","url":"https:\/\/dicodusport.fr\/blog\/wp-content\/uploads\/2020\/06\/cropped-LOGO-DICODUSPORT-2020-SANS-FOND-SANS-TEXTE.png","contentUrl":"https:\/\/dicodusport.fr\/blog\/wp-content\/uploads\/2020\/06\/cropped-LOGO-DICODUSPORT-2020-SANS-FOND-SANS-TEXTE.png","width":512,"height":512,"caption":"Dicodusport"},"image":{"@id":"https:\/\/dicodusport.fr\/blog\/#\/schema\/logo\/image\/"},"sameAs":["https:\/\/www.facebook.com\/dicodusport","https:\/\/x.com\/dicodusport","https:\/\/www.instagram.com\/dicodusport\/","https:\/\/www.youtube.com\/channel\/UC7V2KZ5sd3htJivAbA4ZG3w"],"description":"Dicodusport est l'encyclop\u00e9die de l'actualit\u00e9 sportive.","email":"bonjour@dicodusport.fr","legalName":"DICODUSPORT","foundingDate":"2018-01-14","vatID":"FR71834470973","taxID":"83447097300043","numberOfEmployees":{"@type":"QuantitativeValue","minValue":"1","maxValue":"10"}},{"@type":"Person","@id":"https:\/\/dicodusport.fr\/blog\/#\/schema\/person\/cce96fa88785bd8573e3d43078ac8c79","name":"Arlette Yeye","image":{"@type":"ImageObject","inLanguage":"fr-FR","@id":"https:\/\/dicodusport.fr\/blog\/#\/schema\/person\/image\/","url":"https:\/\/secure.gravatar.com\/avatar\/dca4a6239e6d708e46c45d60e160de6c?s=96&d=wp_user_avatar&r=g","contentUrl":"https:\/\/secure.gravatar.com\/avatar\/dca4a6239e6d708e46c45d60e160de6c?s=96&d=wp_user_avatar&r=g","caption":"Arlette Yeye"},"description":"Journaliste\/r\u00e9dactrice depuis septembre 2015 - Supportrice de Chelsea, j'ai pour sports de pr\u00e9dilection le handball, l'athl\u00e9tisme et le tennis. Si je tweete plus vite que mon ombre, vous pouvez aussi me retrouver les week-ends sur les playgrounds de Bruxelles pour un petit foot ou basket entre potes. Parcourir la France, l'Europe et plus si affinit\u00e9s pour suivre mes sportifs pr\u00e9f\u00e9r\u00e9s ? Mon kif ! Et c'est avec plaisir que je partage les r\u00e9sultats des sports populaires mais \u00e9galement plus confidentiels pour Dicodusport.","sameAs":["https:\/\/x.com\/https:\/\/twitter.com\/Shiclette94"],"url":"https:\/\/dicodusport.fr\/blog\/author\/arlette\/"}]}},"_links":{"self":[{"href":"https:\/\/dicodusport.fr\/blog\/wp-json\/wp\/v2\/posts\/361347","targetHints":{"allow":["GET"]}}],"collection":[{"href":"https:\/\/dicodusport.fr\/blog\/wp-json\/wp\/v2\/posts"}],"about":[{"href":"https:\/\/dicodusport.fr\/blog\/wp-json\/wp\/v2\/types\/post"}],"author":[{"embeddable":true,"href":"https:\/\/dicodusport.fr\/blog\/wp-json\/wp\/v2\/users\/12"}],"replies":[{"embeddable":true,"href":"https:\/\/dicodusport.fr\/blog\/wp-json\/wp\/v2\/comments?post=361347"}],"version-history":[{"count":0,"href":"https:\/\/dicodusport.fr\/blog\/wp-json\/wp\/v2\/posts\/361347\/revisions"}],"wp:featuredmedia":[{"embeddable":true,"href":"https:\/\/dicodusport.fr\/blog\/wp-json\/wp\/v2\/media\/361492"}],"wp:attachment":[{"href":"https:\/\/dicodusport.fr\/blog\/wp-json\/wp\/v2\/media?parent=361347"}],"wp:term":[{"taxonomy":"category","embeddable":true,"href":"https:\/\/dicodusport.fr\/blog\/wp-json\/wp\/v2\/categories?post=361347"},{"taxonomy":"post_tag","embeddable":true,"href":"https:\/\/dicodusport.fr\/blog\/wp-json\/wp\/v2\/tags?post=361347"}],"curies":[{"name":"wp","href":"https:\/\/api.w.org\/{rel}","templated":true}]}}