{"id":361505,"date":"2023-03-04T08:10:35","date_gmt":"2023-03-04T07:10:35","guid":{"rendered":"https:\/\/dicodusport.fr\/blog\/?p=361505&#038;preview=true&#038;preview_id=361505"},"modified":"2023-03-04T08:14:34","modified_gmt":"2023-03-04T07:14:34","slug":"ufc-285-ciryl-gane-a-rendez-vous-avec-lhistoire","status":"publish","type":"post","link":"https:\/\/dicodusport.fr\/blog\/ufc-285-ciryl-gane-a-rendez-vous-avec-lhistoire\/","title":{"rendered":"UFC 285 : Ciryl Gane a rendez-vous avec l&rsquo;histoire"},"content":{"rendered":"<p align=\"justify\"><strong><i>UFC 285 &#8211; Pour la deuxi\u00e8me fois de sa carri\u00e8re, Ciryl Gane va combattre <\/i><\/strong><b><i>pour la ceinture UFC des lourds. Il sera oppos\u00e9 \u00e0 Jon Jones en main event de l&rsquo;UFC 285. Et si cette fois, c&rsquo;\u00e9tait la bonne ?<\/i><\/b><\/p>\n<p align=\"justify\">Domin\u00e9 <a href=\"https:\/\/dicodusport.fr\/blog\/mma-francis-ngannou-domine-ciryl-gane-tous-les-resultats-de-lufc-270\/\">par Francis Ngannou<\/a> l&rsquo;an dernier, <b>Ciryl Gane<\/b> (32 ans, 12v-1d) va avoir une nouvelle opportunit\u00e9 de devenir le premier fran\u00e7ais champion du monde de l&rsquo;UFC. Dans la nuit de samedi \u00e0 dimanche, <i>Bon Gamin<\/i> va affronter l&rsquo;un des plus grands combattants de l&rsquo;histoire du MMA, <b>Jon Jones<\/b>. Mais malgr\u00e9 l&rsquo;enjeu colossal et la r\u00e9putation de son adversaire, le Fran\u00e7ais aborde ce combat d&rsquo;une fa\u00e7on surprenante.<\/p>\n<h2 style=\"text-align: justify;\" align=\"justify\">La dr\u00f4le de pr\u00e9paration de Ciryl Gane<\/h2>\n<p style=\"text-align: justify;\">Pendant toute la promotion du combat, le Fran\u00e7ais est toujours apparu tr\u00e8s d\u00e9tendu et souriant. Film\u00e9 plusieurs fois en train de danser ou de jouer aux jeux vid\u00e9os, <em>Bon Gamin<\/em> aborde le combat le plus important de sa carri\u00e8re avec un calme olympien. Son d\u00e9tachement a beaucoup fait parler ces derni\u00e8res semaines. \u00c0 commencer par son adversaire, qui devant les cam\u00e9ras de <em>RMC<\/em>, a \u00e9t\u00e9 profond\u00e9ment vex\u00e9 de voir <b>Ciryl Gane<\/b> en pleine partie de FIFA 23 \u00e0 l&rsquo;approche du combat.<\/p>\n<blockquote>\n<p style=\"text-align: justify;\">Je suis assis ici, \u00e0 me concentrer sur le combat, pendant que lui joue aux jeux vid\u00e9os. \u00c0 la fin de la journ\u00e9e, notre boulot, c&rsquo;est d&rsquo;\u00eatre sans piti\u00e9. Peu importe qu&rsquo;il soit pr\u00eat ou pas pour cette opportunit\u00e9. Il pense pouvoir retirer de la nourriture de la table de ma famille et d\u00e9truire mon h\u00e9ritage. Je prends \u00e7a personnellement. Et je n&rsquo;aurai aucune piti\u00e9.<\/p>\n<\/blockquote>\n<p>Mais malgr\u00e9 les critiques, <b>Ciryl Gane<\/b> ne changera pas. Comme il l&rsquo;a d\u00e9clar\u00e9 \u00e0 <em>L&rsquo;\u00c9quipe<\/em>, le Fran\u00e7ais aborde ce combat sans stress.<\/p>\n<blockquote>\n<p style=\"text-align: justify;\">On est sur un \u00e9v\u00e9nement incroyable, sur un tr\u00e8s haut niveau de performance sportive\u00a0! Oui, j&rsquo;en ai conscience\u00a0! Mais j&rsquo;ai la chance, depuis toujours et malgr\u00e9 moi, d&rsquo;\u00eatre d\u00e9tach\u00e9 de \u00e7a. J&rsquo;ai conscience de l&rsquo;\u00e9v\u00e9nement mais tout cela glisse sur moi. J&rsquo;ai un r\u00e9el d\u00e9tachement avec la dangerosit\u00e9, la pression m\u00e9diatique, l&rsquo;enjeu historique.\u00a0\u00c0 l&rsquo;approche du combat, tout ce qui m&rsquo;importe, c&rsquo;est la concentration et la performance sportive.<\/p>\n<\/blockquote>\n<p style=\"text-align: justify;\">La performance, un domaine que maitrise parfaitement son adversaire.<\/p>\n<h2 style=\"text-align: justify;\">Jon Jones, le retour du GOAT<\/h2>\n<p style=\"text-align: justify;\">En effet,<b> Jon Jones <\/b>(35 ans, 26v-1n-1d)<b>\u00a0<\/b>n&rsquo;a plus rien \u00e0 prouver. <i>Bones<\/i> a domin\u00e9 sans partage la cat\u00e9gorie des mi-lourds (-93 kilos) pendant plus de 10 ans. Une liste longue comme le bras de l\u00e9gendes du MMA sont tomb\u00e9es sous ses coups. Mais en d\u00e9pit de son statut, c&rsquo;est un combattant tr\u00e8s diff\u00e9rent qui va se pr\u00e9senter face \u00e0 <b>Ciryl Gane<\/b>. Physiquement d&rsquo;abord, Jones n&rsquo;est plus le m\u00eame. Pes\u00e9 \u00e0 112 kilos, le m\u00eame poids que Ciryl Gane, l&rsquo;Am\u00e9ricain a pris quasiment 20 kilos par rapport \u00e0 l&rsquo;\u00e9poque o\u00f9 il \u00e9crasait tout sur son passage.<\/p>\n<p style=\"text-align: justify;\">De plus, <strong>Jon Jones<\/strong> n&rsquo;a plus combattu depuis 3 ans. Une si longue absence va forc\u00e9ment avoir un impact sur son rendement dans la cage. Mais en d\u00e9pit du temps qui passe et du poids qui monte, <b>Jon Jones<\/b> reste un terrible adversaire. Combattant ultra-complet, Jones peut faire tr\u00e8s mal depuis n&rsquo;importe quelle position. Sa lutte de tr\u00e8s haut niveau risque elle aussi de poser beaucoup de probl\u00e8mes \u00e0 Gane. En effet, le Fran\u00e7ais a montr\u00e9 ses limites dans cet exercice lors du duel face \u00e0 Ngannou. Et Jones est un lutteur d&rsquo;un niveau bien sup\u00e9rieur au Camerounais.<\/p>\n<p>On l&rsquo;a compris, c&rsquo;est un sacr\u00e9 d\u00e9fi qui attend <strong>Ciryl Gane<\/strong>. Mais une victoire du Fran\u00e7ais est capitale. Et pas seulement pour lui-m\u00eame.<\/p>\n<hr \/>\n<ul>\n<li style=\"text-align: justify;\"><strong>\u00c0 lire aussi : <a href=\"https:\/\/dicodusport.fr\/blog\/jon-jones-ciryl-gane-a-quelle-heure-et-sur-quelle-chaine-ufc-285\/\">Jon Jones \u2013 Ciryl Gane : \u00c0 quelle heure et sur quelle cha\u00eene l\u2019UFC 285<\/a><\/strong><\/li>\n<\/ul>\n<hr \/>\n<h2>Pour l&rsquo;histoire<\/h2>\n<p style=\"text-align: justify;\">L\u00e9galis\u00e9 depuis tr\u00e8s peu de temps en France, le MMA pourrait entrer dans une nouvelle dimension en cas de succ\u00e8s de <i>Bon Gamin<\/i>. En effet, aucun Fran\u00e7ais n&rsquo;a r\u00e9ussi \u00e0 devenir champion du monde \u00e0 l&rsquo;UFC, plus grande compagnie au monde de ce sport. Une victoire de <b>Ciryl Gane <\/b>lui permettrait de laisser une trace ind\u00e9l\u00e9bile dans l&rsquo;histoire du sport fran\u00e7ais. Et c&rsquo;est tout le mal qu&rsquo;on lui souhaite !<\/p>\n<blockquote class=\"twitter-tweet\">\n<p dir=\"ltr\" lang=\"en\">BIG. FIGHT. FEELS. <a href=\"https:\/\/twitter.com\/hashtag\/UFC285?src=hash&amp;ref_src=twsrc%5Etfw\">#UFC285<\/a> <a href=\"https:\/\/t.co\/IkVhkyQ1me\">pic.twitter.com\/IkVhkyQ1me<\/a><\/p>\n<p>\u2014 UFC (@ufc) <a href=\"https:\/\/twitter.com\/ufc\/status\/1631478755872088064?ref_src=twsrc%5Etfw\">March 3, 2023<\/a><\/p><\/blockquote>\n<p><script async src=\"https:\/\/platform.twitter.com\/widgets.js\" charset=\"utf-8\"><\/script><\/p>\n","protected":false},"excerpt":{"rendered":"<p>UFC 285 &#8211; Pour la deuxi\u00e8me fois de sa carri\u00e8re, Ciryl Gane va combattre pour la ceinture UFC des lourds. Il sera oppos\u00e9 \u00e0 Jon Jones en main event de l&rsquo;UFC 285. Et si cette fois, c&rsquo;\u00e9tait la bonne ?<\/p>\n","protected":false},"author":39,"featured_media":361593,"comment_status":"open","ping_status":"closed","sticky":false,"template":"","format":"standard","meta":{"_acf_changed":false,"_daextam_enable_autolinks":"","footnotes":""},"categories":[10666],"tags":[16878,14125,10837,24,1224,30063],"class_list":["post-361505","post","type-post","status-publish","format-standard","has-post-thumbnail","hentry","category-mma","tag-breve","tag-ciryl-gane","tag-jon-jones","tag-sport","tag-ufc","tag-ufc-285"],"acf":[],"yoast_head":"<!-- This site is optimized with the Yoast SEO Premium plugin v26.7 (Yoast SEO v26.7) - https:\/\/yoast.com\/wordpress\/plugins\/seo\/ -->\n<title>UFC 285 : Ciryl Gane a rendez-vous avec l&#039;histoire<\/title>\n<meta name=\"description\" content=\"UFC 285 - Pour la deuxi\u00e8me fois, Ciryl Gane va combattre pour la ceinture UFC des lourds. Il sera oppos\u00e9 \u00e0 Jon Jones lors de l&#039;UFC 285.\" \/>\n<meta name=\"robots\" content=\"index, follow, max-snippet:-1, max-image-preview:large, max-video-preview:-1\" \/>\n<link rel=\"canonical\" href=\"https:\/\/dicodusport.fr\/blog\/ufc-285-ciryl-gane-a-rendez-vous-avec-lhistoire\/\" \/>\n<meta property=\"og:locale\" content=\"fr_FR\" \/>\n<meta property=\"og:type\" content=\"article\" \/>\n<meta property=\"og:title\" content=\"UFC 285 : Ciryl Gane a rendez-vous avec l&#039;histoire\" \/>\n<meta property=\"og:description\" content=\"UFC 285 - Pour la deuxi\u00e8me fois, Ciryl Gane va combattre pour la ceinture UFC des lourds. Il sera oppos\u00e9 \u00e0 Jon Jones lors de l&#039;UFC 285.\" \/>\n<meta property=\"og:url\" content=\"https:\/\/dicodusport.fr\/blog\/ufc-285-ciryl-gane-a-rendez-vous-avec-lhistoire\/\" \/>\n<meta property=\"og:site_name\" content=\"Dicodusport\" \/>\n<meta property=\"article:publisher\" content=\"https:\/\/www.facebook.com\/dicodusport\" \/>\n<meta property=\"article:published_time\" content=\"2023-03-04T07:10:35+00:00\" \/>\n<meta property=\"article:modified_time\" content=\"2023-03-04T07:14:34+00:00\" \/>\n<meta property=\"og:image\" content=\"https:\/\/dicodusport.fr\/blog\/wp-content\/uploads\/2023\/03\/UFC-285-Ciryl-Gane-a-rendez-vous-avec-lhistoire.png\" \/>\n\t<meta property=\"og:image:width\" content=\"800\" \/>\n\t<meta property=\"og:image:height\" content=\"445\" \/>\n\t<meta property=\"og:image:type\" content=\"image\/png\" \/>\n<meta name=\"author\" content=\"Idriss Ahamada\" \/>\n<meta name=\"twitter:card\" content=\"summary_large_image\" \/>\n<meta name=\"twitter:title\" content=\"UFC 285 : Ciryl Gane a rendez-vous avec l&#039;histoire\" \/>\n<meta name=\"twitter:creator\" content=\"@https:\/\/twitter.com\/idriss_ia7\" \/>\n<meta name=\"twitter:site\" content=\"@dicodusport\" \/>\n<script type=\"application\/ld+json\" class=\"yoast-schema-graph\">{\"@context\":\"https:\/\/schema.org\",\"@graph\":[{\"@type\":\"NewsArticle\",\"@id\":\"https:\/\/dicodusport.fr\/blog\/ufc-285-ciryl-gane-a-rendez-vous-avec-lhistoire\/#article\",\"isPartOf\":{\"@id\":\"https:\/\/dicodusport.fr\/blog\/ufc-285-ciryl-gane-a-rendez-vous-avec-lhistoire\/\"},\"author\":{\"name\":\"Idriss Ahamada\",\"@id\":\"https:\/\/dicodusport.fr\/blog\/#\/schema\/person\/f3797823174b5e2975b9efe0302f16f4\"},\"headline\":\"UFC 285 : Ciryl Gane a rendez-vous avec l&rsquo;histoire\",\"datePublished\":\"2023-03-04T07:10:35+00:00\",\"dateModified\":\"2023-03-04T07:14:34+00:00\",\"mainEntityOfPage\":{\"@id\":\"https:\/\/dicodusport.fr\/blog\/ufc-285-ciryl-gane-a-rendez-vous-avec-lhistoire\/\"},\"wordCount\":765,\"commentCount\":0,\"publisher\":{\"@id\":\"https:\/\/dicodusport.fr\/blog\/#organization\"},\"image\":{\"@id\":\"https:\/\/dicodusport.fr\/blog\/ufc-285-ciryl-gane-a-rendez-vous-avec-lhistoire\/#primaryimage\"},\"thumbnailUrl\":\"https:\/\/dicodusport.fr\/blog\/wp-content\/uploads\/2023\/03\/UFC-285-Ciryl-Gane-a-rendez-vous-avec-lhistoire.png\",\"keywords\":[\"br\u00e8ve\",\"Ciryl Gane\",\"Jon Jones\",\"sport\",\"UFC\",\"UFC 285\"],\"articleSection\":[\"MMA\"],\"inLanguage\":\"fr-FR\",\"potentialAction\":[{\"@type\":\"CommentAction\",\"name\":\"Comment\",\"target\":[\"https:\/\/dicodusport.fr\/blog\/ufc-285-ciryl-gane-a-rendez-vous-avec-lhistoire\/#respond\"]}],\"copyrightYear\":\"2023\",\"copyrightHolder\":{\"@id\":\"https:\/\/dicodusport.fr\/blog\/#organization\"}},{\"@type\":\"WebPage\",\"@id\":\"https:\/\/dicodusport.fr\/blog\/ufc-285-ciryl-gane-a-rendez-vous-avec-lhistoire\/\",\"url\":\"https:\/\/dicodusport.fr\/blog\/ufc-285-ciryl-gane-a-rendez-vous-avec-lhistoire\/\",\"name\":\"UFC 285 : Ciryl Gane a rendez-vous avec l'histoire\",\"isPartOf\":{\"@id\":\"https:\/\/dicodusport.fr\/blog\/#website\"},\"primaryImageOfPage\":{\"@id\":\"https:\/\/dicodusport.fr\/blog\/ufc-285-ciryl-gane-a-rendez-vous-avec-lhistoire\/#primaryimage\"},\"image\":{\"@id\":\"https:\/\/dicodusport.fr\/blog\/ufc-285-ciryl-gane-a-rendez-vous-avec-lhistoire\/#primaryimage\"},\"thumbnailUrl\":\"https:\/\/dicodusport.fr\/blog\/wp-content\/uploads\/2023\/03\/UFC-285-Ciryl-Gane-a-rendez-vous-avec-lhistoire.png\",\"datePublished\":\"2023-03-04T07:10:35+00:00\",\"dateModified\":\"2023-03-04T07:14:34+00:00\",\"description\":\"UFC 285 - Pour la deuxi\u00e8me fois, Ciryl Gane va combattre pour la ceinture UFC des lourds. Il sera oppos\u00e9 \u00e0 Jon Jones lors de l'UFC 285.\",\"breadcrumb\":{\"@id\":\"https:\/\/dicodusport.fr\/blog\/ufc-285-ciryl-gane-a-rendez-vous-avec-lhistoire\/#breadcrumb\"},\"inLanguage\":\"fr-FR\",\"potentialAction\":[{\"@type\":\"ReadAction\",\"target\":[\"https:\/\/dicodusport.fr\/blog\/ufc-285-ciryl-gane-a-rendez-vous-avec-lhistoire\/\"]}]},{\"@type\":\"ImageObject\",\"inLanguage\":\"fr-FR\",\"@id\":\"https:\/\/dicodusport.fr\/blog\/ufc-285-ciryl-gane-a-rendez-vous-avec-lhistoire\/#primaryimage\",\"url\":\"https:\/\/dicodusport.fr\/blog\/wp-content\/uploads\/2023\/03\/UFC-285-Ciryl-Gane-a-rendez-vous-avec-lhistoire.png\",\"contentUrl\":\"https:\/\/dicodusport.fr\/blog\/wp-content\/uploads\/2023\/03\/UFC-285-Ciryl-Gane-a-rendez-vous-avec-lhistoire.png\",\"width\":800,\"height\":445,\"caption\":\"UFC 285 Ciryl Gane a rendez-vous avec l'histoire\"},{\"@type\":\"BreadcrumbList\",\"@id\":\"https:\/\/dicodusport.fr\/blog\/ufc-285-ciryl-gane-a-rendez-vous-avec-lhistoire\/#breadcrumb\",\"itemListElement\":[{\"@type\":\"ListItem\",\"position\":1,\"name\":\"Accueil\",\"item\":\"https:\/\/dicodusport.fr\/blog\/\"},{\"@type\":\"ListItem\",\"position\":2,\"name\":\"UFC 285 : Ciryl Gane a rendez-vous avec l&rsquo;histoire\"}]},{\"@type\":\"WebSite\",\"@id\":\"https:\/\/dicodusport.fr\/blog\/#website\",\"url\":\"https:\/\/dicodusport.fr\/blog\/\",\"name\":\"Dicodusport\",\"description\":\"L&#039;encyclop\u00e9die de l&#039;actualit\u00e9 sportive\",\"publisher\":{\"@id\":\"https:\/\/dicodusport.fr\/blog\/#organization\"},\"potentialAction\":[{\"@type\":\"SearchAction\",\"target\":{\"@type\":\"EntryPoint\",\"urlTemplate\":\"https:\/\/dicodusport.fr\/blog\/?s={search_term_string}\"},\"query-input\":{\"@type\":\"PropertyValueSpecification\",\"valueRequired\":true,\"valueName\":\"search_term_string\"}}],\"inLanguage\":\"fr-FR\"},{\"@type\":\"NewsMediaOrganization\",\"@id\":\"https:\/\/dicodusport.fr\/blog\/#organization\",\"name\":\"Dicodusport\",\"url\":\"https:\/\/dicodusport.fr\/blog\/\",\"logo\":{\"@type\":\"ImageObject\",\"inLanguage\":\"fr-FR\",\"@id\":\"https:\/\/dicodusport.fr\/blog\/#\/schema\/logo\/image\/\",\"url\":\"https:\/\/dicodusport.fr\/blog\/wp-content\/uploads\/2020\/06\/cropped-LOGO-DICODUSPORT-2020-SANS-FOND-SANS-TEXTE.png\",\"contentUrl\":\"https:\/\/dicodusport.fr\/blog\/wp-content\/uploads\/2020\/06\/cropped-LOGO-DICODUSPORT-2020-SANS-FOND-SANS-TEXTE.png\",\"width\":512,\"height\":512,\"caption\":\"Dicodusport\"},\"image\":{\"@id\":\"https:\/\/dicodusport.fr\/blog\/#\/schema\/logo\/image\/\"},\"sameAs\":[\"https:\/\/www.facebook.com\/dicodusport\",\"https:\/\/x.com\/dicodusport\",\"https:\/\/www.instagram.com\/dicodusport\/\",\"https:\/\/www.youtube.com\/channel\/UC7V2KZ5sd3htJivAbA4ZG3w\"],\"description\":\"Dicodusport est l'encyclop\u00e9die de l'actualit\u00e9 sportive.\",\"email\":\"bonjour@dicodusport.fr\",\"legalName\":\"DICODUSPORT\",\"foundingDate\":\"2018-01-14\",\"vatID\":\"FR71834470973\",\"taxID\":\"83447097300043\",\"numberOfEmployees\":{\"@type\":\"QuantitativeValue\",\"minValue\":\"1\",\"maxValue\":\"10\"}},{\"@type\":\"Person\",\"@id\":\"https:\/\/dicodusport.fr\/blog\/#\/schema\/person\/f3797823174b5e2975b9efe0302f16f4\",\"name\":\"Idriss Ahamada\",\"image\":{\"@type\":\"ImageObject\",\"inLanguage\":\"fr-FR\",\"@id\":\"https:\/\/dicodusport.fr\/blog\/#\/schema\/person\/image\/\",\"url\":\"https:\/\/dicodusport.fr\/blog\/wp-content\/uploads\/2021\/04\/Maillot-Idriss-Dicodusport-150x150.png\",\"contentUrl\":\"https:\/\/dicodusport.fr\/blog\/wp-content\/uploads\/2021\/04\/Maillot-Idriss-Dicodusport-150x150.png\",\"caption\":\"Idriss Ahamada\"},\"description\":\"Passionn\u00e9 de sport depuis toujours, c\u2019est tout naturellement qu\u2019apr\u00e8s avoir compris que je n\u2019avais pas le niveau pour jouer \u00e0 Manchester United, et pas la force n\u00e9cessaire pour combattre \u00e0 l\u2019UFC que je me suis tourn\u00e9 vers le journalisme pour raconter les exploits et les histoires de ceux qui en sont capables. Le football, surtout quand il est jou\u00e9 en Angleterre, reste mon premier amour. Mais j\u2019aime aussi veiller la nuit pour vous parler de KO et de victoires unanimes \u00e0 l\u2019UFC ou sur les rings de boxe. Mon c\u00f4t\u00e9 fan de Wayne Rooney m\u2019a \u00e9galement pouss\u00e9 \u00e0 devenir polyvalent et \u00e0 parler aussi de rugby (\u00e0 XIII comme \u00e0 XV) et occasionnellement de cyclisme. C\u2019est donc logiquement que j\u2019ai rejoint Dicodusport, pour pouvoir parler de l\u2019actualit\u00e9, sur tous les terrains.\",\"sameAs\":[\"https:\/\/x.com\/https:\/\/twitter.com\/idriss_ia7\"],\"url\":\"https:\/\/dicodusport.fr\/blog\/author\/idriss\/\"}]}<\/script>\n<!-- \/ Yoast SEO Premium plugin. -->","yoast_head_json":{"title":"UFC 285 : Ciryl Gane a rendez-vous avec l'histoire","description":"UFC 285 - Pour la deuxi\u00e8me fois, Ciryl Gane va combattre pour la ceinture UFC des lourds. Il sera oppos\u00e9 \u00e0 Jon Jones lors de l'UFC 285.","robots":{"index":"index","follow":"follow","max-snippet":"max-snippet:-1","max-image-preview":"max-image-preview:large","max-video-preview":"max-video-preview:-1"},"canonical":"https:\/\/dicodusport.fr\/blog\/ufc-285-ciryl-gane-a-rendez-vous-avec-lhistoire\/","og_locale":"fr_FR","og_type":"article","og_title":"UFC 285 : Ciryl Gane a rendez-vous avec l'histoire","og_description":"UFC 285 - Pour la deuxi\u00e8me fois, Ciryl Gane va combattre pour la ceinture UFC des lourds. Il sera oppos\u00e9 \u00e0 Jon Jones lors de l'UFC 285.","og_url":"https:\/\/dicodusport.fr\/blog\/ufc-285-ciryl-gane-a-rendez-vous-avec-lhistoire\/","og_site_name":"Dicodusport","article_publisher":"https:\/\/www.facebook.com\/dicodusport","article_published_time":"2023-03-04T07:10:35+00:00","article_modified_time":"2023-03-04T07:14:34+00:00","og_image":[{"width":800,"height":445,"url":"https:\/\/dicodusport.fr\/blog\/wp-content\/uploads\/2023\/03\/UFC-285-Ciryl-Gane-a-rendez-vous-avec-lhistoire.png","type":"image\/png"}],"author":"Idriss Ahamada","twitter_card":"summary_large_image","twitter_title":"UFC 285 : Ciryl Gane a rendez-vous avec l'histoire","twitter_creator":"@https:\/\/twitter.com\/idriss_ia7","twitter_site":"@dicodusport","schema":{"@context":"https:\/\/schema.org","@graph":[{"@type":"NewsArticle","@id":"https:\/\/dicodusport.fr\/blog\/ufc-285-ciryl-gane-a-rendez-vous-avec-lhistoire\/#article","isPartOf":{"@id":"https:\/\/dicodusport.fr\/blog\/ufc-285-ciryl-gane-a-rendez-vous-avec-lhistoire\/"},"author":{"name":"Idriss Ahamada","@id":"https:\/\/dicodusport.fr\/blog\/#\/schema\/person\/f3797823174b5e2975b9efe0302f16f4"},"headline":"UFC 285 : Ciryl Gane a rendez-vous avec l&rsquo;histoire","datePublished":"2023-03-04T07:10:35+00:00","dateModified":"2023-03-04T07:14:34+00:00","mainEntityOfPage":{"@id":"https:\/\/dicodusport.fr\/blog\/ufc-285-ciryl-gane-a-rendez-vous-avec-lhistoire\/"},"wordCount":765,"commentCount":0,"publisher":{"@id":"https:\/\/dicodusport.fr\/blog\/#organization"},"image":{"@id":"https:\/\/dicodusport.fr\/blog\/ufc-285-ciryl-gane-a-rendez-vous-avec-lhistoire\/#primaryimage"},"thumbnailUrl":"https:\/\/dicodusport.fr\/blog\/wp-content\/uploads\/2023\/03\/UFC-285-Ciryl-Gane-a-rendez-vous-avec-lhistoire.png","keywords":["br\u00e8ve","Ciryl Gane","Jon Jones","sport","UFC","UFC 285"],"articleSection":["MMA"],"inLanguage":"fr-FR","potentialAction":[{"@type":"CommentAction","name":"Comment","target":["https:\/\/dicodusport.fr\/blog\/ufc-285-ciryl-gane-a-rendez-vous-avec-lhistoire\/#respond"]}],"copyrightYear":"2023","copyrightHolder":{"@id":"https:\/\/dicodusport.fr\/blog\/#organization"}},{"@type":"WebPage","@id":"https:\/\/dicodusport.fr\/blog\/ufc-285-ciryl-gane-a-rendez-vous-avec-lhistoire\/","url":"https:\/\/dicodusport.fr\/blog\/ufc-285-ciryl-gane-a-rendez-vous-avec-lhistoire\/","name":"UFC 285 : Ciryl Gane a rendez-vous avec l'histoire","isPartOf":{"@id":"https:\/\/dicodusport.fr\/blog\/#website"},"primaryImageOfPage":{"@id":"https:\/\/dicodusport.fr\/blog\/ufc-285-ciryl-gane-a-rendez-vous-avec-lhistoire\/#primaryimage"},"image":{"@id":"https:\/\/dicodusport.fr\/blog\/ufc-285-ciryl-gane-a-rendez-vous-avec-lhistoire\/#primaryimage"},"thumbnailUrl":"https:\/\/dicodusport.fr\/blog\/wp-content\/uploads\/2023\/03\/UFC-285-Ciryl-Gane-a-rendez-vous-avec-lhistoire.png","datePublished":"2023-03-04T07:10:35+00:00","dateModified":"2023-03-04T07:14:34+00:00","description":"UFC 285 - Pour la deuxi\u00e8me fois, Ciryl Gane va combattre pour la ceinture UFC des lourds. Il sera oppos\u00e9 \u00e0 Jon Jones lors de l'UFC 285.","breadcrumb":{"@id":"https:\/\/dicodusport.fr\/blog\/ufc-285-ciryl-gane-a-rendez-vous-avec-lhistoire\/#breadcrumb"},"inLanguage":"fr-FR","potentialAction":[{"@type":"ReadAction","target":["https:\/\/dicodusport.fr\/blog\/ufc-285-ciryl-gane-a-rendez-vous-avec-lhistoire\/"]}]},{"@type":"ImageObject","inLanguage":"fr-FR","@id":"https:\/\/dicodusport.fr\/blog\/ufc-285-ciryl-gane-a-rendez-vous-avec-lhistoire\/#primaryimage","url":"https:\/\/dicodusport.fr\/blog\/wp-content\/uploads\/2023\/03\/UFC-285-Ciryl-Gane-a-rendez-vous-avec-lhistoire.png","contentUrl":"https:\/\/dicodusport.fr\/blog\/wp-content\/uploads\/2023\/03\/UFC-285-Ciryl-Gane-a-rendez-vous-avec-lhistoire.png","width":800,"height":445,"caption":"UFC 285 Ciryl Gane a rendez-vous avec l'histoire"},{"@type":"BreadcrumbList","@id":"https:\/\/dicodusport.fr\/blog\/ufc-285-ciryl-gane-a-rendez-vous-avec-lhistoire\/#breadcrumb","itemListElement":[{"@type":"ListItem","position":1,"name":"Accueil","item":"https:\/\/dicodusport.fr\/blog\/"},{"@type":"ListItem","position":2,"name":"UFC 285 : Ciryl Gane a rendez-vous avec l&rsquo;histoire"}]},{"@type":"WebSite","@id":"https:\/\/dicodusport.fr\/blog\/#website","url":"https:\/\/dicodusport.fr\/blog\/","name":"Dicodusport","description":"L&#039;encyclop\u00e9die de l&#039;actualit\u00e9 sportive","publisher":{"@id":"https:\/\/dicodusport.fr\/blog\/#organization"},"potentialAction":[{"@type":"SearchAction","target":{"@type":"EntryPoint","urlTemplate":"https:\/\/dicodusport.fr\/blog\/?s={search_term_string}"},"query-input":{"@type":"PropertyValueSpecification","valueRequired":true,"valueName":"search_term_string"}}],"inLanguage":"fr-FR"},{"@type":"NewsMediaOrganization","@id":"https:\/\/dicodusport.fr\/blog\/#organization","name":"Dicodusport","url":"https:\/\/dicodusport.fr\/blog\/","logo":{"@type":"ImageObject","inLanguage":"fr-FR","@id":"https:\/\/dicodusport.fr\/blog\/#\/schema\/logo\/image\/","url":"https:\/\/dicodusport.fr\/blog\/wp-content\/uploads\/2020\/06\/cropped-LOGO-DICODUSPORT-2020-SANS-FOND-SANS-TEXTE.png","contentUrl":"https:\/\/dicodusport.fr\/blog\/wp-content\/uploads\/2020\/06\/cropped-LOGO-DICODUSPORT-2020-SANS-FOND-SANS-TEXTE.png","width":512,"height":512,"caption":"Dicodusport"},"image":{"@id":"https:\/\/dicodusport.fr\/blog\/#\/schema\/logo\/image\/"},"sameAs":["https:\/\/www.facebook.com\/dicodusport","https:\/\/x.com\/dicodusport","https:\/\/www.instagram.com\/dicodusport\/","https:\/\/www.youtube.com\/channel\/UC7V2KZ5sd3htJivAbA4ZG3w"],"description":"Dicodusport est l'encyclop\u00e9die de l'actualit\u00e9 sportive.","email":"bonjour@dicodusport.fr","legalName":"DICODUSPORT","foundingDate":"2018-01-14","vatID":"FR71834470973","taxID":"83447097300043","numberOfEmployees":{"@type":"QuantitativeValue","minValue":"1","maxValue":"10"}},{"@type":"Person","@id":"https:\/\/dicodusport.fr\/blog\/#\/schema\/person\/f3797823174b5e2975b9efe0302f16f4","name":"Idriss Ahamada","image":{"@type":"ImageObject","inLanguage":"fr-FR","@id":"https:\/\/dicodusport.fr\/blog\/#\/schema\/person\/image\/","url":"https:\/\/dicodusport.fr\/blog\/wp-content\/uploads\/2021\/04\/Maillot-Idriss-Dicodusport-150x150.png","contentUrl":"https:\/\/dicodusport.fr\/blog\/wp-content\/uploads\/2021\/04\/Maillot-Idriss-Dicodusport-150x150.png","caption":"Idriss Ahamada"},"description":"Passionn\u00e9 de sport depuis toujours, c\u2019est tout naturellement qu\u2019apr\u00e8s avoir compris que je n\u2019avais pas le niveau pour jouer \u00e0 Manchester United, et pas la force n\u00e9cessaire pour combattre \u00e0 l\u2019UFC que je me suis tourn\u00e9 vers le journalisme pour raconter les exploits et les histoires de ceux qui en sont capables. Le football, surtout quand il est jou\u00e9 en Angleterre, reste mon premier amour. Mais j\u2019aime aussi veiller la nuit pour vous parler de KO et de victoires unanimes \u00e0 l\u2019UFC ou sur les rings de boxe. Mon c\u00f4t\u00e9 fan de Wayne Rooney m\u2019a \u00e9galement pouss\u00e9 \u00e0 devenir polyvalent et \u00e0 parler aussi de rugby (\u00e0 XIII comme \u00e0 XV) et occasionnellement de cyclisme. C\u2019est donc logiquement que j\u2019ai rejoint Dicodusport, pour pouvoir parler de l\u2019actualit\u00e9, sur tous les terrains.","sameAs":["https:\/\/x.com\/https:\/\/twitter.com\/idriss_ia7"],"url":"https:\/\/dicodusport.fr\/blog\/author\/idriss\/"}]}},"_links":{"self":[{"href":"https:\/\/dicodusport.fr\/blog\/wp-json\/wp\/v2\/posts\/361505","targetHints":{"allow":["GET"]}}],"collection":[{"href":"https:\/\/dicodusport.fr\/blog\/wp-json\/wp\/v2\/posts"}],"about":[{"href":"https:\/\/dicodusport.fr\/blog\/wp-json\/wp\/v2\/types\/post"}],"author":[{"embeddable":true,"href":"https:\/\/dicodusport.fr\/blog\/wp-json\/wp\/v2\/users\/39"}],"replies":[{"embeddable":true,"href":"https:\/\/dicodusport.fr\/blog\/wp-json\/wp\/v2\/comments?post=361505"}],"version-history":[{"count":0,"href":"https:\/\/dicodusport.fr\/blog\/wp-json\/wp\/v2\/posts\/361505\/revisions"}],"wp:featuredmedia":[{"embeddable":true,"href":"https:\/\/dicodusport.fr\/blog\/wp-json\/wp\/v2\/media\/361593"}],"wp:attachment":[{"href":"https:\/\/dicodusport.fr\/blog\/wp-json\/wp\/v2\/media?parent=361505"}],"wp:term":[{"taxonomy":"category","embeddable":true,"href":"https:\/\/dicodusport.fr\/blog\/wp-json\/wp\/v2\/categories?post=361505"},{"taxonomy":"post_tag","embeddable":true,"href":"https:\/\/dicodusport.fr\/blog\/wp-json\/wp\/v2\/tags?post=361505"}],"curies":[{"name":"wp","href":"https:\/\/api.w.org\/{rel}","templated":true}]}}