{"id":361706,"date":"2023-03-04T16:28:49","date_gmt":"2023-03-04T15:28:49","guid":{"rendered":"https:\/\/dicodusport.fr\/blog\/?p=361706&#038;preview=true&#038;preview_id=361706"},"modified":"2023-03-04T17:47:23","modified_gmt":"2023-03-04T16:47:23","slug":"strade-bianche-2023-tom-pidcock-triomphe-devant-valentin-madouas","status":"publish","type":"post","link":"https:\/\/dicodusport.fr\/blog\/strade-bianche-2023-tom-pidcock-triomphe-devant-valentin-madouas\/","title":{"rendered":"Strade Bianche 2023 : Tom Pidcock triomphe devant Valentin Madouas"},"content":{"rendered":"<p style=\"text-align: justify;\"><strong><em>STRADE BIANCHE 2023 &#8211; Tom Pidcock (INEOS Grenadiers) a remport\u00e9 en solitaire la 16\u00e8me \u00e9dition des Strade Bianche \u00e0 Sienne, ce samedi. Sur la Piazza del Campo, il a devanc\u00e9 Valentin Madouas (Groupama-FDJ) et Tiesj Benoot (Jumbo-Visma).<\/em><\/strong><\/p>\n<p style=\"text-align: justify;\"><span style=\"font-weight: 400;\">D&rsquo;abord, trois coureurs ont constitu\u00e9 l&rsquo;\u00e9chapp\u00e9e matinale : <strong>Sven Erik Bystr\u00f8m<\/strong> (Intermarch\u00e9 &#8211; Circus &#8211; Wanty), <strong>Iv\u00e1n Romeo<\/strong> (Movistar) et <strong>Alessandro De Marchi<\/strong> (Jayco AlUla). Malheureusement, <strong>Erik Fetter<\/strong> (Eolo Kometa) est parti seul en contre et n&rsquo;a jamais rejoint le trio de t\u00eate. Le Hongrois a \u00e9t\u00e9 aval\u00e9 par le peloton \u00e0 100 km du terme. Les trois hommes de t\u00eate ont eu une avance maximale de six minutes apr\u00e8s 60 kilom\u00e8tres de course.\u00a0<\/span><\/p>\n<p style=\"text-align: justify;\"><span style=\"font-weight: 400;\">Ensuite, la Groupama FDJ et la Soudal Quick-Step ont impos\u00e9 un rythme dans le peloton avec un retard de moins de cinq minutes dans les secteurs du Lucignano D&rsquo;Asso et du Pieve a Salti. Puis, dans le long secteur de San Martino in Grania, <strong>Attila Valter<\/strong> (Jumbo-Visma), <strong>Carlos Rodriguez<\/strong> (INEOS Grenadiers) et <strong>Valentin Madouas<\/strong> (Groupama FDJ) ont \u00e9t\u00e9 pris dans des chutes alors que <strong>Davide Formolo<\/strong> (UAE Team Emirates) a \u00e9t\u00e9 victime d&rsquo;un accident m\u00e9canique.<\/span><\/p>\n<h2 style=\"text-align: justify;\"><strong>Le num\u00e9ro de Tom Pidcock\u00a0<\/strong><\/h2>\n<p style=\"text-align: justify;\"><span style=\"font-weight: 400;\">Dans le secteur de Monte Sante Marie, le jeune <strong>Iv\u00e1n Romeo<\/strong> (Movistar) a \u00e9t\u00e9 distanc\u00e9 de l&rsquo;\u00e9chapp\u00e9e matinale tandis que <strong>Tom Pidcock<\/strong> (INEOS Grenadiers), <strong>Alberto Bettiol<\/strong> (EF Education EasyPost) et <strong>Andrea Bagioli<\/strong> (Soudal Quick-Step) sont sortis du peloton. Cependant, le Britannique a profit\u00e9 d&rsquo;une portion descendante pour partir seul afin de revenir sur les deux hommes de t\u00eate. Malheureusement, <strong>Julian Alaphilippe<\/strong> (Soudal Quick-Step) a \u00e9t\u00e9 distanc\u00e9 du peloton principal o\u00f9 figurait une vingtaine de coureurs. Du c\u00f4t\u00e9 de <strong>Tim Wellens<\/strong>, le coureur belge a connu un p\u00e9pin m\u00e9canique au moment o\u00f9 la course s&rsquo;est d\u00e9cant\u00e9e.\u00a0<\/span><\/p>\n<p style=\"text-align: justify;\"><span style=\"font-weight: 400;\">Par la suite, <strong>Tom Pidcock<\/strong> (INEOS Grenadiers) a l\u00e2ch\u00e9 un \u00e0 un ses compagnons de fugue pour \u00eatre seul en t\u00eate \u00e0 23 kilom\u00e8tres du terme. Derri\u00e8re, un groupe de poursuivants s&rsquo;est form\u00e9 avec <strong>Rui Costa<\/strong> (Intermarch\u00e9 Circus Wanty), <strong>Valentin Madouas<\/strong> (Groupama FDJ), <strong>Matej Mohoric<\/strong> (Bahrain Victorious), <strong>Attila Valter<\/strong> et <strong>Tiesj Benoot<\/strong> (Jumbo-Visma). Malheureusement pour <strong>Quinn Simmons<\/strong> (Trek Segafredo), l&rsquo;Am\u00e9ricain a compl\u00e8tement explos\u00e9 dans les pentes \u00e0 18 % de Le Tolfe.\u00a0<\/span><\/p>\n<p style=\"text-align: justify;\"><span style=\"font-weight: 400;\">Finalement, <strong>Tom Pidcock<\/strong> (INEOS Grenadiers) s&rsquo;est impos\u00e9 en solitaire apr\u00e8s un num\u00e9ro de 50 kilom\u00e8tres \u00e0 l&rsquo;avant de la course. Le Britannique a devanc\u00e9 de 20 secondes <strong>Valentin Madouas<\/strong> (Groupama FDJ) et de 22 secondes <strong>Tiesj Benoot<\/strong> (Jumbo-Visma). Pour sa premi\u00e8re course World Tour, <strong>Romain Gr\u00e9goire<\/strong> (Groupama FDJ) a pris une excellente huiti\u00e8me place derri\u00e8re <strong>Pello Bilbao<\/strong> (Bahrain Victorious).\u00a0<\/span><\/p>\n<blockquote class=\"twitter-tweet\">\n<p dir=\"ltr\" lang=\"fr\">Au terme d&rsquo;une incroyable chevauch\u00e9e, amorc\u00e9e \u00e0 plus de 50 kilom\u00e8tres de l&rsquo;arriv\u00e9e, Tom Pidcock s&rsquo;impose sur les <a href=\"https:\/\/twitter.com\/hashtag\/StradeBianche?src=hash&amp;ref_src=twsrc%5Etfw\">#StradeBianche<\/a> devant le tout aussi impressionnant Valentin Madouas \ud83c\uddeb\ud83c\uddf7 <a href=\"https:\/\/twitter.com\/hashtag\/LesRP?src=hash&amp;ref_src=twsrc%5Etfw\">#LesRP<\/a> <a href=\"https:\/\/t.co\/GzdLG1OaTQ\">pic.twitter.com\/GzdLG1OaTQ<\/a><\/p>\n<p>\u2014 Eurosport France (@Eurosport_FR) <a href=\"https:\/\/twitter.com\/Eurosport_FR\/status\/1632040832764108800?ref_src=twsrc%5Etfw\">March 4, 2023<\/a><\/p><\/blockquote>\n<p><script async src=\"https:\/\/platform.twitter.com\/widgets.js\" charset=\"utf-8\"><\/script><\/p>\n<h2 style=\"text-align: justify;\">\u00c0 lire aussi<\/h2>\n<ul>\n<li style=\"text-align: justify;\"><a href=\"https:\/\/dicodusport.fr\/blog\/classement-strade-bianche-2023\/\"><strong>Le classement des Strade Bianche 2023<\/strong><\/a><\/li>\n<\/ul>\n","protected":false},"excerpt":{"rendered":"<p>STRADE BIANCHE 2023 &#8211; Tom Pidcock (INEOS Grenadiers) a remport\u00e9 en solitaire la 16\u00e8me \u00e9dition Strade Bianche \u00e0 Sienne, ce samedi. Sur la Piazza del Campo, il a devanc\u00e9 Valentin Madouas (Groupama-FDJ) et Tiesj Benoot (Jumbo-Visma).<\/p>\n","protected":false},"author":48,"featured_media":361923,"comment_status":"open","ping_status":"closed","sticky":false,"template":"","format":"standard","meta":{"_acf_changed":false,"_daextam_enable_autolinks":"","footnotes":""},"categories":[46994],"tags":[16878,4011,19485,4012,19949,3215],"class_list":["post-361706","post","type-post","status-publish","format-standard","has-post-thumbnail","hentry","category-cyclisme-sur-route","tag-breve","tag-les-strade-bianche","tag-romain-gregoire","tag-strade-bianche","tag-tom-pidcock","tag-valentin-madouas"],"acf":[],"yoast_head":"<!-- This site is optimized with the Yoast SEO Premium plugin v26.7 (Yoast SEO v26.7) - https:\/\/yoast.com\/wordpress\/plugins\/seo\/ -->\n<title>Strade Bianche 2023 : Tom Pidcock triomphe devant Valentin Madouas<\/title>\n<meta name=\"description\" content=\"STRADE BIANCHE 2023 - Tom Pidcock (INEOS Grenadiers) a remport\u00e9 la 16\u00e8me \u00e9dition des Strade Bianche \u00e0 Sienne, ce samedi.\" \/>\n<meta name=\"robots\" content=\"index, follow, max-snippet:-1, max-image-preview:large, max-video-preview:-1\" \/>\n<link rel=\"canonical\" href=\"https:\/\/dicodusport.fr\/blog\/strade-bianche-2023-tom-pidcock-triomphe-devant-valentin-madouas\/\" \/>\n<meta property=\"og:locale\" content=\"fr_FR\" \/>\n<meta property=\"og:type\" content=\"article\" \/>\n<meta property=\"og:title\" content=\"Strade Bianche 2023 : Tom Pidcock triomphe devant Valentin Madouas\" \/>\n<meta property=\"og:description\" content=\"STRADE BIANCHE 2023 - Tom Pidcock (INEOS Grenadiers) a remport\u00e9 la 16\u00e8me \u00e9dition des Strade Bianche \u00e0 Sienne, ce samedi.\" \/>\n<meta property=\"og:url\" content=\"https:\/\/dicodusport.fr\/blog\/strade-bianche-2023-tom-pidcock-triomphe-devant-valentin-madouas\/\" \/>\n<meta property=\"og:site_name\" content=\"Dicodusport\" \/>\n<meta property=\"article:publisher\" content=\"https:\/\/www.facebook.com\/dicodusport\" \/>\n<meta property=\"article:author\" content=\"https:\/\/www.facebook.com\/groups\/LesRoisDuPeloton\" \/>\n<meta property=\"article:published_time\" content=\"2023-03-04T15:28:49+00:00\" \/>\n<meta property=\"article:modified_time\" content=\"2023-03-04T16:47:23+00:00\" \/>\n<meta property=\"og:image\" content=\"https:\/\/dicodusport.fr\/blog\/wp-content\/uploads\/2023\/03\/Strade-Bianche-2023-Tom-Pidcock-triomphe-devant-Valentin-Madouas-1.png\" \/>\n\t<meta property=\"og:image:width\" content=\"800\" \/>\n\t<meta property=\"og:image:height\" content=\"445\" \/>\n\t<meta property=\"og:image:type\" content=\"image\/png\" \/>\n<meta name=\"author\" content=\"Emilien Descampiaux\" \/>\n<meta name=\"twitter:card\" content=\"summary_large_image\" \/>\n<meta name=\"twitter:title\" content=\"Strade Bianche 2023 : Tom Pidcock triomphe devant Valentin Madouas\" \/>\n<meta name=\"twitter:creator\" content=\"@https:\/\/twitter.com\/LRoisDuPeloton\" \/>\n<meta name=\"twitter:site\" content=\"@dicodusport\" \/>\n<script type=\"application\/ld+json\" class=\"yoast-schema-graph\">{\"@context\":\"https:\/\/schema.org\",\"@graph\":[{\"@type\":\"NewsArticle\",\"@id\":\"https:\/\/dicodusport.fr\/blog\/strade-bianche-2023-tom-pidcock-triomphe-devant-valentin-madouas\/#article\",\"isPartOf\":{\"@id\":\"https:\/\/dicodusport.fr\/blog\/strade-bianche-2023-tom-pidcock-triomphe-devant-valentin-madouas\/\"},\"author\":{\"name\":\"Emilien Descampiaux\",\"@id\":\"https:\/\/dicodusport.fr\/blog\/#\/schema\/person\/6db4bae06b171592211be385b32876a7\"},\"headline\":\"Strade Bianche 2023 : Tom Pidcock triomphe devant Valentin Madouas\",\"datePublished\":\"2023-03-04T15:28:49+00:00\",\"dateModified\":\"2023-03-04T16:47:23+00:00\",\"mainEntityOfPage\":{\"@id\":\"https:\/\/dicodusport.fr\/blog\/strade-bianche-2023-tom-pidcock-triomphe-devant-valentin-madouas\/\"},\"wordCount\":500,\"commentCount\":0,\"publisher\":{\"@id\":\"https:\/\/dicodusport.fr\/blog\/#organization\"},\"image\":{\"@id\":\"https:\/\/dicodusport.fr\/blog\/strade-bianche-2023-tom-pidcock-triomphe-devant-valentin-madouas\/#primaryimage\"},\"thumbnailUrl\":\"https:\/\/dicodusport.fr\/blog\/wp-content\/uploads\/2023\/03\/Strade-Bianche-2023-Tom-Pidcock-triomphe-devant-Valentin-Madouas-1.png\",\"keywords\":[\"br\u00e8ve\",\"Les Strade Bianche\",\"Romain Gr\u00e9goire\",\"Strade Bianche\",\"Tom Pidcock\",\"Valentin Madouas\"],\"articleSection\":[\"Cyclisme sur route\"],\"inLanguage\":\"fr-FR\",\"potentialAction\":[{\"@type\":\"CommentAction\",\"name\":\"Comment\",\"target\":[\"https:\/\/dicodusport.fr\/blog\/strade-bianche-2023-tom-pidcock-triomphe-devant-valentin-madouas\/#respond\"]}],\"copyrightYear\":\"2023\",\"copyrightHolder\":{\"@id\":\"https:\/\/dicodusport.fr\/blog\/#organization\"}},{\"@type\":\"WebPage\",\"@id\":\"https:\/\/dicodusport.fr\/blog\/strade-bianche-2023-tom-pidcock-triomphe-devant-valentin-madouas\/\",\"url\":\"https:\/\/dicodusport.fr\/blog\/strade-bianche-2023-tom-pidcock-triomphe-devant-valentin-madouas\/\",\"name\":\"Strade Bianche 2023 : Tom Pidcock triomphe devant Valentin Madouas\",\"isPartOf\":{\"@id\":\"https:\/\/dicodusport.fr\/blog\/#website\"},\"primaryImageOfPage\":{\"@id\":\"https:\/\/dicodusport.fr\/blog\/strade-bianche-2023-tom-pidcock-triomphe-devant-valentin-madouas\/#primaryimage\"},\"image\":{\"@id\":\"https:\/\/dicodusport.fr\/blog\/strade-bianche-2023-tom-pidcock-triomphe-devant-valentin-madouas\/#primaryimage\"},\"thumbnailUrl\":\"https:\/\/dicodusport.fr\/blog\/wp-content\/uploads\/2023\/03\/Strade-Bianche-2023-Tom-Pidcock-triomphe-devant-Valentin-Madouas-1.png\",\"datePublished\":\"2023-03-04T15:28:49+00:00\",\"dateModified\":\"2023-03-04T16:47:23+00:00\",\"description\":\"STRADE BIANCHE 2023 - Tom Pidcock (INEOS Grenadiers) a remport\u00e9 la 16\u00e8me \u00e9dition des Strade Bianche \u00e0 Sienne, ce samedi.\",\"breadcrumb\":{\"@id\":\"https:\/\/dicodusport.fr\/blog\/strade-bianche-2023-tom-pidcock-triomphe-devant-valentin-madouas\/#breadcrumb\"},\"inLanguage\":\"fr-FR\",\"potentialAction\":[{\"@type\":\"ReadAction\",\"target\":[\"https:\/\/dicodusport.fr\/blog\/strade-bianche-2023-tom-pidcock-triomphe-devant-valentin-madouas\/\"]}]},{\"@type\":\"ImageObject\",\"inLanguage\":\"fr-FR\",\"@id\":\"https:\/\/dicodusport.fr\/blog\/strade-bianche-2023-tom-pidcock-triomphe-devant-valentin-madouas\/#primaryimage\",\"url\":\"https:\/\/dicodusport.fr\/blog\/wp-content\/uploads\/2023\/03\/Strade-Bianche-2023-Tom-Pidcock-triomphe-devant-Valentin-Madouas-1.png\",\"contentUrl\":\"https:\/\/dicodusport.fr\/blog\/wp-content\/uploads\/2023\/03\/Strade-Bianche-2023-Tom-Pidcock-triomphe-devant-Valentin-Madouas-1.png\",\"width\":800,\"height\":445,\"caption\":\"Strade Bianche 2023 Tom Pidcock triomphe devant Valentin Madouas (1)\"},{\"@type\":\"BreadcrumbList\",\"@id\":\"https:\/\/dicodusport.fr\/blog\/strade-bianche-2023-tom-pidcock-triomphe-devant-valentin-madouas\/#breadcrumb\",\"itemListElement\":[{\"@type\":\"ListItem\",\"position\":1,\"name\":\"Accueil\",\"item\":\"https:\/\/dicodusport.fr\/blog\/\"},{\"@type\":\"ListItem\",\"position\":2,\"name\":\"Strade Bianche 2023 : Tom Pidcock triomphe devant Valentin Madouas\"}]},{\"@type\":\"WebSite\",\"@id\":\"https:\/\/dicodusport.fr\/blog\/#website\",\"url\":\"https:\/\/dicodusport.fr\/blog\/\",\"name\":\"Dicodusport\",\"description\":\"L&#039;encyclop\u00e9die de l&#039;actualit\u00e9 sportive\",\"publisher\":{\"@id\":\"https:\/\/dicodusport.fr\/blog\/#organization\"},\"potentialAction\":[{\"@type\":\"SearchAction\",\"target\":{\"@type\":\"EntryPoint\",\"urlTemplate\":\"https:\/\/dicodusport.fr\/blog\/?s={search_term_string}\"},\"query-input\":{\"@type\":\"PropertyValueSpecification\",\"valueRequired\":true,\"valueName\":\"search_term_string\"}}],\"inLanguage\":\"fr-FR\"},{\"@type\":\"NewsMediaOrganization\",\"@id\":\"https:\/\/dicodusport.fr\/blog\/#organization\",\"name\":\"Dicodusport\",\"url\":\"https:\/\/dicodusport.fr\/blog\/\",\"logo\":{\"@type\":\"ImageObject\",\"inLanguage\":\"fr-FR\",\"@id\":\"https:\/\/dicodusport.fr\/blog\/#\/schema\/logo\/image\/\",\"url\":\"https:\/\/dicodusport.fr\/blog\/wp-content\/uploads\/2020\/06\/cropped-LOGO-DICODUSPORT-2020-SANS-FOND-SANS-TEXTE.png\",\"contentUrl\":\"https:\/\/dicodusport.fr\/blog\/wp-content\/uploads\/2020\/06\/cropped-LOGO-DICODUSPORT-2020-SANS-FOND-SANS-TEXTE.png\",\"width\":512,\"height\":512,\"caption\":\"Dicodusport\"},\"image\":{\"@id\":\"https:\/\/dicodusport.fr\/blog\/#\/schema\/logo\/image\/\"},\"sameAs\":[\"https:\/\/www.facebook.com\/dicodusport\",\"https:\/\/x.com\/dicodusport\",\"https:\/\/www.instagram.com\/dicodusport\/\",\"https:\/\/www.youtube.com\/channel\/UC7V2KZ5sd3htJivAbA4ZG3w\"],\"description\":\"Dicodusport est l'encyclop\u00e9die de l'actualit\u00e9 sportive.\",\"email\":\"bonjour@dicodusport.fr\",\"legalName\":\"DICODUSPORT\",\"foundingDate\":\"2018-01-14\",\"vatID\":\"FR71834470973\",\"taxID\":\"83447097300043\",\"numberOfEmployees\":{\"@type\":\"QuantitativeValue\",\"minValue\":\"1\",\"maxValue\":\"10\"}},{\"@type\":\"Person\",\"@id\":\"https:\/\/dicodusport.fr\/blog\/#\/schema\/person\/6db4bae06b171592211be385b32876a7\",\"name\":\"Emilien Descampiaux\",\"image\":{\"@type\":\"ImageObject\",\"inLanguage\":\"fr-FR\",\"@id\":\"https:\/\/dicodusport.fr\/blog\/#\/schema\/person\/image\/\",\"url\":\"https:\/\/dicodusport.fr\/blog\/wp-content\/uploads\/2021\/05\/Emilien-Descampiaux-150x150.jpg\",\"contentUrl\":\"https:\/\/dicodusport.fr\/blog\/wp-content\/uploads\/2021\/05\/Emilien-Descampiaux-150x150.jpg\",\"caption\":\"Emilien Descampiaux\"},\"description\":\"Journaliste\/r\u00e9dacteur depuis 2014 - Fan de la classe de Frank Vandenbroucke, je vis cyclisme (et de ses paysages) depuis plus de 20 ans. Je suis tr\u00e8s impliqu\u00e9 sur mes diff\u00e9rents r\u00e9seaux sociaux pour partager ma passion sur le monde et l'Histoire de la bicyclette avec ma voix sur les images en noir et blanc du succ\u00e8s de Rik Van Steenbergen lors du Ronde sur le V\u00e9lodrome de Gand.\",\"sameAs\":[\"https:\/\/www.facebook.com\/groups\/LesRoisDuPeloton\",\"https:\/\/x.com\/https:\/\/twitter.com\/LRoisDuPeloton\"],\"url\":\"https:\/\/dicodusport.fr\/blog\/author\/emiliend\/\"}]}<\/script>\n<!-- \/ Yoast SEO Premium plugin. -->","yoast_head_json":{"title":"Strade Bianche 2023 : Tom Pidcock triomphe devant Valentin Madouas","description":"STRADE BIANCHE 2023 - Tom Pidcock (INEOS Grenadiers) a remport\u00e9 la 16\u00e8me \u00e9dition des Strade Bianche \u00e0 Sienne, ce samedi.","robots":{"index":"index","follow":"follow","max-snippet":"max-snippet:-1","max-image-preview":"max-image-preview:large","max-video-preview":"max-video-preview:-1"},"canonical":"https:\/\/dicodusport.fr\/blog\/strade-bianche-2023-tom-pidcock-triomphe-devant-valentin-madouas\/","og_locale":"fr_FR","og_type":"article","og_title":"Strade Bianche 2023 : Tom Pidcock triomphe devant Valentin Madouas","og_description":"STRADE BIANCHE 2023 - Tom Pidcock (INEOS Grenadiers) a remport\u00e9 la 16\u00e8me \u00e9dition des Strade Bianche \u00e0 Sienne, ce samedi.","og_url":"https:\/\/dicodusport.fr\/blog\/strade-bianche-2023-tom-pidcock-triomphe-devant-valentin-madouas\/","og_site_name":"Dicodusport","article_publisher":"https:\/\/www.facebook.com\/dicodusport","article_author":"https:\/\/www.facebook.com\/groups\/LesRoisDuPeloton","article_published_time":"2023-03-04T15:28:49+00:00","article_modified_time":"2023-03-04T16:47:23+00:00","og_image":[{"width":800,"height":445,"url":"https:\/\/dicodusport.fr\/blog\/wp-content\/uploads\/2023\/03\/Strade-Bianche-2023-Tom-Pidcock-triomphe-devant-Valentin-Madouas-1.png","type":"image\/png"}],"author":"Emilien Descampiaux","twitter_card":"summary_large_image","twitter_title":"Strade Bianche 2023 : Tom Pidcock triomphe devant Valentin Madouas","twitter_creator":"@https:\/\/twitter.com\/LRoisDuPeloton","twitter_site":"@dicodusport","schema":{"@context":"https:\/\/schema.org","@graph":[{"@type":"NewsArticle","@id":"https:\/\/dicodusport.fr\/blog\/strade-bianche-2023-tom-pidcock-triomphe-devant-valentin-madouas\/#article","isPartOf":{"@id":"https:\/\/dicodusport.fr\/blog\/strade-bianche-2023-tom-pidcock-triomphe-devant-valentin-madouas\/"},"author":{"name":"Emilien Descampiaux","@id":"https:\/\/dicodusport.fr\/blog\/#\/schema\/person\/6db4bae06b171592211be385b32876a7"},"headline":"Strade Bianche 2023 : Tom Pidcock triomphe devant Valentin Madouas","datePublished":"2023-03-04T15:28:49+00:00","dateModified":"2023-03-04T16:47:23+00:00","mainEntityOfPage":{"@id":"https:\/\/dicodusport.fr\/blog\/strade-bianche-2023-tom-pidcock-triomphe-devant-valentin-madouas\/"},"wordCount":500,"commentCount":0,"publisher":{"@id":"https:\/\/dicodusport.fr\/blog\/#organization"},"image":{"@id":"https:\/\/dicodusport.fr\/blog\/strade-bianche-2023-tom-pidcock-triomphe-devant-valentin-madouas\/#primaryimage"},"thumbnailUrl":"https:\/\/dicodusport.fr\/blog\/wp-content\/uploads\/2023\/03\/Strade-Bianche-2023-Tom-Pidcock-triomphe-devant-Valentin-Madouas-1.png","keywords":["br\u00e8ve","Les Strade Bianche","Romain Gr\u00e9goire","Strade Bianche","Tom Pidcock","Valentin Madouas"],"articleSection":["Cyclisme sur route"],"inLanguage":"fr-FR","potentialAction":[{"@type":"CommentAction","name":"Comment","target":["https:\/\/dicodusport.fr\/blog\/strade-bianche-2023-tom-pidcock-triomphe-devant-valentin-madouas\/#respond"]}],"copyrightYear":"2023","copyrightHolder":{"@id":"https:\/\/dicodusport.fr\/blog\/#organization"}},{"@type":"WebPage","@id":"https:\/\/dicodusport.fr\/blog\/strade-bianche-2023-tom-pidcock-triomphe-devant-valentin-madouas\/","url":"https:\/\/dicodusport.fr\/blog\/strade-bianche-2023-tom-pidcock-triomphe-devant-valentin-madouas\/","name":"Strade Bianche 2023 : Tom Pidcock triomphe devant Valentin Madouas","isPartOf":{"@id":"https:\/\/dicodusport.fr\/blog\/#website"},"primaryImageOfPage":{"@id":"https:\/\/dicodusport.fr\/blog\/strade-bianche-2023-tom-pidcock-triomphe-devant-valentin-madouas\/#primaryimage"},"image":{"@id":"https:\/\/dicodusport.fr\/blog\/strade-bianche-2023-tom-pidcock-triomphe-devant-valentin-madouas\/#primaryimage"},"thumbnailUrl":"https:\/\/dicodusport.fr\/blog\/wp-content\/uploads\/2023\/03\/Strade-Bianche-2023-Tom-Pidcock-triomphe-devant-Valentin-Madouas-1.png","datePublished":"2023-03-04T15:28:49+00:00","dateModified":"2023-03-04T16:47:23+00:00","description":"STRADE BIANCHE 2023 - Tom Pidcock (INEOS Grenadiers) a remport\u00e9 la 16\u00e8me \u00e9dition des Strade Bianche \u00e0 Sienne, ce samedi.","breadcrumb":{"@id":"https:\/\/dicodusport.fr\/blog\/strade-bianche-2023-tom-pidcock-triomphe-devant-valentin-madouas\/#breadcrumb"},"inLanguage":"fr-FR","potentialAction":[{"@type":"ReadAction","target":["https:\/\/dicodusport.fr\/blog\/strade-bianche-2023-tom-pidcock-triomphe-devant-valentin-madouas\/"]}]},{"@type":"ImageObject","inLanguage":"fr-FR","@id":"https:\/\/dicodusport.fr\/blog\/strade-bianche-2023-tom-pidcock-triomphe-devant-valentin-madouas\/#primaryimage","url":"https:\/\/dicodusport.fr\/blog\/wp-content\/uploads\/2023\/03\/Strade-Bianche-2023-Tom-Pidcock-triomphe-devant-Valentin-Madouas-1.png","contentUrl":"https:\/\/dicodusport.fr\/blog\/wp-content\/uploads\/2023\/03\/Strade-Bianche-2023-Tom-Pidcock-triomphe-devant-Valentin-Madouas-1.png","width":800,"height":445,"caption":"Strade Bianche 2023 Tom Pidcock triomphe devant Valentin Madouas (1)"},{"@type":"BreadcrumbList","@id":"https:\/\/dicodusport.fr\/blog\/strade-bianche-2023-tom-pidcock-triomphe-devant-valentin-madouas\/#breadcrumb","itemListElement":[{"@type":"ListItem","position":1,"name":"Accueil","item":"https:\/\/dicodusport.fr\/blog\/"},{"@type":"ListItem","position":2,"name":"Strade Bianche 2023 : Tom Pidcock triomphe devant Valentin Madouas"}]},{"@type":"WebSite","@id":"https:\/\/dicodusport.fr\/blog\/#website","url":"https:\/\/dicodusport.fr\/blog\/","name":"Dicodusport","description":"L&#039;encyclop\u00e9die de l&#039;actualit\u00e9 sportive","publisher":{"@id":"https:\/\/dicodusport.fr\/blog\/#organization"},"potentialAction":[{"@type":"SearchAction","target":{"@type":"EntryPoint","urlTemplate":"https:\/\/dicodusport.fr\/blog\/?s={search_term_string}"},"query-input":{"@type":"PropertyValueSpecification","valueRequired":true,"valueName":"search_term_string"}}],"inLanguage":"fr-FR"},{"@type":"NewsMediaOrganization","@id":"https:\/\/dicodusport.fr\/blog\/#organization","name":"Dicodusport","url":"https:\/\/dicodusport.fr\/blog\/","logo":{"@type":"ImageObject","inLanguage":"fr-FR","@id":"https:\/\/dicodusport.fr\/blog\/#\/schema\/logo\/image\/","url":"https:\/\/dicodusport.fr\/blog\/wp-content\/uploads\/2020\/06\/cropped-LOGO-DICODUSPORT-2020-SANS-FOND-SANS-TEXTE.png","contentUrl":"https:\/\/dicodusport.fr\/blog\/wp-content\/uploads\/2020\/06\/cropped-LOGO-DICODUSPORT-2020-SANS-FOND-SANS-TEXTE.png","width":512,"height":512,"caption":"Dicodusport"},"image":{"@id":"https:\/\/dicodusport.fr\/blog\/#\/schema\/logo\/image\/"},"sameAs":["https:\/\/www.facebook.com\/dicodusport","https:\/\/x.com\/dicodusport","https:\/\/www.instagram.com\/dicodusport\/","https:\/\/www.youtube.com\/channel\/UC7V2KZ5sd3htJivAbA4ZG3w"],"description":"Dicodusport est l'encyclop\u00e9die de l'actualit\u00e9 sportive.","email":"bonjour@dicodusport.fr","legalName":"DICODUSPORT","foundingDate":"2018-01-14","vatID":"FR71834470973","taxID":"83447097300043","numberOfEmployees":{"@type":"QuantitativeValue","minValue":"1","maxValue":"10"}},{"@type":"Person","@id":"https:\/\/dicodusport.fr\/blog\/#\/schema\/person\/6db4bae06b171592211be385b32876a7","name":"Emilien Descampiaux","image":{"@type":"ImageObject","inLanguage":"fr-FR","@id":"https:\/\/dicodusport.fr\/blog\/#\/schema\/person\/image\/","url":"https:\/\/dicodusport.fr\/blog\/wp-content\/uploads\/2021\/05\/Emilien-Descampiaux-150x150.jpg","contentUrl":"https:\/\/dicodusport.fr\/blog\/wp-content\/uploads\/2021\/05\/Emilien-Descampiaux-150x150.jpg","caption":"Emilien Descampiaux"},"description":"Journaliste\/r\u00e9dacteur depuis 2014 - Fan de la classe de Frank Vandenbroucke, je vis cyclisme (et de ses paysages) depuis plus de 20 ans. Je suis tr\u00e8s impliqu\u00e9 sur mes diff\u00e9rents r\u00e9seaux sociaux pour partager ma passion sur le monde et l'Histoire de la bicyclette avec ma voix sur les images en noir et blanc du succ\u00e8s de Rik Van Steenbergen lors du Ronde sur le V\u00e9lodrome de Gand.","sameAs":["https:\/\/www.facebook.com\/groups\/LesRoisDuPeloton","https:\/\/x.com\/https:\/\/twitter.com\/LRoisDuPeloton"],"url":"https:\/\/dicodusport.fr\/blog\/author\/emiliend\/"}]}},"_links":{"self":[{"href":"https:\/\/dicodusport.fr\/blog\/wp-json\/wp\/v2\/posts\/361706","targetHints":{"allow":["GET"]}}],"collection":[{"href":"https:\/\/dicodusport.fr\/blog\/wp-json\/wp\/v2\/posts"}],"about":[{"href":"https:\/\/dicodusport.fr\/blog\/wp-json\/wp\/v2\/types\/post"}],"author":[{"embeddable":true,"href":"https:\/\/dicodusport.fr\/blog\/wp-json\/wp\/v2\/users\/48"}],"replies":[{"embeddable":true,"href":"https:\/\/dicodusport.fr\/blog\/wp-json\/wp\/v2\/comments?post=361706"}],"version-history":[{"count":0,"href":"https:\/\/dicodusport.fr\/blog\/wp-json\/wp\/v2\/posts\/361706\/revisions"}],"wp:featuredmedia":[{"embeddable":true,"href":"https:\/\/dicodusport.fr\/blog\/wp-json\/wp\/v2\/media\/361923"}],"wp:attachment":[{"href":"https:\/\/dicodusport.fr\/blog\/wp-json\/wp\/v2\/media?parent=361706"}],"wp:term":[{"taxonomy":"category","embeddable":true,"href":"https:\/\/dicodusport.fr\/blog\/wp-json\/wp\/v2\/categories?post=361706"},{"taxonomy":"post_tag","embeddable":true,"href":"https:\/\/dicodusport.fr\/blog\/wp-json\/wp\/v2\/tags?post=361706"}],"curies":[{"name":"wp","href":"https:\/\/api.w.org\/{rel}","templated":true}]}}