{"id":361728,"date":"2023-03-04T12:45:56","date_gmt":"2023-03-04T11:45:56","guid":{"rendered":"https:\/\/dicodusport.fr\/blog\/?p=361728&#038;preview=true&#038;preview_id=361728"},"modified":"2023-03-04T14:57:16","modified_gmt":"2023-03-04T13:57:16","slug":"championnats-du-monde-juniors-de-biathlon-la-france-vice-championne-du-monde-sur-le-relais-mixte","status":"publish","type":"post","link":"https:\/\/dicodusport.fr\/blog\/championnats-du-monde-juniors-de-biathlon-la-france-vice-championne-du-monde-sur-le-relais-mixte\/","title":{"rendered":"Championnats du monde juniors de biathlon : La France vice-championne du monde sur le relais mixte"},"content":{"rendered":"<p style=\"text-align: justify;\"><em><strong><a href=\"https:\/\/dicodusport.fr\/blog\/programme-et-resultats-biathlon-championnats-du-monde-jeunes-et-juniors-2023\/\">CHAMPIONNATS DU MONDE JEUNES-JUNIORS DE BIATHLON<\/a> \u2013 Pour la premi\u00e8re course des Mondiaux juniors, l\u2019\u00e9quipe de France a pris la m\u00e9daille d\u2019argent gr\u00e2ce \u00e0 L\u00e9onie Jeannier, Jeanne Richard, Th\u00e9o Guiraud-Poillot et Jacques Jefferies.<\/strong><\/em><\/p>\n<p style=\"text-align: justify;\">Il n\u2019aura pas fallu attendre longtemps pour voir la premi\u00e8re m\u00e9daille sur ces <strong>Championnats du monde juniors de biathlon<\/strong> \u00e0 Shchuchinsk, au Kazakhstan. D\u00e8s le relais mixte ce matin, l\u2019\u00e9quipe de France a termin\u00e9 2<sup>\u00e8me <\/sup>derri\u00e8re l\u2019Allemagne. Les Norv\u00e9giens compl\u00e8tent le podium.<\/p>\n<p style=\"text-align: justify;\"><strong>L\u00e9onie Jeannier<\/strong> avait id\u00e9alement lanc\u00e9 gr\u00e2ce \u00e0 un sans-faute au tir. \u00c0 l\u2019issue de son passage, elle \u00e9tait alors dans le groupe de t\u00eate avec l\u2019<strong>Autriche<\/strong>, la <strong>Belgique<\/strong> et l\u2019<strong>Allemagne<\/strong>. En tant que deuxi\u00e8me relayeuse, <strong>Jeanne Richard<\/strong> assurait avec seulement une pioche. Cela lui a permis de passer le relais avec les Allemandes et les Su\u00e9doises. Avec trois nouvelles fautes, <strong>Th\u00e9o Guiraud-Poillot<\/strong> a gard\u00e9 les Fran\u00e7ais au contact, toujours avec les Su\u00e9dois et les Allemands. <strong>Jacques Jefferies<\/strong> a alors conclu le travail avec 3 pioches \u00e9galement. Malheureusement, malgr\u00e9 leurs douze pioches, les Allemands finiront avec 26 secondes d\u2019avance. La <strong>France<\/strong> lance donc id\u00e9alement ses championnats du monde.<\/p>\n<blockquote class=\"twitter-tweet\">\n<p dir=\"ltr\" lang=\"en\">Congratulations Team Germany on the mixed relay win! \ud83c\udf89 What a solid performance from Hans Koellner in the final shooting \ud83d\ude4c\ud83c\udffc<a href=\"https:\/\/twitter.com\/hashtag\/YJWCH23?src=hash&amp;ref_src=twsrc%5Etfw\">#YJWCH23<\/a> <a href=\"https:\/\/twitter.com\/hashtag\/biathlon?src=hash&amp;ref_src=twsrc%5Etfw\">#biathlon<\/a> <a href=\"https:\/\/twitter.com\/hashtag\/biathlonworld?src=hash&amp;ref_src=twsrc%5Etfw\">#biathlonworld<\/a> <a href=\"https:\/\/t.co\/d3hGBEsbA8\">pic.twitter.com\/d3hGBEsbA8<\/a><\/p>\n<p>\u2014 IBU Junior Cup (@IBU_Junior) <a href=\"https:\/\/twitter.com\/IBU_Junior\/status\/1631975098054737922?ref_src=twsrc%5Etfw\">March 4, 2023<\/a><\/p><\/blockquote>\n<p><script async src=\"https:\/\/platform.twitter.com\/widgets.js\" charset=\"utf-8\"><\/script><\/p>\n","protected":false},"excerpt":{"rendered":"<p>CHAMPIONNATS DU MONDE JUNIORS DE BIATHLON \u2013 Pour la premi\u00e8re course des Mondiaux juniors, l\u2019\u00e9quipe de France a pris la m\u00e9daille d\u2019argent gr\u00e2ce \u00e0 L\u00e9onie Jeannier, Jeanne Richard, Th\u00e9o Guiraud-Poillot et Jacques Jefferies.<\/p>\n","protected":false},"author":80,"featured_media":361817,"comment_status":"open","ping_status":"closed","sticky":false,"template":"","format":"standard","meta":{"_acf_changed":false,"_daextam_enable_autolinks":"","footnotes":""},"categories":[2426],"tags":[2427,16878,21319,15008],"class_list":["post-361728","post","type-post","status-publish","format-standard","has-post-thumbnail","hentry","category-biathlon","tag-biathlon","tag-breve","tag-championnats-du-monde-juniors-de-biathlon","tag-juniors"],"acf":[],"yoast_head":"<!-- This site is optimized with the Yoast SEO Premium plugin v26.7 (Yoast SEO v26.7) - https:\/\/yoast.com\/wordpress\/plugins\/seo\/ -->\n<title>Championnats du monde juniors de biathlon : La France vice-championne du monde sur le relais mixte<\/title>\n<meta name=\"description\" content=\"CHAMPIONNATS DU MONDE JUNIORS DE BIATHLON \u2013 L\u2019\u00e9quipe de France a pris la m\u00e9daille d\u2019argent sur le relais mixte juniors, ce samedi midi.\" \/>\n<meta name=\"robots\" content=\"index, follow, max-snippet:-1, max-image-preview:large, max-video-preview:-1\" \/>\n<link rel=\"canonical\" href=\"https:\/\/dicodusport.fr\/blog\/championnats-du-monde-juniors-de-biathlon-la-france-vice-championne-du-monde-sur-le-relais-mixte\/\" \/>\n<meta property=\"og:locale\" content=\"fr_FR\" \/>\n<meta property=\"og:type\" content=\"article\" \/>\n<meta property=\"og:title\" content=\"Championnats du monde juniors de biathlon : La France vice-championne du monde sur le relais mixte\" \/>\n<meta property=\"og:description\" content=\"CHAMPIONNATS DU MONDE JUNIORS DE BIATHLON \u2013 L\u2019\u00e9quipe de France a pris la m\u00e9daille d\u2019argent sur le relais mixte juniors, ce samedi midi.\" \/>\n<meta property=\"og:url\" content=\"https:\/\/dicodusport.fr\/blog\/championnats-du-monde-juniors-de-biathlon-la-france-vice-championne-du-monde-sur-le-relais-mixte\/\" \/>\n<meta property=\"og:site_name\" content=\"Dicodusport\" \/>\n<meta property=\"article:publisher\" content=\"https:\/\/www.facebook.com\/dicodusport\" \/>\n<meta property=\"article:author\" content=\"https:\/\/www.facebook.com\/profile.php?id=100009753662352\" \/>\n<meta property=\"article:published_time\" content=\"2023-03-04T11:45:56+00:00\" \/>\n<meta property=\"article:modified_time\" content=\"2023-03-04T13:57:16+00:00\" \/>\n<meta property=\"og:image\" content=\"https:\/\/dicodusport.fr\/blog\/wp-content\/uploads\/2023\/03\/Championnats-du-monde-juniors-de-biathlon-la-France-vice-championne-du-monde-sur-le-relais-mixte.png\" \/>\n\t<meta property=\"og:image:width\" content=\"800\" \/>\n\t<meta property=\"og:image:height\" content=\"445\" \/>\n\t<meta property=\"og:image:type\" content=\"image\/png\" \/>\n<meta name=\"author\" content=\"Killian Tanguy\" \/>\n<meta name=\"twitter:card\" content=\"summary_large_image\" \/>\n<meta name=\"twitter:title\" content=\"Championnats du monde juniors de biathlon : La France vice-championne du monde sur le relais mixte\" \/>\n<meta name=\"twitter:creator\" content=\"@https:\/\/twitter.com\/sport_ktanguy\" \/>\n<meta name=\"twitter:site\" content=\"@dicodusport\" \/>\n<script type=\"application\/ld+json\" class=\"yoast-schema-graph\">{\"@context\":\"https:\/\/schema.org\",\"@graph\":[{\"@type\":\"NewsArticle\",\"@id\":\"https:\/\/dicodusport.fr\/blog\/championnats-du-monde-juniors-de-biathlon-la-france-vice-championne-du-monde-sur-le-relais-mixte\/#article\",\"isPartOf\":{\"@id\":\"https:\/\/dicodusport.fr\/blog\/championnats-du-monde-juniors-de-biathlon-la-france-vice-championne-du-monde-sur-le-relais-mixte\/\"},\"author\":{\"name\":\"Killian Tanguy\",\"@id\":\"https:\/\/dicodusport.fr\/blog\/#\/schema\/person\/ff2feeb71ea78ad31eeb3390ffe96b46\"},\"headline\":\"Championnats du monde juniors de biathlon : La France vice-championne du monde sur le relais mixte\",\"datePublished\":\"2023-03-04T11:45:56+00:00\",\"dateModified\":\"2023-03-04T13:57:16+00:00\",\"mainEntityOfPage\":{\"@id\":\"https:\/\/dicodusport.fr\/blog\/championnats-du-monde-juniors-de-biathlon-la-france-vice-championne-du-monde-sur-le-relais-mixte\/\"},\"wordCount\":253,\"commentCount\":0,\"publisher\":{\"@id\":\"https:\/\/dicodusport.fr\/blog\/#organization\"},\"image\":{\"@id\":\"https:\/\/dicodusport.fr\/blog\/championnats-du-monde-juniors-de-biathlon-la-france-vice-championne-du-monde-sur-le-relais-mixte\/#primaryimage\"},\"thumbnailUrl\":\"https:\/\/dicodusport.fr\/blog\/wp-content\/uploads\/2023\/03\/Championnats-du-monde-juniors-de-biathlon-la-France-vice-championne-du-monde-sur-le-relais-mixte.png\",\"keywords\":[\"Biathlon\",\"br\u00e8ve\",\"Championnats du monde juniors de biathlon\",\"Juniors\"],\"articleSection\":[\"Biathlon\"],\"inLanguage\":\"fr-FR\",\"potentialAction\":[{\"@type\":\"CommentAction\",\"name\":\"Comment\",\"target\":[\"https:\/\/dicodusport.fr\/blog\/championnats-du-monde-juniors-de-biathlon-la-france-vice-championne-du-monde-sur-le-relais-mixte\/#respond\"]}],\"copyrightYear\":\"2023\",\"copyrightHolder\":{\"@id\":\"https:\/\/dicodusport.fr\/blog\/#organization\"}},{\"@type\":\"WebPage\",\"@id\":\"https:\/\/dicodusport.fr\/blog\/championnats-du-monde-juniors-de-biathlon-la-france-vice-championne-du-monde-sur-le-relais-mixte\/\",\"url\":\"https:\/\/dicodusport.fr\/blog\/championnats-du-monde-juniors-de-biathlon-la-france-vice-championne-du-monde-sur-le-relais-mixte\/\",\"name\":\"Championnats du monde juniors de biathlon : La France vice-championne du monde sur le relais mixte\",\"isPartOf\":{\"@id\":\"https:\/\/dicodusport.fr\/blog\/#website\"},\"primaryImageOfPage\":{\"@id\":\"https:\/\/dicodusport.fr\/blog\/championnats-du-monde-juniors-de-biathlon-la-france-vice-championne-du-monde-sur-le-relais-mixte\/#primaryimage\"},\"image\":{\"@id\":\"https:\/\/dicodusport.fr\/blog\/championnats-du-monde-juniors-de-biathlon-la-france-vice-championne-du-monde-sur-le-relais-mixte\/#primaryimage\"},\"thumbnailUrl\":\"https:\/\/dicodusport.fr\/blog\/wp-content\/uploads\/2023\/03\/Championnats-du-monde-juniors-de-biathlon-la-France-vice-championne-du-monde-sur-le-relais-mixte.png\",\"datePublished\":\"2023-03-04T11:45:56+00:00\",\"dateModified\":\"2023-03-04T13:57:16+00:00\",\"description\":\"CHAMPIONNATS DU MONDE JUNIORS DE BIATHLON \u2013 L\u2019\u00e9quipe de France a pris la m\u00e9daille d\u2019argent sur le relais mixte juniors, ce samedi midi.\",\"breadcrumb\":{\"@id\":\"https:\/\/dicodusport.fr\/blog\/championnats-du-monde-juniors-de-biathlon-la-france-vice-championne-du-monde-sur-le-relais-mixte\/#breadcrumb\"},\"inLanguage\":\"fr-FR\",\"potentialAction\":[{\"@type\":\"ReadAction\",\"target\":[\"https:\/\/dicodusport.fr\/blog\/championnats-du-monde-juniors-de-biathlon-la-france-vice-championne-du-monde-sur-le-relais-mixte\/\"]}]},{\"@type\":\"ImageObject\",\"inLanguage\":\"fr-FR\",\"@id\":\"https:\/\/dicodusport.fr\/blog\/championnats-du-monde-juniors-de-biathlon-la-france-vice-championne-du-monde-sur-le-relais-mixte\/#primaryimage\",\"url\":\"https:\/\/dicodusport.fr\/blog\/wp-content\/uploads\/2023\/03\/Championnats-du-monde-juniors-de-biathlon-la-France-vice-championne-du-monde-sur-le-relais-mixte.png\",\"contentUrl\":\"https:\/\/dicodusport.fr\/blog\/wp-content\/uploads\/2023\/03\/Championnats-du-monde-juniors-de-biathlon-la-France-vice-championne-du-monde-sur-le-relais-mixte.png\",\"width\":800,\"height\":445,\"caption\":\"Championnats du monde juniors de biathlon la France vice-championne du monde sur le relais mixte\"},{\"@type\":\"BreadcrumbList\",\"@id\":\"https:\/\/dicodusport.fr\/blog\/championnats-du-monde-juniors-de-biathlon-la-france-vice-championne-du-monde-sur-le-relais-mixte\/#breadcrumb\",\"itemListElement\":[{\"@type\":\"ListItem\",\"position\":1,\"name\":\"Accueil\",\"item\":\"https:\/\/dicodusport.fr\/blog\/\"},{\"@type\":\"ListItem\",\"position\":2,\"name\":\"Championnats du monde juniors de biathlon : La France vice-championne du monde sur le relais mixte\"}]},{\"@type\":\"WebSite\",\"@id\":\"https:\/\/dicodusport.fr\/blog\/#website\",\"url\":\"https:\/\/dicodusport.fr\/blog\/\",\"name\":\"Dicodusport\",\"description\":\"L&#039;encyclop\u00e9die de l&#039;actualit\u00e9 sportive\",\"publisher\":{\"@id\":\"https:\/\/dicodusport.fr\/blog\/#organization\"},\"potentialAction\":[{\"@type\":\"SearchAction\",\"target\":{\"@type\":\"EntryPoint\",\"urlTemplate\":\"https:\/\/dicodusport.fr\/blog\/?s={search_term_string}\"},\"query-input\":{\"@type\":\"PropertyValueSpecification\",\"valueRequired\":true,\"valueName\":\"search_term_string\"}}],\"inLanguage\":\"fr-FR\"},{\"@type\":\"NewsMediaOrganization\",\"@id\":\"https:\/\/dicodusport.fr\/blog\/#organization\",\"name\":\"Dicodusport\",\"url\":\"https:\/\/dicodusport.fr\/blog\/\",\"logo\":{\"@type\":\"ImageObject\",\"inLanguage\":\"fr-FR\",\"@id\":\"https:\/\/dicodusport.fr\/blog\/#\/schema\/logo\/image\/\",\"url\":\"https:\/\/dicodusport.fr\/blog\/wp-content\/uploads\/2020\/06\/cropped-LOGO-DICODUSPORT-2020-SANS-FOND-SANS-TEXTE.png\",\"contentUrl\":\"https:\/\/dicodusport.fr\/blog\/wp-content\/uploads\/2020\/06\/cropped-LOGO-DICODUSPORT-2020-SANS-FOND-SANS-TEXTE.png\",\"width\":512,\"height\":512,\"caption\":\"Dicodusport\"},\"image\":{\"@id\":\"https:\/\/dicodusport.fr\/blog\/#\/schema\/logo\/image\/\"},\"sameAs\":[\"https:\/\/www.facebook.com\/dicodusport\",\"https:\/\/x.com\/dicodusport\",\"https:\/\/www.instagram.com\/dicodusport\/\",\"https:\/\/www.youtube.com\/channel\/UC7V2KZ5sd3htJivAbA4ZG3w\"],\"description\":\"Dicodusport est l'encyclop\u00e9die de l'actualit\u00e9 sportive.\",\"email\":\"bonjour@dicodusport.fr\",\"legalName\":\"DICODUSPORT\",\"foundingDate\":\"2018-01-14\",\"vatID\":\"FR71834470973\",\"taxID\":\"83447097300043\",\"numberOfEmployees\":{\"@type\":\"QuantitativeValue\",\"minValue\":\"1\",\"maxValue\":\"10\"}},{\"@type\":\"Person\",\"@id\":\"https:\/\/dicodusport.fr\/blog\/#\/schema\/person\/ff2feeb71ea78ad31eeb3390ffe96b46\",\"name\":\"Killian Tanguy\",\"image\":{\"@type\":\"ImageObject\",\"inLanguage\":\"fr-FR\",\"@id\":\"https:\/\/dicodusport.fr\/blog\/#\/schema\/person\/image\/\",\"url\":\"https:\/\/dicodusport.fr\/blog\/wp-content\/uploads\/2022\/12\/Killian-Tanguy-150x150.png\",\"contentUrl\":\"https:\/\/dicodusport.fr\/blog\/wp-content\/uploads\/2022\/12\/Killian-Tanguy-150x150.png\",\"caption\":\"Killian Tanguy\"},\"description\":\"Journaliste qui parle de tout et surtout de sport. Rugby, handball, sports d'hiver, football, cyclisme... Et ce que j'aime par-dessus tout : couvrir une discipline que je ne connais pas. Rien de mieux pour s'enrichir et apprendre.\",\"sameAs\":[\"https:\/\/killiantanguy.wixsite.com\/monsite\",\"https:\/\/www.facebook.com\/profile.php?id=100009753662352\",\"https:\/\/www.instagram.com\/sport.killiantanguy\/\",\"https:\/\/www.linkedin.com\/in\/killiantanguy\/\",\"https:\/\/x.com\/https:\/\/twitter.com\/sport_ktanguy\",\"https:\/\/www.youtube.com\/channel\/UCRfZkHKJL0wK7wvnJjCry-Q\"],\"url\":\"https:\/\/dicodusport.fr\/blog\/author\/killian-tanguy\/\"}]}<\/script>\n<!-- \/ Yoast SEO Premium plugin. -->","yoast_head_json":{"title":"Championnats du monde juniors de biathlon : La France vice-championne du monde sur le relais mixte","description":"CHAMPIONNATS DU MONDE JUNIORS DE BIATHLON \u2013 L\u2019\u00e9quipe de France a pris la m\u00e9daille d\u2019argent sur le relais mixte juniors, ce samedi midi.","robots":{"index":"index","follow":"follow","max-snippet":"max-snippet:-1","max-image-preview":"max-image-preview:large","max-video-preview":"max-video-preview:-1"},"canonical":"https:\/\/dicodusport.fr\/blog\/championnats-du-monde-juniors-de-biathlon-la-france-vice-championne-du-monde-sur-le-relais-mixte\/","og_locale":"fr_FR","og_type":"article","og_title":"Championnats du monde juniors de biathlon : La France vice-championne du monde sur le relais mixte","og_description":"CHAMPIONNATS DU MONDE JUNIORS DE BIATHLON \u2013 L\u2019\u00e9quipe de France a pris la m\u00e9daille d\u2019argent sur le relais mixte juniors, ce samedi midi.","og_url":"https:\/\/dicodusport.fr\/blog\/championnats-du-monde-juniors-de-biathlon-la-france-vice-championne-du-monde-sur-le-relais-mixte\/","og_site_name":"Dicodusport","article_publisher":"https:\/\/www.facebook.com\/dicodusport","article_author":"https:\/\/www.facebook.com\/profile.php?id=100009753662352","article_published_time":"2023-03-04T11:45:56+00:00","article_modified_time":"2023-03-04T13:57:16+00:00","og_image":[{"width":800,"height":445,"url":"https:\/\/dicodusport.fr\/blog\/wp-content\/uploads\/2023\/03\/Championnats-du-monde-juniors-de-biathlon-la-France-vice-championne-du-monde-sur-le-relais-mixte.png","type":"image\/png"}],"author":"Killian Tanguy","twitter_card":"summary_large_image","twitter_title":"Championnats du monde juniors de biathlon : La France vice-championne du monde sur le relais mixte","twitter_creator":"@https:\/\/twitter.com\/sport_ktanguy","twitter_site":"@dicodusport","schema":{"@context":"https:\/\/schema.org","@graph":[{"@type":"NewsArticle","@id":"https:\/\/dicodusport.fr\/blog\/championnats-du-monde-juniors-de-biathlon-la-france-vice-championne-du-monde-sur-le-relais-mixte\/#article","isPartOf":{"@id":"https:\/\/dicodusport.fr\/blog\/championnats-du-monde-juniors-de-biathlon-la-france-vice-championne-du-monde-sur-le-relais-mixte\/"},"author":{"name":"Killian Tanguy","@id":"https:\/\/dicodusport.fr\/blog\/#\/schema\/person\/ff2feeb71ea78ad31eeb3390ffe96b46"},"headline":"Championnats du monde juniors de biathlon : La France vice-championne du monde sur le relais mixte","datePublished":"2023-03-04T11:45:56+00:00","dateModified":"2023-03-04T13:57:16+00:00","mainEntityOfPage":{"@id":"https:\/\/dicodusport.fr\/blog\/championnats-du-monde-juniors-de-biathlon-la-france-vice-championne-du-monde-sur-le-relais-mixte\/"},"wordCount":253,"commentCount":0,"publisher":{"@id":"https:\/\/dicodusport.fr\/blog\/#organization"},"image":{"@id":"https:\/\/dicodusport.fr\/blog\/championnats-du-monde-juniors-de-biathlon-la-france-vice-championne-du-monde-sur-le-relais-mixte\/#primaryimage"},"thumbnailUrl":"https:\/\/dicodusport.fr\/blog\/wp-content\/uploads\/2023\/03\/Championnats-du-monde-juniors-de-biathlon-la-France-vice-championne-du-monde-sur-le-relais-mixte.png","keywords":["Biathlon","br\u00e8ve","Championnats du monde juniors de biathlon","Juniors"],"articleSection":["Biathlon"],"inLanguage":"fr-FR","potentialAction":[{"@type":"CommentAction","name":"Comment","target":["https:\/\/dicodusport.fr\/blog\/championnats-du-monde-juniors-de-biathlon-la-france-vice-championne-du-monde-sur-le-relais-mixte\/#respond"]}],"copyrightYear":"2023","copyrightHolder":{"@id":"https:\/\/dicodusport.fr\/blog\/#organization"}},{"@type":"WebPage","@id":"https:\/\/dicodusport.fr\/blog\/championnats-du-monde-juniors-de-biathlon-la-france-vice-championne-du-monde-sur-le-relais-mixte\/","url":"https:\/\/dicodusport.fr\/blog\/championnats-du-monde-juniors-de-biathlon-la-france-vice-championne-du-monde-sur-le-relais-mixte\/","name":"Championnats du monde juniors de biathlon : La France vice-championne du monde sur le relais mixte","isPartOf":{"@id":"https:\/\/dicodusport.fr\/blog\/#website"},"primaryImageOfPage":{"@id":"https:\/\/dicodusport.fr\/blog\/championnats-du-monde-juniors-de-biathlon-la-france-vice-championne-du-monde-sur-le-relais-mixte\/#primaryimage"},"image":{"@id":"https:\/\/dicodusport.fr\/blog\/championnats-du-monde-juniors-de-biathlon-la-france-vice-championne-du-monde-sur-le-relais-mixte\/#primaryimage"},"thumbnailUrl":"https:\/\/dicodusport.fr\/blog\/wp-content\/uploads\/2023\/03\/Championnats-du-monde-juniors-de-biathlon-la-France-vice-championne-du-monde-sur-le-relais-mixte.png","datePublished":"2023-03-04T11:45:56+00:00","dateModified":"2023-03-04T13:57:16+00:00","description":"CHAMPIONNATS DU MONDE JUNIORS DE BIATHLON \u2013 L\u2019\u00e9quipe de France a pris la m\u00e9daille d\u2019argent sur le relais mixte juniors, ce samedi midi.","breadcrumb":{"@id":"https:\/\/dicodusport.fr\/blog\/championnats-du-monde-juniors-de-biathlon-la-france-vice-championne-du-monde-sur-le-relais-mixte\/#breadcrumb"},"inLanguage":"fr-FR","potentialAction":[{"@type":"ReadAction","target":["https:\/\/dicodusport.fr\/blog\/championnats-du-monde-juniors-de-biathlon-la-france-vice-championne-du-monde-sur-le-relais-mixte\/"]}]},{"@type":"ImageObject","inLanguage":"fr-FR","@id":"https:\/\/dicodusport.fr\/blog\/championnats-du-monde-juniors-de-biathlon-la-france-vice-championne-du-monde-sur-le-relais-mixte\/#primaryimage","url":"https:\/\/dicodusport.fr\/blog\/wp-content\/uploads\/2023\/03\/Championnats-du-monde-juniors-de-biathlon-la-France-vice-championne-du-monde-sur-le-relais-mixte.png","contentUrl":"https:\/\/dicodusport.fr\/blog\/wp-content\/uploads\/2023\/03\/Championnats-du-monde-juniors-de-biathlon-la-France-vice-championne-du-monde-sur-le-relais-mixte.png","width":800,"height":445,"caption":"Championnats du monde juniors de biathlon la France vice-championne du monde sur le relais mixte"},{"@type":"BreadcrumbList","@id":"https:\/\/dicodusport.fr\/blog\/championnats-du-monde-juniors-de-biathlon-la-france-vice-championne-du-monde-sur-le-relais-mixte\/#breadcrumb","itemListElement":[{"@type":"ListItem","position":1,"name":"Accueil","item":"https:\/\/dicodusport.fr\/blog\/"},{"@type":"ListItem","position":2,"name":"Championnats du monde juniors de biathlon : La France vice-championne du monde sur le relais mixte"}]},{"@type":"WebSite","@id":"https:\/\/dicodusport.fr\/blog\/#website","url":"https:\/\/dicodusport.fr\/blog\/","name":"Dicodusport","description":"L&#039;encyclop\u00e9die de l&#039;actualit\u00e9 sportive","publisher":{"@id":"https:\/\/dicodusport.fr\/blog\/#organization"},"potentialAction":[{"@type":"SearchAction","target":{"@type":"EntryPoint","urlTemplate":"https:\/\/dicodusport.fr\/blog\/?s={search_term_string}"},"query-input":{"@type":"PropertyValueSpecification","valueRequired":true,"valueName":"search_term_string"}}],"inLanguage":"fr-FR"},{"@type":"NewsMediaOrganization","@id":"https:\/\/dicodusport.fr\/blog\/#organization","name":"Dicodusport","url":"https:\/\/dicodusport.fr\/blog\/","logo":{"@type":"ImageObject","inLanguage":"fr-FR","@id":"https:\/\/dicodusport.fr\/blog\/#\/schema\/logo\/image\/","url":"https:\/\/dicodusport.fr\/blog\/wp-content\/uploads\/2020\/06\/cropped-LOGO-DICODUSPORT-2020-SANS-FOND-SANS-TEXTE.png","contentUrl":"https:\/\/dicodusport.fr\/blog\/wp-content\/uploads\/2020\/06\/cropped-LOGO-DICODUSPORT-2020-SANS-FOND-SANS-TEXTE.png","width":512,"height":512,"caption":"Dicodusport"},"image":{"@id":"https:\/\/dicodusport.fr\/blog\/#\/schema\/logo\/image\/"},"sameAs":["https:\/\/www.facebook.com\/dicodusport","https:\/\/x.com\/dicodusport","https:\/\/www.instagram.com\/dicodusport\/","https:\/\/www.youtube.com\/channel\/UC7V2KZ5sd3htJivAbA4ZG3w"],"description":"Dicodusport est l'encyclop\u00e9die de l'actualit\u00e9 sportive.","email":"bonjour@dicodusport.fr","legalName":"DICODUSPORT","foundingDate":"2018-01-14","vatID":"FR71834470973","taxID":"83447097300043","numberOfEmployees":{"@type":"QuantitativeValue","minValue":"1","maxValue":"10"}},{"@type":"Person","@id":"https:\/\/dicodusport.fr\/blog\/#\/schema\/person\/ff2feeb71ea78ad31eeb3390ffe96b46","name":"Killian Tanguy","image":{"@type":"ImageObject","inLanguage":"fr-FR","@id":"https:\/\/dicodusport.fr\/blog\/#\/schema\/person\/image\/","url":"https:\/\/dicodusport.fr\/blog\/wp-content\/uploads\/2022\/12\/Killian-Tanguy-150x150.png","contentUrl":"https:\/\/dicodusport.fr\/blog\/wp-content\/uploads\/2022\/12\/Killian-Tanguy-150x150.png","caption":"Killian Tanguy"},"description":"Journaliste qui parle de tout et surtout de sport. Rugby, handball, sports d'hiver, football, cyclisme... Et ce que j'aime par-dessus tout : couvrir une discipline que je ne connais pas. Rien de mieux pour s'enrichir et apprendre.","sameAs":["https:\/\/killiantanguy.wixsite.com\/monsite","https:\/\/www.facebook.com\/profile.php?id=100009753662352","https:\/\/www.instagram.com\/sport.killiantanguy\/","https:\/\/www.linkedin.com\/in\/killiantanguy\/","https:\/\/x.com\/https:\/\/twitter.com\/sport_ktanguy","https:\/\/www.youtube.com\/channel\/UCRfZkHKJL0wK7wvnJjCry-Q"],"url":"https:\/\/dicodusport.fr\/blog\/author\/killian-tanguy\/"}]}},"_links":{"self":[{"href":"https:\/\/dicodusport.fr\/blog\/wp-json\/wp\/v2\/posts\/361728","targetHints":{"allow":["GET"]}}],"collection":[{"href":"https:\/\/dicodusport.fr\/blog\/wp-json\/wp\/v2\/posts"}],"about":[{"href":"https:\/\/dicodusport.fr\/blog\/wp-json\/wp\/v2\/types\/post"}],"author":[{"embeddable":true,"href":"https:\/\/dicodusport.fr\/blog\/wp-json\/wp\/v2\/users\/80"}],"replies":[{"embeddable":true,"href":"https:\/\/dicodusport.fr\/blog\/wp-json\/wp\/v2\/comments?post=361728"}],"version-history":[{"count":0,"href":"https:\/\/dicodusport.fr\/blog\/wp-json\/wp\/v2\/posts\/361728\/revisions"}],"wp:featuredmedia":[{"embeddable":true,"href":"https:\/\/dicodusport.fr\/blog\/wp-json\/wp\/v2\/media\/361817"}],"wp:attachment":[{"href":"https:\/\/dicodusport.fr\/blog\/wp-json\/wp\/v2\/media?parent=361728"}],"wp:term":[{"taxonomy":"category","embeddable":true,"href":"https:\/\/dicodusport.fr\/blog\/wp-json\/wp\/v2\/categories?post=361728"},{"taxonomy":"post_tag","embeddable":true,"href":"https:\/\/dicodusport.fr\/blog\/wp-json\/wp\/v2\/tags?post=361728"}],"curies":[{"name":"wp","href":"https:\/\/api.w.org\/{rel}","templated":true}]}}