{"id":362127,"date":"2023-03-06T15:38:01","date_gmt":"2023-03-06T14:38:01","guid":{"rendered":"https:\/\/dicodusport.fr\/blog\/?p=362127&#038;preview=true&#038;preview_id=362127"},"modified":"2023-03-11T08:31:57","modified_gmt":"2023-03-11T07:31:57","slug":"athletisme-coupe-deurope-des-lancers-2023-la-selection-francaise","status":"publish","type":"post","link":"https:\/\/dicodusport.fr\/blog\/athletisme-coupe-deurope-des-lancers-2023-la-selection-francaise\/","title":{"rendered":"Athl\u00e9tisme &#8211; Coupe d&rsquo;Europe des lancers 2023 : la s\u00e9lection fran\u00e7aise"},"content":{"rendered":"<p style=\"text-align: justify;\"><em><strong>La <a href=\"https:\/\/dicodusport.fr\/blog\/athletisme-programme-et-resultats-coupe-deurope-des-lancers-2023\/\">Coupe d&rsquo;Europe des lancers<\/a> a lieu les 11 et 12 mars, \u00e0 Leiria au Portugal. L&rsquo;\u00e9quipe de France sera une nouvelle fois emmen\u00e9e par M\u00e9lina Robert-Michon et Alexandra Tavernier.<\/strong><\/em><\/p>\n<p>Chez les espoirs l&rsquo;ann\u00e9e derni\u00e8re, Amanda Ngandu-Ntumba et Jean-Baptiste Bruxelle changent de cat\u00e9gories.<\/p>\n<h2 style=\"text-align: justify;\">Femmes<\/h2>\n<p style=\"text-align: justify;\"><strong><span style=\"text-decoration: underline;\">Seniors<\/span><\/strong><\/p>\n<div class=\"su-table su-table-alternate\">\n<table style=\"width: 100%;border-collapse: collapse\" border=\"2\" cellspacing=\"1\">\n<tbody>\n<tr>\n<td style=\"width: 25%;text-align: center;vertical-align: middle\"><strong>Nom<\/strong><\/td>\n<td style=\"width: 25%;text-align: center;vertical-align: middle\"><strong>Pr\u00e9nom<\/strong><\/td>\n<td style=\"text-align: center;width: 10%;vertical-align: middle\"><strong>\u00c2ge<\/strong><\/td>\n<td style=\"text-align: center;width: 20%;vertical-align: middle\"><strong>Discipline<\/strong><\/td>\n<td style=\"text-align: center;width: 20%;vertical-align: middle\"><strong>Club<\/strong><\/td>\n<\/tr>\n<tr>\n<td style=\"width: 25%;vertical-align: middle;text-align: center\">ROBERT-MICHON<\/td>\n<td style=\"width: 25%;vertical-align: middle;text-align: center\">M\u00e9lina<\/td>\n<td style=\"width: 10%;text-align: center;vertical-align: middle\">43<\/td>\n<td style=\"width: 20%;vertical-align: middle;text-align: center\">Disque<\/td>\n<td style=\"width: 20%;vertical-align: middle;text-align: center\">Lyon Athl\u00e9tisme (ARA)<\/td>\n<\/tr>\n<tr>\n<td style=\"width: 25%;vertical-align: middle;text-align: center\">TAVERNIER<\/td>\n<td style=\"width: 25%;vertical-align: middle;text-align: center\">Alexandra<\/td>\n<td style=\"width: 10%;text-align: center;vertical-align: middle\">29<\/td>\n<td style=\"width: 20%;vertical-align: middle;text-align: center\">Marteau<\/td>\n<td style=\"width: 20%;vertical-align: middle;text-align: center\">Annecy Haute Savoie A. (ARA)<\/td>\n<\/tr>\n<tr>\n<td style=\"width: 25%;vertical-align: middle;text-align: center\">NGANDU-NTUMBA<\/td>\n<td style=\"width: 25%;vertical-align: middle;text-align: center\">Amanda<\/td>\n<td style=\"text-align: center;width: 10%;vertical-align: middle\">22<\/td>\n<td style=\"width: 20%;vertical-align: middle;text-align: center\">Disque\/Poids<\/td>\n<td style=\"width: 20%;vertical-align: middle;text-align: center\">Club Athl\u00e9tique Du Roannais (ARA)<\/td>\n<\/tr>\n<tr>\n<td style=\"width: 25%;vertical-align: middle;text-align: center\">LOGA<\/td>\n<td style=\"width: 25%;vertical-align: middle;text-align: center\">Rose<\/td>\n<td style=\"text-align: center;width: 10%;vertical-align: middle\">20<\/td>\n<td style=\"width: 20%;vertical-align: middle;text-align: center\">Marteau<\/td>\n<td style=\"width: 20%;vertical-align: middle;text-align: center\">Athl\u00e9 Chartres Luce Asptt M. (CEN)<\/td>\n<\/tr>\n<tr>\n<td style=\"width: 25%;vertical-align: middle;text-align: center\">MINARD<\/td>\n<td style=\"width: 25%;vertical-align: middle;text-align: center\">Aliz\u00e9e<\/td>\n<td style=\"text-align: center;width: 10%;vertical-align: middle\">25<\/td>\n<td style=\"width: 20%;vertical-align: middle;text-align: center\">Javelot<\/td>\n<td style=\"width: 20%;vertical-align: middle;text-align: center\">CA Balma (OCC)<\/td>\n<\/tr>\n<\/tbody>\n<\/table>\n<\/div>\n<p style=\"text-align: justify;\"><strong><span style=\"text-decoration: underline;\">Espoirs<\/span><\/strong><\/p>\n<div class=\"su-table su-table-alternate\">\n<table style=\"width: 100%;border-collapse: collapse\" border=\"2\" cellspacing=\"1\">\n<tbody>\n<tr>\n<td style=\"width: 25%;text-align: center;vertical-align: middle\"><strong>Nom<\/strong><\/td>\n<td style=\"width: 25%;text-align: center;vertical-align: middle\"><strong>Pr\u00e9nom<\/strong><\/td>\n<td style=\"text-align: center;width: 10%;vertical-align: middle\"><strong>\u00c2ge<\/strong><\/td>\n<td style=\"text-align: center;width: 20%;vertical-align: middle\"><strong>Discipline<\/strong><\/td>\n<td style=\"text-align: center;width: 20%;vertical-align: middle\"><strong>Club<\/strong><\/td>\n<\/tr>\n<tr>\n<td style=\"width: 25%;vertical-align: middle;text-align: center\">BOVELE-LINAKA<\/td>\n<td style=\"width: 25%;vertical-align: middle;text-align: center\">Marie-Jos\u00e9e<\/td>\n<td style=\"text-align: center;width: 10%;vertical-align: middle\">18<\/td>\n<td style=\"width: 20%;vertical-align: middle;text-align: center\">Disque<\/td>\n<td style=\"width: 20%;vertical-align: middle;text-align: center\">Nice C\u00f4te D&rsquo;Azur Athl\u00e9tisme (PCA)<\/td>\n<\/tr>\n<\/tbody>\n<\/table>\n<\/div>\n<h2 style=\"text-align: justify;\">Hommes<\/h2>\n<p style=\"text-align: justify;\"><strong><span style=\"text-decoration: underline;\">Seniors<\/span><\/strong><\/p>\n<div class=\"su-table su-table-alternate\">\n<table style=\"width: 100%;border-collapse: collapse\" border=\"2\" cellspacing=\"1\">\n<tbody>\n<tr>\n<td style=\"width: 25%;text-align: center;vertical-align: middle\"><strong>Nom<\/strong><\/td>\n<td style=\"width: 25%;text-align: center;vertical-align: middle\"><strong>Pr\u00e9nom<\/strong><\/td>\n<td style=\"text-align: center;width: 10%;vertical-align: middle\"><strong>\u00c2ge<\/strong><\/td>\n<td style=\"text-align: center;width: 20%;vertical-align: middle\"><strong>Discipline<\/strong><\/td>\n<td style=\"text-align: center;width: 20%;vertical-align: middle\"><strong>Club<\/strong><\/td>\n<\/tr>\n<tr>\n<td style=\"width: 25%;vertical-align: middle;text-align: center\">MOISAN<\/td>\n<td style=\"width: 25%;vertical-align: middle;text-align: center\">Yann<\/td>\n<td style=\"width: 10%;vertical-align: middle;text-align: center\">20<\/td>\n<td style=\"width: 20%;vertical-align: middle;text-align: center\">Poids<\/td>\n<td style=\"width: 20%;vertical-align: middle;text-align: center\">Haute Bretagne Athl\u00e9tisme (BRE)<\/td>\n<\/tr>\n<tr>\n<td style=\"width: 25%;vertical-align: middle;text-align: center\">CHAUSSINAND<\/td>\n<td style=\"width: 25%;vertical-align: middle;text-align: center\">Yann<\/td>\n<td style=\"width: 10%;vertical-align: middle;text-align: center\">24<\/td>\n<td style=\"width: 20%;vertical-align: middle;text-align: center\">Marteau<\/td>\n<td style=\"width: 20%;vertical-align: middle;text-align: center\">Clermont Athl\u00e9tisme Auvergne (ARA)<\/td>\n<\/tr>\n<tr>\n<td style=\"width: 25%;text-align: center\">BRUXELLE<\/td>\n<td style=\"width: 25%;text-align: center\">Jean-Baptiste<\/td>\n<td style=\"width: 10%;vertical-align: middle;text-align: center\">20<\/td>\n<td style=\"width: 20%;vertical-align: middle;text-align: center\">Marteau<\/td>\n<td style=\"width: 20%;vertical-align: middle;text-align: center\">Amiens UC (H-F)<\/td>\n<\/tr>\n<tr>\n<td style=\"width: 25%;vertical-align: middle;text-align: center\">REUX<\/td>\n<td style=\"width: 25%;vertical-align: middle;text-align: center\">Tom<\/td>\n<td style=\"width: 10%;vertical-align: middle;text-align: center\">24<\/td>\n<td style=\"width: 20%;vertical-align: middle;text-align: center\">Disque<\/td>\n<td style=\"width: 20%;vertical-align: middle;text-align: center\">Athletic Club Bretillien (BRE)<\/td>\n<\/tr>\n<tr>\n<td style=\"width: 25%;vertical-align: middle;text-align: center\">MOUTARDE<\/td>\n<td style=\"width: 25%;vertical-align: middle;text-align: center\">Lukas<\/td>\n<td style=\"width: 10%;vertical-align: middle;text-align: center\">24<\/td>\n<td style=\"width: 20%;vertical-align: middle;text-align: center\">Javelot<\/td>\n<td style=\"width: 20%;vertical-align: middle;text-align: center\">Athl\u00e9tisme Metz M\u00e9tropole (G-E)<\/td>\n<\/tr>\n<\/tbody>\n<\/table>\n<\/div>\n<p style=\"text-align: justify;\"><strong><span style=\"text-decoration: underline;\">Espoirs<\/span><\/strong><\/p>\n<div class=\"su-table su-table-alternate\">\n<table style=\"width: 100%;border-collapse: collapse\" border=\"2\" cellspacing=\"1\">\n<tbody>\n<tr>\n<td style=\"width: 25%;text-align: center;vertical-align: middle\"><strong>Nom<\/strong><\/td>\n<td style=\"width: 25%;text-align: center;vertical-align: middle\"><strong>Pr\u00e9nom<\/strong><\/td>\n<td style=\"text-align: center;width: 10%;vertical-align: middle\"><strong>\u00c2ge<\/strong><\/td>\n<td style=\"text-align: center;width: 20%;vertical-align: middle\"><strong>Discipline<\/strong><\/td>\n<td style=\"text-align: center;width: 20%;vertical-align: middle\"><strong>Club<\/strong><\/td>\n<\/tr>\n<tr>\n<td style=\"width: 25%;vertical-align: middle;text-align: center\">MAILAGI<\/td>\n<td style=\"width: 25%;vertical-align: middle;text-align: center\">Stephen<\/td>\n<td style=\"width: 10%;vertical-align: middle;text-align: center\">21<\/td>\n<td style=\"width: 20%;vertical-align: middle;text-align: center\">Poids<\/td>\n<td style=\"width: 20%;vertical-align: middle;text-align: center\">Entente Ouest Athl\u00e9\u00a0 (PCA)<\/td>\n<\/tr>\n<tr>\n<td style=\"width: 25%;vertical-align: middle;text-align: center\">DELIN<\/td>\n<td style=\"width: 25%;vertical-align: middle;text-align: center\">Marc-Alexandre<\/td>\n<td style=\"width: 10%;vertical-align: middle;text-align: center\">20<\/td>\n<td style=\"width: 20%;vertical-align: middle;text-align: center\">Disque<\/td>\n<td style=\"width: 20%;vertical-align: middle;text-align: center\">ASC Zenith (MAR)<\/td>\n<\/tr>\n<tr>\n<td style=\"width: 25%;vertical-align: middle;text-align: center\">HUET<\/td>\n<td style=\"width: 25%;vertical-align: middle;text-align: center\">Wiltrid<\/td>\n<td style=\"width: 10%;vertical-align: middle;text-align: center\">19<\/td>\n<td style=\"width: 20%;vertical-align: middle;text-align: center\">Marteau<\/td>\n<td style=\"width: 20%;vertical-align: middle;text-align: center\">Amiens UC (H-F)<\/td>\n<\/tr>\n<tr>\n<td style=\"width: 25%;vertical-align: middle;text-align: center\">BRISSEAULT<\/td>\n<td style=\"width: 25%;vertical-align: middle;text-align: center\">Lenny<\/td>\n<td style=\"width: 10%;vertical-align: middle;text-align: center\">20<\/td>\n<td style=\"width: 20%;vertical-align: middle;text-align: center\">Javelot<\/td>\n<td style=\"width: 20%;vertical-align: middle;text-align: center\">Nice C\u00f4te D&rsquo;Azur Athl\u00e9tisme (PCA)<\/td>\n<\/tr>\n<\/tbody>\n<\/table>\n<\/div>\n","protected":false},"excerpt":{"rendered":"<p>La Coupe d&rsquo;Europe des lancers a lieu les 11 et 12 mars, \u00e0 Leiria au Portugal. L&rsquo;\u00e9quipe de France sera une nouvelle fois emmen\u00e9e par M\u00e9lina Robert-Michon et Alexandra Tavernier.<\/p>\n","protected":false},"author":12,"featured_media":362132,"comment_status":"open","ping_status":"closed","sticky":false,"template":"","format":"standard","meta":{"_acf_changed":false,"_daextam_enable_autolinks":"","footnotes":""},"categories":[2308],"tags":[143,16878,16409],"class_list":["post-362127","post","type-post","status-publish","format-standard","has-post-thumbnail","hentry","category-athletisme","tag-athletisme","tag-breve","tag-coupe-deurope-des-lancers"],"acf":[],"yoast_head":"<!-- This site is optimized with the Yoast SEO Premium plugin v26.7 (Yoast SEO v26.7) - https:\/\/yoast.com\/wordpress\/plugins\/seo\/ -->\n<title>Athl\u00e9tisme - Coupe d&#039;Europe des lancers 2023 : la s\u00e9lection fran\u00e7aise<\/title>\n<meta name=\"description\" content=\"La Coupe d&#039;Europe des lancers a lieu les 11 et 12 mars. L&#039;\u00e9quipe de France sera emmen\u00e9e par M\u00e9lina Robert-Michon et Alexandra Tavernier.\" \/>\n<meta name=\"robots\" content=\"index, follow, max-snippet:-1, max-image-preview:large, max-video-preview:-1\" \/>\n<link rel=\"canonical\" href=\"https:\/\/dicodusport.fr\/blog\/athletisme-coupe-deurope-des-lancers-2023-la-selection-francaise\/\" \/>\n<meta property=\"og:locale\" content=\"fr_FR\" \/>\n<meta property=\"og:type\" content=\"article\" \/>\n<meta property=\"og:title\" content=\"Athl\u00e9tisme - Coupe d&#039;Europe des lancers 2023 : la s\u00e9lection fran\u00e7aise\" \/>\n<meta property=\"og:description\" content=\"La Coupe d&#039;Europe des lancers a lieu les 11 et 12 mars. L&#039;\u00e9quipe de France sera emmen\u00e9e par M\u00e9lina Robert-Michon et Alexandra Tavernier.\" \/>\n<meta property=\"og:url\" content=\"https:\/\/dicodusport.fr\/blog\/athletisme-coupe-deurope-des-lancers-2023-la-selection-francaise\/\" \/>\n<meta property=\"og:site_name\" content=\"Dicodusport\" \/>\n<meta property=\"article:publisher\" content=\"https:\/\/www.facebook.com\/dicodusport\" \/>\n<meta property=\"article:published_time\" content=\"2023-03-06T14:38:01+00:00\" \/>\n<meta property=\"article:modified_time\" content=\"2023-03-11T07:31:57+00:00\" \/>\n<meta property=\"og:image\" content=\"https:\/\/dicodusport.fr\/blog\/wp-content\/uploads\/2023\/03\/Athletisme-Coupe-dEurope-des-lancers-2023-la-selection-francaise.png\" \/>\n\t<meta property=\"og:image:width\" content=\"800\" \/>\n\t<meta property=\"og:image:height\" content=\"445\" \/>\n\t<meta property=\"og:image:type\" content=\"image\/png\" \/>\n<meta name=\"author\" content=\"Arlette Yeye\" \/>\n<meta name=\"twitter:card\" content=\"summary_large_image\" \/>\n<meta name=\"twitter:title\" content=\"Athl\u00e9tisme - Coupe d&#039;Europe des lancers 2023 : la s\u00e9lection fran\u00e7aise\" \/>\n<meta name=\"twitter:creator\" content=\"@https:\/\/twitter.com\/Shiclette94\" \/>\n<meta name=\"twitter:site\" content=\"@dicodusport\" \/>\n<script type=\"application\/ld+json\" class=\"yoast-schema-graph\">{\"@context\":\"https:\/\/schema.org\",\"@graph\":[{\"@type\":\"NewsArticle\",\"@id\":\"https:\/\/dicodusport.fr\/blog\/athletisme-coupe-deurope-des-lancers-2023-la-selection-francaise\/#article\",\"isPartOf\":{\"@id\":\"https:\/\/dicodusport.fr\/blog\/athletisme-coupe-deurope-des-lancers-2023-la-selection-francaise\/\"},\"author\":{\"name\":\"Arlette Yeye\",\"@id\":\"https:\/\/dicodusport.fr\/blog\/#\/schema\/person\/cce96fa88785bd8573e3d43078ac8c79\"},\"headline\":\"Athl\u00e9tisme &#8211; Coupe d&rsquo;Europe des lancers 2023 : la s\u00e9lection fran\u00e7aise\",\"datePublished\":\"2023-03-06T14:38:01+00:00\",\"dateModified\":\"2023-03-11T07:31:57+00:00\",\"mainEntityOfPage\":{\"@id\":\"https:\/\/dicodusport.fr\/blog\/athletisme-coupe-deurope-des-lancers-2023-la-selection-francaise\/\"},\"wordCount\":229,\"commentCount\":0,\"publisher\":{\"@id\":\"https:\/\/dicodusport.fr\/blog\/#organization\"},\"image\":{\"@id\":\"https:\/\/dicodusport.fr\/blog\/athletisme-coupe-deurope-des-lancers-2023-la-selection-francaise\/#primaryimage\"},\"thumbnailUrl\":\"https:\/\/dicodusport.fr\/blog\/wp-content\/uploads\/2023\/03\/Athletisme-Coupe-dEurope-des-lancers-2023-la-selection-francaise.png\",\"keywords\":[\"Athl\u00e9tisme\",\"br\u00e8ve\",\"Coupe d'Europe des lancers\"],\"articleSection\":[\"Athl\u00e9tisme\"],\"inLanguage\":\"fr-FR\",\"potentialAction\":[{\"@type\":\"CommentAction\",\"name\":\"Comment\",\"target\":[\"https:\/\/dicodusport.fr\/blog\/athletisme-coupe-deurope-des-lancers-2023-la-selection-francaise\/#respond\"]}],\"copyrightYear\":\"2023\",\"copyrightHolder\":{\"@id\":\"https:\/\/dicodusport.fr\/blog\/#organization\"}},{\"@type\":\"WebPage\",\"@id\":\"https:\/\/dicodusport.fr\/blog\/athletisme-coupe-deurope-des-lancers-2023-la-selection-francaise\/\",\"url\":\"https:\/\/dicodusport.fr\/blog\/athletisme-coupe-deurope-des-lancers-2023-la-selection-francaise\/\",\"name\":\"Athl\u00e9tisme - Coupe d'Europe des lancers 2023 : la s\u00e9lection fran\u00e7aise\",\"isPartOf\":{\"@id\":\"https:\/\/dicodusport.fr\/blog\/#website\"},\"primaryImageOfPage\":{\"@id\":\"https:\/\/dicodusport.fr\/blog\/athletisme-coupe-deurope-des-lancers-2023-la-selection-francaise\/#primaryimage\"},\"image\":{\"@id\":\"https:\/\/dicodusport.fr\/blog\/athletisme-coupe-deurope-des-lancers-2023-la-selection-francaise\/#primaryimage\"},\"thumbnailUrl\":\"https:\/\/dicodusport.fr\/blog\/wp-content\/uploads\/2023\/03\/Athletisme-Coupe-dEurope-des-lancers-2023-la-selection-francaise.png\",\"datePublished\":\"2023-03-06T14:38:01+00:00\",\"dateModified\":\"2023-03-11T07:31:57+00:00\",\"description\":\"La Coupe d'Europe des lancers a lieu les 11 et 12 mars. L'\u00e9quipe de France sera emmen\u00e9e par M\u00e9lina Robert-Michon et Alexandra Tavernier.\",\"breadcrumb\":{\"@id\":\"https:\/\/dicodusport.fr\/blog\/athletisme-coupe-deurope-des-lancers-2023-la-selection-francaise\/#breadcrumb\"},\"inLanguage\":\"fr-FR\",\"potentialAction\":[{\"@type\":\"ReadAction\",\"target\":[\"https:\/\/dicodusport.fr\/blog\/athletisme-coupe-deurope-des-lancers-2023-la-selection-francaise\/\"]}]},{\"@type\":\"ImageObject\",\"inLanguage\":\"fr-FR\",\"@id\":\"https:\/\/dicodusport.fr\/blog\/athletisme-coupe-deurope-des-lancers-2023-la-selection-francaise\/#primaryimage\",\"url\":\"https:\/\/dicodusport.fr\/blog\/wp-content\/uploads\/2023\/03\/Athletisme-Coupe-dEurope-des-lancers-2023-la-selection-francaise.png\",\"contentUrl\":\"https:\/\/dicodusport.fr\/blog\/wp-content\/uploads\/2023\/03\/Athletisme-Coupe-dEurope-des-lancers-2023-la-selection-francaise.png\",\"width\":800,\"height\":445,\"caption\":\"Athl\u00e9tisme - Coupe d'Europe des lancers 2023 la s\u00e9lection fran\u00e7aise\"},{\"@type\":\"BreadcrumbList\",\"@id\":\"https:\/\/dicodusport.fr\/blog\/athletisme-coupe-deurope-des-lancers-2023-la-selection-francaise\/#breadcrumb\",\"itemListElement\":[{\"@type\":\"ListItem\",\"position\":1,\"name\":\"Accueil\",\"item\":\"https:\/\/dicodusport.fr\/blog\/\"},{\"@type\":\"ListItem\",\"position\":2,\"name\":\"Athl\u00e9tisme &#8211; Coupe d&rsquo;Europe des lancers 2023 : la s\u00e9lection fran\u00e7aise\"}]},{\"@type\":\"WebSite\",\"@id\":\"https:\/\/dicodusport.fr\/blog\/#website\",\"url\":\"https:\/\/dicodusport.fr\/blog\/\",\"name\":\"Dicodusport\",\"description\":\"L&#039;encyclop\u00e9die de l&#039;actualit\u00e9 sportive\",\"publisher\":{\"@id\":\"https:\/\/dicodusport.fr\/blog\/#organization\"},\"potentialAction\":[{\"@type\":\"SearchAction\",\"target\":{\"@type\":\"EntryPoint\",\"urlTemplate\":\"https:\/\/dicodusport.fr\/blog\/?s={search_term_string}\"},\"query-input\":{\"@type\":\"PropertyValueSpecification\",\"valueRequired\":true,\"valueName\":\"search_term_string\"}}],\"inLanguage\":\"fr-FR\"},{\"@type\":\"NewsMediaOrganization\",\"@id\":\"https:\/\/dicodusport.fr\/blog\/#organization\",\"name\":\"Dicodusport\",\"url\":\"https:\/\/dicodusport.fr\/blog\/\",\"logo\":{\"@type\":\"ImageObject\",\"inLanguage\":\"fr-FR\",\"@id\":\"https:\/\/dicodusport.fr\/blog\/#\/schema\/logo\/image\/\",\"url\":\"https:\/\/dicodusport.fr\/blog\/wp-content\/uploads\/2020\/06\/cropped-LOGO-DICODUSPORT-2020-SANS-FOND-SANS-TEXTE.png\",\"contentUrl\":\"https:\/\/dicodusport.fr\/blog\/wp-content\/uploads\/2020\/06\/cropped-LOGO-DICODUSPORT-2020-SANS-FOND-SANS-TEXTE.png\",\"width\":512,\"height\":512,\"caption\":\"Dicodusport\"},\"image\":{\"@id\":\"https:\/\/dicodusport.fr\/blog\/#\/schema\/logo\/image\/\"},\"sameAs\":[\"https:\/\/www.facebook.com\/dicodusport\",\"https:\/\/x.com\/dicodusport\",\"https:\/\/www.instagram.com\/dicodusport\/\",\"https:\/\/www.youtube.com\/channel\/UC7V2KZ5sd3htJivAbA4ZG3w\"],\"description\":\"Dicodusport est l'encyclop\u00e9die de l'actualit\u00e9 sportive.\",\"email\":\"bonjour@dicodusport.fr\",\"legalName\":\"DICODUSPORT\",\"foundingDate\":\"2018-01-14\",\"vatID\":\"FR71834470973\",\"taxID\":\"83447097300043\",\"numberOfEmployees\":{\"@type\":\"QuantitativeValue\",\"minValue\":\"1\",\"maxValue\":\"10\"}},{\"@type\":\"Person\",\"@id\":\"https:\/\/dicodusport.fr\/blog\/#\/schema\/person\/cce96fa88785bd8573e3d43078ac8c79\",\"name\":\"Arlette Yeye\",\"image\":{\"@type\":\"ImageObject\",\"inLanguage\":\"fr-FR\",\"@id\":\"https:\/\/dicodusport.fr\/blog\/#\/schema\/person\/image\/\",\"url\":\"https:\/\/secure.gravatar.com\/avatar\/dca4a6239e6d708e46c45d60e160de6c?s=96&d=wp_user_avatar&r=g\",\"contentUrl\":\"https:\/\/secure.gravatar.com\/avatar\/dca4a6239e6d708e46c45d60e160de6c?s=96&d=wp_user_avatar&r=g\",\"caption\":\"Arlette Yeye\"},\"description\":\"Journaliste\/r\u00e9dactrice depuis septembre 2015 - Supportrice de Chelsea, j'ai pour sports de pr\u00e9dilection le handball, l'athl\u00e9tisme et le tennis. Si je tweete plus vite que mon ombre, vous pouvez aussi me retrouver les week-ends sur les playgrounds de Bruxelles pour un petit foot ou basket entre potes. Parcourir la France, l'Europe et plus si affinit\u00e9s pour suivre mes sportifs pr\u00e9f\u00e9r\u00e9s ? Mon kif ! Et c'est avec plaisir que je partage les r\u00e9sultats des sports populaires mais \u00e9galement plus confidentiels pour Dicodusport.\",\"sameAs\":[\"https:\/\/x.com\/https:\/\/twitter.com\/Shiclette94\"],\"url\":\"https:\/\/dicodusport.fr\/blog\/author\/arlette\/\"}]}<\/script>\n<!-- \/ Yoast SEO Premium plugin. -->","yoast_head_json":{"title":"Athl\u00e9tisme - Coupe d'Europe des lancers 2023 : la s\u00e9lection fran\u00e7aise","description":"La Coupe d'Europe des lancers a lieu les 11 et 12 mars. L'\u00e9quipe de France sera emmen\u00e9e par M\u00e9lina Robert-Michon et Alexandra Tavernier.","robots":{"index":"index","follow":"follow","max-snippet":"max-snippet:-1","max-image-preview":"max-image-preview:large","max-video-preview":"max-video-preview:-1"},"canonical":"https:\/\/dicodusport.fr\/blog\/athletisme-coupe-deurope-des-lancers-2023-la-selection-francaise\/","og_locale":"fr_FR","og_type":"article","og_title":"Athl\u00e9tisme - Coupe d'Europe des lancers 2023 : la s\u00e9lection fran\u00e7aise","og_description":"La Coupe d'Europe des lancers a lieu les 11 et 12 mars. L'\u00e9quipe de France sera emmen\u00e9e par M\u00e9lina Robert-Michon et Alexandra Tavernier.","og_url":"https:\/\/dicodusport.fr\/blog\/athletisme-coupe-deurope-des-lancers-2023-la-selection-francaise\/","og_site_name":"Dicodusport","article_publisher":"https:\/\/www.facebook.com\/dicodusport","article_published_time":"2023-03-06T14:38:01+00:00","article_modified_time":"2023-03-11T07:31:57+00:00","og_image":[{"width":800,"height":445,"url":"https:\/\/dicodusport.fr\/blog\/wp-content\/uploads\/2023\/03\/Athletisme-Coupe-dEurope-des-lancers-2023-la-selection-francaise.png","type":"image\/png"}],"author":"Arlette Yeye","twitter_card":"summary_large_image","twitter_title":"Athl\u00e9tisme - Coupe d'Europe des lancers 2023 : la s\u00e9lection fran\u00e7aise","twitter_creator":"@https:\/\/twitter.com\/Shiclette94","twitter_site":"@dicodusport","schema":{"@context":"https:\/\/schema.org","@graph":[{"@type":"NewsArticle","@id":"https:\/\/dicodusport.fr\/blog\/athletisme-coupe-deurope-des-lancers-2023-la-selection-francaise\/#article","isPartOf":{"@id":"https:\/\/dicodusport.fr\/blog\/athletisme-coupe-deurope-des-lancers-2023-la-selection-francaise\/"},"author":{"name":"Arlette Yeye","@id":"https:\/\/dicodusport.fr\/blog\/#\/schema\/person\/cce96fa88785bd8573e3d43078ac8c79"},"headline":"Athl\u00e9tisme &#8211; Coupe d&rsquo;Europe des lancers 2023 : la s\u00e9lection fran\u00e7aise","datePublished":"2023-03-06T14:38:01+00:00","dateModified":"2023-03-11T07:31:57+00:00","mainEntityOfPage":{"@id":"https:\/\/dicodusport.fr\/blog\/athletisme-coupe-deurope-des-lancers-2023-la-selection-francaise\/"},"wordCount":229,"commentCount":0,"publisher":{"@id":"https:\/\/dicodusport.fr\/blog\/#organization"},"image":{"@id":"https:\/\/dicodusport.fr\/blog\/athletisme-coupe-deurope-des-lancers-2023-la-selection-francaise\/#primaryimage"},"thumbnailUrl":"https:\/\/dicodusport.fr\/blog\/wp-content\/uploads\/2023\/03\/Athletisme-Coupe-dEurope-des-lancers-2023-la-selection-francaise.png","keywords":["Athl\u00e9tisme","br\u00e8ve","Coupe d'Europe des lancers"],"articleSection":["Athl\u00e9tisme"],"inLanguage":"fr-FR","potentialAction":[{"@type":"CommentAction","name":"Comment","target":["https:\/\/dicodusport.fr\/blog\/athletisme-coupe-deurope-des-lancers-2023-la-selection-francaise\/#respond"]}],"copyrightYear":"2023","copyrightHolder":{"@id":"https:\/\/dicodusport.fr\/blog\/#organization"}},{"@type":"WebPage","@id":"https:\/\/dicodusport.fr\/blog\/athletisme-coupe-deurope-des-lancers-2023-la-selection-francaise\/","url":"https:\/\/dicodusport.fr\/blog\/athletisme-coupe-deurope-des-lancers-2023-la-selection-francaise\/","name":"Athl\u00e9tisme - Coupe d'Europe des lancers 2023 : la s\u00e9lection fran\u00e7aise","isPartOf":{"@id":"https:\/\/dicodusport.fr\/blog\/#website"},"primaryImageOfPage":{"@id":"https:\/\/dicodusport.fr\/blog\/athletisme-coupe-deurope-des-lancers-2023-la-selection-francaise\/#primaryimage"},"image":{"@id":"https:\/\/dicodusport.fr\/blog\/athletisme-coupe-deurope-des-lancers-2023-la-selection-francaise\/#primaryimage"},"thumbnailUrl":"https:\/\/dicodusport.fr\/blog\/wp-content\/uploads\/2023\/03\/Athletisme-Coupe-dEurope-des-lancers-2023-la-selection-francaise.png","datePublished":"2023-03-06T14:38:01+00:00","dateModified":"2023-03-11T07:31:57+00:00","description":"La Coupe d'Europe des lancers a lieu les 11 et 12 mars. L'\u00e9quipe de France sera emmen\u00e9e par M\u00e9lina Robert-Michon et Alexandra Tavernier.","breadcrumb":{"@id":"https:\/\/dicodusport.fr\/blog\/athletisme-coupe-deurope-des-lancers-2023-la-selection-francaise\/#breadcrumb"},"inLanguage":"fr-FR","potentialAction":[{"@type":"ReadAction","target":["https:\/\/dicodusport.fr\/blog\/athletisme-coupe-deurope-des-lancers-2023-la-selection-francaise\/"]}]},{"@type":"ImageObject","inLanguage":"fr-FR","@id":"https:\/\/dicodusport.fr\/blog\/athletisme-coupe-deurope-des-lancers-2023-la-selection-francaise\/#primaryimage","url":"https:\/\/dicodusport.fr\/blog\/wp-content\/uploads\/2023\/03\/Athletisme-Coupe-dEurope-des-lancers-2023-la-selection-francaise.png","contentUrl":"https:\/\/dicodusport.fr\/blog\/wp-content\/uploads\/2023\/03\/Athletisme-Coupe-dEurope-des-lancers-2023-la-selection-francaise.png","width":800,"height":445,"caption":"Athl\u00e9tisme - Coupe d'Europe des lancers 2023 la s\u00e9lection fran\u00e7aise"},{"@type":"BreadcrumbList","@id":"https:\/\/dicodusport.fr\/blog\/athletisme-coupe-deurope-des-lancers-2023-la-selection-francaise\/#breadcrumb","itemListElement":[{"@type":"ListItem","position":1,"name":"Accueil","item":"https:\/\/dicodusport.fr\/blog\/"},{"@type":"ListItem","position":2,"name":"Athl\u00e9tisme &#8211; Coupe d&rsquo;Europe des lancers 2023 : la s\u00e9lection fran\u00e7aise"}]},{"@type":"WebSite","@id":"https:\/\/dicodusport.fr\/blog\/#website","url":"https:\/\/dicodusport.fr\/blog\/","name":"Dicodusport","description":"L&#039;encyclop\u00e9die de l&#039;actualit\u00e9 sportive","publisher":{"@id":"https:\/\/dicodusport.fr\/blog\/#organization"},"potentialAction":[{"@type":"SearchAction","target":{"@type":"EntryPoint","urlTemplate":"https:\/\/dicodusport.fr\/blog\/?s={search_term_string}"},"query-input":{"@type":"PropertyValueSpecification","valueRequired":true,"valueName":"search_term_string"}}],"inLanguage":"fr-FR"},{"@type":"NewsMediaOrganization","@id":"https:\/\/dicodusport.fr\/blog\/#organization","name":"Dicodusport","url":"https:\/\/dicodusport.fr\/blog\/","logo":{"@type":"ImageObject","inLanguage":"fr-FR","@id":"https:\/\/dicodusport.fr\/blog\/#\/schema\/logo\/image\/","url":"https:\/\/dicodusport.fr\/blog\/wp-content\/uploads\/2020\/06\/cropped-LOGO-DICODUSPORT-2020-SANS-FOND-SANS-TEXTE.png","contentUrl":"https:\/\/dicodusport.fr\/blog\/wp-content\/uploads\/2020\/06\/cropped-LOGO-DICODUSPORT-2020-SANS-FOND-SANS-TEXTE.png","width":512,"height":512,"caption":"Dicodusport"},"image":{"@id":"https:\/\/dicodusport.fr\/blog\/#\/schema\/logo\/image\/"},"sameAs":["https:\/\/www.facebook.com\/dicodusport","https:\/\/x.com\/dicodusport","https:\/\/www.instagram.com\/dicodusport\/","https:\/\/www.youtube.com\/channel\/UC7V2KZ5sd3htJivAbA4ZG3w"],"description":"Dicodusport est l'encyclop\u00e9die de l'actualit\u00e9 sportive.","email":"bonjour@dicodusport.fr","legalName":"DICODUSPORT","foundingDate":"2018-01-14","vatID":"FR71834470973","taxID":"83447097300043","numberOfEmployees":{"@type":"QuantitativeValue","minValue":"1","maxValue":"10"}},{"@type":"Person","@id":"https:\/\/dicodusport.fr\/blog\/#\/schema\/person\/cce96fa88785bd8573e3d43078ac8c79","name":"Arlette Yeye","image":{"@type":"ImageObject","inLanguage":"fr-FR","@id":"https:\/\/dicodusport.fr\/blog\/#\/schema\/person\/image\/","url":"https:\/\/secure.gravatar.com\/avatar\/dca4a6239e6d708e46c45d60e160de6c?s=96&d=wp_user_avatar&r=g","contentUrl":"https:\/\/secure.gravatar.com\/avatar\/dca4a6239e6d708e46c45d60e160de6c?s=96&d=wp_user_avatar&r=g","caption":"Arlette Yeye"},"description":"Journaliste\/r\u00e9dactrice depuis septembre 2015 - Supportrice de Chelsea, j'ai pour sports de pr\u00e9dilection le handball, l'athl\u00e9tisme et le tennis. Si je tweete plus vite que mon ombre, vous pouvez aussi me retrouver les week-ends sur les playgrounds de Bruxelles pour un petit foot ou basket entre potes. Parcourir la France, l'Europe et plus si affinit\u00e9s pour suivre mes sportifs pr\u00e9f\u00e9r\u00e9s ? Mon kif ! Et c'est avec plaisir que je partage les r\u00e9sultats des sports populaires mais \u00e9galement plus confidentiels pour Dicodusport.","sameAs":["https:\/\/x.com\/https:\/\/twitter.com\/Shiclette94"],"url":"https:\/\/dicodusport.fr\/blog\/author\/arlette\/"}]}},"_links":{"self":[{"href":"https:\/\/dicodusport.fr\/blog\/wp-json\/wp\/v2\/posts\/362127","targetHints":{"allow":["GET"]}}],"collection":[{"href":"https:\/\/dicodusport.fr\/blog\/wp-json\/wp\/v2\/posts"}],"about":[{"href":"https:\/\/dicodusport.fr\/blog\/wp-json\/wp\/v2\/types\/post"}],"author":[{"embeddable":true,"href":"https:\/\/dicodusport.fr\/blog\/wp-json\/wp\/v2\/users\/12"}],"replies":[{"embeddable":true,"href":"https:\/\/dicodusport.fr\/blog\/wp-json\/wp\/v2\/comments?post=362127"}],"version-history":[{"count":0,"href":"https:\/\/dicodusport.fr\/blog\/wp-json\/wp\/v2\/posts\/362127\/revisions"}],"wp:featuredmedia":[{"embeddable":true,"href":"https:\/\/dicodusport.fr\/blog\/wp-json\/wp\/v2\/media\/362132"}],"wp:attachment":[{"href":"https:\/\/dicodusport.fr\/blog\/wp-json\/wp\/v2\/media?parent=362127"}],"wp:term":[{"taxonomy":"category","embeddable":true,"href":"https:\/\/dicodusport.fr\/blog\/wp-json\/wp\/v2\/categories?post=362127"},{"taxonomy":"post_tag","embeddable":true,"href":"https:\/\/dicodusport.fr\/blog\/wp-json\/wp\/v2\/tags?post=362127"}],"curies":[{"name":"wp","href":"https:\/\/api.w.org\/{rel}","templated":true}]}}