{"id":362135,"date":"2023-03-05T07:28:32","date_gmt":"2023-03-05T06:28:32","guid":{"rendered":"https:\/\/dicodusport.fr\/blog\/?p=362135&#038;preview=true&#038;preview_id=362135"},"modified":"2023-03-05T08:10:57","modified_gmt":"2023-03-05T07:10:57","slug":"world-rugby-sevens-vancouver-le-dernier-carre-pour-les-deux-equipes-de-france","status":"publish","type":"post","link":"https:\/\/dicodusport.fr\/blog\/world-rugby-sevens-vancouver-le-dernier-carre-pour-les-deux-equipes-de-france\/","title":{"rendered":"World Rugby Sevens Vancouver : Le dernier carr\u00e9 pour les deux \u00e9quipes de France"},"content":{"rendered":"<p style=\"text-align: justify;\"><b><i>TOURNOI SEVENS DE VANCOUVER &#8211; 100% de r\u00e9ussite pour les \u00e9quipes de France, puisque hommes et femmes ont remport\u00e9 les deux quarts de finale disput\u00e9s, et seront au rendez-vous du dernier carr\u00e9 ce soir.<\/i><\/b><\/p>\n<p style=\"text-align: justify;\">L&rsquo;affaire \u00e9tait mal engag\u00e9e pour les Bleus apr\u00e8s la nuit pr\u00e9c\u00e9dente. Certes, ils avaient battu le Japon hier soir largement (<strong>45-5<\/strong>) mais encore fallait-il que l&rsquo;autre match de la poule tourne en leur faveur. Ce qui fut le cas, puisque l&rsquo;Argentine a domin\u00e9 l&rsquo;Afrique du Sud, et offert un ticket pour les quarts. L&rsquo;occasion de prendre une revanche contre la Grande-Bretagne, qui avait sorti la France \u00e0 Los Angeles la semaine derni\u00e8re.<\/p>\n<p style=\"text-align: justify;\">Des Anglais qui ont de plus ouvert le score \u00e0 la 3e minute, et tenu leur avantage jusqu&rsquo;\u00e0 la pause. Mais ensuite, ce fut un festival tricolore, mat\u00e9rialis\u00e9 par trois essais sign\u00e9s <strong>Paul Leraitre<\/strong>, puis <strong>Th\u00e9o Forner<\/strong> qui s&rsquo;est encore offert un doubl\u00e9, et qui en est \u00e0 5 essais dans ce tournoi. Et m\u00eame si la r\u00e9ussite au pied \u00e9tait inexistante, les Bleus se sont tout de m\u00eame impos\u00e9s <strong>15-7<\/strong> pour rallier les demi-finales. Ce soir (22h48), ce sera de nouveau l&rsquo;Argentine sur la route des Fran\u00e7ais. D\u00e9faits<strong> 21-12<\/strong> en poule, les Bleus voudront leur revanche.<\/p>\n<h2 style=\"text-align: justify;\">Les Bleues aux forceps<\/h2>\n<p style=\"text-align: justify;\">La revanche, c&rsquo;est ce que les Fran\u00e7aises recherchaient hier soir. Apr\u00e8s <a href=\"https:\/\/dicodusport.fr\/blog\/world-rugby-sevens-vancouver-les-bleues-deja-en-quarts-de-finale\/\">deux premiers matchs suffisants pour une qualification<\/a>, les Bleues avaient logiquement c\u00e9d\u00e9 contre les Australiennes (<strong>21-10<\/strong>), et devaient donc ferrailler avec l&rsquo;Irlande en quarts de finale, une \u00e9quipe qui avait domin\u00e9 les Tricolores en quarts de finale \u00e0 Hamilton en janvier. Pas de quoi pavoiser avant la rencontre donc.<\/p>\n<blockquote class=\"twitter-tweet\">\n<p dir=\"ltr\" lang=\"en\">France in full flow \ud83d\ude0d<\/p>\n<p>Smooth stuff from Jade Ulutule, finishing off a well-worked team try from <a href=\"https:\/\/twitter.com\/France7s?ref_src=twsrc%5Etfw\">@France7s<\/a> <a href=\"https:\/\/twitter.com\/DHLRugby?ref_src=twsrc%5Etfw\">@DHLRugby<\/a> | <a href=\"https:\/\/twitter.com\/hashtag\/ImpactMoment?src=hash&amp;ref_src=twsrc%5Etfw\">#ImpactMoment<\/a> | <a href=\"https:\/\/twitter.com\/hashtag\/Canada7s?src=hash&amp;ref_src=twsrc%5Etfw\">#Canada7s<\/a> <a href=\"https:\/\/t.co\/b24E5erufh\">pic.twitter.com\/b24E5erufh<\/a><\/p>\n<p>\u2014 World Rugby 7s (@WorldRugby7s) <a href=\"https:\/\/twitter.com\/WorldRugby7s\/status\/1632202758295019520?ref_src=twsrc%5Etfw\">March 5, 2023<\/a><\/p><\/blockquote>\n<p style=\"text-align: justify;\"><script async src=\"https:\/\/platform.twitter.com\/widgets.js\" charset=\"utf-8\"><\/script><br \/>\nEt encore moins quand les Irlandaises ont ouvert le score apr\u00e8s 3 minutes. Mais peu avant la pause, <strong>Joanna Grisez<\/strong> a fini par \u00e9galiser et redonner l&rsquo;espoir \u00e0 la France. Un espoir mat\u00e9rialis\u00e9 par un second essai sign\u00e9 <strong>Jade Ulutule<\/strong> \u00e0 deux minutes de la fin. Il fallait tenir, mais dans les arr\u00eats de jeu, <strong>Lucy Mulhann<\/strong> va trouver la faille pour des Irlandaises qui auraient pu arracher la prolongation, avant de voir la buteuse \u00e9chouer \u00e0 transformer l&rsquo;essai. Les Bleues s&rsquo;imposent donc <strong>12-10<\/strong>, et d\u00e9fieront les redoutables N\u00e9o-Z\u00e9landaises ce soir (22h26) en demi-finales.<\/p>\n","protected":false},"excerpt":{"rendered":"<p>TOURNOI SEVENS DE VANCOUVER &#8211; 100% de r\u00e9ussite pour les \u00e9quipes de France, puisque hommes et femmes ont remport\u00e9 deux quarts de finale disput\u00e9s, et seront au rendez-vous du dernier carr\u00e9 ce soir.<\/p>\n","protected":false},"author":59,"featured_media":362141,"comment_status":"open","ping_status":"closed","sticky":false,"template":"","format":"standard","meta":{"_acf_changed":false,"_daextam_enable_autolinks":"","footnotes":""},"categories":[9130],"tags":[16878,26489],"class_list":["post-362135","post","type-post","status-publish","format-standard","has-post-thumbnail","hentry","category-rugby-a-7","tag-breve","tag-equipe-de-france-de-rugby-a-7"],"acf":[],"yoast_head":"<!-- This site is optimized with the Yoast SEO Premium plugin v26.7 (Yoast SEO v26.7) - https:\/\/yoast.com\/wordpress\/plugins\/seo\/ -->\n<title>Rugby \u00e0 7 - World Rugby Sevens Vancouver : Le dernier carr\u00e9 pour les deux \u00e9quipes de France - Dicodusport<\/title>\n<meta name=\"description\" content=\"TOURNOI SEVENS DE VANCOUVER - Les Tricolores ont remport\u00e9 deux quarts de finale disput\u00e9s, et seront au rendez-vous du dernier carr\u00e9 ce soir.\" \/>\n<meta name=\"robots\" content=\"index, follow, max-snippet:-1, max-image-preview:large, max-video-preview:-1\" \/>\n<link rel=\"canonical\" href=\"https:\/\/dicodusport.fr\/blog\/world-rugby-sevens-vancouver-le-dernier-carre-pour-les-deux-equipes-de-france\/\" \/>\n<meta property=\"og:locale\" content=\"fr_FR\" \/>\n<meta property=\"og:type\" content=\"article\" \/>\n<meta property=\"og:title\" content=\"World Rugby Sevens Vancouver : Le dernier carr\u00e9 pour les deux \u00e9quipes de France\" \/>\n<meta property=\"og:description\" content=\"TOURNOI SEVENS DE VANCOUVER - Les Tricolores ont remport\u00e9 deux quarts de finale disput\u00e9s, et seront au rendez-vous du dernier carr\u00e9 ce soir.\" \/>\n<meta property=\"og:url\" content=\"https:\/\/dicodusport.fr\/blog\/world-rugby-sevens-vancouver-le-dernier-carre-pour-les-deux-equipes-de-france\/\" \/>\n<meta property=\"og:site_name\" content=\"Dicodusport\" \/>\n<meta property=\"article:publisher\" content=\"https:\/\/www.facebook.com\/dicodusport\" \/>\n<meta property=\"article:author\" content=\"https:\/\/www.facebook.com\/sebastien.gente\/\" \/>\n<meta property=\"article:published_time\" content=\"2023-03-05T06:28:32+00:00\" \/>\n<meta property=\"article:modified_time\" content=\"2023-03-05T07:10:57+00:00\" \/>\n<meta property=\"og:image\" content=\"https:\/\/dicodusport.fr\/blog\/wp-content\/uploads\/2023\/03\/World-Rugby-Sevens-Vancouver-Le-dernier-carre-pour-les-deux-equipes-de-France.jpg\" \/>\n\t<meta property=\"og:image:width\" content=\"800\" \/>\n\t<meta property=\"og:image:height\" content=\"445\" \/>\n\t<meta property=\"og:image:type\" content=\"image\/jpeg\" \/>\n<meta name=\"author\" content=\"S\u00e9bastien Gente\" \/>\n<meta name=\"twitter:card\" content=\"summary_large_image\" \/>\n<meta name=\"twitter:title\" content=\"World Rugby Sevens Vancouver : Le dernier carr\u00e9 pour les deux \u00e9quipes de France\" \/>\n<meta name=\"twitter:creator\" content=\"@https:\/\/twitter.com\/globulo24\" \/>\n<meta name=\"twitter:site\" content=\"@dicodusport\" \/>\n<script type=\"application\/ld+json\" class=\"yoast-schema-graph\">{\"@context\":\"https:\/\/schema.org\",\"@graph\":[{\"@type\":\"NewsArticle\",\"@id\":\"https:\/\/dicodusport.fr\/blog\/world-rugby-sevens-vancouver-le-dernier-carre-pour-les-deux-equipes-de-france\/#article\",\"isPartOf\":{\"@id\":\"https:\/\/dicodusport.fr\/blog\/world-rugby-sevens-vancouver-le-dernier-carre-pour-les-deux-equipes-de-france\/\"},\"author\":{\"name\":\"S\u00e9bastien Gente\",\"@id\":\"https:\/\/dicodusport.fr\/blog\/#\/schema\/person\/627966a6cde45dbd8c5e36ac85d783da\"},\"headline\":\"World Rugby Sevens Vancouver : Le dernier carr\u00e9 pour les deux \u00e9quipes de France\",\"datePublished\":\"2023-03-05T06:28:32+00:00\",\"dateModified\":\"2023-03-05T07:10:57+00:00\",\"mainEntityOfPage\":{\"@id\":\"https:\/\/dicodusport.fr\/blog\/world-rugby-sevens-vancouver-le-dernier-carre-pour-les-deux-equipes-de-france\/\"},\"wordCount\":435,\"commentCount\":0,\"publisher\":{\"@id\":\"https:\/\/dicodusport.fr\/blog\/#organization\"},\"image\":{\"@id\":\"https:\/\/dicodusport.fr\/blog\/world-rugby-sevens-vancouver-le-dernier-carre-pour-les-deux-equipes-de-france\/#primaryimage\"},\"thumbnailUrl\":\"https:\/\/dicodusport.fr\/blog\/wp-content\/uploads\/2023\/03\/World-Rugby-Sevens-Vancouver-Le-dernier-carre-pour-les-deux-equipes-de-France.jpg\",\"keywords\":[\"br\u00e8ve\",\"\u00c9quipe de France de rugby \u00e0 7\"],\"articleSection\":[\"Rugby \u00e0 7\"],\"inLanguage\":\"fr-FR\",\"potentialAction\":[{\"@type\":\"CommentAction\",\"name\":\"Comment\",\"target\":[\"https:\/\/dicodusport.fr\/blog\/world-rugby-sevens-vancouver-le-dernier-carre-pour-les-deux-equipes-de-france\/#respond\"]}],\"copyrightYear\":\"2023\",\"copyrightHolder\":{\"@id\":\"https:\/\/dicodusport.fr\/blog\/#organization\"}},{\"@type\":\"WebPage\",\"@id\":\"https:\/\/dicodusport.fr\/blog\/world-rugby-sevens-vancouver-le-dernier-carre-pour-les-deux-equipes-de-france\/\",\"url\":\"https:\/\/dicodusport.fr\/blog\/world-rugby-sevens-vancouver-le-dernier-carre-pour-les-deux-equipes-de-france\/\",\"name\":\"Rugby \u00e0 7 - World Rugby Sevens Vancouver : Le dernier carr\u00e9 pour les deux \u00e9quipes de France - Dicodusport\",\"isPartOf\":{\"@id\":\"https:\/\/dicodusport.fr\/blog\/#website\"},\"primaryImageOfPage\":{\"@id\":\"https:\/\/dicodusport.fr\/blog\/world-rugby-sevens-vancouver-le-dernier-carre-pour-les-deux-equipes-de-france\/#primaryimage\"},\"image\":{\"@id\":\"https:\/\/dicodusport.fr\/blog\/world-rugby-sevens-vancouver-le-dernier-carre-pour-les-deux-equipes-de-france\/#primaryimage\"},\"thumbnailUrl\":\"https:\/\/dicodusport.fr\/blog\/wp-content\/uploads\/2023\/03\/World-Rugby-Sevens-Vancouver-Le-dernier-carre-pour-les-deux-equipes-de-France.jpg\",\"datePublished\":\"2023-03-05T06:28:32+00:00\",\"dateModified\":\"2023-03-05T07:10:57+00:00\",\"description\":\"TOURNOI SEVENS DE VANCOUVER - Les Tricolores ont remport\u00e9 deux quarts de finale disput\u00e9s, et seront au rendez-vous du dernier carr\u00e9 ce soir.\",\"breadcrumb\":{\"@id\":\"https:\/\/dicodusport.fr\/blog\/world-rugby-sevens-vancouver-le-dernier-carre-pour-les-deux-equipes-de-france\/#breadcrumb\"},\"inLanguage\":\"fr-FR\",\"potentialAction\":[{\"@type\":\"ReadAction\",\"target\":[\"https:\/\/dicodusport.fr\/blog\/world-rugby-sevens-vancouver-le-dernier-carre-pour-les-deux-equipes-de-france\/\"]}]},{\"@type\":\"ImageObject\",\"inLanguage\":\"fr-FR\",\"@id\":\"https:\/\/dicodusport.fr\/blog\/world-rugby-sevens-vancouver-le-dernier-carre-pour-les-deux-equipes-de-france\/#primaryimage\",\"url\":\"https:\/\/dicodusport.fr\/blog\/wp-content\/uploads\/2023\/03\/World-Rugby-Sevens-Vancouver-Le-dernier-carre-pour-les-deux-equipes-de-France.jpg\",\"contentUrl\":\"https:\/\/dicodusport.fr\/blog\/wp-content\/uploads\/2023\/03\/World-Rugby-Sevens-Vancouver-Le-dernier-carre-pour-les-deux-equipes-de-France.jpg\",\"width\":800,\"height\":445,\"caption\":\"World Rugby Sevens Vancouver Le dernier carr\u00e9 pour les deux \u00e9quipes de France\"},{\"@type\":\"BreadcrumbList\",\"@id\":\"https:\/\/dicodusport.fr\/blog\/world-rugby-sevens-vancouver-le-dernier-carre-pour-les-deux-equipes-de-france\/#breadcrumb\",\"itemListElement\":[{\"@type\":\"ListItem\",\"position\":1,\"name\":\"Accueil\",\"item\":\"https:\/\/dicodusport.fr\/blog\/\"},{\"@type\":\"ListItem\",\"position\":2,\"name\":\"World Rugby Sevens Vancouver : Le dernier carr\u00e9 pour les deux \u00e9quipes de France\"}]},{\"@type\":\"WebSite\",\"@id\":\"https:\/\/dicodusport.fr\/blog\/#website\",\"url\":\"https:\/\/dicodusport.fr\/blog\/\",\"name\":\"Dicodusport\",\"description\":\"L&#039;encyclop\u00e9die de l&#039;actualit\u00e9 sportive\",\"publisher\":{\"@id\":\"https:\/\/dicodusport.fr\/blog\/#organization\"},\"potentialAction\":[{\"@type\":\"SearchAction\",\"target\":{\"@type\":\"EntryPoint\",\"urlTemplate\":\"https:\/\/dicodusport.fr\/blog\/?s={search_term_string}\"},\"query-input\":{\"@type\":\"PropertyValueSpecification\",\"valueRequired\":true,\"valueName\":\"search_term_string\"}}],\"inLanguage\":\"fr-FR\"},{\"@type\":\"NewsMediaOrganization\",\"@id\":\"https:\/\/dicodusport.fr\/blog\/#organization\",\"name\":\"Dicodusport\",\"url\":\"https:\/\/dicodusport.fr\/blog\/\",\"logo\":{\"@type\":\"ImageObject\",\"inLanguage\":\"fr-FR\",\"@id\":\"https:\/\/dicodusport.fr\/blog\/#\/schema\/logo\/image\/\",\"url\":\"https:\/\/dicodusport.fr\/blog\/wp-content\/uploads\/2020\/06\/cropped-LOGO-DICODUSPORT-2020-SANS-FOND-SANS-TEXTE.png\",\"contentUrl\":\"https:\/\/dicodusport.fr\/blog\/wp-content\/uploads\/2020\/06\/cropped-LOGO-DICODUSPORT-2020-SANS-FOND-SANS-TEXTE.png\",\"width\":512,\"height\":512,\"caption\":\"Dicodusport\"},\"image\":{\"@id\":\"https:\/\/dicodusport.fr\/blog\/#\/schema\/logo\/image\/\"},\"sameAs\":[\"https:\/\/www.facebook.com\/dicodusport\",\"https:\/\/x.com\/dicodusport\",\"https:\/\/www.instagram.com\/dicodusport\/\",\"https:\/\/www.youtube.com\/channel\/UC7V2KZ5sd3htJivAbA4ZG3w\"],\"description\":\"Dicodusport est l'encyclop\u00e9die de l'actualit\u00e9 sportive.\",\"email\":\"bonjour@dicodusport.fr\",\"legalName\":\"DICODUSPORT\",\"foundingDate\":\"2018-01-14\",\"vatID\":\"FR71834470973\",\"taxID\":\"83447097300043\",\"numberOfEmployees\":{\"@type\":\"QuantitativeValue\",\"minValue\":\"1\",\"maxValue\":\"10\"}},{\"@type\":\"Person\",\"@id\":\"https:\/\/dicodusport.fr\/blog\/#\/schema\/person\/627966a6cde45dbd8c5e36ac85d783da\",\"name\":\"S\u00e9bastien Gente\",\"image\":{\"@type\":\"ImageObject\",\"inLanguage\":\"fr-FR\",\"@id\":\"https:\/\/dicodusport.fr\/blog\/#\/schema\/person\/image\/\",\"url\":\"https:\/\/dicodusport.fr\/blog\/wp-content\/uploads\/2021\/09\/1510990_10205810251400683_4124423575079401707_n-150x150.jpg\",\"contentUrl\":\"https:\/\/dicodusport.fr\/blog\/wp-content\/uploads\/2021\/09\/1510990_10205810251400683_4124423575079401707_n-150x150.jpg\",\"caption\":\"S\u00e9bastien Gente\"},\"description\":\"John Stockton, Gianni Bugno, Zinedine Zidane, Steffi Graf, Frode Andresen, St\u00e9phane Stoecklin, Davis Kamoga, Primoz Peterka, Werner Schlager et Aur\u00e9lien Rougerie. Point commun entre ces sportifs? Ils m'ont fait r\u00eaver et ont berc\u00e9 mon adolescence. Je suis un fondu de sports et j'essaie de retranscrire ma passion \u00e0 travers mes articles. Originaire du P\u00e9rigord, ma passion pour les Girondins, les Jaunards et les Jazzmen transpire dans mes \u00e9crits. \u00c0 Dicodusport depuis 2021, je d\u00e9niche les sports m\u00e9connus dans lesquels la France brille, et il y en a !\",\"sameAs\":[\"https:\/\/www.facebook.com\/sebastien.gente\/\",\"https:\/\/www.instagram.com\/sebgente\/\",\"https:\/\/www.linkedin.com\/in\/sbastien-gente-a29583169\/\",\"https:\/\/x.com\/https:\/\/twitter.com\/globulo24\",\"SebastienGente\"],\"worksFor\":\"S\u00e9bastien GENTE\",\"url\":\"https:\/\/dicodusport.fr\/blog\/author\/sebastiengente\/\"}]}<\/script>\n<!-- \/ Yoast SEO Premium plugin. -->","yoast_head_json":{"title":"Rugby \u00e0 7 - World Rugby Sevens Vancouver : Le dernier carr\u00e9 pour les deux \u00e9quipes de France - Dicodusport","description":"TOURNOI SEVENS DE VANCOUVER - Les Tricolores ont remport\u00e9 deux quarts de finale disput\u00e9s, et seront au rendez-vous du dernier carr\u00e9 ce soir.","robots":{"index":"index","follow":"follow","max-snippet":"max-snippet:-1","max-image-preview":"max-image-preview:large","max-video-preview":"max-video-preview:-1"},"canonical":"https:\/\/dicodusport.fr\/blog\/world-rugby-sevens-vancouver-le-dernier-carre-pour-les-deux-equipes-de-france\/","og_locale":"fr_FR","og_type":"article","og_title":"World Rugby Sevens Vancouver : Le dernier carr\u00e9 pour les deux \u00e9quipes de France","og_description":"TOURNOI SEVENS DE VANCOUVER - Les Tricolores ont remport\u00e9 deux quarts de finale disput\u00e9s, et seront au rendez-vous du dernier carr\u00e9 ce soir.","og_url":"https:\/\/dicodusport.fr\/blog\/world-rugby-sevens-vancouver-le-dernier-carre-pour-les-deux-equipes-de-france\/","og_site_name":"Dicodusport","article_publisher":"https:\/\/www.facebook.com\/dicodusport","article_author":"https:\/\/www.facebook.com\/sebastien.gente\/","article_published_time":"2023-03-05T06:28:32+00:00","article_modified_time":"2023-03-05T07:10:57+00:00","og_image":[{"width":800,"height":445,"url":"https:\/\/dicodusport.fr\/blog\/wp-content\/uploads\/2023\/03\/World-Rugby-Sevens-Vancouver-Le-dernier-carre-pour-les-deux-equipes-de-France.jpg","type":"image\/jpeg"}],"author":"S\u00e9bastien Gente","twitter_card":"summary_large_image","twitter_title":"World Rugby Sevens Vancouver : Le dernier carr\u00e9 pour les deux \u00e9quipes de France","twitter_creator":"@https:\/\/twitter.com\/globulo24","twitter_site":"@dicodusport","schema":{"@context":"https:\/\/schema.org","@graph":[{"@type":"NewsArticle","@id":"https:\/\/dicodusport.fr\/blog\/world-rugby-sevens-vancouver-le-dernier-carre-pour-les-deux-equipes-de-france\/#article","isPartOf":{"@id":"https:\/\/dicodusport.fr\/blog\/world-rugby-sevens-vancouver-le-dernier-carre-pour-les-deux-equipes-de-france\/"},"author":{"name":"S\u00e9bastien Gente","@id":"https:\/\/dicodusport.fr\/blog\/#\/schema\/person\/627966a6cde45dbd8c5e36ac85d783da"},"headline":"World Rugby Sevens Vancouver : Le dernier carr\u00e9 pour les deux \u00e9quipes de France","datePublished":"2023-03-05T06:28:32+00:00","dateModified":"2023-03-05T07:10:57+00:00","mainEntityOfPage":{"@id":"https:\/\/dicodusport.fr\/blog\/world-rugby-sevens-vancouver-le-dernier-carre-pour-les-deux-equipes-de-france\/"},"wordCount":435,"commentCount":0,"publisher":{"@id":"https:\/\/dicodusport.fr\/blog\/#organization"},"image":{"@id":"https:\/\/dicodusport.fr\/blog\/world-rugby-sevens-vancouver-le-dernier-carre-pour-les-deux-equipes-de-france\/#primaryimage"},"thumbnailUrl":"https:\/\/dicodusport.fr\/blog\/wp-content\/uploads\/2023\/03\/World-Rugby-Sevens-Vancouver-Le-dernier-carre-pour-les-deux-equipes-de-France.jpg","keywords":["br\u00e8ve","\u00c9quipe de France de rugby \u00e0 7"],"articleSection":["Rugby \u00e0 7"],"inLanguage":"fr-FR","potentialAction":[{"@type":"CommentAction","name":"Comment","target":["https:\/\/dicodusport.fr\/blog\/world-rugby-sevens-vancouver-le-dernier-carre-pour-les-deux-equipes-de-france\/#respond"]}],"copyrightYear":"2023","copyrightHolder":{"@id":"https:\/\/dicodusport.fr\/blog\/#organization"}},{"@type":"WebPage","@id":"https:\/\/dicodusport.fr\/blog\/world-rugby-sevens-vancouver-le-dernier-carre-pour-les-deux-equipes-de-france\/","url":"https:\/\/dicodusport.fr\/blog\/world-rugby-sevens-vancouver-le-dernier-carre-pour-les-deux-equipes-de-france\/","name":"Rugby \u00e0 7 - World Rugby Sevens Vancouver : Le dernier carr\u00e9 pour les deux \u00e9quipes de France - Dicodusport","isPartOf":{"@id":"https:\/\/dicodusport.fr\/blog\/#website"},"primaryImageOfPage":{"@id":"https:\/\/dicodusport.fr\/blog\/world-rugby-sevens-vancouver-le-dernier-carre-pour-les-deux-equipes-de-france\/#primaryimage"},"image":{"@id":"https:\/\/dicodusport.fr\/blog\/world-rugby-sevens-vancouver-le-dernier-carre-pour-les-deux-equipes-de-france\/#primaryimage"},"thumbnailUrl":"https:\/\/dicodusport.fr\/blog\/wp-content\/uploads\/2023\/03\/World-Rugby-Sevens-Vancouver-Le-dernier-carre-pour-les-deux-equipes-de-France.jpg","datePublished":"2023-03-05T06:28:32+00:00","dateModified":"2023-03-05T07:10:57+00:00","description":"TOURNOI SEVENS DE VANCOUVER - Les Tricolores ont remport\u00e9 deux quarts de finale disput\u00e9s, et seront au rendez-vous du dernier carr\u00e9 ce soir.","breadcrumb":{"@id":"https:\/\/dicodusport.fr\/blog\/world-rugby-sevens-vancouver-le-dernier-carre-pour-les-deux-equipes-de-france\/#breadcrumb"},"inLanguage":"fr-FR","potentialAction":[{"@type":"ReadAction","target":["https:\/\/dicodusport.fr\/blog\/world-rugby-sevens-vancouver-le-dernier-carre-pour-les-deux-equipes-de-france\/"]}]},{"@type":"ImageObject","inLanguage":"fr-FR","@id":"https:\/\/dicodusport.fr\/blog\/world-rugby-sevens-vancouver-le-dernier-carre-pour-les-deux-equipes-de-france\/#primaryimage","url":"https:\/\/dicodusport.fr\/blog\/wp-content\/uploads\/2023\/03\/World-Rugby-Sevens-Vancouver-Le-dernier-carre-pour-les-deux-equipes-de-France.jpg","contentUrl":"https:\/\/dicodusport.fr\/blog\/wp-content\/uploads\/2023\/03\/World-Rugby-Sevens-Vancouver-Le-dernier-carre-pour-les-deux-equipes-de-France.jpg","width":800,"height":445,"caption":"World Rugby Sevens Vancouver Le dernier carr\u00e9 pour les deux \u00e9quipes de France"},{"@type":"BreadcrumbList","@id":"https:\/\/dicodusport.fr\/blog\/world-rugby-sevens-vancouver-le-dernier-carre-pour-les-deux-equipes-de-france\/#breadcrumb","itemListElement":[{"@type":"ListItem","position":1,"name":"Accueil","item":"https:\/\/dicodusport.fr\/blog\/"},{"@type":"ListItem","position":2,"name":"World Rugby Sevens Vancouver : Le dernier carr\u00e9 pour les deux \u00e9quipes de France"}]},{"@type":"WebSite","@id":"https:\/\/dicodusport.fr\/blog\/#website","url":"https:\/\/dicodusport.fr\/blog\/","name":"Dicodusport","description":"L&#039;encyclop\u00e9die de l&#039;actualit\u00e9 sportive","publisher":{"@id":"https:\/\/dicodusport.fr\/blog\/#organization"},"potentialAction":[{"@type":"SearchAction","target":{"@type":"EntryPoint","urlTemplate":"https:\/\/dicodusport.fr\/blog\/?s={search_term_string}"},"query-input":{"@type":"PropertyValueSpecification","valueRequired":true,"valueName":"search_term_string"}}],"inLanguage":"fr-FR"},{"@type":"NewsMediaOrganization","@id":"https:\/\/dicodusport.fr\/blog\/#organization","name":"Dicodusport","url":"https:\/\/dicodusport.fr\/blog\/","logo":{"@type":"ImageObject","inLanguage":"fr-FR","@id":"https:\/\/dicodusport.fr\/blog\/#\/schema\/logo\/image\/","url":"https:\/\/dicodusport.fr\/blog\/wp-content\/uploads\/2020\/06\/cropped-LOGO-DICODUSPORT-2020-SANS-FOND-SANS-TEXTE.png","contentUrl":"https:\/\/dicodusport.fr\/blog\/wp-content\/uploads\/2020\/06\/cropped-LOGO-DICODUSPORT-2020-SANS-FOND-SANS-TEXTE.png","width":512,"height":512,"caption":"Dicodusport"},"image":{"@id":"https:\/\/dicodusport.fr\/blog\/#\/schema\/logo\/image\/"},"sameAs":["https:\/\/www.facebook.com\/dicodusport","https:\/\/x.com\/dicodusport","https:\/\/www.instagram.com\/dicodusport\/","https:\/\/www.youtube.com\/channel\/UC7V2KZ5sd3htJivAbA4ZG3w"],"description":"Dicodusport est l'encyclop\u00e9die de l'actualit\u00e9 sportive.","email":"bonjour@dicodusport.fr","legalName":"DICODUSPORT","foundingDate":"2018-01-14","vatID":"FR71834470973","taxID":"83447097300043","numberOfEmployees":{"@type":"QuantitativeValue","minValue":"1","maxValue":"10"}},{"@type":"Person","@id":"https:\/\/dicodusport.fr\/blog\/#\/schema\/person\/627966a6cde45dbd8c5e36ac85d783da","name":"S\u00e9bastien Gente","image":{"@type":"ImageObject","inLanguage":"fr-FR","@id":"https:\/\/dicodusport.fr\/blog\/#\/schema\/person\/image\/","url":"https:\/\/dicodusport.fr\/blog\/wp-content\/uploads\/2021\/09\/1510990_10205810251400683_4124423575079401707_n-150x150.jpg","contentUrl":"https:\/\/dicodusport.fr\/blog\/wp-content\/uploads\/2021\/09\/1510990_10205810251400683_4124423575079401707_n-150x150.jpg","caption":"S\u00e9bastien Gente"},"description":"John Stockton, Gianni Bugno, Zinedine Zidane, Steffi Graf, Frode Andresen, St\u00e9phane Stoecklin, Davis Kamoga, Primoz Peterka, Werner Schlager et Aur\u00e9lien Rougerie. Point commun entre ces sportifs? Ils m'ont fait r\u00eaver et ont berc\u00e9 mon adolescence. Je suis un fondu de sports et j'essaie de retranscrire ma passion \u00e0 travers mes articles. Originaire du P\u00e9rigord, ma passion pour les Girondins, les Jaunards et les Jazzmen transpire dans mes \u00e9crits. \u00c0 Dicodusport depuis 2021, je d\u00e9niche les sports m\u00e9connus dans lesquels la France brille, et il y en a !","sameAs":["https:\/\/www.facebook.com\/sebastien.gente\/","https:\/\/www.instagram.com\/sebgente\/","https:\/\/www.linkedin.com\/in\/sbastien-gente-a29583169\/","https:\/\/x.com\/https:\/\/twitter.com\/globulo24","SebastienGente"],"worksFor":"S\u00e9bastien GENTE","url":"https:\/\/dicodusport.fr\/blog\/author\/sebastiengente\/"}]}},"_links":{"self":[{"href":"https:\/\/dicodusport.fr\/blog\/wp-json\/wp\/v2\/posts\/362135","targetHints":{"allow":["GET"]}}],"collection":[{"href":"https:\/\/dicodusport.fr\/blog\/wp-json\/wp\/v2\/posts"}],"about":[{"href":"https:\/\/dicodusport.fr\/blog\/wp-json\/wp\/v2\/types\/post"}],"author":[{"embeddable":true,"href":"https:\/\/dicodusport.fr\/blog\/wp-json\/wp\/v2\/users\/59"}],"replies":[{"embeddable":true,"href":"https:\/\/dicodusport.fr\/blog\/wp-json\/wp\/v2\/comments?post=362135"}],"version-history":[{"count":0,"href":"https:\/\/dicodusport.fr\/blog\/wp-json\/wp\/v2\/posts\/362135\/revisions"}],"wp:featuredmedia":[{"embeddable":true,"href":"https:\/\/dicodusport.fr\/blog\/wp-json\/wp\/v2\/media\/362141"}],"wp:attachment":[{"href":"https:\/\/dicodusport.fr\/blog\/wp-json\/wp\/v2\/media?parent=362135"}],"wp:term":[{"taxonomy":"category","embeddable":true,"href":"https:\/\/dicodusport.fr\/blog\/wp-json\/wp\/v2\/categories?post=362135"},{"taxonomy":"post_tag","embeddable":true,"href":"https:\/\/dicodusport.fr\/blog\/wp-json\/wp\/v2\/tags?post=362135"}],"curies":[{"name":"wp","href":"https:\/\/api.w.org\/{rel}","templated":true}]}}