{"id":362208,"date":"2023-03-05T11:59:23","date_gmt":"2023-03-05T10:59:23","guid":{"rendered":"https:\/\/dicodusport.fr\/blog\/?p=362208&#038;preview=true&#038;preview_id=362208"},"modified":"2023-03-05T12:33:37","modified_gmt":"2023-03-05T11:33:37","slug":"super-g-kvitfjell-triple-autrichien-et-victoire-de-nina-ortlieb","status":"publish","type":"post","link":"https:\/\/dicodusport.fr\/blog\/super-g-kvitfjell-triple-autrichien-et-victoire-de-nina-ortlieb\/","title":{"rendered":"Super-G Kvitfjell : Tripl\u00e9 autrichien et victoire de Nina Ortlieb"},"content":{"rendered":"<p style=\"text-align: justify;\"><i><a style=\"font-weight: bold;\" href=\"https:\/\/dicodusport.fr\/blog\/actualites\/sports-dhiver\/ski\/coupe-du-monde-ski-alpin-2022-2023\/\">COUPE DU MONDE DE SKI ALPIN 2022-2023<\/a><b> &#8211; En profitant des conditions climatiques, Nina Ortlieb a remport\u00e9 le Super-G de Kvitfjell en Norv\u00e8ge, ce dimanche. Elle a devanc\u00e9 ses compatriotes St\u00e9phanie Venier et Franziska Gritsch.\u00a0\u00a0<\/b><\/i><\/p>\n<h2 style=\"text-align: justify;\"><span style=\"font-weight: 400;\"><strong>Un tripl\u00e9 autrichien surprenant<\/strong>\u00a0<\/span><\/h2>\n<p style=\"text-align: justify;\"><span style=\"font-weight: 400;\">Avec le dossard 31, <strong>Nina Ortlieb<\/strong> a remport\u00e9 son deuxi\u00e8me succ\u00e8s en Coupe du monde, en profitant d&rsquo;une \u00e9claircie. Elle a sign\u00e9 le meilleur temps en 1 minute 29 secondes et 25 centi\u00e8mes, en faisant des fautes mais en emmagasinant un maximum de vitesse, notamment sur le bas. Elle a devanc\u00e9 ses compatriotes <strong>Stephanie Venier<\/strong>, avec le dossard 29, de 12 centi\u00e8mes et <strong>Franziska Gritsch<\/strong>, avec le dossard 26, de 38 centi\u00e8mes. Cette derni\u00e8re a trop boucl\u00e9 sur le bas. Le dernier tripl\u00e9 autrichien chez les femmes datait du Super-G de Lake Louise en 2005.\u00a0<\/span><\/p>\n<p style=\"text-align: justify;\"><span style=\"font-weight: 400;\">Ensuite, <strong>Sofia Goggia<\/strong> a \u00e9t\u00e9 la plus rapide dans les chutes de neige pour terminer au pied de la bo\u00eete \u00e0 69 centi\u00e8mes devant l&rsquo;Allemande <strong>Emma Aicher<\/strong>, cinqui\u00e8me \u00e0 0.75. Laur\u00e9ate du gros globe de cristal, <strong>Mikaela Shiffrin<\/strong> a fini septi\u00e8me \u00e0 98 centi\u00e8mes, derri\u00e8re <strong>Jasmine Flury.<\/strong>\u00a0<\/span><\/p>\n<blockquote class=\"twitter-tweet\">\n<p dir=\"ltr\" lang=\"fr\">Mais c&rsquo;\u00e9tait quoi ce Super-G de dingue ?! <a href=\"https:\/\/twitter.com\/hashtag\/ChaletClub?src=hash&amp;ref_src=twsrc%5Etfw\">#ChaletClub<\/a><\/p>\n<p>1\u20e3\ud83c\udde6\ud83c\uddf9 : N. Ortlieb, dossard N\u00b031<br \/>\n2\u20e3\ud83c\udde6\ud83c\uddf9 : S. Venier, dossard N\u00b029<br \/>\n3\u20e3\ud83c\udde6\ud83c\uddf9 : F. Gritsch, dossard N\u00b026 <a href=\"https:\/\/t.co\/Tr4j5GaXVz\">pic.twitter.com\/Tr4j5GaXVz<\/a><\/p>\n<p>\u2014 Eurosport France (@Eurosport_FR) <a href=\"https:\/\/twitter.com\/Eurosport_FR\/status\/1632337347990675456?ref_src=twsrc%5Etfw\">March 5, 2023<\/a><\/p><\/blockquote>\n<p><script async src=\"https:\/\/platform.twitter.com\/widgets.js\" charset=\"utf-8\"><\/script><\/p>\n<h2 style=\"text-align: justify;\">C&rsquo;est serr\u00e9 pour le petit globe<\/h2>\n<p style=\"text-align: justify;\"><span style=\"font-weight: 400;\">Douzi\u00e8me \u00e0 1 seconde et 14 centi\u00e8mes, <strong>Elena Curtoni<\/strong> a gard\u00e9 son dossard rouge de leader de la discipline. La Transalpine compte 332 points et devance de 19 points Lara Gut-Behrami, de 25 points <strong>Cornelia Huetter<\/strong>, de 26 points <strong>Ragnhild Mowinckel<\/strong> et de 44 points <strong>Federica Brignone<\/strong>. Il y aura donc une belle bataille lors des finales pour ce petit globe.\u00a0<\/span><\/p>\n<p style=\"text-align: justify;\"><span style=\"font-weight: 400;\">Enfin, <strong>Camille Cerutti<\/strong> a sauv\u00e9 l&rsquo;honneur du clan fran\u00e7ais avec le 23e temps \u00e0 1.64, en marquant ses premiers points depuis son retour de sa grave blessure. Les trois autres Fran\u00e7aises ont fini hors des points. <strong>Karen Smadja Cl\u00e9ment<\/strong> a c\u00e9d\u00e9 2 secondes 27 alors que <strong>Tessa Worley<\/strong> et <strong>Laura Gauch\u00e9<\/strong> ont fini tr\u00e8s loin \u00e0 2.64 et \u00e0 3.10. Worley et Gauch\u00e9 sont parties sur une piste avec de la neige fra\u00eeche sur la trajectoire, \u00e0 cause d&rsquo;une interruption de course, en raison de la chute de Robinson.\u00a0<\/span><\/p>\n<h2 style=\"text-align: justify;\">\u00c0 lire aussi<\/h2>\n<ul>\n<li style=\"text-align: justify;\"><a href=\"https:\/\/dicodusport.fr\/blog\/classement-du-super-g-femmes-kvitfjell-2023\/?utm_source=rss&amp;utm_medium=rss&amp;utm_campaign=classement-du-super-g-femmes-kvitfjell-2023\"><strong>Le classement du Super-G de Kvitfjell<\/strong><\/a><\/li>\n<li style=\"text-align: justify;\"><a href=\"https:\/\/dicodusport.fr\/blog\/classement-general-femmes-coupe-du-monde-ski-alpin-2022-2023\/\"><strong>Le classement g\u00e9n\u00e9ral de la Coupe du monde de ski alpin<\/strong><\/a><\/li>\n<li style=\"text-align: justify;\"><a href=\"https:\/\/dicodusport.fr\/blog\/calendrier-et-resultats-coupe-du-monde-ski-alpin-femmes-2022-2023\/\"><strong>Calendrier et r\u00e9sultats de la Coupe du monde de ski alpin<\/strong><\/a><\/li>\n<\/ul>\n","protected":false},"excerpt":{"rendered":"<p>COUPE DU MONDE DE SKI ALPIN 2022-2023 &#8211; En profitant des conditions climatiques, Nina Ortlieb a remport\u00e9 le Super-G de Kvitjell en Norv\u00e8ge, ce dimanche. Elle a devanc\u00e9 ses compatriotes St\u00e9phanie Venier et Franziska Gritsch.\u00a0\u00a0<\/p>\n","protected":false},"author":48,"featured_media":362240,"comment_status":"open","ping_status":"closed","sticky":false,"template":"","format":"standard","meta":{"_acf_changed":false,"_daextam_enable_autolinks":"","footnotes":""},"categories":[47084],"tags":[16878,2233,30054],"class_list":["post-362208","post","type-post","status-publish","format-standard","has-post-thumbnail","hentry","category-coupe-du-monde-ski-alpin","tag-breve","tag-ski-alpin","tag-ski-alpin-kvitfjell"],"acf":[],"yoast_head":"<!-- This site is optimized with the Yoast SEO Premium plugin v26.7 (Yoast SEO v26.7) - https:\/\/yoast.com\/wordpress\/plugins\/seo\/ -->\n<title>Super-G Kvitfjell : Tripl\u00e9 autrichien et victoire de Nina Ortlieb<\/title>\n<meta name=\"description\" content=\"COUPE DU MONDE DE SKI ALPIN 2022-2023 - Nina Ortlieb a gagn\u00e9 le Super-G de Kvitfjell, en Norv\u00e8ge, ce dimanche.\" \/>\n<meta name=\"robots\" content=\"index, follow, max-snippet:-1, max-image-preview:large, max-video-preview:-1\" \/>\n<link rel=\"canonical\" href=\"https:\/\/dicodusport.fr\/blog\/super-g-kvitfjell-triple-autrichien-et-victoire-de-nina-ortlieb\/\" \/>\n<meta property=\"og:locale\" content=\"fr_FR\" \/>\n<meta property=\"og:type\" content=\"article\" \/>\n<meta property=\"og:title\" content=\"Super-G Kvitfjell : Tripl\u00e9 autrichien et victoire de Nina Ortlieb\" \/>\n<meta property=\"og:description\" content=\"COUPE DU MONDE DE SKI ALPIN 2022-2023 - Nina Ortlieb a gagn\u00e9 le Super-G de Kvitfjell, en Norv\u00e8ge, ce dimanche.\" \/>\n<meta property=\"og:url\" content=\"https:\/\/dicodusport.fr\/blog\/super-g-kvitfjell-triple-autrichien-et-victoire-de-nina-ortlieb\/\" \/>\n<meta property=\"og:site_name\" content=\"Dicodusport\" \/>\n<meta property=\"article:publisher\" content=\"https:\/\/www.facebook.com\/dicodusport\" \/>\n<meta property=\"article:author\" content=\"https:\/\/www.facebook.com\/groups\/LesRoisDuPeloton\" \/>\n<meta property=\"article:published_time\" content=\"2023-03-05T10:59:23+00:00\" \/>\n<meta property=\"article:modified_time\" content=\"2023-03-05T11:33:37+00:00\" \/>\n<meta property=\"og:image\" content=\"https:\/\/dicodusport.fr\/blog\/wp-content\/uploads\/2023\/03\/Super-G-Kvitfjell-Triple-autrichien-et-victoire-de-Nina-Ortlieb.png\" \/>\n\t<meta property=\"og:image:width\" content=\"800\" \/>\n\t<meta property=\"og:image:height\" content=\"445\" \/>\n\t<meta property=\"og:image:type\" content=\"image\/png\" \/>\n<meta name=\"author\" content=\"Emilien Descampiaux\" \/>\n<meta name=\"twitter:card\" content=\"summary_large_image\" \/>\n<meta name=\"twitter:title\" content=\"Super-G Kvitfjell : Tripl\u00e9 autrichien et victoire de Nina Ortlieb\" \/>\n<meta name=\"twitter:creator\" content=\"@https:\/\/twitter.com\/LRoisDuPeloton\" \/>\n<meta name=\"twitter:site\" content=\"@dicodusport\" \/>\n<script type=\"application\/ld+json\" class=\"yoast-schema-graph\">{\"@context\":\"https:\/\/schema.org\",\"@graph\":[{\"@type\":\"NewsArticle\",\"@id\":\"https:\/\/dicodusport.fr\/blog\/super-g-kvitfjell-triple-autrichien-et-victoire-de-nina-ortlieb\/#article\",\"isPartOf\":{\"@id\":\"https:\/\/dicodusport.fr\/blog\/super-g-kvitfjell-triple-autrichien-et-victoire-de-nina-ortlieb\/\"},\"author\":{\"name\":\"Emilien Descampiaux\",\"@id\":\"https:\/\/dicodusport.fr\/blog\/#\/schema\/person\/6db4bae06b171592211be385b32876a7\"},\"headline\":\"Super-G Kvitfjell : Tripl\u00e9 autrichien et victoire de Nina Ortlieb\",\"datePublished\":\"2023-03-05T10:59:23+00:00\",\"dateModified\":\"2023-03-05T11:33:37+00:00\",\"mainEntityOfPage\":{\"@id\":\"https:\/\/dicodusport.fr\/blog\/super-g-kvitfjell-triple-autrichien-et-victoire-de-nina-ortlieb\/\"},\"wordCount\":407,\"commentCount\":0,\"publisher\":{\"@id\":\"https:\/\/dicodusport.fr\/blog\/#organization\"},\"image\":{\"@id\":\"https:\/\/dicodusport.fr\/blog\/super-g-kvitfjell-triple-autrichien-et-victoire-de-nina-ortlieb\/#primaryimage\"},\"thumbnailUrl\":\"https:\/\/dicodusport.fr\/blog\/wp-content\/uploads\/2023\/03\/Super-G-Kvitfjell-Triple-autrichien-et-victoire-de-Nina-Ortlieb.png\",\"keywords\":[\"br\u00e8ve\",\"Ski alpin\",\"Ski alpin Kvitfjell\"],\"articleSection\":[\"Coupe du monde de ski alpin\"],\"inLanguage\":\"fr-FR\",\"potentialAction\":[{\"@type\":\"CommentAction\",\"name\":\"Comment\",\"target\":[\"https:\/\/dicodusport.fr\/blog\/super-g-kvitfjell-triple-autrichien-et-victoire-de-nina-ortlieb\/#respond\"]}],\"copyrightYear\":\"2023\",\"copyrightHolder\":{\"@id\":\"https:\/\/dicodusport.fr\/blog\/#organization\"}},{\"@type\":\"WebPage\",\"@id\":\"https:\/\/dicodusport.fr\/blog\/super-g-kvitfjell-triple-autrichien-et-victoire-de-nina-ortlieb\/\",\"url\":\"https:\/\/dicodusport.fr\/blog\/super-g-kvitfjell-triple-autrichien-et-victoire-de-nina-ortlieb\/\",\"name\":\"Super-G Kvitfjell : Tripl\u00e9 autrichien et victoire de Nina Ortlieb\",\"isPartOf\":{\"@id\":\"https:\/\/dicodusport.fr\/blog\/#website\"},\"primaryImageOfPage\":{\"@id\":\"https:\/\/dicodusport.fr\/blog\/super-g-kvitfjell-triple-autrichien-et-victoire-de-nina-ortlieb\/#primaryimage\"},\"image\":{\"@id\":\"https:\/\/dicodusport.fr\/blog\/super-g-kvitfjell-triple-autrichien-et-victoire-de-nina-ortlieb\/#primaryimage\"},\"thumbnailUrl\":\"https:\/\/dicodusport.fr\/blog\/wp-content\/uploads\/2023\/03\/Super-G-Kvitfjell-Triple-autrichien-et-victoire-de-Nina-Ortlieb.png\",\"datePublished\":\"2023-03-05T10:59:23+00:00\",\"dateModified\":\"2023-03-05T11:33:37+00:00\",\"description\":\"COUPE DU MONDE DE SKI ALPIN 2022-2023 - Nina Ortlieb a gagn\u00e9 le Super-G de Kvitfjell, en Norv\u00e8ge, ce dimanche.\",\"breadcrumb\":{\"@id\":\"https:\/\/dicodusport.fr\/blog\/super-g-kvitfjell-triple-autrichien-et-victoire-de-nina-ortlieb\/#breadcrumb\"},\"inLanguage\":\"fr-FR\",\"potentialAction\":[{\"@type\":\"ReadAction\",\"target\":[\"https:\/\/dicodusport.fr\/blog\/super-g-kvitfjell-triple-autrichien-et-victoire-de-nina-ortlieb\/\"]}]},{\"@type\":\"ImageObject\",\"inLanguage\":\"fr-FR\",\"@id\":\"https:\/\/dicodusport.fr\/blog\/super-g-kvitfjell-triple-autrichien-et-victoire-de-nina-ortlieb\/#primaryimage\",\"url\":\"https:\/\/dicodusport.fr\/blog\/wp-content\/uploads\/2023\/03\/Super-G-Kvitfjell-Triple-autrichien-et-victoire-de-Nina-Ortlieb.png\",\"contentUrl\":\"https:\/\/dicodusport.fr\/blog\/wp-content\/uploads\/2023\/03\/Super-G-Kvitfjell-Triple-autrichien-et-victoire-de-Nina-Ortlieb.png\",\"width\":800,\"height\":445,\"caption\":\"Super-G Kvitfjell Tripl\u00e9 autrichien et victoire de Nina Ortlieb\"},{\"@type\":\"BreadcrumbList\",\"@id\":\"https:\/\/dicodusport.fr\/blog\/super-g-kvitfjell-triple-autrichien-et-victoire-de-nina-ortlieb\/#breadcrumb\",\"itemListElement\":[{\"@type\":\"ListItem\",\"position\":1,\"name\":\"Accueil\",\"item\":\"https:\/\/dicodusport.fr\/blog\/\"},{\"@type\":\"ListItem\",\"position\":2,\"name\":\"Super-G Kvitfjell : Tripl\u00e9 autrichien et victoire de Nina Ortlieb\"}]},{\"@type\":\"WebSite\",\"@id\":\"https:\/\/dicodusport.fr\/blog\/#website\",\"url\":\"https:\/\/dicodusport.fr\/blog\/\",\"name\":\"Dicodusport\",\"description\":\"L&#039;encyclop\u00e9die de l&#039;actualit\u00e9 sportive\",\"publisher\":{\"@id\":\"https:\/\/dicodusport.fr\/blog\/#organization\"},\"potentialAction\":[{\"@type\":\"SearchAction\",\"target\":{\"@type\":\"EntryPoint\",\"urlTemplate\":\"https:\/\/dicodusport.fr\/blog\/?s={search_term_string}\"},\"query-input\":{\"@type\":\"PropertyValueSpecification\",\"valueRequired\":true,\"valueName\":\"search_term_string\"}}],\"inLanguage\":\"fr-FR\"},{\"@type\":\"NewsMediaOrganization\",\"@id\":\"https:\/\/dicodusport.fr\/blog\/#organization\",\"name\":\"Dicodusport\",\"url\":\"https:\/\/dicodusport.fr\/blog\/\",\"logo\":{\"@type\":\"ImageObject\",\"inLanguage\":\"fr-FR\",\"@id\":\"https:\/\/dicodusport.fr\/blog\/#\/schema\/logo\/image\/\",\"url\":\"https:\/\/dicodusport.fr\/blog\/wp-content\/uploads\/2020\/06\/cropped-LOGO-DICODUSPORT-2020-SANS-FOND-SANS-TEXTE.png\",\"contentUrl\":\"https:\/\/dicodusport.fr\/blog\/wp-content\/uploads\/2020\/06\/cropped-LOGO-DICODUSPORT-2020-SANS-FOND-SANS-TEXTE.png\",\"width\":512,\"height\":512,\"caption\":\"Dicodusport\"},\"image\":{\"@id\":\"https:\/\/dicodusport.fr\/blog\/#\/schema\/logo\/image\/\"},\"sameAs\":[\"https:\/\/www.facebook.com\/dicodusport\",\"https:\/\/x.com\/dicodusport\",\"https:\/\/www.instagram.com\/dicodusport\/\",\"https:\/\/www.youtube.com\/channel\/UC7V2KZ5sd3htJivAbA4ZG3w\"],\"description\":\"Dicodusport est l'encyclop\u00e9die de l'actualit\u00e9 sportive.\",\"email\":\"bonjour@dicodusport.fr\",\"legalName\":\"DICODUSPORT\",\"foundingDate\":\"2018-01-14\",\"vatID\":\"FR71834470973\",\"taxID\":\"83447097300043\",\"numberOfEmployees\":{\"@type\":\"QuantitativeValue\",\"minValue\":\"1\",\"maxValue\":\"10\"}},{\"@type\":\"Person\",\"@id\":\"https:\/\/dicodusport.fr\/blog\/#\/schema\/person\/6db4bae06b171592211be385b32876a7\",\"name\":\"Emilien Descampiaux\",\"image\":{\"@type\":\"ImageObject\",\"inLanguage\":\"fr-FR\",\"@id\":\"https:\/\/dicodusport.fr\/blog\/#\/schema\/person\/image\/\",\"url\":\"https:\/\/dicodusport.fr\/blog\/wp-content\/uploads\/2021\/05\/Emilien-Descampiaux-150x150.jpg\",\"contentUrl\":\"https:\/\/dicodusport.fr\/blog\/wp-content\/uploads\/2021\/05\/Emilien-Descampiaux-150x150.jpg\",\"caption\":\"Emilien Descampiaux\"},\"description\":\"Journaliste\/r\u00e9dacteur depuis 2014 - Fan de la classe de Frank Vandenbroucke, je vis cyclisme (et de ses paysages) depuis plus de 20 ans. Je suis tr\u00e8s impliqu\u00e9 sur mes diff\u00e9rents r\u00e9seaux sociaux pour partager ma passion sur le monde et l'Histoire de la bicyclette avec ma voix sur les images en noir et blanc du succ\u00e8s de Rik Van Steenbergen lors du Ronde sur le V\u00e9lodrome de Gand.\",\"sameAs\":[\"https:\/\/www.facebook.com\/groups\/LesRoisDuPeloton\",\"https:\/\/x.com\/https:\/\/twitter.com\/LRoisDuPeloton\"],\"url\":\"https:\/\/dicodusport.fr\/blog\/author\/emiliend\/\"}]}<\/script>\n<!-- \/ Yoast SEO Premium plugin. -->","yoast_head_json":{"title":"Super-G Kvitfjell : Tripl\u00e9 autrichien et victoire de Nina Ortlieb","description":"COUPE DU MONDE DE SKI ALPIN 2022-2023 - Nina Ortlieb a gagn\u00e9 le Super-G de Kvitfjell, en Norv\u00e8ge, ce dimanche.","robots":{"index":"index","follow":"follow","max-snippet":"max-snippet:-1","max-image-preview":"max-image-preview:large","max-video-preview":"max-video-preview:-1"},"canonical":"https:\/\/dicodusport.fr\/blog\/super-g-kvitfjell-triple-autrichien-et-victoire-de-nina-ortlieb\/","og_locale":"fr_FR","og_type":"article","og_title":"Super-G Kvitfjell : Tripl\u00e9 autrichien et victoire de Nina Ortlieb","og_description":"COUPE DU MONDE DE SKI ALPIN 2022-2023 - Nina Ortlieb a gagn\u00e9 le Super-G de Kvitfjell, en Norv\u00e8ge, ce dimanche.","og_url":"https:\/\/dicodusport.fr\/blog\/super-g-kvitfjell-triple-autrichien-et-victoire-de-nina-ortlieb\/","og_site_name":"Dicodusport","article_publisher":"https:\/\/www.facebook.com\/dicodusport","article_author":"https:\/\/www.facebook.com\/groups\/LesRoisDuPeloton","article_published_time":"2023-03-05T10:59:23+00:00","article_modified_time":"2023-03-05T11:33:37+00:00","og_image":[{"width":800,"height":445,"url":"https:\/\/dicodusport.fr\/blog\/wp-content\/uploads\/2023\/03\/Super-G-Kvitfjell-Triple-autrichien-et-victoire-de-Nina-Ortlieb.png","type":"image\/png"}],"author":"Emilien Descampiaux","twitter_card":"summary_large_image","twitter_title":"Super-G Kvitfjell : Tripl\u00e9 autrichien et victoire de Nina Ortlieb","twitter_creator":"@https:\/\/twitter.com\/LRoisDuPeloton","twitter_site":"@dicodusport","schema":{"@context":"https:\/\/schema.org","@graph":[{"@type":"NewsArticle","@id":"https:\/\/dicodusport.fr\/blog\/super-g-kvitfjell-triple-autrichien-et-victoire-de-nina-ortlieb\/#article","isPartOf":{"@id":"https:\/\/dicodusport.fr\/blog\/super-g-kvitfjell-triple-autrichien-et-victoire-de-nina-ortlieb\/"},"author":{"name":"Emilien Descampiaux","@id":"https:\/\/dicodusport.fr\/blog\/#\/schema\/person\/6db4bae06b171592211be385b32876a7"},"headline":"Super-G Kvitfjell : Tripl\u00e9 autrichien et victoire de Nina Ortlieb","datePublished":"2023-03-05T10:59:23+00:00","dateModified":"2023-03-05T11:33:37+00:00","mainEntityOfPage":{"@id":"https:\/\/dicodusport.fr\/blog\/super-g-kvitfjell-triple-autrichien-et-victoire-de-nina-ortlieb\/"},"wordCount":407,"commentCount":0,"publisher":{"@id":"https:\/\/dicodusport.fr\/blog\/#organization"},"image":{"@id":"https:\/\/dicodusport.fr\/blog\/super-g-kvitfjell-triple-autrichien-et-victoire-de-nina-ortlieb\/#primaryimage"},"thumbnailUrl":"https:\/\/dicodusport.fr\/blog\/wp-content\/uploads\/2023\/03\/Super-G-Kvitfjell-Triple-autrichien-et-victoire-de-Nina-Ortlieb.png","keywords":["br\u00e8ve","Ski alpin","Ski alpin Kvitfjell"],"articleSection":["Coupe du monde de ski alpin"],"inLanguage":"fr-FR","potentialAction":[{"@type":"CommentAction","name":"Comment","target":["https:\/\/dicodusport.fr\/blog\/super-g-kvitfjell-triple-autrichien-et-victoire-de-nina-ortlieb\/#respond"]}],"copyrightYear":"2023","copyrightHolder":{"@id":"https:\/\/dicodusport.fr\/blog\/#organization"}},{"@type":"WebPage","@id":"https:\/\/dicodusport.fr\/blog\/super-g-kvitfjell-triple-autrichien-et-victoire-de-nina-ortlieb\/","url":"https:\/\/dicodusport.fr\/blog\/super-g-kvitfjell-triple-autrichien-et-victoire-de-nina-ortlieb\/","name":"Super-G Kvitfjell : Tripl\u00e9 autrichien et victoire de Nina Ortlieb","isPartOf":{"@id":"https:\/\/dicodusport.fr\/blog\/#website"},"primaryImageOfPage":{"@id":"https:\/\/dicodusport.fr\/blog\/super-g-kvitfjell-triple-autrichien-et-victoire-de-nina-ortlieb\/#primaryimage"},"image":{"@id":"https:\/\/dicodusport.fr\/blog\/super-g-kvitfjell-triple-autrichien-et-victoire-de-nina-ortlieb\/#primaryimage"},"thumbnailUrl":"https:\/\/dicodusport.fr\/blog\/wp-content\/uploads\/2023\/03\/Super-G-Kvitfjell-Triple-autrichien-et-victoire-de-Nina-Ortlieb.png","datePublished":"2023-03-05T10:59:23+00:00","dateModified":"2023-03-05T11:33:37+00:00","description":"COUPE DU MONDE DE SKI ALPIN 2022-2023 - Nina Ortlieb a gagn\u00e9 le Super-G de Kvitfjell, en Norv\u00e8ge, ce dimanche.","breadcrumb":{"@id":"https:\/\/dicodusport.fr\/blog\/super-g-kvitfjell-triple-autrichien-et-victoire-de-nina-ortlieb\/#breadcrumb"},"inLanguage":"fr-FR","potentialAction":[{"@type":"ReadAction","target":["https:\/\/dicodusport.fr\/blog\/super-g-kvitfjell-triple-autrichien-et-victoire-de-nina-ortlieb\/"]}]},{"@type":"ImageObject","inLanguage":"fr-FR","@id":"https:\/\/dicodusport.fr\/blog\/super-g-kvitfjell-triple-autrichien-et-victoire-de-nina-ortlieb\/#primaryimage","url":"https:\/\/dicodusport.fr\/blog\/wp-content\/uploads\/2023\/03\/Super-G-Kvitfjell-Triple-autrichien-et-victoire-de-Nina-Ortlieb.png","contentUrl":"https:\/\/dicodusport.fr\/blog\/wp-content\/uploads\/2023\/03\/Super-G-Kvitfjell-Triple-autrichien-et-victoire-de-Nina-Ortlieb.png","width":800,"height":445,"caption":"Super-G Kvitfjell Tripl\u00e9 autrichien et victoire de Nina Ortlieb"},{"@type":"BreadcrumbList","@id":"https:\/\/dicodusport.fr\/blog\/super-g-kvitfjell-triple-autrichien-et-victoire-de-nina-ortlieb\/#breadcrumb","itemListElement":[{"@type":"ListItem","position":1,"name":"Accueil","item":"https:\/\/dicodusport.fr\/blog\/"},{"@type":"ListItem","position":2,"name":"Super-G Kvitfjell : Tripl\u00e9 autrichien et victoire de Nina Ortlieb"}]},{"@type":"WebSite","@id":"https:\/\/dicodusport.fr\/blog\/#website","url":"https:\/\/dicodusport.fr\/blog\/","name":"Dicodusport","description":"L&#039;encyclop\u00e9die de l&#039;actualit\u00e9 sportive","publisher":{"@id":"https:\/\/dicodusport.fr\/blog\/#organization"},"potentialAction":[{"@type":"SearchAction","target":{"@type":"EntryPoint","urlTemplate":"https:\/\/dicodusport.fr\/blog\/?s={search_term_string}"},"query-input":{"@type":"PropertyValueSpecification","valueRequired":true,"valueName":"search_term_string"}}],"inLanguage":"fr-FR"},{"@type":"NewsMediaOrganization","@id":"https:\/\/dicodusport.fr\/blog\/#organization","name":"Dicodusport","url":"https:\/\/dicodusport.fr\/blog\/","logo":{"@type":"ImageObject","inLanguage":"fr-FR","@id":"https:\/\/dicodusport.fr\/blog\/#\/schema\/logo\/image\/","url":"https:\/\/dicodusport.fr\/blog\/wp-content\/uploads\/2020\/06\/cropped-LOGO-DICODUSPORT-2020-SANS-FOND-SANS-TEXTE.png","contentUrl":"https:\/\/dicodusport.fr\/blog\/wp-content\/uploads\/2020\/06\/cropped-LOGO-DICODUSPORT-2020-SANS-FOND-SANS-TEXTE.png","width":512,"height":512,"caption":"Dicodusport"},"image":{"@id":"https:\/\/dicodusport.fr\/blog\/#\/schema\/logo\/image\/"},"sameAs":["https:\/\/www.facebook.com\/dicodusport","https:\/\/x.com\/dicodusport","https:\/\/www.instagram.com\/dicodusport\/","https:\/\/www.youtube.com\/channel\/UC7V2KZ5sd3htJivAbA4ZG3w"],"description":"Dicodusport est l'encyclop\u00e9die de l'actualit\u00e9 sportive.","email":"bonjour@dicodusport.fr","legalName":"DICODUSPORT","foundingDate":"2018-01-14","vatID":"FR71834470973","taxID":"83447097300043","numberOfEmployees":{"@type":"QuantitativeValue","minValue":"1","maxValue":"10"}},{"@type":"Person","@id":"https:\/\/dicodusport.fr\/blog\/#\/schema\/person\/6db4bae06b171592211be385b32876a7","name":"Emilien Descampiaux","image":{"@type":"ImageObject","inLanguage":"fr-FR","@id":"https:\/\/dicodusport.fr\/blog\/#\/schema\/person\/image\/","url":"https:\/\/dicodusport.fr\/blog\/wp-content\/uploads\/2021\/05\/Emilien-Descampiaux-150x150.jpg","contentUrl":"https:\/\/dicodusport.fr\/blog\/wp-content\/uploads\/2021\/05\/Emilien-Descampiaux-150x150.jpg","caption":"Emilien Descampiaux"},"description":"Journaliste\/r\u00e9dacteur depuis 2014 - Fan de la classe de Frank Vandenbroucke, je vis cyclisme (et de ses paysages) depuis plus de 20 ans. Je suis tr\u00e8s impliqu\u00e9 sur mes diff\u00e9rents r\u00e9seaux sociaux pour partager ma passion sur le monde et l'Histoire de la bicyclette avec ma voix sur les images en noir et blanc du succ\u00e8s de Rik Van Steenbergen lors du Ronde sur le V\u00e9lodrome de Gand.","sameAs":["https:\/\/www.facebook.com\/groups\/LesRoisDuPeloton","https:\/\/x.com\/https:\/\/twitter.com\/LRoisDuPeloton"],"url":"https:\/\/dicodusport.fr\/blog\/author\/emiliend\/"}]}},"_links":{"self":[{"href":"https:\/\/dicodusport.fr\/blog\/wp-json\/wp\/v2\/posts\/362208","targetHints":{"allow":["GET"]}}],"collection":[{"href":"https:\/\/dicodusport.fr\/blog\/wp-json\/wp\/v2\/posts"}],"about":[{"href":"https:\/\/dicodusport.fr\/blog\/wp-json\/wp\/v2\/types\/post"}],"author":[{"embeddable":true,"href":"https:\/\/dicodusport.fr\/blog\/wp-json\/wp\/v2\/users\/48"}],"replies":[{"embeddable":true,"href":"https:\/\/dicodusport.fr\/blog\/wp-json\/wp\/v2\/comments?post=362208"}],"version-history":[{"count":0,"href":"https:\/\/dicodusport.fr\/blog\/wp-json\/wp\/v2\/posts\/362208\/revisions"}],"wp:featuredmedia":[{"embeddable":true,"href":"https:\/\/dicodusport.fr\/blog\/wp-json\/wp\/v2\/media\/362240"}],"wp:attachment":[{"href":"https:\/\/dicodusport.fr\/blog\/wp-json\/wp\/v2\/media?parent=362208"}],"wp:term":[{"taxonomy":"category","embeddable":true,"href":"https:\/\/dicodusport.fr\/blog\/wp-json\/wp\/v2\/categories?post=362208"},{"taxonomy":"post_tag","embeddable":true,"href":"https:\/\/dicodusport.fr\/blog\/wp-json\/wp\/v2\/tags?post=362208"}],"curies":[{"name":"wp","href":"https:\/\/api.w.org\/{rel}","templated":true}]}}