{"id":362676,"date":"2023-03-06T09:34:27","date_gmt":"2023-03-06T08:34:27","guid":{"rendered":"https:\/\/dicodusport.fr\/blog\/?p=362676&#038;preview=true&#038;preview_id=362676"},"modified":"2023-03-06T15:23:10","modified_gmt":"2023-03-06T14:23:10","slug":"mondiaux-juniors-biathlon-jeanne-richard-et-leonie-jannier-sur-le-podium-de-lindividuel","status":"publish","type":"post","link":"https:\/\/dicodusport.fr\/blog\/mondiaux-juniors-biathlon-jeanne-richard-et-leonie-jannier-sur-le-podium-de-lindividuel\/","title":{"rendered":"Mondiaux juniors biathlon : Jeanne Richard et L\u00e9onie Jannier sur le podium de l&rsquo;individuel"},"content":{"rendered":"<p style=\"text-align: justify;\"><em><strong>CHAMPIONNATS DU MONDE JEUNES ET JUNIORS DE BIATHLON \u2013 Double podium pour l&rsquo;\u00e9quipe de France de biathlon, puisque Jeanne Richard a pris la deuxi\u00e8me place de l&rsquo;individuel, juste devant L\u00e9onie Jannier.\u00a0<\/strong><\/em><\/p>\n<p style=\"text-align: justify;\">Apr\u00e8s <a href=\"https:\/\/dicodusport.fr\/blog\/championnats-du-monde-juniors-de-biathlon-la-france-vice-championne-du-monde-sur-le-relais-mixte\/\">la m\u00e9daille d&rsquo;argent sur le relais mixte samedi<\/a>, l&rsquo;\u00e9quipe de France a rajout\u00e9 deux m\u00e9dailles au compteur en une course. Toujours pas de titre, la faute \u00e0 un tir d\u00e9ficient. Mais <strong>Jeanne Richard<\/strong> et <strong>L\u00e9onie Jeannier<\/strong>, malgr\u00e9 leurs quatre erreurs chacune, ont voltig\u00e9 sur les skis pour aller chercher une place sur le podium.<\/p>\n<blockquote class=\"twitter-tweet\">\n<p dir=\"ltr\" lang=\"und\"><a href=\"https:\/\/twitter.com\/hashtag\/Biathlon?src=hash&amp;ref_src=twsrc%5Etfw\">#Biathlon<\/a> <a href=\"https:\/\/twitter.com\/IBU_Junior?ref_src=twsrc%5Etfw\">@IBU_Junior<\/a> <a href=\"https:\/\/twitter.com\/hashtag\/YJWCH?src=hash&amp;ref_src=twsrc%5Etfw\">#YJWCH<\/a> in \ud83c\uddf0\ud83c\uddff <a href=\"https:\/\/twitter.com\/hashtag\/IND?src=hash&amp;ref_src=twsrc%5Etfw\">#IND<\/a> \ud83d\udeba<a href=\"https:\/\/twitter.com\/hashtag\/U22?src=hash&amp;ref_src=twsrc%5Etfw\">#U22<\/a><\/p>\n<p>\ud83e\udd47(03) K.Zorc \ud83c\uddf8\ud83c\uddee (17)<br \/>\n\ud83e\udd48(02) J.Richard \ud83c\uddeb\ud83c\uddf7 (16)+34.9<br \/>\n\ud83e\udd49(02) L.Jeannier \ud83c\uddeb\ud83c\uddf7 (16)+36.3<\/p>\n<p>\ud83c\udf6b (01) A.Mezdrea \ud83c\uddf7\ud83c\uddf4 (18)+48.8<br \/>\n\ud83d\udc90 (04) S.Grotian \ud83c\udde9\ud83c\uddea (15)+52.3<br \/>\n\ud83d\udc90 (03) S.Andersson \ud83c\uddf8\ud83c\uddea (16)+54.7<a href=\"https:\/\/twitter.com\/hashtag\/lequipeBIATHLON?src=hash&amp;ref_src=twsrc%5Etfw\">#lequipeBIATHLON<\/a> <a href=\"https:\/\/twitter.com\/biathlonworld?ref_src=twsrc%5Etfw\">@biathlonworld<\/a><\/p>\n<p>\u2014 Cordons (@Petits_Filets) <a href=\"https:\/\/twitter.com\/Petits_Filets\/status\/1632656973828169729?ref_src=twsrc%5Etfw\">March 6, 2023<\/a><\/p><\/blockquote>\n<p style=\"text-align: justify;\"><script async src=\"https:\/\/platform.twitter.com\/widgets.js\" charset=\"utf-8\"><\/script><br \/>\nC&rsquo;est la Slov\u00e8ne <strong>Kaja Zorc<\/strong>, avec \u00ab\u00a0seulement\u00a0\u00bb trois erreurs, qui a rafl\u00e9 l&rsquo;or. Mais les Bleues ont sauv\u00e9 leur place sur le podium, <strong>Jeanne Richard<\/strong> terminant deuxi\u00e8me avec seulement 1.4 seconde d&rsquo;avance sur <strong>L\u00e9onnie Jeannier<\/strong>. Un double podium ainsi qu&rsquo;une neuvi\u00e8me place pour <strong>Fany Bertrand<\/strong>. Superbe performance d&rsquo;ensemble pour la France, et il reste plein de chances de m\u00e9daille d&rsquo;ici dimanche.<\/p>\n<h2 style=\"text-align: justify;\">\u00c0 lire aussi<\/h2>\n<ul>\n<li style=\"text-align: justify;\"><a href=\"https:\/\/dicodusport.fr\/blog\/programme-et-resultats-biathlon-championnats-du-monde-jeunes-et-juniors-2023\/\"><strong>Programme et r\u00e9sultats des Mondiaux jeunes et juniors de biathlon<\/strong><\/a><\/li>\n<li style=\"text-align: justify;\"><a href=\"https:\/\/dicodusport.fr\/blog\/tableau-des-medailles-championnats-du-monde-biathlon-jeunes-et-juniors-2023\/\"><strong>Tableau des m\u00e9dailles des Mondiaux jeunes et juniors de biathlon<\/strong><\/a><\/li>\n<\/ul>\n","protected":false},"excerpt":{"rendered":"<p>CHAMPIONNATS DU MONDE JEUNES ET JUNIORS DE BIATHLON \u2013 Double podium pour l&rsquo;\u00e9quipe de France de biathlon, puisque Jeanne Richard a pris la deuxi\u00e8me place de l&rsquo;individuel, juste devant L\u00e9onie Jannier.\u00a0<\/p>\n","protected":false},"author":59,"featured_media":362810,"comment_status":"open","ping_status":"closed","sticky":false,"template":"","format":"standard","meta":{"_acf_changed":false,"_daextam_enable_autolinks":"","footnotes":""},"categories":[2426],"tags":[2427,16878,21319,15008],"class_list":["post-362676","post","type-post","status-publish","format-standard","has-post-thumbnail","hentry","category-biathlon","tag-biathlon","tag-breve","tag-championnats-du-monde-juniors-de-biathlon","tag-juniors"],"acf":[],"yoast_head":"<!-- This site is optimized with the Yoast SEO Premium plugin v26.7 (Yoast SEO v26.7) - https:\/\/yoast.com\/wordpress\/plugins\/seo\/ -->\n<title>Mondiaux juniors biathlon : Jeanne Richard et L\u00e9onie Jannier sur le podium de l&#039;individuel<\/title>\n<meta name=\"description\" content=\"CHAMPIONNATS DU MONDE JEUNES ET JUNIORS DE BIATHLON \u2013 Jeanne Richard a pris la deuxi\u00e8me place de l&#039;individuel, juste devant L\u00e9onie Jannier.\u00a0\" \/>\n<meta name=\"robots\" content=\"index, follow, max-snippet:-1, max-image-preview:large, max-video-preview:-1\" \/>\n<link rel=\"canonical\" href=\"https:\/\/dicodusport.fr\/blog\/mondiaux-juniors-biathlon-jeanne-richard-et-leonie-jannier-sur-le-podium-de-lindividuel\/\" \/>\n<meta property=\"og:locale\" content=\"fr_FR\" \/>\n<meta property=\"og:type\" content=\"article\" \/>\n<meta property=\"og:title\" content=\"Mondiaux juniors biathlon : Jeanne Richard et L\u00e9onie Jannier sur le podium de l&#039;individuel\" \/>\n<meta property=\"og:description\" content=\"CHAMPIONNATS DU MONDE JEUNES ET JUNIORS DE BIATHLON \u2013 Jeanne Richard a pris la deuxi\u00e8me place de l&#039;individuel, juste devant L\u00e9onie Jannier.\u00a0\" \/>\n<meta property=\"og:url\" content=\"https:\/\/dicodusport.fr\/blog\/mondiaux-juniors-biathlon-jeanne-richard-et-leonie-jannier-sur-le-podium-de-lindividuel\/\" \/>\n<meta property=\"og:site_name\" content=\"Dicodusport\" \/>\n<meta property=\"article:publisher\" content=\"https:\/\/www.facebook.com\/dicodusport\" \/>\n<meta property=\"article:author\" content=\"https:\/\/www.facebook.com\/sebastien.gente\/\" \/>\n<meta property=\"article:published_time\" content=\"2023-03-06T08:34:27+00:00\" \/>\n<meta property=\"article:modified_time\" content=\"2023-03-06T14:23:10+00:00\" \/>\n<meta property=\"og:image\" content=\"https:\/\/dicodusport.fr\/blog\/wp-content\/uploads\/2023\/03\/Mondiaux-juniors-biathlon-Jeanne-Richard-et-Leonie-Jannier-sur-le-podium-de-lindividuel-1.png\" \/>\n\t<meta property=\"og:image:width\" content=\"800\" \/>\n\t<meta property=\"og:image:height\" content=\"445\" \/>\n\t<meta property=\"og:image:type\" content=\"image\/png\" \/>\n<meta name=\"author\" content=\"S\u00e9bastien Gente\" \/>\n<meta name=\"twitter:card\" content=\"summary_large_image\" \/>\n<meta name=\"twitter:title\" content=\"Mondiaux juniors biathlon : Jeanne Richard et L\u00e9onie Jannier sur le podium de l&#039;individuel\" \/>\n<meta name=\"twitter:creator\" content=\"@https:\/\/twitter.com\/globulo24\" \/>\n<meta name=\"twitter:site\" content=\"@dicodusport\" \/>\n<script type=\"application\/ld+json\" class=\"yoast-schema-graph\">{\"@context\":\"https:\/\/schema.org\",\"@graph\":[{\"@type\":\"NewsArticle\",\"@id\":\"https:\/\/dicodusport.fr\/blog\/mondiaux-juniors-biathlon-jeanne-richard-et-leonie-jannier-sur-le-podium-de-lindividuel\/#article\",\"isPartOf\":{\"@id\":\"https:\/\/dicodusport.fr\/blog\/mondiaux-juniors-biathlon-jeanne-richard-et-leonie-jannier-sur-le-podium-de-lindividuel\/\"},\"author\":{\"name\":\"S\u00e9bastien Gente\",\"@id\":\"https:\/\/dicodusport.fr\/blog\/#\/schema\/person\/627966a6cde45dbd8c5e36ac85d783da\"},\"headline\":\"Mondiaux juniors biathlon : Jeanne Richard et L\u00e9onie Jannier sur le podium de l&rsquo;individuel\",\"datePublished\":\"2023-03-06T08:34:27+00:00\",\"dateModified\":\"2023-03-06T14:23:10+00:00\",\"mainEntityOfPage\":{\"@id\":\"https:\/\/dicodusport.fr\/blog\/mondiaux-juniors-biathlon-jeanne-richard-et-leonie-jannier-sur-le-podium-de-lindividuel\/\"},\"wordCount\":230,\"commentCount\":0,\"publisher\":{\"@id\":\"https:\/\/dicodusport.fr\/blog\/#organization\"},\"image\":{\"@id\":\"https:\/\/dicodusport.fr\/blog\/mondiaux-juniors-biathlon-jeanne-richard-et-leonie-jannier-sur-le-podium-de-lindividuel\/#primaryimage\"},\"thumbnailUrl\":\"https:\/\/dicodusport.fr\/blog\/wp-content\/uploads\/2023\/03\/Mondiaux-juniors-biathlon-Jeanne-Richard-et-Leonie-Jannier-sur-le-podium-de-lindividuel-1.png\",\"keywords\":[\"Biathlon\",\"br\u00e8ve\",\"Championnats du monde juniors de biathlon\",\"Juniors\"],\"articleSection\":[\"Biathlon\"],\"inLanguage\":\"fr-FR\",\"potentialAction\":[{\"@type\":\"CommentAction\",\"name\":\"Comment\",\"target\":[\"https:\/\/dicodusport.fr\/blog\/mondiaux-juniors-biathlon-jeanne-richard-et-leonie-jannier-sur-le-podium-de-lindividuel\/#respond\"]}],\"copyrightYear\":\"2023\",\"copyrightHolder\":{\"@id\":\"https:\/\/dicodusport.fr\/blog\/#organization\"}},{\"@type\":\"WebPage\",\"@id\":\"https:\/\/dicodusport.fr\/blog\/mondiaux-juniors-biathlon-jeanne-richard-et-leonie-jannier-sur-le-podium-de-lindividuel\/\",\"url\":\"https:\/\/dicodusport.fr\/blog\/mondiaux-juniors-biathlon-jeanne-richard-et-leonie-jannier-sur-le-podium-de-lindividuel\/\",\"name\":\"Mondiaux juniors biathlon : Jeanne Richard et L\u00e9onie Jannier sur le podium de l'individuel\",\"isPartOf\":{\"@id\":\"https:\/\/dicodusport.fr\/blog\/#website\"},\"primaryImageOfPage\":{\"@id\":\"https:\/\/dicodusport.fr\/blog\/mondiaux-juniors-biathlon-jeanne-richard-et-leonie-jannier-sur-le-podium-de-lindividuel\/#primaryimage\"},\"image\":{\"@id\":\"https:\/\/dicodusport.fr\/blog\/mondiaux-juniors-biathlon-jeanne-richard-et-leonie-jannier-sur-le-podium-de-lindividuel\/#primaryimage\"},\"thumbnailUrl\":\"https:\/\/dicodusport.fr\/blog\/wp-content\/uploads\/2023\/03\/Mondiaux-juniors-biathlon-Jeanne-Richard-et-Leonie-Jannier-sur-le-podium-de-lindividuel-1.png\",\"datePublished\":\"2023-03-06T08:34:27+00:00\",\"dateModified\":\"2023-03-06T14:23:10+00:00\",\"description\":\"CHAMPIONNATS DU MONDE JEUNES ET JUNIORS DE BIATHLON \u2013 Jeanne Richard a pris la deuxi\u00e8me place de l'individuel, juste devant L\u00e9onie Jannier.\u00a0\",\"breadcrumb\":{\"@id\":\"https:\/\/dicodusport.fr\/blog\/mondiaux-juniors-biathlon-jeanne-richard-et-leonie-jannier-sur-le-podium-de-lindividuel\/#breadcrumb\"},\"inLanguage\":\"fr-FR\",\"potentialAction\":[{\"@type\":\"ReadAction\",\"target\":[\"https:\/\/dicodusport.fr\/blog\/mondiaux-juniors-biathlon-jeanne-richard-et-leonie-jannier-sur-le-podium-de-lindividuel\/\"]}]},{\"@type\":\"ImageObject\",\"inLanguage\":\"fr-FR\",\"@id\":\"https:\/\/dicodusport.fr\/blog\/mondiaux-juniors-biathlon-jeanne-richard-et-leonie-jannier-sur-le-podium-de-lindividuel\/#primaryimage\",\"url\":\"https:\/\/dicodusport.fr\/blog\/wp-content\/uploads\/2023\/03\/Mondiaux-juniors-biathlon-Jeanne-Richard-et-Leonie-Jannier-sur-le-podium-de-lindividuel-1.png\",\"contentUrl\":\"https:\/\/dicodusport.fr\/blog\/wp-content\/uploads\/2023\/03\/Mondiaux-juniors-biathlon-Jeanne-Richard-et-Leonie-Jannier-sur-le-podium-de-lindividuel-1.png\",\"width\":800,\"height\":445,\"caption\":\"Mondiaux juniors biathlon Jeanne Richard et L\u00e9onie Jannier sur le podium de l'individuel (1)\"},{\"@type\":\"BreadcrumbList\",\"@id\":\"https:\/\/dicodusport.fr\/blog\/mondiaux-juniors-biathlon-jeanne-richard-et-leonie-jannier-sur-le-podium-de-lindividuel\/#breadcrumb\",\"itemListElement\":[{\"@type\":\"ListItem\",\"position\":1,\"name\":\"Accueil\",\"item\":\"https:\/\/dicodusport.fr\/blog\/\"},{\"@type\":\"ListItem\",\"position\":2,\"name\":\"Mondiaux juniors biathlon : Jeanne Richard et L\u00e9onie Jannier sur le podium de l&rsquo;individuel\"}]},{\"@type\":\"WebSite\",\"@id\":\"https:\/\/dicodusport.fr\/blog\/#website\",\"url\":\"https:\/\/dicodusport.fr\/blog\/\",\"name\":\"Dicodusport\",\"description\":\"L&#039;encyclop\u00e9die de l&#039;actualit\u00e9 sportive\",\"publisher\":{\"@id\":\"https:\/\/dicodusport.fr\/blog\/#organization\"},\"potentialAction\":[{\"@type\":\"SearchAction\",\"target\":{\"@type\":\"EntryPoint\",\"urlTemplate\":\"https:\/\/dicodusport.fr\/blog\/?s={search_term_string}\"},\"query-input\":{\"@type\":\"PropertyValueSpecification\",\"valueRequired\":true,\"valueName\":\"search_term_string\"}}],\"inLanguage\":\"fr-FR\"},{\"@type\":\"NewsMediaOrganization\",\"@id\":\"https:\/\/dicodusport.fr\/blog\/#organization\",\"name\":\"Dicodusport\",\"url\":\"https:\/\/dicodusport.fr\/blog\/\",\"logo\":{\"@type\":\"ImageObject\",\"inLanguage\":\"fr-FR\",\"@id\":\"https:\/\/dicodusport.fr\/blog\/#\/schema\/logo\/image\/\",\"url\":\"https:\/\/dicodusport.fr\/blog\/wp-content\/uploads\/2020\/06\/cropped-LOGO-DICODUSPORT-2020-SANS-FOND-SANS-TEXTE.png\",\"contentUrl\":\"https:\/\/dicodusport.fr\/blog\/wp-content\/uploads\/2020\/06\/cropped-LOGO-DICODUSPORT-2020-SANS-FOND-SANS-TEXTE.png\",\"width\":512,\"height\":512,\"caption\":\"Dicodusport\"},\"image\":{\"@id\":\"https:\/\/dicodusport.fr\/blog\/#\/schema\/logo\/image\/\"},\"sameAs\":[\"https:\/\/www.facebook.com\/dicodusport\",\"https:\/\/x.com\/dicodusport\",\"https:\/\/www.instagram.com\/dicodusport\/\",\"https:\/\/www.youtube.com\/channel\/UC7V2KZ5sd3htJivAbA4ZG3w\"],\"description\":\"Dicodusport est l'encyclop\u00e9die de l'actualit\u00e9 sportive.\",\"email\":\"bonjour@dicodusport.fr\",\"legalName\":\"DICODUSPORT\",\"foundingDate\":\"2018-01-14\",\"vatID\":\"FR71834470973\",\"taxID\":\"83447097300043\",\"numberOfEmployees\":{\"@type\":\"QuantitativeValue\",\"minValue\":\"1\",\"maxValue\":\"10\"}},{\"@type\":\"Person\",\"@id\":\"https:\/\/dicodusport.fr\/blog\/#\/schema\/person\/627966a6cde45dbd8c5e36ac85d783da\",\"name\":\"S\u00e9bastien Gente\",\"image\":{\"@type\":\"ImageObject\",\"inLanguage\":\"fr-FR\",\"@id\":\"https:\/\/dicodusport.fr\/blog\/#\/schema\/person\/image\/\",\"url\":\"https:\/\/dicodusport.fr\/blog\/wp-content\/uploads\/2021\/09\/1510990_10205810251400683_4124423575079401707_n-150x150.jpg\",\"contentUrl\":\"https:\/\/dicodusport.fr\/blog\/wp-content\/uploads\/2021\/09\/1510990_10205810251400683_4124423575079401707_n-150x150.jpg\",\"caption\":\"S\u00e9bastien Gente\"},\"description\":\"John Stockton, Gianni Bugno, Zinedine Zidane, Steffi Graf, Frode Andresen, St\u00e9phane Stoecklin, Davis Kamoga, Primoz Peterka, Werner Schlager et Aur\u00e9lien Rougerie. Point commun entre ces sportifs? Ils m'ont fait r\u00eaver et ont berc\u00e9 mon adolescence. Je suis un fondu de sports et j'essaie de retranscrire ma passion \u00e0 travers mes articles. Originaire du P\u00e9rigord, ma passion pour les Girondins, les Jaunards et les Jazzmen transpire dans mes \u00e9crits. \u00c0 Dicodusport depuis 2021, je d\u00e9niche les sports m\u00e9connus dans lesquels la France brille, et il y en a !\",\"sameAs\":[\"https:\/\/www.facebook.com\/sebastien.gente\/\",\"https:\/\/www.instagram.com\/sebgente\/\",\"https:\/\/www.linkedin.com\/in\/sbastien-gente-a29583169\/\",\"https:\/\/x.com\/https:\/\/twitter.com\/globulo24\",\"SebastienGente\"],\"worksFor\":\"S\u00e9bastien GENTE\",\"url\":\"https:\/\/dicodusport.fr\/blog\/author\/sebastiengente\/\"}]}<\/script>\n<!-- \/ Yoast SEO Premium plugin. -->","yoast_head_json":{"title":"Mondiaux juniors biathlon : Jeanne Richard et L\u00e9onie Jannier sur le podium de l'individuel","description":"CHAMPIONNATS DU MONDE JEUNES ET JUNIORS DE BIATHLON \u2013 Jeanne Richard a pris la deuxi\u00e8me place de l'individuel, juste devant L\u00e9onie Jannier.\u00a0","robots":{"index":"index","follow":"follow","max-snippet":"max-snippet:-1","max-image-preview":"max-image-preview:large","max-video-preview":"max-video-preview:-1"},"canonical":"https:\/\/dicodusport.fr\/blog\/mondiaux-juniors-biathlon-jeanne-richard-et-leonie-jannier-sur-le-podium-de-lindividuel\/","og_locale":"fr_FR","og_type":"article","og_title":"Mondiaux juniors biathlon : Jeanne Richard et L\u00e9onie Jannier sur le podium de l'individuel","og_description":"CHAMPIONNATS DU MONDE JEUNES ET JUNIORS DE BIATHLON \u2013 Jeanne Richard a pris la deuxi\u00e8me place de l'individuel, juste devant L\u00e9onie Jannier.\u00a0","og_url":"https:\/\/dicodusport.fr\/blog\/mondiaux-juniors-biathlon-jeanne-richard-et-leonie-jannier-sur-le-podium-de-lindividuel\/","og_site_name":"Dicodusport","article_publisher":"https:\/\/www.facebook.com\/dicodusport","article_author":"https:\/\/www.facebook.com\/sebastien.gente\/","article_published_time":"2023-03-06T08:34:27+00:00","article_modified_time":"2023-03-06T14:23:10+00:00","og_image":[{"width":800,"height":445,"url":"https:\/\/dicodusport.fr\/blog\/wp-content\/uploads\/2023\/03\/Mondiaux-juniors-biathlon-Jeanne-Richard-et-Leonie-Jannier-sur-le-podium-de-lindividuel-1.png","type":"image\/png"}],"author":"S\u00e9bastien Gente","twitter_card":"summary_large_image","twitter_title":"Mondiaux juniors biathlon : Jeanne Richard et L\u00e9onie Jannier sur le podium de l'individuel","twitter_creator":"@https:\/\/twitter.com\/globulo24","twitter_site":"@dicodusport","schema":{"@context":"https:\/\/schema.org","@graph":[{"@type":"NewsArticle","@id":"https:\/\/dicodusport.fr\/blog\/mondiaux-juniors-biathlon-jeanne-richard-et-leonie-jannier-sur-le-podium-de-lindividuel\/#article","isPartOf":{"@id":"https:\/\/dicodusport.fr\/blog\/mondiaux-juniors-biathlon-jeanne-richard-et-leonie-jannier-sur-le-podium-de-lindividuel\/"},"author":{"name":"S\u00e9bastien Gente","@id":"https:\/\/dicodusport.fr\/blog\/#\/schema\/person\/627966a6cde45dbd8c5e36ac85d783da"},"headline":"Mondiaux juniors biathlon : Jeanne Richard et L\u00e9onie Jannier sur le podium de l&rsquo;individuel","datePublished":"2023-03-06T08:34:27+00:00","dateModified":"2023-03-06T14:23:10+00:00","mainEntityOfPage":{"@id":"https:\/\/dicodusport.fr\/blog\/mondiaux-juniors-biathlon-jeanne-richard-et-leonie-jannier-sur-le-podium-de-lindividuel\/"},"wordCount":230,"commentCount":0,"publisher":{"@id":"https:\/\/dicodusport.fr\/blog\/#organization"},"image":{"@id":"https:\/\/dicodusport.fr\/blog\/mondiaux-juniors-biathlon-jeanne-richard-et-leonie-jannier-sur-le-podium-de-lindividuel\/#primaryimage"},"thumbnailUrl":"https:\/\/dicodusport.fr\/blog\/wp-content\/uploads\/2023\/03\/Mondiaux-juniors-biathlon-Jeanne-Richard-et-Leonie-Jannier-sur-le-podium-de-lindividuel-1.png","keywords":["Biathlon","br\u00e8ve","Championnats du monde juniors de biathlon","Juniors"],"articleSection":["Biathlon"],"inLanguage":"fr-FR","potentialAction":[{"@type":"CommentAction","name":"Comment","target":["https:\/\/dicodusport.fr\/blog\/mondiaux-juniors-biathlon-jeanne-richard-et-leonie-jannier-sur-le-podium-de-lindividuel\/#respond"]}],"copyrightYear":"2023","copyrightHolder":{"@id":"https:\/\/dicodusport.fr\/blog\/#organization"}},{"@type":"WebPage","@id":"https:\/\/dicodusport.fr\/blog\/mondiaux-juniors-biathlon-jeanne-richard-et-leonie-jannier-sur-le-podium-de-lindividuel\/","url":"https:\/\/dicodusport.fr\/blog\/mondiaux-juniors-biathlon-jeanne-richard-et-leonie-jannier-sur-le-podium-de-lindividuel\/","name":"Mondiaux juniors biathlon : Jeanne Richard et L\u00e9onie Jannier sur le podium de l'individuel","isPartOf":{"@id":"https:\/\/dicodusport.fr\/blog\/#website"},"primaryImageOfPage":{"@id":"https:\/\/dicodusport.fr\/blog\/mondiaux-juniors-biathlon-jeanne-richard-et-leonie-jannier-sur-le-podium-de-lindividuel\/#primaryimage"},"image":{"@id":"https:\/\/dicodusport.fr\/blog\/mondiaux-juniors-biathlon-jeanne-richard-et-leonie-jannier-sur-le-podium-de-lindividuel\/#primaryimage"},"thumbnailUrl":"https:\/\/dicodusport.fr\/blog\/wp-content\/uploads\/2023\/03\/Mondiaux-juniors-biathlon-Jeanne-Richard-et-Leonie-Jannier-sur-le-podium-de-lindividuel-1.png","datePublished":"2023-03-06T08:34:27+00:00","dateModified":"2023-03-06T14:23:10+00:00","description":"CHAMPIONNATS DU MONDE JEUNES ET JUNIORS DE BIATHLON \u2013 Jeanne Richard a pris la deuxi\u00e8me place de l'individuel, juste devant L\u00e9onie Jannier.\u00a0","breadcrumb":{"@id":"https:\/\/dicodusport.fr\/blog\/mondiaux-juniors-biathlon-jeanne-richard-et-leonie-jannier-sur-le-podium-de-lindividuel\/#breadcrumb"},"inLanguage":"fr-FR","potentialAction":[{"@type":"ReadAction","target":["https:\/\/dicodusport.fr\/blog\/mondiaux-juniors-biathlon-jeanne-richard-et-leonie-jannier-sur-le-podium-de-lindividuel\/"]}]},{"@type":"ImageObject","inLanguage":"fr-FR","@id":"https:\/\/dicodusport.fr\/blog\/mondiaux-juniors-biathlon-jeanne-richard-et-leonie-jannier-sur-le-podium-de-lindividuel\/#primaryimage","url":"https:\/\/dicodusport.fr\/blog\/wp-content\/uploads\/2023\/03\/Mondiaux-juniors-biathlon-Jeanne-Richard-et-Leonie-Jannier-sur-le-podium-de-lindividuel-1.png","contentUrl":"https:\/\/dicodusport.fr\/blog\/wp-content\/uploads\/2023\/03\/Mondiaux-juniors-biathlon-Jeanne-Richard-et-Leonie-Jannier-sur-le-podium-de-lindividuel-1.png","width":800,"height":445,"caption":"Mondiaux juniors biathlon Jeanne Richard et L\u00e9onie Jannier sur le podium de l'individuel (1)"},{"@type":"BreadcrumbList","@id":"https:\/\/dicodusport.fr\/blog\/mondiaux-juniors-biathlon-jeanne-richard-et-leonie-jannier-sur-le-podium-de-lindividuel\/#breadcrumb","itemListElement":[{"@type":"ListItem","position":1,"name":"Accueil","item":"https:\/\/dicodusport.fr\/blog\/"},{"@type":"ListItem","position":2,"name":"Mondiaux juniors biathlon : Jeanne Richard et L\u00e9onie Jannier sur le podium de l&rsquo;individuel"}]},{"@type":"WebSite","@id":"https:\/\/dicodusport.fr\/blog\/#website","url":"https:\/\/dicodusport.fr\/blog\/","name":"Dicodusport","description":"L&#039;encyclop\u00e9die de l&#039;actualit\u00e9 sportive","publisher":{"@id":"https:\/\/dicodusport.fr\/blog\/#organization"},"potentialAction":[{"@type":"SearchAction","target":{"@type":"EntryPoint","urlTemplate":"https:\/\/dicodusport.fr\/blog\/?s={search_term_string}"},"query-input":{"@type":"PropertyValueSpecification","valueRequired":true,"valueName":"search_term_string"}}],"inLanguage":"fr-FR"},{"@type":"NewsMediaOrganization","@id":"https:\/\/dicodusport.fr\/blog\/#organization","name":"Dicodusport","url":"https:\/\/dicodusport.fr\/blog\/","logo":{"@type":"ImageObject","inLanguage":"fr-FR","@id":"https:\/\/dicodusport.fr\/blog\/#\/schema\/logo\/image\/","url":"https:\/\/dicodusport.fr\/blog\/wp-content\/uploads\/2020\/06\/cropped-LOGO-DICODUSPORT-2020-SANS-FOND-SANS-TEXTE.png","contentUrl":"https:\/\/dicodusport.fr\/blog\/wp-content\/uploads\/2020\/06\/cropped-LOGO-DICODUSPORT-2020-SANS-FOND-SANS-TEXTE.png","width":512,"height":512,"caption":"Dicodusport"},"image":{"@id":"https:\/\/dicodusport.fr\/blog\/#\/schema\/logo\/image\/"},"sameAs":["https:\/\/www.facebook.com\/dicodusport","https:\/\/x.com\/dicodusport","https:\/\/www.instagram.com\/dicodusport\/","https:\/\/www.youtube.com\/channel\/UC7V2KZ5sd3htJivAbA4ZG3w"],"description":"Dicodusport est l'encyclop\u00e9die de l'actualit\u00e9 sportive.","email":"bonjour@dicodusport.fr","legalName":"DICODUSPORT","foundingDate":"2018-01-14","vatID":"FR71834470973","taxID":"83447097300043","numberOfEmployees":{"@type":"QuantitativeValue","minValue":"1","maxValue":"10"}},{"@type":"Person","@id":"https:\/\/dicodusport.fr\/blog\/#\/schema\/person\/627966a6cde45dbd8c5e36ac85d783da","name":"S\u00e9bastien Gente","image":{"@type":"ImageObject","inLanguage":"fr-FR","@id":"https:\/\/dicodusport.fr\/blog\/#\/schema\/person\/image\/","url":"https:\/\/dicodusport.fr\/blog\/wp-content\/uploads\/2021\/09\/1510990_10205810251400683_4124423575079401707_n-150x150.jpg","contentUrl":"https:\/\/dicodusport.fr\/blog\/wp-content\/uploads\/2021\/09\/1510990_10205810251400683_4124423575079401707_n-150x150.jpg","caption":"S\u00e9bastien Gente"},"description":"John Stockton, Gianni Bugno, Zinedine Zidane, Steffi Graf, Frode Andresen, St\u00e9phane Stoecklin, Davis Kamoga, Primoz Peterka, Werner Schlager et Aur\u00e9lien Rougerie. Point commun entre ces sportifs? Ils m'ont fait r\u00eaver et ont berc\u00e9 mon adolescence. Je suis un fondu de sports et j'essaie de retranscrire ma passion \u00e0 travers mes articles. Originaire du P\u00e9rigord, ma passion pour les Girondins, les Jaunards et les Jazzmen transpire dans mes \u00e9crits. \u00c0 Dicodusport depuis 2021, je d\u00e9niche les sports m\u00e9connus dans lesquels la France brille, et il y en a !","sameAs":["https:\/\/www.facebook.com\/sebastien.gente\/","https:\/\/www.instagram.com\/sebgente\/","https:\/\/www.linkedin.com\/in\/sbastien-gente-a29583169\/","https:\/\/x.com\/https:\/\/twitter.com\/globulo24","SebastienGente"],"worksFor":"S\u00e9bastien GENTE","url":"https:\/\/dicodusport.fr\/blog\/author\/sebastiengente\/"}]}},"_links":{"self":[{"href":"https:\/\/dicodusport.fr\/blog\/wp-json\/wp\/v2\/posts\/362676","targetHints":{"allow":["GET"]}}],"collection":[{"href":"https:\/\/dicodusport.fr\/blog\/wp-json\/wp\/v2\/posts"}],"about":[{"href":"https:\/\/dicodusport.fr\/blog\/wp-json\/wp\/v2\/types\/post"}],"author":[{"embeddable":true,"href":"https:\/\/dicodusport.fr\/blog\/wp-json\/wp\/v2\/users\/59"}],"replies":[{"embeddable":true,"href":"https:\/\/dicodusport.fr\/blog\/wp-json\/wp\/v2\/comments?post=362676"}],"version-history":[{"count":0,"href":"https:\/\/dicodusport.fr\/blog\/wp-json\/wp\/v2\/posts\/362676\/revisions"}],"wp:featuredmedia":[{"embeddable":true,"href":"https:\/\/dicodusport.fr\/blog\/wp-json\/wp\/v2\/media\/362810"}],"wp:attachment":[{"href":"https:\/\/dicodusport.fr\/blog\/wp-json\/wp\/v2\/media?parent=362676"}],"wp:term":[{"taxonomy":"category","embeddable":true,"href":"https:\/\/dicodusport.fr\/blog\/wp-json\/wp\/v2\/categories?post=362676"},{"taxonomy":"post_tag","embeddable":true,"href":"https:\/\/dicodusport.fr\/blog\/wp-json\/wp\/v2\/tags?post=362676"}],"curies":[{"name":"wp","href":"https:\/\/api.w.org\/{rel}","templated":true}]}}