{"id":362825,"date":"2023-03-12T12:53:14","date_gmt":"2023-03-12T11:53:14","guid":{"rendered":"https:\/\/dicodusport.fr\/blog\/?p=362825&#038;preview=true&#038;preview_id=362825"},"modified":"2023-03-12T21:05:39","modified_gmt":"2023-03-12T20:05:39","slug":"athletisme-programme-et-resultats-coupe-deurope-des-lancers-2023","status":"publish","type":"post","link":"https:\/\/dicodusport.fr\/blog\/athletisme-programme-et-resultats-coupe-deurope-des-lancers-2023\/","title":{"rendered":"Athl\u00e9tisme : Programme et r\u00e9sultats Coupe d&rsquo;Europe des lancers 2023"},"content":{"rendered":"<p style=\"text-align: justify;\"><strong><em>ATHL\u00c9TISME &#8211; L&rsquo;\u00e9dition 2023 de la Coupe d&rsquo;Europe des lancers se d\u00e9roule ce week-end du 11 et 12 mars \u00e0 Leiria (Portugal). Voici le programme et les r\u00e9sultats de la comp\u00e9tition.<\/em><\/strong><\/p>\n<p style=\"text-align: justify;\">La comp\u00e9tition est \u00e0 suivre sur <a href=\"https:\/\/www.youtube.com\/@EuropeanAthletics\/streams\" target=\"_blank\" rel=\"noopener\"><b>la cha\u00eene YouTube d&rsquo;European Athletics<\/b><\/a>.<\/p>\n<hr \/>\n<ul>\n<li><a title=\"Athl\u00e9tisme \u2013 Coupe d\u2019Europe des lancers 2023 : la s\u00e9lection fran\u00e7aise\" href=\"https:\/\/dicodusport.fr\/blog\/athletisme-coupe-deurope-des-lancers-2023-la-selection-francaise\/\" target=\"_blank\" rel=\"noopener\"><strong>La s\u00e9lection fran\u00e7aise<\/strong><\/a><\/li>\n<\/ul>\n<hr \/>\n<h2 style=\"text-align: justify;\">Le programme complet<\/h2>\n<p style=\"text-align: justify;\"><div class=\"su-tabs su-tabs-style-default su-tabs-mobile-stack\" data-active=\"2\" data-scroll-offset=\"0\" data-anchor-in-url=\"no\"><div class=\"su-tabs-nav\"><span class=\"\" data-url=\"\" data-target=\"blank\" tabindex=\"0\" role=\"button\">Samedi 11 mars<\/span><span class=\"\" data-url=\"\" data-target=\"blank\" tabindex=\"0\" role=\"button\">Dimanche 12 mars<\/span><\/div><div class=\"su-tabs-panes\"><div class=\"su-tabs-pane su-u-clearfix su-u-trim\" data-title=\"Samedi 11 mars\">\n<p style=\"text-align: justify;\"><span style=\"color: #008000;\"><span style=\"color: #000080;\"><strong>10h30 : <\/strong><a style=\"color: #000080;\" href=\"https:\/\/leiria23results.european-athletics.com\/resLEI2023\/pdf\/LEI2023\/ATH\/LEI2023_ATH_C73S_ATHMHAMMER--SENIOR----FNL---------.pdf\" target=\"_blank\" rel=\"noopener\">Lancer du marteau seniors H groupe B<\/a><\/span><strong><br \/>\n<\/strong><\/span><\/p>\n<p style=\"text-align: justify;\"><span style=\"color: #008000;\"><strong>13<\/strong><\/span><span style=\"color: #008000;\"><strong>h : <\/strong><span style=\"color: #008000;\"><a style=\"color: #008000;\" href=\"https:\/\/leiria23results.european-athletics.com\/resLEI2023\/pdf\/LEI2023\/ATH\/LEI2023_ATH_C73S_ATHWSHOTPUT-U23-------FNL---------.pdf\" target=\"_blank\" rel=\"noopener\">Lancer du poids espoirs F<\/a><\/span><\/span><\/p>\n<p><span style=\"color: #008000;\"><span style=\"color: #000080;\"><strong>13h15 <span style=\"color: #000080;\">: <\/span><\/strong><a style=\"color: #000080;\" href=\"https:\/\/leiria23results.european-athletics.com\/resLEI2023\/pdf\/LEI2023\/ATH\/LEI2023_ATH_C73S_ATHMHAMMER--SENIOR----FNL---------.pdf\" target=\"_blank\" rel=\"noopener\">Lancer du marteau seniors H groupe A<\/a><\/span><\/span><\/p>\n<p>&nbsp;<\/p>\n<p style=\"text-align: justify;\"><strong><span style=\"color: #000080;\">16h15 :<\/span><\/strong> <span style=\"color: #000080;\"><a style=\"color: #000080;\" href=\"https:\/\/leiria23results.european-athletics.com\/resLEI2023\/pdf\/LEI2023\/ATH\/LEI2023_ATH_C73S_ATHMDISCUS--SENIOR----FNL---------.pdf\" target=\"_blank\" rel=\"noopener\">Lancer du disque seniors H groupe A<\/a><\/span><\/p>\n<p style=\"text-align: justify;\"><span style=\"color: #008000;\"><strong>16h55 :<\/strong> <span style=\"color: #99cc00;\"><a style=\"color: #99cc00;\" href=\"https:\/\/leiria23results.european-athletics.com\/resLEI2023\/pdf\/LEI2023\/ATH\/LEI2023_ATH_C73S_ATHMDISCUS--U23-------FNL---------.pdf\" target=\"_blank\" rel=\"noopener\"><span style=\"color: #339966;\"><span style=\"color: #008000;\">Lancer du disque espoirs H<\/span><\/span><\/a><\/span><\/span><\/p>\n<p><span style=\"color: #000080;\"><strong>17h30 :<\/strong> <a style=\"color: #000080;\" href=\"https:\/\/leiria23results.european-athletics.com\/resLEI2023\/pdf\/LEI2023\/ATH\/LEI2023_ATH_C73S_ATHWSHOTPUT-SENIOR----FNL---------.pdf\" target=\"_blank\" rel=\"noopener\">Lancer du poids seniors F groupe A<\/a><\/span><\/p>\n<p><span style=\"color: #000080;\"><strong>17h30 :<\/strong> <a href=\"https:\/\/leiria23results.european-athletics.com\/resLEI2023\/pdf\/LEI2023\/ATH\/LEI2023_ATH_C73S_ATHWSHOTPUT-SENIOR----FNL---------.pdf\" target=\"_blank\" rel=\"noopener\"><span style=\"color: #000080;\">Lancer du poids seniors F groupe B<\/span><\/a><\/span><\/p>\n<p><span style=\"color: #000080;\"><strong>18h30 :<\/strong> <a style=\"color: #000080;\" href=\"https:\/\/leiria23results.european-athletics.com\/resLEI2023\/pdf\/LEI2023\/ATH\/LEI2023_ATH_C73S_ATHMDISCUS--SENIOR----FNL---------.pdf\">Lancer du disque seniors H groupe B<\/a><\/span><\/p>\n<p><span style=\"color: #000080;\"><strong>18h55 :<\/strong> <\/span><a href=\"https:\/\/leiria23results.european-athletics.com\/resLEI2023\/pdf\/LEI2023\/ATH\/LEI2023_ATH_C73S_ATHWJAVELIN-SENIOR----FNL---------.pdf\"><span style=\"color: #000080;\">Lancer du javelot seniors F groupe B<\/span><\/a><\/p>\n<p><span style=\"color: #000080;\"><strong>20h30 :<\/strong> <a style=\"color: #000080;\" href=\"https:\/\/leiria23results.european-athletics.com\/resLEI2023\/pdf\/LEI2023\/ATH\/LEI2023_ATH_C73S_ATHWJAVELIN-SENIOR----FNL---------.pdf\" target=\"_blank\" rel=\"noopener\">Lancer du javelot seniors F groupe A<\/a><\/span><\/p>\n<p><span style=\"color: #008000;\"><strong>20h45 :<\/strong> <a style=\"color: #008000;\" href=\"https:\/\/leiria23results.european-athletics.com\/resLEI2023\/pdf\/LEI2023\/ATH\/LEI2023_ATH_C73S_ATHMHAMMER--U23-------FNL---------.pdf\">Lancer du marteau espoirs H<\/a><\/span><\/p>\n<p style=\"text-align: justify;\"><span style=\"color: #008000;\"><strong>22h05 :<\/strong> <a href=\"https:\/\/leiria23results.european-athletics.com\/resLEI2023\/pdf\/LEI2023\/ATH\/LEI2023_ATH_C73S_ATHWJAVELIN-U23-------FNL---------.pdf\"><span style=\"color: #008000;\">Lancer du javelot espoirs F<\/span><\/a><\/span><\/p>\n<p>&nbsp;<\/p>\n<ul>\n<li><a title=\"Coupe d\u2019Europe des lancers 2023 : Yann Chaussinand en bronze au lancer du marteau\" href=\"https:\/\/dicodusport.fr\/blog\/coupe-deurope-des-lancers-2023-yann-chaussinand-en-bronze-au-lancer-du-marteau\/\" target=\"_blank\" rel=\"noopener\"><strong>Yann Chaussinand en bronze au lancer du marteau<\/strong><\/a><\/li>\n<\/ul>\n<\/div>\n<div class=\"su-tabs-pane su-u-clearfix su-u-trim\" data-title=\"Dimanche 12 mars\">\n<p><span style=\"color: #000080;\"><strong>11h15 :<\/strong> <a href=\"https:\/\/leiria23results.european-athletics.com\/resLEI2023\/pdf\/LEI2023\/ATH\/LEI2023_ATH_C73S_ATHWHAMMER--SENIOR----FNL---------.pdf\"><span style=\"color: #000080;\">Lancer du marteau seniors F groupe B<\/span><\/a><\/span><\/p>\n<p><span style=\"color: #008000;\"><strong>11h20 :<\/strong> <a href=\"https:\/\/leiria23results.european-athletics.com\/resLEI2023\/pdf\/LEI2023\/ATH\/LEI2023_ATH_C73S_ATHMJAVELIN-U23-------FNL---------.pdf\"><span style=\"color: #008000;\">Lancer du javelot espoirs H<\/span><\/a><\/span><\/p>\n<p><span style=\"color: #008000;\"><strong>13h :<\/strong> <a style=\"color: #008000;\" href=\"https:\/\/leiria23results.european-athletics.com\/resLEI2023\/pdf\/LEI2023\/ATH\/LEI2023_ATH_C73S_ATHMSHOTPUT-U23-------FNL---------.pdf\">Lancer du poids espoirs H groupe A<\/a><\/span><\/p>\n<p><span style=\"color: #008000;\"><strong>13h :<\/strong> <a href=\"https:\/\/leiria23results.european-athletics.com\/resLEI2023\/pdf\/LEI2023\/ATH\/LEI2023_ATH_C73S_ATHMSHOTPUT-U23-------FNL---------.pdf\"><span style=\"color: #008000;\">Lancer du poids espoirs H groupe B<\/span><\/a><\/span><\/p>\n<p><span style=\"color: #000080;\"><strong>13h40 :<\/strong> <a style=\"color: #000080;\" href=\"https:\/\/leiria23results.european-athletics.com\/resLEI2023\/pdf\/LEI2023\/ATH\/LEI2023_ATH_C73S_ATHMJAVELIN-SENIOR----FNL---------.pdf\">Lancer du javelot seniors H<\/a><\/span><\/p>\n<p><span style=\"color: #000080;\"><strong>13h45 :<\/strong> <a style=\"color: #000080;\" href=\"https:\/\/leiria23results.european-athletics.com\/resLEI2023\/pdf\/LEI2023\/ATH\/LEI2023_ATH_C73S_ATHWHAMMER--SENIOR----FNL---------.pdf\">Lancer du marteau seniors F groupe A<\/a><\/span><\/p>\n<p><span style=\"color: #000080;\"><strong>16h15 :<\/strong> <a style=\"color: #000080;\" href=\"https:\/\/leiria23results.european-athletics.com\/resLEI2023\/pdf\/LEI2023\/ATH\/LEI2023_ATH_C73S_ATHWDISCUS--SENIOR----FNL---------.pdf\">Lancer du disque seniors F groupe A<\/a><\/span><\/p>\n<p><span style=\"color: #000080;\"><strong>16h20 :<\/strong> <a href=\"https:\/\/leiria23results.european-athletics.com\/resLEI2023\/pdf\/LEI2023\/ATH\/LEI2023_ATH_C73S_ATHWDISCUS--SENIOR----FNL---------.pdf\"><span style=\"color: #000080;\">Lancer du disque seniors F groupe B<\/span><\/a><\/span><\/p>\n<p><span style=\"color: #000080;\"><strong>17h30 :<\/strong><span style=\"color: #003366;\"> <a style=\"color: #003366;\" href=\"https:\/\/leiria23results.european-athletics.com\/resLEI2023\/pdf\/LEI2023\/ATH\/LEI2023_ATH_C73S_ATHMSHOTPUT-SENIOR----FNL---------.pdf\">Lancer du poids seniors H groupe A<\/a><\/span><\/span><\/p>\n<p><span style=\"color: #000080;\"><span style=\"color: #003366;\"><strong>17h30 :<\/strong> <\/span><a href=\"https:\/\/leiria23results.european-athletics.com\/resLEI2023\/pdf\/LEI2023\/ATH\/LEI2023_ATH_C73S_ATHMSHOTPUT-SENIOR----FNL---------.pdf\"><span style=\"color: #003366;\">Lancer du poids seniors H groupe B<\/span><\/a><\/span><\/p>\n<p><span style=\"color: #008000;\"><strong>18h15 :<\/strong> <a style=\"color: #008000;\" href=\"https:\/\/leiria23results.european-athletics.com\/resLEI2023\/pdf\/LEI2023\/ATH\/LEI2023_ATH_C73S_ATHWDISCUS--U23-------FNL---------.pdf\"><span style=\"color: #008000;\">Lancer du disque espoirs F<\/span><\/a><\/span><\/p>\n<p><span style=\"color: #008000;\"><strong>18h20 :<\/strong> <a href=\"https:\/\/leiria23results.european-athletics.com\/resLEI2023\/pdf\/LEI2023\/ATH\/LEI2023_ATH_C73S_ATHWHAMMER--U23-------FNL---------.pdf\"><span style=\"color: #008000;\">Lancer du marteau espoirs F<\/span><\/a><\/span><\/p>\n<p>&nbsp;<\/p>\n<ul>\n<li><a title=\"Coupe d\u2019Europe des lancers 2023 : Lenny Brisseault remporte la m\u00e9daille d\u2019argent au lancer du javelot espoirs\" href=\"https:\/\/dicodusport.fr\/blog\/coupe-deurope-des-lancers-2023-lenny-brisseault-remporte-la-medaille-dargent-au-lancer-du-javelot-espoirs\/\" target=\"_blank\" rel=\"noopener\"><strong>Lenny Brisseault en argent au lancer du javelot espoirs<\/strong><\/a><\/li>\n<li><a title=\"Coupe d\u2019Europe des lancers 2023 : M\u00e9lina Robert-Michon en bronze au lancer du disque\" href=\"https:\/\/dicodusport.fr\/blog\/coupe-deurope-des-lancers-2023-melina-robert-michon-en-bronze-au-lancer-du-disque\/\" target=\"_blank\" rel=\"noopener\"><strong>M\u00e9daille de bronze pour M\u00e9lina Robert-Michon au lancer du disque<\/strong><\/a><\/li>\n<li><a title=\"Coupe d\u2019Europe des lancers 2023 : Marie-Jos\u00e9e Bovele-Linaka en bronze au lancer du disque espoirs\" href=\"https:\/\/dicodusport.fr\/blog\/coupe-deurope-des-lancers-2023-marie-josee-bovele-linaka-en-bronze-au-lancer-du-disque-espoirs\/\" target=\"_blank\" rel=\"noopener\"><strong>Marie-Jos\u00e9e Bovele-Linaka en bronze au lancer du disque espoirs<\/strong><\/a><\/li>\n<\/ul>\n<p style=\"text-align: justify;\"><\/div><\/div><\/div>\n<p>&nbsp;<\/p>\n<h2>Les podiums<\/h2>\n<div class=\"su-spoiler su-spoiler-style-fancy su-spoiler-icon-chevron su-spoiler-closed\" data-scroll-offset=\"0\" data-anchor-in-url=\"no\"><div class=\"su-spoiler-title\" tabindex=\"0\" role=\"button\"><span class=\"su-spoiler-icon\"><\/span>Seniors<\/div><div class=\"su-spoiler-content su-u-clearfix su-u-trim\">\n<h3 style=\"text-align: justify;\">Femmes<\/h3>\n<div class=\"su-table su-table-alternate\">\n<table style=\"width: 800px;border-collapse: collapse\">\n<tbody>\n<tr>\n<td style=\"text-align: center;width: 200px;vertical-align: middle\"><strong>\u00c9preuves<\/strong><\/td>\n<td style=\"background-color: #fff242;text-align: center;width: 200px;vertical-align: middle\"><strong>\ud83e\udd47 Or<\/strong><\/td>\n<td style=\"background-color: #a8a8a8;text-align: center;width: 200px;vertical-align: middle\"><strong>\ud83e\udd48 Argent<\/strong><\/td>\n<td style=\"background-color: #c97159;text-align: center;width: 200px;vertical-align: middle\"><strong>\ud83e\udd49 Bronze<\/strong><\/td>\n<\/tr>\n<tr>\n<td style=\"text-align: center;width: 200px;vertical-align: middle\"><strong>Lancer du javelot<br \/>\n<\/strong><\/td>\n<td style=\"text-align: center;width: 200px;vertical-align: middle\">\ud83c\uddec\ud83c\uddf7 <strong>Elina Tzengko<br \/>\n63.65 m EU23L<\/strong><\/td>\n<td style=\"text-align: center;width: 200px;vertical-align: middle\">\ud83c\uddf7\ud83c\uddf8 Marija Vucenovic<br \/>\n60.56 m <strong>SB<\/strong><\/td>\n<td style=\"text-align: center;width: 200px;vertical-align: middle\">\ud83c\uddf7\ud83c\uddf8 Adriana Vilagos<br \/>\n59.83 m <strong>WU20L<\/strong><\/td>\n<\/tr>\n<tr>\n<td style=\"text-align: center;width: 200px;vertical-align: middle\"><strong>Lancer du disque<br \/>\n<\/strong><\/td>\n<td style=\"text-align: center;width: 200px;vertical-align: middle\">\ud83c\udde9\ud83c\uddea <strong>Shanice Craft<br \/>\n64.88 m WL<\/strong><\/td>\n<td style=\"text-align: center;width: 200px;vertical-align: middle\">\ud83c\uddf5\ud83c\uddf9 Liliana Ca<br \/>\n64.32 m <strong>SB<\/strong><\/td>\n<td style=\"text-align: center;width: 200px;vertical-align: middle\">\ud83c\uddeb\ud83c\uddf7 M\u00e9lina Robert-Michon<br \/>\n61.70 m<\/td>\n<\/tr>\n<tr>\n<td style=\"text-align: center;width: 200px;vertical-align: middle\"><strong>Lancer du marteau<br \/>\n<\/strong><\/td>\n<td style=\"text-align: center;width: 200px;vertical-align: middle\">\ud83c\uddee\ud83c\uddf9 <strong>Sara Fantini<br \/>\n73.26 m WL<\/strong><\/td>\n<td style=\"text-align: center;width: 200px;vertical-align: middle\">\ud83c\uddf7\ud83c\uddf4 Bianca Florentina Ghelber<br \/>\n71.52 m<\/td>\n<td style=\"text-align: center;width: 200px;vertical-align: middle\">\ud83c\udde9\ud83c\uddf0 Katrine Koch Jacobsen<br \/>\n71.08 m <strong>SB<\/strong><\/td>\n<\/tr>\n<tr>\n<td style=\"text-align: center;width: 200px;vertical-align: middle\"><strong>Lancer du poids<\/strong><\/td>\n<td style=\"width: 200px;text-align: center\">\ud83c\uddf5\ud83c\uddf9\u00a0<strong>Jessica Inchude<br \/>\n18.14 m EL<\/strong><\/td>\n<td style=\"width: 200px;text-align: center\">\ud83c\udde9\ud83c\uddea Yemisi Ogunleye<br \/>\n18.09 m <strong>SB<\/strong><\/td>\n<td style=\"width: 200px;text-align: center\">\ud83c\uddf8\ud83c\uddea Sara Lennman<br \/>\n17.95 m<\/td>\n<\/tr>\n<\/tbody>\n<\/table>\n<\/div>\n<p><span style=\"font-size: 14px;\"><em>WL : Meilleure performance mondiale de la saison<br \/>\nWU20L : Meilleure performance mondiale junior de la saison<br \/>\nEL : Meilleure performance europ\u00e9enne de la saison<br \/>\nEU23L : Meilleure performance europ\u00e9enne espoir de la saison<br \/>\nSB : Meilleure performance personnelle de la saison<br \/>\n<\/em><\/span><\/p>\n<p>&nbsp;<\/p>\n<h3 style=\"text-align: justify;\">Hommes<\/h3>\n<div class=\"su-table su-table-alternate\">\n<table style=\"width: 800px;border-collapse: collapse\">\n<tbody>\n<tr>\n<td style=\"text-align: center;width: 200px;vertical-align: middle\"><strong>\u00c9preuves<\/strong><\/td>\n<td style=\"background-color: #fff242;text-align: center;width: 200px;vertical-align: middle\"><strong>\ud83e\udd47 Or<\/strong><\/td>\n<td style=\"background-color: #a8a8a8;text-align: center;width: 200px;vertical-align: middle\"><strong>\ud83e\udd48 Argent<\/strong><\/td>\n<td style=\"background-color: #c97159;text-align: center;width: 200px;vertical-align: middle\"><strong>\ud83e\udd49 Bronze<\/strong><\/td>\n<\/tr>\n<tr>\n<td style=\"width: 200px;text-align: center\"><strong>Lancer du javelot<br \/>\n<\/strong><\/td>\n<td style=\"width: 200px;text-align: center\">\ud83c\uddf5\ud83c\uddf9 <strong>Leandro Ramos<br \/>\n78.57 m SB<\/strong><\/td>\n<td style=\"width: 200px;text-align: center\">\ud83c\uddee\ud83c\uddf8 Dagbjartur Dadi Jonsson<br \/>\n78.56 m <strong>SB<\/strong><\/td>\n<td style=\"width: 200px;text-align: center\">\ud83c\uddea\ud83c\uddf8 Manu Quijera<br \/>\n78.42 m <strong>SB<\/strong><\/td>\n<\/tr>\n<tr>\n<td style=\"width: 200px;text-align: center\"><strong>Lancer du disque<br \/>\n<\/strong><\/td>\n<td style=\"text-align: center;width: 200px;vertical-align: middle\">\ud83c\uddf8\ud83c\uddee <strong>Kristjan Ceh<\/strong><br \/>\n<strong>68.30 m<\/strong> <strong>WL<\/strong><\/td>\n<td style=\"text-align: center;width: 200px;vertical-align: middle\">\ud83c\uddf7\ud83c\uddf4 Alin Alexandru Firfirica<br \/>\n63.78 m <strong>SB<\/strong><\/td>\n<td style=\"text-align: center;width: 200px;vertical-align: middle\">\ud83c\udded\ud83c\uddf7 Martin Markovic<br \/>\n62.20 m <strong>SB<\/strong><\/td>\n<\/tr>\n<tr>\n<td style=\"width: 200px;text-align: center\"><strong>Lancer du marteau<br \/>\n<\/strong><\/td>\n<td style=\"text-align: center;width: 200px;vertical-align: middle\">\ud83c\udded\ud83c\uddfa\u00a0<strong>Bence Halasz<br \/>\n74.65 m SB<\/strong><\/td>\n<td style=\"text-align: center;width: 200px;vertical-align: middle\">\ud83c\uddf3\ud83c\uddf4 Thomas Mardal<br \/>\n73.94 m <strong>SB<\/strong><\/td>\n<td style=\"text-align: center;width: 200px;vertical-align: middle\">\ud83c\uddeb\ud83c\uddf7 Yann Chaussinand<br \/>\n73.25 m<\/td>\n<\/tr>\n<tr>\n<td style=\"text-align: center;width: 200px;vertical-align: middle\"><strong>Lancer du poids<\/strong><\/td>\n<td style=\"text-align: center;width: 200px;vertical-align: middle\">\ud83c\uddfa\ud83c\udde6 <strong>Roman Kokoshko<br \/>\n21.52 m EL<\/strong><\/td>\n<td style=\"text-align: center;width: 200px;vertical-align: middle\">\ud83c\uddf1\ud83c\uddfa Bob Bertemes<br \/>\n21.21 m<\/td>\n<td style=\"text-align: center;width: 200px;vertical-align: middle\">\ud83c\uddee\ud83c\uddf9 Zane Weir<br \/>\n20.98 m<\/td>\n<\/tr>\n<\/tbody>\n<\/table>\n<\/div>\n<p><span style=\"font-size: 14px;\"><em>WL : Meilleure performance mondiale de la saison<br \/>\nEL : Meilleure performance europ\u00e9enne de la saison<br \/>\nSB : Meilleure performance personnelle de la saison<br \/>\n<\/em><\/span><\/p>\n<\/div><\/div>\n<p>&nbsp;<\/p>\n<div class=\"su-spoiler su-spoiler-style-fancy su-spoiler-icon-chevron su-spoiler-closed\" data-scroll-offset=\"0\" data-anchor-in-url=\"no\"><div class=\"su-spoiler-title\" tabindex=\"0\" role=\"button\"><span class=\"su-spoiler-icon\"><\/span>Espoirs<\/div><div class=\"su-spoiler-content su-u-clearfix su-u-trim\">\n<h3 style=\"text-align: justify;\">Femmes<\/h3>\n<div class=\"su-table su-table-alternate\">\n<table style=\"width: 800px;border-collapse: collapse\">\n<tbody>\n<tr>\n<td style=\"text-align: center;width: 200px;vertical-align: middle\"><strong>\u00c9preuves<\/strong><\/td>\n<td style=\"background-color: #fff242;text-align: center;width: 200px;vertical-align: middle\"><strong>\ud83e\udd47 Or<\/strong><\/td>\n<td style=\"background-color: #a8a8a8;text-align: center;width: 200px;vertical-align: middle\"><strong>\ud83e\udd48 Argent<\/strong><\/td>\n<td style=\"background-color: #c97159;text-align: center;width: 200px;vertical-align: middle\"><strong>\ud83e\udd49 Bronze<\/strong><\/td>\n<\/tr>\n<tr>\n<td style=\"width: 200px;text-align: center\"><strong>Lancer du javelot<br \/>\n<\/strong><\/td>\n<td style=\"text-align: center;width: 200px;vertical-align: middle\">\ud83c\udded\ud83c\uddf7\u00a0<strong>Veronika Sokota<br \/>\n56.82 m WU20L<\/strong><\/td>\n<td style=\"text-align: center;width: 200px;vertical-align: middle\">\ud83c\udde8\ud83c\uddff Petra Sicakova<br \/>\n55.23 m <strong>SB<\/strong><\/td>\n<td style=\"text-align: center;width: 200px;vertical-align: middle\">\ud83c\uddf9\ud83c\uddf7 Esra T\u00fcrkmane<br \/>\n54.69 m <strong>SB<\/strong><\/td>\n<\/tr>\n<tr>\n<td style=\"width: 200px;text-align: center\"><strong>Lancer du disque<br \/>\n<\/strong><\/td>\n<td style=\"text-align: center;width: 200px;vertical-align: middle\">\ud83c\uddf3\ud83c\uddf4 <strong>Lotta Flatum<br \/>\n56.54 EU23L<\/strong><\/td>\n<td style=\"text-align: center;width: 200px;vertical-align: middle\">\ud83c\uddee\ud83c\uddf9 Emily Conte<br \/>\n56.18 m <strong>PB<\/strong><\/td>\n<td style=\"text-align: center;width: 200px;vertical-align: middle\">\ud83c\uddeb\ud83c\uddf7 Marie-Jos\u00e9e Bovele-Linaka<br \/>\n53.42 m <strong>EU20L<\/strong><\/td>\n<\/tr>\n<tr>\n<td style=\"width: 200px;text-align: center\"><strong>Lancer du marteau<br \/>\n<\/strong><\/td>\n<td style=\"text-align: center;width: 200px;vertical-align: middle\">\ud83c\uddfa\ud83c\udde6 <strong>Valeriya Ivanenko-Kyrylina<br \/>\n65.51 m SB<\/strong><\/td>\n<td style=\"text-align: center;width: 200px;vertical-align: middle\">\ud83c\uddee\ud83c\uddea Nicola Tuthill<br \/>\n64.44 m <strong>NU23R<\/strong><\/td>\n<td style=\"text-align: center;width: 200px;vertical-align: middle\">\ud83c\uddee\ud83c\uddf9 Rachele Mori<br \/>\n62.79 m<\/td>\n<\/tr>\n<tr>\n<td style=\"text-align: center;width: 200px;vertical-align: middle\"><strong>Lancer du poids<\/strong><\/td>\n<td style=\"text-align: center;width: 200px;vertical-align: middle\">\ud83c\uddec\ud83c\udde7 <strong>Serena Vincent<br \/>\n19.90 m EL<\/strong><\/td>\n<td style=\"width: 200px;text-align: center\">\ud83c\uddeb\ud83c\uddee Emilia Kangas<br \/>\n16.28 <strong>PB<\/strong><\/td>\n<td style=\"width: 200px;text-align: center\">\ud83c\udde9\ud83c\uddea Nina Ndubuisi<br \/>\n16.18 m <strong>WU20L<\/strong><\/td>\n<\/tr>\n<\/tbody>\n<\/table>\n<\/div>\n<p><span style=\"font-size: 14px;\"><em>WU20L : Meilleure performance junior mondiale de la saison<br \/>\nEL : Meilleure performance europ\u00e9enne de la saison<br \/>\nEU23L : Meilleure performance europ\u00e9enne espoir de la saison<br \/>\nPB : Record personnel<br \/>\nNU23R : Record national espoirs<br \/>\nSB : Meilleure performance personnelle de la saison<br \/>\n<\/em><\/span><\/p>\n<h3 style=\"text-align: justify;\">Hommes<\/h3>\n<div class=\"su-table su-table-alternate\">\n<table style=\"width: 800px;border-collapse: collapse\">\n<tbody>\n<tr>\n<td style=\"text-align: center;width: 200px;vertical-align: middle\"><strong>\u00c9preuves<\/strong><\/td>\n<td style=\"background-color: #fff242;text-align: center;width: 200px;vertical-align: middle\"><strong>\ud83e\udd47 Or<\/strong><\/td>\n<td style=\"background-color: #a8a8a8;text-align: center;width: 200px;vertical-align: middle\"><strong>\ud83e\udd48 Argent<\/strong><\/td>\n<td style=\"background-color: #c97159;text-align: center;width: 200px;vertical-align: middle\"><strong>\ud83e\udd49 Bronze<\/strong><\/td>\n<\/tr>\n<tr>\n<td style=\"width: 200px;text-align: center\"><strong>Lancer du javelot<br \/>\n<\/strong><\/td>\n<td style=\"width: 200px;text-align: center\">\ud83c\uddfa\ud83c\udde6 <strong>Artur Felfner<\/strong><br \/>\n<strong>80.09 m<\/strong><\/td>\n<td style=\"width: 200px;text-align: center\">\ud83c\uddeb\ud83c\uddf7 Lenny Brisseault<br \/>\n72.55 m <strong>SB<\/strong><\/td>\n<td style=\"width: 200px;text-align: center\">\ud83c\udded\ud83c\uddfa Gy\u00f6rgy Herczeg<br \/>\n72.46 m <strong>WU20L<\/strong><\/td>\n<\/tr>\n<tr>\n<td style=\"width: 200px;text-align: center\"><strong>Lancer du disque<br \/>\n<\/strong><\/td>\n<td style=\"text-align: center;width: 200px;vertical-align: middle\">\ud83c\udde9\ud83c\uddea <strong>Steven<br \/>\nRichter<br \/>\n64.23 m PB<\/strong><\/td>\n<td style=\"width: 200px;text-align: center;vertical-align: middle\">\ud83c\uddfa\ud83c\udde6 Mykhailo Brudin<br \/>\n58.60 m <strong>PB<\/strong><\/td>\n<td style=\"width: 200px;text-align: center;vertical-align: middle\">\ud83c\uddee\ud83c\uddf9 Enrico Saccomano<br \/>\n56.27 m <strong>SB<\/strong><\/td>\n<\/tr>\n<tr>\n<td style=\"width: 200px;text-align: center\"><strong>Lancer du marteau<br \/>\n<\/strong><\/td>\n<td style=\"text-align: center;width: 200px;vertical-align: middle\">\ud83c\uddfa\ud83c\udde6 <strong>Mykhailo Kokhan<br \/>\n75.80 m EU23L<br \/>\n<\/strong><\/td>\n<td style=\"text-align: center;width: 200px;vertical-align: middle\">\ud83c\uddf5\ud83c\uddf1 Dawid Pilat<br \/>\n72.42 m <strong>SB<\/strong><\/td>\n<td style=\"text-align: center;width: 200px;vertical-align: middle\">\ud83c\uddf9\ud83c\uddf7 Halil Yilmazer<br \/>\n70.45 m <strong>PB<\/strong><\/td>\n<\/tr>\n<tr>\n<td style=\"text-align: center;width: 200px;vertical-align: middle\"><strong>Lancer du poids<\/strong><\/td>\n<td style=\"text-align: center;width: 200px;vertical-align: middle\">\ud83c\uddfd\ud83c\uddf0\u00a0<strong>Muahmet Ramadani<br \/>\n19.28 m EL<\/strong><\/td>\n<td style=\"width: 200px;text-align: center\">\ud83c\udde9\ud83c\uddea Eric Maih\u00f6fer<br \/>\n19.13 m EU23L<\/td>\n<td style=\"width: 200px;text-align: center\">\ud83c\uddee\ud83c\uddf9 Riccardo Ferrara<br \/>\n19.00 m<\/td>\n<\/tr>\n<\/tbody>\n<\/table>\n<\/div>\n<p><span style=\"font-size: 14px;\"><em>WU20L : Meilleure performance junior mondiale de la saison<br \/>\nEL : Meilleure performance europ\u00e9enne de la saison<br \/>\nEU23L : Meilleure performance europ\u00e9enne espoir de la saison<br \/>\nPB : Record personnel<br \/>\nSB : Meilleure performance personnelle de la saison<\/em><\/span><\/p>\n<\/div><\/div>\n<p>&nbsp;<\/p>\n","protected":false},"excerpt":{"rendered":"<p>ATHL\u00c9TISME &#8211; L&rsquo;\u00e9dition 2023 de la Coupe d&rsquo;Europe des lancers se d\u00e9roule ce week-end du 11 et 12 mars \u00e0 Leiria (Portugal). Voici le programme et les r\u00e9sultats de la comp\u00e9tition.<\/p>\n","protected":false},"author":12,"featured_media":364024,"comment_status":"open","ping_status":"closed","sticky":false,"template":"","format":"standard","meta":{"_acf_changed":false,"_daextam_enable_autolinks":"","footnotes":""},"categories":[2308],"tags":[143,16878,16409],"class_list":["post-362825","post","type-post","status-publish","format-standard","has-post-thumbnail","hentry","category-athletisme","tag-athletisme","tag-breve","tag-coupe-deurope-des-lancers"],"acf":[],"yoast_head":"<!-- This site is optimized with the Yoast SEO Premium plugin v26.7 (Yoast SEO v26.7) - https:\/\/yoast.com\/wordpress\/plugins\/seo\/ -->\n<title>Athl\u00e9tisme : Programme et r\u00e9sultats Coupe d&#039;Europe des lancers 2023 - Dicodusport<\/title>\n<meta name=\"description\" content=\"L&#039;\u00e9dition 2023 de la Coupe d&#039;Europe des lancers se d\u00e9roule du 11 au 12 mars \u00e0 Leiria. Voici le programme et les r\u00e9sultats de la comp\u00e9tition.\" \/>\n<meta name=\"robots\" content=\"index, follow, max-snippet:-1, max-image-preview:large, max-video-preview:-1\" \/>\n<link rel=\"canonical\" href=\"https:\/\/dicodusport.fr\/blog\/athletisme-programme-et-resultats-coupe-deurope-des-lancers-2023\/\" \/>\n<meta property=\"og:locale\" content=\"fr_FR\" \/>\n<meta property=\"og:type\" content=\"article\" \/>\n<meta property=\"og:title\" content=\"Athl\u00e9tisme : Programme et r\u00e9sultats Coupe d&#039;Europe des lancers 2023\" \/>\n<meta property=\"og:description\" content=\"L&#039;\u00e9dition 2023 de la Coupe d&#039;Europe des lancers se d\u00e9roule du 11 au 12 mars \u00e0 Leiria. Voici le programme et les r\u00e9sultats de la comp\u00e9tition.\" \/>\n<meta property=\"og:url\" content=\"https:\/\/dicodusport.fr\/blog\/athletisme-programme-et-resultats-coupe-deurope-des-lancers-2023\/\" \/>\n<meta property=\"og:site_name\" content=\"Dicodusport\" \/>\n<meta property=\"article:publisher\" content=\"https:\/\/www.facebook.com\/dicodusport\" \/>\n<meta property=\"article:published_time\" content=\"2023-03-12T11:53:14+00:00\" \/>\n<meta property=\"article:modified_time\" content=\"2023-03-12T20:05:39+00:00\" \/>\n<meta property=\"og:image\" content=\"https:\/\/dicodusport.fr\/blog\/wp-content\/uploads\/2023\/03\/Athletisme-Programme-et-resultats-Coupe-dEurope-des-lancers-2023.png\" \/>\n\t<meta property=\"og:image:width\" content=\"1200\" \/>\n\t<meta property=\"og:image:height\" content=\"670\" \/>\n\t<meta property=\"og:image:type\" content=\"image\/png\" \/>\n<meta name=\"author\" content=\"Arlette Yeye\" \/>\n<meta name=\"twitter:card\" content=\"summary_large_image\" \/>\n<meta name=\"twitter:title\" content=\"Athl\u00e9tisme : Programme et r\u00e9sultats Coupe d&#039;Europe des lancers 2023\" \/>\n<meta name=\"twitter:creator\" content=\"@https:\/\/twitter.com\/Shiclette94\" \/>\n<meta name=\"twitter:site\" content=\"@dicodusport\" \/>\n<script type=\"application\/ld+json\" class=\"yoast-schema-graph\">{\"@context\":\"https:\/\/schema.org\",\"@graph\":[{\"@type\":\"NewsArticle\",\"@id\":\"https:\/\/dicodusport.fr\/blog\/athletisme-programme-et-resultats-coupe-deurope-des-lancers-2023\/#article\",\"isPartOf\":{\"@id\":\"https:\/\/dicodusport.fr\/blog\/athletisme-programme-et-resultats-coupe-deurope-des-lancers-2023\/\"},\"author\":{\"name\":\"Arlette Yeye\",\"@id\":\"https:\/\/dicodusport.fr\/blog\/#\/schema\/person\/cce96fa88785bd8573e3d43078ac8c79\"},\"headline\":\"Athl\u00e9tisme : Programme et r\u00e9sultats Coupe d&rsquo;Europe des lancers 2023\",\"datePublished\":\"2023-03-12T11:53:14+00:00\",\"dateModified\":\"2023-03-12T20:05:39+00:00\",\"mainEntityOfPage\":{\"@id\":\"https:\/\/dicodusport.fr\/blog\/athletisme-programme-et-resultats-coupe-deurope-des-lancers-2023\/\"},\"wordCount\":773,\"commentCount\":0,\"publisher\":{\"@id\":\"https:\/\/dicodusport.fr\/blog\/#organization\"},\"image\":{\"@id\":\"https:\/\/dicodusport.fr\/blog\/athletisme-programme-et-resultats-coupe-deurope-des-lancers-2023\/#primaryimage\"},\"thumbnailUrl\":\"https:\/\/dicodusport.fr\/blog\/wp-content\/uploads\/2023\/03\/Athletisme-Programme-et-resultats-Coupe-dEurope-des-lancers-2023.png\",\"keywords\":[\"Athl\u00e9tisme\",\"br\u00e8ve\",\"Coupe d'Europe des lancers\"],\"articleSection\":[\"Athl\u00e9tisme\"],\"inLanguage\":\"fr-FR\",\"potentialAction\":[{\"@type\":\"CommentAction\",\"name\":\"Comment\",\"target\":[\"https:\/\/dicodusport.fr\/blog\/athletisme-programme-et-resultats-coupe-deurope-des-lancers-2023\/#respond\"]}],\"copyrightYear\":\"2023\",\"copyrightHolder\":{\"@id\":\"https:\/\/dicodusport.fr\/blog\/#organization\"}},{\"@type\":\"WebPage\",\"@id\":\"https:\/\/dicodusport.fr\/blog\/athletisme-programme-et-resultats-coupe-deurope-des-lancers-2023\/\",\"url\":\"https:\/\/dicodusport.fr\/blog\/athletisme-programme-et-resultats-coupe-deurope-des-lancers-2023\/\",\"name\":\"Athl\u00e9tisme : Programme et r\u00e9sultats Coupe d'Europe des lancers 2023 - Dicodusport\",\"isPartOf\":{\"@id\":\"https:\/\/dicodusport.fr\/blog\/#website\"},\"primaryImageOfPage\":{\"@id\":\"https:\/\/dicodusport.fr\/blog\/athletisme-programme-et-resultats-coupe-deurope-des-lancers-2023\/#primaryimage\"},\"image\":{\"@id\":\"https:\/\/dicodusport.fr\/blog\/athletisme-programme-et-resultats-coupe-deurope-des-lancers-2023\/#primaryimage\"},\"thumbnailUrl\":\"https:\/\/dicodusport.fr\/blog\/wp-content\/uploads\/2023\/03\/Athletisme-Programme-et-resultats-Coupe-dEurope-des-lancers-2023.png\",\"datePublished\":\"2023-03-12T11:53:14+00:00\",\"dateModified\":\"2023-03-12T20:05:39+00:00\",\"description\":\"L'\u00e9dition 2023 de la Coupe d'Europe des lancers se d\u00e9roule du 11 au 12 mars \u00e0 Leiria. Voici le programme et les r\u00e9sultats de la comp\u00e9tition.\",\"breadcrumb\":{\"@id\":\"https:\/\/dicodusport.fr\/blog\/athletisme-programme-et-resultats-coupe-deurope-des-lancers-2023\/#breadcrumb\"},\"inLanguage\":\"fr-FR\",\"potentialAction\":[{\"@type\":\"ReadAction\",\"target\":[\"https:\/\/dicodusport.fr\/blog\/athletisme-programme-et-resultats-coupe-deurope-des-lancers-2023\/\"]}]},{\"@type\":\"ImageObject\",\"inLanguage\":\"fr-FR\",\"@id\":\"https:\/\/dicodusport.fr\/blog\/athletisme-programme-et-resultats-coupe-deurope-des-lancers-2023\/#primaryimage\",\"url\":\"https:\/\/dicodusport.fr\/blog\/wp-content\/uploads\/2023\/03\/Athletisme-Programme-et-resultats-Coupe-dEurope-des-lancers-2023.png\",\"contentUrl\":\"https:\/\/dicodusport.fr\/blog\/wp-content\/uploads\/2023\/03\/Athletisme-Programme-et-resultats-Coupe-dEurope-des-lancers-2023.png\",\"width\":1200,\"height\":670,\"caption\":\"Athl\u00e9tisme Programme et r\u00e9sultats Coupe d'Europe des lancers 2023\"},{\"@type\":\"BreadcrumbList\",\"@id\":\"https:\/\/dicodusport.fr\/blog\/athletisme-programme-et-resultats-coupe-deurope-des-lancers-2023\/#breadcrumb\",\"itemListElement\":[{\"@type\":\"ListItem\",\"position\":1,\"name\":\"Accueil\",\"item\":\"https:\/\/dicodusport.fr\/blog\/\"},{\"@type\":\"ListItem\",\"position\":2,\"name\":\"Athl\u00e9tisme : Programme et r\u00e9sultats Coupe d&rsquo;Europe des lancers 2023\"}]},{\"@type\":\"WebSite\",\"@id\":\"https:\/\/dicodusport.fr\/blog\/#website\",\"url\":\"https:\/\/dicodusport.fr\/blog\/\",\"name\":\"Dicodusport\",\"description\":\"L&#039;encyclop\u00e9die de l&#039;actualit\u00e9 sportive\",\"publisher\":{\"@id\":\"https:\/\/dicodusport.fr\/blog\/#organization\"},\"potentialAction\":[{\"@type\":\"SearchAction\",\"target\":{\"@type\":\"EntryPoint\",\"urlTemplate\":\"https:\/\/dicodusport.fr\/blog\/?s={search_term_string}\"},\"query-input\":{\"@type\":\"PropertyValueSpecification\",\"valueRequired\":true,\"valueName\":\"search_term_string\"}}],\"inLanguage\":\"fr-FR\"},{\"@type\":\"NewsMediaOrganization\",\"@id\":\"https:\/\/dicodusport.fr\/blog\/#organization\",\"name\":\"Dicodusport\",\"url\":\"https:\/\/dicodusport.fr\/blog\/\",\"logo\":{\"@type\":\"ImageObject\",\"inLanguage\":\"fr-FR\",\"@id\":\"https:\/\/dicodusport.fr\/blog\/#\/schema\/logo\/image\/\",\"url\":\"https:\/\/dicodusport.fr\/blog\/wp-content\/uploads\/2020\/06\/cropped-LOGO-DICODUSPORT-2020-SANS-FOND-SANS-TEXTE.png\",\"contentUrl\":\"https:\/\/dicodusport.fr\/blog\/wp-content\/uploads\/2020\/06\/cropped-LOGO-DICODUSPORT-2020-SANS-FOND-SANS-TEXTE.png\",\"width\":512,\"height\":512,\"caption\":\"Dicodusport\"},\"image\":{\"@id\":\"https:\/\/dicodusport.fr\/blog\/#\/schema\/logo\/image\/\"},\"sameAs\":[\"https:\/\/www.facebook.com\/dicodusport\",\"https:\/\/x.com\/dicodusport\",\"https:\/\/www.instagram.com\/dicodusport\/\",\"https:\/\/www.youtube.com\/channel\/UC7V2KZ5sd3htJivAbA4ZG3w\"],\"description\":\"Dicodusport est l'encyclop\u00e9die de l'actualit\u00e9 sportive.\",\"email\":\"bonjour@dicodusport.fr\",\"legalName\":\"DICODUSPORT\",\"foundingDate\":\"2018-01-14\",\"vatID\":\"FR71834470973\",\"taxID\":\"83447097300043\",\"numberOfEmployees\":{\"@type\":\"QuantitativeValue\",\"minValue\":\"1\",\"maxValue\":\"10\"}},{\"@type\":\"Person\",\"@id\":\"https:\/\/dicodusport.fr\/blog\/#\/schema\/person\/cce96fa88785bd8573e3d43078ac8c79\",\"name\":\"Arlette Yeye\",\"image\":{\"@type\":\"ImageObject\",\"inLanguage\":\"fr-FR\",\"@id\":\"https:\/\/dicodusport.fr\/blog\/#\/schema\/person\/image\/\",\"url\":\"https:\/\/secure.gravatar.com\/avatar\/dca4a6239e6d708e46c45d60e160de6c?s=96&d=wp_user_avatar&r=g\",\"contentUrl\":\"https:\/\/secure.gravatar.com\/avatar\/dca4a6239e6d708e46c45d60e160de6c?s=96&d=wp_user_avatar&r=g\",\"caption\":\"Arlette Yeye\"},\"description\":\"Journaliste\/r\u00e9dactrice depuis septembre 2015 - Supportrice de Chelsea, j'ai pour sports de pr\u00e9dilection le handball, l'athl\u00e9tisme et le tennis. Si je tweete plus vite que mon ombre, vous pouvez aussi me retrouver les week-ends sur les playgrounds de Bruxelles pour un petit foot ou basket entre potes. Parcourir la France, l'Europe et plus si affinit\u00e9s pour suivre mes sportifs pr\u00e9f\u00e9r\u00e9s ? Mon kif ! Et c'est avec plaisir que je partage les r\u00e9sultats des sports populaires mais \u00e9galement plus confidentiels pour Dicodusport.\",\"sameAs\":[\"https:\/\/x.com\/https:\/\/twitter.com\/Shiclette94\"],\"url\":\"https:\/\/dicodusport.fr\/blog\/author\/arlette\/\"}]}<\/script>\n<!-- \/ Yoast SEO Premium plugin. -->","yoast_head_json":{"title":"Athl\u00e9tisme : Programme et r\u00e9sultats Coupe d'Europe des lancers 2023 - Dicodusport","description":"L'\u00e9dition 2023 de la Coupe d'Europe des lancers se d\u00e9roule du 11 au 12 mars \u00e0 Leiria. Voici le programme et les r\u00e9sultats de la comp\u00e9tition.","robots":{"index":"index","follow":"follow","max-snippet":"max-snippet:-1","max-image-preview":"max-image-preview:large","max-video-preview":"max-video-preview:-1"},"canonical":"https:\/\/dicodusport.fr\/blog\/athletisme-programme-et-resultats-coupe-deurope-des-lancers-2023\/","og_locale":"fr_FR","og_type":"article","og_title":"Athl\u00e9tisme : Programme et r\u00e9sultats Coupe d'Europe des lancers 2023","og_description":"L'\u00e9dition 2023 de la Coupe d'Europe des lancers se d\u00e9roule du 11 au 12 mars \u00e0 Leiria. Voici le programme et les r\u00e9sultats de la comp\u00e9tition.","og_url":"https:\/\/dicodusport.fr\/blog\/athletisme-programme-et-resultats-coupe-deurope-des-lancers-2023\/","og_site_name":"Dicodusport","article_publisher":"https:\/\/www.facebook.com\/dicodusport","article_published_time":"2023-03-12T11:53:14+00:00","article_modified_time":"2023-03-12T20:05:39+00:00","og_image":[{"width":1200,"height":670,"url":"https:\/\/dicodusport.fr\/blog\/wp-content\/uploads\/2023\/03\/Athletisme-Programme-et-resultats-Coupe-dEurope-des-lancers-2023.png","type":"image\/png"}],"author":"Arlette Yeye","twitter_card":"summary_large_image","twitter_title":"Athl\u00e9tisme : Programme et r\u00e9sultats Coupe d'Europe des lancers 2023","twitter_creator":"@https:\/\/twitter.com\/Shiclette94","twitter_site":"@dicodusport","schema":{"@context":"https:\/\/schema.org","@graph":[{"@type":"NewsArticle","@id":"https:\/\/dicodusport.fr\/blog\/athletisme-programme-et-resultats-coupe-deurope-des-lancers-2023\/#article","isPartOf":{"@id":"https:\/\/dicodusport.fr\/blog\/athletisme-programme-et-resultats-coupe-deurope-des-lancers-2023\/"},"author":{"name":"Arlette Yeye","@id":"https:\/\/dicodusport.fr\/blog\/#\/schema\/person\/cce96fa88785bd8573e3d43078ac8c79"},"headline":"Athl\u00e9tisme : Programme et r\u00e9sultats Coupe d&rsquo;Europe des lancers 2023","datePublished":"2023-03-12T11:53:14+00:00","dateModified":"2023-03-12T20:05:39+00:00","mainEntityOfPage":{"@id":"https:\/\/dicodusport.fr\/blog\/athletisme-programme-et-resultats-coupe-deurope-des-lancers-2023\/"},"wordCount":773,"commentCount":0,"publisher":{"@id":"https:\/\/dicodusport.fr\/blog\/#organization"},"image":{"@id":"https:\/\/dicodusport.fr\/blog\/athletisme-programme-et-resultats-coupe-deurope-des-lancers-2023\/#primaryimage"},"thumbnailUrl":"https:\/\/dicodusport.fr\/blog\/wp-content\/uploads\/2023\/03\/Athletisme-Programme-et-resultats-Coupe-dEurope-des-lancers-2023.png","keywords":["Athl\u00e9tisme","br\u00e8ve","Coupe d'Europe des lancers"],"articleSection":["Athl\u00e9tisme"],"inLanguage":"fr-FR","potentialAction":[{"@type":"CommentAction","name":"Comment","target":["https:\/\/dicodusport.fr\/blog\/athletisme-programme-et-resultats-coupe-deurope-des-lancers-2023\/#respond"]}],"copyrightYear":"2023","copyrightHolder":{"@id":"https:\/\/dicodusport.fr\/blog\/#organization"}},{"@type":"WebPage","@id":"https:\/\/dicodusport.fr\/blog\/athletisme-programme-et-resultats-coupe-deurope-des-lancers-2023\/","url":"https:\/\/dicodusport.fr\/blog\/athletisme-programme-et-resultats-coupe-deurope-des-lancers-2023\/","name":"Athl\u00e9tisme : Programme et r\u00e9sultats Coupe d'Europe des lancers 2023 - Dicodusport","isPartOf":{"@id":"https:\/\/dicodusport.fr\/blog\/#website"},"primaryImageOfPage":{"@id":"https:\/\/dicodusport.fr\/blog\/athletisme-programme-et-resultats-coupe-deurope-des-lancers-2023\/#primaryimage"},"image":{"@id":"https:\/\/dicodusport.fr\/blog\/athletisme-programme-et-resultats-coupe-deurope-des-lancers-2023\/#primaryimage"},"thumbnailUrl":"https:\/\/dicodusport.fr\/blog\/wp-content\/uploads\/2023\/03\/Athletisme-Programme-et-resultats-Coupe-dEurope-des-lancers-2023.png","datePublished":"2023-03-12T11:53:14+00:00","dateModified":"2023-03-12T20:05:39+00:00","description":"L'\u00e9dition 2023 de la Coupe d'Europe des lancers se d\u00e9roule du 11 au 12 mars \u00e0 Leiria. Voici le programme et les r\u00e9sultats de la comp\u00e9tition.","breadcrumb":{"@id":"https:\/\/dicodusport.fr\/blog\/athletisme-programme-et-resultats-coupe-deurope-des-lancers-2023\/#breadcrumb"},"inLanguage":"fr-FR","potentialAction":[{"@type":"ReadAction","target":["https:\/\/dicodusport.fr\/blog\/athletisme-programme-et-resultats-coupe-deurope-des-lancers-2023\/"]}]},{"@type":"ImageObject","inLanguage":"fr-FR","@id":"https:\/\/dicodusport.fr\/blog\/athletisme-programme-et-resultats-coupe-deurope-des-lancers-2023\/#primaryimage","url":"https:\/\/dicodusport.fr\/blog\/wp-content\/uploads\/2023\/03\/Athletisme-Programme-et-resultats-Coupe-dEurope-des-lancers-2023.png","contentUrl":"https:\/\/dicodusport.fr\/blog\/wp-content\/uploads\/2023\/03\/Athletisme-Programme-et-resultats-Coupe-dEurope-des-lancers-2023.png","width":1200,"height":670,"caption":"Athl\u00e9tisme Programme et r\u00e9sultats Coupe d'Europe des lancers 2023"},{"@type":"BreadcrumbList","@id":"https:\/\/dicodusport.fr\/blog\/athletisme-programme-et-resultats-coupe-deurope-des-lancers-2023\/#breadcrumb","itemListElement":[{"@type":"ListItem","position":1,"name":"Accueil","item":"https:\/\/dicodusport.fr\/blog\/"},{"@type":"ListItem","position":2,"name":"Athl\u00e9tisme : Programme et r\u00e9sultats Coupe d&rsquo;Europe des lancers 2023"}]},{"@type":"WebSite","@id":"https:\/\/dicodusport.fr\/blog\/#website","url":"https:\/\/dicodusport.fr\/blog\/","name":"Dicodusport","description":"L&#039;encyclop\u00e9die de l&#039;actualit\u00e9 sportive","publisher":{"@id":"https:\/\/dicodusport.fr\/blog\/#organization"},"potentialAction":[{"@type":"SearchAction","target":{"@type":"EntryPoint","urlTemplate":"https:\/\/dicodusport.fr\/blog\/?s={search_term_string}"},"query-input":{"@type":"PropertyValueSpecification","valueRequired":true,"valueName":"search_term_string"}}],"inLanguage":"fr-FR"},{"@type":"NewsMediaOrganization","@id":"https:\/\/dicodusport.fr\/blog\/#organization","name":"Dicodusport","url":"https:\/\/dicodusport.fr\/blog\/","logo":{"@type":"ImageObject","inLanguage":"fr-FR","@id":"https:\/\/dicodusport.fr\/blog\/#\/schema\/logo\/image\/","url":"https:\/\/dicodusport.fr\/blog\/wp-content\/uploads\/2020\/06\/cropped-LOGO-DICODUSPORT-2020-SANS-FOND-SANS-TEXTE.png","contentUrl":"https:\/\/dicodusport.fr\/blog\/wp-content\/uploads\/2020\/06\/cropped-LOGO-DICODUSPORT-2020-SANS-FOND-SANS-TEXTE.png","width":512,"height":512,"caption":"Dicodusport"},"image":{"@id":"https:\/\/dicodusport.fr\/blog\/#\/schema\/logo\/image\/"},"sameAs":["https:\/\/www.facebook.com\/dicodusport","https:\/\/x.com\/dicodusport","https:\/\/www.instagram.com\/dicodusport\/","https:\/\/www.youtube.com\/channel\/UC7V2KZ5sd3htJivAbA4ZG3w"],"description":"Dicodusport est l'encyclop\u00e9die de l'actualit\u00e9 sportive.","email":"bonjour@dicodusport.fr","legalName":"DICODUSPORT","foundingDate":"2018-01-14","vatID":"FR71834470973","taxID":"83447097300043","numberOfEmployees":{"@type":"QuantitativeValue","minValue":"1","maxValue":"10"}},{"@type":"Person","@id":"https:\/\/dicodusport.fr\/blog\/#\/schema\/person\/cce96fa88785bd8573e3d43078ac8c79","name":"Arlette Yeye","image":{"@type":"ImageObject","inLanguage":"fr-FR","@id":"https:\/\/dicodusport.fr\/blog\/#\/schema\/person\/image\/","url":"https:\/\/secure.gravatar.com\/avatar\/dca4a6239e6d708e46c45d60e160de6c?s=96&d=wp_user_avatar&r=g","contentUrl":"https:\/\/secure.gravatar.com\/avatar\/dca4a6239e6d708e46c45d60e160de6c?s=96&d=wp_user_avatar&r=g","caption":"Arlette Yeye"},"description":"Journaliste\/r\u00e9dactrice depuis septembre 2015 - Supportrice de Chelsea, j'ai pour sports de pr\u00e9dilection le handball, l'athl\u00e9tisme et le tennis. Si je tweete plus vite que mon ombre, vous pouvez aussi me retrouver les week-ends sur les playgrounds de Bruxelles pour un petit foot ou basket entre potes. Parcourir la France, l'Europe et plus si affinit\u00e9s pour suivre mes sportifs pr\u00e9f\u00e9r\u00e9s ? Mon kif ! Et c'est avec plaisir que je partage les r\u00e9sultats des sports populaires mais \u00e9galement plus confidentiels pour Dicodusport.","sameAs":["https:\/\/x.com\/https:\/\/twitter.com\/Shiclette94"],"url":"https:\/\/dicodusport.fr\/blog\/author\/arlette\/"}]}},"_links":{"self":[{"href":"https:\/\/dicodusport.fr\/blog\/wp-json\/wp\/v2\/posts\/362825","targetHints":{"allow":["GET"]}}],"collection":[{"href":"https:\/\/dicodusport.fr\/blog\/wp-json\/wp\/v2\/posts"}],"about":[{"href":"https:\/\/dicodusport.fr\/blog\/wp-json\/wp\/v2\/types\/post"}],"author":[{"embeddable":true,"href":"https:\/\/dicodusport.fr\/blog\/wp-json\/wp\/v2\/users\/12"}],"replies":[{"embeddable":true,"href":"https:\/\/dicodusport.fr\/blog\/wp-json\/wp\/v2\/comments?post=362825"}],"version-history":[{"count":0,"href":"https:\/\/dicodusport.fr\/blog\/wp-json\/wp\/v2\/posts\/362825\/revisions"}],"wp:featuredmedia":[{"embeddable":true,"href":"https:\/\/dicodusport.fr\/blog\/wp-json\/wp\/v2\/media\/364024"}],"wp:attachment":[{"href":"https:\/\/dicodusport.fr\/blog\/wp-json\/wp\/v2\/media?parent=362825"}],"wp:term":[{"taxonomy":"category","embeddable":true,"href":"https:\/\/dicodusport.fr\/blog\/wp-json\/wp\/v2\/categories?post=362825"},{"taxonomy":"post_tag","embeddable":true,"href":"https:\/\/dicodusport.fr\/blog\/wp-json\/wp\/v2\/tags?post=362825"}],"curies":[{"name":"wp","href":"https:\/\/api.w.org\/{rel}","templated":true}]}}