{"id":362979,"date":"2023-03-12T16:50:13","date_gmt":"2023-03-12T15:50:13","guid":{"rendered":"https:\/\/dicodusport.fr\/blog\/?p=362979&#038;preview=true&#038;preview_id=362979"},"modified":"2023-03-12T16:50:58","modified_gmt":"2023-03-12T15:50:58","slug":"biathlon-ostersund-2023-programme-complet-et-resutlats","status":"publish","type":"post","link":"https:\/\/dicodusport.fr\/blog\/biathlon-ostersund-2023-programme-complet-et-resutlats\/","title":{"rendered":"Biathlon Ostersund 2023 &#8211; Les r\u00e9sultats complets"},"content":{"rendered":"<p style=\"text-align: justify;\"><strong><em><a href=\"https:\/\/dicodusport.fr\/blog\/actualites\/biathlon\/coupe-du-monde-biathlon-2022-2023\/\">COUPE DU MONDE DE BIATHLON 2022-2023<\/a> &#8211; D\u00e9couvrez le programme complet et les r\u00e9sultats de la 8\u00e8me \u00e9tape<\/em><\/strong><strong><em> de la Coupe du monde de biathlon, qui se d\u00e9roule \u00e0 Ostersund (Su\u00e8de)<\/em><\/strong><strong><em>, du 9 au 12 mars 2023.<\/em><\/strong><\/p>\n<p style=\"text-align: justify;\">Huiti\u00e8me et avant-derni\u00e8re \u00e9tape de la <strong>Coupe du monde de biathlon 2022-2023<\/strong>. \u00c0 <strong>Ostersund (Su\u00e8de)<\/strong>, la caravane du biathlon entre donc dans le money time de la saison du circuit principal. Les biathl\u00e8tes s&rsquo;affronteront sur un individuel jeudi, les relais par genres samedi et une mass start dimanche.<\/p>\n<p style=\"text-align: justify;\">C\u00f4t\u00e9 sportif, plusieurs informations sont \u00e0 retenir. D&rsquo;abord, c\u00f4t\u00e9 Norv\u00e8ge, <strong>les fr\u00e8res Boe, Johannes et Tarjei<\/strong>, ainsi que <strong>Sturla Laegreid<\/strong>, sont d&rsquo;ores et d\u00e9j\u00e0 forfaits pour l&rsquo;individuel de jeudi et le relais masculin samedi. Pour rappel, le cadet de la fratrie scandinave va rafler un quatri\u00e8me gros globe de cristal, puisqu&rsquo;il dispose de 399 points d&rsquo;avance sur son compatriote <strong>Sturla Laegreid<\/strong>. Les deux Norv\u00e9giens n&rsquo;ayant plus que quatre courses individuelles \u00e0 disputer, le dernier cit\u00e9 ne peut plus revenir sur l&rsquo;ogre norv\u00e9gien.<\/p>\n<p style=\"text-align: justify;\">Chez les dames, <strong>Julia Simon<\/strong> a fait un gros pas de plus vers le gros globe \u00e0 Nove Mesto. La Fran\u00e7aise dispose d&rsquo;un matelas solide sur <strong>Elvira Oeberg<\/strong> (158 points), alors qu&rsquo;il ne reste que cinq courses individuelles. Le Su\u00e9doise est pass\u00e9e totalement \u00e0 c\u00f4t\u00e9 de son sujet en R\u00e9publique Tch\u00e8que, en terminant hors des 60 premi\u00e8res sur le sprint. Elle n&rsquo;a donc pas pris le d\u00e9part de la poursuite, soit une \u00e9tape \u00e0 0 point pour la cadette des s\u0153urs Oeberg.<\/p>\n<p style=\"text-align: justify;\"><strong>Les courses sont, bien entendu, retransmises en direct sur La cha\u00eene L&rsquo;\u00c9quipe.\u00a0<\/strong><\/p>\n<h2 style=\"text-align: justify;\">Biathlon : Le programme complet de Ostersund &#8211; Mars 2023<\/h2>\n<table style=\"width: 100%; border-collapse: collapse; font-size: 0.9em;\">\n<tbody>\n<tr>\n<td style=\"background-color: #0081b4; width: 800px; text-align: center; vertical-align: middle;\" colspan=\"6\"><span style=\"color: #ffffff;\"><strong>JEUDI 9 MARS 2023<\/strong><\/span><span style=\"color: #ffffff;\"><strong><br \/>\n<\/strong><\/span><\/td>\n<\/tr>\n<tr>\n<td style=\"text-align: center; vertical-align: middle; background-color: #8db5c4; width: 10%;\"><span style=\"color: #ffffff; font-size: 0.9em;\"><strong>Horaire<\/strong><\/span><\/td>\n<td style=\"text-align: center; vertical-align: middle; background-color: #8db5c4; width: 22.5%;\" colspan=\"2\"><span style=\"color: #ffffff;\"><span style=\"font-size: 0.9em;\"><b>\u00c9preuve<\/b><\/span><\/span><\/td>\n<td style=\"text-align: center; vertical-align: middle; background-color: #8db5c4; width: 22.5%;\"><span style=\"color: #ffffff; font-size: 0.9em;\"><strong>Vainqueur<\/strong><\/span><\/td>\n<td style=\"text-align: center; vertical-align: middle; background-color: #8db5c4; width: 22.5%;\"><span style=\"color: #ffffff; font-size: 0.9em;\"><strong>Deuxi\u00e8me<\/strong><\/span><\/td>\n<td style=\"text-align: center; vertical-align: middle; background-color: #8db5c4; width: 22.5%;\"><span style=\"color: #ffffff; font-size: 0.9em;\"><strong>Troisi\u00e8me<\/strong><\/span><\/td>\n<\/tr>\n<tr>\n<td style=\"text-align: center; vertical-align: middle; width: 10%;\"><strong>13H15<\/strong><\/td>\n<td style=\"text-align: center; vertical-align: middle; width: 22.5%;\" colspan=\"2\"><strong>Individuel (F)<br \/>\n<span style=\"font-size: 10.368px;\"><i><a href=\"https:\/\/dicodusport.fr\/blog\/individuel-ostersund-2023-dorothea-wierer-triomphe-julia-simon-4eme\/\">R\u00e9sum\u00e9<\/a> &#8211; <a href=\"https:\/\/dicodusport.fr\/blog\/biathlon-ostersund-2023-classement-individuel-femmes\/\">Classement<\/a><\/i><\/span><i><\/i><\/strong><\/td>\n<td style=\"text-align: center; vertical-align: middle; font-size: 0.9em; width: 22.5%;\"><strong><span style=\"font-size: 0.9em;\">\ud83c\uddee\ud83c\uddf9 DOROTHEA WIERER<br \/>\n<span style=\"font-size: 11.52px;\"><i>41:19.6 \/ 0-0-0-0<\/i><\/span><\/span><\/strong><\/td>\n<td style=\"text-align: center; vertical-align: middle; font-size: 0.9em; width: 22.5%;\"><span style=\"font-size: 0.9em;\">\ud83c\uddee\ud83c\uddf9 LISA VITTOZZI<br \/>\n<span style=\"font-size: 11.52px;\"><i>+25.5 \/ 0-0-0-0<\/i><\/span><\/span><\/td>\n<td style=\"text-align: center; vertical-align: middle; font-size: 0.9em; width: 22.5%;\"><span style=\"font-size: 0.9em;\">\ud83c\udde9\ud83c\uddea DENISE HERRMANN-WICK<br \/>\n<span style=\"font-size: 11.52px;\"><i>+1:38.8 \/ 1-0-0-0<\/i><\/span><\/span><\/td>\n<\/tr>\n<tr>\n<td style=\"text-align: center; vertical-align: middle; width: 10%;\"><strong>16H20<\/strong><\/td>\n<td style=\"text-align: center; vertical-align: middle; width: 22.5%;\" colspan=\"2\"><strong>Individuel (H)<br \/>\n<span style=\"font-size: 10.368px;\"><i><a href=\"https:\/\/dicodusport.fr\/blog\/individuel-ostersund-2023-doll-vainqueur-de-l-individuel-christiansen-prend-le-petit-globe\/\">R\u00e9sum\u00e9<\/a> &#8211; <a href=\"https:\/\/dicodusport.fr\/blog\/biathlon-ostersund-2023-classement-individuel-hommes\/\">Classement<\/a><\/i><\/span><br \/>\n<i><\/i><\/strong><\/td>\n<td style=\"text-align: center; vertical-align: middle; font-size: 0.9em; width: 22.5%;\"><strong><span style=\"font-size: 0.9em;\">\ud83c\udde9\ud83c\uddea BENEDIKT DOLL<br \/>\n<span style=\"font-size: 11.52px;\"><i>48:43.4 \/ 0-0-0-0<\/i><\/span><\/span><\/strong><\/td>\n<td style=\"text-align: center; vertical-align: middle; font-size: 0.9em; width: 22.5%;\"><span style=\"font-size: 0.9em;\">\ud83c\uddee\ud83c\uddf9 TOMMASO GIACOMEL<br \/>\n<span style=\"font-size: 11.52px;\"><i>+1:09.1 \/ 0-1-0-0<\/i><\/span><\/span><\/td>\n<td style=\"text-align: center; vertical-align: middle; font-size: 0.9em; width: 22.5%;\"><span style=\"font-size: 0.9em;\">\ud83c\uddf3\ud83c\uddf4 VETLE CHRISTIANSEN<br \/>\n<span style=\"font-size: 11.52px;\"><i>+1:11.5 \/ 0-1-0-0<\/i><\/span><\/span><\/td>\n<\/tr>\n<tr>\n<td style=\"background-color: #0081b4; width: 800px; text-align: center; vertical-align: middle;\" colspan=\"6\"><span style=\"color: #ffffff;\"><strong>SAMEDI 11 MARS 2023<\/strong><\/span><\/td>\n<\/tr>\n<tr>\n<td style=\"text-align: center; vertical-align: middle; background-color: #8db5c4; width: 10%;\"><span style=\"color: #ffffff; font-size: 0.9em;\"><strong>Horaire<\/strong><\/span><\/td>\n<td style=\"text-align: center; vertical-align: middle; background-color: #8db5c4; width: 22.5%;\" colspan=\"2\"><span style=\"color: #ffffff;\"><span style=\"font-size: 0.9em;\"><b>\u00c9preuve<\/b><\/span><\/span><\/td>\n<td style=\"text-align: center; vertical-align: middle; background-color: #8db5c4; width: 22.5%;\"><span style=\"color: #ffffff; font-size: 0.9em;\"><strong>Vainqueur<\/strong><\/span><\/td>\n<td style=\"text-align: center; vertical-align: middle; background-color: #8db5c4; width: 22.5%;\"><span style=\"color: #ffffff; font-size: 0.9em;\"><strong>Deuxi\u00e8me<\/strong><\/span><\/td>\n<td style=\"text-align: center; vertical-align: middle; background-color: #8db5c4; width: 22.5%;\"><span style=\"color: #ffffff; font-size: 0.9em;\"><strong>Troisi\u00e8me<\/strong><\/span><\/td>\n<\/tr>\n<tr>\n<td style=\"text-align: center; vertical-align: middle; width: 10%;\"><strong>14H00<\/strong><\/td>\n<td style=\"text-align: center; vertical-align: middle; width: 22.5%;\" colspan=\"2\"><strong>Relais (F)<br \/>\n<span style=\"font-size: 10.368px;\"><i><a href=\"https:\/\/dicodusport.fr\/blog\/relais-femmes-ostersund-2023-deuxieme-place-et-petit-globe-de-cristal-pour-la-france\/\">R\u00e9sum\u00e9<\/a> &#8211; <a href=\"https:\/\/dicodusport.fr\/blog\/biathlon-ostersund-2023-classement-relais-femmes\/\">Classement<\/a><\/i><\/span><br \/>\n<i><\/i><\/strong><\/td>\n<td style=\"text-align: center; vertical-align: middle; font-size: 0.9em; width: 22.5%;\"><strong><span style=\"font-size: 0.9em;\">\ud83c\uddf3\ud83c\uddf4 NORV\u00c8GE<br \/>\n<span style=\"font-size: 11.52px;\"><i>1h08:00.7 \/ 0 (4)<\/i><\/span><\/span><\/strong><\/td>\n<td style=\"text-align: center; vertical-align: middle; font-size: 0.9em; width: 22.5%;\"><span style=\"font-size: 0.9em;\">\ud83c\uddeb\ud83c\uddf7 FRANCE<br \/>\n<span style=\"font-size: 11.52px;\"><i>+15.2 \/ 0 (7)<\/i><\/span><\/span><\/td>\n<td style=\"text-align: center; vertical-align: middle; font-size: 0.9em; width: 22.5%;\"><span style=\"font-size: 0.9em;\">\ud83c\udde9\ud83c\uddea ALLEMAGNE<br \/>\n<span style=\"font-size: 11.52px;\"><i>+27.2 \/ 0 (7)<\/i><\/span><\/span><\/td>\n<\/tr>\n<tr>\n<td style=\"text-align: center; vertical-align: middle; width: 10%;\"><strong>16H30<\/strong><\/td>\n<td style=\"text-align: center; vertical-align: middle; width: 22.5%;\" colspan=\"2\"><strong>Relais (H)<br \/>\n<span style=\"font-size: 10.368px;\"><i><a href=\"https:\/\/dicodusport.fr\/blog\/relais-hommes-ostersund-la-norvege-s-impose-devant-la-france-et-l-allemagne\/\">R\u00e9sum\u00e9<\/a> &#8211; <a href=\"https:\/\/dicodusport.fr\/blog\/biathlon-ostersund-2023-classement-relais-hommes\/\">Classement<\/a><\/i><\/span><br \/>\n<i><\/i><\/strong><\/td>\n<td style=\"text-align: center; vertical-align: middle; font-size: 0.9em; width: 22.5%;\"><strong><span style=\"font-size: 0.9em;\">\ud83c\uddf3\ud83c\uddf4 NORV\u00c8GE<br \/>\n<span style=\"font-size: 11.52px;\"><i>1h09:12.4 \/ 0 (7)<\/i><\/span><\/span><\/strong><\/td>\n<td style=\"text-align: center; vertical-align: middle; font-size: 0.9em; width: 22.5%;\"><span style=\"font-size: 0.9em;\">\ud83c\uddeb\ud83c\uddf7 FRANCE<br \/>\n<span style=\"font-size: 11.52px;\"><i>+22.5 \/ 1 (8)<\/i><\/span><\/span><\/td>\n<td style=\"text-align: center; vertical-align: middle; font-size: 0.9em; width: 22.5%;\"><span style=\"font-size: 0.9em;\">\ud83c\udde9\ud83c\uddea ALLEMAGNE<br \/>\n<span style=\"font-size: 11.52px;\"><i>+37.4 \/ 1 (10)<\/i><\/span><\/span><\/td>\n<\/tr>\n<tr>\n<td style=\"background-color: #0081b4; width: 800px; text-align: center; vertical-align: middle;\" colspan=\"6\"><span style=\"color: #ffffff;\"><strong>DIMANCHE 12 MARS 2023<\/strong><\/span><\/td>\n<\/tr>\n<tr>\n<td style=\"text-align: center; vertical-align: middle; background-color: #8db5c4; width: 10%;\"><span style=\"color: #ffffff; font-size: 0.9em;\"><strong>Horaire<\/strong><\/span><\/td>\n<td style=\"text-align: center; vertical-align: middle; background-color: #8db5c4; width: 22.5%;\" colspan=\"2\"><span style=\"color: #ffffff;\"><span style=\"font-size: 0.9em;\"><b>\u00c9preuve<\/b><\/span><\/span><\/td>\n<td style=\"text-align: center; vertical-align: middle; background-color: #8db5c4; width: 22.5%;\"><span style=\"color: #ffffff; font-size: 0.9em;\"><strong>Vainqueur<\/strong><\/span><\/td>\n<td style=\"text-align: center; vertical-align: middle; background-color: #8db5c4; width: 22.5%;\"><span style=\"color: #ffffff; font-size: 0.9em;\"><strong>Deuxi\u00e8me<\/strong><\/span><\/td>\n<td style=\"text-align: center; vertical-align: middle; background-color: #8db5c4; width: 22.5%;\"><span style=\"color: #ffffff; font-size: 0.9em;\"><strong>Troisi\u00e8me<\/strong><\/span><\/td>\n<\/tr>\n<tr>\n<td style=\"text-align: center; vertical-align: middle; width: 10%;\"><strong>13H00<\/strong><\/td>\n<td style=\"text-align: center; vertical-align: middle; width: 22.5%;\" colspan=\"2\"><strong>Mass start (F)<br \/>\n<span style=\"font-size: 10.368px;\"><i><a href=\"https:\/\/dicodusport.fr\/blog\/mass-start-femmes-ostersund-dorothea-wierer-devance-lou-jeanmonnot-et-julia-simon\/\">R\u00e9sum\u00e9<\/a> &#8211; <a href=\"https:\/\/dicodusport.fr\/blog\/biathlon-ostersund-2023-classement-mass-start-femmes\/\">Classement<\/a><\/i><\/span><br \/>\n<i><\/i><\/strong><\/td>\n<td style=\"text-align: center; vertical-align: middle; font-size: 0.9em; width: 22.5%;\"><strong><span style=\"font-size: 0.9em;\">\ud83c\uddee\ud83c\uddf9 DOROTHEA WIERER<br \/>\n<span style=\"font-size: 11.52px;\"><i>31:58.5 \/ 0-0-0-0<\/i><\/span><\/span><\/strong><\/td>\n<td style=\"text-align: center; vertical-align: middle; font-size: 0.9em; width: 22.5%;\"><span style=\"font-size: 0.9em;\">\ud83c\uddeb\ud83c\uddf7 LOU JEANMONNOT<br \/>\n<span style=\"font-size: 11.52px;\"><i>+6.3 \/ 0-0-0-0<\/i><\/span><\/span><\/td>\n<td style=\"text-align: center; vertical-align: middle; font-size: 0.9em; width: 22.5%;\"><span style=\"font-size: 0.9em;\">\ud83c\uddeb\ud83c\uddf7 JULIA SIMON<br \/>\n<span style=\"font-size: 11.52px;\"><i>+11.1 \/ 0-0-0-1<\/i><\/span><\/span><\/td>\n<\/tr>\n<tr>\n<td style=\"text-align: center; vertical-align: middle; width: 10%;\"><strong>16H00<\/strong><\/td>\n<td style=\"text-align: center; vertical-align: middle; width: 22.5%;\" colspan=\"2\"><strong>Mass start (H)<br \/>\n<span style=\"font-size: 10.368px;\"><i><a href=\"https:\/\/dicodusport.fr\/blog\/biathlon-ostersund-2023-premier-podium-en-coupe-du-monde-pour-eric-perrot\/\">R\u00e9sum\u00e9<\/a> &#8211; <a href=\"https:\/\/dicodusport.fr\/blog\/biathlon-ostersund-2023-classement-mass-start-hommes\/\">Classement<\/a><\/i><\/span><br \/>\n<i><\/i><\/strong><\/td>\n<td style=\"text-align: center; vertical-align: middle; font-size: 0.9em; width: 22.5%;\"><strong><span style=\"font-size: 0.9em;\">\ud83c\uddf3\ud83c\uddf4 VETLE CHRISTIANSEN<br \/>\n<span style=\"font-size: 11.52px;\"><i>35:17.0 \/ 0-0-0-0<\/i><\/span><\/span><\/strong><\/td>\n<td style=\"text-align: center; vertical-align: middle; font-size: 0.9em; width: 22.5%;\"><span style=\"font-size: 0.9em;\">\ud83c\uddf3\ud83c\uddf4 JOHANNES DALE<br \/>\n<span style=\"font-size: 11.52px;\"><i>+9.1 \/ 0-0-0-1<\/i><\/span><\/span><\/td>\n<td style=\"text-align: center; vertical-align: middle; font-size: 0.9em; width: 22.5%;\"><span style=\"font-size: 0.9em;\">\ud83c\uddeb\ud83c\uddf7 \u00c9RIC PERROT<br \/>\n<span style=\"font-size: 11.52px;\"><i>+12.3 \/ 0-1-0-0<\/i><\/span><\/span><\/td>\n<\/tr>\n<\/tbody>\n<\/table>\n<h2 style=\"text-align: justify;\">\u00c0 lire aussi<\/h2>\n<ul>\n<li style=\"text-align: justify;\"><strong><a href=\"https:\/\/dicodusport.fr\/blog\/biathlon-ostersund-2023-la-selection-francaise\/\">La s\u00e9lection fran\u00e7aise pour Ostersund<\/a>\u00a0<\/strong><\/li>\n<li><a href=\"https:\/\/dicodusport.fr\/blog\/coupe-du-monde-biathlon-classement-general-femmes\/\"><strong>Le classement g\u00e9n\u00e9ral femmes<\/strong><\/a><\/li>\n<li style=\"text-align: justify;\"><a href=\"https:\/\/dicodusport.fr\/blog\/coupe-du-monde-biathlon-classement-general-hommes\/\"><strong>Le classement g\u00e9n\u00e9ral hommes<\/strong><\/a><\/li>\n<li style=\"text-align: justify;\"><a href=\"https:\/\/dicodusport.fr\/blog\/biathlon-coupe-du-monde-2022-2023-calendrier-complet\/\"><strong>Le calendrier complet de la Coupe du monde de biathlon 2022-2023<\/strong><\/a><\/li>\n<\/ul>\n<div class=\"vlp-link-container vlp-layout-article\"><a href=\"https:\/\/dicodusport.fr\/blog\/prize-money-biathlon-une-victoire-en-coupe-du-monde-combien-ca-rapporte\/\" class=\"vlp-link\" title=\"Prize money Biathlon : Une victoire en Coupe du monde, combien \u00e7a rapporte ?\"><\/a><div class=\"vlp-layout-zone-side\"><div class=\"vlp-block-4 vlp-link-image\"><img loading=\"lazy\" decoding=\"async\" style=\"max-width: 800px;\" width=\"800\" height=\"445\" src=\"https:\/\/dicodusport.fr\/blog\/wp-content\/uploads\/2022\/12\/Prize-money-Biathlon-Une-victoire-en-Coupe-du-monde-combien-ca-rapporte-.png\" class=\"attachment-800x445 size-800x445\" alt=\"\" srcset=\"https:\/\/dicodusport.fr\/blog\/wp-content\/uploads\/2022\/12\/Prize-money-Biathlon-Une-victoire-en-Coupe-du-monde-combien-ca-rapporte-.png 800w, https:\/\/dicodusport.fr\/blog\/wp-content\/uploads\/2022\/12\/Prize-money-Biathlon-Une-victoire-en-Coupe-du-monde-combien-ca-rapporte--300x167.png 300w, https:\/\/dicodusport.fr\/blog\/wp-content\/uploads\/2022\/12\/Prize-money-Biathlon-Une-victoire-en-Coupe-du-monde-combien-ca-rapporte--768x427.png 768w\" sizes=\"auto, (max-width: 800px) 100vw, 800px\" \/><\/div><\/div><div class=\"vlp-layout-zone-main\"><div class=\"vlp-block-0 vlp-link-title\">Prize money Biathlon : Une victoire en Coupe du monde, combien \u00e7a rapporte ?<\/div><div class=\"vlp-block-1 vlp-link-summary\">COUPE DU MONDE DE BIATHLON 2022-2023 - La question est souvent pos\u00e9e : gagner une course de Coupe du monde de biathlon, combien \u00e7a rapporte ? Quelques \u00e9l\u00e9ments de r\u00e9ponse, avec le d\u00e9tail de prize money du circuit principal.<\/div><div class=\"vlp-block-2 vlp-link-button\">Lire l'article<\/div><div class=\"vlp-block-3 vlp-link-url\">dicodusport.fr<\/div><\/div><\/div>\n","protected":false},"excerpt":{"rendered":"<p>COUPE DU MONDE DE BIATHLON 2022-2023 &#8211; D\u00e9couvrez le programme complet et les r\u00e9sultats de la 8\u00e8me \u00e9tape de la Coupe du monde de biathlon, qui se d\u00e9roule \u00e0 Ostersund (Su\u00e8de), du 9 au 12 mars 2023.<\/p>\n","protected":false},"author":4,"featured_media":364385,"comment_status":"open","ping_status":"closed","sticky":false,"template":"","format":"standard","meta":{"_acf_changed":false,"_daextam_enable_autolinks":"","footnotes":""},"categories":[47040],"tags":[15220,16878],"class_list":["post-362979","post","type-post","status-publish","format-standard","has-post-thumbnail","hentry","category-coupe-du-monde-de-biathlon","tag-biathlon-ostersund","tag-breve"],"acf":[],"yoast_head":"<!-- This site is optimized with the Yoast SEO Premium plugin v26.7 (Yoast SEO v26.7) - https:\/\/yoast.com\/wordpress\/plugins\/seo\/ -->\n<title>Biathlon Ostersund 2023 - Les r\u00e9sultats complets<\/title>\n<meta name=\"description\" content=\"COUPE DU MONDE DE BIATHLON 2022-2023 - D\u00e9couvrez le programme et les r\u00e9sultats de la 8\u00e8me \u00e9tape \u00e0 Ostersund (Su\u00e8de).\" \/>\n<meta name=\"robots\" content=\"index, follow, max-snippet:-1, max-image-preview:large, max-video-preview:-1\" \/>\n<link rel=\"canonical\" href=\"https:\/\/dicodusport.fr\/blog\/biathlon-ostersund-2023-programme-complet-et-resutlats\/\" \/>\n<meta property=\"og:locale\" content=\"fr_FR\" \/>\n<meta property=\"og:type\" content=\"article\" \/>\n<meta property=\"og:title\" content=\"Biathlon Ostersund 2023 - Les r\u00e9sultats complets\" \/>\n<meta property=\"og:description\" content=\"COUPE DU MONDE DE BIATHLON 2022-2023 - D\u00e9couvrez le programme et les r\u00e9sultats de la 8\u00e8me \u00e9tape \u00e0 Ostersund (Su\u00e8de).\" \/>\n<meta property=\"og:url\" content=\"https:\/\/dicodusport.fr\/blog\/biathlon-ostersund-2023-programme-complet-et-resutlats\/\" \/>\n<meta property=\"og:site_name\" content=\"Dicodusport\" \/>\n<meta property=\"article:publisher\" content=\"https:\/\/www.facebook.com\/dicodusport\" \/>\n<meta property=\"article:author\" content=\"https:\/\/www.facebook.com\/florent.ostermann\" \/>\n<meta property=\"article:published_time\" content=\"2023-03-12T15:50:13+00:00\" \/>\n<meta property=\"article:modified_time\" content=\"2023-03-12T15:50:58+00:00\" \/>\n<meta property=\"og:image\" content=\"https:\/\/dicodusport.fr\/blog\/wp-content\/uploads\/2023\/03\/Relais-femmes-Ostersund-Deuxieme-place-et-petit-globe-de-cristal-pour-les-Bleues-1-1.png\" \/>\n\t<meta property=\"og:image:width\" content=\"800\" \/>\n\t<meta property=\"og:image:height\" content=\"445\" \/>\n\t<meta property=\"og:image:type\" content=\"image\/png\" \/>\n<meta name=\"author\" content=\"Flo Ostermann\" \/>\n<meta name=\"twitter:card\" content=\"summary_large_image\" \/>\n<meta name=\"twitter:title\" content=\"Biathlon Ostersund 2023 - Les r\u00e9sultats complets\" \/>\n<meta name=\"twitter:creator\" content=\"@https:\/\/twitter.com\/FlOstermann\" \/>\n<meta name=\"twitter:site\" content=\"@dicodusport\" \/>\n<script type=\"application\/ld+json\" class=\"yoast-schema-graph\">{\"@context\":\"https:\/\/schema.org\",\"@graph\":[{\"@type\":\"NewsArticle\",\"@id\":\"https:\/\/dicodusport.fr\/blog\/biathlon-ostersund-2023-programme-complet-et-resutlats\/#article\",\"isPartOf\":{\"@id\":\"https:\/\/dicodusport.fr\/blog\/biathlon-ostersund-2023-programme-complet-et-resutlats\/\"},\"author\":{\"name\":\"Flo Ostermann\",\"@id\":\"https:\/\/dicodusport.fr\/blog\/#\/schema\/person\/cb02af4c173ce4a653b55e9baf388d4a\"},\"headline\":\"Biathlon Ostersund 2023 &#8211; Les r\u00e9sultats complets\",\"datePublished\":\"2023-03-12T15:50:13+00:00\",\"dateModified\":\"2023-03-12T15:50:58+00:00\",\"mainEntityOfPage\":{\"@id\":\"https:\/\/dicodusport.fr\/blog\/biathlon-ostersund-2023-programme-complet-et-resutlats\/\"},\"wordCount\":583,\"commentCount\":0,\"publisher\":{\"@id\":\"https:\/\/dicodusport.fr\/blog\/#organization\"},\"image\":{\"@id\":\"https:\/\/dicodusport.fr\/blog\/biathlon-ostersund-2023-programme-complet-et-resutlats\/#primaryimage\"},\"thumbnailUrl\":\"https:\/\/dicodusport.fr\/blog\/wp-content\/uploads\/2023\/03\/Relais-femmes-Ostersund-Deuxieme-place-et-petit-globe-de-cristal-pour-les-Bleues-1-1.png\",\"keywords\":[\"Biathlon Ostersund\",\"br\u00e8ve\"],\"articleSection\":[\"Coupe du monde de biathlon\"],\"inLanguage\":\"fr-FR\",\"potentialAction\":[{\"@type\":\"CommentAction\",\"name\":\"Comment\",\"target\":[\"https:\/\/dicodusport.fr\/blog\/biathlon-ostersund-2023-programme-complet-et-resutlats\/#respond\"]}],\"copyrightYear\":\"2023\",\"copyrightHolder\":{\"@id\":\"https:\/\/dicodusport.fr\/blog\/#organization\"}},{\"@type\":\"WebPage\",\"@id\":\"https:\/\/dicodusport.fr\/blog\/biathlon-ostersund-2023-programme-complet-et-resutlats\/\",\"url\":\"https:\/\/dicodusport.fr\/blog\/biathlon-ostersund-2023-programme-complet-et-resutlats\/\",\"name\":\"Biathlon Ostersund 2023 - Les r\u00e9sultats complets\",\"isPartOf\":{\"@id\":\"https:\/\/dicodusport.fr\/blog\/#website\"},\"primaryImageOfPage\":{\"@id\":\"https:\/\/dicodusport.fr\/blog\/biathlon-ostersund-2023-programme-complet-et-resutlats\/#primaryimage\"},\"image\":{\"@id\":\"https:\/\/dicodusport.fr\/blog\/biathlon-ostersund-2023-programme-complet-et-resutlats\/#primaryimage\"},\"thumbnailUrl\":\"https:\/\/dicodusport.fr\/blog\/wp-content\/uploads\/2023\/03\/Relais-femmes-Ostersund-Deuxieme-place-et-petit-globe-de-cristal-pour-les-Bleues-1-1.png\",\"datePublished\":\"2023-03-12T15:50:13+00:00\",\"dateModified\":\"2023-03-12T15:50:58+00:00\",\"description\":\"COUPE DU MONDE DE BIATHLON 2022-2023 - D\u00e9couvrez le programme et les r\u00e9sultats de la 8\u00e8me \u00e9tape \u00e0 Ostersund (Su\u00e8de).\",\"breadcrumb\":{\"@id\":\"https:\/\/dicodusport.fr\/blog\/biathlon-ostersund-2023-programme-complet-et-resutlats\/#breadcrumb\"},\"inLanguage\":\"fr-FR\",\"potentialAction\":[{\"@type\":\"ReadAction\",\"target\":[\"https:\/\/dicodusport.fr\/blog\/biathlon-ostersund-2023-programme-complet-et-resutlats\/\"]}]},{\"@type\":\"ImageObject\",\"inLanguage\":\"fr-FR\",\"@id\":\"https:\/\/dicodusport.fr\/blog\/biathlon-ostersund-2023-programme-complet-et-resutlats\/#primaryimage\",\"url\":\"https:\/\/dicodusport.fr\/blog\/wp-content\/uploads\/2023\/03\/Relais-femmes-Ostersund-Deuxieme-place-et-petit-globe-de-cristal-pour-les-Bleues-1-1.png\",\"contentUrl\":\"https:\/\/dicodusport.fr\/blog\/wp-content\/uploads\/2023\/03\/Relais-femmes-Ostersund-Deuxieme-place-et-petit-globe-de-cristal-pour-les-Bleues-1-1.png\",\"width\":800,\"height\":445,\"caption\":\"Relais femmes Ostersund Deuxi\u00e8me place et petit globe de cristal pour les Bleues (1)\"},{\"@type\":\"BreadcrumbList\",\"@id\":\"https:\/\/dicodusport.fr\/blog\/biathlon-ostersund-2023-programme-complet-et-resutlats\/#breadcrumb\",\"itemListElement\":[{\"@type\":\"ListItem\",\"position\":1,\"name\":\"Accueil\",\"item\":\"https:\/\/dicodusport.fr\/blog\/\"},{\"@type\":\"ListItem\",\"position\":2,\"name\":\"Biathlon Ostersund 2023 &#8211; Les r\u00e9sultats complets\"}]},{\"@type\":\"WebSite\",\"@id\":\"https:\/\/dicodusport.fr\/blog\/#website\",\"url\":\"https:\/\/dicodusport.fr\/blog\/\",\"name\":\"Dicodusport\",\"description\":\"L&#039;encyclop\u00e9die de l&#039;actualit\u00e9 sportive\",\"publisher\":{\"@id\":\"https:\/\/dicodusport.fr\/blog\/#organization\"},\"potentialAction\":[{\"@type\":\"SearchAction\",\"target\":{\"@type\":\"EntryPoint\",\"urlTemplate\":\"https:\/\/dicodusport.fr\/blog\/?s={search_term_string}\"},\"query-input\":{\"@type\":\"PropertyValueSpecification\",\"valueRequired\":true,\"valueName\":\"search_term_string\"}}],\"inLanguage\":\"fr-FR\"},{\"@type\":\"NewsMediaOrganization\",\"@id\":\"https:\/\/dicodusport.fr\/blog\/#organization\",\"name\":\"Dicodusport\",\"url\":\"https:\/\/dicodusport.fr\/blog\/\",\"logo\":{\"@type\":\"ImageObject\",\"inLanguage\":\"fr-FR\",\"@id\":\"https:\/\/dicodusport.fr\/blog\/#\/schema\/logo\/image\/\",\"url\":\"https:\/\/dicodusport.fr\/blog\/wp-content\/uploads\/2020\/06\/cropped-LOGO-DICODUSPORT-2020-SANS-FOND-SANS-TEXTE.png\",\"contentUrl\":\"https:\/\/dicodusport.fr\/blog\/wp-content\/uploads\/2020\/06\/cropped-LOGO-DICODUSPORT-2020-SANS-FOND-SANS-TEXTE.png\",\"width\":512,\"height\":512,\"caption\":\"Dicodusport\"},\"image\":{\"@id\":\"https:\/\/dicodusport.fr\/blog\/#\/schema\/logo\/image\/\"},\"sameAs\":[\"https:\/\/www.facebook.com\/dicodusport\",\"https:\/\/x.com\/dicodusport\",\"https:\/\/www.instagram.com\/dicodusport\/\",\"https:\/\/www.youtube.com\/channel\/UC7V2KZ5sd3htJivAbA4ZG3w\"],\"description\":\"Dicodusport est l'encyclop\u00e9die de l'actualit\u00e9 sportive.\",\"email\":\"bonjour@dicodusport.fr\",\"legalName\":\"DICODUSPORT\",\"foundingDate\":\"2018-01-14\",\"vatID\":\"FR71834470973\",\"taxID\":\"83447097300043\",\"numberOfEmployees\":{\"@type\":\"QuantitativeValue\",\"minValue\":\"1\",\"maxValue\":\"10\"}},{\"@type\":\"Person\",\"@id\":\"https:\/\/dicodusport.fr\/blog\/#\/schema\/person\/cb02af4c173ce4a653b55e9baf388d4a\",\"name\":\"Flo Ostermann\",\"image\":{\"@type\":\"ImageObject\",\"inLanguage\":\"fr-FR\",\"@id\":\"https:\/\/dicodusport.fr\/blog\/#\/schema\/person\/image\/\",\"url\":\"https:\/\/dicodusport.fr\/blog\/wp-content\/uploads\/2021\/05\/Flo-Ostermann-150x150.jpg\",\"contentUrl\":\"https:\/\/dicodusport.fr\/blog\/wp-content\/uploads\/2021\/05\/Flo-Ostermann-150x150.jpg\",\"caption\":\"Flo Ostermann\"},\"description\":\"Journaliste\/R\u00e9dacteur depuis septembre 2015 - Mes premiers souvenirs dans le sport ? Les envol\u00e9es du Stade Toulousain et les duels Villeneuve-Schumacher et H\u00e4kkinen-Schumacher \u00e0 la fin des ann\u00e9es 90, la Coupe du monde de football en 1998, l\u2019exploit du XV de France face aux All Blacks en 1999, mais aussi Richard C\u0153ur de Lion qui vole sur les montagnes du Tour de France. Bien parti pour devenir professeur d\u2019EPS, les \u00e9v\u00e9nements de la vie (et la flemme d\u2019animer des s\u00e9ances de 3x500 m\u00e8tres toute ma vie) m\u2019ont conduit \u00e0 revoir mes plans. Me voil\u00e0 depuis fin 2017 sur Dicodusport, m\u00e9dia gr\u00e2ce (et pour) lequel je partage ma passion : le sport dans tous ses \u00e9tats. Le tout accompagn\u00e9 par les fous furieux et folles furieuses cit\u00e9s sur cette page !\",\"sameAs\":[\"https:\/\/www.facebook.com\/florent.ostermann\",\"https:\/\/x.com\/https:\/\/twitter.com\/FlOstermann\",\"admin\"],\"url\":\"https:\/\/dicodusport.fr\/blog\/author\/flo\/\"}]}<\/script>\n<!-- \/ Yoast SEO Premium plugin. -->","yoast_head_json":{"title":"Biathlon Ostersund 2023 - Les r\u00e9sultats complets","description":"COUPE DU MONDE DE BIATHLON 2022-2023 - D\u00e9couvrez le programme et les r\u00e9sultats de la 8\u00e8me \u00e9tape \u00e0 Ostersund (Su\u00e8de).","robots":{"index":"index","follow":"follow","max-snippet":"max-snippet:-1","max-image-preview":"max-image-preview:large","max-video-preview":"max-video-preview:-1"},"canonical":"https:\/\/dicodusport.fr\/blog\/biathlon-ostersund-2023-programme-complet-et-resutlats\/","og_locale":"fr_FR","og_type":"article","og_title":"Biathlon Ostersund 2023 - Les r\u00e9sultats complets","og_description":"COUPE DU MONDE DE BIATHLON 2022-2023 - D\u00e9couvrez le programme et les r\u00e9sultats de la 8\u00e8me \u00e9tape \u00e0 Ostersund (Su\u00e8de).","og_url":"https:\/\/dicodusport.fr\/blog\/biathlon-ostersund-2023-programme-complet-et-resutlats\/","og_site_name":"Dicodusport","article_publisher":"https:\/\/www.facebook.com\/dicodusport","article_author":"https:\/\/www.facebook.com\/florent.ostermann","article_published_time":"2023-03-12T15:50:13+00:00","article_modified_time":"2023-03-12T15:50:58+00:00","og_image":[{"width":800,"height":445,"url":"https:\/\/dicodusport.fr\/blog\/wp-content\/uploads\/2023\/03\/Relais-femmes-Ostersund-Deuxieme-place-et-petit-globe-de-cristal-pour-les-Bleues-1-1.png","type":"image\/png"}],"author":"Flo Ostermann","twitter_card":"summary_large_image","twitter_title":"Biathlon Ostersund 2023 - Les r\u00e9sultats complets","twitter_creator":"@https:\/\/twitter.com\/FlOstermann","twitter_site":"@dicodusport","schema":{"@context":"https:\/\/schema.org","@graph":[{"@type":"NewsArticle","@id":"https:\/\/dicodusport.fr\/blog\/biathlon-ostersund-2023-programme-complet-et-resutlats\/#article","isPartOf":{"@id":"https:\/\/dicodusport.fr\/blog\/biathlon-ostersund-2023-programme-complet-et-resutlats\/"},"author":{"name":"Flo Ostermann","@id":"https:\/\/dicodusport.fr\/blog\/#\/schema\/person\/cb02af4c173ce4a653b55e9baf388d4a"},"headline":"Biathlon Ostersund 2023 &#8211; Les r\u00e9sultats complets","datePublished":"2023-03-12T15:50:13+00:00","dateModified":"2023-03-12T15:50:58+00:00","mainEntityOfPage":{"@id":"https:\/\/dicodusport.fr\/blog\/biathlon-ostersund-2023-programme-complet-et-resutlats\/"},"wordCount":583,"commentCount":0,"publisher":{"@id":"https:\/\/dicodusport.fr\/blog\/#organization"},"image":{"@id":"https:\/\/dicodusport.fr\/blog\/biathlon-ostersund-2023-programme-complet-et-resutlats\/#primaryimage"},"thumbnailUrl":"https:\/\/dicodusport.fr\/blog\/wp-content\/uploads\/2023\/03\/Relais-femmes-Ostersund-Deuxieme-place-et-petit-globe-de-cristal-pour-les-Bleues-1-1.png","keywords":["Biathlon Ostersund","br\u00e8ve"],"articleSection":["Coupe du monde de biathlon"],"inLanguage":"fr-FR","potentialAction":[{"@type":"CommentAction","name":"Comment","target":["https:\/\/dicodusport.fr\/blog\/biathlon-ostersund-2023-programme-complet-et-resutlats\/#respond"]}],"copyrightYear":"2023","copyrightHolder":{"@id":"https:\/\/dicodusport.fr\/blog\/#organization"}},{"@type":"WebPage","@id":"https:\/\/dicodusport.fr\/blog\/biathlon-ostersund-2023-programme-complet-et-resutlats\/","url":"https:\/\/dicodusport.fr\/blog\/biathlon-ostersund-2023-programme-complet-et-resutlats\/","name":"Biathlon Ostersund 2023 - Les r\u00e9sultats complets","isPartOf":{"@id":"https:\/\/dicodusport.fr\/blog\/#website"},"primaryImageOfPage":{"@id":"https:\/\/dicodusport.fr\/blog\/biathlon-ostersund-2023-programme-complet-et-resutlats\/#primaryimage"},"image":{"@id":"https:\/\/dicodusport.fr\/blog\/biathlon-ostersund-2023-programme-complet-et-resutlats\/#primaryimage"},"thumbnailUrl":"https:\/\/dicodusport.fr\/blog\/wp-content\/uploads\/2023\/03\/Relais-femmes-Ostersund-Deuxieme-place-et-petit-globe-de-cristal-pour-les-Bleues-1-1.png","datePublished":"2023-03-12T15:50:13+00:00","dateModified":"2023-03-12T15:50:58+00:00","description":"COUPE DU MONDE DE BIATHLON 2022-2023 - D\u00e9couvrez le programme et les r\u00e9sultats de la 8\u00e8me \u00e9tape \u00e0 Ostersund (Su\u00e8de).","breadcrumb":{"@id":"https:\/\/dicodusport.fr\/blog\/biathlon-ostersund-2023-programme-complet-et-resutlats\/#breadcrumb"},"inLanguage":"fr-FR","potentialAction":[{"@type":"ReadAction","target":["https:\/\/dicodusport.fr\/blog\/biathlon-ostersund-2023-programme-complet-et-resutlats\/"]}]},{"@type":"ImageObject","inLanguage":"fr-FR","@id":"https:\/\/dicodusport.fr\/blog\/biathlon-ostersund-2023-programme-complet-et-resutlats\/#primaryimage","url":"https:\/\/dicodusport.fr\/blog\/wp-content\/uploads\/2023\/03\/Relais-femmes-Ostersund-Deuxieme-place-et-petit-globe-de-cristal-pour-les-Bleues-1-1.png","contentUrl":"https:\/\/dicodusport.fr\/blog\/wp-content\/uploads\/2023\/03\/Relais-femmes-Ostersund-Deuxieme-place-et-petit-globe-de-cristal-pour-les-Bleues-1-1.png","width":800,"height":445,"caption":"Relais femmes Ostersund Deuxi\u00e8me place et petit globe de cristal pour les Bleues (1)"},{"@type":"BreadcrumbList","@id":"https:\/\/dicodusport.fr\/blog\/biathlon-ostersund-2023-programme-complet-et-resutlats\/#breadcrumb","itemListElement":[{"@type":"ListItem","position":1,"name":"Accueil","item":"https:\/\/dicodusport.fr\/blog\/"},{"@type":"ListItem","position":2,"name":"Biathlon Ostersund 2023 &#8211; Les r\u00e9sultats complets"}]},{"@type":"WebSite","@id":"https:\/\/dicodusport.fr\/blog\/#website","url":"https:\/\/dicodusport.fr\/blog\/","name":"Dicodusport","description":"L&#039;encyclop\u00e9die de l&#039;actualit\u00e9 sportive","publisher":{"@id":"https:\/\/dicodusport.fr\/blog\/#organization"},"potentialAction":[{"@type":"SearchAction","target":{"@type":"EntryPoint","urlTemplate":"https:\/\/dicodusport.fr\/blog\/?s={search_term_string}"},"query-input":{"@type":"PropertyValueSpecification","valueRequired":true,"valueName":"search_term_string"}}],"inLanguage":"fr-FR"},{"@type":"NewsMediaOrganization","@id":"https:\/\/dicodusport.fr\/blog\/#organization","name":"Dicodusport","url":"https:\/\/dicodusport.fr\/blog\/","logo":{"@type":"ImageObject","inLanguage":"fr-FR","@id":"https:\/\/dicodusport.fr\/blog\/#\/schema\/logo\/image\/","url":"https:\/\/dicodusport.fr\/blog\/wp-content\/uploads\/2020\/06\/cropped-LOGO-DICODUSPORT-2020-SANS-FOND-SANS-TEXTE.png","contentUrl":"https:\/\/dicodusport.fr\/blog\/wp-content\/uploads\/2020\/06\/cropped-LOGO-DICODUSPORT-2020-SANS-FOND-SANS-TEXTE.png","width":512,"height":512,"caption":"Dicodusport"},"image":{"@id":"https:\/\/dicodusport.fr\/blog\/#\/schema\/logo\/image\/"},"sameAs":["https:\/\/www.facebook.com\/dicodusport","https:\/\/x.com\/dicodusport","https:\/\/www.instagram.com\/dicodusport\/","https:\/\/www.youtube.com\/channel\/UC7V2KZ5sd3htJivAbA4ZG3w"],"description":"Dicodusport est l'encyclop\u00e9die de l'actualit\u00e9 sportive.","email":"bonjour@dicodusport.fr","legalName":"DICODUSPORT","foundingDate":"2018-01-14","vatID":"FR71834470973","taxID":"83447097300043","numberOfEmployees":{"@type":"QuantitativeValue","minValue":"1","maxValue":"10"}},{"@type":"Person","@id":"https:\/\/dicodusport.fr\/blog\/#\/schema\/person\/cb02af4c173ce4a653b55e9baf388d4a","name":"Flo Ostermann","image":{"@type":"ImageObject","inLanguage":"fr-FR","@id":"https:\/\/dicodusport.fr\/blog\/#\/schema\/person\/image\/","url":"https:\/\/dicodusport.fr\/blog\/wp-content\/uploads\/2021\/05\/Flo-Ostermann-150x150.jpg","contentUrl":"https:\/\/dicodusport.fr\/blog\/wp-content\/uploads\/2021\/05\/Flo-Ostermann-150x150.jpg","caption":"Flo Ostermann"},"description":"Journaliste\/R\u00e9dacteur depuis septembre 2015 - Mes premiers souvenirs dans le sport ? Les envol\u00e9es du Stade Toulousain et les duels Villeneuve-Schumacher et H\u00e4kkinen-Schumacher \u00e0 la fin des ann\u00e9es 90, la Coupe du monde de football en 1998, l\u2019exploit du XV de France face aux All Blacks en 1999, mais aussi Richard C\u0153ur de Lion qui vole sur les montagnes du Tour de France. Bien parti pour devenir professeur d\u2019EPS, les \u00e9v\u00e9nements de la vie (et la flemme d\u2019animer des s\u00e9ances de 3x500 m\u00e8tres toute ma vie) m\u2019ont conduit \u00e0 revoir mes plans. Me voil\u00e0 depuis fin 2017 sur Dicodusport, m\u00e9dia gr\u00e2ce (et pour) lequel je partage ma passion : le sport dans tous ses \u00e9tats. Le tout accompagn\u00e9 par les fous furieux et folles furieuses cit\u00e9s sur cette page !","sameAs":["https:\/\/www.facebook.com\/florent.ostermann","https:\/\/x.com\/https:\/\/twitter.com\/FlOstermann","admin"],"url":"https:\/\/dicodusport.fr\/blog\/author\/flo\/"}]}},"_links":{"self":[{"href":"https:\/\/dicodusport.fr\/blog\/wp-json\/wp\/v2\/posts\/362979","targetHints":{"allow":["GET"]}}],"collection":[{"href":"https:\/\/dicodusport.fr\/blog\/wp-json\/wp\/v2\/posts"}],"about":[{"href":"https:\/\/dicodusport.fr\/blog\/wp-json\/wp\/v2\/types\/post"}],"author":[{"embeddable":true,"href":"https:\/\/dicodusport.fr\/blog\/wp-json\/wp\/v2\/users\/4"}],"replies":[{"embeddable":true,"href":"https:\/\/dicodusport.fr\/blog\/wp-json\/wp\/v2\/comments?post=362979"}],"version-history":[{"count":0,"href":"https:\/\/dicodusport.fr\/blog\/wp-json\/wp\/v2\/posts\/362979\/revisions"}],"wp:featuredmedia":[{"embeddable":true,"href":"https:\/\/dicodusport.fr\/blog\/wp-json\/wp\/v2\/media\/364385"}],"wp:attachment":[{"href":"https:\/\/dicodusport.fr\/blog\/wp-json\/wp\/v2\/media?parent=362979"}],"wp:term":[{"taxonomy":"category","embeddable":true,"href":"https:\/\/dicodusport.fr\/blog\/wp-json\/wp\/v2\/categories?post=362979"},{"taxonomy":"post_tag","embeddable":true,"href":"https:\/\/dicodusport.fr\/blog\/wp-json\/wp\/v2\/tags?post=362979"}],"curies":[{"name":"wp","href":"https:\/\/api.w.org\/{rel}","templated":true}]}}