{"id":362982,"date":"2023-03-07T18:35:32","date_gmt":"2023-03-07T17:35:32","guid":{"rendered":"https:\/\/dicodusport.fr\/blog\/?p=362982&#038;preview=true&#038;preview_id=362982"},"modified":"2023-03-07T20:50:34","modified_gmt":"2023-03-07T19:50:34","slug":"athletisme-europe-en-salle-2023-le-bilan-de-l-equipe-de-france","status":"publish","type":"post","link":"https:\/\/dicodusport.fr\/blog\/athletisme-europe-en-salle-2023-le-bilan-de-l-equipe-de-france\/","title":{"rendered":"Athl\u00e9tisme Europe en salle 2023 : Le bilan de l&rsquo;\u00e9quipe de France"},"content":{"rendered":"<p align=\"justify\"><em><strong><a href=\"https:\/\/dicodusport.fr\/blog\/athletisme-programme-et-resultats-championnats-deurope-en-salle-2023\/\">ATHL\u00c9TISME CHAMPIONNATS D&rsquo;EUROPE EN SALLE 2023<\/a> &#8211; Quel bilan pour l&rsquo;\u00e9quipe de France apr\u00e8s les championnats d&rsquo;Europe en salle 2023 d&rsquo;Istanbul ? Du bien et du moins bien. Avec un manque de cadres mais une jeune g\u00e9n\u00e9ration qui \u00e9merge.<\/strong><\/em><\/p>\n<h2 align=\"justify\">Un manque de leaders<\/h2>\n<p align=\"justify\">L&rsquo;\u00e9quipe de France est repartie d&rsquo;Istanbul avec un total de six m\u00e9dailles. C&rsquo;est aussi bien que la Grande-Bretagne et l&rsquo;Italie. C&rsquo;est mieux que l&rsquo;Allemagne. Seuls les Pays-Bas et la Pologne font mieux avec 7 m\u00e9dailles. Mais la <strong>France<\/strong> ne termine que neuvi\u00e8me au classement des m\u00e9dailles. Parce qu&rsquo;elle ne ram\u00e8ne qu&rsquo;une m\u00e9daille d&rsquo;or. Et c&rsquo;est un peu le mal r\u00e9current de ces Bleus. Qui manquent encore d&rsquo;athl\u00e8tes capable de jouer l&rsquo;or. \u00c0 Istanbul, il a fallu que <a href=\"https:\/\/dicodusport.fr\/blog\/athletisme-europe-en-salle-troisieme-titre-europeen-sur-lheptathlon-pour-kevin-mayer\/\"><strong>Kevin Mayer<\/strong> soit \u00e0 la hauteur pour conqu\u00e9rir un titre europ\u00e9en<\/a>. Les Bleus n&rsquo;avaient, pour rappel, pas \u00e9t\u00e9 en mesure de ramener une m\u00e9daille d&rsquo;or des championnats d&rsquo;Europe de Munich, l&rsquo;\u00e9t\u00e9 dernier. Une comp\u00e9tition qu&rsquo;avait abandonn\u00e9 le sp\u00e9cialiste des \u00e9preuves combinn\u00e9es.<\/p>\n<p align=\"justify\">Et parmi les autres m\u00e9daill\u00e9s, il n&rsquo;y a gu\u00e8re que <strong>Benjamin Robert<\/strong> qui a pu jouer l&rsquo;or jusqu&rsquo;au bout. Le sp\u00e9cialiste du 800 m, a \u00e9t\u00e9 coiff\u00e9 sur le fil pour trois milli\u00e8mes. Trois milli\u00e8mes qui auraient pu faire remonter la France \u00e0 la 5e place au classement des m\u00e9dailles. Mais derri\u00e8re, le <strong>relais 4&#215;400<\/strong> en argent, <strong>Agn\u00e8s Raharolahy<\/strong> en bronze sur le 800 m, <strong>Azeddine Habz<\/strong> \u00e9galement en bronze sur le 1 500 m, comme <strong>Just Kwaou-Mathey<\/strong> sur le 60 m haies, n&rsquo;ont jamais vraiment pu lutter face aux meilleurs de leur discipline. Il est vrai que <strong>Keely Hodgkinson<\/strong>, <strong>Jakob Ingebrigtsen<\/strong> ou <strong>Jason Joseph<\/strong> ont le profil pour aller matcher avec les meilleurs mondiaux dans leur discipline. Hodgkinson et Ingebrigtsen ayant d\u00e9j\u00e0 \u00e9t\u00e9 m\u00e9daill\u00e9s au plus haut niveau mondial.<\/p>\n<p align=\"justify\">C&rsquo;est ce qui manque actuellement \u00e0 cette \u00e9quipe de France, sauv\u00e9e du 0 par Kevin Mayer, que ce soit aux JO de Tokyo ou aux championnats du monde \u00e0 Eugene. On peut \u00e9videmment d\u00e9plorer l&rsquo;absence \u00e0 Istanbul d&rsquo;un <strong>Wilhem Belocian<\/strong>, champion d&rsquo;Europe sortant du 60 m haies. D&rsquo;un <strong>Renaud Lavillenie<\/strong>, toujours comp\u00e9titif en grand championnat. Ou d&rsquo;une <strong>R\u00e9nelle Lamote<\/strong>, peut-\u00eatre capable de contester Keely Hodgkinson sur 800 m. Et au vu de la course suicidaire de <strong>Karsten Warholm<\/strong> sur 400 m, est ce qu&rsquo;un <strong>Wilfried Happio<\/strong> n&rsquo;aurait pas pu d\u00e9crocher l&rsquo;or ?<\/p>\n<h2 style=\"text-align: justify;\" align=\"justify\">Mais de la densit\u00e9<\/h2>\n<p style=\"text-align: justify;\">Maintenant, si l&rsquo;\u00e9quipe de France manque de leaders, il est possible que, d&rsquo;ici peu de temps, une nouvelle g\u00e9n\u00e9ration prenne le lead. Car si on prend le classement de la placing table, qui prend en compte tous les finalistes, avec 8 pts pour le vainqueur, 7 pour le deuxi\u00e8me etc, la <strong>France<\/strong> remonte \u00e0 la 5e place. Devant des nations comme l&rsquo;Espagne, et toute proche de l&rsquo;Allemagne. Et bon nombre de personnes s&rsquo;accordent \u00e0 dire que cette placing table a au moins autant d&rsquo;importance que le classement des m\u00e9dailles. Car elle refl\u00e8te la capacit\u00e9 d&rsquo;un pays \u00e0 placer en masse ses repr\u00e9sentants en finale. Et donc la sant\u00e9 globale de l&rsquo;athl\u00e9tisme dans le pays. Un classement \u00e9cras\u00e9 par l&rsquo;Italie, dont on a vu les repr\u00e9sentants quasiment \u00e0 chaque finale ! Un impressionnante \u00e9quipe d&rsquo;Italie qui surfe sur ses cinq m\u00e9dailles d&rsquo;or aux JO de Tokyo.<\/p>\n<blockquote class=\"twitter-tweet\">\n<p dir=\"ltr\" lang=\"fr\">Placing Table<\/p>\n<p>1. Italie \ud83c\uddee\ud83c\uddf9 84<br \/>\n2. Grande-Bretagne \ud83c\uddec\ud83c\udde7 72.50<br \/>\n3. Pays-Bas \ud83c\uddf3\ud83c\uddf1 69<br \/>\n4. Allemagne \ud83c\udde9\ud83c\uddea 61<br \/>\n5. France \ud83c\uddeb\ud83c\uddf7 58<br \/>\n6. Pologne \ud83c\uddf5\ud83c\uddf1 57.50<br \/>\n7. Belgique \ud83c\udde7\ud83c\uddea 57<br \/>\n8. Espagne \ud83c\uddea\ud83c\uddf8 52<br \/>\n9. Norv\u00e8ge \ud83c\uddf3\ud83c\uddf4 45<br \/>\n10. Portugal \ud83c\uddf5\ud83c\uddf9 41<br \/>\n11. Suisse \ud83c\udde8\ud83c\udded 37<br \/>\n12. R\u00e9publique-Tch\u00e8que \ud83c\udde8\ud83c\uddff 37<a href=\"https:\/\/t.co\/4ytppOLKzk\">https:\/\/t.co\/4ytppOLKzk<\/a><\/p>\n<p>\u2014 MR.CARTER (@NelsonCarterJr) <a href=\"https:\/\/twitter.com\/NelsonCarterJr\/status\/1632671910659076096?ref_src=twsrc%5Etfw\">March 6, 2023<\/a><\/p><\/blockquote>\n<p><script async src=\"https:\/\/platform.twitter.com\/widgets.js\" charset=\"utf-8\"><\/script><\/p>\n<h2 style=\"text-align: justify;\" align=\"justify\">Et des jeunes qui montent en puissance<\/h2>\n<p style=\"text-align: justify;\">Au-del\u00e0 de cette cinqui\u00e8me place, ce qui est int\u00e9ressant, c&rsquo;est le jeune \u00e2ge de celles et ceux qui sont en finale. On pense \u00e9videmment \u00e0 <strong>Just Kwaou-Mathey. <\/strong>3\u00e8me et qui s&rsquo;offre d\u00e9j\u00e0 sa deuxi\u00e8me m\u00e9daille \u00e0 seulement 23 ans. Mais aussi la jeunesse de <strong>Victor Coroller<\/strong> et <strong>T\u00e9o Andant.<\/strong> Qui ont couru dans le relais 4&#215;400 m fran\u00e7ais argent\u00e9.<\/p>\n<p style=\"text-align: justify;\"><strong>Ethan Cormont<\/strong>, <strong>La\u00ebticia\u00a0Bapt\u00e9<\/strong> et <a href=\"https:\/\/dicodusport.fr\/blog\/margot-chevrier-une-meilleure-maitrise-dans-mes-sauts-en-2023\/\"><strong>Margot Chevrier<\/strong><\/a> terminent pour la premi\u00e8re fois de leur carri\u00e8re finalistes (Top 8), tous cinqui\u00e8mes de leur \u00e9preuve. Le premier cit\u00e9 est n\u00e9 en 2000. Bapt\u00e9 et Chevrier sont n\u00e9es en 1999. Et confirment petit \u00e0 petit leurs progr\u00e8s, passant de bons au niveau fran\u00e7ais \u00e0 comp\u00e9titifs sur la sc\u00e8ne europ\u00e9enne. Et pour un <strong>Ethan Cormont<\/strong> et une <strong>Margot Chevrier<\/strong>, cela veut dire peser sur les d\u00e9bats au niveau mondial.<\/p>\n<p style=\"text-align: justify;\">On n&rsquo;oublie pas un <strong>Sasha Zhoya<\/strong> absent, n\u00e9 en 2002. Une <strong>L\u00e9onie Cambours<\/strong>, n\u00e9e en 2000. Qui n&rsquo;aurait pas fait t\u00e2che au pentathlon sans sa blessure, qui l&rsquo;a contrainte \u00e0 l&rsquo;abandon. On peut penser que tous les noms cit\u00e9s sont encore en pleine phase de progr\u00e8s et seront encore meilleurs dans les ann\u00e9es \u00e0 venir. Mais le souci, c&rsquo;est que les JO de Paris arrivent dans moins de 18 mois et que nos Fran\u00e7ais ne seront \u00e0 leur apog\u00e9e qu&rsquo;\u00e0 l&rsquo;olympiade suivante. Et c&rsquo;est dommage.<\/p>\n<div class=\"vlp-link-container vlp-layout-article\"><a href=\"https:\/\/dicodusport.fr\/blog\/tableau-des-medailles-championnats-deurope-en-salle-dathletisme-2023\/\" class=\"vlp-link\" title=\"Tableau des m\u00e9dailles Championnats d&#039;Europe en salle d&#039;athl\u00e9tisme 2023\"><\/a><div class=\"vlp-layout-zone-side\"><div class=\"vlp-block-4 vlp-link-image\"><img loading=\"lazy\" decoding=\"async\" style=\"max-width: 797px;\" width=\"797\" height=\"445\" src=\"https:\/\/dicodusport.fr\/blog\/wp-content\/uploads\/2023\/02\/Tableau-des-medailles-Championnats-dEurope-en-salle-dathletisme-2023.png\" class=\"attachment-800x445 size-800x445\" alt=\"Tableau des m\u00e9dailles Championnats d&#039;Europe en salle d&#039;athl\u00e9tisme 2023\" srcset=\"https:\/\/dicodusport.fr\/blog\/wp-content\/uploads\/2023\/02\/Tableau-des-medailles-Championnats-dEurope-en-salle-dathletisme-2023.png 1200w, https:\/\/dicodusport.fr\/blog\/wp-content\/uploads\/2023\/02\/Tableau-des-medailles-Championnats-dEurope-en-salle-dathletisme-2023-300x168.png 300w, https:\/\/dicodusport.fr\/blog\/wp-content\/uploads\/2023\/02\/Tableau-des-medailles-Championnats-dEurope-en-salle-dathletisme-2023-1024x572.png 1024w, https:\/\/dicodusport.fr\/blog\/wp-content\/uploads\/2023\/02\/Tableau-des-medailles-Championnats-dEurope-en-salle-dathletisme-2023-768x429.png 768w\" sizes=\"auto, (max-width: 797px) 100vw, 797px\" \/><\/div><\/div><div class=\"vlp-layout-zone-main\"><div class=\"vlp-block-0 vlp-link-title\">Tableau des m\u00e9dailles Championnats d'Europe en salle d'athl\u00e9tisme 2023<\/div><div class=\"vlp-block-1 vlp-link-summary\">ATHL\u00c9TISME - CHAMPIONNATS D'EUROPE EN SALLE 2023 - D\u00e9couvrez le tableau des m\u00e9dailles des championnats d'Europe en salle d'Istanbul (Turquie), qui se d\u00e9roulent du 2 au 5 mars 2023.<\/div><div class=\"vlp-block-2 vlp-link-button\">Lire l'article<\/div><div class=\"vlp-block-3 vlp-link-url\">dicodusport.fr<\/div><\/div><\/div>\n<p align=\"justify\">\n","protected":false},"excerpt":{"rendered":"<p>ATHL\u00c9TISME &#8211; Quel bilan pour l&rsquo;\u00e9quipe de France apr\u00e8s les championnats d&rsquo;Europe en salle 2023 ? Du bien et du moins bien.<\/p>\n","protected":false},"author":83,"featured_media":363005,"comment_status":"open","ping_status":"closed","sticky":false,"template":"","format":"standard","meta":{"_acf_changed":false,"_daextam_enable_autolinks":"","footnotes":""},"categories":[46996],"tags":[7383,16878,1257,24],"class_list":["post-362982","post","type-post","status-publish","format-standard","has-post-thumbnail","hentry","category-championnats-d-europe-athletisme","tag-athletisme-indoor","tag-breve","tag-kevin-mayer","tag-sport"],"acf":[],"yoast_head":"<!-- This site is optimized with the Yoast SEO Premium plugin v26.7 (Yoast SEO v26.7) - https:\/\/yoast.com\/wordpress\/plugins\/seo\/ -->\n<title>Athl\u00e9tisme Europe en salle 2023 : Le bilan de l&#039;\u00e9quipe de France<\/title>\n<meta name=\"description\" content=\"ATHL\u00c9TISME - Quel bilan pour l&#039;\u00e9quipe de France apr\u00e8s les championnats d&#039;Europe en salle 2023 ? Du bien et du moins bien.\" \/>\n<meta name=\"robots\" content=\"index, follow, max-snippet:-1, max-image-preview:large, max-video-preview:-1\" \/>\n<link rel=\"canonical\" href=\"https:\/\/dicodusport.fr\/blog\/athletisme-europe-en-salle-2023-le-bilan-de-l-equipe-de-france\/\" \/>\n<meta property=\"og:locale\" content=\"fr_FR\" \/>\n<meta property=\"og:type\" content=\"article\" \/>\n<meta property=\"og:title\" content=\"Athl\u00e9tisme Europe en salle 2023 : Le bilan de l&#039;\u00e9quipe de France\" \/>\n<meta property=\"og:description\" content=\"ATHL\u00c9TISME - Quel bilan pour l&#039;\u00e9quipe de France apr\u00e8s les championnats d&#039;Europe en salle 2023 ? Du bien et du moins bien.\" \/>\n<meta property=\"og:url\" content=\"https:\/\/dicodusport.fr\/blog\/athletisme-europe-en-salle-2023-le-bilan-de-l-equipe-de-france\/\" \/>\n<meta property=\"og:site_name\" content=\"Dicodusport\" \/>\n<meta property=\"article:publisher\" content=\"https:\/\/www.facebook.com\/dicodusport\" \/>\n<meta property=\"article:published_time\" content=\"2023-03-07T17:35:32+00:00\" \/>\n<meta property=\"article:modified_time\" content=\"2023-03-07T19:50:34+00:00\" \/>\n<meta property=\"og:image\" content=\"https:\/\/dicodusport.fr\/blog\/wp-content\/uploads\/2023\/03\/Athletisme-Le-Bilan-de-lequipe-de-France-aux-championnats-dEurope-2023.png\" \/>\n\t<meta property=\"og:image:width\" content=\"800\" \/>\n\t<meta property=\"og:image:height\" content=\"445\" \/>\n\t<meta property=\"og:image:type\" content=\"image\/png\" \/>\n<meta name=\"author\" content=\"Etienne Goursaud\" \/>\n<meta name=\"twitter:card\" content=\"summary_large_image\" \/>\n<meta name=\"twitter:title\" content=\"Athl\u00e9tisme Europe en salle 2023 : Le bilan de l&#039;\u00e9quipe de France\" \/>\n<meta name=\"twitter:creator\" content=\"@dicodusport\" \/>\n<meta name=\"twitter:site\" content=\"@dicodusport\" \/>\n<script type=\"application\/ld+json\" class=\"yoast-schema-graph\">{\"@context\":\"https:\/\/schema.org\",\"@graph\":[{\"@type\":\"NewsArticle\",\"@id\":\"https:\/\/dicodusport.fr\/blog\/athletisme-europe-en-salle-2023-le-bilan-de-l-equipe-de-france\/#article\",\"isPartOf\":{\"@id\":\"https:\/\/dicodusport.fr\/blog\/athletisme-europe-en-salle-2023-le-bilan-de-l-equipe-de-france\/\"},\"author\":{\"name\":\"Etienne Goursaud\",\"@id\":\"https:\/\/dicodusport.fr\/blog\/#\/schema\/person\/d603dd7da31fb2b46c82b9835a77ec13\"},\"headline\":\"Athl\u00e9tisme Europe en salle 2023 : Le bilan de l&rsquo;\u00e9quipe de France\",\"datePublished\":\"2023-03-07T17:35:32+00:00\",\"dateModified\":\"2023-03-07T19:50:34+00:00\",\"mainEntityOfPage\":{\"@id\":\"https:\/\/dicodusport.fr\/blog\/athletisme-europe-en-salle-2023-le-bilan-de-l-equipe-de-france\/\"},\"wordCount\":952,\"commentCount\":0,\"publisher\":{\"@id\":\"https:\/\/dicodusport.fr\/blog\/#organization\"},\"image\":{\"@id\":\"https:\/\/dicodusport.fr\/blog\/athletisme-europe-en-salle-2023-le-bilan-de-l-equipe-de-france\/#primaryimage\"},\"thumbnailUrl\":\"https:\/\/dicodusport.fr\/blog\/wp-content\/uploads\/2023\/03\/Athletisme-Le-Bilan-de-lequipe-de-France-aux-championnats-dEurope-2023.png\",\"keywords\":[\"athl\u00e9tisme indoor\",\"br\u00e8ve\",\"Kevin Mayer\",\"sport\"],\"articleSection\":[\"Championnats d'Europe d'athl\u00e9tisme\"],\"inLanguage\":\"fr-FR\",\"potentialAction\":[{\"@type\":\"CommentAction\",\"name\":\"Comment\",\"target\":[\"https:\/\/dicodusport.fr\/blog\/athletisme-europe-en-salle-2023-le-bilan-de-l-equipe-de-france\/#respond\"]}],\"copyrightYear\":\"2023\",\"copyrightHolder\":{\"@id\":\"https:\/\/dicodusport.fr\/blog\/#organization\"}},{\"@type\":\"WebPage\",\"@id\":\"https:\/\/dicodusport.fr\/blog\/athletisme-europe-en-salle-2023-le-bilan-de-l-equipe-de-france\/\",\"url\":\"https:\/\/dicodusport.fr\/blog\/athletisme-europe-en-salle-2023-le-bilan-de-l-equipe-de-france\/\",\"name\":\"Athl\u00e9tisme Europe en salle 2023 : Le bilan de l'\u00e9quipe de France\",\"isPartOf\":{\"@id\":\"https:\/\/dicodusport.fr\/blog\/#website\"},\"primaryImageOfPage\":{\"@id\":\"https:\/\/dicodusport.fr\/blog\/athletisme-europe-en-salle-2023-le-bilan-de-l-equipe-de-france\/#primaryimage\"},\"image\":{\"@id\":\"https:\/\/dicodusport.fr\/blog\/athletisme-europe-en-salle-2023-le-bilan-de-l-equipe-de-france\/#primaryimage\"},\"thumbnailUrl\":\"https:\/\/dicodusport.fr\/blog\/wp-content\/uploads\/2023\/03\/Athletisme-Le-Bilan-de-lequipe-de-France-aux-championnats-dEurope-2023.png\",\"datePublished\":\"2023-03-07T17:35:32+00:00\",\"dateModified\":\"2023-03-07T19:50:34+00:00\",\"description\":\"ATHL\u00c9TISME - Quel bilan pour l'\u00e9quipe de France apr\u00e8s les championnats d'Europe en salle 2023 ? Du bien et du moins bien.\",\"breadcrumb\":{\"@id\":\"https:\/\/dicodusport.fr\/blog\/athletisme-europe-en-salle-2023-le-bilan-de-l-equipe-de-france\/#breadcrumb\"},\"inLanguage\":\"fr-FR\",\"potentialAction\":[{\"@type\":\"ReadAction\",\"target\":[\"https:\/\/dicodusport.fr\/blog\/athletisme-europe-en-salle-2023-le-bilan-de-l-equipe-de-france\/\"]}]},{\"@type\":\"ImageObject\",\"inLanguage\":\"fr-FR\",\"@id\":\"https:\/\/dicodusport.fr\/blog\/athletisme-europe-en-salle-2023-le-bilan-de-l-equipe-de-france\/#primaryimage\",\"url\":\"https:\/\/dicodusport.fr\/blog\/wp-content\/uploads\/2023\/03\/Athletisme-Le-Bilan-de-lequipe-de-France-aux-championnats-dEurope-2023.png\",\"contentUrl\":\"https:\/\/dicodusport.fr\/blog\/wp-content\/uploads\/2023\/03\/Athletisme-Le-Bilan-de-lequipe-de-France-aux-championnats-dEurope-2023.png\",\"width\":800,\"height\":445,\"caption\":\"Photo Icon Sport\"},{\"@type\":\"BreadcrumbList\",\"@id\":\"https:\/\/dicodusport.fr\/blog\/athletisme-europe-en-salle-2023-le-bilan-de-l-equipe-de-france\/#breadcrumb\",\"itemListElement\":[{\"@type\":\"ListItem\",\"position\":1,\"name\":\"Accueil\",\"item\":\"https:\/\/dicodusport.fr\/blog\/\"},{\"@type\":\"ListItem\",\"position\":2,\"name\":\"Athl\u00e9tisme Europe en salle 2023 : Le bilan de l&rsquo;\u00e9quipe de France\"}]},{\"@type\":\"WebSite\",\"@id\":\"https:\/\/dicodusport.fr\/blog\/#website\",\"url\":\"https:\/\/dicodusport.fr\/blog\/\",\"name\":\"Dicodusport\",\"description\":\"L&#039;encyclop\u00e9die de l&#039;actualit\u00e9 sportive\",\"publisher\":{\"@id\":\"https:\/\/dicodusport.fr\/blog\/#organization\"},\"potentialAction\":[{\"@type\":\"SearchAction\",\"target\":{\"@type\":\"EntryPoint\",\"urlTemplate\":\"https:\/\/dicodusport.fr\/blog\/?s={search_term_string}\"},\"query-input\":{\"@type\":\"PropertyValueSpecification\",\"valueRequired\":true,\"valueName\":\"search_term_string\"}}],\"inLanguage\":\"fr-FR\"},{\"@type\":\"NewsMediaOrganization\",\"@id\":\"https:\/\/dicodusport.fr\/blog\/#organization\",\"name\":\"Dicodusport\",\"url\":\"https:\/\/dicodusport.fr\/blog\/\",\"logo\":{\"@type\":\"ImageObject\",\"inLanguage\":\"fr-FR\",\"@id\":\"https:\/\/dicodusport.fr\/blog\/#\/schema\/logo\/image\/\",\"url\":\"https:\/\/dicodusport.fr\/blog\/wp-content\/uploads\/2020\/06\/cropped-LOGO-DICODUSPORT-2020-SANS-FOND-SANS-TEXTE.png\",\"contentUrl\":\"https:\/\/dicodusport.fr\/blog\/wp-content\/uploads\/2020\/06\/cropped-LOGO-DICODUSPORT-2020-SANS-FOND-SANS-TEXTE.png\",\"width\":512,\"height\":512,\"caption\":\"Dicodusport\"},\"image\":{\"@id\":\"https:\/\/dicodusport.fr\/blog\/#\/schema\/logo\/image\/\"},\"sameAs\":[\"https:\/\/www.facebook.com\/dicodusport\",\"https:\/\/x.com\/dicodusport\",\"https:\/\/www.instagram.com\/dicodusport\/\",\"https:\/\/www.youtube.com\/channel\/UC7V2KZ5sd3htJivAbA4ZG3w\"],\"description\":\"Dicodusport est l'encyclop\u00e9die de l'actualit\u00e9 sportive.\",\"email\":\"bonjour@dicodusport.fr\",\"legalName\":\"DICODUSPORT\",\"foundingDate\":\"2018-01-14\",\"vatID\":\"FR71834470973\",\"taxID\":\"83447097300043\",\"numberOfEmployees\":{\"@type\":\"QuantitativeValue\",\"minValue\":\"1\",\"maxValue\":\"10\"}},{\"@type\":\"Person\",\"@id\":\"https:\/\/dicodusport.fr\/blog\/#\/schema\/person\/d603dd7da31fb2b46c82b9835a77ec13\",\"name\":\"Etienne Goursaud\",\"image\":{\"@type\":\"ImageObject\",\"inLanguage\":\"fr-FR\",\"@id\":\"https:\/\/dicodusport.fr\/blog\/#\/schema\/person\/image\/\",\"url\":\"https:\/\/dicodusport.fr\/blog\/wp-content\/uploads\/2023\/12\/410122264_10231602061736049_5565839791558026645_n-150x150.jpg\",\"contentUrl\":\"https:\/\/dicodusport.fr\/blog\/wp-content\/uploads\/2023\/12\/410122264_10231602061736049_5565839791558026645_n-150x150.jpg\",\"caption\":\"Etienne Goursaud\"},\"description\":\"Journaliste et amoureux de sport. Ancien footballeur reconverti athl\u00e8te quand ses muscles le laissent tranquille. \u00c9lev\u00e9 \u00e0 la sauce des exploits de Thomas Voeckler en 2004, du dernier essai de l\u00e9gende de Eunice Barber \u00e0 la longueur lors des championnats du monde d'athl\u00e9tisme de 2003 mais aussi Zidane, Omeyer et Titou Lamaison.\",\"url\":\"https:\/\/dicodusport.fr\/blog\/author\/etienne-goursaud\/\"}]}<\/script>\n<!-- \/ Yoast SEO Premium plugin. -->","yoast_head_json":{"title":"Athl\u00e9tisme Europe en salle 2023 : Le bilan de l'\u00e9quipe de France","description":"ATHL\u00c9TISME - Quel bilan pour l'\u00e9quipe de France apr\u00e8s les championnats d'Europe en salle 2023 ? Du bien et du moins bien.","robots":{"index":"index","follow":"follow","max-snippet":"max-snippet:-1","max-image-preview":"max-image-preview:large","max-video-preview":"max-video-preview:-1"},"canonical":"https:\/\/dicodusport.fr\/blog\/athletisme-europe-en-salle-2023-le-bilan-de-l-equipe-de-france\/","og_locale":"fr_FR","og_type":"article","og_title":"Athl\u00e9tisme Europe en salle 2023 : Le bilan de l'\u00e9quipe de France","og_description":"ATHL\u00c9TISME - Quel bilan pour l'\u00e9quipe de France apr\u00e8s les championnats d'Europe en salle 2023 ? Du bien et du moins bien.","og_url":"https:\/\/dicodusport.fr\/blog\/athletisme-europe-en-salle-2023-le-bilan-de-l-equipe-de-france\/","og_site_name":"Dicodusport","article_publisher":"https:\/\/www.facebook.com\/dicodusport","article_published_time":"2023-03-07T17:35:32+00:00","article_modified_time":"2023-03-07T19:50:34+00:00","og_image":[{"width":800,"height":445,"url":"https:\/\/dicodusport.fr\/blog\/wp-content\/uploads\/2023\/03\/Athletisme-Le-Bilan-de-lequipe-de-France-aux-championnats-dEurope-2023.png","type":"image\/png"}],"author":"Etienne Goursaud","twitter_card":"summary_large_image","twitter_title":"Athl\u00e9tisme Europe en salle 2023 : Le bilan de l'\u00e9quipe de France","twitter_creator":"@dicodusport","twitter_site":"@dicodusport","schema":{"@context":"https:\/\/schema.org","@graph":[{"@type":"NewsArticle","@id":"https:\/\/dicodusport.fr\/blog\/athletisme-europe-en-salle-2023-le-bilan-de-l-equipe-de-france\/#article","isPartOf":{"@id":"https:\/\/dicodusport.fr\/blog\/athletisme-europe-en-salle-2023-le-bilan-de-l-equipe-de-france\/"},"author":{"name":"Etienne Goursaud","@id":"https:\/\/dicodusport.fr\/blog\/#\/schema\/person\/d603dd7da31fb2b46c82b9835a77ec13"},"headline":"Athl\u00e9tisme Europe en salle 2023 : Le bilan de l&rsquo;\u00e9quipe de France","datePublished":"2023-03-07T17:35:32+00:00","dateModified":"2023-03-07T19:50:34+00:00","mainEntityOfPage":{"@id":"https:\/\/dicodusport.fr\/blog\/athletisme-europe-en-salle-2023-le-bilan-de-l-equipe-de-france\/"},"wordCount":952,"commentCount":0,"publisher":{"@id":"https:\/\/dicodusport.fr\/blog\/#organization"},"image":{"@id":"https:\/\/dicodusport.fr\/blog\/athletisme-europe-en-salle-2023-le-bilan-de-l-equipe-de-france\/#primaryimage"},"thumbnailUrl":"https:\/\/dicodusport.fr\/blog\/wp-content\/uploads\/2023\/03\/Athletisme-Le-Bilan-de-lequipe-de-France-aux-championnats-dEurope-2023.png","keywords":["athl\u00e9tisme indoor","br\u00e8ve","Kevin Mayer","sport"],"articleSection":["Championnats d'Europe d'athl\u00e9tisme"],"inLanguage":"fr-FR","potentialAction":[{"@type":"CommentAction","name":"Comment","target":["https:\/\/dicodusport.fr\/blog\/athletisme-europe-en-salle-2023-le-bilan-de-l-equipe-de-france\/#respond"]}],"copyrightYear":"2023","copyrightHolder":{"@id":"https:\/\/dicodusport.fr\/blog\/#organization"}},{"@type":"WebPage","@id":"https:\/\/dicodusport.fr\/blog\/athletisme-europe-en-salle-2023-le-bilan-de-l-equipe-de-france\/","url":"https:\/\/dicodusport.fr\/blog\/athletisme-europe-en-salle-2023-le-bilan-de-l-equipe-de-france\/","name":"Athl\u00e9tisme Europe en salle 2023 : Le bilan de l'\u00e9quipe de France","isPartOf":{"@id":"https:\/\/dicodusport.fr\/blog\/#website"},"primaryImageOfPage":{"@id":"https:\/\/dicodusport.fr\/blog\/athletisme-europe-en-salle-2023-le-bilan-de-l-equipe-de-france\/#primaryimage"},"image":{"@id":"https:\/\/dicodusport.fr\/blog\/athletisme-europe-en-salle-2023-le-bilan-de-l-equipe-de-france\/#primaryimage"},"thumbnailUrl":"https:\/\/dicodusport.fr\/blog\/wp-content\/uploads\/2023\/03\/Athletisme-Le-Bilan-de-lequipe-de-France-aux-championnats-dEurope-2023.png","datePublished":"2023-03-07T17:35:32+00:00","dateModified":"2023-03-07T19:50:34+00:00","description":"ATHL\u00c9TISME - Quel bilan pour l'\u00e9quipe de France apr\u00e8s les championnats d'Europe en salle 2023 ? Du bien et du moins bien.","breadcrumb":{"@id":"https:\/\/dicodusport.fr\/blog\/athletisme-europe-en-salle-2023-le-bilan-de-l-equipe-de-france\/#breadcrumb"},"inLanguage":"fr-FR","potentialAction":[{"@type":"ReadAction","target":["https:\/\/dicodusport.fr\/blog\/athletisme-europe-en-salle-2023-le-bilan-de-l-equipe-de-france\/"]}]},{"@type":"ImageObject","inLanguage":"fr-FR","@id":"https:\/\/dicodusport.fr\/blog\/athletisme-europe-en-salle-2023-le-bilan-de-l-equipe-de-france\/#primaryimage","url":"https:\/\/dicodusport.fr\/blog\/wp-content\/uploads\/2023\/03\/Athletisme-Le-Bilan-de-lequipe-de-France-aux-championnats-dEurope-2023.png","contentUrl":"https:\/\/dicodusport.fr\/blog\/wp-content\/uploads\/2023\/03\/Athletisme-Le-Bilan-de-lequipe-de-France-aux-championnats-dEurope-2023.png","width":800,"height":445,"caption":"Photo Icon Sport"},{"@type":"BreadcrumbList","@id":"https:\/\/dicodusport.fr\/blog\/athletisme-europe-en-salle-2023-le-bilan-de-l-equipe-de-france\/#breadcrumb","itemListElement":[{"@type":"ListItem","position":1,"name":"Accueil","item":"https:\/\/dicodusport.fr\/blog\/"},{"@type":"ListItem","position":2,"name":"Athl\u00e9tisme Europe en salle 2023 : Le bilan de l&rsquo;\u00e9quipe de France"}]},{"@type":"WebSite","@id":"https:\/\/dicodusport.fr\/blog\/#website","url":"https:\/\/dicodusport.fr\/blog\/","name":"Dicodusport","description":"L&#039;encyclop\u00e9die de l&#039;actualit\u00e9 sportive","publisher":{"@id":"https:\/\/dicodusport.fr\/blog\/#organization"},"potentialAction":[{"@type":"SearchAction","target":{"@type":"EntryPoint","urlTemplate":"https:\/\/dicodusport.fr\/blog\/?s={search_term_string}"},"query-input":{"@type":"PropertyValueSpecification","valueRequired":true,"valueName":"search_term_string"}}],"inLanguage":"fr-FR"},{"@type":"NewsMediaOrganization","@id":"https:\/\/dicodusport.fr\/blog\/#organization","name":"Dicodusport","url":"https:\/\/dicodusport.fr\/blog\/","logo":{"@type":"ImageObject","inLanguage":"fr-FR","@id":"https:\/\/dicodusport.fr\/blog\/#\/schema\/logo\/image\/","url":"https:\/\/dicodusport.fr\/blog\/wp-content\/uploads\/2020\/06\/cropped-LOGO-DICODUSPORT-2020-SANS-FOND-SANS-TEXTE.png","contentUrl":"https:\/\/dicodusport.fr\/blog\/wp-content\/uploads\/2020\/06\/cropped-LOGO-DICODUSPORT-2020-SANS-FOND-SANS-TEXTE.png","width":512,"height":512,"caption":"Dicodusport"},"image":{"@id":"https:\/\/dicodusport.fr\/blog\/#\/schema\/logo\/image\/"},"sameAs":["https:\/\/www.facebook.com\/dicodusport","https:\/\/x.com\/dicodusport","https:\/\/www.instagram.com\/dicodusport\/","https:\/\/www.youtube.com\/channel\/UC7V2KZ5sd3htJivAbA4ZG3w"],"description":"Dicodusport est l'encyclop\u00e9die de l'actualit\u00e9 sportive.","email":"bonjour@dicodusport.fr","legalName":"DICODUSPORT","foundingDate":"2018-01-14","vatID":"FR71834470973","taxID":"83447097300043","numberOfEmployees":{"@type":"QuantitativeValue","minValue":"1","maxValue":"10"}},{"@type":"Person","@id":"https:\/\/dicodusport.fr\/blog\/#\/schema\/person\/d603dd7da31fb2b46c82b9835a77ec13","name":"Etienne Goursaud","image":{"@type":"ImageObject","inLanguage":"fr-FR","@id":"https:\/\/dicodusport.fr\/blog\/#\/schema\/person\/image\/","url":"https:\/\/dicodusport.fr\/blog\/wp-content\/uploads\/2023\/12\/410122264_10231602061736049_5565839791558026645_n-150x150.jpg","contentUrl":"https:\/\/dicodusport.fr\/blog\/wp-content\/uploads\/2023\/12\/410122264_10231602061736049_5565839791558026645_n-150x150.jpg","caption":"Etienne Goursaud"},"description":"Journaliste et amoureux de sport. Ancien footballeur reconverti athl\u00e8te quand ses muscles le laissent tranquille. \u00c9lev\u00e9 \u00e0 la sauce des exploits de Thomas Voeckler en 2004, du dernier essai de l\u00e9gende de Eunice Barber \u00e0 la longueur lors des championnats du monde d'athl\u00e9tisme de 2003 mais aussi Zidane, Omeyer et Titou Lamaison.","url":"https:\/\/dicodusport.fr\/blog\/author\/etienne-goursaud\/"}]}},"_links":{"self":[{"href":"https:\/\/dicodusport.fr\/blog\/wp-json\/wp\/v2\/posts\/362982","targetHints":{"allow":["GET"]}}],"collection":[{"href":"https:\/\/dicodusport.fr\/blog\/wp-json\/wp\/v2\/posts"}],"about":[{"href":"https:\/\/dicodusport.fr\/blog\/wp-json\/wp\/v2\/types\/post"}],"author":[{"embeddable":true,"href":"https:\/\/dicodusport.fr\/blog\/wp-json\/wp\/v2\/users\/83"}],"replies":[{"embeddable":true,"href":"https:\/\/dicodusport.fr\/blog\/wp-json\/wp\/v2\/comments?post=362982"}],"version-history":[{"count":0,"href":"https:\/\/dicodusport.fr\/blog\/wp-json\/wp\/v2\/posts\/362982\/revisions"}],"wp:featuredmedia":[{"embeddable":true,"href":"https:\/\/dicodusport.fr\/blog\/wp-json\/wp\/v2\/media\/363005"}],"wp:attachment":[{"href":"https:\/\/dicodusport.fr\/blog\/wp-json\/wp\/v2\/media?parent=362982"}],"wp:term":[{"taxonomy":"category","embeddable":true,"href":"https:\/\/dicodusport.fr\/blog\/wp-json\/wp\/v2\/categories?post=362982"},{"taxonomy":"post_tag","embeddable":true,"href":"https:\/\/dicodusport.fr\/blog\/wp-json\/wp\/v2\/tags?post=362982"}],"curies":[{"name":"wp","href":"https:\/\/api.w.org\/{rel}","templated":true}]}}