{"id":363019,"date":"2023-03-07T16:38:38","date_gmt":"2023-03-07T15:38:38","guid":{"rendered":"https:\/\/dicodusport.fr\/blog\/?p=363019&#038;preview=true&#038;preview_id=363019"},"modified":"2023-03-07T21:28:32","modified_gmt":"2023-03-07T20:28:32","slug":"paris-nice-2023-la-jumbo-visma-remporte-le-chrono-par-equipes-cort-nielsen-en-jaune","status":"publish","type":"post","link":"https:\/\/dicodusport.fr\/blog\/paris-nice-2023-la-jumbo-visma-remporte-le-chrono-par-equipes-cort-nielsen-en-jaune\/","title":{"rendered":"Paris-Nice 2023 : La Jumbo-Visma remporte le chrono par \u00e9quipes, Cort Nielsen en jaune"},"content":{"rendered":"<p align=\"justify\"><em><strong><a href=\"https:\/\/dicodusport.fr\/blog\/actualites\/cyclisme\/cyclisme-sur-route-2023\/#google_vignette\">PARIS-NICE 2023<\/a> &#8211; La formation Jumbo-Visma remporte le chrono par \u00e9quipes de 32,2 kilom\u00e8tres autour de Dampierre-en-Burly. Devant la formation EF Education-EasyPost<\/strong><strong> qui s&rsquo;incline pour une seconde. Mais c&rsquo;est son coureur, Magnus Cort Nielsen, qui prend le jaune. Tadej Pogacar conc\u00e8de 23 secondes \u00e0 Jonas Vingegaard. La Jayco AlUla prend la troisi\u00e8me place \u00e0 4 secondes.<\/strong><\/em><\/p>\n<p align=\"justify\">Au bout du suspense. La <strong>Jumbo-Visma<\/strong> a longtemps cru faire le plus dur, sur la 3\u00e8me \u00e9tape de Paris-Nice. En dominant la <strong>Jayco Alula <\/strong>de quatre secondes. Mais la formation n\u00e9erlandaise a \u00e9t\u00e9 challeng\u00e9e par l&rsquo;\u00e9curie <strong>EF Education-EasyPost<\/strong>, qui s&rsquo;incline pour une seconde.<\/p>\n<p align=\"justify\">La <strong>Lotto-Dstny<\/strong> nous a offert la premi\u00e8re image tant attendue, celle du coureur qui termine le travail en solitaire de son \u00e9quipe. Le temps du chrono \u00e9tant pris sur le premier coureur arriv\u00e9 et non sur le cinqui\u00e8me ou le quatri\u00e8me comme toujours, chose in\u00e9dite et qui \u00e9tait une vraie attraction sur ce<strong> Paris-Nice 2023<\/strong>. Cependant, il ne faut pas qu&rsquo;un leader au g\u00e9n\u00e9ral se rel\u00e8ve. S&rsquo;il prend une cassure, il ne sera pas compt\u00e9 dans le temps du meilleur coureur de son \u00e9quipe. Il faut calculer.<\/p>\n<h2 style=\"text-align: justify;\" align=\"justify\">Seule la Jumbo-Visma devant la Team Jayco AlUla au premier interm\u00e9diaire<\/h2>\n<p align=\"justify\">Dans la pure tradition de l&rsquo;\u00e9quipe, vainqueur du contre-la-montre par \u00e9quipes du Tour 2013 &#8211; alors appel\u00e9e <strong>Orica-GreenEDGE<\/strong> &#8211; la <strong>Team Jayco AlUla<\/strong> de Simon Yates a frapp\u00e9 fort sur le premier interm\u00e9diaire. Prenant le meilleur temps \u00e0 la mi-course. Et le d\u00e9bours est d\u00e9j\u00e0 important pour tous les autres favoris ! La <strong>Bahrain Victorious<\/strong> de Jack Haig est d\u00e9j\u00e0 \u00e0 23 secondes, la redoutable formation <strong>INEOS Grenadiers<\/strong>, toujours tr\u00e8s forte dans cet exercice, pointe elle \u00e0 24 secondes. En revanche, c&rsquo;est mieux pour la DSM de <strong>Romain Bardet<\/strong>. Qui ne pointe qu&rsquo;\u00e0 15 petites secondes des Australiens \u00e0 la mi-course et fait jeu \u00e9gal avec la UAE Team Emirates de <strong>Tadej Pogacar<\/strong>.<\/p>\n<p align=\"justify\">La <strong>Bora-Hansgrohe<\/strong> r\u00e9siste encore mieux \u00e0 5 secondes.\u00a0Et la Groupama-FDJ impressionne \u00e9galement. L&rsquo;\u00e9quipe de <strong>David Gaudu<\/strong> ne perd que 7 secondes au premier interm\u00e9diaire. Seule la Jumbo-Visma de <strong>Jonas Vingegaard<\/strong> se retrouve devant ! Mais pour seulement 44 centi\u00e8mes. On attendait la formation n\u00e9erlandaise largement au-dessus du lot, avec la puissance collective de cette \u00e9quipe. Mais qui ne parvient pas \u00e0 tant creuser les \u00e9carts que cela.<\/p>\n<p align=\"justify\">\u00c9videmment, il fallait attendre la suite de ce chrono, forc\u00e9ment particulier, pour en savoir plus. Et c&rsquo;est \u00e0 deux que cette formation arrive, avec <strong>Michael Matthews<\/strong> et bien \u00e9videmment <strong>Simon Yates<\/strong>. La <strong>Team Jayco AlUla<\/strong> prend alors le lead de l&rsquo;\u00e9tape.<\/p>\n<p align=\"justify\">Mais c&rsquo;est bien la formation <strong>Jumbo-Visma<\/strong> qui rafle la mise. Les N\u00e9erlandais de <strong>Jonas Vingegaard<\/strong> ont su rouler plus vite que la <strong>Team Jayco AlUla<\/strong>, pour l&#8217;emporter de quatre secondes. Mais ne propulsant pas Nathan Van Hooydonck &#8211; qui s&rsquo;est accroch\u00e9 &#8211; en t\u00eate du classement g\u00e9n\u00e9ral. Car la <strong>EF Education-EasyPost<\/strong>, pass\u00e9e \u00e0 10 secondes au premier interm\u00e9diaire, a r\u00e9alis\u00e9 un final en boulet de canon. La formation am\u00e9ricaine propulse <strong>Magnus Cort Nielsen<\/strong>, qui vient mourir \u00e0 une seconde. Mais les Am\u00e9ricains se consolent avec la prise du maillot jaune du vainqueur d&rsquo;\u00e9tapes sur la Vuelta 2021 et le Tour 2022. Tenante du titre avec Primoz Roglic, mais secou\u00e9e depuis le d\u00e9but de ce Paris-Nice 2023, la Jumbo-Visma rectifie le tir, mais n&rsquo;a pas \u00e9cras\u00e9 la course, loin de l\u00e0.<\/p>\n<blockquote class=\"twitter-tweet\">\n<p dir=\"ltr\" lang=\"fr\"><a href=\"https:\/\/twitter.com\/hashtag\/ParisNice?src=hash&amp;ref_src=twsrc%5Etfw\">#ParisNice<\/a> | \u23f1 Comme pr\u00e9vu, l&rsquo;\u00e9quipe Jumbo Visma \ud83c\uddf3\ud83c\uddf1 et son leader Jonas Vingegaard \ud83c\udde9\ud83c\uddf0 signent le meilleur temps provisoire \u00e0 l&rsquo;arriv\u00e9e.<\/p>\n<p>\ud83d\udd34 Le direct : <a href=\"https:\/\/t.co\/TTfPPk1pZc\">https:\/\/t.co\/TTfPPk1pZc<\/a> <a href=\"https:\/\/t.co\/SkCcV7ecHS\">pic.twitter.com\/SkCcV7ecHS<\/a><\/p>\n<p>\u2014 francetvsport (@francetvsport) <a href=\"https:\/\/twitter.com\/francetvsport\/status\/1633130155043348481?ref_src=twsrc%5Etfw\">March 7, 2023<\/a><\/p><\/blockquote>\n<p><script async src=\"https:\/\/platform.twitter.com\/widgets.js\" charset=\"utf-8\"><\/script><\/p>\n<h2 align=\"justify\">Pogacar limite la casse, Gaudu se place<\/h2>\n<p align=\"justify\">La <strong>Bora-Hansgrohe<\/strong> conc\u00e8de 25 secondes. M\u00eame sanction pour l&rsquo;\u00e9quipe DSM, qui a coinc\u00e9 dans la deuxi\u00e8me partie de course, malgr\u00e9 le fait qu&rsquo;elle soit rest\u00e9e au complet durant la majeure partie du chrono.<\/p>\n<p align=\"justify\">S&rsquo;il ne gagnera pas de temps, <strong>Tadej Pogacar<\/strong> a r\u00e9alis\u00e9 une vraie d\u00e9monstration sur la deuxi\u00e8me moiti\u00e9 du parcours. Sa formation, rapidement r\u00e9duite \u00e0 3 puis 2 coureurs, n&rsquo;a conc\u00e9d\u00e9 que 4 secondes suppl\u00e9mentaires sur la <strong>Team Jayco AlUla<\/strong>. Avec de gros relais de <strong>Mikkel Bjerg<\/strong> pour propulser le Slov\u00e8ne. Au total, ce sont 23 secondes perdues sur <strong>Jonas Vingegaard<\/strong>. <strong>Tadej Pogacar<\/strong> est \u00e0 11 secondes du vainqueur du Tour de France 2022.<\/p>\n<p align=\"justify\">Grosse performance \u00e9galement de la formation <strong>Groupama-FDJ<\/strong>. Qui a longtemps cru tenir le podium de l&rsquo;\u00e9tape. La bande \u00e0 <strong>David Gaudu<\/strong> ne conc\u00e8de que 14 secondes sur la Jumbo-Visma et se classe \u00e0 la 4e place de l&rsquo;\u00e9tape. Une performance majuscule de la formation fran\u00e7aise qui s&rsquo;offre des \u00e9quipes r\u00e9f\u00e9rences, comme la <strong>Bora-Hansgrohe<\/strong>,<strong> INEOS Grenadiers<\/strong> et bien s\u00fbr la <strong>UAE Team Emirates<\/strong>.<\/p>\n<blockquote class=\"twitter-tweet\">\n<p dir=\"ltr\" lang=\"fr\"><a href=\"https:\/\/twitter.com\/hashtag\/ParisNice?src=hash&amp;ref_src=twsrc%5Etfw\">#ParisNice<\/a> | \u23f1 Tr\u00e8s belle op\u00e9ration de la Groupama-FDJ et de David Gaudu \ud83c\uddeb\ud83c\uddf7 qui passe la ligne emmen\u00e9 par le sp\u00e9cialiste Stefan K\u00fcng \ud83c\udde8\ud83c\udded !<\/p>\n<p>\ud83d\udd34 Le direct : <a href=\"https:\/\/t.co\/TTfPPk1XOK\">https:\/\/t.co\/TTfPPk1XOK<\/a> <a href=\"https:\/\/t.co\/LdXm6EggaU\">pic.twitter.com\/LdXm6EggaU<\/a><\/p>\n<p>\u2014 francetvsport (@francetvsport) <a href=\"https:\/\/twitter.com\/francetvsport\/status\/1633124677307748352?ref_src=twsrc%5Etfw\">March 7, 2023<\/a><\/p><\/blockquote>\n<p><script async src=\"https:\/\/platform.twitter.com\/widgets.js\" charset=\"utf-8\"><\/script><\/p>\n<p align=\"justify\">La <strong>Bahrain Victorious<\/strong> conc\u00e8de 47 secondes, plus d&rsquo;une seconde par kilom\u00e8tre. D\u00e8s lors, on savait que cela allait \u00eatre dur d&rsquo;aller rechercher cette formation <strong>Team Jayco AlUla<\/strong>. C&rsquo;est \u00e0 peu pr\u00e8s la m\u00eame sanction pour la <strong>INEOS Grenadiers <\/strong>et la <strong>Team DSM <\/strong>de <strong>Romain Bardet<\/strong>. <strong>Daniel Martinez<\/strong> conc\u00e8de 48 secondes \u00e0 <strong>Jonas Vingegaard<\/strong>. C&rsquo;est beaucoup dans une \u00e9dition qui pourrait encore se jouer \u00e0 coup de secondes.<\/p>\n<h2>\u00c0 lire aussi<\/h2>\n<ul>\n<li><a href=\"https:\/\/dicodusport.fr\/blog\/paris-nice-2023-classement-2eme-etape\/\"><strong>Le classement de la 2\u00e8me \u00e9tape de Paris-Nice 2023<\/strong><\/a><\/li>\n<li><a href=\"https:\/\/dicodusport.fr\/blog\/paris-nice-2023-classement-general\/\"><strong>Le classement g\u00e9n\u00e9ral de Paris-Nice 2023<\/strong><\/a><\/li>\n<\/ul>\n","protected":false},"excerpt":{"rendered":"<p>PARIS-NICE 2023 &#8211; La formation Jumbo-Visma remporte le chrono par \u00e9quipes de 32,2 kilom\u00e8tres autour de Dampierre-en-Burly. Devant la formation EF Education-EasyPost qui s&rsquo;incline pour une seconde. Mais c&rsquo;est son coureur, Magnus Cort Nielsen, qui prend le jaune. Tadej Pogacar conc\u00e8de 23 secondes \u00e0 Jonas Vingegaard. La Jayco AlUla prend la troisi\u00e8me place \u00e0 4 secondes.<\/p>\n","protected":false},"author":83,"featured_media":363084,"comment_status":"open","ping_status":"closed","sticky":false,"template":"","format":"standard","meta":{"_acf_changed":false,"_daextam_enable_autolinks":"","footnotes":""},"categories":[46994],"tags":[16878,5328,24],"class_list":["post-363019","post","type-post","status-publish","format-standard","has-post-thumbnail","hentry","category-cyclisme-sur-route","tag-breve","tag-contre-la-montre","tag-sport"],"acf":[],"yoast_head":"<!-- This site is optimized with the Yoast SEO Premium plugin v26.7 (Yoast SEO v26.7) - https:\/\/yoast.com\/wordpress\/plugins\/seo\/ -->\n<title>Paris-Nice 2023 : La Jumbo-Visma remporte le chrono par \u00e9quipes, Cort Nielsen en jaune<\/title>\n<meta name=\"description\" content=\"PARIS-NICE 2023 - La formation Jumbo-Visma remporte le chrono par \u00e9quipes de 32,2 kilom\u00e8tres autour de Dampierre-en-Burly.\" \/>\n<meta name=\"robots\" content=\"index, follow, max-snippet:-1, max-image-preview:large, max-video-preview:-1\" \/>\n<link rel=\"canonical\" href=\"https:\/\/dicodusport.fr\/blog\/paris-nice-2023-la-jumbo-visma-remporte-le-chrono-par-equipes-cort-nielsen-en-jaune\/\" \/>\n<meta property=\"og:locale\" content=\"fr_FR\" \/>\n<meta property=\"og:type\" content=\"article\" \/>\n<meta property=\"og:title\" content=\"Paris-Nice 2023 : La Jumbo-Visma remporte le chrono par \u00e9quipes, Cort Nielsen en jaune\" \/>\n<meta property=\"og:description\" content=\"PARIS-NICE 2023 - La formation Jumbo-Visma remporte le chrono par \u00e9quipes de 32,2 kilom\u00e8tres autour de Dampierre-en-Burly.\" \/>\n<meta property=\"og:url\" content=\"https:\/\/dicodusport.fr\/blog\/paris-nice-2023-la-jumbo-visma-remporte-le-chrono-par-equipes-cort-nielsen-en-jaune\/\" \/>\n<meta property=\"og:site_name\" content=\"Dicodusport\" \/>\n<meta property=\"article:publisher\" content=\"https:\/\/www.facebook.com\/dicodusport\" \/>\n<meta property=\"article:published_time\" content=\"2023-03-07T15:38:38+00:00\" \/>\n<meta property=\"article:modified_time\" content=\"2023-03-07T20:28:32+00:00\" \/>\n<meta property=\"og:image\" content=\"https:\/\/dicodusport.fr\/blog\/wp-content\/uploads\/2023\/03\/Paris-Nice-2023-La-Jumbo-Visma-remporte-le-chrono-par-equipes-Cort-Nielsen-en-jaune.png\" \/>\n\t<meta property=\"og:image:width\" content=\"800\" \/>\n\t<meta property=\"og:image:height\" content=\"445\" \/>\n\t<meta property=\"og:image:type\" content=\"image\/png\" \/>\n<meta name=\"author\" content=\"Etienne Goursaud\" \/>\n<meta name=\"twitter:card\" content=\"summary_large_image\" \/>\n<meta name=\"twitter:title\" content=\"Paris-Nice 2023 : La Jumbo-Visma remporte le chrono par \u00e9quipes, Cort Nielsen en jaune\" \/>\n<meta name=\"twitter:creator\" content=\"@dicodusport\" \/>\n<meta name=\"twitter:site\" content=\"@dicodusport\" \/>\n<script type=\"application\/ld+json\" class=\"yoast-schema-graph\">{\"@context\":\"https:\/\/schema.org\",\"@graph\":[{\"@type\":\"NewsArticle\",\"@id\":\"https:\/\/dicodusport.fr\/blog\/paris-nice-2023-la-jumbo-visma-remporte-le-chrono-par-equipes-cort-nielsen-en-jaune\/#article\",\"isPartOf\":{\"@id\":\"https:\/\/dicodusport.fr\/blog\/paris-nice-2023-la-jumbo-visma-remporte-le-chrono-par-equipes-cort-nielsen-en-jaune\/\"},\"author\":{\"name\":\"Etienne Goursaud\",\"@id\":\"https:\/\/dicodusport.fr\/blog\/#\/schema\/person\/d603dd7da31fb2b46c82b9835a77ec13\"},\"headline\":\"Paris-Nice 2023 : La Jumbo-Visma remporte le chrono par \u00e9quipes, Cort Nielsen en jaune\",\"datePublished\":\"2023-03-07T15:38:38+00:00\",\"dateModified\":\"2023-03-07T20:28:32+00:00\",\"mainEntityOfPage\":{\"@id\":\"https:\/\/dicodusport.fr\/blog\/paris-nice-2023-la-jumbo-visma-remporte-le-chrono-par-equipes-cort-nielsen-en-jaune\/\"},\"wordCount\":934,\"commentCount\":0,\"publisher\":{\"@id\":\"https:\/\/dicodusport.fr\/blog\/#organization\"},\"image\":{\"@id\":\"https:\/\/dicodusport.fr\/blog\/paris-nice-2023-la-jumbo-visma-remporte-le-chrono-par-equipes-cort-nielsen-en-jaune\/#primaryimage\"},\"thumbnailUrl\":\"https:\/\/dicodusport.fr\/blog\/wp-content\/uploads\/2023\/03\/Paris-Nice-2023-La-Jumbo-Visma-remporte-le-chrono-par-equipes-Cort-Nielsen-en-jaune.png\",\"keywords\":[\"br\u00e8ve\",\"contre-la-montre\",\"sport\"],\"articleSection\":[\"Cyclisme sur route\"],\"inLanguage\":\"fr-FR\",\"potentialAction\":[{\"@type\":\"CommentAction\",\"name\":\"Comment\",\"target\":[\"https:\/\/dicodusport.fr\/blog\/paris-nice-2023-la-jumbo-visma-remporte-le-chrono-par-equipes-cort-nielsen-en-jaune\/#respond\"]}],\"copyrightYear\":\"2023\",\"copyrightHolder\":{\"@id\":\"https:\/\/dicodusport.fr\/blog\/#organization\"}},{\"@type\":\"WebPage\",\"@id\":\"https:\/\/dicodusport.fr\/blog\/paris-nice-2023-la-jumbo-visma-remporte-le-chrono-par-equipes-cort-nielsen-en-jaune\/\",\"url\":\"https:\/\/dicodusport.fr\/blog\/paris-nice-2023-la-jumbo-visma-remporte-le-chrono-par-equipes-cort-nielsen-en-jaune\/\",\"name\":\"Paris-Nice 2023 : La Jumbo-Visma remporte le chrono par \u00e9quipes, Cort Nielsen en jaune\",\"isPartOf\":{\"@id\":\"https:\/\/dicodusport.fr\/blog\/#website\"},\"primaryImageOfPage\":{\"@id\":\"https:\/\/dicodusport.fr\/blog\/paris-nice-2023-la-jumbo-visma-remporte-le-chrono-par-equipes-cort-nielsen-en-jaune\/#primaryimage\"},\"image\":{\"@id\":\"https:\/\/dicodusport.fr\/blog\/paris-nice-2023-la-jumbo-visma-remporte-le-chrono-par-equipes-cort-nielsen-en-jaune\/#primaryimage\"},\"thumbnailUrl\":\"https:\/\/dicodusport.fr\/blog\/wp-content\/uploads\/2023\/03\/Paris-Nice-2023-La-Jumbo-Visma-remporte-le-chrono-par-equipes-Cort-Nielsen-en-jaune.png\",\"datePublished\":\"2023-03-07T15:38:38+00:00\",\"dateModified\":\"2023-03-07T20:28:32+00:00\",\"description\":\"PARIS-NICE 2023 - La formation Jumbo-Visma remporte le chrono par \u00e9quipes de 32,2 kilom\u00e8tres autour de Dampierre-en-Burly.\",\"breadcrumb\":{\"@id\":\"https:\/\/dicodusport.fr\/blog\/paris-nice-2023-la-jumbo-visma-remporte-le-chrono-par-equipes-cort-nielsen-en-jaune\/#breadcrumb\"},\"inLanguage\":\"fr-FR\",\"potentialAction\":[{\"@type\":\"ReadAction\",\"target\":[\"https:\/\/dicodusport.fr\/blog\/paris-nice-2023-la-jumbo-visma-remporte-le-chrono-par-equipes-cort-nielsen-en-jaune\/\"]}]},{\"@type\":\"ImageObject\",\"inLanguage\":\"fr-FR\",\"@id\":\"https:\/\/dicodusport.fr\/blog\/paris-nice-2023-la-jumbo-visma-remporte-le-chrono-par-equipes-cort-nielsen-en-jaune\/#primaryimage\",\"url\":\"https:\/\/dicodusport.fr\/blog\/wp-content\/uploads\/2023\/03\/Paris-Nice-2023-La-Jumbo-Visma-remporte-le-chrono-par-equipes-Cort-Nielsen-en-jaune.png\",\"contentUrl\":\"https:\/\/dicodusport.fr\/blog\/wp-content\/uploads\/2023\/03\/Paris-Nice-2023-La-Jumbo-Visma-remporte-le-chrono-par-equipes-Cort-Nielsen-en-jaune.png\",\"width\":800,\"height\":445,\"caption\":\"Paris-Nice 2023 La Jumbo-Visma remporte le chrono par \u00e9quipes, Cort Nielsen en jaune\"},{\"@type\":\"BreadcrumbList\",\"@id\":\"https:\/\/dicodusport.fr\/blog\/paris-nice-2023-la-jumbo-visma-remporte-le-chrono-par-equipes-cort-nielsen-en-jaune\/#breadcrumb\",\"itemListElement\":[{\"@type\":\"ListItem\",\"position\":1,\"name\":\"Accueil\",\"item\":\"https:\/\/dicodusport.fr\/blog\/\"},{\"@type\":\"ListItem\",\"position\":2,\"name\":\"Paris-Nice 2023 : La Jumbo-Visma remporte le chrono par \u00e9quipes, Cort Nielsen en jaune\"}]},{\"@type\":\"WebSite\",\"@id\":\"https:\/\/dicodusport.fr\/blog\/#website\",\"url\":\"https:\/\/dicodusport.fr\/blog\/\",\"name\":\"Dicodusport\",\"description\":\"L&#039;encyclop\u00e9die de l&#039;actualit\u00e9 sportive\",\"publisher\":{\"@id\":\"https:\/\/dicodusport.fr\/blog\/#organization\"},\"potentialAction\":[{\"@type\":\"SearchAction\",\"target\":{\"@type\":\"EntryPoint\",\"urlTemplate\":\"https:\/\/dicodusport.fr\/blog\/?s={search_term_string}\"},\"query-input\":{\"@type\":\"PropertyValueSpecification\",\"valueRequired\":true,\"valueName\":\"search_term_string\"}}],\"inLanguage\":\"fr-FR\"},{\"@type\":\"NewsMediaOrganization\",\"@id\":\"https:\/\/dicodusport.fr\/blog\/#organization\",\"name\":\"Dicodusport\",\"url\":\"https:\/\/dicodusport.fr\/blog\/\",\"logo\":{\"@type\":\"ImageObject\",\"inLanguage\":\"fr-FR\",\"@id\":\"https:\/\/dicodusport.fr\/blog\/#\/schema\/logo\/image\/\",\"url\":\"https:\/\/dicodusport.fr\/blog\/wp-content\/uploads\/2020\/06\/cropped-LOGO-DICODUSPORT-2020-SANS-FOND-SANS-TEXTE.png\",\"contentUrl\":\"https:\/\/dicodusport.fr\/blog\/wp-content\/uploads\/2020\/06\/cropped-LOGO-DICODUSPORT-2020-SANS-FOND-SANS-TEXTE.png\",\"width\":512,\"height\":512,\"caption\":\"Dicodusport\"},\"image\":{\"@id\":\"https:\/\/dicodusport.fr\/blog\/#\/schema\/logo\/image\/\"},\"sameAs\":[\"https:\/\/www.facebook.com\/dicodusport\",\"https:\/\/x.com\/dicodusport\",\"https:\/\/www.instagram.com\/dicodusport\/\",\"https:\/\/www.youtube.com\/channel\/UC7V2KZ5sd3htJivAbA4ZG3w\"],\"description\":\"Dicodusport est l'encyclop\u00e9die de l'actualit\u00e9 sportive.\",\"email\":\"bonjour@dicodusport.fr\",\"legalName\":\"DICODUSPORT\",\"foundingDate\":\"2018-01-14\",\"vatID\":\"FR71834470973\",\"taxID\":\"83447097300043\",\"numberOfEmployees\":{\"@type\":\"QuantitativeValue\",\"minValue\":\"1\",\"maxValue\":\"10\"}},{\"@type\":\"Person\",\"@id\":\"https:\/\/dicodusport.fr\/blog\/#\/schema\/person\/d603dd7da31fb2b46c82b9835a77ec13\",\"name\":\"Etienne Goursaud\",\"image\":{\"@type\":\"ImageObject\",\"inLanguage\":\"fr-FR\",\"@id\":\"https:\/\/dicodusport.fr\/blog\/#\/schema\/person\/image\/\",\"url\":\"https:\/\/dicodusport.fr\/blog\/wp-content\/uploads\/2023\/12\/410122264_10231602061736049_5565839791558026645_n-150x150.jpg\",\"contentUrl\":\"https:\/\/dicodusport.fr\/blog\/wp-content\/uploads\/2023\/12\/410122264_10231602061736049_5565839791558026645_n-150x150.jpg\",\"caption\":\"Etienne Goursaud\"},\"description\":\"Journaliste et amoureux de sport. Ancien footballeur reconverti athl\u00e8te quand ses muscles le laissent tranquille. \u00c9lev\u00e9 \u00e0 la sauce des exploits de Thomas Voeckler en 2004, du dernier essai de l\u00e9gende de Eunice Barber \u00e0 la longueur lors des championnats du monde d'athl\u00e9tisme de 2003 mais aussi Zidane, Omeyer et Titou Lamaison.\",\"url\":\"https:\/\/dicodusport.fr\/blog\/author\/etienne-goursaud\/\"}]}<\/script>\n<!-- \/ Yoast SEO Premium plugin. -->","yoast_head_json":{"title":"Paris-Nice 2023 : La Jumbo-Visma remporte le chrono par \u00e9quipes, Cort Nielsen en jaune","description":"PARIS-NICE 2023 - La formation Jumbo-Visma remporte le chrono par \u00e9quipes de 32,2 kilom\u00e8tres autour de Dampierre-en-Burly.","robots":{"index":"index","follow":"follow","max-snippet":"max-snippet:-1","max-image-preview":"max-image-preview:large","max-video-preview":"max-video-preview:-1"},"canonical":"https:\/\/dicodusport.fr\/blog\/paris-nice-2023-la-jumbo-visma-remporte-le-chrono-par-equipes-cort-nielsen-en-jaune\/","og_locale":"fr_FR","og_type":"article","og_title":"Paris-Nice 2023 : La Jumbo-Visma remporte le chrono par \u00e9quipes, Cort Nielsen en jaune","og_description":"PARIS-NICE 2023 - La formation Jumbo-Visma remporte le chrono par \u00e9quipes de 32,2 kilom\u00e8tres autour de Dampierre-en-Burly.","og_url":"https:\/\/dicodusport.fr\/blog\/paris-nice-2023-la-jumbo-visma-remporte-le-chrono-par-equipes-cort-nielsen-en-jaune\/","og_site_name":"Dicodusport","article_publisher":"https:\/\/www.facebook.com\/dicodusport","article_published_time":"2023-03-07T15:38:38+00:00","article_modified_time":"2023-03-07T20:28:32+00:00","og_image":[{"width":800,"height":445,"url":"https:\/\/dicodusport.fr\/blog\/wp-content\/uploads\/2023\/03\/Paris-Nice-2023-La-Jumbo-Visma-remporte-le-chrono-par-equipes-Cort-Nielsen-en-jaune.png","type":"image\/png"}],"author":"Etienne Goursaud","twitter_card":"summary_large_image","twitter_title":"Paris-Nice 2023 : La Jumbo-Visma remporte le chrono par \u00e9quipes, Cort Nielsen en jaune","twitter_creator":"@dicodusport","twitter_site":"@dicodusport","schema":{"@context":"https:\/\/schema.org","@graph":[{"@type":"NewsArticle","@id":"https:\/\/dicodusport.fr\/blog\/paris-nice-2023-la-jumbo-visma-remporte-le-chrono-par-equipes-cort-nielsen-en-jaune\/#article","isPartOf":{"@id":"https:\/\/dicodusport.fr\/blog\/paris-nice-2023-la-jumbo-visma-remporte-le-chrono-par-equipes-cort-nielsen-en-jaune\/"},"author":{"name":"Etienne Goursaud","@id":"https:\/\/dicodusport.fr\/blog\/#\/schema\/person\/d603dd7da31fb2b46c82b9835a77ec13"},"headline":"Paris-Nice 2023 : La Jumbo-Visma remporte le chrono par \u00e9quipes, Cort Nielsen en jaune","datePublished":"2023-03-07T15:38:38+00:00","dateModified":"2023-03-07T20:28:32+00:00","mainEntityOfPage":{"@id":"https:\/\/dicodusport.fr\/blog\/paris-nice-2023-la-jumbo-visma-remporte-le-chrono-par-equipes-cort-nielsen-en-jaune\/"},"wordCount":934,"commentCount":0,"publisher":{"@id":"https:\/\/dicodusport.fr\/blog\/#organization"},"image":{"@id":"https:\/\/dicodusport.fr\/blog\/paris-nice-2023-la-jumbo-visma-remporte-le-chrono-par-equipes-cort-nielsen-en-jaune\/#primaryimage"},"thumbnailUrl":"https:\/\/dicodusport.fr\/blog\/wp-content\/uploads\/2023\/03\/Paris-Nice-2023-La-Jumbo-Visma-remporte-le-chrono-par-equipes-Cort-Nielsen-en-jaune.png","keywords":["br\u00e8ve","contre-la-montre","sport"],"articleSection":["Cyclisme sur route"],"inLanguage":"fr-FR","potentialAction":[{"@type":"CommentAction","name":"Comment","target":["https:\/\/dicodusport.fr\/blog\/paris-nice-2023-la-jumbo-visma-remporte-le-chrono-par-equipes-cort-nielsen-en-jaune\/#respond"]}],"copyrightYear":"2023","copyrightHolder":{"@id":"https:\/\/dicodusport.fr\/blog\/#organization"}},{"@type":"WebPage","@id":"https:\/\/dicodusport.fr\/blog\/paris-nice-2023-la-jumbo-visma-remporte-le-chrono-par-equipes-cort-nielsen-en-jaune\/","url":"https:\/\/dicodusport.fr\/blog\/paris-nice-2023-la-jumbo-visma-remporte-le-chrono-par-equipes-cort-nielsen-en-jaune\/","name":"Paris-Nice 2023 : La Jumbo-Visma remporte le chrono par \u00e9quipes, Cort Nielsen en jaune","isPartOf":{"@id":"https:\/\/dicodusport.fr\/blog\/#website"},"primaryImageOfPage":{"@id":"https:\/\/dicodusport.fr\/blog\/paris-nice-2023-la-jumbo-visma-remporte-le-chrono-par-equipes-cort-nielsen-en-jaune\/#primaryimage"},"image":{"@id":"https:\/\/dicodusport.fr\/blog\/paris-nice-2023-la-jumbo-visma-remporte-le-chrono-par-equipes-cort-nielsen-en-jaune\/#primaryimage"},"thumbnailUrl":"https:\/\/dicodusport.fr\/blog\/wp-content\/uploads\/2023\/03\/Paris-Nice-2023-La-Jumbo-Visma-remporte-le-chrono-par-equipes-Cort-Nielsen-en-jaune.png","datePublished":"2023-03-07T15:38:38+00:00","dateModified":"2023-03-07T20:28:32+00:00","description":"PARIS-NICE 2023 - La formation Jumbo-Visma remporte le chrono par \u00e9quipes de 32,2 kilom\u00e8tres autour de Dampierre-en-Burly.","breadcrumb":{"@id":"https:\/\/dicodusport.fr\/blog\/paris-nice-2023-la-jumbo-visma-remporte-le-chrono-par-equipes-cort-nielsen-en-jaune\/#breadcrumb"},"inLanguage":"fr-FR","potentialAction":[{"@type":"ReadAction","target":["https:\/\/dicodusport.fr\/blog\/paris-nice-2023-la-jumbo-visma-remporte-le-chrono-par-equipes-cort-nielsen-en-jaune\/"]}]},{"@type":"ImageObject","inLanguage":"fr-FR","@id":"https:\/\/dicodusport.fr\/blog\/paris-nice-2023-la-jumbo-visma-remporte-le-chrono-par-equipes-cort-nielsen-en-jaune\/#primaryimage","url":"https:\/\/dicodusport.fr\/blog\/wp-content\/uploads\/2023\/03\/Paris-Nice-2023-La-Jumbo-Visma-remporte-le-chrono-par-equipes-Cort-Nielsen-en-jaune.png","contentUrl":"https:\/\/dicodusport.fr\/blog\/wp-content\/uploads\/2023\/03\/Paris-Nice-2023-La-Jumbo-Visma-remporte-le-chrono-par-equipes-Cort-Nielsen-en-jaune.png","width":800,"height":445,"caption":"Paris-Nice 2023 La Jumbo-Visma remporte le chrono par \u00e9quipes, Cort Nielsen en jaune"},{"@type":"BreadcrumbList","@id":"https:\/\/dicodusport.fr\/blog\/paris-nice-2023-la-jumbo-visma-remporte-le-chrono-par-equipes-cort-nielsen-en-jaune\/#breadcrumb","itemListElement":[{"@type":"ListItem","position":1,"name":"Accueil","item":"https:\/\/dicodusport.fr\/blog\/"},{"@type":"ListItem","position":2,"name":"Paris-Nice 2023 : La Jumbo-Visma remporte le chrono par \u00e9quipes, Cort Nielsen en jaune"}]},{"@type":"WebSite","@id":"https:\/\/dicodusport.fr\/blog\/#website","url":"https:\/\/dicodusport.fr\/blog\/","name":"Dicodusport","description":"L&#039;encyclop\u00e9die de l&#039;actualit\u00e9 sportive","publisher":{"@id":"https:\/\/dicodusport.fr\/blog\/#organization"},"potentialAction":[{"@type":"SearchAction","target":{"@type":"EntryPoint","urlTemplate":"https:\/\/dicodusport.fr\/blog\/?s={search_term_string}"},"query-input":{"@type":"PropertyValueSpecification","valueRequired":true,"valueName":"search_term_string"}}],"inLanguage":"fr-FR"},{"@type":"NewsMediaOrganization","@id":"https:\/\/dicodusport.fr\/blog\/#organization","name":"Dicodusport","url":"https:\/\/dicodusport.fr\/blog\/","logo":{"@type":"ImageObject","inLanguage":"fr-FR","@id":"https:\/\/dicodusport.fr\/blog\/#\/schema\/logo\/image\/","url":"https:\/\/dicodusport.fr\/blog\/wp-content\/uploads\/2020\/06\/cropped-LOGO-DICODUSPORT-2020-SANS-FOND-SANS-TEXTE.png","contentUrl":"https:\/\/dicodusport.fr\/blog\/wp-content\/uploads\/2020\/06\/cropped-LOGO-DICODUSPORT-2020-SANS-FOND-SANS-TEXTE.png","width":512,"height":512,"caption":"Dicodusport"},"image":{"@id":"https:\/\/dicodusport.fr\/blog\/#\/schema\/logo\/image\/"},"sameAs":["https:\/\/www.facebook.com\/dicodusport","https:\/\/x.com\/dicodusport","https:\/\/www.instagram.com\/dicodusport\/","https:\/\/www.youtube.com\/channel\/UC7V2KZ5sd3htJivAbA4ZG3w"],"description":"Dicodusport est l'encyclop\u00e9die de l'actualit\u00e9 sportive.","email":"bonjour@dicodusport.fr","legalName":"DICODUSPORT","foundingDate":"2018-01-14","vatID":"FR71834470973","taxID":"83447097300043","numberOfEmployees":{"@type":"QuantitativeValue","minValue":"1","maxValue":"10"}},{"@type":"Person","@id":"https:\/\/dicodusport.fr\/blog\/#\/schema\/person\/d603dd7da31fb2b46c82b9835a77ec13","name":"Etienne Goursaud","image":{"@type":"ImageObject","inLanguage":"fr-FR","@id":"https:\/\/dicodusport.fr\/blog\/#\/schema\/person\/image\/","url":"https:\/\/dicodusport.fr\/blog\/wp-content\/uploads\/2023\/12\/410122264_10231602061736049_5565839791558026645_n-150x150.jpg","contentUrl":"https:\/\/dicodusport.fr\/blog\/wp-content\/uploads\/2023\/12\/410122264_10231602061736049_5565839791558026645_n-150x150.jpg","caption":"Etienne Goursaud"},"description":"Journaliste et amoureux de sport. Ancien footballeur reconverti athl\u00e8te quand ses muscles le laissent tranquille. \u00c9lev\u00e9 \u00e0 la sauce des exploits de Thomas Voeckler en 2004, du dernier essai de l\u00e9gende de Eunice Barber \u00e0 la longueur lors des championnats du monde d'athl\u00e9tisme de 2003 mais aussi Zidane, Omeyer et Titou Lamaison.","url":"https:\/\/dicodusport.fr\/blog\/author\/etienne-goursaud\/"}]}},"_links":{"self":[{"href":"https:\/\/dicodusport.fr\/blog\/wp-json\/wp\/v2\/posts\/363019","targetHints":{"allow":["GET"]}}],"collection":[{"href":"https:\/\/dicodusport.fr\/blog\/wp-json\/wp\/v2\/posts"}],"about":[{"href":"https:\/\/dicodusport.fr\/blog\/wp-json\/wp\/v2\/types\/post"}],"author":[{"embeddable":true,"href":"https:\/\/dicodusport.fr\/blog\/wp-json\/wp\/v2\/users\/83"}],"replies":[{"embeddable":true,"href":"https:\/\/dicodusport.fr\/blog\/wp-json\/wp\/v2\/comments?post=363019"}],"version-history":[{"count":0,"href":"https:\/\/dicodusport.fr\/blog\/wp-json\/wp\/v2\/posts\/363019\/revisions"}],"wp:featuredmedia":[{"embeddable":true,"href":"https:\/\/dicodusport.fr\/blog\/wp-json\/wp\/v2\/media\/363084"}],"wp:attachment":[{"href":"https:\/\/dicodusport.fr\/blog\/wp-json\/wp\/v2\/media?parent=363019"}],"wp:term":[{"taxonomy":"category","embeddable":true,"href":"https:\/\/dicodusport.fr\/blog\/wp-json\/wp\/v2\/categories?post=363019"},{"taxonomy":"post_tag","embeddable":true,"href":"https:\/\/dicodusport.fr\/blog\/wp-json\/wp\/v2\/tags?post=363019"}],"curies":[{"name":"wp","href":"https:\/\/api.w.org\/{rel}","templated":true}]}}