{"id":363057,"date":"2023-03-07T16:15:09","date_gmt":"2023-03-07T15:15:09","guid":{"rendered":"https:\/\/dicodusport.fr\/blog\/?p=363057&#038;preview=true&#038;preview_id=363057"},"modified":"2023-03-07T19:07:09","modified_gmt":"2023-03-07T18:07:09","slug":"angers-apres-sa-causerie-polemique-abdel-bouhazama-licencie","status":"publish","type":"post","link":"https:\/\/dicodusport.fr\/blog\/angers-apres-sa-causerie-polemique-abdel-bouhazama-licencie\/","title":{"rendered":"Angers : Apr\u00e8s sa causerie pol\u00e9mique, Abdel Bouhazama licenci\u00e9"},"content":{"rendered":"<p align=\"justify\"><em><strong>LIGUE 1 2022-2023 &#8211; Apr\u00e8s sa causerie pol\u00e9mique avant le match face \u00e0 Montpellier, Abdel Bouhazama a \u00e9t\u00e9 licenci\u00e9 de son poste d&rsquo;entra\u00eeneur d&rsquo;Angers.\u00a0<\/strong><\/em><\/p>\n<p align=\"justify\">Selon le communiqu\u00e9 du club, c&rsquo;est l&rsquo;entra\u00eeneur qui aurait \u00e9mis le souhait de quitter ses fonctions \u00e0 cause des r\u00e9sultats sportifs. C&rsquo;est pourtant bien apr\u00e8s une causerie tr\u00e8s pol\u00e9mique d&rsquo;<strong>Abdel<\/strong> <strong>Bouhazama<\/strong> que ce dernier a perdu son poste d&rsquo;entra\u00eeneur du <strong>SCO d&rsquo;Angers<\/strong>. Face \u00e0 Montpellier, le technicien angevin s&rsquo;\u00e9tait fendu d&rsquo;une d\u00e9claration choc lors de la causerie d&rsquo;avant-match. <em>\u00ab C&rsquo;est pas m\u00e9chant, on a tous d\u00e9j\u00e0 touch\u00e9 des filles \u00bb, <\/em>au sujet d&rsquo;<strong>Ilyes Chetti<\/strong>, lat\u00e9ral gauche du club, poursuivi pour attouchement sur une jeune femme.<\/p>\n<h2 align=\"justify\">Le communiqu\u00e9 du SCO d&rsquo;Angers :<\/h2>\n<blockquote>\n<p style=\"text-align: justify;\" align=\"justify\">La Direction d\u2019Angers SCO prend acte de la d\u00e9cision d\u2019Abdel Bouhazama de quitter les fonctions qui \u00e9taient jusqu\u2019alors les siennes. Son souhait a \u00e9t\u00e9 annonc\u00e9 ce mardi 7 mars aux joueurs et au staff au cours d\u2019une r\u00e9union.<\/p>\n<p style=\"text-align: justify;\">Dans un souci de transparence, Angers SCO pr\u00e9cise que cette \u00e9ventualit\u00e9 a \u00e9t\u00e9 imagin\u00e9e par Abdel Bouhazama depuis plusieurs jours et que la d\u00e9cision quant \u00e0 sa mise en retrait de l\u2019\u00e9quipe premi\u00e8re a \u00e9t\u00e9 pens\u00e9e par l\u2019int\u00e9ress\u00e9 durant la fin du mois de f\u00e9vrier apr\u00e8s plusieurs d\u00e9convenues sur le plan sportif. De plus, une controverse est n\u00e9e ce lundi apr\u00e8s que des propos, sortis de leur contexte, tenus lors de la causerie d\u2019avant-match, aient fuit\u00e9 dans la presse locale et nationale.<\/p>\n<\/blockquote>\n<blockquote class=\"twitter-tweet\">\n<p dir=\"ltr\" lang=\"fr\">Abdel \ud835\uddd5\ud835\uddfc\ud835\ude02\ud835\uddf5\ud835\uddee\ud835\ude07\ud835\uddee\ud835\uddfa\ud835\uddee n\u2019est plus l&rsquo;entra\u00eeneur de l\u2019\u00e9quipe professionnelle \u00e0 partir de ce mardi 7 mars. Cette d\u00e9cision a \u00e9t\u00e9 prise, hier, d\u2019un commun accord, entre la Direction d\u2019Angers SCO et Abdel \ud835\uddd5\ud835\uddfc\ud835\ude02\ud835\uddf5\ud835\uddee\ud835\ude07\ud835\uddee\ud835\uddfa\ud835\uddee.<\/p>\n<p>\u27a1\ufe0f <a href=\"https:\/\/t.co\/Qvv9sTtrBw\">https:\/\/t.co\/Qvv9sTtrBw<\/a> <a href=\"https:\/\/t.co\/DEnc3AwgzL\">pic.twitter.com\/DEnc3AwgzL<\/a><\/p>\n<p>\u2014 Angers SCO (@AngersSCO) <a href=\"https:\/\/twitter.com\/AngersSCO\/status\/1633116894596038658?ref_src=twsrc%5Etfw\">March 7, 2023<\/a><\/p><\/blockquote>\n<p><script async src=\"https:\/\/platform.twitter.com\/widgets.js\" charset=\"utf-8\"><\/script><\/p>\n","protected":false},"excerpt":{"rendered":"<p>LIGUE 1 2022-2023 &#8211; Apr\u00e8s sa causerie pol\u00e9mique avant le match face \u00e0 Montpellier, Abdel Bouhazama a \u00e9t\u00e9 licenci\u00e9 de son poste d&rsquo;entra\u00eeneur d&rsquo;Angers.\u00a0<\/p>\n","protected":false},"author":1,"featured_media":363059,"comment_status":"open","ping_status":"closed","sticky":false,"template":"","format":"standard","meta":{"_acf_changed":false,"_daextam_enable_autolinks":"","footnotes":""},"categories":[2301,47045],"tags":[3214,16878,75],"class_list":["post-363057","post","type-post","status-publish","format-standard","has-post-thumbnail","hentry","category-football","category-ligue-1","tag-angers","tag-breve","tag-football"],"acf":[],"yoast_head":"<!-- This site is optimized with the Yoast SEO Premium plugin v26.7 (Yoast SEO v26.7) - https:\/\/yoast.com\/wordpress\/plugins\/seo\/ -->\n<title>Angers : Apr\u00e8s sa causerie pol\u00e9mique, Abdel Bouhazama licenci\u00e9<\/title>\n<meta name=\"description\" content=\"LIGUE 1 2022-2023 - Apr\u00e8s sa causerie pol\u00e9mique avant le match face \u00e0 Montpellier, Abdel Bouhazama a \u00e9t\u00e9 licenci\u00e9 de son poste d&#039;entra\u00eeneur d&#039;Angers.\u00a0\" \/>\n<meta name=\"robots\" content=\"index, follow, max-snippet:-1, max-image-preview:large, max-video-preview:-1\" \/>\n<link rel=\"canonical\" href=\"https:\/\/dicodusport.fr\/blog\/angers-apres-sa-causerie-polemique-abdel-bouhazama-licencie\/\" \/>\n<meta property=\"og:locale\" content=\"fr_FR\" \/>\n<meta property=\"og:type\" content=\"article\" \/>\n<meta property=\"og:title\" content=\"Angers : Apr\u00e8s sa causerie pol\u00e9mique, Abdel Bouhazama licenci\u00e9\" \/>\n<meta property=\"og:description\" content=\"LIGUE 1 2022-2023 - Apr\u00e8s sa causerie pol\u00e9mique avant le match face \u00e0 Montpellier, Abdel Bouhazama a \u00e9t\u00e9 licenci\u00e9 de son poste d&#039;entra\u00eeneur d&#039;Angers.\u00a0\" \/>\n<meta property=\"og:url\" content=\"https:\/\/dicodusport.fr\/blog\/angers-apres-sa-causerie-polemique-abdel-bouhazama-licencie\/\" \/>\n<meta property=\"og:site_name\" content=\"Dicodusport\" \/>\n<meta property=\"article:publisher\" content=\"https:\/\/www.facebook.com\/dicodusport\" \/>\n<meta property=\"article:author\" content=\"https:\/\/www.facebook.com\/dicodusport\" \/>\n<meta property=\"article:published_time\" content=\"2023-03-07T15:15:09+00:00\" \/>\n<meta property=\"article:modified_time\" content=\"2023-03-07T18:07:09+00:00\" \/>\n<meta property=\"og:image\" content=\"https:\/\/dicodusport.fr\/blog\/wp-content\/uploads\/2023\/03\/Angers-Apres-sa-causerie-polemique-Abdel-Bouhazama-licencie.png\" \/>\n\t<meta property=\"og:image:width\" content=\"800\" \/>\n\t<meta property=\"og:image:height\" content=\"445\" \/>\n\t<meta property=\"og:image:type\" content=\"image\/png\" \/>\n<meta name=\"author\" content=\"Nicolas Jacquemard\" \/>\n<meta name=\"twitter:card\" content=\"summary_large_image\" \/>\n<meta name=\"twitter:title\" content=\"Angers : Apr\u00e8s sa causerie pol\u00e9mique, Abdel Bouhazama licenci\u00e9\" \/>\n<meta name=\"twitter:creator\" content=\"@https:\/\/twitter.com\/Nico_Jacquemard\" \/>\n<meta name=\"twitter:site\" content=\"@dicodusport\" \/>\n<script type=\"application\/ld+json\" class=\"yoast-schema-graph\">{\"@context\":\"https:\/\/schema.org\",\"@graph\":[{\"@type\":\"NewsArticle\",\"@id\":\"https:\/\/dicodusport.fr\/blog\/angers-apres-sa-causerie-polemique-abdel-bouhazama-licencie\/#article\",\"isPartOf\":{\"@id\":\"https:\/\/dicodusport.fr\/blog\/angers-apres-sa-causerie-polemique-abdel-bouhazama-licencie\/\"},\"author\":{\"name\":\"Nicolas Jacquemard\",\"@id\":\"https:\/\/dicodusport.fr\/blog\/#\/schema\/person\/55dcb50ad410894e431ed812bbb70191\"},\"headline\":\"Angers : Apr\u00e8s sa causerie pol\u00e9mique, Abdel Bouhazama licenci\u00e9\",\"datePublished\":\"2023-03-07T15:15:09+00:00\",\"dateModified\":\"2023-03-07T18:07:09+00:00\",\"mainEntityOfPage\":{\"@id\":\"https:\/\/dicodusport.fr\/blog\/angers-apres-sa-causerie-polemique-abdel-bouhazama-licencie\/\"},\"wordCount\":332,\"commentCount\":0,\"publisher\":{\"@id\":\"https:\/\/dicodusport.fr\/blog\/#organization\"},\"image\":{\"@id\":\"https:\/\/dicodusport.fr\/blog\/angers-apres-sa-causerie-polemique-abdel-bouhazama-licencie\/#primaryimage\"},\"thumbnailUrl\":\"https:\/\/dicodusport.fr\/blog\/wp-content\/uploads\/2023\/03\/Angers-Apres-sa-causerie-polemique-Abdel-Bouhazama-licencie.png\",\"keywords\":[\"Angers\",\"br\u00e8ve\",\"Football\"],\"articleSection\":[\"Football\",\"Ligue 1\"],\"inLanguage\":\"fr-FR\",\"potentialAction\":[{\"@type\":\"CommentAction\",\"name\":\"Comment\",\"target\":[\"https:\/\/dicodusport.fr\/blog\/angers-apres-sa-causerie-polemique-abdel-bouhazama-licencie\/#respond\"]}],\"copyrightYear\":\"2023\",\"copyrightHolder\":{\"@id\":\"https:\/\/dicodusport.fr\/blog\/#organization\"}},{\"@type\":\"WebPage\",\"@id\":\"https:\/\/dicodusport.fr\/blog\/angers-apres-sa-causerie-polemique-abdel-bouhazama-licencie\/\",\"url\":\"https:\/\/dicodusport.fr\/blog\/angers-apres-sa-causerie-polemique-abdel-bouhazama-licencie\/\",\"name\":\"Angers : Apr\u00e8s sa causerie pol\u00e9mique, Abdel Bouhazama licenci\u00e9\",\"isPartOf\":{\"@id\":\"https:\/\/dicodusport.fr\/blog\/#website\"},\"primaryImageOfPage\":{\"@id\":\"https:\/\/dicodusport.fr\/blog\/angers-apres-sa-causerie-polemique-abdel-bouhazama-licencie\/#primaryimage\"},\"image\":{\"@id\":\"https:\/\/dicodusport.fr\/blog\/angers-apres-sa-causerie-polemique-abdel-bouhazama-licencie\/#primaryimage\"},\"thumbnailUrl\":\"https:\/\/dicodusport.fr\/blog\/wp-content\/uploads\/2023\/03\/Angers-Apres-sa-causerie-polemique-Abdel-Bouhazama-licencie.png\",\"datePublished\":\"2023-03-07T15:15:09+00:00\",\"dateModified\":\"2023-03-07T18:07:09+00:00\",\"description\":\"LIGUE 1 2022-2023 - Apr\u00e8s sa causerie pol\u00e9mique avant le match face \u00e0 Montpellier, Abdel Bouhazama a \u00e9t\u00e9 licenci\u00e9 de son poste d'entra\u00eeneur d'Angers.\u00a0\",\"breadcrumb\":{\"@id\":\"https:\/\/dicodusport.fr\/blog\/angers-apres-sa-causerie-polemique-abdel-bouhazama-licencie\/#breadcrumb\"},\"inLanguage\":\"fr-FR\",\"potentialAction\":[{\"@type\":\"ReadAction\",\"target\":[\"https:\/\/dicodusport.fr\/blog\/angers-apres-sa-causerie-polemique-abdel-bouhazama-licencie\/\"]}]},{\"@type\":\"ImageObject\",\"inLanguage\":\"fr-FR\",\"@id\":\"https:\/\/dicodusport.fr\/blog\/angers-apres-sa-causerie-polemique-abdel-bouhazama-licencie\/#primaryimage\",\"url\":\"https:\/\/dicodusport.fr\/blog\/wp-content\/uploads\/2023\/03\/Angers-Apres-sa-causerie-polemique-Abdel-Bouhazama-licencie.png\",\"contentUrl\":\"https:\/\/dicodusport.fr\/blog\/wp-content\/uploads\/2023\/03\/Angers-Apres-sa-causerie-polemique-Abdel-Bouhazama-licencie.png\",\"width\":800,\"height\":445},{\"@type\":\"BreadcrumbList\",\"@id\":\"https:\/\/dicodusport.fr\/blog\/angers-apres-sa-causerie-polemique-abdel-bouhazama-licencie\/#breadcrumb\",\"itemListElement\":[{\"@type\":\"ListItem\",\"position\":1,\"name\":\"Accueil\",\"item\":\"https:\/\/dicodusport.fr\/blog\/\"},{\"@type\":\"ListItem\",\"position\":2,\"name\":\"Angers : Apr\u00e8s sa causerie pol\u00e9mique, Abdel Bouhazama licenci\u00e9\"}]},{\"@type\":\"WebSite\",\"@id\":\"https:\/\/dicodusport.fr\/blog\/#website\",\"url\":\"https:\/\/dicodusport.fr\/blog\/\",\"name\":\"Dicodusport\",\"description\":\"L&#039;encyclop\u00e9die de l&#039;actualit\u00e9 sportive\",\"publisher\":{\"@id\":\"https:\/\/dicodusport.fr\/blog\/#organization\"},\"potentialAction\":[{\"@type\":\"SearchAction\",\"target\":{\"@type\":\"EntryPoint\",\"urlTemplate\":\"https:\/\/dicodusport.fr\/blog\/?s={search_term_string}\"},\"query-input\":{\"@type\":\"PropertyValueSpecification\",\"valueRequired\":true,\"valueName\":\"search_term_string\"}}],\"inLanguage\":\"fr-FR\"},{\"@type\":\"NewsMediaOrganization\",\"@id\":\"https:\/\/dicodusport.fr\/blog\/#organization\",\"name\":\"Dicodusport\",\"url\":\"https:\/\/dicodusport.fr\/blog\/\",\"logo\":{\"@type\":\"ImageObject\",\"inLanguage\":\"fr-FR\",\"@id\":\"https:\/\/dicodusport.fr\/blog\/#\/schema\/logo\/image\/\",\"url\":\"https:\/\/dicodusport.fr\/blog\/wp-content\/uploads\/2020\/06\/cropped-LOGO-DICODUSPORT-2020-SANS-FOND-SANS-TEXTE.png\",\"contentUrl\":\"https:\/\/dicodusport.fr\/blog\/wp-content\/uploads\/2020\/06\/cropped-LOGO-DICODUSPORT-2020-SANS-FOND-SANS-TEXTE.png\",\"width\":512,\"height\":512,\"caption\":\"Dicodusport\"},\"image\":{\"@id\":\"https:\/\/dicodusport.fr\/blog\/#\/schema\/logo\/image\/\"},\"sameAs\":[\"https:\/\/www.facebook.com\/dicodusport\",\"https:\/\/x.com\/dicodusport\",\"https:\/\/www.instagram.com\/dicodusport\/\",\"https:\/\/www.youtube.com\/channel\/UC7V2KZ5sd3htJivAbA4ZG3w\"],\"description\":\"Dicodusport est l'encyclop\u00e9die de l'actualit\u00e9 sportive.\",\"email\":\"bonjour@dicodusport.fr\",\"legalName\":\"DICODUSPORT\",\"foundingDate\":\"2018-01-14\",\"vatID\":\"FR71834470973\",\"taxID\":\"83447097300043\",\"numberOfEmployees\":{\"@type\":\"QuantitativeValue\",\"minValue\":\"1\",\"maxValue\":\"10\"}},{\"@type\":\"Person\",\"@id\":\"https:\/\/dicodusport.fr\/blog\/#\/schema\/person\/55dcb50ad410894e431ed812bbb70191\",\"name\":\"Nicolas Jacquemard\",\"image\":{\"@type\":\"ImageObject\",\"inLanguage\":\"fr-FR\",\"@id\":\"https:\/\/dicodusport.fr\/blog\/#\/schema\/person\/image\/\",\"url\":\"https:\/\/dicodusport.fr\/blog\/wp-content\/uploads\/2021\/05\/Nicolas-Jacquemard-150x150.jpeg\",\"contentUrl\":\"https:\/\/dicodusport.fr\/blog\/wp-content\/uploads\/2021\/05\/Nicolas-Jacquemard-150x150.jpeg\",\"caption\":\"Nicolas Jacquemard\"},\"description\":\"Passionn\u00e9 de sport et entrepreneur depuis mes 18 ans, la cr\u00e9ation de Dicodusport m'a sembl\u00e9 \u00e9vidente pour participer \u00e0 la m\u00e9diatisation d'un plus grand nombre de sports. Le chemin est long mais avec une \u00e9quipe des plus motiv\u00e9es et les Jeux Olympiques de Paris 2024 en point de mire, nous y arriverons ! Journaliste dans le monde du sport depuis plus de 5 ans, je traite aussi bien de football, de rugby, de biathlon que de cyclisme.\",\"sameAs\":[\"https:\/\/www.facebook.com\/dicodusport\",\"https:\/\/x.com\/https:\/\/twitter.com\/Nico_Jacquemard\"],\"url\":\"https:\/\/dicodusport.fr\/blog\/author\/dicodusport\/\"}]}<\/script>\n<!-- \/ Yoast SEO Premium plugin. -->","yoast_head_json":{"title":"Angers : Apr\u00e8s sa causerie pol\u00e9mique, Abdel Bouhazama licenci\u00e9","description":"LIGUE 1 2022-2023 - Apr\u00e8s sa causerie pol\u00e9mique avant le match face \u00e0 Montpellier, Abdel Bouhazama a \u00e9t\u00e9 licenci\u00e9 de son poste d'entra\u00eeneur d'Angers.\u00a0","robots":{"index":"index","follow":"follow","max-snippet":"max-snippet:-1","max-image-preview":"max-image-preview:large","max-video-preview":"max-video-preview:-1"},"canonical":"https:\/\/dicodusport.fr\/blog\/angers-apres-sa-causerie-polemique-abdel-bouhazama-licencie\/","og_locale":"fr_FR","og_type":"article","og_title":"Angers : Apr\u00e8s sa causerie pol\u00e9mique, Abdel Bouhazama licenci\u00e9","og_description":"LIGUE 1 2022-2023 - Apr\u00e8s sa causerie pol\u00e9mique avant le match face \u00e0 Montpellier, Abdel Bouhazama a \u00e9t\u00e9 licenci\u00e9 de son poste d'entra\u00eeneur d'Angers.\u00a0","og_url":"https:\/\/dicodusport.fr\/blog\/angers-apres-sa-causerie-polemique-abdel-bouhazama-licencie\/","og_site_name":"Dicodusport","article_publisher":"https:\/\/www.facebook.com\/dicodusport","article_author":"https:\/\/www.facebook.com\/dicodusport","article_published_time":"2023-03-07T15:15:09+00:00","article_modified_time":"2023-03-07T18:07:09+00:00","og_image":[{"width":800,"height":445,"url":"https:\/\/dicodusport.fr\/blog\/wp-content\/uploads\/2023\/03\/Angers-Apres-sa-causerie-polemique-Abdel-Bouhazama-licencie.png","type":"image\/png"}],"author":"Nicolas Jacquemard","twitter_card":"summary_large_image","twitter_title":"Angers : Apr\u00e8s sa causerie pol\u00e9mique, Abdel Bouhazama licenci\u00e9","twitter_creator":"@https:\/\/twitter.com\/Nico_Jacquemard","twitter_site":"@dicodusport","schema":{"@context":"https:\/\/schema.org","@graph":[{"@type":"NewsArticle","@id":"https:\/\/dicodusport.fr\/blog\/angers-apres-sa-causerie-polemique-abdel-bouhazama-licencie\/#article","isPartOf":{"@id":"https:\/\/dicodusport.fr\/blog\/angers-apres-sa-causerie-polemique-abdel-bouhazama-licencie\/"},"author":{"name":"Nicolas Jacquemard","@id":"https:\/\/dicodusport.fr\/blog\/#\/schema\/person\/55dcb50ad410894e431ed812bbb70191"},"headline":"Angers : Apr\u00e8s sa causerie pol\u00e9mique, Abdel Bouhazama licenci\u00e9","datePublished":"2023-03-07T15:15:09+00:00","dateModified":"2023-03-07T18:07:09+00:00","mainEntityOfPage":{"@id":"https:\/\/dicodusport.fr\/blog\/angers-apres-sa-causerie-polemique-abdel-bouhazama-licencie\/"},"wordCount":332,"commentCount":0,"publisher":{"@id":"https:\/\/dicodusport.fr\/blog\/#organization"},"image":{"@id":"https:\/\/dicodusport.fr\/blog\/angers-apres-sa-causerie-polemique-abdel-bouhazama-licencie\/#primaryimage"},"thumbnailUrl":"https:\/\/dicodusport.fr\/blog\/wp-content\/uploads\/2023\/03\/Angers-Apres-sa-causerie-polemique-Abdel-Bouhazama-licencie.png","keywords":["Angers","br\u00e8ve","Football"],"articleSection":["Football","Ligue 1"],"inLanguage":"fr-FR","potentialAction":[{"@type":"CommentAction","name":"Comment","target":["https:\/\/dicodusport.fr\/blog\/angers-apres-sa-causerie-polemique-abdel-bouhazama-licencie\/#respond"]}],"copyrightYear":"2023","copyrightHolder":{"@id":"https:\/\/dicodusport.fr\/blog\/#organization"}},{"@type":"WebPage","@id":"https:\/\/dicodusport.fr\/blog\/angers-apres-sa-causerie-polemique-abdel-bouhazama-licencie\/","url":"https:\/\/dicodusport.fr\/blog\/angers-apres-sa-causerie-polemique-abdel-bouhazama-licencie\/","name":"Angers : Apr\u00e8s sa causerie pol\u00e9mique, Abdel Bouhazama licenci\u00e9","isPartOf":{"@id":"https:\/\/dicodusport.fr\/blog\/#website"},"primaryImageOfPage":{"@id":"https:\/\/dicodusport.fr\/blog\/angers-apres-sa-causerie-polemique-abdel-bouhazama-licencie\/#primaryimage"},"image":{"@id":"https:\/\/dicodusport.fr\/blog\/angers-apres-sa-causerie-polemique-abdel-bouhazama-licencie\/#primaryimage"},"thumbnailUrl":"https:\/\/dicodusport.fr\/blog\/wp-content\/uploads\/2023\/03\/Angers-Apres-sa-causerie-polemique-Abdel-Bouhazama-licencie.png","datePublished":"2023-03-07T15:15:09+00:00","dateModified":"2023-03-07T18:07:09+00:00","description":"LIGUE 1 2022-2023 - Apr\u00e8s sa causerie pol\u00e9mique avant le match face \u00e0 Montpellier, Abdel Bouhazama a \u00e9t\u00e9 licenci\u00e9 de son poste d'entra\u00eeneur d'Angers.\u00a0","breadcrumb":{"@id":"https:\/\/dicodusport.fr\/blog\/angers-apres-sa-causerie-polemique-abdel-bouhazama-licencie\/#breadcrumb"},"inLanguage":"fr-FR","potentialAction":[{"@type":"ReadAction","target":["https:\/\/dicodusport.fr\/blog\/angers-apres-sa-causerie-polemique-abdel-bouhazama-licencie\/"]}]},{"@type":"ImageObject","inLanguage":"fr-FR","@id":"https:\/\/dicodusport.fr\/blog\/angers-apres-sa-causerie-polemique-abdel-bouhazama-licencie\/#primaryimage","url":"https:\/\/dicodusport.fr\/blog\/wp-content\/uploads\/2023\/03\/Angers-Apres-sa-causerie-polemique-Abdel-Bouhazama-licencie.png","contentUrl":"https:\/\/dicodusport.fr\/blog\/wp-content\/uploads\/2023\/03\/Angers-Apres-sa-causerie-polemique-Abdel-Bouhazama-licencie.png","width":800,"height":445},{"@type":"BreadcrumbList","@id":"https:\/\/dicodusport.fr\/blog\/angers-apres-sa-causerie-polemique-abdel-bouhazama-licencie\/#breadcrumb","itemListElement":[{"@type":"ListItem","position":1,"name":"Accueil","item":"https:\/\/dicodusport.fr\/blog\/"},{"@type":"ListItem","position":2,"name":"Angers : Apr\u00e8s sa causerie pol\u00e9mique, Abdel Bouhazama licenci\u00e9"}]},{"@type":"WebSite","@id":"https:\/\/dicodusport.fr\/blog\/#website","url":"https:\/\/dicodusport.fr\/blog\/","name":"Dicodusport","description":"L&#039;encyclop\u00e9die de l&#039;actualit\u00e9 sportive","publisher":{"@id":"https:\/\/dicodusport.fr\/blog\/#organization"},"potentialAction":[{"@type":"SearchAction","target":{"@type":"EntryPoint","urlTemplate":"https:\/\/dicodusport.fr\/blog\/?s={search_term_string}"},"query-input":{"@type":"PropertyValueSpecification","valueRequired":true,"valueName":"search_term_string"}}],"inLanguage":"fr-FR"},{"@type":"NewsMediaOrganization","@id":"https:\/\/dicodusport.fr\/blog\/#organization","name":"Dicodusport","url":"https:\/\/dicodusport.fr\/blog\/","logo":{"@type":"ImageObject","inLanguage":"fr-FR","@id":"https:\/\/dicodusport.fr\/blog\/#\/schema\/logo\/image\/","url":"https:\/\/dicodusport.fr\/blog\/wp-content\/uploads\/2020\/06\/cropped-LOGO-DICODUSPORT-2020-SANS-FOND-SANS-TEXTE.png","contentUrl":"https:\/\/dicodusport.fr\/blog\/wp-content\/uploads\/2020\/06\/cropped-LOGO-DICODUSPORT-2020-SANS-FOND-SANS-TEXTE.png","width":512,"height":512,"caption":"Dicodusport"},"image":{"@id":"https:\/\/dicodusport.fr\/blog\/#\/schema\/logo\/image\/"},"sameAs":["https:\/\/www.facebook.com\/dicodusport","https:\/\/x.com\/dicodusport","https:\/\/www.instagram.com\/dicodusport\/","https:\/\/www.youtube.com\/channel\/UC7V2KZ5sd3htJivAbA4ZG3w"],"description":"Dicodusport est l'encyclop\u00e9die de l'actualit\u00e9 sportive.","email":"bonjour@dicodusport.fr","legalName":"DICODUSPORT","foundingDate":"2018-01-14","vatID":"FR71834470973","taxID":"83447097300043","numberOfEmployees":{"@type":"QuantitativeValue","minValue":"1","maxValue":"10"}},{"@type":"Person","@id":"https:\/\/dicodusport.fr\/blog\/#\/schema\/person\/55dcb50ad410894e431ed812bbb70191","name":"Nicolas Jacquemard","image":{"@type":"ImageObject","inLanguage":"fr-FR","@id":"https:\/\/dicodusport.fr\/blog\/#\/schema\/person\/image\/","url":"https:\/\/dicodusport.fr\/blog\/wp-content\/uploads\/2021\/05\/Nicolas-Jacquemard-150x150.jpeg","contentUrl":"https:\/\/dicodusport.fr\/blog\/wp-content\/uploads\/2021\/05\/Nicolas-Jacquemard-150x150.jpeg","caption":"Nicolas Jacquemard"},"description":"Passionn\u00e9 de sport et entrepreneur depuis mes 18 ans, la cr\u00e9ation de Dicodusport m'a sembl\u00e9 \u00e9vidente pour participer \u00e0 la m\u00e9diatisation d'un plus grand nombre de sports. Le chemin est long mais avec une \u00e9quipe des plus motiv\u00e9es et les Jeux Olympiques de Paris 2024 en point de mire, nous y arriverons ! Journaliste dans le monde du sport depuis plus de 5 ans, je traite aussi bien de football, de rugby, de biathlon que de cyclisme.","sameAs":["https:\/\/www.facebook.com\/dicodusport","https:\/\/x.com\/https:\/\/twitter.com\/Nico_Jacquemard"],"url":"https:\/\/dicodusport.fr\/blog\/author\/dicodusport\/"}]}},"_links":{"self":[{"href":"https:\/\/dicodusport.fr\/blog\/wp-json\/wp\/v2\/posts\/363057","targetHints":{"allow":["GET"]}}],"collection":[{"href":"https:\/\/dicodusport.fr\/blog\/wp-json\/wp\/v2\/posts"}],"about":[{"href":"https:\/\/dicodusport.fr\/blog\/wp-json\/wp\/v2\/types\/post"}],"author":[{"embeddable":true,"href":"https:\/\/dicodusport.fr\/blog\/wp-json\/wp\/v2\/users\/1"}],"replies":[{"embeddable":true,"href":"https:\/\/dicodusport.fr\/blog\/wp-json\/wp\/v2\/comments?post=363057"}],"version-history":[{"count":0,"href":"https:\/\/dicodusport.fr\/blog\/wp-json\/wp\/v2\/posts\/363057\/revisions"}],"wp:featuredmedia":[{"embeddable":true,"href":"https:\/\/dicodusport.fr\/blog\/wp-json\/wp\/v2\/media\/363059"}],"wp:attachment":[{"href":"https:\/\/dicodusport.fr\/blog\/wp-json\/wp\/v2\/media?parent=363057"}],"wp:term":[{"taxonomy":"category","embeddable":true,"href":"https:\/\/dicodusport.fr\/blog\/wp-json\/wp\/v2\/categories?post=363057"},{"taxonomy":"post_tag","embeddable":true,"href":"https:\/\/dicodusport.fr\/blog\/wp-json\/wp\/v2\/tags?post=363057"}],"curies":[{"name":"wp","href":"https:\/\/api.w.org\/{rel}","templated":true}]}}