{"id":363262,"date":"2023-03-08T12:15:16","date_gmt":"2023-03-08T11:15:16","guid":{"rendered":"https:\/\/dicodusport.fr\/blog\/?p=363262&#038;preview=true&#038;preview_id=363262"},"modified":"2023-03-08T13:59:42","modified_gmt":"2023-03-08T12:59:42","slug":"bleues-corinne-diacre-veut-rester-a-la-tete-de-lequipe-de-france","status":"publish","type":"post","link":"https:\/\/dicodusport.fr\/blog\/bleues-corinne-diacre-veut-rester-a-la-tete-de-lequipe-de-france\/","title":{"rendered":"Bleues : Corinne Diacre veut rester \u00e0 la t\u00eate de l&rsquo;\u00e9quipe de France"},"content":{"rendered":"<p style=\"text-align: justify;\" align=\"justify\"><em><strong>FOOTBALL &#8211; Dans un communiqu\u00e9 \u00e0 l&rsquo;AFP, Corinne Diacre a expliqu\u00e9 qu&rsquo;elle \u00e9tait d\u00e9termin\u00e9e \u00e0 rester la s\u00e9lectionneuse de l&rsquo;\u00e9quipe de France.\u00a0<\/strong><\/em><\/p>\n<p style=\"text-align: justify;\" align=\"justify\">\u00c0 la veille de l&rsquo;annonce de la d\u00e9cision de la <strong>F\u00e9d\u00e9ration Fran\u00e7aise de Football<\/strong>, <strong>Corinne<\/strong> <strong>Diacre<\/strong> s&rsquo;est exprim\u00e9e aupr\u00e8s de nos confr\u00e8res de l&rsquo;<em>AFP<\/em>. La patronne des <strong>Bleues<\/strong> se dit <em>\u00ab<\/em> <em>pleinement d\u00e9termin\u00e9e \u00e0 mener (sa) mission <\/em>\u00bb et parle notamment d&rsquo;une <em>\u00ab<\/em> <em>op\u00e9ration de d\u00e9stabilisation \u00bb <\/em>\u00e0 son \u00e9gard. La s\u00e9lectionneuse ajoute.<\/p>\n<blockquote>\n<p style=\"text-align: justify;\">Au regard du d\u00e9chainement m\u00e9diatique honteux de ces derniers jours, je souhaite n\u00e9anmoins r\u00e9affirmer publiquement (&#8230;) que je suis pleinement d\u00e9termin\u00e9e \u00e0 mener ma mission \u00e0 bien et, surtout, \u00e0 faire honneur \u00e0 la France lors de la prochaine Coupe du monde.<\/p>\n<\/blockquote>\n<h2 style=\"text-align: justify;\">Un avenir scell\u00e9 malgr\u00e9 tout<\/h2>\n<p style=\"text-align: justify;\">Malgr\u00e9 cette prise de parole, l&rsquo;avenir de <strong>Corinne<\/strong> <strong>Diacre<\/strong> semble bien d\u00e9j\u00e0 scell\u00e9. Le groupe de travail men\u00e9 par <strong>Jean-Michel Aulas<\/strong> devrait annoncer ce jeudi <a href=\"https:\/\/dicodusport.fr\/blog\/equipe-de-france-corinne-diacre-vers-un-licenciement\/\">le d\u00e9part de la s\u00e9lectionneuse des Bleues<\/a>, qui fait face \u00e0 une fronde de ses joueuses. <a href=\"https:\/\/dicodusport.fr\/blog\/bleues-wendie-renard-se-met-en-retrait-de-lequipe-de-france\/\"><strong>Wendie<\/strong> <strong>Renard<\/strong><\/a>, <strong>Kadidiatou<\/strong> <strong>Diani<\/strong> et <strong>Marie-Antoinette Katoto<\/strong> se sont mises en retrait de la s\u00e9lection tant que la s\u00e9lectionneuse serait l\u00e0.<\/p>\n<p style=\"text-align: justify;\">Pour la remplacer, <strong>G\u00e9rard<\/strong> <strong>Pr\u00eacheur<\/strong>, actuel entra\u00eeneur du <strong>PSG f\u00e9minin<\/strong>, serait le grand favori. Mais d&rsquo;autres noms circulent ces derniers jours comme <strong>Sonia<\/strong> <strong>Bompastor<\/strong>, <strong>Sandrine<\/strong> <strong>Soubeyrand<\/strong>, <strong>Patrice<\/strong> <strong>Lair<\/strong> et plus r\u00e9cemment <a href=\"https:\/\/dicodusport.fr\/blog\/equipe-de-france-herve-renard-pourrait-succeder-a-corinne-diacre\/\" target=\"_blank\" rel=\"noopener\"><strong>Herv\u00e9 Renard<\/strong><\/a>.<\/p>\n<blockquote class=\"twitter-tweet\">\n<p dir=\"ltr\" lang=\"fr\">\ud83d\udea8 Corinne Diacre est \u00ab d\u00e9termin\u00e9e \u00bb \u00e0 rester \u00e0 la t\u00eate des Bleues, malgr\u00e9 une \u00ab op\u00e9ration de d\u00e9stabilisation \u00bb \u00e0 son encontre. \ud83c\uddeb\ud83c\uddf7<\/p>\n<p>(communiqu\u00e9\/AFP) <a href=\"https:\/\/t.co\/HRXbMrDlxY\">pic.twitter.com\/HRXbMrDlxY<\/a><\/p>\n<p>\u2014 Actu Foot (@ActuFoot_) <a href=\"https:\/\/twitter.com\/ActuFoot_\/status\/1633421337166225408?ref_src=twsrc%5Etfw\">March 8, 2023<\/a><\/p><\/blockquote>\n<p style=\"text-align: justify;\"><script async src=\"https:\/\/platform.twitter.com\/widgets.js\" charset=\"utf-8\"><\/script><\/p>\n","protected":false},"excerpt":{"rendered":"<p>FOOTBALL &#8211; Dans un communiqu\u00e9 \u00e0 l&rsquo;AFP, Corinne Diacre a expliqu\u00e9 qu&rsquo;elle \u00e9tait d\u00e9termin\u00e9e \u00e0 rester la s\u00e9lectionneuse de l&rsquo;\u00e9quipe de France.\u00a0<\/p>\n","protected":false},"author":1,"featured_media":360035,"comment_status":"open","ping_status":"closed","sticky":false,"template":"","format":"standard","meta":{"_acf_changed":false,"_daextam_enable_autolinks":"","footnotes":""},"categories":[2301],"tags":[16878,7479,29950,75,30],"class_list":["post-363262","post","type-post","status-publish","format-standard","has-post-thumbnail","hentry","category-football","tag-breve","tag-corinne-diacre","tag-diacre","tag-football","tag-france"],"acf":[],"yoast_head":"<!-- This site is optimized with the Yoast SEO Premium plugin v26.7 (Yoast SEO v26.7) - https:\/\/yoast.com\/wordpress\/plugins\/seo\/ -->\n<title>Bleues : Corinne Diacre veut rester \u00e0 la t\u00eate de l&#039;\u00e9quipe de France<\/title>\n<meta name=\"description\" content=\"FOOTBALL - Dans un communiqu\u00e9 \u00e0 l&#039;AFP, Corinne Diacre a expliqu\u00e9 qu&#039;elle \u00e9tait d\u00e9termin\u00e9e \u00e0 rester la s\u00e9lectionneuse de l&#039;\u00e9quipe de France.\u00a0\" \/>\n<meta name=\"robots\" content=\"index, follow, max-snippet:-1, max-image-preview:large, max-video-preview:-1\" \/>\n<link rel=\"canonical\" href=\"https:\/\/dicodusport.fr\/blog\/bleues-corinne-diacre-veut-rester-a-la-tete-de-lequipe-de-france\/\" \/>\n<meta property=\"og:locale\" content=\"fr_FR\" \/>\n<meta property=\"og:type\" content=\"article\" \/>\n<meta property=\"og:title\" content=\"Bleues : Corinne Diacre veut rester \u00e0 la t\u00eate de l&#039;\u00e9quipe de France\" \/>\n<meta property=\"og:description\" content=\"FOOTBALL - Dans un communiqu\u00e9 \u00e0 l&#039;AFP, Corinne Diacre a expliqu\u00e9 qu&#039;elle \u00e9tait d\u00e9termin\u00e9e \u00e0 rester la s\u00e9lectionneuse de l&#039;\u00e9quipe de France.\u00a0\" \/>\n<meta property=\"og:url\" content=\"https:\/\/dicodusport.fr\/blog\/bleues-corinne-diacre-veut-rester-a-la-tete-de-lequipe-de-france\/\" \/>\n<meta property=\"og:site_name\" content=\"Dicodusport\" \/>\n<meta property=\"article:publisher\" content=\"https:\/\/www.facebook.com\/dicodusport\" \/>\n<meta property=\"article:author\" content=\"https:\/\/www.facebook.com\/dicodusport\" \/>\n<meta property=\"article:published_time\" content=\"2023-03-08T11:15:16+00:00\" \/>\n<meta property=\"article:modified_time\" content=\"2023-03-08T12:59:42+00:00\" \/>\n<meta property=\"og:image\" content=\"https:\/\/dicodusport.fr\/blog\/wp-content\/uploads\/2023\/02\/Bleues-Corinne-Diacre-devrait-presenter-sa-demission-demain.png\" \/>\n\t<meta property=\"og:image:width\" content=\"800\" \/>\n\t<meta property=\"og:image:height\" content=\"445\" \/>\n\t<meta property=\"og:image:type\" content=\"image\/png\" \/>\n<meta name=\"author\" content=\"Nicolas Jacquemard\" \/>\n<meta name=\"twitter:card\" content=\"summary_large_image\" \/>\n<meta name=\"twitter:title\" content=\"Bleues : Corinne Diacre veut rester \u00e0 la t\u00eate de l&#039;\u00e9quipe de France\" \/>\n<meta name=\"twitter:creator\" content=\"@https:\/\/twitter.com\/Nico_Jacquemard\" \/>\n<meta name=\"twitter:site\" content=\"@dicodusport\" \/>\n<script type=\"application\/ld+json\" class=\"yoast-schema-graph\">{\"@context\":\"https:\/\/schema.org\",\"@graph\":[{\"@type\":\"NewsArticle\",\"@id\":\"https:\/\/dicodusport.fr\/blog\/bleues-corinne-diacre-veut-rester-a-la-tete-de-lequipe-de-france\/#article\",\"isPartOf\":{\"@id\":\"https:\/\/dicodusport.fr\/blog\/bleues-corinne-diacre-veut-rester-a-la-tete-de-lequipe-de-france\/\"},\"author\":{\"name\":\"Nicolas Jacquemard\",\"@id\":\"https:\/\/dicodusport.fr\/blog\/#\/schema\/person\/55dcb50ad410894e431ed812bbb70191\"},\"headline\":\"Bleues : Corinne Diacre veut rester \u00e0 la t\u00eate de l&rsquo;\u00e9quipe de France\",\"datePublished\":\"2023-03-08T11:15:16+00:00\",\"dateModified\":\"2023-03-08T12:59:42+00:00\",\"mainEntityOfPage\":{\"@id\":\"https:\/\/dicodusport.fr\/blog\/bleues-corinne-diacre-veut-rester-a-la-tete-de-lequipe-de-france\/\"},\"wordCount\":286,\"commentCount\":0,\"publisher\":{\"@id\":\"https:\/\/dicodusport.fr\/blog\/#organization\"},\"image\":{\"@id\":\"https:\/\/dicodusport.fr\/blog\/bleues-corinne-diacre-veut-rester-a-la-tete-de-lequipe-de-france\/#primaryimage\"},\"thumbnailUrl\":\"https:\/\/dicodusport.fr\/blog\/wp-content\/uploads\/2023\/02\/Bleues-Corinne-Diacre-devrait-presenter-sa-demission-demain.png\",\"keywords\":[\"br\u00e8ve\",\"Corinne Diacre\",\"Diacre\",\"Football\",\"France\"],\"articleSection\":[\"Football\"],\"inLanguage\":\"fr-FR\",\"potentialAction\":[{\"@type\":\"CommentAction\",\"name\":\"Comment\",\"target\":[\"https:\/\/dicodusport.fr\/blog\/bleues-corinne-diacre-veut-rester-a-la-tete-de-lequipe-de-france\/#respond\"]}],\"copyrightYear\":\"2023\",\"copyrightHolder\":{\"@id\":\"https:\/\/dicodusport.fr\/blog\/#organization\"}},{\"@type\":\"WebPage\",\"@id\":\"https:\/\/dicodusport.fr\/blog\/bleues-corinne-diacre-veut-rester-a-la-tete-de-lequipe-de-france\/\",\"url\":\"https:\/\/dicodusport.fr\/blog\/bleues-corinne-diacre-veut-rester-a-la-tete-de-lequipe-de-france\/\",\"name\":\"Bleues : Corinne Diacre veut rester \u00e0 la t\u00eate de l'\u00e9quipe de France\",\"isPartOf\":{\"@id\":\"https:\/\/dicodusport.fr\/blog\/#website\"},\"primaryImageOfPage\":{\"@id\":\"https:\/\/dicodusport.fr\/blog\/bleues-corinne-diacre-veut-rester-a-la-tete-de-lequipe-de-france\/#primaryimage\"},\"image\":{\"@id\":\"https:\/\/dicodusport.fr\/blog\/bleues-corinne-diacre-veut-rester-a-la-tete-de-lequipe-de-france\/#primaryimage\"},\"thumbnailUrl\":\"https:\/\/dicodusport.fr\/blog\/wp-content\/uploads\/2023\/02\/Bleues-Corinne-Diacre-devrait-presenter-sa-demission-demain.png\",\"datePublished\":\"2023-03-08T11:15:16+00:00\",\"dateModified\":\"2023-03-08T12:59:42+00:00\",\"description\":\"FOOTBALL - Dans un communiqu\u00e9 \u00e0 l'AFP, Corinne Diacre a expliqu\u00e9 qu'elle \u00e9tait d\u00e9termin\u00e9e \u00e0 rester la s\u00e9lectionneuse de l'\u00e9quipe de France.\u00a0\",\"breadcrumb\":{\"@id\":\"https:\/\/dicodusport.fr\/blog\/bleues-corinne-diacre-veut-rester-a-la-tete-de-lequipe-de-france\/#breadcrumb\"},\"inLanguage\":\"fr-FR\",\"potentialAction\":[{\"@type\":\"ReadAction\",\"target\":[\"https:\/\/dicodusport.fr\/blog\/bleues-corinne-diacre-veut-rester-a-la-tete-de-lequipe-de-france\/\"]}]},{\"@type\":\"ImageObject\",\"inLanguage\":\"fr-FR\",\"@id\":\"https:\/\/dicodusport.fr\/blog\/bleues-corinne-diacre-veut-rester-a-la-tete-de-lequipe-de-france\/#primaryimage\",\"url\":\"https:\/\/dicodusport.fr\/blog\/wp-content\/uploads\/2023\/02\/Bleues-Corinne-Diacre-devrait-presenter-sa-demission-demain.png\",\"contentUrl\":\"https:\/\/dicodusport.fr\/blog\/wp-content\/uploads\/2023\/02\/Bleues-Corinne-Diacre-devrait-presenter-sa-demission-demain.png\",\"width\":800,\"height\":445,\"caption\":\"Bleues Corinne Diacre devrait pr\u00e9senter sa d\u00e9mission demain\"},{\"@type\":\"BreadcrumbList\",\"@id\":\"https:\/\/dicodusport.fr\/blog\/bleues-corinne-diacre-veut-rester-a-la-tete-de-lequipe-de-france\/#breadcrumb\",\"itemListElement\":[{\"@type\":\"ListItem\",\"position\":1,\"name\":\"Accueil\",\"item\":\"https:\/\/dicodusport.fr\/blog\/\"},{\"@type\":\"ListItem\",\"position\":2,\"name\":\"Bleues : Corinne Diacre veut rester \u00e0 la t\u00eate de l&rsquo;\u00e9quipe de France\"}]},{\"@type\":\"WebSite\",\"@id\":\"https:\/\/dicodusport.fr\/blog\/#website\",\"url\":\"https:\/\/dicodusport.fr\/blog\/\",\"name\":\"Dicodusport\",\"description\":\"L&#039;encyclop\u00e9die de l&#039;actualit\u00e9 sportive\",\"publisher\":{\"@id\":\"https:\/\/dicodusport.fr\/blog\/#organization\"},\"potentialAction\":[{\"@type\":\"SearchAction\",\"target\":{\"@type\":\"EntryPoint\",\"urlTemplate\":\"https:\/\/dicodusport.fr\/blog\/?s={search_term_string}\"},\"query-input\":{\"@type\":\"PropertyValueSpecification\",\"valueRequired\":true,\"valueName\":\"search_term_string\"}}],\"inLanguage\":\"fr-FR\"},{\"@type\":\"NewsMediaOrganization\",\"@id\":\"https:\/\/dicodusport.fr\/blog\/#organization\",\"name\":\"Dicodusport\",\"url\":\"https:\/\/dicodusport.fr\/blog\/\",\"logo\":{\"@type\":\"ImageObject\",\"inLanguage\":\"fr-FR\",\"@id\":\"https:\/\/dicodusport.fr\/blog\/#\/schema\/logo\/image\/\",\"url\":\"https:\/\/dicodusport.fr\/blog\/wp-content\/uploads\/2020\/06\/cropped-LOGO-DICODUSPORT-2020-SANS-FOND-SANS-TEXTE.png\",\"contentUrl\":\"https:\/\/dicodusport.fr\/blog\/wp-content\/uploads\/2020\/06\/cropped-LOGO-DICODUSPORT-2020-SANS-FOND-SANS-TEXTE.png\",\"width\":512,\"height\":512,\"caption\":\"Dicodusport\"},\"image\":{\"@id\":\"https:\/\/dicodusport.fr\/blog\/#\/schema\/logo\/image\/\"},\"sameAs\":[\"https:\/\/www.facebook.com\/dicodusport\",\"https:\/\/x.com\/dicodusport\",\"https:\/\/www.instagram.com\/dicodusport\/\",\"https:\/\/www.youtube.com\/channel\/UC7V2KZ5sd3htJivAbA4ZG3w\"],\"description\":\"Dicodusport est l'encyclop\u00e9die de l'actualit\u00e9 sportive.\",\"email\":\"bonjour@dicodusport.fr\",\"legalName\":\"DICODUSPORT\",\"foundingDate\":\"2018-01-14\",\"vatID\":\"FR71834470973\",\"taxID\":\"83447097300043\",\"numberOfEmployees\":{\"@type\":\"QuantitativeValue\",\"minValue\":\"1\",\"maxValue\":\"10\"}},{\"@type\":\"Person\",\"@id\":\"https:\/\/dicodusport.fr\/blog\/#\/schema\/person\/55dcb50ad410894e431ed812bbb70191\",\"name\":\"Nicolas Jacquemard\",\"image\":{\"@type\":\"ImageObject\",\"inLanguage\":\"fr-FR\",\"@id\":\"https:\/\/dicodusport.fr\/blog\/#\/schema\/person\/image\/\",\"url\":\"https:\/\/dicodusport.fr\/blog\/wp-content\/uploads\/2021\/05\/Nicolas-Jacquemard-150x150.jpeg\",\"contentUrl\":\"https:\/\/dicodusport.fr\/blog\/wp-content\/uploads\/2021\/05\/Nicolas-Jacquemard-150x150.jpeg\",\"caption\":\"Nicolas Jacquemard\"},\"description\":\"Passionn\u00e9 de sport et entrepreneur depuis mes 18 ans, la cr\u00e9ation de Dicodusport m'a sembl\u00e9 \u00e9vidente pour participer \u00e0 la m\u00e9diatisation d'un plus grand nombre de sports. Le chemin est long mais avec une \u00e9quipe des plus motiv\u00e9es et les Jeux Olympiques de Paris 2024 en point de mire, nous y arriverons ! Journaliste dans le monde du sport depuis plus de 5 ans, je traite aussi bien de football, de rugby, de biathlon que de cyclisme.\",\"sameAs\":[\"https:\/\/www.facebook.com\/dicodusport\",\"https:\/\/x.com\/https:\/\/twitter.com\/Nico_Jacquemard\"],\"url\":\"https:\/\/dicodusport.fr\/blog\/author\/dicodusport\/\"}]}<\/script>\n<!-- \/ Yoast SEO Premium plugin. -->","yoast_head_json":{"title":"Bleues : Corinne Diacre veut rester \u00e0 la t\u00eate de l'\u00e9quipe de France","description":"FOOTBALL - Dans un communiqu\u00e9 \u00e0 l'AFP, Corinne Diacre a expliqu\u00e9 qu'elle \u00e9tait d\u00e9termin\u00e9e \u00e0 rester la s\u00e9lectionneuse de l'\u00e9quipe de France.\u00a0","robots":{"index":"index","follow":"follow","max-snippet":"max-snippet:-1","max-image-preview":"max-image-preview:large","max-video-preview":"max-video-preview:-1"},"canonical":"https:\/\/dicodusport.fr\/blog\/bleues-corinne-diacre-veut-rester-a-la-tete-de-lequipe-de-france\/","og_locale":"fr_FR","og_type":"article","og_title":"Bleues : Corinne Diacre veut rester \u00e0 la t\u00eate de l'\u00e9quipe de France","og_description":"FOOTBALL - Dans un communiqu\u00e9 \u00e0 l'AFP, Corinne Diacre a expliqu\u00e9 qu'elle \u00e9tait d\u00e9termin\u00e9e \u00e0 rester la s\u00e9lectionneuse de l'\u00e9quipe de France.\u00a0","og_url":"https:\/\/dicodusport.fr\/blog\/bleues-corinne-diacre-veut-rester-a-la-tete-de-lequipe-de-france\/","og_site_name":"Dicodusport","article_publisher":"https:\/\/www.facebook.com\/dicodusport","article_author":"https:\/\/www.facebook.com\/dicodusport","article_published_time":"2023-03-08T11:15:16+00:00","article_modified_time":"2023-03-08T12:59:42+00:00","og_image":[{"width":800,"height":445,"url":"https:\/\/dicodusport.fr\/blog\/wp-content\/uploads\/2023\/02\/Bleues-Corinne-Diacre-devrait-presenter-sa-demission-demain.png","type":"image\/png"}],"author":"Nicolas Jacquemard","twitter_card":"summary_large_image","twitter_title":"Bleues : Corinne Diacre veut rester \u00e0 la t\u00eate de l'\u00e9quipe de France","twitter_creator":"@https:\/\/twitter.com\/Nico_Jacquemard","twitter_site":"@dicodusport","schema":{"@context":"https:\/\/schema.org","@graph":[{"@type":"NewsArticle","@id":"https:\/\/dicodusport.fr\/blog\/bleues-corinne-diacre-veut-rester-a-la-tete-de-lequipe-de-france\/#article","isPartOf":{"@id":"https:\/\/dicodusport.fr\/blog\/bleues-corinne-diacre-veut-rester-a-la-tete-de-lequipe-de-france\/"},"author":{"name":"Nicolas Jacquemard","@id":"https:\/\/dicodusport.fr\/blog\/#\/schema\/person\/55dcb50ad410894e431ed812bbb70191"},"headline":"Bleues : Corinne Diacre veut rester \u00e0 la t\u00eate de l&rsquo;\u00e9quipe de France","datePublished":"2023-03-08T11:15:16+00:00","dateModified":"2023-03-08T12:59:42+00:00","mainEntityOfPage":{"@id":"https:\/\/dicodusport.fr\/blog\/bleues-corinne-diacre-veut-rester-a-la-tete-de-lequipe-de-france\/"},"wordCount":286,"commentCount":0,"publisher":{"@id":"https:\/\/dicodusport.fr\/blog\/#organization"},"image":{"@id":"https:\/\/dicodusport.fr\/blog\/bleues-corinne-diacre-veut-rester-a-la-tete-de-lequipe-de-france\/#primaryimage"},"thumbnailUrl":"https:\/\/dicodusport.fr\/blog\/wp-content\/uploads\/2023\/02\/Bleues-Corinne-Diacre-devrait-presenter-sa-demission-demain.png","keywords":["br\u00e8ve","Corinne Diacre","Diacre","Football","France"],"articleSection":["Football"],"inLanguage":"fr-FR","potentialAction":[{"@type":"CommentAction","name":"Comment","target":["https:\/\/dicodusport.fr\/blog\/bleues-corinne-diacre-veut-rester-a-la-tete-de-lequipe-de-france\/#respond"]}],"copyrightYear":"2023","copyrightHolder":{"@id":"https:\/\/dicodusport.fr\/blog\/#organization"}},{"@type":"WebPage","@id":"https:\/\/dicodusport.fr\/blog\/bleues-corinne-diacre-veut-rester-a-la-tete-de-lequipe-de-france\/","url":"https:\/\/dicodusport.fr\/blog\/bleues-corinne-diacre-veut-rester-a-la-tete-de-lequipe-de-france\/","name":"Bleues : Corinne Diacre veut rester \u00e0 la t\u00eate de l'\u00e9quipe de France","isPartOf":{"@id":"https:\/\/dicodusport.fr\/blog\/#website"},"primaryImageOfPage":{"@id":"https:\/\/dicodusport.fr\/blog\/bleues-corinne-diacre-veut-rester-a-la-tete-de-lequipe-de-france\/#primaryimage"},"image":{"@id":"https:\/\/dicodusport.fr\/blog\/bleues-corinne-diacre-veut-rester-a-la-tete-de-lequipe-de-france\/#primaryimage"},"thumbnailUrl":"https:\/\/dicodusport.fr\/blog\/wp-content\/uploads\/2023\/02\/Bleues-Corinne-Diacre-devrait-presenter-sa-demission-demain.png","datePublished":"2023-03-08T11:15:16+00:00","dateModified":"2023-03-08T12:59:42+00:00","description":"FOOTBALL - Dans un communiqu\u00e9 \u00e0 l'AFP, Corinne Diacre a expliqu\u00e9 qu'elle \u00e9tait d\u00e9termin\u00e9e \u00e0 rester la s\u00e9lectionneuse de l'\u00e9quipe de France.\u00a0","breadcrumb":{"@id":"https:\/\/dicodusport.fr\/blog\/bleues-corinne-diacre-veut-rester-a-la-tete-de-lequipe-de-france\/#breadcrumb"},"inLanguage":"fr-FR","potentialAction":[{"@type":"ReadAction","target":["https:\/\/dicodusport.fr\/blog\/bleues-corinne-diacre-veut-rester-a-la-tete-de-lequipe-de-france\/"]}]},{"@type":"ImageObject","inLanguage":"fr-FR","@id":"https:\/\/dicodusport.fr\/blog\/bleues-corinne-diacre-veut-rester-a-la-tete-de-lequipe-de-france\/#primaryimage","url":"https:\/\/dicodusport.fr\/blog\/wp-content\/uploads\/2023\/02\/Bleues-Corinne-Diacre-devrait-presenter-sa-demission-demain.png","contentUrl":"https:\/\/dicodusport.fr\/blog\/wp-content\/uploads\/2023\/02\/Bleues-Corinne-Diacre-devrait-presenter-sa-demission-demain.png","width":800,"height":445,"caption":"Bleues Corinne Diacre devrait pr\u00e9senter sa d\u00e9mission demain"},{"@type":"BreadcrumbList","@id":"https:\/\/dicodusport.fr\/blog\/bleues-corinne-diacre-veut-rester-a-la-tete-de-lequipe-de-france\/#breadcrumb","itemListElement":[{"@type":"ListItem","position":1,"name":"Accueil","item":"https:\/\/dicodusport.fr\/blog\/"},{"@type":"ListItem","position":2,"name":"Bleues : Corinne Diacre veut rester \u00e0 la t\u00eate de l&rsquo;\u00e9quipe de France"}]},{"@type":"WebSite","@id":"https:\/\/dicodusport.fr\/blog\/#website","url":"https:\/\/dicodusport.fr\/blog\/","name":"Dicodusport","description":"L&#039;encyclop\u00e9die de l&#039;actualit\u00e9 sportive","publisher":{"@id":"https:\/\/dicodusport.fr\/blog\/#organization"},"potentialAction":[{"@type":"SearchAction","target":{"@type":"EntryPoint","urlTemplate":"https:\/\/dicodusport.fr\/blog\/?s={search_term_string}"},"query-input":{"@type":"PropertyValueSpecification","valueRequired":true,"valueName":"search_term_string"}}],"inLanguage":"fr-FR"},{"@type":"NewsMediaOrganization","@id":"https:\/\/dicodusport.fr\/blog\/#organization","name":"Dicodusport","url":"https:\/\/dicodusport.fr\/blog\/","logo":{"@type":"ImageObject","inLanguage":"fr-FR","@id":"https:\/\/dicodusport.fr\/blog\/#\/schema\/logo\/image\/","url":"https:\/\/dicodusport.fr\/blog\/wp-content\/uploads\/2020\/06\/cropped-LOGO-DICODUSPORT-2020-SANS-FOND-SANS-TEXTE.png","contentUrl":"https:\/\/dicodusport.fr\/blog\/wp-content\/uploads\/2020\/06\/cropped-LOGO-DICODUSPORT-2020-SANS-FOND-SANS-TEXTE.png","width":512,"height":512,"caption":"Dicodusport"},"image":{"@id":"https:\/\/dicodusport.fr\/blog\/#\/schema\/logo\/image\/"},"sameAs":["https:\/\/www.facebook.com\/dicodusport","https:\/\/x.com\/dicodusport","https:\/\/www.instagram.com\/dicodusport\/","https:\/\/www.youtube.com\/channel\/UC7V2KZ5sd3htJivAbA4ZG3w"],"description":"Dicodusport est l'encyclop\u00e9die de l'actualit\u00e9 sportive.","email":"bonjour@dicodusport.fr","legalName":"DICODUSPORT","foundingDate":"2018-01-14","vatID":"FR71834470973","taxID":"83447097300043","numberOfEmployees":{"@type":"QuantitativeValue","minValue":"1","maxValue":"10"}},{"@type":"Person","@id":"https:\/\/dicodusport.fr\/blog\/#\/schema\/person\/55dcb50ad410894e431ed812bbb70191","name":"Nicolas Jacquemard","image":{"@type":"ImageObject","inLanguage":"fr-FR","@id":"https:\/\/dicodusport.fr\/blog\/#\/schema\/person\/image\/","url":"https:\/\/dicodusport.fr\/blog\/wp-content\/uploads\/2021\/05\/Nicolas-Jacquemard-150x150.jpeg","contentUrl":"https:\/\/dicodusport.fr\/blog\/wp-content\/uploads\/2021\/05\/Nicolas-Jacquemard-150x150.jpeg","caption":"Nicolas Jacquemard"},"description":"Passionn\u00e9 de sport et entrepreneur depuis mes 18 ans, la cr\u00e9ation de Dicodusport m'a sembl\u00e9 \u00e9vidente pour participer \u00e0 la m\u00e9diatisation d'un plus grand nombre de sports. Le chemin est long mais avec une \u00e9quipe des plus motiv\u00e9es et les Jeux Olympiques de Paris 2024 en point de mire, nous y arriverons ! Journaliste dans le monde du sport depuis plus de 5 ans, je traite aussi bien de football, de rugby, de biathlon que de cyclisme.","sameAs":["https:\/\/www.facebook.com\/dicodusport","https:\/\/x.com\/https:\/\/twitter.com\/Nico_Jacquemard"],"url":"https:\/\/dicodusport.fr\/blog\/author\/dicodusport\/"}]}},"_links":{"self":[{"href":"https:\/\/dicodusport.fr\/blog\/wp-json\/wp\/v2\/posts\/363262","targetHints":{"allow":["GET"]}}],"collection":[{"href":"https:\/\/dicodusport.fr\/blog\/wp-json\/wp\/v2\/posts"}],"about":[{"href":"https:\/\/dicodusport.fr\/blog\/wp-json\/wp\/v2\/types\/post"}],"author":[{"embeddable":true,"href":"https:\/\/dicodusport.fr\/blog\/wp-json\/wp\/v2\/users\/1"}],"replies":[{"embeddable":true,"href":"https:\/\/dicodusport.fr\/blog\/wp-json\/wp\/v2\/comments?post=363262"}],"version-history":[{"count":0,"href":"https:\/\/dicodusport.fr\/blog\/wp-json\/wp\/v2\/posts\/363262\/revisions"}],"wp:featuredmedia":[{"embeddable":true,"href":"https:\/\/dicodusport.fr\/blog\/wp-json\/wp\/v2\/media\/360035"}],"wp:attachment":[{"href":"https:\/\/dicodusport.fr\/blog\/wp-json\/wp\/v2\/media?parent=363262"}],"wp:term":[{"taxonomy":"category","embeddable":true,"href":"https:\/\/dicodusport.fr\/blog\/wp-json\/wp\/v2\/categories?post=363262"},{"taxonomy":"post_tag","embeddable":true,"href":"https:\/\/dicodusport.fr\/blog\/wp-json\/wp\/v2\/tags?post=363262"}],"curies":[{"name":"wp","href":"https:\/\/api.w.org\/{rel}","templated":true}]}}