{"id":36347,"date":"2019-04-02T15:54:35","date_gmt":"2019-04-02T13:54:35","guid":{"rendered":"http:\/\/dicodusport.fr\/blog\/?p=36347"},"modified":"2019-04-02T15:54:35","modified_gmt":"2019-04-02T13:54:35","slug":"nabil-fekir-et-hatem-ben-arfa-genies-cherchent-constance","status":"publish","type":"post","link":"https:\/\/dicodusport.fr\/blog\/nabil-fekir-et-hatem-ben-arfa-genies-cherchent-constance\/","title":{"rendered":"Nabil Fekir et Hatem Ben Arfa : g\u00e9nies cherchent constance"},"content":{"rendered":"<p style=\"text-align: justify;\"><em><strong>Adversaires ce soir, <a href=\"https:\/\/dicodusport.fr\/blog\/nabil-fekir-messi-d-un-soir\/\" target=\"_blank\" rel=\"noopener\">Nabil Fekir<\/a> et Hatem Ben Arfa ont de nombreux points communs, m\u00eame si le palmar\u00e8s du premier aura toujours une \u00e9toile en plus que celui du second.<\/strong><\/em><\/p>\n<p style=\"text-align: justify;\">Hors du terrain, tout les oppose. Le premier fid\u00e8le au m\u00eame club depuis le d\u00e9but de sa carri\u00e8re est plut\u00f4t de nature r\u00e9serv\u00e9e alors que le Rennais n&rsquo;a cess\u00e9 de changer de clubs et de faire parler de lui tout au long de sa carri\u00e8re. Sur la pelouse, les points communs entre ces deux joueurs sont par contre nombreux. D\u00e9j\u00e0 parce qu&rsquo;ils sont tous les deux form\u00e9s \u00e0 Lyon, mais aussi car ce sont deux gauchers qui basent leur jeu sur les appuis, la technique et l&rsquo;explosivit\u00e9.<\/p>\n<h1 style=\"text-align: justify;\">G\u00e9niaux, mais trop irr\u00e9guliers<\/h1>\n<p style=\"text-align: justify;\">Mais les similitudes les plus frappantes, et m\u00eame si elles sont \u00e0 des degr\u00e9s diff\u00e9rents pour les deux joueurs, c&rsquo;est bien leur g\u00e9nie incontestable et leur inconstance frappante. Souvent g\u00e9niaux, ils peuvent aussi passer \u00e0 c\u00f4t\u00e9 de leur match ou tomber dans l&rsquo;individualisme, et c&rsquo;est ce qui fait la diff\u00e9rence entre les grands joueurs qu&rsquo;ils sont et les tr\u00e8s grands joueurs qu&rsquo;ils pourraient \u00eatre.<\/p>\n<p style=\"text-align: justify;\">Cette saison, Hatem Ben Arfa a disput\u00e9 33 matchs toutes comp\u00e9titions confondues pour sept buts inscrits et trois passes d\u00e9cisives. Il a notamment \u00e9t\u00e9 l&rsquo;un des grands artisans du match aller remport\u00e9 face \u00e0 Arsenal en Ligue Europa. Nabil Fekir a lui aussi jou\u00e9 33 matchs pour 12 buts et 7 passes d\u00e9cisives : il est l&rsquo;homme de la qualification pour les 8\u00e8mes de finale de Ligue des Champions avec son but face \u00e0 Donetsk.<\/p>\n<p style=\"text-align: justify;\">Ce soir, comme bien souvent, les projecteurs seront tourn\u00e9s vers ces deux joueurs. Car m\u00eame si on aime tant les d\u00e9tester par moment, c&rsquo;est surtout gr\u00e2ce \u00e0 ce genre d&rsquo;artistes que l&rsquo;on va au stade et que les \u00e9motions nous viennent.<\/p>\n<p><em><strong>Nicolas Jacquemard<br \/>\n<\/strong><\/em><a style=\"color: #000000;\" href=\"https:\/\/twitter.com\/Nico_Jacquemard\" target=\"_blank\" rel=\"noopener noreferrer\"><img loading=\"lazy\" decoding=\"async\" class=\"alignnone wp-image-2908\" src=\"http:\/\/dicodusport.fr\/blog\/wp-content\/uploads\/2017\/07\/logo-twitter-150x150.png\" alt=\"\" width=\"39\" height=\"39\" \/><\/a><a style=\"color: #000000;\" href=\"https:\/\/www.facebook.com\/dicodusport\/\" target=\"_blank\" rel=\"noopener noreferrer\"><img loading=\"lazy\" decoding=\"async\" class=\"alignnone wp-image-2909\" src=\"http:\/\/dicodusport.fr\/blog\/wp-content\/uploads\/2017\/07\/logo-facebook-150x150.png\" alt=\"\" width=\"40\" height=\"40\" \/><\/a><\/p>\n","protected":false},"excerpt":{"rendered":"<p>Adversaires ce soir, Nabil Fekir et Hatem Ben Arfa ont de nombreux points communs, m\u00eame si le palmar\u00e8s du premier aura toujours une \u00e9toile en plus que celui du second.<\/p>\n","protected":false},"author":1,"featured_media":36350,"comment_status":"open","ping_status":"closed","sticky":false,"template":"","format":"standard","meta":{"_acf_changed":false,"_daextam_enable_autolinks":"","footnotes":""},"categories":[2,2301],"tags":[75,6889,449,2150,1145,1840],"class_list":["post-36347","post","type-post","status-publish","format-standard","has-post-thumbnail","hentry","category-actualites","category-football","tag-football","tag-hatem-ben-arfa","tag-lyon","tag-nabil-fekir","tag-ol","tag-rennes"],"acf":[],"yoast_head":"<!-- This site is optimized with the Yoast SEO Premium plugin v26.7 (Yoast SEO v26.7) - https:\/\/yoast.com\/wordpress\/plugins\/seo\/ -->\n<title>Nabil Fekir et Hatem Ben Arfa : g\u00e9nies cherchent constance<\/title>\n<meta name=\"description\" content=\"Adversaires ce soir en demi-finale de la Coupe de France, Nabil Fekir et Hatem Ben Arfa ont de nombreux points communs.\" \/>\n<meta name=\"robots\" content=\"index, follow, max-snippet:-1, max-image-preview:large, max-video-preview:-1\" \/>\n<link rel=\"canonical\" href=\"https:\/\/dicodusport.fr\/blog\/nabil-fekir-et-hatem-ben-arfa-genies-cherchent-constance\/\" \/>\n<meta property=\"og:locale\" content=\"fr_FR\" \/>\n<meta property=\"og:type\" content=\"article\" \/>\n<meta property=\"og:title\" content=\"Nabil Fekir et Hatem Ben Arfa : g\u00e9nies cherchent constance\" \/>\n<meta property=\"og:description\" content=\"Adversaires ce soir en demi-finale de la Coupe de France, Nabil Fekir et Hatem Ben Arfa ont de nombreux points communs.\" \/>\n<meta property=\"og:url\" content=\"https:\/\/dicodusport.fr\/blog\/nabil-fekir-et-hatem-ben-arfa-genies-cherchent-constance\/\" \/>\n<meta property=\"og:site_name\" content=\"Dicodusport\" \/>\n<meta property=\"article:publisher\" content=\"https:\/\/www.facebook.com\/dicodusport\" \/>\n<meta property=\"article:author\" content=\"https:\/\/www.facebook.com\/dicodusport\" \/>\n<meta property=\"article:published_time\" content=\"2019-04-02T13:54:35+00:00\" \/>\n<meta property=\"og:image\" content=\"https:\/\/dicodusport.fr\/blog\/wp-content\/uploads\/2019\/04\/Nabil-Fekir-Hatem-Ben-Arfa-Coupe-de-France.png\" \/>\n\t<meta property=\"og:image:width\" content=\"800\" \/>\n\t<meta property=\"og:image:height\" content=\"445\" \/>\n\t<meta property=\"og:image:type\" content=\"image\/png\" \/>\n<meta name=\"author\" content=\"Nicolas Jacquemard\" \/>\n<meta name=\"twitter:card\" content=\"summary_large_image\" \/>\n<meta name=\"twitter:creator\" content=\"@https:\/\/twitter.com\/Nico_Jacquemard\" \/>\n<meta name=\"twitter:site\" content=\"@dicodusport\" \/>\n<script type=\"application\/ld+json\" class=\"yoast-schema-graph\">{\"@context\":\"https:\/\/schema.org\",\"@graph\":[{\"@type\":\"NewsArticle\",\"@id\":\"https:\/\/dicodusport.fr\/blog\/nabil-fekir-et-hatem-ben-arfa-genies-cherchent-constance\/#article\",\"isPartOf\":{\"@id\":\"https:\/\/dicodusport.fr\/blog\/nabil-fekir-et-hatem-ben-arfa-genies-cherchent-constance\/\"},\"author\":{\"name\":\"Nicolas Jacquemard\",\"@id\":\"https:\/\/dicodusport.fr\/blog\/#\/schema\/person\/55dcb50ad410894e431ed812bbb70191\"},\"headline\":\"Nabil Fekir et Hatem Ben Arfa : g\u00e9nies cherchent constance\",\"datePublished\":\"2019-04-02T13:54:35+00:00\",\"mainEntityOfPage\":{\"@id\":\"https:\/\/dicodusport.fr\/blog\/nabil-fekir-et-hatem-ben-arfa-genies-cherchent-constance\/\"},\"wordCount\":344,\"commentCount\":0,\"publisher\":{\"@id\":\"https:\/\/dicodusport.fr\/blog\/#organization\"},\"image\":{\"@id\":\"https:\/\/dicodusport.fr\/blog\/nabil-fekir-et-hatem-ben-arfa-genies-cherchent-constance\/#primaryimage\"},\"thumbnailUrl\":\"https:\/\/dicodusport.fr\/blog\/wp-content\/uploads\/2019\/04\/Nabil-Fekir-Hatem-Ben-Arfa-Coupe-de-France.png\",\"keywords\":[\"Football\",\"Hatem Ben Arfa\",\"Lyon\",\"Nabil Fekir\",\"OL\",\"Rennes\"],\"articleSection\":[\"Actualit\u00e9s\",\"Football\"],\"inLanguage\":\"fr-FR\",\"potentialAction\":[{\"@type\":\"CommentAction\",\"name\":\"Comment\",\"target\":[\"https:\/\/dicodusport.fr\/blog\/nabil-fekir-et-hatem-ben-arfa-genies-cherchent-constance\/#respond\"]}],\"copyrightYear\":\"2019\",\"copyrightHolder\":{\"@id\":\"https:\/\/dicodusport.fr\/blog\/#organization\"}},{\"@type\":\"WebPage\",\"@id\":\"https:\/\/dicodusport.fr\/blog\/nabil-fekir-et-hatem-ben-arfa-genies-cherchent-constance\/\",\"url\":\"https:\/\/dicodusport.fr\/blog\/nabil-fekir-et-hatem-ben-arfa-genies-cherchent-constance\/\",\"name\":\"Nabil Fekir et Hatem Ben Arfa : g\u00e9nies cherchent constance\",\"isPartOf\":{\"@id\":\"https:\/\/dicodusport.fr\/blog\/#website\"},\"primaryImageOfPage\":{\"@id\":\"https:\/\/dicodusport.fr\/blog\/nabil-fekir-et-hatem-ben-arfa-genies-cherchent-constance\/#primaryimage\"},\"image\":{\"@id\":\"https:\/\/dicodusport.fr\/blog\/nabil-fekir-et-hatem-ben-arfa-genies-cherchent-constance\/#primaryimage\"},\"thumbnailUrl\":\"https:\/\/dicodusport.fr\/blog\/wp-content\/uploads\/2019\/04\/Nabil-Fekir-Hatem-Ben-Arfa-Coupe-de-France.png\",\"datePublished\":\"2019-04-02T13:54:35+00:00\",\"description\":\"Adversaires ce soir en demi-finale de la Coupe de France, Nabil Fekir et Hatem Ben Arfa ont de nombreux points communs.\",\"breadcrumb\":{\"@id\":\"https:\/\/dicodusport.fr\/blog\/nabil-fekir-et-hatem-ben-arfa-genies-cherchent-constance\/#breadcrumb\"},\"inLanguage\":\"fr-FR\",\"potentialAction\":[{\"@type\":\"ReadAction\",\"target\":[\"https:\/\/dicodusport.fr\/blog\/nabil-fekir-et-hatem-ben-arfa-genies-cherchent-constance\/\"]}]},{\"@type\":\"ImageObject\",\"inLanguage\":\"fr-FR\",\"@id\":\"https:\/\/dicodusport.fr\/blog\/nabil-fekir-et-hatem-ben-arfa-genies-cherchent-constance\/#primaryimage\",\"url\":\"https:\/\/dicodusport.fr\/blog\/wp-content\/uploads\/2019\/04\/Nabil-Fekir-Hatem-Ben-Arfa-Coupe-de-France.png\",\"contentUrl\":\"https:\/\/dicodusport.fr\/blog\/wp-content\/uploads\/2019\/04\/Nabil-Fekir-Hatem-Ben-Arfa-Coupe-de-France.png\",\"width\":800,\"height\":445},{\"@type\":\"BreadcrumbList\",\"@id\":\"https:\/\/dicodusport.fr\/blog\/nabil-fekir-et-hatem-ben-arfa-genies-cherchent-constance\/#breadcrumb\",\"itemListElement\":[{\"@type\":\"ListItem\",\"position\":1,\"name\":\"Accueil\",\"item\":\"https:\/\/dicodusport.fr\/blog\/\"},{\"@type\":\"ListItem\",\"position\":2,\"name\":\"Nabil Fekir et Hatem Ben Arfa : g\u00e9nies cherchent constance\"}]},{\"@type\":\"WebSite\",\"@id\":\"https:\/\/dicodusport.fr\/blog\/#website\",\"url\":\"https:\/\/dicodusport.fr\/blog\/\",\"name\":\"Dicodusport\",\"description\":\"L&#039;encyclop\u00e9die de l&#039;actualit\u00e9 sportive\",\"publisher\":{\"@id\":\"https:\/\/dicodusport.fr\/blog\/#organization\"},\"potentialAction\":[{\"@type\":\"SearchAction\",\"target\":{\"@type\":\"EntryPoint\",\"urlTemplate\":\"https:\/\/dicodusport.fr\/blog\/?s={search_term_string}\"},\"query-input\":{\"@type\":\"PropertyValueSpecification\",\"valueRequired\":true,\"valueName\":\"search_term_string\"}}],\"inLanguage\":\"fr-FR\"},{\"@type\":\"NewsMediaOrganization\",\"@id\":\"https:\/\/dicodusport.fr\/blog\/#organization\",\"name\":\"Dicodusport\",\"url\":\"https:\/\/dicodusport.fr\/blog\/\",\"logo\":{\"@type\":\"ImageObject\",\"inLanguage\":\"fr-FR\",\"@id\":\"https:\/\/dicodusport.fr\/blog\/#\/schema\/logo\/image\/\",\"url\":\"https:\/\/dicodusport.fr\/blog\/wp-content\/uploads\/2020\/06\/cropped-LOGO-DICODUSPORT-2020-SANS-FOND-SANS-TEXTE.png\",\"contentUrl\":\"https:\/\/dicodusport.fr\/blog\/wp-content\/uploads\/2020\/06\/cropped-LOGO-DICODUSPORT-2020-SANS-FOND-SANS-TEXTE.png\",\"width\":512,\"height\":512,\"caption\":\"Dicodusport\"},\"image\":{\"@id\":\"https:\/\/dicodusport.fr\/blog\/#\/schema\/logo\/image\/\"},\"sameAs\":[\"https:\/\/www.facebook.com\/dicodusport\",\"https:\/\/x.com\/dicodusport\",\"https:\/\/www.instagram.com\/dicodusport\/\",\"https:\/\/www.youtube.com\/channel\/UC7V2KZ5sd3htJivAbA4ZG3w\"],\"description\":\"Dicodusport est l'encyclop\u00e9die de l'actualit\u00e9 sportive.\",\"email\":\"bonjour@dicodusport.fr\",\"legalName\":\"DICODUSPORT\",\"foundingDate\":\"2018-01-14\",\"vatID\":\"FR71834470973\",\"taxID\":\"83447097300043\",\"numberOfEmployees\":{\"@type\":\"QuantitativeValue\",\"minValue\":\"1\",\"maxValue\":\"10\"}},{\"@type\":\"Person\",\"@id\":\"https:\/\/dicodusport.fr\/blog\/#\/schema\/person\/55dcb50ad410894e431ed812bbb70191\",\"name\":\"Nicolas Jacquemard\",\"image\":{\"@type\":\"ImageObject\",\"inLanguage\":\"fr-FR\",\"@id\":\"https:\/\/dicodusport.fr\/blog\/#\/schema\/person\/image\/\",\"url\":\"https:\/\/dicodusport.fr\/blog\/wp-content\/uploads\/2021\/05\/Nicolas-Jacquemard-150x150.jpeg\",\"contentUrl\":\"https:\/\/dicodusport.fr\/blog\/wp-content\/uploads\/2021\/05\/Nicolas-Jacquemard-150x150.jpeg\",\"caption\":\"Nicolas Jacquemard\"},\"description\":\"Passionn\u00e9 de sport et entrepreneur depuis mes 18 ans, la cr\u00e9ation de Dicodusport m'a sembl\u00e9 \u00e9vidente pour participer \u00e0 la m\u00e9diatisation d'un plus grand nombre de sports. Le chemin est long mais avec une \u00e9quipe des plus motiv\u00e9es et les Jeux Olympiques de Paris 2024 en point de mire, nous y arriverons ! Journaliste dans le monde du sport depuis plus de 5 ans, je traite aussi bien de football, de rugby, de biathlon que de cyclisme.\",\"sameAs\":[\"https:\/\/www.facebook.com\/dicodusport\",\"https:\/\/x.com\/https:\/\/twitter.com\/Nico_Jacquemard\"],\"url\":\"https:\/\/dicodusport.fr\/blog\/author\/dicodusport\/\"}]}<\/script>\n<!-- \/ Yoast SEO Premium plugin. -->","yoast_head_json":{"title":"Nabil Fekir et Hatem Ben Arfa : g\u00e9nies cherchent constance","description":"Adversaires ce soir en demi-finale de la Coupe de France, Nabil Fekir et Hatem Ben Arfa ont de nombreux points communs.","robots":{"index":"index","follow":"follow","max-snippet":"max-snippet:-1","max-image-preview":"max-image-preview:large","max-video-preview":"max-video-preview:-1"},"canonical":"https:\/\/dicodusport.fr\/blog\/nabil-fekir-et-hatem-ben-arfa-genies-cherchent-constance\/","og_locale":"fr_FR","og_type":"article","og_title":"Nabil Fekir et Hatem Ben Arfa : g\u00e9nies cherchent constance","og_description":"Adversaires ce soir en demi-finale de la Coupe de France, Nabil Fekir et Hatem Ben Arfa ont de nombreux points communs.","og_url":"https:\/\/dicodusport.fr\/blog\/nabil-fekir-et-hatem-ben-arfa-genies-cherchent-constance\/","og_site_name":"Dicodusport","article_publisher":"https:\/\/www.facebook.com\/dicodusport","article_author":"https:\/\/www.facebook.com\/dicodusport","article_published_time":"2019-04-02T13:54:35+00:00","og_image":[{"width":800,"height":445,"url":"https:\/\/dicodusport.fr\/blog\/wp-content\/uploads\/2019\/04\/Nabil-Fekir-Hatem-Ben-Arfa-Coupe-de-France.png","type":"image\/png"}],"author":"Nicolas Jacquemard","twitter_card":"summary_large_image","twitter_creator":"@https:\/\/twitter.com\/Nico_Jacquemard","twitter_site":"@dicodusport","schema":{"@context":"https:\/\/schema.org","@graph":[{"@type":"NewsArticle","@id":"https:\/\/dicodusport.fr\/blog\/nabil-fekir-et-hatem-ben-arfa-genies-cherchent-constance\/#article","isPartOf":{"@id":"https:\/\/dicodusport.fr\/blog\/nabil-fekir-et-hatem-ben-arfa-genies-cherchent-constance\/"},"author":{"name":"Nicolas Jacquemard","@id":"https:\/\/dicodusport.fr\/blog\/#\/schema\/person\/55dcb50ad410894e431ed812bbb70191"},"headline":"Nabil Fekir et Hatem Ben Arfa : g\u00e9nies cherchent constance","datePublished":"2019-04-02T13:54:35+00:00","mainEntityOfPage":{"@id":"https:\/\/dicodusport.fr\/blog\/nabil-fekir-et-hatem-ben-arfa-genies-cherchent-constance\/"},"wordCount":344,"commentCount":0,"publisher":{"@id":"https:\/\/dicodusport.fr\/blog\/#organization"},"image":{"@id":"https:\/\/dicodusport.fr\/blog\/nabil-fekir-et-hatem-ben-arfa-genies-cherchent-constance\/#primaryimage"},"thumbnailUrl":"https:\/\/dicodusport.fr\/blog\/wp-content\/uploads\/2019\/04\/Nabil-Fekir-Hatem-Ben-Arfa-Coupe-de-France.png","keywords":["Football","Hatem Ben Arfa","Lyon","Nabil Fekir","OL","Rennes"],"articleSection":["Actualit\u00e9s","Football"],"inLanguage":"fr-FR","potentialAction":[{"@type":"CommentAction","name":"Comment","target":["https:\/\/dicodusport.fr\/blog\/nabil-fekir-et-hatem-ben-arfa-genies-cherchent-constance\/#respond"]}],"copyrightYear":"2019","copyrightHolder":{"@id":"https:\/\/dicodusport.fr\/blog\/#organization"}},{"@type":"WebPage","@id":"https:\/\/dicodusport.fr\/blog\/nabil-fekir-et-hatem-ben-arfa-genies-cherchent-constance\/","url":"https:\/\/dicodusport.fr\/blog\/nabil-fekir-et-hatem-ben-arfa-genies-cherchent-constance\/","name":"Nabil Fekir et Hatem Ben Arfa : g\u00e9nies cherchent constance","isPartOf":{"@id":"https:\/\/dicodusport.fr\/blog\/#website"},"primaryImageOfPage":{"@id":"https:\/\/dicodusport.fr\/blog\/nabil-fekir-et-hatem-ben-arfa-genies-cherchent-constance\/#primaryimage"},"image":{"@id":"https:\/\/dicodusport.fr\/blog\/nabil-fekir-et-hatem-ben-arfa-genies-cherchent-constance\/#primaryimage"},"thumbnailUrl":"https:\/\/dicodusport.fr\/blog\/wp-content\/uploads\/2019\/04\/Nabil-Fekir-Hatem-Ben-Arfa-Coupe-de-France.png","datePublished":"2019-04-02T13:54:35+00:00","description":"Adversaires ce soir en demi-finale de la Coupe de France, Nabil Fekir et Hatem Ben Arfa ont de nombreux points communs.","breadcrumb":{"@id":"https:\/\/dicodusport.fr\/blog\/nabil-fekir-et-hatem-ben-arfa-genies-cherchent-constance\/#breadcrumb"},"inLanguage":"fr-FR","potentialAction":[{"@type":"ReadAction","target":["https:\/\/dicodusport.fr\/blog\/nabil-fekir-et-hatem-ben-arfa-genies-cherchent-constance\/"]}]},{"@type":"ImageObject","inLanguage":"fr-FR","@id":"https:\/\/dicodusport.fr\/blog\/nabil-fekir-et-hatem-ben-arfa-genies-cherchent-constance\/#primaryimage","url":"https:\/\/dicodusport.fr\/blog\/wp-content\/uploads\/2019\/04\/Nabil-Fekir-Hatem-Ben-Arfa-Coupe-de-France.png","contentUrl":"https:\/\/dicodusport.fr\/blog\/wp-content\/uploads\/2019\/04\/Nabil-Fekir-Hatem-Ben-Arfa-Coupe-de-France.png","width":800,"height":445},{"@type":"BreadcrumbList","@id":"https:\/\/dicodusport.fr\/blog\/nabil-fekir-et-hatem-ben-arfa-genies-cherchent-constance\/#breadcrumb","itemListElement":[{"@type":"ListItem","position":1,"name":"Accueil","item":"https:\/\/dicodusport.fr\/blog\/"},{"@type":"ListItem","position":2,"name":"Nabil Fekir et Hatem Ben Arfa : g\u00e9nies cherchent constance"}]},{"@type":"WebSite","@id":"https:\/\/dicodusport.fr\/blog\/#website","url":"https:\/\/dicodusport.fr\/blog\/","name":"Dicodusport","description":"L&#039;encyclop\u00e9die de l&#039;actualit\u00e9 sportive","publisher":{"@id":"https:\/\/dicodusport.fr\/blog\/#organization"},"potentialAction":[{"@type":"SearchAction","target":{"@type":"EntryPoint","urlTemplate":"https:\/\/dicodusport.fr\/blog\/?s={search_term_string}"},"query-input":{"@type":"PropertyValueSpecification","valueRequired":true,"valueName":"search_term_string"}}],"inLanguage":"fr-FR"},{"@type":"NewsMediaOrganization","@id":"https:\/\/dicodusport.fr\/blog\/#organization","name":"Dicodusport","url":"https:\/\/dicodusport.fr\/blog\/","logo":{"@type":"ImageObject","inLanguage":"fr-FR","@id":"https:\/\/dicodusport.fr\/blog\/#\/schema\/logo\/image\/","url":"https:\/\/dicodusport.fr\/blog\/wp-content\/uploads\/2020\/06\/cropped-LOGO-DICODUSPORT-2020-SANS-FOND-SANS-TEXTE.png","contentUrl":"https:\/\/dicodusport.fr\/blog\/wp-content\/uploads\/2020\/06\/cropped-LOGO-DICODUSPORT-2020-SANS-FOND-SANS-TEXTE.png","width":512,"height":512,"caption":"Dicodusport"},"image":{"@id":"https:\/\/dicodusport.fr\/blog\/#\/schema\/logo\/image\/"},"sameAs":["https:\/\/www.facebook.com\/dicodusport","https:\/\/x.com\/dicodusport","https:\/\/www.instagram.com\/dicodusport\/","https:\/\/www.youtube.com\/channel\/UC7V2KZ5sd3htJivAbA4ZG3w"],"description":"Dicodusport est l'encyclop\u00e9die de l'actualit\u00e9 sportive.","email":"bonjour@dicodusport.fr","legalName":"DICODUSPORT","foundingDate":"2018-01-14","vatID":"FR71834470973","taxID":"83447097300043","numberOfEmployees":{"@type":"QuantitativeValue","minValue":"1","maxValue":"10"}},{"@type":"Person","@id":"https:\/\/dicodusport.fr\/blog\/#\/schema\/person\/55dcb50ad410894e431ed812bbb70191","name":"Nicolas Jacquemard","image":{"@type":"ImageObject","inLanguage":"fr-FR","@id":"https:\/\/dicodusport.fr\/blog\/#\/schema\/person\/image\/","url":"https:\/\/dicodusport.fr\/blog\/wp-content\/uploads\/2021\/05\/Nicolas-Jacquemard-150x150.jpeg","contentUrl":"https:\/\/dicodusport.fr\/blog\/wp-content\/uploads\/2021\/05\/Nicolas-Jacquemard-150x150.jpeg","caption":"Nicolas Jacquemard"},"description":"Passionn\u00e9 de sport et entrepreneur depuis mes 18 ans, la cr\u00e9ation de Dicodusport m'a sembl\u00e9 \u00e9vidente pour participer \u00e0 la m\u00e9diatisation d'un plus grand nombre de sports. Le chemin est long mais avec une \u00e9quipe des plus motiv\u00e9es et les Jeux Olympiques de Paris 2024 en point de mire, nous y arriverons ! Journaliste dans le monde du sport depuis plus de 5 ans, je traite aussi bien de football, de rugby, de biathlon que de cyclisme.","sameAs":["https:\/\/www.facebook.com\/dicodusport","https:\/\/x.com\/https:\/\/twitter.com\/Nico_Jacquemard"],"url":"https:\/\/dicodusport.fr\/blog\/author\/dicodusport\/"}]}},"_links":{"self":[{"href":"https:\/\/dicodusport.fr\/blog\/wp-json\/wp\/v2\/posts\/36347","targetHints":{"allow":["GET"]}}],"collection":[{"href":"https:\/\/dicodusport.fr\/blog\/wp-json\/wp\/v2\/posts"}],"about":[{"href":"https:\/\/dicodusport.fr\/blog\/wp-json\/wp\/v2\/types\/post"}],"author":[{"embeddable":true,"href":"https:\/\/dicodusport.fr\/blog\/wp-json\/wp\/v2\/users\/1"}],"replies":[{"embeddable":true,"href":"https:\/\/dicodusport.fr\/blog\/wp-json\/wp\/v2\/comments?post=36347"}],"version-history":[{"count":0,"href":"https:\/\/dicodusport.fr\/blog\/wp-json\/wp\/v2\/posts\/36347\/revisions"}],"wp:featuredmedia":[{"embeddable":true,"href":"https:\/\/dicodusport.fr\/blog\/wp-json\/wp\/v2\/media\/36350"}],"wp:attachment":[{"href":"https:\/\/dicodusport.fr\/blog\/wp-json\/wp\/v2\/media?parent=36347"}],"wp:term":[{"taxonomy":"category","embeddable":true,"href":"https:\/\/dicodusport.fr\/blog\/wp-json\/wp\/v2\/categories?post=36347"},{"taxonomy":"post_tag","embeddable":true,"href":"https:\/\/dicodusport.fr\/blog\/wp-json\/wp\/v2\/tags?post=36347"}],"curies":[{"name":"wp","href":"https:\/\/api.w.org\/{rel}","templated":true}]}}