{"id":363484,"date":"2023-03-09T07:45:56","date_gmt":"2023-03-09T06:45:56","guid":{"rendered":"https:\/\/dicodusport.fr\/blog\/?p=363484&#038;preview=true&#038;preview_id=363484"},"modified":"2025-04-10T09:10:37","modified_gmt":"2025-04-10T07:10:37","slug":"teddy-riner-pour-los-angeles-2028-je-nai-pas-dit-non","status":"publish","type":"post","link":"https:\/\/dicodusport.fr\/blog\/teddy-riner-pour-los-angeles-2028-je-nai-pas-dit-non\/","title":{"rendered":"Teddy Riner : \u00ab\u00a0Pour Los Angeles 2028, je n&rsquo;ai pas dit non\u00a0\u00bb"},"content":{"rendered":"<p style=\"text-align: justify;\" align=\"justify\"><em><strong>JUDO &#8211; Dans un long entretien pour <a href=\"https:\/\/www.lequipe.fr\/Judo\/Article\/Teddy-riner-pour-2028-je-n-ai-pas-dit-non\/1384690\" target=\"_blank\" rel=\"noopener\">L&rsquo;\u00c9quipe<\/a>, Teddy Riner n&rsquo;a pas ferm\u00e9 la porte \u00e0 une participation aux Jeux Olympiques de Los Angeles en 2028.\u00a0<\/strong><\/em><\/p>\n<p style=\"text-align: justify;\" align=\"justify\">Alors qu&rsquo;il \u00e9tait en stage au <strong>Br\u00e9sil<\/strong> pour se pr\u00e9parer au mieux pour les Jeux Olympiques de Paris 2024, <strong>Teddy<\/strong> <strong>Riner<\/strong> a fait le point sur sa carri\u00e8re. Le champion fran\u00e7ais, seulement troisi\u00e8me \u00e0 Tokyo, est d\u00e9j\u00e0 quadruple m\u00e9daill\u00e9 olympique en individuel, mais ne compte pas s&rsquo;arr\u00eater l\u00e0. En plus d&rsquo;une participation \u00e0 la maison, <strong>Teddy<\/strong> <strong>Riner<\/strong> pourrait aussi envisager de continuer jusqu&rsquo;\u00e0 <strong>Los<\/strong> <strong>Angeles<\/strong> en 2028.<\/p>\n<blockquote>\n<p style=\"text-align: justify;\" align=\"justify\">Tant que tout se passe bien, je ne peux pas dire que je vais arr\u00eater en 2024. Quand je vois comment j&rsquo;assimile les voyages et les entra\u00eenements, ce n&rsquo;est pas s\u00fbr que j&rsquo;arr\u00eate en 2024, c&rsquo;est m\u00eame plus probable que je continue. Physiquement je me sens bien et l&rsquo;envie est encore tr\u00e8s pr\u00e9sente, donc pourquoi j&rsquo;arr\u00eaterais alors que j&rsquo;aime ce que je fais ? Pour le moment, je ne ressens pas de lassitude. Pour l&rsquo;instant, on est sur 2024, mais pour 2028 je n&rsquo;ai pas dit non.<\/p>\n<\/blockquote>\n<p style=\"text-align: justify;\" align=\"justify\">En 2028, <strong>Teddy<\/strong> <strong>Riner<\/strong>, <a href=\"https:\/\/dicodusport.fr\/blog\/teddy-riner-remporte-un-6e-grand-slam-de-paris-romane-dicko-et-julia-tolofua-en-bronze\/\">vainqueur de son 6\u00e8me Grand Slam de Paris en f\u00e9vrier dernier<\/a>, aurait 39 ans. Et m\u00eame si cela semble compliqu\u00e9, le <strong>Fran\u00e7ais<\/strong> poss\u00e8de un physique hors norme. L&rsquo;une des \u00e9quations sera son probl\u00e8me \u00e0 l&rsquo;\u00e9paule qui est r\u00e9current depuis plusieurs ann\u00e9es. Si tout est en ordre \u00e0 ce niveau-l\u00e0 et qu&rsquo;il a toujours envie, le <strong>d\u00e9cuple champion du monde<\/strong> pourrait donc \u00eatre encore pr\u00e9sent sur deux olympiades.<\/p>\n<blockquote class=\"twitter-tweet\">\n<p dir=\"ltr\" lang=\"fr\">Apr\u00e8s un stage au Br\u00e9sil en f\u00e9vrier, Teddy Riner va encha\u00eener sur un stage au Japon en vue des Mondiaux en mai \u00e0 Doha. L&rsquo;occasion de faire un point sur sa pr\u00e9paration et ses projets qui vont, pour l&rsquo;heure, toujours au-del\u00e0 des Jeux \u00e0 Paris l&rsquo;an prochain. <a href=\"https:\/\/t.co\/tCVYnVgKUk\">https:\/\/t.co\/tCVYnVgKUk<\/a> <a href=\"https:\/\/t.co\/IYSv9TEPqH\">pic.twitter.com\/IYSv9TEPqH<\/a><\/p>\n<p>\u2014 L&rsquo;\u00c9QUIPE (@lequipe) <a href=\"https:\/\/twitter.com\/lequipe\/status\/1633520593734897664?ref_src=twsrc%5Etfw\">March 8, 2023<\/a><\/p><\/blockquote>\n<p style=\"text-align: justify;\"><script async src=\"https:\/\/platform.twitter.com\/widgets.js\" charset=\"utf-8\"><\/script><\/p>\n","protected":false},"excerpt":{"rendered":"<p>JUDO &#8211; Dans un long entretien pour L&rsquo;\u00c9quipe, Teddy Riner n&rsquo;a pas ferm\u00e9 la porte \u00e0 une participation aux Jeux Olympiques de Los Angeles en 2028.\u00a0<\/p>\n","protected":false},"author":1,"featured_media":352586,"comment_status":"open","ping_status":"closed","sticky":false,"template":"","format":"standard","meta":{"_acf_changed":false,"_daextam_enable_autolinks":"","footnotes":""},"categories":[45914,8651],"tags":[16878,68,1798,1787],"class_list":["post-363484","post","type-post","status-publish","format-standard","has-post-thumbnail","hentry","category-jo-los-angeles-2028","category-judo","tag-breve","tag-judo","tag-riner","tag-teddy-riner"],"acf":[],"yoast_head":"<!-- This site is optimized with the Yoast SEO Premium plugin v26.7 (Yoast SEO v26.7) - https:\/\/yoast.com\/wordpress\/plugins\/seo\/ -->\n<title>Teddy Riner : &quot;Pour Los Angeles 2028, je n&#039;ai pas dit non&quot;<\/title>\n<meta name=\"description\" content=\"JUDO - Dans un entretien pour L&#039;\u00c9quipe, Teddy Riner n&#039;a pas ferm\u00e9 la porte \u00e0 une participation aux jeux Olympiques de Los Angeles en 2028.\u00a0\" \/>\n<meta name=\"robots\" content=\"index, follow, max-snippet:-1, max-image-preview:large, max-video-preview:-1\" \/>\n<link rel=\"canonical\" href=\"https:\/\/dicodusport.fr\/blog\/teddy-riner-pour-los-angeles-2028-je-nai-pas-dit-non\/\" \/>\n<meta property=\"og:locale\" content=\"fr_FR\" \/>\n<meta property=\"og:type\" content=\"article\" \/>\n<meta property=\"og:title\" content=\"Teddy Riner : &quot;Pour Los Angeles 2028, je n&#039;ai pas dit non&quot;\" \/>\n<meta property=\"og:description\" content=\"JUDO - Dans un entretien pour L&#039;\u00c9quipe, Teddy Riner n&#039;a pas ferm\u00e9 la porte \u00e0 une participation aux jeux Olympiques de Los Angeles en 2028.\u00a0\" \/>\n<meta property=\"og:url\" content=\"https:\/\/dicodusport.fr\/blog\/teddy-riner-pour-los-angeles-2028-je-nai-pas-dit-non\/\" \/>\n<meta property=\"og:site_name\" content=\"Dicodusport\" \/>\n<meta property=\"article:publisher\" content=\"https:\/\/www.facebook.com\/dicodusport\" \/>\n<meta property=\"article:author\" content=\"https:\/\/www.facebook.com\/dicodusport\" \/>\n<meta property=\"article:published_time\" content=\"2023-03-09T06:45:56+00:00\" \/>\n<meta property=\"article:modified_time\" content=\"2025-04-10T07:10:37+00:00\" \/>\n<meta property=\"og:image\" content=\"https:\/\/dicodusport.fr\/blog\/wp-content\/uploads\/2023\/02\/Teddy-Riner-remporte-un-6e-Grand-Slam-de-Paris-Romane-Dicko-et-Julia-Tolofua-en-bronze-.jpg\" \/>\n\t<meta property=\"og:image:width\" content=\"800\" \/>\n\t<meta property=\"og:image:height\" content=\"445\" \/>\n\t<meta property=\"og:image:type\" content=\"image\/jpeg\" \/>\n<meta name=\"author\" content=\"Nicolas Jacquemard\" \/>\n<meta name=\"twitter:card\" content=\"summary_large_image\" \/>\n<meta name=\"twitter:title\" content=\"Teddy Riner : &quot;Pour Los Angeles 2028, je n&#039;ai pas dit non&quot;\" \/>\n<meta name=\"twitter:creator\" content=\"@https:\/\/twitter.com\/Nico_Jacquemard\" \/>\n<meta name=\"twitter:site\" content=\"@dicodusport\" \/>\n<script type=\"application\/ld+json\" class=\"yoast-schema-graph\">{\"@context\":\"https:\/\/schema.org\",\"@graph\":[{\"@type\":\"NewsArticle\",\"@id\":\"https:\/\/dicodusport.fr\/blog\/teddy-riner-pour-los-angeles-2028-je-nai-pas-dit-non\/#article\",\"isPartOf\":{\"@id\":\"https:\/\/dicodusport.fr\/blog\/teddy-riner-pour-los-angeles-2028-je-nai-pas-dit-non\/\"},\"author\":{\"name\":\"Nicolas Jacquemard\",\"@id\":\"https:\/\/dicodusport.fr\/blog\/#\/schema\/person\/55dcb50ad410894e431ed812bbb70191\"},\"headline\":\"Teddy Riner : \u00ab\u00a0Pour Los Angeles 2028, je n&rsquo;ai pas dit non\u00a0\u00bb\",\"datePublished\":\"2023-03-09T06:45:56+00:00\",\"dateModified\":\"2025-04-10T07:10:37+00:00\",\"mainEntityOfPage\":{\"@id\":\"https:\/\/dicodusport.fr\/blog\/teddy-riner-pour-los-angeles-2028-je-nai-pas-dit-non\/\"},\"wordCount\":355,\"commentCount\":0,\"publisher\":{\"@id\":\"https:\/\/dicodusport.fr\/blog\/#organization\"},\"image\":{\"@id\":\"https:\/\/dicodusport.fr\/blog\/teddy-riner-pour-los-angeles-2028-je-nai-pas-dit-non\/#primaryimage\"},\"thumbnailUrl\":\"https:\/\/dicodusport.fr\/blog\/wp-content\/uploads\/2023\/02\/Teddy-Riner-remporte-un-6e-Grand-Slam-de-Paris-Romane-Dicko-et-Julia-Tolofua-en-bronze-.jpg\",\"keywords\":[\"br\u00e8ve\",\"Judo\",\"riner\",\"Teddy Riner\"],\"articleSection\":[\"JO de Los Angeles 2028\",\"Judo\"],\"inLanguage\":\"fr-FR\",\"potentialAction\":[{\"@type\":\"CommentAction\",\"name\":\"Comment\",\"target\":[\"https:\/\/dicodusport.fr\/blog\/teddy-riner-pour-los-angeles-2028-je-nai-pas-dit-non\/#respond\"]}],\"copyrightYear\":\"2023\",\"copyrightHolder\":{\"@id\":\"https:\/\/dicodusport.fr\/blog\/#organization\"}},{\"@type\":\"WebPage\",\"@id\":\"https:\/\/dicodusport.fr\/blog\/teddy-riner-pour-los-angeles-2028-je-nai-pas-dit-non\/\",\"url\":\"https:\/\/dicodusport.fr\/blog\/teddy-riner-pour-los-angeles-2028-je-nai-pas-dit-non\/\",\"name\":\"Teddy Riner : \\\"Pour Los Angeles 2028, je n'ai pas dit non\\\"\",\"isPartOf\":{\"@id\":\"https:\/\/dicodusport.fr\/blog\/#website\"},\"primaryImageOfPage\":{\"@id\":\"https:\/\/dicodusport.fr\/blog\/teddy-riner-pour-los-angeles-2028-je-nai-pas-dit-non\/#primaryimage\"},\"image\":{\"@id\":\"https:\/\/dicodusport.fr\/blog\/teddy-riner-pour-los-angeles-2028-je-nai-pas-dit-non\/#primaryimage\"},\"thumbnailUrl\":\"https:\/\/dicodusport.fr\/blog\/wp-content\/uploads\/2023\/02\/Teddy-Riner-remporte-un-6e-Grand-Slam-de-Paris-Romane-Dicko-et-Julia-Tolofua-en-bronze-.jpg\",\"datePublished\":\"2023-03-09T06:45:56+00:00\",\"dateModified\":\"2025-04-10T07:10:37+00:00\",\"description\":\"JUDO - Dans un entretien pour L'\u00c9quipe, Teddy Riner n'a pas ferm\u00e9 la porte \u00e0 une participation aux jeux Olympiques de Los Angeles en 2028.\u00a0\",\"breadcrumb\":{\"@id\":\"https:\/\/dicodusport.fr\/blog\/teddy-riner-pour-los-angeles-2028-je-nai-pas-dit-non\/#breadcrumb\"},\"inLanguage\":\"fr-FR\",\"potentialAction\":[{\"@type\":\"ReadAction\",\"target\":[\"https:\/\/dicodusport.fr\/blog\/teddy-riner-pour-los-angeles-2028-je-nai-pas-dit-non\/\"]}]},{\"@type\":\"ImageObject\",\"inLanguage\":\"fr-FR\",\"@id\":\"https:\/\/dicodusport.fr\/blog\/teddy-riner-pour-los-angeles-2028-je-nai-pas-dit-non\/#primaryimage\",\"url\":\"https:\/\/dicodusport.fr\/blog\/wp-content\/uploads\/2023\/02\/Teddy-Riner-remporte-un-6e-Grand-Slam-de-Paris-Romane-Dicko-et-Julia-Tolofua-en-bronze-.jpg\",\"contentUrl\":\"https:\/\/dicodusport.fr\/blog\/wp-content\/uploads\/2023\/02\/Teddy-Riner-remporte-un-6e-Grand-Slam-de-Paris-Romane-Dicko-et-Julia-Tolofua-en-bronze-.jpg\",\"width\":800,\"height\":445,\"caption\":\"Teddy Riner remporte un 6e Grand Slam de Paris, Romane Dicko et Julia Tolofua en bronze !\"},{\"@type\":\"BreadcrumbList\",\"@id\":\"https:\/\/dicodusport.fr\/blog\/teddy-riner-pour-los-angeles-2028-je-nai-pas-dit-non\/#breadcrumb\",\"itemListElement\":[{\"@type\":\"ListItem\",\"position\":1,\"name\":\"Accueil\",\"item\":\"https:\/\/dicodusport.fr\/blog\/\"},{\"@type\":\"ListItem\",\"position\":2,\"name\":\"Teddy Riner : \u00ab\u00a0Pour Los Angeles 2028, je n&rsquo;ai pas dit non\u00a0\u00bb\"}]},{\"@type\":\"WebSite\",\"@id\":\"https:\/\/dicodusport.fr\/blog\/#website\",\"url\":\"https:\/\/dicodusport.fr\/blog\/\",\"name\":\"Dicodusport\",\"description\":\"L&#039;encyclop\u00e9die de l&#039;actualit\u00e9 sportive\",\"publisher\":{\"@id\":\"https:\/\/dicodusport.fr\/blog\/#organization\"},\"potentialAction\":[{\"@type\":\"SearchAction\",\"target\":{\"@type\":\"EntryPoint\",\"urlTemplate\":\"https:\/\/dicodusport.fr\/blog\/?s={search_term_string}\"},\"query-input\":{\"@type\":\"PropertyValueSpecification\",\"valueRequired\":true,\"valueName\":\"search_term_string\"}}],\"inLanguage\":\"fr-FR\"},{\"@type\":\"NewsMediaOrganization\",\"@id\":\"https:\/\/dicodusport.fr\/blog\/#organization\",\"name\":\"Dicodusport\",\"url\":\"https:\/\/dicodusport.fr\/blog\/\",\"logo\":{\"@type\":\"ImageObject\",\"inLanguage\":\"fr-FR\",\"@id\":\"https:\/\/dicodusport.fr\/blog\/#\/schema\/logo\/image\/\",\"url\":\"https:\/\/dicodusport.fr\/blog\/wp-content\/uploads\/2020\/06\/cropped-LOGO-DICODUSPORT-2020-SANS-FOND-SANS-TEXTE.png\",\"contentUrl\":\"https:\/\/dicodusport.fr\/blog\/wp-content\/uploads\/2020\/06\/cropped-LOGO-DICODUSPORT-2020-SANS-FOND-SANS-TEXTE.png\",\"width\":512,\"height\":512,\"caption\":\"Dicodusport\"},\"image\":{\"@id\":\"https:\/\/dicodusport.fr\/blog\/#\/schema\/logo\/image\/\"},\"sameAs\":[\"https:\/\/www.facebook.com\/dicodusport\",\"https:\/\/x.com\/dicodusport\",\"https:\/\/www.instagram.com\/dicodusport\/\",\"https:\/\/www.youtube.com\/channel\/UC7V2KZ5sd3htJivAbA4ZG3w\"],\"description\":\"Dicodusport est l'encyclop\u00e9die de l'actualit\u00e9 sportive.\",\"email\":\"bonjour@dicodusport.fr\",\"legalName\":\"DICODUSPORT\",\"foundingDate\":\"2018-01-14\",\"vatID\":\"FR71834470973\",\"taxID\":\"83447097300043\",\"numberOfEmployees\":{\"@type\":\"QuantitativeValue\",\"minValue\":\"1\",\"maxValue\":\"10\"}},{\"@type\":\"Person\",\"@id\":\"https:\/\/dicodusport.fr\/blog\/#\/schema\/person\/55dcb50ad410894e431ed812bbb70191\",\"name\":\"Nicolas Jacquemard\",\"image\":{\"@type\":\"ImageObject\",\"inLanguage\":\"fr-FR\",\"@id\":\"https:\/\/dicodusport.fr\/blog\/#\/schema\/person\/image\/\",\"url\":\"https:\/\/dicodusport.fr\/blog\/wp-content\/uploads\/2021\/05\/Nicolas-Jacquemard-150x150.jpeg\",\"contentUrl\":\"https:\/\/dicodusport.fr\/blog\/wp-content\/uploads\/2021\/05\/Nicolas-Jacquemard-150x150.jpeg\",\"caption\":\"Nicolas Jacquemard\"},\"description\":\"Passionn\u00e9 de sport et entrepreneur depuis mes 18 ans, la cr\u00e9ation de Dicodusport m'a sembl\u00e9 \u00e9vidente pour participer \u00e0 la m\u00e9diatisation d'un plus grand nombre de sports. Le chemin est long mais avec une \u00e9quipe des plus motiv\u00e9es et les Jeux Olympiques de Paris 2024 en point de mire, nous y arriverons ! Journaliste dans le monde du sport depuis plus de 5 ans, je traite aussi bien de football, de rugby, de biathlon que de cyclisme.\",\"sameAs\":[\"https:\/\/www.facebook.com\/dicodusport\",\"https:\/\/x.com\/https:\/\/twitter.com\/Nico_Jacquemard\"],\"url\":\"https:\/\/dicodusport.fr\/blog\/author\/dicodusport\/\"}]}<\/script>\n<!-- \/ Yoast SEO Premium plugin. -->","yoast_head_json":{"title":"Teddy Riner : \"Pour Los Angeles 2028, je n'ai pas dit non\"","description":"JUDO - Dans un entretien pour L'\u00c9quipe, Teddy Riner n'a pas ferm\u00e9 la porte \u00e0 une participation aux jeux Olympiques de Los Angeles en 2028.\u00a0","robots":{"index":"index","follow":"follow","max-snippet":"max-snippet:-1","max-image-preview":"max-image-preview:large","max-video-preview":"max-video-preview:-1"},"canonical":"https:\/\/dicodusport.fr\/blog\/teddy-riner-pour-los-angeles-2028-je-nai-pas-dit-non\/","og_locale":"fr_FR","og_type":"article","og_title":"Teddy Riner : \"Pour Los Angeles 2028, je n'ai pas dit non\"","og_description":"JUDO - Dans un entretien pour L'\u00c9quipe, Teddy Riner n'a pas ferm\u00e9 la porte \u00e0 une participation aux jeux Olympiques de Los Angeles en 2028.\u00a0","og_url":"https:\/\/dicodusport.fr\/blog\/teddy-riner-pour-los-angeles-2028-je-nai-pas-dit-non\/","og_site_name":"Dicodusport","article_publisher":"https:\/\/www.facebook.com\/dicodusport","article_author":"https:\/\/www.facebook.com\/dicodusport","article_published_time":"2023-03-09T06:45:56+00:00","article_modified_time":"2025-04-10T07:10:37+00:00","og_image":[{"width":800,"height":445,"url":"https:\/\/dicodusport.fr\/blog\/wp-content\/uploads\/2023\/02\/Teddy-Riner-remporte-un-6e-Grand-Slam-de-Paris-Romane-Dicko-et-Julia-Tolofua-en-bronze-.jpg","type":"image\/jpeg"}],"author":"Nicolas Jacquemard","twitter_card":"summary_large_image","twitter_title":"Teddy Riner : \"Pour Los Angeles 2028, je n'ai pas dit non\"","twitter_creator":"@https:\/\/twitter.com\/Nico_Jacquemard","twitter_site":"@dicodusport","schema":{"@context":"https:\/\/schema.org","@graph":[{"@type":"NewsArticle","@id":"https:\/\/dicodusport.fr\/blog\/teddy-riner-pour-los-angeles-2028-je-nai-pas-dit-non\/#article","isPartOf":{"@id":"https:\/\/dicodusport.fr\/blog\/teddy-riner-pour-los-angeles-2028-je-nai-pas-dit-non\/"},"author":{"name":"Nicolas Jacquemard","@id":"https:\/\/dicodusport.fr\/blog\/#\/schema\/person\/55dcb50ad410894e431ed812bbb70191"},"headline":"Teddy Riner : \u00ab\u00a0Pour Los Angeles 2028, je n&rsquo;ai pas dit non\u00a0\u00bb","datePublished":"2023-03-09T06:45:56+00:00","dateModified":"2025-04-10T07:10:37+00:00","mainEntityOfPage":{"@id":"https:\/\/dicodusport.fr\/blog\/teddy-riner-pour-los-angeles-2028-je-nai-pas-dit-non\/"},"wordCount":355,"commentCount":0,"publisher":{"@id":"https:\/\/dicodusport.fr\/blog\/#organization"},"image":{"@id":"https:\/\/dicodusport.fr\/blog\/teddy-riner-pour-los-angeles-2028-je-nai-pas-dit-non\/#primaryimage"},"thumbnailUrl":"https:\/\/dicodusport.fr\/blog\/wp-content\/uploads\/2023\/02\/Teddy-Riner-remporte-un-6e-Grand-Slam-de-Paris-Romane-Dicko-et-Julia-Tolofua-en-bronze-.jpg","keywords":["br\u00e8ve","Judo","riner","Teddy Riner"],"articleSection":["JO de Los Angeles 2028","Judo"],"inLanguage":"fr-FR","potentialAction":[{"@type":"CommentAction","name":"Comment","target":["https:\/\/dicodusport.fr\/blog\/teddy-riner-pour-los-angeles-2028-je-nai-pas-dit-non\/#respond"]}],"copyrightYear":"2023","copyrightHolder":{"@id":"https:\/\/dicodusport.fr\/blog\/#organization"}},{"@type":"WebPage","@id":"https:\/\/dicodusport.fr\/blog\/teddy-riner-pour-los-angeles-2028-je-nai-pas-dit-non\/","url":"https:\/\/dicodusport.fr\/blog\/teddy-riner-pour-los-angeles-2028-je-nai-pas-dit-non\/","name":"Teddy Riner : \"Pour Los Angeles 2028, je n'ai pas dit non\"","isPartOf":{"@id":"https:\/\/dicodusport.fr\/blog\/#website"},"primaryImageOfPage":{"@id":"https:\/\/dicodusport.fr\/blog\/teddy-riner-pour-los-angeles-2028-je-nai-pas-dit-non\/#primaryimage"},"image":{"@id":"https:\/\/dicodusport.fr\/blog\/teddy-riner-pour-los-angeles-2028-je-nai-pas-dit-non\/#primaryimage"},"thumbnailUrl":"https:\/\/dicodusport.fr\/blog\/wp-content\/uploads\/2023\/02\/Teddy-Riner-remporte-un-6e-Grand-Slam-de-Paris-Romane-Dicko-et-Julia-Tolofua-en-bronze-.jpg","datePublished":"2023-03-09T06:45:56+00:00","dateModified":"2025-04-10T07:10:37+00:00","description":"JUDO - Dans un entretien pour L'\u00c9quipe, Teddy Riner n'a pas ferm\u00e9 la porte \u00e0 une participation aux jeux Olympiques de Los Angeles en 2028.\u00a0","breadcrumb":{"@id":"https:\/\/dicodusport.fr\/blog\/teddy-riner-pour-los-angeles-2028-je-nai-pas-dit-non\/#breadcrumb"},"inLanguage":"fr-FR","potentialAction":[{"@type":"ReadAction","target":["https:\/\/dicodusport.fr\/blog\/teddy-riner-pour-los-angeles-2028-je-nai-pas-dit-non\/"]}]},{"@type":"ImageObject","inLanguage":"fr-FR","@id":"https:\/\/dicodusport.fr\/blog\/teddy-riner-pour-los-angeles-2028-je-nai-pas-dit-non\/#primaryimage","url":"https:\/\/dicodusport.fr\/blog\/wp-content\/uploads\/2023\/02\/Teddy-Riner-remporte-un-6e-Grand-Slam-de-Paris-Romane-Dicko-et-Julia-Tolofua-en-bronze-.jpg","contentUrl":"https:\/\/dicodusport.fr\/blog\/wp-content\/uploads\/2023\/02\/Teddy-Riner-remporte-un-6e-Grand-Slam-de-Paris-Romane-Dicko-et-Julia-Tolofua-en-bronze-.jpg","width":800,"height":445,"caption":"Teddy Riner remporte un 6e Grand Slam de Paris, Romane Dicko et Julia Tolofua en bronze !"},{"@type":"BreadcrumbList","@id":"https:\/\/dicodusport.fr\/blog\/teddy-riner-pour-los-angeles-2028-je-nai-pas-dit-non\/#breadcrumb","itemListElement":[{"@type":"ListItem","position":1,"name":"Accueil","item":"https:\/\/dicodusport.fr\/blog\/"},{"@type":"ListItem","position":2,"name":"Teddy Riner : \u00ab\u00a0Pour Los Angeles 2028, je n&rsquo;ai pas dit non\u00a0\u00bb"}]},{"@type":"WebSite","@id":"https:\/\/dicodusport.fr\/blog\/#website","url":"https:\/\/dicodusport.fr\/blog\/","name":"Dicodusport","description":"L&#039;encyclop\u00e9die de l&#039;actualit\u00e9 sportive","publisher":{"@id":"https:\/\/dicodusport.fr\/blog\/#organization"},"potentialAction":[{"@type":"SearchAction","target":{"@type":"EntryPoint","urlTemplate":"https:\/\/dicodusport.fr\/blog\/?s={search_term_string}"},"query-input":{"@type":"PropertyValueSpecification","valueRequired":true,"valueName":"search_term_string"}}],"inLanguage":"fr-FR"},{"@type":"NewsMediaOrganization","@id":"https:\/\/dicodusport.fr\/blog\/#organization","name":"Dicodusport","url":"https:\/\/dicodusport.fr\/blog\/","logo":{"@type":"ImageObject","inLanguage":"fr-FR","@id":"https:\/\/dicodusport.fr\/blog\/#\/schema\/logo\/image\/","url":"https:\/\/dicodusport.fr\/blog\/wp-content\/uploads\/2020\/06\/cropped-LOGO-DICODUSPORT-2020-SANS-FOND-SANS-TEXTE.png","contentUrl":"https:\/\/dicodusport.fr\/blog\/wp-content\/uploads\/2020\/06\/cropped-LOGO-DICODUSPORT-2020-SANS-FOND-SANS-TEXTE.png","width":512,"height":512,"caption":"Dicodusport"},"image":{"@id":"https:\/\/dicodusport.fr\/blog\/#\/schema\/logo\/image\/"},"sameAs":["https:\/\/www.facebook.com\/dicodusport","https:\/\/x.com\/dicodusport","https:\/\/www.instagram.com\/dicodusport\/","https:\/\/www.youtube.com\/channel\/UC7V2KZ5sd3htJivAbA4ZG3w"],"description":"Dicodusport est l'encyclop\u00e9die de l'actualit\u00e9 sportive.","email":"bonjour@dicodusport.fr","legalName":"DICODUSPORT","foundingDate":"2018-01-14","vatID":"FR71834470973","taxID":"83447097300043","numberOfEmployees":{"@type":"QuantitativeValue","minValue":"1","maxValue":"10"}},{"@type":"Person","@id":"https:\/\/dicodusport.fr\/blog\/#\/schema\/person\/55dcb50ad410894e431ed812bbb70191","name":"Nicolas Jacquemard","image":{"@type":"ImageObject","inLanguage":"fr-FR","@id":"https:\/\/dicodusport.fr\/blog\/#\/schema\/person\/image\/","url":"https:\/\/dicodusport.fr\/blog\/wp-content\/uploads\/2021\/05\/Nicolas-Jacquemard-150x150.jpeg","contentUrl":"https:\/\/dicodusport.fr\/blog\/wp-content\/uploads\/2021\/05\/Nicolas-Jacquemard-150x150.jpeg","caption":"Nicolas Jacquemard"},"description":"Passionn\u00e9 de sport et entrepreneur depuis mes 18 ans, la cr\u00e9ation de Dicodusport m'a sembl\u00e9 \u00e9vidente pour participer \u00e0 la m\u00e9diatisation d'un plus grand nombre de sports. Le chemin est long mais avec une \u00e9quipe des plus motiv\u00e9es et les Jeux Olympiques de Paris 2024 en point de mire, nous y arriverons ! Journaliste dans le monde du sport depuis plus de 5 ans, je traite aussi bien de football, de rugby, de biathlon que de cyclisme.","sameAs":["https:\/\/www.facebook.com\/dicodusport","https:\/\/x.com\/https:\/\/twitter.com\/Nico_Jacquemard"],"url":"https:\/\/dicodusport.fr\/blog\/author\/dicodusport\/"}]}},"_links":{"self":[{"href":"https:\/\/dicodusport.fr\/blog\/wp-json\/wp\/v2\/posts\/363484","targetHints":{"allow":["GET"]}}],"collection":[{"href":"https:\/\/dicodusport.fr\/blog\/wp-json\/wp\/v2\/posts"}],"about":[{"href":"https:\/\/dicodusport.fr\/blog\/wp-json\/wp\/v2\/types\/post"}],"author":[{"embeddable":true,"href":"https:\/\/dicodusport.fr\/blog\/wp-json\/wp\/v2\/users\/1"}],"replies":[{"embeddable":true,"href":"https:\/\/dicodusport.fr\/blog\/wp-json\/wp\/v2\/comments?post=363484"}],"version-history":[{"count":1,"href":"https:\/\/dicodusport.fr\/blog\/wp-json\/wp\/v2\/posts\/363484\/revisions"}],"predecessor-version":[{"id":571195,"href":"https:\/\/dicodusport.fr\/blog\/wp-json\/wp\/v2\/posts\/363484\/revisions\/571195"}],"wp:featuredmedia":[{"embeddable":true,"href":"https:\/\/dicodusport.fr\/blog\/wp-json\/wp\/v2\/media\/352586"}],"wp:attachment":[{"href":"https:\/\/dicodusport.fr\/blog\/wp-json\/wp\/v2\/media?parent=363484"}],"wp:term":[{"taxonomy":"category","embeddable":true,"href":"https:\/\/dicodusport.fr\/blog\/wp-json\/wp\/v2\/categories?post=363484"},{"taxonomy":"post_tag","embeddable":true,"href":"https:\/\/dicodusport.fr\/blog\/wp-json\/wp\/v2\/tags?post=363484"}],"curies":[{"name":"wp","href":"https:\/\/api.w.org\/{rel}","templated":true}]}}