{"id":363543,"date":"2023-03-09T08:43:21","date_gmt":"2023-03-09T07:43:21","guid":{"rendered":"https:\/\/dicodusport.fr\/blog\/?p=363543&#038;preview=true&#038;preview_id=363543"},"modified":"2023-03-09T08:43:12","modified_gmt":"2023-03-09T07:43:12","slug":"kylian-mbappe-si-je-liais-mon-avenir-a-la-ligue-des-champions-je-serais-parti-tres-loin","status":"publish","type":"post","link":"https:\/\/dicodusport.fr\/blog\/kylian-mbappe-si-je-liais-mon-avenir-a-la-ligue-des-champions-je-serais-parti-tres-loin\/","title":{"rendered":"Kylian Mbapp\u00e9 entretient le flou sur son avenir au PSG"},"content":{"rendered":"<p style=\"text-align: justify;\" align=\"justify\"><em><b>FOOTBALL &#8211; Apr\u00e8s la nouvelle d\u00e9sillusion du PSG face au Bayern en Ligue des Champions, Kylian Mbapp\u00e9 a r\u00e9pondu \u00e0 une question sur son avenir au club.\u00a0<\/b><\/em><\/p>\n<p style=\"text-align: justify;\" align=\"justify\">L&rsquo;attaquant international fran\u00e7ais, <strong>Kylian Mbapp\u00e9<\/strong>, ne gagnera pas la <strong>Ligue des Champions<\/strong> cette saison. Le <strong>Paris Saint-Germain<\/strong> n&rsquo;aura pas fait le poids face \u00e0 un <strong>Bayern<\/strong> <strong>Munich<\/strong> pourtant loin d&rsquo;\u00eatre flamboyant. Battus un \u00e0 z\u00e9ro au match aller, les Parisiens se sont encore inclin\u00e9s au match retour, deux \u00e0 z\u00e9ro. Interrog\u00e9 sur les cons\u00e9quences de cette d\u00e9faite sur son avenir, <strong>Kylian<\/strong> <strong>Mbapp\u00e9<\/strong> s&rsquo;est expliqu\u00e9 en zone mixte de l&rsquo;Allianz Arena, mercredi soir.<\/p>\n<blockquote>\n<p style=\"text-align: justify;\" align=\"justify\">Est-ce que je repense \u00e0 mon avenir ? Non, non, je suis calme. La seule chose qui compte pour moi cette saison, c&rsquo;est de gagner le championnat. Apr\u00e8s, on verra.<\/p>\n<\/blockquote>\n<p style=\"text-align: justify;\" align=\"justify\">Il y a quatre jours <strong>Kylian<\/strong> <strong>Mbapp\u00e9<\/strong> avait d\u00e9j\u00e0 expliqu\u00e9 au sujet de son avenir :<\/p>\n<blockquote>\n<p style=\"text-align: justify;\" align=\"justify\">Si ce match aura une incidence sur mon avenir ? Je ne pense pas. Si je liais mon avenir \u00e0 la Ligue des champions, et je ne manque pas de respect au club, je serais parti tr\u00e8s loin ! (rires). Je suis ici, je suis tr\u00e8s content et pour l&rsquo;instant, je ne pense \u00e0 rien d&rsquo;autre que de faire les beaux jours du PSG.<\/p>\n<\/blockquote>\n<h2 style=\"text-align: justify;\" align=\"justify\">\u00ab Notre maximum, c\u2019est \u00e7a \u00bb<\/h2>\n<p style=\"text-align: justify;\" align=\"justify\">Rempla\u00e7ant au match aller, l&rsquo;attaquant des Bleus a \u00e9t\u00e9 bien musel\u00e9 par son compatriote <strong>Dayot<\/strong> <strong>Upamecano<\/strong> sur ce match retour. <a href=\"https:\/\/dicodusport.fr\/blog\/bayern-munich-paris-les-notes-du-match\/\" target=\"_blank\" rel=\"noopener\"><strong>Kylian<\/strong><strong>Mbapp\u00e9<\/strong> a \u00e9t\u00e9 cr\u00e9dit\u00e9 d&rsquo;un 3\/10 dans les notes sur notre site<\/a>, lors de ce match retour de <strong>Ligue<\/strong> <strong>des<\/strong> <strong>Champions<\/strong>. Sur le match en lui-m\u00eame et sur la diff\u00e9rence entre les deux \u00e9quipes, il n&rsquo;a pas tergivers\u00e9.<\/p>\n<blockquote>\n<p style=\"text-align: justify;\" align=\"justify\">Quand on regarde l\u2019\u00e9tat des deux \u00e9quipes, ils ont une \u00e9quipe b\u00e2tie pour gagner la Ligue des champions. En d\u00e9but de saison, lors de la premi\u00e8re conf\u00e9rence de presse de Champions League, j&rsquo;ai dit qu&rsquo;on allait faire notre maximum. Nous, notre maximum, c\u2019est \u00e7a.<\/p>\n<\/blockquote>\n<p style=\"text-align: justify;\" align=\"justify\"><strong>Paris<\/strong> va donc se focaliser sur le championnat. Le club compte d\u00e9j\u00e0 huit points d&rsquo;avance sur l&rsquo;<strong>Olympique de Marseille<\/strong> avec douze journ\u00e9es encore \u00e0 jouer. Sauf effondrement important et parcours presque parfait de l&rsquo;<strong>OM,<\/strong> le <strong>PSG<\/strong> devrait conserver son titre de champion de France.<\/p>\n<blockquote class=\"twitter-tweet\">\n<p dir=\"ltr\" lang=\"fr\">\ud83d\udde3 Journaliste : \u00ab\u00a0Est-ce que le match du Bayern peut avoir une incidence sur votre avenir ?\u00a0\u00bb<\/p>\n<p>\ud83e\udd23 Kylian Mbapp\u00e9 : \u00ab\u00a0Si je liais mon avenir \u00e0 la Ligue des Champions, et je ne manque pas de respect au club, je serais parti tr\u00e8s loin !\u00a0\u00bb <a href=\"https:\/\/t.co\/vlL6ikeluh\">pic.twitter.com\/vlL6ikeluh<\/a><\/p>\n<p>\u2014 RMC Sport (@RMCsport) <a href=\"https:\/\/twitter.com\/RMCsport\/status\/1632163251852042240?ref_src=twsrc%5Etfw\">March 4, 2023<\/a><\/p><\/blockquote>\n<p style=\"text-align: justify;\"><script async src=\"https:\/\/platform.twitter.com\/widgets.js\" charset=\"utf-8\"><\/script><\/p>\n","protected":false},"excerpt":{"rendered":"<p>FOOTBALL &#8211; Apr\u00e8s la nouvelle d\u00e9sillusion du PSG face au Bayern en Ligue des Champions, Kylian Mbapp\u00e9 a r\u00e9pondu \u00e0 une question sur son avenir au club.\u00a0<\/p>\n","protected":false},"author":1,"featured_media":363544,"comment_status":"open","ping_status":"closed","sticky":false,"template":"","format":"standard","meta":{"_acf_changed":false,"_daextam_enable_autolinks":"","footnotes":""},"categories":[2301],"tags":[4484,16878,75,2236,5183,910],"class_list":["post-363543","post","type-post","status-publish","format-standard","has-post-thumbnail","hentry","category-football","tag-bayern-munich","tag-breve","tag-football","tag-kylian-mbappe","tag-mbappe","tag-psg"],"acf":[],"yoast_head":"<!-- This site is optimized with the Yoast SEO Premium plugin v26.7 (Yoast SEO v26.7) - https:\/\/yoast.com\/wordpress\/plugins\/seo\/ -->\n<title>Kylian Mbapp\u00e9 entretient le flou sur son avenir au PSG<\/title>\n<meta name=\"description\" content=\"FOOTBALL - Apr\u00e8s la nouvelle d\u00e9sillusion du PSG face au Bayern, Kylian Mbapp\u00e9 a r\u00e9pondu \u00e0 une question sur son avenir au club.\u00a0\" \/>\n<meta name=\"robots\" content=\"index, follow, max-snippet:-1, max-image-preview:large, max-video-preview:-1\" \/>\n<link rel=\"canonical\" href=\"https:\/\/dicodusport.fr\/blog\/kylian-mbappe-si-je-liais-mon-avenir-a-la-ligue-des-champions-je-serais-parti-tres-loin\/\" \/>\n<meta property=\"og:locale\" content=\"fr_FR\" \/>\n<meta property=\"og:type\" content=\"article\" \/>\n<meta property=\"og:title\" content=\"Kylian Mbapp\u00e9 entretient le flou sur son avenir au PSG\" \/>\n<meta property=\"og:description\" content=\"FOOTBALL - Apr\u00e8s la nouvelle d\u00e9sillusion du PSG face au Bayern, Kylian Mbapp\u00e9 a r\u00e9pondu \u00e0 une question sur son avenir au club.\u00a0\" \/>\n<meta property=\"og:url\" content=\"https:\/\/dicodusport.fr\/blog\/kylian-mbappe-si-je-liais-mon-avenir-a-la-ligue-des-champions-je-serais-parti-tres-loin\/\" \/>\n<meta property=\"og:site_name\" content=\"Dicodusport\" \/>\n<meta property=\"article:publisher\" content=\"https:\/\/www.facebook.com\/dicodusport\" \/>\n<meta property=\"article:author\" content=\"https:\/\/www.facebook.com\/dicodusport\" \/>\n<meta property=\"article:published_time\" content=\"2023-03-09T07:43:21+00:00\" \/>\n<meta property=\"og:image\" content=\"https:\/\/dicodusport.fr\/blog\/wp-content\/uploads\/2023\/03\/Kylian-Mbappe-Si-je-liais-mon-avenir-a-la-Ligue-des-champions-je-serais-parti-tres-loin.png\" \/>\n\t<meta property=\"og:image:width\" content=\"800\" \/>\n\t<meta property=\"og:image:height\" content=\"445\" \/>\n\t<meta property=\"og:image:type\" content=\"image\/png\" \/>\n<meta name=\"author\" content=\"Nicolas Jacquemard\" \/>\n<meta name=\"twitter:card\" content=\"summary_large_image\" \/>\n<meta name=\"twitter:title\" content=\"Kylian Mbapp\u00e9 entretient le flou sur son avenir au PSG\" \/>\n<meta name=\"twitter:creator\" content=\"@https:\/\/twitter.com\/Nico_Jacquemard\" \/>\n<meta name=\"twitter:site\" content=\"@dicodusport\" \/>\n<script type=\"application\/ld+json\" class=\"yoast-schema-graph\">{\"@context\":\"https:\/\/schema.org\",\"@graph\":[{\"@type\":\"NewsArticle\",\"@id\":\"https:\/\/dicodusport.fr\/blog\/kylian-mbappe-si-je-liais-mon-avenir-a-la-ligue-des-champions-je-serais-parti-tres-loin\/#article\",\"isPartOf\":{\"@id\":\"https:\/\/dicodusport.fr\/blog\/kylian-mbappe-si-je-liais-mon-avenir-a-la-ligue-des-champions-je-serais-parti-tres-loin\/\"},\"author\":{\"name\":\"Nicolas Jacquemard\",\"@id\":\"https:\/\/dicodusport.fr\/blog\/#\/schema\/person\/55dcb50ad410894e431ed812bbb70191\"},\"headline\":\"Kylian Mbapp\u00e9 entretient le flou sur son avenir au PSG\",\"datePublished\":\"2023-03-09T07:43:21+00:00\",\"mainEntityOfPage\":{\"@id\":\"https:\/\/dicodusport.fr\/blog\/kylian-mbappe-si-je-liais-mon-avenir-a-la-ligue-des-champions-je-serais-parti-tres-loin\/\"},\"wordCount\":448,\"commentCount\":0,\"publisher\":{\"@id\":\"https:\/\/dicodusport.fr\/blog\/#organization\"},\"image\":{\"@id\":\"https:\/\/dicodusport.fr\/blog\/kylian-mbappe-si-je-liais-mon-avenir-a-la-ligue-des-champions-je-serais-parti-tres-loin\/#primaryimage\"},\"thumbnailUrl\":\"https:\/\/dicodusport.fr\/blog\/wp-content\/uploads\/2023\/03\/Kylian-Mbappe-Si-je-liais-mon-avenir-a-la-Ligue-des-champions-je-serais-parti-tres-loin.png\",\"keywords\":[\"Bayern Munich\",\"br\u00e8ve\",\"Football\",\"Kylian Mbapp\u00e9\",\"Mbappe\",\"PSG\"],\"articleSection\":[\"Football\"],\"inLanguage\":\"fr-FR\",\"potentialAction\":[{\"@type\":\"CommentAction\",\"name\":\"Comment\",\"target\":[\"https:\/\/dicodusport.fr\/blog\/kylian-mbappe-si-je-liais-mon-avenir-a-la-ligue-des-champions-je-serais-parti-tres-loin\/#respond\"]}],\"copyrightYear\":\"2023\",\"copyrightHolder\":{\"@id\":\"https:\/\/dicodusport.fr\/blog\/#organization\"}},{\"@type\":\"WebPage\",\"@id\":\"https:\/\/dicodusport.fr\/blog\/kylian-mbappe-si-je-liais-mon-avenir-a-la-ligue-des-champions-je-serais-parti-tres-loin\/\",\"url\":\"https:\/\/dicodusport.fr\/blog\/kylian-mbappe-si-je-liais-mon-avenir-a-la-ligue-des-champions-je-serais-parti-tres-loin\/\",\"name\":\"Kylian Mbapp\u00e9 entretient le flou sur son avenir au PSG\",\"isPartOf\":{\"@id\":\"https:\/\/dicodusport.fr\/blog\/#website\"},\"primaryImageOfPage\":{\"@id\":\"https:\/\/dicodusport.fr\/blog\/kylian-mbappe-si-je-liais-mon-avenir-a-la-ligue-des-champions-je-serais-parti-tres-loin\/#primaryimage\"},\"image\":{\"@id\":\"https:\/\/dicodusport.fr\/blog\/kylian-mbappe-si-je-liais-mon-avenir-a-la-ligue-des-champions-je-serais-parti-tres-loin\/#primaryimage\"},\"thumbnailUrl\":\"https:\/\/dicodusport.fr\/blog\/wp-content\/uploads\/2023\/03\/Kylian-Mbappe-Si-je-liais-mon-avenir-a-la-Ligue-des-champions-je-serais-parti-tres-loin.png\",\"datePublished\":\"2023-03-09T07:43:21+00:00\",\"description\":\"FOOTBALL - Apr\u00e8s la nouvelle d\u00e9sillusion du PSG face au Bayern, Kylian Mbapp\u00e9 a r\u00e9pondu \u00e0 une question sur son avenir au club.\u00a0\",\"breadcrumb\":{\"@id\":\"https:\/\/dicodusport.fr\/blog\/kylian-mbappe-si-je-liais-mon-avenir-a-la-ligue-des-champions-je-serais-parti-tres-loin\/#breadcrumb\"},\"inLanguage\":\"fr-FR\",\"potentialAction\":[{\"@type\":\"ReadAction\",\"target\":[\"https:\/\/dicodusport.fr\/blog\/kylian-mbappe-si-je-liais-mon-avenir-a-la-ligue-des-champions-je-serais-parti-tres-loin\/\"]}]},{\"@type\":\"ImageObject\",\"inLanguage\":\"fr-FR\",\"@id\":\"https:\/\/dicodusport.fr\/blog\/kylian-mbappe-si-je-liais-mon-avenir-a-la-ligue-des-champions-je-serais-parti-tres-loin\/#primaryimage\",\"url\":\"https:\/\/dicodusport.fr\/blog\/wp-content\/uploads\/2023\/03\/Kylian-Mbappe-Si-je-liais-mon-avenir-a-la-Ligue-des-champions-je-serais-parti-tres-loin.png\",\"contentUrl\":\"https:\/\/dicodusport.fr\/blog\/wp-content\/uploads\/2023\/03\/Kylian-Mbappe-Si-je-liais-mon-avenir-a-la-Ligue-des-champions-je-serais-parti-tres-loin.png\",\"width\":800,\"height\":445},{\"@type\":\"BreadcrumbList\",\"@id\":\"https:\/\/dicodusport.fr\/blog\/kylian-mbappe-si-je-liais-mon-avenir-a-la-ligue-des-champions-je-serais-parti-tres-loin\/#breadcrumb\",\"itemListElement\":[{\"@type\":\"ListItem\",\"position\":1,\"name\":\"Accueil\",\"item\":\"https:\/\/dicodusport.fr\/blog\/\"},{\"@type\":\"ListItem\",\"position\":2,\"name\":\"Kylian Mbapp\u00e9 entretient le flou sur son avenir au PSG\"}]},{\"@type\":\"WebSite\",\"@id\":\"https:\/\/dicodusport.fr\/blog\/#website\",\"url\":\"https:\/\/dicodusport.fr\/blog\/\",\"name\":\"Dicodusport\",\"description\":\"L&#039;encyclop\u00e9die de l&#039;actualit\u00e9 sportive\",\"publisher\":{\"@id\":\"https:\/\/dicodusport.fr\/blog\/#organization\"},\"potentialAction\":[{\"@type\":\"SearchAction\",\"target\":{\"@type\":\"EntryPoint\",\"urlTemplate\":\"https:\/\/dicodusport.fr\/blog\/?s={search_term_string}\"},\"query-input\":{\"@type\":\"PropertyValueSpecification\",\"valueRequired\":true,\"valueName\":\"search_term_string\"}}],\"inLanguage\":\"fr-FR\"},{\"@type\":\"NewsMediaOrganization\",\"@id\":\"https:\/\/dicodusport.fr\/blog\/#organization\",\"name\":\"Dicodusport\",\"url\":\"https:\/\/dicodusport.fr\/blog\/\",\"logo\":{\"@type\":\"ImageObject\",\"inLanguage\":\"fr-FR\",\"@id\":\"https:\/\/dicodusport.fr\/blog\/#\/schema\/logo\/image\/\",\"url\":\"https:\/\/dicodusport.fr\/blog\/wp-content\/uploads\/2020\/06\/cropped-LOGO-DICODUSPORT-2020-SANS-FOND-SANS-TEXTE.png\",\"contentUrl\":\"https:\/\/dicodusport.fr\/blog\/wp-content\/uploads\/2020\/06\/cropped-LOGO-DICODUSPORT-2020-SANS-FOND-SANS-TEXTE.png\",\"width\":512,\"height\":512,\"caption\":\"Dicodusport\"},\"image\":{\"@id\":\"https:\/\/dicodusport.fr\/blog\/#\/schema\/logo\/image\/\"},\"sameAs\":[\"https:\/\/www.facebook.com\/dicodusport\",\"https:\/\/x.com\/dicodusport\",\"https:\/\/www.instagram.com\/dicodusport\/\",\"https:\/\/www.youtube.com\/channel\/UC7V2KZ5sd3htJivAbA4ZG3w\"],\"description\":\"Dicodusport est l'encyclop\u00e9die de l'actualit\u00e9 sportive.\",\"email\":\"bonjour@dicodusport.fr\",\"legalName\":\"DICODUSPORT\",\"foundingDate\":\"2018-01-14\",\"vatID\":\"FR71834470973\",\"taxID\":\"83447097300043\",\"numberOfEmployees\":{\"@type\":\"QuantitativeValue\",\"minValue\":\"1\",\"maxValue\":\"10\"}},{\"@type\":\"Person\",\"@id\":\"https:\/\/dicodusport.fr\/blog\/#\/schema\/person\/55dcb50ad410894e431ed812bbb70191\",\"name\":\"Nicolas Jacquemard\",\"image\":{\"@type\":\"ImageObject\",\"inLanguage\":\"fr-FR\",\"@id\":\"https:\/\/dicodusport.fr\/blog\/#\/schema\/person\/image\/\",\"url\":\"https:\/\/dicodusport.fr\/blog\/wp-content\/uploads\/2021\/05\/Nicolas-Jacquemard-150x150.jpeg\",\"contentUrl\":\"https:\/\/dicodusport.fr\/blog\/wp-content\/uploads\/2021\/05\/Nicolas-Jacquemard-150x150.jpeg\",\"caption\":\"Nicolas Jacquemard\"},\"description\":\"Passionn\u00e9 de sport et entrepreneur depuis mes 18 ans, la cr\u00e9ation de Dicodusport m'a sembl\u00e9 \u00e9vidente pour participer \u00e0 la m\u00e9diatisation d'un plus grand nombre de sports. Le chemin est long mais avec une \u00e9quipe des plus motiv\u00e9es et les Jeux Olympiques de Paris 2024 en point de mire, nous y arriverons ! Journaliste dans le monde du sport depuis plus de 5 ans, je traite aussi bien de football, de rugby, de biathlon que de cyclisme.\",\"sameAs\":[\"https:\/\/www.facebook.com\/dicodusport\",\"https:\/\/x.com\/https:\/\/twitter.com\/Nico_Jacquemard\"],\"url\":\"https:\/\/dicodusport.fr\/blog\/author\/dicodusport\/\"}]}<\/script>\n<!-- \/ Yoast SEO Premium plugin. -->","yoast_head_json":{"title":"Kylian Mbapp\u00e9 entretient le flou sur son avenir au PSG","description":"FOOTBALL - Apr\u00e8s la nouvelle d\u00e9sillusion du PSG face au Bayern, Kylian Mbapp\u00e9 a r\u00e9pondu \u00e0 une question sur son avenir au club.\u00a0","robots":{"index":"index","follow":"follow","max-snippet":"max-snippet:-1","max-image-preview":"max-image-preview:large","max-video-preview":"max-video-preview:-1"},"canonical":"https:\/\/dicodusport.fr\/blog\/kylian-mbappe-si-je-liais-mon-avenir-a-la-ligue-des-champions-je-serais-parti-tres-loin\/","og_locale":"fr_FR","og_type":"article","og_title":"Kylian Mbapp\u00e9 entretient le flou sur son avenir au PSG","og_description":"FOOTBALL - Apr\u00e8s la nouvelle d\u00e9sillusion du PSG face au Bayern, Kylian Mbapp\u00e9 a r\u00e9pondu \u00e0 une question sur son avenir au club.\u00a0","og_url":"https:\/\/dicodusport.fr\/blog\/kylian-mbappe-si-je-liais-mon-avenir-a-la-ligue-des-champions-je-serais-parti-tres-loin\/","og_site_name":"Dicodusport","article_publisher":"https:\/\/www.facebook.com\/dicodusport","article_author":"https:\/\/www.facebook.com\/dicodusport","article_published_time":"2023-03-09T07:43:21+00:00","og_image":[{"width":800,"height":445,"url":"https:\/\/dicodusport.fr\/blog\/wp-content\/uploads\/2023\/03\/Kylian-Mbappe-Si-je-liais-mon-avenir-a-la-Ligue-des-champions-je-serais-parti-tres-loin.png","type":"image\/png"}],"author":"Nicolas Jacquemard","twitter_card":"summary_large_image","twitter_title":"Kylian Mbapp\u00e9 entretient le flou sur son avenir au PSG","twitter_creator":"@https:\/\/twitter.com\/Nico_Jacquemard","twitter_site":"@dicodusport","schema":{"@context":"https:\/\/schema.org","@graph":[{"@type":"NewsArticle","@id":"https:\/\/dicodusport.fr\/blog\/kylian-mbappe-si-je-liais-mon-avenir-a-la-ligue-des-champions-je-serais-parti-tres-loin\/#article","isPartOf":{"@id":"https:\/\/dicodusport.fr\/blog\/kylian-mbappe-si-je-liais-mon-avenir-a-la-ligue-des-champions-je-serais-parti-tres-loin\/"},"author":{"name":"Nicolas Jacquemard","@id":"https:\/\/dicodusport.fr\/blog\/#\/schema\/person\/55dcb50ad410894e431ed812bbb70191"},"headline":"Kylian Mbapp\u00e9 entretient le flou sur son avenir au PSG","datePublished":"2023-03-09T07:43:21+00:00","mainEntityOfPage":{"@id":"https:\/\/dicodusport.fr\/blog\/kylian-mbappe-si-je-liais-mon-avenir-a-la-ligue-des-champions-je-serais-parti-tres-loin\/"},"wordCount":448,"commentCount":0,"publisher":{"@id":"https:\/\/dicodusport.fr\/blog\/#organization"},"image":{"@id":"https:\/\/dicodusport.fr\/blog\/kylian-mbappe-si-je-liais-mon-avenir-a-la-ligue-des-champions-je-serais-parti-tres-loin\/#primaryimage"},"thumbnailUrl":"https:\/\/dicodusport.fr\/blog\/wp-content\/uploads\/2023\/03\/Kylian-Mbappe-Si-je-liais-mon-avenir-a-la-Ligue-des-champions-je-serais-parti-tres-loin.png","keywords":["Bayern Munich","br\u00e8ve","Football","Kylian Mbapp\u00e9","Mbappe","PSG"],"articleSection":["Football"],"inLanguage":"fr-FR","potentialAction":[{"@type":"CommentAction","name":"Comment","target":["https:\/\/dicodusport.fr\/blog\/kylian-mbappe-si-je-liais-mon-avenir-a-la-ligue-des-champions-je-serais-parti-tres-loin\/#respond"]}],"copyrightYear":"2023","copyrightHolder":{"@id":"https:\/\/dicodusport.fr\/blog\/#organization"}},{"@type":"WebPage","@id":"https:\/\/dicodusport.fr\/blog\/kylian-mbappe-si-je-liais-mon-avenir-a-la-ligue-des-champions-je-serais-parti-tres-loin\/","url":"https:\/\/dicodusport.fr\/blog\/kylian-mbappe-si-je-liais-mon-avenir-a-la-ligue-des-champions-je-serais-parti-tres-loin\/","name":"Kylian Mbapp\u00e9 entretient le flou sur son avenir au PSG","isPartOf":{"@id":"https:\/\/dicodusport.fr\/blog\/#website"},"primaryImageOfPage":{"@id":"https:\/\/dicodusport.fr\/blog\/kylian-mbappe-si-je-liais-mon-avenir-a-la-ligue-des-champions-je-serais-parti-tres-loin\/#primaryimage"},"image":{"@id":"https:\/\/dicodusport.fr\/blog\/kylian-mbappe-si-je-liais-mon-avenir-a-la-ligue-des-champions-je-serais-parti-tres-loin\/#primaryimage"},"thumbnailUrl":"https:\/\/dicodusport.fr\/blog\/wp-content\/uploads\/2023\/03\/Kylian-Mbappe-Si-je-liais-mon-avenir-a-la-Ligue-des-champions-je-serais-parti-tres-loin.png","datePublished":"2023-03-09T07:43:21+00:00","description":"FOOTBALL - Apr\u00e8s la nouvelle d\u00e9sillusion du PSG face au Bayern, Kylian Mbapp\u00e9 a r\u00e9pondu \u00e0 une question sur son avenir au club.\u00a0","breadcrumb":{"@id":"https:\/\/dicodusport.fr\/blog\/kylian-mbappe-si-je-liais-mon-avenir-a-la-ligue-des-champions-je-serais-parti-tres-loin\/#breadcrumb"},"inLanguage":"fr-FR","potentialAction":[{"@type":"ReadAction","target":["https:\/\/dicodusport.fr\/blog\/kylian-mbappe-si-je-liais-mon-avenir-a-la-ligue-des-champions-je-serais-parti-tres-loin\/"]}]},{"@type":"ImageObject","inLanguage":"fr-FR","@id":"https:\/\/dicodusport.fr\/blog\/kylian-mbappe-si-je-liais-mon-avenir-a-la-ligue-des-champions-je-serais-parti-tres-loin\/#primaryimage","url":"https:\/\/dicodusport.fr\/blog\/wp-content\/uploads\/2023\/03\/Kylian-Mbappe-Si-je-liais-mon-avenir-a-la-Ligue-des-champions-je-serais-parti-tres-loin.png","contentUrl":"https:\/\/dicodusport.fr\/blog\/wp-content\/uploads\/2023\/03\/Kylian-Mbappe-Si-je-liais-mon-avenir-a-la-Ligue-des-champions-je-serais-parti-tres-loin.png","width":800,"height":445},{"@type":"BreadcrumbList","@id":"https:\/\/dicodusport.fr\/blog\/kylian-mbappe-si-je-liais-mon-avenir-a-la-ligue-des-champions-je-serais-parti-tres-loin\/#breadcrumb","itemListElement":[{"@type":"ListItem","position":1,"name":"Accueil","item":"https:\/\/dicodusport.fr\/blog\/"},{"@type":"ListItem","position":2,"name":"Kylian Mbapp\u00e9 entretient le flou sur son avenir au PSG"}]},{"@type":"WebSite","@id":"https:\/\/dicodusport.fr\/blog\/#website","url":"https:\/\/dicodusport.fr\/blog\/","name":"Dicodusport","description":"L&#039;encyclop\u00e9die de l&#039;actualit\u00e9 sportive","publisher":{"@id":"https:\/\/dicodusport.fr\/blog\/#organization"},"potentialAction":[{"@type":"SearchAction","target":{"@type":"EntryPoint","urlTemplate":"https:\/\/dicodusport.fr\/blog\/?s={search_term_string}"},"query-input":{"@type":"PropertyValueSpecification","valueRequired":true,"valueName":"search_term_string"}}],"inLanguage":"fr-FR"},{"@type":"NewsMediaOrganization","@id":"https:\/\/dicodusport.fr\/blog\/#organization","name":"Dicodusport","url":"https:\/\/dicodusport.fr\/blog\/","logo":{"@type":"ImageObject","inLanguage":"fr-FR","@id":"https:\/\/dicodusport.fr\/blog\/#\/schema\/logo\/image\/","url":"https:\/\/dicodusport.fr\/blog\/wp-content\/uploads\/2020\/06\/cropped-LOGO-DICODUSPORT-2020-SANS-FOND-SANS-TEXTE.png","contentUrl":"https:\/\/dicodusport.fr\/blog\/wp-content\/uploads\/2020\/06\/cropped-LOGO-DICODUSPORT-2020-SANS-FOND-SANS-TEXTE.png","width":512,"height":512,"caption":"Dicodusport"},"image":{"@id":"https:\/\/dicodusport.fr\/blog\/#\/schema\/logo\/image\/"},"sameAs":["https:\/\/www.facebook.com\/dicodusport","https:\/\/x.com\/dicodusport","https:\/\/www.instagram.com\/dicodusport\/","https:\/\/www.youtube.com\/channel\/UC7V2KZ5sd3htJivAbA4ZG3w"],"description":"Dicodusport est l'encyclop\u00e9die de l'actualit\u00e9 sportive.","email":"bonjour@dicodusport.fr","legalName":"DICODUSPORT","foundingDate":"2018-01-14","vatID":"FR71834470973","taxID":"83447097300043","numberOfEmployees":{"@type":"QuantitativeValue","minValue":"1","maxValue":"10"}},{"@type":"Person","@id":"https:\/\/dicodusport.fr\/blog\/#\/schema\/person\/55dcb50ad410894e431ed812bbb70191","name":"Nicolas Jacquemard","image":{"@type":"ImageObject","inLanguage":"fr-FR","@id":"https:\/\/dicodusport.fr\/blog\/#\/schema\/person\/image\/","url":"https:\/\/dicodusport.fr\/blog\/wp-content\/uploads\/2021\/05\/Nicolas-Jacquemard-150x150.jpeg","contentUrl":"https:\/\/dicodusport.fr\/blog\/wp-content\/uploads\/2021\/05\/Nicolas-Jacquemard-150x150.jpeg","caption":"Nicolas Jacquemard"},"description":"Passionn\u00e9 de sport et entrepreneur depuis mes 18 ans, la cr\u00e9ation de Dicodusport m'a sembl\u00e9 \u00e9vidente pour participer \u00e0 la m\u00e9diatisation d'un plus grand nombre de sports. Le chemin est long mais avec une \u00e9quipe des plus motiv\u00e9es et les Jeux Olympiques de Paris 2024 en point de mire, nous y arriverons ! Journaliste dans le monde du sport depuis plus de 5 ans, je traite aussi bien de football, de rugby, de biathlon que de cyclisme.","sameAs":["https:\/\/www.facebook.com\/dicodusport","https:\/\/x.com\/https:\/\/twitter.com\/Nico_Jacquemard"],"url":"https:\/\/dicodusport.fr\/blog\/author\/dicodusport\/"}]}},"_links":{"self":[{"href":"https:\/\/dicodusport.fr\/blog\/wp-json\/wp\/v2\/posts\/363543","targetHints":{"allow":["GET"]}}],"collection":[{"href":"https:\/\/dicodusport.fr\/blog\/wp-json\/wp\/v2\/posts"}],"about":[{"href":"https:\/\/dicodusport.fr\/blog\/wp-json\/wp\/v2\/types\/post"}],"author":[{"embeddable":true,"href":"https:\/\/dicodusport.fr\/blog\/wp-json\/wp\/v2\/users\/1"}],"replies":[{"embeddable":true,"href":"https:\/\/dicodusport.fr\/blog\/wp-json\/wp\/v2\/comments?post=363543"}],"version-history":[{"count":0,"href":"https:\/\/dicodusport.fr\/blog\/wp-json\/wp\/v2\/posts\/363543\/revisions"}],"wp:featuredmedia":[{"embeddable":true,"href":"https:\/\/dicodusport.fr\/blog\/wp-json\/wp\/v2\/media\/363544"}],"wp:attachment":[{"href":"https:\/\/dicodusport.fr\/blog\/wp-json\/wp\/v2\/media?parent=363543"}],"wp:term":[{"taxonomy":"category","embeddable":true,"href":"https:\/\/dicodusport.fr\/blog\/wp-json\/wp\/v2\/categories?post=363543"},{"taxonomy":"post_tag","embeddable":true,"href":"https:\/\/dicodusport.fr\/blog\/wp-json\/wp\/v2\/tags?post=363543"}],"curies":[{"name":"wp","href":"https:\/\/api.w.org\/{rel}","templated":true}]}}