{"id":363903,"date":"2023-03-10T11:01:15","date_gmt":"2023-03-10T10:01:15","guid":{"rendered":"https:\/\/dicodusport.fr\/blog\/?p=363903&#038;preview=true&#038;preview_id=363903"},"modified":"2023-03-10T11:01:15","modified_gmt":"2023-03-10T10:01:15","slug":"corinne-diacre-combien-son-licenciement-va-t-il-couter-a-la-fff","status":"publish","type":"post","link":"https:\/\/dicodusport.fr\/blog\/corinne-diacre-combien-son-licenciement-va-t-il-couter-a-la-fff\/","title":{"rendered":"Corinne Diacre : Combien son licenciement va-t-il co\u00fbter \u00e0 la FFF ?"},"content":{"rendered":"<p align=\"justify\"><em><strong>FOOTBALL &#8211; D\u00e9barqu\u00e9e ce jeudi \u00e0 l&rsquo;issue du Comex de la FFF, Corinne Diacre n&rsquo;est donc plus la s\u00e9lectionneuse de l&rsquo;\u00e9quipe de France f\u00e9minine de football. Toutefois, l&rsquo;ancienne coach de Clermont Foot devrait recevoir un joli ch\u00e8que de la part de la 3F.<\/strong><\/em><\/p>\n<p align=\"justify\">Arriv\u00e9e \u00e0 la t\u00eate des Bleues en 2017, <a href=\"https:\/\/dicodusport.fr\/blog\/bleues-corinne-diacre-nest-plus-la-selectionneuse-de-lequipe-de-france\/\"><strong>Corinne Diacre<\/strong> a donc \u00e9t\u00e9 licenci\u00e9e<\/a> par la <strong>F\u00e9d\u00e9ration Fran\u00e7aise de Football<\/strong>. Cette derni\u00e8re, \u00e0 l&rsquo;issue de son Comex qui s&rsquo;est tenu ce jeudi, a d\u00e9barqu\u00e9 la technicienne de 48 ans. La 3F a justifi\u00e9 son licenciement au regard des <em>\u00ab dysfonctionnements constat\u00e9s irr\u00e9versibles \u00bb<\/em>. Une mise \u00e0 l&rsquo;\u00e9cart qui intervient 15 jours apr\u00e8s la d\u00e9cision de <a href=\"https:\/\/dicodusport.fr\/blog\/bleues-wendie-renard-se-met-en-retrait-de-lequipe-de-france\/\"><strong>Wendie Renard<\/strong><\/a>, <a href=\"https:\/\/dicodusport.fr\/blog\/bleues-au-tour-de-marie-antoinette-katoto-et-kadidiatou-diani-de-dire-stop\/\"><strong>Marie-Antoinette Katoto<\/strong> et <strong>Kadidiatou Diani<\/strong><\/a>, toutes cadres des Bleus, de se mettre en retrait de l&rsquo;\u00e9quipe de France, tant que <strong>Corinne Diacre<\/strong> en serait la s\u00e9lectionneuse. Cette derni\u00e8re et les joueuses n&rsquo;\u00e9tant plus sur la m\u00eame longueur d&rsquo;ondes depuis bien trop longtemps.<\/p>\n<h2 style=\"text-align: justify;\" align=\"justify\">Pr\u00e8s de 600 000 euros d&rsquo;indemnit\u00e9s pour Corinne Diacre ?<\/h2>\n<p style=\"text-align: justify;\">Cependant, la FFF n&rsquo;en a sans doute pas termin\u00e9 avec <strong>Corinne Diacre<\/strong>. La semaine derni\u00e8re, <em>L&rsquo;\u00c9quipe<\/em> r\u00e9v\u00e9lait en effet que <a href=\"https:\/\/dicodusport.fr\/blog\/equipe-de-france-salaire-contrat-ce-que-gagne-corinne-diacre-a-la-tete-des-bleues\/\">le salaire annuel de la Nordiste d&rsquo;origine s&rsquo;\u00e9levait \u00e0 400 000 euros<\/a>, soit pr\u00e8s de 34 000 euros par mois. Prolong\u00e9e jusqu&rsquo;\u00e0 l&rsquo;issue des JO de Paris, soit jusqu&rsquo;en ao\u00fbt 2024, par <strong>No\u00ebl le Gra\u00ebt<\/strong>, il restait donc encore 17 mois de contrat \u00e0 la native de Croix (Nord). Ainsi, sauf clause sp\u00e9cifique, la FFF devrait verser <strong>pr\u00e8s de 600 000 euros<\/strong> \u00e0 Corinne Diacre en indemnit\u00e9s de licenciement selon nos confr\u00e8res de <em>Sportune<\/em>. <strong>578 000 euros<\/strong>, plus pr\u00e9cis\u00e9ment, si l&rsquo;on s&rsquo;en tient au salaire mensuel de la d\u00e9sormais ex-s\u00e9lectionneuse de l&rsquo;\u00e9quipe de France f\u00e9minine de football. Un joli pactole, en somme.<\/p>\n<div class=\"vlp-link-container vlp-layout-article\"><a href=\"https:\/\/dicodusport.fr\/blog\/equipe-de-france-salaire-contrat-ce-que-gagne-corinne-diacre-a-la-tete-des-bleues\/\" class=\"vlp-link\" title=\"\u00c9quipe de France : Salaire, contrat, ce que gagne Corinne Diacre \u00e0 la t\u00eate des Bleues\"><\/a><div class=\"vlp-layout-zone-side\"><div class=\"vlp-block-4 vlp-link-image\"><img loading=\"lazy\" decoding=\"async\" style=\"max-width: 800px;\" width=\"800\" height=\"445\" src=\"https:\/\/dicodusport.fr\/blog\/wp-content\/uploads\/2023\/02\/Equipe-de-France-Salaire-contrat-ce-que-gagne-Corinne-Diacre-a-la-tete-des-Bleues.png\" class=\"attachment-800x445 size-800x445\" alt=\"\u00c9quipe de France Salaire, contrat, ce que gagne Corinne Diacre \u00e0 la t\u00eate des Bleues\" srcset=\"https:\/\/dicodusport.fr\/blog\/wp-content\/uploads\/2023\/02\/Equipe-de-France-Salaire-contrat-ce-que-gagne-Corinne-Diacre-a-la-tete-des-Bleues.png 800w, https:\/\/dicodusport.fr\/blog\/wp-content\/uploads\/2023\/02\/Equipe-de-France-Salaire-contrat-ce-que-gagne-Corinne-Diacre-a-la-tete-des-Bleues-300x167.png 300w, https:\/\/dicodusport.fr\/blog\/wp-content\/uploads\/2023\/02\/Equipe-de-France-Salaire-contrat-ce-que-gagne-Corinne-Diacre-a-la-tete-des-Bleues-768x427.png 768w\" sizes=\"auto, (max-width: 800px) 100vw, 800px\" \/><\/div><\/div><div class=\"vlp-layout-zone-main\"><div class=\"vlp-block-0 vlp-link-title\">\u00c9quipe de France : Salaire, contrat, ce que gagne Corinne Diacre \u00e0 la t\u00eate des Bleues<\/div><div class=\"vlp-block-1 vlp-link-summary\">FOOTBALL - Sous contrat avec la F\u00e9d\u00e9ration Fran\u00e7aise de Football jusqu'en ao\u00fbt 2024, Corinne Diacre touche un salaire cons\u00e9quent en tant que s\u00e9lectionneuse des Bleues. Si elle devait \u00eatre d\u00e9barqu\u00e9e prochainement, la 3F devrait sortir le ch\u00e9quier.<\/div><div class=\"vlp-block-2 vlp-link-button\">Lire l'article<\/div><div class=\"vlp-block-3 vlp-link-url\">dicodusport.fr<\/div><\/div><\/div>\n","protected":false},"excerpt":{"rendered":"<p>FOOTBALL &#8211; D\u00e9barqu\u00e9e ce jeudi \u00e0 l&rsquo;issue du Comex de la FFF, Corinne Diacre n&rsquo;est donc plus la s\u00e9lectionneuse de l&rsquo;\u00e9quipe de France f\u00e9minine de football. Toutefois, l&rsquo;ancienne coach de Clermont Foot devrait recevoir un joli ch\u00e8que de la part de la 3F.<\/p>\n","protected":false},"author":4,"featured_media":363905,"comment_status":"open","ping_status":"closed","sticky":false,"template":"","format":"standard","meta":{"_acf_changed":false,"_daextam_enable_autolinks":"","footnotes":""},"categories":[2301],"tags":[16878,7479,29950,6653,74,75,30],"class_list":["post-363903","post","type-post","status-publish","format-standard","has-post-thumbnail","hentry","category-football","tag-breve","tag-corinne-diacre","tag-diacre","tag-equipe-de-france-feminine-de-football","tag-foot","tag-football","tag-france"],"acf":[],"yoast_head":"<!-- This site is optimized with the Yoast SEO Premium plugin v26.7 (Yoast SEO v26.7) - https:\/\/yoast.com\/wordpress\/plugins\/seo\/ -->\n<title>Corinne Diacre : Combien son licenciement va-t-il co\u00fbter \u00e0 la FFF ?<\/title>\n<meta name=\"description\" content=\"FOOTBALL - Corinne Diacre devrait recevoir un joli ch\u00e8que de la part de la F\u00e9d\u00e9ration Fran\u00e7aise de Football, suite \u00e0 son licenciement.\" \/>\n<meta name=\"robots\" content=\"index, follow, max-snippet:-1, max-image-preview:large, max-video-preview:-1\" \/>\n<link rel=\"canonical\" href=\"https:\/\/dicodusport.fr\/blog\/corinne-diacre-combien-son-licenciement-va-t-il-couter-a-la-fff\/\" \/>\n<meta property=\"og:locale\" content=\"fr_FR\" \/>\n<meta property=\"og:type\" content=\"article\" \/>\n<meta property=\"og:title\" content=\"Corinne Diacre : Combien son licenciement va-t-il co\u00fbter \u00e0 la FFF ?\" \/>\n<meta property=\"og:description\" content=\"FOOTBALL - Corinne Diacre devrait recevoir un joli ch\u00e8que de la part de la F\u00e9d\u00e9ration Fran\u00e7aise de Football, suite \u00e0 son licenciement.\" \/>\n<meta property=\"og:url\" content=\"https:\/\/dicodusport.fr\/blog\/corinne-diacre-combien-son-licenciement-va-t-il-couter-a-la-fff\/\" \/>\n<meta property=\"og:site_name\" content=\"Dicodusport\" \/>\n<meta property=\"article:publisher\" content=\"https:\/\/www.facebook.com\/dicodusport\" \/>\n<meta property=\"article:author\" content=\"https:\/\/www.facebook.com\/florent.ostermann\" \/>\n<meta property=\"article:published_time\" content=\"2023-03-10T10:01:15+00:00\" \/>\n<meta property=\"og:image\" content=\"https:\/\/dicodusport.fr\/blog\/wp-content\/uploads\/2023\/03\/Corinne-Diacre-Combien-son-licenciement-va-t-il-couter-a-la-FFF-.png\" \/>\n\t<meta property=\"og:image:width\" content=\"800\" \/>\n\t<meta property=\"og:image:height\" content=\"445\" \/>\n\t<meta property=\"og:image:type\" content=\"image\/png\" \/>\n<meta name=\"author\" content=\"Flo Ostermann\" \/>\n<meta name=\"twitter:card\" content=\"summary_large_image\" \/>\n<meta name=\"twitter:title\" content=\"Corinne Diacre : Combien son licenciement va-t-il co\u00fbter \u00e0 la FFF ?\" \/>\n<meta name=\"twitter:creator\" content=\"@https:\/\/twitter.com\/FlOstermann\" \/>\n<meta name=\"twitter:site\" content=\"@dicodusport\" \/>\n<script type=\"application\/ld+json\" class=\"yoast-schema-graph\">{\"@context\":\"https:\/\/schema.org\",\"@graph\":[{\"@type\":\"NewsArticle\",\"@id\":\"https:\/\/dicodusport.fr\/blog\/corinne-diacre-combien-son-licenciement-va-t-il-couter-a-la-fff\/#article\",\"isPartOf\":{\"@id\":\"https:\/\/dicodusport.fr\/blog\/corinne-diacre-combien-son-licenciement-va-t-il-couter-a-la-fff\/\"},\"author\":{\"name\":\"Flo Ostermann\",\"@id\":\"https:\/\/dicodusport.fr\/blog\/#\/schema\/person\/cb02af4c173ce4a653b55e9baf388d4a\"},\"headline\":\"Corinne Diacre : Combien son licenciement va-t-il co\u00fbter \u00e0 la FFF ?\",\"datePublished\":\"2023-03-10T10:01:15+00:00\",\"mainEntityOfPage\":{\"@id\":\"https:\/\/dicodusport.fr\/blog\/corinne-diacre-combien-son-licenciement-va-t-il-couter-a-la-fff\/\"},\"wordCount\":400,\"commentCount\":0,\"publisher\":{\"@id\":\"https:\/\/dicodusport.fr\/blog\/#organization\"},\"image\":{\"@id\":\"https:\/\/dicodusport.fr\/blog\/corinne-diacre-combien-son-licenciement-va-t-il-couter-a-la-fff\/#primaryimage\"},\"thumbnailUrl\":\"https:\/\/dicodusport.fr\/blog\/wp-content\/uploads\/2023\/03\/Corinne-Diacre-Combien-son-licenciement-va-t-il-couter-a-la-FFF-.png\",\"keywords\":[\"br\u00e8ve\",\"Corinne Diacre\",\"Diacre\",\"\u00c9quipe de France f\u00e9minine de football\",\"foot\",\"Football\",\"France\"],\"articleSection\":[\"Football\"],\"inLanguage\":\"fr-FR\",\"potentialAction\":[{\"@type\":\"CommentAction\",\"name\":\"Comment\",\"target\":[\"https:\/\/dicodusport.fr\/blog\/corinne-diacre-combien-son-licenciement-va-t-il-couter-a-la-fff\/#respond\"]}],\"copyrightYear\":\"2023\",\"copyrightHolder\":{\"@id\":\"https:\/\/dicodusport.fr\/blog\/#organization\"}},{\"@type\":\"WebPage\",\"@id\":\"https:\/\/dicodusport.fr\/blog\/corinne-diacre-combien-son-licenciement-va-t-il-couter-a-la-fff\/\",\"url\":\"https:\/\/dicodusport.fr\/blog\/corinne-diacre-combien-son-licenciement-va-t-il-couter-a-la-fff\/\",\"name\":\"Corinne Diacre : Combien son licenciement va-t-il co\u00fbter \u00e0 la FFF ?\",\"isPartOf\":{\"@id\":\"https:\/\/dicodusport.fr\/blog\/#website\"},\"primaryImageOfPage\":{\"@id\":\"https:\/\/dicodusport.fr\/blog\/corinne-diacre-combien-son-licenciement-va-t-il-couter-a-la-fff\/#primaryimage\"},\"image\":{\"@id\":\"https:\/\/dicodusport.fr\/blog\/corinne-diacre-combien-son-licenciement-va-t-il-couter-a-la-fff\/#primaryimage\"},\"thumbnailUrl\":\"https:\/\/dicodusport.fr\/blog\/wp-content\/uploads\/2023\/03\/Corinne-Diacre-Combien-son-licenciement-va-t-il-couter-a-la-FFF-.png\",\"datePublished\":\"2023-03-10T10:01:15+00:00\",\"description\":\"FOOTBALL - Corinne Diacre devrait recevoir un joli ch\u00e8que de la part de la F\u00e9d\u00e9ration Fran\u00e7aise de Football, suite \u00e0 son licenciement.\",\"breadcrumb\":{\"@id\":\"https:\/\/dicodusport.fr\/blog\/corinne-diacre-combien-son-licenciement-va-t-il-couter-a-la-fff\/#breadcrumb\"},\"inLanguage\":\"fr-FR\",\"potentialAction\":[{\"@type\":\"ReadAction\",\"target\":[\"https:\/\/dicodusport.fr\/blog\/corinne-diacre-combien-son-licenciement-va-t-il-couter-a-la-fff\/\"]}]},{\"@type\":\"ImageObject\",\"inLanguage\":\"fr-FR\",\"@id\":\"https:\/\/dicodusport.fr\/blog\/corinne-diacre-combien-son-licenciement-va-t-il-couter-a-la-fff\/#primaryimage\",\"url\":\"https:\/\/dicodusport.fr\/blog\/wp-content\/uploads\/2023\/03\/Corinne-Diacre-Combien-son-licenciement-va-t-il-couter-a-la-FFF-.png\",\"contentUrl\":\"https:\/\/dicodusport.fr\/blog\/wp-content\/uploads\/2023\/03\/Corinne-Diacre-Combien-son-licenciement-va-t-il-couter-a-la-FFF-.png\",\"width\":800,\"height\":445,\"caption\":\"Corinne Diacre Combien son licenciement va-t-il co\u00fbter \u00e0 la FFF\"},{\"@type\":\"BreadcrumbList\",\"@id\":\"https:\/\/dicodusport.fr\/blog\/corinne-diacre-combien-son-licenciement-va-t-il-couter-a-la-fff\/#breadcrumb\",\"itemListElement\":[{\"@type\":\"ListItem\",\"position\":1,\"name\":\"Accueil\",\"item\":\"https:\/\/dicodusport.fr\/blog\/\"},{\"@type\":\"ListItem\",\"position\":2,\"name\":\"Corinne Diacre : Combien son licenciement va-t-il co\u00fbter \u00e0 la FFF ?\"}]},{\"@type\":\"WebSite\",\"@id\":\"https:\/\/dicodusport.fr\/blog\/#website\",\"url\":\"https:\/\/dicodusport.fr\/blog\/\",\"name\":\"Dicodusport\",\"description\":\"L&#039;encyclop\u00e9die de l&#039;actualit\u00e9 sportive\",\"publisher\":{\"@id\":\"https:\/\/dicodusport.fr\/blog\/#organization\"},\"potentialAction\":[{\"@type\":\"SearchAction\",\"target\":{\"@type\":\"EntryPoint\",\"urlTemplate\":\"https:\/\/dicodusport.fr\/blog\/?s={search_term_string}\"},\"query-input\":{\"@type\":\"PropertyValueSpecification\",\"valueRequired\":true,\"valueName\":\"search_term_string\"}}],\"inLanguage\":\"fr-FR\"},{\"@type\":\"NewsMediaOrganization\",\"@id\":\"https:\/\/dicodusport.fr\/blog\/#organization\",\"name\":\"Dicodusport\",\"url\":\"https:\/\/dicodusport.fr\/blog\/\",\"logo\":{\"@type\":\"ImageObject\",\"inLanguage\":\"fr-FR\",\"@id\":\"https:\/\/dicodusport.fr\/blog\/#\/schema\/logo\/image\/\",\"url\":\"https:\/\/dicodusport.fr\/blog\/wp-content\/uploads\/2020\/06\/cropped-LOGO-DICODUSPORT-2020-SANS-FOND-SANS-TEXTE.png\",\"contentUrl\":\"https:\/\/dicodusport.fr\/blog\/wp-content\/uploads\/2020\/06\/cropped-LOGO-DICODUSPORT-2020-SANS-FOND-SANS-TEXTE.png\",\"width\":512,\"height\":512,\"caption\":\"Dicodusport\"},\"image\":{\"@id\":\"https:\/\/dicodusport.fr\/blog\/#\/schema\/logo\/image\/\"},\"sameAs\":[\"https:\/\/www.facebook.com\/dicodusport\",\"https:\/\/x.com\/dicodusport\",\"https:\/\/www.instagram.com\/dicodusport\/\",\"https:\/\/www.youtube.com\/channel\/UC7V2KZ5sd3htJivAbA4ZG3w\"],\"description\":\"Dicodusport est l'encyclop\u00e9die de l'actualit\u00e9 sportive.\",\"email\":\"bonjour@dicodusport.fr\",\"legalName\":\"DICODUSPORT\",\"foundingDate\":\"2018-01-14\",\"vatID\":\"FR71834470973\",\"taxID\":\"83447097300043\",\"numberOfEmployees\":{\"@type\":\"QuantitativeValue\",\"minValue\":\"1\",\"maxValue\":\"10\"}},{\"@type\":\"Person\",\"@id\":\"https:\/\/dicodusport.fr\/blog\/#\/schema\/person\/cb02af4c173ce4a653b55e9baf388d4a\",\"name\":\"Flo Ostermann\",\"image\":{\"@type\":\"ImageObject\",\"inLanguage\":\"fr-FR\",\"@id\":\"https:\/\/dicodusport.fr\/blog\/#\/schema\/person\/image\/\",\"url\":\"https:\/\/dicodusport.fr\/blog\/wp-content\/uploads\/2021\/05\/Flo-Ostermann-150x150.jpg\",\"contentUrl\":\"https:\/\/dicodusport.fr\/blog\/wp-content\/uploads\/2021\/05\/Flo-Ostermann-150x150.jpg\",\"caption\":\"Flo Ostermann\"},\"description\":\"Journaliste\/R\u00e9dacteur depuis septembre 2015 - Mes premiers souvenirs dans le sport ? Les envol\u00e9es du Stade Toulousain et les duels Villeneuve-Schumacher et H\u00e4kkinen-Schumacher \u00e0 la fin des ann\u00e9es 90, la Coupe du monde de football en 1998, l\u2019exploit du XV de France face aux All Blacks en 1999, mais aussi Richard C\u0153ur de Lion qui vole sur les montagnes du Tour de France. Bien parti pour devenir professeur d\u2019EPS, les \u00e9v\u00e9nements de la vie (et la flemme d\u2019animer des s\u00e9ances de 3x500 m\u00e8tres toute ma vie) m\u2019ont conduit \u00e0 revoir mes plans. Me voil\u00e0 depuis fin 2017 sur Dicodusport, m\u00e9dia gr\u00e2ce (et pour) lequel je partage ma passion : le sport dans tous ses \u00e9tats. Le tout accompagn\u00e9 par les fous furieux et folles furieuses cit\u00e9s sur cette page !\",\"sameAs\":[\"https:\/\/www.facebook.com\/florent.ostermann\",\"https:\/\/x.com\/https:\/\/twitter.com\/FlOstermann\",\"admin\"],\"url\":\"https:\/\/dicodusport.fr\/blog\/author\/flo\/\"}]}<\/script>\n<!-- \/ Yoast SEO Premium plugin. -->","yoast_head_json":{"title":"Corinne Diacre : Combien son licenciement va-t-il co\u00fbter \u00e0 la FFF ?","description":"FOOTBALL - Corinne Diacre devrait recevoir un joli ch\u00e8que de la part de la F\u00e9d\u00e9ration Fran\u00e7aise de Football, suite \u00e0 son licenciement.","robots":{"index":"index","follow":"follow","max-snippet":"max-snippet:-1","max-image-preview":"max-image-preview:large","max-video-preview":"max-video-preview:-1"},"canonical":"https:\/\/dicodusport.fr\/blog\/corinne-diacre-combien-son-licenciement-va-t-il-couter-a-la-fff\/","og_locale":"fr_FR","og_type":"article","og_title":"Corinne Diacre : Combien son licenciement va-t-il co\u00fbter \u00e0 la FFF ?","og_description":"FOOTBALL - Corinne Diacre devrait recevoir un joli ch\u00e8que de la part de la F\u00e9d\u00e9ration Fran\u00e7aise de Football, suite \u00e0 son licenciement.","og_url":"https:\/\/dicodusport.fr\/blog\/corinne-diacre-combien-son-licenciement-va-t-il-couter-a-la-fff\/","og_site_name":"Dicodusport","article_publisher":"https:\/\/www.facebook.com\/dicodusport","article_author":"https:\/\/www.facebook.com\/florent.ostermann","article_published_time":"2023-03-10T10:01:15+00:00","og_image":[{"width":800,"height":445,"url":"https:\/\/dicodusport.fr\/blog\/wp-content\/uploads\/2023\/03\/Corinne-Diacre-Combien-son-licenciement-va-t-il-couter-a-la-FFF-.png","type":"image\/png"}],"author":"Flo Ostermann","twitter_card":"summary_large_image","twitter_title":"Corinne Diacre : Combien son licenciement va-t-il co\u00fbter \u00e0 la FFF ?","twitter_creator":"@https:\/\/twitter.com\/FlOstermann","twitter_site":"@dicodusport","schema":{"@context":"https:\/\/schema.org","@graph":[{"@type":"NewsArticle","@id":"https:\/\/dicodusport.fr\/blog\/corinne-diacre-combien-son-licenciement-va-t-il-couter-a-la-fff\/#article","isPartOf":{"@id":"https:\/\/dicodusport.fr\/blog\/corinne-diacre-combien-son-licenciement-va-t-il-couter-a-la-fff\/"},"author":{"name":"Flo Ostermann","@id":"https:\/\/dicodusport.fr\/blog\/#\/schema\/person\/cb02af4c173ce4a653b55e9baf388d4a"},"headline":"Corinne Diacre : Combien son licenciement va-t-il co\u00fbter \u00e0 la FFF ?","datePublished":"2023-03-10T10:01:15+00:00","mainEntityOfPage":{"@id":"https:\/\/dicodusport.fr\/blog\/corinne-diacre-combien-son-licenciement-va-t-il-couter-a-la-fff\/"},"wordCount":400,"commentCount":0,"publisher":{"@id":"https:\/\/dicodusport.fr\/blog\/#organization"},"image":{"@id":"https:\/\/dicodusport.fr\/blog\/corinne-diacre-combien-son-licenciement-va-t-il-couter-a-la-fff\/#primaryimage"},"thumbnailUrl":"https:\/\/dicodusport.fr\/blog\/wp-content\/uploads\/2023\/03\/Corinne-Diacre-Combien-son-licenciement-va-t-il-couter-a-la-FFF-.png","keywords":["br\u00e8ve","Corinne Diacre","Diacre","\u00c9quipe de France f\u00e9minine de football","foot","Football","France"],"articleSection":["Football"],"inLanguage":"fr-FR","potentialAction":[{"@type":"CommentAction","name":"Comment","target":["https:\/\/dicodusport.fr\/blog\/corinne-diacre-combien-son-licenciement-va-t-il-couter-a-la-fff\/#respond"]}],"copyrightYear":"2023","copyrightHolder":{"@id":"https:\/\/dicodusport.fr\/blog\/#organization"}},{"@type":"WebPage","@id":"https:\/\/dicodusport.fr\/blog\/corinne-diacre-combien-son-licenciement-va-t-il-couter-a-la-fff\/","url":"https:\/\/dicodusport.fr\/blog\/corinne-diacre-combien-son-licenciement-va-t-il-couter-a-la-fff\/","name":"Corinne Diacre : Combien son licenciement va-t-il co\u00fbter \u00e0 la FFF ?","isPartOf":{"@id":"https:\/\/dicodusport.fr\/blog\/#website"},"primaryImageOfPage":{"@id":"https:\/\/dicodusport.fr\/blog\/corinne-diacre-combien-son-licenciement-va-t-il-couter-a-la-fff\/#primaryimage"},"image":{"@id":"https:\/\/dicodusport.fr\/blog\/corinne-diacre-combien-son-licenciement-va-t-il-couter-a-la-fff\/#primaryimage"},"thumbnailUrl":"https:\/\/dicodusport.fr\/blog\/wp-content\/uploads\/2023\/03\/Corinne-Diacre-Combien-son-licenciement-va-t-il-couter-a-la-FFF-.png","datePublished":"2023-03-10T10:01:15+00:00","description":"FOOTBALL - Corinne Diacre devrait recevoir un joli ch\u00e8que de la part de la F\u00e9d\u00e9ration Fran\u00e7aise de Football, suite \u00e0 son licenciement.","breadcrumb":{"@id":"https:\/\/dicodusport.fr\/blog\/corinne-diacre-combien-son-licenciement-va-t-il-couter-a-la-fff\/#breadcrumb"},"inLanguage":"fr-FR","potentialAction":[{"@type":"ReadAction","target":["https:\/\/dicodusport.fr\/blog\/corinne-diacre-combien-son-licenciement-va-t-il-couter-a-la-fff\/"]}]},{"@type":"ImageObject","inLanguage":"fr-FR","@id":"https:\/\/dicodusport.fr\/blog\/corinne-diacre-combien-son-licenciement-va-t-il-couter-a-la-fff\/#primaryimage","url":"https:\/\/dicodusport.fr\/blog\/wp-content\/uploads\/2023\/03\/Corinne-Diacre-Combien-son-licenciement-va-t-il-couter-a-la-FFF-.png","contentUrl":"https:\/\/dicodusport.fr\/blog\/wp-content\/uploads\/2023\/03\/Corinne-Diacre-Combien-son-licenciement-va-t-il-couter-a-la-FFF-.png","width":800,"height":445,"caption":"Corinne Diacre Combien son licenciement va-t-il co\u00fbter \u00e0 la FFF"},{"@type":"BreadcrumbList","@id":"https:\/\/dicodusport.fr\/blog\/corinne-diacre-combien-son-licenciement-va-t-il-couter-a-la-fff\/#breadcrumb","itemListElement":[{"@type":"ListItem","position":1,"name":"Accueil","item":"https:\/\/dicodusport.fr\/blog\/"},{"@type":"ListItem","position":2,"name":"Corinne Diacre : Combien son licenciement va-t-il co\u00fbter \u00e0 la FFF ?"}]},{"@type":"WebSite","@id":"https:\/\/dicodusport.fr\/blog\/#website","url":"https:\/\/dicodusport.fr\/blog\/","name":"Dicodusport","description":"L&#039;encyclop\u00e9die de l&#039;actualit\u00e9 sportive","publisher":{"@id":"https:\/\/dicodusport.fr\/blog\/#organization"},"potentialAction":[{"@type":"SearchAction","target":{"@type":"EntryPoint","urlTemplate":"https:\/\/dicodusport.fr\/blog\/?s={search_term_string}"},"query-input":{"@type":"PropertyValueSpecification","valueRequired":true,"valueName":"search_term_string"}}],"inLanguage":"fr-FR"},{"@type":"NewsMediaOrganization","@id":"https:\/\/dicodusport.fr\/blog\/#organization","name":"Dicodusport","url":"https:\/\/dicodusport.fr\/blog\/","logo":{"@type":"ImageObject","inLanguage":"fr-FR","@id":"https:\/\/dicodusport.fr\/blog\/#\/schema\/logo\/image\/","url":"https:\/\/dicodusport.fr\/blog\/wp-content\/uploads\/2020\/06\/cropped-LOGO-DICODUSPORT-2020-SANS-FOND-SANS-TEXTE.png","contentUrl":"https:\/\/dicodusport.fr\/blog\/wp-content\/uploads\/2020\/06\/cropped-LOGO-DICODUSPORT-2020-SANS-FOND-SANS-TEXTE.png","width":512,"height":512,"caption":"Dicodusport"},"image":{"@id":"https:\/\/dicodusport.fr\/blog\/#\/schema\/logo\/image\/"},"sameAs":["https:\/\/www.facebook.com\/dicodusport","https:\/\/x.com\/dicodusport","https:\/\/www.instagram.com\/dicodusport\/","https:\/\/www.youtube.com\/channel\/UC7V2KZ5sd3htJivAbA4ZG3w"],"description":"Dicodusport est l'encyclop\u00e9die de l'actualit\u00e9 sportive.","email":"bonjour@dicodusport.fr","legalName":"DICODUSPORT","foundingDate":"2018-01-14","vatID":"FR71834470973","taxID":"83447097300043","numberOfEmployees":{"@type":"QuantitativeValue","minValue":"1","maxValue":"10"}},{"@type":"Person","@id":"https:\/\/dicodusport.fr\/blog\/#\/schema\/person\/cb02af4c173ce4a653b55e9baf388d4a","name":"Flo Ostermann","image":{"@type":"ImageObject","inLanguage":"fr-FR","@id":"https:\/\/dicodusport.fr\/blog\/#\/schema\/person\/image\/","url":"https:\/\/dicodusport.fr\/blog\/wp-content\/uploads\/2021\/05\/Flo-Ostermann-150x150.jpg","contentUrl":"https:\/\/dicodusport.fr\/blog\/wp-content\/uploads\/2021\/05\/Flo-Ostermann-150x150.jpg","caption":"Flo Ostermann"},"description":"Journaliste\/R\u00e9dacteur depuis septembre 2015 - Mes premiers souvenirs dans le sport ? Les envol\u00e9es du Stade Toulousain et les duels Villeneuve-Schumacher et H\u00e4kkinen-Schumacher \u00e0 la fin des ann\u00e9es 90, la Coupe du monde de football en 1998, l\u2019exploit du XV de France face aux All Blacks en 1999, mais aussi Richard C\u0153ur de Lion qui vole sur les montagnes du Tour de France. Bien parti pour devenir professeur d\u2019EPS, les \u00e9v\u00e9nements de la vie (et la flemme d\u2019animer des s\u00e9ances de 3x500 m\u00e8tres toute ma vie) m\u2019ont conduit \u00e0 revoir mes plans. Me voil\u00e0 depuis fin 2017 sur Dicodusport, m\u00e9dia gr\u00e2ce (et pour) lequel je partage ma passion : le sport dans tous ses \u00e9tats. Le tout accompagn\u00e9 par les fous furieux et folles furieuses cit\u00e9s sur cette page !","sameAs":["https:\/\/www.facebook.com\/florent.ostermann","https:\/\/x.com\/https:\/\/twitter.com\/FlOstermann","admin"],"url":"https:\/\/dicodusport.fr\/blog\/author\/flo\/"}]}},"_links":{"self":[{"href":"https:\/\/dicodusport.fr\/blog\/wp-json\/wp\/v2\/posts\/363903","targetHints":{"allow":["GET"]}}],"collection":[{"href":"https:\/\/dicodusport.fr\/blog\/wp-json\/wp\/v2\/posts"}],"about":[{"href":"https:\/\/dicodusport.fr\/blog\/wp-json\/wp\/v2\/types\/post"}],"author":[{"embeddable":true,"href":"https:\/\/dicodusport.fr\/blog\/wp-json\/wp\/v2\/users\/4"}],"replies":[{"embeddable":true,"href":"https:\/\/dicodusport.fr\/blog\/wp-json\/wp\/v2\/comments?post=363903"}],"version-history":[{"count":0,"href":"https:\/\/dicodusport.fr\/blog\/wp-json\/wp\/v2\/posts\/363903\/revisions"}],"wp:featuredmedia":[{"embeddable":true,"href":"https:\/\/dicodusport.fr\/blog\/wp-json\/wp\/v2\/media\/363905"}],"wp:attachment":[{"href":"https:\/\/dicodusport.fr\/blog\/wp-json\/wp\/v2\/media?parent=363903"}],"wp:term":[{"taxonomy":"category","embeddable":true,"href":"https:\/\/dicodusport.fr\/blog\/wp-json\/wp\/v2\/categories?post=363903"},{"taxonomy":"post_tag","embeddable":true,"href":"https:\/\/dicodusport.fr\/blog\/wp-json\/wp\/v2\/tags?post=363903"}],"curies":[{"name":"wp","href":"https:\/\/api.w.org\/{rel}","templated":true}]}}