{"id":363926,"date":"2023-03-10T14:00:43","date_gmt":"2023-03-10T13:00:43","guid":{"rendered":"https:\/\/dicodusport.fr\/blog\/?p=363926&#038;preview=true&#038;preview_id=363926"},"modified":"2023-03-10T14:50:18","modified_gmt":"2023-03-10T13:50:18","slug":"geant-are-mikaela-shiffrin-gagne-et-egale-ingemar-stenmark","status":"publish","type":"post","link":"https:\/\/dicodusport.fr\/blog\/geant-are-mikaela-shiffrin-gagne-et-egale-ingemar-stenmark\/","title":{"rendered":"G\u00e9ant d&rsquo;Are : Mikaela Shiffrin gagne et \u00e9gale Ingemar Stenmark"},"content":{"rendered":"<p align=\"justify\"><em><strong><a href=\"https:\/\/dicodusport.fr\/blog\/calendrier-et-resultats-coupe-du-monde-ski-alpin-femmes-2022-2023\/\">COUPE DU MONDE DE SKI ALPIN SAISON 2022-2023<\/a> &#8211; C&rsquo;\u00e9tait le jour de Mikaela Shiffrin. L&rsquo;Am\u00e9ricaine remporte le g\u00e9ant d&rsquo;\u00c5re devant Federica Brignone et Sara Hector. Elle \u00e9gale le record de victoires en Coupe du monde d&rsquo;Ingemar Stenmark et s&#8217;empare du globe de la discipline.<\/strong><\/em><\/p>\n<p style=\"text-align: justify;\"><span style=\"font-weight: 400;\">Une course remplie de symboles. Il y a 11 ans, <\/span><b>Mikaela Shiffrin <\/b><span style=\"font-weight: 400;\">remportait sa premi\u00e8re victoire au niveau mondial \u00e0 \u00c5re en battant l&rsquo;une des meilleures skieuses du XXIe si\u00e8cle, <\/span><b>Tina Maze<\/b><span style=\"font-weight: 400;\">, sur le slalom. Aujourd&rsquo;hui, elle \u00e9gale le record du local <\/span><b>Ingemar Stenmark<\/b><span style=\"font-weight: 400;\"> et obtient un 86e succ\u00e8s en Coupe du monde, toujours \u00e0 \u00c5re. Avec en prime le globe de la sp\u00e9cialit\u00e9 assur\u00e9. La reine des neiges, c&rsquo;est bien elle et elle l&rsquo;a encore prouv\u00e9 d&rsquo;une belle mani\u00e8re aujourd&rsquo;hui.<\/span><\/p>\n<p style=\"text-align: justify;\"><span style=\"font-weight: 400;\">Le premier temps de r\u00e9f\u00e9rence est \u00e0 mettre au cr\u00e9dit de <\/span><b>Federica Brignone<\/b><span style=\"font-weight: 400;\">. La vice-championne du monde en titre produit un ski fluide et engrange beaucoup de vitesse sur ce trac\u00e9. Elle est 4e provisoire apr\u00e8s un run. Celle qui est en t\u00eate est donc <\/span><b>Mikaela Shiffrin<\/b><span style=\"font-weight: 400;\">. La skieuse du Colorado a \u00e9cras\u00e9 la premi\u00e8re manche de son talent avant que certaines athl\u00e8tes viennent se rapprocher de son temps.\u00a0<\/span><\/p>\n<h2 style=\"text-align: justify;\" align=\"justify\">Worley pour un podium ?<\/h2>\n<p style=\"text-align: justify;\"><span style=\"font-weight: 400;\">Les dossards 14, 15 et 16 ont eu des conditions m\u00e9t\u00e9o favorables. Dans un premier temps, le soleil se cachait puis a fini par percer les nuages et diriger ses rayons vers la piste su\u00e9doise. <\/span><b>Val\u00e9rie Grenier <\/b><span style=\"font-weight: 400;\">en a profit\u00e9, se pla\u00e7ant \u00e0 58 centi\u00e8mes de l&rsquo;Am\u00e9ricaine. D\u00e9j\u00e0 sur le podium en vitesse \u00e0 Kvitfjell, <\/span><b>Franziska Gritsch <\/b><span style=\"font-weight: 400;\">est la derni\u00e8re sous la seconde (3e, +0.93). <\/span><b>Maryna Gasienica-Daniel <\/b><span style=\"font-weight: 400;\">s&rsquo;est \u00e9galement plac\u00e9e pour la suite avec le 5e temps. La Polonaise cherche toujours un premier podium en Coupe du monde.<\/span><\/p>\n<p style=\"text-align: justify;\"><span style=\"font-weight: 400;\">Elles \u00e9taient deux Fran\u00e7aises au d\u00e9part de la seconde manche. <\/span><b>Tessa Worley <\/b><span style=\"font-weight: 400;\">est 9e tandis que <\/span><b>Coralie Frasse-Sombet <\/b><span style=\"font-weight: 400;\">s&rsquo;est hiss\u00e9e au 13e rang. Jouer le podium risque d&rsquo;\u00eatre compliqu\u00e9 mais il y a la place pour remonter au classement. <\/span><b>Clara Direz <\/b><span style=\"font-weight: 400;\">n&rsquo;a pas fini la course, elle qui \u00e9tait 8e apr\u00e8s deux interm\u00e9diaires. Sa saison s&rsquo;arr\u00eate ici.<\/span><\/p>\n<h2 style=\"text-align: justify;\" align=\"justify\">Shiffrin rejoint Stenmark<\/h2>\n<p style=\"text-align: justify;\"><span style=\"font-weight: 400;\">Connue pour son irr\u00e9gularit\u00e9, <\/span><b>Stephanie Brunner<\/b><span style=\"font-weight: 400;\"> r\u00e9alise la remont\u00e9e de la seconde manche. Un run o\u00f9 elle a emmagasin\u00e9 de la vitesse d\u00e8s les premi\u00e8res portes. Malgr\u00e9 ses fautes, l&rsquo;Autrichienne entre dans le Top 10 (9e) et sera pr\u00e9sente aux finales de Soldeu. <\/span><b>Sara Hector<\/b><span style=\"font-weight: 400;\"> est plus juste dans son ski devant son public et s&rsquo;offre un podium sur le sol su\u00e9dois. Une troisi\u00e8me place juste derri\u00e8re <\/span><b>Federica Brignone<\/b><span style=\"font-weight: 400;\">, encore sur le podium apr\u00e8s les Mondiaux. La dame du jour est donc <\/span><b>Mikaela Shiffrin<\/b><span style=\"font-weight: 400;\">. Son \u00e9cart de la premi\u00e8re manche \u00e9tait suffisant. Elle a g\u00e9r\u00e9 sur certaines portions et garde 6 dixi\u00e8mes sur la Transalpine. Une journ\u00e9e qui restera \u00e0 jamais dans sa m\u00e9moire.<\/span><\/p>\n<blockquote class=\"twitter-tweet\">\n<p dir=\"ltr\" lang=\"fr\">8\u20e36\u20e3, pour l\u2019\u00e9ternit\u00e9. Nous sommes le 10 mars 2023, \ud835\udc0c\ud835\udc22\ud835\udc24\ud835\udc1a\ud835\udc1e\ud835\udc25\ud835\udc1a \ud835\udc12\ud835\udc21\ud835\udc22\ud835\udc1f\ud835\udc1f\ud835\udc2b\ud835\udc22\ud835\udc27 vient d\u2019\u00e9galer le record de victoires d\u2019Ingemar Stenmark, chez lui. Quelle immense championne\u2026 <a href=\"https:\/\/twitter.com\/hashtag\/ChaletClub?src=hash&amp;ref_src=twsrc%5Etfw\">#ChaletClub<\/a> <a href=\"https:\/\/t.co\/MpdLZwZlBD\">pic.twitter.com\/MpdLZwZlBD<\/a><\/p>\n<p>\u2014 Eurosport France (@Eurosport_FR) <a href=\"https:\/\/twitter.com\/Eurosport_FR\/status\/1634176161071742976?ref_src=twsrc%5Etfw\">March 10, 2023<\/a><\/p><\/blockquote>\n<p><script async src=\"https:\/\/platform.twitter.com\/widgets.js\" charset=\"utf-8\"><\/script><\/p>\n<p style=\"text-align: justify;\"><b>Coralie Frasse-Sombet <\/b><span style=\"font-weight: 400;\">fait une faute en haut du trac\u00e9 et chute. Ses genoux n&rsquo;ont pas l&rsquo;air d&rsquo;avoir \u00e9t\u00e9 touch\u00e9s. L&rsquo;Is\u00e9roise sera l\u00e0 pour le dernier g\u00e9ant en Andorre. <\/span><b>Tessa Worley<\/b><span style=\"font-weight: 400;\">, victorieuse en 2009 au-dessus du lac d&rsquo;\u00c5re, termine \u00e0 la 5e place ce vendredi. Une bonne prestation avant le dernier g\u00e9ant de la saison.<\/span><\/p>\n<h2 style=\"text-align: justify;\">\u00c0 lire aussi<\/h2>\n<ul>\n<li style=\"text-align: justify;\"><a href=\"https:\/\/dicodusport.fr\/blog\/classement-geant-femmes-are-2023\/\"><strong>Classement du g\u00e9ant d&rsquo;Are<\/strong><\/a><\/li>\n<li style=\"text-align: justify;\"><a href=\"https:\/\/dicodusport.fr\/blog\/classement-general-femmes-coupe-du-monde-ski-alpin-2022-2023\/\"><strong>Le classement g\u00e9n\u00e9ral de la Coupe du monde de ski alpin<\/strong><\/a><\/li>\n<\/ul>\n","protected":false},"excerpt":{"rendered":"<p>COUPE DU MONDE DE SKI ALPIN SAISON 2022-2023 &#8211; C&rsquo;\u00e9tait le jour de Mikaela Shiffrin. L&rsquo;Am\u00e9ricaine remporte le g\u00e9ant d&rsquo;\u00c5re devant Federica Brignone et Sara Hector. Elle \u00e9gale le record de victoires en Coupe du monde d&rsquo;Ingemar Stenmark et s&#8217;empare du globe de la discipline.<\/p>\n","protected":false},"author":61,"featured_media":364007,"comment_status":"open","ping_status":"closed","sticky":false,"template":"","format":"standard","meta":{"_acf_changed":false,"_daextam_enable_autolinks":"","footnotes":""},"categories":[47084],"tags":[16878,1530,24],"class_list":["post-363926","post","type-post","status-publish","format-standard","has-post-thumbnail","hentry","category-coupe-du-monde-ski-alpin","tag-breve","tag-coupe-du-monde","tag-sport"],"acf":[],"yoast_head":"<!-- This site is optimized with the Yoast SEO Premium plugin v26.7 (Yoast SEO v26.7) - https:\/\/yoast.com\/wordpress\/plugins\/seo\/ -->\n<title>G\u00e9ant d&#039;Are : Mikaela Shiffrin gagne et \u00e9gale Ingemar Stenmark<\/title>\n<meta name=\"description\" content=\"SKI ALPIN - C&#039;\u00e9tait le jour de Mikaela Shiffrin. L&#039;Am\u00e9ricaine remporte le g\u00e9ant d&#039;\u00c5re devant Federica Brignone et Sara Hector.\" \/>\n<meta name=\"robots\" content=\"index, follow, max-snippet:-1, max-image-preview:large, max-video-preview:-1\" \/>\n<link rel=\"canonical\" href=\"https:\/\/dicodusport.fr\/blog\/geant-are-mikaela-shiffrin-gagne-et-egale-ingemar-stenmark\/\" \/>\n<meta property=\"og:locale\" content=\"fr_FR\" \/>\n<meta property=\"og:type\" content=\"article\" \/>\n<meta property=\"og:title\" content=\"G\u00e9ant d&#039;Are : Mikaela Shiffrin gagne et \u00e9gale Ingemar Stenmark\" \/>\n<meta property=\"og:description\" content=\"SKI ALPIN - C&#039;\u00e9tait le jour de Mikaela Shiffrin. L&#039;Am\u00e9ricaine remporte le g\u00e9ant d&#039;\u00c5re devant Federica Brignone et Sara Hector.\" \/>\n<meta property=\"og:url\" content=\"https:\/\/dicodusport.fr\/blog\/geant-are-mikaela-shiffrin-gagne-et-egale-ingemar-stenmark\/\" \/>\n<meta property=\"og:site_name\" content=\"Dicodusport\" \/>\n<meta property=\"article:publisher\" content=\"https:\/\/www.facebook.com\/dicodusport\" \/>\n<meta property=\"article:published_time\" content=\"2023-03-10T13:00:43+00:00\" \/>\n<meta property=\"article:modified_time\" content=\"2023-03-10T13:50:18+00:00\" \/>\n<meta property=\"og:image\" content=\"https:\/\/dicodusport.fr\/blog\/wp-content\/uploads\/2023\/03\/Geant-dAre-Mikaela-Shiffrin-gagne-et-egale-Ingemar-Stenmark-1.png\" \/>\n\t<meta property=\"og:image:width\" content=\"800\" \/>\n\t<meta property=\"og:image:height\" content=\"445\" \/>\n\t<meta property=\"og:image:type\" content=\"image\/png\" \/>\n<meta name=\"author\" content=\"Pierre Gorce\" \/>\n<meta name=\"twitter:card\" content=\"summary_large_image\" \/>\n<meta name=\"twitter:title\" content=\"G\u00e9ant d&#039;Are : Mikaela Shiffrin gagne et \u00e9gale Ingemar Stenmark\" \/>\n<meta name=\"twitter:creator\" content=\"@https:\/\/twitter.com\/pierregorce12\" \/>\n<meta name=\"twitter:site\" content=\"@dicodusport\" \/>\n<script type=\"application\/ld+json\" class=\"yoast-schema-graph\">{\"@context\":\"https:\/\/schema.org\",\"@graph\":[{\"@type\":\"NewsArticle\",\"@id\":\"https:\/\/dicodusport.fr\/blog\/geant-are-mikaela-shiffrin-gagne-et-egale-ingemar-stenmark\/#article\",\"isPartOf\":{\"@id\":\"https:\/\/dicodusport.fr\/blog\/geant-are-mikaela-shiffrin-gagne-et-egale-ingemar-stenmark\/\"},\"author\":{\"name\":\"Pierre Gorce\",\"@id\":\"https:\/\/dicodusport.fr\/blog\/#\/schema\/person\/0eaf70b33d703a1a66b1155ac1bda018\"},\"headline\":\"G\u00e9ant d&rsquo;Are : Mikaela Shiffrin gagne et \u00e9gale Ingemar Stenmark\",\"datePublished\":\"2023-03-10T13:00:43+00:00\",\"dateModified\":\"2023-03-10T13:50:18+00:00\",\"mainEntityOfPage\":{\"@id\":\"https:\/\/dicodusport.fr\/blog\/geant-are-mikaela-shiffrin-gagne-et-egale-ingemar-stenmark\/\"},\"wordCount\":636,\"commentCount\":0,\"publisher\":{\"@id\":\"https:\/\/dicodusport.fr\/blog\/#organization\"},\"image\":{\"@id\":\"https:\/\/dicodusport.fr\/blog\/geant-are-mikaela-shiffrin-gagne-et-egale-ingemar-stenmark\/#primaryimage\"},\"thumbnailUrl\":\"https:\/\/dicodusport.fr\/blog\/wp-content\/uploads\/2023\/03\/Geant-dAre-Mikaela-Shiffrin-gagne-et-egale-Ingemar-Stenmark-1.png\",\"keywords\":[\"br\u00e8ve\",\"Coupe du monde\",\"sport\"],\"articleSection\":[\"Coupe du monde de ski alpin\"],\"inLanguage\":\"fr-FR\",\"potentialAction\":[{\"@type\":\"CommentAction\",\"name\":\"Comment\",\"target\":[\"https:\/\/dicodusport.fr\/blog\/geant-are-mikaela-shiffrin-gagne-et-egale-ingemar-stenmark\/#respond\"]}],\"copyrightYear\":\"2023\",\"copyrightHolder\":{\"@id\":\"https:\/\/dicodusport.fr\/blog\/#organization\"}},{\"@type\":\"WebPage\",\"@id\":\"https:\/\/dicodusport.fr\/blog\/geant-are-mikaela-shiffrin-gagne-et-egale-ingemar-stenmark\/\",\"url\":\"https:\/\/dicodusport.fr\/blog\/geant-are-mikaela-shiffrin-gagne-et-egale-ingemar-stenmark\/\",\"name\":\"G\u00e9ant d'Are : Mikaela Shiffrin gagne et \u00e9gale Ingemar Stenmark\",\"isPartOf\":{\"@id\":\"https:\/\/dicodusport.fr\/blog\/#website\"},\"primaryImageOfPage\":{\"@id\":\"https:\/\/dicodusport.fr\/blog\/geant-are-mikaela-shiffrin-gagne-et-egale-ingemar-stenmark\/#primaryimage\"},\"image\":{\"@id\":\"https:\/\/dicodusport.fr\/blog\/geant-are-mikaela-shiffrin-gagne-et-egale-ingemar-stenmark\/#primaryimage\"},\"thumbnailUrl\":\"https:\/\/dicodusport.fr\/blog\/wp-content\/uploads\/2023\/03\/Geant-dAre-Mikaela-Shiffrin-gagne-et-egale-Ingemar-Stenmark-1.png\",\"datePublished\":\"2023-03-10T13:00:43+00:00\",\"dateModified\":\"2023-03-10T13:50:18+00:00\",\"description\":\"SKI ALPIN - C'\u00e9tait le jour de Mikaela Shiffrin. L'Am\u00e9ricaine remporte le g\u00e9ant d'\u00c5re devant Federica Brignone et Sara Hector.\",\"breadcrumb\":{\"@id\":\"https:\/\/dicodusport.fr\/blog\/geant-are-mikaela-shiffrin-gagne-et-egale-ingemar-stenmark\/#breadcrumb\"},\"inLanguage\":\"fr-FR\",\"potentialAction\":[{\"@type\":\"ReadAction\",\"target\":[\"https:\/\/dicodusport.fr\/blog\/geant-are-mikaela-shiffrin-gagne-et-egale-ingemar-stenmark\/\"]}]},{\"@type\":\"ImageObject\",\"inLanguage\":\"fr-FR\",\"@id\":\"https:\/\/dicodusport.fr\/blog\/geant-are-mikaela-shiffrin-gagne-et-egale-ingemar-stenmark\/#primaryimage\",\"url\":\"https:\/\/dicodusport.fr\/blog\/wp-content\/uploads\/2023\/03\/Geant-dAre-Mikaela-Shiffrin-gagne-et-egale-Ingemar-Stenmark-1.png\",\"contentUrl\":\"https:\/\/dicodusport.fr\/blog\/wp-content\/uploads\/2023\/03\/Geant-dAre-Mikaela-Shiffrin-gagne-et-egale-Ingemar-Stenmark-1.png\",\"width\":800,\"height\":445,\"caption\":\"G\u00e9ant d'Are Mikaela Shiffrin gagne et \u00e9gale Ingemar Stenmark\"},{\"@type\":\"BreadcrumbList\",\"@id\":\"https:\/\/dicodusport.fr\/blog\/geant-are-mikaela-shiffrin-gagne-et-egale-ingemar-stenmark\/#breadcrumb\",\"itemListElement\":[{\"@type\":\"ListItem\",\"position\":1,\"name\":\"Accueil\",\"item\":\"https:\/\/dicodusport.fr\/blog\/\"},{\"@type\":\"ListItem\",\"position\":2,\"name\":\"G\u00e9ant d&rsquo;Are : Mikaela Shiffrin gagne et \u00e9gale Ingemar Stenmark\"}]},{\"@type\":\"WebSite\",\"@id\":\"https:\/\/dicodusport.fr\/blog\/#website\",\"url\":\"https:\/\/dicodusport.fr\/blog\/\",\"name\":\"Dicodusport\",\"description\":\"L&#039;encyclop\u00e9die de l&#039;actualit\u00e9 sportive\",\"publisher\":{\"@id\":\"https:\/\/dicodusport.fr\/blog\/#organization\"},\"potentialAction\":[{\"@type\":\"SearchAction\",\"target\":{\"@type\":\"EntryPoint\",\"urlTemplate\":\"https:\/\/dicodusport.fr\/blog\/?s={search_term_string}\"},\"query-input\":{\"@type\":\"PropertyValueSpecification\",\"valueRequired\":true,\"valueName\":\"search_term_string\"}}],\"inLanguage\":\"fr-FR\"},{\"@type\":\"NewsMediaOrganization\",\"@id\":\"https:\/\/dicodusport.fr\/blog\/#organization\",\"name\":\"Dicodusport\",\"url\":\"https:\/\/dicodusport.fr\/blog\/\",\"logo\":{\"@type\":\"ImageObject\",\"inLanguage\":\"fr-FR\",\"@id\":\"https:\/\/dicodusport.fr\/blog\/#\/schema\/logo\/image\/\",\"url\":\"https:\/\/dicodusport.fr\/blog\/wp-content\/uploads\/2020\/06\/cropped-LOGO-DICODUSPORT-2020-SANS-FOND-SANS-TEXTE.png\",\"contentUrl\":\"https:\/\/dicodusport.fr\/blog\/wp-content\/uploads\/2020\/06\/cropped-LOGO-DICODUSPORT-2020-SANS-FOND-SANS-TEXTE.png\",\"width\":512,\"height\":512,\"caption\":\"Dicodusport\"},\"image\":{\"@id\":\"https:\/\/dicodusport.fr\/blog\/#\/schema\/logo\/image\/\"},\"sameAs\":[\"https:\/\/www.facebook.com\/dicodusport\",\"https:\/\/x.com\/dicodusport\",\"https:\/\/www.instagram.com\/dicodusport\/\",\"https:\/\/www.youtube.com\/channel\/UC7V2KZ5sd3htJivAbA4ZG3w\"],\"description\":\"Dicodusport est l'encyclop\u00e9die de l'actualit\u00e9 sportive.\",\"email\":\"bonjour@dicodusport.fr\",\"legalName\":\"DICODUSPORT\",\"foundingDate\":\"2018-01-14\",\"vatID\":\"FR71834470973\",\"taxID\":\"83447097300043\",\"numberOfEmployees\":{\"@type\":\"QuantitativeValue\",\"minValue\":\"1\",\"maxValue\":\"10\"}},{\"@type\":\"Person\",\"@id\":\"https:\/\/dicodusport.fr\/blog\/#\/schema\/person\/0eaf70b33d703a1a66b1155ac1bda018\",\"name\":\"Pierre Gorce\",\"image\":{\"@type\":\"ImageObject\",\"inLanguage\":\"fr-FR\",\"@id\":\"https:\/\/dicodusport.fr\/blog\/#\/schema\/person\/image\/\",\"url\":\"https:\/\/dicodusport.fr\/blog\/wp-content\/uploads\/2022\/03\/IMG_20211214_233053_722-150x150.jpg\",\"contentUrl\":\"https:\/\/dicodusport.fr\/blog\/wp-content\/uploads\/2022\/03\/IMG_20211214_233053_722-150x150.jpg\",\"caption\":\"Pierre Gorce\"},\"description\":\"Couteau suisse venant tout droit de Haute-Savoie. Habitu\u00e9 \u00e0 regarder du sport depuis petit, j'en ai maintenant fait mon m\u00e9tier. Des sports d'hiver au surf, en passant par le tennis, la F1, le handball et l'athl\u00e9tisme, j'essaie d'avoir mes yeux sur l'enti\u00e8ret\u00e9 de l'actualit\u00e9. Jeune homme berc\u00e9 par les exploits de Jean-Baptiste Grange, Sebastian Vettel et des Experts. Membre de la g\u00e9n\u00e9ration 1999 comme Luka Doncic, Sydney McLaughlin, Lando Norris et Loana Lecomte, mais avec beaucoup moins de talent qu'eux.\",\"sameAs\":[\"https:\/\/x.com\/https:\/\/twitter.com\/pierregorce12\"],\"birthDate\":\"1999-08-29\",\"url\":\"https:\/\/dicodusport.fr\/blog\/author\/pierreg\/\"}]}<\/script>\n<!-- \/ Yoast SEO Premium plugin. -->","yoast_head_json":{"title":"G\u00e9ant d'Are : Mikaela Shiffrin gagne et \u00e9gale Ingemar Stenmark","description":"SKI ALPIN - C'\u00e9tait le jour de Mikaela Shiffrin. L'Am\u00e9ricaine remporte le g\u00e9ant d'\u00c5re devant Federica Brignone et Sara Hector.","robots":{"index":"index","follow":"follow","max-snippet":"max-snippet:-1","max-image-preview":"max-image-preview:large","max-video-preview":"max-video-preview:-1"},"canonical":"https:\/\/dicodusport.fr\/blog\/geant-are-mikaela-shiffrin-gagne-et-egale-ingemar-stenmark\/","og_locale":"fr_FR","og_type":"article","og_title":"G\u00e9ant d'Are : Mikaela Shiffrin gagne et \u00e9gale Ingemar Stenmark","og_description":"SKI ALPIN - C'\u00e9tait le jour de Mikaela Shiffrin. L'Am\u00e9ricaine remporte le g\u00e9ant d'\u00c5re devant Federica Brignone et Sara Hector.","og_url":"https:\/\/dicodusport.fr\/blog\/geant-are-mikaela-shiffrin-gagne-et-egale-ingemar-stenmark\/","og_site_name":"Dicodusport","article_publisher":"https:\/\/www.facebook.com\/dicodusport","article_published_time":"2023-03-10T13:00:43+00:00","article_modified_time":"2023-03-10T13:50:18+00:00","og_image":[{"width":800,"height":445,"url":"https:\/\/dicodusport.fr\/blog\/wp-content\/uploads\/2023\/03\/Geant-dAre-Mikaela-Shiffrin-gagne-et-egale-Ingemar-Stenmark-1.png","type":"image\/png"}],"author":"Pierre Gorce","twitter_card":"summary_large_image","twitter_title":"G\u00e9ant d'Are : Mikaela Shiffrin gagne et \u00e9gale Ingemar Stenmark","twitter_creator":"@https:\/\/twitter.com\/pierregorce12","twitter_site":"@dicodusport","schema":{"@context":"https:\/\/schema.org","@graph":[{"@type":"NewsArticle","@id":"https:\/\/dicodusport.fr\/blog\/geant-are-mikaela-shiffrin-gagne-et-egale-ingemar-stenmark\/#article","isPartOf":{"@id":"https:\/\/dicodusport.fr\/blog\/geant-are-mikaela-shiffrin-gagne-et-egale-ingemar-stenmark\/"},"author":{"name":"Pierre Gorce","@id":"https:\/\/dicodusport.fr\/blog\/#\/schema\/person\/0eaf70b33d703a1a66b1155ac1bda018"},"headline":"G\u00e9ant d&rsquo;Are : Mikaela Shiffrin gagne et \u00e9gale Ingemar Stenmark","datePublished":"2023-03-10T13:00:43+00:00","dateModified":"2023-03-10T13:50:18+00:00","mainEntityOfPage":{"@id":"https:\/\/dicodusport.fr\/blog\/geant-are-mikaela-shiffrin-gagne-et-egale-ingemar-stenmark\/"},"wordCount":636,"commentCount":0,"publisher":{"@id":"https:\/\/dicodusport.fr\/blog\/#organization"},"image":{"@id":"https:\/\/dicodusport.fr\/blog\/geant-are-mikaela-shiffrin-gagne-et-egale-ingemar-stenmark\/#primaryimage"},"thumbnailUrl":"https:\/\/dicodusport.fr\/blog\/wp-content\/uploads\/2023\/03\/Geant-dAre-Mikaela-Shiffrin-gagne-et-egale-Ingemar-Stenmark-1.png","keywords":["br\u00e8ve","Coupe du monde","sport"],"articleSection":["Coupe du monde de ski alpin"],"inLanguage":"fr-FR","potentialAction":[{"@type":"CommentAction","name":"Comment","target":["https:\/\/dicodusport.fr\/blog\/geant-are-mikaela-shiffrin-gagne-et-egale-ingemar-stenmark\/#respond"]}],"copyrightYear":"2023","copyrightHolder":{"@id":"https:\/\/dicodusport.fr\/blog\/#organization"}},{"@type":"WebPage","@id":"https:\/\/dicodusport.fr\/blog\/geant-are-mikaela-shiffrin-gagne-et-egale-ingemar-stenmark\/","url":"https:\/\/dicodusport.fr\/blog\/geant-are-mikaela-shiffrin-gagne-et-egale-ingemar-stenmark\/","name":"G\u00e9ant d'Are : Mikaela Shiffrin gagne et \u00e9gale Ingemar Stenmark","isPartOf":{"@id":"https:\/\/dicodusport.fr\/blog\/#website"},"primaryImageOfPage":{"@id":"https:\/\/dicodusport.fr\/blog\/geant-are-mikaela-shiffrin-gagne-et-egale-ingemar-stenmark\/#primaryimage"},"image":{"@id":"https:\/\/dicodusport.fr\/blog\/geant-are-mikaela-shiffrin-gagne-et-egale-ingemar-stenmark\/#primaryimage"},"thumbnailUrl":"https:\/\/dicodusport.fr\/blog\/wp-content\/uploads\/2023\/03\/Geant-dAre-Mikaela-Shiffrin-gagne-et-egale-Ingemar-Stenmark-1.png","datePublished":"2023-03-10T13:00:43+00:00","dateModified":"2023-03-10T13:50:18+00:00","description":"SKI ALPIN - C'\u00e9tait le jour de Mikaela Shiffrin. L'Am\u00e9ricaine remporte le g\u00e9ant d'\u00c5re devant Federica Brignone et Sara Hector.","breadcrumb":{"@id":"https:\/\/dicodusport.fr\/blog\/geant-are-mikaela-shiffrin-gagne-et-egale-ingemar-stenmark\/#breadcrumb"},"inLanguage":"fr-FR","potentialAction":[{"@type":"ReadAction","target":["https:\/\/dicodusport.fr\/blog\/geant-are-mikaela-shiffrin-gagne-et-egale-ingemar-stenmark\/"]}]},{"@type":"ImageObject","inLanguage":"fr-FR","@id":"https:\/\/dicodusport.fr\/blog\/geant-are-mikaela-shiffrin-gagne-et-egale-ingemar-stenmark\/#primaryimage","url":"https:\/\/dicodusport.fr\/blog\/wp-content\/uploads\/2023\/03\/Geant-dAre-Mikaela-Shiffrin-gagne-et-egale-Ingemar-Stenmark-1.png","contentUrl":"https:\/\/dicodusport.fr\/blog\/wp-content\/uploads\/2023\/03\/Geant-dAre-Mikaela-Shiffrin-gagne-et-egale-Ingemar-Stenmark-1.png","width":800,"height":445,"caption":"G\u00e9ant d'Are Mikaela Shiffrin gagne et \u00e9gale Ingemar Stenmark"},{"@type":"BreadcrumbList","@id":"https:\/\/dicodusport.fr\/blog\/geant-are-mikaela-shiffrin-gagne-et-egale-ingemar-stenmark\/#breadcrumb","itemListElement":[{"@type":"ListItem","position":1,"name":"Accueil","item":"https:\/\/dicodusport.fr\/blog\/"},{"@type":"ListItem","position":2,"name":"G\u00e9ant d&rsquo;Are : Mikaela Shiffrin gagne et \u00e9gale Ingemar Stenmark"}]},{"@type":"WebSite","@id":"https:\/\/dicodusport.fr\/blog\/#website","url":"https:\/\/dicodusport.fr\/blog\/","name":"Dicodusport","description":"L&#039;encyclop\u00e9die de l&#039;actualit\u00e9 sportive","publisher":{"@id":"https:\/\/dicodusport.fr\/blog\/#organization"},"potentialAction":[{"@type":"SearchAction","target":{"@type":"EntryPoint","urlTemplate":"https:\/\/dicodusport.fr\/blog\/?s={search_term_string}"},"query-input":{"@type":"PropertyValueSpecification","valueRequired":true,"valueName":"search_term_string"}}],"inLanguage":"fr-FR"},{"@type":"NewsMediaOrganization","@id":"https:\/\/dicodusport.fr\/blog\/#organization","name":"Dicodusport","url":"https:\/\/dicodusport.fr\/blog\/","logo":{"@type":"ImageObject","inLanguage":"fr-FR","@id":"https:\/\/dicodusport.fr\/blog\/#\/schema\/logo\/image\/","url":"https:\/\/dicodusport.fr\/blog\/wp-content\/uploads\/2020\/06\/cropped-LOGO-DICODUSPORT-2020-SANS-FOND-SANS-TEXTE.png","contentUrl":"https:\/\/dicodusport.fr\/blog\/wp-content\/uploads\/2020\/06\/cropped-LOGO-DICODUSPORT-2020-SANS-FOND-SANS-TEXTE.png","width":512,"height":512,"caption":"Dicodusport"},"image":{"@id":"https:\/\/dicodusport.fr\/blog\/#\/schema\/logo\/image\/"},"sameAs":["https:\/\/www.facebook.com\/dicodusport","https:\/\/x.com\/dicodusport","https:\/\/www.instagram.com\/dicodusport\/","https:\/\/www.youtube.com\/channel\/UC7V2KZ5sd3htJivAbA4ZG3w"],"description":"Dicodusport est l'encyclop\u00e9die de l'actualit\u00e9 sportive.","email":"bonjour@dicodusport.fr","legalName":"DICODUSPORT","foundingDate":"2018-01-14","vatID":"FR71834470973","taxID":"83447097300043","numberOfEmployees":{"@type":"QuantitativeValue","minValue":"1","maxValue":"10"}},{"@type":"Person","@id":"https:\/\/dicodusport.fr\/blog\/#\/schema\/person\/0eaf70b33d703a1a66b1155ac1bda018","name":"Pierre Gorce","image":{"@type":"ImageObject","inLanguage":"fr-FR","@id":"https:\/\/dicodusport.fr\/blog\/#\/schema\/person\/image\/","url":"https:\/\/dicodusport.fr\/blog\/wp-content\/uploads\/2022\/03\/IMG_20211214_233053_722-150x150.jpg","contentUrl":"https:\/\/dicodusport.fr\/blog\/wp-content\/uploads\/2022\/03\/IMG_20211214_233053_722-150x150.jpg","caption":"Pierre Gorce"},"description":"Couteau suisse venant tout droit de Haute-Savoie. Habitu\u00e9 \u00e0 regarder du sport depuis petit, j'en ai maintenant fait mon m\u00e9tier. Des sports d'hiver au surf, en passant par le tennis, la F1, le handball et l'athl\u00e9tisme, j'essaie d'avoir mes yeux sur l'enti\u00e8ret\u00e9 de l'actualit\u00e9. Jeune homme berc\u00e9 par les exploits de Jean-Baptiste Grange, Sebastian Vettel et des Experts. Membre de la g\u00e9n\u00e9ration 1999 comme Luka Doncic, Sydney McLaughlin, Lando Norris et Loana Lecomte, mais avec beaucoup moins de talent qu'eux.","sameAs":["https:\/\/x.com\/https:\/\/twitter.com\/pierregorce12"],"birthDate":"1999-08-29","url":"https:\/\/dicodusport.fr\/blog\/author\/pierreg\/"}]}},"_links":{"self":[{"href":"https:\/\/dicodusport.fr\/blog\/wp-json\/wp\/v2\/posts\/363926","targetHints":{"allow":["GET"]}}],"collection":[{"href":"https:\/\/dicodusport.fr\/blog\/wp-json\/wp\/v2\/posts"}],"about":[{"href":"https:\/\/dicodusport.fr\/blog\/wp-json\/wp\/v2\/types\/post"}],"author":[{"embeddable":true,"href":"https:\/\/dicodusport.fr\/blog\/wp-json\/wp\/v2\/users\/61"}],"replies":[{"embeddable":true,"href":"https:\/\/dicodusport.fr\/blog\/wp-json\/wp\/v2\/comments?post=363926"}],"version-history":[{"count":0,"href":"https:\/\/dicodusport.fr\/blog\/wp-json\/wp\/v2\/posts\/363926\/revisions"}],"wp:featuredmedia":[{"embeddable":true,"href":"https:\/\/dicodusport.fr\/blog\/wp-json\/wp\/v2\/media\/364007"}],"wp:attachment":[{"href":"https:\/\/dicodusport.fr\/blog\/wp-json\/wp\/v2\/media?parent=363926"}],"wp:term":[{"taxonomy":"category","embeddable":true,"href":"https:\/\/dicodusport.fr\/blog\/wp-json\/wp\/v2\/categories?post=363926"},{"taxonomy":"post_tag","embeddable":true,"href":"https:\/\/dicodusport.fr\/blog\/wp-json\/wp\/v2\/tags?post=363926"}],"curies":[{"name":"wp","href":"https:\/\/api.w.org\/{rel}","templated":true}]}}