{"id":364382,"date":"2023-03-11T16:54:54","date_gmt":"2023-03-11T15:54:54","guid":{"rendered":"https:\/\/dicodusport.fr\/blog\/?p=364382&#038;preview=true&#038;preview_id=364382"},"modified":"2023-03-12T04:27:45","modified_gmt":"2023-03-12T03:27:45","slug":"coupe-deurope-des-lancers-2023-yann-chaussinand-en-bronze-au-lancer-du-marteau","status":"publish","type":"post","link":"https:\/\/dicodusport.fr\/blog\/coupe-deurope-des-lancers-2023-yann-chaussinand-en-bronze-au-lancer-du-marteau\/","title":{"rendered":"Coupe d&rsquo;Europe des lancers 2023 : Yann Chaussinand en bronze au lancer du marteau"},"content":{"rendered":"<p style=\"text-align: justify;\"><strong><em><a title=\"Athl\u00e9tisme : Programme et r\u00e9sultats Coupe d\u2019Europe des lancers 2023\" href=\"https:\/\/dicodusport.fr\/blog\/athletisme-programme-et-resultats-coupe-deurope-des-lancers-2023\/\" target=\"_blank\" rel=\"noopener\">COUPE D&rsquo;EUROPE DES LANCERS 2023<\/a> &#8211; Pour d\u00e9buter la comp\u00e9tition, Yann Chaussinand a d\u00e9croch\u00e9 le bronze au lancer du marteau. Jean-Baptiste Bruxelle est 7e.<br \/>\n<\/em><\/strong><\/p>\n<p>Bon premier lancer du champion de France hivernal <strong>Yann Chaussinand<\/strong>. Il prend la t\u00eate avec <strong>72.61 m<\/strong>. Le Hongrois <strong>Bence Halasz<\/strong> l&rsquo;a prise \u00e0 son tour avec 73.37 m pour ne plus jamais la quitter et s&rsquo;imposer pour la deuxi\u00e8me ann\u00e9e cons\u00e9cutive.<\/p>\n<p style=\"text-align: justify;\">Malheureusement, derri\u00e8re, le Fran\u00e7ais n&rsquo;a pas r\u00e9ussi de gros jet. Il finira tout de m\u00eame avec <strong>73.25 m<\/strong>, pour aller chercher la<strong> m\u00e9daille de bronze<\/strong> \u00e0 son dernier essai. Le Hongrois s&rsquo;impose avec 74.65 m \u00e0 son deuxi\u00e8me essai. Et <strong>Thomas Mardal<\/strong> (Norv\u00e8ge) prend la deuxi\u00e8me place (73.94 m). M\u00e9daill\u00e9 de bronze chez les espoirs en 2021, Chaussinand avait termin\u00e9 7e chez les seniors l&rsquo;ann\u00e9e derni\u00e8res (avec 73.78 m).<\/p>\n<p style=\"text-align: justify;\">De son c\u00f4t\u00e9, <strong>Jean-Baptiste Bruxelle<\/strong>, 20 ans, concourait d\u00e9j\u00e0 avec les seniors. Il n&rsquo;a pas r\u00e9ussi \u00e0 se rapprocher de ses meilleures marques. Mais avec <strong>71.35 m<\/strong>, il se classe 7e, juste derri\u00e8re <strong>Pawel Fajdek<\/strong>, qui doit se contenter de 72.57 m.<\/p>\n","protected":false},"excerpt":{"rendered":"<p>COUPE D&rsquo;EUROPE DES LANCERS 2023 &#8211; Pour d\u00e9buter la comp\u00e9tition, Yann Chaussinand a d\u00e9croch\u00e9 le bronze au lancer du marteau. Jean-Baptiste Bruxelle est 7e.<\/p>\n","protected":false},"author":12,"featured_media":364419,"comment_status":"open","ping_status":"closed","sticky":false,"template":"","format":"standard","meta":{"_acf_changed":false,"_daextam_enable_autolinks":"","footnotes":""},"categories":[2308],"tags":[143,16878,16409,5742,16522],"class_list":["post-364382","post","type-post","status-publish","format-standard","has-post-thumbnail","hentry","category-athletisme","tag-athletisme","tag-breve","tag-coupe-deurope-des-lancers","tag-lancer-du-marteau","tag-yann-chaussinand"],"acf":[],"yoast_head":"<!-- This site is optimized with the Yoast SEO Premium plugin v26.7 (Yoast SEO v26.7) - https:\/\/yoast.com\/wordpress\/plugins\/seo\/ -->\n<title>Coupe d&#039;Europe des lancers 2023 : Yann Chaussinand en bronze au lancer du marteau - Dicodusport<\/title>\n<meta name=\"description\" content=\"Pour d\u00e9buter la comp\u00e9tition, Yann Chaussinand a d\u00e9croch\u00e9 le bronze au lancer du marteau. Jean-Baptiste Bruxelle est 7e.\" \/>\n<meta name=\"robots\" content=\"index, follow, max-snippet:-1, max-image-preview:large, max-video-preview:-1\" \/>\n<link rel=\"canonical\" href=\"https:\/\/dicodusport.fr\/blog\/coupe-deurope-des-lancers-2023-yann-chaussinand-en-bronze-au-lancer-du-marteau\/\" \/>\n<meta property=\"og:locale\" content=\"fr_FR\" \/>\n<meta property=\"og:type\" content=\"article\" \/>\n<meta property=\"og:title\" content=\"Coupe d&#039;Europe des lancers 2023 : Yann Chaussinand en bronze au lancer du marteau\" \/>\n<meta property=\"og:description\" content=\"Pour d\u00e9buter la comp\u00e9tition, Yann Chaussinand a d\u00e9croch\u00e9 le bronze au lancer du marteau. Jean-Baptiste Bruxelle est 7e.\" \/>\n<meta property=\"og:url\" content=\"https:\/\/dicodusport.fr\/blog\/coupe-deurope-des-lancers-2023-yann-chaussinand-en-bronze-au-lancer-du-marteau\/\" \/>\n<meta property=\"og:site_name\" content=\"Dicodusport\" \/>\n<meta property=\"article:publisher\" content=\"https:\/\/www.facebook.com\/dicodusport\" \/>\n<meta property=\"article:published_time\" content=\"2023-03-11T15:54:54+00:00\" \/>\n<meta property=\"article:modified_time\" content=\"2023-03-12T03:27:45+00:00\" \/>\n<meta property=\"og:image\" content=\"https:\/\/dicodusport.fr\/blog\/wp-content\/uploads\/2023\/03\/Coupe-dEurope-des-lancers-2023-Yann-Chaussinand-en-bronze-au-lancer-du-marteau.png\" \/>\n\t<meta property=\"og:image:width\" content=\"800\" \/>\n\t<meta property=\"og:image:height\" content=\"445\" \/>\n\t<meta property=\"og:image:type\" content=\"image\/png\" \/>\n<meta name=\"author\" content=\"Arlette Yeye\" \/>\n<meta name=\"twitter:card\" content=\"summary_large_image\" \/>\n<meta name=\"twitter:title\" content=\"Coupe d&#039;Europe des lancers 2023 : Yann Chaussinand en bronze au lancer du marteau\" \/>\n<meta name=\"twitter:creator\" content=\"@https:\/\/twitter.com\/Shiclette94\" \/>\n<meta name=\"twitter:site\" content=\"@dicodusport\" \/>\n<script type=\"application\/ld+json\" class=\"yoast-schema-graph\">{\"@context\":\"https:\/\/schema.org\",\"@graph\":[{\"@type\":\"NewsArticle\",\"@id\":\"https:\/\/dicodusport.fr\/blog\/coupe-deurope-des-lancers-2023-yann-chaussinand-en-bronze-au-lancer-du-marteau\/#article\",\"isPartOf\":{\"@id\":\"https:\/\/dicodusport.fr\/blog\/coupe-deurope-des-lancers-2023-yann-chaussinand-en-bronze-au-lancer-du-marteau\/\"},\"author\":{\"name\":\"Arlette Yeye\",\"@id\":\"https:\/\/dicodusport.fr\/blog\/#\/schema\/person\/cce96fa88785bd8573e3d43078ac8c79\"},\"headline\":\"Coupe d&rsquo;Europe des lancers 2023 : Yann Chaussinand en bronze au lancer du marteau\",\"datePublished\":\"2023-03-11T15:54:54+00:00\",\"dateModified\":\"2023-03-12T03:27:45+00:00\",\"mainEntityOfPage\":{\"@id\":\"https:\/\/dicodusport.fr\/blog\/coupe-deurope-des-lancers-2023-yann-chaussinand-en-bronze-au-lancer-du-marteau\/\"},\"wordCount\":204,\"commentCount\":0,\"publisher\":{\"@id\":\"https:\/\/dicodusport.fr\/blog\/#organization\"},\"image\":{\"@id\":\"https:\/\/dicodusport.fr\/blog\/coupe-deurope-des-lancers-2023-yann-chaussinand-en-bronze-au-lancer-du-marteau\/#primaryimage\"},\"thumbnailUrl\":\"https:\/\/dicodusport.fr\/blog\/wp-content\/uploads\/2023\/03\/Coupe-dEurope-des-lancers-2023-Yann-Chaussinand-en-bronze-au-lancer-du-marteau.png\",\"keywords\":[\"Athl\u00e9tisme\",\"br\u00e8ve\",\"Coupe d'Europe des lancers\",\"Lancer du marteau\",\"Yann Chaussinand\"],\"articleSection\":[\"Athl\u00e9tisme\"],\"inLanguage\":\"fr-FR\",\"potentialAction\":[{\"@type\":\"CommentAction\",\"name\":\"Comment\",\"target\":[\"https:\/\/dicodusport.fr\/blog\/coupe-deurope-des-lancers-2023-yann-chaussinand-en-bronze-au-lancer-du-marteau\/#respond\"]}],\"copyrightYear\":\"2023\",\"copyrightHolder\":{\"@id\":\"https:\/\/dicodusport.fr\/blog\/#organization\"}},{\"@type\":\"WebPage\",\"@id\":\"https:\/\/dicodusport.fr\/blog\/coupe-deurope-des-lancers-2023-yann-chaussinand-en-bronze-au-lancer-du-marteau\/\",\"url\":\"https:\/\/dicodusport.fr\/blog\/coupe-deurope-des-lancers-2023-yann-chaussinand-en-bronze-au-lancer-du-marteau\/\",\"name\":\"Coupe d'Europe des lancers 2023 : Yann Chaussinand en bronze au lancer du marteau - Dicodusport\",\"isPartOf\":{\"@id\":\"https:\/\/dicodusport.fr\/blog\/#website\"},\"primaryImageOfPage\":{\"@id\":\"https:\/\/dicodusport.fr\/blog\/coupe-deurope-des-lancers-2023-yann-chaussinand-en-bronze-au-lancer-du-marteau\/#primaryimage\"},\"image\":{\"@id\":\"https:\/\/dicodusport.fr\/blog\/coupe-deurope-des-lancers-2023-yann-chaussinand-en-bronze-au-lancer-du-marteau\/#primaryimage\"},\"thumbnailUrl\":\"https:\/\/dicodusport.fr\/blog\/wp-content\/uploads\/2023\/03\/Coupe-dEurope-des-lancers-2023-Yann-Chaussinand-en-bronze-au-lancer-du-marteau.png\",\"datePublished\":\"2023-03-11T15:54:54+00:00\",\"dateModified\":\"2023-03-12T03:27:45+00:00\",\"description\":\"Pour d\u00e9buter la comp\u00e9tition, Yann Chaussinand a d\u00e9croch\u00e9 le bronze au lancer du marteau. Jean-Baptiste Bruxelle est 7e.\",\"breadcrumb\":{\"@id\":\"https:\/\/dicodusport.fr\/blog\/coupe-deurope-des-lancers-2023-yann-chaussinand-en-bronze-au-lancer-du-marteau\/#breadcrumb\"},\"inLanguage\":\"fr-FR\",\"potentialAction\":[{\"@type\":\"ReadAction\",\"target\":[\"https:\/\/dicodusport.fr\/blog\/coupe-deurope-des-lancers-2023-yann-chaussinand-en-bronze-au-lancer-du-marteau\/\"]}]},{\"@type\":\"ImageObject\",\"inLanguage\":\"fr-FR\",\"@id\":\"https:\/\/dicodusport.fr\/blog\/coupe-deurope-des-lancers-2023-yann-chaussinand-en-bronze-au-lancer-du-marteau\/#primaryimage\",\"url\":\"https:\/\/dicodusport.fr\/blog\/wp-content\/uploads\/2023\/03\/Coupe-dEurope-des-lancers-2023-Yann-Chaussinand-en-bronze-au-lancer-du-marteau.png\",\"contentUrl\":\"https:\/\/dicodusport.fr\/blog\/wp-content\/uploads\/2023\/03\/Coupe-dEurope-des-lancers-2023-Yann-Chaussinand-en-bronze-au-lancer-du-marteau.png\",\"width\":800,\"height\":445,\"caption\":\"Coupe d'Europe des lancers 2023 Yann Chaussinand en bronze au lancer du marteau\"},{\"@type\":\"BreadcrumbList\",\"@id\":\"https:\/\/dicodusport.fr\/blog\/coupe-deurope-des-lancers-2023-yann-chaussinand-en-bronze-au-lancer-du-marteau\/#breadcrumb\",\"itemListElement\":[{\"@type\":\"ListItem\",\"position\":1,\"name\":\"Accueil\",\"item\":\"https:\/\/dicodusport.fr\/blog\/\"},{\"@type\":\"ListItem\",\"position\":2,\"name\":\"Coupe d&rsquo;Europe des lancers 2023 : Yann Chaussinand en bronze au lancer du marteau\"}]},{\"@type\":\"WebSite\",\"@id\":\"https:\/\/dicodusport.fr\/blog\/#website\",\"url\":\"https:\/\/dicodusport.fr\/blog\/\",\"name\":\"Dicodusport\",\"description\":\"L&#039;encyclop\u00e9die de l&#039;actualit\u00e9 sportive\",\"publisher\":{\"@id\":\"https:\/\/dicodusport.fr\/blog\/#organization\"},\"potentialAction\":[{\"@type\":\"SearchAction\",\"target\":{\"@type\":\"EntryPoint\",\"urlTemplate\":\"https:\/\/dicodusport.fr\/blog\/?s={search_term_string}\"},\"query-input\":{\"@type\":\"PropertyValueSpecification\",\"valueRequired\":true,\"valueName\":\"search_term_string\"}}],\"inLanguage\":\"fr-FR\"},{\"@type\":\"NewsMediaOrganization\",\"@id\":\"https:\/\/dicodusport.fr\/blog\/#organization\",\"name\":\"Dicodusport\",\"url\":\"https:\/\/dicodusport.fr\/blog\/\",\"logo\":{\"@type\":\"ImageObject\",\"inLanguage\":\"fr-FR\",\"@id\":\"https:\/\/dicodusport.fr\/blog\/#\/schema\/logo\/image\/\",\"url\":\"https:\/\/dicodusport.fr\/blog\/wp-content\/uploads\/2020\/06\/cropped-LOGO-DICODUSPORT-2020-SANS-FOND-SANS-TEXTE.png\",\"contentUrl\":\"https:\/\/dicodusport.fr\/blog\/wp-content\/uploads\/2020\/06\/cropped-LOGO-DICODUSPORT-2020-SANS-FOND-SANS-TEXTE.png\",\"width\":512,\"height\":512,\"caption\":\"Dicodusport\"},\"image\":{\"@id\":\"https:\/\/dicodusport.fr\/blog\/#\/schema\/logo\/image\/\"},\"sameAs\":[\"https:\/\/www.facebook.com\/dicodusport\",\"https:\/\/x.com\/dicodusport\",\"https:\/\/www.instagram.com\/dicodusport\/\",\"https:\/\/www.youtube.com\/channel\/UC7V2KZ5sd3htJivAbA4ZG3w\"],\"description\":\"Dicodusport est l'encyclop\u00e9die de l'actualit\u00e9 sportive.\",\"email\":\"bonjour@dicodusport.fr\",\"legalName\":\"DICODUSPORT\",\"foundingDate\":\"2018-01-14\",\"vatID\":\"FR71834470973\",\"taxID\":\"83447097300043\",\"numberOfEmployees\":{\"@type\":\"QuantitativeValue\",\"minValue\":\"1\",\"maxValue\":\"10\"}},{\"@type\":\"Person\",\"@id\":\"https:\/\/dicodusport.fr\/blog\/#\/schema\/person\/cce96fa88785bd8573e3d43078ac8c79\",\"name\":\"Arlette Yeye\",\"image\":{\"@type\":\"ImageObject\",\"inLanguage\":\"fr-FR\",\"@id\":\"https:\/\/dicodusport.fr\/blog\/#\/schema\/person\/image\/\",\"url\":\"https:\/\/secure.gravatar.com\/avatar\/dca4a6239e6d708e46c45d60e160de6c?s=96&d=wp_user_avatar&r=g\",\"contentUrl\":\"https:\/\/secure.gravatar.com\/avatar\/dca4a6239e6d708e46c45d60e160de6c?s=96&d=wp_user_avatar&r=g\",\"caption\":\"Arlette Yeye\"},\"description\":\"Journaliste\/r\u00e9dactrice depuis septembre 2015 - Supportrice de Chelsea, j'ai pour sports de pr\u00e9dilection le handball, l'athl\u00e9tisme et le tennis. Si je tweete plus vite que mon ombre, vous pouvez aussi me retrouver les week-ends sur les playgrounds de Bruxelles pour un petit foot ou basket entre potes. Parcourir la France, l'Europe et plus si affinit\u00e9s pour suivre mes sportifs pr\u00e9f\u00e9r\u00e9s ? Mon kif ! Et c'est avec plaisir que je partage les r\u00e9sultats des sports populaires mais \u00e9galement plus confidentiels pour Dicodusport.\",\"sameAs\":[\"https:\/\/x.com\/https:\/\/twitter.com\/Shiclette94\"],\"url\":\"https:\/\/dicodusport.fr\/blog\/author\/arlette\/\"}]}<\/script>\n<!-- \/ Yoast SEO Premium plugin. -->","yoast_head_json":{"title":"Coupe d'Europe des lancers 2023 : Yann Chaussinand en bronze au lancer du marteau - Dicodusport","description":"Pour d\u00e9buter la comp\u00e9tition, Yann Chaussinand a d\u00e9croch\u00e9 le bronze au lancer du marteau. Jean-Baptiste Bruxelle est 7e.","robots":{"index":"index","follow":"follow","max-snippet":"max-snippet:-1","max-image-preview":"max-image-preview:large","max-video-preview":"max-video-preview:-1"},"canonical":"https:\/\/dicodusport.fr\/blog\/coupe-deurope-des-lancers-2023-yann-chaussinand-en-bronze-au-lancer-du-marteau\/","og_locale":"fr_FR","og_type":"article","og_title":"Coupe d'Europe des lancers 2023 : Yann Chaussinand en bronze au lancer du marteau","og_description":"Pour d\u00e9buter la comp\u00e9tition, Yann Chaussinand a d\u00e9croch\u00e9 le bronze au lancer du marteau. Jean-Baptiste Bruxelle est 7e.","og_url":"https:\/\/dicodusport.fr\/blog\/coupe-deurope-des-lancers-2023-yann-chaussinand-en-bronze-au-lancer-du-marteau\/","og_site_name":"Dicodusport","article_publisher":"https:\/\/www.facebook.com\/dicodusport","article_published_time":"2023-03-11T15:54:54+00:00","article_modified_time":"2023-03-12T03:27:45+00:00","og_image":[{"width":800,"height":445,"url":"https:\/\/dicodusport.fr\/blog\/wp-content\/uploads\/2023\/03\/Coupe-dEurope-des-lancers-2023-Yann-Chaussinand-en-bronze-au-lancer-du-marteau.png","type":"image\/png"}],"author":"Arlette Yeye","twitter_card":"summary_large_image","twitter_title":"Coupe d'Europe des lancers 2023 : Yann Chaussinand en bronze au lancer du marteau","twitter_creator":"@https:\/\/twitter.com\/Shiclette94","twitter_site":"@dicodusport","schema":{"@context":"https:\/\/schema.org","@graph":[{"@type":"NewsArticle","@id":"https:\/\/dicodusport.fr\/blog\/coupe-deurope-des-lancers-2023-yann-chaussinand-en-bronze-au-lancer-du-marteau\/#article","isPartOf":{"@id":"https:\/\/dicodusport.fr\/blog\/coupe-deurope-des-lancers-2023-yann-chaussinand-en-bronze-au-lancer-du-marteau\/"},"author":{"name":"Arlette Yeye","@id":"https:\/\/dicodusport.fr\/blog\/#\/schema\/person\/cce96fa88785bd8573e3d43078ac8c79"},"headline":"Coupe d&rsquo;Europe des lancers 2023 : Yann Chaussinand en bronze au lancer du marteau","datePublished":"2023-03-11T15:54:54+00:00","dateModified":"2023-03-12T03:27:45+00:00","mainEntityOfPage":{"@id":"https:\/\/dicodusport.fr\/blog\/coupe-deurope-des-lancers-2023-yann-chaussinand-en-bronze-au-lancer-du-marteau\/"},"wordCount":204,"commentCount":0,"publisher":{"@id":"https:\/\/dicodusport.fr\/blog\/#organization"},"image":{"@id":"https:\/\/dicodusport.fr\/blog\/coupe-deurope-des-lancers-2023-yann-chaussinand-en-bronze-au-lancer-du-marteau\/#primaryimage"},"thumbnailUrl":"https:\/\/dicodusport.fr\/blog\/wp-content\/uploads\/2023\/03\/Coupe-dEurope-des-lancers-2023-Yann-Chaussinand-en-bronze-au-lancer-du-marteau.png","keywords":["Athl\u00e9tisme","br\u00e8ve","Coupe d'Europe des lancers","Lancer du marteau","Yann Chaussinand"],"articleSection":["Athl\u00e9tisme"],"inLanguage":"fr-FR","potentialAction":[{"@type":"CommentAction","name":"Comment","target":["https:\/\/dicodusport.fr\/blog\/coupe-deurope-des-lancers-2023-yann-chaussinand-en-bronze-au-lancer-du-marteau\/#respond"]}],"copyrightYear":"2023","copyrightHolder":{"@id":"https:\/\/dicodusport.fr\/blog\/#organization"}},{"@type":"WebPage","@id":"https:\/\/dicodusport.fr\/blog\/coupe-deurope-des-lancers-2023-yann-chaussinand-en-bronze-au-lancer-du-marteau\/","url":"https:\/\/dicodusport.fr\/blog\/coupe-deurope-des-lancers-2023-yann-chaussinand-en-bronze-au-lancer-du-marteau\/","name":"Coupe d'Europe des lancers 2023 : Yann Chaussinand en bronze au lancer du marteau - Dicodusport","isPartOf":{"@id":"https:\/\/dicodusport.fr\/blog\/#website"},"primaryImageOfPage":{"@id":"https:\/\/dicodusport.fr\/blog\/coupe-deurope-des-lancers-2023-yann-chaussinand-en-bronze-au-lancer-du-marteau\/#primaryimage"},"image":{"@id":"https:\/\/dicodusport.fr\/blog\/coupe-deurope-des-lancers-2023-yann-chaussinand-en-bronze-au-lancer-du-marteau\/#primaryimage"},"thumbnailUrl":"https:\/\/dicodusport.fr\/blog\/wp-content\/uploads\/2023\/03\/Coupe-dEurope-des-lancers-2023-Yann-Chaussinand-en-bronze-au-lancer-du-marteau.png","datePublished":"2023-03-11T15:54:54+00:00","dateModified":"2023-03-12T03:27:45+00:00","description":"Pour d\u00e9buter la comp\u00e9tition, Yann Chaussinand a d\u00e9croch\u00e9 le bronze au lancer du marteau. Jean-Baptiste Bruxelle est 7e.","breadcrumb":{"@id":"https:\/\/dicodusport.fr\/blog\/coupe-deurope-des-lancers-2023-yann-chaussinand-en-bronze-au-lancer-du-marteau\/#breadcrumb"},"inLanguage":"fr-FR","potentialAction":[{"@type":"ReadAction","target":["https:\/\/dicodusport.fr\/blog\/coupe-deurope-des-lancers-2023-yann-chaussinand-en-bronze-au-lancer-du-marteau\/"]}]},{"@type":"ImageObject","inLanguage":"fr-FR","@id":"https:\/\/dicodusport.fr\/blog\/coupe-deurope-des-lancers-2023-yann-chaussinand-en-bronze-au-lancer-du-marteau\/#primaryimage","url":"https:\/\/dicodusport.fr\/blog\/wp-content\/uploads\/2023\/03\/Coupe-dEurope-des-lancers-2023-Yann-Chaussinand-en-bronze-au-lancer-du-marteau.png","contentUrl":"https:\/\/dicodusport.fr\/blog\/wp-content\/uploads\/2023\/03\/Coupe-dEurope-des-lancers-2023-Yann-Chaussinand-en-bronze-au-lancer-du-marteau.png","width":800,"height":445,"caption":"Coupe d'Europe des lancers 2023 Yann Chaussinand en bronze au lancer du marteau"},{"@type":"BreadcrumbList","@id":"https:\/\/dicodusport.fr\/blog\/coupe-deurope-des-lancers-2023-yann-chaussinand-en-bronze-au-lancer-du-marteau\/#breadcrumb","itemListElement":[{"@type":"ListItem","position":1,"name":"Accueil","item":"https:\/\/dicodusport.fr\/blog\/"},{"@type":"ListItem","position":2,"name":"Coupe d&rsquo;Europe des lancers 2023 : Yann Chaussinand en bronze au lancer du marteau"}]},{"@type":"WebSite","@id":"https:\/\/dicodusport.fr\/blog\/#website","url":"https:\/\/dicodusport.fr\/blog\/","name":"Dicodusport","description":"L&#039;encyclop\u00e9die de l&#039;actualit\u00e9 sportive","publisher":{"@id":"https:\/\/dicodusport.fr\/blog\/#organization"},"potentialAction":[{"@type":"SearchAction","target":{"@type":"EntryPoint","urlTemplate":"https:\/\/dicodusport.fr\/blog\/?s={search_term_string}"},"query-input":{"@type":"PropertyValueSpecification","valueRequired":true,"valueName":"search_term_string"}}],"inLanguage":"fr-FR"},{"@type":"NewsMediaOrganization","@id":"https:\/\/dicodusport.fr\/blog\/#organization","name":"Dicodusport","url":"https:\/\/dicodusport.fr\/blog\/","logo":{"@type":"ImageObject","inLanguage":"fr-FR","@id":"https:\/\/dicodusport.fr\/blog\/#\/schema\/logo\/image\/","url":"https:\/\/dicodusport.fr\/blog\/wp-content\/uploads\/2020\/06\/cropped-LOGO-DICODUSPORT-2020-SANS-FOND-SANS-TEXTE.png","contentUrl":"https:\/\/dicodusport.fr\/blog\/wp-content\/uploads\/2020\/06\/cropped-LOGO-DICODUSPORT-2020-SANS-FOND-SANS-TEXTE.png","width":512,"height":512,"caption":"Dicodusport"},"image":{"@id":"https:\/\/dicodusport.fr\/blog\/#\/schema\/logo\/image\/"},"sameAs":["https:\/\/www.facebook.com\/dicodusport","https:\/\/x.com\/dicodusport","https:\/\/www.instagram.com\/dicodusport\/","https:\/\/www.youtube.com\/channel\/UC7V2KZ5sd3htJivAbA4ZG3w"],"description":"Dicodusport est l'encyclop\u00e9die de l'actualit\u00e9 sportive.","email":"bonjour@dicodusport.fr","legalName":"DICODUSPORT","foundingDate":"2018-01-14","vatID":"FR71834470973","taxID":"83447097300043","numberOfEmployees":{"@type":"QuantitativeValue","minValue":"1","maxValue":"10"}},{"@type":"Person","@id":"https:\/\/dicodusport.fr\/blog\/#\/schema\/person\/cce96fa88785bd8573e3d43078ac8c79","name":"Arlette Yeye","image":{"@type":"ImageObject","inLanguage":"fr-FR","@id":"https:\/\/dicodusport.fr\/blog\/#\/schema\/person\/image\/","url":"https:\/\/secure.gravatar.com\/avatar\/dca4a6239e6d708e46c45d60e160de6c?s=96&d=wp_user_avatar&r=g","contentUrl":"https:\/\/secure.gravatar.com\/avatar\/dca4a6239e6d708e46c45d60e160de6c?s=96&d=wp_user_avatar&r=g","caption":"Arlette Yeye"},"description":"Journaliste\/r\u00e9dactrice depuis septembre 2015 - Supportrice de Chelsea, j'ai pour sports de pr\u00e9dilection le handball, l'athl\u00e9tisme et le tennis. Si je tweete plus vite que mon ombre, vous pouvez aussi me retrouver les week-ends sur les playgrounds de Bruxelles pour un petit foot ou basket entre potes. Parcourir la France, l'Europe et plus si affinit\u00e9s pour suivre mes sportifs pr\u00e9f\u00e9r\u00e9s ? Mon kif ! Et c'est avec plaisir que je partage les r\u00e9sultats des sports populaires mais \u00e9galement plus confidentiels pour Dicodusport.","sameAs":["https:\/\/x.com\/https:\/\/twitter.com\/Shiclette94"],"url":"https:\/\/dicodusport.fr\/blog\/author\/arlette\/"}]}},"_links":{"self":[{"href":"https:\/\/dicodusport.fr\/blog\/wp-json\/wp\/v2\/posts\/364382","targetHints":{"allow":["GET"]}}],"collection":[{"href":"https:\/\/dicodusport.fr\/blog\/wp-json\/wp\/v2\/posts"}],"about":[{"href":"https:\/\/dicodusport.fr\/blog\/wp-json\/wp\/v2\/types\/post"}],"author":[{"embeddable":true,"href":"https:\/\/dicodusport.fr\/blog\/wp-json\/wp\/v2\/users\/12"}],"replies":[{"embeddable":true,"href":"https:\/\/dicodusport.fr\/blog\/wp-json\/wp\/v2\/comments?post=364382"}],"version-history":[{"count":0,"href":"https:\/\/dicodusport.fr\/blog\/wp-json\/wp\/v2\/posts\/364382\/revisions"}],"wp:featuredmedia":[{"embeddable":true,"href":"https:\/\/dicodusport.fr\/blog\/wp-json\/wp\/v2\/media\/364419"}],"wp:attachment":[{"href":"https:\/\/dicodusport.fr\/blog\/wp-json\/wp\/v2\/media?parent=364382"}],"wp:term":[{"taxonomy":"category","embeddable":true,"href":"https:\/\/dicodusport.fr\/blog\/wp-json\/wp\/v2\/categories?post=364382"},{"taxonomy":"post_tag","embeddable":true,"href":"https:\/\/dicodusport.fr\/blog\/wp-json\/wp\/v2\/tags?post=364382"}],"curies":[{"name":"wp","href":"https:\/\/api.w.org\/{rel}","templated":true}]}}