{"id":364496,"date":"2023-03-11T20:32:28","date_gmt":"2023-03-11T19:32:28","guid":{"rendered":"https:\/\/dicodusport.fr\/blog\/?p=364496&#038;preview=true&#038;preview_id=364496"},"modified":"2023-03-12T10:51:32","modified_gmt":"2023-03-12T09:51:32","slug":"athletisme-lequipe-de-france-juniors-termine-la-saison-en-salle-sur-une-bonne-note","status":"publish","type":"post","link":"https:\/\/dicodusport.fr\/blog\/athletisme-lequipe-de-france-juniors-termine-la-saison-en-salle-sur-une-bonne-note\/","title":{"rendered":"Athl\u00e9tisme : L&rsquo;\u00e9quipe de France juniors termine la saison en salle sur une bonne note"},"content":{"rendered":"<p style=\"text-align: justify;\" align=\"justify\"><em><strong>ATHL\u00c9TISME &#8211; Ce samedi se jouait le <a href=\"https:\/\/www.athle.fr\/asp.net\/main.news\/news.aspx?newsid=18935\" target=\"_blank\" rel=\"noopener\">match international juniors<\/a> entre la France, l&rsquo;Italie et l&rsquo;Espagne. La France termine \u00e0 la deuxi\u00e8me place.<br \/>\n<\/strong><\/em><\/p>\n<p style=\"text-align: justify;\" align=\"justify\">Derni\u00e8re grande comp\u00e9tition en salle pour les juniors, les jeunes Fran\u00e7ais se retrouvaient \u00e0 l&rsquo;<strong>Ar\u00e9na de Li\u00e9vin<\/strong> pour affronter des jeunes <strong>espagnols<\/strong> et <strong>italiens<\/strong>. Apr\u00e8s<strong> 40 \u00e9preuves<\/strong>, l&rsquo;\u00e9quipe de France U20 termine deuxi\u00e8me derri\u00e8re l&rsquo;Italie. Mais \u00e7a s&rsquo;est jou\u00e9 de peu puisque l&rsquo;Italie poss\u00e8de 157.5 points contre 157 pour la France ! L&rsquo;Espagne est plus loin avec 128.5 points.<\/p>\n<h2 style=\"text-align: justify;\" align=\"justify\">Des records personnels battus<\/h2>\n<p style=\"text-align: justify;\" align=\"justify\">Plusieurs athl\u00e8tes ont battu leur propre record personnel, \u00e9tabli pour la plupart cette ann\u00e9e.<\/p>\n<p style=\"text-align: justify;\" align=\"justify\">Ainsi, au 200 m, <strong>Dejan Ottou<\/strong> a remport\u00e9 sa finale. Mais il a \u00e9t\u00e9 moins vite que l&rsquo;Espagnol <strong>Juan Carlos Castillo Asensio<\/strong> qui a remport\u00e9 la deuxi\u00e8me finale (21.30). Cependant, le Fran\u00e7ais en profite pour abaisser son record personnel en 21.40. Le <strong><a href=\"https:\/\/dicodusport.fr\/blog\/athletisme-dejan-ottou-champion-deurope-cadets-du-200-m\/\">champion d&rsquo;Europe cadets 2022<\/a> <\/strong>pourrait r\u00e9it\u00e9rer sur la m\u00eame piste de J\u00e9rusalem cet \u00e9t\u00e9 lors des Championnats d&rsquo;Europe juniors.<\/p>\n<p style=\"text-align: justify;\" align=\"justify\">Si le champion de France cadets <strong>Ylann Bizasene<\/strong> n&rsquo;a pas battu son record, il a remport\u00e9 le 60 m en 6.75, \u00e0 1 centi\u00e8me de son record. Sur les haies masculines, deux Fran\u00e7ais sur le podium. <strong>Thomas Wilkes<\/strong> deuxi\u00e8me (7.81) et <strong>Boubacar Badji<\/strong> 3e qui abaisse son record personnel de 2 centi\u00e8mes en 7.86.<\/p>\n<p style=\"text-align: justify;\" align=\"justify\">\u00c0 la hauteur, <strong>Tonin Aubert<\/strong> a termin\u00e9 deuxi\u00e8me avec 2 cm de mieux sur son record (2.10 m). Chez les filles, <strong>Ma\u00eblle Gauthier<\/strong>, championne de France junior, a termin\u00e9 4e. Elle \u00e9gale son record personnel (1.76 m).<\/p>\n<p style=\"text-align: justify;\" align=\"justify\">Au 800 m, <strong>Cyann Galtier-Villa<\/strong> termine 2e derri\u00e8re son compatriote Louey Ouerrat. En 1:52.31, il am\u00e9liore son record personnel en salle.<\/p>\n<p style=\"text-align: justify;\" align=\"justify\">Enfin, <strong>Julia Mathieu<\/strong> a lanc\u00e9 son poids \u00e0 13.27 m pour terminer 3e. La jeune athl\u00e8te qui poss\u00e8de de nombreux records de France dans les cat\u00e9gories inf\u00e9rieures ne lance le poids de 4 kg que depuis le d\u00e9but de milieu d&rsquo;ann\u00e9e derni\u00e8re.<\/p>\n<h2 style=\"text-align: justify;\">En vrac<\/h2>\n<p style=\"text-align: justify;\">\u00c0 la longueur, le d\u00e9cathlonien <strong>Alexandre Montagne<\/strong> s&rsquo;est impos\u00e9 (7.18 m) et partage le podium avec <strong>Mathis Vaitulukina<\/strong>, 3e (7.06 m). <strong>Enzo Boulon<\/strong>, 2e du triple saut \u00e9gale son record personnel (15.14 m). Au 60 m haies, <strong>Auceane Bouijoux<\/strong> s&rsquo;impose en 8.54. <strong>Shana Lambourde<\/strong> remporte le 60 m en 24.10. Au triple saut, <strong>Cl\u00e9mence Rougier<\/strong> ne passe pas les 13 m mais s&rsquo;impose (12.99 m) devant <strong>Thierrine Correa<\/strong> (12.78 m).<\/p>\n<p style=\"text-align: justify;\">Et pour cl\u00f4turer la comp\u00e9tition, la France a remport\u00e9 le relais 4X200 m.<\/p>\n<p style=\"text-align: justify;\"><a href=\"https:\/\/bases.athle.fr\/asp.net\/liste.aspx?frmbase=resultats&amp;frmmode=1&amp;frmespace=0&amp;frmcompetition=277331\" target=\"_blank\" rel=\"noopener\"><span style=\"font-size: 24px;\"><strong>Tous les r\u00e9sultats de la comp\u00e9tition<\/strong><\/span><\/a><\/p>\n","protected":false},"excerpt":{"rendered":"<p>ATHL\u00c9TISME &#8211; Ce samedi se jouait le match international juniors entre la France, l&rsquo;Italie et l&rsquo;Espagne. La France termine \u00e0 la deuxi\u00e8me place.<\/p>\n","protected":false},"author":12,"featured_media":364527,"comment_status":"open","ping_status":"closed","sticky":false,"template":"","format":"standard","meta":{"_acf_changed":false,"_daextam_enable_autolinks":"","footnotes":""},"categories":[2308],"tags":[143,16878,9426],"class_list":["post-364496","post","type-post","status-publish","format-standard","has-post-thumbnail","hentry","category-athletisme","tag-athletisme","tag-breve","tag-equipe-de-france-u20"],"acf":[],"yoast_head":"<!-- This site is optimized with the Yoast SEO Premium plugin v26.7 (Yoast SEO v26.7) - https:\/\/yoast.com\/wordpress\/plugins\/seo\/ -->\n<title>Athl\u00e9tisme : L&#039;\u00e9quipe de France juniors termine la saison en salle sur une bonne note<\/title>\n<meta name=\"description\" content=\"Ce samedi se jouait le match international juniors entre la France, l&#039;Italie et l&#039;Espagne. La France termine \u00e0 la deuxi\u00e8me place.\" \/>\n<meta name=\"robots\" content=\"index, follow, max-snippet:-1, max-image-preview:large, max-video-preview:-1\" \/>\n<link rel=\"canonical\" href=\"https:\/\/dicodusport.fr\/blog\/athletisme-lequipe-de-france-juniors-termine-la-saison-en-salle-sur-une-bonne-note\/\" \/>\n<meta property=\"og:locale\" content=\"fr_FR\" \/>\n<meta property=\"og:type\" content=\"article\" \/>\n<meta property=\"og:title\" content=\"Athl\u00e9tisme : L&#039;\u00e9quipe de France juniors termine la saison en salle sur une bonne note\" \/>\n<meta property=\"og:description\" content=\"Ce samedi se jouait le match international juniors entre la France, l&#039;Italie et l&#039;Espagne. La France termine \u00e0 la deuxi\u00e8me place.\" \/>\n<meta property=\"og:url\" content=\"https:\/\/dicodusport.fr\/blog\/athletisme-lequipe-de-france-juniors-termine-la-saison-en-salle-sur-une-bonne-note\/\" \/>\n<meta property=\"og:site_name\" content=\"Dicodusport\" \/>\n<meta property=\"article:publisher\" content=\"https:\/\/www.facebook.com\/dicodusport\" \/>\n<meta property=\"article:published_time\" content=\"2023-03-11T19:32:28+00:00\" \/>\n<meta property=\"article:modified_time\" content=\"2023-03-12T09:51:32+00:00\" \/>\n<meta property=\"og:image\" content=\"https:\/\/dicodusport.fr\/blog\/wp-content\/uploads\/2023\/03\/Athletisme-Lequipe-de-France-juniors-termine-la-saison-en-salle-sur-une-bonne-note.png\" \/>\n\t<meta property=\"og:image:width\" content=\"800\" \/>\n\t<meta property=\"og:image:height\" content=\"445\" \/>\n\t<meta property=\"og:image:type\" content=\"image\/png\" \/>\n<meta name=\"author\" content=\"Arlette Yeye\" \/>\n<meta name=\"twitter:card\" content=\"summary_large_image\" \/>\n<meta name=\"twitter:title\" content=\"Athl\u00e9tisme : L&#039;\u00e9quipe de France juniors termine la saison en salle sur une bonne note\" \/>\n<meta name=\"twitter:creator\" content=\"@https:\/\/twitter.com\/Shiclette94\" \/>\n<meta name=\"twitter:site\" content=\"@dicodusport\" \/>\n<script type=\"application\/ld+json\" class=\"yoast-schema-graph\">{\"@context\":\"https:\/\/schema.org\",\"@graph\":[{\"@type\":\"NewsArticle\",\"@id\":\"https:\/\/dicodusport.fr\/blog\/athletisme-lequipe-de-france-juniors-termine-la-saison-en-salle-sur-une-bonne-note\/#article\",\"isPartOf\":{\"@id\":\"https:\/\/dicodusport.fr\/blog\/athletisme-lequipe-de-france-juniors-termine-la-saison-en-salle-sur-une-bonne-note\/\"},\"author\":{\"name\":\"Arlette Yeye\",\"@id\":\"https:\/\/dicodusport.fr\/blog\/#\/schema\/person\/cce96fa88785bd8573e3d43078ac8c79\"},\"headline\":\"Athl\u00e9tisme : L&rsquo;\u00e9quipe de France juniors termine la saison en salle sur une bonne note\",\"datePublished\":\"2023-03-11T19:32:28+00:00\",\"dateModified\":\"2023-03-12T09:51:32+00:00\",\"mainEntityOfPage\":{\"@id\":\"https:\/\/dicodusport.fr\/blog\/athletisme-lequipe-de-france-juniors-termine-la-saison-en-salle-sur-une-bonne-note\/\"},\"wordCount\":440,\"commentCount\":0,\"publisher\":{\"@id\":\"https:\/\/dicodusport.fr\/blog\/#organization\"},\"image\":{\"@id\":\"https:\/\/dicodusport.fr\/blog\/athletisme-lequipe-de-france-juniors-termine-la-saison-en-salle-sur-une-bonne-note\/#primaryimage\"},\"thumbnailUrl\":\"https:\/\/dicodusport.fr\/blog\/wp-content\/uploads\/2023\/03\/Athletisme-Lequipe-de-France-juniors-termine-la-saison-en-salle-sur-une-bonne-note.png\",\"keywords\":[\"Athl\u00e9tisme\",\"br\u00e8ve\",\"\u00c9quipe de France U20\"],\"articleSection\":[\"Athl\u00e9tisme\"],\"inLanguage\":\"fr-FR\",\"potentialAction\":[{\"@type\":\"CommentAction\",\"name\":\"Comment\",\"target\":[\"https:\/\/dicodusport.fr\/blog\/athletisme-lequipe-de-france-juniors-termine-la-saison-en-salle-sur-une-bonne-note\/#respond\"]}],\"copyrightYear\":\"2023\",\"copyrightHolder\":{\"@id\":\"https:\/\/dicodusport.fr\/blog\/#organization\"}},{\"@type\":\"WebPage\",\"@id\":\"https:\/\/dicodusport.fr\/blog\/athletisme-lequipe-de-france-juniors-termine-la-saison-en-salle-sur-une-bonne-note\/\",\"url\":\"https:\/\/dicodusport.fr\/blog\/athletisme-lequipe-de-france-juniors-termine-la-saison-en-salle-sur-une-bonne-note\/\",\"name\":\"Athl\u00e9tisme : L'\u00e9quipe de France juniors termine la saison en salle sur une bonne note\",\"isPartOf\":{\"@id\":\"https:\/\/dicodusport.fr\/blog\/#website\"},\"primaryImageOfPage\":{\"@id\":\"https:\/\/dicodusport.fr\/blog\/athletisme-lequipe-de-france-juniors-termine-la-saison-en-salle-sur-une-bonne-note\/#primaryimage\"},\"image\":{\"@id\":\"https:\/\/dicodusport.fr\/blog\/athletisme-lequipe-de-france-juniors-termine-la-saison-en-salle-sur-une-bonne-note\/#primaryimage\"},\"thumbnailUrl\":\"https:\/\/dicodusport.fr\/blog\/wp-content\/uploads\/2023\/03\/Athletisme-Lequipe-de-France-juniors-termine-la-saison-en-salle-sur-une-bonne-note.png\",\"datePublished\":\"2023-03-11T19:32:28+00:00\",\"dateModified\":\"2023-03-12T09:51:32+00:00\",\"description\":\"Ce samedi se jouait le match international juniors entre la France, l'Italie et l'Espagne. La France termine \u00e0 la deuxi\u00e8me place.\",\"breadcrumb\":{\"@id\":\"https:\/\/dicodusport.fr\/blog\/athletisme-lequipe-de-france-juniors-termine-la-saison-en-salle-sur-une-bonne-note\/#breadcrumb\"},\"inLanguage\":\"fr-FR\",\"potentialAction\":[{\"@type\":\"ReadAction\",\"target\":[\"https:\/\/dicodusport.fr\/blog\/athletisme-lequipe-de-france-juniors-termine-la-saison-en-salle-sur-une-bonne-note\/\"]}]},{\"@type\":\"ImageObject\",\"inLanguage\":\"fr-FR\",\"@id\":\"https:\/\/dicodusport.fr\/blog\/athletisme-lequipe-de-france-juniors-termine-la-saison-en-salle-sur-une-bonne-note\/#primaryimage\",\"url\":\"https:\/\/dicodusport.fr\/blog\/wp-content\/uploads\/2023\/03\/Athletisme-Lequipe-de-France-juniors-termine-la-saison-en-salle-sur-une-bonne-note.png\",\"contentUrl\":\"https:\/\/dicodusport.fr\/blog\/wp-content\/uploads\/2023\/03\/Athletisme-Lequipe-de-France-juniors-termine-la-saison-en-salle-sur-une-bonne-note.png\",\"width\":800,\"height\":445,\"caption\":\"Athl\u00e9tisme L'\u00e9quipe de France juniors termine la saison en salle sur une bonne note\"},{\"@type\":\"BreadcrumbList\",\"@id\":\"https:\/\/dicodusport.fr\/blog\/athletisme-lequipe-de-france-juniors-termine-la-saison-en-salle-sur-une-bonne-note\/#breadcrumb\",\"itemListElement\":[{\"@type\":\"ListItem\",\"position\":1,\"name\":\"Accueil\",\"item\":\"https:\/\/dicodusport.fr\/blog\/\"},{\"@type\":\"ListItem\",\"position\":2,\"name\":\"Athl\u00e9tisme : L&rsquo;\u00e9quipe de France juniors termine la saison en salle sur une bonne note\"}]},{\"@type\":\"WebSite\",\"@id\":\"https:\/\/dicodusport.fr\/blog\/#website\",\"url\":\"https:\/\/dicodusport.fr\/blog\/\",\"name\":\"Dicodusport\",\"description\":\"L&#039;encyclop\u00e9die de l&#039;actualit\u00e9 sportive\",\"publisher\":{\"@id\":\"https:\/\/dicodusport.fr\/blog\/#organization\"},\"potentialAction\":[{\"@type\":\"SearchAction\",\"target\":{\"@type\":\"EntryPoint\",\"urlTemplate\":\"https:\/\/dicodusport.fr\/blog\/?s={search_term_string}\"},\"query-input\":{\"@type\":\"PropertyValueSpecification\",\"valueRequired\":true,\"valueName\":\"search_term_string\"}}],\"inLanguage\":\"fr-FR\"},{\"@type\":\"NewsMediaOrganization\",\"@id\":\"https:\/\/dicodusport.fr\/blog\/#organization\",\"name\":\"Dicodusport\",\"url\":\"https:\/\/dicodusport.fr\/blog\/\",\"logo\":{\"@type\":\"ImageObject\",\"inLanguage\":\"fr-FR\",\"@id\":\"https:\/\/dicodusport.fr\/blog\/#\/schema\/logo\/image\/\",\"url\":\"https:\/\/dicodusport.fr\/blog\/wp-content\/uploads\/2020\/06\/cropped-LOGO-DICODUSPORT-2020-SANS-FOND-SANS-TEXTE.png\",\"contentUrl\":\"https:\/\/dicodusport.fr\/blog\/wp-content\/uploads\/2020\/06\/cropped-LOGO-DICODUSPORT-2020-SANS-FOND-SANS-TEXTE.png\",\"width\":512,\"height\":512,\"caption\":\"Dicodusport\"},\"image\":{\"@id\":\"https:\/\/dicodusport.fr\/blog\/#\/schema\/logo\/image\/\"},\"sameAs\":[\"https:\/\/www.facebook.com\/dicodusport\",\"https:\/\/x.com\/dicodusport\",\"https:\/\/www.instagram.com\/dicodusport\/\",\"https:\/\/www.youtube.com\/channel\/UC7V2KZ5sd3htJivAbA4ZG3w\"],\"description\":\"Dicodusport est l'encyclop\u00e9die de l'actualit\u00e9 sportive.\",\"email\":\"bonjour@dicodusport.fr\",\"legalName\":\"DICODUSPORT\",\"foundingDate\":\"2018-01-14\",\"vatID\":\"FR71834470973\",\"taxID\":\"83447097300043\",\"numberOfEmployees\":{\"@type\":\"QuantitativeValue\",\"minValue\":\"1\",\"maxValue\":\"10\"}},{\"@type\":\"Person\",\"@id\":\"https:\/\/dicodusport.fr\/blog\/#\/schema\/person\/cce96fa88785bd8573e3d43078ac8c79\",\"name\":\"Arlette Yeye\",\"image\":{\"@type\":\"ImageObject\",\"inLanguage\":\"fr-FR\",\"@id\":\"https:\/\/dicodusport.fr\/blog\/#\/schema\/person\/image\/\",\"url\":\"https:\/\/secure.gravatar.com\/avatar\/dca4a6239e6d708e46c45d60e160de6c?s=96&d=wp_user_avatar&r=g\",\"contentUrl\":\"https:\/\/secure.gravatar.com\/avatar\/dca4a6239e6d708e46c45d60e160de6c?s=96&d=wp_user_avatar&r=g\",\"caption\":\"Arlette Yeye\"},\"description\":\"Journaliste\/r\u00e9dactrice depuis septembre 2015 - Supportrice de Chelsea, j'ai pour sports de pr\u00e9dilection le handball, l'athl\u00e9tisme et le tennis. Si je tweete plus vite que mon ombre, vous pouvez aussi me retrouver les week-ends sur les playgrounds de Bruxelles pour un petit foot ou basket entre potes. Parcourir la France, l'Europe et plus si affinit\u00e9s pour suivre mes sportifs pr\u00e9f\u00e9r\u00e9s ? Mon kif ! Et c'est avec plaisir que je partage les r\u00e9sultats des sports populaires mais \u00e9galement plus confidentiels pour Dicodusport.\",\"sameAs\":[\"https:\/\/x.com\/https:\/\/twitter.com\/Shiclette94\"],\"url\":\"https:\/\/dicodusport.fr\/blog\/author\/arlette\/\"}]}<\/script>\n<!-- \/ Yoast SEO Premium plugin. -->","yoast_head_json":{"title":"Athl\u00e9tisme : L'\u00e9quipe de France juniors termine la saison en salle sur une bonne note","description":"Ce samedi se jouait le match international juniors entre la France, l'Italie et l'Espagne. La France termine \u00e0 la deuxi\u00e8me place.","robots":{"index":"index","follow":"follow","max-snippet":"max-snippet:-1","max-image-preview":"max-image-preview:large","max-video-preview":"max-video-preview:-1"},"canonical":"https:\/\/dicodusport.fr\/blog\/athletisme-lequipe-de-france-juniors-termine-la-saison-en-salle-sur-une-bonne-note\/","og_locale":"fr_FR","og_type":"article","og_title":"Athl\u00e9tisme : L'\u00e9quipe de France juniors termine la saison en salle sur une bonne note","og_description":"Ce samedi se jouait le match international juniors entre la France, l'Italie et l'Espagne. La France termine \u00e0 la deuxi\u00e8me place.","og_url":"https:\/\/dicodusport.fr\/blog\/athletisme-lequipe-de-france-juniors-termine-la-saison-en-salle-sur-une-bonne-note\/","og_site_name":"Dicodusport","article_publisher":"https:\/\/www.facebook.com\/dicodusport","article_published_time":"2023-03-11T19:32:28+00:00","article_modified_time":"2023-03-12T09:51:32+00:00","og_image":[{"width":800,"height":445,"url":"https:\/\/dicodusport.fr\/blog\/wp-content\/uploads\/2023\/03\/Athletisme-Lequipe-de-France-juniors-termine-la-saison-en-salle-sur-une-bonne-note.png","type":"image\/png"}],"author":"Arlette Yeye","twitter_card":"summary_large_image","twitter_title":"Athl\u00e9tisme : L'\u00e9quipe de France juniors termine la saison en salle sur une bonne note","twitter_creator":"@https:\/\/twitter.com\/Shiclette94","twitter_site":"@dicodusport","schema":{"@context":"https:\/\/schema.org","@graph":[{"@type":"NewsArticle","@id":"https:\/\/dicodusport.fr\/blog\/athletisme-lequipe-de-france-juniors-termine-la-saison-en-salle-sur-une-bonne-note\/#article","isPartOf":{"@id":"https:\/\/dicodusport.fr\/blog\/athletisme-lequipe-de-france-juniors-termine-la-saison-en-salle-sur-une-bonne-note\/"},"author":{"name":"Arlette Yeye","@id":"https:\/\/dicodusport.fr\/blog\/#\/schema\/person\/cce96fa88785bd8573e3d43078ac8c79"},"headline":"Athl\u00e9tisme : L&rsquo;\u00e9quipe de France juniors termine la saison en salle sur une bonne note","datePublished":"2023-03-11T19:32:28+00:00","dateModified":"2023-03-12T09:51:32+00:00","mainEntityOfPage":{"@id":"https:\/\/dicodusport.fr\/blog\/athletisme-lequipe-de-france-juniors-termine-la-saison-en-salle-sur-une-bonne-note\/"},"wordCount":440,"commentCount":0,"publisher":{"@id":"https:\/\/dicodusport.fr\/blog\/#organization"},"image":{"@id":"https:\/\/dicodusport.fr\/blog\/athletisme-lequipe-de-france-juniors-termine-la-saison-en-salle-sur-une-bonne-note\/#primaryimage"},"thumbnailUrl":"https:\/\/dicodusport.fr\/blog\/wp-content\/uploads\/2023\/03\/Athletisme-Lequipe-de-France-juniors-termine-la-saison-en-salle-sur-une-bonne-note.png","keywords":["Athl\u00e9tisme","br\u00e8ve","\u00c9quipe de France U20"],"articleSection":["Athl\u00e9tisme"],"inLanguage":"fr-FR","potentialAction":[{"@type":"CommentAction","name":"Comment","target":["https:\/\/dicodusport.fr\/blog\/athletisme-lequipe-de-france-juniors-termine-la-saison-en-salle-sur-une-bonne-note\/#respond"]}],"copyrightYear":"2023","copyrightHolder":{"@id":"https:\/\/dicodusport.fr\/blog\/#organization"}},{"@type":"WebPage","@id":"https:\/\/dicodusport.fr\/blog\/athletisme-lequipe-de-france-juniors-termine-la-saison-en-salle-sur-une-bonne-note\/","url":"https:\/\/dicodusport.fr\/blog\/athletisme-lequipe-de-france-juniors-termine-la-saison-en-salle-sur-une-bonne-note\/","name":"Athl\u00e9tisme : L'\u00e9quipe de France juniors termine la saison en salle sur une bonne note","isPartOf":{"@id":"https:\/\/dicodusport.fr\/blog\/#website"},"primaryImageOfPage":{"@id":"https:\/\/dicodusport.fr\/blog\/athletisme-lequipe-de-france-juniors-termine-la-saison-en-salle-sur-une-bonne-note\/#primaryimage"},"image":{"@id":"https:\/\/dicodusport.fr\/blog\/athletisme-lequipe-de-france-juniors-termine-la-saison-en-salle-sur-une-bonne-note\/#primaryimage"},"thumbnailUrl":"https:\/\/dicodusport.fr\/blog\/wp-content\/uploads\/2023\/03\/Athletisme-Lequipe-de-France-juniors-termine-la-saison-en-salle-sur-une-bonne-note.png","datePublished":"2023-03-11T19:32:28+00:00","dateModified":"2023-03-12T09:51:32+00:00","description":"Ce samedi se jouait le match international juniors entre la France, l'Italie et l'Espagne. La France termine \u00e0 la deuxi\u00e8me place.","breadcrumb":{"@id":"https:\/\/dicodusport.fr\/blog\/athletisme-lequipe-de-france-juniors-termine-la-saison-en-salle-sur-une-bonne-note\/#breadcrumb"},"inLanguage":"fr-FR","potentialAction":[{"@type":"ReadAction","target":["https:\/\/dicodusport.fr\/blog\/athletisme-lequipe-de-france-juniors-termine-la-saison-en-salle-sur-une-bonne-note\/"]}]},{"@type":"ImageObject","inLanguage":"fr-FR","@id":"https:\/\/dicodusport.fr\/blog\/athletisme-lequipe-de-france-juniors-termine-la-saison-en-salle-sur-une-bonne-note\/#primaryimage","url":"https:\/\/dicodusport.fr\/blog\/wp-content\/uploads\/2023\/03\/Athletisme-Lequipe-de-France-juniors-termine-la-saison-en-salle-sur-une-bonne-note.png","contentUrl":"https:\/\/dicodusport.fr\/blog\/wp-content\/uploads\/2023\/03\/Athletisme-Lequipe-de-France-juniors-termine-la-saison-en-salle-sur-une-bonne-note.png","width":800,"height":445,"caption":"Athl\u00e9tisme L'\u00e9quipe de France juniors termine la saison en salle sur une bonne note"},{"@type":"BreadcrumbList","@id":"https:\/\/dicodusport.fr\/blog\/athletisme-lequipe-de-france-juniors-termine-la-saison-en-salle-sur-une-bonne-note\/#breadcrumb","itemListElement":[{"@type":"ListItem","position":1,"name":"Accueil","item":"https:\/\/dicodusport.fr\/blog\/"},{"@type":"ListItem","position":2,"name":"Athl\u00e9tisme : L&rsquo;\u00e9quipe de France juniors termine la saison en salle sur une bonne note"}]},{"@type":"WebSite","@id":"https:\/\/dicodusport.fr\/blog\/#website","url":"https:\/\/dicodusport.fr\/blog\/","name":"Dicodusport","description":"L&#039;encyclop\u00e9die de l&#039;actualit\u00e9 sportive","publisher":{"@id":"https:\/\/dicodusport.fr\/blog\/#organization"},"potentialAction":[{"@type":"SearchAction","target":{"@type":"EntryPoint","urlTemplate":"https:\/\/dicodusport.fr\/blog\/?s={search_term_string}"},"query-input":{"@type":"PropertyValueSpecification","valueRequired":true,"valueName":"search_term_string"}}],"inLanguage":"fr-FR"},{"@type":"NewsMediaOrganization","@id":"https:\/\/dicodusport.fr\/blog\/#organization","name":"Dicodusport","url":"https:\/\/dicodusport.fr\/blog\/","logo":{"@type":"ImageObject","inLanguage":"fr-FR","@id":"https:\/\/dicodusport.fr\/blog\/#\/schema\/logo\/image\/","url":"https:\/\/dicodusport.fr\/blog\/wp-content\/uploads\/2020\/06\/cropped-LOGO-DICODUSPORT-2020-SANS-FOND-SANS-TEXTE.png","contentUrl":"https:\/\/dicodusport.fr\/blog\/wp-content\/uploads\/2020\/06\/cropped-LOGO-DICODUSPORT-2020-SANS-FOND-SANS-TEXTE.png","width":512,"height":512,"caption":"Dicodusport"},"image":{"@id":"https:\/\/dicodusport.fr\/blog\/#\/schema\/logo\/image\/"},"sameAs":["https:\/\/www.facebook.com\/dicodusport","https:\/\/x.com\/dicodusport","https:\/\/www.instagram.com\/dicodusport\/","https:\/\/www.youtube.com\/channel\/UC7V2KZ5sd3htJivAbA4ZG3w"],"description":"Dicodusport est l'encyclop\u00e9die de l'actualit\u00e9 sportive.","email":"bonjour@dicodusport.fr","legalName":"DICODUSPORT","foundingDate":"2018-01-14","vatID":"FR71834470973","taxID":"83447097300043","numberOfEmployees":{"@type":"QuantitativeValue","minValue":"1","maxValue":"10"}},{"@type":"Person","@id":"https:\/\/dicodusport.fr\/blog\/#\/schema\/person\/cce96fa88785bd8573e3d43078ac8c79","name":"Arlette Yeye","image":{"@type":"ImageObject","inLanguage":"fr-FR","@id":"https:\/\/dicodusport.fr\/blog\/#\/schema\/person\/image\/","url":"https:\/\/secure.gravatar.com\/avatar\/dca4a6239e6d708e46c45d60e160de6c?s=96&d=wp_user_avatar&r=g","contentUrl":"https:\/\/secure.gravatar.com\/avatar\/dca4a6239e6d708e46c45d60e160de6c?s=96&d=wp_user_avatar&r=g","caption":"Arlette Yeye"},"description":"Journaliste\/r\u00e9dactrice depuis septembre 2015 - Supportrice de Chelsea, j'ai pour sports de pr\u00e9dilection le handball, l'athl\u00e9tisme et le tennis. Si je tweete plus vite que mon ombre, vous pouvez aussi me retrouver les week-ends sur les playgrounds de Bruxelles pour un petit foot ou basket entre potes. Parcourir la France, l'Europe et plus si affinit\u00e9s pour suivre mes sportifs pr\u00e9f\u00e9r\u00e9s ? Mon kif ! Et c'est avec plaisir que je partage les r\u00e9sultats des sports populaires mais \u00e9galement plus confidentiels pour Dicodusport.","sameAs":["https:\/\/x.com\/https:\/\/twitter.com\/Shiclette94"],"url":"https:\/\/dicodusport.fr\/blog\/author\/arlette\/"}]}},"_links":{"self":[{"href":"https:\/\/dicodusport.fr\/blog\/wp-json\/wp\/v2\/posts\/364496","targetHints":{"allow":["GET"]}}],"collection":[{"href":"https:\/\/dicodusport.fr\/blog\/wp-json\/wp\/v2\/posts"}],"about":[{"href":"https:\/\/dicodusport.fr\/blog\/wp-json\/wp\/v2\/types\/post"}],"author":[{"embeddable":true,"href":"https:\/\/dicodusport.fr\/blog\/wp-json\/wp\/v2\/users\/12"}],"replies":[{"embeddable":true,"href":"https:\/\/dicodusport.fr\/blog\/wp-json\/wp\/v2\/comments?post=364496"}],"version-history":[{"count":0,"href":"https:\/\/dicodusport.fr\/blog\/wp-json\/wp\/v2\/posts\/364496\/revisions"}],"wp:featuredmedia":[{"embeddable":true,"href":"https:\/\/dicodusport.fr\/blog\/wp-json\/wp\/v2\/media\/364527"}],"wp:attachment":[{"href":"https:\/\/dicodusport.fr\/blog\/wp-json\/wp\/v2\/media?parent=364496"}],"wp:term":[{"taxonomy":"category","embeddable":true,"href":"https:\/\/dicodusport.fr\/blog\/wp-json\/wp\/v2\/categories?post=364496"},{"taxonomy":"post_tag","embeddable":true,"href":"https:\/\/dicodusport.fr\/blog\/wp-json\/wp\/v2\/tags?post=364496"}],"curies":[{"name":"wp","href":"https:\/\/api.w.org\/{rel}","templated":true}]}}