{"id":364628,"date":"2023-03-12T07:27:10","date_gmt":"2023-03-12T06:27:10","guid":{"rendered":"https:\/\/dicodusport.fr\/blog\/?p=364628&#038;preview=true&#038;preview_id=364628"},"modified":"2023-03-12T09:35:41","modified_gmt":"2023-03-12T08:35:41","slug":"tony-yoka-javais-decide-de-revenir-avec-un-gros-combat","status":"publish","type":"post","link":"https:\/\/dicodusport.fr\/blog\/tony-yoka-javais-decide-de-revenir-avec-un-gros-combat\/","title":{"rendered":"Tony Yoka : \u00ab\u00a0J&rsquo;avais d\u00e9cid\u00e9 de revenir avec un gros combat\u00a0\u00bb"},"content":{"rendered":"<p align=\"justify\"><em><strong>BOXE &#8211; M\u00eame s&rsquo;il a sembl\u00e9 marqu\u00e9 par cette nouvelle d\u00e9faite, Tony Yoka a promis qu&rsquo;il allait se remettre au travail pour revenir plus fort.\u00a0<\/strong><\/em><\/p>\n<p align=\"justify\">Apr\u00e8s <a href=\"https:\/\/dicodusport.fr\/blog\/boxe-poids-lourds-premiere-defaite-chez-les-pros-pour-tony-yoka-battu-par-martin-bakole\/\">sa d\u00e9faite face \u00e0 <strong>Martin<\/strong> <strong>Bakole<\/strong> en mai 2022<\/a>, <strong>Tony<\/strong> <strong>Yoka<\/strong> <a href=\"https:\/\/dicodusport.fr\/blog\/boxe-poids-lourds-tony-yoka-battu-aux-points-par-carlos-takam\/\">est de nouveau tomb\u00e9 face \u00e0 <strong>Carlos<\/strong> <strong>Takam<\/strong><\/a>. Le champion olympique fran\u00e7ais a \u00e9t\u00e9 battu par d\u00e9cision partag\u00e9e des juges, mais a reconnu la sup\u00e9riorit\u00e9 de son adversaire. Au micro de <em>Canal+<\/em> apr\u00e8s le combat, il a \u00e9t\u00e9 bref mais a promis de repartir travailler pour s&rsquo;am\u00e9liorer.<\/p>\n<blockquote>\n<p style=\"text-align: justify;\" align=\"justify\">Je veux juste remercier tout le monde. \u00c7a faisait presque un an que je n&rsquo;avais pas box\u00e9 et j&rsquo;avais d\u00e9cid\u00e9 de revenir avec un gros combat. Pour moi, l&rsquo;important c&rsquo;est de donner de bons combats au public, je pense qu&rsquo;aujourd&rsquo;hui les spectateurs ont profit\u00e9 du combat. F\u00e9licitations \u00e0 Carlos Takam, ce soir il a \u00e9t\u00e9 plus fort. Mais je vais repartir et travailler encore plus.<\/p>\n<\/blockquote>\n<p align=\"justify\">\u00c0 bient\u00f4t 31 ans, <strong>Tony<\/strong> <strong>Yoka<\/strong>, qui a maintenant un bilan de onze victoires pour deux d\u00e9faites, a encore du temps devant lui, car dans cette cat\u00e9gorie des poids lourds, il est possible d&rsquo;\u00eatre performant jusqu&rsquo;\u00e0 40 ans, voire m\u00eame au-del\u00e0 comme l&rsquo;a prouv\u00e9 <strong>Carlos<\/strong> <strong>Takam<\/strong> (42 ans) hier soir. Mais apr\u00e8s ce nouveau revers, il va devoir retrouver la flamme pour tenter de retrouver la victoire et r\u00e9ussir \u00e0 enfin grimper dans la hi\u00e9rarchie des poids lourds mondiaux.<\/p>\n<blockquote class=\"twitter-tweet\">\n<p dir=\"ltr\" lang=\"fr\">\ud83d\udde8\ufe0f Tony Yoka : \u00ab\u00a0F\u00e9licitations \u00e0 Carlos, il a \u00e9t\u00e9 le plus fort. Je vais repartir et travailler encore plus\u00a0\u00bb<a href=\"https:\/\/twitter.com\/hashtag\/YokaTakam?src=hash&amp;ref_src=twsrc%5Etfw\">#YokaTakam<\/a> <a href=\"https:\/\/t.co\/BrBnyD5ofr\">pic.twitter.com\/BrBnyD5ofr<\/a><\/p>\n<p>\u2014 CANAL+ Sport (@CanalplusSport) <a href=\"https:\/\/twitter.com\/CanalplusSport\/status\/1634696363177811969?ref_src=twsrc%5Etfw\">March 11, 2023<\/a><\/p><\/blockquote>\n<p><script async src=\"https:\/\/platform.twitter.com\/widgets.js\" charset=\"utf-8\"><\/script><\/p>\n","protected":false},"excerpt":{"rendered":"<p>BOXE &#8211; M\u00eame s&rsquo;il a sembl\u00e9 marqu\u00e9 par cette nouvelle d\u00e9faite, Tony Yoka a promis qu&rsquo;il allait se remettre au travail pour revenir plus fort.\u00a0<\/p>\n","protected":false},"author":1,"featured_media":364630,"comment_status":"open","ping_status":"closed","sticky":false,"template":"","format":"standard","meta":{"_acf_changed":false,"_daextam_enable_autolinks":"","footnotes":""},"categories":[8672],"tags":[622,16878,4268,4269],"class_list":["post-364628","post","type-post","status-publish","format-standard","has-post-thumbnail","hentry","category-boxe","tag-boxe","tag-breve","tag-tony-yoka","tag-yoka"],"acf":[],"yoast_head":"<!-- This site is optimized with the Yoast SEO Premium plugin v26.7 (Yoast SEO v26.7) - https:\/\/yoast.com\/wordpress\/plugins\/seo\/ -->\n<title>Tony Yoka : &quot;J&#039;avais d\u00e9cid\u00e9 de revenir avec un gros combat&quot;<\/title>\n<meta name=\"description\" content=\"BOXE - M\u00eame s&#039;il a sembl\u00e9 marqu\u00e9 par cette nouvelle d\u00e9faite, Tony Yoka a promis qu&#039;il allait se remettre au travail pour revenir plus fort.\u00a0\" \/>\n<meta name=\"robots\" content=\"index, follow, max-snippet:-1, max-image-preview:large, max-video-preview:-1\" \/>\n<link rel=\"canonical\" href=\"https:\/\/dicodusport.fr\/blog\/tony-yoka-javais-decide-de-revenir-avec-un-gros-combat\/\" \/>\n<meta property=\"og:locale\" content=\"fr_FR\" \/>\n<meta property=\"og:type\" content=\"article\" \/>\n<meta property=\"og:title\" content=\"Tony Yoka : &quot;J&#039;avais d\u00e9cid\u00e9 de revenir avec un gros combat&quot;\" \/>\n<meta property=\"og:description\" content=\"BOXE - M\u00eame s&#039;il a sembl\u00e9 marqu\u00e9 par cette nouvelle d\u00e9faite, Tony Yoka a promis qu&#039;il allait se remettre au travail pour revenir plus fort.\u00a0\" \/>\n<meta property=\"og:url\" content=\"https:\/\/dicodusport.fr\/blog\/tony-yoka-javais-decide-de-revenir-avec-un-gros-combat\/\" \/>\n<meta property=\"og:site_name\" content=\"Dicodusport\" \/>\n<meta property=\"article:publisher\" content=\"https:\/\/www.facebook.com\/dicodusport\" \/>\n<meta property=\"article:author\" content=\"https:\/\/www.facebook.com\/dicodusport\" \/>\n<meta property=\"article:published_time\" content=\"2023-03-12T06:27:10+00:00\" \/>\n<meta property=\"article:modified_time\" content=\"2023-03-12T08:35:41+00:00\" \/>\n<meta property=\"og:image\" content=\"https:\/\/dicodusport.fr\/blog\/wp-content\/uploads\/2023\/03\/Tony-Yoka-Javais-decide-de-revenir-avec-un-gros-combat.png\" \/>\n\t<meta property=\"og:image:width\" content=\"800\" \/>\n\t<meta property=\"og:image:height\" content=\"445\" \/>\n\t<meta property=\"og:image:type\" content=\"image\/png\" \/>\n<meta name=\"author\" content=\"Nicolas Jacquemard\" \/>\n<meta name=\"twitter:card\" content=\"summary_large_image\" \/>\n<meta name=\"twitter:title\" content=\"Tony Yoka : &quot;J&#039;avais d\u00e9cid\u00e9 de revenir avec un gros combat&quot;\" \/>\n<meta name=\"twitter:creator\" content=\"@https:\/\/twitter.com\/Nico_Jacquemard\" \/>\n<meta name=\"twitter:site\" content=\"@dicodusport\" \/>\n<script type=\"application\/ld+json\" class=\"yoast-schema-graph\">{\"@context\":\"https:\/\/schema.org\",\"@graph\":[{\"@type\":\"NewsArticle\",\"@id\":\"https:\/\/dicodusport.fr\/blog\/tony-yoka-javais-decide-de-revenir-avec-un-gros-combat\/#article\",\"isPartOf\":{\"@id\":\"https:\/\/dicodusport.fr\/blog\/tony-yoka-javais-decide-de-revenir-avec-un-gros-combat\/\"},\"author\":{\"name\":\"Nicolas Jacquemard\",\"@id\":\"https:\/\/dicodusport.fr\/blog\/#\/schema\/person\/55dcb50ad410894e431ed812bbb70191\"},\"headline\":\"Tony Yoka : \u00ab\u00a0J&rsquo;avais d\u00e9cid\u00e9 de revenir avec un gros combat\u00a0\u00bb\",\"datePublished\":\"2023-03-12T06:27:10+00:00\",\"dateModified\":\"2023-03-12T08:35:41+00:00\",\"mainEntityOfPage\":{\"@id\":\"https:\/\/dicodusport.fr\/blog\/tony-yoka-javais-decide-de-revenir-avec-un-gros-combat\/\"},\"wordCount\":289,\"commentCount\":0,\"publisher\":{\"@id\":\"https:\/\/dicodusport.fr\/blog\/#organization\"},\"image\":{\"@id\":\"https:\/\/dicodusport.fr\/blog\/tony-yoka-javais-decide-de-revenir-avec-un-gros-combat\/#primaryimage\"},\"thumbnailUrl\":\"https:\/\/dicodusport.fr\/blog\/wp-content\/uploads\/2023\/03\/Tony-Yoka-Javais-decide-de-revenir-avec-un-gros-combat.png\",\"keywords\":[\"boxe\",\"br\u00e8ve\",\"Tony Yoka\",\"Yoka\"],\"articleSection\":[\"Boxe\"],\"inLanguage\":\"fr-FR\",\"potentialAction\":[{\"@type\":\"CommentAction\",\"name\":\"Comment\",\"target\":[\"https:\/\/dicodusport.fr\/blog\/tony-yoka-javais-decide-de-revenir-avec-un-gros-combat\/#respond\"]}],\"copyrightYear\":\"2023\",\"copyrightHolder\":{\"@id\":\"https:\/\/dicodusport.fr\/blog\/#organization\"}},{\"@type\":\"WebPage\",\"@id\":\"https:\/\/dicodusport.fr\/blog\/tony-yoka-javais-decide-de-revenir-avec-un-gros-combat\/\",\"url\":\"https:\/\/dicodusport.fr\/blog\/tony-yoka-javais-decide-de-revenir-avec-un-gros-combat\/\",\"name\":\"Tony Yoka : \\\"J'avais d\u00e9cid\u00e9 de revenir avec un gros combat\\\"\",\"isPartOf\":{\"@id\":\"https:\/\/dicodusport.fr\/blog\/#website\"},\"primaryImageOfPage\":{\"@id\":\"https:\/\/dicodusport.fr\/blog\/tony-yoka-javais-decide-de-revenir-avec-un-gros-combat\/#primaryimage\"},\"image\":{\"@id\":\"https:\/\/dicodusport.fr\/blog\/tony-yoka-javais-decide-de-revenir-avec-un-gros-combat\/#primaryimage\"},\"thumbnailUrl\":\"https:\/\/dicodusport.fr\/blog\/wp-content\/uploads\/2023\/03\/Tony-Yoka-Javais-decide-de-revenir-avec-un-gros-combat.png\",\"datePublished\":\"2023-03-12T06:27:10+00:00\",\"dateModified\":\"2023-03-12T08:35:41+00:00\",\"description\":\"BOXE - M\u00eame s'il a sembl\u00e9 marqu\u00e9 par cette nouvelle d\u00e9faite, Tony Yoka a promis qu'il allait se remettre au travail pour revenir plus fort.\u00a0\",\"breadcrumb\":{\"@id\":\"https:\/\/dicodusport.fr\/blog\/tony-yoka-javais-decide-de-revenir-avec-un-gros-combat\/#breadcrumb\"},\"inLanguage\":\"fr-FR\",\"potentialAction\":[{\"@type\":\"ReadAction\",\"target\":[\"https:\/\/dicodusport.fr\/blog\/tony-yoka-javais-decide-de-revenir-avec-un-gros-combat\/\"]}]},{\"@type\":\"ImageObject\",\"inLanguage\":\"fr-FR\",\"@id\":\"https:\/\/dicodusport.fr\/blog\/tony-yoka-javais-decide-de-revenir-avec-un-gros-combat\/#primaryimage\",\"url\":\"https:\/\/dicodusport.fr\/blog\/wp-content\/uploads\/2023\/03\/Tony-Yoka-Javais-decide-de-revenir-avec-un-gros-combat.png\",\"contentUrl\":\"https:\/\/dicodusport.fr\/blog\/wp-content\/uploads\/2023\/03\/Tony-Yoka-Javais-decide-de-revenir-avec-un-gros-combat.png\",\"width\":800,\"height\":445},{\"@type\":\"BreadcrumbList\",\"@id\":\"https:\/\/dicodusport.fr\/blog\/tony-yoka-javais-decide-de-revenir-avec-un-gros-combat\/#breadcrumb\",\"itemListElement\":[{\"@type\":\"ListItem\",\"position\":1,\"name\":\"Accueil\",\"item\":\"https:\/\/dicodusport.fr\/blog\/\"},{\"@type\":\"ListItem\",\"position\":2,\"name\":\"Tony Yoka : \u00ab\u00a0J&rsquo;avais d\u00e9cid\u00e9 de revenir avec un gros combat\u00a0\u00bb\"}]},{\"@type\":\"WebSite\",\"@id\":\"https:\/\/dicodusport.fr\/blog\/#website\",\"url\":\"https:\/\/dicodusport.fr\/blog\/\",\"name\":\"Dicodusport\",\"description\":\"L&#039;encyclop\u00e9die de l&#039;actualit\u00e9 sportive\",\"publisher\":{\"@id\":\"https:\/\/dicodusport.fr\/blog\/#organization\"},\"potentialAction\":[{\"@type\":\"SearchAction\",\"target\":{\"@type\":\"EntryPoint\",\"urlTemplate\":\"https:\/\/dicodusport.fr\/blog\/?s={search_term_string}\"},\"query-input\":{\"@type\":\"PropertyValueSpecification\",\"valueRequired\":true,\"valueName\":\"search_term_string\"}}],\"inLanguage\":\"fr-FR\"},{\"@type\":\"NewsMediaOrganization\",\"@id\":\"https:\/\/dicodusport.fr\/blog\/#organization\",\"name\":\"Dicodusport\",\"url\":\"https:\/\/dicodusport.fr\/blog\/\",\"logo\":{\"@type\":\"ImageObject\",\"inLanguage\":\"fr-FR\",\"@id\":\"https:\/\/dicodusport.fr\/blog\/#\/schema\/logo\/image\/\",\"url\":\"https:\/\/dicodusport.fr\/blog\/wp-content\/uploads\/2020\/06\/cropped-LOGO-DICODUSPORT-2020-SANS-FOND-SANS-TEXTE.png\",\"contentUrl\":\"https:\/\/dicodusport.fr\/blog\/wp-content\/uploads\/2020\/06\/cropped-LOGO-DICODUSPORT-2020-SANS-FOND-SANS-TEXTE.png\",\"width\":512,\"height\":512,\"caption\":\"Dicodusport\"},\"image\":{\"@id\":\"https:\/\/dicodusport.fr\/blog\/#\/schema\/logo\/image\/\"},\"sameAs\":[\"https:\/\/www.facebook.com\/dicodusport\",\"https:\/\/x.com\/dicodusport\",\"https:\/\/www.instagram.com\/dicodusport\/\",\"https:\/\/www.youtube.com\/channel\/UC7V2KZ5sd3htJivAbA4ZG3w\"],\"description\":\"Dicodusport est l'encyclop\u00e9die de l'actualit\u00e9 sportive.\",\"email\":\"bonjour@dicodusport.fr\",\"legalName\":\"DICODUSPORT\",\"foundingDate\":\"2018-01-14\",\"vatID\":\"FR71834470973\",\"taxID\":\"83447097300043\",\"numberOfEmployees\":{\"@type\":\"QuantitativeValue\",\"minValue\":\"1\",\"maxValue\":\"10\"}},{\"@type\":\"Person\",\"@id\":\"https:\/\/dicodusport.fr\/blog\/#\/schema\/person\/55dcb50ad410894e431ed812bbb70191\",\"name\":\"Nicolas Jacquemard\",\"image\":{\"@type\":\"ImageObject\",\"inLanguage\":\"fr-FR\",\"@id\":\"https:\/\/dicodusport.fr\/blog\/#\/schema\/person\/image\/\",\"url\":\"https:\/\/dicodusport.fr\/blog\/wp-content\/uploads\/2021\/05\/Nicolas-Jacquemard-150x150.jpeg\",\"contentUrl\":\"https:\/\/dicodusport.fr\/blog\/wp-content\/uploads\/2021\/05\/Nicolas-Jacquemard-150x150.jpeg\",\"caption\":\"Nicolas Jacquemard\"},\"description\":\"Passionn\u00e9 de sport et entrepreneur depuis mes 18 ans, la cr\u00e9ation de Dicodusport m'a sembl\u00e9 \u00e9vidente pour participer \u00e0 la m\u00e9diatisation d'un plus grand nombre de sports. Le chemin est long mais avec une \u00e9quipe des plus motiv\u00e9es et les Jeux Olympiques de Paris 2024 en point de mire, nous y arriverons ! Journaliste dans le monde du sport depuis plus de 5 ans, je traite aussi bien de football, de rugby, de biathlon que de cyclisme.\",\"sameAs\":[\"https:\/\/www.facebook.com\/dicodusport\",\"https:\/\/x.com\/https:\/\/twitter.com\/Nico_Jacquemard\"],\"url\":\"https:\/\/dicodusport.fr\/blog\/author\/dicodusport\/\"}]}<\/script>\n<!-- \/ Yoast SEO Premium plugin. -->","yoast_head_json":{"title":"Tony Yoka : \"J'avais d\u00e9cid\u00e9 de revenir avec un gros combat\"","description":"BOXE - M\u00eame s'il a sembl\u00e9 marqu\u00e9 par cette nouvelle d\u00e9faite, Tony Yoka a promis qu'il allait se remettre au travail pour revenir plus fort.\u00a0","robots":{"index":"index","follow":"follow","max-snippet":"max-snippet:-1","max-image-preview":"max-image-preview:large","max-video-preview":"max-video-preview:-1"},"canonical":"https:\/\/dicodusport.fr\/blog\/tony-yoka-javais-decide-de-revenir-avec-un-gros-combat\/","og_locale":"fr_FR","og_type":"article","og_title":"Tony Yoka : \"J'avais d\u00e9cid\u00e9 de revenir avec un gros combat\"","og_description":"BOXE - M\u00eame s'il a sembl\u00e9 marqu\u00e9 par cette nouvelle d\u00e9faite, Tony Yoka a promis qu'il allait se remettre au travail pour revenir plus fort.\u00a0","og_url":"https:\/\/dicodusport.fr\/blog\/tony-yoka-javais-decide-de-revenir-avec-un-gros-combat\/","og_site_name":"Dicodusport","article_publisher":"https:\/\/www.facebook.com\/dicodusport","article_author":"https:\/\/www.facebook.com\/dicodusport","article_published_time":"2023-03-12T06:27:10+00:00","article_modified_time":"2023-03-12T08:35:41+00:00","og_image":[{"width":800,"height":445,"url":"https:\/\/dicodusport.fr\/blog\/wp-content\/uploads\/2023\/03\/Tony-Yoka-Javais-decide-de-revenir-avec-un-gros-combat.png","type":"image\/png"}],"author":"Nicolas Jacquemard","twitter_card":"summary_large_image","twitter_title":"Tony Yoka : \"J'avais d\u00e9cid\u00e9 de revenir avec un gros combat\"","twitter_creator":"@https:\/\/twitter.com\/Nico_Jacquemard","twitter_site":"@dicodusport","schema":{"@context":"https:\/\/schema.org","@graph":[{"@type":"NewsArticle","@id":"https:\/\/dicodusport.fr\/blog\/tony-yoka-javais-decide-de-revenir-avec-un-gros-combat\/#article","isPartOf":{"@id":"https:\/\/dicodusport.fr\/blog\/tony-yoka-javais-decide-de-revenir-avec-un-gros-combat\/"},"author":{"name":"Nicolas Jacquemard","@id":"https:\/\/dicodusport.fr\/blog\/#\/schema\/person\/55dcb50ad410894e431ed812bbb70191"},"headline":"Tony Yoka : \u00ab\u00a0J&rsquo;avais d\u00e9cid\u00e9 de revenir avec un gros combat\u00a0\u00bb","datePublished":"2023-03-12T06:27:10+00:00","dateModified":"2023-03-12T08:35:41+00:00","mainEntityOfPage":{"@id":"https:\/\/dicodusport.fr\/blog\/tony-yoka-javais-decide-de-revenir-avec-un-gros-combat\/"},"wordCount":289,"commentCount":0,"publisher":{"@id":"https:\/\/dicodusport.fr\/blog\/#organization"},"image":{"@id":"https:\/\/dicodusport.fr\/blog\/tony-yoka-javais-decide-de-revenir-avec-un-gros-combat\/#primaryimage"},"thumbnailUrl":"https:\/\/dicodusport.fr\/blog\/wp-content\/uploads\/2023\/03\/Tony-Yoka-Javais-decide-de-revenir-avec-un-gros-combat.png","keywords":["boxe","br\u00e8ve","Tony Yoka","Yoka"],"articleSection":["Boxe"],"inLanguage":"fr-FR","potentialAction":[{"@type":"CommentAction","name":"Comment","target":["https:\/\/dicodusport.fr\/blog\/tony-yoka-javais-decide-de-revenir-avec-un-gros-combat\/#respond"]}],"copyrightYear":"2023","copyrightHolder":{"@id":"https:\/\/dicodusport.fr\/blog\/#organization"}},{"@type":"WebPage","@id":"https:\/\/dicodusport.fr\/blog\/tony-yoka-javais-decide-de-revenir-avec-un-gros-combat\/","url":"https:\/\/dicodusport.fr\/blog\/tony-yoka-javais-decide-de-revenir-avec-un-gros-combat\/","name":"Tony Yoka : \"J'avais d\u00e9cid\u00e9 de revenir avec un gros combat\"","isPartOf":{"@id":"https:\/\/dicodusport.fr\/blog\/#website"},"primaryImageOfPage":{"@id":"https:\/\/dicodusport.fr\/blog\/tony-yoka-javais-decide-de-revenir-avec-un-gros-combat\/#primaryimage"},"image":{"@id":"https:\/\/dicodusport.fr\/blog\/tony-yoka-javais-decide-de-revenir-avec-un-gros-combat\/#primaryimage"},"thumbnailUrl":"https:\/\/dicodusport.fr\/blog\/wp-content\/uploads\/2023\/03\/Tony-Yoka-Javais-decide-de-revenir-avec-un-gros-combat.png","datePublished":"2023-03-12T06:27:10+00:00","dateModified":"2023-03-12T08:35:41+00:00","description":"BOXE - M\u00eame s'il a sembl\u00e9 marqu\u00e9 par cette nouvelle d\u00e9faite, Tony Yoka a promis qu'il allait se remettre au travail pour revenir plus fort.\u00a0","breadcrumb":{"@id":"https:\/\/dicodusport.fr\/blog\/tony-yoka-javais-decide-de-revenir-avec-un-gros-combat\/#breadcrumb"},"inLanguage":"fr-FR","potentialAction":[{"@type":"ReadAction","target":["https:\/\/dicodusport.fr\/blog\/tony-yoka-javais-decide-de-revenir-avec-un-gros-combat\/"]}]},{"@type":"ImageObject","inLanguage":"fr-FR","@id":"https:\/\/dicodusport.fr\/blog\/tony-yoka-javais-decide-de-revenir-avec-un-gros-combat\/#primaryimage","url":"https:\/\/dicodusport.fr\/blog\/wp-content\/uploads\/2023\/03\/Tony-Yoka-Javais-decide-de-revenir-avec-un-gros-combat.png","contentUrl":"https:\/\/dicodusport.fr\/blog\/wp-content\/uploads\/2023\/03\/Tony-Yoka-Javais-decide-de-revenir-avec-un-gros-combat.png","width":800,"height":445},{"@type":"BreadcrumbList","@id":"https:\/\/dicodusport.fr\/blog\/tony-yoka-javais-decide-de-revenir-avec-un-gros-combat\/#breadcrumb","itemListElement":[{"@type":"ListItem","position":1,"name":"Accueil","item":"https:\/\/dicodusport.fr\/blog\/"},{"@type":"ListItem","position":2,"name":"Tony Yoka : \u00ab\u00a0J&rsquo;avais d\u00e9cid\u00e9 de revenir avec un gros combat\u00a0\u00bb"}]},{"@type":"WebSite","@id":"https:\/\/dicodusport.fr\/blog\/#website","url":"https:\/\/dicodusport.fr\/blog\/","name":"Dicodusport","description":"L&#039;encyclop\u00e9die de l&#039;actualit\u00e9 sportive","publisher":{"@id":"https:\/\/dicodusport.fr\/blog\/#organization"},"potentialAction":[{"@type":"SearchAction","target":{"@type":"EntryPoint","urlTemplate":"https:\/\/dicodusport.fr\/blog\/?s={search_term_string}"},"query-input":{"@type":"PropertyValueSpecification","valueRequired":true,"valueName":"search_term_string"}}],"inLanguage":"fr-FR"},{"@type":"NewsMediaOrganization","@id":"https:\/\/dicodusport.fr\/blog\/#organization","name":"Dicodusport","url":"https:\/\/dicodusport.fr\/blog\/","logo":{"@type":"ImageObject","inLanguage":"fr-FR","@id":"https:\/\/dicodusport.fr\/blog\/#\/schema\/logo\/image\/","url":"https:\/\/dicodusport.fr\/blog\/wp-content\/uploads\/2020\/06\/cropped-LOGO-DICODUSPORT-2020-SANS-FOND-SANS-TEXTE.png","contentUrl":"https:\/\/dicodusport.fr\/blog\/wp-content\/uploads\/2020\/06\/cropped-LOGO-DICODUSPORT-2020-SANS-FOND-SANS-TEXTE.png","width":512,"height":512,"caption":"Dicodusport"},"image":{"@id":"https:\/\/dicodusport.fr\/blog\/#\/schema\/logo\/image\/"},"sameAs":["https:\/\/www.facebook.com\/dicodusport","https:\/\/x.com\/dicodusport","https:\/\/www.instagram.com\/dicodusport\/","https:\/\/www.youtube.com\/channel\/UC7V2KZ5sd3htJivAbA4ZG3w"],"description":"Dicodusport est l'encyclop\u00e9die de l'actualit\u00e9 sportive.","email":"bonjour@dicodusport.fr","legalName":"DICODUSPORT","foundingDate":"2018-01-14","vatID":"FR71834470973","taxID":"83447097300043","numberOfEmployees":{"@type":"QuantitativeValue","minValue":"1","maxValue":"10"}},{"@type":"Person","@id":"https:\/\/dicodusport.fr\/blog\/#\/schema\/person\/55dcb50ad410894e431ed812bbb70191","name":"Nicolas Jacquemard","image":{"@type":"ImageObject","inLanguage":"fr-FR","@id":"https:\/\/dicodusport.fr\/blog\/#\/schema\/person\/image\/","url":"https:\/\/dicodusport.fr\/blog\/wp-content\/uploads\/2021\/05\/Nicolas-Jacquemard-150x150.jpeg","contentUrl":"https:\/\/dicodusport.fr\/blog\/wp-content\/uploads\/2021\/05\/Nicolas-Jacquemard-150x150.jpeg","caption":"Nicolas Jacquemard"},"description":"Passionn\u00e9 de sport et entrepreneur depuis mes 18 ans, la cr\u00e9ation de Dicodusport m'a sembl\u00e9 \u00e9vidente pour participer \u00e0 la m\u00e9diatisation d'un plus grand nombre de sports. Le chemin est long mais avec une \u00e9quipe des plus motiv\u00e9es et les Jeux Olympiques de Paris 2024 en point de mire, nous y arriverons ! Journaliste dans le monde du sport depuis plus de 5 ans, je traite aussi bien de football, de rugby, de biathlon que de cyclisme.","sameAs":["https:\/\/www.facebook.com\/dicodusport","https:\/\/x.com\/https:\/\/twitter.com\/Nico_Jacquemard"],"url":"https:\/\/dicodusport.fr\/blog\/author\/dicodusport\/"}]}},"_links":{"self":[{"href":"https:\/\/dicodusport.fr\/blog\/wp-json\/wp\/v2\/posts\/364628","targetHints":{"allow":["GET"]}}],"collection":[{"href":"https:\/\/dicodusport.fr\/blog\/wp-json\/wp\/v2\/posts"}],"about":[{"href":"https:\/\/dicodusport.fr\/blog\/wp-json\/wp\/v2\/types\/post"}],"author":[{"embeddable":true,"href":"https:\/\/dicodusport.fr\/blog\/wp-json\/wp\/v2\/users\/1"}],"replies":[{"embeddable":true,"href":"https:\/\/dicodusport.fr\/blog\/wp-json\/wp\/v2\/comments?post=364628"}],"version-history":[{"count":0,"href":"https:\/\/dicodusport.fr\/blog\/wp-json\/wp\/v2\/posts\/364628\/revisions"}],"wp:featuredmedia":[{"embeddable":true,"href":"https:\/\/dicodusport.fr\/blog\/wp-json\/wp\/v2\/media\/364630"}],"wp:attachment":[{"href":"https:\/\/dicodusport.fr\/blog\/wp-json\/wp\/v2\/media?parent=364628"}],"wp:term":[{"taxonomy":"category","embeddable":true,"href":"https:\/\/dicodusport.fr\/blog\/wp-json\/wp\/v2\/categories?post=364628"},{"taxonomy":"post_tag","embeddable":true,"href":"https:\/\/dicodusport.fr\/blog\/wp-json\/wp\/v2\/tags?post=364628"}],"curies":[{"name":"wp","href":"https:\/\/api.w.org\/{rel}","templated":true}]}}