{"id":364648,"date":"2023-03-12T10:40:19","date_gmt":"2023-03-12T09:40:19","guid":{"rendered":"https:\/\/dicodusport.fr\/blog\/?p=364648&#038;preview=true&#038;preview_id=364648"},"modified":"2023-03-12T11:47:16","modified_gmt":"2023-03-12T10:47:16","slug":"coupe-du-monde-de-gymnastique-de-bakou-marine-boyer-remporte-or-au-sol-et-argent-a-la-poutre","status":"publish","type":"post","link":"https:\/\/dicodusport.fr\/blog\/coupe-du-monde-de-gymnastique-de-bakou-marine-boyer-remporte-or-au-sol-et-argent-a-la-poutre\/","title":{"rendered":"Coupe du monde de gymnastique de Bakou : Marine Boyer remporte l&rsquo;or au sol et l&rsquo;argent \u00e0 la poutre !"},"content":{"rendered":"<p style=\"text-align: justify;\" align=\"justify\"><em><strong>COUPE DU MONDE DE GYMNASTIQUE 2023 &#8211; Feu d&rsquo;artifice pour cette derni\u00e8re journ\u00e9e ! Marine Boyer rafle deux m\u00e9dailles \u00e0 la poutre et au sol.<br \/>\n<\/strong><\/em><\/p>\n<p style=\"text-align: justify;\">Lors des qualifications de la poutre, <strong>Marine Boyer<\/strong> avait termin\u00e9 2e avec une note de 13.633. Et le podium des qualifications est conserv\u00e9. En effet, l&rsquo;Italienne <strong>Giorgia Villa<\/strong> a r\u00e9alis\u00e9 un tr\u00e8s bon passage obtenant une note de 13.966 (8.566 ex\u00e9cution, 5.4 difficult\u00e9). Pass\u00e9e en derni\u00e8re, Marine Boyer \u00e9tait la seule \u00e0 pouvoir la d\u00e9tr\u00f4ner. La Fran\u00e7aise r\u00e9alise \u00e9galement un tr\u00e8s bon passage. Mais un d\u00e9s\u00e9quilibre sur le salto japonais en d\u00e9but de mouvement lui fait rater l&rsquo;or. En effet, elle obtient une note de 13.866 (5.8 difficult\u00e9, 8.066 ex\u00e9cution). <a title=\"Internationaux de France : Marine Boyer en or \u00e0 la poutre\" href=\"https:\/\/dicodusport.fr\/blog\/internationaux-de-france-marine-boyer-en-or-a-la-poutre\/\" target=\"_blank\" rel=\"noopener\">M\u00e9daill\u00e9e d&rsquo;or \u00e0 Paris<\/a> en fin d&rsquo;ann\u00e9e derni\u00e8re, Marine Boyer rafle l\u00e0 sa premi\u00e8re m\u00e9daille de l&rsquo;ann\u00e9e. L&rsquo;Ukrainienne <strong>Anna Lashchevska<\/strong> compl\u00e8te le podium (13.433).<\/p>\n<div class=\"su-youtube su-u-responsive-media-yes\"><iframe loading=\"lazy\" width=\"600\" height=\"400\" src=\"https:\/\/www.youtube.com\/embed\/tyKQq7P9onM?\" frameborder=\"0\" allowfullscreen allow=\"autoplay; encrypted-media; picture-in-picture\" title=\"\"><\/iframe><\/div>\n<h2>Double ration de m\u00e9daille pour Boyer !<\/h2>\n<p style=\"text-align: justify;\">Pas le temps de se remettre de sa m\u00e9daille d&rsquo;argent, <strong>Marine Boyer<\/strong> encha\u00eenait avec le sol. 1\u00e8re des qualifications (12.966), elle visait le doubl\u00e9 ce matin. Et c&rsquo;est r\u00e9ussi ! Elle obtient <strong>12.833<\/strong> et remporte l&rsquo;or. L&rsquo;Italienne <strong>Arianna Belardelli<\/strong> est deuxi\u00e8me pour 0.033 ! Elle a notamment eu 0.300 de p\u00e9nalit\u00e9. La Turque <strong>Sevgi Kayisoglu<\/strong> compl\u00e8te le podium (12.566).<\/p>\n<blockquote class=\"twitter-tweet\">\n<p dir=\"ltr\" lang=\"en\">Marine Boyer \ud83c\uddeb\ud83c\uddf7 is the golden gymnast on Women&rsquo;s Floor Exercise in Baku \ud83c\udde6\ud83c\uddff! The two-time Olympian keeps her tumbling simple with a front layout full to punch front and a double pike, while packing a punch in her dance elements. The result is 12.833, and the title for Boyer! \ud83e\udd47 <a href=\"https:\/\/t.co\/GHPhh6jIRM\">pic.twitter.com\/GHPhh6jIRM<\/a><\/p>\n<p>\u2014 FIG (@gymnastics) <a href=\"https:\/\/twitter.com\/gymnastics\/status\/1634854976500449281?ref_src=twsrc%5Etfw\">March 12, 2023<\/a><\/p><\/blockquote>\n<p><script async src=\"https:\/\/platform.twitter.com\/widgets.js\" charset=\"utf-8\"><\/script><\/p>\n<h2>Benjamin Osberger au pied du podium<\/h2>\n<p style=\"text-align: justify;\"><strong>Benjamin Osberger<\/strong> \u00e9tait 3e des qualifications au <strong>cheval d&rsquo;ar\u00e7on<\/strong> (14.300). En finale, tr\u00e8s bon mouvement qui lui permet d&rsquo;obtenir 14.600 avec 6.0 de difficult\u00e9. Troisi\u00e8me provisoire, il devait attendre le passage de l&rsquo;exp\u00e9riment\u00e9 Irlandais <strong>Rhys McClenaghan<\/strong>. Et malheureusement, celui-ci s&rsquo;intercalera \u00e0 la deuxi\u00e8me place rel\u00e9guant le Fran\u00e7ais \u00e0 la 4e place.<\/p>\n<p style=\"text-align: justify;\">Le jeune Fran\u00e7ais s&rsquo;\u00e9tait mal r\u00e9ceptionn\u00e9 \u00e0 l&rsquo;entra\u00eenement la semaine derni\u00e8re \u00e0 l&rsquo;INSEP. S&rsquo;il avait craint le pire pour son genou gauche, l\u2019IRM avait r\u00e9v\u00e9l\u00e9 une entorse b\u00e9nigne du ligament crois\u00e9 ant\u00e9rieur. Le gymnaste a tout de m\u00eame pris part \u00e0 cette \u00e9tape de Coupe du monde mais en renon\u00e7ant au sol.<\/p>\n","protected":false},"excerpt":{"rendered":"<p>COUPE DU MONDE DE GYMNASTIQUE 2023 &#8211; Feu d&rsquo;artifice pour cette derni\u00e8re journ\u00e9e ! Marine Boyer rafle deux m\u00e9dailles \u00e0 la poutre et au sol.<\/p>\n","protected":false},"author":12,"featured_media":265012,"comment_status":"open","ping_status":"closed","sticky":false,"template":"","format":"standard","meta":{"_acf_changed":false,"_daextam_enable_autolinks":"","footnotes":""},"categories":[10429],"tags":[1481,26875,16878,30064,30065,5697],"class_list":["post-364648","post","type-post","status-publish","format-standard","has-post-thumbnail","hentry","category-gymnastique","tag-bakou","tag-benjamin-osberger","tag-breve","tag-coupe-du-monde-de-gymnastique-artistique","tag-gymnastique-artistique-francaise","tag-marine-boyer"],"acf":[],"yoast_head":"<!-- This site is optimized with the Yoast SEO Premium plugin v26.7 (Yoast SEO v26.7) - https:\/\/yoast.com\/wordpress\/plugins\/seo\/ -->\n<title>Coupe du monde de gymnastique de Bakou : Marine Boyer remporte l&#039;or au sol et l&#039;argent \u00e0 la poutre !<\/title>\n<meta name=\"description\" content=\"COUPE DU MONDE DE GYMNASTIQUE 2023 - Feu d&#039;artifice pour cette derni\u00e8re journ\u00e9e ! Marine Boyer rafle deux m\u00e9dailles \u00e0 la poutre et au sol.\" \/>\n<meta name=\"robots\" content=\"index, follow, max-snippet:-1, max-image-preview:large, max-video-preview:-1\" \/>\n<link rel=\"canonical\" href=\"https:\/\/dicodusport.fr\/blog\/coupe-du-monde-de-gymnastique-de-bakou-marine-boyer-remporte-or-au-sol-et-argent-a-la-poutre\/\" \/>\n<meta property=\"og:locale\" content=\"fr_FR\" \/>\n<meta property=\"og:type\" content=\"article\" \/>\n<meta property=\"og:title\" content=\"Coupe du monde de gymnastique de Bakou : Marine Boyer remporte l&#039;or au sol et l&#039;argent \u00e0 la poutre !\" \/>\n<meta property=\"og:description\" content=\"COUPE DU MONDE DE GYMNASTIQUE 2023 - Feu d&#039;artifice pour cette derni\u00e8re journ\u00e9e ! Marine Boyer rafle deux m\u00e9dailles \u00e0 la poutre et au sol.\" \/>\n<meta property=\"og:url\" content=\"https:\/\/dicodusport.fr\/blog\/coupe-du-monde-de-gymnastique-de-bakou-marine-boyer-remporte-or-au-sol-et-argent-a-la-poutre\/\" \/>\n<meta property=\"og:site_name\" content=\"Dicodusport\" \/>\n<meta property=\"article:publisher\" content=\"https:\/\/www.facebook.com\/dicodusport\" \/>\n<meta property=\"article:published_time\" content=\"2023-03-12T09:40:19+00:00\" \/>\n<meta property=\"article:modified_time\" content=\"2023-03-12T10:47:16+00:00\" \/>\n<meta property=\"og:image\" content=\"https:\/\/dicodusport.fr\/blog\/wp-content\/uploads\/2022\/09\/Internationaux-de-France-Marine-Boyer-en-or-a-la-poutre.jpg\" \/>\n\t<meta property=\"og:image:width\" content=\"800\" \/>\n\t<meta property=\"og:image:height\" content=\"445\" \/>\n\t<meta property=\"og:image:type\" content=\"image\/jpeg\" \/>\n<meta name=\"author\" content=\"Arlette Yeye\" \/>\n<meta name=\"twitter:card\" content=\"summary_large_image\" \/>\n<meta name=\"twitter:title\" content=\"Coupe du monde de gymnastique de Bakou : Marine Boyer remporte l&#039;or au sol et l&#039;argent \u00e0 la poutre !\" \/>\n<meta name=\"twitter:creator\" content=\"@https:\/\/twitter.com\/Shiclette94\" \/>\n<meta name=\"twitter:site\" content=\"@dicodusport\" \/>\n<script type=\"application\/ld+json\" class=\"yoast-schema-graph\">{\"@context\":\"https:\/\/schema.org\",\"@graph\":[{\"@type\":\"NewsArticle\",\"@id\":\"https:\/\/dicodusport.fr\/blog\/coupe-du-monde-de-gymnastique-de-bakou-marine-boyer-remporte-or-au-sol-et-argent-a-la-poutre\/#article\",\"isPartOf\":{\"@id\":\"https:\/\/dicodusport.fr\/blog\/coupe-du-monde-de-gymnastique-de-bakou-marine-boyer-remporte-or-au-sol-et-argent-a-la-poutre\/\"},\"author\":{\"name\":\"Arlette Yeye\",\"@id\":\"https:\/\/dicodusport.fr\/blog\/#\/schema\/person\/cce96fa88785bd8573e3d43078ac8c79\"},\"headline\":\"Coupe du monde de gymnastique de Bakou : Marine Boyer remporte l&rsquo;or au sol et l&rsquo;argent \u00e0 la poutre !\",\"datePublished\":\"2023-03-12T09:40:19+00:00\",\"dateModified\":\"2023-03-12T10:47:16+00:00\",\"mainEntityOfPage\":{\"@id\":\"https:\/\/dicodusport.fr\/blog\/coupe-du-monde-de-gymnastique-de-bakou-marine-boyer-remporte-or-au-sol-et-argent-a-la-poutre\/\"},\"wordCount\":441,\"commentCount\":0,\"publisher\":{\"@id\":\"https:\/\/dicodusport.fr\/blog\/#organization\"},\"image\":{\"@id\":\"https:\/\/dicodusport.fr\/blog\/coupe-du-monde-de-gymnastique-de-bakou-marine-boyer-remporte-or-au-sol-et-argent-a-la-poutre\/#primaryimage\"},\"thumbnailUrl\":\"https:\/\/dicodusport.fr\/blog\/wp-content\/uploads\/2022\/09\/Internationaux-de-France-Marine-Boyer-en-or-a-la-poutre.jpg\",\"keywords\":[\"Bakou\",\"Benjamin Osberger\",\"br\u00e8ve\",\"Coupe du monde de gymnastique artistique\",\"gymnastique artistique fran\u00e7aise\",\"Marine Boyer\"],\"articleSection\":[\"Gymnastique\"],\"inLanguage\":\"fr-FR\",\"potentialAction\":[{\"@type\":\"CommentAction\",\"name\":\"Comment\",\"target\":[\"https:\/\/dicodusport.fr\/blog\/coupe-du-monde-de-gymnastique-de-bakou-marine-boyer-remporte-or-au-sol-et-argent-a-la-poutre\/#respond\"]}],\"copyrightYear\":\"2023\",\"copyrightHolder\":{\"@id\":\"https:\/\/dicodusport.fr\/blog\/#organization\"}},{\"@type\":\"WebPage\",\"@id\":\"https:\/\/dicodusport.fr\/blog\/coupe-du-monde-de-gymnastique-de-bakou-marine-boyer-remporte-or-au-sol-et-argent-a-la-poutre\/\",\"url\":\"https:\/\/dicodusport.fr\/blog\/coupe-du-monde-de-gymnastique-de-bakou-marine-boyer-remporte-or-au-sol-et-argent-a-la-poutre\/\",\"name\":\"Coupe du monde de gymnastique de Bakou : Marine Boyer remporte l'or au sol et l'argent \u00e0 la poutre !\",\"isPartOf\":{\"@id\":\"https:\/\/dicodusport.fr\/blog\/#website\"},\"primaryImageOfPage\":{\"@id\":\"https:\/\/dicodusport.fr\/blog\/coupe-du-monde-de-gymnastique-de-bakou-marine-boyer-remporte-or-au-sol-et-argent-a-la-poutre\/#primaryimage\"},\"image\":{\"@id\":\"https:\/\/dicodusport.fr\/blog\/coupe-du-monde-de-gymnastique-de-bakou-marine-boyer-remporte-or-au-sol-et-argent-a-la-poutre\/#primaryimage\"},\"thumbnailUrl\":\"https:\/\/dicodusport.fr\/blog\/wp-content\/uploads\/2022\/09\/Internationaux-de-France-Marine-Boyer-en-or-a-la-poutre.jpg\",\"datePublished\":\"2023-03-12T09:40:19+00:00\",\"dateModified\":\"2023-03-12T10:47:16+00:00\",\"description\":\"COUPE DU MONDE DE GYMNASTIQUE 2023 - Feu d'artifice pour cette derni\u00e8re journ\u00e9e ! Marine Boyer rafle deux m\u00e9dailles \u00e0 la poutre et au sol.\",\"breadcrumb\":{\"@id\":\"https:\/\/dicodusport.fr\/blog\/coupe-du-monde-de-gymnastique-de-bakou-marine-boyer-remporte-or-au-sol-et-argent-a-la-poutre\/#breadcrumb\"},\"inLanguage\":\"fr-FR\",\"potentialAction\":[{\"@type\":\"ReadAction\",\"target\":[\"https:\/\/dicodusport.fr\/blog\/coupe-du-monde-de-gymnastique-de-bakou-marine-boyer-remporte-or-au-sol-et-argent-a-la-poutre\/\"]}]},{\"@type\":\"ImageObject\",\"inLanguage\":\"fr-FR\",\"@id\":\"https:\/\/dicodusport.fr\/blog\/coupe-du-monde-de-gymnastique-de-bakou-marine-boyer-remporte-or-au-sol-et-argent-a-la-poutre\/#primaryimage\",\"url\":\"https:\/\/dicodusport.fr\/blog\/wp-content\/uploads\/2022\/09\/Internationaux-de-France-Marine-Boyer-en-or-a-la-poutre.jpg\",\"contentUrl\":\"https:\/\/dicodusport.fr\/blog\/wp-content\/uploads\/2022\/09\/Internationaux-de-France-Marine-Boyer-en-or-a-la-poutre.jpg\",\"width\":800,\"height\":445,\"caption\":\"Coupe du monde de gymnastique de Bakou : Marine Boyer remporte l'or au sol et l'argent \u00e0 la poutre !\"},{\"@type\":\"BreadcrumbList\",\"@id\":\"https:\/\/dicodusport.fr\/blog\/coupe-du-monde-de-gymnastique-de-bakou-marine-boyer-remporte-or-au-sol-et-argent-a-la-poutre\/#breadcrumb\",\"itemListElement\":[{\"@type\":\"ListItem\",\"position\":1,\"name\":\"Accueil\",\"item\":\"https:\/\/dicodusport.fr\/blog\/\"},{\"@type\":\"ListItem\",\"position\":2,\"name\":\"Coupe du monde de gymnastique de Bakou : Marine Boyer remporte l&rsquo;or au sol et l&rsquo;argent \u00e0 la poutre !\"}]},{\"@type\":\"WebSite\",\"@id\":\"https:\/\/dicodusport.fr\/blog\/#website\",\"url\":\"https:\/\/dicodusport.fr\/blog\/\",\"name\":\"Dicodusport\",\"description\":\"L&#039;encyclop\u00e9die de l&#039;actualit\u00e9 sportive\",\"publisher\":{\"@id\":\"https:\/\/dicodusport.fr\/blog\/#organization\"},\"potentialAction\":[{\"@type\":\"SearchAction\",\"target\":{\"@type\":\"EntryPoint\",\"urlTemplate\":\"https:\/\/dicodusport.fr\/blog\/?s={search_term_string}\"},\"query-input\":{\"@type\":\"PropertyValueSpecification\",\"valueRequired\":true,\"valueName\":\"search_term_string\"}}],\"inLanguage\":\"fr-FR\"},{\"@type\":\"NewsMediaOrganization\",\"@id\":\"https:\/\/dicodusport.fr\/blog\/#organization\",\"name\":\"Dicodusport\",\"url\":\"https:\/\/dicodusport.fr\/blog\/\",\"logo\":{\"@type\":\"ImageObject\",\"inLanguage\":\"fr-FR\",\"@id\":\"https:\/\/dicodusport.fr\/blog\/#\/schema\/logo\/image\/\",\"url\":\"https:\/\/dicodusport.fr\/blog\/wp-content\/uploads\/2020\/06\/cropped-LOGO-DICODUSPORT-2020-SANS-FOND-SANS-TEXTE.png\",\"contentUrl\":\"https:\/\/dicodusport.fr\/blog\/wp-content\/uploads\/2020\/06\/cropped-LOGO-DICODUSPORT-2020-SANS-FOND-SANS-TEXTE.png\",\"width\":512,\"height\":512,\"caption\":\"Dicodusport\"},\"image\":{\"@id\":\"https:\/\/dicodusport.fr\/blog\/#\/schema\/logo\/image\/\"},\"sameAs\":[\"https:\/\/www.facebook.com\/dicodusport\",\"https:\/\/x.com\/dicodusport\",\"https:\/\/www.instagram.com\/dicodusport\/\",\"https:\/\/www.youtube.com\/channel\/UC7V2KZ5sd3htJivAbA4ZG3w\"],\"description\":\"Dicodusport est l'encyclop\u00e9die de l'actualit\u00e9 sportive.\",\"email\":\"bonjour@dicodusport.fr\",\"legalName\":\"DICODUSPORT\",\"foundingDate\":\"2018-01-14\",\"vatID\":\"FR71834470973\",\"taxID\":\"83447097300043\",\"numberOfEmployees\":{\"@type\":\"QuantitativeValue\",\"minValue\":\"1\",\"maxValue\":\"10\"}},{\"@type\":\"Person\",\"@id\":\"https:\/\/dicodusport.fr\/blog\/#\/schema\/person\/cce96fa88785bd8573e3d43078ac8c79\",\"name\":\"Arlette Yeye\",\"image\":{\"@type\":\"ImageObject\",\"inLanguage\":\"fr-FR\",\"@id\":\"https:\/\/dicodusport.fr\/blog\/#\/schema\/person\/image\/\",\"url\":\"https:\/\/secure.gravatar.com\/avatar\/dca4a6239e6d708e46c45d60e160de6c?s=96&d=wp_user_avatar&r=g\",\"contentUrl\":\"https:\/\/secure.gravatar.com\/avatar\/dca4a6239e6d708e46c45d60e160de6c?s=96&d=wp_user_avatar&r=g\",\"caption\":\"Arlette Yeye\"},\"description\":\"Journaliste\/r\u00e9dactrice depuis septembre 2015 - Supportrice de Chelsea, j'ai pour sports de pr\u00e9dilection le handball, l'athl\u00e9tisme et le tennis. Si je tweete plus vite que mon ombre, vous pouvez aussi me retrouver les week-ends sur les playgrounds de Bruxelles pour un petit foot ou basket entre potes. Parcourir la France, l'Europe et plus si affinit\u00e9s pour suivre mes sportifs pr\u00e9f\u00e9r\u00e9s ? Mon kif ! Et c'est avec plaisir que je partage les r\u00e9sultats des sports populaires mais \u00e9galement plus confidentiels pour Dicodusport.\",\"sameAs\":[\"https:\/\/x.com\/https:\/\/twitter.com\/Shiclette94\"],\"url\":\"https:\/\/dicodusport.fr\/blog\/author\/arlette\/\"}]}<\/script>\n<!-- \/ Yoast SEO Premium plugin. -->","yoast_head_json":{"title":"Coupe du monde de gymnastique de Bakou : Marine Boyer remporte l'or au sol et l'argent \u00e0 la poutre !","description":"COUPE DU MONDE DE GYMNASTIQUE 2023 - Feu d'artifice pour cette derni\u00e8re journ\u00e9e ! Marine Boyer rafle deux m\u00e9dailles \u00e0 la poutre et au sol.","robots":{"index":"index","follow":"follow","max-snippet":"max-snippet:-1","max-image-preview":"max-image-preview:large","max-video-preview":"max-video-preview:-1"},"canonical":"https:\/\/dicodusport.fr\/blog\/coupe-du-monde-de-gymnastique-de-bakou-marine-boyer-remporte-or-au-sol-et-argent-a-la-poutre\/","og_locale":"fr_FR","og_type":"article","og_title":"Coupe du monde de gymnastique de Bakou : Marine Boyer remporte l'or au sol et l'argent \u00e0 la poutre !","og_description":"COUPE DU MONDE DE GYMNASTIQUE 2023 - Feu d'artifice pour cette derni\u00e8re journ\u00e9e ! Marine Boyer rafle deux m\u00e9dailles \u00e0 la poutre et au sol.","og_url":"https:\/\/dicodusport.fr\/blog\/coupe-du-monde-de-gymnastique-de-bakou-marine-boyer-remporte-or-au-sol-et-argent-a-la-poutre\/","og_site_name":"Dicodusport","article_publisher":"https:\/\/www.facebook.com\/dicodusport","article_published_time":"2023-03-12T09:40:19+00:00","article_modified_time":"2023-03-12T10:47:16+00:00","og_image":[{"width":800,"height":445,"url":"https:\/\/dicodusport.fr\/blog\/wp-content\/uploads\/2022\/09\/Internationaux-de-France-Marine-Boyer-en-or-a-la-poutre.jpg","type":"image\/jpeg"}],"author":"Arlette Yeye","twitter_card":"summary_large_image","twitter_title":"Coupe du monde de gymnastique de Bakou : Marine Boyer remporte l'or au sol et l'argent \u00e0 la poutre !","twitter_creator":"@https:\/\/twitter.com\/Shiclette94","twitter_site":"@dicodusport","schema":{"@context":"https:\/\/schema.org","@graph":[{"@type":"NewsArticle","@id":"https:\/\/dicodusport.fr\/blog\/coupe-du-monde-de-gymnastique-de-bakou-marine-boyer-remporte-or-au-sol-et-argent-a-la-poutre\/#article","isPartOf":{"@id":"https:\/\/dicodusport.fr\/blog\/coupe-du-monde-de-gymnastique-de-bakou-marine-boyer-remporte-or-au-sol-et-argent-a-la-poutre\/"},"author":{"name":"Arlette Yeye","@id":"https:\/\/dicodusport.fr\/blog\/#\/schema\/person\/cce96fa88785bd8573e3d43078ac8c79"},"headline":"Coupe du monde de gymnastique de Bakou : Marine Boyer remporte l&rsquo;or au sol et l&rsquo;argent \u00e0 la poutre !","datePublished":"2023-03-12T09:40:19+00:00","dateModified":"2023-03-12T10:47:16+00:00","mainEntityOfPage":{"@id":"https:\/\/dicodusport.fr\/blog\/coupe-du-monde-de-gymnastique-de-bakou-marine-boyer-remporte-or-au-sol-et-argent-a-la-poutre\/"},"wordCount":441,"commentCount":0,"publisher":{"@id":"https:\/\/dicodusport.fr\/blog\/#organization"},"image":{"@id":"https:\/\/dicodusport.fr\/blog\/coupe-du-monde-de-gymnastique-de-bakou-marine-boyer-remporte-or-au-sol-et-argent-a-la-poutre\/#primaryimage"},"thumbnailUrl":"https:\/\/dicodusport.fr\/blog\/wp-content\/uploads\/2022\/09\/Internationaux-de-France-Marine-Boyer-en-or-a-la-poutre.jpg","keywords":["Bakou","Benjamin Osberger","br\u00e8ve","Coupe du monde de gymnastique artistique","gymnastique artistique fran\u00e7aise","Marine Boyer"],"articleSection":["Gymnastique"],"inLanguage":"fr-FR","potentialAction":[{"@type":"CommentAction","name":"Comment","target":["https:\/\/dicodusport.fr\/blog\/coupe-du-monde-de-gymnastique-de-bakou-marine-boyer-remporte-or-au-sol-et-argent-a-la-poutre\/#respond"]}],"copyrightYear":"2023","copyrightHolder":{"@id":"https:\/\/dicodusport.fr\/blog\/#organization"}},{"@type":"WebPage","@id":"https:\/\/dicodusport.fr\/blog\/coupe-du-monde-de-gymnastique-de-bakou-marine-boyer-remporte-or-au-sol-et-argent-a-la-poutre\/","url":"https:\/\/dicodusport.fr\/blog\/coupe-du-monde-de-gymnastique-de-bakou-marine-boyer-remporte-or-au-sol-et-argent-a-la-poutre\/","name":"Coupe du monde de gymnastique de Bakou : Marine Boyer remporte l'or au sol et l'argent \u00e0 la poutre !","isPartOf":{"@id":"https:\/\/dicodusport.fr\/blog\/#website"},"primaryImageOfPage":{"@id":"https:\/\/dicodusport.fr\/blog\/coupe-du-monde-de-gymnastique-de-bakou-marine-boyer-remporte-or-au-sol-et-argent-a-la-poutre\/#primaryimage"},"image":{"@id":"https:\/\/dicodusport.fr\/blog\/coupe-du-monde-de-gymnastique-de-bakou-marine-boyer-remporte-or-au-sol-et-argent-a-la-poutre\/#primaryimage"},"thumbnailUrl":"https:\/\/dicodusport.fr\/blog\/wp-content\/uploads\/2022\/09\/Internationaux-de-France-Marine-Boyer-en-or-a-la-poutre.jpg","datePublished":"2023-03-12T09:40:19+00:00","dateModified":"2023-03-12T10:47:16+00:00","description":"COUPE DU MONDE DE GYMNASTIQUE 2023 - Feu d'artifice pour cette derni\u00e8re journ\u00e9e ! Marine Boyer rafle deux m\u00e9dailles \u00e0 la poutre et au sol.","breadcrumb":{"@id":"https:\/\/dicodusport.fr\/blog\/coupe-du-monde-de-gymnastique-de-bakou-marine-boyer-remporte-or-au-sol-et-argent-a-la-poutre\/#breadcrumb"},"inLanguage":"fr-FR","potentialAction":[{"@type":"ReadAction","target":["https:\/\/dicodusport.fr\/blog\/coupe-du-monde-de-gymnastique-de-bakou-marine-boyer-remporte-or-au-sol-et-argent-a-la-poutre\/"]}]},{"@type":"ImageObject","inLanguage":"fr-FR","@id":"https:\/\/dicodusport.fr\/blog\/coupe-du-monde-de-gymnastique-de-bakou-marine-boyer-remporte-or-au-sol-et-argent-a-la-poutre\/#primaryimage","url":"https:\/\/dicodusport.fr\/blog\/wp-content\/uploads\/2022\/09\/Internationaux-de-France-Marine-Boyer-en-or-a-la-poutre.jpg","contentUrl":"https:\/\/dicodusport.fr\/blog\/wp-content\/uploads\/2022\/09\/Internationaux-de-France-Marine-Boyer-en-or-a-la-poutre.jpg","width":800,"height":445,"caption":"Coupe du monde de gymnastique de Bakou : Marine Boyer remporte l'or au sol et l'argent \u00e0 la poutre !"},{"@type":"BreadcrumbList","@id":"https:\/\/dicodusport.fr\/blog\/coupe-du-monde-de-gymnastique-de-bakou-marine-boyer-remporte-or-au-sol-et-argent-a-la-poutre\/#breadcrumb","itemListElement":[{"@type":"ListItem","position":1,"name":"Accueil","item":"https:\/\/dicodusport.fr\/blog\/"},{"@type":"ListItem","position":2,"name":"Coupe du monde de gymnastique de Bakou : Marine Boyer remporte l&rsquo;or au sol et l&rsquo;argent \u00e0 la poutre !"}]},{"@type":"WebSite","@id":"https:\/\/dicodusport.fr\/blog\/#website","url":"https:\/\/dicodusport.fr\/blog\/","name":"Dicodusport","description":"L&#039;encyclop\u00e9die de l&#039;actualit\u00e9 sportive","publisher":{"@id":"https:\/\/dicodusport.fr\/blog\/#organization"},"potentialAction":[{"@type":"SearchAction","target":{"@type":"EntryPoint","urlTemplate":"https:\/\/dicodusport.fr\/blog\/?s={search_term_string}"},"query-input":{"@type":"PropertyValueSpecification","valueRequired":true,"valueName":"search_term_string"}}],"inLanguage":"fr-FR"},{"@type":"NewsMediaOrganization","@id":"https:\/\/dicodusport.fr\/blog\/#organization","name":"Dicodusport","url":"https:\/\/dicodusport.fr\/blog\/","logo":{"@type":"ImageObject","inLanguage":"fr-FR","@id":"https:\/\/dicodusport.fr\/blog\/#\/schema\/logo\/image\/","url":"https:\/\/dicodusport.fr\/blog\/wp-content\/uploads\/2020\/06\/cropped-LOGO-DICODUSPORT-2020-SANS-FOND-SANS-TEXTE.png","contentUrl":"https:\/\/dicodusport.fr\/blog\/wp-content\/uploads\/2020\/06\/cropped-LOGO-DICODUSPORT-2020-SANS-FOND-SANS-TEXTE.png","width":512,"height":512,"caption":"Dicodusport"},"image":{"@id":"https:\/\/dicodusport.fr\/blog\/#\/schema\/logo\/image\/"},"sameAs":["https:\/\/www.facebook.com\/dicodusport","https:\/\/x.com\/dicodusport","https:\/\/www.instagram.com\/dicodusport\/","https:\/\/www.youtube.com\/channel\/UC7V2KZ5sd3htJivAbA4ZG3w"],"description":"Dicodusport est l'encyclop\u00e9die de l'actualit\u00e9 sportive.","email":"bonjour@dicodusport.fr","legalName":"DICODUSPORT","foundingDate":"2018-01-14","vatID":"FR71834470973","taxID":"83447097300043","numberOfEmployees":{"@type":"QuantitativeValue","minValue":"1","maxValue":"10"}},{"@type":"Person","@id":"https:\/\/dicodusport.fr\/blog\/#\/schema\/person\/cce96fa88785bd8573e3d43078ac8c79","name":"Arlette Yeye","image":{"@type":"ImageObject","inLanguage":"fr-FR","@id":"https:\/\/dicodusport.fr\/blog\/#\/schema\/person\/image\/","url":"https:\/\/secure.gravatar.com\/avatar\/dca4a6239e6d708e46c45d60e160de6c?s=96&d=wp_user_avatar&r=g","contentUrl":"https:\/\/secure.gravatar.com\/avatar\/dca4a6239e6d708e46c45d60e160de6c?s=96&d=wp_user_avatar&r=g","caption":"Arlette Yeye"},"description":"Journaliste\/r\u00e9dactrice depuis septembre 2015 - Supportrice de Chelsea, j'ai pour sports de pr\u00e9dilection le handball, l'athl\u00e9tisme et le tennis. Si je tweete plus vite que mon ombre, vous pouvez aussi me retrouver les week-ends sur les playgrounds de Bruxelles pour un petit foot ou basket entre potes. Parcourir la France, l'Europe et plus si affinit\u00e9s pour suivre mes sportifs pr\u00e9f\u00e9r\u00e9s ? Mon kif ! Et c'est avec plaisir que je partage les r\u00e9sultats des sports populaires mais \u00e9galement plus confidentiels pour Dicodusport.","sameAs":["https:\/\/x.com\/https:\/\/twitter.com\/Shiclette94"],"url":"https:\/\/dicodusport.fr\/blog\/author\/arlette\/"}]}},"_links":{"self":[{"href":"https:\/\/dicodusport.fr\/blog\/wp-json\/wp\/v2\/posts\/364648","targetHints":{"allow":["GET"]}}],"collection":[{"href":"https:\/\/dicodusport.fr\/blog\/wp-json\/wp\/v2\/posts"}],"about":[{"href":"https:\/\/dicodusport.fr\/blog\/wp-json\/wp\/v2\/types\/post"}],"author":[{"embeddable":true,"href":"https:\/\/dicodusport.fr\/blog\/wp-json\/wp\/v2\/users\/12"}],"replies":[{"embeddable":true,"href":"https:\/\/dicodusport.fr\/blog\/wp-json\/wp\/v2\/comments?post=364648"}],"version-history":[{"count":0,"href":"https:\/\/dicodusport.fr\/blog\/wp-json\/wp\/v2\/posts\/364648\/revisions"}],"wp:featuredmedia":[{"embeddable":true,"href":"https:\/\/dicodusport.fr\/blog\/wp-json\/wp\/v2\/media\/265012"}],"wp:attachment":[{"href":"https:\/\/dicodusport.fr\/blog\/wp-json\/wp\/v2\/media?parent=364648"}],"wp:term":[{"taxonomy":"category","embeddable":true,"href":"https:\/\/dicodusport.fr\/blog\/wp-json\/wp\/v2\/categories?post=364648"},{"taxonomy":"post_tag","embeddable":true,"href":"https:\/\/dicodusport.fr\/blog\/wp-json\/wp\/v2\/tags?post=364648"}],"curies":[{"name":"wp","href":"https:\/\/api.w.org\/{rel}","templated":true}]}}