{"id":364650,"date":"2023-03-12T09:54:36","date_gmt":"2023-03-12T08:54:36","guid":{"rendered":"https:\/\/dicodusport.fr\/blog\/?p=364650&#038;preview=true&#038;preview_id=364650"},"modified":"2023-03-12T11:46:00","modified_gmt":"2023-03-12T10:46:00","slug":"mondiaux-juniors-biathlon-jeanne-richard-en-argent-sur-la-poursuite","status":"publish","type":"post","link":"https:\/\/dicodusport.fr\/blog\/mondiaux-juniors-biathlon-jeanne-richard-en-argent-sur-la-poursuite\/","title":{"rendered":"Mondiaux Juniors Biathlon : Jeanne Richard en argent sur la poursuite"},"content":{"rendered":"<p style=\"text-align: justify;\"><em><strong>CHAMPIONNATS DU MONDE JEUNES ET JUNIORS DE BIATHLON \u2013 D\u00e9j\u00e0 quadruple m\u00e9daill\u00e9e d&rsquo;argent, Jeanne Richard est \u00e0 nouveau devenue vice-championne du monde ce dimanche \u00e0 Chtchoutchinsk (Kazakhstan). Cette fois, c&rsquo;est sur la poursuite que la Fran\u00e7aise a rafl\u00e9 la deuxi\u00e8me place, derri\u00e8re l&rsquo;intouchable allemande, Selina Grotian.<\/strong><\/em><\/p>\n<p style=\"text-align: justify;\">Et de 5 pour <strong>Jeanne Richard<\/strong> ! La Fran\u00e7aise a rafl\u00e9 une cinqui\u00e8me m\u00e9daille d&rsquo;argent aux <strong>Mondiaux de Chtchoutchinsk (Kazakhstan)<\/strong>, ce dimanche. Apr\u00e8s <a href=\"https:\/\/dicodusport.fr\/blog\/mondiaux-juniors-biathlon-jeanne-richard-et-leonie-jannier-sur-le-podium-de-lindividuel\/\">l&rsquo;individuel<\/a>, <a href=\"https:\/\/dicodusport.fr\/blog\/mondiaux-juniors-biathlon-jeanne-richard-vice-championne-du-monde-du-sprint\/\">le sprint<\/a> et les relais mixte et <a href=\"https:\/\/dicodusport.fr\/blog\/mondiaux-juniors-biathlon-les-bleues-en-argent-sur-le-relais-feminin\/\">f\u00e9minin<\/a>, la biathl\u00e8te de 21 ans est devenue vice-championne du monde de poursuite. Deuxi\u00e8me du sprint samedi,<strong> Richard<\/strong> a boucl\u00e9 la course avec un 17\/20 au tir (0-0-1-2), et n&rsquo;aura pas \u00e0 avoir de regrets \u00e0 l&rsquo;issue de la course.<\/p>\n<p style=\"text-align: justify;\">Car devant elle, <strong>Selina Grotian<\/strong> \u00e9tait trop forte. Malgr\u00e9 deux fautes sur son premier tir debout, la biathl\u00e8te allemande avait une telle marge sur les skis, qu&rsquo;elle ne risquait pas grand-chose ce dimanche, et ce malgr\u00e9 un 16\/20 au tir. <strong>Grotian<\/strong>, d\u00e9j\u00e0 sacr\u00e9e sur le sprint hier, mais aussi sur les relais mixte et f\u00e9minin, empoche donc un quatri\u00e8me titre mondial au Kazakhstan. Une v\u00e9ritable p\u00e9pite qui compte, d\u00e9j\u00e0, trois podiums individuels en IBU Cup, dont deux succ\u00e8s. Le tout \u00e0 seulement 18 ans.<\/p>\n<blockquote class=\"twitter-tweet\">\n<p dir=\"ltr\" lang=\"en\">Congratulations to the Top 3 of the Junior Women Pursuit! Quite the medal haul, Selina and Jeanne \ud83d\ude0d<\/p>\n<p>\ud83e\udd47\ud83c\udde9\ud83c\uddea Selina Grotian<br \/>\n\ud83e\udd48\ud83c\uddeb\ud83c\uddf7 Jeanne Richard<br \/>\n\ud83e\udd49\ud83c\uddf3\ud83c\uddf4 Tuva Aas Straete<\/p>\n<p>Watch all competitions live on <a href=\"https:\/\/t.co\/x1KpmHD4Xn\">https:\/\/t.co\/x1KpmHD4Xn<\/a> and follow on the Official IBU App! <a href=\"https:\/\/twitter.com\/hashtag\/YJWCH2023?src=hash&amp;ref_src=twsrc%5Etfw\">#YJWCH2023<\/a> <a href=\"https:\/\/t.co\/y5zMvRhpMq\">pic.twitter.com\/y5zMvRhpMq<\/a><\/p>\n<p>\u2014 IBU Junior Cup (@IBU_Junior) <a href=\"https:\/\/twitter.com\/IBU_Junior\/status\/1634844463230066689?ref_src=twsrc%5Etfw\">March 12, 2023<\/a><\/p><\/blockquote>\n<p><script async src=\"https:\/\/platform.twitter.com\/widgets.js\" charset=\"utf-8\"><\/script><\/p>\n<p style=\"text-align: justify;\">Le podium est compl\u00e9t\u00e9 par la Norv\u00e9gienne <strong>Tuva Aas Straete<\/strong>. Au presque parfait sur le pas de tir (0-0-0-1), la Norv\u00e9gienne a r\u00e9sist\u00e9 au retour surpuissant d&rsquo;<strong>Ana\u00eblle Bondoux<\/strong>. La Tricolore, p\u00e9nalis\u00e9e \u00e0 trois reprises sur le dernier tir debout pour un 15\/20 au total, a \u00e9chou\u00e9 \u00e0 trois secondes de la Scandinave dans la lutte pour le bronze. \u00c0 noter, c\u00f4t\u00e9 fran\u00e7ais, la belle 7\u00e8me place de <strong>L\u00e9onie Jeannier<\/strong>, apr\u00e8s sa d\u00e9cevante 21\u00e8me place sur le sprint samedi. <strong>Fany Bertrand<\/strong> coupe quant \u00e0 elle la ligne en 23\u00e8me position.<\/p>\n<h2 style=\"text-align: justify;\">\u00c0 lire aussi<\/h2>\n<ul>\n<li style=\"text-align: justify;\"><a href=\"https:\/\/dicodusport.fr\/blog\/programme-et-resultats-biathlon-championnats-du-monde-jeunes-et-juniors-2023\/\"><strong>Programme et r\u00e9sultats des Mondiaux jeunes et juniors de biathlon<\/strong><\/a><\/li>\n<li style=\"text-align: justify;\"><a href=\"https:\/\/dicodusport.fr\/blog\/tableau-des-medailles-championnats-du-monde-biathlon-jeunes-et-juniors-2023\/\"><strong>Tableau des m\u00e9dailles des Mondiaux jeunes et juniors de biathlon<\/strong><\/a><\/li>\n<\/ul>\n","protected":false},"excerpt":{"rendered":"<p>CHAMPIONNATS DU MONDE JEUNES ET JUNIORS DE BIATHLON \u2013 D\u00e9j\u00e0 quadruple m\u00e9daill\u00e9e d&rsquo;argent, Jeanne Richard est \u00e0 nouveau devenue vice-championne du monde ce dimanche \u00e0 Chtchoutchinsk (Kazakhstan). Cette fois, c&rsquo;est sur la poursuite que la Fran\u00e7aise a rafl\u00e9 la deuxi\u00e8me place, derri\u00e8re l&rsquo;intouchable allemande, Selina Grotian.<\/p>\n","protected":false},"author":4,"featured_media":364653,"comment_status":"open","ping_status":"closed","sticky":false,"template":"","format":"standard","meta":{"_acf_changed":false,"_daextam_enable_autolinks":"","footnotes":""},"categories":[2426],"tags":[2427,16878,21319,15008],"class_list":["post-364650","post","type-post","status-publish","format-standard","has-post-thumbnail","hentry","category-biathlon","tag-biathlon","tag-breve","tag-championnats-du-monde-juniors-de-biathlon","tag-juniors"],"acf":[],"yoast_head":"<!-- This site is optimized with the Yoast SEO Premium plugin v26.7 (Yoast SEO v26.7) - https:\/\/yoast.com\/wordpress\/plugins\/seo\/ -->\n<title>Mondiaux Juniors Biathlon : Jeanne Richard en argent sur la poursuite<\/title>\n<meta name=\"description\" content=\"CHAMPIONNATS DU MONDE JEUNES ET JUNIORS DE BIATHLON \u2013 Jeanne Richard es devenue vice-championne du monde de la poursuite ce dimanche.\" \/>\n<meta name=\"robots\" content=\"index, follow, max-snippet:-1, max-image-preview:large, max-video-preview:-1\" \/>\n<link rel=\"canonical\" href=\"https:\/\/dicodusport.fr\/blog\/mondiaux-juniors-biathlon-jeanne-richard-en-argent-sur-la-poursuite\/\" \/>\n<meta property=\"og:locale\" content=\"fr_FR\" \/>\n<meta property=\"og:type\" content=\"article\" \/>\n<meta property=\"og:title\" content=\"Mondiaux Juniors Biathlon : Jeanne Richard en argent sur la poursuite\" \/>\n<meta property=\"og:description\" content=\"CHAMPIONNATS DU MONDE JEUNES ET JUNIORS DE BIATHLON \u2013 Jeanne Richard es devenue vice-championne du monde de la poursuite ce dimanche.\" \/>\n<meta property=\"og:url\" content=\"https:\/\/dicodusport.fr\/blog\/mondiaux-juniors-biathlon-jeanne-richard-en-argent-sur-la-poursuite\/\" \/>\n<meta property=\"og:site_name\" content=\"Dicodusport\" \/>\n<meta property=\"article:publisher\" content=\"https:\/\/www.facebook.com\/dicodusport\" \/>\n<meta property=\"article:author\" content=\"https:\/\/www.facebook.com\/florent.ostermann\" \/>\n<meta property=\"article:published_time\" content=\"2023-03-12T08:54:36+00:00\" \/>\n<meta property=\"article:modified_time\" content=\"2023-03-12T10:46:00+00:00\" \/>\n<meta property=\"og:image\" content=\"https:\/\/dicodusport.fr\/blog\/wp-content\/uploads\/2023\/03\/Mondiaux-juniors-biathlon-Jeanne-Richard-en-argent-sur-la-poursuite.png\" \/>\n\t<meta property=\"og:image:width\" content=\"800\" \/>\n\t<meta property=\"og:image:height\" content=\"445\" \/>\n\t<meta property=\"og:image:type\" content=\"image\/png\" \/>\n<meta name=\"author\" content=\"Flo Ostermann\" \/>\n<meta name=\"twitter:card\" content=\"summary_large_image\" \/>\n<meta name=\"twitter:title\" content=\"Mondiaux Juniors Biathlon : Jeanne Richard en argent sur la poursuite\" \/>\n<meta name=\"twitter:creator\" content=\"@https:\/\/twitter.com\/FlOstermann\" \/>\n<meta name=\"twitter:site\" content=\"@dicodusport\" \/>\n<script type=\"application\/ld+json\" class=\"yoast-schema-graph\">{\"@context\":\"https:\/\/schema.org\",\"@graph\":[{\"@type\":\"NewsArticle\",\"@id\":\"https:\/\/dicodusport.fr\/blog\/mondiaux-juniors-biathlon-jeanne-richard-en-argent-sur-la-poursuite\/#article\",\"isPartOf\":{\"@id\":\"https:\/\/dicodusport.fr\/blog\/mondiaux-juniors-biathlon-jeanne-richard-en-argent-sur-la-poursuite\/\"},\"author\":{\"name\":\"Flo Ostermann\",\"@id\":\"https:\/\/dicodusport.fr\/blog\/#\/schema\/person\/cb02af4c173ce4a653b55e9baf388d4a\"},\"headline\":\"Mondiaux Juniors Biathlon : Jeanne Richard en argent sur la poursuite\",\"datePublished\":\"2023-03-12T08:54:36+00:00\",\"dateModified\":\"2023-03-12T10:46:00+00:00\",\"mainEntityOfPage\":{\"@id\":\"https:\/\/dicodusport.fr\/blog\/mondiaux-juniors-biathlon-jeanne-richard-en-argent-sur-la-poursuite\/\"},\"wordCount\":407,\"commentCount\":0,\"publisher\":{\"@id\":\"https:\/\/dicodusport.fr\/blog\/#organization\"},\"image\":{\"@id\":\"https:\/\/dicodusport.fr\/blog\/mondiaux-juniors-biathlon-jeanne-richard-en-argent-sur-la-poursuite\/#primaryimage\"},\"thumbnailUrl\":\"https:\/\/dicodusport.fr\/blog\/wp-content\/uploads\/2023\/03\/Mondiaux-juniors-biathlon-Jeanne-Richard-en-argent-sur-la-poursuite.png\",\"keywords\":[\"Biathlon\",\"br\u00e8ve\",\"Championnats du monde juniors de biathlon\",\"Juniors\"],\"articleSection\":[\"Biathlon\"],\"inLanguage\":\"fr-FR\",\"potentialAction\":[{\"@type\":\"CommentAction\",\"name\":\"Comment\",\"target\":[\"https:\/\/dicodusport.fr\/blog\/mondiaux-juniors-biathlon-jeanne-richard-en-argent-sur-la-poursuite\/#respond\"]}],\"copyrightYear\":\"2023\",\"copyrightHolder\":{\"@id\":\"https:\/\/dicodusport.fr\/blog\/#organization\"}},{\"@type\":\"WebPage\",\"@id\":\"https:\/\/dicodusport.fr\/blog\/mondiaux-juniors-biathlon-jeanne-richard-en-argent-sur-la-poursuite\/\",\"url\":\"https:\/\/dicodusport.fr\/blog\/mondiaux-juniors-biathlon-jeanne-richard-en-argent-sur-la-poursuite\/\",\"name\":\"Mondiaux Juniors Biathlon : Jeanne Richard en argent sur la poursuite\",\"isPartOf\":{\"@id\":\"https:\/\/dicodusport.fr\/blog\/#website\"},\"primaryImageOfPage\":{\"@id\":\"https:\/\/dicodusport.fr\/blog\/mondiaux-juniors-biathlon-jeanne-richard-en-argent-sur-la-poursuite\/#primaryimage\"},\"image\":{\"@id\":\"https:\/\/dicodusport.fr\/blog\/mondiaux-juniors-biathlon-jeanne-richard-en-argent-sur-la-poursuite\/#primaryimage\"},\"thumbnailUrl\":\"https:\/\/dicodusport.fr\/blog\/wp-content\/uploads\/2023\/03\/Mondiaux-juniors-biathlon-Jeanne-Richard-en-argent-sur-la-poursuite.png\",\"datePublished\":\"2023-03-12T08:54:36+00:00\",\"dateModified\":\"2023-03-12T10:46:00+00:00\",\"description\":\"CHAMPIONNATS DU MONDE JEUNES ET JUNIORS DE BIATHLON \u2013 Jeanne Richard es devenue vice-championne du monde de la poursuite ce dimanche.\",\"breadcrumb\":{\"@id\":\"https:\/\/dicodusport.fr\/blog\/mondiaux-juniors-biathlon-jeanne-richard-en-argent-sur-la-poursuite\/#breadcrumb\"},\"inLanguage\":\"fr-FR\",\"potentialAction\":[{\"@type\":\"ReadAction\",\"target\":[\"https:\/\/dicodusport.fr\/blog\/mondiaux-juniors-biathlon-jeanne-richard-en-argent-sur-la-poursuite\/\"]}]},{\"@type\":\"ImageObject\",\"inLanguage\":\"fr-FR\",\"@id\":\"https:\/\/dicodusport.fr\/blog\/mondiaux-juniors-biathlon-jeanne-richard-en-argent-sur-la-poursuite\/#primaryimage\",\"url\":\"https:\/\/dicodusport.fr\/blog\/wp-content\/uploads\/2023\/03\/Mondiaux-juniors-biathlon-Jeanne-Richard-en-argent-sur-la-poursuite.png\",\"contentUrl\":\"https:\/\/dicodusport.fr\/blog\/wp-content\/uploads\/2023\/03\/Mondiaux-juniors-biathlon-Jeanne-Richard-en-argent-sur-la-poursuite.png\",\"width\":800,\"height\":445,\"caption\":\"Mondiaux juniors biathlon Jeanne Richard en argent sur la poursuite\"},{\"@type\":\"BreadcrumbList\",\"@id\":\"https:\/\/dicodusport.fr\/blog\/mondiaux-juniors-biathlon-jeanne-richard-en-argent-sur-la-poursuite\/#breadcrumb\",\"itemListElement\":[{\"@type\":\"ListItem\",\"position\":1,\"name\":\"Accueil\",\"item\":\"https:\/\/dicodusport.fr\/blog\/\"},{\"@type\":\"ListItem\",\"position\":2,\"name\":\"Mondiaux Juniors Biathlon : Jeanne Richard en argent sur la poursuite\"}]},{\"@type\":\"WebSite\",\"@id\":\"https:\/\/dicodusport.fr\/blog\/#website\",\"url\":\"https:\/\/dicodusport.fr\/blog\/\",\"name\":\"Dicodusport\",\"description\":\"L&#039;encyclop\u00e9die de l&#039;actualit\u00e9 sportive\",\"publisher\":{\"@id\":\"https:\/\/dicodusport.fr\/blog\/#organization\"},\"potentialAction\":[{\"@type\":\"SearchAction\",\"target\":{\"@type\":\"EntryPoint\",\"urlTemplate\":\"https:\/\/dicodusport.fr\/blog\/?s={search_term_string}\"},\"query-input\":{\"@type\":\"PropertyValueSpecification\",\"valueRequired\":true,\"valueName\":\"search_term_string\"}}],\"inLanguage\":\"fr-FR\"},{\"@type\":\"NewsMediaOrganization\",\"@id\":\"https:\/\/dicodusport.fr\/blog\/#organization\",\"name\":\"Dicodusport\",\"url\":\"https:\/\/dicodusport.fr\/blog\/\",\"logo\":{\"@type\":\"ImageObject\",\"inLanguage\":\"fr-FR\",\"@id\":\"https:\/\/dicodusport.fr\/blog\/#\/schema\/logo\/image\/\",\"url\":\"https:\/\/dicodusport.fr\/blog\/wp-content\/uploads\/2020\/06\/cropped-LOGO-DICODUSPORT-2020-SANS-FOND-SANS-TEXTE.png\",\"contentUrl\":\"https:\/\/dicodusport.fr\/blog\/wp-content\/uploads\/2020\/06\/cropped-LOGO-DICODUSPORT-2020-SANS-FOND-SANS-TEXTE.png\",\"width\":512,\"height\":512,\"caption\":\"Dicodusport\"},\"image\":{\"@id\":\"https:\/\/dicodusport.fr\/blog\/#\/schema\/logo\/image\/\"},\"sameAs\":[\"https:\/\/www.facebook.com\/dicodusport\",\"https:\/\/x.com\/dicodusport\",\"https:\/\/www.instagram.com\/dicodusport\/\",\"https:\/\/www.youtube.com\/channel\/UC7V2KZ5sd3htJivAbA4ZG3w\"],\"description\":\"Dicodusport est l'encyclop\u00e9die de l'actualit\u00e9 sportive.\",\"email\":\"bonjour@dicodusport.fr\",\"legalName\":\"DICODUSPORT\",\"foundingDate\":\"2018-01-14\",\"vatID\":\"FR71834470973\",\"taxID\":\"83447097300043\",\"numberOfEmployees\":{\"@type\":\"QuantitativeValue\",\"minValue\":\"1\",\"maxValue\":\"10\"}},{\"@type\":\"Person\",\"@id\":\"https:\/\/dicodusport.fr\/blog\/#\/schema\/person\/cb02af4c173ce4a653b55e9baf388d4a\",\"name\":\"Flo Ostermann\",\"image\":{\"@type\":\"ImageObject\",\"inLanguage\":\"fr-FR\",\"@id\":\"https:\/\/dicodusport.fr\/blog\/#\/schema\/person\/image\/\",\"url\":\"https:\/\/dicodusport.fr\/blog\/wp-content\/uploads\/2021\/05\/Flo-Ostermann-150x150.jpg\",\"contentUrl\":\"https:\/\/dicodusport.fr\/blog\/wp-content\/uploads\/2021\/05\/Flo-Ostermann-150x150.jpg\",\"caption\":\"Flo Ostermann\"},\"description\":\"Journaliste\/R\u00e9dacteur depuis septembre 2015 - Mes premiers souvenirs dans le sport ? Les envol\u00e9es du Stade Toulousain et les duels Villeneuve-Schumacher et H\u00e4kkinen-Schumacher \u00e0 la fin des ann\u00e9es 90, la Coupe du monde de football en 1998, l\u2019exploit du XV de France face aux All Blacks en 1999, mais aussi Richard C\u0153ur de Lion qui vole sur les montagnes du Tour de France. Bien parti pour devenir professeur d\u2019EPS, les \u00e9v\u00e9nements de la vie (et la flemme d\u2019animer des s\u00e9ances de 3x500 m\u00e8tres toute ma vie) m\u2019ont conduit \u00e0 revoir mes plans. Me voil\u00e0 depuis fin 2017 sur Dicodusport, m\u00e9dia gr\u00e2ce (et pour) lequel je partage ma passion : le sport dans tous ses \u00e9tats. Le tout accompagn\u00e9 par les fous furieux et folles furieuses cit\u00e9s sur cette page !\",\"sameAs\":[\"https:\/\/www.facebook.com\/florent.ostermann\",\"https:\/\/x.com\/https:\/\/twitter.com\/FlOstermann\",\"admin\"],\"url\":\"https:\/\/dicodusport.fr\/blog\/author\/flo\/\"}]}<\/script>\n<!-- \/ Yoast SEO Premium plugin. -->","yoast_head_json":{"title":"Mondiaux Juniors Biathlon : Jeanne Richard en argent sur la poursuite","description":"CHAMPIONNATS DU MONDE JEUNES ET JUNIORS DE BIATHLON \u2013 Jeanne Richard es devenue vice-championne du monde de la poursuite ce dimanche.","robots":{"index":"index","follow":"follow","max-snippet":"max-snippet:-1","max-image-preview":"max-image-preview:large","max-video-preview":"max-video-preview:-1"},"canonical":"https:\/\/dicodusport.fr\/blog\/mondiaux-juniors-biathlon-jeanne-richard-en-argent-sur-la-poursuite\/","og_locale":"fr_FR","og_type":"article","og_title":"Mondiaux Juniors Biathlon : Jeanne Richard en argent sur la poursuite","og_description":"CHAMPIONNATS DU MONDE JEUNES ET JUNIORS DE BIATHLON \u2013 Jeanne Richard es devenue vice-championne du monde de la poursuite ce dimanche.","og_url":"https:\/\/dicodusport.fr\/blog\/mondiaux-juniors-biathlon-jeanne-richard-en-argent-sur-la-poursuite\/","og_site_name":"Dicodusport","article_publisher":"https:\/\/www.facebook.com\/dicodusport","article_author":"https:\/\/www.facebook.com\/florent.ostermann","article_published_time":"2023-03-12T08:54:36+00:00","article_modified_time":"2023-03-12T10:46:00+00:00","og_image":[{"width":800,"height":445,"url":"https:\/\/dicodusport.fr\/blog\/wp-content\/uploads\/2023\/03\/Mondiaux-juniors-biathlon-Jeanne-Richard-en-argent-sur-la-poursuite.png","type":"image\/png"}],"author":"Flo Ostermann","twitter_card":"summary_large_image","twitter_title":"Mondiaux Juniors Biathlon : Jeanne Richard en argent sur la poursuite","twitter_creator":"@https:\/\/twitter.com\/FlOstermann","twitter_site":"@dicodusport","schema":{"@context":"https:\/\/schema.org","@graph":[{"@type":"NewsArticle","@id":"https:\/\/dicodusport.fr\/blog\/mondiaux-juniors-biathlon-jeanne-richard-en-argent-sur-la-poursuite\/#article","isPartOf":{"@id":"https:\/\/dicodusport.fr\/blog\/mondiaux-juniors-biathlon-jeanne-richard-en-argent-sur-la-poursuite\/"},"author":{"name":"Flo Ostermann","@id":"https:\/\/dicodusport.fr\/blog\/#\/schema\/person\/cb02af4c173ce4a653b55e9baf388d4a"},"headline":"Mondiaux Juniors Biathlon : Jeanne Richard en argent sur la poursuite","datePublished":"2023-03-12T08:54:36+00:00","dateModified":"2023-03-12T10:46:00+00:00","mainEntityOfPage":{"@id":"https:\/\/dicodusport.fr\/blog\/mondiaux-juniors-biathlon-jeanne-richard-en-argent-sur-la-poursuite\/"},"wordCount":407,"commentCount":0,"publisher":{"@id":"https:\/\/dicodusport.fr\/blog\/#organization"},"image":{"@id":"https:\/\/dicodusport.fr\/blog\/mondiaux-juniors-biathlon-jeanne-richard-en-argent-sur-la-poursuite\/#primaryimage"},"thumbnailUrl":"https:\/\/dicodusport.fr\/blog\/wp-content\/uploads\/2023\/03\/Mondiaux-juniors-biathlon-Jeanne-Richard-en-argent-sur-la-poursuite.png","keywords":["Biathlon","br\u00e8ve","Championnats du monde juniors de biathlon","Juniors"],"articleSection":["Biathlon"],"inLanguage":"fr-FR","potentialAction":[{"@type":"CommentAction","name":"Comment","target":["https:\/\/dicodusport.fr\/blog\/mondiaux-juniors-biathlon-jeanne-richard-en-argent-sur-la-poursuite\/#respond"]}],"copyrightYear":"2023","copyrightHolder":{"@id":"https:\/\/dicodusport.fr\/blog\/#organization"}},{"@type":"WebPage","@id":"https:\/\/dicodusport.fr\/blog\/mondiaux-juniors-biathlon-jeanne-richard-en-argent-sur-la-poursuite\/","url":"https:\/\/dicodusport.fr\/blog\/mondiaux-juniors-biathlon-jeanne-richard-en-argent-sur-la-poursuite\/","name":"Mondiaux Juniors Biathlon : Jeanne Richard en argent sur la poursuite","isPartOf":{"@id":"https:\/\/dicodusport.fr\/blog\/#website"},"primaryImageOfPage":{"@id":"https:\/\/dicodusport.fr\/blog\/mondiaux-juniors-biathlon-jeanne-richard-en-argent-sur-la-poursuite\/#primaryimage"},"image":{"@id":"https:\/\/dicodusport.fr\/blog\/mondiaux-juniors-biathlon-jeanne-richard-en-argent-sur-la-poursuite\/#primaryimage"},"thumbnailUrl":"https:\/\/dicodusport.fr\/blog\/wp-content\/uploads\/2023\/03\/Mondiaux-juniors-biathlon-Jeanne-Richard-en-argent-sur-la-poursuite.png","datePublished":"2023-03-12T08:54:36+00:00","dateModified":"2023-03-12T10:46:00+00:00","description":"CHAMPIONNATS DU MONDE JEUNES ET JUNIORS DE BIATHLON \u2013 Jeanne Richard es devenue vice-championne du monde de la poursuite ce dimanche.","breadcrumb":{"@id":"https:\/\/dicodusport.fr\/blog\/mondiaux-juniors-biathlon-jeanne-richard-en-argent-sur-la-poursuite\/#breadcrumb"},"inLanguage":"fr-FR","potentialAction":[{"@type":"ReadAction","target":["https:\/\/dicodusport.fr\/blog\/mondiaux-juniors-biathlon-jeanne-richard-en-argent-sur-la-poursuite\/"]}]},{"@type":"ImageObject","inLanguage":"fr-FR","@id":"https:\/\/dicodusport.fr\/blog\/mondiaux-juniors-biathlon-jeanne-richard-en-argent-sur-la-poursuite\/#primaryimage","url":"https:\/\/dicodusport.fr\/blog\/wp-content\/uploads\/2023\/03\/Mondiaux-juniors-biathlon-Jeanne-Richard-en-argent-sur-la-poursuite.png","contentUrl":"https:\/\/dicodusport.fr\/blog\/wp-content\/uploads\/2023\/03\/Mondiaux-juniors-biathlon-Jeanne-Richard-en-argent-sur-la-poursuite.png","width":800,"height":445,"caption":"Mondiaux juniors biathlon Jeanne Richard en argent sur la poursuite"},{"@type":"BreadcrumbList","@id":"https:\/\/dicodusport.fr\/blog\/mondiaux-juniors-biathlon-jeanne-richard-en-argent-sur-la-poursuite\/#breadcrumb","itemListElement":[{"@type":"ListItem","position":1,"name":"Accueil","item":"https:\/\/dicodusport.fr\/blog\/"},{"@type":"ListItem","position":2,"name":"Mondiaux Juniors Biathlon : Jeanne Richard en argent sur la poursuite"}]},{"@type":"WebSite","@id":"https:\/\/dicodusport.fr\/blog\/#website","url":"https:\/\/dicodusport.fr\/blog\/","name":"Dicodusport","description":"L&#039;encyclop\u00e9die de l&#039;actualit\u00e9 sportive","publisher":{"@id":"https:\/\/dicodusport.fr\/blog\/#organization"},"potentialAction":[{"@type":"SearchAction","target":{"@type":"EntryPoint","urlTemplate":"https:\/\/dicodusport.fr\/blog\/?s={search_term_string}"},"query-input":{"@type":"PropertyValueSpecification","valueRequired":true,"valueName":"search_term_string"}}],"inLanguage":"fr-FR"},{"@type":"NewsMediaOrganization","@id":"https:\/\/dicodusport.fr\/blog\/#organization","name":"Dicodusport","url":"https:\/\/dicodusport.fr\/blog\/","logo":{"@type":"ImageObject","inLanguage":"fr-FR","@id":"https:\/\/dicodusport.fr\/blog\/#\/schema\/logo\/image\/","url":"https:\/\/dicodusport.fr\/blog\/wp-content\/uploads\/2020\/06\/cropped-LOGO-DICODUSPORT-2020-SANS-FOND-SANS-TEXTE.png","contentUrl":"https:\/\/dicodusport.fr\/blog\/wp-content\/uploads\/2020\/06\/cropped-LOGO-DICODUSPORT-2020-SANS-FOND-SANS-TEXTE.png","width":512,"height":512,"caption":"Dicodusport"},"image":{"@id":"https:\/\/dicodusport.fr\/blog\/#\/schema\/logo\/image\/"},"sameAs":["https:\/\/www.facebook.com\/dicodusport","https:\/\/x.com\/dicodusport","https:\/\/www.instagram.com\/dicodusport\/","https:\/\/www.youtube.com\/channel\/UC7V2KZ5sd3htJivAbA4ZG3w"],"description":"Dicodusport est l'encyclop\u00e9die de l'actualit\u00e9 sportive.","email":"bonjour@dicodusport.fr","legalName":"DICODUSPORT","foundingDate":"2018-01-14","vatID":"FR71834470973","taxID":"83447097300043","numberOfEmployees":{"@type":"QuantitativeValue","minValue":"1","maxValue":"10"}},{"@type":"Person","@id":"https:\/\/dicodusport.fr\/blog\/#\/schema\/person\/cb02af4c173ce4a653b55e9baf388d4a","name":"Flo Ostermann","image":{"@type":"ImageObject","inLanguage":"fr-FR","@id":"https:\/\/dicodusport.fr\/blog\/#\/schema\/person\/image\/","url":"https:\/\/dicodusport.fr\/blog\/wp-content\/uploads\/2021\/05\/Flo-Ostermann-150x150.jpg","contentUrl":"https:\/\/dicodusport.fr\/blog\/wp-content\/uploads\/2021\/05\/Flo-Ostermann-150x150.jpg","caption":"Flo Ostermann"},"description":"Journaliste\/R\u00e9dacteur depuis septembre 2015 - Mes premiers souvenirs dans le sport ? Les envol\u00e9es du Stade Toulousain et les duels Villeneuve-Schumacher et H\u00e4kkinen-Schumacher \u00e0 la fin des ann\u00e9es 90, la Coupe du monde de football en 1998, l\u2019exploit du XV de France face aux All Blacks en 1999, mais aussi Richard C\u0153ur de Lion qui vole sur les montagnes du Tour de France. Bien parti pour devenir professeur d\u2019EPS, les \u00e9v\u00e9nements de la vie (et la flemme d\u2019animer des s\u00e9ances de 3x500 m\u00e8tres toute ma vie) m\u2019ont conduit \u00e0 revoir mes plans. Me voil\u00e0 depuis fin 2017 sur Dicodusport, m\u00e9dia gr\u00e2ce (et pour) lequel je partage ma passion : le sport dans tous ses \u00e9tats. Le tout accompagn\u00e9 par les fous furieux et folles furieuses cit\u00e9s sur cette page !","sameAs":["https:\/\/www.facebook.com\/florent.ostermann","https:\/\/x.com\/https:\/\/twitter.com\/FlOstermann","admin"],"url":"https:\/\/dicodusport.fr\/blog\/author\/flo\/"}]}},"_links":{"self":[{"href":"https:\/\/dicodusport.fr\/blog\/wp-json\/wp\/v2\/posts\/364650","targetHints":{"allow":["GET"]}}],"collection":[{"href":"https:\/\/dicodusport.fr\/blog\/wp-json\/wp\/v2\/posts"}],"about":[{"href":"https:\/\/dicodusport.fr\/blog\/wp-json\/wp\/v2\/types\/post"}],"author":[{"embeddable":true,"href":"https:\/\/dicodusport.fr\/blog\/wp-json\/wp\/v2\/users\/4"}],"replies":[{"embeddable":true,"href":"https:\/\/dicodusport.fr\/blog\/wp-json\/wp\/v2\/comments?post=364650"}],"version-history":[{"count":0,"href":"https:\/\/dicodusport.fr\/blog\/wp-json\/wp\/v2\/posts\/364650\/revisions"}],"wp:featuredmedia":[{"embeddable":true,"href":"https:\/\/dicodusport.fr\/blog\/wp-json\/wp\/v2\/media\/364653"}],"wp:attachment":[{"href":"https:\/\/dicodusport.fr\/blog\/wp-json\/wp\/v2\/media?parent=364650"}],"wp:term":[{"taxonomy":"category","embeddable":true,"href":"https:\/\/dicodusport.fr\/blog\/wp-json\/wp\/v2\/categories?post=364650"},{"taxonomy":"post_tag","embeddable":true,"href":"https:\/\/dicodusport.fr\/blog\/wp-json\/wp\/v2\/tags?post=364650"}],"curies":[{"name":"wp","href":"https:\/\/api.w.org\/{rel}","templated":true}]}}