{"id":364670,"date":"2023-03-12T10:59:50","date_gmt":"2023-03-12T09:59:50","guid":{"rendered":"https:\/\/dicodusport.fr\/blog\/?p=364670&#038;preview=true&#038;preview_id=364670"},"modified":"2023-03-12T11:13:57","modified_gmt":"2023-03-12T10:13:57","slug":"transferts-chris-farrell-signe-en-pro-d2-comme-joker-medical","status":"publish","type":"post","link":"https:\/\/dicodusport.fr\/blog\/transferts-chris-farrell-signe-en-pro-d2-comme-joker-medical\/","title":{"rendered":"Transferts : Chris Farrell signe en Pro D2 comme joker m\u00e9dical"},"content":{"rendered":"<p style=\"text-align: justify;\" align=\"justify\"><em><strong>RUGBY \u00c0 XV &#8211; Oyonnax a annonc\u00e9 la signature de l&rsquo;international irlandais Chris Farrell comme joker m\u00e9dical jusqu&rsquo;\u00e0 la fin de la saison de Pro D2.\u00a0<\/strong><\/em><\/p>\n<p style=\"text-align: justify;\" align=\"justify\">Le leader de <strong>Pro<\/strong> <strong>D2<\/strong> a d\u00fb vite r\u00e9agir apr\u00e8s la blessure de <strong>Gabiriele<\/strong> <strong>Lovobalavu<\/strong> pour plusieurs semaines. Le centre fidjien de 37 ans, qui a disput\u00e9 11 matchs de Pro D2 cette saison, s&rsquo;est bless\u00e9 au biceps. Le joueur n&rsquo;est pas certain de la date de son retour sur les terrains. <strong>Oyonnax<\/strong>, qui a la volont\u00e9 de retrouver le Top 14 d\u00e8s la saison prochaine, est bien parti pour y parvenir. Les <em>Oyomen<\/em> se sont donc mis en qu\u00eate d&rsquo;un rempla\u00e7ant.<\/p>\n<h2 style=\"text-align: justify;\" align=\"justify\">Chris Farrell a d\u00e9j\u00e0 \u00e9volu\u00e9 en France<\/h2>\n<p style=\"text-align: justify;\">C&rsquo;est <strong>Chris<\/strong> <strong>Farrell<\/strong>, international irlandais aux 15 s\u00e9lections, qui a \u00e9t\u00e9 choisi par les dirigeants du club de <strong>Pro<\/strong> <strong>D2<\/strong>. L&rsquo;Irlandais de 30 ans avait l&rsquo;avantage d&rsquo;\u00eatre libre de tout contrat apr\u00e8s son d\u00e9part du <strong>Munster<\/strong>. Apr\u00e8s avoir fait ses d\u00e9buts chez les professionnels avec l&rsquo;<strong>Ulster<\/strong>, il a jou\u00e9 trois saisons au <strong>FC<\/strong> <strong>Grenoble<\/strong> avant de s&rsquo;engager avec le <strong>Munster<\/strong> en 2017.<\/p>\n<p style=\"text-align: justify;\">Chris Farrell a encha\u00een\u00e9 les matchs avec la province irlandaise jusqu&rsquo;\u00e0 cette saison. Il a ensuite \u00e9t\u00e9 \u00e9cart\u00e9 puis lib\u00e9r\u00e9 de son contrat par le <strong>Munster<\/strong> \u00e0 l&rsquo;automne dernier. C&rsquo;est \u00e0 cause d&rsquo;une poursuite judiciaire pour <em>\u00ab non emp\u00eachement de crime \u00bb<\/em> dans une affaire de viol que <strong>Chris<\/strong> <strong>Farrell<\/strong> a \u00e9t\u00e9 renvoy\u00e9 devant la Cour d&rsquo;Assise de <strong>Bordeaux<\/strong>. Le proc\u00e8s n&rsquo;a toujours pas eu lieu. Mais le centre irlandais va donc reprendre du service avec Oyonnax.<\/p>\n<blockquote class=\"twitter-tweet\">\n<p dir=\"ltr\" lang=\"fr\">\u270d\ufe0f \ud835\udc11\ud835\udc04\ud835\udc02\ud835\udc11\ud835\udc14\ud835\udc04<br \/>\n\ud835\ude56\ud835\ude6b\ud835\ude5a\ud835\ude58 \ud835\ude63\ud835\ude64\ud835\ude69\ud835\ude67\ud835\ude5a \ud835\ude65\ud835\ude56\ud835\ude67\ud835\ude69\ud835\ude5a\ud835\ude63\ud835\ude56\ud835\ude5e\ud835\ude67\ud835\ude5a \ud835\ude3d\ud835\ude3f\ud835\ude4a \ud835\ude3c\ud835\ude51\ud835\ude4a\ud835\ude3e\ud835\ude3c\ud835\ude4f\ud835\ude4e<\/p>\n<p>\ud83d\ude4b\u200d\u2642\ufe0f CHRIS FARRELL<br \/>\n\ud83c\uddee\ud83c\uddea Irlandais, 29 ans<br \/>\n\ud83c\udf0d 15 s\u00e9lections (1 essai)<br \/>\n\ud83c\udfc9 Centre<\/p>\n<p>\ud83d\udd19 Ulster \/ Grenoble \/ Munster<br \/>\n\ud83d\udcc8 148 matchs (19 essais)<br \/>\n\ud83d\udd1c Joker m\u00e9dical<a href=\"https:\/\/twitter.com\/hashtag\/TOUSOYOMEN?src=hash&amp;ref_src=twsrc%5Etfw\">#TOUSOYOMEN<\/a><\/p>\n<p>\u2014 Oyonnax Rugby (@OyonnaxRugby) <a href=\"https:\/\/twitter.com\/OyonnaxRugby\/status\/1634829111808999424?ref_src=twsrc%5Etfw\">March 12, 2023<\/a><\/p><\/blockquote>\n<p style=\"text-align: justify;\"><script async src=\"https:\/\/platform.twitter.com\/widgets.js\" charset=\"utf-8\"><\/script><\/p>\n","protected":false},"excerpt":{"rendered":"<p>RUGBY \u00c0 XV &#8211; Oyonnax a annonc\u00e9 la signature de l&rsquo;international Chris Farrell comme joker m\u00e9dical jusqu&rsquo;\u00e0 la fin de la saison de Pro D2.\u00a0<\/p>\n","protected":false},"author":1,"featured_media":364673,"comment_status":"open","ping_status":"closed","sticky":false,"template":"","format":"standard","meta":{"_acf_changed":false,"_daextam_enable_autolinks":"","footnotes":""},"categories":[9129],"tags":[16878,9609,2386,1839],"class_list":["post-364670","post","type-post","status-publish","format-standard","has-post-thumbnail","hentry","category-rugby-a-xv","tag-breve","tag-farrell","tag-oyonnax","tag-pro-d2"],"acf":[],"yoast_head":"<!-- This site is optimized with the Yoast SEO Premium plugin v26.7 (Yoast SEO v26.7) - https:\/\/yoast.com\/wordpress\/plugins\/seo\/ -->\n<title>Transferts : Chris Farrell signe en Pro D2 comme joker m\u00e9dical<\/title>\n<meta name=\"description\" content=\"RUGBY \u00c0 XV - Oyonnax a annonc\u00e9 la signature de l&#039;international Chris Farrell comme joker m\u00e9dical jusqu&#039;\u00e0 la fin de la saison de Pro D2.\u00a0\" \/>\n<meta name=\"robots\" content=\"index, follow, max-snippet:-1, max-image-preview:large, max-video-preview:-1\" \/>\n<link rel=\"canonical\" href=\"https:\/\/dicodusport.fr\/blog\/transferts-chris-farrell-signe-en-pro-d2-comme-joker-medical\/\" \/>\n<meta property=\"og:locale\" content=\"fr_FR\" \/>\n<meta property=\"og:type\" content=\"article\" \/>\n<meta property=\"og:title\" content=\"Transferts : Chris Farrell signe en Pro D2 comme joker m\u00e9dical\" \/>\n<meta property=\"og:description\" content=\"RUGBY \u00c0 XV - Oyonnax a annonc\u00e9 la signature de l&#039;international Chris Farrell comme joker m\u00e9dical jusqu&#039;\u00e0 la fin de la saison de Pro D2.\u00a0\" \/>\n<meta property=\"og:url\" content=\"https:\/\/dicodusport.fr\/blog\/transferts-chris-farrell-signe-en-pro-d2-comme-joker-medical\/\" \/>\n<meta property=\"og:site_name\" content=\"Dicodusport\" \/>\n<meta property=\"article:publisher\" content=\"https:\/\/www.facebook.com\/dicodusport\" \/>\n<meta property=\"article:author\" content=\"https:\/\/www.facebook.com\/dicodusport\" \/>\n<meta property=\"article:published_time\" content=\"2023-03-12T09:59:50+00:00\" \/>\n<meta property=\"article:modified_time\" content=\"2023-03-12T10:13:57+00:00\" \/>\n<meta property=\"og:image\" content=\"https:\/\/dicodusport.fr\/blog\/wp-content\/uploads\/2023\/03\/Transferts-Chris-Farrell-signe-en-Pro-D2-comme-joker-medical.png\" \/>\n\t<meta property=\"og:image:width\" content=\"800\" \/>\n\t<meta property=\"og:image:height\" content=\"445\" \/>\n\t<meta property=\"og:image:type\" content=\"image\/png\" \/>\n<meta name=\"author\" content=\"Nicolas Jacquemard\" \/>\n<meta name=\"twitter:card\" content=\"summary_large_image\" \/>\n<meta name=\"twitter:title\" content=\"Transferts : Chris Farrell signe en Pro D2 comme joker m\u00e9dical\" \/>\n<meta name=\"twitter:creator\" content=\"@https:\/\/twitter.com\/Nico_Jacquemard\" \/>\n<meta name=\"twitter:site\" content=\"@dicodusport\" \/>\n<script type=\"application\/ld+json\" class=\"yoast-schema-graph\">{\"@context\":\"https:\/\/schema.org\",\"@graph\":[{\"@type\":\"NewsArticle\",\"@id\":\"https:\/\/dicodusport.fr\/blog\/transferts-chris-farrell-signe-en-pro-d2-comme-joker-medical\/#article\",\"isPartOf\":{\"@id\":\"https:\/\/dicodusport.fr\/blog\/transferts-chris-farrell-signe-en-pro-d2-comme-joker-medical\/\"},\"author\":{\"name\":\"Nicolas Jacquemard\",\"@id\":\"https:\/\/dicodusport.fr\/blog\/#\/schema\/person\/55dcb50ad410894e431ed812bbb70191\"},\"headline\":\"Transferts : Chris Farrell signe en Pro D2 comme joker m\u00e9dical\",\"datePublished\":\"2023-03-12T09:59:50+00:00\",\"dateModified\":\"2023-03-12T10:13:57+00:00\",\"mainEntityOfPage\":{\"@id\":\"https:\/\/dicodusport.fr\/blog\/transferts-chris-farrell-signe-en-pro-d2-comme-joker-medical\/\"},\"wordCount\":306,\"commentCount\":0,\"publisher\":{\"@id\":\"https:\/\/dicodusport.fr\/blog\/#organization\"},\"image\":{\"@id\":\"https:\/\/dicodusport.fr\/blog\/transferts-chris-farrell-signe-en-pro-d2-comme-joker-medical\/#primaryimage\"},\"thumbnailUrl\":\"https:\/\/dicodusport.fr\/blog\/wp-content\/uploads\/2023\/03\/Transferts-Chris-Farrell-signe-en-Pro-D2-comme-joker-medical.png\",\"keywords\":[\"br\u00e8ve\",\"Farrell\",\"Oyonnax\",\"Pro D2\"],\"articleSection\":[\"Rugby \u00e0 XV\"],\"inLanguage\":\"fr-FR\",\"potentialAction\":[{\"@type\":\"CommentAction\",\"name\":\"Comment\",\"target\":[\"https:\/\/dicodusport.fr\/blog\/transferts-chris-farrell-signe-en-pro-d2-comme-joker-medical\/#respond\"]}],\"copyrightYear\":\"2023\",\"copyrightHolder\":{\"@id\":\"https:\/\/dicodusport.fr\/blog\/#organization\"}},{\"@type\":\"WebPage\",\"@id\":\"https:\/\/dicodusport.fr\/blog\/transferts-chris-farrell-signe-en-pro-d2-comme-joker-medical\/\",\"url\":\"https:\/\/dicodusport.fr\/blog\/transferts-chris-farrell-signe-en-pro-d2-comme-joker-medical\/\",\"name\":\"Transferts : Chris Farrell signe en Pro D2 comme joker m\u00e9dical\",\"isPartOf\":{\"@id\":\"https:\/\/dicodusport.fr\/blog\/#website\"},\"primaryImageOfPage\":{\"@id\":\"https:\/\/dicodusport.fr\/blog\/transferts-chris-farrell-signe-en-pro-d2-comme-joker-medical\/#primaryimage\"},\"image\":{\"@id\":\"https:\/\/dicodusport.fr\/blog\/transferts-chris-farrell-signe-en-pro-d2-comme-joker-medical\/#primaryimage\"},\"thumbnailUrl\":\"https:\/\/dicodusport.fr\/blog\/wp-content\/uploads\/2023\/03\/Transferts-Chris-Farrell-signe-en-Pro-D2-comme-joker-medical.png\",\"datePublished\":\"2023-03-12T09:59:50+00:00\",\"dateModified\":\"2023-03-12T10:13:57+00:00\",\"description\":\"RUGBY \u00c0 XV - Oyonnax a annonc\u00e9 la signature de l'international Chris Farrell comme joker m\u00e9dical jusqu'\u00e0 la fin de la saison de Pro D2.\u00a0\",\"breadcrumb\":{\"@id\":\"https:\/\/dicodusport.fr\/blog\/transferts-chris-farrell-signe-en-pro-d2-comme-joker-medical\/#breadcrumb\"},\"inLanguage\":\"fr-FR\",\"potentialAction\":[{\"@type\":\"ReadAction\",\"target\":[\"https:\/\/dicodusport.fr\/blog\/transferts-chris-farrell-signe-en-pro-d2-comme-joker-medical\/\"]}]},{\"@type\":\"ImageObject\",\"inLanguage\":\"fr-FR\",\"@id\":\"https:\/\/dicodusport.fr\/blog\/transferts-chris-farrell-signe-en-pro-d2-comme-joker-medical\/#primaryimage\",\"url\":\"https:\/\/dicodusport.fr\/blog\/wp-content\/uploads\/2023\/03\/Transferts-Chris-Farrell-signe-en-Pro-D2-comme-joker-medical.png\",\"contentUrl\":\"https:\/\/dicodusport.fr\/blog\/wp-content\/uploads\/2023\/03\/Transferts-Chris-Farrell-signe-en-Pro-D2-comme-joker-medical.png\",\"width\":800,\"height\":445},{\"@type\":\"BreadcrumbList\",\"@id\":\"https:\/\/dicodusport.fr\/blog\/transferts-chris-farrell-signe-en-pro-d2-comme-joker-medical\/#breadcrumb\",\"itemListElement\":[{\"@type\":\"ListItem\",\"position\":1,\"name\":\"Accueil\",\"item\":\"https:\/\/dicodusport.fr\/blog\/\"},{\"@type\":\"ListItem\",\"position\":2,\"name\":\"Transferts : Chris Farrell signe en Pro D2 comme joker m\u00e9dical\"}]},{\"@type\":\"WebSite\",\"@id\":\"https:\/\/dicodusport.fr\/blog\/#website\",\"url\":\"https:\/\/dicodusport.fr\/blog\/\",\"name\":\"Dicodusport\",\"description\":\"L&#039;encyclop\u00e9die de l&#039;actualit\u00e9 sportive\",\"publisher\":{\"@id\":\"https:\/\/dicodusport.fr\/blog\/#organization\"},\"potentialAction\":[{\"@type\":\"SearchAction\",\"target\":{\"@type\":\"EntryPoint\",\"urlTemplate\":\"https:\/\/dicodusport.fr\/blog\/?s={search_term_string}\"},\"query-input\":{\"@type\":\"PropertyValueSpecification\",\"valueRequired\":true,\"valueName\":\"search_term_string\"}}],\"inLanguage\":\"fr-FR\"},{\"@type\":\"NewsMediaOrganization\",\"@id\":\"https:\/\/dicodusport.fr\/blog\/#organization\",\"name\":\"Dicodusport\",\"url\":\"https:\/\/dicodusport.fr\/blog\/\",\"logo\":{\"@type\":\"ImageObject\",\"inLanguage\":\"fr-FR\",\"@id\":\"https:\/\/dicodusport.fr\/blog\/#\/schema\/logo\/image\/\",\"url\":\"https:\/\/dicodusport.fr\/blog\/wp-content\/uploads\/2020\/06\/cropped-LOGO-DICODUSPORT-2020-SANS-FOND-SANS-TEXTE.png\",\"contentUrl\":\"https:\/\/dicodusport.fr\/blog\/wp-content\/uploads\/2020\/06\/cropped-LOGO-DICODUSPORT-2020-SANS-FOND-SANS-TEXTE.png\",\"width\":512,\"height\":512,\"caption\":\"Dicodusport\"},\"image\":{\"@id\":\"https:\/\/dicodusport.fr\/blog\/#\/schema\/logo\/image\/\"},\"sameAs\":[\"https:\/\/www.facebook.com\/dicodusport\",\"https:\/\/x.com\/dicodusport\",\"https:\/\/www.instagram.com\/dicodusport\/\",\"https:\/\/www.youtube.com\/channel\/UC7V2KZ5sd3htJivAbA4ZG3w\"],\"description\":\"Dicodusport est l'encyclop\u00e9die de l'actualit\u00e9 sportive.\",\"email\":\"bonjour@dicodusport.fr\",\"legalName\":\"DICODUSPORT\",\"foundingDate\":\"2018-01-14\",\"vatID\":\"FR71834470973\",\"taxID\":\"83447097300043\",\"numberOfEmployees\":{\"@type\":\"QuantitativeValue\",\"minValue\":\"1\",\"maxValue\":\"10\"}},{\"@type\":\"Person\",\"@id\":\"https:\/\/dicodusport.fr\/blog\/#\/schema\/person\/55dcb50ad410894e431ed812bbb70191\",\"name\":\"Nicolas Jacquemard\",\"image\":{\"@type\":\"ImageObject\",\"inLanguage\":\"fr-FR\",\"@id\":\"https:\/\/dicodusport.fr\/blog\/#\/schema\/person\/image\/\",\"url\":\"https:\/\/dicodusport.fr\/blog\/wp-content\/uploads\/2021\/05\/Nicolas-Jacquemard-150x150.jpeg\",\"contentUrl\":\"https:\/\/dicodusport.fr\/blog\/wp-content\/uploads\/2021\/05\/Nicolas-Jacquemard-150x150.jpeg\",\"caption\":\"Nicolas Jacquemard\"},\"description\":\"Passionn\u00e9 de sport et entrepreneur depuis mes 18 ans, la cr\u00e9ation de Dicodusport m'a sembl\u00e9 \u00e9vidente pour participer \u00e0 la m\u00e9diatisation d'un plus grand nombre de sports. Le chemin est long mais avec une \u00e9quipe des plus motiv\u00e9es et les Jeux Olympiques de Paris 2024 en point de mire, nous y arriverons ! Journaliste dans le monde du sport depuis plus de 5 ans, je traite aussi bien de football, de rugby, de biathlon que de cyclisme.\",\"sameAs\":[\"https:\/\/www.facebook.com\/dicodusport\",\"https:\/\/x.com\/https:\/\/twitter.com\/Nico_Jacquemard\"],\"url\":\"https:\/\/dicodusport.fr\/blog\/author\/dicodusport\/\"}]}<\/script>\n<!-- \/ Yoast SEO Premium plugin. -->","yoast_head_json":{"title":"Transferts : Chris Farrell signe en Pro D2 comme joker m\u00e9dical","description":"RUGBY \u00c0 XV - Oyonnax a annonc\u00e9 la signature de l'international Chris Farrell comme joker m\u00e9dical jusqu'\u00e0 la fin de la saison de Pro D2.\u00a0","robots":{"index":"index","follow":"follow","max-snippet":"max-snippet:-1","max-image-preview":"max-image-preview:large","max-video-preview":"max-video-preview:-1"},"canonical":"https:\/\/dicodusport.fr\/blog\/transferts-chris-farrell-signe-en-pro-d2-comme-joker-medical\/","og_locale":"fr_FR","og_type":"article","og_title":"Transferts : Chris Farrell signe en Pro D2 comme joker m\u00e9dical","og_description":"RUGBY \u00c0 XV - Oyonnax a annonc\u00e9 la signature de l'international Chris Farrell comme joker m\u00e9dical jusqu'\u00e0 la fin de la saison de Pro D2.\u00a0","og_url":"https:\/\/dicodusport.fr\/blog\/transferts-chris-farrell-signe-en-pro-d2-comme-joker-medical\/","og_site_name":"Dicodusport","article_publisher":"https:\/\/www.facebook.com\/dicodusport","article_author":"https:\/\/www.facebook.com\/dicodusport","article_published_time":"2023-03-12T09:59:50+00:00","article_modified_time":"2023-03-12T10:13:57+00:00","og_image":[{"width":800,"height":445,"url":"https:\/\/dicodusport.fr\/blog\/wp-content\/uploads\/2023\/03\/Transferts-Chris-Farrell-signe-en-Pro-D2-comme-joker-medical.png","type":"image\/png"}],"author":"Nicolas Jacquemard","twitter_card":"summary_large_image","twitter_title":"Transferts : Chris Farrell signe en Pro D2 comme joker m\u00e9dical","twitter_creator":"@https:\/\/twitter.com\/Nico_Jacquemard","twitter_site":"@dicodusport","schema":{"@context":"https:\/\/schema.org","@graph":[{"@type":"NewsArticle","@id":"https:\/\/dicodusport.fr\/blog\/transferts-chris-farrell-signe-en-pro-d2-comme-joker-medical\/#article","isPartOf":{"@id":"https:\/\/dicodusport.fr\/blog\/transferts-chris-farrell-signe-en-pro-d2-comme-joker-medical\/"},"author":{"name":"Nicolas Jacquemard","@id":"https:\/\/dicodusport.fr\/blog\/#\/schema\/person\/55dcb50ad410894e431ed812bbb70191"},"headline":"Transferts : Chris Farrell signe en Pro D2 comme joker m\u00e9dical","datePublished":"2023-03-12T09:59:50+00:00","dateModified":"2023-03-12T10:13:57+00:00","mainEntityOfPage":{"@id":"https:\/\/dicodusport.fr\/blog\/transferts-chris-farrell-signe-en-pro-d2-comme-joker-medical\/"},"wordCount":306,"commentCount":0,"publisher":{"@id":"https:\/\/dicodusport.fr\/blog\/#organization"},"image":{"@id":"https:\/\/dicodusport.fr\/blog\/transferts-chris-farrell-signe-en-pro-d2-comme-joker-medical\/#primaryimage"},"thumbnailUrl":"https:\/\/dicodusport.fr\/blog\/wp-content\/uploads\/2023\/03\/Transferts-Chris-Farrell-signe-en-Pro-D2-comme-joker-medical.png","keywords":["br\u00e8ve","Farrell","Oyonnax","Pro D2"],"articleSection":["Rugby \u00e0 XV"],"inLanguage":"fr-FR","potentialAction":[{"@type":"CommentAction","name":"Comment","target":["https:\/\/dicodusport.fr\/blog\/transferts-chris-farrell-signe-en-pro-d2-comme-joker-medical\/#respond"]}],"copyrightYear":"2023","copyrightHolder":{"@id":"https:\/\/dicodusport.fr\/blog\/#organization"}},{"@type":"WebPage","@id":"https:\/\/dicodusport.fr\/blog\/transferts-chris-farrell-signe-en-pro-d2-comme-joker-medical\/","url":"https:\/\/dicodusport.fr\/blog\/transferts-chris-farrell-signe-en-pro-d2-comme-joker-medical\/","name":"Transferts : Chris Farrell signe en Pro D2 comme joker m\u00e9dical","isPartOf":{"@id":"https:\/\/dicodusport.fr\/blog\/#website"},"primaryImageOfPage":{"@id":"https:\/\/dicodusport.fr\/blog\/transferts-chris-farrell-signe-en-pro-d2-comme-joker-medical\/#primaryimage"},"image":{"@id":"https:\/\/dicodusport.fr\/blog\/transferts-chris-farrell-signe-en-pro-d2-comme-joker-medical\/#primaryimage"},"thumbnailUrl":"https:\/\/dicodusport.fr\/blog\/wp-content\/uploads\/2023\/03\/Transferts-Chris-Farrell-signe-en-Pro-D2-comme-joker-medical.png","datePublished":"2023-03-12T09:59:50+00:00","dateModified":"2023-03-12T10:13:57+00:00","description":"RUGBY \u00c0 XV - Oyonnax a annonc\u00e9 la signature de l'international Chris Farrell comme joker m\u00e9dical jusqu'\u00e0 la fin de la saison de Pro D2.\u00a0","breadcrumb":{"@id":"https:\/\/dicodusport.fr\/blog\/transferts-chris-farrell-signe-en-pro-d2-comme-joker-medical\/#breadcrumb"},"inLanguage":"fr-FR","potentialAction":[{"@type":"ReadAction","target":["https:\/\/dicodusport.fr\/blog\/transferts-chris-farrell-signe-en-pro-d2-comme-joker-medical\/"]}]},{"@type":"ImageObject","inLanguage":"fr-FR","@id":"https:\/\/dicodusport.fr\/blog\/transferts-chris-farrell-signe-en-pro-d2-comme-joker-medical\/#primaryimage","url":"https:\/\/dicodusport.fr\/blog\/wp-content\/uploads\/2023\/03\/Transferts-Chris-Farrell-signe-en-Pro-D2-comme-joker-medical.png","contentUrl":"https:\/\/dicodusport.fr\/blog\/wp-content\/uploads\/2023\/03\/Transferts-Chris-Farrell-signe-en-Pro-D2-comme-joker-medical.png","width":800,"height":445},{"@type":"BreadcrumbList","@id":"https:\/\/dicodusport.fr\/blog\/transferts-chris-farrell-signe-en-pro-d2-comme-joker-medical\/#breadcrumb","itemListElement":[{"@type":"ListItem","position":1,"name":"Accueil","item":"https:\/\/dicodusport.fr\/blog\/"},{"@type":"ListItem","position":2,"name":"Transferts : Chris Farrell signe en Pro D2 comme joker m\u00e9dical"}]},{"@type":"WebSite","@id":"https:\/\/dicodusport.fr\/blog\/#website","url":"https:\/\/dicodusport.fr\/blog\/","name":"Dicodusport","description":"L&#039;encyclop\u00e9die de l&#039;actualit\u00e9 sportive","publisher":{"@id":"https:\/\/dicodusport.fr\/blog\/#organization"},"potentialAction":[{"@type":"SearchAction","target":{"@type":"EntryPoint","urlTemplate":"https:\/\/dicodusport.fr\/blog\/?s={search_term_string}"},"query-input":{"@type":"PropertyValueSpecification","valueRequired":true,"valueName":"search_term_string"}}],"inLanguage":"fr-FR"},{"@type":"NewsMediaOrganization","@id":"https:\/\/dicodusport.fr\/blog\/#organization","name":"Dicodusport","url":"https:\/\/dicodusport.fr\/blog\/","logo":{"@type":"ImageObject","inLanguage":"fr-FR","@id":"https:\/\/dicodusport.fr\/blog\/#\/schema\/logo\/image\/","url":"https:\/\/dicodusport.fr\/blog\/wp-content\/uploads\/2020\/06\/cropped-LOGO-DICODUSPORT-2020-SANS-FOND-SANS-TEXTE.png","contentUrl":"https:\/\/dicodusport.fr\/blog\/wp-content\/uploads\/2020\/06\/cropped-LOGO-DICODUSPORT-2020-SANS-FOND-SANS-TEXTE.png","width":512,"height":512,"caption":"Dicodusport"},"image":{"@id":"https:\/\/dicodusport.fr\/blog\/#\/schema\/logo\/image\/"},"sameAs":["https:\/\/www.facebook.com\/dicodusport","https:\/\/x.com\/dicodusport","https:\/\/www.instagram.com\/dicodusport\/","https:\/\/www.youtube.com\/channel\/UC7V2KZ5sd3htJivAbA4ZG3w"],"description":"Dicodusport est l'encyclop\u00e9die de l'actualit\u00e9 sportive.","email":"bonjour@dicodusport.fr","legalName":"DICODUSPORT","foundingDate":"2018-01-14","vatID":"FR71834470973","taxID":"83447097300043","numberOfEmployees":{"@type":"QuantitativeValue","minValue":"1","maxValue":"10"}},{"@type":"Person","@id":"https:\/\/dicodusport.fr\/blog\/#\/schema\/person\/55dcb50ad410894e431ed812bbb70191","name":"Nicolas Jacquemard","image":{"@type":"ImageObject","inLanguage":"fr-FR","@id":"https:\/\/dicodusport.fr\/blog\/#\/schema\/person\/image\/","url":"https:\/\/dicodusport.fr\/blog\/wp-content\/uploads\/2021\/05\/Nicolas-Jacquemard-150x150.jpeg","contentUrl":"https:\/\/dicodusport.fr\/blog\/wp-content\/uploads\/2021\/05\/Nicolas-Jacquemard-150x150.jpeg","caption":"Nicolas Jacquemard"},"description":"Passionn\u00e9 de sport et entrepreneur depuis mes 18 ans, la cr\u00e9ation de Dicodusport m'a sembl\u00e9 \u00e9vidente pour participer \u00e0 la m\u00e9diatisation d'un plus grand nombre de sports. Le chemin est long mais avec une \u00e9quipe des plus motiv\u00e9es et les Jeux Olympiques de Paris 2024 en point de mire, nous y arriverons ! Journaliste dans le monde du sport depuis plus de 5 ans, je traite aussi bien de football, de rugby, de biathlon que de cyclisme.","sameAs":["https:\/\/www.facebook.com\/dicodusport","https:\/\/x.com\/https:\/\/twitter.com\/Nico_Jacquemard"],"url":"https:\/\/dicodusport.fr\/blog\/author\/dicodusport\/"}]}},"_links":{"self":[{"href":"https:\/\/dicodusport.fr\/blog\/wp-json\/wp\/v2\/posts\/364670","targetHints":{"allow":["GET"]}}],"collection":[{"href":"https:\/\/dicodusport.fr\/blog\/wp-json\/wp\/v2\/posts"}],"about":[{"href":"https:\/\/dicodusport.fr\/blog\/wp-json\/wp\/v2\/types\/post"}],"author":[{"embeddable":true,"href":"https:\/\/dicodusport.fr\/blog\/wp-json\/wp\/v2\/users\/1"}],"replies":[{"embeddable":true,"href":"https:\/\/dicodusport.fr\/blog\/wp-json\/wp\/v2\/comments?post=364670"}],"version-history":[{"count":0,"href":"https:\/\/dicodusport.fr\/blog\/wp-json\/wp\/v2\/posts\/364670\/revisions"}],"wp:featuredmedia":[{"embeddable":true,"href":"https:\/\/dicodusport.fr\/blog\/wp-json\/wp\/v2\/media\/364673"}],"wp:attachment":[{"href":"https:\/\/dicodusport.fr\/blog\/wp-json\/wp\/v2\/media?parent=364670"}],"wp:term":[{"taxonomy":"category","embeddable":true,"href":"https:\/\/dicodusport.fr\/blog\/wp-json\/wp\/v2\/categories?post=364670"},{"taxonomy":"post_tag","embeddable":true,"href":"https:\/\/dicodusport.fr\/blog\/wp-json\/wp\/v2\/tags?post=364670"}],"curies":[{"name":"wp","href":"https:\/\/api.w.org\/{rel}","templated":true}]}}