{"id":364723,"date":"2023-03-12T17:46:46","date_gmt":"2023-03-12T16:46:46","guid":{"rendered":"https:\/\/dicodusport.fr\/blog\/?p=364723&#038;preview=true&#038;preview_id=364723"},"modified":"2023-03-12T20:49:36","modified_gmt":"2023-03-12T19:49:36","slug":"coupe-deurope-des-lancers-2023-melina-robert-michon-en-bronze-au-lancer-du-disque","status":"publish","type":"post","link":"https:\/\/dicodusport.fr\/blog\/coupe-deurope-des-lancers-2023-melina-robert-michon-en-bronze-au-lancer-du-disque\/","title":{"rendered":"Coupe d&rsquo;Europe des lancers 2023 : M\u00e9lina Robert-Michon en bronze au lancer du disque"},"content":{"rendered":"<p style=\"text-align: justify;\"><strong><em><a title=\"Athl\u00e9tisme : Programme et r\u00e9sultats Coupe d\u2019Europe des lancers 2023\" href=\"https:\/\/dicodusport.fr\/blog\/athletisme-programme-et-resultats-coupe-deurope-des-lancers-2023\/\" target=\"_blank\" rel=\"noopener\">COUPE D&rsquo;EUROPE DES LANCERS 2023<\/a> &#8211; L&rsquo;insatiable M\u00e9lina Robert-Michon remporte une nouvelle m\u00e9daille au lancer du disque. La m\u00e9daille de bronze.<br \/>\n<\/em><\/strong><\/p>\n<p style=\"text-align: justify;\">Gr\u00e2ce \u00e0 son premier lancer \u00e0 61.70 m, <strong>M\u00e9lina Robert-Michon<\/strong> se classe \u00e0 la 3e place du lancer du disque. Elle aura \u00e9t\u00e9 r\u00e9guli\u00e8re autour de 60 m. Elle remonte sur le podium pour la premi\u00e8re fois depuis son deuxi\u00e8me titre d&rsquo;affil\u00e9e (le troisi\u00e8me en tout) acquis en 2017. Absente en 2018 et 2021, elle avait termin\u00e9 4e en 2019 et 5e en 2022.<\/p>\n<p style=\"text-align: justify;\">Les dangereuses <strong>Liliana Ca<\/strong> et <strong>Daisy Osakue<\/strong> (deux derni\u00e8res laur\u00e9ates) n&rsquo;ont pas r\u00e9ussi leurs trois premiers essais. Et quand elles ont r\u00e9ussi leur lancer, elles se sont directement rapproch\u00e9es du podium. Finalement, \u00e0 son 4e essai, <strong>Liliana Ca<\/strong> a pris la deuxi\u00e8me place (64.32 m).<\/p>\n<p style=\"text-align: justify;\">D\u00e8s son premier essai \u00e0 64.88 m, l&rsquo;Allemande <strong>Shanice Craft<\/strong> a pris la t\u00eate, r\u00e9alis\u00e9 la meilleure performance mondiale de la saison et r\u00e9alis\u00e9 le niveau de performance requis pour les Mondiaux de Budapest (64.20 m).<\/p>\n<p style=\"text-align: justify;\"><strong>Amanda Ngandu-Ntumba<\/strong> remporte la finale B. Gr\u00e2ce \u00e0 un deuxi\u00e8me essai \u00e0 57.08 m. Hier, elle participait au lancer du poids. Loin des meilleures, elle figurait dans le groupe B. Mais elle a fait un bon concours. En effet, la Fran\u00e7aise a grappill\u00e9 des centim\u00e8tres lors de ses 4 premiers lancers pour culminer \u00e0 15.98 m. Elle a ainsi remport\u00e9 le concours B.<\/p>\n<blockquote class=\"twitter-tweet\">\n<p dir=\"ltr\" lang=\"fr\">\ud83e\udd49 Nouvelle m\u00e9daille pour M\u00e9lina Robert-Michon \ud83d\udcaa <a href=\"https:\/\/twitter.com\/hashtag\/Leiria2023?src=hash&amp;ref_src=twsrc%5Etfw\">#Leiria2023<\/a> <a href=\"https:\/\/t.co\/sm7gBhyd5Y\">pic.twitter.com\/sm7gBhyd5Y<\/a><\/p>\n<p>\u2014 \u2b50 Dedette \u0646 (@Shiclette94) <a href=\"https:\/\/twitter.com\/Shiclette94\/status\/1634960121200779266?ref_src=twsrc%5Etfw\">March 12, 2023<\/a><\/p><\/blockquote>\n<p><script async src=\"https:\/\/platform.twitter.com\/widgets.js\" charset=\"utf-8\"><\/script><\/p>\n<h2 style=\"text-align: justify;\">Alexandra Tavernier loin du compte au marteau<\/h2>\n<p style=\"text-align: justify;\">Championne de France mais toujours en manque de rep\u00e8res, <strong>Alexandra Tavernier<\/strong> n&rsquo;a pas encore retrouv\u00e9 son meilleur niveau. Victime d&rsquo;une fracture du plateau tibial fin 2022, elle avait eu quelques semaines de r\u00e9\u00e9ducation. Aujourd&rsquo;hui, elle aura rat\u00e9 trois essais dont les deux premiers. \u00c0 son dernier essai, elle r\u00e9alise sa meilleure marque de la saison 68.10 m. Loin des 71.08 m n\u00e9cessaires pour viser le podium et loin des 73.60 m n\u00e9cessaires pour Budapest. Elle termine 7e.<\/p>\n<p style=\"text-align: justify;\">De son c\u00f4t\u00e9, apr\u00e8s deux marteaux dans la cage, <strong>Rose Loga<\/strong> a lanc\u00e9 \u00e0 66.06 m. \u00c0 son 4e essai, elle va prendre la <strong>5e place <\/strong>avec 69.45 m, sa meilleure performance de la saison. \u00c0 20 ans, la jeune athl\u00e8te vit sa deuxi\u00e8me saison chez les A.<\/p>\n<blockquote class=\"twitter-tweet\">\n<p dir=\"ltr\" lang=\"fr\">\ud83c\uddeb\ud83c\uddf7 5e place pour Rose Loga au lancer du marteau avec 69.45 m SB <a href=\"https:\/\/twitter.com\/hashtag\/Leiria2023?src=hash&amp;ref_src=twsrc%5Etfw\">#Leiria2023<\/a> <a href=\"https:\/\/t.co\/0K8EdzynJJ\">pic.twitter.com\/0K8EdzynJJ<\/a><\/p>\n<p>\u2014 \u2b50 Dedette \u0646 (@Shiclette94) <a href=\"https:\/\/twitter.com\/Shiclette94\/status\/1634919124764864514?ref_src=twsrc%5Etfw\">March 12, 2023<\/a><\/p><\/blockquote>\n<p><script async src=\"https:\/\/platform.twitter.com\/widgets.js\" charset=\"utf-8\"><\/script><\/p>\n","protected":false},"excerpt":{"rendered":"<p>COUPE D&rsquo;EUROPE DES LANCERS 2023 &#8211; L&rsquo;insatiable M\u00e9lina Robert-Michon remporte une nouvelle m\u00e9daille au lancer du disque. La m\u00e9daille de bronze.<\/p>\n","protected":false},"author":12,"featured_media":364916,"comment_status":"open","ping_status":"closed","sticky":false,"template":"","format":"standard","meta":{"_acf_changed":false,"_daextam_enable_autolinks":"","footnotes":""},"categories":[2308],"tags":[5740,16517,143,16878,16409,5716,5742,5506,30289],"class_list":["post-364723","post","type-post","status-publish","format-standard","has-post-thumbnail","hentry","category-athletisme","tag-alexandra-tavernier","tag-amanda-ngandu-ntumba","tag-athletisme","tag-breve","tag-coupe-deurope-des-lancers","tag-lancer-du-disque","tag-lancer-du-marteau","tag-melina-robert-michon","tag-rose-loga"],"acf":[],"yoast_head":"<!-- This site is optimized with the Yoast SEO Premium plugin v26.7 (Yoast SEO v26.7) - https:\/\/yoast.com\/wordpress\/plugins\/seo\/ -->\n<title>Coupe d&#039;Europe des lancers 2023 : M\u00e9lina Robert-Michon en bronze au lancer du disque - Dicodusport<\/title>\n<meta name=\"description\" content=\"L&#039;insatiable M\u00e9lina Robert-Michon remporte une nouvelle m\u00e9daille au lancer du disque. La m\u00e9daille de bronze.\" \/>\n<meta name=\"robots\" content=\"index, follow, max-snippet:-1, max-image-preview:large, max-video-preview:-1\" \/>\n<link rel=\"canonical\" href=\"https:\/\/dicodusport.fr\/blog\/coupe-deurope-des-lancers-2023-melina-robert-michon-en-bronze-au-lancer-du-disque\/\" \/>\n<meta property=\"og:locale\" content=\"fr_FR\" \/>\n<meta property=\"og:type\" content=\"article\" \/>\n<meta property=\"og:title\" content=\"Coupe d&#039;Europe des lancers 2023 : M\u00e9lina Robert-Michon en bronze au lancer du disque\" \/>\n<meta property=\"og:description\" content=\"L&#039;insatiable M\u00e9lina Robert-Michon remporte une nouvelle m\u00e9daille au lancer du disque. La m\u00e9daille de bronze.\" \/>\n<meta property=\"og:url\" content=\"https:\/\/dicodusport.fr\/blog\/coupe-deurope-des-lancers-2023-melina-robert-michon-en-bronze-au-lancer-du-disque\/\" \/>\n<meta property=\"og:site_name\" content=\"Dicodusport\" \/>\n<meta property=\"article:publisher\" content=\"https:\/\/www.facebook.com\/dicodusport\" \/>\n<meta property=\"article:published_time\" content=\"2023-03-12T16:46:46+00:00\" \/>\n<meta property=\"article:modified_time\" content=\"2023-03-12T19:49:36+00:00\" \/>\n<meta property=\"og:image\" content=\"https:\/\/dicodusport.fr\/blog\/wp-content\/uploads\/2023\/03\/Coupe-dEurope-des-lancers-2023-Melina-Robert-Michon-en-bronze-au-lancer-du-disque.png\" \/>\n\t<meta property=\"og:image:width\" content=\"800\" \/>\n\t<meta property=\"og:image:height\" content=\"445\" \/>\n\t<meta property=\"og:image:type\" content=\"image\/png\" \/>\n<meta name=\"author\" content=\"Arlette Yeye\" \/>\n<meta name=\"twitter:card\" content=\"summary_large_image\" \/>\n<meta name=\"twitter:title\" content=\"Coupe d&#039;Europe des lancers 2023 : M\u00e9lina Robert-Michon en bronze au lancer du disque\" \/>\n<meta name=\"twitter:creator\" content=\"@https:\/\/twitter.com\/Shiclette94\" \/>\n<meta name=\"twitter:site\" content=\"@dicodusport\" \/>\n<script type=\"application\/ld+json\" class=\"yoast-schema-graph\">{\"@context\":\"https:\/\/schema.org\",\"@graph\":[{\"@type\":\"NewsArticle\",\"@id\":\"https:\/\/dicodusport.fr\/blog\/coupe-deurope-des-lancers-2023-melina-robert-michon-en-bronze-au-lancer-du-disque\/#article\",\"isPartOf\":{\"@id\":\"https:\/\/dicodusport.fr\/blog\/coupe-deurope-des-lancers-2023-melina-robert-michon-en-bronze-au-lancer-du-disque\/\"},\"author\":{\"name\":\"Arlette Yeye\",\"@id\":\"https:\/\/dicodusport.fr\/blog\/#\/schema\/person\/cce96fa88785bd8573e3d43078ac8c79\"},\"headline\":\"Coupe d&rsquo;Europe des lancers 2023 : M\u00e9lina Robert-Michon en bronze au lancer du disque\",\"datePublished\":\"2023-03-12T16:46:46+00:00\",\"dateModified\":\"2023-03-12T19:49:36+00:00\",\"mainEntityOfPage\":{\"@id\":\"https:\/\/dicodusport.fr\/blog\/coupe-deurope-des-lancers-2023-melina-robert-michon-en-bronze-au-lancer-du-disque\/\"},\"wordCount\":422,\"commentCount\":0,\"publisher\":{\"@id\":\"https:\/\/dicodusport.fr\/blog\/#organization\"},\"image\":{\"@id\":\"https:\/\/dicodusport.fr\/blog\/coupe-deurope-des-lancers-2023-melina-robert-michon-en-bronze-au-lancer-du-disque\/#primaryimage\"},\"thumbnailUrl\":\"https:\/\/dicodusport.fr\/blog\/wp-content\/uploads\/2023\/03\/Coupe-dEurope-des-lancers-2023-Melina-Robert-Michon-en-bronze-au-lancer-du-disque.png\",\"keywords\":[\"Alexandra Tavernier\",\"Amanda Ngandu-Ntumba\",\"Athl\u00e9tisme\",\"br\u00e8ve\",\"Coupe d'Europe des lancers\",\"lancer du disque\",\"Lancer du marteau\",\"M\u00e9lina Robert-Michon\",\"Rose Loga\"],\"articleSection\":[\"Athl\u00e9tisme\"],\"inLanguage\":\"fr-FR\",\"potentialAction\":[{\"@type\":\"CommentAction\",\"name\":\"Comment\",\"target\":[\"https:\/\/dicodusport.fr\/blog\/coupe-deurope-des-lancers-2023-melina-robert-michon-en-bronze-au-lancer-du-disque\/#respond\"]}],\"copyrightYear\":\"2023\",\"copyrightHolder\":{\"@id\":\"https:\/\/dicodusport.fr\/blog\/#organization\"}},{\"@type\":\"WebPage\",\"@id\":\"https:\/\/dicodusport.fr\/blog\/coupe-deurope-des-lancers-2023-melina-robert-michon-en-bronze-au-lancer-du-disque\/\",\"url\":\"https:\/\/dicodusport.fr\/blog\/coupe-deurope-des-lancers-2023-melina-robert-michon-en-bronze-au-lancer-du-disque\/\",\"name\":\"Coupe d'Europe des lancers 2023 : M\u00e9lina Robert-Michon en bronze au lancer du disque - Dicodusport\",\"isPartOf\":{\"@id\":\"https:\/\/dicodusport.fr\/blog\/#website\"},\"primaryImageOfPage\":{\"@id\":\"https:\/\/dicodusport.fr\/blog\/coupe-deurope-des-lancers-2023-melina-robert-michon-en-bronze-au-lancer-du-disque\/#primaryimage\"},\"image\":{\"@id\":\"https:\/\/dicodusport.fr\/blog\/coupe-deurope-des-lancers-2023-melina-robert-michon-en-bronze-au-lancer-du-disque\/#primaryimage\"},\"thumbnailUrl\":\"https:\/\/dicodusport.fr\/blog\/wp-content\/uploads\/2023\/03\/Coupe-dEurope-des-lancers-2023-Melina-Robert-Michon-en-bronze-au-lancer-du-disque.png\",\"datePublished\":\"2023-03-12T16:46:46+00:00\",\"dateModified\":\"2023-03-12T19:49:36+00:00\",\"description\":\"L'insatiable M\u00e9lina Robert-Michon remporte une nouvelle m\u00e9daille au lancer du disque. La m\u00e9daille de bronze.\",\"breadcrumb\":{\"@id\":\"https:\/\/dicodusport.fr\/blog\/coupe-deurope-des-lancers-2023-melina-robert-michon-en-bronze-au-lancer-du-disque\/#breadcrumb\"},\"inLanguage\":\"fr-FR\",\"potentialAction\":[{\"@type\":\"ReadAction\",\"target\":[\"https:\/\/dicodusport.fr\/blog\/coupe-deurope-des-lancers-2023-melina-robert-michon-en-bronze-au-lancer-du-disque\/\"]}]},{\"@type\":\"ImageObject\",\"inLanguage\":\"fr-FR\",\"@id\":\"https:\/\/dicodusport.fr\/blog\/coupe-deurope-des-lancers-2023-melina-robert-michon-en-bronze-au-lancer-du-disque\/#primaryimage\",\"url\":\"https:\/\/dicodusport.fr\/blog\/wp-content\/uploads\/2023\/03\/Coupe-dEurope-des-lancers-2023-Melina-Robert-Michon-en-bronze-au-lancer-du-disque.png\",\"contentUrl\":\"https:\/\/dicodusport.fr\/blog\/wp-content\/uploads\/2023\/03\/Coupe-dEurope-des-lancers-2023-Melina-Robert-Michon-en-bronze-au-lancer-du-disque.png\",\"width\":800,\"height\":445,\"caption\":\"Coupe d'Europe des lancers 2023 M\u00e9lina Robert-Michon en bronze au lancer du disque\"},{\"@type\":\"BreadcrumbList\",\"@id\":\"https:\/\/dicodusport.fr\/blog\/coupe-deurope-des-lancers-2023-melina-robert-michon-en-bronze-au-lancer-du-disque\/#breadcrumb\",\"itemListElement\":[{\"@type\":\"ListItem\",\"position\":1,\"name\":\"Accueil\",\"item\":\"https:\/\/dicodusport.fr\/blog\/\"},{\"@type\":\"ListItem\",\"position\":2,\"name\":\"Coupe d&rsquo;Europe des lancers 2023 : M\u00e9lina Robert-Michon en bronze au lancer du disque\"}]},{\"@type\":\"WebSite\",\"@id\":\"https:\/\/dicodusport.fr\/blog\/#website\",\"url\":\"https:\/\/dicodusport.fr\/blog\/\",\"name\":\"Dicodusport\",\"description\":\"L&#039;encyclop\u00e9die de l&#039;actualit\u00e9 sportive\",\"publisher\":{\"@id\":\"https:\/\/dicodusport.fr\/blog\/#organization\"},\"potentialAction\":[{\"@type\":\"SearchAction\",\"target\":{\"@type\":\"EntryPoint\",\"urlTemplate\":\"https:\/\/dicodusport.fr\/blog\/?s={search_term_string}\"},\"query-input\":{\"@type\":\"PropertyValueSpecification\",\"valueRequired\":true,\"valueName\":\"search_term_string\"}}],\"inLanguage\":\"fr-FR\"},{\"@type\":\"NewsMediaOrganization\",\"@id\":\"https:\/\/dicodusport.fr\/blog\/#organization\",\"name\":\"Dicodusport\",\"url\":\"https:\/\/dicodusport.fr\/blog\/\",\"logo\":{\"@type\":\"ImageObject\",\"inLanguage\":\"fr-FR\",\"@id\":\"https:\/\/dicodusport.fr\/blog\/#\/schema\/logo\/image\/\",\"url\":\"https:\/\/dicodusport.fr\/blog\/wp-content\/uploads\/2020\/06\/cropped-LOGO-DICODUSPORT-2020-SANS-FOND-SANS-TEXTE.png\",\"contentUrl\":\"https:\/\/dicodusport.fr\/blog\/wp-content\/uploads\/2020\/06\/cropped-LOGO-DICODUSPORT-2020-SANS-FOND-SANS-TEXTE.png\",\"width\":512,\"height\":512,\"caption\":\"Dicodusport\"},\"image\":{\"@id\":\"https:\/\/dicodusport.fr\/blog\/#\/schema\/logo\/image\/\"},\"sameAs\":[\"https:\/\/www.facebook.com\/dicodusport\",\"https:\/\/x.com\/dicodusport\",\"https:\/\/www.instagram.com\/dicodusport\/\",\"https:\/\/www.youtube.com\/channel\/UC7V2KZ5sd3htJivAbA4ZG3w\"],\"description\":\"Dicodusport est l'encyclop\u00e9die de l'actualit\u00e9 sportive.\",\"email\":\"bonjour@dicodusport.fr\",\"legalName\":\"DICODUSPORT\",\"foundingDate\":\"2018-01-14\",\"vatID\":\"FR71834470973\",\"taxID\":\"83447097300043\",\"numberOfEmployees\":{\"@type\":\"QuantitativeValue\",\"minValue\":\"1\",\"maxValue\":\"10\"}},{\"@type\":\"Person\",\"@id\":\"https:\/\/dicodusport.fr\/blog\/#\/schema\/person\/cce96fa88785bd8573e3d43078ac8c79\",\"name\":\"Arlette Yeye\",\"image\":{\"@type\":\"ImageObject\",\"inLanguage\":\"fr-FR\",\"@id\":\"https:\/\/dicodusport.fr\/blog\/#\/schema\/person\/image\/\",\"url\":\"https:\/\/secure.gravatar.com\/avatar\/dca4a6239e6d708e46c45d60e160de6c?s=96&d=wp_user_avatar&r=g\",\"contentUrl\":\"https:\/\/secure.gravatar.com\/avatar\/dca4a6239e6d708e46c45d60e160de6c?s=96&d=wp_user_avatar&r=g\",\"caption\":\"Arlette Yeye\"},\"description\":\"Journaliste\/r\u00e9dactrice depuis septembre 2015 - Supportrice de Chelsea, j'ai pour sports de pr\u00e9dilection le handball, l'athl\u00e9tisme et le tennis. Si je tweete plus vite que mon ombre, vous pouvez aussi me retrouver les week-ends sur les playgrounds de Bruxelles pour un petit foot ou basket entre potes. Parcourir la France, l'Europe et plus si affinit\u00e9s pour suivre mes sportifs pr\u00e9f\u00e9r\u00e9s ? Mon kif ! Et c'est avec plaisir que je partage les r\u00e9sultats des sports populaires mais \u00e9galement plus confidentiels pour Dicodusport.\",\"sameAs\":[\"https:\/\/x.com\/https:\/\/twitter.com\/Shiclette94\"],\"url\":\"https:\/\/dicodusport.fr\/blog\/author\/arlette\/\"}]}<\/script>\n<!-- \/ Yoast SEO Premium plugin. -->","yoast_head_json":{"title":"Coupe d'Europe des lancers 2023 : M\u00e9lina Robert-Michon en bronze au lancer du disque - Dicodusport","description":"L'insatiable M\u00e9lina Robert-Michon remporte une nouvelle m\u00e9daille au lancer du disque. La m\u00e9daille de bronze.","robots":{"index":"index","follow":"follow","max-snippet":"max-snippet:-1","max-image-preview":"max-image-preview:large","max-video-preview":"max-video-preview:-1"},"canonical":"https:\/\/dicodusport.fr\/blog\/coupe-deurope-des-lancers-2023-melina-robert-michon-en-bronze-au-lancer-du-disque\/","og_locale":"fr_FR","og_type":"article","og_title":"Coupe d'Europe des lancers 2023 : M\u00e9lina Robert-Michon en bronze au lancer du disque","og_description":"L'insatiable M\u00e9lina Robert-Michon remporte une nouvelle m\u00e9daille au lancer du disque. La m\u00e9daille de bronze.","og_url":"https:\/\/dicodusport.fr\/blog\/coupe-deurope-des-lancers-2023-melina-robert-michon-en-bronze-au-lancer-du-disque\/","og_site_name":"Dicodusport","article_publisher":"https:\/\/www.facebook.com\/dicodusport","article_published_time":"2023-03-12T16:46:46+00:00","article_modified_time":"2023-03-12T19:49:36+00:00","og_image":[{"width":800,"height":445,"url":"https:\/\/dicodusport.fr\/blog\/wp-content\/uploads\/2023\/03\/Coupe-dEurope-des-lancers-2023-Melina-Robert-Michon-en-bronze-au-lancer-du-disque.png","type":"image\/png"}],"author":"Arlette Yeye","twitter_card":"summary_large_image","twitter_title":"Coupe d'Europe des lancers 2023 : M\u00e9lina Robert-Michon en bronze au lancer du disque","twitter_creator":"@https:\/\/twitter.com\/Shiclette94","twitter_site":"@dicodusport","schema":{"@context":"https:\/\/schema.org","@graph":[{"@type":"NewsArticle","@id":"https:\/\/dicodusport.fr\/blog\/coupe-deurope-des-lancers-2023-melina-robert-michon-en-bronze-au-lancer-du-disque\/#article","isPartOf":{"@id":"https:\/\/dicodusport.fr\/blog\/coupe-deurope-des-lancers-2023-melina-robert-michon-en-bronze-au-lancer-du-disque\/"},"author":{"name":"Arlette Yeye","@id":"https:\/\/dicodusport.fr\/blog\/#\/schema\/person\/cce96fa88785bd8573e3d43078ac8c79"},"headline":"Coupe d&rsquo;Europe des lancers 2023 : M\u00e9lina Robert-Michon en bronze au lancer du disque","datePublished":"2023-03-12T16:46:46+00:00","dateModified":"2023-03-12T19:49:36+00:00","mainEntityOfPage":{"@id":"https:\/\/dicodusport.fr\/blog\/coupe-deurope-des-lancers-2023-melina-robert-michon-en-bronze-au-lancer-du-disque\/"},"wordCount":422,"commentCount":0,"publisher":{"@id":"https:\/\/dicodusport.fr\/blog\/#organization"},"image":{"@id":"https:\/\/dicodusport.fr\/blog\/coupe-deurope-des-lancers-2023-melina-robert-michon-en-bronze-au-lancer-du-disque\/#primaryimage"},"thumbnailUrl":"https:\/\/dicodusport.fr\/blog\/wp-content\/uploads\/2023\/03\/Coupe-dEurope-des-lancers-2023-Melina-Robert-Michon-en-bronze-au-lancer-du-disque.png","keywords":["Alexandra Tavernier","Amanda Ngandu-Ntumba","Athl\u00e9tisme","br\u00e8ve","Coupe d'Europe des lancers","lancer du disque","Lancer du marteau","M\u00e9lina Robert-Michon","Rose Loga"],"articleSection":["Athl\u00e9tisme"],"inLanguage":"fr-FR","potentialAction":[{"@type":"CommentAction","name":"Comment","target":["https:\/\/dicodusport.fr\/blog\/coupe-deurope-des-lancers-2023-melina-robert-michon-en-bronze-au-lancer-du-disque\/#respond"]}],"copyrightYear":"2023","copyrightHolder":{"@id":"https:\/\/dicodusport.fr\/blog\/#organization"}},{"@type":"WebPage","@id":"https:\/\/dicodusport.fr\/blog\/coupe-deurope-des-lancers-2023-melina-robert-michon-en-bronze-au-lancer-du-disque\/","url":"https:\/\/dicodusport.fr\/blog\/coupe-deurope-des-lancers-2023-melina-robert-michon-en-bronze-au-lancer-du-disque\/","name":"Coupe d'Europe des lancers 2023 : M\u00e9lina Robert-Michon en bronze au lancer du disque - Dicodusport","isPartOf":{"@id":"https:\/\/dicodusport.fr\/blog\/#website"},"primaryImageOfPage":{"@id":"https:\/\/dicodusport.fr\/blog\/coupe-deurope-des-lancers-2023-melina-robert-michon-en-bronze-au-lancer-du-disque\/#primaryimage"},"image":{"@id":"https:\/\/dicodusport.fr\/blog\/coupe-deurope-des-lancers-2023-melina-robert-michon-en-bronze-au-lancer-du-disque\/#primaryimage"},"thumbnailUrl":"https:\/\/dicodusport.fr\/blog\/wp-content\/uploads\/2023\/03\/Coupe-dEurope-des-lancers-2023-Melina-Robert-Michon-en-bronze-au-lancer-du-disque.png","datePublished":"2023-03-12T16:46:46+00:00","dateModified":"2023-03-12T19:49:36+00:00","description":"L'insatiable M\u00e9lina Robert-Michon remporte une nouvelle m\u00e9daille au lancer du disque. La m\u00e9daille de bronze.","breadcrumb":{"@id":"https:\/\/dicodusport.fr\/blog\/coupe-deurope-des-lancers-2023-melina-robert-michon-en-bronze-au-lancer-du-disque\/#breadcrumb"},"inLanguage":"fr-FR","potentialAction":[{"@type":"ReadAction","target":["https:\/\/dicodusport.fr\/blog\/coupe-deurope-des-lancers-2023-melina-robert-michon-en-bronze-au-lancer-du-disque\/"]}]},{"@type":"ImageObject","inLanguage":"fr-FR","@id":"https:\/\/dicodusport.fr\/blog\/coupe-deurope-des-lancers-2023-melina-robert-michon-en-bronze-au-lancer-du-disque\/#primaryimage","url":"https:\/\/dicodusport.fr\/blog\/wp-content\/uploads\/2023\/03\/Coupe-dEurope-des-lancers-2023-Melina-Robert-Michon-en-bronze-au-lancer-du-disque.png","contentUrl":"https:\/\/dicodusport.fr\/blog\/wp-content\/uploads\/2023\/03\/Coupe-dEurope-des-lancers-2023-Melina-Robert-Michon-en-bronze-au-lancer-du-disque.png","width":800,"height":445,"caption":"Coupe d'Europe des lancers 2023 M\u00e9lina Robert-Michon en bronze au lancer du disque"},{"@type":"BreadcrumbList","@id":"https:\/\/dicodusport.fr\/blog\/coupe-deurope-des-lancers-2023-melina-robert-michon-en-bronze-au-lancer-du-disque\/#breadcrumb","itemListElement":[{"@type":"ListItem","position":1,"name":"Accueil","item":"https:\/\/dicodusport.fr\/blog\/"},{"@type":"ListItem","position":2,"name":"Coupe d&rsquo;Europe des lancers 2023 : M\u00e9lina Robert-Michon en bronze au lancer du disque"}]},{"@type":"WebSite","@id":"https:\/\/dicodusport.fr\/blog\/#website","url":"https:\/\/dicodusport.fr\/blog\/","name":"Dicodusport","description":"L&#039;encyclop\u00e9die de l&#039;actualit\u00e9 sportive","publisher":{"@id":"https:\/\/dicodusport.fr\/blog\/#organization"},"potentialAction":[{"@type":"SearchAction","target":{"@type":"EntryPoint","urlTemplate":"https:\/\/dicodusport.fr\/blog\/?s={search_term_string}"},"query-input":{"@type":"PropertyValueSpecification","valueRequired":true,"valueName":"search_term_string"}}],"inLanguage":"fr-FR"},{"@type":"NewsMediaOrganization","@id":"https:\/\/dicodusport.fr\/blog\/#organization","name":"Dicodusport","url":"https:\/\/dicodusport.fr\/blog\/","logo":{"@type":"ImageObject","inLanguage":"fr-FR","@id":"https:\/\/dicodusport.fr\/blog\/#\/schema\/logo\/image\/","url":"https:\/\/dicodusport.fr\/blog\/wp-content\/uploads\/2020\/06\/cropped-LOGO-DICODUSPORT-2020-SANS-FOND-SANS-TEXTE.png","contentUrl":"https:\/\/dicodusport.fr\/blog\/wp-content\/uploads\/2020\/06\/cropped-LOGO-DICODUSPORT-2020-SANS-FOND-SANS-TEXTE.png","width":512,"height":512,"caption":"Dicodusport"},"image":{"@id":"https:\/\/dicodusport.fr\/blog\/#\/schema\/logo\/image\/"},"sameAs":["https:\/\/www.facebook.com\/dicodusport","https:\/\/x.com\/dicodusport","https:\/\/www.instagram.com\/dicodusport\/","https:\/\/www.youtube.com\/channel\/UC7V2KZ5sd3htJivAbA4ZG3w"],"description":"Dicodusport est l'encyclop\u00e9die de l'actualit\u00e9 sportive.","email":"bonjour@dicodusport.fr","legalName":"DICODUSPORT","foundingDate":"2018-01-14","vatID":"FR71834470973","taxID":"83447097300043","numberOfEmployees":{"@type":"QuantitativeValue","minValue":"1","maxValue":"10"}},{"@type":"Person","@id":"https:\/\/dicodusport.fr\/blog\/#\/schema\/person\/cce96fa88785bd8573e3d43078ac8c79","name":"Arlette Yeye","image":{"@type":"ImageObject","inLanguage":"fr-FR","@id":"https:\/\/dicodusport.fr\/blog\/#\/schema\/person\/image\/","url":"https:\/\/secure.gravatar.com\/avatar\/dca4a6239e6d708e46c45d60e160de6c?s=96&d=wp_user_avatar&r=g","contentUrl":"https:\/\/secure.gravatar.com\/avatar\/dca4a6239e6d708e46c45d60e160de6c?s=96&d=wp_user_avatar&r=g","caption":"Arlette Yeye"},"description":"Journaliste\/r\u00e9dactrice depuis septembre 2015 - Supportrice de Chelsea, j'ai pour sports de pr\u00e9dilection le handball, l'athl\u00e9tisme et le tennis. Si je tweete plus vite que mon ombre, vous pouvez aussi me retrouver les week-ends sur les playgrounds de Bruxelles pour un petit foot ou basket entre potes. Parcourir la France, l'Europe et plus si affinit\u00e9s pour suivre mes sportifs pr\u00e9f\u00e9r\u00e9s ? Mon kif ! Et c'est avec plaisir que je partage les r\u00e9sultats des sports populaires mais \u00e9galement plus confidentiels pour Dicodusport.","sameAs":["https:\/\/x.com\/https:\/\/twitter.com\/Shiclette94"],"url":"https:\/\/dicodusport.fr\/blog\/author\/arlette\/"}]}},"_links":{"self":[{"href":"https:\/\/dicodusport.fr\/blog\/wp-json\/wp\/v2\/posts\/364723","targetHints":{"allow":["GET"]}}],"collection":[{"href":"https:\/\/dicodusport.fr\/blog\/wp-json\/wp\/v2\/posts"}],"about":[{"href":"https:\/\/dicodusport.fr\/blog\/wp-json\/wp\/v2\/types\/post"}],"author":[{"embeddable":true,"href":"https:\/\/dicodusport.fr\/blog\/wp-json\/wp\/v2\/users\/12"}],"replies":[{"embeddable":true,"href":"https:\/\/dicodusport.fr\/blog\/wp-json\/wp\/v2\/comments?post=364723"}],"version-history":[{"count":0,"href":"https:\/\/dicodusport.fr\/blog\/wp-json\/wp\/v2\/posts\/364723\/revisions"}],"wp:featuredmedia":[{"embeddable":true,"href":"https:\/\/dicodusport.fr\/blog\/wp-json\/wp\/v2\/media\/364916"}],"wp:attachment":[{"href":"https:\/\/dicodusport.fr\/blog\/wp-json\/wp\/v2\/media?parent=364723"}],"wp:term":[{"taxonomy":"category","embeddable":true,"href":"https:\/\/dicodusport.fr\/blog\/wp-json\/wp\/v2\/categories?post=364723"},{"taxonomy":"post_tag","embeddable":true,"href":"https:\/\/dicodusport.fr\/blog\/wp-json\/wp\/v2\/tags?post=364723"}],"curies":[{"name":"wp","href":"https:\/\/api.w.org\/{rel}","templated":true}]}}