{"id":364838,"date":"2023-03-12T16:41:56","date_gmt":"2023-03-12T15:41:56","guid":{"rendered":"https:\/\/dicodusport.fr\/blog\/?p=364838&#038;preview=true&#038;preview_id=364838"},"modified":"2023-03-12T18:01:05","modified_gmt":"2023-03-12T17:01:05","slug":"biathlon-ostersund-2023-premier-podium-en-coupe-du-monde-pour-eric-perrot","status":"publish","type":"post","link":"https:\/\/dicodusport.fr\/blog\/biathlon-ostersund-2023-premier-podium-en-coupe-du-monde-pour-eric-perrot\/","title":{"rendered":"Biathlon Ostersund 2023 : Premier podium en Coupe du monde pour \u00c9ric Perrot !"},"content":{"rendered":"<p align=\"justify\"><em><strong><a href=\"https:\/\/dicodusport.fr\/blog\/biathlon-ostersund-2023-programme-complet-et-resutlats\/\">BIATHLON COUPE DU MONDE D&rsquo;OSTERSUND 2023<\/a> &#8211; Le Norv\u00e9gien Vetle Christiansen s&rsquo;impose sur la mass start \u00e0 Ostersund (Su\u00e8de). Il devance son compatriote Johannes Dale. \u00c9ric Perrot, pour sa premi\u00e8re mass start, monte sur le podium, \u00e0 la 3\u00e8me place.<\/strong><\/em><\/p>\n<h2 style=\"text-align: justify;\">Perrot, 4\u00e8me temps de ski<\/h2>\n<p style=\"text-align: justify;\">Elle est belle, elle est magnifique et vient att\u00e9nuer un d\u00e9but d&rsquo;ann\u00e9e 2023 bien frustrant pour les biathl\u00e8tes fran\u00e7ais. <strong>\u00c9ric Perrot<\/strong>, pour sa toute premi\u00e8re mass start en Coupe du monde, s&rsquo;invite au banquet des grands, directement \u00e0 la 3e place. Qui vient conclure sa semaine de folie, d\u00e9j\u00e0 en \u00e9vidence sur l&rsquo;individuel et monstrueux hier samedi, sur le relais. \u00c9videmment, on peut toujours se dire que <strong>Johannes Boe<\/strong>, leader du classement g\u00e9n\u00e9ral n&rsquo;\u00e9tait pas l\u00e0. Mais apr\u00e8s tout, les absents, m\u00eame covid\u00e9s, ont toujours tort.<\/p>\n<p style=\"text-align: justify;\">Surtout, ce n&rsquo;est pas l&rsquo;absence du Norv\u00e9gien qui a fait tirer le Fran\u00e7ais \u00e0 19\/20. Ce n&rsquo;est pas l&rsquo;absence du Norv\u00e9gien qui a fait r\u00e9aliser au Fran\u00e7ais le 4\u00e8me temps \u00e0 ski. Non, <strong>\u00c9ric Perrot<\/strong> ne doit rien \u00e0 personne et a \u00e9t\u00e9 se chercher sa place sur le podium comme un grand. \u00c0 m\u00eame pas 22 ans, il incarne le pr\u00e9sent et l&rsquo;avenir du biathlon fran\u00e7ais. Et vient de franchir un gros cap cette semaine \u00e0 Ostersund. Une semaine qui fera date pour lui et qui va faire du bien au biathlon fran\u00e7ais, qui s&rsquo;offre simplement son 5e podium individuel de la saison. Au lendemain de la deuxi\u00e8me place du relais, les Bleus vont pouvoir quitter la Su\u00e8de avec beaucoup de baume au c\u0153ur.<\/p>\n<blockquote class=\"twitter-tweet\">\n<p dir=\"ltr\" lang=\"fr\">C&rsquo;est la sensation ! \u00c9ric Perrot termine \u00e0 la 3e place pour sa premi\u00e8re Mass Start ! Il a \u00e9t\u00e9 \u00e9norme \ud83c\uddeb\ud83c\uddf7\ud83d\ude0d<br \/>\nVetle Christiansen d\u00e9croche la m\u00e9daille d&rsquo;or<\/p>\n<p>En direct sur la cha\u00eene L&rsquo;\u00c9quipe : <a href=\"https:\/\/t.co\/HVE6rPoeAb\">https:\/\/t.co\/HVE6rPoeAb<\/a><a href=\"https:\/\/twitter.com\/hashtag\/lequipeBIATHLON?src=hash&amp;ref_src=twsrc%5Etfw\">#lequipeBIATHLON<\/a> <a href=\"https:\/\/t.co\/09PRkhyqvw\">pic.twitter.com\/09PRkhyqvw<\/a><\/p>\n<p>\u2014 la chaine L&rsquo;\u00c9quipe (@lachainelequipe) <a href=\"https:\/\/twitter.com\/lachainelequipe\/status\/1634942380213260294?ref_src=twsrc%5Etfw\">March 12, 2023<\/a><\/p><\/blockquote>\n<p style=\"text-align: justify;\"><script async src=\"https:\/\/platform.twitter.com\/widgets.js\" charset=\"utf-8\"><\/script><\/p>\n<h2 style=\"text-align: justify;\">Christiansen de bout en bout<\/h2>\n<p style=\"text-align: justify;\">\u00c9videmment, il n&rsquo;y avait rien \u00e0 faire face \u00e0 un cador comme <strong>Vetle Christiansen<\/strong>. Le Norv\u00e9gien a r\u00e9alis\u00e9 une course magistrale. Il a acc\u00e9l\u00e9r\u00e9 apr\u00e8s le premier tir, pour faire la course en t\u00eate de bout en bout. Imp\u00e9rial, sans jamais vraiment creuser des \u00e9carts abyssaux, il a su mettre la pression au tir \u00e0 tout le monde. Seul \u00e0 20\/20 parmi les cadors. Il a fait exploser sur le dernier tir debout <strong>Sturla Laegreid<\/strong>, qui pouvait r\u00eaver de la gagne pour son retour. Ce dernier, seulement 13\u00e8me, manque la belle op\u00e9ration pour le petit globe. Il n&rsquo;a pas su profiter de l&rsquo;absence de <strong>Johannes Boe<\/strong>. Non, <strong>Vetle Christiansen<\/strong> \u00e9tait intouchable aujourd&rsquo;hui. <strong>Johannes Dale<\/strong>\u00a0a lui aussi craqu\u00e9 dans le dernier tir. Mais costaud sur les skis, le Norv\u00e9gien sauve l&rsquo;essentiel, en devan\u00e7ant <strong>Eric Perrot<\/strong> au sprint. Un nouveau doubl\u00e9 norv\u00e9gien donc.<\/p>\n<p style=\"text-align: justify;\">Christiansen s&rsquo;offre une belle semaine, avec sa 3e place de l&rsquo;individuel jeudi. Et s&rsquo;offre \u00e0 Ostersund sa premi\u00e8re victoire de la saison. Souvent dans l&rsquo;ombre de <strong>Johannes Boe<\/strong> voire de <strong>Sturla Laegreid<\/strong>, il a su prendre toute la lumi\u00e8re aujourd&rsquo;hui. Il a sans doute profit\u00e9 des circonstances favorables. Mais sa victoire, lui non plus, il ne la doit \u00e0 personne.<\/p>\n<h2 style=\"text-align: justify;\">\u00c0 lire aussi<\/h2>\n<ul>\n<li style=\"text-align: justify;\"><a href=\"https:\/\/dicodusport.fr\/blog\/biathlon-ostersund-2023-classement-mass-start-hommes\/\"><strong>Le classement de la mass start hommes<\/strong><\/a><\/li>\n<li style=\"text-align: justify;\"><a href=\"https:\/\/dicodusport.fr\/blog\/coupe-du-monde-biathlon-classement-general-hommes\/\"><strong>Le classement g\u00e9n\u00e9ral de la Coupe du monde de biathlon<\/strong><\/a><\/li>\n<li style=\"text-align: justify;\"><a href=\"https:\/\/dicodusport.fr\/blog\/coupe-du-monde-biathlon-classement-petit-globe-mass-start-hommes\/\"><strong>Le classement du petit globe de la mass start<\/strong><\/a><\/li>\n<\/ul>\n","protected":false},"excerpt":{"rendered":"<p>BIATHLON COUPE DU MONDE D&rsquo;OSTERSUND 2023 &#8211; Le Norv\u00e9gien Vetle Christiansen s&rsquo;impose sur la mass start \u00e0 Ostersund (Su\u00e8de). Il devance son compatriote Johannes Dale. \u00c9ric Perrot, pour sa premi\u00e8re mass start, prend une place sur le podium, \u00e0 la 3\u00e8me place.<\/p>\n","protected":false},"author":83,"featured_media":364915,"comment_status":"open","ping_status":"closed","sticky":false,"template":"","format":"standard","meta":{"_acf_changed":false,"_daextam_enable_autolinks":"","footnotes":""},"categories":[47040],"tags":[16878,2903,15233,24],"class_list":["post-364838","post","type-post","status-publish","format-standard","has-post-thumbnail","hentry","category-coupe-du-monde-de-biathlon","tag-breve","tag-coupe-du-monde-biathlon","tag-eric-perrot","tag-sport"],"acf":[],"yoast_head":"<!-- This site is optimized with the Yoast SEO Premium plugin v26.7 (Yoast SEO v26.7) - https:\/\/yoast.com\/wordpress\/plugins\/seo\/ -->\n<title>Biathlon Ostersund 2023 : Premier podium en Coupe du monde pour \u00c9ric Perrot !<\/title>\n<meta name=\"description\" content=\"Vetle Christiansen s&#039;impose sur la mass start \u00e0 Ostersund. \u00c9ric Perrot, pour sa premi\u00e8re mass start, est sur le podium \u00e0 la 3e place\" \/>\n<meta name=\"robots\" content=\"index, follow, max-snippet:-1, max-image-preview:large, max-video-preview:-1\" \/>\n<link rel=\"canonical\" href=\"https:\/\/dicodusport.fr\/blog\/biathlon-ostersund-2023-premier-podium-en-coupe-du-monde-pour-eric-perrot\/\" \/>\n<meta property=\"og:locale\" content=\"fr_FR\" \/>\n<meta property=\"og:type\" content=\"article\" \/>\n<meta property=\"og:title\" content=\"Biathlon Ostersund 2023 : Premier podium en Coupe du monde pour \u00c9ric Perrot !\" \/>\n<meta property=\"og:description\" content=\"Vetle Christiansen s&#039;impose sur la mass start \u00e0 Ostersund. \u00c9ric Perrot, pour sa premi\u00e8re mass start, est sur le podium \u00e0 la 3e place\" \/>\n<meta property=\"og:url\" content=\"https:\/\/dicodusport.fr\/blog\/biathlon-ostersund-2023-premier-podium-en-coupe-du-monde-pour-eric-perrot\/\" \/>\n<meta property=\"og:site_name\" content=\"Dicodusport\" \/>\n<meta property=\"article:publisher\" content=\"https:\/\/www.facebook.com\/dicodusport\" \/>\n<meta property=\"article:published_time\" content=\"2023-03-12T15:41:56+00:00\" \/>\n<meta property=\"article:modified_time\" content=\"2023-03-12T17:01:05+00:00\" \/>\n<meta property=\"og:image\" content=\"https:\/\/dicodusport.fr\/blog\/wp-content\/uploads\/2023\/03\/Biathlon-Ostersund-2023-Premier-podium-en-Coupe-du-monde-pour-Eric-Perrot-.png\" \/>\n\t<meta property=\"og:image:width\" content=\"800\" \/>\n\t<meta property=\"og:image:height\" content=\"445\" \/>\n\t<meta property=\"og:image:type\" content=\"image\/png\" \/>\n<meta name=\"author\" content=\"Etienne Goursaud\" \/>\n<meta name=\"twitter:card\" content=\"summary_large_image\" \/>\n<meta name=\"twitter:title\" content=\"Biathlon Ostersund 2023 : Premier podium en Coupe du monde pour \u00c9ric Perrot !\" \/>\n<meta name=\"twitter:creator\" content=\"@dicodusport\" \/>\n<meta name=\"twitter:site\" content=\"@dicodusport\" \/>\n<script type=\"application\/ld+json\" class=\"yoast-schema-graph\">{\"@context\":\"https:\/\/schema.org\",\"@graph\":[{\"@type\":\"NewsArticle\",\"@id\":\"https:\/\/dicodusport.fr\/blog\/biathlon-ostersund-2023-premier-podium-en-coupe-du-monde-pour-eric-perrot\/#article\",\"isPartOf\":{\"@id\":\"https:\/\/dicodusport.fr\/blog\/biathlon-ostersund-2023-premier-podium-en-coupe-du-monde-pour-eric-perrot\/\"},\"author\":{\"name\":\"Etienne Goursaud\",\"@id\":\"https:\/\/dicodusport.fr\/blog\/#\/schema\/person\/d603dd7da31fb2b46c82b9835a77ec13\"},\"headline\":\"Biathlon Ostersund 2023 : Premier podium en Coupe du monde pour \u00c9ric Perrot !\",\"datePublished\":\"2023-03-12T15:41:56+00:00\",\"dateModified\":\"2023-03-12T17:01:05+00:00\",\"mainEntityOfPage\":{\"@id\":\"https:\/\/dicodusport.fr\/blog\/biathlon-ostersund-2023-premier-podium-en-coupe-du-monde-pour-eric-perrot\/\"},\"wordCount\":601,\"commentCount\":0,\"publisher\":{\"@id\":\"https:\/\/dicodusport.fr\/blog\/#organization\"},\"image\":{\"@id\":\"https:\/\/dicodusport.fr\/blog\/biathlon-ostersund-2023-premier-podium-en-coupe-du-monde-pour-eric-perrot\/#primaryimage\"},\"thumbnailUrl\":\"https:\/\/dicodusport.fr\/blog\/wp-content\/uploads\/2023\/03\/Biathlon-Ostersund-2023-Premier-podium-en-Coupe-du-monde-pour-Eric-Perrot-.png\",\"keywords\":[\"br\u00e8ve\",\"coupe du monde biathlon\",\"Eric Perrot\",\"sport\"],\"articleSection\":[\"Coupe du monde de biathlon\"],\"inLanguage\":\"fr-FR\",\"potentialAction\":[{\"@type\":\"CommentAction\",\"name\":\"Comment\",\"target\":[\"https:\/\/dicodusport.fr\/blog\/biathlon-ostersund-2023-premier-podium-en-coupe-du-monde-pour-eric-perrot\/#respond\"]}],\"copyrightYear\":\"2023\",\"copyrightHolder\":{\"@id\":\"https:\/\/dicodusport.fr\/blog\/#organization\"}},{\"@type\":\"WebPage\",\"@id\":\"https:\/\/dicodusport.fr\/blog\/biathlon-ostersund-2023-premier-podium-en-coupe-du-monde-pour-eric-perrot\/\",\"url\":\"https:\/\/dicodusport.fr\/blog\/biathlon-ostersund-2023-premier-podium-en-coupe-du-monde-pour-eric-perrot\/\",\"name\":\"Biathlon Ostersund 2023 : Premier podium en Coupe du monde pour \u00c9ric Perrot !\",\"isPartOf\":{\"@id\":\"https:\/\/dicodusport.fr\/blog\/#website\"},\"primaryImageOfPage\":{\"@id\":\"https:\/\/dicodusport.fr\/blog\/biathlon-ostersund-2023-premier-podium-en-coupe-du-monde-pour-eric-perrot\/#primaryimage\"},\"image\":{\"@id\":\"https:\/\/dicodusport.fr\/blog\/biathlon-ostersund-2023-premier-podium-en-coupe-du-monde-pour-eric-perrot\/#primaryimage\"},\"thumbnailUrl\":\"https:\/\/dicodusport.fr\/blog\/wp-content\/uploads\/2023\/03\/Biathlon-Ostersund-2023-Premier-podium-en-Coupe-du-monde-pour-Eric-Perrot-.png\",\"datePublished\":\"2023-03-12T15:41:56+00:00\",\"dateModified\":\"2023-03-12T17:01:05+00:00\",\"description\":\"Vetle Christiansen s'impose sur la mass start \u00e0 Ostersund. \u00c9ric Perrot, pour sa premi\u00e8re mass start, est sur le podium \u00e0 la 3e place\",\"breadcrumb\":{\"@id\":\"https:\/\/dicodusport.fr\/blog\/biathlon-ostersund-2023-premier-podium-en-coupe-du-monde-pour-eric-perrot\/#breadcrumb\"},\"inLanguage\":\"fr-FR\",\"potentialAction\":[{\"@type\":\"ReadAction\",\"target\":[\"https:\/\/dicodusport.fr\/blog\/biathlon-ostersund-2023-premier-podium-en-coupe-du-monde-pour-eric-perrot\/\"]}]},{\"@type\":\"ImageObject\",\"inLanguage\":\"fr-FR\",\"@id\":\"https:\/\/dicodusport.fr\/blog\/biathlon-ostersund-2023-premier-podium-en-coupe-du-monde-pour-eric-perrot\/#primaryimage\",\"url\":\"https:\/\/dicodusport.fr\/blog\/wp-content\/uploads\/2023\/03\/Biathlon-Ostersund-2023-Premier-podium-en-Coupe-du-monde-pour-Eric-Perrot-.png\",\"contentUrl\":\"https:\/\/dicodusport.fr\/blog\/wp-content\/uploads\/2023\/03\/Biathlon-Ostersund-2023-Premier-podium-en-Coupe-du-monde-pour-Eric-Perrot-.png\",\"width\":800,\"height\":445,\"caption\":\"Biathlon Ostersund 2023 Premier podium en Coupe du monde pour \u00c9ric Perrot !\"},{\"@type\":\"BreadcrumbList\",\"@id\":\"https:\/\/dicodusport.fr\/blog\/biathlon-ostersund-2023-premier-podium-en-coupe-du-monde-pour-eric-perrot\/#breadcrumb\",\"itemListElement\":[{\"@type\":\"ListItem\",\"position\":1,\"name\":\"Accueil\",\"item\":\"https:\/\/dicodusport.fr\/blog\/\"},{\"@type\":\"ListItem\",\"position\":2,\"name\":\"Biathlon Ostersund 2023 : Premier podium en Coupe du monde pour \u00c9ric Perrot !\"}]},{\"@type\":\"WebSite\",\"@id\":\"https:\/\/dicodusport.fr\/blog\/#website\",\"url\":\"https:\/\/dicodusport.fr\/blog\/\",\"name\":\"Dicodusport\",\"description\":\"L&#039;encyclop\u00e9die de l&#039;actualit\u00e9 sportive\",\"publisher\":{\"@id\":\"https:\/\/dicodusport.fr\/blog\/#organization\"},\"potentialAction\":[{\"@type\":\"SearchAction\",\"target\":{\"@type\":\"EntryPoint\",\"urlTemplate\":\"https:\/\/dicodusport.fr\/blog\/?s={search_term_string}\"},\"query-input\":{\"@type\":\"PropertyValueSpecification\",\"valueRequired\":true,\"valueName\":\"search_term_string\"}}],\"inLanguage\":\"fr-FR\"},{\"@type\":\"NewsMediaOrganization\",\"@id\":\"https:\/\/dicodusport.fr\/blog\/#organization\",\"name\":\"Dicodusport\",\"url\":\"https:\/\/dicodusport.fr\/blog\/\",\"logo\":{\"@type\":\"ImageObject\",\"inLanguage\":\"fr-FR\",\"@id\":\"https:\/\/dicodusport.fr\/blog\/#\/schema\/logo\/image\/\",\"url\":\"https:\/\/dicodusport.fr\/blog\/wp-content\/uploads\/2020\/06\/cropped-LOGO-DICODUSPORT-2020-SANS-FOND-SANS-TEXTE.png\",\"contentUrl\":\"https:\/\/dicodusport.fr\/blog\/wp-content\/uploads\/2020\/06\/cropped-LOGO-DICODUSPORT-2020-SANS-FOND-SANS-TEXTE.png\",\"width\":512,\"height\":512,\"caption\":\"Dicodusport\"},\"image\":{\"@id\":\"https:\/\/dicodusport.fr\/blog\/#\/schema\/logo\/image\/\"},\"sameAs\":[\"https:\/\/www.facebook.com\/dicodusport\",\"https:\/\/x.com\/dicodusport\",\"https:\/\/www.instagram.com\/dicodusport\/\",\"https:\/\/www.youtube.com\/channel\/UC7V2KZ5sd3htJivAbA4ZG3w\"],\"description\":\"Dicodusport est l'encyclop\u00e9die de l'actualit\u00e9 sportive.\",\"email\":\"bonjour@dicodusport.fr\",\"legalName\":\"DICODUSPORT\",\"foundingDate\":\"2018-01-14\",\"vatID\":\"FR71834470973\",\"taxID\":\"83447097300043\",\"numberOfEmployees\":{\"@type\":\"QuantitativeValue\",\"minValue\":\"1\",\"maxValue\":\"10\"}},{\"@type\":\"Person\",\"@id\":\"https:\/\/dicodusport.fr\/blog\/#\/schema\/person\/d603dd7da31fb2b46c82b9835a77ec13\",\"name\":\"Etienne Goursaud\",\"image\":{\"@type\":\"ImageObject\",\"inLanguage\":\"fr-FR\",\"@id\":\"https:\/\/dicodusport.fr\/blog\/#\/schema\/person\/image\/\",\"url\":\"https:\/\/dicodusport.fr\/blog\/wp-content\/uploads\/2023\/12\/410122264_10231602061736049_5565839791558026645_n-150x150.jpg\",\"contentUrl\":\"https:\/\/dicodusport.fr\/blog\/wp-content\/uploads\/2023\/12\/410122264_10231602061736049_5565839791558026645_n-150x150.jpg\",\"caption\":\"Etienne Goursaud\"},\"description\":\"Journaliste et amoureux de sport. Ancien footballeur reconverti athl\u00e8te quand ses muscles le laissent tranquille. \u00c9lev\u00e9 \u00e0 la sauce des exploits de Thomas Voeckler en 2004, du dernier essai de l\u00e9gende de Eunice Barber \u00e0 la longueur lors des championnats du monde d'athl\u00e9tisme de 2003 mais aussi Zidane, Omeyer et Titou Lamaison.\",\"url\":\"https:\/\/dicodusport.fr\/blog\/author\/etienne-goursaud\/\"}]}<\/script>\n<!-- \/ Yoast SEO Premium plugin. -->","yoast_head_json":{"title":"Biathlon Ostersund 2023 : Premier podium en Coupe du monde pour \u00c9ric Perrot !","description":"Vetle Christiansen s'impose sur la mass start \u00e0 Ostersund. \u00c9ric Perrot, pour sa premi\u00e8re mass start, est sur le podium \u00e0 la 3e place","robots":{"index":"index","follow":"follow","max-snippet":"max-snippet:-1","max-image-preview":"max-image-preview:large","max-video-preview":"max-video-preview:-1"},"canonical":"https:\/\/dicodusport.fr\/blog\/biathlon-ostersund-2023-premier-podium-en-coupe-du-monde-pour-eric-perrot\/","og_locale":"fr_FR","og_type":"article","og_title":"Biathlon Ostersund 2023 : Premier podium en Coupe du monde pour \u00c9ric Perrot !","og_description":"Vetle Christiansen s'impose sur la mass start \u00e0 Ostersund. \u00c9ric Perrot, pour sa premi\u00e8re mass start, est sur le podium \u00e0 la 3e place","og_url":"https:\/\/dicodusport.fr\/blog\/biathlon-ostersund-2023-premier-podium-en-coupe-du-monde-pour-eric-perrot\/","og_site_name":"Dicodusport","article_publisher":"https:\/\/www.facebook.com\/dicodusport","article_published_time":"2023-03-12T15:41:56+00:00","article_modified_time":"2023-03-12T17:01:05+00:00","og_image":[{"width":800,"height":445,"url":"https:\/\/dicodusport.fr\/blog\/wp-content\/uploads\/2023\/03\/Biathlon-Ostersund-2023-Premier-podium-en-Coupe-du-monde-pour-Eric-Perrot-.png","type":"image\/png"}],"author":"Etienne Goursaud","twitter_card":"summary_large_image","twitter_title":"Biathlon Ostersund 2023 : Premier podium en Coupe du monde pour \u00c9ric Perrot !","twitter_creator":"@dicodusport","twitter_site":"@dicodusport","schema":{"@context":"https:\/\/schema.org","@graph":[{"@type":"NewsArticle","@id":"https:\/\/dicodusport.fr\/blog\/biathlon-ostersund-2023-premier-podium-en-coupe-du-monde-pour-eric-perrot\/#article","isPartOf":{"@id":"https:\/\/dicodusport.fr\/blog\/biathlon-ostersund-2023-premier-podium-en-coupe-du-monde-pour-eric-perrot\/"},"author":{"name":"Etienne Goursaud","@id":"https:\/\/dicodusport.fr\/blog\/#\/schema\/person\/d603dd7da31fb2b46c82b9835a77ec13"},"headline":"Biathlon Ostersund 2023 : Premier podium en Coupe du monde pour \u00c9ric Perrot !","datePublished":"2023-03-12T15:41:56+00:00","dateModified":"2023-03-12T17:01:05+00:00","mainEntityOfPage":{"@id":"https:\/\/dicodusport.fr\/blog\/biathlon-ostersund-2023-premier-podium-en-coupe-du-monde-pour-eric-perrot\/"},"wordCount":601,"commentCount":0,"publisher":{"@id":"https:\/\/dicodusport.fr\/blog\/#organization"},"image":{"@id":"https:\/\/dicodusport.fr\/blog\/biathlon-ostersund-2023-premier-podium-en-coupe-du-monde-pour-eric-perrot\/#primaryimage"},"thumbnailUrl":"https:\/\/dicodusport.fr\/blog\/wp-content\/uploads\/2023\/03\/Biathlon-Ostersund-2023-Premier-podium-en-Coupe-du-monde-pour-Eric-Perrot-.png","keywords":["br\u00e8ve","coupe du monde biathlon","Eric Perrot","sport"],"articleSection":["Coupe du monde de biathlon"],"inLanguage":"fr-FR","potentialAction":[{"@type":"CommentAction","name":"Comment","target":["https:\/\/dicodusport.fr\/blog\/biathlon-ostersund-2023-premier-podium-en-coupe-du-monde-pour-eric-perrot\/#respond"]}],"copyrightYear":"2023","copyrightHolder":{"@id":"https:\/\/dicodusport.fr\/blog\/#organization"}},{"@type":"WebPage","@id":"https:\/\/dicodusport.fr\/blog\/biathlon-ostersund-2023-premier-podium-en-coupe-du-monde-pour-eric-perrot\/","url":"https:\/\/dicodusport.fr\/blog\/biathlon-ostersund-2023-premier-podium-en-coupe-du-monde-pour-eric-perrot\/","name":"Biathlon Ostersund 2023 : Premier podium en Coupe du monde pour \u00c9ric Perrot !","isPartOf":{"@id":"https:\/\/dicodusport.fr\/blog\/#website"},"primaryImageOfPage":{"@id":"https:\/\/dicodusport.fr\/blog\/biathlon-ostersund-2023-premier-podium-en-coupe-du-monde-pour-eric-perrot\/#primaryimage"},"image":{"@id":"https:\/\/dicodusport.fr\/blog\/biathlon-ostersund-2023-premier-podium-en-coupe-du-monde-pour-eric-perrot\/#primaryimage"},"thumbnailUrl":"https:\/\/dicodusport.fr\/blog\/wp-content\/uploads\/2023\/03\/Biathlon-Ostersund-2023-Premier-podium-en-Coupe-du-monde-pour-Eric-Perrot-.png","datePublished":"2023-03-12T15:41:56+00:00","dateModified":"2023-03-12T17:01:05+00:00","description":"Vetle Christiansen s'impose sur la mass start \u00e0 Ostersund. \u00c9ric Perrot, pour sa premi\u00e8re mass start, est sur le podium \u00e0 la 3e place","breadcrumb":{"@id":"https:\/\/dicodusport.fr\/blog\/biathlon-ostersund-2023-premier-podium-en-coupe-du-monde-pour-eric-perrot\/#breadcrumb"},"inLanguage":"fr-FR","potentialAction":[{"@type":"ReadAction","target":["https:\/\/dicodusport.fr\/blog\/biathlon-ostersund-2023-premier-podium-en-coupe-du-monde-pour-eric-perrot\/"]}]},{"@type":"ImageObject","inLanguage":"fr-FR","@id":"https:\/\/dicodusport.fr\/blog\/biathlon-ostersund-2023-premier-podium-en-coupe-du-monde-pour-eric-perrot\/#primaryimage","url":"https:\/\/dicodusport.fr\/blog\/wp-content\/uploads\/2023\/03\/Biathlon-Ostersund-2023-Premier-podium-en-Coupe-du-monde-pour-Eric-Perrot-.png","contentUrl":"https:\/\/dicodusport.fr\/blog\/wp-content\/uploads\/2023\/03\/Biathlon-Ostersund-2023-Premier-podium-en-Coupe-du-monde-pour-Eric-Perrot-.png","width":800,"height":445,"caption":"Biathlon Ostersund 2023 Premier podium en Coupe du monde pour \u00c9ric Perrot !"},{"@type":"BreadcrumbList","@id":"https:\/\/dicodusport.fr\/blog\/biathlon-ostersund-2023-premier-podium-en-coupe-du-monde-pour-eric-perrot\/#breadcrumb","itemListElement":[{"@type":"ListItem","position":1,"name":"Accueil","item":"https:\/\/dicodusport.fr\/blog\/"},{"@type":"ListItem","position":2,"name":"Biathlon Ostersund 2023 : Premier podium en Coupe du monde pour \u00c9ric Perrot !"}]},{"@type":"WebSite","@id":"https:\/\/dicodusport.fr\/blog\/#website","url":"https:\/\/dicodusport.fr\/blog\/","name":"Dicodusport","description":"L&#039;encyclop\u00e9die de l&#039;actualit\u00e9 sportive","publisher":{"@id":"https:\/\/dicodusport.fr\/blog\/#organization"},"potentialAction":[{"@type":"SearchAction","target":{"@type":"EntryPoint","urlTemplate":"https:\/\/dicodusport.fr\/blog\/?s={search_term_string}"},"query-input":{"@type":"PropertyValueSpecification","valueRequired":true,"valueName":"search_term_string"}}],"inLanguage":"fr-FR"},{"@type":"NewsMediaOrganization","@id":"https:\/\/dicodusport.fr\/blog\/#organization","name":"Dicodusport","url":"https:\/\/dicodusport.fr\/blog\/","logo":{"@type":"ImageObject","inLanguage":"fr-FR","@id":"https:\/\/dicodusport.fr\/blog\/#\/schema\/logo\/image\/","url":"https:\/\/dicodusport.fr\/blog\/wp-content\/uploads\/2020\/06\/cropped-LOGO-DICODUSPORT-2020-SANS-FOND-SANS-TEXTE.png","contentUrl":"https:\/\/dicodusport.fr\/blog\/wp-content\/uploads\/2020\/06\/cropped-LOGO-DICODUSPORT-2020-SANS-FOND-SANS-TEXTE.png","width":512,"height":512,"caption":"Dicodusport"},"image":{"@id":"https:\/\/dicodusport.fr\/blog\/#\/schema\/logo\/image\/"},"sameAs":["https:\/\/www.facebook.com\/dicodusport","https:\/\/x.com\/dicodusport","https:\/\/www.instagram.com\/dicodusport\/","https:\/\/www.youtube.com\/channel\/UC7V2KZ5sd3htJivAbA4ZG3w"],"description":"Dicodusport est l'encyclop\u00e9die de l'actualit\u00e9 sportive.","email":"bonjour@dicodusport.fr","legalName":"DICODUSPORT","foundingDate":"2018-01-14","vatID":"FR71834470973","taxID":"83447097300043","numberOfEmployees":{"@type":"QuantitativeValue","minValue":"1","maxValue":"10"}},{"@type":"Person","@id":"https:\/\/dicodusport.fr\/blog\/#\/schema\/person\/d603dd7da31fb2b46c82b9835a77ec13","name":"Etienne Goursaud","image":{"@type":"ImageObject","inLanguage":"fr-FR","@id":"https:\/\/dicodusport.fr\/blog\/#\/schema\/person\/image\/","url":"https:\/\/dicodusport.fr\/blog\/wp-content\/uploads\/2023\/12\/410122264_10231602061736049_5565839791558026645_n-150x150.jpg","contentUrl":"https:\/\/dicodusport.fr\/blog\/wp-content\/uploads\/2023\/12\/410122264_10231602061736049_5565839791558026645_n-150x150.jpg","caption":"Etienne Goursaud"},"description":"Journaliste et amoureux de sport. Ancien footballeur reconverti athl\u00e8te quand ses muscles le laissent tranquille. \u00c9lev\u00e9 \u00e0 la sauce des exploits de Thomas Voeckler en 2004, du dernier essai de l\u00e9gende de Eunice Barber \u00e0 la longueur lors des championnats du monde d'athl\u00e9tisme de 2003 mais aussi Zidane, Omeyer et Titou Lamaison.","url":"https:\/\/dicodusport.fr\/blog\/author\/etienne-goursaud\/"}]}},"_links":{"self":[{"href":"https:\/\/dicodusport.fr\/blog\/wp-json\/wp\/v2\/posts\/364838","targetHints":{"allow":["GET"]}}],"collection":[{"href":"https:\/\/dicodusport.fr\/blog\/wp-json\/wp\/v2\/posts"}],"about":[{"href":"https:\/\/dicodusport.fr\/blog\/wp-json\/wp\/v2\/types\/post"}],"author":[{"embeddable":true,"href":"https:\/\/dicodusport.fr\/blog\/wp-json\/wp\/v2\/users\/83"}],"replies":[{"embeddable":true,"href":"https:\/\/dicodusport.fr\/blog\/wp-json\/wp\/v2\/comments?post=364838"}],"version-history":[{"count":0,"href":"https:\/\/dicodusport.fr\/blog\/wp-json\/wp\/v2\/posts\/364838\/revisions"}],"wp:featuredmedia":[{"embeddable":true,"href":"https:\/\/dicodusport.fr\/blog\/wp-json\/wp\/v2\/media\/364915"}],"wp:attachment":[{"href":"https:\/\/dicodusport.fr\/blog\/wp-json\/wp\/v2\/media?parent=364838"}],"wp:term":[{"taxonomy":"category","embeddable":true,"href":"https:\/\/dicodusport.fr\/blog\/wp-json\/wp\/v2\/categories?post=364838"},{"taxonomy":"post_tag","embeddable":true,"href":"https:\/\/dicodusport.fr\/blog\/wp-json\/wp\/v2\/tags?post=364838"}],"curies":[{"name":"wp","href":"https:\/\/api.w.org\/{rel}","templated":true}]}}