{"id":364914,"date":"2023-03-12T18:03:48","date_gmt":"2023-03-12T17:03:48","guid":{"rendered":"https:\/\/dicodusport.fr\/blog\/?p=364914&#038;preview=true&#038;preview_id=364914"},"modified":"2023-03-12T18:55:51","modified_gmt":"2023-03-12T17:55:51","slug":"emilien-jacquelin-ne-commencez-pas-les-comparaisons-eric-perrot-martin-fourcade","status":"publish","type":"post","link":"https:\/\/dicodusport.fr\/blog\/emilien-jacquelin-ne-commencez-pas-les-comparaisons-eric-perrot-martin-fourcade\/","title":{"rendered":"\u00c9milien Jacquelin : \u00ab\u00a0Ne commencez pas les comparaisons \u00c9ric Perrot &#8211; Martin Fourcade\u00a0\u00bb"},"content":{"rendered":"<p align=\"justify\"><em><strong>BIATHLON &#8211; Apr\u00e8s <a href=\"https:\/\/dicodusport.fr\/blog\/biathlon-ostersund-2023-premier-podium-en-coupe-du-monde-pour-eric-perrot\/\" target=\"_blank\" rel=\"noopener\">la magnifique troisi\u00e8me place d&rsquo;\u00c9ric Perrot sur la mass start d&rsquo;Ostersund<\/a>, \u00c9milien Jacquelin a publi\u00e9 un tweet avec une demande li\u00e9e \u00e0 son propre parcours.<\/strong><\/em><\/p>\n<p align=\"justify\"><strong>\u00c9ric<\/strong> <strong>Perrot<\/strong> a d\u00e9croch\u00e9 son premier podium en Coupe du monde sur sa premi\u00e8re mass start \u00e0 ce niveau. Le Fran\u00e7ais, reparti en <strong>IBU Cup<\/strong> il y a quelques semaines, est de retour \u00e0 son meilleur niveau et a r\u00e9alis\u00e9 deux tr\u00e8s bonnes courses individuelles en Su\u00e8de. <strong>\u00c9milien<\/strong> <strong>Jacquelin<\/strong>, <a href=\"https:\/\/dicodusport.fr\/blog\/biathlon-emilien-jacquelin-devrait-mettre-un-terme-a-sa-saison\/\">qui a mis un terme \u00e0 sa saison<\/a>, continue de suivre la Coupe du monde de pr\u00e8s et a partag\u00e9 son sentiment \u00e0 l&rsquo;issue de la course.<\/p>\n<blockquote>\n<p style=\"text-align: justify;\" align=\"justify\">S&rsquo;il vous plait, ne commencez pas les comparaisons \u00c9ric Perrot &#8211; Martin Fourcade. Chacun est diff\u00e9rent, chacun ses qualit\u00e9s et c\u2019est \u00e7a qui est beau. Bravo \u00c9ric !<\/p>\n<\/blockquote>\n<p align=\"justify\">Ce tweet est tout sauf anodin venant du double champion du monde de la poursuite. Apr\u00e8s un d\u00e9but de carri\u00e8re exceptionnel, <strong>\u00c9milien<\/strong> <strong>Jacquelin<\/strong> traverse des saisons plus compliqu\u00e9es depuis deux ans, et n&rsquo;est m\u00eame pas all\u00e9 au terme de la <strong>Coupe du monde<\/strong> cette ann\u00e9e. Et pour expliquer ses difficult\u00e9s r\u00e9centes, il s&rsquo;est notamment expliqu\u00e9 \u00e0 <a href=\"https:\/\/www.leparisien.fr\/sports\/emilien-jacquelin-met-un-terme-a-sa-saison-de-biathlon-je-me-suis-perdu-a-vouloir-faire-du-fourcade-22-02-2023-FFPDF3W44JHA7EWGRCQXWORSPI.php#xtor=AD-1481423553\" target=\"_blank\" rel=\"noopener\">nos confr\u00e8res du <em>Parisien<\/em><\/a>.<\/p>\n<blockquote>\n<p style=\"text-align: justify;\" align=\"justify\">J&rsquo;ai tenu Martin au courant de ma d\u00e9cision, mais on a deux visions totalement diff\u00e9rentes du sport. C&rsquo;est le temps qui me l&rsquo;a montr\u00e9. La sienne lui a r\u00e9ussi, ce n&rsquo;est pas du tout la mienne. Je me suis perdu \u00e0 vouloir faire du Martin Fourcade, quand on n&rsquo;est pas soi-m\u00eame, on finit par le payer.<\/p>\n<\/blockquote>\n<p align=\"justify\">Et si <strong>\u00c9milien<\/strong> <strong>Jacquelin<\/strong> a voulu faire du <strong>Martin<\/strong> <strong>Fourcade<\/strong>, c&rsquo;est que tr\u00e8s t\u00f4t, apr\u00e8s ses premiers succ\u00e8s et alors que son ain\u00e9 n&rsquo;\u00e9tait pas encore \u00e0 la retraite, les comparaisons ont fus\u00e9. Annonc\u00e9 comme la rel\u00e8ve du biathlon fran\u00e7ais, ou comme le nouveau Martin Fourcade, le biathl\u00e8te de 27 ans s&rsquo;est perdu en route. Et son avertissement vis-\u00e0-vis des possibles comparaisons entre <strong>\u00c9ric<\/strong> <strong>Perrot<\/strong> et le meilleur biathl\u00e8te fran\u00e7ais de tous les temps prend donc tout son sens.<\/p>\n<blockquote class=\"twitter-tweet\">\n<p dir=\"ltr\" lang=\"fr\">SVP commencez pas les comparaisons Martin-\u00c9ric<br \/>\nChacun est diff\u00e9rent, chacun ses qualit\u00e9s et c\u2019est \u00e7a qui est beau. Bravo \u00c9ric \ud83c\uddeb\ud83c\uddf7<\/p>\n<p>\u2014 Emilien Jacquelin (@EmilienJck) <a href=\"https:\/\/twitter.com\/EmilienJck\/status\/1634950575170404352?ref_src=twsrc%5Etfw\">March 12, 2023<\/a><\/p><\/blockquote>\n<p><script async src=\"https:\/\/platform.twitter.com\/widgets.js\" charset=\"utf-8\"><\/script><\/p>\n","protected":false},"excerpt":{"rendered":"<p>BIATHLON &#8211; Apr\u00e8s la magnifique troisi\u00e8me place d&rsquo;\u00c9ric Perrot sur la mass start d&rsquo;Ostersund, \u00c9milien Jacquelin a publi\u00e9 un tweet avec une demande li\u00e9e \u00e0 son propre parcours.<\/p>\n","protected":false},"author":1,"featured_media":364929,"comment_status":"open","ping_status":"closed","sticky":false,"template":"","format":"standard","meta":{"_acf_changed":false,"_daextam_enable_autolinks":"","footnotes":""},"categories":[47040],"tags":[2427,16878,2692,15233,2693],"class_list":["post-364914","post","type-post","status-publish","format-standard","has-post-thumbnail","hentry","category-coupe-du-monde-de-biathlon","tag-biathlon","tag-breve","tag-emilien-jacquelin","tag-eric-perrot","tag-jacquelin"],"acf":[],"yoast_head":"<!-- This site is optimized with the Yoast SEO Premium plugin v26.7 (Yoast SEO v26.7) - https:\/\/yoast.com\/wordpress\/plugins\/seo\/ -->\n<title>\u00c9milien Jacquelin : &quot;Ne commencez pas les comparaisons \u00c9ric Perrot - Martin Fourcade&quot;<\/title>\n<meta name=\"description\" content=\"Apr\u00e8s la magnifique 3\u00e8me place d&#039;\u00c9ric Perrot \u00e0 Ostersund, \u00c9milien Jacquelin a publi\u00e9 un tweet avec une demande li\u00e9e \u00e0 son propre parcours.\" \/>\n<meta name=\"robots\" content=\"index, follow, max-snippet:-1, max-image-preview:large, max-video-preview:-1\" \/>\n<link rel=\"canonical\" href=\"https:\/\/dicodusport.fr\/blog\/emilien-jacquelin-ne-commencez-pas-les-comparaisons-eric-perrot-martin-fourcade\/\" \/>\n<meta property=\"og:locale\" content=\"fr_FR\" \/>\n<meta property=\"og:type\" content=\"article\" \/>\n<meta property=\"og:title\" content=\"\u00c9milien Jacquelin : &quot;Ne commencez pas les comparaisons \u00c9ric Perrot - Martin Fourcade&quot;\" \/>\n<meta property=\"og:description\" content=\"Apr\u00e8s la magnifique 3\u00e8me place d&#039;\u00c9ric Perrot \u00e0 Ostersund, \u00c9milien Jacquelin a publi\u00e9 un tweet avec une demande li\u00e9e \u00e0 son propre parcours.\" \/>\n<meta property=\"og:url\" content=\"https:\/\/dicodusport.fr\/blog\/emilien-jacquelin-ne-commencez-pas-les-comparaisons-eric-perrot-martin-fourcade\/\" \/>\n<meta property=\"og:site_name\" content=\"Dicodusport\" \/>\n<meta property=\"article:publisher\" content=\"https:\/\/www.facebook.com\/dicodusport\" \/>\n<meta property=\"article:author\" content=\"https:\/\/www.facebook.com\/dicodusport\" \/>\n<meta property=\"article:published_time\" content=\"2023-03-12T17:03:48+00:00\" \/>\n<meta property=\"article:modified_time\" content=\"2023-03-12T17:55:51+00:00\" \/>\n<meta property=\"og:image\" content=\"https:\/\/dicodusport.fr\/blog\/wp-content\/uploads\/2023\/03\/Emilien-Jacquelin-Ne-commencez-pas-les-comparaisons-Eric-Perot-Martin-Fourcade.png\" \/>\n\t<meta property=\"og:image:width\" content=\"800\" \/>\n\t<meta property=\"og:image:height\" content=\"445\" \/>\n\t<meta property=\"og:image:type\" content=\"image\/png\" \/>\n<meta name=\"author\" content=\"Nicolas Jacquemard\" \/>\n<meta name=\"twitter:card\" content=\"summary_large_image\" \/>\n<meta name=\"twitter:title\" content=\"\u00c9milien Jacquelin : &quot;Ne commencez pas les comparaisons \u00c9ric Perrot - Martin Fourcade&quot;\" \/>\n<meta name=\"twitter:creator\" content=\"@https:\/\/twitter.com\/Nico_Jacquemard\" \/>\n<meta name=\"twitter:site\" content=\"@dicodusport\" \/>\n<script type=\"application\/ld+json\" class=\"yoast-schema-graph\">{\"@context\":\"https:\/\/schema.org\",\"@graph\":[{\"@type\":\"NewsArticle\",\"@id\":\"https:\/\/dicodusport.fr\/blog\/emilien-jacquelin-ne-commencez-pas-les-comparaisons-eric-perrot-martin-fourcade\/#article\",\"isPartOf\":{\"@id\":\"https:\/\/dicodusport.fr\/blog\/emilien-jacquelin-ne-commencez-pas-les-comparaisons-eric-perrot-martin-fourcade\/\"},\"author\":{\"name\":\"Nicolas Jacquemard\",\"@id\":\"https:\/\/dicodusport.fr\/blog\/#\/schema\/person\/55dcb50ad410894e431ed812bbb70191\"},\"headline\":\"\u00c9milien Jacquelin : \u00ab\u00a0Ne commencez pas les comparaisons \u00c9ric Perrot &#8211; Martin Fourcade\u00a0\u00bb\",\"datePublished\":\"2023-03-12T17:03:48+00:00\",\"dateModified\":\"2023-03-12T17:55:51+00:00\",\"mainEntityOfPage\":{\"@id\":\"https:\/\/dicodusport.fr\/blog\/emilien-jacquelin-ne-commencez-pas-les-comparaisons-eric-perrot-martin-fourcade\/\"},\"wordCount\":407,\"commentCount\":1,\"publisher\":{\"@id\":\"https:\/\/dicodusport.fr\/blog\/#organization\"},\"image\":{\"@id\":\"https:\/\/dicodusport.fr\/blog\/emilien-jacquelin-ne-commencez-pas-les-comparaisons-eric-perrot-martin-fourcade\/#primaryimage\"},\"thumbnailUrl\":\"https:\/\/dicodusport.fr\/blog\/wp-content\/uploads\/2023\/03\/Emilien-Jacquelin-Ne-commencez-pas-les-comparaisons-Eric-Perot-Martin-Fourcade.png\",\"keywords\":[\"Biathlon\",\"br\u00e8ve\",\"Emilien Jacquelin\",\"Eric Perrot\",\"Jacquelin\"],\"articleSection\":[\"Coupe du monde de biathlon\"],\"inLanguage\":\"fr-FR\",\"potentialAction\":[{\"@type\":\"CommentAction\",\"name\":\"Comment\",\"target\":[\"https:\/\/dicodusport.fr\/blog\/emilien-jacquelin-ne-commencez-pas-les-comparaisons-eric-perrot-martin-fourcade\/#respond\"]}],\"copyrightYear\":\"2023\",\"copyrightHolder\":{\"@id\":\"https:\/\/dicodusport.fr\/blog\/#organization\"}},{\"@type\":\"WebPage\",\"@id\":\"https:\/\/dicodusport.fr\/blog\/emilien-jacquelin-ne-commencez-pas-les-comparaisons-eric-perrot-martin-fourcade\/\",\"url\":\"https:\/\/dicodusport.fr\/blog\/emilien-jacquelin-ne-commencez-pas-les-comparaisons-eric-perrot-martin-fourcade\/\",\"name\":\"\u00c9milien Jacquelin : \\\"Ne commencez pas les comparaisons \u00c9ric Perrot - Martin Fourcade\\\"\",\"isPartOf\":{\"@id\":\"https:\/\/dicodusport.fr\/blog\/#website\"},\"primaryImageOfPage\":{\"@id\":\"https:\/\/dicodusport.fr\/blog\/emilien-jacquelin-ne-commencez-pas-les-comparaisons-eric-perrot-martin-fourcade\/#primaryimage\"},\"image\":{\"@id\":\"https:\/\/dicodusport.fr\/blog\/emilien-jacquelin-ne-commencez-pas-les-comparaisons-eric-perrot-martin-fourcade\/#primaryimage\"},\"thumbnailUrl\":\"https:\/\/dicodusport.fr\/blog\/wp-content\/uploads\/2023\/03\/Emilien-Jacquelin-Ne-commencez-pas-les-comparaisons-Eric-Perot-Martin-Fourcade.png\",\"datePublished\":\"2023-03-12T17:03:48+00:00\",\"dateModified\":\"2023-03-12T17:55:51+00:00\",\"description\":\"Apr\u00e8s la magnifique 3\u00e8me place d'\u00c9ric Perrot \u00e0 Ostersund, \u00c9milien Jacquelin a publi\u00e9 un tweet avec une demande li\u00e9e \u00e0 son propre parcours.\",\"breadcrumb\":{\"@id\":\"https:\/\/dicodusport.fr\/blog\/emilien-jacquelin-ne-commencez-pas-les-comparaisons-eric-perrot-martin-fourcade\/#breadcrumb\"},\"inLanguage\":\"fr-FR\",\"potentialAction\":[{\"@type\":\"ReadAction\",\"target\":[\"https:\/\/dicodusport.fr\/blog\/emilien-jacquelin-ne-commencez-pas-les-comparaisons-eric-perrot-martin-fourcade\/\"]}]},{\"@type\":\"ImageObject\",\"inLanguage\":\"fr-FR\",\"@id\":\"https:\/\/dicodusport.fr\/blog\/emilien-jacquelin-ne-commencez-pas-les-comparaisons-eric-perrot-martin-fourcade\/#primaryimage\",\"url\":\"https:\/\/dicodusport.fr\/blog\/wp-content\/uploads\/2023\/03\/Emilien-Jacquelin-Ne-commencez-pas-les-comparaisons-Eric-Perot-Martin-Fourcade.png\",\"contentUrl\":\"https:\/\/dicodusport.fr\/blog\/wp-content\/uploads\/2023\/03\/Emilien-Jacquelin-Ne-commencez-pas-les-comparaisons-Eric-Perot-Martin-Fourcade.png\",\"width\":800,\"height\":445},{\"@type\":\"BreadcrumbList\",\"@id\":\"https:\/\/dicodusport.fr\/blog\/emilien-jacquelin-ne-commencez-pas-les-comparaisons-eric-perrot-martin-fourcade\/#breadcrumb\",\"itemListElement\":[{\"@type\":\"ListItem\",\"position\":1,\"name\":\"Accueil\",\"item\":\"https:\/\/dicodusport.fr\/blog\/\"},{\"@type\":\"ListItem\",\"position\":2,\"name\":\"\u00c9milien Jacquelin : \u00ab\u00a0Ne commencez pas les comparaisons \u00c9ric Perrot &#8211; Martin Fourcade\u00a0\u00bb\"}]},{\"@type\":\"WebSite\",\"@id\":\"https:\/\/dicodusport.fr\/blog\/#website\",\"url\":\"https:\/\/dicodusport.fr\/blog\/\",\"name\":\"Dicodusport\",\"description\":\"L&#039;encyclop\u00e9die de l&#039;actualit\u00e9 sportive\",\"publisher\":{\"@id\":\"https:\/\/dicodusport.fr\/blog\/#organization\"},\"potentialAction\":[{\"@type\":\"SearchAction\",\"target\":{\"@type\":\"EntryPoint\",\"urlTemplate\":\"https:\/\/dicodusport.fr\/blog\/?s={search_term_string}\"},\"query-input\":{\"@type\":\"PropertyValueSpecification\",\"valueRequired\":true,\"valueName\":\"search_term_string\"}}],\"inLanguage\":\"fr-FR\"},{\"@type\":\"NewsMediaOrganization\",\"@id\":\"https:\/\/dicodusport.fr\/blog\/#organization\",\"name\":\"Dicodusport\",\"url\":\"https:\/\/dicodusport.fr\/blog\/\",\"logo\":{\"@type\":\"ImageObject\",\"inLanguage\":\"fr-FR\",\"@id\":\"https:\/\/dicodusport.fr\/blog\/#\/schema\/logo\/image\/\",\"url\":\"https:\/\/dicodusport.fr\/blog\/wp-content\/uploads\/2020\/06\/cropped-LOGO-DICODUSPORT-2020-SANS-FOND-SANS-TEXTE.png\",\"contentUrl\":\"https:\/\/dicodusport.fr\/blog\/wp-content\/uploads\/2020\/06\/cropped-LOGO-DICODUSPORT-2020-SANS-FOND-SANS-TEXTE.png\",\"width\":512,\"height\":512,\"caption\":\"Dicodusport\"},\"image\":{\"@id\":\"https:\/\/dicodusport.fr\/blog\/#\/schema\/logo\/image\/\"},\"sameAs\":[\"https:\/\/www.facebook.com\/dicodusport\",\"https:\/\/x.com\/dicodusport\",\"https:\/\/www.instagram.com\/dicodusport\/\",\"https:\/\/www.youtube.com\/channel\/UC7V2KZ5sd3htJivAbA4ZG3w\"],\"description\":\"Dicodusport est l'encyclop\u00e9die de l'actualit\u00e9 sportive.\",\"email\":\"bonjour@dicodusport.fr\",\"legalName\":\"DICODUSPORT\",\"foundingDate\":\"2018-01-14\",\"vatID\":\"FR71834470973\",\"taxID\":\"83447097300043\",\"numberOfEmployees\":{\"@type\":\"QuantitativeValue\",\"minValue\":\"1\",\"maxValue\":\"10\"}},{\"@type\":\"Person\",\"@id\":\"https:\/\/dicodusport.fr\/blog\/#\/schema\/person\/55dcb50ad410894e431ed812bbb70191\",\"name\":\"Nicolas Jacquemard\",\"image\":{\"@type\":\"ImageObject\",\"inLanguage\":\"fr-FR\",\"@id\":\"https:\/\/dicodusport.fr\/blog\/#\/schema\/person\/image\/\",\"url\":\"https:\/\/dicodusport.fr\/blog\/wp-content\/uploads\/2021\/05\/Nicolas-Jacquemard-150x150.jpeg\",\"contentUrl\":\"https:\/\/dicodusport.fr\/blog\/wp-content\/uploads\/2021\/05\/Nicolas-Jacquemard-150x150.jpeg\",\"caption\":\"Nicolas Jacquemard\"},\"description\":\"Passionn\u00e9 de sport et entrepreneur depuis mes 18 ans, la cr\u00e9ation de Dicodusport m'a sembl\u00e9 \u00e9vidente pour participer \u00e0 la m\u00e9diatisation d'un plus grand nombre de sports. Le chemin est long mais avec une \u00e9quipe des plus motiv\u00e9es et les Jeux Olympiques de Paris 2024 en point de mire, nous y arriverons ! Journaliste dans le monde du sport depuis plus de 5 ans, je traite aussi bien de football, de rugby, de biathlon que de cyclisme.\",\"sameAs\":[\"https:\/\/www.facebook.com\/dicodusport\",\"https:\/\/x.com\/https:\/\/twitter.com\/Nico_Jacquemard\"],\"url\":\"https:\/\/dicodusport.fr\/blog\/author\/dicodusport\/\"}]}<\/script>\n<!-- \/ Yoast SEO Premium plugin. -->","yoast_head_json":{"title":"\u00c9milien Jacquelin : \"Ne commencez pas les comparaisons \u00c9ric Perrot - Martin Fourcade\"","description":"Apr\u00e8s la magnifique 3\u00e8me place d'\u00c9ric Perrot \u00e0 Ostersund, \u00c9milien Jacquelin a publi\u00e9 un tweet avec une demande li\u00e9e \u00e0 son propre parcours.","robots":{"index":"index","follow":"follow","max-snippet":"max-snippet:-1","max-image-preview":"max-image-preview:large","max-video-preview":"max-video-preview:-1"},"canonical":"https:\/\/dicodusport.fr\/blog\/emilien-jacquelin-ne-commencez-pas-les-comparaisons-eric-perrot-martin-fourcade\/","og_locale":"fr_FR","og_type":"article","og_title":"\u00c9milien Jacquelin : \"Ne commencez pas les comparaisons \u00c9ric Perrot - Martin Fourcade\"","og_description":"Apr\u00e8s la magnifique 3\u00e8me place d'\u00c9ric Perrot \u00e0 Ostersund, \u00c9milien Jacquelin a publi\u00e9 un tweet avec une demande li\u00e9e \u00e0 son propre parcours.","og_url":"https:\/\/dicodusport.fr\/blog\/emilien-jacquelin-ne-commencez-pas-les-comparaisons-eric-perrot-martin-fourcade\/","og_site_name":"Dicodusport","article_publisher":"https:\/\/www.facebook.com\/dicodusport","article_author":"https:\/\/www.facebook.com\/dicodusport","article_published_time":"2023-03-12T17:03:48+00:00","article_modified_time":"2023-03-12T17:55:51+00:00","og_image":[{"width":800,"height":445,"url":"https:\/\/dicodusport.fr\/blog\/wp-content\/uploads\/2023\/03\/Emilien-Jacquelin-Ne-commencez-pas-les-comparaisons-Eric-Perot-Martin-Fourcade.png","type":"image\/png"}],"author":"Nicolas Jacquemard","twitter_card":"summary_large_image","twitter_title":"\u00c9milien Jacquelin : \"Ne commencez pas les comparaisons \u00c9ric Perrot - Martin Fourcade\"","twitter_creator":"@https:\/\/twitter.com\/Nico_Jacquemard","twitter_site":"@dicodusport","schema":{"@context":"https:\/\/schema.org","@graph":[{"@type":"NewsArticle","@id":"https:\/\/dicodusport.fr\/blog\/emilien-jacquelin-ne-commencez-pas-les-comparaisons-eric-perrot-martin-fourcade\/#article","isPartOf":{"@id":"https:\/\/dicodusport.fr\/blog\/emilien-jacquelin-ne-commencez-pas-les-comparaisons-eric-perrot-martin-fourcade\/"},"author":{"name":"Nicolas Jacquemard","@id":"https:\/\/dicodusport.fr\/blog\/#\/schema\/person\/55dcb50ad410894e431ed812bbb70191"},"headline":"\u00c9milien Jacquelin : \u00ab\u00a0Ne commencez pas les comparaisons \u00c9ric Perrot &#8211; Martin Fourcade\u00a0\u00bb","datePublished":"2023-03-12T17:03:48+00:00","dateModified":"2023-03-12T17:55:51+00:00","mainEntityOfPage":{"@id":"https:\/\/dicodusport.fr\/blog\/emilien-jacquelin-ne-commencez-pas-les-comparaisons-eric-perrot-martin-fourcade\/"},"wordCount":407,"commentCount":1,"publisher":{"@id":"https:\/\/dicodusport.fr\/blog\/#organization"},"image":{"@id":"https:\/\/dicodusport.fr\/blog\/emilien-jacquelin-ne-commencez-pas-les-comparaisons-eric-perrot-martin-fourcade\/#primaryimage"},"thumbnailUrl":"https:\/\/dicodusport.fr\/blog\/wp-content\/uploads\/2023\/03\/Emilien-Jacquelin-Ne-commencez-pas-les-comparaisons-Eric-Perot-Martin-Fourcade.png","keywords":["Biathlon","br\u00e8ve","Emilien Jacquelin","Eric Perrot","Jacquelin"],"articleSection":["Coupe du monde de biathlon"],"inLanguage":"fr-FR","potentialAction":[{"@type":"CommentAction","name":"Comment","target":["https:\/\/dicodusport.fr\/blog\/emilien-jacquelin-ne-commencez-pas-les-comparaisons-eric-perrot-martin-fourcade\/#respond"]}],"copyrightYear":"2023","copyrightHolder":{"@id":"https:\/\/dicodusport.fr\/blog\/#organization"}},{"@type":"WebPage","@id":"https:\/\/dicodusport.fr\/blog\/emilien-jacquelin-ne-commencez-pas-les-comparaisons-eric-perrot-martin-fourcade\/","url":"https:\/\/dicodusport.fr\/blog\/emilien-jacquelin-ne-commencez-pas-les-comparaisons-eric-perrot-martin-fourcade\/","name":"\u00c9milien Jacquelin : \"Ne commencez pas les comparaisons \u00c9ric Perrot - Martin Fourcade\"","isPartOf":{"@id":"https:\/\/dicodusport.fr\/blog\/#website"},"primaryImageOfPage":{"@id":"https:\/\/dicodusport.fr\/blog\/emilien-jacquelin-ne-commencez-pas-les-comparaisons-eric-perrot-martin-fourcade\/#primaryimage"},"image":{"@id":"https:\/\/dicodusport.fr\/blog\/emilien-jacquelin-ne-commencez-pas-les-comparaisons-eric-perrot-martin-fourcade\/#primaryimage"},"thumbnailUrl":"https:\/\/dicodusport.fr\/blog\/wp-content\/uploads\/2023\/03\/Emilien-Jacquelin-Ne-commencez-pas-les-comparaisons-Eric-Perot-Martin-Fourcade.png","datePublished":"2023-03-12T17:03:48+00:00","dateModified":"2023-03-12T17:55:51+00:00","description":"Apr\u00e8s la magnifique 3\u00e8me place d'\u00c9ric Perrot \u00e0 Ostersund, \u00c9milien Jacquelin a publi\u00e9 un tweet avec une demande li\u00e9e \u00e0 son propre parcours.","breadcrumb":{"@id":"https:\/\/dicodusport.fr\/blog\/emilien-jacquelin-ne-commencez-pas-les-comparaisons-eric-perrot-martin-fourcade\/#breadcrumb"},"inLanguage":"fr-FR","potentialAction":[{"@type":"ReadAction","target":["https:\/\/dicodusport.fr\/blog\/emilien-jacquelin-ne-commencez-pas-les-comparaisons-eric-perrot-martin-fourcade\/"]}]},{"@type":"ImageObject","inLanguage":"fr-FR","@id":"https:\/\/dicodusport.fr\/blog\/emilien-jacquelin-ne-commencez-pas-les-comparaisons-eric-perrot-martin-fourcade\/#primaryimage","url":"https:\/\/dicodusport.fr\/blog\/wp-content\/uploads\/2023\/03\/Emilien-Jacquelin-Ne-commencez-pas-les-comparaisons-Eric-Perot-Martin-Fourcade.png","contentUrl":"https:\/\/dicodusport.fr\/blog\/wp-content\/uploads\/2023\/03\/Emilien-Jacquelin-Ne-commencez-pas-les-comparaisons-Eric-Perot-Martin-Fourcade.png","width":800,"height":445},{"@type":"BreadcrumbList","@id":"https:\/\/dicodusport.fr\/blog\/emilien-jacquelin-ne-commencez-pas-les-comparaisons-eric-perrot-martin-fourcade\/#breadcrumb","itemListElement":[{"@type":"ListItem","position":1,"name":"Accueil","item":"https:\/\/dicodusport.fr\/blog\/"},{"@type":"ListItem","position":2,"name":"\u00c9milien Jacquelin : \u00ab\u00a0Ne commencez pas les comparaisons \u00c9ric Perrot &#8211; Martin Fourcade\u00a0\u00bb"}]},{"@type":"WebSite","@id":"https:\/\/dicodusport.fr\/blog\/#website","url":"https:\/\/dicodusport.fr\/blog\/","name":"Dicodusport","description":"L&#039;encyclop\u00e9die de l&#039;actualit\u00e9 sportive","publisher":{"@id":"https:\/\/dicodusport.fr\/blog\/#organization"},"potentialAction":[{"@type":"SearchAction","target":{"@type":"EntryPoint","urlTemplate":"https:\/\/dicodusport.fr\/blog\/?s={search_term_string}"},"query-input":{"@type":"PropertyValueSpecification","valueRequired":true,"valueName":"search_term_string"}}],"inLanguage":"fr-FR"},{"@type":"NewsMediaOrganization","@id":"https:\/\/dicodusport.fr\/blog\/#organization","name":"Dicodusport","url":"https:\/\/dicodusport.fr\/blog\/","logo":{"@type":"ImageObject","inLanguage":"fr-FR","@id":"https:\/\/dicodusport.fr\/blog\/#\/schema\/logo\/image\/","url":"https:\/\/dicodusport.fr\/blog\/wp-content\/uploads\/2020\/06\/cropped-LOGO-DICODUSPORT-2020-SANS-FOND-SANS-TEXTE.png","contentUrl":"https:\/\/dicodusport.fr\/blog\/wp-content\/uploads\/2020\/06\/cropped-LOGO-DICODUSPORT-2020-SANS-FOND-SANS-TEXTE.png","width":512,"height":512,"caption":"Dicodusport"},"image":{"@id":"https:\/\/dicodusport.fr\/blog\/#\/schema\/logo\/image\/"},"sameAs":["https:\/\/www.facebook.com\/dicodusport","https:\/\/x.com\/dicodusport","https:\/\/www.instagram.com\/dicodusport\/","https:\/\/www.youtube.com\/channel\/UC7V2KZ5sd3htJivAbA4ZG3w"],"description":"Dicodusport est l'encyclop\u00e9die de l'actualit\u00e9 sportive.","email":"bonjour@dicodusport.fr","legalName":"DICODUSPORT","foundingDate":"2018-01-14","vatID":"FR71834470973","taxID":"83447097300043","numberOfEmployees":{"@type":"QuantitativeValue","minValue":"1","maxValue":"10"}},{"@type":"Person","@id":"https:\/\/dicodusport.fr\/blog\/#\/schema\/person\/55dcb50ad410894e431ed812bbb70191","name":"Nicolas Jacquemard","image":{"@type":"ImageObject","inLanguage":"fr-FR","@id":"https:\/\/dicodusport.fr\/blog\/#\/schema\/person\/image\/","url":"https:\/\/dicodusport.fr\/blog\/wp-content\/uploads\/2021\/05\/Nicolas-Jacquemard-150x150.jpeg","contentUrl":"https:\/\/dicodusport.fr\/blog\/wp-content\/uploads\/2021\/05\/Nicolas-Jacquemard-150x150.jpeg","caption":"Nicolas Jacquemard"},"description":"Passionn\u00e9 de sport et entrepreneur depuis mes 18 ans, la cr\u00e9ation de Dicodusport m'a sembl\u00e9 \u00e9vidente pour participer \u00e0 la m\u00e9diatisation d'un plus grand nombre de sports. Le chemin est long mais avec une \u00e9quipe des plus motiv\u00e9es et les Jeux Olympiques de Paris 2024 en point de mire, nous y arriverons ! Journaliste dans le monde du sport depuis plus de 5 ans, je traite aussi bien de football, de rugby, de biathlon que de cyclisme.","sameAs":["https:\/\/www.facebook.com\/dicodusport","https:\/\/x.com\/https:\/\/twitter.com\/Nico_Jacquemard"],"url":"https:\/\/dicodusport.fr\/blog\/author\/dicodusport\/"}]}},"_links":{"self":[{"href":"https:\/\/dicodusport.fr\/blog\/wp-json\/wp\/v2\/posts\/364914","targetHints":{"allow":["GET"]}}],"collection":[{"href":"https:\/\/dicodusport.fr\/blog\/wp-json\/wp\/v2\/posts"}],"about":[{"href":"https:\/\/dicodusport.fr\/blog\/wp-json\/wp\/v2\/types\/post"}],"author":[{"embeddable":true,"href":"https:\/\/dicodusport.fr\/blog\/wp-json\/wp\/v2\/users\/1"}],"replies":[{"embeddable":true,"href":"https:\/\/dicodusport.fr\/blog\/wp-json\/wp\/v2\/comments?post=364914"}],"version-history":[{"count":0,"href":"https:\/\/dicodusport.fr\/blog\/wp-json\/wp\/v2\/posts\/364914\/revisions"}],"wp:featuredmedia":[{"embeddable":true,"href":"https:\/\/dicodusport.fr\/blog\/wp-json\/wp\/v2\/media\/364929"}],"wp:attachment":[{"href":"https:\/\/dicodusport.fr\/blog\/wp-json\/wp\/v2\/media?parent=364914"}],"wp:term":[{"taxonomy":"category","embeddable":true,"href":"https:\/\/dicodusport.fr\/blog\/wp-json\/wp\/v2\/categories?post=364914"},{"taxonomy":"post_tag","embeddable":true,"href":"https:\/\/dicodusport.fr\/blog\/wp-json\/wp\/v2\/tags?post=364914"}],"curies":[{"name":"wp","href":"https:\/\/api.w.org\/{rel}","templated":true}]}}