{"id":364940,"date":"2023-03-12T18:36:05","date_gmt":"2023-03-12T17:36:05","guid":{"rendered":"https:\/\/dicodusport.fr\/blog\/?p=364940&#038;preview=true&#038;preview_id=364940"},"modified":"2023-03-12T20:53:41","modified_gmt":"2023-03-12T19:53:41","slug":"xv-de-france-emmanuel-meafou-convoque-pour-le-match-face-au-pays-de-galles","status":"publish","type":"post","link":"https:\/\/dicodusport.fr\/blog\/xv-de-france-emmanuel-meafou-convoque-pour-le-match-face-au-pays-de-galles\/","title":{"rendered":"XV de France : Emmanuel Meafou convoqu\u00e9 pour le match face au Pays de Galles"},"content":{"rendered":"<p style=\"text-align: justify;\" align=\"justify\"><em><strong><a href=\"https:\/\/dicodusport.fr\/blog\/actualites\/rugby\/rugby-a-xv\/xv-de-france\/\">XV DE FRANCE<\/a> &#8211; Emmanuel Meafou a \u00e9t\u00e9 convoqu\u00e9 par Fabien Galthi\u00e9 pour pr\u00e9parer le match face au Pays de Galles, samedi prochain, au Stade de France.<\/strong><\/em><\/p>\n<p style=\"text-align: justify;\" align=\"justify\">Le colosse toulousain <a href=\"https:\/\/dicodusport.fr\/blog\/xv-de-france-limbroglio-emmanuel-meafou\/\"><strong>Emmanuel Meafou<\/strong><\/a> est donc convoqu\u00e9 pour la premi\u00e8re fois avec le <strong>XV<\/strong> <strong>de<\/strong> <strong>France<\/strong> pour pr\u00e9parer le dernier match du <a href=\"https:\/\/dicodusport.fr\/blog\/6-nations-2023-calendrier-resultats-et-classement\/\">Tournoi des 6 Nations 2023<\/a>, face au <strong>XV du Poireau<\/strong>. Peut-il d\u00e9j\u00e0 porter la tunique bleue, ou est-il l\u00e0 pour prendre des rep\u00e8res dans l&rsquo;optique de la <strong>Coupe du monde<\/strong> ? Pour le moment, le deuxi\u00e8me ligne du Stade Toulousain est convoqu\u00e9 comme partenaire d&rsquo;entra\u00eenement et ne pourra pas faire ses d\u00e9buts face aux <strong>Gallois<\/strong> selon le staff fran\u00e7ais qui veut donc lui permettre de d\u00e9couvrir le groupe France.<\/p>\n<h2 style=\"text-align: justify;\" align=\"justify\">Meafou \u00e0 la Coupe du monde, est-ce possible ?<\/h2>\n<p align=\"justify\">Pourra-t-il jouer la Coupe du monde avec les Bleus ? Selon le nouveau r\u00e8glement World Rugby, non ! Mais une jurisprudence pour un joueur des All Blacks pourrait changer la donne. Pour faire simple, <strong>Emmanuel<\/strong> <strong>Meafou<\/strong> \u00e9tait s\u00e9lectionnable en d\u00e9cembre 2021, avant que le r\u00e8glement ne change au 1er janvier 2022. Mais le joueur d&rsquo;origine tongienne en question, <strong>Folau<\/strong> <strong>Fakatava<\/strong>, qui est dans le m\u00eame cas que le Toulousain, a \u00e9t\u00e9 autoris\u00e9 \u00e0 faire ses d\u00e9buts avec les Blacks apr\u00e8s le changement de r\u00e8gle, malgr\u00e9 le fait qu&rsquo;il n&rsquo;\u00e9tait plus s\u00e9lectionnable avec la nouvelle.<\/p>\n<p align=\"justify\">En attendant de savoir si <strong>Emmanuel<\/strong> <strong>Meafou<\/strong> fera la Coupe du monde avec les Bleus, on peut aussi noter les retours d&rsquo;<strong>Uini Atonio<\/strong> et <strong>Anthony<\/strong> <strong>Bouthier<\/strong> dans le groupe France pour pr\u00e9parer le dernier match. Premi\u00e8re s\u00e9lection \u00e9galement pour le Bayonnais <strong>Baptiste H\u00e9guy<\/strong>.<\/p>\n<h2 style=\"text-align: justify;\" align=\"justify\">La liste des 14 joueurs convoqu\u00e9s en renfort pour le Pays de Galles<\/h2>\n<p style=\"text-align: justify;\" align=\"justify\">Uini ATONIO<br \/>\nPaul BOUDEHENT<br \/>\nBaptiste HEGUY<br \/>\nThomas LAVAULT<br \/>\nEmmanuel MEAFOU<br \/>\nYoan TANGA<br \/>\nBastien VERGNES-TAILLEFER<br \/>\nSacha ZEGUEUR<br \/>\nPierre-Louis BARASSI<br \/>\nL\u00e9o BERDEU<br \/>\nAnthony BOUTHIER<br \/>\nThomas DARMON<br \/>\nAntoine HASTOY<br \/>\nMatthis LEBEL<br \/>\nEnzo REYBIER<\/p>\n<blockquote class=\"twitter-tweet\">\n<p dir=\"ltr\" lang=\"fr\">Emmanuel Meafou convoqu\u00e9 pour \u00eatre partenaire d\u2019entra\u00eenement des bleus. Le deuxi\u00e8me ligne d\u2019origine australienne de Toulouse ne peut pas porter le maillot du XV de France avant novembre 2023. <a href=\"https:\/\/twitter.com\/hashtag\/rugby?src=hash&amp;ref_src=twsrc%5Etfw\">#rugby<\/a> <a href=\"https:\/\/twitter.com\/hashtag\/vinations?src=hash&amp;ref_src=twsrc%5Etfw\">#vinations<\/a> <a href=\"https:\/\/twitter.com\/CanalplusRugby?ref_src=twsrc%5Etfw\">@CanalplusRugby<\/a> <a href=\"https:\/\/t.co\/MKKRI8PIqx\">pic.twitter.com\/MKKRI8PIqx<\/a><\/p>\n<p>\u2014 Guilhem Garrigues (@Guilhem7582) <a href=\"https:\/\/twitter.com\/Guilhem7582\/status\/1634969707060301825?ref_src=twsrc%5Etfw\">March 12, 2023<\/a><\/p><\/blockquote>\n<p style=\"text-align: justify;\"><script async src=\"https:\/\/platform.twitter.com\/widgets.js\" charset=\"utf-8\"><\/script><\/p>\n","protected":false},"excerpt":{"rendered":"<p>XV DE FRANCE &#8211; Emmanuel Meafou a \u00e9t\u00e9 convoqu\u00e9 par Fabien Galthi\u00e9 pour pr\u00e9parer le match face au Pays de Galles, samedi prochain, au Stade de France.<\/p>\n","protected":false},"author":1,"featured_media":341249,"comment_status":"open","ping_status":"closed","sticky":false,"template":"","format":"standard","meta":{"_acf_changed":false,"_daextam_enable_autolinks":"","footnotes":""},"categories":[9129,47048,19951],"tags":[16878,23053,28857,338,1638],"class_list":["post-364940","post","type-post","status-publish","format-standard","has-post-thumbnail","hentry","category-rugby-a-xv","category-tournoi-des-6-nations","category-xv-de-france","tag-breve","tag-emmanuel-meafou","tag-meafou","tag-pays-de-galles","tag-xv-de-france"],"acf":[],"yoast_head":"<!-- This site is optimized with the Yoast SEO Premium plugin v26.7 (Yoast SEO v26.7) - https:\/\/yoast.com\/wordpress\/plugins\/seo\/ -->\n<title>XV de France : Emmanuel Meafou convoqu\u00e9 pour le match face au Pays de Galles<\/title>\n<meta name=\"description\" content=\"XV DE FRANCE - Emmanuel Meafou a \u00e9t\u00e9 convoqu\u00e9 par Fabien Galthi\u00e9 pour pr\u00e9parer le match face au Pays de Galles samedi prochain.\" \/>\n<meta name=\"robots\" content=\"index, follow, max-snippet:-1, max-image-preview:large, max-video-preview:-1\" \/>\n<link rel=\"canonical\" href=\"https:\/\/dicodusport.fr\/blog\/xv-de-france-emmanuel-meafou-convoque-pour-le-match-face-au-pays-de-galles\/\" \/>\n<meta property=\"og:locale\" content=\"fr_FR\" \/>\n<meta property=\"og:type\" content=\"article\" \/>\n<meta property=\"og:title\" content=\"XV de France : Emmanuel Meafou convoqu\u00e9 pour le match face au Pays de Galles\" \/>\n<meta property=\"og:description\" content=\"XV DE FRANCE - Emmanuel Meafou a \u00e9t\u00e9 convoqu\u00e9 par Fabien Galthi\u00e9 pour pr\u00e9parer le match face au Pays de Galles samedi prochain.\" \/>\n<meta property=\"og:url\" content=\"https:\/\/dicodusport.fr\/blog\/xv-de-france-emmanuel-meafou-convoque-pour-le-match-face-au-pays-de-galles\/\" \/>\n<meta property=\"og:site_name\" content=\"Dicodusport\" \/>\n<meta property=\"article:publisher\" content=\"https:\/\/www.facebook.com\/dicodusport\" \/>\n<meta property=\"article:author\" content=\"https:\/\/www.facebook.com\/dicodusport\" \/>\n<meta property=\"article:published_time\" content=\"2023-03-12T17:36:05+00:00\" \/>\n<meta property=\"article:modified_time\" content=\"2023-03-12T19:53:41+00:00\" \/>\n<meta property=\"og:image\" content=\"https:\/\/dicodusport.fr\/blog\/wp-content\/uploads\/2023\/01\/Mercato-Le-Stade-Toulousain-blinde-Emmanuel-Meafou.png\" \/>\n\t<meta property=\"og:image:width\" content=\"800\" \/>\n\t<meta property=\"og:image:height\" content=\"445\" \/>\n\t<meta property=\"og:image:type\" content=\"image\/png\" \/>\n<meta name=\"author\" content=\"Nicolas Jacquemard\" \/>\n<meta name=\"twitter:card\" content=\"summary_large_image\" \/>\n<meta name=\"twitter:title\" content=\"XV de France : Emmanuel Meafou convoqu\u00e9 pour le match face au Pays de Galles\" \/>\n<meta name=\"twitter:creator\" content=\"@https:\/\/twitter.com\/Nico_Jacquemard\" \/>\n<meta name=\"twitter:site\" content=\"@dicodusport\" \/>\n<script type=\"application\/ld+json\" class=\"yoast-schema-graph\">{\"@context\":\"https:\/\/schema.org\",\"@graph\":[{\"@type\":\"NewsArticle\",\"@id\":\"https:\/\/dicodusport.fr\/blog\/xv-de-france-emmanuel-meafou-convoque-pour-le-match-face-au-pays-de-galles\/#article\",\"isPartOf\":{\"@id\":\"https:\/\/dicodusport.fr\/blog\/xv-de-france-emmanuel-meafou-convoque-pour-le-match-face-au-pays-de-galles\/\"},\"author\":{\"name\":\"Nicolas Jacquemard\",\"@id\":\"https:\/\/dicodusport.fr\/blog\/#\/schema\/person\/55dcb50ad410894e431ed812bbb70191\"},\"headline\":\"XV de France : Emmanuel Meafou convoqu\u00e9 pour le match face au Pays de Galles\",\"datePublished\":\"2023-03-12T17:36:05+00:00\",\"dateModified\":\"2023-03-12T19:53:41+00:00\",\"mainEntityOfPage\":{\"@id\":\"https:\/\/dicodusport.fr\/blog\/xv-de-france-emmanuel-meafou-convoque-pour-le-match-face-au-pays-de-galles\/\"},\"wordCount\":386,\"commentCount\":0,\"publisher\":{\"@id\":\"https:\/\/dicodusport.fr\/blog\/#organization\"},\"image\":{\"@id\":\"https:\/\/dicodusport.fr\/blog\/xv-de-france-emmanuel-meafou-convoque-pour-le-match-face-au-pays-de-galles\/#primaryimage\"},\"thumbnailUrl\":\"https:\/\/dicodusport.fr\/blog\/wp-content\/uploads\/2023\/01\/Mercato-Le-Stade-Toulousain-blinde-Emmanuel-Meafou.png\",\"keywords\":[\"br\u00e8ve\",\"Emmanuel Meafou\",\"Meafou\",\"Pays De Galles\",\"XV de France\"],\"articleSection\":[\"Rugby \u00e0 XV\",\"Tournoi des 6 Nations\",\"XV de France\"],\"inLanguage\":\"fr-FR\",\"potentialAction\":[{\"@type\":\"CommentAction\",\"name\":\"Comment\",\"target\":[\"https:\/\/dicodusport.fr\/blog\/xv-de-france-emmanuel-meafou-convoque-pour-le-match-face-au-pays-de-galles\/#respond\"]}],\"copyrightYear\":\"2023\",\"copyrightHolder\":{\"@id\":\"https:\/\/dicodusport.fr\/blog\/#organization\"}},{\"@type\":\"WebPage\",\"@id\":\"https:\/\/dicodusport.fr\/blog\/xv-de-france-emmanuel-meafou-convoque-pour-le-match-face-au-pays-de-galles\/\",\"url\":\"https:\/\/dicodusport.fr\/blog\/xv-de-france-emmanuel-meafou-convoque-pour-le-match-face-au-pays-de-galles\/\",\"name\":\"XV de France : Emmanuel Meafou convoqu\u00e9 pour le match face au Pays de Galles\",\"isPartOf\":{\"@id\":\"https:\/\/dicodusport.fr\/blog\/#website\"},\"primaryImageOfPage\":{\"@id\":\"https:\/\/dicodusport.fr\/blog\/xv-de-france-emmanuel-meafou-convoque-pour-le-match-face-au-pays-de-galles\/#primaryimage\"},\"image\":{\"@id\":\"https:\/\/dicodusport.fr\/blog\/xv-de-france-emmanuel-meafou-convoque-pour-le-match-face-au-pays-de-galles\/#primaryimage\"},\"thumbnailUrl\":\"https:\/\/dicodusport.fr\/blog\/wp-content\/uploads\/2023\/01\/Mercato-Le-Stade-Toulousain-blinde-Emmanuel-Meafou.png\",\"datePublished\":\"2023-03-12T17:36:05+00:00\",\"dateModified\":\"2023-03-12T19:53:41+00:00\",\"description\":\"XV DE FRANCE - Emmanuel Meafou a \u00e9t\u00e9 convoqu\u00e9 par Fabien Galthi\u00e9 pour pr\u00e9parer le match face au Pays de Galles samedi prochain.\",\"breadcrumb\":{\"@id\":\"https:\/\/dicodusport.fr\/blog\/xv-de-france-emmanuel-meafou-convoque-pour-le-match-face-au-pays-de-galles\/#breadcrumb\"},\"inLanguage\":\"fr-FR\",\"potentialAction\":[{\"@type\":\"ReadAction\",\"target\":[\"https:\/\/dicodusport.fr\/blog\/xv-de-france-emmanuel-meafou-convoque-pour-le-match-face-au-pays-de-galles\/\"]}]},{\"@type\":\"ImageObject\",\"inLanguage\":\"fr-FR\",\"@id\":\"https:\/\/dicodusport.fr\/blog\/xv-de-france-emmanuel-meafou-convoque-pour-le-match-face-au-pays-de-galles\/#primaryimage\",\"url\":\"https:\/\/dicodusport.fr\/blog\/wp-content\/uploads\/2023\/01\/Mercato-Le-Stade-Toulousain-blinde-Emmanuel-Meafou.png\",\"contentUrl\":\"https:\/\/dicodusport.fr\/blog\/wp-content\/uploads\/2023\/01\/Mercato-Le-Stade-Toulousain-blinde-Emmanuel-Meafou.png\",\"width\":800,\"height\":445,\"caption\":\"Emmanuel Meafou - Stade Toulousain - Icon Sport\"},{\"@type\":\"BreadcrumbList\",\"@id\":\"https:\/\/dicodusport.fr\/blog\/xv-de-france-emmanuel-meafou-convoque-pour-le-match-face-au-pays-de-galles\/#breadcrumb\",\"itemListElement\":[{\"@type\":\"ListItem\",\"position\":1,\"name\":\"Accueil\",\"item\":\"https:\/\/dicodusport.fr\/blog\/\"},{\"@type\":\"ListItem\",\"position\":2,\"name\":\"XV de France : Emmanuel Meafou convoqu\u00e9 pour le match face au Pays de Galles\"}]},{\"@type\":\"WebSite\",\"@id\":\"https:\/\/dicodusport.fr\/blog\/#website\",\"url\":\"https:\/\/dicodusport.fr\/blog\/\",\"name\":\"Dicodusport\",\"description\":\"L&#039;encyclop\u00e9die de l&#039;actualit\u00e9 sportive\",\"publisher\":{\"@id\":\"https:\/\/dicodusport.fr\/blog\/#organization\"},\"potentialAction\":[{\"@type\":\"SearchAction\",\"target\":{\"@type\":\"EntryPoint\",\"urlTemplate\":\"https:\/\/dicodusport.fr\/blog\/?s={search_term_string}\"},\"query-input\":{\"@type\":\"PropertyValueSpecification\",\"valueRequired\":true,\"valueName\":\"search_term_string\"}}],\"inLanguage\":\"fr-FR\"},{\"@type\":\"NewsMediaOrganization\",\"@id\":\"https:\/\/dicodusport.fr\/blog\/#organization\",\"name\":\"Dicodusport\",\"url\":\"https:\/\/dicodusport.fr\/blog\/\",\"logo\":{\"@type\":\"ImageObject\",\"inLanguage\":\"fr-FR\",\"@id\":\"https:\/\/dicodusport.fr\/blog\/#\/schema\/logo\/image\/\",\"url\":\"https:\/\/dicodusport.fr\/blog\/wp-content\/uploads\/2020\/06\/cropped-LOGO-DICODUSPORT-2020-SANS-FOND-SANS-TEXTE.png\",\"contentUrl\":\"https:\/\/dicodusport.fr\/blog\/wp-content\/uploads\/2020\/06\/cropped-LOGO-DICODUSPORT-2020-SANS-FOND-SANS-TEXTE.png\",\"width\":512,\"height\":512,\"caption\":\"Dicodusport\"},\"image\":{\"@id\":\"https:\/\/dicodusport.fr\/blog\/#\/schema\/logo\/image\/\"},\"sameAs\":[\"https:\/\/www.facebook.com\/dicodusport\",\"https:\/\/x.com\/dicodusport\",\"https:\/\/www.instagram.com\/dicodusport\/\",\"https:\/\/www.youtube.com\/channel\/UC7V2KZ5sd3htJivAbA4ZG3w\"],\"description\":\"Dicodusport est l'encyclop\u00e9die de l'actualit\u00e9 sportive.\",\"email\":\"bonjour@dicodusport.fr\",\"legalName\":\"DICODUSPORT\",\"foundingDate\":\"2018-01-14\",\"vatID\":\"FR71834470973\",\"taxID\":\"83447097300043\",\"numberOfEmployees\":{\"@type\":\"QuantitativeValue\",\"minValue\":\"1\",\"maxValue\":\"10\"}},{\"@type\":\"Person\",\"@id\":\"https:\/\/dicodusport.fr\/blog\/#\/schema\/person\/55dcb50ad410894e431ed812bbb70191\",\"name\":\"Nicolas Jacquemard\",\"image\":{\"@type\":\"ImageObject\",\"inLanguage\":\"fr-FR\",\"@id\":\"https:\/\/dicodusport.fr\/blog\/#\/schema\/person\/image\/\",\"url\":\"https:\/\/dicodusport.fr\/blog\/wp-content\/uploads\/2021\/05\/Nicolas-Jacquemard-150x150.jpeg\",\"contentUrl\":\"https:\/\/dicodusport.fr\/blog\/wp-content\/uploads\/2021\/05\/Nicolas-Jacquemard-150x150.jpeg\",\"caption\":\"Nicolas Jacquemard\"},\"description\":\"Passionn\u00e9 de sport et entrepreneur depuis mes 18 ans, la cr\u00e9ation de Dicodusport m'a sembl\u00e9 \u00e9vidente pour participer \u00e0 la m\u00e9diatisation d'un plus grand nombre de sports. Le chemin est long mais avec une \u00e9quipe des plus motiv\u00e9es et les Jeux Olympiques de Paris 2024 en point de mire, nous y arriverons ! Journaliste dans le monde du sport depuis plus de 5 ans, je traite aussi bien de football, de rugby, de biathlon que de cyclisme.\",\"sameAs\":[\"https:\/\/www.facebook.com\/dicodusport\",\"https:\/\/x.com\/https:\/\/twitter.com\/Nico_Jacquemard\"],\"url\":\"https:\/\/dicodusport.fr\/blog\/author\/dicodusport\/\"}]}<\/script>\n<!-- \/ Yoast SEO Premium plugin. -->","yoast_head_json":{"title":"XV de France : Emmanuel Meafou convoqu\u00e9 pour le match face au Pays de Galles","description":"XV DE FRANCE - Emmanuel Meafou a \u00e9t\u00e9 convoqu\u00e9 par Fabien Galthi\u00e9 pour pr\u00e9parer le match face au Pays de Galles samedi prochain.","robots":{"index":"index","follow":"follow","max-snippet":"max-snippet:-1","max-image-preview":"max-image-preview:large","max-video-preview":"max-video-preview:-1"},"canonical":"https:\/\/dicodusport.fr\/blog\/xv-de-france-emmanuel-meafou-convoque-pour-le-match-face-au-pays-de-galles\/","og_locale":"fr_FR","og_type":"article","og_title":"XV de France : Emmanuel Meafou convoqu\u00e9 pour le match face au Pays de Galles","og_description":"XV DE FRANCE - Emmanuel Meafou a \u00e9t\u00e9 convoqu\u00e9 par Fabien Galthi\u00e9 pour pr\u00e9parer le match face au Pays de Galles samedi prochain.","og_url":"https:\/\/dicodusport.fr\/blog\/xv-de-france-emmanuel-meafou-convoque-pour-le-match-face-au-pays-de-galles\/","og_site_name":"Dicodusport","article_publisher":"https:\/\/www.facebook.com\/dicodusport","article_author":"https:\/\/www.facebook.com\/dicodusport","article_published_time":"2023-03-12T17:36:05+00:00","article_modified_time":"2023-03-12T19:53:41+00:00","og_image":[{"width":800,"height":445,"url":"https:\/\/dicodusport.fr\/blog\/wp-content\/uploads\/2023\/01\/Mercato-Le-Stade-Toulousain-blinde-Emmanuel-Meafou.png","type":"image\/png"}],"author":"Nicolas Jacquemard","twitter_card":"summary_large_image","twitter_title":"XV de France : Emmanuel Meafou convoqu\u00e9 pour le match face au Pays de Galles","twitter_creator":"@https:\/\/twitter.com\/Nico_Jacquemard","twitter_site":"@dicodusport","schema":{"@context":"https:\/\/schema.org","@graph":[{"@type":"NewsArticle","@id":"https:\/\/dicodusport.fr\/blog\/xv-de-france-emmanuel-meafou-convoque-pour-le-match-face-au-pays-de-galles\/#article","isPartOf":{"@id":"https:\/\/dicodusport.fr\/blog\/xv-de-france-emmanuel-meafou-convoque-pour-le-match-face-au-pays-de-galles\/"},"author":{"name":"Nicolas Jacquemard","@id":"https:\/\/dicodusport.fr\/blog\/#\/schema\/person\/55dcb50ad410894e431ed812bbb70191"},"headline":"XV de France : Emmanuel Meafou convoqu\u00e9 pour le match face au Pays de Galles","datePublished":"2023-03-12T17:36:05+00:00","dateModified":"2023-03-12T19:53:41+00:00","mainEntityOfPage":{"@id":"https:\/\/dicodusport.fr\/blog\/xv-de-france-emmanuel-meafou-convoque-pour-le-match-face-au-pays-de-galles\/"},"wordCount":386,"commentCount":0,"publisher":{"@id":"https:\/\/dicodusport.fr\/blog\/#organization"},"image":{"@id":"https:\/\/dicodusport.fr\/blog\/xv-de-france-emmanuel-meafou-convoque-pour-le-match-face-au-pays-de-galles\/#primaryimage"},"thumbnailUrl":"https:\/\/dicodusport.fr\/blog\/wp-content\/uploads\/2023\/01\/Mercato-Le-Stade-Toulousain-blinde-Emmanuel-Meafou.png","keywords":["br\u00e8ve","Emmanuel Meafou","Meafou","Pays De Galles","XV de France"],"articleSection":["Rugby \u00e0 XV","Tournoi des 6 Nations","XV de France"],"inLanguage":"fr-FR","potentialAction":[{"@type":"CommentAction","name":"Comment","target":["https:\/\/dicodusport.fr\/blog\/xv-de-france-emmanuel-meafou-convoque-pour-le-match-face-au-pays-de-galles\/#respond"]}],"copyrightYear":"2023","copyrightHolder":{"@id":"https:\/\/dicodusport.fr\/blog\/#organization"}},{"@type":"WebPage","@id":"https:\/\/dicodusport.fr\/blog\/xv-de-france-emmanuel-meafou-convoque-pour-le-match-face-au-pays-de-galles\/","url":"https:\/\/dicodusport.fr\/blog\/xv-de-france-emmanuel-meafou-convoque-pour-le-match-face-au-pays-de-galles\/","name":"XV de France : Emmanuel Meafou convoqu\u00e9 pour le match face au Pays de Galles","isPartOf":{"@id":"https:\/\/dicodusport.fr\/blog\/#website"},"primaryImageOfPage":{"@id":"https:\/\/dicodusport.fr\/blog\/xv-de-france-emmanuel-meafou-convoque-pour-le-match-face-au-pays-de-galles\/#primaryimage"},"image":{"@id":"https:\/\/dicodusport.fr\/blog\/xv-de-france-emmanuel-meafou-convoque-pour-le-match-face-au-pays-de-galles\/#primaryimage"},"thumbnailUrl":"https:\/\/dicodusport.fr\/blog\/wp-content\/uploads\/2023\/01\/Mercato-Le-Stade-Toulousain-blinde-Emmanuel-Meafou.png","datePublished":"2023-03-12T17:36:05+00:00","dateModified":"2023-03-12T19:53:41+00:00","description":"XV DE FRANCE - Emmanuel Meafou a \u00e9t\u00e9 convoqu\u00e9 par Fabien Galthi\u00e9 pour pr\u00e9parer le match face au Pays de Galles samedi prochain.","breadcrumb":{"@id":"https:\/\/dicodusport.fr\/blog\/xv-de-france-emmanuel-meafou-convoque-pour-le-match-face-au-pays-de-galles\/#breadcrumb"},"inLanguage":"fr-FR","potentialAction":[{"@type":"ReadAction","target":["https:\/\/dicodusport.fr\/blog\/xv-de-france-emmanuel-meafou-convoque-pour-le-match-face-au-pays-de-galles\/"]}]},{"@type":"ImageObject","inLanguage":"fr-FR","@id":"https:\/\/dicodusport.fr\/blog\/xv-de-france-emmanuel-meafou-convoque-pour-le-match-face-au-pays-de-galles\/#primaryimage","url":"https:\/\/dicodusport.fr\/blog\/wp-content\/uploads\/2023\/01\/Mercato-Le-Stade-Toulousain-blinde-Emmanuel-Meafou.png","contentUrl":"https:\/\/dicodusport.fr\/blog\/wp-content\/uploads\/2023\/01\/Mercato-Le-Stade-Toulousain-blinde-Emmanuel-Meafou.png","width":800,"height":445,"caption":"Emmanuel Meafou - Stade Toulousain - Icon Sport"},{"@type":"BreadcrumbList","@id":"https:\/\/dicodusport.fr\/blog\/xv-de-france-emmanuel-meafou-convoque-pour-le-match-face-au-pays-de-galles\/#breadcrumb","itemListElement":[{"@type":"ListItem","position":1,"name":"Accueil","item":"https:\/\/dicodusport.fr\/blog\/"},{"@type":"ListItem","position":2,"name":"XV de France : Emmanuel Meafou convoqu\u00e9 pour le match face au Pays de Galles"}]},{"@type":"WebSite","@id":"https:\/\/dicodusport.fr\/blog\/#website","url":"https:\/\/dicodusport.fr\/blog\/","name":"Dicodusport","description":"L&#039;encyclop\u00e9die de l&#039;actualit\u00e9 sportive","publisher":{"@id":"https:\/\/dicodusport.fr\/blog\/#organization"},"potentialAction":[{"@type":"SearchAction","target":{"@type":"EntryPoint","urlTemplate":"https:\/\/dicodusport.fr\/blog\/?s={search_term_string}"},"query-input":{"@type":"PropertyValueSpecification","valueRequired":true,"valueName":"search_term_string"}}],"inLanguage":"fr-FR"},{"@type":"NewsMediaOrganization","@id":"https:\/\/dicodusport.fr\/blog\/#organization","name":"Dicodusport","url":"https:\/\/dicodusport.fr\/blog\/","logo":{"@type":"ImageObject","inLanguage":"fr-FR","@id":"https:\/\/dicodusport.fr\/blog\/#\/schema\/logo\/image\/","url":"https:\/\/dicodusport.fr\/blog\/wp-content\/uploads\/2020\/06\/cropped-LOGO-DICODUSPORT-2020-SANS-FOND-SANS-TEXTE.png","contentUrl":"https:\/\/dicodusport.fr\/blog\/wp-content\/uploads\/2020\/06\/cropped-LOGO-DICODUSPORT-2020-SANS-FOND-SANS-TEXTE.png","width":512,"height":512,"caption":"Dicodusport"},"image":{"@id":"https:\/\/dicodusport.fr\/blog\/#\/schema\/logo\/image\/"},"sameAs":["https:\/\/www.facebook.com\/dicodusport","https:\/\/x.com\/dicodusport","https:\/\/www.instagram.com\/dicodusport\/","https:\/\/www.youtube.com\/channel\/UC7V2KZ5sd3htJivAbA4ZG3w"],"description":"Dicodusport est l'encyclop\u00e9die de l'actualit\u00e9 sportive.","email":"bonjour@dicodusport.fr","legalName":"DICODUSPORT","foundingDate":"2018-01-14","vatID":"FR71834470973","taxID":"83447097300043","numberOfEmployees":{"@type":"QuantitativeValue","minValue":"1","maxValue":"10"}},{"@type":"Person","@id":"https:\/\/dicodusport.fr\/blog\/#\/schema\/person\/55dcb50ad410894e431ed812bbb70191","name":"Nicolas Jacquemard","image":{"@type":"ImageObject","inLanguage":"fr-FR","@id":"https:\/\/dicodusport.fr\/blog\/#\/schema\/person\/image\/","url":"https:\/\/dicodusport.fr\/blog\/wp-content\/uploads\/2021\/05\/Nicolas-Jacquemard-150x150.jpeg","contentUrl":"https:\/\/dicodusport.fr\/blog\/wp-content\/uploads\/2021\/05\/Nicolas-Jacquemard-150x150.jpeg","caption":"Nicolas Jacquemard"},"description":"Passionn\u00e9 de sport et entrepreneur depuis mes 18 ans, la cr\u00e9ation de Dicodusport m'a sembl\u00e9 \u00e9vidente pour participer \u00e0 la m\u00e9diatisation d'un plus grand nombre de sports. Le chemin est long mais avec une \u00e9quipe des plus motiv\u00e9es et les Jeux Olympiques de Paris 2024 en point de mire, nous y arriverons ! Journaliste dans le monde du sport depuis plus de 5 ans, je traite aussi bien de football, de rugby, de biathlon que de cyclisme.","sameAs":["https:\/\/www.facebook.com\/dicodusport","https:\/\/x.com\/https:\/\/twitter.com\/Nico_Jacquemard"],"url":"https:\/\/dicodusport.fr\/blog\/author\/dicodusport\/"}]}},"_links":{"self":[{"href":"https:\/\/dicodusport.fr\/blog\/wp-json\/wp\/v2\/posts\/364940","targetHints":{"allow":["GET"]}}],"collection":[{"href":"https:\/\/dicodusport.fr\/blog\/wp-json\/wp\/v2\/posts"}],"about":[{"href":"https:\/\/dicodusport.fr\/blog\/wp-json\/wp\/v2\/types\/post"}],"author":[{"embeddable":true,"href":"https:\/\/dicodusport.fr\/blog\/wp-json\/wp\/v2\/users\/1"}],"replies":[{"embeddable":true,"href":"https:\/\/dicodusport.fr\/blog\/wp-json\/wp\/v2\/comments?post=364940"}],"version-history":[{"count":0,"href":"https:\/\/dicodusport.fr\/blog\/wp-json\/wp\/v2\/posts\/364940\/revisions"}],"wp:featuredmedia":[{"embeddable":true,"href":"https:\/\/dicodusport.fr\/blog\/wp-json\/wp\/v2\/media\/341249"}],"wp:attachment":[{"href":"https:\/\/dicodusport.fr\/blog\/wp-json\/wp\/v2\/media?parent=364940"}],"wp:term":[{"taxonomy":"category","embeddable":true,"href":"https:\/\/dicodusport.fr\/blog\/wp-json\/wp\/v2\/categories?post=364940"},{"taxonomy":"post_tag","embeddable":true,"href":"https:\/\/dicodusport.fr\/blog\/wp-json\/wp\/v2\/tags?post=364940"}],"curies":[{"name":"wp","href":"https:\/\/api.w.org\/{rel}","templated":true}]}}