{"id":365094,"date":"2023-03-13T10:36:26","date_gmt":"2023-03-13T09:36:26","guid":{"rendered":"https:\/\/dicodusport.fr\/blog\/?p=365094&#038;preview=true&#038;preview_id=365094"},"modified":"2023-03-13T10:36:26","modified_gmt":"2023-03-13T09:36:26","slug":"pentathlon-moderne-elodie-clouvel-deja-sur-le-podium-en-coupe-du-monde","status":"publish","type":"post","link":"https:\/\/dicodusport.fr\/blog\/pentathlon-moderne-elodie-clouvel-deja-sur-le-podium-en-coupe-du-monde\/","title":{"rendered":"Pentathlon moderne : \u00c9lodie Clouvel d\u00e9j\u00e0 sur le podium en Coupe du monde"},"content":{"rendered":"<p style=\"text-align: justify;\" align=\"justify\"><em><strong>COUPE DU MONDE DE PENTATHLON MODERNE &#8211; Premi\u00e8re manche de la saison et premier podium pour la France, puisqu&rsquo;\u00c9lodie Clouvel a pris la deuxi\u00e8me place de l&rsquo;\u00e9preuve f\u00e9minine.<\/strong><\/em><\/p>\n<p style=\"text-align: justify;\" align=\"justify\">Les ann\u00e9es passent, et <strong>\u00c9lodie Clouvel<\/strong> reste la locomotive du pentathlon moderne fran\u00e7ais. Nouvel exemple lors de l&rsquo;ouverture de la Coupe du monde, au Caire. Avec toutefois une petite pointe d&rsquo;amertume, car elle avait la situation bien en main, puisqu&rsquo;imp\u00e9riale sur les premi\u00e8res \u00e9preuves. Avant de rencontrer des difficult\u00e9s au tir sur le <em>Laser Run<\/em>. Malgr\u00e9 une belle foul\u00e9e, elle a perdu trop de temps sur le pas de tir, et a d\u00fb s&rsquo;incliner pour quelques secondes face \u00e0 la Hongroise <strong>Michelle Gulyas<\/strong>, vice-championne du monde en titre.<\/p>\n<blockquote class=\"twitter-tweet\">\n<p dir=\"ltr\" lang=\"fr\">\ud83e\udd48 \ud835\uddd5\ud835\udde2\ud835\udde2\ud835\udde2\ud835\udde2\ud835\udde2\ud835\udde0 \ud83e\udd48<\/p>\n<p>\ud835\ude40\ud835\ude61\ud835\ude64\ud835\ude59\ud835\ude5e\ud835\ude5a \ud835\ude3e\ud835\ude47\ud835\ude4a\ud835\ude50\ud835\ude51\ud835\ude40\ud835\ude47 prend la 2\u00e8me place de la premi\u00e8re \u00e9tape de Coupe du Monde \ud83d\udc4f\ud83e\udd29<\/p>\n<p>\ud83d\udcf8 <a href=\"https:\/\/twitter.com\/WorldPentathlon?ref_src=twsrc%5Etfw\">@WorldPentathlon<\/a> <a href=\"https:\/\/t.co\/Gcr4dSBOAB\">pic.twitter.com\/Gcr4dSBOAB<\/a><\/p>\n<p>\u2014 F\u00e9d\u00e9ration Fran\u00e7aise de Pentathlon Moderne (@FFPentathlon) <a href=\"https:\/\/twitter.com\/FFPentathlon\/status\/1634521809629347841?ref_src=twsrc%5Etfw\">March 11, 2023<\/a><\/p><\/blockquote>\n<p style=\"text-align: justify;\"><script async src=\"https:\/\/platform.twitter.com\/widgets.js\" charset=\"utf-8\"><\/script><\/p>\n<p style=\"text-align: justify;\" align=\"justify\">N\u00e9anmoins, cela reste un excellent r\u00e9sultat, et l&rsquo;on peut imaginer que l&rsquo;ancienne championne du monde va tranquillement monter en r\u00e9gime. Le but \u00e9tant d&rsquo;\u00eatre pr\u00eate pour les Mondiaux au mois d&rsquo;ao\u00fbt. Une autre Fran\u00e7aise, <strong>Marie Oteiza,<\/strong> se glisse dans le top 10 \u00e0 la 8e place. Chez les hommes, <strong>Valentin Prades<\/strong> prend la cinqui\u00e8me place, et <strong>Valentin Belaud<\/strong>, la huiti\u00e8me. Prochaine manche \u00e0 la mi-avril, en Turquie.<\/p>\n","protected":false},"excerpt":{"rendered":"<p>COUPE DU MONDE DE PENTATHLON MODERNE &#8211; Premi\u00e8re manche de la saison et premier podium pour la France, puisqu&rsquo;\u00c9lodie Clouvel a pris la deuxi\u00e8me place de l&rsquo;\u00e9preuve f\u00e9minine.<\/p>\n","protected":false},"author":59,"featured_media":365101,"comment_status":"open","ping_status":"closed","sticky":false,"template":"","format":"standard","meta":{"_acf_changed":false,"_daextam_enable_autolinks":"","footnotes":""},"categories":[11850],"tags":[16878,15865,15786,30305],"class_list":["post-365094","post","type-post","status-publish","format-standard","has-post-thumbnail","hentry","category-pentathlon-moderne","tag-breve","tag-coupe-du-monde-de-pentathlon-moderne","tag-elodie-clouvel","tag-pentathlon-moderne-francais"],"acf":[],"yoast_head":"<!-- This site is optimized with the Yoast SEO Premium plugin v26.7 (Yoast SEO v26.7) - https:\/\/yoast.com\/wordpress\/plugins\/seo\/ -->\n<title>Pentathlon moderne : \u00c9lodie Clouvel d\u00e9j\u00e0 sur le podium en Coupe du monde<\/title>\n<meta name=\"description\" content=\"COUPE DU MONDE DE PENTATHLON MODERNE - premier podium pour la France, puisqu&#039;\u00c9lodie Clouvel a pris la deuxi\u00e8me place de l&#039;\u00e9preuve f\u00e9minine.\" \/>\n<meta name=\"robots\" content=\"index, follow, max-snippet:-1, max-image-preview:large, max-video-preview:-1\" \/>\n<link rel=\"canonical\" href=\"https:\/\/dicodusport.fr\/blog\/pentathlon-moderne-elodie-clouvel-deja-sur-le-podium-en-coupe-du-monde\/\" \/>\n<meta property=\"og:locale\" content=\"fr_FR\" \/>\n<meta property=\"og:type\" content=\"article\" \/>\n<meta property=\"og:title\" content=\"Pentathlon moderne : \u00c9lodie Clouvel d\u00e9j\u00e0 sur le podium en Coupe du monde\" \/>\n<meta property=\"og:description\" content=\"COUPE DU MONDE DE PENTATHLON MODERNE - premier podium pour la France, puisqu&#039;\u00c9lodie Clouvel a pris la deuxi\u00e8me place de l&#039;\u00e9preuve f\u00e9minine.\" \/>\n<meta property=\"og:url\" content=\"https:\/\/dicodusport.fr\/blog\/pentathlon-moderne-elodie-clouvel-deja-sur-le-podium-en-coupe-du-monde\/\" \/>\n<meta property=\"og:site_name\" content=\"Dicodusport\" \/>\n<meta property=\"article:publisher\" content=\"https:\/\/www.facebook.com\/dicodusport\" \/>\n<meta property=\"article:author\" content=\"https:\/\/www.facebook.com\/sebastien.gente\/\" \/>\n<meta property=\"article:published_time\" content=\"2023-03-13T09:36:26+00:00\" \/>\n<meta property=\"og:image\" content=\"https:\/\/dicodusport.fr\/blog\/wp-content\/uploads\/2023\/03\/Pentathlon-moderne-Elodie-Clouvel-deja-sur-le-podium-en-Coupe-du-monde.png\" \/>\n\t<meta property=\"og:image:width\" content=\"800\" \/>\n\t<meta property=\"og:image:height\" content=\"445\" \/>\n\t<meta property=\"og:image:type\" content=\"image\/png\" \/>\n<meta name=\"author\" content=\"S\u00e9bastien Gente\" \/>\n<meta name=\"twitter:card\" content=\"summary_large_image\" \/>\n<meta name=\"twitter:title\" content=\"Pentathlon moderne : \u00c9lodie Clouvel d\u00e9j\u00e0 sur le podium en Coupe du monde\" \/>\n<meta name=\"twitter:creator\" content=\"@https:\/\/twitter.com\/globulo24\" \/>\n<meta name=\"twitter:site\" content=\"@dicodusport\" \/>\n<script type=\"application\/ld+json\" class=\"yoast-schema-graph\">{\"@context\":\"https:\/\/schema.org\",\"@graph\":[{\"@type\":\"NewsArticle\",\"@id\":\"https:\/\/dicodusport.fr\/blog\/pentathlon-moderne-elodie-clouvel-deja-sur-le-podium-en-coupe-du-monde\/#article\",\"isPartOf\":{\"@id\":\"https:\/\/dicodusport.fr\/blog\/pentathlon-moderne-elodie-clouvel-deja-sur-le-podium-en-coupe-du-monde\/\"},\"author\":{\"name\":\"S\u00e9bastien Gente\",\"@id\":\"https:\/\/dicodusport.fr\/blog\/#\/schema\/person\/627966a6cde45dbd8c5e36ac85d783da\"},\"headline\":\"Pentathlon moderne : \u00c9lodie Clouvel d\u00e9j\u00e0 sur le podium en Coupe du monde\",\"datePublished\":\"2023-03-13T09:36:26+00:00\",\"mainEntityOfPage\":{\"@id\":\"https:\/\/dicodusport.fr\/blog\/pentathlon-moderne-elodie-clouvel-deja-sur-le-podium-en-coupe-du-monde\/\"},\"wordCount\":248,\"commentCount\":0,\"publisher\":{\"@id\":\"https:\/\/dicodusport.fr\/blog\/#organization\"},\"image\":{\"@id\":\"https:\/\/dicodusport.fr\/blog\/pentathlon-moderne-elodie-clouvel-deja-sur-le-podium-en-coupe-du-monde\/#primaryimage\"},\"thumbnailUrl\":\"https:\/\/dicodusport.fr\/blog\/wp-content\/uploads\/2023\/03\/Pentathlon-moderne-Elodie-Clouvel-deja-sur-le-podium-en-Coupe-du-monde.png\",\"keywords\":[\"br\u00e8ve\",\"Coupe du monde de pentathlon moderne\",\"\u00c9lodie Clouvel\",\"pentathlon moderne fran\u00e7ais\"],\"articleSection\":[\"Pentathlon moderne\"],\"inLanguage\":\"fr-FR\",\"potentialAction\":[{\"@type\":\"CommentAction\",\"name\":\"Comment\",\"target\":[\"https:\/\/dicodusport.fr\/blog\/pentathlon-moderne-elodie-clouvel-deja-sur-le-podium-en-coupe-du-monde\/#respond\"]}],\"copyrightYear\":\"2023\",\"copyrightHolder\":{\"@id\":\"https:\/\/dicodusport.fr\/blog\/#organization\"}},{\"@type\":\"WebPage\",\"@id\":\"https:\/\/dicodusport.fr\/blog\/pentathlon-moderne-elodie-clouvel-deja-sur-le-podium-en-coupe-du-monde\/\",\"url\":\"https:\/\/dicodusport.fr\/blog\/pentathlon-moderne-elodie-clouvel-deja-sur-le-podium-en-coupe-du-monde\/\",\"name\":\"Pentathlon moderne : \u00c9lodie Clouvel d\u00e9j\u00e0 sur le podium en Coupe du monde\",\"isPartOf\":{\"@id\":\"https:\/\/dicodusport.fr\/blog\/#website\"},\"primaryImageOfPage\":{\"@id\":\"https:\/\/dicodusport.fr\/blog\/pentathlon-moderne-elodie-clouvel-deja-sur-le-podium-en-coupe-du-monde\/#primaryimage\"},\"image\":{\"@id\":\"https:\/\/dicodusport.fr\/blog\/pentathlon-moderne-elodie-clouvel-deja-sur-le-podium-en-coupe-du-monde\/#primaryimage\"},\"thumbnailUrl\":\"https:\/\/dicodusport.fr\/blog\/wp-content\/uploads\/2023\/03\/Pentathlon-moderne-Elodie-Clouvel-deja-sur-le-podium-en-Coupe-du-monde.png\",\"datePublished\":\"2023-03-13T09:36:26+00:00\",\"description\":\"COUPE DU MONDE DE PENTATHLON MODERNE - premier podium pour la France, puisqu'\u00c9lodie Clouvel a pris la deuxi\u00e8me place de l'\u00e9preuve f\u00e9minine.\",\"breadcrumb\":{\"@id\":\"https:\/\/dicodusport.fr\/blog\/pentathlon-moderne-elodie-clouvel-deja-sur-le-podium-en-coupe-du-monde\/#breadcrumb\"},\"inLanguage\":\"fr-FR\",\"potentialAction\":[{\"@type\":\"ReadAction\",\"target\":[\"https:\/\/dicodusport.fr\/blog\/pentathlon-moderne-elodie-clouvel-deja-sur-le-podium-en-coupe-du-monde\/\"]}]},{\"@type\":\"ImageObject\",\"inLanguage\":\"fr-FR\",\"@id\":\"https:\/\/dicodusport.fr\/blog\/pentathlon-moderne-elodie-clouvel-deja-sur-le-podium-en-coupe-du-monde\/#primaryimage\",\"url\":\"https:\/\/dicodusport.fr\/blog\/wp-content\/uploads\/2023\/03\/Pentathlon-moderne-Elodie-Clouvel-deja-sur-le-podium-en-Coupe-du-monde.png\",\"contentUrl\":\"https:\/\/dicodusport.fr\/blog\/wp-content\/uploads\/2023\/03\/Pentathlon-moderne-Elodie-Clouvel-deja-sur-le-podium-en-Coupe-du-monde.png\",\"width\":800,\"height\":445,\"caption\":\"Pentathlon moderne \u00c9lodie Clouvel d\u00e9j\u00e0 sur le podium en Coupe du monde\"},{\"@type\":\"BreadcrumbList\",\"@id\":\"https:\/\/dicodusport.fr\/blog\/pentathlon-moderne-elodie-clouvel-deja-sur-le-podium-en-coupe-du-monde\/#breadcrumb\",\"itemListElement\":[{\"@type\":\"ListItem\",\"position\":1,\"name\":\"Accueil\",\"item\":\"https:\/\/dicodusport.fr\/blog\/\"},{\"@type\":\"ListItem\",\"position\":2,\"name\":\"Pentathlon moderne : \u00c9lodie Clouvel d\u00e9j\u00e0 sur le podium en Coupe du monde\"}]},{\"@type\":\"WebSite\",\"@id\":\"https:\/\/dicodusport.fr\/blog\/#website\",\"url\":\"https:\/\/dicodusport.fr\/blog\/\",\"name\":\"Dicodusport\",\"description\":\"L&#039;encyclop\u00e9die de l&#039;actualit\u00e9 sportive\",\"publisher\":{\"@id\":\"https:\/\/dicodusport.fr\/blog\/#organization\"},\"potentialAction\":[{\"@type\":\"SearchAction\",\"target\":{\"@type\":\"EntryPoint\",\"urlTemplate\":\"https:\/\/dicodusport.fr\/blog\/?s={search_term_string}\"},\"query-input\":{\"@type\":\"PropertyValueSpecification\",\"valueRequired\":true,\"valueName\":\"search_term_string\"}}],\"inLanguage\":\"fr-FR\"},{\"@type\":\"NewsMediaOrganization\",\"@id\":\"https:\/\/dicodusport.fr\/blog\/#organization\",\"name\":\"Dicodusport\",\"url\":\"https:\/\/dicodusport.fr\/blog\/\",\"logo\":{\"@type\":\"ImageObject\",\"inLanguage\":\"fr-FR\",\"@id\":\"https:\/\/dicodusport.fr\/blog\/#\/schema\/logo\/image\/\",\"url\":\"https:\/\/dicodusport.fr\/blog\/wp-content\/uploads\/2020\/06\/cropped-LOGO-DICODUSPORT-2020-SANS-FOND-SANS-TEXTE.png\",\"contentUrl\":\"https:\/\/dicodusport.fr\/blog\/wp-content\/uploads\/2020\/06\/cropped-LOGO-DICODUSPORT-2020-SANS-FOND-SANS-TEXTE.png\",\"width\":512,\"height\":512,\"caption\":\"Dicodusport\"},\"image\":{\"@id\":\"https:\/\/dicodusport.fr\/blog\/#\/schema\/logo\/image\/\"},\"sameAs\":[\"https:\/\/www.facebook.com\/dicodusport\",\"https:\/\/x.com\/dicodusport\",\"https:\/\/www.instagram.com\/dicodusport\/\",\"https:\/\/www.youtube.com\/channel\/UC7V2KZ5sd3htJivAbA4ZG3w\"],\"description\":\"Dicodusport est l'encyclop\u00e9die de l'actualit\u00e9 sportive.\",\"email\":\"bonjour@dicodusport.fr\",\"legalName\":\"DICODUSPORT\",\"foundingDate\":\"2018-01-14\",\"vatID\":\"FR71834470973\",\"taxID\":\"83447097300043\",\"numberOfEmployees\":{\"@type\":\"QuantitativeValue\",\"minValue\":\"1\",\"maxValue\":\"10\"}},{\"@type\":\"Person\",\"@id\":\"https:\/\/dicodusport.fr\/blog\/#\/schema\/person\/627966a6cde45dbd8c5e36ac85d783da\",\"name\":\"S\u00e9bastien Gente\",\"image\":{\"@type\":\"ImageObject\",\"inLanguage\":\"fr-FR\",\"@id\":\"https:\/\/dicodusport.fr\/blog\/#\/schema\/person\/image\/\",\"url\":\"https:\/\/dicodusport.fr\/blog\/wp-content\/uploads\/2021\/09\/1510990_10205810251400683_4124423575079401707_n-150x150.jpg\",\"contentUrl\":\"https:\/\/dicodusport.fr\/blog\/wp-content\/uploads\/2021\/09\/1510990_10205810251400683_4124423575079401707_n-150x150.jpg\",\"caption\":\"S\u00e9bastien Gente\"},\"description\":\"John Stockton, Gianni Bugno, Zinedine Zidane, Steffi Graf, Frode Andresen, St\u00e9phane Stoecklin, Davis Kamoga, Primoz Peterka, Werner Schlager et Aur\u00e9lien Rougerie. Point commun entre ces sportifs? Ils m'ont fait r\u00eaver et ont berc\u00e9 mon adolescence. Je suis un fondu de sports et j'essaie de retranscrire ma passion \u00e0 travers mes articles. Originaire du P\u00e9rigord, ma passion pour les Girondins, les Jaunards et les Jazzmen transpire dans mes \u00e9crits. \u00c0 Dicodusport depuis 2021, je d\u00e9niche les sports m\u00e9connus dans lesquels la France brille, et il y en a !\",\"sameAs\":[\"https:\/\/www.facebook.com\/sebastien.gente\/\",\"https:\/\/www.instagram.com\/sebgente\/\",\"https:\/\/www.linkedin.com\/in\/sbastien-gente-a29583169\/\",\"https:\/\/x.com\/https:\/\/twitter.com\/globulo24\",\"SebastienGente\"],\"worksFor\":\"S\u00e9bastien GENTE\",\"url\":\"https:\/\/dicodusport.fr\/blog\/author\/sebastiengente\/\"}]}<\/script>\n<!-- \/ Yoast SEO Premium plugin. -->","yoast_head_json":{"title":"Pentathlon moderne : \u00c9lodie Clouvel d\u00e9j\u00e0 sur le podium en Coupe du monde","description":"COUPE DU MONDE DE PENTATHLON MODERNE - premier podium pour la France, puisqu'\u00c9lodie Clouvel a pris la deuxi\u00e8me place de l'\u00e9preuve f\u00e9minine.","robots":{"index":"index","follow":"follow","max-snippet":"max-snippet:-1","max-image-preview":"max-image-preview:large","max-video-preview":"max-video-preview:-1"},"canonical":"https:\/\/dicodusport.fr\/blog\/pentathlon-moderne-elodie-clouvel-deja-sur-le-podium-en-coupe-du-monde\/","og_locale":"fr_FR","og_type":"article","og_title":"Pentathlon moderne : \u00c9lodie Clouvel d\u00e9j\u00e0 sur le podium en Coupe du monde","og_description":"COUPE DU MONDE DE PENTATHLON MODERNE - premier podium pour la France, puisqu'\u00c9lodie Clouvel a pris la deuxi\u00e8me place de l'\u00e9preuve f\u00e9minine.","og_url":"https:\/\/dicodusport.fr\/blog\/pentathlon-moderne-elodie-clouvel-deja-sur-le-podium-en-coupe-du-monde\/","og_site_name":"Dicodusport","article_publisher":"https:\/\/www.facebook.com\/dicodusport","article_author":"https:\/\/www.facebook.com\/sebastien.gente\/","article_published_time":"2023-03-13T09:36:26+00:00","og_image":[{"width":800,"height":445,"url":"https:\/\/dicodusport.fr\/blog\/wp-content\/uploads\/2023\/03\/Pentathlon-moderne-Elodie-Clouvel-deja-sur-le-podium-en-Coupe-du-monde.png","type":"image\/png"}],"author":"S\u00e9bastien Gente","twitter_card":"summary_large_image","twitter_title":"Pentathlon moderne : \u00c9lodie Clouvel d\u00e9j\u00e0 sur le podium en Coupe du monde","twitter_creator":"@https:\/\/twitter.com\/globulo24","twitter_site":"@dicodusport","schema":{"@context":"https:\/\/schema.org","@graph":[{"@type":"NewsArticle","@id":"https:\/\/dicodusport.fr\/blog\/pentathlon-moderne-elodie-clouvel-deja-sur-le-podium-en-coupe-du-monde\/#article","isPartOf":{"@id":"https:\/\/dicodusport.fr\/blog\/pentathlon-moderne-elodie-clouvel-deja-sur-le-podium-en-coupe-du-monde\/"},"author":{"name":"S\u00e9bastien Gente","@id":"https:\/\/dicodusport.fr\/blog\/#\/schema\/person\/627966a6cde45dbd8c5e36ac85d783da"},"headline":"Pentathlon moderne : \u00c9lodie Clouvel d\u00e9j\u00e0 sur le podium en Coupe du monde","datePublished":"2023-03-13T09:36:26+00:00","mainEntityOfPage":{"@id":"https:\/\/dicodusport.fr\/blog\/pentathlon-moderne-elodie-clouvel-deja-sur-le-podium-en-coupe-du-monde\/"},"wordCount":248,"commentCount":0,"publisher":{"@id":"https:\/\/dicodusport.fr\/blog\/#organization"},"image":{"@id":"https:\/\/dicodusport.fr\/blog\/pentathlon-moderne-elodie-clouvel-deja-sur-le-podium-en-coupe-du-monde\/#primaryimage"},"thumbnailUrl":"https:\/\/dicodusport.fr\/blog\/wp-content\/uploads\/2023\/03\/Pentathlon-moderne-Elodie-Clouvel-deja-sur-le-podium-en-Coupe-du-monde.png","keywords":["br\u00e8ve","Coupe du monde de pentathlon moderne","\u00c9lodie Clouvel","pentathlon moderne fran\u00e7ais"],"articleSection":["Pentathlon moderne"],"inLanguage":"fr-FR","potentialAction":[{"@type":"CommentAction","name":"Comment","target":["https:\/\/dicodusport.fr\/blog\/pentathlon-moderne-elodie-clouvel-deja-sur-le-podium-en-coupe-du-monde\/#respond"]}],"copyrightYear":"2023","copyrightHolder":{"@id":"https:\/\/dicodusport.fr\/blog\/#organization"}},{"@type":"WebPage","@id":"https:\/\/dicodusport.fr\/blog\/pentathlon-moderne-elodie-clouvel-deja-sur-le-podium-en-coupe-du-monde\/","url":"https:\/\/dicodusport.fr\/blog\/pentathlon-moderne-elodie-clouvel-deja-sur-le-podium-en-coupe-du-monde\/","name":"Pentathlon moderne : \u00c9lodie Clouvel d\u00e9j\u00e0 sur le podium en Coupe du monde","isPartOf":{"@id":"https:\/\/dicodusport.fr\/blog\/#website"},"primaryImageOfPage":{"@id":"https:\/\/dicodusport.fr\/blog\/pentathlon-moderne-elodie-clouvel-deja-sur-le-podium-en-coupe-du-monde\/#primaryimage"},"image":{"@id":"https:\/\/dicodusport.fr\/blog\/pentathlon-moderne-elodie-clouvel-deja-sur-le-podium-en-coupe-du-monde\/#primaryimage"},"thumbnailUrl":"https:\/\/dicodusport.fr\/blog\/wp-content\/uploads\/2023\/03\/Pentathlon-moderne-Elodie-Clouvel-deja-sur-le-podium-en-Coupe-du-monde.png","datePublished":"2023-03-13T09:36:26+00:00","description":"COUPE DU MONDE DE PENTATHLON MODERNE - premier podium pour la France, puisqu'\u00c9lodie Clouvel a pris la deuxi\u00e8me place de l'\u00e9preuve f\u00e9minine.","breadcrumb":{"@id":"https:\/\/dicodusport.fr\/blog\/pentathlon-moderne-elodie-clouvel-deja-sur-le-podium-en-coupe-du-monde\/#breadcrumb"},"inLanguage":"fr-FR","potentialAction":[{"@type":"ReadAction","target":["https:\/\/dicodusport.fr\/blog\/pentathlon-moderne-elodie-clouvel-deja-sur-le-podium-en-coupe-du-monde\/"]}]},{"@type":"ImageObject","inLanguage":"fr-FR","@id":"https:\/\/dicodusport.fr\/blog\/pentathlon-moderne-elodie-clouvel-deja-sur-le-podium-en-coupe-du-monde\/#primaryimage","url":"https:\/\/dicodusport.fr\/blog\/wp-content\/uploads\/2023\/03\/Pentathlon-moderne-Elodie-Clouvel-deja-sur-le-podium-en-Coupe-du-monde.png","contentUrl":"https:\/\/dicodusport.fr\/blog\/wp-content\/uploads\/2023\/03\/Pentathlon-moderne-Elodie-Clouvel-deja-sur-le-podium-en-Coupe-du-monde.png","width":800,"height":445,"caption":"Pentathlon moderne \u00c9lodie Clouvel d\u00e9j\u00e0 sur le podium en Coupe du monde"},{"@type":"BreadcrumbList","@id":"https:\/\/dicodusport.fr\/blog\/pentathlon-moderne-elodie-clouvel-deja-sur-le-podium-en-coupe-du-monde\/#breadcrumb","itemListElement":[{"@type":"ListItem","position":1,"name":"Accueil","item":"https:\/\/dicodusport.fr\/blog\/"},{"@type":"ListItem","position":2,"name":"Pentathlon moderne : \u00c9lodie Clouvel d\u00e9j\u00e0 sur le podium en Coupe du monde"}]},{"@type":"WebSite","@id":"https:\/\/dicodusport.fr\/blog\/#website","url":"https:\/\/dicodusport.fr\/blog\/","name":"Dicodusport","description":"L&#039;encyclop\u00e9die de l&#039;actualit\u00e9 sportive","publisher":{"@id":"https:\/\/dicodusport.fr\/blog\/#organization"},"potentialAction":[{"@type":"SearchAction","target":{"@type":"EntryPoint","urlTemplate":"https:\/\/dicodusport.fr\/blog\/?s={search_term_string}"},"query-input":{"@type":"PropertyValueSpecification","valueRequired":true,"valueName":"search_term_string"}}],"inLanguage":"fr-FR"},{"@type":"NewsMediaOrganization","@id":"https:\/\/dicodusport.fr\/blog\/#organization","name":"Dicodusport","url":"https:\/\/dicodusport.fr\/blog\/","logo":{"@type":"ImageObject","inLanguage":"fr-FR","@id":"https:\/\/dicodusport.fr\/blog\/#\/schema\/logo\/image\/","url":"https:\/\/dicodusport.fr\/blog\/wp-content\/uploads\/2020\/06\/cropped-LOGO-DICODUSPORT-2020-SANS-FOND-SANS-TEXTE.png","contentUrl":"https:\/\/dicodusport.fr\/blog\/wp-content\/uploads\/2020\/06\/cropped-LOGO-DICODUSPORT-2020-SANS-FOND-SANS-TEXTE.png","width":512,"height":512,"caption":"Dicodusport"},"image":{"@id":"https:\/\/dicodusport.fr\/blog\/#\/schema\/logo\/image\/"},"sameAs":["https:\/\/www.facebook.com\/dicodusport","https:\/\/x.com\/dicodusport","https:\/\/www.instagram.com\/dicodusport\/","https:\/\/www.youtube.com\/channel\/UC7V2KZ5sd3htJivAbA4ZG3w"],"description":"Dicodusport est l'encyclop\u00e9die de l'actualit\u00e9 sportive.","email":"bonjour@dicodusport.fr","legalName":"DICODUSPORT","foundingDate":"2018-01-14","vatID":"FR71834470973","taxID":"83447097300043","numberOfEmployees":{"@type":"QuantitativeValue","minValue":"1","maxValue":"10"}},{"@type":"Person","@id":"https:\/\/dicodusport.fr\/blog\/#\/schema\/person\/627966a6cde45dbd8c5e36ac85d783da","name":"S\u00e9bastien Gente","image":{"@type":"ImageObject","inLanguage":"fr-FR","@id":"https:\/\/dicodusport.fr\/blog\/#\/schema\/person\/image\/","url":"https:\/\/dicodusport.fr\/blog\/wp-content\/uploads\/2021\/09\/1510990_10205810251400683_4124423575079401707_n-150x150.jpg","contentUrl":"https:\/\/dicodusport.fr\/blog\/wp-content\/uploads\/2021\/09\/1510990_10205810251400683_4124423575079401707_n-150x150.jpg","caption":"S\u00e9bastien Gente"},"description":"John Stockton, Gianni Bugno, Zinedine Zidane, Steffi Graf, Frode Andresen, St\u00e9phane Stoecklin, Davis Kamoga, Primoz Peterka, Werner Schlager et Aur\u00e9lien Rougerie. Point commun entre ces sportifs? Ils m'ont fait r\u00eaver et ont berc\u00e9 mon adolescence. Je suis un fondu de sports et j'essaie de retranscrire ma passion \u00e0 travers mes articles. Originaire du P\u00e9rigord, ma passion pour les Girondins, les Jaunards et les Jazzmen transpire dans mes \u00e9crits. \u00c0 Dicodusport depuis 2021, je d\u00e9niche les sports m\u00e9connus dans lesquels la France brille, et il y en a !","sameAs":["https:\/\/www.facebook.com\/sebastien.gente\/","https:\/\/www.instagram.com\/sebgente\/","https:\/\/www.linkedin.com\/in\/sbastien-gente-a29583169\/","https:\/\/x.com\/https:\/\/twitter.com\/globulo24","SebastienGente"],"worksFor":"S\u00e9bastien GENTE","url":"https:\/\/dicodusport.fr\/blog\/author\/sebastiengente\/"}]}},"_links":{"self":[{"href":"https:\/\/dicodusport.fr\/blog\/wp-json\/wp\/v2\/posts\/365094","targetHints":{"allow":["GET"]}}],"collection":[{"href":"https:\/\/dicodusport.fr\/blog\/wp-json\/wp\/v2\/posts"}],"about":[{"href":"https:\/\/dicodusport.fr\/blog\/wp-json\/wp\/v2\/types\/post"}],"author":[{"embeddable":true,"href":"https:\/\/dicodusport.fr\/blog\/wp-json\/wp\/v2\/users\/59"}],"replies":[{"embeddable":true,"href":"https:\/\/dicodusport.fr\/blog\/wp-json\/wp\/v2\/comments?post=365094"}],"version-history":[{"count":0,"href":"https:\/\/dicodusport.fr\/blog\/wp-json\/wp\/v2\/posts\/365094\/revisions"}],"wp:featuredmedia":[{"embeddable":true,"href":"https:\/\/dicodusport.fr\/blog\/wp-json\/wp\/v2\/media\/365101"}],"wp:attachment":[{"href":"https:\/\/dicodusport.fr\/blog\/wp-json\/wp\/v2\/media?parent=365094"}],"wp:term":[{"taxonomy":"category","embeddable":true,"href":"https:\/\/dicodusport.fr\/blog\/wp-json\/wp\/v2\/categories?post=365094"},{"taxonomy":"post_tag","embeddable":true,"href":"https:\/\/dicodusport.fr\/blog\/wp-json\/wp\/v2\/tags?post=365094"}],"curies":[{"name":"wp","href":"https:\/\/api.w.org\/{rel}","templated":true}]}}