{"id":365112,"date":"2023-03-19T14:31:53","date_gmt":"2023-03-19T13:31:53","guid":{"rendered":"https:\/\/dicodusport.fr\/blog\/?p=365112&#038;preview=true&#038;preview_id=365112"},"modified":"2023-03-19T14:31:53","modified_gmt":"2023-03-19T13:31:53","slug":"ski-alpin-soldeu-programme-et-resultats-des-finales-de-la-coupe-du-monde","status":"publish","type":"post","link":"https:\/\/dicodusport.fr\/blog\/ski-alpin-soldeu-programme-et-resultats-des-finales-de-la-coupe-du-monde\/","title":{"rendered":"Ski alpin Soldeu &#8211; Palmar\u00e8s et r\u00e9sultats des finales de la Coupe du monde"},"content":{"rendered":"<p style=\"text-align: justify;\"><strong><em><a href=\"https:\/\/dicodusport.fr\/blog\/actualites\/sports-dhiver\/ski\/coupe-du-monde-ski-alpin-2022-2023\/\">COUPE DU MONDE DE SKI ALPIN 2022-2023<\/a> &#8211; D\u00e9couvrez le programme et les r\u00e9sultats des finales de la Coupe du monde de ski alpin \u00e0 Soldeu (Andorre), qui se d\u00e9roulent du 15 au 19 mars 2023.<\/em><\/strong><\/p>\n<p style=\"text-align: justify;\">Le d\u00e9nouement de la <strong>Coupe du monde de ski alpin 2022-2023<\/strong> a lieu \u00e0 Soldeu (Andorre), \u00e0 partir de ce mercredi 15 mars. Au programme des skieuses et skieurs, une descente, un Super-G, un g\u00e9ant, un slalom, ainsi qu&rsquo;un slalom parall\u00e8le par \u00e9quipes.<\/p>\n<p style=\"text-align: justify;\">Si les gros globes sont d\u00e9j\u00e0 attribu\u00e9s avant ces <strong>finales de Soldeu<\/strong>, avec les sacres de <a href=\"https:\/\/dicodusport.fr\/blog\/slalom-are-87e-succes-en-coupe-du-monde-pour-une-mikaela-shiffrin-historique\/\"><strong>Mikaela Shiffrin<\/strong><\/a> chez les dames et de <a href=\"https:\/\/dicodusport.fr\/blog\/geant-kranjska-gora-le-roi-marco-odermatt-s-impose-alexis-pinturault-troisieme\/\"><strong>Marco Odermatt<\/strong><\/a> chez les hommes, deux petits globes restent en jeu. Celui du Super-G f\u00e9minin, pour lequel <strong>Elena Curtoni<\/strong>, <strong>Lara Gut-Behrami<\/strong>, <strong>Cornelia Huetter<\/strong>, <strong>Ragnhild Mowinckel<\/strong> et <strong>Federica Brignone<\/strong> devraient livrer une sacr\u00e9e bataille dans la station andorrane. Du c\u00f4t\u00e9 masculin, le petit globe du slalom sera en jeu. Quatre hommes sont encore en course : les deux Norv\u00e9giens <strong>Lucas Braathen<\/strong> et <strong>Henrik Kristoffersen<\/strong>, ainsi que les deux Suisses <strong>Daniel Yule<\/strong> et <strong>Ramon Zenhaeusern<\/strong>.<\/p>\n<p style=\"text-align: justify;\"><strong>Les courses sont retransmises en direct sur Eurosport.<\/strong><\/p>\n<h2 style=\"text-align: justify;\">Finales Coupe du monde Ski alpin Soldeu &#8211; Programme et r\u00e9sultats<\/h2>\n<table style=\"width: 100%; border-collapse: collapse;\">\n<tbody>\n<tr>\n<td style=\"background-color: #0755a7; width: 800px; text-align: center; vertical-align: middle; font-size: 0.9em;\" colspan=\"6\"><span style=\"color: #ffffff;\"><strong>MERCREDI 15 MARS 2023<\/strong><\/span><span style=\"color: #ffffff;\"><strong><br \/>\n<\/strong><\/span><\/td>\n<\/tr>\n<tr>\n<td style=\"text-align: center; vertical-align: middle; width: 20%; background-color: #17b8ee; font-size: 0.9em;\"><span style=\"color: #ffffff;\"><span style=\"font-size: 0.9em;\"><b>\u00c9preuve<\/b><\/span><\/span><\/td>\n<td style=\"text-align: center; vertical-align: middle; width: 20%; background-color: #17b8ee; font-size: 0.9em;\" colspan=\"2\"><span style=\"color: #ffffff;\"><span style=\"font-size: 0.9em;\"><b>Horaire<\/b><\/span><\/span><\/td>\n<td style=\"text-align: center; vertical-align: middle; width: 20%; background-color: #17b8ee; font-size: 0.9em;\"><span style=\"color: #ffffff; font-size: 0.9em;\"><strong>\ud83e\udd47 Or<\/strong><\/span><\/td>\n<td style=\"text-align: center; vertical-align: middle; width: 20%; background-color: #17b8ee; font-size: 0.9em;\"><span style=\"color: #ffffff; font-size: 0.9em;\"><strong>\ud83e\udd48 Argent<\/strong><\/span><\/td>\n<td style=\"text-align: center; vertical-align: middle; width: 20%; background-color: #17b8ee; font-size: 0.9em;\"><span style=\"color: #ffffff; font-size: 0.9em;\"><strong>\ud83e\udd49 Bronze<\/strong><\/span><\/td>\n<\/tr>\n<tr>\n<td style=\"text-align: center; vertical-align: middle; width: 20%; font-size: 0.9em; background-color: #ffffff;\"><b><span style=\"font-size: 0.9em;\">Descente hommes<br \/>\n<\/span><span style=\"font-size: 0.9em;\"><strong><em><span style=\"font-size: 0.8em;\"><a href=\"https:\/\/dicodusport.fr\/blog\/descentes-finales-soldeu-vincent-kriechmayr-vainqueur\/\">R\u00e9sum\u00e9<\/a> &#8211; <a href=\"https:\/\/dicodusport.fr\/blog\/finales-soldeu-2023-classement-descente-hommes\/\">Classement<\/a><\/span><\/em><\/strong><\/span><br \/>\n<\/b><\/td>\n<td style=\"text-align: center; vertical-align: middle; font-size: 0.9em; background-color: #ffffff;\" colspan=\"2\"><strong>10h00<\/strong><\/td>\n<td style=\"text-align: center; vertical-align: middle; width: 20%; font-size: 0.8em; background-color: #ffffff;\"><strong>\ud83c\udde6\ud83c\uddf9 VINCENT KRIECHMAYR<\/strong><\/td>\n<td style=\"text-align: center; vertical-align: middle; width: 20%; font-size: 0.8em; background-color: #ffffff;\">\ud83c\udde9\ud83c\uddea ROMED BAUMANN<\/td>\n<td style=\"text-align: center; vertical-align: middle; width: 20%; font-size: 0.8em; background-color: #ffffff;\">\ud83c\udde9\ud83c\uddea ANDREAS SANDER<\/td>\n<\/tr>\n<tr>\n<td style=\"text-align: center; vertical-align: middle; width: 20%; font-size: 0.9em; background-color: #ffffff;\"><b><span style=\"font-size: 0.9em;\">Descente femmes<br \/>\n<strong><em><span style=\"font-size: 0.8em;\"><a href=\"https:\/\/dicodusport.fr\/blog\/descente-finales-soldeu-ilka-stuhec-confirme-son-retour-au-premier-plan\/\">R\u00e9sum\u00e9<\/a> &#8211; <a href=\"https:\/\/dicodusport.fr\/blog\/finales-soldeu-2023-classement-descente-femmes\/\">Classement<\/a><\/span><\/em><\/strong><br \/>\n<\/span><\/b><\/td>\n<td style=\"text-align: center; vertical-align: middle; width: 20%; font-size: 0.9em; background-color: #ffffff;\" colspan=\"2\"><strong>11h30<\/strong><\/td>\n<td style=\"text-align: center; vertical-align: middle; width: 20%; font-size: 0.8em; background-color: #ffffff;\"><strong>\ud83c\uddf8\ud83c\uddee ILKA STUHEC<\/strong><\/td>\n<td style=\"text-align: center; vertical-align: middle; width: 20%; font-size: 0.8em; background-color: #ffffff;\">\ud83c\uddee\ud83c\uddf9 SOFIA GOGGIA<\/td>\n<td style=\"text-align: center; vertical-align: middle; width: 20%; font-size: 0.8em; background-color: #ffffff;\">\ud83c\udde8\ud83c\udded LARA GUT-BEHRAMI<\/td>\n<\/tr>\n<tr>\n<td style=\"background-color: #0755a7; width: 800px; text-align: center; vertical-align: middle; font-size: 0.9em;\" colspan=\"6\"><span style=\"color: #ffffff;\"><strong>JEUDI 16 MARS 2023<\/strong><\/span><span style=\"color: #ffffff;\"><strong><br \/>\n<\/strong><\/span><\/td>\n<\/tr>\n<tr>\n<td style=\"text-align: center; vertical-align: middle; width: 20%; background-color: #17b8ee; font-size: 0.9em;\"><span style=\"color: #ffffff;\"><span style=\"font-size: 0.9em;\"><b>\u00c9preuve<\/b><\/span><\/span><\/td>\n<td style=\"text-align: center; vertical-align: middle; width: 20%; background-color: #17b8ee; font-size: 0.9em;\" colspan=\"2\"><span style=\"color: #ffffff;\"><span style=\"font-size: 0.9em;\"><b>Horaire<\/b><\/span><\/span><\/td>\n<td style=\"text-align: center; vertical-align: middle; width: 20%; background-color: #17b8ee; font-size: 0.9em;\"><span style=\"color: #ffffff; font-size: 0.9em;\"><strong>\ud83e\udd47 Or<\/strong><\/span><\/td>\n<td style=\"text-align: center; vertical-align: middle; width: 20%; background-color: #17b8ee; font-size: 0.9em;\"><span style=\"color: #ffffff; font-size: 0.9em;\"><strong>\ud83e\udd48 Argent<\/strong><\/span><\/td>\n<td style=\"text-align: center; vertical-align: middle; width: 20%; background-color: #17b8ee; font-size: 0.9em;\"><span style=\"color: #ffffff; font-size: 0.9em;\"><strong>\ud83e\udd49 Bronze<\/strong><\/span><\/td>\n<\/tr>\n<tr>\n<td style=\"text-align: center; vertical-align: middle; width: 20%; font-size: 0.9em; background-color: #ffffff;\"><b><span style=\"font-size: 0.9em;\">Super-G femmes<br \/>\n<\/span><span style=\"font-size: 0.9em;\"><strong><em><span style=\"font-size: 0.8em;\"><a href=\"https:\/\/dicodusport.fr\/blog\/super-g-finales-soldeu-la-victoire-et-le-petit-globe-pour-lara-gut-behrami\/\">R\u00e9sum\u00e9<\/a> &#8211; <a href=\"https:\/\/dicodusport.fr\/blog\/finales-soldeu-2023-classement-super-g-femmes\/\">Classement<\/a><\/span><\/em><\/strong><\/span><br \/>\n<\/b><\/td>\n<td style=\"text-align: center; vertical-align: middle; font-size: 0.9em; background-color: #ffffff;\" colspan=\"2\"><strong>10h00<\/strong><\/td>\n<td style=\"text-align: center; vertical-align: middle; width: 20%; font-size: 0.8em; background-color: #ffffff;\"><strong>\ud83c\udde8\ud83c\udded LARA GUT-BEHRAMI<\/strong><\/td>\n<td style=\"text-align: center; vertical-align: middle; width: 20%; font-size: 0.8em; background-color: #ffffff;\">\ud83c\uddee\ud83c\uddf9 FEDERICA BRIGNONE<\/td>\n<td style=\"text-align: center; vertical-align: middle; width: 20%; font-size: 0.8em; background-color: #ffffff;\">\ud83c\uddf3\ud83c\uddf4 RAGNHILD MOWINCKEL<\/td>\n<\/tr>\n<tr>\n<td style=\"text-align: center; vertical-align: middle; width: 20%; font-size: 0.9em; background-color: #ffffff;\"><b><span style=\"font-size: 0.9em;\">Super-G hommes<br \/>\n<em><strong><span style=\"font-size: 0.8em;\"><a href=\"https:\/\/dicodusport.fr\/blog\/super-g-finales-soldeu-encore-une-victoire-pour-le-roi-marco-odermatt\/\">R\u00e9sum\u00e9<\/a> &#8211; <a href=\"https:\/\/dicodusport.fr\/blog\/finales-soldeu-2023-classement-super-g-hommes\/\">Classement<\/a><\/span><\/strong><\/em><br \/>\n<\/span><\/b><\/td>\n<td style=\"text-align: center; vertical-align: middle; width: 20%; font-size: 0.9em; background-color: #ffffff;\" colspan=\"2\"><strong>11h30<\/strong><\/td>\n<td style=\"text-align: center; vertical-align: middle; width: 20%; font-size: 0.8em; background-color: #ffffff;\"><strong>\ud83c\udde8\ud83c\udded MARCO ODERMATT\u00a0<\/strong><\/td>\n<td style=\"text-align: center; vertical-align: middle; width: 20%; font-size: 0.8em; background-color: #ffffff;\">\ud83c\udde6\ud83c\uddf9 MARCO SCHWARZ<\/td>\n<td style=\"text-align: center; vertical-align: middle; width: 20%; font-size: 0.8em; background-color: #ffffff;\">\ud83c\uddf3\ud83c\uddf4 ALEKSANDER AAMODT KILDE<\/td>\n<\/tr>\n<tr>\n<td style=\"background-color: #0755a7; width: 800px; text-align: center; vertical-align: middle; font-size: 0.9em;\" colspan=\"6\"><span style=\"color: #ffffff;\"><strong>VENDREDI 17 MARS 2023<\/strong><\/span><span style=\"color: #ffffff;\"><strong><br \/>\n<\/strong><\/span><\/td>\n<\/tr>\n<tr>\n<td style=\"text-align: center; vertical-align: middle; width: 20%; background-color: #17b8ee; font-size: 0.9em;\"><span style=\"color: #ffffff;\"><span style=\"font-size: 0.9em;\"><b>\u00c9preuve<\/b><\/span><\/span><\/td>\n<td style=\"text-align: center; vertical-align: middle; width: 20%; background-color: #17b8ee; font-size: 0.9em;\" colspan=\"2\"><span style=\"color: #ffffff;\"><span style=\"font-size: 0.9em;\"><b>Horaire<\/b><\/span><\/span><\/td>\n<td style=\"text-align: center; vertical-align: middle; width: 20%; background-color: #17b8ee; font-size: 0.9em;\"><span style=\"color: #ffffff; font-size: 0.9em;\"><strong>\ud83e\udd47 Or<\/strong><\/span><\/td>\n<td style=\"text-align: center; vertical-align: middle; width: 20%; background-color: #17b8ee; font-size: 0.9em;\"><span style=\"color: #ffffff; font-size: 0.9em;\"><strong>\ud83e\udd48 Argent<\/strong><\/span><\/td>\n<td style=\"text-align: center; vertical-align: middle; width: 20%; background-color: #17b8ee; font-size: 0.9em;\"><span style=\"color: #ffffff; font-size: 0.9em;\"><strong>\ud83e\udd49 Bronze<\/strong><\/span><\/td>\n<\/tr>\n<tr>\n<td style=\"text-align: center; vertical-align: middle; width: 20%; font-size: 0.9em; background-color: #ffffff;\"><strong><span style=\"font-size: 0.9em;\">Slalom parall\u00e8le par \u00e9quipes<br \/>\n<\/span><span style=\"font-size: 10.368px;\"><i><a href=\"https:\/\/dicodusport.fr\/blog\/team-event-finales-soldeu-la-norvege-simpose-de-justesse\/\">R\u00e9sum\u00e9<\/a> &#8211; <a href=\"https:\/\/dicodusport.fr\/blog\/finales-soldeu-2023-classement-team-event\/\">Classement<\/a><\/i><\/span><\/strong><\/td>\n<td style=\"text-align: center; vertical-align: middle; width: 20%; font-size: 0.9em; background-color: #ffffff;\" colspan=\"2\"><strong>12h00<\/strong><\/td>\n<td style=\"text-align: center; vertical-align: middle; width: 20%; font-size: 0.8em; background-color: #ffffff;\"><strong>\ud83c\uddf3\ud83c\uddf4 NORV\u00c8GE<\/strong><\/td>\n<td style=\"text-align: center; vertical-align: middle; width: 20%; font-size: 0.8em; background-color: #ffffff;\">\ud83c\udde8\ud83c\udded SUISSE<\/td>\n<td style=\"text-align: center; vertical-align: middle; width: 20%; font-size: 0.8em; background-color: #ffffff;\">\ud83c\udde6\ud83c\uddf9 AUTRICHE<\/td>\n<\/tr>\n<tr>\n<td style=\"background-color: #0755a7; width: 800px; text-align: center; vertical-align: middle; font-size: 0.9em;\" colspan=\"6\"><span style=\"color: #ffffff;\"><strong>SAMEDI 18 MARS 2023<\/strong><\/span><span style=\"color: #ffffff;\"><strong><br \/>\n<\/strong><\/span><\/td>\n<\/tr>\n<tr>\n<td style=\"text-align: center; vertical-align: middle; width: 20%; background-color: #17b8ee; font-size: 0.9em;\"><span style=\"color: #ffffff; font-size: 0.9em;\"><strong>\u00c9preuve<\/strong><\/span><\/td>\n<td style=\"text-align: center; vertical-align: middle; width: 20%; background-color: #17b8ee; font-size: 0.9em;\" colspan=\"2\"><span style=\"color: #ffffff;\"><span style=\"font-size: 0.9em;\"><b>Horaire<\/b><\/span><\/span><\/td>\n<td style=\"text-align: center; vertical-align: middle; width: 20%; background-color: #17b8ee; font-size: 0.9em;\"><span style=\"color: #ffffff; font-size: 0.9em;\"><strong>\ud83e\udd47 Or<\/strong><\/span><\/td>\n<td style=\"text-align: center; vertical-align: middle; width: 20%; background-color: #17b8ee; font-size: 0.9em;\"><span style=\"color: #ffffff; font-size: 0.9em;\"><strong>\ud83e\udd48 Argent<\/strong><\/span><\/td>\n<td style=\"text-align: center; vertical-align: middle; width: 20%; background-color: #17b8ee; font-size: 0.9em;\"><span style=\"color: #ffffff; font-size: 0.9em;\"><strong>\ud83e\udd49 Bronze<\/strong><\/span><\/td>\n<\/tr>\n<tr>\n<td style=\"text-align: center; vertical-align: middle; width: 20%; font-size: 0.9em; background-color: #ffffff;\" rowspan=\"2\"><b><span style=\"font-size: 0.9em;\">G\u00e9ant hommes<br \/>\n<\/span><span style=\"font-size: 0.9em;\"><em><strong><span style=\"font-size: 0.8em;\"><a href=\"https:\/\/dicodusport.fr\/blog\/geant-finales-soldeu-marco-odermatt-survole-les-debats\/\">R\u00e9sum\u00e9<\/a> &#8211; <a href=\"https:\/\/dicodusport.fr\/blog\/finales-soldeu-2023-classement-geant-hommes\/\">Classement<\/a><\/span><\/strong><\/em><\/span><br \/>\n<\/b><\/td>\n<td style=\"text-align: center; vertical-align: middle; width: 20%; font-size: 0.9em; background-color: #ffffff;\" colspan=\"2\"><strong>9h00 &#8211; 1\u00e8re manche<\/strong><\/td>\n<td style=\"text-align: center; vertical-align: middle; width: 20%; font-size: 0.8em; background-color: #ffffff;\" rowspan=\"2\"><strong>\ud83c\udde8\ud83c\udded MARCO ODERMATT<\/strong><\/td>\n<td style=\"text-align: center; vertical-align: middle; width: 20%; font-size: 0.8em; background-color: #ffffff;\" rowspan=\"2\">\ud83c\uddf3\ud83c\uddf4 HENRIK KRISTOFFERSEN<\/td>\n<td style=\"text-align: center; vertical-align: middle; width: 20%; font-size: 0.8em; background-color: #ffffff;\" rowspan=\"2\"><span style=\"font-size: 0.9em;\">\ud83c\udde6\ud83c\uddf9 MARCO SCHWARZ<\/span><\/td>\n<\/tr>\n<tr>\n<td style=\"text-align: center; vertical-align: middle; width: 20%; font-size: 0.9em; background-color: #ffffff;\" colspan=\"2\"><strong>12h00 &#8211; 2\u00e8me manche<br \/>\n<\/strong><\/td>\n<\/tr>\n<tr>\n<td style=\"text-align: center; vertical-align: middle; width: 20%; font-size: 0.9em; background-color: #ffffff;\" rowspan=\"2\"><b><span style=\"font-size: 0.9em;\">Slalom femmes<br \/>\n<\/span><span style=\"font-size: 0.9em;\"><a href=\"https:\/\/dicodusport.fr\/blog\/finales-soldeu-2023-classement-slalom-femmes\/\"><em><strong><span style=\"font-size: 0.8em;\">Classement<\/span><\/strong><\/em><\/a><\/span><br \/>\n<\/b><\/td>\n<td style=\"text-align: center; vertical-align: middle; width: 20%; font-size: 0.9em; background-color: #ffffff;\" colspan=\"2\"><strong>10h30 &#8211; 1\u00e8re manche<\/strong><\/td>\n<td style=\"text-align: center; vertical-align: middle; width: 20%; font-size: 0.8em; background-color: #ffffff;\" rowspan=\"2\"><strong>\ud83c\uddf8\ud83c\uddf0 PETRA VLHOVA<\/strong><\/td>\n<td style=\"text-align: center; vertical-align: middle; width: 20%; font-size: 0.8em; background-color: #ffffff;\" rowspan=\"2\"><span style=\"font-size: 0.9em;\">\ud83c\udded\ud83c\uddf7 LEONA POPOVIC<\/span><\/td>\n<td style=\"text-align: center; vertical-align: middle; width: 20%; font-size: 0.8em; background-color: #ffffff;\" rowspan=\"2\"><span style=\"font-size: 0.9em;\">\ud83c\uddfa\ud83c\uddf8 MIKAELA SHIFFRIN<\/span><\/td>\n<\/tr>\n<tr>\n<td style=\"text-align: center; vertical-align: middle; width: 20%; font-size: 0.9em; background-color: #ffffff;\" colspan=\"2\"><strong>13h30 &#8211; 2\u00e8me manche<br \/>\n<\/strong><\/td>\n<\/tr>\n<tr>\n<td style=\"background-color: #0755a7; width: 800px; text-align: center; vertical-align: middle; font-size: 0.9em;\" colspan=\"6\"><span style=\"color: #ffffff;\"><strong>DIMANCHE 19 MARS 2023<\/strong><\/span><span style=\"color: #ffffff;\"><strong><br \/>\n<\/strong><\/span><\/td>\n<\/tr>\n<tr>\n<td style=\"text-align: center; vertical-align: middle; width: 20%; background-color: #17b8ee; font-size: 0.9em;\"><span style=\"color: #ffffff; font-size: 0.9em;\"><strong>Horaire<\/strong><\/span><\/td>\n<td style=\"text-align: center; vertical-align: middle; width: 20%; background-color: #17b8ee; font-size: 0.9em;\" colspan=\"2\"><span style=\"color: #ffffff;\"><span style=\"font-size: 0.9em;\"><b>\u00c9preuve<\/b><\/span><\/span><\/td>\n<td style=\"text-align: center; vertical-align: middle; width: 20%; background-color: #17b8ee; font-size: 0.9em;\"><span style=\"color: #ffffff; font-size: 0.9em;\"><strong>\ud83e\udd47 Or<\/strong><\/span><\/td>\n<td style=\"text-align: center; vertical-align: middle; width: 20%; background-color: #17b8ee; font-size: 0.9em;\"><span style=\"color: #ffffff; font-size: 0.9em;\"><strong>\ud83e\udd48 Argent<\/strong><\/span><\/td>\n<td style=\"text-align: center; vertical-align: middle; width: 20%; background-color: #17b8ee; font-size: 0.9em;\"><span style=\"color: #ffffff; font-size: 0.9em;\"><strong>\ud83e\udd49 Bronze<\/strong><\/span><\/td>\n<\/tr>\n<tr>\n<td style=\"text-align: center; vertical-align: middle; width: 20%; font-size: 0.9em; background-color: #ffffff;\" rowspan=\"2\"><b><span style=\"font-size: 0.9em;\">G\u00e9ant femmes<br \/>\n<em><strong><span style=\"font-size: 0.8em;\"><a href=\"https:\/\/dicodusport.fr\/blog\/geant-finales-soldeu-mikaela-shiffrin-simpose-en-patronne\/\">R\u00e9sum\u00e9<\/a> &#8211; <a href=\"https:\/\/dicodusport.fr\/blog\/finales-soldeu-2023-classement-geant-femmes\/\">Classement<\/a><\/span><\/strong><\/em><br \/>\n<\/span><\/b><\/td>\n<td style=\"text-align: center; vertical-align: middle; width: 20%; font-size: 0.9em; background-color: #ffffff;\" colspan=\"2\"><strong>9h00 &#8211; 1\u00e8re manche<\/strong><\/td>\n<td style=\"text-align: center; vertical-align: middle; width: 20%; font-size: 0.8em; background-color: #ffffff;\" rowspan=\"2\"><strong>\ud83c\uddfa\ud83c\uddf8 MIKAELA SHIFFRIN<\/strong><\/td>\n<td style=\"text-align: center; vertical-align: middle; width: 20%; font-size: 0.8em; background-color: #ffffff;\" rowspan=\"2\">\ud83c\uddf3\ud83c\uddf4 THEA LOUISE STJERNESUND<\/td>\n<td style=\"text-align: center; vertical-align: middle; width: 20%; font-size: 0.8em; background-color: #ffffff;\" rowspan=\"2\"><span style=\"font-size: 0.9em;\">\ud83c\udde8\ud83c\udde6<\/span> VAL\u00c9RIE GRENIER<\/td>\n<\/tr>\n<tr>\n<td style=\"text-align: center; vertical-align: middle; width: 20%; font-size: 0.9em; background-color: #ffffff;\" colspan=\"2\"><strong>12h00 &#8211; 2\u00e8me manche<br \/>\n<\/strong><\/td>\n<\/tr>\n<tr>\n<td style=\"text-align: center; vertical-align: middle; width: 20%; font-size: 0.9em; background-color: #ffffff;\" rowspan=\"2\"><b><span style=\"font-size: 0.9em;\">Slalom hommes<br \/>\n<\/span><span style=\"font-size: 0.9em;\"><em><strong><span style=\"font-size: 0.8em;\"><a href=\"https:\/\/dicodusport.fr\/blog\/slalom-finales-soldeu-ramon-zenhaeusern-s-impose\/\">R\u00e9sum\u00e9<\/a> &#8211; <a href=\"https:\/\/dicodusport.fr\/blog\/slalom-finales-soldeu-ramon-zenhaeusern-s-impose\/\">Classement<\/a><\/span><\/strong><\/em><\/span><br \/>\n<\/b><\/td>\n<td style=\"text-align: center; vertical-align: middle; width: 20%; font-size: 0.9em; background-color: #ffffff;\" colspan=\"2\"><strong>10h30 &#8211; 1\u00e8re manche<\/strong><\/td>\n<td style=\"text-align: center; vertical-align: middle; width: 20%; font-size: 0.8em; background-color: #ffffff;\" rowspan=\"2\"><strong>\ud83c\udde8\ud83c\udded RAMON ZENHAEUSERN<\/strong><\/td>\n<td style=\"text-align: center; vertical-align: middle; width: 20%; font-size: 0.8em; background-color: #ffffff;\" rowspan=\"2\">\ud83c\uddf3\ud83c\uddf4 LUCAS BRAATHEN<\/td>\n<td style=\"text-align: center; vertical-align: middle; width: 20%; font-size: 0.8em; background-color: #ffffff;\" rowspan=\"2\">\ud83c\uddf3\ud83c\uddf4 HENRIK KRISTOFFERSEN<\/td>\n<\/tr>\n<tr>\n<td style=\"text-align: center; vertical-align: middle; width: 20%; font-size: 0.9em; background-color: #ffffff;\" colspan=\"2\"><strong>13h30 &#8211; 2\u00e8me manche<br \/>\n<\/strong><\/td>\n<\/tr>\n<\/tbody>\n<\/table>\n<h2 style=\"text-align: justify;\">\u00c0 lire aussi<\/h2>\n<ul>\n<li style=\"text-align: justify;\"><a href=\"https:\/\/dicodusport.fr\/blog\/classement-general-femmes-coupe-du-monde-ski-alpin-2022-2023\/\"><strong>Le classement g\u00e9n\u00e9ral femmes de la Coupe du monde de ski alpin 2022-2023<\/strong><\/a><\/li>\n<li style=\"text-align: justify;\"><a href=\"https:\/\/dicodusport.fr\/blog\/classement-general-hommes-coupe-du-monde-ski-alpin-2022-2023\/\"><strong>Le classement g\u00e9n\u00e9ral hommes de la Coupe du monde de ski alpin 2022-2023<\/strong><\/a><\/li>\n<\/ul>\n<p>&nbsp;<\/p>\n","protected":false},"excerpt":{"rendered":"<p>COUPE DU MONDE DE SKI ALPIN 2022-2023 &#8211; D\u00e9couvrez le programme et les r\u00e9sultats des finales de la Coupe du monde de ski alpin \u00e0 Soldeu (Andorre), qui se d\u00e9roulent du 15 au 19 mars 2023.<\/p>\n","protected":false},"author":4,"featured_media":364376,"comment_status":"open","ping_status":"closed","sticky":false,"template":"","format":"standard","meta":{"_acf_changed":false,"_daextam_enable_autolinks":"","footnotes":""},"categories":[47084],"tags":[16878,30320],"class_list":["post-365112","post","type-post","status-publish","format-standard","has-post-thumbnail","hentry","category-coupe-du-monde-ski-alpin","tag-breve","tag-ski-alpin-soldeu"],"acf":[],"yoast_head":"<!-- This site is optimized with the Yoast SEO Premium plugin v26.7 (Yoast SEO v26.7) - https:\/\/yoast.com\/wordpress\/plugins\/seo\/ -->\n<title>Ski alpin Soldeu - Palmar\u00e8s et r\u00e9sultats des finales de la Coupe du monde<\/title>\n<meta name=\"description\" content=\"COUPE DU MONDE DE SKI ALPIN 2022-2023 - D\u00e9couvrez le programme et les r\u00e9sultats des finales de la Coupe du monde de ski alpin \u00e0 Soldeu.\" \/>\n<meta name=\"robots\" content=\"index, follow, max-snippet:-1, max-image-preview:large, max-video-preview:-1\" \/>\n<link rel=\"canonical\" href=\"https:\/\/dicodusport.fr\/blog\/ski-alpin-soldeu-programme-et-resultats-des-finales-de-la-coupe-du-monde\/\" \/>\n<meta property=\"og:locale\" content=\"fr_FR\" \/>\n<meta property=\"og:type\" content=\"article\" \/>\n<meta property=\"og:title\" content=\"Ski alpin Soldeu - Palmar\u00e8s et r\u00e9sultats des finales de la Coupe du monde\" \/>\n<meta property=\"og:description\" content=\"COUPE DU MONDE DE SKI ALPIN 2022-2023 - D\u00e9couvrez le programme et les r\u00e9sultats des finales de la Coupe du monde de ski alpin \u00e0 Soldeu.\" \/>\n<meta property=\"og:url\" content=\"https:\/\/dicodusport.fr\/blog\/ski-alpin-soldeu-programme-et-resultats-des-finales-de-la-coupe-du-monde\/\" \/>\n<meta property=\"og:site_name\" content=\"Dicodusport\" \/>\n<meta property=\"article:publisher\" content=\"https:\/\/www.facebook.com\/dicodusport\" \/>\n<meta property=\"article:author\" content=\"https:\/\/www.facebook.com\/florent.ostermann\" \/>\n<meta property=\"article:published_time\" content=\"2023-03-19T13:31:53+00:00\" \/>\n<meta property=\"og:image\" content=\"https:\/\/dicodusport.fr\/blog\/wp-content\/uploads\/2023\/03\/Slalom-Are-87eme-succes-en-Coupe-du-monde-pour-une-Mikaela-Shiffrin-historique.png\" \/>\n\t<meta property=\"og:image:width\" content=\"800\" \/>\n\t<meta property=\"og:image:height\" content=\"445\" \/>\n\t<meta property=\"og:image:type\" content=\"image\/png\" \/>\n<meta name=\"author\" content=\"Flo Ostermann\" \/>\n<meta name=\"twitter:card\" content=\"summary_large_image\" \/>\n<meta name=\"twitter:title\" content=\"Ski alpin Soldeu - Palmar\u00e8s et r\u00e9sultats des finales de la Coupe du monde\" \/>\n<meta name=\"twitter:creator\" content=\"@https:\/\/twitter.com\/FlOstermann\" \/>\n<meta name=\"twitter:site\" content=\"@dicodusport\" \/>\n<script type=\"application\/ld+json\" class=\"yoast-schema-graph\">{\"@context\":\"https:\/\/schema.org\",\"@graph\":[{\"@type\":\"NewsArticle\",\"@id\":\"https:\/\/dicodusport.fr\/blog\/ski-alpin-soldeu-programme-et-resultats-des-finales-de-la-coupe-du-monde\/#article\",\"isPartOf\":{\"@id\":\"https:\/\/dicodusport.fr\/blog\/ski-alpin-soldeu-programme-et-resultats-des-finales-de-la-coupe-du-monde\/\"},\"author\":{\"name\":\"Flo Ostermann\",\"@id\":\"https:\/\/dicodusport.fr\/blog\/#\/schema\/person\/cb02af4c173ce4a653b55e9baf388d4a\"},\"headline\":\"Ski alpin Soldeu &#8211; Palmar\u00e8s et r\u00e9sultats des finales de la Coupe du monde\",\"datePublished\":\"2023-03-19T13:31:53+00:00\",\"mainEntityOfPage\":{\"@id\":\"https:\/\/dicodusport.fr\/blog\/ski-alpin-soldeu-programme-et-resultats-des-finales-de-la-coupe-du-monde\/\"},\"wordCount\":432,\"commentCount\":0,\"publisher\":{\"@id\":\"https:\/\/dicodusport.fr\/blog\/#organization\"},\"image\":{\"@id\":\"https:\/\/dicodusport.fr\/blog\/ski-alpin-soldeu-programme-et-resultats-des-finales-de-la-coupe-du-monde\/#primaryimage\"},\"thumbnailUrl\":\"https:\/\/dicodusport.fr\/blog\/wp-content\/uploads\/2023\/03\/Slalom-Are-87eme-succes-en-Coupe-du-monde-pour-une-Mikaela-Shiffrin-historique.png\",\"keywords\":[\"br\u00e8ve\",\"Ski alpin Soldeu\"],\"articleSection\":[\"Coupe du monde de ski alpin\"],\"inLanguage\":\"fr-FR\",\"potentialAction\":[{\"@type\":\"CommentAction\",\"name\":\"Comment\",\"target\":[\"https:\/\/dicodusport.fr\/blog\/ski-alpin-soldeu-programme-et-resultats-des-finales-de-la-coupe-du-monde\/#respond\"]}],\"copyrightYear\":\"2023\",\"copyrightHolder\":{\"@id\":\"https:\/\/dicodusport.fr\/blog\/#organization\"}},{\"@type\":\"WebPage\",\"@id\":\"https:\/\/dicodusport.fr\/blog\/ski-alpin-soldeu-programme-et-resultats-des-finales-de-la-coupe-du-monde\/\",\"url\":\"https:\/\/dicodusport.fr\/blog\/ski-alpin-soldeu-programme-et-resultats-des-finales-de-la-coupe-du-monde\/\",\"name\":\"Ski alpin Soldeu - Palmar\u00e8s et r\u00e9sultats des finales de la Coupe du monde\",\"isPartOf\":{\"@id\":\"https:\/\/dicodusport.fr\/blog\/#website\"},\"primaryImageOfPage\":{\"@id\":\"https:\/\/dicodusport.fr\/blog\/ski-alpin-soldeu-programme-et-resultats-des-finales-de-la-coupe-du-monde\/#primaryimage\"},\"image\":{\"@id\":\"https:\/\/dicodusport.fr\/blog\/ski-alpin-soldeu-programme-et-resultats-des-finales-de-la-coupe-du-monde\/#primaryimage\"},\"thumbnailUrl\":\"https:\/\/dicodusport.fr\/blog\/wp-content\/uploads\/2023\/03\/Slalom-Are-87eme-succes-en-Coupe-du-monde-pour-une-Mikaela-Shiffrin-historique.png\",\"datePublished\":\"2023-03-19T13:31:53+00:00\",\"description\":\"COUPE DU MONDE DE SKI ALPIN 2022-2023 - D\u00e9couvrez le programme et les r\u00e9sultats des finales de la Coupe du monde de ski alpin \u00e0 Soldeu.\",\"breadcrumb\":{\"@id\":\"https:\/\/dicodusport.fr\/blog\/ski-alpin-soldeu-programme-et-resultats-des-finales-de-la-coupe-du-monde\/#breadcrumb\"},\"inLanguage\":\"fr-FR\",\"potentialAction\":[{\"@type\":\"ReadAction\",\"target\":[\"https:\/\/dicodusport.fr\/blog\/ski-alpin-soldeu-programme-et-resultats-des-finales-de-la-coupe-du-monde\/\"]}]},{\"@type\":\"ImageObject\",\"inLanguage\":\"fr-FR\",\"@id\":\"https:\/\/dicodusport.fr\/blog\/ski-alpin-soldeu-programme-et-resultats-des-finales-de-la-coupe-du-monde\/#primaryimage\",\"url\":\"https:\/\/dicodusport.fr\/blog\/wp-content\/uploads\/2023\/03\/Slalom-Are-87eme-succes-en-Coupe-du-monde-pour-une-Mikaela-Shiffrin-historique.png\",\"contentUrl\":\"https:\/\/dicodusport.fr\/blog\/wp-content\/uploads\/2023\/03\/Slalom-Are-87eme-succes-en-Coupe-du-monde-pour-une-Mikaela-Shiffrin-historique.png\",\"width\":800,\"height\":445,\"caption\":\"Slalom Are 87\u00e8me succ\u00e8s en Coupe du monde pour une Mikaela Shiffrin historique\"},{\"@type\":\"BreadcrumbList\",\"@id\":\"https:\/\/dicodusport.fr\/blog\/ski-alpin-soldeu-programme-et-resultats-des-finales-de-la-coupe-du-monde\/#breadcrumb\",\"itemListElement\":[{\"@type\":\"ListItem\",\"position\":1,\"name\":\"Accueil\",\"item\":\"https:\/\/dicodusport.fr\/blog\/\"},{\"@type\":\"ListItem\",\"position\":2,\"name\":\"Ski alpin Soldeu &#8211; Palmar\u00e8s et r\u00e9sultats des finales de la Coupe du monde\"}]},{\"@type\":\"WebSite\",\"@id\":\"https:\/\/dicodusport.fr\/blog\/#website\",\"url\":\"https:\/\/dicodusport.fr\/blog\/\",\"name\":\"Dicodusport\",\"description\":\"L&#039;encyclop\u00e9die de l&#039;actualit\u00e9 sportive\",\"publisher\":{\"@id\":\"https:\/\/dicodusport.fr\/blog\/#organization\"},\"potentialAction\":[{\"@type\":\"SearchAction\",\"target\":{\"@type\":\"EntryPoint\",\"urlTemplate\":\"https:\/\/dicodusport.fr\/blog\/?s={search_term_string}\"},\"query-input\":{\"@type\":\"PropertyValueSpecification\",\"valueRequired\":true,\"valueName\":\"search_term_string\"}}],\"inLanguage\":\"fr-FR\"},{\"@type\":\"NewsMediaOrganization\",\"@id\":\"https:\/\/dicodusport.fr\/blog\/#organization\",\"name\":\"Dicodusport\",\"url\":\"https:\/\/dicodusport.fr\/blog\/\",\"logo\":{\"@type\":\"ImageObject\",\"inLanguage\":\"fr-FR\",\"@id\":\"https:\/\/dicodusport.fr\/blog\/#\/schema\/logo\/image\/\",\"url\":\"https:\/\/dicodusport.fr\/blog\/wp-content\/uploads\/2020\/06\/cropped-LOGO-DICODUSPORT-2020-SANS-FOND-SANS-TEXTE.png\",\"contentUrl\":\"https:\/\/dicodusport.fr\/blog\/wp-content\/uploads\/2020\/06\/cropped-LOGO-DICODUSPORT-2020-SANS-FOND-SANS-TEXTE.png\",\"width\":512,\"height\":512,\"caption\":\"Dicodusport\"},\"image\":{\"@id\":\"https:\/\/dicodusport.fr\/blog\/#\/schema\/logo\/image\/\"},\"sameAs\":[\"https:\/\/www.facebook.com\/dicodusport\",\"https:\/\/x.com\/dicodusport\",\"https:\/\/www.instagram.com\/dicodusport\/\",\"https:\/\/www.youtube.com\/channel\/UC7V2KZ5sd3htJivAbA4ZG3w\"],\"description\":\"Dicodusport est l'encyclop\u00e9die de l'actualit\u00e9 sportive.\",\"email\":\"bonjour@dicodusport.fr\",\"legalName\":\"DICODUSPORT\",\"foundingDate\":\"2018-01-14\",\"vatID\":\"FR71834470973\",\"taxID\":\"83447097300043\",\"numberOfEmployees\":{\"@type\":\"QuantitativeValue\",\"minValue\":\"1\",\"maxValue\":\"10\"}},{\"@type\":\"Person\",\"@id\":\"https:\/\/dicodusport.fr\/blog\/#\/schema\/person\/cb02af4c173ce4a653b55e9baf388d4a\",\"name\":\"Flo Ostermann\",\"image\":{\"@type\":\"ImageObject\",\"inLanguage\":\"fr-FR\",\"@id\":\"https:\/\/dicodusport.fr\/blog\/#\/schema\/person\/image\/\",\"url\":\"https:\/\/dicodusport.fr\/blog\/wp-content\/uploads\/2021\/05\/Flo-Ostermann-150x150.jpg\",\"contentUrl\":\"https:\/\/dicodusport.fr\/blog\/wp-content\/uploads\/2021\/05\/Flo-Ostermann-150x150.jpg\",\"caption\":\"Flo Ostermann\"},\"description\":\"Journaliste\/R\u00e9dacteur depuis septembre 2015 - Mes premiers souvenirs dans le sport ? Les envol\u00e9es du Stade Toulousain et les duels Villeneuve-Schumacher et H\u00e4kkinen-Schumacher \u00e0 la fin des ann\u00e9es 90, la Coupe du monde de football en 1998, l\u2019exploit du XV de France face aux All Blacks en 1999, mais aussi Richard C\u0153ur de Lion qui vole sur les montagnes du Tour de France. Bien parti pour devenir professeur d\u2019EPS, les \u00e9v\u00e9nements de la vie (et la flemme d\u2019animer des s\u00e9ances de 3x500 m\u00e8tres toute ma vie) m\u2019ont conduit \u00e0 revoir mes plans. Me voil\u00e0 depuis fin 2017 sur Dicodusport, m\u00e9dia gr\u00e2ce (et pour) lequel je partage ma passion : le sport dans tous ses \u00e9tats. Le tout accompagn\u00e9 par les fous furieux et folles furieuses cit\u00e9s sur cette page !\",\"sameAs\":[\"https:\/\/www.facebook.com\/florent.ostermann\",\"https:\/\/x.com\/https:\/\/twitter.com\/FlOstermann\",\"admin\"],\"url\":\"https:\/\/dicodusport.fr\/blog\/author\/flo\/\"}]}<\/script>\n<!-- \/ Yoast SEO Premium plugin. -->","yoast_head_json":{"title":"Ski alpin Soldeu - Palmar\u00e8s et r\u00e9sultats des finales de la Coupe du monde","description":"COUPE DU MONDE DE SKI ALPIN 2022-2023 - D\u00e9couvrez le programme et les r\u00e9sultats des finales de la Coupe du monde de ski alpin \u00e0 Soldeu.","robots":{"index":"index","follow":"follow","max-snippet":"max-snippet:-1","max-image-preview":"max-image-preview:large","max-video-preview":"max-video-preview:-1"},"canonical":"https:\/\/dicodusport.fr\/blog\/ski-alpin-soldeu-programme-et-resultats-des-finales-de-la-coupe-du-monde\/","og_locale":"fr_FR","og_type":"article","og_title":"Ski alpin Soldeu - Palmar\u00e8s et r\u00e9sultats des finales de la Coupe du monde","og_description":"COUPE DU MONDE DE SKI ALPIN 2022-2023 - D\u00e9couvrez le programme et les r\u00e9sultats des finales de la Coupe du monde de ski alpin \u00e0 Soldeu.","og_url":"https:\/\/dicodusport.fr\/blog\/ski-alpin-soldeu-programme-et-resultats-des-finales-de-la-coupe-du-monde\/","og_site_name":"Dicodusport","article_publisher":"https:\/\/www.facebook.com\/dicodusport","article_author":"https:\/\/www.facebook.com\/florent.ostermann","article_published_time":"2023-03-19T13:31:53+00:00","og_image":[{"width":800,"height":445,"url":"https:\/\/dicodusport.fr\/blog\/wp-content\/uploads\/2023\/03\/Slalom-Are-87eme-succes-en-Coupe-du-monde-pour-une-Mikaela-Shiffrin-historique.png","type":"image\/png"}],"author":"Flo Ostermann","twitter_card":"summary_large_image","twitter_title":"Ski alpin Soldeu - Palmar\u00e8s et r\u00e9sultats des finales de la Coupe du monde","twitter_creator":"@https:\/\/twitter.com\/FlOstermann","twitter_site":"@dicodusport","schema":{"@context":"https:\/\/schema.org","@graph":[{"@type":"NewsArticle","@id":"https:\/\/dicodusport.fr\/blog\/ski-alpin-soldeu-programme-et-resultats-des-finales-de-la-coupe-du-monde\/#article","isPartOf":{"@id":"https:\/\/dicodusport.fr\/blog\/ski-alpin-soldeu-programme-et-resultats-des-finales-de-la-coupe-du-monde\/"},"author":{"name":"Flo Ostermann","@id":"https:\/\/dicodusport.fr\/blog\/#\/schema\/person\/cb02af4c173ce4a653b55e9baf388d4a"},"headline":"Ski alpin Soldeu &#8211; Palmar\u00e8s et r\u00e9sultats des finales de la Coupe du monde","datePublished":"2023-03-19T13:31:53+00:00","mainEntityOfPage":{"@id":"https:\/\/dicodusport.fr\/blog\/ski-alpin-soldeu-programme-et-resultats-des-finales-de-la-coupe-du-monde\/"},"wordCount":432,"commentCount":0,"publisher":{"@id":"https:\/\/dicodusport.fr\/blog\/#organization"},"image":{"@id":"https:\/\/dicodusport.fr\/blog\/ski-alpin-soldeu-programme-et-resultats-des-finales-de-la-coupe-du-monde\/#primaryimage"},"thumbnailUrl":"https:\/\/dicodusport.fr\/blog\/wp-content\/uploads\/2023\/03\/Slalom-Are-87eme-succes-en-Coupe-du-monde-pour-une-Mikaela-Shiffrin-historique.png","keywords":["br\u00e8ve","Ski alpin Soldeu"],"articleSection":["Coupe du monde de ski alpin"],"inLanguage":"fr-FR","potentialAction":[{"@type":"CommentAction","name":"Comment","target":["https:\/\/dicodusport.fr\/blog\/ski-alpin-soldeu-programme-et-resultats-des-finales-de-la-coupe-du-monde\/#respond"]}],"copyrightYear":"2023","copyrightHolder":{"@id":"https:\/\/dicodusport.fr\/blog\/#organization"}},{"@type":"WebPage","@id":"https:\/\/dicodusport.fr\/blog\/ski-alpin-soldeu-programme-et-resultats-des-finales-de-la-coupe-du-monde\/","url":"https:\/\/dicodusport.fr\/blog\/ski-alpin-soldeu-programme-et-resultats-des-finales-de-la-coupe-du-monde\/","name":"Ski alpin Soldeu - Palmar\u00e8s et r\u00e9sultats des finales de la Coupe du monde","isPartOf":{"@id":"https:\/\/dicodusport.fr\/blog\/#website"},"primaryImageOfPage":{"@id":"https:\/\/dicodusport.fr\/blog\/ski-alpin-soldeu-programme-et-resultats-des-finales-de-la-coupe-du-monde\/#primaryimage"},"image":{"@id":"https:\/\/dicodusport.fr\/blog\/ski-alpin-soldeu-programme-et-resultats-des-finales-de-la-coupe-du-monde\/#primaryimage"},"thumbnailUrl":"https:\/\/dicodusport.fr\/blog\/wp-content\/uploads\/2023\/03\/Slalom-Are-87eme-succes-en-Coupe-du-monde-pour-une-Mikaela-Shiffrin-historique.png","datePublished":"2023-03-19T13:31:53+00:00","description":"COUPE DU MONDE DE SKI ALPIN 2022-2023 - D\u00e9couvrez le programme et les r\u00e9sultats des finales de la Coupe du monde de ski alpin \u00e0 Soldeu.","breadcrumb":{"@id":"https:\/\/dicodusport.fr\/blog\/ski-alpin-soldeu-programme-et-resultats-des-finales-de-la-coupe-du-monde\/#breadcrumb"},"inLanguage":"fr-FR","potentialAction":[{"@type":"ReadAction","target":["https:\/\/dicodusport.fr\/blog\/ski-alpin-soldeu-programme-et-resultats-des-finales-de-la-coupe-du-monde\/"]}]},{"@type":"ImageObject","inLanguage":"fr-FR","@id":"https:\/\/dicodusport.fr\/blog\/ski-alpin-soldeu-programme-et-resultats-des-finales-de-la-coupe-du-monde\/#primaryimage","url":"https:\/\/dicodusport.fr\/blog\/wp-content\/uploads\/2023\/03\/Slalom-Are-87eme-succes-en-Coupe-du-monde-pour-une-Mikaela-Shiffrin-historique.png","contentUrl":"https:\/\/dicodusport.fr\/blog\/wp-content\/uploads\/2023\/03\/Slalom-Are-87eme-succes-en-Coupe-du-monde-pour-une-Mikaela-Shiffrin-historique.png","width":800,"height":445,"caption":"Slalom Are 87\u00e8me succ\u00e8s en Coupe du monde pour une Mikaela Shiffrin historique"},{"@type":"BreadcrumbList","@id":"https:\/\/dicodusport.fr\/blog\/ski-alpin-soldeu-programme-et-resultats-des-finales-de-la-coupe-du-monde\/#breadcrumb","itemListElement":[{"@type":"ListItem","position":1,"name":"Accueil","item":"https:\/\/dicodusport.fr\/blog\/"},{"@type":"ListItem","position":2,"name":"Ski alpin Soldeu &#8211; Palmar\u00e8s et r\u00e9sultats des finales de la Coupe du monde"}]},{"@type":"WebSite","@id":"https:\/\/dicodusport.fr\/blog\/#website","url":"https:\/\/dicodusport.fr\/blog\/","name":"Dicodusport","description":"L&#039;encyclop\u00e9die de l&#039;actualit\u00e9 sportive","publisher":{"@id":"https:\/\/dicodusport.fr\/blog\/#organization"},"potentialAction":[{"@type":"SearchAction","target":{"@type":"EntryPoint","urlTemplate":"https:\/\/dicodusport.fr\/blog\/?s={search_term_string}"},"query-input":{"@type":"PropertyValueSpecification","valueRequired":true,"valueName":"search_term_string"}}],"inLanguage":"fr-FR"},{"@type":"NewsMediaOrganization","@id":"https:\/\/dicodusport.fr\/blog\/#organization","name":"Dicodusport","url":"https:\/\/dicodusport.fr\/blog\/","logo":{"@type":"ImageObject","inLanguage":"fr-FR","@id":"https:\/\/dicodusport.fr\/blog\/#\/schema\/logo\/image\/","url":"https:\/\/dicodusport.fr\/blog\/wp-content\/uploads\/2020\/06\/cropped-LOGO-DICODUSPORT-2020-SANS-FOND-SANS-TEXTE.png","contentUrl":"https:\/\/dicodusport.fr\/blog\/wp-content\/uploads\/2020\/06\/cropped-LOGO-DICODUSPORT-2020-SANS-FOND-SANS-TEXTE.png","width":512,"height":512,"caption":"Dicodusport"},"image":{"@id":"https:\/\/dicodusport.fr\/blog\/#\/schema\/logo\/image\/"},"sameAs":["https:\/\/www.facebook.com\/dicodusport","https:\/\/x.com\/dicodusport","https:\/\/www.instagram.com\/dicodusport\/","https:\/\/www.youtube.com\/channel\/UC7V2KZ5sd3htJivAbA4ZG3w"],"description":"Dicodusport est l'encyclop\u00e9die de l'actualit\u00e9 sportive.","email":"bonjour@dicodusport.fr","legalName":"DICODUSPORT","foundingDate":"2018-01-14","vatID":"FR71834470973","taxID":"83447097300043","numberOfEmployees":{"@type":"QuantitativeValue","minValue":"1","maxValue":"10"}},{"@type":"Person","@id":"https:\/\/dicodusport.fr\/blog\/#\/schema\/person\/cb02af4c173ce4a653b55e9baf388d4a","name":"Flo Ostermann","image":{"@type":"ImageObject","inLanguage":"fr-FR","@id":"https:\/\/dicodusport.fr\/blog\/#\/schema\/person\/image\/","url":"https:\/\/dicodusport.fr\/blog\/wp-content\/uploads\/2021\/05\/Flo-Ostermann-150x150.jpg","contentUrl":"https:\/\/dicodusport.fr\/blog\/wp-content\/uploads\/2021\/05\/Flo-Ostermann-150x150.jpg","caption":"Flo Ostermann"},"description":"Journaliste\/R\u00e9dacteur depuis septembre 2015 - Mes premiers souvenirs dans le sport ? Les envol\u00e9es du Stade Toulousain et les duels Villeneuve-Schumacher et H\u00e4kkinen-Schumacher \u00e0 la fin des ann\u00e9es 90, la Coupe du monde de football en 1998, l\u2019exploit du XV de France face aux All Blacks en 1999, mais aussi Richard C\u0153ur de Lion qui vole sur les montagnes du Tour de France. Bien parti pour devenir professeur d\u2019EPS, les \u00e9v\u00e9nements de la vie (et la flemme d\u2019animer des s\u00e9ances de 3x500 m\u00e8tres toute ma vie) m\u2019ont conduit \u00e0 revoir mes plans. Me voil\u00e0 depuis fin 2017 sur Dicodusport, m\u00e9dia gr\u00e2ce (et pour) lequel je partage ma passion : le sport dans tous ses \u00e9tats. Le tout accompagn\u00e9 par les fous furieux et folles furieuses cit\u00e9s sur cette page !","sameAs":["https:\/\/www.facebook.com\/florent.ostermann","https:\/\/x.com\/https:\/\/twitter.com\/FlOstermann","admin"],"url":"https:\/\/dicodusport.fr\/blog\/author\/flo\/"}]}},"_links":{"self":[{"href":"https:\/\/dicodusport.fr\/blog\/wp-json\/wp\/v2\/posts\/365112","targetHints":{"allow":["GET"]}}],"collection":[{"href":"https:\/\/dicodusport.fr\/blog\/wp-json\/wp\/v2\/posts"}],"about":[{"href":"https:\/\/dicodusport.fr\/blog\/wp-json\/wp\/v2\/types\/post"}],"author":[{"embeddable":true,"href":"https:\/\/dicodusport.fr\/blog\/wp-json\/wp\/v2\/users\/4"}],"replies":[{"embeddable":true,"href":"https:\/\/dicodusport.fr\/blog\/wp-json\/wp\/v2\/comments?post=365112"}],"version-history":[{"count":0,"href":"https:\/\/dicodusport.fr\/blog\/wp-json\/wp\/v2\/posts\/365112\/revisions"}],"wp:featuredmedia":[{"embeddable":true,"href":"https:\/\/dicodusport.fr\/blog\/wp-json\/wp\/v2\/media\/364376"}],"wp:attachment":[{"href":"https:\/\/dicodusport.fr\/blog\/wp-json\/wp\/v2\/media?parent=365112"}],"wp:term":[{"taxonomy":"category","embeddable":true,"href":"https:\/\/dicodusport.fr\/blog\/wp-json\/wp\/v2\/categories?post=365112"},{"taxonomy":"post_tag","embeddable":true,"href":"https:\/\/dicodusport.fr\/blog\/wp-json\/wp\/v2\/tags?post=365112"}],"curies":[{"name":"wp","href":"https:\/\/api.w.org\/{rel}","templated":true}]}}