{"id":365115,"date":"2023-03-13T12:01:12","date_gmt":"2023-03-13T11:01:12","guid":{"rendered":"https:\/\/dicodusport.fr\/blog\/?p=365115&#038;preview=true&#038;preview_id=365115"},"modified":"2023-03-13T12:21:48","modified_gmt":"2023-03-13T11:21:48","slug":"jessy-tremouliere-annonce-la-fin-de-sa-carriere-internationale","status":"publish","type":"post","link":"https:\/\/dicodusport.fr\/blog\/jessy-tremouliere-annonce-la-fin-de-sa-carriere-internationale\/","title":{"rendered":"Jessy Tr\u00e9mouli\u00e8re annonce la fin de sa carri\u00e8re internationale"},"content":{"rendered":"<p style=\"text-align: justify;\" align=\"justify\"><em><strong><a href=\"https:\/\/dicodusport.fr\/blog\/actualites\/rugby\/rugby-a-xv\/xv-de-france\/\">XV DE FRANCE<\/a> &#8211; Dans les colonnes du Midi Olympique, Jessy Tr\u00e9mouli\u00e8re a annonc\u00e9 mettre un terme \u00e0 sa carri\u00e8re internationale \u00e0 l&rsquo;issue du Tournoi des 6 Nations 2023.\u00a0<\/strong><\/em><\/p>\n<p align=\"justify\">Internationale depuis 2011, la trois-quarts polyvalente <strong>Jessy Tr\u00e9mouli\u00e8re<\/strong> a annonc\u00e9 qu&rsquo;elle allait jouer ses derniers matchs avec les <strong>Bleues<\/strong> \u00e0 l&rsquo;occasion du <strong>Tournoi des 6 Nations 2023<\/strong>. Chez nos confr\u00e8res du <em>Midol<\/em>, elle a expliqu\u00e9 que c&rsquo;\u00e9tait une d\u00e9cision compliqu\u00e9e \u00e0 prendre.<\/p>\n<blockquote>\n<p align=\"justify\">J\u2019ai d\u00e9cid\u00e9, il y a quelques semaines, d\u2019arr\u00eater ma carri\u00e8re internationale. Ce ne fut pas une d\u00e9cision facile \u00e0 prendre, parce que cela fait douze ans que je suis en \u00e9quipe de France. Cela fait partie de ma vie depuis l\u2019\u00e2ge de 19 ans, ce n\u2019est pas rien.<\/p>\n<\/blockquote>\n<p align=\"justify\"><strong>Jessy<\/strong> <strong>Tr\u00e9mouli\u00e8re<\/strong> va accorder plus de temps \u00e0 son autre activit\u00e9, une exploitation agricole familiale, mais continuer \u00e0 jouer au rugby. Si on ne la verra plus avec le <strong>XV<\/strong> <strong>de<\/strong> <strong>France<\/strong>, elle poursuivra sa carri\u00e8re en club.<\/p>\n<blockquote>\n<p align=\"justify\">Tout \u00e0 fait. D\u2019ailleurs j\u2019ai pr\u00e9venu les dirigeants de Romagnat que je comptais continuer ma carri\u00e8re en club l\u2019ann\u00e9e prochaine. J\u2019ai toujours cette flamme pour le rugby, mais ma carri\u00e8re internationale n\u2019est plus compatible avec mon travail \u00e0 la ferme. Au sujet des trois prochaines semaines, mon p\u00e8re m\u2019a dit : \u00ab Reviens vite ! \u00bb<\/p>\n<\/blockquote>\n<p align=\"justify\">\u00c0 30 ans, <strong>Jessy<\/strong> <strong>Tr\u00e9mouli\u00e8re<\/strong> compte 73 s\u00e9lections pour 256 points marqu\u00e9s avec les Bleues. La joueuse de <strong>Romagnat<\/strong> a v\u00e9cu une derni\u00e8re <strong>Coupe du monde<\/strong> compliqu\u00e9e, puisque peu utilis\u00e9e alors que les <strong>Bleues<\/strong> ont p\u00e9ch\u00e9 dans le jeu au pied, son point fort justement.<\/p>\n<blockquote class=\"twitter-tweet\">\n<p dir=\"ltr\" lang=\"fr\">XV de France f\u00e9minin &#8211; Jessy Tr\u00e9mouli\u00e8re \u00a0\u00bb J\u2019ai envie de me l\u00e2cher, de m\u2019amuser, et de profiter \u00e0 fond de ce dernier Tournoi\u00a0\u00bb <a href=\"https:\/\/t.co\/TtHq8QORvP\">https:\/\/t.co\/TtHq8QORvP<\/a> <a href=\"https:\/\/twitter.com\/hashtag\/6Nationsf%C3%A9minin?src=hash&amp;ref_src=twsrc%5Etfw\">#6Nationsf\u00e9minin<\/a> <a href=\"https:\/\/t.co\/5Q57WPGmvb\">pic.twitter.com\/5Q57WPGmvb<\/a><\/p>\n<p>\u2014 Rugby&rsquo;O&rsquo;Top (@rugbyotop) <a href=\"https:\/\/twitter.com\/rugbyotop\/status\/1635007771258261506?ref_src=twsrc%5Etfw\">March 12, 2023<\/a><\/p><\/blockquote>\n<p><script async src=\"https:\/\/platform.twitter.com\/widgets.js\" charset=\"utf-8\"><\/script><\/p>\n","protected":false},"excerpt":{"rendered":"<p>XV DE FRANCE &#8211; Dans les colonnes du Midi Olympique, Jessy Tr\u00e9mouli\u00e8re a annonc\u00e9 mettre un terme \u00e0 sa carri\u00e8re international \u00e0 l&rsquo;issue du Tournoi des 6 Nations 2023.\u00a0<\/p>\n","protected":false},"author":1,"featured_media":365117,"comment_status":"open","ping_status":"closed","sticky":false,"template":"","format":"standard","meta":{"_acf_changed":false,"_daextam_enable_autolinks":"","footnotes":""},"categories":[9129,19951],"tags":[16878,1615,852,1638,3643],"class_list":["post-365115","post","type-post","status-publish","format-standard","has-post-thumbnail","hentry","category-rugby-a-xv","category-xv-de-france","tag-breve","tag-jessy-tremouliere","tag-rugby-feminin","tag-xv-de-france","tag-xv-de-france-feminin"],"acf":[],"yoast_head":"<!-- This site is optimized with the Yoast SEO Premium plugin v26.7 (Yoast SEO v26.7) - https:\/\/yoast.com\/wordpress\/plugins\/seo\/ -->\n<title>Jessy Tr\u00e9mouli\u00e8re annonce la fin de sa carri\u00e8re internationale<\/title>\n<meta name=\"description\" content=\"XV DE FRANCE - Jessy Tr\u00e9mouli\u00e8re a annonc\u00e9 mettre un terme \u00e0 sa carri\u00e8re international \u00e0 l&#039;issue du Tournoi des 6 Nations 2023.\u00a0\" \/>\n<meta name=\"robots\" content=\"index, follow, max-snippet:-1, max-image-preview:large, max-video-preview:-1\" \/>\n<link rel=\"canonical\" href=\"https:\/\/dicodusport.fr\/blog\/jessy-tremouliere-annonce-la-fin-de-sa-carriere-internationale\/\" \/>\n<meta property=\"og:locale\" content=\"fr_FR\" \/>\n<meta property=\"og:type\" content=\"article\" \/>\n<meta property=\"og:title\" content=\"Jessy Tr\u00e9mouli\u00e8re annonce la fin de sa carri\u00e8re internationale\" \/>\n<meta property=\"og:description\" content=\"XV DE FRANCE - Jessy Tr\u00e9mouli\u00e8re a annonc\u00e9 mettre un terme \u00e0 sa carri\u00e8re international \u00e0 l&#039;issue du Tournoi des 6 Nations 2023.\u00a0\" \/>\n<meta property=\"og:url\" content=\"https:\/\/dicodusport.fr\/blog\/jessy-tremouliere-annonce-la-fin-de-sa-carriere-internationale\/\" \/>\n<meta property=\"og:site_name\" content=\"Dicodusport\" \/>\n<meta property=\"article:publisher\" content=\"https:\/\/www.facebook.com\/dicodusport\" \/>\n<meta property=\"article:author\" content=\"https:\/\/www.facebook.com\/dicodusport\" \/>\n<meta property=\"article:published_time\" content=\"2023-03-13T11:01:12+00:00\" \/>\n<meta property=\"article:modified_time\" content=\"2023-03-13T11:21:48+00:00\" \/>\n<meta property=\"og:image\" content=\"https:\/\/dicodusport.fr\/blog\/wp-content\/uploads\/2023\/03\/Jessy-Tremouliere-annonce-la-fin-de-sa-carriere-internationale.png\" \/>\n\t<meta property=\"og:image:width\" content=\"800\" \/>\n\t<meta property=\"og:image:height\" content=\"445\" \/>\n\t<meta property=\"og:image:type\" content=\"image\/png\" \/>\n<meta name=\"author\" content=\"Nicolas Jacquemard\" \/>\n<meta name=\"twitter:card\" content=\"summary_large_image\" \/>\n<meta name=\"twitter:title\" content=\"Jessy Tr\u00e9mouli\u00e8re annonce la fin de sa carri\u00e8re internationale\" \/>\n<meta name=\"twitter:creator\" content=\"@https:\/\/twitter.com\/Nico_Jacquemard\" \/>\n<meta name=\"twitter:site\" content=\"@dicodusport\" \/>\n<script type=\"application\/ld+json\" class=\"yoast-schema-graph\">{\"@context\":\"https:\/\/schema.org\",\"@graph\":[{\"@type\":\"NewsArticle\",\"@id\":\"https:\/\/dicodusport.fr\/blog\/jessy-tremouliere-annonce-la-fin-de-sa-carriere-internationale\/#article\",\"isPartOf\":{\"@id\":\"https:\/\/dicodusport.fr\/blog\/jessy-tremouliere-annonce-la-fin-de-sa-carriere-internationale\/\"},\"author\":{\"name\":\"Nicolas Jacquemard\",\"@id\":\"https:\/\/dicodusport.fr\/blog\/#\/schema\/person\/55dcb50ad410894e431ed812bbb70191\"},\"headline\":\"Jessy Tr\u00e9mouli\u00e8re annonce la fin de sa carri\u00e8re internationale\",\"datePublished\":\"2023-03-13T11:01:12+00:00\",\"dateModified\":\"2023-03-13T11:21:48+00:00\",\"mainEntityOfPage\":{\"@id\":\"https:\/\/dicodusport.fr\/blog\/jessy-tremouliere-annonce-la-fin-de-sa-carriere-internationale\/\"},\"wordCount\":335,\"commentCount\":0,\"publisher\":{\"@id\":\"https:\/\/dicodusport.fr\/blog\/#organization\"},\"image\":{\"@id\":\"https:\/\/dicodusport.fr\/blog\/jessy-tremouliere-annonce-la-fin-de-sa-carriere-internationale\/#primaryimage\"},\"thumbnailUrl\":\"https:\/\/dicodusport.fr\/blog\/wp-content\/uploads\/2023\/03\/Jessy-Tremouliere-annonce-la-fin-de-sa-carriere-internationale.png\",\"keywords\":[\"br\u00e8ve\",\"Jessy Tr\u00e9mouli\u00e8re\",\"rugby f\u00e9minin\",\"XV de France\",\"XV de France f\u00e9minin\"],\"articleSection\":[\"Rugby \u00e0 XV\",\"XV de France\"],\"inLanguage\":\"fr-FR\",\"potentialAction\":[{\"@type\":\"CommentAction\",\"name\":\"Comment\",\"target\":[\"https:\/\/dicodusport.fr\/blog\/jessy-tremouliere-annonce-la-fin-de-sa-carriere-internationale\/#respond\"]}],\"copyrightYear\":\"2023\",\"copyrightHolder\":{\"@id\":\"https:\/\/dicodusport.fr\/blog\/#organization\"}},{\"@type\":\"WebPage\",\"@id\":\"https:\/\/dicodusport.fr\/blog\/jessy-tremouliere-annonce-la-fin-de-sa-carriere-internationale\/\",\"url\":\"https:\/\/dicodusport.fr\/blog\/jessy-tremouliere-annonce-la-fin-de-sa-carriere-internationale\/\",\"name\":\"Jessy Tr\u00e9mouli\u00e8re annonce la fin de sa carri\u00e8re internationale\",\"isPartOf\":{\"@id\":\"https:\/\/dicodusport.fr\/blog\/#website\"},\"primaryImageOfPage\":{\"@id\":\"https:\/\/dicodusport.fr\/blog\/jessy-tremouliere-annonce-la-fin-de-sa-carriere-internationale\/#primaryimage\"},\"image\":{\"@id\":\"https:\/\/dicodusport.fr\/blog\/jessy-tremouliere-annonce-la-fin-de-sa-carriere-internationale\/#primaryimage\"},\"thumbnailUrl\":\"https:\/\/dicodusport.fr\/blog\/wp-content\/uploads\/2023\/03\/Jessy-Tremouliere-annonce-la-fin-de-sa-carriere-internationale.png\",\"datePublished\":\"2023-03-13T11:01:12+00:00\",\"dateModified\":\"2023-03-13T11:21:48+00:00\",\"description\":\"XV DE FRANCE - Jessy Tr\u00e9mouli\u00e8re a annonc\u00e9 mettre un terme \u00e0 sa carri\u00e8re international \u00e0 l'issue du Tournoi des 6 Nations 2023.\u00a0\",\"breadcrumb\":{\"@id\":\"https:\/\/dicodusport.fr\/blog\/jessy-tremouliere-annonce-la-fin-de-sa-carriere-internationale\/#breadcrumb\"},\"inLanguage\":\"fr-FR\",\"potentialAction\":[{\"@type\":\"ReadAction\",\"target\":[\"https:\/\/dicodusport.fr\/blog\/jessy-tremouliere-annonce-la-fin-de-sa-carriere-internationale\/\"]}]},{\"@type\":\"ImageObject\",\"inLanguage\":\"fr-FR\",\"@id\":\"https:\/\/dicodusport.fr\/blog\/jessy-tremouliere-annonce-la-fin-de-sa-carriere-internationale\/#primaryimage\",\"url\":\"https:\/\/dicodusport.fr\/blog\/wp-content\/uploads\/2023\/03\/Jessy-Tremouliere-annonce-la-fin-de-sa-carriere-internationale.png\",\"contentUrl\":\"https:\/\/dicodusport.fr\/blog\/wp-content\/uploads\/2023\/03\/Jessy-Tremouliere-annonce-la-fin-de-sa-carriere-internationale.png\",\"width\":800,\"height\":445},{\"@type\":\"BreadcrumbList\",\"@id\":\"https:\/\/dicodusport.fr\/blog\/jessy-tremouliere-annonce-la-fin-de-sa-carriere-internationale\/#breadcrumb\",\"itemListElement\":[{\"@type\":\"ListItem\",\"position\":1,\"name\":\"Accueil\",\"item\":\"https:\/\/dicodusport.fr\/blog\/\"},{\"@type\":\"ListItem\",\"position\":2,\"name\":\"Jessy Tr\u00e9mouli\u00e8re annonce la fin de sa carri\u00e8re internationale\"}]},{\"@type\":\"WebSite\",\"@id\":\"https:\/\/dicodusport.fr\/blog\/#website\",\"url\":\"https:\/\/dicodusport.fr\/blog\/\",\"name\":\"Dicodusport\",\"description\":\"L&#039;encyclop\u00e9die de l&#039;actualit\u00e9 sportive\",\"publisher\":{\"@id\":\"https:\/\/dicodusport.fr\/blog\/#organization\"},\"potentialAction\":[{\"@type\":\"SearchAction\",\"target\":{\"@type\":\"EntryPoint\",\"urlTemplate\":\"https:\/\/dicodusport.fr\/blog\/?s={search_term_string}\"},\"query-input\":{\"@type\":\"PropertyValueSpecification\",\"valueRequired\":true,\"valueName\":\"search_term_string\"}}],\"inLanguage\":\"fr-FR\"},{\"@type\":\"NewsMediaOrganization\",\"@id\":\"https:\/\/dicodusport.fr\/blog\/#organization\",\"name\":\"Dicodusport\",\"url\":\"https:\/\/dicodusport.fr\/blog\/\",\"logo\":{\"@type\":\"ImageObject\",\"inLanguage\":\"fr-FR\",\"@id\":\"https:\/\/dicodusport.fr\/blog\/#\/schema\/logo\/image\/\",\"url\":\"https:\/\/dicodusport.fr\/blog\/wp-content\/uploads\/2020\/06\/cropped-LOGO-DICODUSPORT-2020-SANS-FOND-SANS-TEXTE.png\",\"contentUrl\":\"https:\/\/dicodusport.fr\/blog\/wp-content\/uploads\/2020\/06\/cropped-LOGO-DICODUSPORT-2020-SANS-FOND-SANS-TEXTE.png\",\"width\":512,\"height\":512,\"caption\":\"Dicodusport\"},\"image\":{\"@id\":\"https:\/\/dicodusport.fr\/blog\/#\/schema\/logo\/image\/\"},\"sameAs\":[\"https:\/\/www.facebook.com\/dicodusport\",\"https:\/\/x.com\/dicodusport\",\"https:\/\/www.instagram.com\/dicodusport\/\",\"https:\/\/www.youtube.com\/channel\/UC7V2KZ5sd3htJivAbA4ZG3w\"],\"description\":\"Dicodusport est l'encyclop\u00e9die de l'actualit\u00e9 sportive.\",\"email\":\"bonjour@dicodusport.fr\",\"legalName\":\"DICODUSPORT\",\"foundingDate\":\"2018-01-14\",\"vatID\":\"FR71834470973\",\"taxID\":\"83447097300043\",\"numberOfEmployees\":{\"@type\":\"QuantitativeValue\",\"minValue\":\"1\",\"maxValue\":\"10\"}},{\"@type\":\"Person\",\"@id\":\"https:\/\/dicodusport.fr\/blog\/#\/schema\/person\/55dcb50ad410894e431ed812bbb70191\",\"name\":\"Nicolas Jacquemard\",\"image\":{\"@type\":\"ImageObject\",\"inLanguage\":\"fr-FR\",\"@id\":\"https:\/\/dicodusport.fr\/blog\/#\/schema\/person\/image\/\",\"url\":\"https:\/\/dicodusport.fr\/blog\/wp-content\/uploads\/2021\/05\/Nicolas-Jacquemard-150x150.jpeg\",\"contentUrl\":\"https:\/\/dicodusport.fr\/blog\/wp-content\/uploads\/2021\/05\/Nicolas-Jacquemard-150x150.jpeg\",\"caption\":\"Nicolas Jacquemard\"},\"description\":\"Passionn\u00e9 de sport et entrepreneur depuis mes 18 ans, la cr\u00e9ation de Dicodusport m'a sembl\u00e9 \u00e9vidente pour participer \u00e0 la m\u00e9diatisation d'un plus grand nombre de sports. Le chemin est long mais avec une \u00e9quipe des plus motiv\u00e9es et les Jeux Olympiques de Paris 2024 en point de mire, nous y arriverons ! Journaliste dans le monde du sport depuis plus de 5 ans, je traite aussi bien de football, de rugby, de biathlon que de cyclisme.\",\"sameAs\":[\"https:\/\/www.facebook.com\/dicodusport\",\"https:\/\/x.com\/https:\/\/twitter.com\/Nico_Jacquemard\"],\"url\":\"https:\/\/dicodusport.fr\/blog\/author\/dicodusport\/\"}]}<\/script>\n<!-- \/ Yoast SEO Premium plugin. -->","yoast_head_json":{"title":"Jessy Tr\u00e9mouli\u00e8re annonce la fin de sa carri\u00e8re internationale","description":"XV DE FRANCE - Jessy Tr\u00e9mouli\u00e8re a annonc\u00e9 mettre un terme \u00e0 sa carri\u00e8re international \u00e0 l'issue du Tournoi des 6 Nations 2023.\u00a0","robots":{"index":"index","follow":"follow","max-snippet":"max-snippet:-1","max-image-preview":"max-image-preview:large","max-video-preview":"max-video-preview:-1"},"canonical":"https:\/\/dicodusport.fr\/blog\/jessy-tremouliere-annonce-la-fin-de-sa-carriere-internationale\/","og_locale":"fr_FR","og_type":"article","og_title":"Jessy Tr\u00e9mouli\u00e8re annonce la fin de sa carri\u00e8re internationale","og_description":"XV DE FRANCE - Jessy Tr\u00e9mouli\u00e8re a annonc\u00e9 mettre un terme \u00e0 sa carri\u00e8re international \u00e0 l'issue du Tournoi des 6 Nations 2023.\u00a0","og_url":"https:\/\/dicodusport.fr\/blog\/jessy-tremouliere-annonce-la-fin-de-sa-carriere-internationale\/","og_site_name":"Dicodusport","article_publisher":"https:\/\/www.facebook.com\/dicodusport","article_author":"https:\/\/www.facebook.com\/dicodusport","article_published_time":"2023-03-13T11:01:12+00:00","article_modified_time":"2023-03-13T11:21:48+00:00","og_image":[{"width":800,"height":445,"url":"https:\/\/dicodusport.fr\/blog\/wp-content\/uploads\/2023\/03\/Jessy-Tremouliere-annonce-la-fin-de-sa-carriere-internationale.png","type":"image\/png"}],"author":"Nicolas Jacquemard","twitter_card":"summary_large_image","twitter_title":"Jessy Tr\u00e9mouli\u00e8re annonce la fin de sa carri\u00e8re internationale","twitter_creator":"@https:\/\/twitter.com\/Nico_Jacquemard","twitter_site":"@dicodusport","schema":{"@context":"https:\/\/schema.org","@graph":[{"@type":"NewsArticle","@id":"https:\/\/dicodusport.fr\/blog\/jessy-tremouliere-annonce-la-fin-de-sa-carriere-internationale\/#article","isPartOf":{"@id":"https:\/\/dicodusport.fr\/blog\/jessy-tremouliere-annonce-la-fin-de-sa-carriere-internationale\/"},"author":{"name":"Nicolas Jacquemard","@id":"https:\/\/dicodusport.fr\/blog\/#\/schema\/person\/55dcb50ad410894e431ed812bbb70191"},"headline":"Jessy Tr\u00e9mouli\u00e8re annonce la fin de sa carri\u00e8re internationale","datePublished":"2023-03-13T11:01:12+00:00","dateModified":"2023-03-13T11:21:48+00:00","mainEntityOfPage":{"@id":"https:\/\/dicodusport.fr\/blog\/jessy-tremouliere-annonce-la-fin-de-sa-carriere-internationale\/"},"wordCount":335,"commentCount":0,"publisher":{"@id":"https:\/\/dicodusport.fr\/blog\/#organization"},"image":{"@id":"https:\/\/dicodusport.fr\/blog\/jessy-tremouliere-annonce-la-fin-de-sa-carriere-internationale\/#primaryimage"},"thumbnailUrl":"https:\/\/dicodusport.fr\/blog\/wp-content\/uploads\/2023\/03\/Jessy-Tremouliere-annonce-la-fin-de-sa-carriere-internationale.png","keywords":["br\u00e8ve","Jessy Tr\u00e9mouli\u00e8re","rugby f\u00e9minin","XV de France","XV de France f\u00e9minin"],"articleSection":["Rugby \u00e0 XV","XV de France"],"inLanguage":"fr-FR","potentialAction":[{"@type":"CommentAction","name":"Comment","target":["https:\/\/dicodusport.fr\/blog\/jessy-tremouliere-annonce-la-fin-de-sa-carriere-internationale\/#respond"]}],"copyrightYear":"2023","copyrightHolder":{"@id":"https:\/\/dicodusport.fr\/blog\/#organization"}},{"@type":"WebPage","@id":"https:\/\/dicodusport.fr\/blog\/jessy-tremouliere-annonce-la-fin-de-sa-carriere-internationale\/","url":"https:\/\/dicodusport.fr\/blog\/jessy-tremouliere-annonce-la-fin-de-sa-carriere-internationale\/","name":"Jessy Tr\u00e9mouli\u00e8re annonce la fin de sa carri\u00e8re internationale","isPartOf":{"@id":"https:\/\/dicodusport.fr\/blog\/#website"},"primaryImageOfPage":{"@id":"https:\/\/dicodusport.fr\/blog\/jessy-tremouliere-annonce-la-fin-de-sa-carriere-internationale\/#primaryimage"},"image":{"@id":"https:\/\/dicodusport.fr\/blog\/jessy-tremouliere-annonce-la-fin-de-sa-carriere-internationale\/#primaryimage"},"thumbnailUrl":"https:\/\/dicodusport.fr\/blog\/wp-content\/uploads\/2023\/03\/Jessy-Tremouliere-annonce-la-fin-de-sa-carriere-internationale.png","datePublished":"2023-03-13T11:01:12+00:00","dateModified":"2023-03-13T11:21:48+00:00","description":"XV DE FRANCE - Jessy Tr\u00e9mouli\u00e8re a annonc\u00e9 mettre un terme \u00e0 sa carri\u00e8re international \u00e0 l'issue du Tournoi des 6 Nations 2023.\u00a0","breadcrumb":{"@id":"https:\/\/dicodusport.fr\/blog\/jessy-tremouliere-annonce-la-fin-de-sa-carriere-internationale\/#breadcrumb"},"inLanguage":"fr-FR","potentialAction":[{"@type":"ReadAction","target":["https:\/\/dicodusport.fr\/blog\/jessy-tremouliere-annonce-la-fin-de-sa-carriere-internationale\/"]}]},{"@type":"ImageObject","inLanguage":"fr-FR","@id":"https:\/\/dicodusport.fr\/blog\/jessy-tremouliere-annonce-la-fin-de-sa-carriere-internationale\/#primaryimage","url":"https:\/\/dicodusport.fr\/blog\/wp-content\/uploads\/2023\/03\/Jessy-Tremouliere-annonce-la-fin-de-sa-carriere-internationale.png","contentUrl":"https:\/\/dicodusport.fr\/blog\/wp-content\/uploads\/2023\/03\/Jessy-Tremouliere-annonce-la-fin-de-sa-carriere-internationale.png","width":800,"height":445},{"@type":"BreadcrumbList","@id":"https:\/\/dicodusport.fr\/blog\/jessy-tremouliere-annonce-la-fin-de-sa-carriere-internationale\/#breadcrumb","itemListElement":[{"@type":"ListItem","position":1,"name":"Accueil","item":"https:\/\/dicodusport.fr\/blog\/"},{"@type":"ListItem","position":2,"name":"Jessy Tr\u00e9mouli\u00e8re annonce la fin de sa carri\u00e8re internationale"}]},{"@type":"WebSite","@id":"https:\/\/dicodusport.fr\/blog\/#website","url":"https:\/\/dicodusport.fr\/blog\/","name":"Dicodusport","description":"L&#039;encyclop\u00e9die de l&#039;actualit\u00e9 sportive","publisher":{"@id":"https:\/\/dicodusport.fr\/blog\/#organization"},"potentialAction":[{"@type":"SearchAction","target":{"@type":"EntryPoint","urlTemplate":"https:\/\/dicodusport.fr\/blog\/?s={search_term_string}"},"query-input":{"@type":"PropertyValueSpecification","valueRequired":true,"valueName":"search_term_string"}}],"inLanguage":"fr-FR"},{"@type":"NewsMediaOrganization","@id":"https:\/\/dicodusport.fr\/blog\/#organization","name":"Dicodusport","url":"https:\/\/dicodusport.fr\/blog\/","logo":{"@type":"ImageObject","inLanguage":"fr-FR","@id":"https:\/\/dicodusport.fr\/blog\/#\/schema\/logo\/image\/","url":"https:\/\/dicodusport.fr\/blog\/wp-content\/uploads\/2020\/06\/cropped-LOGO-DICODUSPORT-2020-SANS-FOND-SANS-TEXTE.png","contentUrl":"https:\/\/dicodusport.fr\/blog\/wp-content\/uploads\/2020\/06\/cropped-LOGO-DICODUSPORT-2020-SANS-FOND-SANS-TEXTE.png","width":512,"height":512,"caption":"Dicodusport"},"image":{"@id":"https:\/\/dicodusport.fr\/blog\/#\/schema\/logo\/image\/"},"sameAs":["https:\/\/www.facebook.com\/dicodusport","https:\/\/x.com\/dicodusport","https:\/\/www.instagram.com\/dicodusport\/","https:\/\/www.youtube.com\/channel\/UC7V2KZ5sd3htJivAbA4ZG3w"],"description":"Dicodusport est l'encyclop\u00e9die de l'actualit\u00e9 sportive.","email":"bonjour@dicodusport.fr","legalName":"DICODUSPORT","foundingDate":"2018-01-14","vatID":"FR71834470973","taxID":"83447097300043","numberOfEmployees":{"@type":"QuantitativeValue","minValue":"1","maxValue":"10"}},{"@type":"Person","@id":"https:\/\/dicodusport.fr\/blog\/#\/schema\/person\/55dcb50ad410894e431ed812bbb70191","name":"Nicolas Jacquemard","image":{"@type":"ImageObject","inLanguage":"fr-FR","@id":"https:\/\/dicodusport.fr\/blog\/#\/schema\/person\/image\/","url":"https:\/\/dicodusport.fr\/blog\/wp-content\/uploads\/2021\/05\/Nicolas-Jacquemard-150x150.jpeg","contentUrl":"https:\/\/dicodusport.fr\/blog\/wp-content\/uploads\/2021\/05\/Nicolas-Jacquemard-150x150.jpeg","caption":"Nicolas Jacquemard"},"description":"Passionn\u00e9 de sport et entrepreneur depuis mes 18 ans, la cr\u00e9ation de Dicodusport m'a sembl\u00e9 \u00e9vidente pour participer \u00e0 la m\u00e9diatisation d'un plus grand nombre de sports. Le chemin est long mais avec une \u00e9quipe des plus motiv\u00e9es et les Jeux Olympiques de Paris 2024 en point de mire, nous y arriverons ! Journaliste dans le monde du sport depuis plus de 5 ans, je traite aussi bien de football, de rugby, de biathlon que de cyclisme.","sameAs":["https:\/\/www.facebook.com\/dicodusport","https:\/\/x.com\/https:\/\/twitter.com\/Nico_Jacquemard"],"url":"https:\/\/dicodusport.fr\/blog\/author\/dicodusport\/"}]}},"_links":{"self":[{"href":"https:\/\/dicodusport.fr\/blog\/wp-json\/wp\/v2\/posts\/365115","targetHints":{"allow":["GET"]}}],"collection":[{"href":"https:\/\/dicodusport.fr\/blog\/wp-json\/wp\/v2\/posts"}],"about":[{"href":"https:\/\/dicodusport.fr\/blog\/wp-json\/wp\/v2\/types\/post"}],"author":[{"embeddable":true,"href":"https:\/\/dicodusport.fr\/blog\/wp-json\/wp\/v2\/users\/1"}],"replies":[{"embeddable":true,"href":"https:\/\/dicodusport.fr\/blog\/wp-json\/wp\/v2\/comments?post=365115"}],"version-history":[{"count":0,"href":"https:\/\/dicodusport.fr\/blog\/wp-json\/wp\/v2\/posts\/365115\/revisions"}],"wp:featuredmedia":[{"embeddable":true,"href":"https:\/\/dicodusport.fr\/blog\/wp-json\/wp\/v2\/media\/365117"}],"wp:attachment":[{"href":"https:\/\/dicodusport.fr\/blog\/wp-json\/wp\/v2\/media?parent=365115"}],"wp:term":[{"taxonomy":"category","embeddable":true,"href":"https:\/\/dicodusport.fr\/blog\/wp-json\/wp\/v2\/categories?post=365115"},{"taxonomy":"post_tag","embeddable":true,"href":"https:\/\/dicodusport.fr\/blog\/wp-json\/wp\/v2\/tags?post=365115"}],"curies":[{"name":"wp","href":"https:\/\/api.w.org\/{rel}","templated":true}]}}