{"id":365121,"date":"2023-03-13T12:09:56","date_gmt":"2023-03-13T11:09:56","guid":{"rendered":"https:\/\/dicodusport.fr\/blog\/?p=365121&#038;preview=true&#038;preview_id=365121"},"modified":"2023-10-25T13:57:21","modified_gmt":"2023-10-25T11:57:21","slug":"tour-de-france-2024-les-parcours-des-20eme-et-21eme-etapes-devoiles","status":"publish","type":"post","link":"https:\/\/dicodusport.fr\/blog\/tour-de-france-2024-les-parcours-des-20eme-et-21eme-etapes-devoiles\/","title":{"rendered":"Tour de France 2024 : Les parcours des 20\u00e8me et 21\u00e8me \u00e9tapes d\u00e9voil\u00e9s !"},"content":{"rendered":"<p align=\"justify\"><em><strong><a href=\"https:\/\/dicodusport.fr\/blog\/actualites\/cyclisme\/tour-de-france-2024\/\">TOUR DE FRANCE 2024<\/a> &#8211; ASO a d\u00e9voil\u00e9 les trac\u00e9s des 20\u00e8me et 21\u00e8me \u00e9tapes. Avec une arriv\u00e9e au sommet du Col de la Couillole le samedi, avant un contre-la-montre le dimanche entre Monaco et Nice.<\/strong><\/em><\/p>\n<ul>\n<li style=\"text-align: justify;\"><strong>\u00c0 lire aussi &#8211; <a href=\"https:\/\/dicodusport.fr\/blog\/tour-de-france-2024-ce-quil-faut-retenir-du-parcours-de-la-111e-edition\/\">Tour de France 2024 : Ce qu\u2019il faut retenir du parcours de la 111e \u00e9dition<\/a><\/strong><\/li>\n<\/ul>\n<h2 style=\"text-align: justify;\" align=\"justify\">Une 20\u00e8me \u00e9tape in\u00e9dite dans l&rsquo;arri\u00e8re-pays ni\u00e7ois<\/h2>\n<p style=\"text-align: justify;\" align=\"justify\">Une arriv\u00e9e in\u00e9dite sur le <strong>Tour de France 2024<\/strong>. Jamais une \u00e9tape de la Grande Boucle n&rsquo;\u00e9tait arriv\u00e9e au sommet du <strong>Col de la Couillole<\/strong>. ASO a sans doute fait plaisir \u00e0 bon nombre de fans de cyclisme avec le trac\u00e9 de la 20\u00e8me \u00e9tape. Avec un d\u00e9part de Nice et une \u00e9tape longue de 132 kilom\u00e8tres. Avec le <strong>Col de Braus<\/strong>, le <strong>Col de Turini<\/strong>, le<strong> Col de la Colmiane<\/strong> et un finale \u00e0 La Couillole. Un col qui n&rsquo;a pas \u00e9t\u00e9 emprunt\u00e9 depuis 1975 par le Tour. Une \u00e9tape de 4 400 m de d\u00e9nivel\u00e9 positif, avec tr\u00e8s peu de plaine entre les cols. Avant-dernier juge de paix avant un contre-la-montre autour de Nice, th\u00e9\u00e2tre de la derni\u00e8re \u00e9tape l&rsquo;an prochain. Du changement par rapport \u00e0 la traditionnelle \u00e9tape des Champs-Elys\u00e9es.<\/p>\n<blockquote class=\"twitter-tweet\">\n<p dir=\"ltr\" lang=\"fr\">\ud83d\udc9b <a href=\"https:\/\/twitter.com\/hashtag\/TDF2024?src=hash&amp;ref_src=twsrc%5Etfw\">#TDF2024<\/a> &#8211; Stage 20<br \/>\n\ud83d\udea9 <a href=\"https:\/\/twitter.com\/VilledeNice?ref_src=twsrc%5Etfw\">@VilledeNice<\/a> &#8211; Col de la Couillole \ud83c\udfc1<br \/>\n\ud83d\udccf 132 km | 4.400 m of climbing<\/p>\n<p>\u26f0 Col de Braus, Col de Turini, Col de La Colmiane, Col de la Couillole: 4 stars menu!<\/p>\n<p>\u26f0 Col de Braus, Col de Turini, Col de La Colmiane, Col de la Couillole : menu 4 \u00e9toiles ! <a href=\"https:\/\/t.co\/M7ckuuQQ0Z\">pic.twitter.com\/M7ckuuQQ0Z<\/a><\/p>\n<p>\u2014 Tour de France\u2122 (@LeTour) <a href=\"https:\/\/twitter.com\/LeTour\/status\/1635229291670806529?ref_src=twsrc%5Etfw\">March 13, 2023<\/a><\/p><\/blockquote>\n<p><script async src=\"https:\/\/platform.twitter.com\/widgets.js\" charset=\"utf-8\"><\/script><\/p>\n<h2 style=\"text-align: justify;\">Le chrono de la 21\u00e8me \u00e9tape en juge de paix<\/h2>\n<p style=\"text-align: justify;\">Pour terminer, le bouquet final entre Monaco et Nice. Un chrono de 35,2 km sera propos\u00e9 au peloton du <strong>Tour de France 2024<\/strong>. Avec au menu, les ascensions de <strong>La Turbie<\/strong> et du <strong>Col d&rsquo;\u00c8ze<\/strong>. Ce dernier sera escalad\u00e9 par son versant le plus compliqu\u00e9, via le Chemin du Vinaigrier, avec un gros kilom\u00e8tre \u00e0 11,5 % de moyenne. Le sommet sera situ\u00e9 \u00e0 17 km de l&rsquo;arriv\u00e9e, sur la Promenade des Anglais.<\/p>\n<blockquote class=\"twitter-tweet\">\n<p dir=\"ltr\" lang=\"fr\">\ud83d\udc9b <a href=\"https:\/\/twitter.com\/hashtag\/TDF2024?src=hash&amp;ref_src=twsrc%5Etfw\">#TDF2024<\/a> &#8211; Stage 21<br \/>\n\ud83d\udea9 Monaco &#8211; <a href=\"https:\/\/twitter.com\/VilledeNice?ref_src=twsrc%5Etfw\">@VilledeNice<\/a> \ud83c\udfc1<br \/>\n\ud83d\udccf 35.2 km<\/p>\n<p>\u23f1 The riders will have to make the best of La Turbie and Col d&rsquo;Eze.<\/p>\n<p>\u23f1 Pour ce chrono final, les coureurs affronteront La Turbie, le Col d&rsquo;Eze avant de plonger sur Nice et la Place Mass\u00e9na. <a href=\"https:\/\/t.co\/no5NszL0cR\">pic.twitter.com\/no5NszL0cR<\/a><\/p>\n<p>\u2014 Tour de France\u2122 (@LeTour) <a href=\"https:\/\/twitter.com\/LeTour\/status\/1635230319715680256?ref_src=twsrc%5Etfw\">March 13, 2023<\/a><\/p><\/blockquote>\n<p><script async src=\"https:\/\/platform.twitter.com\/widgets.js\" charset=\"utf-8\"><\/script><\/p>\n<p style=\"text-align: justify;\">Pour rappel, <a href=\"https:\/\/dicodusport.fr\/blog\/florence-rimini-bologne-le-grand-depart-du-tour-de-france-2024-en-italie\/\">le <strong>Tour de France 2024<\/strong> s&rsquo;\u00e9lancera de Florence en Italie<\/a>, le 29 juin. Les trois premi\u00e8res \u00e9tapes se d\u00e9rouleront sur le sol transalpin, avec des passages \u00e0 Rimini, Bologne et Turin.<\/p>\n","protected":false},"excerpt":{"rendered":"<p>TOUR DE FRANCE 2024 &#8211; ASO a d\u00e9voil\u00e9 les trac\u00e9s des 20\u00e8me et 21\u00e8me \u00e9tapes. Avec une arriv\u00e9e au sommet du Col de la Couillole le samedi, avant un contre-la-montre le dimanche entre Monaco et Nice.\u00a0<\/p>\n","protected":false},"author":83,"featured_media":365127,"comment_status":"open","ping_status":"closed","sticky":false,"template":"","format":"standard","meta":{"_acf_changed":false,"_daextam_enable_autolinks":"1","footnotes":""},"categories":[46995],"tags":[16878,24,1262],"class_list":["post-365121","post","type-post","status-publish","format-standard","has-post-thumbnail","hentry","category-tour-de-france","tag-breve","tag-sport","tag-tour-de-france"],"acf":[],"yoast_head":"<!-- This site is optimized with the Yoast SEO Premium plugin v26.7 (Yoast SEO v26.7) - https:\/\/yoast.com\/wordpress\/plugins\/seo\/ -->\n<title>Tour de France 2024 : Les parcours des 20\u00e8me et 21\u00e8me \u00e9tapes d\u00e9voil\u00e9s !<\/title>\n<meta name=\"description\" content=\"TOUR DE FRANCE 2024 - ASO a d\u00e9voil\u00e9 les trac\u00e9s des 20\u00e8me et 21\u00e8me \u00e9tapes. Avec une arriv\u00e9e au sommet du Col de la Couillole le samedi.\" \/>\n<meta name=\"robots\" content=\"index, follow, max-snippet:-1, max-image-preview:large, max-video-preview:-1\" \/>\n<link rel=\"canonical\" href=\"https:\/\/dicodusport.fr\/blog\/tour-de-france-2024-les-parcours-des-20eme-et-21eme-etapes-devoiles\/\" \/>\n<meta property=\"og:locale\" content=\"fr_FR\" \/>\n<meta property=\"og:type\" content=\"article\" \/>\n<meta property=\"og:title\" content=\"Tour de France 2024 : Les parcours des 20\u00e8me et 21\u00e8me \u00e9tapes d\u00e9voil\u00e9s !\" \/>\n<meta property=\"og:description\" content=\"TOUR DE FRANCE 2024 - ASO a d\u00e9voil\u00e9 les trac\u00e9s des 20\u00e8me et 21\u00e8me \u00e9tapes. Avec une arriv\u00e9e au sommet du Col de la Couillole le samedi.\" \/>\n<meta property=\"og:url\" content=\"https:\/\/dicodusport.fr\/blog\/tour-de-france-2024-les-parcours-des-20eme-et-21eme-etapes-devoiles\/\" \/>\n<meta property=\"og:site_name\" content=\"Dicodusport\" \/>\n<meta property=\"article:publisher\" content=\"https:\/\/www.facebook.com\/dicodusport\" \/>\n<meta property=\"article:published_time\" content=\"2023-03-13T11:09:56+00:00\" \/>\n<meta property=\"article:modified_time\" content=\"2023-10-25T11:57:21+00:00\" \/>\n<meta property=\"og:image\" content=\"https:\/\/dicodusport.fr\/blog\/wp-content\/uploads\/2023\/03\/Tour-de-France-2024-Les-parcours-des-20eme-et-21eme-etapes-devoiles-.png\" \/>\n\t<meta property=\"og:image:width\" content=\"800\" \/>\n\t<meta property=\"og:image:height\" content=\"445\" \/>\n\t<meta property=\"og:image:type\" content=\"image\/png\" \/>\n<meta name=\"author\" content=\"Etienne Goursaud\" \/>\n<meta name=\"twitter:card\" content=\"summary_large_image\" \/>\n<meta name=\"twitter:title\" content=\"Tour de France 2024 : Les parcours des 20\u00e8me et 21\u00e8me \u00e9tapes d\u00e9voil\u00e9s !\" \/>\n<meta name=\"twitter:creator\" content=\"@dicodusport\" \/>\n<meta name=\"twitter:site\" content=\"@dicodusport\" \/>\n<script type=\"application\/ld+json\" class=\"yoast-schema-graph\">{\"@context\":\"https:\/\/schema.org\",\"@graph\":[{\"@type\":\"NewsArticle\",\"@id\":\"https:\/\/dicodusport.fr\/blog\/tour-de-france-2024-les-parcours-des-20eme-et-21eme-etapes-devoiles\/#article\",\"isPartOf\":{\"@id\":\"https:\/\/dicodusport.fr\/blog\/tour-de-france-2024-les-parcours-des-20eme-et-21eme-etapes-devoiles\/\"},\"author\":{\"name\":\"Etienne Goursaud\",\"@id\":\"https:\/\/dicodusport.fr\/blog\/#\/schema\/person\/d603dd7da31fb2b46c82b9835a77ec13\"},\"headline\":\"Tour de France 2024 : Les parcours des 20\u00e8me et 21\u00e8me \u00e9tapes d\u00e9voil\u00e9s !\",\"datePublished\":\"2023-03-13T11:09:56+00:00\",\"dateModified\":\"2023-10-25T11:57:21+00:00\",\"mainEntityOfPage\":{\"@id\":\"https:\/\/dicodusport.fr\/blog\/tour-de-france-2024-les-parcours-des-20eme-et-21eme-etapes-devoiles\/\"},\"wordCount\":442,\"commentCount\":0,\"publisher\":{\"@id\":\"https:\/\/dicodusport.fr\/blog\/#organization\"},\"image\":{\"@id\":\"https:\/\/dicodusport.fr\/blog\/tour-de-france-2024-les-parcours-des-20eme-et-21eme-etapes-devoiles\/#primaryimage\"},\"thumbnailUrl\":\"https:\/\/dicodusport.fr\/blog\/wp-content\/uploads\/2023\/03\/Tour-de-France-2024-Les-parcours-des-20eme-et-21eme-etapes-devoiles-.png\",\"keywords\":[\"br\u00e8ve\",\"sport\",\"Tour de France\"],\"articleSection\":[\"Tour de France\"],\"inLanguage\":\"fr-FR\",\"potentialAction\":[{\"@type\":\"CommentAction\",\"name\":\"Comment\",\"target\":[\"https:\/\/dicodusport.fr\/blog\/tour-de-france-2024-les-parcours-des-20eme-et-21eme-etapes-devoiles\/#respond\"]}],\"copyrightYear\":\"2023\",\"copyrightHolder\":{\"@id\":\"https:\/\/dicodusport.fr\/blog\/#organization\"}},{\"@type\":\"WebPage\",\"@id\":\"https:\/\/dicodusport.fr\/blog\/tour-de-france-2024-les-parcours-des-20eme-et-21eme-etapes-devoiles\/\",\"url\":\"https:\/\/dicodusport.fr\/blog\/tour-de-france-2024-les-parcours-des-20eme-et-21eme-etapes-devoiles\/\",\"name\":\"Tour de France 2024 : Les parcours des 20\u00e8me et 21\u00e8me \u00e9tapes d\u00e9voil\u00e9s !\",\"isPartOf\":{\"@id\":\"https:\/\/dicodusport.fr\/blog\/#website\"},\"primaryImageOfPage\":{\"@id\":\"https:\/\/dicodusport.fr\/blog\/tour-de-france-2024-les-parcours-des-20eme-et-21eme-etapes-devoiles\/#primaryimage\"},\"image\":{\"@id\":\"https:\/\/dicodusport.fr\/blog\/tour-de-france-2024-les-parcours-des-20eme-et-21eme-etapes-devoiles\/#primaryimage\"},\"thumbnailUrl\":\"https:\/\/dicodusport.fr\/blog\/wp-content\/uploads\/2023\/03\/Tour-de-France-2024-Les-parcours-des-20eme-et-21eme-etapes-devoiles-.png\",\"datePublished\":\"2023-03-13T11:09:56+00:00\",\"dateModified\":\"2023-10-25T11:57:21+00:00\",\"description\":\"TOUR DE FRANCE 2024 - ASO a d\u00e9voil\u00e9 les trac\u00e9s des 20\u00e8me et 21\u00e8me \u00e9tapes. Avec une arriv\u00e9e au sommet du Col de la Couillole le samedi.\",\"breadcrumb\":{\"@id\":\"https:\/\/dicodusport.fr\/blog\/tour-de-france-2024-les-parcours-des-20eme-et-21eme-etapes-devoiles\/#breadcrumb\"},\"inLanguage\":\"fr-FR\",\"potentialAction\":[{\"@type\":\"ReadAction\",\"target\":[\"https:\/\/dicodusport.fr\/blog\/tour-de-france-2024-les-parcours-des-20eme-et-21eme-etapes-devoiles\/\"]}]},{\"@type\":\"ImageObject\",\"inLanguage\":\"fr-FR\",\"@id\":\"https:\/\/dicodusport.fr\/blog\/tour-de-france-2024-les-parcours-des-20eme-et-21eme-etapes-devoiles\/#primaryimage\",\"url\":\"https:\/\/dicodusport.fr\/blog\/wp-content\/uploads\/2023\/03\/Tour-de-France-2024-Les-parcours-des-20eme-et-21eme-etapes-devoiles-.png\",\"contentUrl\":\"https:\/\/dicodusport.fr\/blog\/wp-content\/uploads\/2023\/03\/Tour-de-France-2024-Les-parcours-des-20eme-et-21eme-etapes-devoiles-.png\",\"width\":800,\"height\":445,\"caption\":\"Tour de France 2024 Les parcours des 20\u00e8me et 21\u00e8me \u00e9tapes d\u00e9voil\u00e9s !\"},{\"@type\":\"BreadcrumbList\",\"@id\":\"https:\/\/dicodusport.fr\/blog\/tour-de-france-2024-les-parcours-des-20eme-et-21eme-etapes-devoiles\/#breadcrumb\",\"itemListElement\":[{\"@type\":\"ListItem\",\"position\":1,\"name\":\"Accueil\",\"item\":\"https:\/\/dicodusport.fr\/blog\/\"},{\"@type\":\"ListItem\",\"position\":2,\"name\":\"Tour de France 2024 : Les parcours des 20\u00e8me et 21\u00e8me \u00e9tapes d\u00e9voil\u00e9s !\"}]},{\"@type\":\"WebSite\",\"@id\":\"https:\/\/dicodusport.fr\/blog\/#website\",\"url\":\"https:\/\/dicodusport.fr\/blog\/\",\"name\":\"Dicodusport\",\"description\":\"L&#039;encyclop\u00e9die de l&#039;actualit\u00e9 sportive\",\"publisher\":{\"@id\":\"https:\/\/dicodusport.fr\/blog\/#organization\"},\"potentialAction\":[{\"@type\":\"SearchAction\",\"target\":{\"@type\":\"EntryPoint\",\"urlTemplate\":\"https:\/\/dicodusport.fr\/blog\/?s={search_term_string}\"},\"query-input\":{\"@type\":\"PropertyValueSpecification\",\"valueRequired\":true,\"valueName\":\"search_term_string\"}}],\"inLanguage\":\"fr-FR\"},{\"@type\":\"NewsMediaOrganization\",\"@id\":\"https:\/\/dicodusport.fr\/blog\/#organization\",\"name\":\"Dicodusport\",\"url\":\"https:\/\/dicodusport.fr\/blog\/\",\"logo\":{\"@type\":\"ImageObject\",\"inLanguage\":\"fr-FR\",\"@id\":\"https:\/\/dicodusport.fr\/blog\/#\/schema\/logo\/image\/\",\"url\":\"https:\/\/dicodusport.fr\/blog\/wp-content\/uploads\/2020\/06\/cropped-LOGO-DICODUSPORT-2020-SANS-FOND-SANS-TEXTE.png\",\"contentUrl\":\"https:\/\/dicodusport.fr\/blog\/wp-content\/uploads\/2020\/06\/cropped-LOGO-DICODUSPORT-2020-SANS-FOND-SANS-TEXTE.png\",\"width\":512,\"height\":512,\"caption\":\"Dicodusport\"},\"image\":{\"@id\":\"https:\/\/dicodusport.fr\/blog\/#\/schema\/logo\/image\/\"},\"sameAs\":[\"https:\/\/www.facebook.com\/dicodusport\",\"https:\/\/x.com\/dicodusport\",\"https:\/\/www.instagram.com\/dicodusport\/\",\"https:\/\/www.youtube.com\/channel\/UC7V2KZ5sd3htJivAbA4ZG3w\"],\"description\":\"Dicodusport est l'encyclop\u00e9die de l'actualit\u00e9 sportive.\",\"email\":\"bonjour@dicodusport.fr\",\"legalName\":\"DICODUSPORT\",\"foundingDate\":\"2018-01-14\",\"vatID\":\"FR71834470973\",\"taxID\":\"83447097300043\",\"numberOfEmployees\":{\"@type\":\"QuantitativeValue\",\"minValue\":\"1\",\"maxValue\":\"10\"}},{\"@type\":\"Person\",\"@id\":\"https:\/\/dicodusport.fr\/blog\/#\/schema\/person\/d603dd7da31fb2b46c82b9835a77ec13\",\"name\":\"Etienne Goursaud\",\"image\":{\"@type\":\"ImageObject\",\"inLanguage\":\"fr-FR\",\"@id\":\"https:\/\/dicodusport.fr\/blog\/#\/schema\/person\/image\/\",\"url\":\"https:\/\/dicodusport.fr\/blog\/wp-content\/uploads\/2023\/12\/410122264_10231602061736049_5565839791558026645_n-150x150.jpg\",\"contentUrl\":\"https:\/\/dicodusport.fr\/blog\/wp-content\/uploads\/2023\/12\/410122264_10231602061736049_5565839791558026645_n-150x150.jpg\",\"caption\":\"Etienne Goursaud\"},\"description\":\"Journaliste et amoureux de sport. Ancien footballeur reconverti athl\u00e8te quand ses muscles le laissent tranquille. \u00c9lev\u00e9 \u00e0 la sauce des exploits de Thomas Voeckler en 2004, du dernier essai de l\u00e9gende de Eunice Barber \u00e0 la longueur lors des championnats du monde d'athl\u00e9tisme de 2003 mais aussi Zidane, Omeyer et Titou Lamaison.\",\"url\":\"https:\/\/dicodusport.fr\/blog\/author\/etienne-goursaud\/\"}]}<\/script>\n<!-- \/ Yoast SEO Premium plugin. -->","yoast_head_json":{"title":"Tour de France 2024 : Les parcours des 20\u00e8me et 21\u00e8me \u00e9tapes d\u00e9voil\u00e9s !","description":"TOUR DE FRANCE 2024 - ASO a d\u00e9voil\u00e9 les trac\u00e9s des 20\u00e8me et 21\u00e8me \u00e9tapes. Avec une arriv\u00e9e au sommet du Col de la Couillole le samedi.","robots":{"index":"index","follow":"follow","max-snippet":"max-snippet:-1","max-image-preview":"max-image-preview:large","max-video-preview":"max-video-preview:-1"},"canonical":"https:\/\/dicodusport.fr\/blog\/tour-de-france-2024-les-parcours-des-20eme-et-21eme-etapes-devoiles\/","og_locale":"fr_FR","og_type":"article","og_title":"Tour de France 2024 : Les parcours des 20\u00e8me et 21\u00e8me \u00e9tapes d\u00e9voil\u00e9s !","og_description":"TOUR DE FRANCE 2024 - ASO a d\u00e9voil\u00e9 les trac\u00e9s des 20\u00e8me et 21\u00e8me \u00e9tapes. Avec une arriv\u00e9e au sommet du Col de la Couillole le samedi.","og_url":"https:\/\/dicodusport.fr\/blog\/tour-de-france-2024-les-parcours-des-20eme-et-21eme-etapes-devoiles\/","og_site_name":"Dicodusport","article_publisher":"https:\/\/www.facebook.com\/dicodusport","article_published_time":"2023-03-13T11:09:56+00:00","article_modified_time":"2023-10-25T11:57:21+00:00","og_image":[{"width":800,"height":445,"url":"https:\/\/dicodusport.fr\/blog\/wp-content\/uploads\/2023\/03\/Tour-de-France-2024-Les-parcours-des-20eme-et-21eme-etapes-devoiles-.png","type":"image\/png"}],"author":"Etienne Goursaud","twitter_card":"summary_large_image","twitter_title":"Tour de France 2024 : Les parcours des 20\u00e8me et 21\u00e8me \u00e9tapes d\u00e9voil\u00e9s !","twitter_creator":"@dicodusport","twitter_site":"@dicodusport","schema":{"@context":"https:\/\/schema.org","@graph":[{"@type":"NewsArticle","@id":"https:\/\/dicodusport.fr\/blog\/tour-de-france-2024-les-parcours-des-20eme-et-21eme-etapes-devoiles\/#article","isPartOf":{"@id":"https:\/\/dicodusport.fr\/blog\/tour-de-france-2024-les-parcours-des-20eme-et-21eme-etapes-devoiles\/"},"author":{"name":"Etienne Goursaud","@id":"https:\/\/dicodusport.fr\/blog\/#\/schema\/person\/d603dd7da31fb2b46c82b9835a77ec13"},"headline":"Tour de France 2024 : Les parcours des 20\u00e8me et 21\u00e8me \u00e9tapes d\u00e9voil\u00e9s !","datePublished":"2023-03-13T11:09:56+00:00","dateModified":"2023-10-25T11:57:21+00:00","mainEntityOfPage":{"@id":"https:\/\/dicodusport.fr\/blog\/tour-de-france-2024-les-parcours-des-20eme-et-21eme-etapes-devoiles\/"},"wordCount":442,"commentCount":0,"publisher":{"@id":"https:\/\/dicodusport.fr\/blog\/#organization"},"image":{"@id":"https:\/\/dicodusport.fr\/blog\/tour-de-france-2024-les-parcours-des-20eme-et-21eme-etapes-devoiles\/#primaryimage"},"thumbnailUrl":"https:\/\/dicodusport.fr\/blog\/wp-content\/uploads\/2023\/03\/Tour-de-France-2024-Les-parcours-des-20eme-et-21eme-etapes-devoiles-.png","keywords":["br\u00e8ve","sport","Tour de France"],"articleSection":["Tour de France"],"inLanguage":"fr-FR","potentialAction":[{"@type":"CommentAction","name":"Comment","target":["https:\/\/dicodusport.fr\/blog\/tour-de-france-2024-les-parcours-des-20eme-et-21eme-etapes-devoiles\/#respond"]}],"copyrightYear":"2023","copyrightHolder":{"@id":"https:\/\/dicodusport.fr\/blog\/#organization"}},{"@type":"WebPage","@id":"https:\/\/dicodusport.fr\/blog\/tour-de-france-2024-les-parcours-des-20eme-et-21eme-etapes-devoiles\/","url":"https:\/\/dicodusport.fr\/blog\/tour-de-france-2024-les-parcours-des-20eme-et-21eme-etapes-devoiles\/","name":"Tour de France 2024 : Les parcours des 20\u00e8me et 21\u00e8me \u00e9tapes d\u00e9voil\u00e9s !","isPartOf":{"@id":"https:\/\/dicodusport.fr\/blog\/#website"},"primaryImageOfPage":{"@id":"https:\/\/dicodusport.fr\/blog\/tour-de-france-2024-les-parcours-des-20eme-et-21eme-etapes-devoiles\/#primaryimage"},"image":{"@id":"https:\/\/dicodusport.fr\/blog\/tour-de-france-2024-les-parcours-des-20eme-et-21eme-etapes-devoiles\/#primaryimage"},"thumbnailUrl":"https:\/\/dicodusport.fr\/blog\/wp-content\/uploads\/2023\/03\/Tour-de-France-2024-Les-parcours-des-20eme-et-21eme-etapes-devoiles-.png","datePublished":"2023-03-13T11:09:56+00:00","dateModified":"2023-10-25T11:57:21+00:00","description":"TOUR DE FRANCE 2024 - ASO a d\u00e9voil\u00e9 les trac\u00e9s des 20\u00e8me et 21\u00e8me \u00e9tapes. Avec une arriv\u00e9e au sommet du Col de la Couillole le samedi.","breadcrumb":{"@id":"https:\/\/dicodusport.fr\/blog\/tour-de-france-2024-les-parcours-des-20eme-et-21eme-etapes-devoiles\/#breadcrumb"},"inLanguage":"fr-FR","potentialAction":[{"@type":"ReadAction","target":["https:\/\/dicodusport.fr\/blog\/tour-de-france-2024-les-parcours-des-20eme-et-21eme-etapes-devoiles\/"]}]},{"@type":"ImageObject","inLanguage":"fr-FR","@id":"https:\/\/dicodusport.fr\/blog\/tour-de-france-2024-les-parcours-des-20eme-et-21eme-etapes-devoiles\/#primaryimage","url":"https:\/\/dicodusport.fr\/blog\/wp-content\/uploads\/2023\/03\/Tour-de-France-2024-Les-parcours-des-20eme-et-21eme-etapes-devoiles-.png","contentUrl":"https:\/\/dicodusport.fr\/blog\/wp-content\/uploads\/2023\/03\/Tour-de-France-2024-Les-parcours-des-20eme-et-21eme-etapes-devoiles-.png","width":800,"height":445,"caption":"Tour de France 2024 Les parcours des 20\u00e8me et 21\u00e8me \u00e9tapes d\u00e9voil\u00e9s !"},{"@type":"BreadcrumbList","@id":"https:\/\/dicodusport.fr\/blog\/tour-de-france-2024-les-parcours-des-20eme-et-21eme-etapes-devoiles\/#breadcrumb","itemListElement":[{"@type":"ListItem","position":1,"name":"Accueil","item":"https:\/\/dicodusport.fr\/blog\/"},{"@type":"ListItem","position":2,"name":"Tour de France 2024 : Les parcours des 20\u00e8me et 21\u00e8me \u00e9tapes d\u00e9voil\u00e9s !"}]},{"@type":"WebSite","@id":"https:\/\/dicodusport.fr\/blog\/#website","url":"https:\/\/dicodusport.fr\/blog\/","name":"Dicodusport","description":"L&#039;encyclop\u00e9die de l&#039;actualit\u00e9 sportive","publisher":{"@id":"https:\/\/dicodusport.fr\/blog\/#organization"},"potentialAction":[{"@type":"SearchAction","target":{"@type":"EntryPoint","urlTemplate":"https:\/\/dicodusport.fr\/blog\/?s={search_term_string}"},"query-input":{"@type":"PropertyValueSpecification","valueRequired":true,"valueName":"search_term_string"}}],"inLanguage":"fr-FR"},{"@type":"NewsMediaOrganization","@id":"https:\/\/dicodusport.fr\/blog\/#organization","name":"Dicodusport","url":"https:\/\/dicodusport.fr\/blog\/","logo":{"@type":"ImageObject","inLanguage":"fr-FR","@id":"https:\/\/dicodusport.fr\/blog\/#\/schema\/logo\/image\/","url":"https:\/\/dicodusport.fr\/blog\/wp-content\/uploads\/2020\/06\/cropped-LOGO-DICODUSPORT-2020-SANS-FOND-SANS-TEXTE.png","contentUrl":"https:\/\/dicodusport.fr\/blog\/wp-content\/uploads\/2020\/06\/cropped-LOGO-DICODUSPORT-2020-SANS-FOND-SANS-TEXTE.png","width":512,"height":512,"caption":"Dicodusport"},"image":{"@id":"https:\/\/dicodusport.fr\/blog\/#\/schema\/logo\/image\/"},"sameAs":["https:\/\/www.facebook.com\/dicodusport","https:\/\/x.com\/dicodusport","https:\/\/www.instagram.com\/dicodusport\/","https:\/\/www.youtube.com\/channel\/UC7V2KZ5sd3htJivAbA4ZG3w"],"description":"Dicodusport est l'encyclop\u00e9die de l'actualit\u00e9 sportive.","email":"bonjour@dicodusport.fr","legalName":"DICODUSPORT","foundingDate":"2018-01-14","vatID":"FR71834470973","taxID":"83447097300043","numberOfEmployees":{"@type":"QuantitativeValue","minValue":"1","maxValue":"10"}},{"@type":"Person","@id":"https:\/\/dicodusport.fr\/blog\/#\/schema\/person\/d603dd7da31fb2b46c82b9835a77ec13","name":"Etienne Goursaud","image":{"@type":"ImageObject","inLanguage":"fr-FR","@id":"https:\/\/dicodusport.fr\/blog\/#\/schema\/person\/image\/","url":"https:\/\/dicodusport.fr\/blog\/wp-content\/uploads\/2023\/12\/410122264_10231602061736049_5565839791558026645_n-150x150.jpg","contentUrl":"https:\/\/dicodusport.fr\/blog\/wp-content\/uploads\/2023\/12\/410122264_10231602061736049_5565839791558026645_n-150x150.jpg","caption":"Etienne Goursaud"},"description":"Journaliste et amoureux de sport. Ancien footballeur reconverti athl\u00e8te quand ses muscles le laissent tranquille. \u00c9lev\u00e9 \u00e0 la sauce des exploits de Thomas Voeckler en 2004, du dernier essai de l\u00e9gende de Eunice Barber \u00e0 la longueur lors des championnats du monde d'athl\u00e9tisme de 2003 mais aussi Zidane, Omeyer et Titou Lamaison.","url":"https:\/\/dicodusport.fr\/blog\/author\/etienne-goursaud\/"}]}},"_links":{"self":[{"href":"https:\/\/dicodusport.fr\/blog\/wp-json\/wp\/v2\/posts\/365121","targetHints":{"allow":["GET"]}}],"collection":[{"href":"https:\/\/dicodusport.fr\/blog\/wp-json\/wp\/v2\/posts"}],"about":[{"href":"https:\/\/dicodusport.fr\/blog\/wp-json\/wp\/v2\/types\/post"}],"author":[{"embeddable":true,"href":"https:\/\/dicodusport.fr\/blog\/wp-json\/wp\/v2\/users\/83"}],"replies":[{"embeddable":true,"href":"https:\/\/dicodusport.fr\/blog\/wp-json\/wp\/v2\/comments?post=365121"}],"version-history":[{"count":0,"href":"https:\/\/dicodusport.fr\/blog\/wp-json\/wp\/v2\/posts\/365121\/revisions"}],"wp:featuredmedia":[{"embeddable":true,"href":"https:\/\/dicodusport.fr\/blog\/wp-json\/wp\/v2\/media\/365127"}],"wp:attachment":[{"href":"https:\/\/dicodusport.fr\/blog\/wp-json\/wp\/v2\/media?parent=365121"}],"wp:term":[{"taxonomy":"category","embeddable":true,"href":"https:\/\/dicodusport.fr\/blog\/wp-json\/wp\/v2\/categories?post=365121"},{"taxonomy":"post_tag","embeddable":true,"href":"https:\/\/dicodusport.fr\/blog\/wp-json\/wp\/v2\/tags?post=365121"}],"curies":[{"name":"wp","href":"https:\/\/api.w.org\/{rel}","templated":true}]}}