{"id":365151,"date":"2023-03-17T13:02:57","date_gmt":"2023-03-17T12:02:57","guid":{"rendered":"https:\/\/dicodusport.fr\/blog\/?p=365151&#038;preview=true&#038;preview_id=365151"},"modified":"2023-03-17T21:21:58","modified_gmt":"2023-03-17T20:21:58","slug":"milan-san-remo-2023-parcours-et-profil","status":"publish","type":"post","link":"https:\/\/dicodusport.fr\/blog\/milan-san-remo-2023-parcours-et-profil\/","title":{"rendered":"Milan-San Remo 2023 : Parcours et profil"},"content":{"rendered":"<p style=\"text-align: justify;\"><em><strong>MILAN-SAN REMO 2023 \u2013 Apr\u00e8s Paris-Nice et Tirreno-Adriatico, place au premier des cinq Monuments de la saison 2023 avec la Primavera. Cette 114\u00e8me \u00e9dition de Milan-San Remo proposera un parcours des plus classiques, mais avec un petit changement pour le lieu de d\u00e9part. Ce samedi 18 mars 2023, la course sera longue de 294 kilom\u00e8tres avec ses habituels Capi. M\u00eame si cette course ne pr\u00e9sentera pas des reliefs tr\u00e8s difficiles, sa longueur et ses petites mont\u00e9es en feront ses principales difficult\u00e9s. Avec son d\u00e9part fictif, les coureurs passeront pr\u00e8s de 300 kilom\u00e8tres sur le v\u00e9lo.\u00a0<\/strong><\/em><\/p>\n<h2 style=\"text-align: justify;\">Des lignes droites \u00e0 travers la Lombardie et le Pi\u00e9mont<\/h2>\n<p style=\"text-align: justify;\">D&rsquo;abord, <strong>Milan-San Remo<\/strong> ne partira pas de Milan pour la premi\u00e8re fois de l&rsquo;histoire cette ann\u00e9e. La course commencera \u00e0 Abbiategrasso, \u00e0 environ 25 kilom\u00e8tres \u00e0 l&rsquo;ouest de la capitale lombarde. Abbiategrasso compte environ 50 000 habitants.<\/p>\n<p style=\"text-align: justify;\">Ensuite, cap au sud-est pour se diriger vers Pavie, o\u00f9 la course reprendra son parcours d&rsquo;origine apr\u00e8s une trentaine de kilom\u00e8tres. L&rsquo;\u00e9chapp\u00e9e matinale profitera des grandes lignes droites d\u00e9gag\u00e9es sur la plaine du P\u00f4 pour se constituer avec notamment des coureurs des \u00e9quipes invit\u00e9es. Jusqu\u2019\u00e0<strong> Novi Ligure<\/strong>, ce ne sera quasiment que de la ligne droite, sur un terrain plat en allant vers le sud. Du c\u00f4t\u00e9 des favoris, on restera au chaud dans le peloton.<\/p>\n<h2 style=\"text-align: justify;\">Le retour du <strong>Passo del Turchino<\/strong><\/h2>\n<p style=\"text-align: justify;\">Par la suite, on continuera sur des routes un peu plus tournantes sur <strong>Basaluzzo, Silvano d&rsquo;Orbia <\/strong>et <strong>Ovada<\/strong> avant d&rsquo;attaquer le long <strong>Passo del Turchino<\/strong> avec son tunnel au sommet \u00e0 532 m\u00e8tres d&rsquo;altitude. Le Passo del Turchino sera un long faux-plat montant de plus de 26 kilom\u00e8tres \u00e0 2 % de moyenne. Au sommet, les \u00e9chapp\u00e9s matinaux atteindront leur avance maximale. Ses derniers kilom\u00e8tres seront les plus pentus entre 5 et 6 %. Sa descente, longue de 12 kilom\u00e8tres presque rectiligne, m\u00e8nera \u00e0 <strong>Voltri<\/strong> sur les bords de la Mer Ligure.<\/p>\n<p style=\"text-align: justify;\">Ensuite, cap \u00e0 l&rsquo;ouest pour 80 kilom\u00e8tres de plat par <strong>Varazze, Savona, Loano <\/strong>et <strong>Albenga<\/strong> ainsi que 7 tunnels sur la Riviera. Dans les diff\u00e9rentes villes, les coureurs devront faire attention aux diff\u00e9rents mobiliers urbains. Apr\u00e8s <strong>Alassio<\/strong>, le parcours deviendra plus exigeant avec les trois premiers Capi : le <strong>Capo Mele<\/strong> (1 km \u00e0 5% et ses trois arcades), le <strong>Capo Cervo<\/strong> (1,6 km \u00e0 3,1% sur une route plus sinueuse) et le <strong>Capo Berta<\/strong> (1,7 km \u00e0 6,9% et sa pizzeria au sommet). Auparavant, ces petites bosses permettaient une s\u00e9lection. Aujourd&rsquo;hui, elles feront guise d&rsquo;\u00e9chauffement. Ces petites c\u00f4tes s\u2019\u00e9taleront sur 15 kilom\u00e8tres. La tension montera au sein du peloton afin de bien placer son leader \u00e0 l\u2019avant du peloton. Tandis que du c\u00f4t\u00e9 des attaquants matinaux, l\u2019aventure \u00e0 l\u2019avant de la course sera certainement termin\u00e9e. N\u00e9anmoins, il y aura un passage assez dangereux apr\u00e8s la descente du Capo Berta. En effet, les coureurs traverseront une rue tr\u00e8s \u00e9troite dans <strong>Imperia<\/strong>.\u00a0 La ruelle sera large de seulement 2,5 m\u00e8tres et les coureurs arriveront \u00e0 environ 60 km\/h.<\/p>\n<h2 style=\"text-align: justify;\">La Cipressa, premier juge de paix pour les sprinteurs<\/h2>\n<p style=\"text-align: justify;\">Dans Santo Stefano al Mare, les coureurs tourneront \u00e0 droite pour s\u2019attaquer \u00e0 la <strong>Cipressa<\/strong>, \u00e0 moins de 25 kilom\u00e8tres du terme de la course. Cette mont\u00e9e, ch\u00e8re \u00e0 Gianni Bugno, sera longue de 5,6 km \u00e0 4,1% de moyenne. Cette butte sera le premier moment crucial pour les sprinteurs. Certaines d\u00e9faillances mettront fin \u00e0 certaines ambitions. Les premi\u00e8res offensives s\u00e9rieuses s\u2019y d\u00e9rouleront avec des outsiders et des \u00e9quipiers de favoris. Le sommet de cette ascension sera marqu\u00e9 par un \u00e9glise avec le passage d&rsquo;une petite ruelle \u00e9troite. La descente de la Cipressa est longue d\u2019environ 3 km, mais elle sera tr\u00e8s rapide pour rejoindre la <strong>SS1 Aurelia<\/strong>. Certains audacieux pourraient profiter de cette descente pour prendre les devants.<\/p>\n<div id=\"attachment_365794\" style=\"width: 594px\" class=\"wp-caption aligncenter\"><a href=\"https:\/\/dicodusport.fr\/blog\/wp-content\/uploads\/2023\/03\/Profil-de-la-Cipressa-Milan-San-Remo-2023.jpg\"><img loading=\"lazy\" decoding=\"async\" aria-describedby=\"caption-attachment-365794\" class=\"size-full wp-image-365794\" src=\"https:\/\/dicodusport.fr\/blog\/wp-content\/uploads\/2023\/03\/Profil-de-la-Cipressa-Milan-San-Remo-2023.jpg\" alt=\"Profil de la Cipressa - Milan-San Remo 2023\" width=\"584\" height=\"852\" srcset=\"https:\/\/dicodusport.fr\/blog\/wp-content\/uploads\/2023\/03\/Profil-de-la-Cipressa-Milan-San-Remo-2023.jpg 584w, https:\/\/dicodusport.fr\/blog\/wp-content\/uploads\/2023\/03\/Profil-de-la-Cipressa-Milan-San-Remo-2023-206x300.jpg 206w\" sizes=\"auto, (max-width: 584px) 100vw, 584px\" \/><\/a><p id=\"caption-attachment-365794\" class=\"wp-caption-text\">Profil de la Cipressa &#8211; Milan-San Remo 2023 &#8211; Via RCS<\/p><\/div>\n<h2 style=\"text-align: justify;\">Le Poggio, le dernier obstacle<\/h2>\n<p style=\"text-align: justify;\">Puis, les \u00e9quipes des pr\u00e9tendants \u00e0 la victoire prendront la course en main pour placer id\u00e9alement leur leader. Apr\u00e8s 9 km sur les rives de la M\u00e9diterran\u00e9e, les coureurs feront face \u00e0 l\u2019ultime Capi du jour, le c\u00e9l\u00e8bre <strong>Poggio di Sanremo<\/strong> avec ses 3,7 km \u00e0 pr\u00e8s de 4% de moyenne. Apr\u00e8s avoir bifurqu\u00e9 \u00e0 droite, la premi\u00e8re moiti\u00e9 de cette mont\u00e9e est marqu\u00e9e par trois virages en \u00e9pingle jusqu\u2019au Sanctuaire de Madonna de la Guardia. Les coureurs iront tellement vite sur cette portion qu&rsquo;ils arr\u00eateront de p\u00e9daler. Cette portion technique permet d&rsquo;\u00e9tirer le peloton, d&rsquo;o\u00f9 l&rsquo;importance du placement. Puis, la seconde moiti\u00e9 pr\u00e9sentera des routes beaucoup plus rectilignes. Sa rampe la plus s\u00e9v\u00e8re \u00e0 8% se trouvera \u00e0 environ un kilom\u00e8tre du sommet. Cette derni\u00e8re partie pourrait \u00eatre fatale \u00e0 de nombreux sprinteurs, alors que les puncheurs tenteront de faire la diff\u00e9rence.<\/p>\n<p style=\"text-align: justify;\">\u00c0 la cabine t\u00e9l\u00e9phonique rouge du sommet, il restera 5,5 kilom\u00e8tres \u00e0 parcourir via une descente sinueuse, notamment avec ses \u00e9pingles \u00e0 cheveux, \u00e9troite et particuli\u00e8rement dangereuse. Un acrobate pourrait tenter sa chance tel un Sean Kelly, ou <a href=\"https:\/\/dicodusport.fr\/blog\/milan-san-remo-2022-matej-mohoric-gagne-son-premier-monument-anthony-turgis-deuxieme\/\">un Matej Mohoric en 2022<\/a> pour faire la diff\u00e9rence. Cette descente pourrait \u00e9galement permettre \u00e0 quelques sprinteurs (avec l\u2019aide d\u2019\u00e9quipiers) de recoller aux meilleurs escaladeurs.<\/p>\n<h2 style=\"text-align: justify;\">Le final dans San Remo<\/h2>\n<p style=\"text-align: justify;\">Au bas de la descente, il restera deux kilom\u00e8tres sur les larges avenues de <strong>San Remo<\/strong>. Apr\u00e8s la flamme rouge, il y aura un virage \u00e0 gauche, sur un rond-point et cent m\u00e8tres plus loin, un virage \u00e0 droite pour atteindre le Corso Raimondo pour les 750 derniers m\u00e8tres de course. Apr\u00e8s deux tr\u00e8s petites courbes rapides ch\u00e8res \u00e0 Andrei Tchmil, les concurrents seront sur la derni\u00e8re ligne droite longue de 400 m\u00e8tres sur la <strong>Via Roma<\/strong>. L\u2019arriv\u00e9e sera jug\u00e9e aux alentours de 17h.<\/p>\n<div id=\"attachment_365798\" style=\"width: 862px\" class=\"wp-caption aligncenter\"><a href=\"https:\/\/dicodusport.fr\/blog\/wp-content\/uploads\/2023\/03\/Carte-du-parcours-de-Milan-San-Remo-2023.jpg\"><img loading=\"lazy\" decoding=\"async\" aria-describedby=\"caption-attachment-365798\" class=\"size-full wp-image-365798\" src=\"https:\/\/dicodusport.fr\/blog\/wp-content\/uploads\/2023\/03\/Carte-du-parcours-de-Milan-San-Remo-2023.jpg\" alt=\"Carte du parcours de Milan-San Remo 2023\" width=\"852\" height=\"965\" srcset=\"https:\/\/dicodusport.fr\/blog\/wp-content\/uploads\/2023\/03\/Carte-du-parcours-de-Milan-San-Remo-2023.jpg 852w, https:\/\/dicodusport.fr\/blog\/wp-content\/uploads\/2023\/03\/Carte-du-parcours-de-Milan-San-Remo-2023-265x300.jpg 265w, https:\/\/dicodusport.fr\/blog\/wp-content\/uploads\/2023\/03\/Carte-du-parcours-de-Milan-San-Remo-2023-768x870.jpg 768w\" sizes=\"auto, (max-width: 852px) 100vw, 852px\" \/><\/a><p id=\"caption-attachment-365798\" class=\"wp-caption-text\">Carte du parcours de Milan-San Remo 2023 &#8211; Via RCS<\/p><\/div>\n<h2 style=\"text-align: justify;\"><strong>Le profil de Milan-San Remo 2023<\/strong><\/h2>\n<div id=\"attachment_365796\" style=\"width: 750px\" class=\"wp-caption aligncenter\"><a href=\"https:\/\/dicodusport.fr\/blog\/wp-content\/uploads\/2023\/03\/Profil-de-Milan-San-Remo-2023.jpg\"><img loading=\"lazy\" decoding=\"async\" aria-describedby=\"caption-attachment-365796\" class=\"size-large wp-image-365796\" src=\"https:\/\/dicodusport.fr\/blog\/wp-content\/uploads\/2023\/03\/Profil-de-Milan-San-Remo-2023-1024x682.jpg\" alt=\"Profil de Milan-San Remo 2023\" width=\"740\" height=\"493\" srcset=\"https:\/\/dicodusport.fr\/blog\/wp-content\/uploads\/2023\/03\/Profil-de-Milan-San-Remo-2023-1024x682.jpg 1024w, https:\/\/dicodusport.fr\/blog\/wp-content\/uploads\/2023\/03\/Profil-de-Milan-San-Remo-2023-300x200.jpg 300w, https:\/\/dicodusport.fr\/blog\/wp-content\/uploads\/2023\/03\/Profil-de-Milan-San-Remo-2023-768x511.jpg 768w, https:\/\/dicodusport.fr\/blog\/wp-content\/uploads\/2023\/03\/Profil-de-Milan-San-Remo-2023.jpg 1280w\" sizes=\"auto, (max-width: 740px) 100vw, 740px\" \/><\/a><p id=\"caption-attachment-365796\" class=\"wp-caption-text\">Profil de Milan-San Remo 2023 &#8211; Via RCS<\/p><\/div>\n<h2 style=\"text-align: justify;\">\u00c0 lire aussi<\/h2>\n<ul>\n<li style=\"text-align: justify;\"><a href=\"https:\/\/dicodusport.fr\/blog\/milan-san-remo-2023-les-engages\/\" target=\"_blank\" rel=\"noopener\"><strong>Les engag\u00e9s de Milan-San Remo 2023<\/strong><\/a><\/li>\n<li><a href=\"https:\/\/dicodusport.fr\/blog\/milan-san-remo-2023-a-quelle-heure-et-sur-quelle-chaine-tv\/\" target=\"_blank\" rel=\"noopener\"><strong>\u00c0 quelle heure et sur quelle cha\u00eene suivre Milan-San Remo<\/strong><\/a><\/li>\n<li style=\"text-align: justify;\"><strong><a href=\"https:\/\/dicodusport.fr\/blog\/milan-san-remo-2023-favoris-et-outsiders\/\">Favoris et outsiders pour Milan-San Remo 2023<\/a>\u00a0<\/strong><\/li>\n<\/ul>\n","protected":false},"excerpt":{"rendered":"<p>MILAN-SAN REMO 2023 &#8211; D\u00e9couvrez le parcours et le profil de la 114\u00e8me \u00e9dition de Milan-San Remo, le premier Monument de la saison \u00e9galement appel\u00e9 la Primavera.<\/p>\n","protected":false},"author":48,"featured_media":365797,"comment_status":"open","ping_status":"closed","sticky":false,"template":"","format":"standard","meta":{"_acf_changed":false,"_daextam_enable_autolinks":"","footnotes":""},"categories":[46994],"tags":[3119,16878,4162],"class_list":["post-365151","post","type-post","status-publish","format-standard","has-post-thumbnail","hentry","category-cyclisme-sur-route","tag-actualite-cyclisme","tag-breve","tag-milan-san-remo"],"acf":[],"yoast_head":"<!-- This site is optimized with the Yoast SEO Premium plugin v26.7 (Yoast SEO v26.7) - https:\/\/yoast.com\/wordpress\/plugins\/seo\/ -->\n<title>Milan-San Remo 2023 : Parcours et profil<\/title>\n<meta name=\"description\" content=\"MILAN-SAN REMO 2023 - D\u00e9couvrez le parcours et le profil de la 114\u00e8me \u00e9dition de Milan-San Remo, le premier Monument de la saison.\" \/>\n<meta name=\"robots\" content=\"index, follow, max-snippet:-1, max-image-preview:large, max-video-preview:-1\" \/>\n<link rel=\"canonical\" href=\"https:\/\/dicodusport.fr\/blog\/milan-san-remo-2023-parcours-et-profil\/\" \/>\n<meta property=\"og:locale\" content=\"fr_FR\" \/>\n<meta property=\"og:type\" content=\"article\" \/>\n<meta property=\"og:title\" content=\"Milan-San Remo 2023 : Parcours et profil\" \/>\n<meta property=\"og:description\" content=\"MILAN-SAN REMO 2023 - D\u00e9couvrez le parcours et le profil de la 114\u00e8me \u00e9dition de Milan-San Remo, le premier Monument de la saison.\" \/>\n<meta property=\"og:url\" content=\"https:\/\/dicodusport.fr\/blog\/milan-san-remo-2023-parcours-et-profil\/\" \/>\n<meta property=\"og:site_name\" content=\"Dicodusport\" \/>\n<meta property=\"article:publisher\" content=\"https:\/\/www.facebook.com\/dicodusport\" \/>\n<meta property=\"article:author\" content=\"https:\/\/www.facebook.com\/groups\/LesRoisDuPeloton\" \/>\n<meta property=\"article:published_time\" content=\"2023-03-17T12:02:57+00:00\" \/>\n<meta property=\"article:modified_time\" content=\"2023-03-17T20:21:58+00:00\" \/>\n<meta property=\"og:image\" content=\"https:\/\/dicodusport.fr\/blog\/wp-content\/uploads\/2023\/03\/Milan-San-Remo-2023-Parcours-et-profil.png\" \/>\n\t<meta property=\"og:image:width\" content=\"800\" \/>\n\t<meta property=\"og:image:height\" content=\"445\" \/>\n\t<meta property=\"og:image:type\" content=\"image\/png\" \/>\n<meta name=\"author\" content=\"Emilien Descampiaux\" \/>\n<meta name=\"twitter:card\" content=\"summary_large_image\" \/>\n<meta name=\"twitter:title\" content=\"Milan-San Remo 2023 : Parcours et profil\" \/>\n<meta name=\"twitter:creator\" content=\"@https:\/\/twitter.com\/LRoisDuPeloton\" \/>\n<meta name=\"twitter:site\" content=\"@dicodusport\" \/>\n<script type=\"application\/ld+json\" class=\"yoast-schema-graph\">{\"@context\":\"https:\/\/schema.org\",\"@graph\":[{\"@type\":\"NewsArticle\",\"@id\":\"https:\/\/dicodusport.fr\/blog\/milan-san-remo-2023-parcours-et-profil\/#article\",\"isPartOf\":{\"@id\":\"https:\/\/dicodusport.fr\/blog\/milan-san-remo-2023-parcours-et-profil\/\"},\"author\":{\"name\":\"Emilien Descampiaux\",\"@id\":\"https:\/\/dicodusport.fr\/blog\/#\/schema\/person\/6db4bae06b171592211be385b32876a7\"},\"headline\":\"Milan-San Remo 2023 : Parcours et profil\",\"datePublished\":\"2023-03-17T12:02:57+00:00\",\"dateModified\":\"2023-03-17T20:21:58+00:00\",\"mainEntityOfPage\":{\"@id\":\"https:\/\/dicodusport.fr\/blog\/milan-san-remo-2023-parcours-et-profil\/\"},\"wordCount\":1041,\"commentCount\":0,\"publisher\":{\"@id\":\"https:\/\/dicodusport.fr\/blog\/#organization\"},\"image\":{\"@id\":\"https:\/\/dicodusport.fr\/blog\/milan-san-remo-2023-parcours-et-profil\/#primaryimage\"},\"thumbnailUrl\":\"https:\/\/dicodusport.fr\/blog\/wp-content\/uploads\/2023\/03\/Milan-San-Remo-2023-Parcours-et-profil.png\",\"keywords\":[\"Actualit\u00e9 Cyclisme\",\"br\u00e8ve\",\"Milan-San Remo\"],\"articleSection\":[\"Cyclisme sur route\"],\"inLanguage\":\"fr-FR\",\"potentialAction\":[{\"@type\":\"CommentAction\",\"name\":\"Comment\",\"target\":[\"https:\/\/dicodusport.fr\/blog\/milan-san-remo-2023-parcours-et-profil\/#respond\"]}],\"copyrightYear\":\"2023\",\"copyrightHolder\":{\"@id\":\"https:\/\/dicodusport.fr\/blog\/#organization\"}},{\"@type\":\"WebPage\",\"@id\":\"https:\/\/dicodusport.fr\/blog\/milan-san-remo-2023-parcours-et-profil\/\",\"url\":\"https:\/\/dicodusport.fr\/blog\/milan-san-remo-2023-parcours-et-profil\/\",\"name\":\"Milan-San Remo 2023 : Parcours et profil\",\"isPartOf\":{\"@id\":\"https:\/\/dicodusport.fr\/blog\/#website\"},\"primaryImageOfPage\":{\"@id\":\"https:\/\/dicodusport.fr\/blog\/milan-san-remo-2023-parcours-et-profil\/#primaryimage\"},\"image\":{\"@id\":\"https:\/\/dicodusport.fr\/blog\/milan-san-remo-2023-parcours-et-profil\/#primaryimage\"},\"thumbnailUrl\":\"https:\/\/dicodusport.fr\/blog\/wp-content\/uploads\/2023\/03\/Milan-San-Remo-2023-Parcours-et-profil.png\",\"datePublished\":\"2023-03-17T12:02:57+00:00\",\"dateModified\":\"2023-03-17T20:21:58+00:00\",\"description\":\"MILAN-SAN REMO 2023 - D\u00e9couvrez le parcours et le profil de la 114\u00e8me \u00e9dition de Milan-San Remo, le premier Monument de la saison.\",\"breadcrumb\":{\"@id\":\"https:\/\/dicodusport.fr\/blog\/milan-san-remo-2023-parcours-et-profil\/#breadcrumb\"},\"inLanguage\":\"fr-FR\",\"potentialAction\":[{\"@type\":\"ReadAction\",\"target\":[\"https:\/\/dicodusport.fr\/blog\/milan-san-remo-2023-parcours-et-profil\/\"]}]},{\"@type\":\"ImageObject\",\"inLanguage\":\"fr-FR\",\"@id\":\"https:\/\/dicodusport.fr\/blog\/milan-san-remo-2023-parcours-et-profil\/#primaryimage\",\"url\":\"https:\/\/dicodusport.fr\/blog\/wp-content\/uploads\/2023\/03\/Milan-San-Remo-2023-Parcours-et-profil.png\",\"contentUrl\":\"https:\/\/dicodusport.fr\/blog\/wp-content\/uploads\/2023\/03\/Milan-San-Remo-2023-Parcours-et-profil.png\",\"width\":800,\"height\":445,\"caption\":\"Milan-San Remo 2023 Parcours et profil\"},{\"@type\":\"BreadcrumbList\",\"@id\":\"https:\/\/dicodusport.fr\/blog\/milan-san-remo-2023-parcours-et-profil\/#breadcrumb\",\"itemListElement\":[{\"@type\":\"ListItem\",\"position\":1,\"name\":\"Accueil\",\"item\":\"https:\/\/dicodusport.fr\/blog\/\"},{\"@type\":\"ListItem\",\"position\":2,\"name\":\"Milan-San Remo 2023 : Parcours et profil\"}]},{\"@type\":\"WebSite\",\"@id\":\"https:\/\/dicodusport.fr\/blog\/#website\",\"url\":\"https:\/\/dicodusport.fr\/blog\/\",\"name\":\"Dicodusport\",\"description\":\"L&#039;encyclop\u00e9die de l&#039;actualit\u00e9 sportive\",\"publisher\":{\"@id\":\"https:\/\/dicodusport.fr\/blog\/#organization\"},\"potentialAction\":[{\"@type\":\"SearchAction\",\"target\":{\"@type\":\"EntryPoint\",\"urlTemplate\":\"https:\/\/dicodusport.fr\/blog\/?s={search_term_string}\"},\"query-input\":{\"@type\":\"PropertyValueSpecification\",\"valueRequired\":true,\"valueName\":\"search_term_string\"}}],\"inLanguage\":\"fr-FR\"},{\"@type\":\"NewsMediaOrganization\",\"@id\":\"https:\/\/dicodusport.fr\/blog\/#organization\",\"name\":\"Dicodusport\",\"url\":\"https:\/\/dicodusport.fr\/blog\/\",\"logo\":{\"@type\":\"ImageObject\",\"inLanguage\":\"fr-FR\",\"@id\":\"https:\/\/dicodusport.fr\/blog\/#\/schema\/logo\/image\/\",\"url\":\"https:\/\/dicodusport.fr\/blog\/wp-content\/uploads\/2020\/06\/cropped-LOGO-DICODUSPORT-2020-SANS-FOND-SANS-TEXTE.png\",\"contentUrl\":\"https:\/\/dicodusport.fr\/blog\/wp-content\/uploads\/2020\/06\/cropped-LOGO-DICODUSPORT-2020-SANS-FOND-SANS-TEXTE.png\",\"width\":512,\"height\":512,\"caption\":\"Dicodusport\"},\"image\":{\"@id\":\"https:\/\/dicodusport.fr\/blog\/#\/schema\/logo\/image\/\"},\"sameAs\":[\"https:\/\/www.facebook.com\/dicodusport\",\"https:\/\/x.com\/dicodusport\",\"https:\/\/www.instagram.com\/dicodusport\/\",\"https:\/\/www.youtube.com\/channel\/UC7V2KZ5sd3htJivAbA4ZG3w\"],\"description\":\"Dicodusport est l'encyclop\u00e9die de l'actualit\u00e9 sportive.\",\"email\":\"bonjour@dicodusport.fr\",\"legalName\":\"DICODUSPORT\",\"foundingDate\":\"2018-01-14\",\"vatID\":\"FR71834470973\",\"taxID\":\"83447097300043\",\"numberOfEmployees\":{\"@type\":\"QuantitativeValue\",\"minValue\":\"1\",\"maxValue\":\"10\"}},{\"@type\":\"Person\",\"@id\":\"https:\/\/dicodusport.fr\/blog\/#\/schema\/person\/6db4bae06b171592211be385b32876a7\",\"name\":\"Emilien Descampiaux\",\"image\":{\"@type\":\"ImageObject\",\"inLanguage\":\"fr-FR\",\"@id\":\"https:\/\/dicodusport.fr\/blog\/#\/schema\/person\/image\/\",\"url\":\"https:\/\/dicodusport.fr\/blog\/wp-content\/uploads\/2021\/05\/Emilien-Descampiaux-150x150.jpg\",\"contentUrl\":\"https:\/\/dicodusport.fr\/blog\/wp-content\/uploads\/2021\/05\/Emilien-Descampiaux-150x150.jpg\",\"caption\":\"Emilien Descampiaux\"},\"description\":\"Journaliste\/r\u00e9dacteur depuis 2014 - Fan de la classe de Frank Vandenbroucke, je vis cyclisme (et de ses paysages) depuis plus de 20 ans. Je suis tr\u00e8s impliqu\u00e9 sur mes diff\u00e9rents r\u00e9seaux sociaux pour partager ma passion sur le monde et l'Histoire de la bicyclette avec ma voix sur les images en noir et blanc du succ\u00e8s de Rik Van Steenbergen lors du Ronde sur le V\u00e9lodrome de Gand.\",\"sameAs\":[\"https:\/\/www.facebook.com\/groups\/LesRoisDuPeloton\",\"https:\/\/x.com\/https:\/\/twitter.com\/LRoisDuPeloton\"],\"url\":\"https:\/\/dicodusport.fr\/blog\/author\/emiliend\/\"}]}<\/script>\n<!-- \/ Yoast SEO Premium plugin. -->","yoast_head_json":{"title":"Milan-San Remo 2023 : Parcours et profil","description":"MILAN-SAN REMO 2023 - D\u00e9couvrez le parcours et le profil de la 114\u00e8me \u00e9dition de Milan-San Remo, le premier Monument de la saison.","robots":{"index":"index","follow":"follow","max-snippet":"max-snippet:-1","max-image-preview":"max-image-preview:large","max-video-preview":"max-video-preview:-1"},"canonical":"https:\/\/dicodusport.fr\/blog\/milan-san-remo-2023-parcours-et-profil\/","og_locale":"fr_FR","og_type":"article","og_title":"Milan-San Remo 2023 : Parcours et profil","og_description":"MILAN-SAN REMO 2023 - D\u00e9couvrez le parcours et le profil de la 114\u00e8me \u00e9dition de Milan-San Remo, le premier Monument de la saison.","og_url":"https:\/\/dicodusport.fr\/blog\/milan-san-remo-2023-parcours-et-profil\/","og_site_name":"Dicodusport","article_publisher":"https:\/\/www.facebook.com\/dicodusport","article_author":"https:\/\/www.facebook.com\/groups\/LesRoisDuPeloton","article_published_time":"2023-03-17T12:02:57+00:00","article_modified_time":"2023-03-17T20:21:58+00:00","og_image":[{"width":800,"height":445,"url":"https:\/\/dicodusport.fr\/blog\/wp-content\/uploads\/2023\/03\/Milan-San-Remo-2023-Parcours-et-profil.png","type":"image\/png"}],"author":"Emilien Descampiaux","twitter_card":"summary_large_image","twitter_title":"Milan-San Remo 2023 : Parcours et profil","twitter_creator":"@https:\/\/twitter.com\/LRoisDuPeloton","twitter_site":"@dicodusport","schema":{"@context":"https:\/\/schema.org","@graph":[{"@type":"NewsArticle","@id":"https:\/\/dicodusport.fr\/blog\/milan-san-remo-2023-parcours-et-profil\/#article","isPartOf":{"@id":"https:\/\/dicodusport.fr\/blog\/milan-san-remo-2023-parcours-et-profil\/"},"author":{"name":"Emilien Descampiaux","@id":"https:\/\/dicodusport.fr\/blog\/#\/schema\/person\/6db4bae06b171592211be385b32876a7"},"headline":"Milan-San Remo 2023 : Parcours et profil","datePublished":"2023-03-17T12:02:57+00:00","dateModified":"2023-03-17T20:21:58+00:00","mainEntityOfPage":{"@id":"https:\/\/dicodusport.fr\/blog\/milan-san-remo-2023-parcours-et-profil\/"},"wordCount":1041,"commentCount":0,"publisher":{"@id":"https:\/\/dicodusport.fr\/blog\/#organization"},"image":{"@id":"https:\/\/dicodusport.fr\/blog\/milan-san-remo-2023-parcours-et-profil\/#primaryimage"},"thumbnailUrl":"https:\/\/dicodusport.fr\/blog\/wp-content\/uploads\/2023\/03\/Milan-San-Remo-2023-Parcours-et-profil.png","keywords":["Actualit\u00e9 Cyclisme","br\u00e8ve","Milan-San Remo"],"articleSection":["Cyclisme sur route"],"inLanguage":"fr-FR","potentialAction":[{"@type":"CommentAction","name":"Comment","target":["https:\/\/dicodusport.fr\/blog\/milan-san-remo-2023-parcours-et-profil\/#respond"]}],"copyrightYear":"2023","copyrightHolder":{"@id":"https:\/\/dicodusport.fr\/blog\/#organization"}},{"@type":"WebPage","@id":"https:\/\/dicodusport.fr\/blog\/milan-san-remo-2023-parcours-et-profil\/","url":"https:\/\/dicodusport.fr\/blog\/milan-san-remo-2023-parcours-et-profil\/","name":"Milan-San Remo 2023 : Parcours et profil","isPartOf":{"@id":"https:\/\/dicodusport.fr\/blog\/#website"},"primaryImageOfPage":{"@id":"https:\/\/dicodusport.fr\/blog\/milan-san-remo-2023-parcours-et-profil\/#primaryimage"},"image":{"@id":"https:\/\/dicodusport.fr\/blog\/milan-san-remo-2023-parcours-et-profil\/#primaryimage"},"thumbnailUrl":"https:\/\/dicodusport.fr\/blog\/wp-content\/uploads\/2023\/03\/Milan-San-Remo-2023-Parcours-et-profil.png","datePublished":"2023-03-17T12:02:57+00:00","dateModified":"2023-03-17T20:21:58+00:00","description":"MILAN-SAN REMO 2023 - D\u00e9couvrez le parcours et le profil de la 114\u00e8me \u00e9dition de Milan-San Remo, le premier Monument de la saison.","breadcrumb":{"@id":"https:\/\/dicodusport.fr\/blog\/milan-san-remo-2023-parcours-et-profil\/#breadcrumb"},"inLanguage":"fr-FR","potentialAction":[{"@type":"ReadAction","target":["https:\/\/dicodusport.fr\/blog\/milan-san-remo-2023-parcours-et-profil\/"]}]},{"@type":"ImageObject","inLanguage":"fr-FR","@id":"https:\/\/dicodusport.fr\/blog\/milan-san-remo-2023-parcours-et-profil\/#primaryimage","url":"https:\/\/dicodusport.fr\/blog\/wp-content\/uploads\/2023\/03\/Milan-San-Remo-2023-Parcours-et-profil.png","contentUrl":"https:\/\/dicodusport.fr\/blog\/wp-content\/uploads\/2023\/03\/Milan-San-Remo-2023-Parcours-et-profil.png","width":800,"height":445,"caption":"Milan-San Remo 2023 Parcours et profil"},{"@type":"BreadcrumbList","@id":"https:\/\/dicodusport.fr\/blog\/milan-san-remo-2023-parcours-et-profil\/#breadcrumb","itemListElement":[{"@type":"ListItem","position":1,"name":"Accueil","item":"https:\/\/dicodusport.fr\/blog\/"},{"@type":"ListItem","position":2,"name":"Milan-San Remo 2023 : Parcours et profil"}]},{"@type":"WebSite","@id":"https:\/\/dicodusport.fr\/blog\/#website","url":"https:\/\/dicodusport.fr\/blog\/","name":"Dicodusport","description":"L&#039;encyclop\u00e9die de l&#039;actualit\u00e9 sportive","publisher":{"@id":"https:\/\/dicodusport.fr\/blog\/#organization"},"potentialAction":[{"@type":"SearchAction","target":{"@type":"EntryPoint","urlTemplate":"https:\/\/dicodusport.fr\/blog\/?s={search_term_string}"},"query-input":{"@type":"PropertyValueSpecification","valueRequired":true,"valueName":"search_term_string"}}],"inLanguage":"fr-FR"},{"@type":"NewsMediaOrganization","@id":"https:\/\/dicodusport.fr\/blog\/#organization","name":"Dicodusport","url":"https:\/\/dicodusport.fr\/blog\/","logo":{"@type":"ImageObject","inLanguage":"fr-FR","@id":"https:\/\/dicodusport.fr\/blog\/#\/schema\/logo\/image\/","url":"https:\/\/dicodusport.fr\/blog\/wp-content\/uploads\/2020\/06\/cropped-LOGO-DICODUSPORT-2020-SANS-FOND-SANS-TEXTE.png","contentUrl":"https:\/\/dicodusport.fr\/blog\/wp-content\/uploads\/2020\/06\/cropped-LOGO-DICODUSPORT-2020-SANS-FOND-SANS-TEXTE.png","width":512,"height":512,"caption":"Dicodusport"},"image":{"@id":"https:\/\/dicodusport.fr\/blog\/#\/schema\/logo\/image\/"},"sameAs":["https:\/\/www.facebook.com\/dicodusport","https:\/\/x.com\/dicodusport","https:\/\/www.instagram.com\/dicodusport\/","https:\/\/www.youtube.com\/channel\/UC7V2KZ5sd3htJivAbA4ZG3w"],"description":"Dicodusport est l'encyclop\u00e9die de l'actualit\u00e9 sportive.","email":"bonjour@dicodusport.fr","legalName":"DICODUSPORT","foundingDate":"2018-01-14","vatID":"FR71834470973","taxID":"83447097300043","numberOfEmployees":{"@type":"QuantitativeValue","minValue":"1","maxValue":"10"}},{"@type":"Person","@id":"https:\/\/dicodusport.fr\/blog\/#\/schema\/person\/6db4bae06b171592211be385b32876a7","name":"Emilien Descampiaux","image":{"@type":"ImageObject","inLanguage":"fr-FR","@id":"https:\/\/dicodusport.fr\/blog\/#\/schema\/person\/image\/","url":"https:\/\/dicodusport.fr\/blog\/wp-content\/uploads\/2021\/05\/Emilien-Descampiaux-150x150.jpg","contentUrl":"https:\/\/dicodusport.fr\/blog\/wp-content\/uploads\/2021\/05\/Emilien-Descampiaux-150x150.jpg","caption":"Emilien Descampiaux"},"description":"Journaliste\/r\u00e9dacteur depuis 2014 - Fan de la classe de Frank Vandenbroucke, je vis cyclisme (et de ses paysages) depuis plus de 20 ans. Je suis tr\u00e8s impliqu\u00e9 sur mes diff\u00e9rents r\u00e9seaux sociaux pour partager ma passion sur le monde et l'Histoire de la bicyclette avec ma voix sur les images en noir et blanc du succ\u00e8s de Rik Van Steenbergen lors du Ronde sur le V\u00e9lodrome de Gand.","sameAs":["https:\/\/www.facebook.com\/groups\/LesRoisDuPeloton","https:\/\/x.com\/https:\/\/twitter.com\/LRoisDuPeloton"],"url":"https:\/\/dicodusport.fr\/blog\/author\/emiliend\/"}]}},"_links":{"self":[{"href":"https:\/\/dicodusport.fr\/blog\/wp-json\/wp\/v2\/posts\/365151","targetHints":{"allow":["GET"]}}],"collection":[{"href":"https:\/\/dicodusport.fr\/blog\/wp-json\/wp\/v2\/posts"}],"about":[{"href":"https:\/\/dicodusport.fr\/blog\/wp-json\/wp\/v2\/types\/post"}],"author":[{"embeddable":true,"href":"https:\/\/dicodusport.fr\/blog\/wp-json\/wp\/v2\/users\/48"}],"replies":[{"embeddable":true,"href":"https:\/\/dicodusport.fr\/blog\/wp-json\/wp\/v2\/comments?post=365151"}],"version-history":[{"count":0,"href":"https:\/\/dicodusport.fr\/blog\/wp-json\/wp\/v2\/posts\/365151\/revisions"}],"wp:featuredmedia":[{"embeddable":true,"href":"https:\/\/dicodusport.fr\/blog\/wp-json\/wp\/v2\/media\/365797"}],"wp:attachment":[{"href":"https:\/\/dicodusport.fr\/blog\/wp-json\/wp\/v2\/media?parent=365151"}],"wp:term":[{"taxonomy":"category","embeddable":true,"href":"https:\/\/dicodusport.fr\/blog\/wp-json\/wp\/v2\/categories?post=365151"},{"taxonomy":"post_tag","embeddable":true,"href":"https:\/\/dicodusport.fr\/blog\/wp-json\/wp\/v2\/tags?post=365151"}],"curies":[{"name":"wp","href":"https:\/\/api.w.org\/{rel}","templated":true}]}}