{"id":365214,"date":"2023-03-13T18:32:20","date_gmt":"2023-03-13T17:32:20","guid":{"rendered":"https:\/\/dicodusport.fr\/blog\/?p=365214&#038;preview=true&#038;preview_id=365214"},"modified":"2023-03-13T18:55:06","modified_gmt":"2023-03-13T17:55:06","slug":"michel-platini-ne-veut-pas-devenir-president-de-la-federation-francaise-de-football","status":"publish","type":"post","link":"https:\/\/dicodusport.fr\/blog\/michel-platini-ne-veut-pas-devenir-president-de-la-federation-francaise-de-football\/","title":{"rendered":"Michel Platini ne veut pas devenir pr\u00e9sident de la F\u00e9d\u00e9ration Fran\u00e7aise de Football"},"content":{"rendered":"<p align=\"justify\"><em><strong>FOOTBALL &#8211; Dans l&rsquo;\u00e9mission \u00ab\u00a0Rothen s&rsquo;enflamme\u00a0\u00bb sur RMC, Michel Platini a expliqu\u00e9 qu&rsquo;il ne serait pas candidat au poste de pr\u00e9sident de la F\u00e9d\u00e9ration Fran\u00e7aise de Football.\u00a0<\/strong><\/em><\/p>\n<p align=\"justify\">Le nom de <strong>Michel<\/strong> <strong>Platini<\/strong> revenait avec insistance pour venir jouer les pompiers \u00e0 la <strong>F\u00e9d\u00e9ration Fran\u00e7aise de Football<\/strong>. Avec le d\u00e9part de <strong>No\u00ebl<\/strong> <strong>Le<\/strong> <strong>Gra\u00ebt<\/strong> et des derniers mois compliqu\u00e9s, l&rsquo;instance du football fran\u00e7ais va devoir se chercher un nouveau patron, mais ce ne sera pas l&rsquo;ancien num\u00e9ro 10 des <strong>Bleus<\/strong>. Ce lundi, il a clarifi\u00e9 les choses.<\/p>\n<blockquote>\n<p align=\"justify\">On va clarifier les choses, je suis me pr\u00e9par\u00e9. J\u2019ai fait une d\u00e9claration au mois de juillet quand j&rsquo;ai \u00e9t\u00e9 blanchi de mes affaires en Suisse. J&rsquo;ai dit que je ne reviendrai plus dans les institutions du football. Point final, je ne reviendrai pas dans les institutions du football. Il me semble que la F\u00e9d\u00e9ration fran\u00e7aise fait partie des instances du football. Donc je ne reviendrai pas dans le football ni \u00e0 la F\u00e9d\u00e9ration fran\u00e7aise.<\/p>\n<\/blockquote>\n<p align=\"justify\">Au moins, cette sortie m\u00e9diatique a le m\u00e9rite d&rsquo;\u00eatre claire ! La <strong>F\u00e9d\u00e9ration Fran\u00e7aise de Football<\/strong>, qui est pour le moment dirig\u00e9e par <strong>Philippe<\/strong> <strong>Diallo<\/strong>, va donc devoir se chercher un autre homme providentiel. Sur son rendez-vous avec la Ministre des Sports, <strong>Michel<\/strong> <strong>Platini<\/strong> a expliqu\u00e9 qu&rsquo;il \u00e9tait pr\u00e9vu de longue date et qu&rsquo;il n&rsquo;avait pas \u00e9t\u00e9 question du poste de pr\u00e9sident de la <strong>FFF<\/strong>.<\/p>\n<blockquote class=\"twitter-tweet\">\n<p dir=\"ltr\" lang=\"fr\">\ud83d\udea8 Platini ne sera pas candidat \u00e0 la FFF !<\/p>\n<p>Invit\u00e9 de l\u2019\u00e9mission Rothen s\u2019enflamme ce lundi sur RMC, Michel Platini s&rsquo;est montr\u00e9 tr\u00e8s clair sur une \u00e9ventuelle arriv\u00e9e \u00e0 la pr\u00e9sidence de la FFF : c&rsquo;est non.<\/p>\n<p>\u2014 RMC Sport (@RMCsport) <a href=\"https:\/\/twitter.com\/RMCsport\/status\/1635330636276719616?ref_src=twsrc%5Etfw\">March 13, 2023<\/a><\/p><\/blockquote>\n<p><script async src=\"https:\/\/platform.twitter.com\/widgets.js\" charset=\"utf-8\"><\/script><\/p>\n","protected":false},"excerpt":{"rendered":"<p>FOOTBALL &#8211; Dans l&rsquo;\u00e9mission \u00ab\u00a0Rothen s&rsquo;enflamme\u00a0\u00bb sur RMC, Michel Platini a expliqu\u00e9 qu&rsquo;il ne serait pas candidat au poste de pr\u00e9sident de la F\u00e9d\u00e9ration Fran\u00e7aise de Football.\u00a0<\/p>\n","protected":false},"author":1,"featured_media":241202,"comment_status":"open","ping_status":"closed","sticky":false,"template":"","format":"standard","meta":{"_acf_changed":false,"_daextam_enable_autolinks":"","footnotes":""},"categories":[2301],"tags":[16878,4856,74,75,502],"class_list":["post-365214","post","type-post","status-publish","format-standard","has-post-thumbnail","hentry","category-football","tag-breve","tag-fff","tag-foot","tag-football","tag-michel-platini"],"acf":[],"yoast_head":"<!-- This site is optimized with the Yoast SEO Premium plugin v26.7 (Yoast SEO v26.7) - https:\/\/yoast.com\/wordpress\/plugins\/seo\/ -->\n<title>Michel Platini ne veut pas devenir pr\u00e9sident de la F\u00e9d\u00e9ration Fran\u00e7aise de Football<\/title>\n<meta name=\"description\" content=\"FOOTBALL - Dans l&#039;\u00e9mission &quot;Rothen s&#039;enflamme&quot;, Michel Platini a expliqu\u00e9 qu&#039;il ne serait pas candidat au poste de pr\u00e9sident de la FFF.\" \/>\n<meta name=\"robots\" content=\"index, follow, max-snippet:-1, max-image-preview:large, max-video-preview:-1\" \/>\n<link rel=\"canonical\" href=\"https:\/\/dicodusport.fr\/blog\/michel-platini-ne-veut-pas-devenir-president-de-la-federation-francaise-de-football\/\" \/>\n<meta property=\"og:locale\" content=\"fr_FR\" \/>\n<meta property=\"og:type\" content=\"article\" \/>\n<meta property=\"og:title\" content=\"Michel Platini ne veut pas devenir pr\u00e9sident de la F\u00e9d\u00e9ration Fran\u00e7aise de Football\" \/>\n<meta property=\"og:description\" content=\"FOOTBALL - Dans l&#039;\u00e9mission &quot;Rothen s&#039;enflamme&quot;, Michel Platini a expliqu\u00e9 qu&#039;il ne serait pas candidat au poste de pr\u00e9sident de la FFF.\" \/>\n<meta property=\"og:url\" content=\"https:\/\/dicodusport.fr\/blog\/michel-platini-ne-veut-pas-devenir-president-de-la-federation-francaise-de-football\/\" \/>\n<meta property=\"og:site_name\" content=\"Dicodusport\" \/>\n<meta property=\"article:publisher\" content=\"https:\/\/www.facebook.com\/dicodusport\" \/>\n<meta property=\"article:author\" content=\"https:\/\/www.facebook.com\/dicodusport\" \/>\n<meta property=\"article:published_time\" content=\"2023-03-13T17:32:20+00:00\" \/>\n<meta property=\"article:modified_time\" content=\"2023-03-13T17:55:06+00:00\" \/>\n<meta property=\"og:image\" content=\"https:\/\/dicodusport.fr\/blog\/wp-content\/uploads\/2022\/07\/Michel-Platini-et-Sepp-Blatter-acquitte\u0301s.png\" \/>\n\t<meta property=\"og:image:width\" content=\"800\" \/>\n\t<meta property=\"og:image:height\" content=\"445\" \/>\n\t<meta property=\"og:image:type\" content=\"image\/png\" \/>\n<meta name=\"author\" content=\"Nicolas Jacquemard\" \/>\n<meta name=\"twitter:card\" content=\"summary_large_image\" \/>\n<meta name=\"twitter:title\" content=\"Michel Platini ne veut pas devenir pr\u00e9sident de la F\u00e9d\u00e9ration Fran\u00e7aise de Football\" \/>\n<meta name=\"twitter:creator\" content=\"@https:\/\/twitter.com\/Nico_Jacquemard\" \/>\n<meta name=\"twitter:site\" content=\"@dicodusport\" \/>\n<script type=\"application\/ld+json\" class=\"yoast-schema-graph\">{\"@context\":\"https:\/\/schema.org\",\"@graph\":[{\"@type\":\"NewsArticle\",\"@id\":\"https:\/\/dicodusport.fr\/blog\/michel-platini-ne-veut-pas-devenir-president-de-la-federation-francaise-de-football\/#article\",\"isPartOf\":{\"@id\":\"https:\/\/dicodusport.fr\/blog\/michel-platini-ne-veut-pas-devenir-president-de-la-federation-francaise-de-football\/\"},\"author\":{\"name\":\"Nicolas Jacquemard\",\"@id\":\"https:\/\/dicodusport.fr\/blog\/#\/schema\/person\/55dcb50ad410894e431ed812bbb70191\"},\"headline\":\"Michel Platini ne veut pas devenir pr\u00e9sident de la F\u00e9d\u00e9ration Fran\u00e7aise de Football\",\"datePublished\":\"2023-03-13T17:32:20+00:00\",\"dateModified\":\"2023-03-13T17:55:06+00:00\",\"mainEntityOfPage\":{\"@id\":\"https:\/\/dicodusport.fr\/blog\/michel-platini-ne-veut-pas-devenir-president-de-la-federation-francaise-de-football\/\"},\"wordCount\":324,\"commentCount\":1,\"publisher\":{\"@id\":\"https:\/\/dicodusport.fr\/blog\/#organization\"},\"image\":{\"@id\":\"https:\/\/dicodusport.fr\/blog\/michel-platini-ne-veut-pas-devenir-president-de-la-federation-francaise-de-football\/#primaryimage\"},\"thumbnailUrl\":\"https:\/\/dicodusport.fr\/blog\/wp-content\/uploads\/2022\/07\/Michel-Platini-et-Sepp-Blatter-acquitte\u0301s.png\",\"keywords\":[\"br\u00e8ve\",\"FFF\",\"foot\",\"Football\",\"Michel Platini\"],\"articleSection\":[\"Football\"],\"inLanguage\":\"fr-FR\",\"potentialAction\":[{\"@type\":\"CommentAction\",\"name\":\"Comment\",\"target\":[\"https:\/\/dicodusport.fr\/blog\/michel-platini-ne-veut-pas-devenir-president-de-la-federation-francaise-de-football\/#respond\"]}],\"copyrightYear\":\"2023\",\"copyrightHolder\":{\"@id\":\"https:\/\/dicodusport.fr\/blog\/#organization\"}},{\"@type\":\"WebPage\",\"@id\":\"https:\/\/dicodusport.fr\/blog\/michel-platini-ne-veut-pas-devenir-president-de-la-federation-francaise-de-football\/\",\"url\":\"https:\/\/dicodusport.fr\/blog\/michel-platini-ne-veut-pas-devenir-president-de-la-federation-francaise-de-football\/\",\"name\":\"Michel Platini ne veut pas devenir pr\u00e9sident de la F\u00e9d\u00e9ration Fran\u00e7aise de Football\",\"isPartOf\":{\"@id\":\"https:\/\/dicodusport.fr\/blog\/#website\"},\"primaryImageOfPage\":{\"@id\":\"https:\/\/dicodusport.fr\/blog\/michel-platini-ne-veut-pas-devenir-president-de-la-federation-francaise-de-football\/#primaryimage\"},\"image\":{\"@id\":\"https:\/\/dicodusport.fr\/blog\/michel-platini-ne-veut-pas-devenir-president-de-la-federation-francaise-de-football\/#primaryimage\"},\"thumbnailUrl\":\"https:\/\/dicodusport.fr\/blog\/wp-content\/uploads\/2022\/07\/Michel-Platini-et-Sepp-Blatter-acquitte\u0301s.png\",\"datePublished\":\"2023-03-13T17:32:20+00:00\",\"dateModified\":\"2023-03-13T17:55:06+00:00\",\"description\":\"FOOTBALL - Dans l'\u00e9mission \\\"Rothen s'enflamme\\\", Michel Platini a expliqu\u00e9 qu'il ne serait pas candidat au poste de pr\u00e9sident de la FFF.\",\"breadcrumb\":{\"@id\":\"https:\/\/dicodusport.fr\/blog\/michel-platini-ne-veut-pas-devenir-president-de-la-federation-francaise-de-football\/#breadcrumb\"},\"inLanguage\":\"fr-FR\",\"potentialAction\":[{\"@type\":\"ReadAction\",\"target\":[\"https:\/\/dicodusport.fr\/blog\/michel-platini-ne-veut-pas-devenir-president-de-la-federation-francaise-de-football\/\"]}]},{\"@type\":\"ImageObject\",\"inLanguage\":\"fr-FR\",\"@id\":\"https:\/\/dicodusport.fr\/blog\/michel-platini-ne-veut-pas-devenir-president-de-la-federation-francaise-de-football\/#primaryimage\",\"url\":\"https:\/\/dicodusport.fr\/blog\/wp-content\/uploads\/2022\/07\/Michel-Platini-et-Sepp-Blatter-acquitte\u0301s.png\",\"contentUrl\":\"https:\/\/dicodusport.fr\/blog\/wp-content\/uploads\/2022\/07\/Michel-Platini-et-Sepp-Blatter-acquitte\u0301s.png\",\"width\":800,\"height\":445},{\"@type\":\"BreadcrumbList\",\"@id\":\"https:\/\/dicodusport.fr\/blog\/michel-platini-ne-veut-pas-devenir-president-de-la-federation-francaise-de-football\/#breadcrumb\",\"itemListElement\":[{\"@type\":\"ListItem\",\"position\":1,\"name\":\"Accueil\",\"item\":\"https:\/\/dicodusport.fr\/blog\/\"},{\"@type\":\"ListItem\",\"position\":2,\"name\":\"Michel Platini ne veut pas devenir pr\u00e9sident de la F\u00e9d\u00e9ration Fran\u00e7aise de Football\"}]},{\"@type\":\"WebSite\",\"@id\":\"https:\/\/dicodusport.fr\/blog\/#website\",\"url\":\"https:\/\/dicodusport.fr\/blog\/\",\"name\":\"Dicodusport\",\"description\":\"L&#039;encyclop\u00e9die de l&#039;actualit\u00e9 sportive\",\"publisher\":{\"@id\":\"https:\/\/dicodusport.fr\/blog\/#organization\"},\"potentialAction\":[{\"@type\":\"SearchAction\",\"target\":{\"@type\":\"EntryPoint\",\"urlTemplate\":\"https:\/\/dicodusport.fr\/blog\/?s={search_term_string}\"},\"query-input\":{\"@type\":\"PropertyValueSpecification\",\"valueRequired\":true,\"valueName\":\"search_term_string\"}}],\"inLanguage\":\"fr-FR\"},{\"@type\":\"NewsMediaOrganization\",\"@id\":\"https:\/\/dicodusport.fr\/blog\/#organization\",\"name\":\"Dicodusport\",\"url\":\"https:\/\/dicodusport.fr\/blog\/\",\"logo\":{\"@type\":\"ImageObject\",\"inLanguage\":\"fr-FR\",\"@id\":\"https:\/\/dicodusport.fr\/blog\/#\/schema\/logo\/image\/\",\"url\":\"https:\/\/dicodusport.fr\/blog\/wp-content\/uploads\/2020\/06\/cropped-LOGO-DICODUSPORT-2020-SANS-FOND-SANS-TEXTE.png\",\"contentUrl\":\"https:\/\/dicodusport.fr\/blog\/wp-content\/uploads\/2020\/06\/cropped-LOGO-DICODUSPORT-2020-SANS-FOND-SANS-TEXTE.png\",\"width\":512,\"height\":512,\"caption\":\"Dicodusport\"},\"image\":{\"@id\":\"https:\/\/dicodusport.fr\/blog\/#\/schema\/logo\/image\/\"},\"sameAs\":[\"https:\/\/www.facebook.com\/dicodusport\",\"https:\/\/x.com\/dicodusport\",\"https:\/\/www.instagram.com\/dicodusport\/\",\"https:\/\/www.youtube.com\/channel\/UC7V2KZ5sd3htJivAbA4ZG3w\"],\"description\":\"Dicodusport est l'encyclop\u00e9die de l'actualit\u00e9 sportive.\",\"email\":\"bonjour@dicodusport.fr\",\"legalName\":\"DICODUSPORT\",\"foundingDate\":\"2018-01-14\",\"vatID\":\"FR71834470973\",\"taxID\":\"83447097300043\",\"numberOfEmployees\":{\"@type\":\"QuantitativeValue\",\"minValue\":\"1\",\"maxValue\":\"10\"}},{\"@type\":\"Person\",\"@id\":\"https:\/\/dicodusport.fr\/blog\/#\/schema\/person\/55dcb50ad410894e431ed812bbb70191\",\"name\":\"Nicolas Jacquemard\",\"image\":{\"@type\":\"ImageObject\",\"inLanguage\":\"fr-FR\",\"@id\":\"https:\/\/dicodusport.fr\/blog\/#\/schema\/person\/image\/\",\"url\":\"https:\/\/dicodusport.fr\/blog\/wp-content\/uploads\/2021\/05\/Nicolas-Jacquemard-150x150.jpeg\",\"contentUrl\":\"https:\/\/dicodusport.fr\/blog\/wp-content\/uploads\/2021\/05\/Nicolas-Jacquemard-150x150.jpeg\",\"caption\":\"Nicolas Jacquemard\"},\"description\":\"Passionn\u00e9 de sport et entrepreneur depuis mes 18 ans, la cr\u00e9ation de Dicodusport m'a sembl\u00e9 \u00e9vidente pour participer \u00e0 la m\u00e9diatisation d'un plus grand nombre de sports. Le chemin est long mais avec une \u00e9quipe des plus motiv\u00e9es et les Jeux Olympiques de Paris 2024 en point de mire, nous y arriverons ! Journaliste dans le monde du sport depuis plus de 5 ans, je traite aussi bien de football, de rugby, de biathlon que de cyclisme.\",\"sameAs\":[\"https:\/\/www.facebook.com\/dicodusport\",\"https:\/\/x.com\/https:\/\/twitter.com\/Nico_Jacquemard\"],\"url\":\"https:\/\/dicodusport.fr\/blog\/author\/dicodusport\/\"}]}<\/script>\n<!-- \/ Yoast SEO Premium plugin. -->","yoast_head_json":{"title":"Michel Platini ne veut pas devenir pr\u00e9sident de la F\u00e9d\u00e9ration Fran\u00e7aise de Football","description":"FOOTBALL - Dans l'\u00e9mission \"Rothen s'enflamme\", Michel Platini a expliqu\u00e9 qu'il ne serait pas candidat au poste de pr\u00e9sident de la FFF.","robots":{"index":"index","follow":"follow","max-snippet":"max-snippet:-1","max-image-preview":"max-image-preview:large","max-video-preview":"max-video-preview:-1"},"canonical":"https:\/\/dicodusport.fr\/blog\/michel-platini-ne-veut-pas-devenir-president-de-la-federation-francaise-de-football\/","og_locale":"fr_FR","og_type":"article","og_title":"Michel Platini ne veut pas devenir pr\u00e9sident de la F\u00e9d\u00e9ration Fran\u00e7aise de Football","og_description":"FOOTBALL - Dans l'\u00e9mission \"Rothen s'enflamme\", Michel Platini a expliqu\u00e9 qu'il ne serait pas candidat au poste de pr\u00e9sident de la FFF.","og_url":"https:\/\/dicodusport.fr\/blog\/michel-platini-ne-veut-pas-devenir-president-de-la-federation-francaise-de-football\/","og_site_name":"Dicodusport","article_publisher":"https:\/\/www.facebook.com\/dicodusport","article_author":"https:\/\/www.facebook.com\/dicodusport","article_published_time":"2023-03-13T17:32:20+00:00","article_modified_time":"2023-03-13T17:55:06+00:00","og_image":[{"width":800,"height":445,"url":"https:\/\/dicodusport.fr\/blog\/wp-content\/uploads\/2022\/07\/Michel-Platini-et-Sepp-Blatter-acquitte\u0301s.png","type":"image\/png"}],"author":"Nicolas Jacquemard","twitter_card":"summary_large_image","twitter_title":"Michel Platini ne veut pas devenir pr\u00e9sident de la F\u00e9d\u00e9ration Fran\u00e7aise de Football","twitter_creator":"@https:\/\/twitter.com\/Nico_Jacquemard","twitter_site":"@dicodusport","schema":{"@context":"https:\/\/schema.org","@graph":[{"@type":"NewsArticle","@id":"https:\/\/dicodusport.fr\/blog\/michel-platini-ne-veut-pas-devenir-president-de-la-federation-francaise-de-football\/#article","isPartOf":{"@id":"https:\/\/dicodusport.fr\/blog\/michel-platini-ne-veut-pas-devenir-president-de-la-federation-francaise-de-football\/"},"author":{"name":"Nicolas Jacquemard","@id":"https:\/\/dicodusport.fr\/blog\/#\/schema\/person\/55dcb50ad410894e431ed812bbb70191"},"headline":"Michel Platini ne veut pas devenir pr\u00e9sident de la F\u00e9d\u00e9ration Fran\u00e7aise de Football","datePublished":"2023-03-13T17:32:20+00:00","dateModified":"2023-03-13T17:55:06+00:00","mainEntityOfPage":{"@id":"https:\/\/dicodusport.fr\/blog\/michel-platini-ne-veut-pas-devenir-president-de-la-federation-francaise-de-football\/"},"wordCount":324,"commentCount":1,"publisher":{"@id":"https:\/\/dicodusport.fr\/blog\/#organization"},"image":{"@id":"https:\/\/dicodusport.fr\/blog\/michel-platini-ne-veut-pas-devenir-president-de-la-federation-francaise-de-football\/#primaryimage"},"thumbnailUrl":"https:\/\/dicodusport.fr\/blog\/wp-content\/uploads\/2022\/07\/Michel-Platini-et-Sepp-Blatter-acquitte\u0301s.png","keywords":["br\u00e8ve","FFF","foot","Football","Michel Platini"],"articleSection":["Football"],"inLanguage":"fr-FR","potentialAction":[{"@type":"CommentAction","name":"Comment","target":["https:\/\/dicodusport.fr\/blog\/michel-platini-ne-veut-pas-devenir-president-de-la-federation-francaise-de-football\/#respond"]}],"copyrightYear":"2023","copyrightHolder":{"@id":"https:\/\/dicodusport.fr\/blog\/#organization"}},{"@type":"WebPage","@id":"https:\/\/dicodusport.fr\/blog\/michel-platini-ne-veut-pas-devenir-president-de-la-federation-francaise-de-football\/","url":"https:\/\/dicodusport.fr\/blog\/michel-platini-ne-veut-pas-devenir-president-de-la-federation-francaise-de-football\/","name":"Michel Platini ne veut pas devenir pr\u00e9sident de la F\u00e9d\u00e9ration Fran\u00e7aise de Football","isPartOf":{"@id":"https:\/\/dicodusport.fr\/blog\/#website"},"primaryImageOfPage":{"@id":"https:\/\/dicodusport.fr\/blog\/michel-platini-ne-veut-pas-devenir-president-de-la-federation-francaise-de-football\/#primaryimage"},"image":{"@id":"https:\/\/dicodusport.fr\/blog\/michel-platini-ne-veut-pas-devenir-president-de-la-federation-francaise-de-football\/#primaryimage"},"thumbnailUrl":"https:\/\/dicodusport.fr\/blog\/wp-content\/uploads\/2022\/07\/Michel-Platini-et-Sepp-Blatter-acquitte\u0301s.png","datePublished":"2023-03-13T17:32:20+00:00","dateModified":"2023-03-13T17:55:06+00:00","description":"FOOTBALL - Dans l'\u00e9mission \"Rothen s'enflamme\", Michel Platini a expliqu\u00e9 qu'il ne serait pas candidat au poste de pr\u00e9sident de la FFF.","breadcrumb":{"@id":"https:\/\/dicodusport.fr\/blog\/michel-platini-ne-veut-pas-devenir-president-de-la-federation-francaise-de-football\/#breadcrumb"},"inLanguage":"fr-FR","potentialAction":[{"@type":"ReadAction","target":["https:\/\/dicodusport.fr\/blog\/michel-platini-ne-veut-pas-devenir-president-de-la-federation-francaise-de-football\/"]}]},{"@type":"ImageObject","inLanguage":"fr-FR","@id":"https:\/\/dicodusport.fr\/blog\/michel-platini-ne-veut-pas-devenir-president-de-la-federation-francaise-de-football\/#primaryimage","url":"https:\/\/dicodusport.fr\/blog\/wp-content\/uploads\/2022\/07\/Michel-Platini-et-Sepp-Blatter-acquitte\u0301s.png","contentUrl":"https:\/\/dicodusport.fr\/blog\/wp-content\/uploads\/2022\/07\/Michel-Platini-et-Sepp-Blatter-acquitte\u0301s.png","width":800,"height":445},{"@type":"BreadcrumbList","@id":"https:\/\/dicodusport.fr\/blog\/michel-platini-ne-veut-pas-devenir-president-de-la-federation-francaise-de-football\/#breadcrumb","itemListElement":[{"@type":"ListItem","position":1,"name":"Accueil","item":"https:\/\/dicodusport.fr\/blog\/"},{"@type":"ListItem","position":2,"name":"Michel Platini ne veut pas devenir pr\u00e9sident de la F\u00e9d\u00e9ration Fran\u00e7aise de Football"}]},{"@type":"WebSite","@id":"https:\/\/dicodusport.fr\/blog\/#website","url":"https:\/\/dicodusport.fr\/blog\/","name":"Dicodusport","description":"L&#039;encyclop\u00e9die de l&#039;actualit\u00e9 sportive","publisher":{"@id":"https:\/\/dicodusport.fr\/blog\/#organization"},"potentialAction":[{"@type":"SearchAction","target":{"@type":"EntryPoint","urlTemplate":"https:\/\/dicodusport.fr\/blog\/?s={search_term_string}"},"query-input":{"@type":"PropertyValueSpecification","valueRequired":true,"valueName":"search_term_string"}}],"inLanguage":"fr-FR"},{"@type":"NewsMediaOrganization","@id":"https:\/\/dicodusport.fr\/blog\/#organization","name":"Dicodusport","url":"https:\/\/dicodusport.fr\/blog\/","logo":{"@type":"ImageObject","inLanguage":"fr-FR","@id":"https:\/\/dicodusport.fr\/blog\/#\/schema\/logo\/image\/","url":"https:\/\/dicodusport.fr\/blog\/wp-content\/uploads\/2020\/06\/cropped-LOGO-DICODUSPORT-2020-SANS-FOND-SANS-TEXTE.png","contentUrl":"https:\/\/dicodusport.fr\/blog\/wp-content\/uploads\/2020\/06\/cropped-LOGO-DICODUSPORT-2020-SANS-FOND-SANS-TEXTE.png","width":512,"height":512,"caption":"Dicodusport"},"image":{"@id":"https:\/\/dicodusport.fr\/blog\/#\/schema\/logo\/image\/"},"sameAs":["https:\/\/www.facebook.com\/dicodusport","https:\/\/x.com\/dicodusport","https:\/\/www.instagram.com\/dicodusport\/","https:\/\/www.youtube.com\/channel\/UC7V2KZ5sd3htJivAbA4ZG3w"],"description":"Dicodusport est l'encyclop\u00e9die de l'actualit\u00e9 sportive.","email":"bonjour@dicodusport.fr","legalName":"DICODUSPORT","foundingDate":"2018-01-14","vatID":"FR71834470973","taxID":"83447097300043","numberOfEmployees":{"@type":"QuantitativeValue","minValue":"1","maxValue":"10"}},{"@type":"Person","@id":"https:\/\/dicodusport.fr\/blog\/#\/schema\/person\/55dcb50ad410894e431ed812bbb70191","name":"Nicolas Jacquemard","image":{"@type":"ImageObject","inLanguage":"fr-FR","@id":"https:\/\/dicodusport.fr\/blog\/#\/schema\/person\/image\/","url":"https:\/\/dicodusport.fr\/blog\/wp-content\/uploads\/2021\/05\/Nicolas-Jacquemard-150x150.jpeg","contentUrl":"https:\/\/dicodusport.fr\/blog\/wp-content\/uploads\/2021\/05\/Nicolas-Jacquemard-150x150.jpeg","caption":"Nicolas Jacquemard"},"description":"Passionn\u00e9 de sport et entrepreneur depuis mes 18 ans, la cr\u00e9ation de Dicodusport m'a sembl\u00e9 \u00e9vidente pour participer \u00e0 la m\u00e9diatisation d'un plus grand nombre de sports. Le chemin est long mais avec une \u00e9quipe des plus motiv\u00e9es et les Jeux Olympiques de Paris 2024 en point de mire, nous y arriverons ! Journaliste dans le monde du sport depuis plus de 5 ans, je traite aussi bien de football, de rugby, de biathlon que de cyclisme.","sameAs":["https:\/\/www.facebook.com\/dicodusport","https:\/\/x.com\/https:\/\/twitter.com\/Nico_Jacquemard"],"url":"https:\/\/dicodusport.fr\/blog\/author\/dicodusport\/"}]}},"_links":{"self":[{"href":"https:\/\/dicodusport.fr\/blog\/wp-json\/wp\/v2\/posts\/365214","targetHints":{"allow":["GET"]}}],"collection":[{"href":"https:\/\/dicodusport.fr\/blog\/wp-json\/wp\/v2\/posts"}],"about":[{"href":"https:\/\/dicodusport.fr\/blog\/wp-json\/wp\/v2\/types\/post"}],"author":[{"embeddable":true,"href":"https:\/\/dicodusport.fr\/blog\/wp-json\/wp\/v2\/users\/1"}],"replies":[{"embeddable":true,"href":"https:\/\/dicodusport.fr\/blog\/wp-json\/wp\/v2\/comments?post=365214"}],"version-history":[{"count":0,"href":"https:\/\/dicodusport.fr\/blog\/wp-json\/wp\/v2\/posts\/365214\/revisions"}],"wp:featuredmedia":[{"embeddable":true,"href":"https:\/\/dicodusport.fr\/blog\/wp-json\/wp\/v2\/media\/241202"}],"wp:attachment":[{"href":"https:\/\/dicodusport.fr\/blog\/wp-json\/wp\/v2\/media?parent=365214"}],"wp:term":[{"taxonomy":"category","embeddable":true,"href":"https:\/\/dicodusport.fr\/blog\/wp-json\/wp\/v2\/categories?post=365214"},{"taxonomy":"post_tag","embeddable":true,"href":"https:\/\/dicodusport.fr\/blog\/wp-json\/wp\/v2\/tags?post=365214"}],"curies":[{"name":"wp","href":"https:\/\/api.w.org\/{rel}","templated":true}]}}