{"id":365276,"date":"2023-03-14T09:48:45","date_gmt":"2023-03-14T08:48:45","guid":{"rendered":"https:\/\/dicodusport.fr\/blog\/?p=365276&#038;preview=true&#038;preview_id=365276"},"modified":"2023-03-14T14:10:36","modified_gmt":"2023-03-14T13:10:36","slug":"biathlon-marte-olsbu-roeiseland-met-un-terme-a-son-immense-carriere","status":"publish","type":"post","link":"https:\/\/dicodusport.fr\/blog\/biathlon-marte-olsbu-roeiseland-met-un-terme-a-son-immense-carriere\/","title":{"rendered":"Biathlon : Marte Olsbu Roeiseland met un terme \u00e0 son immense carri\u00e8re"},"content":{"rendered":"<p style=\"text-align: justify;\" align=\"justify\"><em><strong><a href=\"https:\/\/dicodusport.fr\/blog\/actualites\/biathlon\/\">BIATHLON<\/a> &#8211; La Norv\u00e9gienne Marte Olsbu Roeiseland, 32 ans, va mettre un terme \u00e0 sa carri\u00e8re \u00e0 l&rsquo;issue de cette saison 2022-2023 ! L&rsquo;une des plus grands biathl\u00e8tes du 21\u00e8me si\u00e8cle disputera sa derni\u00e8re course ce dimanche, \u00e0 l&rsquo;occasion de la mass start d&rsquo;Oslo (Norv\u00e8ge), \u00e0 domicile donc.\u00a0<\/strong><\/em><\/p>\n<p align=\"justify\">L&rsquo;une des Reines du biathlon mondial va tirer sa r\u00e9v\u00e9rence. Ce mardi matin, l&rsquo;IBU, la f\u00e9d\u00e9ration internationale de biathlon, a annonc\u00e9 la retraite de l&rsquo;immense <strong>Marte Olsbu Roeiseland<\/strong> ! \u00c0 32 ans, la Norv\u00e9gienne a en effet d\u00e9cid\u00e9 de mettre un terme \u00e0 sa carri\u00e8re \u00e0 l&rsquo;issue de <a href=\"https:\/\/dicodusport.fr\/blog\/biathlon-finales-oslo-2023-programme-et-resultats\/\">l&rsquo;\u00e9tape d&rsquo;<strong>Oslo-Holmenkollen<\/strong><\/a>, \u00e0 domicile, ce week-end. Arriv\u00e9e sur le circuit Coupe du monde \u00e0 l&rsquo;occasion de la saison 2012-2023, la native d&rsquo;Arendal n&rsquo;a depuis cess\u00e9 de progresser dans la hi\u00e9rarchie mondiale du biathlon, jusqu&rsquo;\u00e0 son apog\u00e9e, la saison derni\u00e8re.<\/p>\n<h2 style=\"text-align: justify;\" align=\"justify\">Une saison 2021-2022 monumentale<\/h2>\n<p style=\"text-align: justify;\">Et c&rsquo;est peu de le dire. La saison pass\u00e9e, <strong>Marte Olsbu Roeiseland<\/strong> a tout simplement survol\u00e9 sa discipline. En Coupe du monde d&rsquo;abord, <strong>Roeiseland<\/strong> va remporter six courses, mais aussi et surtout, le gros globe du classement g\u00e9n\u00e9ral. La Scandinave rafle \u00e9galement les petits globes du sprint et de la poursuite. Sur un nuage, elle s&rsquo;offre cinq m\u00e9dailles lors des JO de P\u00e9kin, dont trois en or, avec notamment le doubl\u00e9 sprint-poursuite. Elle glane \u00e9galement le titre olympique sur le relais mixte simple, aux c\u00f4t\u00e9s de <strong>Tiril Eckhoff<\/strong> et des <strong>fr\u00e8res Boe<\/strong>. Bref, une saison XXL, pour celle qui a fait le choix de retarder son retour \u00e0 la comp\u00e9tition \u00e0 l&rsquo;occasion de la saison 2022-2023.<\/p>\n<p style=\"text-align: justify;\">En effet, la Norv\u00e9gienne, fatigu\u00e9e par sa saison pr\u00e9c\u00e9dente \u00e9reintante, mais \u00e9galement emb\u00eat\u00e9e par quelques soucis de sant\u00e9, effectue son retour d\u00e9but janvier, \u00e0 Pokljuka (Slov\u00e9nie), avec en ligne de mire, les <a href=\"https:\/\/dicodusport.fr\/blog\/biathlon-championnats-du-monde-2023-programme-et-resultats\/\">championnats du monde d&rsquo;Oberhof<\/a>, en Allemagne. Un retour gagnant, puisque <strong>Marte Olsbu Roeiseland<\/strong> y d\u00e9croche trois m\u00e9dailles : l&rsquo;or sur les relais mixte et simple aux c\u00f4t\u00e9s de <strong>Johannes Boe<\/strong>, et le bronze sur la poursuite. Avant de r\u00e9aliser <a href=\"https:\/\/dicodusport.fr\/blog\/biathlon-nove-mesto-2023-marte-olsbu-roeiseland-rafle-le-sprint-podium-pour-anais-chevalier-bouchet\/\">le doubl\u00e9 sprint-poursuite sur la Coupe du monde de Nove Mesto<\/a>, d\u00e9but mars.<\/p>\n<p style=\"text-align: justify;\"><strong>Roeiseland<\/strong>, c&rsquo;est aussi une biathl\u00e8te qui aime battre des records. En 2020, \u00e0 l&rsquo;occasion des Mondiaux d&rsquo;Anhtolz (Italie), elle rafle sept m\u00e9dailles en autant de courses disput\u00e9es, dont cinq titres mondiaux. \u00c0 Oberhof, en f\u00e9vrier dernier, elle est devenue la biathl\u00e8te la plus titr\u00e9e de l&rsquo;histoire des championnats du monde, avec 13 m\u00e9dailles d&rsquo;or remport\u00e9es. Immense !<\/p>\n<div id=\"attachment_365287\" style=\"width: 750px\" class=\"wp-caption aligncenter\"><a href=\"https:\/\/dicodusport.fr\/blog\/wp-content\/uploads\/2023\/03\/Marte-Olsbu-Roeiseland-et-ses-7-medailles-lors-des-championnats-du-monde-2020-a-Antholz-scaled.jpg\"><img loading=\"lazy\" decoding=\"async\" aria-describedby=\"caption-attachment-365287\" class=\"size-large wp-image-365287\" src=\"https:\/\/dicodusport.fr\/blog\/wp-content\/uploads\/2023\/03\/Marte-Olsbu-Roeiseland-et-ses-7-medailles-lors-des-championnats-du-monde-2020-a-Antholz-1024x683.jpg\" alt=\"Marte Olsbu Roeiseland et ses 7 m\u00e9dailles lors des championnats du monde 2020 \u00e0 Antholz\" width=\"740\" height=\"494\" srcset=\"https:\/\/dicodusport.fr\/blog\/wp-content\/uploads\/2023\/03\/Marte-Olsbu-Roeiseland-et-ses-7-medailles-lors-des-championnats-du-monde-2020-a-Antholz-1024x683.jpg 1024w, https:\/\/dicodusport.fr\/blog\/wp-content\/uploads\/2023\/03\/Marte-Olsbu-Roeiseland-et-ses-7-medailles-lors-des-championnats-du-monde-2020-a-Antholz-300x200.jpg 300w, https:\/\/dicodusport.fr\/blog\/wp-content\/uploads\/2023\/03\/Marte-Olsbu-Roeiseland-et-ses-7-medailles-lors-des-championnats-du-monde-2020-a-Antholz-768x512.jpg 768w, https:\/\/dicodusport.fr\/blog\/wp-content\/uploads\/2023\/03\/Marte-Olsbu-Roeiseland-et-ses-7-medailles-lors-des-championnats-du-monde-2020-a-Antholz-1536x1024.jpg 1536w, https:\/\/dicodusport.fr\/blog\/wp-content\/uploads\/2023\/03\/Marte-Olsbu-Roeiseland-et-ses-7-medailles-lors-des-championnats-du-monde-2020-a-Antholz-2048x1365.jpg 2048w\" sizes=\"auto, (max-width: 740px) 100vw, 740px\" \/><\/a><p id=\"caption-attachment-365287\" class=\"wp-caption-text\">Marte Olsbu Roeiseland et ses 7 m\u00e9dailles lors des championnats du monde 2020 \u00e0 Antholz &#8211; Photo Icon Sport<\/p><\/div>\n<h2 style=\"text-align: justify;\" align=\"justify\">Le palmar\u00e8s de Marte Olsbu Roeiseland<\/h2>\n<h3 style=\"text-align: justify;\">Aux Jeux Olympiques<\/h3>\n<ul style=\"text-align: justify;\">\n<li><strong>3 titres olympique<\/strong> (sprint et poursuite en 2022 et relais mixte en 2022).<\/li>\n<li><strong>2 m\u00e9dailles d\u2019argent<\/strong> (sprint en 2018 et relais mixte en 2018).<\/li>\n<li><strong>2 m\u00e9dailles de bronze<\/strong> (individuel en 2022 et mass start en 2022).<\/li>\n<\/ul>\n<h3 style=\"text-align: justify;\">Aux championnats du monde<\/h3>\n<ul>\n<li style=\"text-align: justify;\"><strong>13 titres mondiaux &#8211;<\/strong> sprint (2020), mass start (2020), relais dames (2016, 2019, 2020 et 2021), relais mixte (2019, 2020, 2021 et 2023) et relais mixte simple (2019, 2020 et 2023).<\/li>\n<li style=\"text-align: justify;\"><strong>4 m\u00e9dailles de bronze &#8211;<\/strong> individuel (2020), poursuite (2020 et 2023) et relais mixte (2016).<\/li>\n<\/ul>\n<h3 style=\"text-align: justify;\">En Coupe du monde<\/h3>\n<ul>\n<li style=\"text-align: justify;\">1 gros globe de cristal (2021-2022).<\/li>\n<li style=\"text-align: justify;\">2 petits globes de cristal (sprint et poursuite 2021-2022).<\/li>\n<li style=\"text-align: justify;\">15 victoires individuelles (hors Mondiaux).<\/li>\n<li style=\"text-align: justify;\">13 victoires en relais (hors Mondiaux).<\/li>\n<\/ul>\n","protected":false},"excerpt":{"rendered":"<p>BIATHLON &#8211; La Norv\u00e9gienne Marte Olsbu Roeiseland, 32 ans, va mettre un terme \u00e0 sa carri\u00e8re \u00e0 l&rsquo;issue de cette saison 2022-2023 ! L&rsquo;une des plus grands biathl\u00e8tes du 21\u00e8me si\u00e8cle disputera sa derni\u00e8re course ce dimanche, \u00e0 l&rsquo;occasion de la mass start d&rsquo;Oslo (Norv\u00e8ge), \u00e0 domicile donc.\u00a0<\/p>\n","protected":false},"author":4,"featured_media":365280,"comment_status":"open","ping_status":"closed","sticky":false,"template":"","format":"standard","meta":{"_acf_changed":false,"_daextam_enable_autolinks":"","footnotes":""},"categories":[2426],"tags":[2427,16878,7260,24],"class_list":["post-365276","post","type-post","status-publish","format-standard","has-post-thumbnail","hentry","category-biathlon","tag-biathlon","tag-breve","tag-marte-olsbu-roeiseland","tag-sport"],"acf":[],"yoast_head":"<!-- This site is optimized with the Yoast SEO Premium plugin v26.7 (Yoast SEO v26.7) - https:\/\/yoast.com\/wordpress\/plugins\/seo\/ -->\n<title>Biathlon : Marte Olsbu Roeiseland met un terme \u00e0 son immense carri\u00e8re<\/title>\n<meta name=\"description\" content=\"BIATHLON - La Norv\u00e9gienne Marte Olsbu Roeiseland, 32 ans, va mettre un terme \u00e0 sa carri\u00e8re \u00e0 l&#039;issue de cette saison 2022-2023 !\" \/>\n<meta name=\"robots\" content=\"index, follow, max-snippet:-1, max-image-preview:large, max-video-preview:-1\" \/>\n<link rel=\"canonical\" href=\"https:\/\/dicodusport.fr\/blog\/biathlon-marte-olsbu-roeiseland-met-un-terme-a-son-immense-carriere\/\" \/>\n<meta property=\"og:locale\" content=\"fr_FR\" \/>\n<meta property=\"og:type\" content=\"article\" \/>\n<meta property=\"og:title\" content=\"Biathlon : Marte Olsbu Roeiseland met un terme \u00e0 son immense carri\u00e8re\" \/>\n<meta property=\"og:description\" content=\"BIATHLON - La Norv\u00e9gienne Marte Olsbu Roeiseland, 32 ans, va mettre un terme \u00e0 sa carri\u00e8re \u00e0 l&#039;issue de cette saison 2022-2023 !\" \/>\n<meta property=\"og:url\" content=\"https:\/\/dicodusport.fr\/blog\/biathlon-marte-olsbu-roeiseland-met-un-terme-a-son-immense-carriere\/\" \/>\n<meta property=\"og:site_name\" content=\"Dicodusport\" \/>\n<meta property=\"article:publisher\" content=\"https:\/\/www.facebook.com\/dicodusport\" \/>\n<meta property=\"article:author\" content=\"https:\/\/www.facebook.com\/florent.ostermann\" \/>\n<meta property=\"article:published_time\" content=\"2023-03-14T08:48:45+00:00\" \/>\n<meta property=\"article:modified_time\" content=\"2023-03-14T13:10:36+00:00\" \/>\n<meta property=\"og:image\" content=\"https:\/\/dicodusport.fr\/blog\/wp-content\/uploads\/2023\/03\/Biathlon-Marte-Olsbu-Roeiseland-met-un-terme-a-son-immense-carriere-1.png\" \/>\n\t<meta property=\"og:image:width\" content=\"800\" \/>\n\t<meta property=\"og:image:height\" content=\"445\" \/>\n\t<meta property=\"og:image:type\" content=\"image\/png\" \/>\n<meta name=\"author\" content=\"Flo Ostermann\" \/>\n<meta name=\"twitter:card\" content=\"summary_large_image\" \/>\n<meta name=\"twitter:title\" content=\"Biathlon : Marte Olsbu Roeiseland met un terme \u00e0 son immense carri\u00e8re\" \/>\n<meta name=\"twitter:creator\" content=\"@https:\/\/twitter.com\/FlOstermann\" \/>\n<meta name=\"twitter:site\" content=\"@dicodusport\" \/>\n<script type=\"application\/ld+json\" class=\"yoast-schema-graph\">{\"@context\":\"https:\/\/schema.org\",\"@graph\":[{\"@type\":\"NewsArticle\",\"@id\":\"https:\/\/dicodusport.fr\/blog\/biathlon-marte-olsbu-roeiseland-met-un-terme-a-son-immense-carriere\/#article\",\"isPartOf\":{\"@id\":\"https:\/\/dicodusport.fr\/blog\/biathlon-marte-olsbu-roeiseland-met-un-terme-a-son-immense-carriere\/\"},\"author\":{\"name\":\"Flo Ostermann\",\"@id\":\"https:\/\/dicodusport.fr\/blog\/#\/schema\/person\/cb02af4c173ce4a653b55e9baf388d4a\"},\"headline\":\"Biathlon : Marte Olsbu Roeiseland met un terme \u00e0 son immense carri\u00e8re\",\"datePublished\":\"2023-03-14T08:48:45+00:00\",\"dateModified\":\"2023-03-14T13:10:36+00:00\",\"mainEntityOfPage\":{\"@id\":\"https:\/\/dicodusport.fr\/blog\/biathlon-marte-olsbu-roeiseland-met-un-terme-a-son-immense-carriere\/\"},\"wordCount\":579,\"commentCount\":0,\"publisher\":{\"@id\":\"https:\/\/dicodusport.fr\/blog\/#organization\"},\"image\":{\"@id\":\"https:\/\/dicodusport.fr\/blog\/biathlon-marte-olsbu-roeiseland-met-un-terme-a-son-immense-carriere\/#primaryimage\"},\"thumbnailUrl\":\"https:\/\/dicodusport.fr\/blog\/wp-content\/uploads\/2023\/03\/Biathlon-Marte-Olsbu-Roeiseland-met-un-terme-a-son-immense-carriere-1.png\",\"keywords\":[\"Biathlon\",\"br\u00e8ve\",\"Marte Olsbu Roeiseland\",\"sport\"],\"articleSection\":[\"Biathlon\"],\"inLanguage\":\"fr-FR\",\"potentialAction\":[{\"@type\":\"CommentAction\",\"name\":\"Comment\",\"target\":[\"https:\/\/dicodusport.fr\/blog\/biathlon-marte-olsbu-roeiseland-met-un-terme-a-son-immense-carriere\/#respond\"]}],\"copyrightYear\":\"2023\",\"copyrightHolder\":{\"@id\":\"https:\/\/dicodusport.fr\/blog\/#organization\"}},{\"@type\":\"WebPage\",\"@id\":\"https:\/\/dicodusport.fr\/blog\/biathlon-marte-olsbu-roeiseland-met-un-terme-a-son-immense-carriere\/\",\"url\":\"https:\/\/dicodusport.fr\/blog\/biathlon-marte-olsbu-roeiseland-met-un-terme-a-son-immense-carriere\/\",\"name\":\"Biathlon : Marte Olsbu Roeiseland met un terme \u00e0 son immense carri\u00e8re\",\"isPartOf\":{\"@id\":\"https:\/\/dicodusport.fr\/blog\/#website\"},\"primaryImageOfPage\":{\"@id\":\"https:\/\/dicodusport.fr\/blog\/biathlon-marte-olsbu-roeiseland-met-un-terme-a-son-immense-carriere\/#primaryimage\"},\"image\":{\"@id\":\"https:\/\/dicodusport.fr\/blog\/biathlon-marte-olsbu-roeiseland-met-un-terme-a-son-immense-carriere\/#primaryimage\"},\"thumbnailUrl\":\"https:\/\/dicodusport.fr\/blog\/wp-content\/uploads\/2023\/03\/Biathlon-Marte-Olsbu-Roeiseland-met-un-terme-a-son-immense-carriere-1.png\",\"datePublished\":\"2023-03-14T08:48:45+00:00\",\"dateModified\":\"2023-03-14T13:10:36+00:00\",\"description\":\"BIATHLON - La Norv\u00e9gienne Marte Olsbu Roeiseland, 32 ans, va mettre un terme \u00e0 sa carri\u00e8re \u00e0 l'issue de cette saison 2022-2023 !\",\"breadcrumb\":{\"@id\":\"https:\/\/dicodusport.fr\/blog\/biathlon-marte-olsbu-roeiseland-met-un-terme-a-son-immense-carriere\/#breadcrumb\"},\"inLanguage\":\"fr-FR\",\"potentialAction\":[{\"@type\":\"ReadAction\",\"target\":[\"https:\/\/dicodusport.fr\/blog\/biathlon-marte-olsbu-roeiseland-met-un-terme-a-son-immense-carriere\/\"]}]},{\"@type\":\"ImageObject\",\"inLanguage\":\"fr-FR\",\"@id\":\"https:\/\/dicodusport.fr\/blog\/biathlon-marte-olsbu-roeiseland-met-un-terme-a-son-immense-carriere\/#primaryimage\",\"url\":\"https:\/\/dicodusport.fr\/blog\/wp-content\/uploads\/2023\/03\/Biathlon-Marte-Olsbu-Roeiseland-met-un-terme-a-son-immense-carriere-1.png\",\"contentUrl\":\"https:\/\/dicodusport.fr\/blog\/wp-content\/uploads\/2023\/03\/Biathlon-Marte-Olsbu-Roeiseland-met-un-terme-a-son-immense-carriere-1.png\",\"width\":800,\"height\":445,\"caption\":\"Biathlon Marte Olsbu Roeiseland met un terme \u00e0 son immense carri\u00e8re (1)\"},{\"@type\":\"BreadcrumbList\",\"@id\":\"https:\/\/dicodusport.fr\/blog\/biathlon-marte-olsbu-roeiseland-met-un-terme-a-son-immense-carriere\/#breadcrumb\",\"itemListElement\":[{\"@type\":\"ListItem\",\"position\":1,\"name\":\"Accueil\",\"item\":\"https:\/\/dicodusport.fr\/blog\/\"},{\"@type\":\"ListItem\",\"position\":2,\"name\":\"Biathlon : Marte Olsbu Roeiseland met un terme \u00e0 son immense carri\u00e8re\"}]},{\"@type\":\"WebSite\",\"@id\":\"https:\/\/dicodusport.fr\/blog\/#website\",\"url\":\"https:\/\/dicodusport.fr\/blog\/\",\"name\":\"Dicodusport\",\"description\":\"L&#039;encyclop\u00e9die de l&#039;actualit\u00e9 sportive\",\"publisher\":{\"@id\":\"https:\/\/dicodusport.fr\/blog\/#organization\"},\"potentialAction\":[{\"@type\":\"SearchAction\",\"target\":{\"@type\":\"EntryPoint\",\"urlTemplate\":\"https:\/\/dicodusport.fr\/blog\/?s={search_term_string}\"},\"query-input\":{\"@type\":\"PropertyValueSpecification\",\"valueRequired\":true,\"valueName\":\"search_term_string\"}}],\"inLanguage\":\"fr-FR\"},{\"@type\":\"NewsMediaOrganization\",\"@id\":\"https:\/\/dicodusport.fr\/blog\/#organization\",\"name\":\"Dicodusport\",\"url\":\"https:\/\/dicodusport.fr\/blog\/\",\"logo\":{\"@type\":\"ImageObject\",\"inLanguage\":\"fr-FR\",\"@id\":\"https:\/\/dicodusport.fr\/blog\/#\/schema\/logo\/image\/\",\"url\":\"https:\/\/dicodusport.fr\/blog\/wp-content\/uploads\/2020\/06\/cropped-LOGO-DICODUSPORT-2020-SANS-FOND-SANS-TEXTE.png\",\"contentUrl\":\"https:\/\/dicodusport.fr\/blog\/wp-content\/uploads\/2020\/06\/cropped-LOGO-DICODUSPORT-2020-SANS-FOND-SANS-TEXTE.png\",\"width\":512,\"height\":512,\"caption\":\"Dicodusport\"},\"image\":{\"@id\":\"https:\/\/dicodusport.fr\/blog\/#\/schema\/logo\/image\/\"},\"sameAs\":[\"https:\/\/www.facebook.com\/dicodusport\",\"https:\/\/x.com\/dicodusport\",\"https:\/\/www.instagram.com\/dicodusport\/\",\"https:\/\/www.youtube.com\/channel\/UC7V2KZ5sd3htJivAbA4ZG3w\"],\"description\":\"Dicodusport est l'encyclop\u00e9die de l'actualit\u00e9 sportive.\",\"email\":\"bonjour@dicodusport.fr\",\"legalName\":\"DICODUSPORT\",\"foundingDate\":\"2018-01-14\",\"vatID\":\"FR71834470973\",\"taxID\":\"83447097300043\",\"numberOfEmployees\":{\"@type\":\"QuantitativeValue\",\"minValue\":\"1\",\"maxValue\":\"10\"}},{\"@type\":\"Person\",\"@id\":\"https:\/\/dicodusport.fr\/blog\/#\/schema\/person\/cb02af4c173ce4a653b55e9baf388d4a\",\"name\":\"Flo Ostermann\",\"image\":{\"@type\":\"ImageObject\",\"inLanguage\":\"fr-FR\",\"@id\":\"https:\/\/dicodusport.fr\/blog\/#\/schema\/person\/image\/\",\"url\":\"https:\/\/dicodusport.fr\/blog\/wp-content\/uploads\/2021\/05\/Flo-Ostermann-150x150.jpg\",\"contentUrl\":\"https:\/\/dicodusport.fr\/blog\/wp-content\/uploads\/2021\/05\/Flo-Ostermann-150x150.jpg\",\"caption\":\"Flo Ostermann\"},\"description\":\"Journaliste\/R\u00e9dacteur depuis septembre 2015 - Mes premiers souvenirs dans le sport ? Les envol\u00e9es du Stade Toulousain et les duels Villeneuve-Schumacher et H\u00e4kkinen-Schumacher \u00e0 la fin des ann\u00e9es 90, la Coupe du monde de football en 1998, l\u2019exploit du XV de France face aux All Blacks en 1999, mais aussi Richard C\u0153ur de Lion qui vole sur les montagnes du Tour de France. Bien parti pour devenir professeur d\u2019EPS, les \u00e9v\u00e9nements de la vie (et la flemme d\u2019animer des s\u00e9ances de 3x500 m\u00e8tres toute ma vie) m\u2019ont conduit \u00e0 revoir mes plans. Me voil\u00e0 depuis fin 2017 sur Dicodusport, m\u00e9dia gr\u00e2ce (et pour) lequel je partage ma passion : le sport dans tous ses \u00e9tats. Le tout accompagn\u00e9 par les fous furieux et folles furieuses cit\u00e9s sur cette page !\",\"sameAs\":[\"https:\/\/www.facebook.com\/florent.ostermann\",\"https:\/\/x.com\/https:\/\/twitter.com\/FlOstermann\",\"admin\"],\"url\":\"https:\/\/dicodusport.fr\/blog\/author\/flo\/\"}]}<\/script>\n<!-- \/ Yoast SEO Premium plugin. -->","yoast_head_json":{"title":"Biathlon : Marte Olsbu Roeiseland met un terme \u00e0 son immense carri\u00e8re","description":"BIATHLON - La Norv\u00e9gienne Marte Olsbu Roeiseland, 32 ans, va mettre un terme \u00e0 sa carri\u00e8re \u00e0 l'issue de cette saison 2022-2023 !","robots":{"index":"index","follow":"follow","max-snippet":"max-snippet:-1","max-image-preview":"max-image-preview:large","max-video-preview":"max-video-preview:-1"},"canonical":"https:\/\/dicodusport.fr\/blog\/biathlon-marte-olsbu-roeiseland-met-un-terme-a-son-immense-carriere\/","og_locale":"fr_FR","og_type":"article","og_title":"Biathlon : Marte Olsbu Roeiseland met un terme \u00e0 son immense carri\u00e8re","og_description":"BIATHLON - La Norv\u00e9gienne Marte Olsbu Roeiseland, 32 ans, va mettre un terme \u00e0 sa carri\u00e8re \u00e0 l'issue de cette saison 2022-2023 !","og_url":"https:\/\/dicodusport.fr\/blog\/biathlon-marte-olsbu-roeiseland-met-un-terme-a-son-immense-carriere\/","og_site_name":"Dicodusport","article_publisher":"https:\/\/www.facebook.com\/dicodusport","article_author":"https:\/\/www.facebook.com\/florent.ostermann","article_published_time":"2023-03-14T08:48:45+00:00","article_modified_time":"2023-03-14T13:10:36+00:00","og_image":[{"width":800,"height":445,"url":"https:\/\/dicodusport.fr\/blog\/wp-content\/uploads\/2023\/03\/Biathlon-Marte-Olsbu-Roeiseland-met-un-terme-a-son-immense-carriere-1.png","type":"image\/png"}],"author":"Flo Ostermann","twitter_card":"summary_large_image","twitter_title":"Biathlon : Marte Olsbu Roeiseland met un terme \u00e0 son immense carri\u00e8re","twitter_creator":"@https:\/\/twitter.com\/FlOstermann","twitter_site":"@dicodusport","schema":{"@context":"https:\/\/schema.org","@graph":[{"@type":"NewsArticle","@id":"https:\/\/dicodusport.fr\/blog\/biathlon-marte-olsbu-roeiseland-met-un-terme-a-son-immense-carriere\/#article","isPartOf":{"@id":"https:\/\/dicodusport.fr\/blog\/biathlon-marte-olsbu-roeiseland-met-un-terme-a-son-immense-carriere\/"},"author":{"name":"Flo Ostermann","@id":"https:\/\/dicodusport.fr\/blog\/#\/schema\/person\/cb02af4c173ce4a653b55e9baf388d4a"},"headline":"Biathlon : Marte Olsbu Roeiseland met un terme \u00e0 son immense carri\u00e8re","datePublished":"2023-03-14T08:48:45+00:00","dateModified":"2023-03-14T13:10:36+00:00","mainEntityOfPage":{"@id":"https:\/\/dicodusport.fr\/blog\/biathlon-marte-olsbu-roeiseland-met-un-terme-a-son-immense-carriere\/"},"wordCount":579,"commentCount":0,"publisher":{"@id":"https:\/\/dicodusport.fr\/blog\/#organization"},"image":{"@id":"https:\/\/dicodusport.fr\/blog\/biathlon-marte-olsbu-roeiseland-met-un-terme-a-son-immense-carriere\/#primaryimage"},"thumbnailUrl":"https:\/\/dicodusport.fr\/blog\/wp-content\/uploads\/2023\/03\/Biathlon-Marte-Olsbu-Roeiseland-met-un-terme-a-son-immense-carriere-1.png","keywords":["Biathlon","br\u00e8ve","Marte Olsbu Roeiseland","sport"],"articleSection":["Biathlon"],"inLanguage":"fr-FR","potentialAction":[{"@type":"CommentAction","name":"Comment","target":["https:\/\/dicodusport.fr\/blog\/biathlon-marte-olsbu-roeiseland-met-un-terme-a-son-immense-carriere\/#respond"]}],"copyrightYear":"2023","copyrightHolder":{"@id":"https:\/\/dicodusport.fr\/blog\/#organization"}},{"@type":"WebPage","@id":"https:\/\/dicodusport.fr\/blog\/biathlon-marte-olsbu-roeiseland-met-un-terme-a-son-immense-carriere\/","url":"https:\/\/dicodusport.fr\/blog\/biathlon-marte-olsbu-roeiseland-met-un-terme-a-son-immense-carriere\/","name":"Biathlon : Marte Olsbu Roeiseland met un terme \u00e0 son immense carri\u00e8re","isPartOf":{"@id":"https:\/\/dicodusport.fr\/blog\/#website"},"primaryImageOfPage":{"@id":"https:\/\/dicodusport.fr\/blog\/biathlon-marte-olsbu-roeiseland-met-un-terme-a-son-immense-carriere\/#primaryimage"},"image":{"@id":"https:\/\/dicodusport.fr\/blog\/biathlon-marte-olsbu-roeiseland-met-un-terme-a-son-immense-carriere\/#primaryimage"},"thumbnailUrl":"https:\/\/dicodusport.fr\/blog\/wp-content\/uploads\/2023\/03\/Biathlon-Marte-Olsbu-Roeiseland-met-un-terme-a-son-immense-carriere-1.png","datePublished":"2023-03-14T08:48:45+00:00","dateModified":"2023-03-14T13:10:36+00:00","description":"BIATHLON - La Norv\u00e9gienne Marte Olsbu Roeiseland, 32 ans, va mettre un terme \u00e0 sa carri\u00e8re \u00e0 l'issue de cette saison 2022-2023 !","breadcrumb":{"@id":"https:\/\/dicodusport.fr\/blog\/biathlon-marte-olsbu-roeiseland-met-un-terme-a-son-immense-carriere\/#breadcrumb"},"inLanguage":"fr-FR","potentialAction":[{"@type":"ReadAction","target":["https:\/\/dicodusport.fr\/blog\/biathlon-marte-olsbu-roeiseland-met-un-terme-a-son-immense-carriere\/"]}]},{"@type":"ImageObject","inLanguage":"fr-FR","@id":"https:\/\/dicodusport.fr\/blog\/biathlon-marte-olsbu-roeiseland-met-un-terme-a-son-immense-carriere\/#primaryimage","url":"https:\/\/dicodusport.fr\/blog\/wp-content\/uploads\/2023\/03\/Biathlon-Marte-Olsbu-Roeiseland-met-un-terme-a-son-immense-carriere-1.png","contentUrl":"https:\/\/dicodusport.fr\/blog\/wp-content\/uploads\/2023\/03\/Biathlon-Marte-Olsbu-Roeiseland-met-un-terme-a-son-immense-carriere-1.png","width":800,"height":445,"caption":"Biathlon Marte Olsbu Roeiseland met un terme \u00e0 son immense carri\u00e8re (1)"},{"@type":"BreadcrumbList","@id":"https:\/\/dicodusport.fr\/blog\/biathlon-marte-olsbu-roeiseland-met-un-terme-a-son-immense-carriere\/#breadcrumb","itemListElement":[{"@type":"ListItem","position":1,"name":"Accueil","item":"https:\/\/dicodusport.fr\/blog\/"},{"@type":"ListItem","position":2,"name":"Biathlon : Marte Olsbu Roeiseland met un terme \u00e0 son immense carri\u00e8re"}]},{"@type":"WebSite","@id":"https:\/\/dicodusport.fr\/blog\/#website","url":"https:\/\/dicodusport.fr\/blog\/","name":"Dicodusport","description":"L&#039;encyclop\u00e9die de l&#039;actualit\u00e9 sportive","publisher":{"@id":"https:\/\/dicodusport.fr\/blog\/#organization"},"potentialAction":[{"@type":"SearchAction","target":{"@type":"EntryPoint","urlTemplate":"https:\/\/dicodusport.fr\/blog\/?s={search_term_string}"},"query-input":{"@type":"PropertyValueSpecification","valueRequired":true,"valueName":"search_term_string"}}],"inLanguage":"fr-FR"},{"@type":"NewsMediaOrganization","@id":"https:\/\/dicodusport.fr\/blog\/#organization","name":"Dicodusport","url":"https:\/\/dicodusport.fr\/blog\/","logo":{"@type":"ImageObject","inLanguage":"fr-FR","@id":"https:\/\/dicodusport.fr\/blog\/#\/schema\/logo\/image\/","url":"https:\/\/dicodusport.fr\/blog\/wp-content\/uploads\/2020\/06\/cropped-LOGO-DICODUSPORT-2020-SANS-FOND-SANS-TEXTE.png","contentUrl":"https:\/\/dicodusport.fr\/blog\/wp-content\/uploads\/2020\/06\/cropped-LOGO-DICODUSPORT-2020-SANS-FOND-SANS-TEXTE.png","width":512,"height":512,"caption":"Dicodusport"},"image":{"@id":"https:\/\/dicodusport.fr\/blog\/#\/schema\/logo\/image\/"},"sameAs":["https:\/\/www.facebook.com\/dicodusport","https:\/\/x.com\/dicodusport","https:\/\/www.instagram.com\/dicodusport\/","https:\/\/www.youtube.com\/channel\/UC7V2KZ5sd3htJivAbA4ZG3w"],"description":"Dicodusport est l'encyclop\u00e9die de l'actualit\u00e9 sportive.","email":"bonjour@dicodusport.fr","legalName":"DICODUSPORT","foundingDate":"2018-01-14","vatID":"FR71834470973","taxID":"83447097300043","numberOfEmployees":{"@type":"QuantitativeValue","minValue":"1","maxValue":"10"}},{"@type":"Person","@id":"https:\/\/dicodusport.fr\/blog\/#\/schema\/person\/cb02af4c173ce4a653b55e9baf388d4a","name":"Flo Ostermann","image":{"@type":"ImageObject","inLanguage":"fr-FR","@id":"https:\/\/dicodusport.fr\/blog\/#\/schema\/person\/image\/","url":"https:\/\/dicodusport.fr\/blog\/wp-content\/uploads\/2021\/05\/Flo-Ostermann-150x150.jpg","contentUrl":"https:\/\/dicodusport.fr\/blog\/wp-content\/uploads\/2021\/05\/Flo-Ostermann-150x150.jpg","caption":"Flo Ostermann"},"description":"Journaliste\/R\u00e9dacteur depuis septembre 2015 - Mes premiers souvenirs dans le sport ? Les envol\u00e9es du Stade Toulousain et les duels Villeneuve-Schumacher et H\u00e4kkinen-Schumacher \u00e0 la fin des ann\u00e9es 90, la Coupe du monde de football en 1998, l\u2019exploit du XV de France face aux All Blacks en 1999, mais aussi Richard C\u0153ur de Lion qui vole sur les montagnes du Tour de France. Bien parti pour devenir professeur d\u2019EPS, les \u00e9v\u00e9nements de la vie (et la flemme d\u2019animer des s\u00e9ances de 3x500 m\u00e8tres toute ma vie) m\u2019ont conduit \u00e0 revoir mes plans. Me voil\u00e0 depuis fin 2017 sur Dicodusport, m\u00e9dia gr\u00e2ce (et pour) lequel je partage ma passion : le sport dans tous ses \u00e9tats. Le tout accompagn\u00e9 par les fous furieux et folles furieuses cit\u00e9s sur cette page !","sameAs":["https:\/\/www.facebook.com\/florent.ostermann","https:\/\/x.com\/https:\/\/twitter.com\/FlOstermann","admin"],"url":"https:\/\/dicodusport.fr\/blog\/author\/flo\/"}]}},"_links":{"self":[{"href":"https:\/\/dicodusport.fr\/blog\/wp-json\/wp\/v2\/posts\/365276","targetHints":{"allow":["GET"]}}],"collection":[{"href":"https:\/\/dicodusport.fr\/blog\/wp-json\/wp\/v2\/posts"}],"about":[{"href":"https:\/\/dicodusport.fr\/blog\/wp-json\/wp\/v2\/types\/post"}],"author":[{"embeddable":true,"href":"https:\/\/dicodusport.fr\/blog\/wp-json\/wp\/v2\/users\/4"}],"replies":[{"embeddable":true,"href":"https:\/\/dicodusport.fr\/blog\/wp-json\/wp\/v2\/comments?post=365276"}],"version-history":[{"count":0,"href":"https:\/\/dicodusport.fr\/blog\/wp-json\/wp\/v2\/posts\/365276\/revisions"}],"wp:featuredmedia":[{"embeddable":true,"href":"https:\/\/dicodusport.fr\/blog\/wp-json\/wp\/v2\/media\/365280"}],"wp:attachment":[{"href":"https:\/\/dicodusport.fr\/blog\/wp-json\/wp\/v2\/media?parent=365276"}],"wp:term":[{"taxonomy":"category","embeddable":true,"href":"https:\/\/dicodusport.fr\/blog\/wp-json\/wp\/v2\/categories?post=365276"},{"taxonomy":"post_tag","embeddable":true,"href":"https:\/\/dicodusport.fr\/blog\/wp-json\/wp\/v2\/tags?post=365276"}],"curies":[{"name":"wp","href":"https:\/\/api.w.org\/{rel}","templated":true}]}}