{"id":365742,"date":"2023-03-15T20:30:34","date_gmt":"2023-03-15T19:30:34","guid":{"rendered":"https:\/\/dicodusport.fr\/blog\/?p=365742&#038;preview=true&#038;preview_id=365742"},"modified":"2023-03-15T22:15:29","modified_gmt":"2023-03-15T21:15:29","slug":"biathlon-tiril-eckhoff-met-a-son-tour-un-terme-a-sa-carriere","status":"publish","type":"post","link":"https:\/\/dicodusport.fr\/blog\/biathlon-tiril-eckhoff-met-a-son-tour-un-terme-a-sa-carriere\/","title":{"rendered":"Biathlon : Tiril Eckhoff met \u00e0 son tour un terme \u00e0 sa carri\u00e8re"},"content":{"rendered":"<p style=\"text-align: justify;\" align=\"justify\"><em><strong><a href=\"https:\/\/dicodusport.fr\/blog\/actualites\/biathlon\/\">BIATHLON<\/a> &#8211; \u00c0 32 ans et apr\u00e8s une saison blanche, Tiril Eckhoff a d\u00e9cid\u00e9 de mettre un terme \u00e0 sa carri\u00e8re de biathl\u00e8te. Apr\u00e8s sa compatriote Marte Olsbu Roeiseland, Denise Herrmann-Wick et Ana\u00efs Chevalier-Bouchet, c&rsquo;est une autre grande dame du biathlon qui dit stop.<\/strong><\/em><\/p>\n<p align=\"justify\">Apr\u00e8s <a href=\"https:\/\/dicodusport.fr\/blog\/biathlon-marte-olsbu-roeiseland-met-un-terme-a-son-immense-carriere\/\"><strong>Marte Olsbu Roeiseland<\/strong><\/a>, <a href=\"https:\/\/dicodusport.fr\/blog\/biathlon-denise-herrmann-wick-prendra-sa-retraite-apres-les-finales-doslo\/\"><strong>Denise Herrmann-Wick<\/strong><\/a> et <a href=\"https:\/\/dicodusport.fr\/blog\/biathlon-anais-chevalier-bouchet-va-mettre-un-terme-a-une-tres-belle-carriere\/\"><strong>Ana\u00efs Chevalier-Bouchet<\/strong><\/a>, c&rsquo;est une nouvelle t\u00eate d&rsquo;affiche du biathlon f\u00e9minin qui met le clignotant. \u00c0 32 ans, <strong>Tiril Eckhoff<\/strong> dit stop. Absente tout au long de la saison, car fatigu\u00e9e mentalement, la laur\u00e9ate du gros globe de cristal en 2021 a d\u00e9cid\u00e9 de ranger d\u00e9finitivement les skis et la carabine. Une annonce peu \u00e9tonnante, au vu des derni\u00e8res rumeurs, le Norv\u00e9gienne n&rsquo;arrivant pas \u00e0 reprendre le dessus, apr\u00e8s des derni\u00e8res saisons \u00e9reintantes.<\/p>\n<h2 style=\"text-align: justify;\" align=\"justify\">Un palmar\u00e8s gargantuesque<\/h2>\n<p style=\"text-align: justify;\">Le seul regret de <strong>Tiril Eckhoff<\/strong> r\u00e9sidera sans doute dans le fait de n&rsquo;avoir jamais \u00e9t\u00e9 championne olympique sur une course individuelle. Doublement sacr\u00e9e en relais mixte, la native de B\u00e6rum compte tout de m\u00eame quatre m\u00e9dailles individuelles aux JO. Sacr\u00e9e championne du monde \u00e0 10 reprises, dont trois fois sur des courses individuelles, <strong>Eckhoff<\/strong> a d\u00e9croch\u00e9 le Graal \u00e0 l&rsquo;occasion de la saison 2020-2021.<\/p>\n<p style=\"text-align: justify;\">Au cours de cette saison, la Scandinave aura plan\u00e9 durant de nombreux week-ends de Coupe du monde. <strong>Tiril Eckhoff<\/strong> aura rafl\u00e9 13 victoires sur le circuit, dont le doubl\u00e9 sprint-poursuite aux <strong>Mondiaux de Pokljuka<\/strong>. Avec au bout, le gros globe de cristal, et les petits globes du sprint et de la poursuite. Auteure d&rsquo;une saison 2021-2022 sur courant alternatif, elle a tout de m\u00eame boucl\u00e9 le dernier exercice avec un doubl\u00e9 sprint-poursuite \u00e0 Oslo, \u00e0 domicile, devenant par la m\u00eame occasion la Norv\u00e9gienne la plus victorieuse sur le circuit (29 succ\u00e8s), devant<strong> Tora Berger<\/strong>. Tiril Eckhoff laisse ainsi une trace ind\u00e9l\u00e9bile dans le biathlon mondial, et \u00e0 plus d&rsquo;un titre.<\/p>\n<blockquote class=\"instagram-media\" style=\"background: #FFF; border: 0; border-radius: 3px; box-shadow: 0 0 1px 0 rgba(0,0,0,0.5),0 1px 10px 0 rgba(0,0,0,0.15); margin: 1px; max-width: 540px; min-width: 326px; padding: 0; width: calc(100% - 2px);\" data-instgrm-captioned=\"\" data-instgrm-permalink=\"https:\/\/www.instagram.com\/p\/Cp0bsNhNlR1\/?utm_source=ig_embed&amp;utm_campaign=loading\" data-instgrm-version=\"14\">\n<div style=\"padding: 16px;\">\n<p>&nbsp;<\/p>\n<div style=\"display: flex; flex-direction: row; align-items: center;\">\n<div style=\"background-color: #f4f4f4; border-radius: 50%; flex-grow: 0; height: 40px; margin-right: 14px; width: 40px;\"><\/div>\n<div style=\"display: flex; flex-direction: column; flex-grow: 1; justify-content: center;\">\n<div style=\"background-color: #f4f4f4; border-radius: 4px; flex-grow: 0; height: 14px; margin-bottom: 6px; width: 100px;\"><\/div>\n<div style=\"background-color: #f4f4f4; border-radius: 4px; flex-grow: 0; height: 14px; width: 60px;\"><\/div>\n<\/div>\n<\/div>\n<div style=\"padding: 19% 0;\"><\/div>\n<div style=\"display: block; height: 50px; margin: 0 auto 12px; width: 50px;\"><\/div>\n<div style=\"padding-top: 8px;\">\n<div style=\"color: #3897f0; font-family: Arial,sans-serif; font-size: 14px; font-style: normal; font-weight: 550; line-height: 18px;\">Voir cette publication sur Instagram<\/div>\n<\/div>\n<div style=\"padding: 12.5% 0;\"><\/div>\n<div style=\"display: flex; flex-direction: row; margin-bottom: 14px; align-items: center;\">\n<div>\n<div style=\"background-color: #f4f4f4; border-radius: 50%; height: 12.5px; width: 12.5px; transform: translateX(0px) translateY(7px);\"><\/div>\n<div style=\"background-color: #f4f4f4; height: 12.5px; transform: rotate(-45deg) translateX(3px) translateY(1px); width: 12.5px; flex-grow: 0; margin-right: 14px; margin-left: 2px;\"><\/div>\n<div style=\"background-color: #f4f4f4; border-radius: 50%; height: 12.5px; width: 12.5px; transform: translateX(9px) translateY(-18px);\"><\/div>\n<\/div>\n<div style=\"margin-left: 8px;\">\n<div style=\"background-color: #f4f4f4; border-radius: 50%; flex-grow: 0; height: 20px; width: 20px;\"><\/div>\n<div style=\"width: 0; height: 0; border-top: 2px solid transparent; border-left: 6px solid #f4f4f4; border-bottom: 2px solid transparent; transform: translateX(16px) translateY(-4px) rotate(30deg);\"><\/div>\n<\/div>\n<div style=\"margin-left: auto;\">\n<div style=\"width: 0px; border-top: 8px solid #F4F4F4; border-right: 8px solid transparent; transform: translateY(16px);\"><\/div>\n<div style=\"background-color: #f4f4f4; flex-grow: 0; height: 12px; width: 16px; transform: translateY(-4px);\"><\/div>\n<div style=\"width: 0; height: 0; border-top: 8px solid #F4F4F4; border-left: 8px solid transparent; transform: translateY(-4px) translateX(8px);\"><\/div>\n<\/div>\n<\/div>\n<div style=\"display: flex; flex-direction: column; flex-grow: 1; justify-content: center; margin-bottom: 24px;\">\n<div style=\"background-color: #f4f4f4; border-radius: 4px; flex-grow: 0; height: 14px; margin-bottom: 6px; width: 224px;\"><\/div>\n<div style=\"background-color: #f4f4f4; border-radius: 4px; flex-grow: 0; height: 14px; width: 144px;\"><\/div>\n<\/div>\n<p>&nbsp;<\/p>\n<p style=\"color: #c9c8cd; font-family: Arial,sans-serif; font-size: 14px; line-height: 17px; margin-bottom: 0; margin-top: 8px; overflow: hidden; padding: 8px 0 7px; text-align: center; text-overflow: ellipsis; white-space: nowrap;\"><a style=\"color: #c9c8cd; font-family: Arial,sans-serif; font-size: 14px; font-style: normal; font-weight: normal; line-height: 17px; text-decoration: none;\" href=\"https:\/\/www.instagram.com\/p\/Cp0bsNhNlR1\/?utm_source=ig_embed&amp;utm_campaign=loading\" target=\"_blank\" rel=\"noopener\">Une publication partag\u00e9e par Tiril Eckhoff (@tirileckhoff)<\/a><\/p>\n<\/div>\n<\/blockquote>\n<p><script async src=\"\/\/www.instagram.com\/embed.js\"><\/script><\/p>\n<h2 style=\"text-align: justify;\" align=\"justify\">Le palmar\u00e8s de Tiril Eckhoff<\/h2>\n<h3 style=\"text-align: justify;\">Aux Jeux Olympiques<\/h3>\n<ul style=\"text-align: justify;\">\n<li><strong>2 m\u00e9dailles d&rsquo;or<\/strong> (relais mixte en 2014 et 2022).<\/li>\n<li><strong>3 m\u00e9dailles d\u2019argent<\/strong> (relais f\u00e9minin en 2014, relais mixte en 2018 et mass start en 2022).<\/li>\n<li><strong>3 m\u00e9dailles de bronze<\/strong> (mass start en 2014 et 2018, poursuite en 2022).<\/li>\n<\/ul>\n<h3 style=\"text-align: justify;\">Aux championnats du monde<\/h3>\n<ul>\n<li style=\"text-align: justify;\"><strong>10 titres mondiaux &#8211;<\/strong> sprint (2016 et 2021), poursuite (2021), relais dames (2016, 2019, 2020 et 2021), relais mixte (2019, 2020, 2021).<\/li>\n<li><strong>2 m\u00e9dailles d&rsquo;argent &#8211;<\/strong> poursuite (2019) et relais mixte simple (2021).<\/li>\n<li style=\"text-align: justify;\"><strong>3 m\u00e9dailles de bronze &#8211; <\/strong>mass start (2021) et relais mixte (2015 et 2016).<\/li>\n<\/ul>\n<h3 style=\"text-align: justify;\">En Coupe du monde<\/h3>\n<ul>\n<li style=\"text-align: justify;\">1 gros globe de cristal (2020-2021).<\/li>\n<li style=\"text-align: justify;\">3 petits globes de cristal &#8211; sprint (2020-2021) et poursuite (2019-2020 et 2020-2021).<\/li>\n<li style=\"text-align: justify;\">29 victoires individuelles.<\/li>\n<li style=\"text-align: justify;\">12 victoires en relais.<\/li>\n<\/ul>\n","protected":false},"excerpt":{"rendered":"<p>BIATHLON &#8211; \u00c0 32 ans et apr\u00e8s une saison blanche, Tiril Eckhoff a d\u00e9cid\u00e9 de mettre un terme \u00e0 sa carri\u00e8re de biathl\u00e8te. Apr\u00e8s sa compatriote Marte Olsbu Roeiseland, Denise Herrmann-Wick et Ana\u00efs Chevalier-Bouchet, c&rsquo;est une autre grande dame du biathlon qui dit stop.<\/p>\n","protected":false},"author":4,"featured_media":365746,"comment_status":"open","ping_status":"closed","sticky":false,"template":"","format":"standard","meta":{"_acf_changed":false,"_daextam_enable_autolinks":"","footnotes":""},"categories":[2426],"tags":[2427,16878,24,7214],"class_list":["post-365742","post","type-post","status-publish","format-standard","has-post-thumbnail","hentry","category-biathlon","tag-biathlon","tag-breve","tag-sport","tag-tiril-eckhoff"],"acf":[],"yoast_head":"<!-- This site is optimized with the Yoast SEO Premium plugin v26.7 (Yoast SEO v26.7) - https:\/\/yoast.com\/wordpress\/plugins\/seo\/ -->\n<title>Biathlon : Tiril Eckhoff met \u00e0 son tour un terme \u00e0 sa carri\u00e8re<\/title>\n<meta name=\"description\" content=\"BIATHLON - \u00c0 32 ans et apr\u00e8s une saison blanche, Tiril Eckhoff a d\u00e9cid\u00e9 de mettre un terme \u00e0 sa carri\u00e8re de biathl\u00e8te.\" \/>\n<meta name=\"robots\" content=\"index, follow, max-snippet:-1, max-image-preview:large, max-video-preview:-1\" \/>\n<link rel=\"canonical\" href=\"https:\/\/dicodusport.fr\/blog\/biathlon-tiril-eckhoff-met-a-son-tour-un-terme-a-sa-carriere\/\" \/>\n<meta property=\"og:locale\" content=\"fr_FR\" \/>\n<meta property=\"og:type\" content=\"article\" \/>\n<meta property=\"og:title\" content=\"Biathlon : Tiril Eckhoff met \u00e0 son tour un terme \u00e0 sa carri\u00e8re\" \/>\n<meta property=\"og:description\" content=\"BIATHLON - \u00c0 32 ans et apr\u00e8s une saison blanche, Tiril Eckhoff a d\u00e9cid\u00e9 de mettre un terme \u00e0 sa carri\u00e8re de biathl\u00e8te.\" \/>\n<meta property=\"og:url\" content=\"https:\/\/dicodusport.fr\/blog\/biathlon-tiril-eckhoff-met-a-son-tour-un-terme-a-sa-carriere\/\" \/>\n<meta property=\"og:site_name\" content=\"Dicodusport\" \/>\n<meta property=\"article:publisher\" content=\"https:\/\/www.facebook.com\/dicodusport\" \/>\n<meta property=\"article:author\" content=\"https:\/\/www.facebook.com\/florent.ostermann\" \/>\n<meta property=\"article:published_time\" content=\"2023-03-15T19:30:34+00:00\" \/>\n<meta property=\"article:modified_time\" content=\"2023-03-15T21:15:29+00:00\" \/>\n<meta property=\"og:image\" content=\"https:\/\/dicodusport.fr\/blog\/wp-content\/uploads\/2023\/03\/Biathlon-Tiril-Eckhoff-met-a-son-tour-un-terme-a-sa-carriere.png\" \/>\n\t<meta property=\"og:image:width\" content=\"800\" \/>\n\t<meta property=\"og:image:height\" content=\"445\" \/>\n\t<meta property=\"og:image:type\" content=\"image\/png\" \/>\n<meta name=\"author\" content=\"Flo Ostermann\" \/>\n<meta name=\"twitter:card\" content=\"summary_large_image\" \/>\n<meta name=\"twitter:title\" content=\"Biathlon : Tiril Eckhoff met \u00e0 son tour un terme \u00e0 sa carri\u00e8re\" \/>\n<meta name=\"twitter:creator\" content=\"@https:\/\/twitter.com\/FlOstermann\" \/>\n<meta name=\"twitter:site\" content=\"@dicodusport\" \/>\n<script type=\"application\/ld+json\" class=\"yoast-schema-graph\">{\"@context\":\"https:\/\/schema.org\",\"@graph\":[{\"@type\":\"NewsArticle\",\"@id\":\"https:\/\/dicodusport.fr\/blog\/biathlon-tiril-eckhoff-met-a-son-tour-un-terme-a-sa-carriere\/#article\",\"isPartOf\":{\"@id\":\"https:\/\/dicodusport.fr\/blog\/biathlon-tiril-eckhoff-met-a-son-tour-un-terme-a-sa-carriere\/\"},\"author\":{\"name\":\"Flo Ostermann\",\"@id\":\"https:\/\/dicodusport.fr\/blog\/#\/schema\/person\/cb02af4c173ce4a653b55e9baf388d4a\"},\"headline\":\"Biathlon : Tiril Eckhoff met \u00e0 son tour un terme \u00e0 sa carri\u00e8re\",\"datePublished\":\"2023-03-15T19:30:34+00:00\",\"dateModified\":\"2023-03-15T21:15:29+00:00\",\"mainEntityOfPage\":{\"@id\":\"https:\/\/dicodusport.fr\/blog\/biathlon-tiril-eckhoff-met-a-son-tour-un-terme-a-sa-carriere\/\"},\"wordCount\":456,\"commentCount\":0,\"publisher\":{\"@id\":\"https:\/\/dicodusport.fr\/blog\/#organization\"},\"image\":{\"@id\":\"https:\/\/dicodusport.fr\/blog\/biathlon-tiril-eckhoff-met-a-son-tour-un-terme-a-sa-carriere\/#primaryimage\"},\"thumbnailUrl\":\"https:\/\/dicodusport.fr\/blog\/wp-content\/uploads\/2023\/03\/Biathlon-Tiril-Eckhoff-met-a-son-tour-un-terme-a-sa-carriere.png\",\"keywords\":[\"Biathlon\",\"br\u00e8ve\",\"sport\",\"Tiril Eckhoff\"],\"articleSection\":[\"Biathlon\"],\"inLanguage\":\"fr-FR\",\"potentialAction\":[{\"@type\":\"CommentAction\",\"name\":\"Comment\",\"target\":[\"https:\/\/dicodusport.fr\/blog\/biathlon-tiril-eckhoff-met-a-son-tour-un-terme-a-sa-carriere\/#respond\"]}],\"copyrightYear\":\"2023\",\"copyrightHolder\":{\"@id\":\"https:\/\/dicodusport.fr\/blog\/#organization\"}},{\"@type\":\"WebPage\",\"@id\":\"https:\/\/dicodusport.fr\/blog\/biathlon-tiril-eckhoff-met-a-son-tour-un-terme-a-sa-carriere\/\",\"url\":\"https:\/\/dicodusport.fr\/blog\/biathlon-tiril-eckhoff-met-a-son-tour-un-terme-a-sa-carriere\/\",\"name\":\"Biathlon : Tiril Eckhoff met \u00e0 son tour un terme \u00e0 sa carri\u00e8re\",\"isPartOf\":{\"@id\":\"https:\/\/dicodusport.fr\/blog\/#website\"},\"primaryImageOfPage\":{\"@id\":\"https:\/\/dicodusport.fr\/blog\/biathlon-tiril-eckhoff-met-a-son-tour-un-terme-a-sa-carriere\/#primaryimage\"},\"image\":{\"@id\":\"https:\/\/dicodusport.fr\/blog\/biathlon-tiril-eckhoff-met-a-son-tour-un-terme-a-sa-carriere\/#primaryimage\"},\"thumbnailUrl\":\"https:\/\/dicodusport.fr\/blog\/wp-content\/uploads\/2023\/03\/Biathlon-Tiril-Eckhoff-met-a-son-tour-un-terme-a-sa-carriere.png\",\"datePublished\":\"2023-03-15T19:30:34+00:00\",\"dateModified\":\"2023-03-15T21:15:29+00:00\",\"description\":\"BIATHLON - \u00c0 32 ans et apr\u00e8s une saison blanche, Tiril Eckhoff a d\u00e9cid\u00e9 de mettre un terme \u00e0 sa carri\u00e8re de biathl\u00e8te.\",\"breadcrumb\":{\"@id\":\"https:\/\/dicodusport.fr\/blog\/biathlon-tiril-eckhoff-met-a-son-tour-un-terme-a-sa-carriere\/#breadcrumb\"},\"inLanguage\":\"fr-FR\",\"potentialAction\":[{\"@type\":\"ReadAction\",\"target\":[\"https:\/\/dicodusport.fr\/blog\/biathlon-tiril-eckhoff-met-a-son-tour-un-terme-a-sa-carriere\/\"]}]},{\"@type\":\"ImageObject\",\"inLanguage\":\"fr-FR\",\"@id\":\"https:\/\/dicodusport.fr\/blog\/biathlon-tiril-eckhoff-met-a-son-tour-un-terme-a-sa-carriere\/#primaryimage\",\"url\":\"https:\/\/dicodusport.fr\/blog\/wp-content\/uploads\/2023\/03\/Biathlon-Tiril-Eckhoff-met-a-son-tour-un-terme-a-sa-carriere.png\",\"contentUrl\":\"https:\/\/dicodusport.fr\/blog\/wp-content\/uploads\/2023\/03\/Biathlon-Tiril-Eckhoff-met-a-son-tour-un-terme-a-sa-carriere.png\",\"width\":800,\"height\":445,\"caption\":\"Biathlon Tiril Eckhoff met \u00e0 son tour un terme \u00e0 sa carri\u00e8re\"},{\"@type\":\"BreadcrumbList\",\"@id\":\"https:\/\/dicodusport.fr\/blog\/biathlon-tiril-eckhoff-met-a-son-tour-un-terme-a-sa-carriere\/#breadcrumb\",\"itemListElement\":[{\"@type\":\"ListItem\",\"position\":1,\"name\":\"Accueil\",\"item\":\"https:\/\/dicodusport.fr\/blog\/\"},{\"@type\":\"ListItem\",\"position\":2,\"name\":\"Biathlon : Tiril Eckhoff met \u00e0 son tour un terme \u00e0 sa carri\u00e8re\"}]},{\"@type\":\"WebSite\",\"@id\":\"https:\/\/dicodusport.fr\/blog\/#website\",\"url\":\"https:\/\/dicodusport.fr\/blog\/\",\"name\":\"Dicodusport\",\"description\":\"L&#039;encyclop\u00e9die de l&#039;actualit\u00e9 sportive\",\"publisher\":{\"@id\":\"https:\/\/dicodusport.fr\/blog\/#organization\"},\"potentialAction\":[{\"@type\":\"SearchAction\",\"target\":{\"@type\":\"EntryPoint\",\"urlTemplate\":\"https:\/\/dicodusport.fr\/blog\/?s={search_term_string}\"},\"query-input\":{\"@type\":\"PropertyValueSpecification\",\"valueRequired\":true,\"valueName\":\"search_term_string\"}}],\"inLanguage\":\"fr-FR\"},{\"@type\":\"NewsMediaOrganization\",\"@id\":\"https:\/\/dicodusport.fr\/blog\/#organization\",\"name\":\"Dicodusport\",\"url\":\"https:\/\/dicodusport.fr\/blog\/\",\"logo\":{\"@type\":\"ImageObject\",\"inLanguage\":\"fr-FR\",\"@id\":\"https:\/\/dicodusport.fr\/blog\/#\/schema\/logo\/image\/\",\"url\":\"https:\/\/dicodusport.fr\/blog\/wp-content\/uploads\/2020\/06\/cropped-LOGO-DICODUSPORT-2020-SANS-FOND-SANS-TEXTE.png\",\"contentUrl\":\"https:\/\/dicodusport.fr\/blog\/wp-content\/uploads\/2020\/06\/cropped-LOGO-DICODUSPORT-2020-SANS-FOND-SANS-TEXTE.png\",\"width\":512,\"height\":512,\"caption\":\"Dicodusport\"},\"image\":{\"@id\":\"https:\/\/dicodusport.fr\/blog\/#\/schema\/logo\/image\/\"},\"sameAs\":[\"https:\/\/www.facebook.com\/dicodusport\",\"https:\/\/x.com\/dicodusport\",\"https:\/\/www.instagram.com\/dicodusport\/\",\"https:\/\/www.youtube.com\/channel\/UC7V2KZ5sd3htJivAbA4ZG3w\"],\"description\":\"Dicodusport est l'encyclop\u00e9die de l'actualit\u00e9 sportive.\",\"email\":\"bonjour@dicodusport.fr\",\"legalName\":\"DICODUSPORT\",\"foundingDate\":\"2018-01-14\",\"vatID\":\"FR71834470973\",\"taxID\":\"83447097300043\",\"numberOfEmployees\":{\"@type\":\"QuantitativeValue\",\"minValue\":\"1\",\"maxValue\":\"10\"}},{\"@type\":\"Person\",\"@id\":\"https:\/\/dicodusport.fr\/blog\/#\/schema\/person\/cb02af4c173ce4a653b55e9baf388d4a\",\"name\":\"Flo Ostermann\",\"image\":{\"@type\":\"ImageObject\",\"inLanguage\":\"fr-FR\",\"@id\":\"https:\/\/dicodusport.fr\/blog\/#\/schema\/person\/image\/\",\"url\":\"https:\/\/dicodusport.fr\/blog\/wp-content\/uploads\/2021\/05\/Flo-Ostermann-150x150.jpg\",\"contentUrl\":\"https:\/\/dicodusport.fr\/blog\/wp-content\/uploads\/2021\/05\/Flo-Ostermann-150x150.jpg\",\"caption\":\"Flo Ostermann\"},\"description\":\"Journaliste\/R\u00e9dacteur depuis septembre 2015 - Mes premiers souvenirs dans le sport ? Les envol\u00e9es du Stade Toulousain et les duels Villeneuve-Schumacher et H\u00e4kkinen-Schumacher \u00e0 la fin des ann\u00e9es 90, la Coupe du monde de football en 1998, l\u2019exploit du XV de France face aux All Blacks en 1999, mais aussi Richard C\u0153ur de Lion qui vole sur les montagnes du Tour de France. Bien parti pour devenir professeur d\u2019EPS, les \u00e9v\u00e9nements de la vie (et la flemme d\u2019animer des s\u00e9ances de 3x500 m\u00e8tres toute ma vie) m\u2019ont conduit \u00e0 revoir mes plans. Me voil\u00e0 depuis fin 2017 sur Dicodusport, m\u00e9dia gr\u00e2ce (et pour) lequel je partage ma passion : le sport dans tous ses \u00e9tats. Le tout accompagn\u00e9 par les fous furieux et folles furieuses cit\u00e9s sur cette page !\",\"sameAs\":[\"https:\/\/www.facebook.com\/florent.ostermann\",\"https:\/\/x.com\/https:\/\/twitter.com\/FlOstermann\",\"admin\"],\"url\":\"https:\/\/dicodusport.fr\/blog\/author\/flo\/\"}]}<\/script>\n<!-- \/ Yoast SEO Premium plugin. -->","yoast_head_json":{"title":"Biathlon : Tiril Eckhoff met \u00e0 son tour un terme \u00e0 sa carri\u00e8re","description":"BIATHLON - \u00c0 32 ans et apr\u00e8s une saison blanche, Tiril Eckhoff a d\u00e9cid\u00e9 de mettre un terme \u00e0 sa carri\u00e8re de biathl\u00e8te.","robots":{"index":"index","follow":"follow","max-snippet":"max-snippet:-1","max-image-preview":"max-image-preview:large","max-video-preview":"max-video-preview:-1"},"canonical":"https:\/\/dicodusport.fr\/blog\/biathlon-tiril-eckhoff-met-a-son-tour-un-terme-a-sa-carriere\/","og_locale":"fr_FR","og_type":"article","og_title":"Biathlon : Tiril Eckhoff met \u00e0 son tour un terme \u00e0 sa carri\u00e8re","og_description":"BIATHLON - \u00c0 32 ans et apr\u00e8s une saison blanche, Tiril Eckhoff a d\u00e9cid\u00e9 de mettre un terme \u00e0 sa carri\u00e8re de biathl\u00e8te.","og_url":"https:\/\/dicodusport.fr\/blog\/biathlon-tiril-eckhoff-met-a-son-tour-un-terme-a-sa-carriere\/","og_site_name":"Dicodusport","article_publisher":"https:\/\/www.facebook.com\/dicodusport","article_author":"https:\/\/www.facebook.com\/florent.ostermann","article_published_time":"2023-03-15T19:30:34+00:00","article_modified_time":"2023-03-15T21:15:29+00:00","og_image":[{"width":800,"height":445,"url":"https:\/\/dicodusport.fr\/blog\/wp-content\/uploads\/2023\/03\/Biathlon-Tiril-Eckhoff-met-a-son-tour-un-terme-a-sa-carriere.png","type":"image\/png"}],"author":"Flo Ostermann","twitter_card":"summary_large_image","twitter_title":"Biathlon : Tiril Eckhoff met \u00e0 son tour un terme \u00e0 sa carri\u00e8re","twitter_creator":"@https:\/\/twitter.com\/FlOstermann","twitter_site":"@dicodusport","schema":{"@context":"https:\/\/schema.org","@graph":[{"@type":"NewsArticle","@id":"https:\/\/dicodusport.fr\/blog\/biathlon-tiril-eckhoff-met-a-son-tour-un-terme-a-sa-carriere\/#article","isPartOf":{"@id":"https:\/\/dicodusport.fr\/blog\/biathlon-tiril-eckhoff-met-a-son-tour-un-terme-a-sa-carriere\/"},"author":{"name":"Flo Ostermann","@id":"https:\/\/dicodusport.fr\/blog\/#\/schema\/person\/cb02af4c173ce4a653b55e9baf388d4a"},"headline":"Biathlon : Tiril Eckhoff met \u00e0 son tour un terme \u00e0 sa carri\u00e8re","datePublished":"2023-03-15T19:30:34+00:00","dateModified":"2023-03-15T21:15:29+00:00","mainEntityOfPage":{"@id":"https:\/\/dicodusport.fr\/blog\/biathlon-tiril-eckhoff-met-a-son-tour-un-terme-a-sa-carriere\/"},"wordCount":456,"commentCount":0,"publisher":{"@id":"https:\/\/dicodusport.fr\/blog\/#organization"},"image":{"@id":"https:\/\/dicodusport.fr\/blog\/biathlon-tiril-eckhoff-met-a-son-tour-un-terme-a-sa-carriere\/#primaryimage"},"thumbnailUrl":"https:\/\/dicodusport.fr\/blog\/wp-content\/uploads\/2023\/03\/Biathlon-Tiril-Eckhoff-met-a-son-tour-un-terme-a-sa-carriere.png","keywords":["Biathlon","br\u00e8ve","sport","Tiril Eckhoff"],"articleSection":["Biathlon"],"inLanguage":"fr-FR","potentialAction":[{"@type":"CommentAction","name":"Comment","target":["https:\/\/dicodusport.fr\/blog\/biathlon-tiril-eckhoff-met-a-son-tour-un-terme-a-sa-carriere\/#respond"]}],"copyrightYear":"2023","copyrightHolder":{"@id":"https:\/\/dicodusport.fr\/blog\/#organization"}},{"@type":"WebPage","@id":"https:\/\/dicodusport.fr\/blog\/biathlon-tiril-eckhoff-met-a-son-tour-un-terme-a-sa-carriere\/","url":"https:\/\/dicodusport.fr\/blog\/biathlon-tiril-eckhoff-met-a-son-tour-un-terme-a-sa-carriere\/","name":"Biathlon : Tiril Eckhoff met \u00e0 son tour un terme \u00e0 sa carri\u00e8re","isPartOf":{"@id":"https:\/\/dicodusport.fr\/blog\/#website"},"primaryImageOfPage":{"@id":"https:\/\/dicodusport.fr\/blog\/biathlon-tiril-eckhoff-met-a-son-tour-un-terme-a-sa-carriere\/#primaryimage"},"image":{"@id":"https:\/\/dicodusport.fr\/blog\/biathlon-tiril-eckhoff-met-a-son-tour-un-terme-a-sa-carriere\/#primaryimage"},"thumbnailUrl":"https:\/\/dicodusport.fr\/blog\/wp-content\/uploads\/2023\/03\/Biathlon-Tiril-Eckhoff-met-a-son-tour-un-terme-a-sa-carriere.png","datePublished":"2023-03-15T19:30:34+00:00","dateModified":"2023-03-15T21:15:29+00:00","description":"BIATHLON - \u00c0 32 ans et apr\u00e8s une saison blanche, Tiril Eckhoff a d\u00e9cid\u00e9 de mettre un terme \u00e0 sa carri\u00e8re de biathl\u00e8te.","breadcrumb":{"@id":"https:\/\/dicodusport.fr\/blog\/biathlon-tiril-eckhoff-met-a-son-tour-un-terme-a-sa-carriere\/#breadcrumb"},"inLanguage":"fr-FR","potentialAction":[{"@type":"ReadAction","target":["https:\/\/dicodusport.fr\/blog\/biathlon-tiril-eckhoff-met-a-son-tour-un-terme-a-sa-carriere\/"]}]},{"@type":"ImageObject","inLanguage":"fr-FR","@id":"https:\/\/dicodusport.fr\/blog\/biathlon-tiril-eckhoff-met-a-son-tour-un-terme-a-sa-carriere\/#primaryimage","url":"https:\/\/dicodusport.fr\/blog\/wp-content\/uploads\/2023\/03\/Biathlon-Tiril-Eckhoff-met-a-son-tour-un-terme-a-sa-carriere.png","contentUrl":"https:\/\/dicodusport.fr\/blog\/wp-content\/uploads\/2023\/03\/Biathlon-Tiril-Eckhoff-met-a-son-tour-un-terme-a-sa-carriere.png","width":800,"height":445,"caption":"Biathlon Tiril Eckhoff met \u00e0 son tour un terme \u00e0 sa carri\u00e8re"},{"@type":"BreadcrumbList","@id":"https:\/\/dicodusport.fr\/blog\/biathlon-tiril-eckhoff-met-a-son-tour-un-terme-a-sa-carriere\/#breadcrumb","itemListElement":[{"@type":"ListItem","position":1,"name":"Accueil","item":"https:\/\/dicodusport.fr\/blog\/"},{"@type":"ListItem","position":2,"name":"Biathlon : Tiril Eckhoff met \u00e0 son tour un terme \u00e0 sa carri\u00e8re"}]},{"@type":"WebSite","@id":"https:\/\/dicodusport.fr\/blog\/#website","url":"https:\/\/dicodusport.fr\/blog\/","name":"Dicodusport","description":"L&#039;encyclop\u00e9die de l&#039;actualit\u00e9 sportive","publisher":{"@id":"https:\/\/dicodusport.fr\/blog\/#organization"},"potentialAction":[{"@type":"SearchAction","target":{"@type":"EntryPoint","urlTemplate":"https:\/\/dicodusport.fr\/blog\/?s={search_term_string}"},"query-input":{"@type":"PropertyValueSpecification","valueRequired":true,"valueName":"search_term_string"}}],"inLanguage":"fr-FR"},{"@type":"NewsMediaOrganization","@id":"https:\/\/dicodusport.fr\/blog\/#organization","name":"Dicodusport","url":"https:\/\/dicodusport.fr\/blog\/","logo":{"@type":"ImageObject","inLanguage":"fr-FR","@id":"https:\/\/dicodusport.fr\/blog\/#\/schema\/logo\/image\/","url":"https:\/\/dicodusport.fr\/blog\/wp-content\/uploads\/2020\/06\/cropped-LOGO-DICODUSPORT-2020-SANS-FOND-SANS-TEXTE.png","contentUrl":"https:\/\/dicodusport.fr\/blog\/wp-content\/uploads\/2020\/06\/cropped-LOGO-DICODUSPORT-2020-SANS-FOND-SANS-TEXTE.png","width":512,"height":512,"caption":"Dicodusport"},"image":{"@id":"https:\/\/dicodusport.fr\/blog\/#\/schema\/logo\/image\/"},"sameAs":["https:\/\/www.facebook.com\/dicodusport","https:\/\/x.com\/dicodusport","https:\/\/www.instagram.com\/dicodusport\/","https:\/\/www.youtube.com\/channel\/UC7V2KZ5sd3htJivAbA4ZG3w"],"description":"Dicodusport est l'encyclop\u00e9die de l'actualit\u00e9 sportive.","email":"bonjour@dicodusport.fr","legalName":"DICODUSPORT","foundingDate":"2018-01-14","vatID":"FR71834470973","taxID":"83447097300043","numberOfEmployees":{"@type":"QuantitativeValue","minValue":"1","maxValue":"10"}},{"@type":"Person","@id":"https:\/\/dicodusport.fr\/blog\/#\/schema\/person\/cb02af4c173ce4a653b55e9baf388d4a","name":"Flo Ostermann","image":{"@type":"ImageObject","inLanguage":"fr-FR","@id":"https:\/\/dicodusport.fr\/blog\/#\/schema\/person\/image\/","url":"https:\/\/dicodusport.fr\/blog\/wp-content\/uploads\/2021\/05\/Flo-Ostermann-150x150.jpg","contentUrl":"https:\/\/dicodusport.fr\/blog\/wp-content\/uploads\/2021\/05\/Flo-Ostermann-150x150.jpg","caption":"Flo Ostermann"},"description":"Journaliste\/R\u00e9dacteur depuis septembre 2015 - Mes premiers souvenirs dans le sport ? Les envol\u00e9es du Stade Toulousain et les duels Villeneuve-Schumacher et H\u00e4kkinen-Schumacher \u00e0 la fin des ann\u00e9es 90, la Coupe du monde de football en 1998, l\u2019exploit du XV de France face aux All Blacks en 1999, mais aussi Richard C\u0153ur de Lion qui vole sur les montagnes du Tour de France. Bien parti pour devenir professeur d\u2019EPS, les \u00e9v\u00e9nements de la vie (et la flemme d\u2019animer des s\u00e9ances de 3x500 m\u00e8tres toute ma vie) m\u2019ont conduit \u00e0 revoir mes plans. Me voil\u00e0 depuis fin 2017 sur Dicodusport, m\u00e9dia gr\u00e2ce (et pour) lequel je partage ma passion : le sport dans tous ses \u00e9tats. Le tout accompagn\u00e9 par les fous furieux et folles furieuses cit\u00e9s sur cette page !","sameAs":["https:\/\/www.facebook.com\/florent.ostermann","https:\/\/x.com\/https:\/\/twitter.com\/FlOstermann","admin"],"url":"https:\/\/dicodusport.fr\/blog\/author\/flo\/"}]}},"_links":{"self":[{"href":"https:\/\/dicodusport.fr\/blog\/wp-json\/wp\/v2\/posts\/365742","targetHints":{"allow":["GET"]}}],"collection":[{"href":"https:\/\/dicodusport.fr\/blog\/wp-json\/wp\/v2\/posts"}],"about":[{"href":"https:\/\/dicodusport.fr\/blog\/wp-json\/wp\/v2\/types\/post"}],"author":[{"embeddable":true,"href":"https:\/\/dicodusport.fr\/blog\/wp-json\/wp\/v2\/users\/4"}],"replies":[{"embeddable":true,"href":"https:\/\/dicodusport.fr\/blog\/wp-json\/wp\/v2\/comments?post=365742"}],"version-history":[{"count":0,"href":"https:\/\/dicodusport.fr\/blog\/wp-json\/wp\/v2\/posts\/365742\/revisions"}],"wp:featuredmedia":[{"embeddable":true,"href":"https:\/\/dicodusport.fr\/blog\/wp-json\/wp\/v2\/media\/365746"}],"wp:attachment":[{"href":"https:\/\/dicodusport.fr\/blog\/wp-json\/wp\/v2\/media?parent=365742"}],"wp:term":[{"taxonomy":"category","embeddable":true,"href":"https:\/\/dicodusport.fr\/blog\/wp-json\/wp\/v2\/categories?post=365742"},{"taxonomy":"post_tag","embeddable":true,"href":"https:\/\/dicodusport.fr\/blog\/wp-json\/wp\/v2\/tags?post=365742"}],"curies":[{"name":"wp","href":"https:\/\/api.w.org\/{rel}","templated":true}]}}