{"id":365766,"date":"2023-03-15T21:55:56","date_gmt":"2023-03-15T20:55:56","guid":{"rendered":"https:\/\/dicodusport.fr\/blog\/?p=365766&#038;preview=true&#038;preview_id=365766"},"modified":"2023-03-15T21:55:56","modified_gmt":"2023-03-15T20:55:56","slug":"piste-nations-cup-pluie-de-medailles-pour-la-france-au-caire","status":"publish","type":"post","link":"https:\/\/dicodusport.fr\/blog\/piste-nations-cup-pluie-de-medailles-pour-la-france-au-caire\/","title":{"rendered":"Piste Nations Cup : Pluie de m\u00e9dailles pour la France au Caire"},"content":{"rendered":"<p style=\"text-align: justify;\" align=\"justify\"><em><strong>COUPE DES NATIONS DE CYCLISME SUR PISTE &#8211; D\u00e8s la premi\u00e8re journ\u00e9e de finales, la France a frapp\u00e9 fort en d\u00e9crochant 5 m\u00e9dailles, dont l&rsquo;or pour les poursuiteuses.\u00a0<\/strong><\/em><\/p>\n<p style=\"text-align: justify;\" align=\"justify\">D\u00e9j\u00e0 <a href=\"https:\/\/dicodusport.fr\/blog\/piste-nations-cup-deja-deux-medailles-pour-lequipe-de-france-a-jakarta\/\">en argent sur la premi\u00e8re manche \u00e0 Jakarta<\/a>, les poursuiteuses ont fait encore mieux et remport\u00e9 la m\u00e9daille d&rsquo;or d\u00e8s la premi\u00e8re finale de cette manche de la Coupe des Nations. <strong>Clara Copponi, Valentine Fortin<\/strong>\u00a0et\u00a0<strong>Marion Borras\u00a0<\/strong>n&rsquo;\u00e9taient cette fois pas accompagn\u00e9es par <strong>Victoire Berteau<\/strong>, align\u00e9e en s\u00e9ries, mais par <strong>Marie Le Net<\/strong>. R\u00e9sultat, une victoire avec plus d&rsquo;une seconde d&rsquo;avance sur la Nouvelle-Z\u00e9lande, et sans doute la confirmation qu&rsquo;une \u00e9quipe est n\u00e9e.<\/p>\n<blockquote class=\"twitter-tweet\">\n<p dir=\"ltr\" lang=\"en\">France take \ud83e\udd47 in Women Pursuit Finals<\/p>\n<p>\u23f1 4:13.820 versus \ud83e\udd48 New Zealand in 4:15.000<a href=\"https:\/\/twitter.com\/hashtag\/TissotNationsCup?src=hash&amp;ref_src=twsrc%5Etfw\">#TissotNationsCup<\/a> <a href=\"https:\/\/t.co\/ZU82f0jJRf\">pic.twitter.com\/ZU82f0jJRf<\/a><\/p>\n<p>\u2014 UCI Track Cycling (@UCI_Track) <a href=\"https:\/\/twitter.com\/UCI_Track\/status\/1636062105831915520?ref_src=twsrc%5Etfw\">March 15, 2023<\/a><\/p><\/blockquote>\n<p style=\"text-align: justify;\"><script async src=\"https:\/\/platform.twitter.com\/widgets.js\" charset=\"utf-8\"><\/script><\/p>\n<h2 style=\"text-align: justify;\" align=\"justify\">Le succ\u00e8s appelle le succ\u00e8s<\/h2>\n<p style=\"text-align: justify;\">Le d\u00e9but du festival pour les Bleus. Dans la foul\u00e9e, les homologues masculins de la poursuite se sont hiss\u00e9s en finale. <strong>Thomas Denis, Corentin Ermenault, Valentin Tabellion, Quentin Lafargue<\/strong> et <strong>Thomas Boudat<\/strong> ont d\u00fb baisser pavillon contre les intouchables Danois. Puis <strong>Victoire Berteau,<\/strong> lanc\u00e9e sur l&rsquo;\u00e9limination, a sorti une superbe course, ne s&rsquo;inclinant qu&rsquo;au bout du bout face \u00e0 <strong>Jennifer Valente<\/strong>.<\/p>\n<blockquote class=\"twitter-tweet\">\n<p dir=\"ltr\" lang=\"en\">That kick from Jennifer Valente \ud83d\udca5<\/p>\n<p>The USA rider \ud83c\uddfa\ud83c\uddf8 takes the victory after an incredible Women Elimination Race <a href=\"https:\/\/twitter.com\/hashtag\/TissotNationsCup?src=hash&amp;ref_src=twsrc%5Etfw\">#TissotNationsCup<\/a> <a href=\"https:\/\/t.co\/5SGdDvyMm8\">pic.twitter.com\/5SGdDvyMm8<\/a><\/p>\n<p>\u2014 UCI Track Cycling (@UCI_Track) <a href=\"https:\/\/twitter.com\/UCI_Track\/status\/1636067521806704641?ref_src=twsrc%5Etfw\">March 15, 2023<\/a><\/p><\/blockquote>\n<p style=\"text-align: justify;\"><script async src=\"https:\/\/platform.twitter.com\/widgets.js\" charset=\"utf-8\"><\/script><br \/>\nHistoire de fignoler le tableau, les deux formations de vitesse par \u00e9quipes sont \u00e9galement mont\u00e9es sur le podium. Dans la petite finale<strong>, Mathilde Gros, Marie-Divine Kouam\u00e9<\/strong> et <strong>Julie Michaux<\/strong> ont renvers\u00e9 une situation bien compromise pour arracher le bronze aux Anglaises. <strong>Timmy Gillion, Rayan Helal<\/strong> et <strong>S\u00e9bastien Vigier<\/strong> ont fait encore mieux, puisqu&rsquo;ils ont rafl\u00e9 une place en finale, chutant avec les honneurs contre les invincibles N\u00e9erlandais. D\u00e9j\u00e0 cinq m\u00e9dailles, et il reste deux jours pour charger encore les valises.<\/p>\n","protected":false},"excerpt":{"rendered":"<p>COUPE DES NATIONS DE CYCLISME SUR PISTE &#8211; D\u00e8s la premi\u00e8re journ\u00e9e de finales, la France a frapp\u00e9 fort en d\u00e9crochant 5 m\u00e9dailles, dont l&rsquo;or pour les poursuiteuses.\u00a0<\/p>\n","protected":false},"author":59,"featured_media":365776,"comment_status":"open","ping_status":"closed","sticky":false,"template":"","format":"standard","meta":{"_acf_changed":false,"_daextam_enable_autolinks":"","footnotes":""},"categories":[14089],"tags":[16878,24927,25733],"class_list":["post-365766","post","type-post","status-publish","format-standard","has-post-thumbnail","hentry","category-cyclisme-sur-piste","tag-breve","tag-coupe-des-nations-de-cyclisme-sur-piste","tag-equipe-de-france-de-cyclisme-sur-piste"],"acf":[],"yoast_head":"<!-- This site is optimized with the Yoast SEO Premium plugin v26.7 (Yoast SEO v26.7) - https:\/\/yoast.com\/wordpress\/plugins\/seo\/ -->\n<title>Piste Nations Cup : Pluie de m\u00e9dailles pour la France au Caire<\/title>\n<meta name=\"description\" content=\"COUPE DES NATIONS DE CYCLISME SUR PISTE - la France a frapp\u00e9 fort en d\u00e9crochant 5 m\u00e9dailles, dont l&#039;or pour les poursuiteuses.\u00a0\" \/>\n<meta name=\"robots\" content=\"index, follow, max-snippet:-1, max-image-preview:large, max-video-preview:-1\" \/>\n<link rel=\"canonical\" href=\"https:\/\/dicodusport.fr\/blog\/piste-nations-cup-pluie-de-medailles-pour-la-france-au-caire\/\" \/>\n<meta property=\"og:locale\" content=\"fr_FR\" \/>\n<meta property=\"og:type\" content=\"article\" \/>\n<meta property=\"og:title\" content=\"Piste Nations Cup : Pluie de m\u00e9dailles pour la France au Caire\" \/>\n<meta property=\"og:description\" content=\"COUPE DES NATIONS DE CYCLISME SUR PISTE - la France a frapp\u00e9 fort en d\u00e9crochant 5 m\u00e9dailles, dont l&#039;or pour les poursuiteuses.\u00a0\" \/>\n<meta property=\"og:url\" content=\"https:\/\/dicodusport.fr\/blog\/piste-nations-cup-pluie-de-medailles-pour-la-france-au-caire\/\" \/>\n<meta property=\"og:site_name\" content=\"Dicodusport\" \/>\n<meta property=\"article:publisher\" content=\"https:\/\/www.facebook.com\/dicodusport\" \/>\n<meta property=\"article:author\" content=\"https:\/\/www.facebook.com\/sebastien.gente\/\" \/>\n<meta property=\"article:published_time\" content=\"2023-03-15T20:55:56+00:00\" \/>\n<meta property=\"og:image\" content=\"https:\/\/dicodusport.fr\/blog\/wp-content\/uploads\/2023\/03\/Piste-Nations-Cup-Pluie-de-medailles-pour-la-France-au-Caire.png\" \/>\n\t<meta property=\"og:image:width\" content=\"800\" \/>\n\t<meta property=\"og:image:height\" content=\"445\" \/>\n\t<meta property=\"og:image:type\" content=\"image\/png\" \/>\n<meta name=\"author\" content=\"S\u00e9bastien Gente\" \/>\n<meta name=\"twitter:card\" content=\"summary_large_image\" \/>\n<meta name=\"twitter:title\" content=\"Piste Nations Cup : Pluie de m\u00e9dailles pour la France au Caire\" \/>\n<meta name=\"twitter:creator\" content=\"@https:\/\/twitter.com\/globulo24\" \/>\n<meta name=\"twitter:site\" content=\"@dicodusport\" \/>\n<script type=\"application\/ld+json\" class=\"yoast-schema-graph\">{\"@context\":\"https:\/\/schema.org\",\"@graph\":[{\"@type\":\"NewsArticle\",\"@id\":\"https:\/\/dicodusport.fr\/blog\/piste-nations-cup-pluie-de-medailles-pour-la-france-au-caire\/#article\",\"isPartOf\":{\"@id\":\"https:\/\/dicodusport.fr\/blog\/piste-nations-cup-pluie-de-medailles-pour-la-france-au-caire\/\"},\"author\":{\"name\":\"S\u00e9bastien Gente\",\"@id\":\"https:\/\/dicodusport.fr\/blog\/#\/schema\/person\/627966a6cde45dbd8c5e36ac85d783da\"},\"headline\":\"Piste Nations Cup : Pluie de m\u00e9dailles pour la France au Caire\",\"datePublished\":\"2023-03-15T20:55:56+00:00\",\"mainEntityOfPage\":{\"@id\":\"https:\/\/dicodusport.fr\/blog\/piste-nations-cup-pluie-de-medailles-pour-la-france-au-caire\/\"},\"wordCount\":346,\"commentCount\":0,\"publisher\":{\"@id\":\"https:\/\/dicodusport.fr\/blog\/#organization\"},\"image\":{\"@id\":\"https:\/\/dicodusport.fr\/blog\/piste-nations-cup-pluie-de-medailles-pour-la-france-au-caire\/#primaryimage\"},\"thumbnailUrl\":\"https:\/\/dicodusport.fr\/blog\/wp-content\/uploads\/2023\/03\/Piste-Nations-Cup-Pluie-de-medailles-pour-la-France-au-Caire.png\",\"keywords\":[\"br\u00e8ve\",\"Coupe des nations de cyclisme sur piste\",\"\u00e9quipe de france de cyclisme sur piste\"],\"articleSection\":[\"Cyclisme sur piste\"],\"inLanguage\":\"fr-FR\",\"potentialAction\":[{\"@type\":\"CommentAction\",\"name\":\"Comment\",\"target\":[\"https:\/\/dicodusport.fr\/blog\/piste-nations-cup-pluie-de-medailles-pour-la-france-au-caire\/#respond\"]}],\"copyrightYear\":\"2023\",\"copyrightHolder\":{\"@id\":\"https:\/\/dicodusport.fr\/blog\/#organization\"}},{\"@type\":\"WebPage\",\"@id\":\"https:\/\/dicodusport.fr\/blog\/piste-nations-cup-pluie-de-medailles-pour-la-france-au-caire\/\",\"url\":\"https:\/\/dicodusport.fr\/blog\/piste-nations-cup-pluie-de-medailles-pour-la-france-au-caire\/\",\"name\":\"Piste Nations Cup : Pluie de m\u00e9dailles pour la France au Caire\",\"isPartOf\":{\"@id\":\"https:\/\/dicodusport.fr\/blog\/#website\"},\"primaryImageOfPage\":{\"@id\":\"https:\/\/dicodusport.fr\/blog\/piste-nations-cup-pluie-de-medailles-pour-la-france-au-caire\/#primaryimage\"},\"image\":{\"@id\":\"https:\/\/dicodusport.fr\/blog\/piste-nations-cup-pluie-de-medailles-pour-la-france-au-caire\/#primaryimage\"},\"thumbnailUrl\":\"https:\/\/dicodusport.fr\/blog\/wp-content\/uploads\/2023\/03\/Piste-Nations-Cup-Pluie-de-medailles-pour-la-France-au-Caire.png\",\"datePublished\":\"2023-03-15T20:55:56+00:00\",\"description\":\"COUPE DES NATIONS DE CYCLISME SUR PISTE - la France a frapp\u00e9 fort en d\u00e9crochant 5 m\u00e9dailles, dont l'or pour les poursuiteuses.\u00a0\",\"breadcrumb\":{\"@id\":\"https:\/\/dicodusport.fr\/blog\/piste-nations-cup-pluie-de-medailles-pour-la-france-au-caire\/#breadcrumb\"},\"inLanguage\":\"fr-FR\",\"potentialAction\":[{\"@type\":\"ReadAction\",\"target\":[\"https:\/\/dicodusport.fr\/blog\/piste-nations-cup-pluie-de-medailles-pour-la-france-au-caire\/\"]}]},{\"@type\":\"ImageObject\",\"inLanguage\":\"fr-FR\",\"@id\":\"https:\/\/dicodusport.fr\/blog\/piste-nations-cup-pluie-de-medailles-pour-la-france-au-caire\/#primaryimage\",\"url\":\"https:\/\/dicodusport.fr\/blog\/wp-content\/uploads\/2023\/03\/Piste-Nations-Cup-Pluie-de-medailles-pour-la-France-au-Caire.png\",\"contentUrl\":\"https:\/\/dicodusport.fr\/blog\/wp-content\/uploads\/2023\/03\/Piste-Nations-Cup-Pluie-de-medailles-pour-la-France-au-Caire.png\",\"width\":800,\"height\":445,\"caption\":\"Piste Nations Cup Pluie de m\u00e9dailles pour la France au Caire\"},{\"@type\":\"BreadcrumbList\",\"@id\":\"https:\/\/dicodusport.fr\/blog\/piste-nations-cup-pluie-de-medailles-pour-la-france-au-caire\/#breadcrumb\",\"itemListElement\":[{\"@type\":\"ListItem\",\"position\":1,\"name\":\"Accueil\",\"item\":\"https:\/\/dicodusport.fr\/blog\/\"},{\"@type\":\"ListItem\",\"position\":2,\"name\":\"Piste Nations Cup : Pluie de m\u00e9dailles pour la France au Caire\"}]},{\"@type\":\"WebSite\",\"@id\":\"https:\/\/dicodusport.fr\/blog\/#website\",\"url\":\"https:\/\/dicodusport.fr\/blog\/\",\"name\":\"Dicodusport\",\"description\":\"L&#039;encyclop\u00e9die de l&#039;actualit\u00e9 sportive\",\"publisher\":{\"@id\":\"https:\/\/dicodusport.fr\/blog\/#organization\"},\"potentialAction\":[{\"@type\":\"SearchAction\",\"target\":{\"@type\":\"EntryPoint\",\"urlTemplate\":\"https:\/\/dicodusport.fr\/blog\/?s={search_term_string}\"},\"query-input\":{\"@type\":\"PropertyValueSpecification\",\"valueRequired\":true,\"valueName\":\"search_term_string\"}}],\"inLanguage\":\"fr-FR\"},{\"@type\":\"NewsMediaOrganization\",\"@id\":\"https:\/\/dicodusport.fr\/blog\/#organization\",\"name\":\"Dicodusport\",\"url\":\"https:\/\/dicodusport.fr\/blog\/\",\"logo\":{\"@type\":\"ImageObject\",\"inLanguage\":\"fr-FR\",\"@id\":\"https:\/\/dicodusport.fr\/blog\/#\/schema\/logo\/image\/\",\"url\":\"https:\/\/dicodusport.fr\/blog\/wp-content\/uploads\/2020\/06\/cropped-LOGO-DICODUSPORT-2020-SANS-FOND-SANS-TEXTE.png\",\"contentUrl\":\"https:\/\/dicodusport.fr\/blog\/wp-content\/uploads\/2020\/06\/cropped-LOGO-DICODUSPORT-2020-SANS-FOND-SANS-TEXTE.png\",\"width\":512,\"height\":512,\"caption\":\"Dicodusport\"},\"image\":{\"@id\":\"https:\/\/dicodusport.fr\/blog\/#\/schema\/logo\/image\/\"},\"sameAs\":[\"https:\/\/www.facebook.com\/dicodusport\",\"https:\/\/x.com\/dicodusport\",\"https:\/\/www.instagram.com\/dicodusport\/\",\"https:\/\/www.youtube.com\/channel\/UC7V2KZ5sd3htJivAbA4ZG3w\"],\"description\":\"Dicodusport est l'encyclop\u00e9die de l'actualit\u00e9 sportive.\",\"email\":\"bonjour@dicodusport.fr\",\"legalName\":\"DICODUSPORT\",\"foundingDate\":\"2018-01-14\",\"vatID\":\"FR71834470973\",\"taxID\":\"83447097300043\",\"numberOfEmployees\":{\"@type\":\"QuantitativeValue\",\"minValue\":\"1\",\"maxValue\":\"10\"}},{\"@type\":\"Person\",\"@id\":\"https:\/\/dicodusport.fr\/blog\/#\/schema\/person\/627966a6cde45dbd8c5e36ac85d783da\",\"name\":\"S\u00e9bastien Gente\",\"image\":{\"@type\":\"ImageObject\",\"inLanguage\":\"fr-FR\",\"@id\":\"https:\/\/dicodusport.fr\/blog\/#\/schema\/person\/image\/\",\"url\":\"https:\/\/dicodusport.fr\/blog\/wp-content\/uploads\/2021\/09\/1510990_10205810251400683_4124423575079401707_n-150x150.jpg\",\"contentUrl\":\"https:\/\/dicodusport.fr\/blog\/wp-content\/uploads\/2021\/09\/1510990_10205810251400683_4124423575079401707_n-150x150.jpg\",\"caption\":\"S\u00e9bastien Gente\"},\"description\":\"John Stockton, Gianni Bugno, Zinedine Zidane, Steffi Graf, Frode Andresen, St\u00e9phane Stoecklin, Davis Kamoga, Primoz Peterka, Werner Schlager et Aur\u00e9lien Rougerie. Point commun entre ces sportifs? Ils m'ont fait r\u00eaver et ont berc\u00e9 mon adolescence. Je suis un fondu de sports et j'essaie de retranscrire ma passion \u00e0 travers mes articles. Originaire du P\u00e9rigord, ma passion pour les Girondins, les Jaunards et les Jazzmen transpire dans mes \u00e9crits. \u00c0 Dicodusport depuis 2021, je d\u00e9niche les sports m\u00e9connus dans lesquels la France brille, et il y en a !\",\"sameAs\":[\"https:\/\/www.facebook.com\/sebastien.gente\/\",\"https:\/\/www.instagram.com\/sebgente\/\",\"https:\/\/www.linkedin.com\/in\/sbastien-gente-a29583169\/\",\"https:\/\/x.com\/https:\/\/twitter.com\/globulo24\",\"SebastienGente\"],\"worksFor\":\"S\u00e9bastien GENTE\",\"url\":\"https:\/\/dicodusport.fr\/blog\/author\/sebastiengente\/\"}]}<\/script>\n<!-- \/ Yoast SEO Premium plugin. -->","yoast_head_json":{"title":"Piste Nations Cup : Pluie de m\u00e9dailles pour la France au Caire","description":"COUPE DES NATIONS DE CYCLISME SUR PISTE - la France a frapp\u00e9 fort en d\u00e9crochant 5 m\u00e9dailles, dont l'or pour les poursuiteuses.\u00a0","robots":{"index":"index","follow":"follow","max-snippet":"max-snippet:-1","max-image-preview":"max-image-preview:large","max-video-preview":"max-video-preview:-1"},"canonical":"https:\/\/dicodusport.fr\/blog\/piste-nations-cup-pluie-de-medailles-pour-la-france-au-caire\/","og_locale":"fr_FR","og_type":"article","og_title":"Piste Nations Cup : Pluie de m\u00e9dailles pour la France au Caire","og_description":"COUPE DES NATIONS DE CYCLISME SUR PISTE - la France a frapp\u00e9 fort en d\u00e9crochant 5 m\u00e9dailles, dont l'or pour les poursuiteuses.\u00a0","og_url":"https:\/\/dicodusport.fr\/blog\/piste-nations-cup-pluie-de-medailles-pour-la-france-au-caire\/","og_site_name":"Dicodusport","article_publisher":"https:\/\/www.facebook.com\/dicodusport","article_author":"https:\/\/www.facebook.com\/sebastien.gente\/","article_published_time":"2023-03-15T20:55:56+00:00","og_image":[{"width":800,"height":445,"url":"https:\/\/dicodusport.fr\/blog\/wp-content\/uploads\/2023\/03\/Piste-Nations-Cup-Pluie-de-medailles-pour-la-France-au-Caire.png","type":"image\/png"}],"author":"S\u00e9bastien Gente","twitter_card":"summary_large_image","twitter_title":"Piste Nations Cup : Pluie de m\u00e9dailles pour la France au Caire","twitter_creator":"@https:\/\/twitter.com\/globulo24","twitter_site":"@dicodusport","schema":{"@context":"https:\/\/schema.org","@graph":[{"@type":"NewsArticle","@id":"https:\/\/dicodusport.fr\/blog\/piste-nations-cup-pluie-de-medailles-pour-la-france-au-caire\/#article","isPartOf":{"@id":"https:\/\/dicodusport.fr\/blog\/piste-nations-cup-pluie-de-medailles-pour-la-france-au-caire\/"},"author":{"name":"S\u00e9bastien Gente","@id":"https:\/\/dicodusport.fr\/blog\/#\/schema\/person\/627966a6cde45dbd8c5e36ac85d783da"},"headline":"Piste Nations Cup : Pluie de m\u00e9dailles pour la France au Caire","datePublished":"2023-03-15T20:55:56+00:00","mainEntityOfPage":{"@id":"https:\/\/dicodusport.fr\/blog\/piste-nations-cup-pluie-de-medailles-pour-la-france-au-caire\/"},"wordCount":346,"commentCount":0,"publisher":{"@id":"https:\/\/dicodusport.fr\/blog\/#organization"},"image":{"@id":"https:\/\/dicodusport.fr\/blog\/piste-nations-cup-pluie-de-medailles-pour-la-france-au-caire\/#primaryimage"},"thumbnailUrl":"https:\/\/dicodusport.fr\/blog\/wp-content\/uploads\/2023\/03\/Piste-Nations-Cup-Pluie-de-medailles-pour-la-France-au-Caire.png","keywords":["br\u00e8ve","Coupe des nations de cyclisme sur piste","\u00e9quipe de france de cyclisme sur piste"],"articleSection":["Cyclisme sur piste"],"inLanguage":"fr-FR","potentialAction":[{"@type":"CommentAction","name":"Comment","target":["https:\/\/dicodusport.fr\/blog\/piste-nations-cup-pluie-de-medailles-pour-la-france-au-caire\/#respond"]}],"copyrightYear":"2023","copyrightHolder":{"@id":"https:\/\/dicodusport.fr\/blog\/#organization"}},{"@type":"WebPage","@id":"https:\/\/dicodusport.fr\/blog\/piste-nations-cup-pluie-de-medailles-pour-la-france-au-caire\/","url":"https:\/\/dicodusport.fr\/blog\/piste-nations-cup-pluie-de-medailles-pour-la-france-au-caire\/","name":"Piste Nations Cup : Pluie de m\u00e9dailles pour la France au Caire","isPartOf":{"@id":"https:\/\/dicodusport.fr\/blog\/#website"},"primaryImageOfPage":{"@id":"https:\/\/dicodusport.fr\/blog\/piste-nations-cup-pluie-de-medailles-pour-la-france-au-caire\/#primaryimage"},"image":{"@id":"https:\/\/dicodusport.fr\/blog\/piste-nations-cup-pluie-de-medailles-pour-la-france-au-caire\/#primaryimage"},"thumbnailUrl":"https:\/\/dicodusport.fr\/blog\/wp-content\/uploads\/2023\/03\/Piste-Nations-Cup-Pluie-de-medailles-pour-la-France-au-Caire.png","datePublished":"2023-03-15T20:55:56+00:00","description":"COUPE DES NATIONS DE CYCLISME SUR PISTE - la France a frapp\u00e9 fort en d\u00e9crochant 5 m\u00e9dailles, dont l'or pour les poursuiteuses.\u00a0","breadcrumb":{"@id":"https:\/\/dicodusport.fr\/blog\/piste-nations-cup-pluie-de-medailles-pour-la-france-au-caire\/#breadcrumb"},"inLanguage":"fr-FR","potentialAction":[{"@type":"ReadAction","target":["https:\/\/dicodusport.fr\/blog\/piste-nations-cup-pluie-de-medailles-pour-la-france-au-caire\/"]}]},{"@type":"ImageObject","inLanguage":"fr-FR","@id":"https:\/\/dicodusport.fr\/blog\/piste-nations-cup-pluie-de-medailles-pour-la-france-au-caire\/#primaryimage","url":"https:\/\/dicodusport.fr\/blog\/wp-content\/uploads\/2023\/03\/Piste-Nations-Cup-Pluie-de-medailles-pour-la-France-au-Caire.png","contentUrl":"https:\/\/dicodusport.fr\/blog\/wp-content\/uploads\/2023\/03\/Piste-Nations-Cup-Pluie-de-medailles-pour-la-France-au-Caire.png","width":800,"height":445,"caption":"Piste Nations Cup Pluie de m\u00e9dailles pour la France au Caire"},{"@type":"BreadcrumbList","@id":"https:\/\/dicodusport.fr\/blog\/piste-nations-cup-pluie-de-medailles-pour-la-france-au-caire\/#breadcrumb","itemListElement":[{"@type":"ListItem","position":1,"name":"Accueil","item":"https:\/\/dicodusport.fr\/blog\/"},{"@type":"ListItem","position":2,"name":"Piste Nations Cup : Pluie de m\u00e9dailles pour la France au Caire"}]},{"@type":"WebSite","@id":"https:\/\/dicodusport.fr\/blog\/#website","url":"https:\/\/dicodusport.fr\/blog\/","name":"Dicodusport","description":"L&#039;encyclop\u00e9die de l&#039;actualit\u00e9 sportive","publisher":{"@id":"https:\/\/dicodusport.fr\/blog\/#organization"},"potentialAction":[{"@type":"SearchAction","target":{"@type":"EntryPoint","urlTemplate":"https:\/\/dicodusport.fr\/blog\/?s={search_term_string}"},"query-input":{"@type":"PropertyValueSpecification","valueRequired":true,"valueName":"search_term_string"}}],"inLanguage":"fr-FR"},{"@type":"NewsMediaOrganization","@id":"https:\/\/dicodusport.fr\/blog\/#organization","name":"Dicodusport","url":"https:\/\/dicodusport.fr\/blog\/","logo":{"@type":"ImageObject","inLanguage":"fr-FR","@id":"https:\/\/dicodusport.fr\/blog\/#\/schema\/logo\/image\/","url":"https:\/\/dicodusport.fr\/blog\/wp-content\/uploads\/2020\/06\/cropped-LOGO-DICODUSPORT-2020-SANS-FOND-SANS-TEXTE.png","contentUrl":"https:\/\/dicodusport.fr\/blog\/wp-content\/uploads\/2020\/06\/cropped-LOGO-DICODUSPORT-2020-SANS-FOND-SANS-TEXTE.png","width":512,"height":512,"caption":"Dicodusport"},"image":{"@id":"https:\/\/dicodusport.fr\/blog\/#\/schema\/logo\/image\/"},"sameAs":["https:\/\/www.facebook.com\/dicodusport","https:\/\/x.com\/dicodusport","https:\/\/www.instagram.com\/dicodusport\/","https:\/\/www.youtube.com\/channel\/UC7V2KZ5sd3htJivAbA4ZG3w"],"description":"Dicodusport est l'encyclop\u00e9die de l'actualit\u00e9 sportive.","email":"bonjour@dicodusport.fr","legalName":"DICODUSPORT","foundingDate":"2018-01-14","vatID":"FR71834470973","taxID":"83447097300043","numberOfEmployees":{"@type":"QuantitativeValue","minValue":"1","maxValue":"10"}},{"@type":"Person","@id":"https:\/\/dicodusport.fr\/blog\/#\/schema\/person\/627966a6cde45dbd8c5e36ac85d783da","name":"S\u00e9bastien Gente","image":{"@type":"ImageObject","inLanguage":"fr-FR","@id":"https:\/\/dicodusport.fr\/blog\/#\/schema\/person\/image\/","url":"https:\/\/dicodusport.fr\/blog\/wp-content\/uploads\/2021\/09\/1510990_10205810251400683_4124423575079401707_n-150x150.jpg","contentUrl":"https:\/\/dicodusport.fr\/blog\/wp-content\/uploads\/2021\/09\/1510990_10205810251400683_4124423575079401707_n-150x150.jpg","caption":"S\u00e9bastien Gente"},"description":"John Stockton, Gianni Bugno, Zinedine Zidane, Steffi Graf, Frode Andresen, St\u00e9phane Stoecklin, Davis Kamoga, Primoz Peterka, Werner Schlager et Aur\u00e9lien Rougerie. Point commun entre ces sportifs? Ils m'ont fait r\u00eaver et ont berc\u00e9 mon adolescence. Je suis un fondu de sports et j'essaie de retranscrire ma passion \u00e0 travers mes articles. Originaire du P\u00e9rigord, ma passion pour les Girondins, les Jaunards et les Jazzmen transpire dans mes \u00e9crits. \u00c0 Dicodusport depuis 2021, je d\u00e9niche les sports m\u00e9connus dans lesquels la France brille, et il y en a !","sameAs":["https:\/\/www.facebook.com\/sebastien.gente\/","https:\/\/www.instagram.com\/sebgente\/","https:\/\/www.linkedin.com\/in\/sbastien-gente-a29583169\/","https:\/\/x.com\/https:\/\/twitter.com\/globulo24","SebastienGente"],"worksFor":"S\u00e9bastien GENTE","url":"https:\/\/dicodusport.fr\/blog\/author\/sebastiengente\/"}]}},"_links":{"self":[{"href":"https:\/\/dicodusport.fr\/blog\/wp-json\/wp\/v2\/posts\/365766","targetHints":{"allow":["GET"]}}],"collection":[{"href":"https:\/\/dicodusport.fr\/blog\/wp-json\/wp\/v2\/posts"}],"about":[{"href":"https:\/\/dicodusport.fr\/blog\/wp-json\/wp\/v2\/types\/post"}],"author":[{"embeddable":true,"href":"https:\/\/dicodusport.fr\/blog\/wp-json\/wp\/v2\/users\/59"}],"replies":[{"embeddable":true,"href":"https:\/\/dicodusport.fr\/blog\/wp-json\/wp\/v2\/comments?post=365766"}],"version-history":[{"count":0,"href":"https:\/\/dicodusport.fr\/blog\/wp-json\/wp\/v2\/posts\/365766\/revisions"}],"wp:featuredmedia":[{"embeddable":true,"href":"https:\/\/dicodusport.fr\/blog\/wp-json\/wp\/v2\/media\/365776"}],"wp:attachment":[{"href":"https:\/\/dicodusport.fr\/blog\/wp-json\/wp\/v2\/media?parent=365766"}],"wp:term":[{"taxonomy":"category","embeddable":true,"href":"https:\/\/dicodusport.fr\/blog\/wp-json\/wp\/v2\/categories?post=365766"},{"taxonomy":"post_tag","embeddable":true,"href":"https:\/\/dicodusport.fr\/blog\/wp-json\/wp\/v2\/tags?post=365766"}],"curies":[{"name":"wp","href":"https:\/\/api.w.org\/{rel}","templated":true}]}}