{"id":366213,"date":"2023-03-17T09:36:43","date_gmt":"2023-03-17T08:36:43","guid":{"rendered":"https:\/\/dicodusport.fr\/blog\/?p=366213&#038;preview=true&#038;preview_id=366213"},"modified":"2023-03-17T09:56:32","modified_gmt":"2023-03-17T08:56:32","slug":"premier-league-patrick-vieira-licencie-de-son-poste-dentraineur-de-crystal-palace","status":"publish","type":"post","link":"https:\/\/dicodusport.fr\/blog\/premier-league-patrick-vieira-licencie-de-son-poste-dentraineur-de-crystal-palace\/","title":{"rendered":"Premier League : Patrick Vieira licenci\u00e9 de son poste d&rsquo;entra\u00eeneur de Crystal Palace"},"content":{"rendered":"<p style=\"text-align: justify;\" align=\"justify\"><em><strong>PREMIER LEAGUE 2022\/2023 &#8211; Patrick Vieira n&rsquo;aura pas surv\u00e9cu \u00e0 la mauvaise passe de son \u00e9quipe, puisque la direction de Crystal Palace a d\u00e9cid\u00e9 de le d\u00e9barquer aujourd&rsquo;hui.\u00a0<\/strong><\/em><\/p>\n<p style=\"text-align: justify;\" align=\"justify\">Apr\u00e8s un d\u00e9but de saison solide, Crystal Palace a lentement chut\u00e9. Les Eagles n&rsquo;ont tout simplement plus gagn\u00e9 depuis le 31 d\u00e9cembre ! Six d\u00e9faites et cinq nuls plus tard en Premier League, les jours de <strong>Patrick Vieira<\/strong> \u00e9taient compt\u00e9s, et c&rsquo;est aujourd&rsquo;hui que la direction du club a d\u00e9cid\u00e9 de se s\u00e9parer du technicien fran\u00e7ais. En effet, Palace ne compte que trois points d&rsquo;avance sur la zone rouge.<\/p>\n<blockquote class=\"twitter-tweet\">\n<p dir=\"ltr\" lang=\"fr\">\ud83d\udea8 OFFICIEL ! Patrick Vieira est LICENCI\u00c9 de son poste d\u2019entra\u00eeneur de Crystal Palace ! \ud83d\udc4b <a href=\"https:\/\/t.co\/QQe1cMtw9l\">pic.twitter.com\/QQe1cMtw9l<\/a><\/p>\n<p>\u2014 Actu Foot (@ActuFoot_) <a href=\"https:\/\/twitter.com\/ActuFoot_\/status\/1636641659092967426?ref_src=twsrc%5Etfw\">March 17, 2023<\/a><\/p><\/blockquote>\n<p style=\"text-align: justify;\"><script async src=\"https:\/\/platform.twitter.com\/widgets.js\" charset=\"utf-8\"><\/script><\/p>\n<p style=\"text-align: justify;\" align=\"justify\">Arriv\u00e9 \u00e0 l&rsquo;intersaison 2021, <strong>Vieira<\/strong> s&rsquo;en va avec un pi\u00e8tre bilan global de 22 victoires, 25 nuls et 27 d\u00e9faites, et une demi-finale de FA Cup comme principal fait d&rsquo;arme. Les d\u00e9buts de l&rsquo;ancien international fran\u00e7ais en tant qu&rsquo;entra\u00eeneur sont d\u00e9cid\u00e9ment compliqu\u00e9s. Son dernier poste, \u00e0 l&rsquo;OGC Nice, l&rsquo;avait vu \u00eatre d\u00e9mis de ses fonctions en d\u00e9cembre 2020, apr\u00e8s deux ans et demi de pr\u00e9sence.<\/p>\n","protected":false},"excerpt":{"rendered":"<p>PREMIER LEAGUE 2022\/2023 &#8211; Patrick Vieira n&rsquo;aura pas surv\u00e9cu \u00e0 la mauvaise passe de son \u00e9quipe, puisque la direction de Crystal Palace a d\u00e9cid\u00e9 de le d\u00e9barquer aujourd&rsquo;hui.\u00a0<\/p>\n","protected":false},"author":59,"featured_media":366218,"comment_status":"open","ping_status":"closed","sticky":false,"template":"","format":"standard","meta":{"_acf_changed":false,"_daextam_enable_autolinks":"","footnotes":""},"categories":[2301],"tags":[16878,3783,75,268],"class_list":["post-366213","post","type-post","status-publish","format-standard","has-post-thumbnail","hentry","category-football","tag-breve","tag-crystal-palace","tag-football","tag-patrick-vieira"],"acf":[],"yoast_head":"<!-- This site is optimized with the Yoast SEO Premium plugin v26.7 (Yoast SEO v26.7) - https:\/\/yoast.com\/wordpress\/plugins\/seo\/ -->\n<title>Premier League : Patrick Vieira licenci\u00e9 de son poste d&#039;entra\u00eeneur de Crystal Palace<\/title>\n<meta name=\"description\" content=\"PREMIER LEAGUE 2022\/2023 - Patrick Vieira n&#039;aura pas surv\u00e9cu \u00e0 la mauvaise passe de son \u00e9quipe, puisque la direction de Crystal Palace a d\u00e9cid\u00e9 de le d\u00e9barquer aujourd&#039;hui.\u00a0\" \/>\n<meta name=\"robots\" content=\"index, follow, max-snippet:-1, max-image-preview:large, max-video-preview:-1\" \/>\n<link rel=\"canonical\" href=\"https:\/\/dicodusport.fr\/blog\/premier-league-patrick-vieira-licencie-de-son-poste-dentraineur-de-crystal-palace\/\" \/>\n<meta property=\"og:locale\" content=\"fr_FR\" \/>\n<meta property=\"og:type\" content=\"article\" \/>\n<meta property=\"og:title\" content=\"Premier League : Patrick Vieira licenci\u00e9 de son poste d&#039;entra\u00eeneur de Crystal Palace\" \/>\n<meta property=\"og:description\" content=\"PREMIER LEAGUE 2022\/2023 - Patrick Vieira n&#039;aura pas surv\u00e9cu \u00e0 la mauvaise passe de son \u00e9quipe, puisque la direction de Crystal Palace a d\u00e9cid\u00e9 de le d\u00e9barquer aujourd&#039;hui.\u00a0\" \/>\n<meta property=\"og:url\" content=\"https:\/\/dicodusport.fr\/blog\/premier-league-patrick-vieira-licencie-de-son-poste-dentraineur-de-crystal-palace\/\" \/>\n<meta property=\"og:site_name\" content=\"Dicodusport\" \/>\n<meta property=\"article:publisher\" content=\"https:\/\/www.facebook.com\/dicodusport\" \/>\n<meta property=\"article:author\" content=\"https:\/\/www.facebook.com\/sebastien.gente\/\" \/>\n<meta property=\"article:published_time\" content=\"2023-03-17T08:36:43+00:00\" \/>\n<meta property=\"article:modified_time\" content=\"2023-03-17T08:56:32+00:00\" \/>\n<meta property=\"og:image\" content=\"https:\/\/dicodusport.fr\/blog\/wp-content\/uploads\/2023\/03\/Premier-League-Patrick-Vieira-licencie-de-son-poste-dentraineur-de-Crystal-Palace.png\" \/>\n\t<meta property=\"og:image:width\" content=\"800\" \/>\n\t<meta property=\"og:image:height\" content=\"445\" \/>\n\t<meta property=\"og:image:type\" content=\"image\/png\" \/>\n<meta name=\"author\" content=\"S\u00e9bastien Gente\" \/>\n<meta name=\"twitter:card\" content=\"summary_large_image\" \/>\n<meta name=\"twitter:title\" content=\"Premier League : Patrick Vieira licenci\u00e9 de son poste d&#039;entra\u00eeneur de Crystal Palace\" \/>\n<meta name=\"twitter:creator\" content=\"@https:\/\/twitter.com\/globulo24\" \/>\n<meta name=\"twitter:site\" content=\"@dicodusport\" \/>\n<script type=\"application\/ld+json\" class=\"yoast-schema-graph\">{\"@context\":\"https:\/\/schema.org\",\"@graph\":[{\"@type\":\"NewsArticle\",\"@id\":\"https:\/\/dicodusport.fr\/blog\/premier-league-patrick-vieira-licencie-de-son-poste-dentraineur-de-crystal-palace\/#article\",\"isPartOf\":{\"@id\":\"https:\/\/dicodusport.fr\/blog\/premier-league-patrick-vieira-licencie-de-son-poste-dentraineur-de-crystal-palace\/\"},\"author\":{\"name\":\"S\u00e9bastien Gente\",\"@id\":\"https:\/\/dicodusport.fr\/blog\/#\/schema\/person\/627966a6cde45dbd8c5e36ac85d783da\"},\"headline\":\"Premier League : Patrick Vieira licenci\u00e9 de son poste d&rsquo;entra\u00eeneur de Crystal Palace\",\"datePublished\":\"2023-03-17T08:36:43+00:00\",\"dateModified\":\"2023-03-17T08:56:32+00:00\",\"mainEntityOfPage\":{\"@id\":\"https:\/\/dicodusport.fr\/blog\/premier-league-patrick-vieira-licencie-de-son-poste-dentraineur-de-crystal-palace\/\"},\"wordCount\":225,\"commentCount\":0,\"publisher\":{\"@id\":\"https:\/\/dicodusport.fr\/blog\/#organization\"},\"image\":{\"@id\":\"https:\/\/dicodusport.fr\/blog\/premier-league-patrick-vieira-licencie-de-son-poste-dentraineur-de-crystal-palace\/#primaryimage\"},\"thumbnailUrl\":\"https:\/\/dicodusport.fr\/blog\/wp-content\/uploads\/2023\/03\/Premier-League-Patrick-Vieira-licencie-de-son-poste-dentraineur-de-Crystal-Palace.png\",\"keywords\":[\"br\u00e8ve\",\"Crystal Palace\",\"Football\",\"Patrick Vieira\"],\"articleSection\":[\"Football\"],\"inLanguage\":\"fr-FR\",\"potentialAction\":[{\"@type\":\"CommentAction\",\"name\":\"Comment\",\"target\":[\"https:\/\/dicodusport.fr\/blog\/premier-league-patrick-vieira-licencie-de-son-poste-dentraineur-de-crystal-palace\/#respond\"]}],\"copyrightYear\":\"2023\",\"copyrightHolder\":{\"@id\":\"https:\/\/dicodusport.fr\/blog\/#organization\"}},{\"@type\":\"WebPage\",\"@id\":\"https:\/\/dicodusport.fr\/blog\/premier-league-patrick-vieira-licencie-de-son-poste-dentraineur-de-crystal-palace\/\",\"url\":\"https:\/\/dicodusport.fr\/blog\/premier-league-patrick-vieira-licencie-de-son-poste-dentraineur-de-crystal-palace\/\",\"name\":\"Premier League : Patrick Vieira licenci\u00e9 de son poste d'entra\u00eeneur de Crystal Palace\",\"isPartOf\":{\"@id\":\"https:\/\/dicodusport.fr\/blog\/#website\"},\"primaryImageOfPage\":{\"@id\":\"https:\/\/dicodusport.fr\/blog\/premier-league-patrick-vieira-licencie-de-son-poste-dentraineur-de-crystal-palace\/#primaryimage\"},\"image\":{\"@id\":\"https:\/\/dicodusport.fr\/blog\/premier-league-patrick-vieira-licencie-de-son-poste-dentraineur-de-crystal-palace\/#primaryimage\"},\"thumbnailUrl\":\"https:\/\/dicodusport.fr\/blog\/wp-content\/uploads\/2023\/03\/Premier-League-Patrick-Vieira-licencie-de-son-poste-dentraineur-de-Crystal-Palace.png\",\"datePublished\":\"2023-03-17T08:36:43+00:00\",\"dateModified\":\"2023-03-17T08:56:32+00:00\",\"description\":\"PREMIER LEAGUE 2022\/2023 - Patrick Vieira n'aura pas surv\u00e9cu \u00e0 la mauvaise passe de son \u00e9quipe, puisque la direction de Crystal Palace a d\u00e9cid\u00e9 de le d\u00e9barquer aujourd'hui.\u00a0\",\"breadcrumb\":{\"@id\":\"https:\/\/dicodusport.fr\/blog\/premier-league-patrick-vieira-licencie-de-son-poste-dentraineur-de-crystal-palace\/#breadcrumb\"},\"inLanguage\":\"fr-FR\",\"potentialAction\":[{\"@type\":\"ReadAction\",\"target\":[\"https:\/\/dicodusport.fr\/blog\/premier-league-patrick-vieira-licencie-de-son-poste-dentraineur-de-crystal-palace\/\"]}]},{\"@type\":\"ImageObject\",\"inLanguage\":\"fr-FR\",\"@id\":\"https:\/\/dicodusport.fr\/blog\/premier-league-patrick-vieira-licencie-de-son-poste-dentraineur-de-crystal-palace\/#primaryimage\",\"url\":\"https:\/\/dicodusport.fr\/blog\/wp-content\/uploads\/2023\/03\/Premier-League-Patrick-Vieira-licencie-de-son-poste-dentraineur-de-Crystal-Palace.png\",\"contentUrl\":\"https:\/\/dicodusport.fr\/blog\/wp-content\/uploads\/2023\/03\/Premier-League-Patrick-Vieira-licencie-de-son-poste-dentraineur-de-Crystal-Palace.png\",\"width\":800,\"height\":445,\"caption\":\"Premier League Patrick Vieira licenci\u00e9 de son poste d'entra\u00eeneur de Crystal Palace\"},{\"@type\":\"BreadcrumbList\",\"@id\":\"https:\/\/dicodusport.fr\/blog\/premier-league-patrick-vieira-licencie-de-son-poste-dentraineur-de-crystal-palace\/#breadcrumb\",\"itemListElement\":[{\"@type\":\"ListItem\",\"position\":1,\"name\":\"Accueil\",\"item\":\"https:\/\/dicodusport.fr\/blog\/\"},{\"@type\":\"ListItem\",\"position\":2,\"name\":\"Premier League : Patrick Vieira licenci\u00e9 de son poste d&rsquo;entra\u00eeneur de Crystal Palace\"}]},{\"@type\":\"WebSite\",\"@id\":\"https:\/\/dicodusport.fr\/blog\/#website\",\"url\":\"https:\/\/dicodusport.fr\/blog\/\",\"name\":\"Dicodusport\",\"description\":\"L&#039;encyclop\u00e9die de l&#039;actualit\u00e9 sportive\",\"publisher\":{\"@id\":\"https:\/\/dicodusport.fr\/blog\/#organization\"},\"potentialAction\":[{\"@type\":\"SearchAction\",\"target\":{\"@type\":\"EntryPoint\",\"urlTemplate\":\"https:\/\/dicodusport.fr\/blog\/?s={search_term_string}\"},\"query-input\":{\"@type\":\"PropertyValueSpecification\",\"valueRequired\":true,\"valueName\":\"search_term_string\"}}],\"inLanguage\":\"fr-FR\"},{\"@type\":\"NewsMediaOrganization\",\"@id\":\"https:\/\/dicodusport.fr\/blog\/#organization\",\"name\":\"Dicodusport\",\"url\":\"https:\/\/dicodusport.fr\/blog\/\",\"logo\":{\"@type\":\"ImageObject\",\"inLanguage\":\"fr-FR\",\"@id\":\"https:\/\/dicodusport.fr\/blog\/#\/schema\/logo\/image\/\",\"url\":\"https:\/\/dicodusport.fr\/blog\/wp-content\/uploads\/2020\/06\/cropped-LOGO-DICODUSPORT-2020-SANS-FOND-SANS-TEXTE.png\",\"contentUrl\":\"https:\/\/dicodusport.fr\/blog\/wp-content\/uploads\/2020\/06\/cropped-LOGO-DICODUSPORT-2020-SANS-FOND-SANS-TEXTE.png\",\"width\":512,\"height\":512,\"caption\":\"Dicodusport\"},\"image\":{\"@id\":\"https:\/\/dicodusport.fr\/blog\/#\/schema\/logo\/image\/\"},\"sameAs\":[\"https:\/\/www.facebook.com\/dicodusport\",\"https:\/\/x.com\/dicodusport\",\"https:\/\/www.instagram.com\/dicodusport\/\",\"https:\/\/www.youtube.com\/channel\/UC7V2KZ5sd3htJivAbA4ZG3w\"],\"description\":\"Dicodusport est l'encyclop\u00e9die de l'actualit\u00e9 sportive.\",\"email\":\"bonjour@dicodusport.fr\",\"legalName\":\"DICODUSPORT\",\"foundingDate\":\"2018-01-14\",\"vatID\":\"FR71834470973\",\"taxID\":\"83447097300043\",\"numberOfEmployees\":{\"@type\":\"QuantitativeValue\",\"minValue\":\"1\",\"maxValue\":\"10\"}},{\"@type\":\"Person\",\"@id\":\"https:\/\/dicodusport.fr\/blog\/#\/schema\/person\/627966a6cde45dbd8c5e36ac85d783da\",\"name\":\"S\u00e9bastien Gente\",\"image\":{\"@type\":\"ImageObject\",\"inLanguage\":\"fr-FR\",\"@id\":\"https:\/\/dicodusport.fr\/blog\/#\/schema\/person\/image\/\",\"url\":\"https:\/\/dicodusport.fr\/blog\/wp-content\/uploads\/2021\/09\/1510990_10205810251400683_4124423575079401707_n-150x150.jpg\",\"contentUrl\":\"https:\/\/dicodusport.fr\/blog\/wp-content\/uploads\/2021\/09\/1510990_10205810251400683_4124423575079401707_n-150x150.jpg\",\"caption\":\"S\u00e9bastien Gente\"},\"description\":\"John Stockton, Gianni Bugno, Zinedine Zidane, Steffi Graf, Frode Andresen, St\u00e9phane Stoecklin, Davis Kamoga, Primoz Peterka, Werner Schlager et Aur\u00e9lien Rougerie. Point commun entre ces sportifs? Ils m'ont fait r\u00eaver et ont berc\u00e9 mon adolescence. Je suis un fondu de sports et j'essaie de retranscrire ma passion \u00e0 travers mes articles. Originaire du P\u00e9rigord, ma passion pour les Girondins, les Jaunards et les Jazzmen transpire dans mes \u00e9crits. \u00c0 Dicodusport depuis 2021, je d\u00e9niche les sports m\u00e9connus dans lesquels la France brille, et il y en a !\",\"sameAs\":[\"https:\/\/www.facebook.com\/sebastien.gente\/\",\"https:\/\/www.instagram.com\/sebgente\/\",\"https:\/\/www.linkedin.com\/in\/sbastien-gente-a29583169\/\",\"https:\/\/x.com\/https:\/\/twitter.com\/globulo24\",\"SebastienGente\"],\"worksFor\":\"S\u00e9bastien GENTE\",\"url\":\"https:\/\/dicodusport.fr\/blog\/author\/sebastiengente\/\"}]}<\/script>\n<!-- \/ Yoast SEO Premium plugin. -->","yoast_head_json":{"title":"Premier League : Patrick Vieira licenci\u00e9 de son poste d'entra\u00eeneur de Crystal Palace","description":"PREMIER LEAGUE 2022\/2023 - Patrick Vieira n'aura pas surv\u00e9cu \u00e0 la mauvaise passe de son \u00e9quipe, puisque la direction de Crystal Palace a d\u00e9cid\u00e9 de le d\u00e9barquer aujourd'hui.\u00a0","robots":{"index":"index","follow":"follow","max-snippet":"max-snippet:-1","max-image-preview":"max-image-preview:large","max-video-preview":"max-video-preview:-1"},"canonical":"https:\/\/dicodusport.fr\/blog\/premier-league-patrick-vieira-licencie-de-son-poste-dentraineur-de-crystal-palace\/","og_locale":"fr_FR","og_type":"article","og_title":"Premier League : Patrick Vieira licenci\u00e9 de son poste d'entra\u00eeneur de Crystal Palace","og_description":"PREMIER LEAGUE 2022\/2023 - Patrick Vieira n'aura pas surv\u00e9cu \u00e0 la mauvaise passe de son \u00e9quipe, puisque la direction de Crystal Palace a d\u00e9cid\u00e9 de le d\u00e9barquer aujourd'hui.\u00a0","og_url":"https:\/\/dicodusport.fr\/blog\/premier-league-patrick-vieira-licencie-de-son-poste-dentraineur-de-crystal-palace\/","og_site_name":"Dicodusport","article_publisher":"https:\/\/www.facebook.com\/dicodusport","article_author":"https:\/\/www.facebook.com\/sebastien.gente\/","article_published_time":"2023-03-17T08:36:43+00:00","article_modified_time":"2023-03-17T08:56:32+00:00","og_image":[{"width":800,"height":445,"url":"https:\/\/dicodusport.fr\/blog\/wp-content\/uploads\/2023\/03\/Premier-League-Patrick-Vieira-licencie-de-son-poste-dentraineur-de-Crystal-Palace.png","type":"image\/png"}],"author":"S\u00e9bastien Gente","twitter_card":"summary_large_image","twitter_title":"Premier League : Patrick Vieira licenci\u00e9 de son poste d'entra\u00eeneur de Crystal Palace","twitter_creator":"@https:\/\/twitter.com\/globulo24","twitter_site":"@dicodusport","schema":{"@context":"https:\/\/schema.org","@graph":[{"@type":"NewsArticle","@id":"https:\/\/dicodusport.fr\/blog\/premier-league-patrick-vieira-licencie-de-son-poste-dentraineur-de-crystal-palace\/#article","isPartOf":{"@id":"https:\/\/dicodusport.fr\/blog\/premier-league-patrick-vieira-licencie-de-son-poste-dentraineur-de-crystal-palace\/"},"author":{"name":"S\u00e9bastien Gente","@id":"https:\/\/dicodusport.fr\/blog\/#\/schema\/person\/627966a6cde45dbd8c5e36ac85d783da"},"headline":"Premier League : Patrick Vieira licenci\u00e9 de son poste d&rsquo;entra\u00eeneur de Crystal Palace","datePublished":"2023-03-17T08:36:43+00:00","dateModified":"2023-03-17T08:56:32+00:00","mainEntityOfPage":{"@id":"https:\/\/dicodusport.fr\/blog\/premier-league-patrick-vieira-licencie-de-son-poste-dentraineur-de-crystal-palace\/"},"wordCount":225,"commentCount":0,"publisher":{"@id":"https:\/\/dicodusport.fr\/blog\/#organization"},"image":{"@id":"https:\/\/dicodusport.fr\/blog\/premier-league-patrick-vieira-licencie-de-son-poste-dentraineur-de-crystal-palace\/#primaryimage"},"thumbnailUrl":"https:\/\/dicodusport.fr\/blog\/wp-content\/uploads\/2023\/03\/Premier-League-Patrick-Vieira-licencie-de-son-poste-dentraineur-de-Crystal-Palace.png","keywords":["br\u00e8ve","Crystal Palace","Football","Patrick Vieira"],"articleSection":["Football"],"inLanguage":"fr-FR","potentialAction":[{"@type":"CommentAction","name":"Comment","target":["https:\/\/dicodusport.fr\/blog\/premier-league-patrick-vieira-licencie-de-son-poste-dentraineur-de-crystal-palace\/#respond"]}],"copyrightYear":"2023","copyrightHolder":{"@id":"https:\/\/dicodusport.fr\/blog\/#organization"}},{"@type":"WebPage","@id":"https:\/\/dicodusport.fr\/blog\/premier-league-patrick-vieira-licencie-de-son-poste-dentraineur-de-crystal-palace\/","url":"https:\/\/dicodusport.fr\/blog\/premier-league-patrick-vieira-licencie-de-son-poste-dentraineur-de-crystal-palace\/","name":"Premier League : Patrick Vieira licenci\u00e9 de son poste d'entra\u00eeneur de Crystal Palace","isPartOf":{"@id":"https:\/\/dicodusport.fr\/blog\/#website"},"primaryImageOfPage":{"@id":"https:\/\/dicodusport.fr\/blog\/premier-league-patrick-vieira-licencie-de-son-poste-dentraineur-de-crystal-palace\/#primaryimage"},"image":{"@id":"https:\/\/dicodusport.fr\/blog\/premier-league-patrick-vieira-licencie-de-son-poste-dentraineur-de-crystal-palace\/#primaryimage"},"thumbnailUrl":"https:\/\/dicodusport.fr\/blog\/wp-content\/uploads\/2023\/03\/Premier-League-Patrick-Vieira-licencie-de-son-poste-dentraineur-de-Crystal-Palace.png","datePublished":"2023-03-17T08:36:43+00:00","dateModified":"2023-03-17T08:56:32+00:00","description":"PREMIER LEAGUE 2022\/2023 - Patrick Vieira n'aura pas surv\u00e9cu \u00e0 la mauvaise passe de son \u00e9quipe, puisque la direction de Crystal Palace a d\u00e9cid\u00e9 de le d\u00e9barquer aujourd'hui.\u00a0","breadcrumb":{"@id":"https:\/\/dicodusport.fr\/blog\/premier-league-patrick-vieira-licencie-de-son-poste-dentraineur-de-crystal-palace\/#breadcrumb"},"inLanguage":"fr-FR","potentialAction":[{"@type":"ReadAction","target":["https:\/\/dicodusport.fr\/blog\/premier-league-patrick-vieira-licencie-de-son-poste-dentraineur-de-crystal-palace\/"]}]},{"@type":"ImageObject","inLanguage":"fr-FR","@id":"https:\/\/dicodusport.fr\/blog\/premier-league-patrick-vieira-licencie-de-son-poste-dentraineur-de-crystal-palace\/#primaryimage","url":"https:\/\/dicodusport.fr\/blog\/wp-content\/uploads\/2023\/03\/Premier-League-Patrick-Vieira-licencie-de-son-poste-dentraineur-de-Crystal-Palace.png","contentUrl":"https:\/\/dicodusport.fr\/blog\/wp-content\/uploads\/2023\/03\/Premier-League-Patrick-Vieira-licencie-de-son-poste-dentraineur-de-Crystal-Palace.png","width":800,"height":445,"caption":"Premier League Patrick Vieira licenci\u00e9 de son poste d'entra\u00eeneur de Crystal Palace"},{"@type":"BreadcrumbList","@id":"https:\/\/dicodusport.fr\/blog\/premier-league-patrick-vieira-licencie-de-son-poste-dentraineur-de-crystal-palace\/#breadcrumb","itemListElement":[{"@type":"ListItem","position":1,"name":"Accueil","item":"https:\/\/dicodusport.fr\/blog\/"},{"@type":"ListItem","position":2,"name":"Premier League : Patrick Vieira licenci\u00e9 de son poste d&rsquo;entra\u00eeneur de Crystal Palace"}]},{"@type":"WebSite","@id":"https:\/\/dicodusport.fr\/blog\/#website","url":"https:\/\/dicodusport.fr\/blog\/","name":"Dicodusport","description":"L&#039;encyclop\u00e9die de l&#039;actualit\u00e9 sportive","publisher":{"@id":"https:\/\/dicodusport.fr\/blog\/#organization"},"potentialAction":[{"@type":"SearchAction","target":{"@type":"EntryPoint","urlTemplate":"https:\/\/dicodusport.fr\/blog\/?s={search_term_string}"},"query-input":{"@type":"PropertyValueSpecification","valueRequired":true,"valueName":"search_term_string"}}],"inLanguage":"fr-FR"},{"@type":"NewsMediaOrganization","@id":"https:\/\/dicodusport.fr\/blog\/#organization","name":"Dicodusport","url":"https:\/\/dicodusport.fr\/blog\/","logo":{"@type":"ImageObject","inLanguage":"fr-FR","@id":"https:\/\/dicodusport.fr\/blog\/#\/schema\/logo\/image\/","url":"https:\/\/dicodusport.fr\/blog\/wp-content\/uploads\/2020\/06\/cropped-LOGO-DICODUSPORT-2020-SANS-FOND-SANS-TEXTE.png","contentUrl":"https:\/\/dicodusport.fr\/blog\/wp-content\/uploads\/2020\/06\/cropped-LOGO-DICODUSPORT-2020-SANS-FOND-SANS-TEXTE.png","width":512,"height":512,"caption":"Dicodusport"},"image":{"@id":"https:\/\/dicodusport.fr\/blog\/#\/schema\/logo\/image\/"},"sameAs":["https:\/\/www.facebook.com\/dicodusport","https:\/\/x.com\/dicodusport","https:\/\/www.instagram.com\/dicodusport\/","https:\/\/www.youtube.com\/channel\/UC7V2KZ5sd3htJivAbA4ZG3w"],"description":"Dicodusport est l'encyclop\u00e9die de l'actualit\u00e9 sportive.","email":"bonjour@dicodusport.fr","legalName":"DICODUSPORT","foundingDate":"2018-01-14","vatID":"FR71834470973","taxID":"83447097300043","numberOfEmployees":{"@type":"QuantitativeValue","minValue":"1","maxValue":"10"}},{"@type":"Person","@id":"https:\/\/dicodusport.fr\/blog\/#\/schema\/person\/627966a6cde45dbd8c5e36ac85d783da","name":"S\u00e9bastien Gente","image":{"@type":"ImageObject","inLanguage":"fr-FR","@id":"https:\/\/dicodusport.fr\/blog\/#\/schema\/person\/image\/","url":"https:\/\/dicodusport.fr\/blog\/wp-content\/uploads\/2021\/09\/1510990_10205810251400683_4124423575079401707_n-150x150.jpg","contentUrl":"https:\/\/dicodusport.fr\/blog\/wp-content\/uploads\/2021\/09\/1510990_10205810251400683_4124423575079401707_n-150x150.jpg","caption":"S\u00e9bastien Gente"},"description":"John Stockton, Gianni Bugno, Zinedine Zidane, Steffi Graf, Frode Andresen, St\u00e9phane Stoecklin, Davis Kamoga, Primoz Peterka, Werner Schlager et Aur\u00e9lien Rougerie. Point commun entre ces sportifs? Ils m'ont fait r\u00eaver et ont berc\u00e9 mon adolescence. Je suis un fondu de sports et j'essaie de retranscrire ma passion \u00e0 travers mes articles. Originaire du P\u00e9rigord, ma passion pour les Girondins, les Jaunards et les Jazzmen transpire dans mes \u00e9crits. \u00c0 Dicodusport depuis 2021, je d\u00e9niche les sports m\u00e9connus dans lesquels la France brille, et il y en a !","sameAs":["https:\/\/www.facebook.com\/sebastien.gente\/","https:\/\/www.instagram.com\/sebgente\/","https:\/\/www.linkedin.com\/in\/sbastien-gente-a29583169\/","https:\/\/x.com\/https:\/\/twitter.com\/globulo24","SebastienGente"],"worksFor":"S\u00e9bastien GENTE","url":"https:\/\/dicodusport.fr\/blog\/author\/sebastiengente\/"}]}},"_links":{"self":[{"href":"https:\/\/dicodusport.fr\/blog\/wp-json\/wp\/v2\/posts\/366213","targetHints":{"allow":["GET"]}}],"collection":[{"href":"https:\/\/dicodusport.fr\/blog\/wp-json\/wp\/v2\/posts"}],"about":[{"href":"https:\/\/dicodusport.fr\/blog\/wp-json\/wp\/v2\/types\/post"}],"author":[{"embeddable":true,"href":"https:\/\/dicodusport.fr\/blog\/wp-json\/wp\/v2\/users\/59"}],"replies":[{"embeddable":true,"href":"https:\/\/dicodusport.fr\/blog\/wp-json\/wp\/v2\/comments?post=366213"}],"version-history":[{"count":0,"href":"https:\/\/dicodusport.fr\/blog\/wp-json\/wp\/v2\/posts\/366213\/revisions"}],"wp:featuredmedia":[{"embeddable":true,"href":"https:\/\/dicodusport.fr\/blog\/wp-json\/wp\/v2\/media\/366218"}],"wp:attachment":[{"href":"https:\/\/dicodusport.fr\/blog\/wp-json\/wp\/v2\/media?parent=366213"}],"wp:term":[{"taxonomy":"category","embeddable":true,"href":"https:\/\/dicodusport.fr\/blog\/wp-json\/wp\/v2\/categories?post=366213"},{"taxonomy":"post_tag","embeddable":true,"href":"https:\/\/dicodusport.fr\/blog\/wp-json\/wp\/v2\/tags?post=366213"}],"curies":[{"name":"wp","href":"https:\/\/api.w.org\/{rel}","templated":true}]}}