{"id":366226,"date":"2023-03-17T11:36:27","date_gmt":"2023-03-17T10:36:27","guid":{"rendered":"https:\/\/dicodusport.fr\/blog\/?p=366226&#038;preview=true&#038;preview_id=366226"},"modified":"2025-03-19T00:48:46","modified_gmt":"2025-03-18T23:48:46","slug":"barkley-marathons-aurelien-sanchez-premier-vainqueur-francais","status":"publish","type":"post","link":"https:\/\/dicodusport.fr\/blog\/barkley-marathons-aurelien-sanchez-premier-vainqueur-francais\/","title":{"rendered":"Barkley Marathons : Aur\u00e9lien Sanchez premier vainqueur fran\u00e7ais"},"content":{"rendered":"<p align=\"justify\"><em><strong><a href=\"https:\/\/dicodusport.fr\/blog\/les-ultra-trails-des-courses-dendurance-aux-multiples-facettes\/\" target=\"_blank\" rel=\"noopener\">ULTRA-TRAIL<\/a> &#8211; Cocorico ! Aur\u00e9lien Sanchez a r\u00e9ussi l&rsquo;exploit de remporter la Barkley en 58 heures et 23 minutes. C&rsquo;est le premier Fran\u00e7ais \u00e0 finir l&rsquo;\u00e9preuve.<\/strong><\/em><\/p>\n<h2 align=\"justify\">Une course \u00e9prouvante<\/h2>\n<p style=\"text-align: justify;\" align=\"justify\">Cette course atypique de <strong>160 kilom\u00e8tres<\/strong> qui se d\u00e9roule dans le Tennessee a un d\u00e9nivel\u00e9 de <strong>18 000 m<\/strong>. Et on peut dire que <strong>Gary Cantrell<\/strong>, \u00e9paul\u00e9 de son ami <strong>Karl Henn<\/strong> ont \u00e9t\u00e9 inspir\u00e9s ! La fuite de l&rsquo;assassin de Martin Luther King est en effet la base de l&rsquo;inspiration des deux Am\u00e9ricains pour cette course. A l&rsquo;origine, la course faisait environ 80 kilom\u00e8tres. Avant de s&rsquo;\u00e9tendre dans son format actuel en 1995. Pendant la course, les coureurs doivent trouver des <strong>livres<\/strong> plac\u00e9s sur le parcours et indiqu\u00e9s sur la carte. Et ils doivent d\u00e9chirer la page qui correspond \u00e0 leur num\u00e9ro de dossard pour prouver qu&rsquo;ils ont bien parcouru le bon chemin.<\/p>\n<p style=\"text-align: justify;\" align=\"justify\">Depuis, seuls <strong>15 coureurs avaient termin\u00e9 cette course incroyable<\/strong> ! Et personne ne l&rsquo;avait termin\u00e9e depuis 2018 (annul\u00e9e en 2020). Il faut dire que les 5 tours de 20 miles \u00e0 parcourir en <strong>moins de 60 heures<\/strong> dans le parc de Frozen Head rendent la vie dure \u00e0 ses participants. Sans balisage ni ravitaillement et une m\u00e9t\u00e9o parfois difficile en cette p\u00e9riode de l&rsquo;ann\u00e9e, se frayer un chemin \u00e0 travers les arbres et les ronces n&rsquo;est pas toujours facile. Mais cette ann\u00e9e, ils sont trois \u00e0 l&rsquo;avoir termin\u00e9e !<\/p>\n<h2 style=\"text-align: justify;\" align=\"justify\">Aur\u00e9lien Sanchez met fin \u00e0 l&rsquo;h\u00e9g\u00e9monie am\u00e9ricaine<\/h2>\n<p style=\"text-align: justify;\">Le premier finisseur \u00e9tait le Britannique <strong>Mark Williams<\/strong> en 1995. Depuis, seuls des Am\u00e9ricains l&rsquo;avaient emport\u00e9. <strong>John Kelly<\/strong>, vainqueur en 2017 et proche de la gagne l&rsquo;ann\u00e9e derni\u00e8re finit une deuxi\u00e8me fois la course. Mais il aura mis 19 minutes et 11 secondes de plus que le Fran\u00e7ais. En effet, <strong>Aur\u00e9lien Sanchez<\/strong>, pour sa premi\u00e8re participation, s&rsquo;est impos\u00e9 en 58 heures, 23 minutes et 12 secondes. Une sacr\u00e9e performance ! Tout au long du parcours, il a fait preuve de calme. Arriv\u00e9 avec 7 minutes de retard sur un John Kelly boitant \u00e0 la derni\u00e8re boucle, il a r\u00e9alis\u00e9 ce dernier tour dans le sens inverse des aiguilles d&rsquo;une montre avec brio.<\/p>\n<p style=\"text-align: justify;\">Mais le Fran\u00e7ais a connu une petite frayeur. Ayant franchi la ligne d&rsquo;arriv\u00e9e sans avoir vu de <strong>livre<\/strong>, il\u00a0 pensait avoir \u00e9chou\u00e9. Mais il se trouve que c&rsquo;\u00e9tait un randonneur qui l&rsquo;avait retir\u00e9 pensant la course termin\u00e9e. <strong>Aur\u00e9lien Sanchez<\/strong> est donc bien le grand vainqueur !\u00a0Et il r\u00e9alise la performance de boucler le <strong>3e tour le plus rapide de l&rsquo;histoire<\/strong>. Il est donc suivi par <strong>John Kelly<\/strong> et le Belge <strong>Karel Sabbe<\/strong> (59 h 53 m 33 s). Apr\u00e8s 2012, c&rsquo;est seulement la deuxi\u00e8me fois que trois participants terminent la course. Les conditions moins pluvieuses et sans brouillard ont \u00e9t\u00e9 propices \u00e0 ces performances.<\/p>\n<p style=\"text-align: justify;\">Sanchez n&rsquo;en n&rsquo;est pas \u00e0 son coup d&rsquo;essai. En 2018, il avait \u00e9tabli un record sur le <strong>John Muir Trail<\/strong> de Californie. Et en 2020 c&rsquo;\u00e9tait la <strong>travers\u00e9e des Pyr\u00e9n\u00e9es<\/strong> en 12 jours en autosuffisance en parcourant le GR10.<\/p>\n<p style=\"text-align: justify;\">L&rsquo;Ecossaise <strong>Jasmin Paris<\/strong> a r\u00e9alis\u00e9 quatre boucles mais les a termin\u00e9es hors d\u00e9lais. C&rsquo;est tout de m\u00eame la meilleure performance f\u00e9minine de l&rsquo;histoire.<\/p>\n<blockquote class=\"twitter-tweet\">\n<p dir=\"ltr\" lang=\"en\"><a href=\"https:\/\/twitter.com\/hashtag\/BM100?src=hash&amp;ref_src=twsrc%5Etfw\">#BM100<\/a> | Los tres finishers de Barkley Marathons 2023:<\/p>\n<p>1\ufe0f\u20e3 Aur\u00e9lien Sanchez 58:23:12<br \/>\n2\ufe0f\u20e3 John Kelly 58:42:23 (Finisher en 2017)<br \/>\n3\ufe0f\u20e3 Karel Sabbe 59:53:33 <a href=\"https:\/\/t.co\/eeo0wHe5l0\">pic.twitter.com\/eeo0wHe5l0<\/a><\/p>\n<p>\u2014 Territorio Trail Media (@TerritorioTrail) <a href=\"https:\/\/twitter.com\/TerritorioTrail\/status\/1636557473438998529?ref_src=twsrc%5Etfw\">March 17, 2023<\/a><\/p><\/blockquote>\n<p><script async src=\"https:\/\/platform.twitter.com\/widgets.js\" charset=\"utf-8\"><\/script><\/p>\n","protected":false},"excerpt":{"rendered":"<p>ULTRA-TRAIL &#8211; Cocorico ! Aur\u00e9lien Sanchez a r\u00e9ussi l&rsquo;exploit de remporter la Barkley en 58 heures et 23 minutes. C&rsquo;est le premier Fran\u00e7ais \u00e0 finir l&rsquo;\u00e9preuve.<\/p>\n","protected":false},"author":12,"featured_media":366257,"comment_status":"open","ping_status":"closed","sticky":false,"template":"","format":"standard","meta":{"_acf_changed":false,"_daextam_enable_autolinks":"1","footnotes":""},"categories":[8673],"tags":[7555,16878,5836],"class_list":["post-366226","post","type-post","status-publish","format-standard","has-post-thumbnail","hentry","category-trail","tag-barkley","tag-breve","tag-ultra-trail"],"acf":[],"yoast_head":"<!-- This site is optimized with the Yoast SEO Premium plugin v26.7 (Yoast SEO v26.7) - https:\/\/yoast.com\/wordpress\/plugins\/seo\/ -->\n<title>Barkley Marathons : Aur\u00e9lien Sanchez premier vainqueur fran\u00e7ais<\/title>\n<meta name=\"description\" content=\"Aur\u00e9lien Sanchez a r\u00e9ussi l&#039;exploit de remporter la Barkley en 58 heures et 23 minutes. C&#039;est le premier Fran\u00e7ais \u00e0 finir l&#039;\u00e9preuve.\" \/>\n<meta name=\"robots\" content=\"index, follow, max-snippet:-1, max-image-preview:large, max-video-preview:-1\" \/>\n<link rel=\"canonical\" href=\"https:\/\/dicodusport.fr\/blog\/barkley-marathons-aurelien-sanchez-premier-vainqueur-francais\/\" \/>\n<meta property=\"og:locale\" content=\"fr_FR\" \/>\n<meta property=\"og:type\" content=\"article\" \/>\n<meta property=\"og:title\" content=\"Barkley Marathons : Aur\u00e9lien Sanchez premier vainqueur fran\u00e7ais\" \/>\n<meta property=\"og:description\" content=\"Aur\u00e9lien Sanchez a r\u00e9ussi l&#039;exploit de remporter la Barkley en 58 heures et 23 minutes. C&#039;est le premier Fran\u00e7ais \u00e0 finir l&#039;\u00e9preuve.\" \/>\n<meta property=\"og:url\" content=\"https:\/\/dicodusport.fr\/blog\/barkley-marathons-aurelien-sanchez-premier-vainqueur-francais\/\" \/>\n<meta property=\"og:site_name\" content=\"Dicodusport\" \/>\n<meta property=\"article:publisher\" content=\"https:\/\/www.facebook.com\/dicodusport\" \/>\n<meta property=\"article:published_time\" content=\"2023-03-17T10:36:27+00:00\" \/>\n<meta property=\"article:modified_time\" content=\"2025-03-18T23:48:46+00:00\" \/>\n<meta property=\"og:image\" content=\"https:\/\/dicodusport.fr\/blog\/wp-content\/uploads\/2023\/03\/Barkley-Marathons-Aurelien-Sanchez-premier-vainqueur-francais.png\" \/>\n\t<meta property=\"og:image:width\" content=\"800\" \/>\n\t<meta property=\"og:image:height\" content=\"445\" \/>\n\t<meta property=\"og:image:type\" content=\"image\/png\" \/>\n<meta name=\"author\" content=\"Arlette Yeye\" \/>\n<meta name=\"twitter:card\" content=\"summary_large_image\" \/>\n<meta name=\"twitter:title\" content=\"Barkley Marathons : Aur\u00e9lien Sanchez premier vainqueur fran\u00e7ais\" \/>\n<meta name=\"twitter:creator\" content=\"@https:\/\/twitter.com\/Shiclette94\" \/>\n<meta name=\"twitter:site\" content=\"@dicodusport\" \/>\n<script type=\"application\/ld+json\" class=\"yoast-schema-graph\">{\"@context\":\"https:\/\/schema.org\",\"@graph\":[{\"@type\":\"NewsArticle\",\"@id\":\"https:\/\/dicodusport.fr\/blog\/barkley-marathons-aurelien-sanchez-premier-vainqueur-francais\/#article\",\"isPartOf\":{\"@id\":\"https:\/\/dicodusport.fr\/blog\/barkley-marathons-aurelien-sanchez-premier-vainqueur-francais\/\"},\"author\":{\"name\":\"Arlette Yeye\",\"@id\":\"https:\/\/dicodusport.fr\/blog\/#\/schema\/person\/cce96fa88785bd8573e3d43078ac8c79\"},\"headline\":\"Barkley Marathons : Aur\u00e9lien Sanchez premier vainqueur fran\u00e7ais\",\"datePublished\":\"2023-03-17T10:36:27+00:00\",\"dateModified\":\"2025-03-18T23:48:46+00:00\",\"mainEntityOfPage\":{\"@id\":\"https:\/\/dicodusport.fr\/blog\/barkley-marathons-aurelien-sanchez-premier-vainqueur-francais\/\"},\"wordCount\":589,\"commentCount\":0,\"publisher\":{\"@id\":\"https:\/\/dicodusport.fr\/blog\/#organization\"},\"image\":{\"@id\":\"https:\/\/dicodusport.fr\/blog\/barkley-marathons-aurelien-sanchez-premier-vainqueur-francais\/#primaryimage\"},\"thumbnailUrl\":\"https:\/\/dicodusport.fr\/blog\/wp-content\/uploads\/2023\/03\/Barkley-Marathons-Aurelien-Sanchez-premier-vainqueur-francais.png\",\"keywords\":[\"Barkley\",\"br\u00e8ve\",\"Ultra-Trail\"],\"articleSection\":[\"Trail\"],\"inLanguage\":\"fr-FR\",\"potentialAction\":[{\"@type\":\"CommentAction\",\"name\":\"Comment\",\"target\":[\"https:\/\/dicodusport.fr\/blog\/barkley-marathons-aurelien-sanchez-premier-vainqueur-francais\/#respond\"]}],\"copyrightYear\":\"2023\",\"copyrightHolder\":{\"@id\":\"https:\/\/dicodusport.fr\/blog\/#organization\"}},{\"@type\":\"WebPage\",\"@id\":\"https:\/\/dicodusport.fr\/blog\/barkley-marathons-aurelien-sanchez-premier-vainqueur-francais\/\",\"url\":\"https:\/\/dicodusport.fr\/blog\/barkley-marathons-aurelien-sanchez-premier-vainqueur-francais\/\",\"name\":\"Barkley Marathons : Aur\u00e9lien Sanchez premier vainqueur fran\u00e7ais\",\"isPartOf\":{\"@id\":\"https:\/\/dicodusport.fr\/blog\/#website\"},\"primaryImageOfPage\":{\"@id\":\"https:\/\/dicodusport.fr\/blog\/barkley-marathons-aurelien-sanchez-premier-vainqueur-francais\/#primaryimage\"},\"image\":{\"@id\":\"https:\/\/dicodusport.fr\/blog\/barkley-marathons-aurelien-sanchez-premier-vainqueur-francais\/#primaryimage\"},\"thumbnailUrl\":\"https:\/\/dicodusport.fr\/blog\/wp-content\/uploads\/2023\/03\/Barkley-Marathons-Aurelien-Sanchez-premier-vainqueur-francais.png\",\"datePublished\":\"2023-03-17T10:36:27+00:00\",\"dateModified\":\"2025-03-18T23:48:46+00:00\",\"description\":\"Aur\u00e9lien Sanchez a r\u00e9ussi l'exploit de remporter la Barkley en 58 heures et 23 minutes. C'est le premier Fran\u00e7ais \u00e0 finir l'\u00e9preuve.\",\"breadcrumb\":{\"@id\":\"https:\/\/dicodusport.fr\/blog\/barkley-marathons-aurelien-sanchez-premier-vainqueur-francais\/#breadcrumb\"},\"inLanguage\":\"fr-FR\",\"potentialAction\":[{\"@type\":\"ReadAction\",\"target\":[\"https:\/\/dicodusport.fr\/blog\/barkley-marathons-aurelien-sanchez-premier-vainqueur-francais\/\"]}]},{\"@type\":\"ImageObject\",\"inLanguage\":\"fr-FR\",\"@id\":\"https:\/\/dicodusport.fr\/blog\/barkley-marathons-aurelien-sanchez-premier-vainqueur-francais\/#primaryimage\",\"url\":\"https:\/\/dicodusport.fr\/blog\/wp-content\/uploads\/2023\/03\/Barkley-Marathons-Aurelien-Sanchez-premier-vainqueur-francais.png\",\"contentUrl\":\"https:\/\/dicodusport.fr\/blog\/wp-content\/uploads\/2023\/03\/Barkley-Marathons-Aurelien-Sanchez-premier-vainqueur-francais.png\",\"width\":800,\"height\":445,\"caption\":\"Barkley Marathons Aur\u00e9lien Sanchez premier vainqueur fran\u00e7ais\"},{\"@type\":\"BreadcrumbList\",\"@id\":\"https:\/\/dicodusport.fr\/blog\/barkley-marathons-aurelien-sanchez-premier-vainqueur-francais\/#breadcrumb\",\"itemListElement\":[{\"@type\":\"ListItem\",\"position\":1,\"name\":\"Accueil\",\"item\":\"https:\/\/dicodusport.fr\/blog\/\"},{\"@type\":\"ListItem\",\"position\":2,\"name\":\"Barkley Marathons : Aur\u00e9lien Sanchez premier vainqueur fran\u00e7ais\"}]},{\"@type\":\"WebSite\",\"@id\":\"https:\/\/dicodusport.fr\/blog\/#website\",\"url\":\"https:\/\/dicodusport.fr\/blog\/\",\"name\":\"Dicodusport\",\"description\":\"L&#039;encyclop\u00e9die de l&#039;actualit\u00e9 sportive\",\"publisher\":{\"@id\":\"https:\/\/dicodusport.fr\/blog\/#organization\"},\"potentialAction\":[{\"@type\":\"SearchAction\",\"target\":{\"@type\":\"EntryPoint\",\"urlTemplate\":\"https:\/\/dicodusport.fr\/blog\/?s={search_term_string}\"},\"query-input\":{\"@type\":\"PropertyValueSpecification\",\"valueRequired\":true,\"valueName\":\"search_term_string\"}}],\"inLanguage\":\"fr-FR\"},{\"@type\":\"NewsMediaOrganization\",\"@id\":\"https:\/\/dicodusport.fr\/blog\/#organization\",\"name\":\"Dicodusport\",\"url\":\"https:\/\/dicodusport.fr\/blog\/\",\"logo\":{\"@type\":\"ImageObject\",\"inLanguage\":\"fr-FR\",\"@id\":\"https:\/\/dicodusport.fr\/blog\/#\/schema\/logo\/image\/\",\"url\":\"https:\/\/dicodusport.fr\/blog\/wp-content\/uploads\/2020\/06\/cropped-LOGO-DICODUSPORT-2020-SANS-FOND-SANS-TEXTE.png\",\"contentUrl\":\"https:\/\/dicodusport.fr\/blog\/wp-content\/uploads\/2020\/06\/cropped-LOGO-DICODUSPORT-2020-SANS-FOND-SANS-TEXTE.png\",\"width\":512,\"height\":512,\"caption\":\"Dicodusport\"},\"image\":{\"@id\":\"https:\/\/dicodusport.fr\/blog\/#\/schema\/logo\/image\/\"},\"sameAs\":[\"https:\/\/www.facebook.com\/dicodusport\",\"https:\/\/x.com\/dicodusport\",\"https:\/\/www.instagram.com\/dicodusport\/\",\"https:\/\/www.youtube.com\/channel\/UC7V2KZ5sd3htJivAbA4ZG3w\"],\"description\":\"Dicodusport est l'encyclop\u00e9die de l'actualit\u00e9 sportive.\",\"email\":\"bonjour@dicodusport.fr\",\"legalName\":\"DICODUSPORT\",\"foundingDate\":\"2018-01-14\",\"vatID\":\"FR71834470973\",\"taxID\":\"83447097300043\",\"numberOfEmployees\":{\"@type\":\"QuantitativeValue\",\"minValue\":\"1\",\"maxValue\":\"10\"}},{\"@type\":\"Person\",\"@id\":\"https:\/\/dicodusport.fr\/blog\/#\/schema\/person\/cce96fa88785bd8573e3d43078ac8c79\",\"name\":\"Arlette Yeye\",\"image\":{\"@type\":\"ImageObject\",\"inLanguage\":\"fr-FR\",\"@id\":\"https:\/\/dicodusport.fr\/blog\/#\/schema\/person\/image\/\",\"url\":\"https:\/\/secure.gravatar.com\/avatar\/dca4a6239e6d708e46c45d60e160de6c?s=96&d=wp_user_avatar&r=g\",\"contentUrl\":\"https:\/\/secure.gravatar.com\/avatar\/dca4a6239e6d708e46c45d60e160de6c?s=96&d=wp_user_avatar&r=g\",\"caption\":\"Arlette Yeye\"},\"description\":\"Journaliste\/r\u00e9dactrice depuis septembre 2015 - Supportrice de Chelsea, j'ai pour sports de pr\u00e9dilection le handball, l'athl\u00e9tisme et le tennis. Si je tweete plus vite que mon ombre, vous pouvez aussi me retrouver les week-ends sur les playgrounds de Bruxelles pour un petit foot ou basket entre potes. Parcourir la France, l'Europe et plus si affinit\u00e9s pour suivre mes sportifs pr\u00e9f\u00e9r\u00e9s ? Mon kif ! Et c'est avec plaisir que je partage les r\u00e9sultats des sports populaires mais \u00e9galement plus confidentiels pour Dicodusport.\",\"sameAs\":[\"https:\/\/x.com\/https:\/\/twitter.com\/Shiclette94\"],\"url\":\"https:\/\/dicodusport.fr\/blog\/author\/arlette\/\"}]}<\/script>\n<!-- \/ Yoast SEO Premium plugin. -->","yoast_head_json":{"title":"Barkley Marathons : Aur\u00e9lien Sanchez premier vainqueur fran\u00e7ais","description":"Aur\u00e9lien Sanchez a r\u00e9ussi l'exploit de remporter la Barkley en 58 heures et 23 minutes. C'est le premier Fran\u00e7ais \u00e0 finir l'\u00e9preuve.","robots":{"index":"index","follow":"follow","max-snippet":"max-snippet:-1","max-image-preview":"max-image-preview:large","max-video-preview":"max-video-preview:-1"},"canonical":"https:\/\/dicodusport.fr\/blog\/barkley-marathons-aurelien-sanchez-premier-vainqueur-francais\/","og_locale":"fr_FR","og_type":"article","og_title":"Barkley Marathons : Aur\u00e9lien Sanchez premier vainqueur fran\u00e7ais","og_description":"Aur\u00e9lien Sanchez a r\u00e9ussi l'exploit de remporter la Barkley en 58 heures et 23 minutes. C'est le premier Fran\u00e7ais \u00e0 finir l'\u00e9preuve.","og_url":"https:\/\/dicodusport.fr\/blog\/barkley-marathons-aurelien-sanchez-premier-vainqueur-francais\/","og_site_name":"Dicodusport","article_publisher":"https:\/\/www.facebook.com\/dicodusport","article_published_time":"2023-03-17T10:36:27+00:00","article_modified_time":"2025-03-18T23:48:46+00:00","og_image":[{"width":800,"height":445,"url":"https:\/\/dicodusport.fr\/blog\/wp-content\/uploads\/2023\/03\/Barkley-Marathons-Aurelien-Sanchez-premier-vainqueur-francais.png","type":"image\/png"}],"author":"Arlette Yeye","twitter_card":"summary_large_image","twitter_title":"Barkley Marathons : Aur\u00e9lien Sanchez premier vainqueur fran\u00e7ais","twitter_creator":"@https:\/\/twitter.com\/Shiclette94","twitter_site":"@dicodusport","schema":{"@context":"https:\/\/schema.org","@graph":[{"@type":"NewsArticle","@id":"https:\/\/dicodusport.fr\/blog\/barkley-marathons-aurelien-sanchez-premier-vainqueur-francais\/#article","isPartOf":{"@id":"https:\/\/dicodusport.fr\/blog\/barkley-marathons-aurelien-sanchez-premier-vainqueur-francais\/"},"author":{"name":"Arlette Yeye","@id":"https:\/\/dicodusport.fr\/blog\/#\/schema\/person\/cce96fa88785bd8573e3d43078ac8c79"},"headline":"Barkley Marathons : Aur\u00e9lien Sanchez premier vainqueur fran\u00e7ais","datePublished":"2023-03-17T10:36:27+00:00","dateModified":"2025-03-18T23:48:46+00:00","mainEntityOfPage":{"@id":"https:\/\/dicodusport.fr\/blog\/barkley-marathons-aurelien-sanchez-premier-vainqueur-francais\/"},"wordCount":589,"commentCount":0,"publisher":{"@id":"https:\/\/dicodusport.fr\/blog\/#organization"},"image":{"@id":"https:\/\/dicodusport.fr\/blog\/barkley-marathons-aurelien-sanchez-premier-vainqueur-francais\/#primaryimage"},"thumbnailUrl":"https:\/\/dicodusport.fr\/blog\/wp-content\/uploads\/2023\/03\/Barkley-Marathons-Aurelien-Sanchez-premier-vainqueur-francais.png","keywords":["Barkley","br\u00e8ve","Ultra-Trail"],"articleSection":["Trail"],"inLanguage":"fr-FR","potentialAction":[{"@type":"CommentAction","name":"Comment","target":["https:\/\/dicodusport.fr\/blog\/barkley-marathons-aurelien-sanchez-premier-vainqueur-francais\/#respond"]}],"copyrightYear":"2023","copyrightHolder":{"@id":"https:\/\/dicodusport.fr\/blog\/#organization"}},{"@type":"WebPage","@id":"https:\/\/dicodusport.fr\/blog\/barkley-marathons-aurelien-sanchez-premier-vainqueur-francais\/","url":"https:\/\/dicodusport.fr\/blog\/barkley-marathons-aurelien-sanchez-premier-vainqueur-francais\/","name":"Barkley Marathons : Aur\u00e9lien Sanchez premier vainqueur fran\u00e7ais","isPartOf":{"@id":"https:\/\/dicodusport.fr\/blog\/#website"},"primaryImageOfPage":{"@id":"https:\/\/dicodusport.fr\/blog\/barkley-marathons-aurelien-sanchez-premier-vainqueur-francais\/#primaryimage"},"image":{"@id":"https:\/\/dicodusport.fr\/blog\/barkley-marathons-aurelien-sanchez-premier-vainqueur-francais\/#primaryimage"},"thumbnailUrl":"https:\/\/dicodusport.fr\/blog\/wp-content\/uploads\/2023\/03\/Barkley-Marathons-Aurelien-Sanchez-premier-vainqueur-francais.png","datePublished":"2023-03-17T10:36:27+00:00","dateModified":"2025-03-18T23:48:46+00:00","description":"Aur\u00e9lien Sanchez a r\u00e9ussi l'exploit de remporter la Barkley en 58 heures et 23 minutes. C'est le premier Fran\u00e7ais \u00e0 finir l'\u00e9preuve.","breadcrumb":{"@id":"https:\/\/dicodusport.fr\/blog\/barkley-marathons-aurelien-sanchez-premier-vainqueur-francais\/#breadcrumb"},"inLanguage":"fr-FR","potentialAction":[{"@type":"ReadAction","target":["https:\/\/dicodusport.fr\/blog\/barkley-marathons-aurelien-sanchez-premier-vainqueur-francais\/"]}]},{"@type":"ImageObject","inLanguage":"fr-FR","@id":"https:\/\/dicodusport.fr\/blog\/barkley-marathons-aurelien-sanchez-premier-vainqueur-francais\/#primaryimage","url":"https:\/\/dicodusport.fr\/blog\/wp-content\/uploads\/2023\/03\/Barkley-Marathons-Aurelien-Sanchez-premier-vainqueur-francais.png","contentUrl":"https:\/\/dicodusport.fr\/blog\/wp-content\/uploads\/2023\/03\/Barkley-Marathons-Aurelien-Sanchez-premier-vainqueur-francais.png","width":800,"height":445,"caption":"Barkley Marathons Aur\u00e9lien Sanchez premier vainqueur fran\u00e7ais"},{"@type":"BreadcrumbList","@id":"https:\/\/dicodusport.fr\/blog\/barkley-marathons-aurelien-sanchez-premier-vainqueur-francais\/#breadcrumb","itemListElement":[{"@type":"ListItem","position":1,"name":"Accueil","item":"https:\/\/dicodusport.fr\/blog\/"},{"@type":"ListItem","position":2,"name":"Barkley Marathons : Aur\u00e9lien Sanchez premier vainqueur fran\u00e7ais"}]},{"@type":"WebSite","@id":"https:\/\/dicodusport.fr\/blog\/#website","url":"https:\/\/dicodusport.fr\/blog\/","name":"Dicodusport","description":"L&#039;encyclop\u00e9die de l&#039;actualit\u00e9 sportive","publisher":{"@id":"https:\/\/dicodusport.fr\/blog\/#organization"},"potentialAction":[{"@type":"SearchAction","target":{"@type":"EntryPoint","urlTemplate":"https:\/\/dicodusport.fr\/blog\/?s={search_term_string}"},"query-input":{"@type":"PropertyValueSpecification","valueRequired":true,"valueName":"search_term_string"}}],"inLanguage":"fr-FR"},{"@type":"NewsMediaOrganization","@id":"https:\/\/dicodusport.fr\/blog\/#organization","name":"Dicodusport","url":"https:\/\/dicodusport.fr\/blog\/","logo":{"@type":"ImageObject","inLanguage":"fr-FR","@id":"https:\/\/dicodusport.fr\/blog\/#\/schema\/logo\/image\/","url":"https:\/\/dicodusport.fr\/blog\/wp-content\/uploads\/2020\/06\/cropped-LOGO-DICODUSPORT-2020-SANS-FOND-SANS-TEXTE.png","contentUrl":"https:\/\/dicodusport.fr\/blog\/wp-content\/uploads\/2020\/06\/cropped-LOGO-DICODUSPORT-2020-SANS-FOND-SANS-TEXTE.png","width":512,"height":512,"caption":"Dicodusport"},"image":{"@id":"https:\/\/dicodusport.fr\/blog\/#\/schema\/logo\/image\/"},"sameAs":["https:\/\/www.facebook.com\/dicodusport","https:\/\/x.com\/dicodusport","https:\/\/www.instagram.com\/dicodusport\/","https:\/\/www.youtube.com\/channel\/UC7V2KZ5sd3htJivAbA4ZG3w"],"description":"Dicodusport est l'encyclop\u00e9die de l'actualit\u00e9 sportive.","email":"bonjour@dicodusport.fr","legalName":"DICODUSPORT","foundingDate":"2018-01-14","vatID":"FR71834470973","taxID":"83447097300043","numberOfEmployees":{"@type":"QuantitativeValue","minValue":"1","maxValue":"10"}},{"@type":"Person","@id":"https:\/\/dicodusport.fr\/blog\/#\/schema\/person\/cce96fa88785bd8573e3d43078ac8c79","name":"Arlette Yeye","image":{"@type":"ImageObject","inLanguage":"fr-FR","@id":"https:\/\/dicodusport.fr\/blog\/#\/schema\/person\/image\/","url":"https:\/\/secure.gravatar.com\/avatar\/dca4a6239e6d708e46c45d60e160de6c?s=96&d=wp_user_avatar&r=g","contentUrl":"https:\/\/secure.gravatar.com\/avatar\/dca4a6239e6d708e46c45d60e160de6c?s=96&d=wp_user_avatar&r=g","caption":"Arlette Yeye"},"description":"Journaliste\/r\u00e9dactrice depuis septembre 2015 - Supportrice de Chelsea, j'ai pour sports de pr\u00e9dilection le handball, l'athl\u00e9tisme et le tennis. Si je tweete plus vite que mon ombre, vous pouvez aussi me retrouver les week-ends sur les playgrounds de Bruxelles pour un petit foot ou basket entre potes. Parcourir la France, l'Europe et plus si affinit\u00e9s pour suivre mes sportifs pr\u00e9f\u00e9r\u00e9s ? Mon kif ! Et c'est avec plaisir que je partage les r\u00e9sultats des sports populaires mais \u00e9galement plus confidentiels pour Dicodusport.","sameAs":["https:\/\/x.com\/https:\/\/twitter.com\/Shiclette94"],"url":"https:\/\/dicodusport.fr\/blog\/author\/arlette\/"}]}},"_links":{"self":[{"href":"https:\/\/dicodusport.fr\/blog\/wp-json\/wp\/v2\/posts\/366226","targetHints":{"allow":["GET"]}}],"collection":[{"href":"https:\/\/dicodusport.fr\/blog\/wp-json\/wp\/v2\/posts"}],"about":[{"href":"https:\/\/dicodusport.fr\/blog\/wp-json\/wp\/v2\/types\/post"}],"author":[{"embeddable":true,"href":"https:\/\/dicodusport.fr\/blog\/wp-json\/wp\/v2\/users\/12"}],"replies":[{"embeddable":true,"href":"https:\/\/dicodusport.fr\/blog\/wp-json\/wp\/v2\/comments?post=366226"}],"version-history":[{"count":1,"href":"https:\/\/dicodusport.fr\/blog\/wp-json\/wp\/v2\/posts\/366226\/revisions"}],"predecessor-version":[{"id":565387,"href":"https:\/\/dicodusport.fr\/blog\/wp-json\/wp\/v2\/posts\/366226\/revisions\/565387"}],"wp:featuredmedia":[{"embeddable":true,"href":"https:\/\/dicodusport.fr\/blog\/wp-json\/wp\/v2\/media\/366257"}],"wp:attachment":[{"href":"https:\/\/dicodusport.fr\/blog\/wp-json\/wp\/v2\/media?parent=366226"}],"wp:term":[{"taxonomy":"category","embeddable":true,"href":"https:\/\/dicodusport.fr\/blog\/wp-json\/wp\/v2\/categories?post=366226"},{"taxonomy":"post_tag","embeddable":true,"href":"https:\/\/dicodusport.fr\/blog\/wp-json\/wp\/v2\/tags?post=366226"}],"curies":[{"name":"wp","href":"https:\/\/api.w.org\/{rel}","templated":true}]}}