{"id":366347,"date":"2023-07-22T12:11:18","date_gmt":"2023-07-22T10:11:18","guid":{"rendered":"https:\/\/dicodusport.fr\/blog\/?p=366347&#038;preview=true&#038;preview_id=366347"},"modified":"2023-07-22T22:47:06","modified_gmt":"2023-07-22T20:47:06","slug":"athletisme-mondiaux-2023-les-francais-qui-ont-realise-les-minima","status":"publish","type":"post","link":"https:\/\/dicodusport.fr\/blog\/athletisme-mondiaux-2023-les-francais-qui-ont-realise-les-minima\/","title":{"rendered":"Athl\u00e9tisme Mondiaux 2023 &#8211; Les Fran\u00e7ais qui ont r\u00e9alis\u00e9 les minima"},"content":{"rendered":"<p align=\"justify\"><em><strong><a href=\"https:\/\/dicodusport.fr\/blog\/actualites\/athletisme\/championnats-du-monde-athletisme-2023\/\">CHAMPIONNATS DU MONDE ATHL\u00c9TISME 2023<\/a> &#8211; D\u00e9couvrez la liste des Fran\u00e7ais qui ont fait les minima pour Budapest. Une liste mise \u00e0 jour jusqu&rsquo;\u00e0 la s\u00e9lection finale tricolore.<\/strong><\/em><\/p>\n<p style=\"text-align: justify;\" align=\"justify\"><span style=\"font-size: 14px;\"><strong><em>NB : les temps ou marques indiqu\u00e9s dans ce tableau correspondent aux \u00e9preuves dans lesquelles il n&rsquo;y a pas encore eu de minima tricolore.<\/em><\/strong><\/span><\/p>\n<p align=\"justify\"><div class=\"su-table su-table-alternate\">\n<table style=\"width: 800px;border-collapse: collapse\">\n<tbody>\n<tr>\n<td style=\"text-align: center;vertical-align: middle;width: 266.66px\"><strong>\u00c9preuves<\/strong><\/td>\n<td style=\"text-align: center;vertical-align: middle;width: 266.66px\"><strong>Hommes<\/strong><\/td>\n<td style=\"text-align: center;vertical-align: middle;width: 266.66px\"><strong>Femmes<\/strong><\/td>\n<\/tr>\n<tr>\n<td style=\"text-align: center;vertical-align: middle;width: 266.66px\"><strong>100 m<\/strong><\/td>\n<td style=\"text-align: center;vertical-align: middle;width: 266.66px\">10.00<\/td>\n<td style=\"text-align: center;vertical-align: middle;width: 266.66px\">11.08<\/td>\n<\/tr>\n<tr>\n<td style=\"text-align: center;vertical-align: middle;width: 266.66px\"><strong> 200 m<\/strong><\/td>\n<td style=\"text-align: center;vertical-align: middle;width: 266.66px\">Mouhamadou Fall<\/td>\n<td style=\"text-align: center;vertical-align: middle;width: 266.66px\">22.60<\/td>\n<\/tr>\n<tr>\n<td style=\"text-align: center;vertical-align: middle;width: 266.66px\"><strong> 400 m<\/strong><\/td>\n<td style=\"text-align: center;vertical-align: middle;width: 266.66px\">45.00<\/td>\n<td style=\"text-align: center;vertical-align: middle;width: 266.66px\">51.00<\/td>\n<\/tr>\n<tr>\n<td style=\"text-align: center;vertical-align: middle;width: 266.66px\"><strong> 800 m\u00a0<\/strong><\/td>\n<td style=\"text-align: center;vertical-align: middle;width: 266.66px\">Benjamin Robert<br \/>\nAzeddine Habz<br \/>\nGabriel Tual<br \/>\nYanis Meziane<\/td>\n<td style=\"text-align: center;vertical-align: middle;width: 266.66px\">R\u00e9nelle Lamote<br \/>\nL\u00e9na Kandissounon<\/td>\n<\/tr>\n<tr>\n<td style=\"text-align: center;vertical-align: middle;width: 266.66px\"><strong>1500 m<br \/>\n<\/strong><\/td>\n<td style=\"text-align: center;vertical-align: middle;width: 266.66px\">Azeddine Habz<br \/>\nJimmy Gressier<br \/>\nJulian Ranc<\/td>\n<td style=\"text-align: center;vertical-align: middle;width: 266.66px\">Agathe Guillemot<\/td>\n<\/tr>\n<tr>\n<td style=\"text-align: center;vertical-align: middle;width: 266.66px\"><strong> 5000 m\u00a0<\/strong><\/td>\n<td style=\"text-align: center;vertical-align: middle;width: 266.66px\">Hugo Hay<br \/>\nJimmy Gressier<\/td>\n<td style=\"text-align: center;vertical-align: middle;width: 266.66px\">14:57.00<\/td>\n<\/tr>\n<tr>\n<td style=\"text-align: center;vertical-align: middle;width: 266.66px\"><strong> 10 000 m\u00a0<\/strong><\/td>\n<td style=\"text-align: center;vertical-align: middle;width: 266.66px\">27:10.00<\/td>\n<td style=\"text-align: center;vertical-align: middle;width: 266.66px\">30:40.00<\/td>\n<\/tr>\n<tr>\n<td style=\"text-align: center;vertical-align: middle;width: 266.66px\"><strong> Marathon<\/strong><\/td>\n<td style=\"text-align: center;vertical-align: middle;width: 266.66px\">Hassan Chahdi<br \/>\nNicolas Navarro<br \/>\nMorhad Amdouni<br \/>\nBenjamin Choquert<br \/>\nMehdi Fr\u00e8re<\/td>\n<td style=\"text-align: center;vertical-align: middle;width: 266.66px\">Mekdes Woldu<\/td>\n<\/tr>\n<tr>\n<td style=\"text-align: center;vertical-align: middle;width: 266.66px\"><strong>110 m\/100 m haies<\/strong><\/td>\n<td style=\"text-align: center;vertical-align: middle;width: 266.66px\">Sasha Zhoya<br \/>\nPascal Martinot-Lagarde<br \/>\nWilhem Belocian<br \/>\nJust Kwaou-Mathey<\/td>\n<td style=\"text-align: center;vertical-align: middle;width: 266.66px\">La\u00ebticia Bapt\u00e9<br \/>\nCyr\u00e9na Samba-May\u00e9la<\/td>\n<\/tr>\n<tr>\n<td style=\"text-align: center;vertical-align: middle;width: 266.66px\"><strong>400 m haies<\/strong><\/td>\n<td style=\"text-align: center;vertical-align: middle;width: 266.66px\">Wilfried Happio<br \/>\nLudvy Vaillant<\/td>\n<td style=\"text-align: center;vertical-align: middle;width: 266.66px\">54.90<\/td>\n<\/tr>\n<tr>\n<td style=\"text-align: center;vertical-align: middle;width: 266.66px\"><strong> 3000 m steeple<\/strong><\/td>\n<td style=\"text-align: center;vertical-align: middle;width: 266.66px\">8.15:00<\/td>\n<td style=\"text-align: center;vertical-align: middle;width: 266.66px\">Alice Finot<\/td>\n<\/tr>\n<tr>\n<td style=\"text-align: center;vertical-align: middle;width: 266.66px\"><strong>Saut en hauteur<\/strong><\/td>\n<td style=\"text-align: center;vertical-align: middle;width: 266.66px\">2.32 m<\/td>\n<td style=\"text-align: center;vertical-align: middle;width: 266.66px\">1.97 m<\/td>\n<\/tr>\n<tr>\n<td style=\"text-align: center;vertical-align: middle;width: 266.66px\"><strong> Saut \u00e0 la perche<\/strong><\/td>\n<td style=\"text-align: center;vertical-align: middle;width: 266.66px\">Thibaut Collet<br \/>\nEthan Cormont<br \/>\nRenaud Lavillenie<br \/>\nAnthony Ammirati<\/td>\n<td style=\"text-align: center;vertical-align: middle;width: 266.66px\">Margot Chevrier<\/td>\n<\/tr>\n<tr>\n<td style=\"text-align: center;vertical-align: middle;width: 266.66px\"><strong>Saut en longueur<\/strong><\/td>\n<td style=\"text-align: center;vertical-align: middle;width: 266.66px\">8.25 m<\/td>\n<td style=\"text-align: center;vertical-align: middle;width: 266.66px\">Hilary Kpatcha<\/td>\n<\/tr>\n<tr>\n<td style=\"text-align: center;vertical-align: middle;width: 266.66px\"><strong>Triple saut<\/strong><\/td>\n<td style=\"text-align: center;vertical-align: middle;width: 266.66px\">Jean-Marc Pontvianne<\/td>\n<td style=\"text-align: center;vertical-align: middle;width: 266.66px\">14.52 m<\/td>\n<\/tr>\n<tr>\n<td style=\"text-align: center;vertical-align: middle;width: 266.66px\"><strong>Lancer du javelot<br \/>\n<\/strong><\/td>\n<td style=\"text-align: center;vertical-align: middle;width: 266.66px\">85.20 m<\/td>\n<td style=\"text-align: center;vertical-align: middle;width: 266.66px\">63.80 m<\/td>\n<\/tr>\n<tr>\n<td style=\"text-align: center;vertical-align: middle;width: 266.66px\"><strong>Lancer du disque<br \/>\n<\/strong><\/td>\n<td style=\"text-align: center;vertical-align: middle;width: 266.66px\">67.00 m<\/td>\n<td style=\"text-align: center;vertical-align: middle;width: 266.66px\">M\u00e9lina Robert-Michon<\/td>\n<\/tr>\n<tr>\n<td style=\"text-align: center;vertical-align: middle;width: 266.66px\"><strong>Lancer du marteau<br \/>\n<\/strong><\/td>\n<td style=\"text-align: center;vertical-align: middle;width: 266.66px\">Quentin Bigot<\/td>\n<td style=\"text-align: center;vertical-align: middle;width: 266.66px\">73.60 m<\/td>\n<\/tr>\n<tr>\n<td style=\"text-align: center;vertical-align: middle;width: 266.66px\"><strong>Lancer du poids<\/strong><\/td>\n<td style=\"text-align: center;width: 266.66px\">21.40 m<\/td>\n<td style=\"text-align: center;width: 266.66px\">18.80 m<\/td>\n<\/tr>\n<tr>\n<td style=\"text-align: center;vertical-align: middle;width: 266.66px\"><strong>D\u00e9cathlon \/ Heptathlon<\/strong><\/td>\n<td style=\"text-align: center;width: 266.66px\">Kevin Mayer<\/td>\n<td style=\"text-align: center;width: 266.66px\">6480 points<\/td>\n<\/tr>\n<tr>\n<td style=\"text-align: center;vertical-align: middle;width: 266.66px\"><strong>20 km marche<\/strong><\/td>\n<td style=\"text-align: center;vertical-align: middle;width: 266.66px\">Aur\u00e9lien Quinion<br \/>\nGabriel Bordier<\/td>\n<td style=\"text-align: center;vertical-align: middle;width: 266.66px\">1h29:20<\/td>\n<\/tr>\n<tr>\n<td style=\"text-align: center;vertical-align: middle;width: 266.66px\"><strong>35 km marche<\/strong><\/td>\n<td style=\"text-align: center;vertical-align: middle;width: 266.66px\">Aur\u00e9lien Quinion<br \/>\nK\u00e9vin Campion<\/td>\n<td style=\"text-align: center;vertical-align: middle;width: 266.66px\">2h51:30<\/td>\n<\/tr>\n<\/tbody>\n<\/table>\n<\/div>\n<ul>\n<li style=\"text-align: justify;\"><strong>\u00c0 lire aussi &#8211; <a href=\"https:\/\/dicodusport.fr\/blog\/athletisme-les-minima-pour-les-championnats-du-monde-2023-de-budapest\/\">Tous les minima World Athletics pour les championnats du monde de Budapest<\/a><\/strong><\/li>\n<\/ul>\n","protected":false},"excerpt":{"rendered":"<p>CHAMPIONNATS DU MONDE ATHL\u00c9TISME 2023 &#8211; D\u00e9couvrez la liste des Fran\u00e7ais qui ont fait les minima pour Budapest. Une liste mise \u00e0 jour jusqu&rsquo;\u00e0 la s\u00e9lection finale tricolore.<\/p>\n","protected":false},"author":83,"featured_media":369612,"comment_status":"open","ping_status":"closed","sticky":false,"template":"","format":"standard","meta":{"_acf_changed":false,"_daextam_enable_autolinks":"","footnotes":""},"categories":[46997],"tags":[10976,16878],"class_list":["post-366347","post","type-post","status-publish","format-standard","has-post-thumbnail","hentry","category-championnats-du-monde-athletisme","tag-athletisme-francais","tag-breve"],"acf":[],"yoast_head":"<!-- This site is optimized with the Yoast SEO Premium plugin v26.7 (Yoast SEO v26.7) - https:\/\/yoast.com\/wordpress\/plugins\/seo\/ -->\n<title>Athl\u00e9tisme Mondiaux 2023 - Les Fran\u00e7ais qui ont r\u00e9alis\u00e9 les minima<\/title>\n<meta name=\"description\" content=\"CHAMPIONNATS DU MONDE ATHLETISME 2023 - D\u00e9couvrez la liste des Fran\u00e7ais qui ont fait les minima pour Budapest.\" \/>\n<meta name=\"robots\" content=\"index, follow, max-snippet:-1, max-image-preview:large, max-video-preview:-1\" \/>\n<link rel=\"canonical\" href=\"https:\/\/dicodusport.fr\/blog\/athletisme-mondiaux-2023-les-francais-qui-ont-realise-les-minima\/\" \/>\n<meta property=\"og:locale\" content=\"fr_FR\" \/>\n<meta property=\"og:type\" content=\"article\" \/>\n<meta property=\"og:title\" content=\"Athl\u00e9tisme Mondiaux 2023 - Les Fran\u00e7ais qui ont r\u00e9alis\u00e9 les minima\" \/>\n<meta property=\"og:description\" content=\"CHAMPIONNATS DU MONDE ATHLETISME 2023 - D\u00e9couvrez la liste des Fran\u00e7ais qui ont fait les minima pour Budapest.\" \/>\n<meta property=\"og:url\" content=\"https:\/\/dicodusport.fr\/blog\/athletisme-mondiaux-2023-les-francais-qui-ont-realise-les-minima\/\" \/>\n<meta property=\"og:site_name\" content=\"Dicodusport\" \/>\n<meta property=\"article:publisher\" content=\"https:\/\/www.facebook.com\/dicodusport\" \/>\n<meta property=\"article:published_time\" content=\"2023-07-22T10:11:18+00:00\" \/>\n<meta property=\"article:modified_time\" content=\"2023-07-22T20:47:06+00:00\" \/>\n<meta property=\"og:image\" content=\"https:\/\/dicodusport.fr\/blog\/wp-content\/uploads\/2023\/03\/Athletisme-Les-Francais-qui-ont-realise-les-minima-pour-les-championnats-du-monde-2023.png\" \/>\n\t<meta property=\"og:image:width\" content=\"800\" \/>\n\t<meta property=\"og:image:height\" content=\"445\" \/>\n\t<meta property=\"og:image:type\" content=\"image\/png\" \/>\n<meta name=\"author\" content=\"Etienne Goursaud\" \/>\n<meta name=\"twitter:card\" content=\"summary_large_image\" \/>\n<meta name=\"twitter:title\" content=\"Athl\u00e9tisme Mondiaux 2023 - Les Fran\u00e7ais qui ont r\u00e9alis\u00e9 les minima\" \/>\n<meta name=\"twitter:creator\" content=\"@dicodusport\" \/>\n<meta name=\"twitter:site\" content=\"@dicodusport\" \/>\n<script type=\"application\/ld+json\" class=\"yoast-schema-graph\">{\"@context\":\"https:\/\/schema.org\",\"@graph\":[{\"@type\":\"NewsArticle\",\"@id\":\"https:\/\/dicodusport.fr\/blog\/athletisme-mondiaux-2023-les-francais-qui-ont-realise-les-minima\/#article\",\"isPartOf\":{\"@id\":\"https:\/\/dicodusport.fr\/blog\/athletisme-mondiaux-2023-les-francais-qui-ont-realise-les-minima\/\"},\"author\":{\"name\":\"Etienne Goursaud\",\"@id\":\"https:\/\/dicodusport.fr\/blog\/#\/schema\/person\/d603dd7da31fb2b46c82b9835a77ec13\"},\"headline\":\"Athl\u00e9tisme Mondiaux 2023 &#8211; Les Fran\u00e7ais qui ont r\u00e9alis\u00e9 les minima\",\"datePublished\":\"2023-07-22T10:11:18+00:00\",\"dateModified\":\"2023-07-22T20:47:06+00:00\",\"mainEntityOfPage\":{\"@id\":\"https:\/\/dicodusport.fr\/blog\/athletisme-mondiaux-2023-les-francais-qui-ont-realise-les-minima\/\"},\"wordCount\":242,\"commentCount\":2,\"publisher\":{\"@id\":\"https:\/\/dicodusport.fr\/blog\/#organization\"},\"image\":{\"@id\":\"https:\/\/dicodusport.fr\/blog\/athletisme-mondiaux-2023-les-francais-qui-ont-realise-les-minima\/#primaryimage\"},\"thumbnailUrl\":\"https:\/\/dicodusport.fr\/blog\/wp-content\/uploads\/2023\/03\/Athletisme-Les-Francais-qui-ont-realise-les-minima-pour-les-championnats-du-monde-2023.png\",\"keywords\":[\"Athl\u00e9tisme fran\u00e7ais\",\"br\u00e8ve\"],\"articleSection\":[\"Championnats du monde d'athl\u00e9tisme\"],\"inLanguage\":\"fr-FR\",\"potentialAction\":[{\"@type\":\"CommentAction\",\"name\":\"Comment\",\"target\":[\"https:\/\/dicodusport.fr\/blog\/athletisme-mondiaux-2023-les-francais-qui-ont-realise-les-minima\/#respond\"]}],\"copyrightYear\":\"2023\",\"copyrightHolder\":{\"@id\":\"https:\/\/dicodusport.fr\/blog\/#organization\"}},{\"@type\":\"WebPage\",\"@id\":\"https:\/\/dicodusport.fr\/blog\/athletisme-mondiaux-2023-les-francais-qui-ont-realise-les-minima\/\",\"url\":\"https:\/\/dicodusport.fr\/blog\/athletisme-mondiaux-2023-les-francais-qui-ont-realise-les-minima\/\",\"name\":\"Athl\u00e9tisme Mondiaux 2023 - Les Fran\u00e7ais qui ont r\u00e9alis\u00e9 les minima\",\"isPartOf\":{\"@id\":\"https:\/\/dicodusport.fr\/blog\/#website\"},\"primaryImageOfPage\":{\"@id\":\"https:\/\/dicodusport.fr\/blog\/athletisme-mondiaux-2023-les-francais-qui-ont-realise-les-minima\/#primaryimage\"},\"image\":{\"@id\":\"https:\/\/dicodusport.fr\/blog\/athletisme-mondiaux-2023-les-francais-qui-ont-realise-les-minima\/#primaryimage\"},\"thumbnailUrl\":\"https:\/\/dicodusport.fr\/blog\/wp-content\/uploads\/2023\/03\/Athletisme-Les-Francais-qui-ont-realise-les-minima-pour-les-championnats-du-monde-2023.png\",\"datePublished\":\"2023-07-22T10:11:18+00:00\",\"dateModified\":\"2023-07-22T20:47:06+00:00\",\"description\":\"CHAMPIONNATS DU MONDE ATHLETISME 2023 - D\u00e9couvrez la liste des Fran\u00e7ais qui ont fait les minima pour Budapest.\",\"breadcrumb\":{\"@id\":\"https:\/\/dicodusport.fr\/blog\/athletisme-mondiaux-2023-les-francais-qui-ont-realise-les-minima\/#breadcrumb\"},\"inLanguage\":\"fr-FR\",\"potentialAction\":[{\"@type\":\"ReadAction\",\"target\":[\"https:\/\/dicodusport.fr\/blog\/athletisme-mondiaux-2023-les-francais-qui-ont-realise-les-minima\/\"]}]},{\"@type\":\"ImageObject\",\"inLanguage\":\"fr-FR\",\"@id\":\"https:\/\/dicodusport.fr\/blog\/athletisme-mondiaux-2023-les-francais-qui-ont-realise-les-minima\/#primaryimage\",\"url\":\"https:\/\/dicodusport.fr\/blog\/wp-content\/uploads\/2023\/03\/Athletisme-Les-Francais-qui-ont-realise-les-minima-pour-les-championnats-du-monde-2023.png\",\"contentUrl\":\"https:\/\/dicodusport.fr\/blog\/wp-content\/uploads\/2023\/03\/Athletisme-Les-Francais-qui-ont-realise-les-minima-pour-les-championnats-du-monde-2023.png\",\"width\":800,\"height\":445,\"caption\":\"Athl\u00e9tisme - Les Fran\u00e7ais qui ont r\u00e9alis\u00e9 les minima pour les championnats du monde 2023\"},{\"@type\":\"BreadcrumbList\",\"@id\":\"https:\/\/dicodusport.fr\/blog\/athletisme-mondiaux-2023-les-francais-qui-ont-realise-les-minima\/#breadcrumb\",\"itemListElement\":[{\"@type\":\"ListItem\",\"position\":1,\"name\":\"Accueil\",\"item\":\"https:\/\/dicodusport.fr\/blog\/\"},{\"@type\":\"ListItem\",\"position\":2,\"name\":\"Athl\u00e9tisme Mondiaux 2023 &#8211; Les Fran\u00e7ais qui ont r\u00e9alis\u00e9 les minima\"}]},{\"@type\":\"WebSite\",\"@id\":\"https:\/\/dicodusport.fr\/blog\/#website\",\"url\":\"https:\/\/dicodusport.fr\/blog\/\",\"name\":\"Dicodusport\",\"description\":\"L&#039;encyclop\u00e9die de l&#039;actualit\u00e9 sportive\",\"publisher\":{\"@id\":\"https:\/\/dicodusport.fr\/blog\/#organization\"},\"potentialAction\":[{\"@type\":\"SearchAction\",\"target\":{\"@type\":\"EntryPoint\",\"urlTemplate\":\"https:\/\/dicodusport.fr\/blog\/?s={search_term_string}\"},\"query-input\":{\"@type\":\"PropertyValueSpecification\",\"valueRequired\":true,\"valueName\":\"search_term_string\"}}],\"inLanguage\":\"fr-FR\"},{\"@type\":\"NewsMediaOrganization\",\"@id\":\"https:\/\/dicodusport.fr\/blog\/#organization\",\"name\":\"Dicodusport\",\"url\":\"https:\/\/dicodusport.fr\/blog\/\",\"logo\":{\"@type\":\"ImageObject\",\"inLanguage\":\"fr-FR\",\"@id\":\"https:\/\/dicodusport.fr\/blog\/#\/schema\/logo\/image\/\",\"url\":\"https:\/\/dicodusport.fr\/blog\/wp-content\/uploads\/2020\/06\/cropped-LOGO-DICODUSPORT-2020-SANS-FOND-SANS-TEXTE.png\",\"contentUrl\":\"https:\/\/dicodusport.fr\/blog\/wp-content\/uploads\/2020\/06\/cropped-LOGO-DICODUSPORT-2020-SANS-FOND-SANS-TEXTE.png\",\"width\":512,\"height\":512,\"caption\":\"Dicodusport\"},\"image\":{\"@id\":\"https:\/\/dicodusport.fr\/blog\/#\/schema\/logo\/image\/\"},\"sameAs\":[\"https:\/\/www.facebook.com\/dicodusport\",\"https:\/\/x.com\/dicodusport\",\"https:\/\/www.instagram.com\/dicodusport\/\",\"https:\/\/www.youtube.com\/channel\/UC7V2KZ5sd3htJivAbA4ZG3w\"],\"description\":\"Dicodusport est l'encyclop\u00e9die de l'actualit\u00e9 sportive.\",\"email\":\"bonjour@dicodusport.fr\",\"legalName\":\"DICODUSPORT\",\"foundingDate\":\"2018-01-14\",\"vatID\":\"FR71834470973\",\"taxID\":\"83447097300043\",\"numberOfEmployees\":{\"@type\":\"QuantitativeValue\",\"minValue\":\"1\",\"maxValue\":\"10\"}},{\"@type\":\"Person\",\"@id\":\"https:\/\/dicodusport.fr\/blog\/#\/schema\/person\/d603dd7da31fb2b46c82b9835a77ec13\",\"name\":\"Etienne Goursaud\",\"image\":{\"@type\":\"ImageObject\",\"inLanguage\":\"fr-FR\",\"@id\":\"https:\/\/dicodusport.fr\/blog\/#\/schema\/person\/image\/\",\"url\":\"https:\/\/dicodusport.fr\/blog\/wp-content\/uploads\/2023\/12\/410122264_10231602061736049_5565839791558026645_n-150x150.jpg\",\"contentUrl\":\"https:\/\/dicodusport.fr\/blog\/wp-content\/uploads\/2023\/12\/410122264_10231602061736049_5565839791558026645_n-150x150.jpg\",\"caption\":\"Etienne Goursaud\"},\"description\":\"Journaliste et amoureux de sport. Ancien footballeur reconverti athl\u00e8te quand ses muscles le laissent tranquille. \u00c9lev\u00e9 \u00e0 la sauce des exploits de Thomas Voeckler en 2004, du dernier essai de l\u00e9gende de Eunice Barber \u00e0 la longueur lors des championnats du monde d'athl\u00e9tisme de 2003 mais aussi Zidane, Omeyer et Titou Lamaison.\",\"url\":\"https:\/\/dicodusport.fr\/blog\/author\/etienne-goursaud\/\"}]}<\/script>\n<!-- \/ Yoast SEO Premium plugin. -->","yoast_head_json":{"title":"Athl\u00e9tisme Mondiaux 2023 - Les Fran\u00e7ais qui ont r\u00e9alis\u00e9 les minima","description":"CHAMPIONNATS DU MONDE ATHLETISME 2023 - D\u00e9couvrez la liste des Fran\u00e7ais qui ont fait les minima pour Budapest.","robots":{"index":"index","follow":"follow","max-snippet":"max-snippet:-1","max-image-preview":"max-image-preview:large","max-video-preview":"max-video-preview:-1"},"canonical":"https:\/\/dicodusport.fr\/blog\/athletisme-mondiaux-2023-les-francais-qui-ont-realise-les-minima\/","og_locale":"fr_FR","og_type":"article","og_title":"Athl\u00e9tisme Mondiaux 2023 - Les Fran\u00e7ais qui ont r\u00e9alis\u00e9 les minima","og_description":"CHAMPIONNATS DU MONDE ATHLETISME 2023 - D\u00e9couvrez la liste des Fran\u00e7ais qui ont fait les minima pour Budapest.","og_url":"https:\/\/dicodusport.fr\/blog\/athletisme-mondiaux-2023-les-francais-qui-ont-realise-les-minima\/","og_site_name":"Dicodusport","article_publisher":"https:\/\/www.facebook.com\/dicodusport","article_published_time":"2023-07-22T10:11:18+00:00","article_modified_time":"2023-07-22T20:47:06+00:00","og_image":[{"width":800,"height":445,"url":"https:\/\/dicodusport.fr\/blog\/wp-content\/uploads\/2023\/03\/Athletisme-Les-Francais-qui-ont-realise-les-minima-pour-les-championnats-du-monde-2023.png","type":"image\/png"}],"author":"Etienne Goursaud","twitter_card":"summary_large_image","twitter_title":"Athl\u00e9tisme Mondiaux 2023 - Les Fran\u00e7ais qui ont r\u00e9alis\u00e9 les minima","twitter_creator":"@dicodusport","twitter_site":"@dicodusport","schema":{"@context":"https:\/\/schema.org","@graph":[{"@type":"NewsArticle","@id":"https:\/\/dicodusport.fr\/blog\/athletisme-mondiaux-2023-les-francais-qui-ont-realise-les-minima\/#article","isPartOf":{"@id":"https:\/\/dicodusport.fr\/blog\/athletisme-mondiaux-2023-les-francais-qui-ont-realise-les-minima\/"},"author":{"name":"Etienne Goursaud","@id":"https:\/\/dicodusport.fr\/blog\/#\/schema\/person\/d603dd7da31fb2b46c82b9835a77ec13"},"headline":"Athl\u00e9tisme Mondiaux 2023 &#8211; Les Fran\u00e7ais qui ont r\u00e9alis\u00e9 les minima","datePublished":"2023-07-22T10:11:18+00:00","dateModified":"2023-07-22T20:47:06+00:00","mainEntityOfPage":{"@id":"https:\/\/dicodusport.fr\/blog\/athletisme-mondiaux-2023-les-francais-qui-ont-realise-les-minima\/"},"wordCount":242,"commentCount":2,"publisher":{"@id":"https:\/\/dicodusport.fr\/blog\/#organization"},"image":{"@id":"https:\/\/dicodusport.fr\/blog\/athletisme-mondiaux-2023-les-francais-qui-ont-realise-les-minima\/#primaryimage"},"thumbnailUrl":"https:\/\/dicodusport.fr\/blog\/wp-content\/uploads\/2023\/03\/Athletisme-Les-Francais-qui-ont-realise-les-minima-pour-les-championnats-du-monde-2023.png","keywords":["Athl\u00e9tisme fran\u00e7ais","br\u00e8ve"],"articleSection":["Championnats du monde d'athl\u00e9tisme"],"inLanguage":"fr-FR","potentialAction":[{"@type":"CommentAction","name":"Comment","target":["https:\/\/dicodusport.fr\/blog\/athletisme-mondiaux-2023-les-francais-qui-ont-realise-les-minima\/#respond"]}],"copyrightYear":"2023","copyrightHolder":{"@id":"https:\/\/dicodusport.fr\/blog\/#organization"}},{"@type":"WebPage","@id":"https:\/\/dicodusport.fr\/blog\/athletisme-mondiaux-2023-les-francais-qui-ont-realise-les-minima\/","url":"https:\/\/dicodusport.fr\/blog\/athletisme-mondiaux-2023-les-francais-qui-ont-realise-les-minima\/","name":"Athl\u00e9tisme Mondiaux 2023 - Les Fran\u00e7ais qui ont r\u00e9alis\u00e9 les minima","isPartOf":{"@id":"https:\/\/dicodusport.fr\/blog\/#website"},"primaryImageOfPage":{"@id":"https:\/\/dicodusport.fr\/blog\/athletisme-mondiaux-2023-les-francais-qui-ont-realise-les-minima\/#primaryimage"},"image":{"@id":"https:\/\/dicodusport.fr\/blog\/athletisme-mondiaux-2023-les-francais-qui-ont-realise-les-minima\/#primaryimage"},"thumbnailUrl":"https:\/\/dicodusport.fr\/blog\/wp-content\/uploads\/2023\/03\/Athletisme-Les-Francais-qui-ont-realise-les-minima-pour-les-championnats-du-monde-2023.png","datePublished":"2023-07-22T10:11:18+00:00","dateModified":"2023-07-22T20:47:06+00:00","description":"CHAMPIONNATS DU MONDE ATHLETISME 2023 - D\u00e9couvrez la liste des Fran\u00e7ais qui ont fait les minima pour Budapest.","breadcrumb":{"@id":"https:\/\/dicodusport.fr\/blog\/athletisme-mondiaux-2023-les-francais-qui-ont-realise-les-minima\/#breadcrumb"},"inLanguage":"fr-FR","potentialAction":[{"@type":"ReadAction","target":["https:\/\/dicodusport.fr\/blog\/athletisme-mondiaux-2023-les-francais-qui-ont-realise-les-minima\/"]}]},{"@type":"ImageObject","inLanguage":"fr-FR","@id":"https:\/\/dicodusport.fr\/blog\/athletisme-mondiaux-2023-les-francais-qui-ont-realise-les-minima\/#primaryimage","url":"https:\/\/dicodusport.fr\/blog\/wp-content\/uploads\/2023\/03\/Athletisme-Les-Francais-qui-ont-realise-les-minima-pour-les-championnats-du-monde-2023.png","contentUrl":"https:\/\/dicodusport.fr\/blog\/wp-content\/uploads\/2023\/03\/Athletisme-Les-Francais-qui-ont-realise-les-minima-pour-les-championnats-du-monde-2023.png","width":800,"height":445,"caption":"Athl\u00e9tisme - Les Fran\u00e7ais qui ont r\u00e9alis\u00e9 les minima pour les championnats du monde 2023"},{"@type":"BreadcrumbList","@id":"https:\/\/dicodusport.fr\/blog\/athletisme-mondiaux-2023-les-francais-qui-ont-realise-les-minima\/#breadcrumb","itemListElement":[{"@type":"ListItem","position":1,"name":"Accueil","item":"https:\/\/dicodusport.fr\/blog\/"},{"@type":"ListItem","position":2,"name":"Athl\u00e9tisme Mondiaux 2023 &#8211; Les Fran\u00e7ais qui ont r\u00e9alis\u00e9 les minima"}]},{"@type":"WebSite","@id":"https:\/\/dicodusport.fr\/blog\/#website","url":"https:\/\/dicodusport.fr\/blog\/","name":"Dicodusport","description":"L&#039;encyclop\u00e9die de l&#039;actualit\u00e9 sportive","publisher":{"@id":"https:\/\/dicodusport.fr\/blog\/#organization"},"potentialAction":[{"@type":"SearchAction","target":{"@type":"EntryPoint","urlTemplate":"https:\/\/dicodusport.fr\/blog\/?s={search_term_string}"},"query-input":{"@type":"PropertyValueSpecification","valueRequired":true,"valueName":"search_term_string"}}],"inLanguage":"fr-FR"},{"@type":"NewsMediaOrganization","@id":"https:\/\/dicodusport.fr\/blog\/#organization","name":"Dicodusport","url":"https:\/\/dicodusport.fr\/blog\/","logo":{"@type":"ImageObject","inLanguage":"fr-FR","@id":"https:\/\/dicodusport.fr\/blog\/#\/schema\/logo\/image\/","url":"https:\/\/dicodusport.fr\/blog\/wp-content\/uploads\/2020\/06\/cropped-LOGO-DICODUSPORT-2020-SANS-FOND-SANS-TEXTE.png","contentUrl":"https:\/\/dicodusport.fr\/blog\/wp-content\/uploads\/2020\/06\/cropped-LOGO-DICODUSPORT-2020-SANS-FOND-SANS-TEXTE.png","width":512,"height":512,"caption":"Dicodusport"},"image":{"@id":"https:\/\/dicodusport.fr\/blog\/#\/schema\/logo\/image\/"},"sameAs":["https:\/\/www.facebook.com\/dicodusport","https:\/\/x.com\/dicodusport","https:\/\/www.instagram.com\/dicodusport\/","https:\/\/www.youtube.com\/channel\/UC7V2KZ5sd3htJivAbA4ZG3w"],"description":"Dicodusport est l'encyclop\u00e9die de l'actualit\u00e9 sportive.","email":"bonjour@dicodusport.fr","legalName":"DICODUSPORT","foundingDate":"2018-01-14","vatID":"FR71834470973","taxID":"83447097300043","numberOfEmployees":{"@type":"QuantitativeValue","minValue":"1","maxValue":"10"}},{"@type":"Person","@id":"https:\/\/dicodusport.fr\/blog\/#\/schema\/person\/d603dd7da31fb2b46c82b9835a77ec13","name":"Etienne Goursaud","image":{"@type":"ImageObject","inLanguage":"fr-FR","@id":"https:\/\/dicodusport.fr\/blog\/#\/schema\/person\/image\/","url":"https:\/\/dicodusport.fr\/blog\/wp-content\/uploads\/2023\/12\/410122264_10231602061736049_5565839791558026645_n-150x150.jpg","contentUrl":"https:\/\/dicodusport.fr\/blog\/wp-content\/uploads\/2023\/12\/410122264_10231602061736049_5565839791558026645_n-150x150.jpg","caption":"Etienne Goursaud"},"description":"Journaliste et amoureux de sport. Ancien footballeur reconverti athl\u00e8te quand ses muscles le laissent tranquille. \u00c9lev\u00e9 \u00e0 la sauce des exploits de Thomas Voeckler en 2004, du dernier essai de l\u00e9gende de Eunice Barber \u00e0 la longueur lors des championnats du monde d'athl\u00e9tisme de 2003 mais aussi Zidane, Omeyer et Titou Lamaison.","url":"https:\/\/dicodusport.fr\/blog\/author\/etienne-goursaud\/"}]}},"_links":{"self":[{"href":"https:\/\/dicodusport.fr\/blog\/wp-json\/wp\/v2\/posts\/366347","targetHints":{"allow":["GET"]}}],"collection":[{"href":"https:\/\/dicodusport.fr\/blog\/wp-json\/wp\/v2\/posts"}],"about":[{"href":"https:\/\/dicodusport.fr\/blog\/wp-json\/wp\/v2\/types\/post"}],"author":[{"embeddable":true,"href":"https:\/\/dicodusport.fr\/blog\/wp-json\/wp\/v2\/users\/83"}],"replies":[{"embeddable":true,"href":"https:\/\/dicodusport.fr\/blog\/wp-json\/wp\/v2\/comments?post=366347"}],"version-history":[{"count":0,"href":"https:\/\/dicodusport.fr\/blog\/wp-json\/wp\/v2\/posts\/366347\/revisions"}],"wp:featuredmedia":[{"embeddable":true,"href":"https:\/\/dicodusport.fr\/blog\/wp-json\/wp\/v2\/media\/369612"}],"wp:attachment":[{"href":"https:\/\/dicodusport.fr\/blog\/wp-json\/wp\/v2\/media?parent=366347"}],"wp:term":[{"taxonomy":"category","embeddable":true,"href":"https:\/\/dicodusport.fr\/blog\/wp-json\/wp\/v2\/categories?post=366347"},{"taxonomy":"post_tag","embeddable":true,"href":"https:\/\/dicodusport.fr\/blog\/wp-json\/wp\/v2\/tags?post=366347"}],"curies":[{"name":"wp","href":"https:\/\/api.w.org\/{rel}","templated":true}]}}