{"id":36642,"date":"2019-04-07T17:03:59","date_gmt":"2019-04-07T15:03:59","guid":{"rendered":"http:\/\/dicodusport.fr\/blog\/?p=36642"},"modified":"2019-04-07T17:29:45","modified_gmt":"2019-04-07T15:29:45","slug":"tour-des-flandres-alberto-bettiol-surprend-les-favoris-et-remporte-le-ronde","status":"publish","type":"post","link":"https:\/\/dicodusport.fr\/blog\/tour-des-flandres-alberto-bettiol-surprend-les-favoris-et-remporte-le-ronde\/","title":{"rendered":"Tour des Flandres : Alberto Bettiol surprend les favoris et remporte le Ronde"},"content":{"rendered":"<p style=\"text-align: justify;\"><strong><em>Au terme d&rsquo;une course anim\u00e9e, le Transalpin Alberto Bettiol (EF Education First) a remport\u00e9 le Tour des Flandres en solitaire ce dimanche, \u00e0 Oudenaarde. Il est le premier Italien \u00e0 enlever le Ronde depuis Alessandro Ballan, vainqueur en 2007. Le Danois Kasper Asgreen (Deceuninck Quick-Step) et le Norv\u00e9gien Alexander Kristoff (UAE Emirates) compl\u00e8tent le podium.<\/em> <\/strong><\/p>\n<p style=\"text-align: justify;\">Quatri\u00e8me du Grand Prix E3 il y a 10 jours, il faisait partie des grosses cotes chez les outsiders. A 25 ans, l&rsquo;Italien Alberto Bettiol s&rsquo;est impos\u00e9 en solitaire sur le Ronde, signant par la m\u00eame occasion la premi\u00e8re victoire de sa carri\u00e8re chez les professionnels. Le coureur de la formation EF Education First a attaqu\u00e9 lors de la derni\u00e8re ascension du Vieux-Quaremont, \u00e0 20km de l&rsquo;arriv\u00e9e. Derri\u00e8re, les grands favoris se sont beaucoup trop regard\u00e9s et n&rsquo;ont pu que constater les d\u00e9g\u00e2ts. Le Danois Kasper Asgreen, le coureur de la Deceuninck Quick-Step le plus en vue aujourd&rsquo;hui, prend la deuxi\u00e8me place devant Alexander Kristoff, laur\u00e9at de Gand-Wevelgem dimanche dernier.<\/p>\n<p>https:\/\/twitter.com\/francetvsport\/status\/1114908295788224519<\/p>\n<h1 style=\"text-align: justify;\">Le show van der Poel<\/h1>\n<p style=\"text-align: justify;\">Il est aussi le grand bonhomme de ce Ronde 2019. Le N\u00e9erlandais Mathieu van der Poel, vainqueur d\u2019\u00c0 Travers la Flandre cette semaine et meilleur cyclocrossman du monde actuellement, faisait partie des favoris au d\u00e9part de la course. Mais \u00e0 60km de l&rsquo;arriv\u00e9e, le champion des Pays-Bas, victime d&rsquo;un incident m\u00e9canique, chute, l&rsquo;\u00e9paule la premi\u00e8re au sol. Reparti avec un temps de retard, le petit-fils de Raymond Poulidor n&rsquo;abdiquait pas. Mieux, il parvenait \u00e0 revenir sur le peloton des favoris \u00e0 40km du terme de ce Ronde. C&rsquo;est m\u00eame lui qui passait le Paterberg en deuxi\u00e8me positon derri\u00e8re Bettiol, ultime mont de la journ\u00e9e. Au final, il termine au pied du podium, \u00e0 la 4\u00e8me place. Prometteur pour cet \u00e9norme moteur.<\/p>\n<p><span class=\"hnHEYSqMcOZJA1rz7Liy\"><\/p>\n<blockquote class=\"twitter-tweet\" data-width=\"550\" data-dnt=\"true\">\n<p lang=\"fr\" dir=\"ltr\">La prise de risque de Mathieu van der Poel lui co\u00fbte une lourde chute sur le trottoir ! Le sp\u00e9cialiste de cyclo-cross se tient l&#39;\u00e9paule mais repart au courage ! \ud83d\udcaa <a href=\"https:\/\/twitter.com\/hashtag\/RVV19?src=hash&amp;ref_src=twsrc%5Etfw\">#RVV19<\/a> <a href=\"https:\/\/twitter.com\/hashtag\/Cyclisme?src=hash&amp;ref_src=twsrc%5Etfw\">#Cyclisme<\/a> <a href=\"https:\/\/t.co\/BiNoH6q9pS\">pic.twitter.com\/BiNoH6q9pS<\/a><\/p>\n<p>&mdash; francetvsport (@francetvsport) <a href=\"https:\/\/twitter.com\/francetvsport\/status\/1114886879571337216?ref_src=twsrc%5Etfw\">April 7, 2019<\/a><\/p><\/blockquote>\n<p><script async src=\"https:\/\/platform.twitter.com\/widgets.js\" charset=\"utf-8\"><\/script><\/span><\/p>\n<p><span class=\"ixANvO36b6jKnCPULaplVExe8D3zI4T9lF0raPZ8ycfonwKuSdZt7B5tzhRuUkRWFAOrWGI\"><\/p>\n<blockquote class=\"twitter-tweet\" data-width=\"550\" data-dnt=\"true\">\n<p lang=\"fr\" dir=\"ltr\">Le top 10 du jour. Course surprenante, et assez d\u00e9cevante. C&#39;est dommage quand on voit le profil des protagonistes. <a href=\"https:\/\/twitter.com\/hashtag\/RVV19?src=hash&amp;ref_src=twsrc%5Etfw\">#RVV19<\/a> <a href=\"https:\/\/t.co\/86Le4oTTuN\">pic.twitter.com\/86Le4oTTuN<\/a><\/p>\n<p>&mdash; Le Gruppetto (@LeGruppetto) <a href=\"https:\/\/twitter.com\/LeGruppetto\/status\/1114908741428764672?ref_src=twsrc%5Etfw\">April 7, 2019<\/a><\/p><\/blockquote>\n<p><script async src=\"https:\/\/platform.twitter.com\/widgets.js\" charset=\"utf-8\"><\/script><\/span><\/p>\n<p><strong><em>Flo Ostermann<br \/>\n<a href=\"https:\/\/www.facebook.com\/florent.ostermann\"><img loading=\"lazy\" decoding=\"async\" class=\"alignnone wp-image-2909\" src=\"http:\/\/dicodusport.fr\/blog\/wp-content\/uploads\/2017\/07\/logo-facebook-150x150.png\" sizes=\"auto, (max-width: 40px) 100vw, 40px\" srcset=\"https:\/\/dicodusport.fr\/blog\/wp-content\/uploads\/2017\/07\/logo-facebook-150x150.png 150w, https:\/\/dicodusport.fr\/blog\/wp-content\/uploads\/2017\/07\/logo-facebook-300x300.png 300w, https:\/\/dicodusport.fr\/blog\/wp-content\/uploads\/2017\/07\/logo-facebook.png 400w\" alt=\"\" width=\"40\" height=\"40\" \/><\/a><a href=\"https:\/\/twitter.com\/SportInsideMag\"><img loading=\"lazy\" decoding=\"async\" class=\"alignnone wp-image-2908\" src=\"http:\/\/dicodusport.fr\/blog\/wp-content\/uploads\/2017\/07\/logo-twitter-150x150.png\" alt=\"\" width=\"39\" height=\"39\" \/><\/a><\/em><\/strong><\/p>\n","protected":false},"excerpt":{"rendered":"<p>Au terme d&rsquo;une course anim\u00e9e, le Transalpin Alberto Bettiol (EF Education First) a remport\u00e9 le Tour des Flandres en solitaire ce dimanche, \u00e0 Oudenaarde. <\/p>\n","protected":false},"author":4,"featured_media":36647,"comment_status":"open","ping_status":"closed","sticky":false,"template":"","format":"standard","meta":{"_acf_changed":false,"_daextam_enable_autolinks":"","footnotes":""},"categories":[2,2307],"tags":[7587,574,4325],"class_list":["post-36642","post","type-post","status-publish","format-standard","has-post-thumbnail","hentry","category-actualites","category-cyclisme","tag-alberto-bettiol","tag-cyclisme","tag-tour-des-flandres"],"acf":[],"yoast_head":"<!-- This site is optimized with the Yoast SEO Premium plugin v26.7 (Yoast SEO v26.7) - https:\/\/yoast.com\/wordpress\/plugins\/seo\/ -->\n<title>Tour des Flandres : Alberto Bettiol surprend les favoris et remporte le Ronde<\/title>\n<meta name=\"description\" content=\"Au terme d&#039;une course anim\u00e9e, le Transalpin Alberto Bettiol (EF Education First) a remport\u00e9 le Tour des Flandres en solitaire ce dimanche, \u00e0 Oudenaarde.\" \/>\n<meta name=\"robots\" content=\"index, follow, max-snippet:-1, max-image-preview:large, max-video-preview:-1\" \/>\n<link rel=\"canonical\" href=\"https:\/\/dicodusport.fr\/blog\/tour-des-flandres-alberto-bettiol-surprend-les-favoris-et-remporte-le-ronde\/\" \/>\n<meta property=\"og:locale\" content=\"fr_FR\" \/>\n<meta property=\"og:type\" content=\"article\" \/>\n<meta property=\"og:title\" content=\"Tour des Flandres : Alberto Bettiol surprend les favoris et remporte le Ronde\" \/>\n<meta property=\"og:description\" content=\"Au terme d&#039;une course anim\u00e9e, le Transalpin Alberto Bettiol (EF Education First) a remport\u00e9 le Tour des Flandres en solitaire ce dimanche, \u00e0 Oudenaarde.\" \/>\n<meta property=\"og:url\" content=\"https:\/\/dicodusport.fr\/blog\/tour-des-flandres-alberto-bettiol-surprend-les-favoris-et-remporte-le-ronde\/\" \/>\n<meta property=\"og:site_name\" content=\"Dicodusport\" \/>\n<meta property=\"article:publisher\" content=\"https:\/\/www.facebook.com\/dicodusport\" \/>\n<meta property=\"article:author\" content=\"https:\/\/www.facebook.com\/florent.ostermann\" \/>\n<meta property=\"article:published_time\" content=\"2019-04-07T15:03:59+00:00\" \/>\n<meta property=\"article:modified_time\" content=\"2019-04-07T15:29:45+00:00\" \/>\n<meta property=\"og:image\" content=\"https:\/\/dicodusport.fr\/blog\/wp-content\/uploads\/2019\/04\/Alberto-Bettiol-Tour-des-Flandres.png\" \/>\n\t<meta property=\"og:image:width\" content=\"800\" \/>\n\t<meta property=\"og:image:height\" content=\"445\" \/>\n\t<meta property=\"og:image:type\" content=\"image\/png\" \/>\n<meta name=\"author\" content=\"Flo Ostermann\" \/>\n<meta name=\"twitter:card\" content=\"summary_large_image\" \/>\n<meta name=\"twitter:creator\" content=\"@https:\/\/twitter.com\/FlOstermann\" \/>\n<meta name=\"twitter:site\" content=\"@dicodusport\" \/>\n<script type=\"application\/ld+json\" class=\"yoast-schema-graph\">{\"@context\":\"https:\/\/schema.org\",\"@graph\":[{\"@type\":\"NewsArticle\",\"@id\":\"https:\/\/dicodusport.fr\/blog\/tour-des-flandres-alberto-bettiol-surprend-les-favoris-et-remporte-le-ronde\/#article\",\"isPartOf\":{\"@id\":\"https:\/\/dicodusport.fr\/blog\/tour-des-flandres-alberto-bettiol-surprend-les-favoris-et-remporte-le-ronde\/\"},\"author\":{\"name\":\"Flo Ostermann\",\"@id\":\"https:\/\/dicodusport.fr\/blog\/#\/schema\/person\/cb02af4c173ce4a653b55e9baf388d4a\"},\"headline\":\"Tour des Flandres : Alberto Bettiol surprend les favoris et remporte le Ronde\",\"datePublished\":\"2019-04-07T15:03:59+00:00\",\"dateModified\":\"2019-04-07T15:29:45+00:00\",\"mainEntityOfPage\":{\"@id\":\"https:\/\/dicodusport.fr\/blog\/tour-des-flandres-alberto-bettiol-surprend-les-favoris-et-remporte-le-ronde\/\"},\"wordCount\":344,\"commentCount\":0,\"publisher\":{\"@id\":\"https:\/\/dicodusport.fr\/blog\/#organization\"},\"image\":{\"@id\":\"https:\/\/dicodusport.fr\/blog\/tour-des-flandres-alberto-bettiol-surprend-les-favoris-et-remporte-le-ronde\/#primaryimage\"},\"thumbnailUrl\":\"https:\/\/dicodusport.fr\/blog\/wp-content\/uploads\/2019\/04\/Alberto-Bettiol-Tour-des-Flandres.png\",\"keywords\":[\"Alberto Bettiol\",\"Cyclisme\",\"Tour des Flandres\"],\"articleSection\":[\"Actualit\u00e9s\",\"Cyclisme\"],\"inLanguage\":\"fr-FR\",\"potentialAction\":[{\"@type\":\"CommentAction\",\"name\":\"Comment\",\"target\":[\"https:\/\/dicodusport.fr\/blog\/tour-des-flandres-alberto-bettiol-surprend-les-favoris-et-remporte-le-ronde\/#respond\"]}],\"copyrightYear\":\"2019\",\"copyrightHolder\":{\"@id\":\"https:\/\/dicodusport.fr\/blog\/#organization\"}},{\"@type\":\"WebPage\",\"@id\":\"https:\/\/dicodusport.fr\/blog\/tour-des-flandres-alberto-bettiol-surprend-les-favoris-et-remporte-le-ronde\/\",\"url\":\"https:\/\/dicodusport.fr\/blog\/tour-des-flandres-alberto-bettiol-surprend-les-favoris-et-remporte-le-ronde\/\",\"name\":\"Tour des Flandres : Alberto Bettiol surprend les favoris et remporte le Ronde\",\"isPartOf\":{\"@id\":\"https:\/\/dicodusport.fr\/blog\/#website\"},\"primaryImageOfPage\":{\"@id\":\"https:\/\/dicodusport.fr\/blog\/tour-des-flandres-alberto-bettiol-surprend-les-favoris-et-remporte-le-ronde\/#primaryimage\"},\"image\":{\"@id\":\"https:\/\/dicodusport.fr\/blog\/tour-des-flandres-alberto-bettiol-surprend-les-favoris-et-remporte-le-ronde\/#primaryimage\"},\"thumbnailUrl\":\"https:\/\/dicodusport.fr\/blog\/wp-content\/uploads\/2019\/04\/Alberto-Bettiol-Tour-des-Flandres.png\",\"datePublished\":\"2019-04-07T15:03:59+00:00\",\"dateModified\":\"2019-04-07T15:29:45+00:00\",\"description\":\"Au terme d'une course anim\u00e9e, le Transalpin Alberto Bettiol (EF Education First) a remport\u00e9 le Tour des Flandres en solitaire ce dimanche, \u00e0 Oudenaarde.\",\"breadcrumb\":{\"@id\":\"https:\/\/dicodusport.fr\/blog\/tour-des-flandres-alberto-bettiol-surprend-les-favoris-et-remporte-le-ronde\/#breadcrumb\"},\"inLanguage\":\"fr-FR\",\"potentialAction\":[{\"@type\":\"ReadAction\",\"target\":[\"https:\/\/dicodusport.fr\/blog\/tour-des-flandres-alberto-bettiol-surprend-les-favoris-et-remporte-le-ronde\/\"]}]},{\"@type\":\"ImageObject\",\"inLanguage\":\"fr-FR\",\"@id\":\"https:\/\/dicodusport.fr\/blog\/tour-des-flandres-alberto-bettiol-surprend-les-favoris-et-remporte-le-ronde\/#primaryimage\",\"url\":\"https:\/\/dicodusport.fr\/blog\/wp-content\/uploads\/2019\/04\/Alberto-Bettiol-Tour-des-Flandres.png\",\"contentUrl\":\"https:\/\/dicodusport.fr\/blog\/wp-content\/uploads\/2019\/04\/Alberto-Bettiol-Tour-des-Flandres.png\",\"width\":800,\"height\":445},{\"@type\":\"BreadcrumbList\",\"@id\":\"https:\/\/dicodusport.fr\/blog\/tour-des-flandres-alberto-bettiol-surprend-les-favoris-et-remporte-le-ronde\/#breadcrumb\",\"itemListElement\":[{\"@type\":\"ListItem\",\"position\":1,\"name\":\"Accueil\",\"item\":\"https:\/\/dicodusport.fr\/blog\/\"},{\"@type\":\"ListItem\",\"position\":2,\"name\":\"Tour des Flandres : Alberto Bettiol surprend les favoris et remporte le Ronde\"}]},{\"@type\":\"WebSite\",\"@id\":\"https:\/\/dicodusport.fr\/blog\/#website\",\"url\":\"https:\/\/dicodusport.fr\/blog\/\",\"name\":\"Dicodusport\",\"description\":\"L&#039;encyclop\u00e9die de l&#039;actualit\u00e9 sportive\",\"publisher\":{\"@id\":\"https:\/\/dicodusport.fr\/blog\/#organization\"},\"potentialAction\":[{\"@type\":\"SearchAction\",\"target\":{\"@type\":\"EntryPoint\",\"urlTemplate\":\"https:\/\/dicodusport.fr\/blog\/?s={search_term_string}\"},\"query-input\":{\"@type\":\"PropertyValueSpecification\",\"valueRequired\":true,\"valueName\":\"search_term_string\"}}],\"inLanguage\":\"fr-FR\"},{\"@type\":\"NewsMediaOrganization\",\"@id\":\"https:\/\/dicodusport.fr\/blog\/#organization\",\"name\":\"Dicodusport\",\"url\":\"https:\/\/dicodusport.fr\/blog\/\",\"logo\":{\"@type\":\"ImageObject\",\"inLanguage\":\"fr-FR\",\"@id\":\"https:\/\/dicodusport.fr\/blog\/#\/schema\/logo\/image\/\",\"url\":\"https:\/\/dicodusport.fr\/blog\/wp-content\/uploads\/2020\/06\/cropped-LOGO-DICODUSPORT-2020-SANS-FOND-SANS-TEXTE.png\",\"contentUrl\":\"https:\/\/dicodusport.fr\/blog\/wp-content\/uploads\/2020\/06\/cropped-LOGO-DICODUSPORT-2020-SANS-FOND-SANS-TEXTE.png\",\"width\":512,\"height\":512,\"caption\":\"Dicodusport\"},\"image\":{\"@id\":\"https:\/\/dicodusport.fr\/blog\/#\/schema\/logo\/image\/\"},\"sameAs\":[\"https:\/\/www.facebook.com\/dicodusport\",\"https:\/\/x.com\/dicodusport\",\"https:\/\/www.instagram.com\/dicodusport\/\",\"https:\/\/www.youtube.com\/channel\/UC7V2KZ5sd3htJivAbA4ZG3w\"],\"description\":\"Dicodusport est l'encyclop\u00e9die de l'actualit\u00e9 sportive.\",\"email\":\"bonjour@dicodusport.fr\",\"legalName\":\"DICODUSPORT\",\"foundingDate\":\"2018-01-14\",\"vatID\":\"FR71834470973\",\"taxID\":\"83447097300043\",\"numberOfEmployees\":{\"@type\":\"QuantitativeValue\",\"minValue\":\"1\",\"maxValue\":\"10\"}},{\"@type\":\"Person\",\"@id\":\"https:\/\/dicodusport.fr\/blog\/#\/schema\/person\/cb02af4c173ce4a653b55e9baf388d4a\",\"name\":\"Flo Ostermann\",\"image\":{\"@type\":\"ImageObject\",\"inLanguage\":\"fr-FR\",\"@id\":\"https:\/\/dicodusport.fr\/blog\/#\/schema\/person\/image\/\",\"url\":\"https:\/\/dicodusport.fr\/blog\/wp-content\/uploads\/2021\/05\/Flo-Ostermann-150x150.jpg\",\"contentUrl\":\"https:\/\/dicodusport.fr\/blog\/wp-content\/uploads\/2021\/05\/Flo-Ostermann-150x150.jpg\",\"caption\":\"Flo Ostermann\"},\"description\":\"Journaliste\/R\u00e9dacteur depuis septembre 2015 - Mes premiers souvenirs dans le sport ? Les envol\u00e9es du Stade Toulousain et les duels Villeneuve-Schumacher et H\u00e4kkinen-Schumacher \u00e0 la fin des ann\u00e9es 90, la Coupe du monde de football en 1998, l\u2019exploit du XV de France face aux All Blacks en 1999, mais aussi Richard C\u0153ur de Lion qui vole sur les montagnes du Tour de France. Bien parti pour devenir professeur d\u2019EPS, les \u00e9v\u00e9nements de la vie (et la flemme d\u2019animer des s\u00e9ances de 3x500 m\u00e8tres toute ma vie) m\u2019ont conduit \u00e0 revoir mes plans. Me voil\u00e0 depuis fin 2017 sur Dicodusport, m\u00e9dia gr\u00e2ce (et pour) lequel je partage ma passion : le sport dans tous ses \u00e9tats. Le tout accompagn\u00e9 par les fous furieux et folles furieuses cit\u00e9s sur cette page !\",\"sameAs\":[\"https:\/\/www.facebook.com\/florent.ostermann\",\"https:\/\/x.com\/https:\/\/twitter.com\/FlOstermann\",\"admin\"],\"url\":\"https:\/\/dicodusport.fr\/blog\/author\/flo\/\"}]}<\/script>\n<!-- \/ Yoast SEO Premium plugin. -->","yoast_head_json":{"title":"Tour des Flandres : Alberto Bettiol surprend les favoris et remporte le Ronde","description":"Au terme d'une course anim\u00e9e, le Transalpin Alberto Bettiol (EF Education First) a remport\u00e9 le Tour des Flandres en solitaire ce dimanche, \u00e0 Oudenaarde.","robots":{"index":"index","follow":"follow","max-snippet":"max-snippet:-1","max-image-preview":"max-image-preview:large","max-video-preview":"max-video-preview:-1"},"canonical":"https:\/\/dicodusport.fr\/blog\/tour-des-flandres-alberto-bettiol-surprend-les-favoris-et-remporte-le-ronde\/","og_locale":"fr_FR","og_type":"article","og_title":"Tour des Flandres : Alberto Bettiol surprend les favoris et remporte le Ronde","og_description":"Au terme d'une course anim\u00e9e, le Transalpin Alberto Bettiol (EF Education First) a remport\u00e9 le Tour des Flandres en solitaire ce dimanche, \u00e0 Oudenaarde.","og_url":"https:\/\/dicodusport.fr\/blog\/tour-des-flandres-alberto-bettiol-surprend-les-favoris-et-remporte-le-ronde\/","og_site_name":"Dicodusport","article_publisher":"https:\/\/www.facebook.com\/dicodusport","article_author":"https:\/\/www.facebook.com\/florent.ostermann","article_published_time":"2019-04-07T15:03:59+00:00","article_modified_time":"2019-04-07T15:29:45+00:00","og_image":[{"width":800,"height":445,"url":"https:\/\/dicodusport.fr\/blog\/wp-content\/uploads\/2019\/04\/Alberto-Bettiol-Tour-des-Flandres.png","type":"image\/png"}],"author":"Flo Ostermann","twitter_card":"summary_large_image","twitter_creator":"@https:\/\/twitter.com\/FlOstermann","twitter_site":"@dicodusport","schema":{"@context":"https:\/\/schema.org","@graph":[{"@type":"NewsArticle","@id":"https:\/\/dicodusport.fr\/blog\/tour-des-flandres-alberto-bettiol-surprend-les-favoris-et-remporte-le-ronde\/#article","isPartOf":{"@id":"https:\/\/dicodusport.fr\/blog\/tour-des-flandres-alberto-bettiol-surprend-les-favoris-et-remporte-le-ronde\/"},"author":{"name":"Flo Ostermann","@id":"https:\/\/dicodusport.fr\/blog\/#\/schema\/person\/cb02af4c173ce4a653b55e9baf388d4a"},"headline":"Tour des Flandres : Alberto Bettiol surprend les favoris et remporte le Ronde","datePublished":"2019-04-07T15:03:59+00:00","dateModified":"2019-04-07T15:29:45+00:00","mainEntityOfPage":{"@id":"https:\/\/dicodusport.fr\/blog\/tour-des-flandres-alberto-bettiol-surprend-les-favoris-et-remporte-le-ronde\/"},"wordCount":344,"commentCount":0,"publisher":{"@id":"https:\/\/dicodusport.fr\/blog\/#organization"},"image":{"@id":"https:\/\/dicodusport.fr\/blog\/tour-des-flandres-alberto-bettiol-surprend-les-favoris-et-remporte-le-ronde\/#primaryimage"},"thumbnailUrl":"https:\/\/dicodusport.fr\/blog\/wp-content\/uploads\/2019\/04\/Alberto-Bettiol-Tour-des-Flandres.png","keywords":["Alberto Bettiol","Cyclisme","Tour des Flandres"],"articleSection":["Actualit\u00e9s","Cyclisme"],"inLanguage":"fr-FR","potentialAction":[{"@type":"CommentAction","name":"Comment","target":["https:\/\/dicodusport.fr\/blog\/tour-des-flandres-alberto-bettiol-surprend-les-favoris-et-remporte-le-ronde\/#respond"]}],"copyrightYear":"2019","copyrightHolder":{"@id":"https:\/\/dicodusport.fr\/blog\/#organization"}},{"@type":"WebPage","@id":"https:\/\/dicodusport.fr\/blog\/tour-des-flandres-alberto-bettiol-surprend-les-favoris-et-remporte-le-ronde\/","url":"https:\/\/dicodusport.fr\/blog\/tour-des-flandres-alberto-bettiol-surprend-les-favoris-et-remporte-le-ronde\/","name":"Tour des Flandres : Alberto Bettiol surprend les favoris et remporte le Ronde","isPartOf":{"@id":"https:\/\/dicodusport.fr\/blog\/#website"},"primaryImageOfPage":{"@id":"https:\/\/dicodusport.fr\/blog\/tour-des-flandres-alberto-bettiol-surprend-les-favoris-et-remporte-le-ronde\/#primaryimage"},"image":{"@id":"https:\/\/dicodusport.fr\/blog\/tour-des-flandres-alberto-bettiol-surprend-les-favoris-et-remporte-le-ronde\/#primaryimage"},"thumbnailUrl":"https:\/\/dicodusport.fr\/blog\/wp-content\/uploads\/2019\/04\/Alberto-Bettiol-Tour-des-Flandres.png","datePublished":"2019-04-07T15:03:59+00:00","dateModified":"2019-04-07T15:29:45+00:00","description":"Au terme d'une course anim\u00e9e, le Transalpin Alberto Bettiol (EF Education First) a remport\u00e9 le Tour des Flandres en solitaire ce dimanche, \u00e0 Oudenaarde.","breadcrumb":{"@id":"https:\/\/dicodusport.fr\/blog\/tour-des-flandres-alberto-bettiol-surprend-les-favoris-et-remporte-le-ronde\/#breadcrumb"},"inLanguage":"fr-FR","potentialAction":[{"@type":"ReadAction","target":["https:\/\/dicodusport.fr\/blog\/tour-des-flandres-alberto-bettiol-surprend-les-favoris-et-remporte-le-ronde\/"]}]},{"@type":"ImageObject","inLanguage":"fr-FR","@id":"https:\/\/dicodusport.fr\/blog\/tour-des-flandres-alberto-bettiol-surprend-les-favoris-et-remporte-le-ronde\/#primaryimage","url":"https:\/\/dicodusport.fr\/blog\/wp-content\/uploads\/2019\/04\/Alberto-Bettiol-Tour-des-Flandres.png","contentUrl":"https:\/\/dicodusport.fr\/blog\/wp-content\/uploads\/2019\/04\/Alberto-Bettiol-Tour-des-Flandres.png","width":800,"height":445},{"@type":"BreadcrumbList","@id":"https:\/\/dicodusport.fr\/blog\/tour-des-flandres-alberto-bettiol-surprend-les-favoris-et-remporte-le-ronde\/#breadcrumb","itemListElement":[{"@type":"ListItem","position":1,"name":"Accueil","item":"https:\/\/dicodusport.fr\/blog\/"},{"@type":"ListItem","position":2,"name":"Tour des Flandres : Alberto Bettiol surprend les favoris et remporte le Ronde"}]},{"@type":"WebSite","@id":"https:\/\/dicodusport.fr\/blog\/#website","url":"https:\/\/dicodusport.fr\/blog\/","name":"Dicodusport","description":"L&#039;encyclop\u00e9die de l&#039;actualit\u00e9 sportive","publisher":{"@id":"https:\/\/dicodusport.fr\/blog\/#organization"},"potentialAction":[{"@type":"SearchAction","target":{"@type":"EntryPoint","urlTemplate":"https:\/\/dicodusport.fr\/blog\/?s={search_term_string}"},"query-input":{"@type":"PropertyValueSpecification","valueRequired":true,"valueName":"search_term_string"}}],"inLanguage":"fr-FR"},{"@type":"NewsMediaOrganization","@id":"https:\/\/dicodusport.fr\/blog\/#organization","name":"Dicodusport","url":"https:\/\/dicodusport.fr\/blog\/","logo":{"@type":"ImageObject","inLanguage":"fr-FR","@id":"https:\/\/dicodusport.fr\/blog\/#\/schema\/logo\/image\/","url":"https:\/\/dicodusport.fr\/blog\/wp-content\/uploads\/2020\/06\/cropped-LOGO-DICODUSPORT-2020-SANS-FOND-SANS-TEXTE.png","contentUrl":"https:\/\/dicodusport.fr\/blog\/wp-content\/uploads\/2020\/06\/cropped-LOGO-DICODUSPORT-2020-SANS-FOND-SANS-TEXTE.png","width":512,"height":512,"caption":"Dicodusport"},"image":{"@id":"https:\/\/dicodusport.fr\/blog\/#\/schema\/logo\/image\/"},"sameAs":["https:\/\/www.facebook.com\/dicodusport","https:\/\/x.com\/dicodusport","https:\/\/www.instagram.com\/dicodusport\/","https:\/\/www.youtube.com\/channel\/UC7V2KZ5sd3htJivAbA4ZG3w"],"description":"Dicodusport est l'encyclop\u00e9die de l'actualit\u00e9 sportive.","email":"bonjour@dicodusport.fr","legalName":"DICODUSPORT","foundingDate":"2018-01-14","vatID":"FR71834470973","taxID":"83447097300043","numberOfEmployees":{"@type":"QuantitativeValue","minValue":"1","maxValue":"10"}},{"@type":"Person","@id":"https:\/\/dicodusport.fr\/blog\/#\/schema\/person\/cb02af4c173ce4a653b55e9baf388d4a","name":"Flo Ostermann","image":{"@type":"ImageObject","inLanguage":"fr-FR","@id":"https:\/\/dicodusport.fr\/blog\/#\/schema\/person\/image\/","url":"https:\/\/dicodusport.fr\/blog\/wp-content\/uploads\/2021\/05\/Flo-Ostermann-150x150.jpg","contentUrl":"https:\/\/dicodusport.fr\/blog\/wp-content\/uploads\/2021\/05\/Flo-Ostermann-150x150.jpg","caption":"Flo Ostermann"},"description":"Journaliste\/R\u00e9dacteur depuis septembre 2015 - Mes premiers souvenirs dans le sport ? Les envol\u00e9es du Stade Toulousain et les duels Villeneuve-Schumacher et H\u00e4kkinen-Schumacher \u00e0 la fin des ann\u00e9es 90, la Coupe du monde de football en 1998, l\u2019exploit du XV de France face aux All Blacks en 1999, mais aussi Richard C\u0153ur de Lion qui vole sur les montagnes du Tour de France. Bien parti pour devenir professeur d\u2019EPS, les \u00e9v\u00e9nements de la vie (et la flemme d\u2019animer des s\u00e9ances de 3x500 m\u00e8tres toute ma vie) m\u2019ont conduit \u00e0 revoir mes plans. Me voil\u00e0 depuis fin 2017 sur Dicodusport, m\u00e9dia gr\u00e2ce (et pour) lequel je partage ma passion : le sport dans tous ses \u00e9tats. Le tout accompagn\u00e9 par les fous furieux et folles furieuses cit\u00e9s sur cette page !","sameAs":["https:\/\/www.facebook.com\/florent.ostermann","https:\/\/x.com\/https:\/\/twitter.com\/FlOstermann","admin"],"url":"https:\/\/dicodusport.fr\/blog\/author\/flo\/"}]}},"_links":{"self":[{"href":"https:\/\/dicodusport.fr\/blog\/wp-json\/wp\/v2\/posts\/36642","targetHints":{"allow":["GET"]}}],"collection":[{"href":"https:\/\/dicodusport.fr\/blog\/wp-json\/wp\/v2\/posts"}],"about":[{"href":"https:\/\/dicodusport.fr\/blog\/wp-json\/wp\/v2\/types\/post"}],"author":[{"embeddable":true,"href":"https:\/\/dicodusport.fr\/blog\/wp-json\/wp\/v2\/users\/4"}],"replies":[{"embeddable":true,"href":"https:\/\/dicodusport.fr\/blog\/wp-json\/wp\/v2\/comments?post=36642"}],"version-history":[{"count":0,"href":"https:\/\/dicodusport.fr\/blog\/wp-json\/wp\/v2\/posts\/36642\/revisions"}],"wp:featuredmedia":[{"embeddable":true,"href":"https:\/\/dicodusport.fr\/blog\/wp-json\/wp\/v2\/media\/36647"}],"wp:attachment":[{"href":"https:\/\/dicodusport.fr\/blog\/wp-json\/wp\/v2\/media?parent=36642"}],"wp:term":[{"taxonomy":"category","embeddable":true,"href":"https:\/\/dicodusport.fr\/blog\/wp-json\/wp\/v2\/categories?post=36642"},{"taxonomy":"post_tag","embeddable":true,"href":"https:\/\/dicodusport.fr\/blog\/wp-json\/wp\/v2\/tags?post=36642"}],"curies":[{"name":"wp","href":"https:\/\/api.w.org\/{rel}","templated":true}]}}