{"id":366547,"date":"2023-03-18T07:45:37","date_gmt":"2023-03-18T06:45:37","guid":{"rendered":"https:\/\/dicodusport.fr\/blog\/?p=366547&#038;preview=true&#038;preview_id=366547"},"modified":"2023-03-18T08:24:41","modified_gmt":"2023-03-18T07:24:41","slug":"biathlon-rupture-et-reglement-de-compte-epilogue-dune-saison-compliquee-pour-les-bleus","status":"publish","type":"post","link":"https:\/\/dicodusport.fr\/blog\/biathlon-rupture-et-reglement-de-compte-epilogue-dune-saison-compliquee-pour-les-bleus\/","title":{"rendered":"Biathlon : Rupture et r\u00e8glement de compte, \u00e9pilogue d&rsquo;une saison compliqu\u00e9e pour les Bleus"},"content":{"rendered":"<p style=\"text-align: justify;\" align=\"justify\"><em><strong><a href=\"https:\/\/dicodusport.fr\/blog\/actualites\/biathlon\/\">BIATHLON<\/a> &#8211; L&rsquo;\u00e9quipe de France masculine a v\u00e9cu l&rsquo;une de ses pires saisons au 21\u00e8me si\u00e8cle. La rupture entre le staff et les athl\u00e8tes \u00e9tait in\u00e9vitable mais la mani\u00e8re interroge.<\/strong><\/em><\/p>\n<p style=\"text-align: justify;\" align=\"justify\">Le biathlon ne d\u00e9roge finalement pas \u00e0 la r\u00e8gle, quand un groupe ou une \u00e9quipe est dans le dur au niveau des r\u00e9sultats sportifs, les entra\u00eeneurs sont toujours les premiers fusibles. M\u00eame si <a href=\"https:\/\/dicodusport.fr\/blog\/equipe-de-france-de-biathlon-vincent-vittoz-et-patrick-favre-sen-vont\/\"><strong>Vincent<\/strong> <strong>Vittoz<\/strong> et <strong>Patrick<\/strong> <strong>Favre<\/strong> se mettent en retrait<\/a>, les deux coachs affirment qu&rsquo;ils \u00e9taient pr\u00eats \u00e0 continuer en adaptant leurs m\u00e9thodes puisqu&rsquo;ils avaient d\u00e9cid\u00e9 de repartir pour un cycle olympique, soit quatre ans.<\/p>\n<h2 style=\"text-align: justify;\" align=\"justify\">Apr\u00e8s une saison 2021-2022 magnique, un exercice 2022-2023 loin des attentes<\/h2>\n<p style=\"text-align: justify;\" align=\"justify\">La saison 2021-2022 a \u00e9t\u00e9 exceptionnelle pour <strong>Quentin Fillon Maillet<\/strong>. Et par ricochet donc, pour l&rsquo;\u00e9quipe de France masculine. Mais le contrecoup aura \u00e9t\u00e9 aussi intense qu&rsquo;aura \u00e9t\u00e9 la conqu\u00eate du gros globe de cristal et des titres olympiques. Tout est all\u00e9 de travers cette saison. <a href=\"https:\/\/dicodusport.fr\/blog\/coupe-du-monde-de-biathlon-nombre-de-podiums-par-nation\/\">Avec seulement cinq podiums en <strong>Coupe du monde<\/strong><\/a>, hors relais, et aucune m\u00e9daille en course individuelle sur les championnats du monde. Le titre de champion du monde du relais sera finalement la seule vraie satisfaction de la saison. Sans oublier le premier podium d&rsquo;\u00c9ric Perrot sur la mass d&rsquo;Ostersund, qui confirme qu&rsquo;il pourra jouer les premiers r\u00f4les \u00e0 l&rsquo;avenir.<\/p>\n<p style=\"text-align: justify;\" align=\"justify\">Avec un peu de recul, que personne n&rsquo;aura pris puisque la saison n&rsquo;est pas encore termin\u00e9e, le changement de staff sera vu comme la meilleure solution pour tout le monde. Les carri\u00e8res des uns et des autres sont courtes. Alors, pourquoi s&rsquo;ent\u00eater quand la rupture ou le divorce sont consomm\u00e9s ? Le timing peut interroger. Mais c&rsquo;est surtout le grand d\u00e9ballage qui va avec qui pose question et qui a d\u00e9j\u00e0 fait r\u00e9agir. <strong>Siegfried<\/strong> <strong>Mazet<\/strong> n&rsquo;a pas tard\u00e9 \u00e0 r\u00e9agir, avant de finalement retirer son tweet, et il est vrai que ce qui ressemble \u00e0 un r\u00e8glement de compte sur la place publique interroge. Le coach du tir norv\u00e9gien avait alors \u00e9crit \u00ab <em>Quand je vois ce que je vois, que je lis ce que je lis, et que j&rsquo;entends ce que j&rsquo;entends, je me dis que j&rsquo;ai bien eu raison \u00bb<\/em>. Ambiance.<\/p>\n<div id=\"attachment_357003\" style=\"width: 810px\" class=\"wp-caption aligncenter\"><a href=\"https:\/\/dicodusport.fr\/blog\/wp-content\/uploads\/2023\/02\/Mondiaux-Biathlon-2023-Les-Bleus-champions-du-monde-du-relais-masculin-1.png\"><img loading=\"lazy\" decoding=\"async\" aria-describedby=\"caption-attachment-357003\" class=\"size-full wp-image-357003\" src=\"https:\/\/dicodusport.fr\/blog\/wp-content\/uploads\/2023\/02\/Mondiaux-Biathlon-2023-Les-Bleus-champions-du-monde-du-relais-masculin-1.png\" alt=\"Mondiaux Biathlon 2023 Les Bleus champions du monde du relais masculin ! (1)\" width=\"800\" height=\"445\" srcset=\"https:\/\/dicodusport.fr\/blog\/wp-content\/uploads\/2023\/02\/Mondiaux-Biathlon-2023-Les-Bleus-champions-du-monde-du-relais-masculin-1.png 800w, https:\/\/dicodusport.fr\/blog\/wp-content\/uploads\/2023\/02\/Mondiaux-Biathlon-2023-Les-Bleus-champions-du-monde-du-relais-masculin-1-300x167.png 300w, https:\/\/dicodusport.fr\/blog\/wp-content\/uploads\/2023\/02\/Mondiaux-Biathlon-2023-Les-Bleus-champions-du-monde-du-relais-masculin-1-768x427.png 768w\" sizes=\"auto, (max-width: 800px) 100vw, 800px\" \/><\/a><p id=\"caption-attachment-357003\" class=\"wp-caption-text\">Mondiaux de biathlon 2023 : Les Bleus champions du monde du relais masculin !<\/p><\/div>\n<h2 style=\"text-align: justify;\">Vittoz et Favre chargent les leaders<\/h2>\n<p style=\"text-align: justify;\"><strong>Vincent<\/strong> <strong>Vittoz<\/strong> a probablement \u00e9t\u00e9 touch\u00e9 par la tournure des choses. Et aujourd&rsquo;hui, ce sont les deux leaders de l&rsquo;\u00e9quipe de <strong>France<\/strong> qui ont trinqu\u00e9. Le coach de l&rsquo;\u00e9quipe de France masculine a eu des mots forts pour ses deux cadres. D&rsquo;abord <strong>\u00c9milien<\/strong> <strong>Jacquelin<\/strong>, celui qui aura d\u00e9croch\u00e9 le plus de podiums, trois en d\u00e9but de saison. Dans les colonnes de <em>Ski Chrono<\/em>, Vincent Vittoz est revenu sur la sant\u00e9 mentale de l&rsquo;Is\u00e9rois.<\/p>\n<blockquote>\n<p style=\"text-align: justify;\">[&#8230;] Et il y a eu cette spirale n\u00e9gative pour diff\u00e9rentes raisons chez les leaders. Pour Emilien Jacquelin, un athl\u00e8te d\u00e9pressif depuis un an et demi que l\u2019on a accompagn\u00e9, guid\u00e9 et fait tout ce qui \u00e9tait possible. On a tout donn\u00e9, on a n\u2019a pas de regrets. On a peut-\u00eatre m\u00eame trop donn\u00e9 d\u2019\u00e9nergie \u00e0 certains moments et trop cherch\u00e9 \u00e0 essayer de le ramener dans le droit chemin. Mais on parle de maladie, c\u2019\u00e9tait une d\u00e9pression et on n&rsquo;avait peut-\u00eatre pas les bonnes r\u00e9ponses non plus.<\/p>\n<\/blockquote>\n<p style=\"text-align: justify;\">Pour <strong>Quentin<\/strong> <strong>Fillon<\/strong> <strong>Maillet<\/strong>, l&rsquo;ancien fondeur explique le d\u00e9faillance du Jurassien par un manque d&rsquo;attention au moment o\u00f9 les coachs ont voulu le mettre en garde.<\/p>\n<blockquote>\n<p style=\"text-align: justify;\">Pour Quentin Fillon Maillet, sur cette ann\u00e9e post-olympique, je pense qu\u2019il n\u2019a jamais voulu entendre les messages d&rsquo;avertissement en disant que ce ne sera pas une ann\u00e9e comme les autres, pas avec la m\u00eame gestion. Quentin a voulu montrer, je pense \u00e0 tous ceux qui lui disaient que cela allait \u00eatre difficile, que cela ne l\u2019atteindrait pas. Finalement, il est tomb\u00e9 malade, plusieurs fois, il ne pensait pas que cela allait arriver dans sa carri\u00e8re. Il s\u2019est peut-\u00eatre tromp\u00e9 de lecture, on a essay\u00e9 de le mettre en garde.<\/p>\n<\/blockquote>\n<p style=\"text-align: justify;\">Si l&rsquo;on comprend \u00e0 travers ces mots que <strong>Vincent<\/strong> <strong>Vittoz<\/strong> s&rsquo;est probablement senti pouss\u00e9 vers la sortie, chacun jugera de la pertinence de tenir ces propos dans la presse. Pour l&rsquo;un comme pour l&rsquo;autre, aussi grands champions soient-ils, ces d\u00e9clarations auront une r\u00e9sonance autre que si elles avaient \u00e9t\u00e9 tenues dans le cadre du groupe. Mais ne jetons la pierre \u00e0 personne. Avant d&rsquo;\u00eatre des sportifs de haut niveau ou des coachs comp\u00e9tents, parfois m\u00eame les deux, ils restent avant tout des hommes.<\/p>\n<blockquote class=\"twitter-tweet\">\n<p dir=\"ltr\" lang=\"fr\">\u2744\ufe0f\ud83c\uddeb\ud83c\uddf7 La fin d&rsquo;une \u00e8re pour l&rsquo;\u00e9quipe de France masculine de biathlon : Vincent Vittoz et Patrick Favre ne seront plus les entra\u00eeneurs des Bleus la saison prochaine \ud83d\udc47 <a href=\"https:\/\/twitter.com\/hashtag\/Biathlon?src=hash&amp;ref_src=twsrc%5Etfw\">#Biathlon<\/a><a href=\"https:\/\/t.co\/kuob0HfLFW\">https:\/\/t.co\/kuob0HfLFW<\/a><\/p>\n<p>\u2014 Dicodusport \u2b50\u2b50 (@dicodusport) <a href=\"https:\/\/twitter.com\/dicodusport\/status\/1636758496606662657?ref_src=twsrc%5Etfw\">March 17, 2023<\/a><\/p><\/blockquote>\n<p style=\"text-align: justify;\"><script async src=\"https:\/\/platform.twitter.com\/widgets.js\" charset=\"utf-8\"><\/script><\/p>\n<p style=\"text-align: justify;\">Dans cette longue interview, <strong>Patrick<\/strong> <strong>Favre<\/strong> aura moins parl\u00e9 que son coll\u00e8gue. Mais le coach de tir des <strong>Bleus<\/strong> aura aussi mat\u00e9rialis\u00e9 la rupture qu&rsquo;il apparente \u00e0 un choc de g\u00e9n\u00e9rations. Le technicien italien s&rsquo;explique.<\/p>\n<blockquote>\n<p style=\"text-align: justify;\">La chose de diff\u00e9rente par rapport \u00e0 notre \u00e9poque, que je vois aussi dans la soci\u00e9t\u00e9 et que l&rsquo;on n&rsquo;arrive peut-\u00eatre pas \u00e0 g\u00e9rer, ce sont les r\u00e9seaux sociaux. Si tu ne connais pas les athl\u00e8tes, mais que tu vois les r\u00e9seaux de certains, ce sont d\u00e9j\u00e0 des stars, m\u00eame ceux qui n&rsquo;ont rien gagn\u00e9. Avant de faire la star sur les r\u00e9seaux, il faut le faire sur la piste et sur le pas de tir. Certains pensent \u00eatre des stars sans rien faire, et \u00e7a c&rsquo;est difficile \u00e0 coacher. C&rsquo;est une chose qui n&rsquo;existait pas \u00e0 notre \u00e9poque. On parlait apr\u00e8s avoir gagn\u00e9, maintenant ils parlent avant d&rsquo;avoir gagn\u00e9\u2026 Ce n&rsquo;est pas que les n\u00f4tres, mais il faut faire avec cela.<\/p>\n<\/blockquote>\n<p style=\"text-align: justify;\">L&rsquo;histoire entre les deux techniciens et les biathl\u00e8tes de l&rsquo;<strong>\u00e9quipe de France<\/strong> aura \u00e9t\u00e9 belle, avec de nombreux succ\u00e8s, de belles \u00e9motions et une fin en queue de poisson. Mais toutes les histoires ne peuvent pas bien se terminer. Et il faudra avant tout retenir que cette \u00e9quipe au complet aura souvent accompli de tr\u00e8s grandes choses. Apr\u00e8s deux derni\u00e8res courses, et des vacances bien m\u00e9rit\u00e9es, un nouveau cycle d\u00e9butera avec de nouveaux acteurs. Et <strong>Cyril<\/strong> <strong>Burdet<\/strong> a montr\u00e9 \u00e0 quel point cela pouvait avoir du bon, en apportant un nouvel \u00e9lan \u00e0 l&rsquo;\u00e9quipe f\u00e9minine.<\/p>\n<h2 style=\"text-align: justify;\">\u00c0 lire aussi<\/h2>\n<ul>\n<li style=\"text-align: justify;\"><a href=\"https:\/\/dicodusport.fr\/blog\/biathlon-finales-oslo-2023-programme-et-resultats\/\"><strong>Programme et r\u00e9sultats de la Coupe du monde d&rsquo;Oslo<\/strong><\/a><\/li>\n<\/ul>\n","protected":false},"excerpt":{"rendered":"<p>BIATHLON &#8211; L&rsquo;\u00e9quipe de France masculine a v\u00e9cu l&rsquo;une de ses pires saisons au 21\u00e8me si\u00e8cle et la rupture entre le staff et les athl\u00e8tes \u00e9tait in\u00e9vitable mais la mani\u00e8re interroge.<\/p>\n","protected":false},"author":1,"featured_media":366593,"comment_status":"open","ping_status":"closed","sticky":false,"template":"","format":"standard","meta":{"_acf_changed":false,"_daextam_enable_autolinks":"","footnotes":""},"categories":[47040],"tags":[2427,16878,199,3745,24],"class_list":["post-366547","post","type-post","status-publish","format-standard","has-post-thumbnail","hentry","category-coupe-du-monde-de-biathlon","tag-biathlon","tag-breve","tag-equipe-de-france","tag-quentin-fillon-maillet","tag-sport"],"acf":[],"yoast_head":"<!-- This site is optimized with the Yoast SEO Premium plugin v26.7 (Yoast SEO v26.7) - https:\/\/yoast.com\/wordpress\/plugins\/seo\/ -->\n<title>Biathlon : Rupture et r\u00e8glement de compte, \u00e9pilogue d&#039;une saison compliqu\u00e9e pour les Bleus<\/title>\n<meta name=\"description\" content=\"BIATHLON - L&#039;\u00e9quipe de France masculine a v\u00e9cu l&#039;une de ses pires saisons et la rupture entre le staff et les athl\u00e8tes \u00e9tait in\u00e9vitable.\" \/>\n<meta name=\"robots\" content=\"index, follow, max-snippet:-1, max-image-preview:large, max-video-preview:-1\" \/>\n<link rel=\"canonical\" href=\"https:\/\/dicodusport.fr\/blog\/biathlon-rupture-et-reglement-de-compte-epilogue-dune-saison-compliquee-pour-les-bleus\/\" \/>\n<meta property=\"og:locale\" content=\"fr_FR\" \/>\n<meta property=\"og:type\" content=\"article\" \/>\n<meta property=\"og:title\" content=\"Biathlon : Rupture et r\u00e8glement de compte, \u00e9pilogue d&#039;une saison compliqu\u00e9e pour les Bleus\" \/>\n<meta property=\"og:description\" content=\"BIATHLON - L&#039;\u00e9quipe de France masculine a v\u00e9cu l&#039;une de ses pires saisons et la rupture entre le staff et les athl\u00e8tes \u00e9tait in\u00e9vitable.\" \/>\n<meta property=\"og:url\" content=\"https:\/\/dicodusport.fr\/blog\/biathlon-rupture-et-reglement-de-compte-epilogue-dune-saison-compliquee-pour-les-bleus\/\" \/>\n<meta property=\"og:site_name\" content=\"Dicodusport\" \/>\n<meta property=\"article:publisher\" content=\"https:\/\/www.facebook.com\/dicodusport\" \/>\n<meta property=\"article:author\" content=\"https:\/\/www.facebook.com\/dicodusport\" \/>\n<meta property=\"article:published_time\" content=\"2023-03-18T06:45:37+00:00\" \/>\n<meta property=\"article:modified_time\" content=\"2023-03-18T07:24:41+00:00\" \/>\n<meta property=\"og:image\" content=\"https:\/\/dicodusport.fr\/blog\/wp-content\/uploads\/2023\/03\/Biathlon-Rupture-et-reglement-de-compte-epilogue-dune-saison-compliquee.png\" \/>\n\t<meta property=\"og:image:width\" content=\"800\" \/>\n\t<meta property=\"og:image:height\" content=\"445\" \/>\n\t<meta property=\"og:image:type\" content=\"image\/png\" \/>\n<meta name=\"author\" content=\"Nicolas Jacquemard\" \/>\n<meta name=\"twitter:card\" content=\"summary_large_image\" \/>\n<meta name=\"twitter:title\" content=\"Biathlon : Rupture et r\u00e8glement de compte, \u00e9pilogue d&#039;une saison compliqu\u00e9e pour les Bleus\" \/>\n<meta name=\"twitter:creator\" content=\"@https:\/\/twitter.com\/Nico_Jacquemard\" \/>\n<meta name=\"twitter:site\" content=\"@dicodusport\" \/>\n<script type=\"application\/ld+json\" class=\"yoast-schema-graph\">{\"@context\":\"https:\/\/schema.org\",\"@graph\":[{\"@type\":\"NewsArticle\",\"@id\":\"https:\/\/dicodusport.fr\/blog\/biathlon-rupture-et-reglement-de-compte-epilogue-dune-saison-compliquee-pour-les-bleus\/#article\",\"isPartOf\":{\"@id\":\"https:\/\/dicodusport.fr\/blog\/biathlon-rupture-et-reglement-de-compte-epilogue-dune-saison-compliquee-pour-les-bleus\/\"},\"author\":{\"name\":\"Nicolas Jacquemard\",\"@id\":\"https:\/\/dicodusport.fr\/blog\/#\/schema\/person\/55dcb50ad410894e431ed812bbb70191\"},\"headline\":\"Biathlon : Rupture et r\u00e8glement de compte, \u00e9pilogue d&rsquo;une saison compliqu\u00e9e pour les Bleus\",\"datePublished\":\"2023-03-18T06:45:37+00:00\",\"dateModified\":\"2023-03-18T07:24:41+00:00\",\"mainEntityOfPage\":{\"@id\":\"https:\/\/dicodusport.fr\/blog\/biathlon-rupture-et-reglement-de-compte-epilogue-dune-saison-compliquee-pour-les-bleus\/\"},\"wordCount\":1164,\"commentCount\":0,\"publisher\":{\"@id\":\"https:\/\/dicodusport.fr\/blog\/#organization\"},\"image\":{\"@id\":\"https:\/\/dicodusport.fr\/blog\/biathlon-rupture-et-reglement-de-compte-epilogue-dune-saison-compliquee-pour-les-bleus\/#primaryimage\"},\"thumbnailUrl\":\"https:\/\/dicodusport.fr\/blog\/wp-content\/uploads\/2023\/03\/Biathlon-Rupture-et-reglement-de-compte-epilogue-dune-saison-compliquee.png\",\"keywords\":[\"Biathlon\",\"br\u00e8ve\",\"\u00c9quipe de France\",\"Quentin Fillon Maillet\",\"sport\"],\"articleSection\":[\"Coupe du monde de biathlon\"],\"inLanguage\":\"fr-FR\",\"potentialAction\":[{\"@type\":\"CommentAction\",\"name\":\"Comment\",\"target\":[\"https:\/\/dicodusport.fr\/blog\/biathlon-rupture-et-reglement-de-compte-epilogue-dune-saison-compliquee-pour-les-bleus\/#respond\"]}],\"copyrightYear\":\"2023\",\"copyrightHolder\":{\"@id\":\"https:\/\/dicodusport.fr\/blog\/#organization\"}},{\"@type\":\"WebPage\",\"@id\":\"https:\/\/dicodusport.fr\/blog\/biathlon-rupture-et-reglement-de-compte-epilogue-dune-saison-compliquee-pour-les-bleus\/\",\"url\":\"https:\/\/dicodusport.fr\/blog\/biathlon-rupture-et-reglement-de-compte-epilogue-dune-saison-compliquee-pour-les-bleus\/\",\"name\":\"Biathlon : Rupture et r\u00e8glement de compte, \u00e9pilogue d'une saison compliqu\u00e9e pour les Bleus\",\"isPartOf\":{\"@id\":\"https:\/\/dicodusport.fr\/blog\/#website\"},\"primaryImageOfPage\":{\"@id\":\"https:\/\/dicodusport.fr\/blog\/biathlon-rupture-et-reglement-de-compte-epilogue-dune-saison-compliquee-pour-les-bleus\/#primaryimage\"},\"image\":{\"@id\":\"https:\/\/dicodusport.fr\/blog\/biathlon-rupture-et-reglement-de-compte-epilogue-dune-saison-compliquee-pour-les-bleus\/#primaryimage\"},\"thumbnailUrl\":\"https:\/\/dicodusport.fr\/blog\/wp-content\/uploads\/2023\/03\/Biathlon-Rupture-et-reglement-de-compte-epilogue-dune-saison-compliquee.png\",\"datePublished\":\"2023-03-18T06:45:37+00:00\",\"dateModified\":\"2023-03-18T07:24:41+00:00\",\"description\":\"BIATHLON - L'\u00e9quipe de France masculine a v\u00e9cu l'une de ses pires saisons et la rupture entre le staff et les athl\u00e8tes \u00e9tait in\u00e9vitable.\",\"breadcrumb\":{\"@id\":\"https:\/\/dicodusport.fr\/blog\/biathlon-rupture-et-reglement-de-compte-epilogue-dune-saison-compliquee-pour-les-bleus\/#breadcrumb\"},\"inLanguage\":\"fr-FR\",\"potentialAction\":[{\"@type\":\"ReadAction\",\"target\":[\"https:\/\/dicodusport.fr\/blog\/biathlon-rupture-et-reglement-de-compte-epilogue-dune-saison-compliquee-pour-les-bleus\/\"]}]},{\"@type\":\"ImageObject\",\"inLanguage\":\"fr-FR\",\"@id\":\"https:\/\/dicodusport.fr\/blog\/biathlon-rupture-et-reglement-de-compte-epilogue-dune-saison-compliquee-pour-les-bleus\/#primaryimage\",\"url\":\"https:\/\/dicodusport.fr\/blog\/wp-content\/uploads\/2023\/03\/Biathlon-Rupture-et-reglement-de-compte-epilogue-dune-saison-compliquee.png\",\"contentUrl\":\"https:\/\/dicodusport.fr\/blog\/wp-content\/uploads\/2023\/03\/Biathlon-Rupture-et-reglement-de-compte-epilogue-dune-saison-compliquee.png\",\"width\":800,\"height\":445},{\"@type\":\"BreadcrumbList\",\"@id\":\"https:\/\/dicodusport.fr\/blog\/biathlon-rupture-et-reglement-de-compte-epilogue-dune-saison-compliquee-pour-les-bleus\/#breadcrumb\",\"itemListElement\":[{\"@type\":\"ListItem\",\"position\":1,\"name\":\"Accueil\",\"item\":\"https:\/\/dicodusport.fr\/blog\/\"},{\"@type\":\"ListItem\",\"position\":2,\"name\":\"Biathlon : Rupture et r\u00e8glement de compte, \u00e9pilogue d&rsquo;une saison compliqu\u00e9e pour les Bleus\"}]},{\"@type\":\"WebSite\",\"@id\":\"https:\/\/dicodusport.fr\/blog\/#website\",\"url\":\"https:\/\/dicodusport.fr\/blog\/\",\"name\":\"Dicodusport\",\"description\":\"L&#039;encyclop\u00e9die de l&#039;actualit\u00e9 sportive\",\"publisher\":{\"@id\":\"https:\/\/dicodusport.fr\/blog\/#organization\"},\"potentialAction\":[{\"@type\":\"SearchAction\",\"target\":{\"@type\":\"EntryPoint\",\"urlTemplate\":\"https:\/\/dicodusport.fr\/blog\/?s={search_term_string}\"},\"query-input\":{\"@type\":\"PropertyValueSpecification\",\"valueRequired\":true,\"valueName\":\"search_term_string\"}}],\"inLanguage\":\"fr-FR\"},{\"@type\":\"NewsMediaOrganization\",\"@id\":\"https:\/\/dicodusport.fr\/blog\/#organization\",\"name\":\"Dicodusport\",\"url\":\"https:\/\/dicodusport.fr\/blog\/\",\"logo\":{\"@type\":\"ImageObject\",\"inLanguage\":\"fr-FR\",\"@id\":\"https:\/\/dicodusport.fr\/blog\/#\/schema\/logo\/image\/\",\"url\":\"https:\/\/dicodusport.fr\/blog\/wp-content\/uploads\/2020\/06\/cropped-LOGO-DICODUSPORT-2020-SANS-FOND-SANS-TEXTE.png\",\"contentUrl\":\"https:\/\/dicodusport.fr\/blog\/wp-content\/uploads\/2020\/06\/cropped-LOGO-DICODUSPORT-2020-SANS-FOND-SANS-TEXTE.png\",\"width\":512,\"height\":512,\"caption\":\"Dicodusport\"},\"image\":{\"@id\":\"https:\/\/dicodusport.fr\/blog\/#\/schema\/logo\/image\/\"},\"sameAs\":[\"https:\/\/www.facebook.com\/dicodusport\",\"https:\/\/x.com\/dicodusport\",\"https:\/\/www.instagram.com\/dicodusport\/\",\"https:\/\/www.youtube.com\/channel\/UC7V2KZ5sd3htJivAbA4ZG3w\"],\"description\":\"Dicodusport est l'encyclop\u00e9die de l'actualit\u00e9 sportive.\",\"email\":\"bonjour@dicodusport.fr\",\"legalName\":\"DICODUSPORT\",\"foundingDate\":\"2018-01-14\",\"vatID\":\"FR71834470973\",\"taxID\":\"83447097300043\",\"numberOfEmployees\":{\"@type\":\"QuantitativeValue\",\"minValue\":\"1\",\"maxValue\":\"10\"}},{\"@type\":\"Person\",\"@id\":\"https:\/\/dicodusport.fr\/blog\/#\/schema\/person\/55dcb50ad410894e431ed812bbb70191\",\"name\":\"Nicolas Jacquemard\",\"image\":{\"@type\":\"ImageObject\",\"inLanguage\":\"fr-FR\",\"@id\":\"https:\/\/dicodusport.fr\/blog\/#\/schema\/person\/image\/\",\"url\":\"https:\/\/dicodusport.fr\/blog\/wp-content\/uploads\/2021\/05\/Nicolas-Jacquemard-150x150.jpeg\",\"contentUrl\":\"https:\/\/dicodusport.fr\/blog\/wp-content\/uploads\/2021\/05\/Nicolas-Jacquemard-150x150.jpeg\",\"caption\":\"Nicolas Jacquemard\"},\"description\":\"Passionn\u00e9 de sport et entrepreneur depuis mes 18 ans, la cr\u00e9ation de Dicodusport m'a sembl\u00e9 \u00e9vidente pour participer \u00e0 la m\u00e9diatisation d'un plus grand nombre de sports. Le chemin est long mais avec une \u00e9quipe des plus motiv\u00e9es et les Jeux Olympiques de Paris 2024 en point de mire, nous y arriverons ! Journaliste dans le monde du sport depuis plus de 5 ans, je traite aussi bien de football, de rugby, de biathlon que de cyclisme.\",\"sameAs\":[\"https:\/\/www.facebook.com\/dicodusport\",\"https:\/\/x.com\/https:\/\/twitter.com\/Nico_Jacquemard\"],\"url\":\"https:\/\/dicodusport.fr\/blog\/author\/dicodusport\/\"}]}<\/script>\n<!-- \/ Yoast SEO Premium plugin. -->","yoast_head_json":{"title":"Biathlon : Rupture et r\u00e8glement de compte, \u00e9pilogue d'une saison compliqu\u00e9e pour les Bleus","description":"BIATHLON - L'\u00e9quipe de France masculine a v\u00e9cu l'une de ses pires saisons et la rupture entre le staff et les athl\u00e8tes \u00e9tait in\u00e9vitable.","robots":{"index":"index","follow":"follow","max-snippet":"max-snippet:-1","max-image-preview":"max-image-preview:large","max-video-preview":"max-video-preview:-1"},"canonical":"https:\/\/dicodusport.fr\/blog\/biathlon-rupture-et-reglement-de-compte-epilogue-dune-saison-compliquee-pour-les-bleus\/","og_locale":"fr_FR","og_type":"article","og_title":"Biathlon : Rupture et r\u00e8glement de compte, \u00e9pilogue d'une saison compliqu\u00e9e pour les Bleus","og_description":"BIATHLON - L'\u00e9quipe de France masculine a v\u00e9cu l'une de ses pires saisons et la rupture entre le staff et les athl\u00e8tes \u00e9tait in\u00e9vitable.","og_url":"https:\/\/dicodusport.fr\/blog\/biathlon-rupture-et-reglement-de-compte-epilogue-dune-saison-compliquee-pour-les-bleus\/","og_site_name":"Dicodusport","article_publisher":"https:\/\/www.facebook.com\/dicodusport","article_author":"https:\/\/www.facebook.com\/dicodusport","article_published_time":"2023-03-18T06:45:37+00:00","article_modified_time":"2023-03-18T07:24:41+00:00","og_image":[{"width":800,"height":445,"url":"https:\/\/dicodusport.fr\/blog\/wp-content\/uploads\/2023\/03\/Biathlon-Rupture-et-reglement-de-compte-epilogue-dune-saison-compliquee.png","type":"image\/png"}],"author":"Nicolas Jacquemard","twitter_card":"summary_large_image","twitter_title":"Biathlon : Rupture et r\u00e8glement de compte, \u00e9pilogue d'une saison compliqu\u00e9e pour les Bleus","twitter_creator":"@https:\/\/twitter.com\/Nico_Jacquemard","twitter_site":"@dicodusport","schema":{"@context":"https:\/\/schema.org","@graph":[{"@type":"NewsArticle","@id":"https:\/\/dicodusport.fr\/blog\/biathlon-rupture-et-reglement-de-compte-epilogue-dune-saison-compliquee-pour-les-bleus\/#article","isPartOf":{"@id":"https:\/\/dicodusport.fr\/blog\/biathlon-rupture-et-reglement-de-compte-epilogue-dune-saison-compliquee-pour-les-bleus\/"},"author":{"name":"Nicolas Jacquemard","@id":"https:\/\/dicodusport.fr\/blog\/#\/schema\/person\/55dcb50ad410894e431ed812bbb70191"},"headline":"Biathlon : Rupture et r\u00e8glement de compte, \u00e9pilogue d&rsquo;une saison compliqu\u00e9e pour les Bleus","datePublished":"2023-03-18T06:45:37+00:00","dateModified":"2023-03-18T07:24:41+00:00","mainEntityOfPage":{"@id":"https:\/\/dicodusport.fr\/blog\/biathlon-rupture-et-reglement-de-compte-epilogue-dune-saison-compliquee-pour-les-bleus\/"},"wordCount":1164,"commentCount":0,"publisher":{"@id":"https:\/\/dicodusport.fr\/blog\/#organization"},"image":{"@id":"https:\/\/dicodusport.fr\/blog\/biathlon-rupture-et-reglement-de-compte-epilogue-dune-saison-compliquee-pour-les-bleus\/#primaryimage"},"thumbnailUrl":"https:\/\/dicodusport.fr\/blog\/wp-content\/uploads\/2023\/03\/Biathlon-Rupture-et-reglement-de-compte-epilogue-dune-saison-compliquee.png","keywords":["Biathlon","br\u00e8ve","\u00c9quipe de France","Quentin Fillon Maillet","sport"],"articleSection":["Coupe du monde de biathlon"],"inLanguage":"fr-FR","potentialAction":[{"@type":"CommentAction","name":"Comment","target":["https:\/\/dicodusport.fr\/blog\/biathlon-rupture-et-reglement-de-compte-epilogue-dune-saison-compliquee-pour-les-bleus\/#respond"]}],"copyrightYear":"2023","copyrightHolder":{"@id":"https:\/\/dicodusport.fr\/blog\/#organization"}},{"@type":"WebPage","@id":"https:\/\/dicodusport.fr\/blog\/biathlon-rupture-et-reglement-de-compte-epilogue-dune-saison-compliquee-pour-les-bleus\/","url":"https:\/\/dicodusport.fr\/blog\/biathlon-rupture-et-reglement-de-compte-epilogue-dune-saison-compliquee-pour-les-bleus\/","name":"Biathlon : Rupture et r\u00e8glement de compte, \u00e9pilogue d'une saison compliqu\u00e9e pour les Bleus","isPartOf":{"@id":"https:\/\/dicodusport.fr\/blog\/#website"},"primaryImageOfPage":{"@id":"https:\/\/dicodusport.fr\/blog\/biathlon-rupture-et-reglement-de-compte-epilogue-dune-saison-compliquee-pour-les-bleus\/#primaryimage"},"image":{"@id":"https:\/\/dicodusport.fr\/blog\/biathlon-rupture-et-reglement-de-compte-epilogue-dune-saison-compliquee-pour-les-bleus\/#primaryimage"},"thumbnailUrl":"https:\/\/dicodusport.fr\/blog\/wp-content\/uploads\/2023\/03\/Biathlon-Rupture-et-reglement-de-compte-epilogue-dune-saison-compliquee.png","datePublished":"2023-03-18T06:45:37+00:00","dateModified":"2023-03-18T07:24:41+00:00","description":"BIATHLON - L'\u00e9quipe de France masculine a v\u00e9cu l'une de ses pires saisons et la rupture entre le staff et les athl\u00e8tes \u00e9tait in\u00e9vitable.","breadcrumb":{"@id":"https:\/\/dicodusport.fr\/blog\/biathlon-rupture-et-reglement-de-compte-epilogue-dune-saison-compliquee-pour-les-bleus\/#breadcrumb"},"inLanguage":"fr-FR","potentialAction":[{"@type":"ReadAction","target":["https:\/\/dicodusport.fr\/blog\/biathlon-rupture-et-reglement-de-compte-epilogue-dune-saison-compliquee-pour-les-bleus\/"]}]},{"@type":"ImageObject","inLanguage":"fr-FR","@id":"https:\/\/dicodusport.fr\/blog\/biathlon-rupture-et-reglement-de-compte-epilogue-dune-saison-compliquee-pour-les-bleus\/#primaryimage","url":"https:\/\/dicodusport.fr\/blog\/wp-content\/uploads\/2023\/03\/Biathlon-Rupture-et-reglement-de-compte-epilogue-dune-saison-compliquee.png","contentUrl":"https:\/\/dicodusport.fr\/blog\/wp-content\/uploads\/2023\/03\/Biathlon-Rupture-et-reglement-de-compte-epilogue-dune-saison-compliquee.png","width":800,"height":445},{"@type":"BreadcrumbList","@id":"https:\/\/dicodusport.fr\/blog\/biathlon-rupture-et-reglement-de-compte-epilogue-dune-saison-compliquee-pour-les-bleus\/#breadcrumb","itemListElement":[{"@type":"ListItem","position":1,"name":"Accueil","item":"https:\/\/dicodusport.fr\/blog\/"},{"@type":"ListItem","position":2,"name":"Biathlon : Rupture et r\u00e8glement de compte, \u00e9pilogue d&rsquo;une saison compliqu\u00e9e pour les Bleus"}]},{"@type":"WebSite","@id":"https:\/\/dicodusport.fr\/blog\/#website","url":"https:\/\/dicodusport.fr\/blog\/","name":"Dicodusport","description":"L&#039;encyclop\u00e9die de l&#039;actualit\u00e9 sportive","publisher":{"@id":"https:\/\/dicodusport.fr\/blog\/#organization"},"potentialAction":[{"@type":"SearchAction","target":{"@type":"EntryPoint","urlTemplate":"https:\/\/dicodusport.fr\/blog\/?s={search_term_string}"},"query-input":{"@type":"PropertyValueSpecification","valueRequired":true,"valueName":"search_term_string"}}],"inLanguage":"fr-FR"},{"@type":"NewsMediaOrganization","@id":"https:\/\/dicodusport.fr\/blog\/#organization","name":"Dicodusport","url":"https:\/\/dicodusport.fr\/blog\/","logo":{"@type":"ImageObject","inLanguage":"fr-FR","@id":"https:\/\/dicodusport.fr\/blog\/#\/schema\/logo\/image\/","url":"https:\/\/dicodusport.fr\/blog\/wp-content\/uploads\/2020\/06\/cropped-LOGO-DICODUSPORT-2020-SANS-FOND-SANS-TEXTE.png","contentUrl":"https:\/\/dicodusport.fr\/blog\/wp-content\/uploads\/2020\/06\/cropped-LOGO-DICODUSPORT-2020-SANS-FOND-SANS-TEXTE.png","width":512,"height":512,"caption":"Dicodusport"},"image":{"@id":"https:\/\/dicodusport.fr\/blog\/#\/schema\/logo\/image\/"},"sameAs":["https:\/\/www.facebook.com\/dicodusport","https:\/\/x.com\/dicodusport","https:\/\/www.instagram.com\/dicodusport\/","https:\/\/www.youtube.com\/channel\/UC7V2KZ5sd3htJivAbA4ZG3w"],"description":"Dicodusport est l'encyclop\u00e9die de l'actualit\u00e9 sportive.","email":"bonjour@dicodusport.fr","legalName":"DICODUSPORT","foundingDate":"2018-01-14","vatID":"FR71834470973","taxID":"83447097300043","numberOfEmployees":{"@type":"QuantitativeValue","minValue":"1","maxValue":"10"}},{"@type":"Person","@id":"https:\/\/dicodusport.fr\/blog\/#\/schema\/person\/55dcb50ad410894e431ed812bbb70191","name":"Nicolas Jacquemard","image":{"@type":"ImageObject","inLanguage":"fr-FR","@id":"https:\/\/dicodusport.fr\/blog\/#\/schema\/person\/image\/","url":"https:\/\/dicodusport.fr\/blog\/wp-content\/uploads\/2021\/05\/Nicolas-Jacquemard-150x150.jpeg","contentUrl":"https:\/\/dicodusport.fr\/blog\/wp-content\/uploads\/2021\/05\/Nicolas-Jacquemard-150x150.jpeg","caption":"Nicolas Jacquemard"},"description":"Passionn\u00e9 de sport et entrepreneur depuis mes 18 ans, la cr\u00e9ation de Dicodusport m'a sembl\u00e9 \u00e9vidente pour participer \u00e0 la m\u00e9diatisation d'un plus grand nombre de sports. Le chemin est long mais avec une \u00e9quipe des plus motiv\u00e9es et les Jeux Olympiques de Paris 2024 en point de mire, nous y arriverons ! Journaliste dans le monde du sport depuis plus de 5 ans, je traite aussi bien de football, de rugby, de biathlon que de cyclisme.","sameAs":["https:\/\/www.facebook.com\/dicodusport","https:\/\/x.com\/https:\/\/twitter.com\/Nico_Jacquemard"],"url":"https:\/\/dicodusport.fr\/blog\/author\/dicodusport\/"}]}},"_links":{"self":[{"href":"https:\/\/dicodusport.fr\/blog\/wp-json\/wp\/v2\/posts\/366547","targetHints":{"allow":["GET"]}}],"collection":[{"href":"https:\/\/dicodusport.fr\/blog\/wp-json\/wp\/v2\/posts"}],"about":[{"href":"https:\/\/dicodusport.fr\/blog\/wp-json\/wp\/v2\/types\/post"}],"author":[{"embeddable":true,"href":"https:\/\/dicodusport.fr\/blog\/wp-json\/wp\/v2\/users\/1"}],"replies":[{"embeddable":true,"href":"https:\/\/dicodusport.fr\/blog\/wp-json\/wp\/v2\/comments?post=366547"}],"version-history":[{"count":0,"href":"https:\/\/dicodusport.fr\/blog\/wp-json\/wp\/v2\/posts\/366547\/revisions"}],"wp:featuredmedia":[{"embeddable":true,"href":"https:\/\/dicodusport.fr\/blog\/wp-json\/wp\/v2\/media\/366593"}],"wp:attachment":[{"href":"https:\/\/dicodusport.fr\/blog\/wp-json\/wp\/v2\/media?parent=366547"}],"wp:term":[{"taxonomy":"category","embeddable":true,"href":"https:\/\/dicodusport.fr\/blog\/wp-json\/wp\/v2\/categories?post=366547"},{"taxonomy":"post_tag","embeddable":true,"href":"https:\/\/dicodusport.fr\/blog\/wp-json\/wp\/v2\/tags?post=366547"}],"curies":[{"name":"wp","href":"https:\/\/api.w.org\/{rel}","templated":true}]}}