{"id":366662,"date":"2023-03-18T09:30:04","date_gmt":"2023-03-18T08:30:04","guid":{"rendered":"https:\/\/dicodusport.fr\/blog\/?p=366662&#038;preview=true&#038;preview_id=366662"},"modified":"2023-03-18T11:09:24","modified_gmt":"2023-03-18T10:09:24","slug":"biathlon-emilien-jacquelin-mecontent-de-la-sortie-mediatique-de-vincent-vittoz","status":"publish","type":"post","link":"https:\/\/dicodusport.fr\/blog\/biathlon-emilien-jacquelin-mecontent-de-la-sortie-mediatique-de-vincent-vittoz\/","title":{"rendered":"Biathlon : \u00c9milien Jacquelin m\u00e9content de la sortie m\u00e9diatique de Vincent Vittoz"},"content":{"rendered":"<p style=\"text-align: justify;\" align=\"justify\"><em><b>BIATHLON &#8211; \u00c9milien Jacquelin n&rsquo;a pas appr\u00e9ci\u00e9 la sortie m\u00e9diatique de Vincent Vittoz et l&rsquo;a fait savoir ce samedi matin sur ses r\u00e9seaux sociaux.\u00a0<\/b><\/em><\/p>\n<p style=\"text-align: justify;\" align=\"justify\">Au moment d&rsquo;annoncer qu&rsquo;avec <a href=\"https:\/\/dicodusport.fr\/blog\/equipe-de-france-de-biathlon-vincent-vittoz-et-patrick-favre-sen-vont\/\" target=\"_blank\" rel=\"noopener\"><strong>Patrick<\/strong> <strong>Favre,<\/strong> ils quittaient leur poste d&rsquo;entraineur de l&rsquo;\u00e9quipe de France<\/a>, <strong>Vincent<\/strong> <strong>Vittoz<\/strong> s&rsquo;est longuement \u00e9panch\u00e9 pour nos confr\u00e8res pr\u00e9sents \u00e0 Oslo. Pour justifier les mauvais r\u00e9sultats, il a notamment \u00e9voqu\u00e9 la sant\u00e9 d&rsquo;<strong>\u00c9milien Jacquelin.<\/strong><\/p>\n<blockquote>\n<p align=\"justify\">Pour Emilien Jacquelin, un athl\u00e8te d\u00e9pressif depuis un an et demi que l\u2019on a accompagn\u00e9, guid\u00e9 et fait tout ce qui \u00e9tait possible. On a tout donn\u00e9, on n\u2019a pas de regrets. On a peut-\u00eatre m\u00eame trop donn\u00e9 d\u2019\u00e9nergie \u00e0 certains moments et trop cherch\u00e9 \u00e0 essayer de le ramener dans le droit chemin. Mais on parle de maladie, c\u2019\u00e9tait une d\u00e9pression et on n&rsquo;avait peut-\u00eatre pas les bonnes r\u00e9ponses non plus.<\/p>\n<\/blockquote>\n<h2 align=\"justify\">Le secret m\u00e9dical pas respect\u00e9<\/h2>\n<p style=\"text-align: justify;\" align=\"justify\">La <a href=\"https:\/\/dicodusport.fr\/blog\/biathlon-rupture-et-reglement-de-compte-epilogue-dune-saison-compliquee-pour-les-bleus\/\" target=\"_blank\" rel=\"noopener\">forme et le fond de cette sortie m\u00e9diatique de l&rsquo;ancien fondeur fran\u00e7ais posent question<\/a>. <strong>Vincent<\/strong> <strong>Vittoz<\/strong> a probablement eu du mal \u00e0 faire avec la d\u00e9cision prise et les derniers mois, avec des r\u00e9sultats moyens. L&rsquo;ancien fondeur a ressenti le besoin de parler. Mais comme le rappelle <strong>\u00c9milien<\/strong> <strong>Jacquelin<\/strong>, certaines choses sont soumises au secret m\u00e9dical, et l&rsquo;\u00e9taler dans la presse n&rsquo;est une bonne solution pour personne. Le double champion du monde de la poursuite s&rsquo;est expliqu\u00e9 sur ses r\u00e9seaux sociaux.<\/p>\n<blockquote>\n<p align=\"justify\">Affirmer que quelqu\u2019un est d\u00e9pressif ou malade, est du ressort d\u2019un m\u00e9decin. L\u2019annoncer publiquement sans l\u2019accord de la personne trahit le secret m\u00e9dical. La d\u00e9pression est un sujet important, difficile, s\u2019en servir pour expliquer un manque de performance est maladroit. Ce sujet touche des hommes et de femmes avant de parler d\u2019athl\u00e8tes ou de niveau de tir. Et ce n\u2019est pas rendre service \u00e0 celles et ceux qui en souffrent que de pointer du doigt et faire des amalgames sur un athl\u00e8te en d\u00e9faillance. C\u2019est probablement une maladresse due \u00e0 trop d\u2019\u00e9motions mais le sujet est trop important pour ne pas en parler. Impatient de retrouver le groupe.<\/p>\n<\/blockquote>\n<p style=\"text-align: justify;\" align=\"justify\">C&rsquo;est donc avec un nouvel encadrement qu&rsquo;<strong>\u00c9milien Jacquelin<\/strong> retrouvera le groupe France l&rsquo;\u00e9t\u00e9 prochain. Mais a priori avec les m\u00eames biathl\u00e8tes, puisqu&rsquo;aucun d&rsquo;entre eux n&rsquo;a annonc\u00e9 mettre un terme \u00e0 sa carri\u00e8re.<\/p>\n<blockquote class=\"twitter-tweet\">\n<p dir=\"ltr\" lang=\"fr\">1\/3 Affirmer que quelqu\u2019un est d\u00e9pressif ou malade, est du ressort d\u2019un m\u00e9decin. L\u2019annoncer publiquement sans l\u2019accord de la personne trahit le secret m\u00e9dical. La d\u00e9pression est un sujet important, difficile, s\u2019en servir pour expliquer un manque de performance est maladroit.<\/p>\n<p>\u2014 Emilien Jacquelin (@EmilienJck) <a href=\"https:\/\/twitter.com\/EmilienJck\/status\/1637002980019806210?ref_src=twsrc%5Etfw\">March 18, 2023<\/a><\/p><\/blockquote>\n<p style=\"text-align: justify;\"><script async src=\"https:\/\/platform.twitter.com\/widgets.js\" charset=\"utf-8\"><\/script><\/p>\n","protected":false},"excerpt":{"rendered":"<p>BIATHLON &#8211; \u00c9milien Jacquelin n&rsquo;a pas appr\u00e9cie la sortie m\u00e9diatique de Vincent Vittoz et l&rsquo;a fait savoir ce samedi matin sur ses r\u00e9seaux sociaux.\u00a0<\/p>\n","protected":false},"author":1,"featured_media":346771,"comment_status":"open","ping_status":"closed","sticky":false,"template":"","format":"standard","meta":{"_acf_changed":false,"_daextam_enable_autolinks":"","footnotes":""},"categories":[47040],"tags":[16878,2692,2693],"class_list":["post-366662","post","type-post","status-publish","format-standard","has-post-thumbnail","hentry","category-coupe-du-monde-de-biathlon","tag-breve","tag-emilien-jacquelin","tag-jacquelin"],"acf":[],"yoast_head":"<!-- This site is optimized with the Yoast SEO Premium plugin v26.7 (Yoast SEO v26.7) - https:\/\/yoast.com\/wordpress\/plugins\/seo\/ -->\n<title>Biathlon : \u00c9milien Jacquelin m\u00e9content de la sortie m\u00e9diatique de Vincent Vittoz<\/title>\n<meta name=\"description\" content=\"BIATHLON - \u00c9milien Jacquelin n&#039;a pas appr\u00e9cie la sortie m\u00e9diatique de Vincent Vittoz et l&#039;a fait savoir ce samedi matin sur ses r\u00e9seaux sociaux.\u00a0\" \/>\n<meta name=\"robots\" content=\"index, follow, max-snippet:-1, max-image-preview:large, max-video-preview:-1\" \/>\n<link rel=\"canonical\" href=\"https:\/\/dicodusport.fr\/blog\/biathlon-emilien-jacquelin-mecontent-de-la-sortie-mediatique-de-vincent-vittoz\/\" \/>\n<meta property=\"og:locale\" content=\"fr_FR\" \/>\n<meta property=\"og:type\" content=\"article\" \/>\n<meta property=\"og:title\" content=\"Biathlon : \u00c9milien Jacquelin m\u00e9content de la sortie m\u00e9diatique de Vincent Vittoz\" \/>\n<meta property=\"og:description\" content=\"BIATHLON - \u00c9milien Jacquelin n&#039;a pas appr\u00e9cie la sortie m\u00e9diatique de Vincent Vittoz et l&#039;a fait savoir ce samedi matin sur ses r\u00e9seaux sociaux.\u00a0\" \/>\n<meta property=\"og:url\" content=\"https:\/\/dicodusport.fr\/blog\/biathlon-emilien-jacquelin-mecontent-de-la-sortie-mediatique-de-vincent-vittoz\/\" \/>\n<meta property=\"og:site_name\" content=\"Dicodusport\" \/>\n<meta property=\"article:publisher\" content=\"https:\/\/www.facebook.com\/dicodusport\" \/>\n<meta property=\"article:author\" content=\"https:\/\/www.facebook.com\/dicodusport\" \/>\n<meta property=\"article:published_time\" content=\"2023-03-18T08:30:04+00:00\" \/>\n<meta property=\"article:modified_time\" content=\"2023-03-18T10:09:24+00:00\" \/>\n<meta property=\"og:image\" content=\"https:\/\/dicodusport.fr\/blog\/wp-content\/uploads\/2023\/01\/Biathlon-Antholz-2023-Pronostic-Poursuite-hommes-Emilien-Jacquelin.png\" \/>\n\t<meta property=\"og:image:width\" content=\"800\" \/>\n\t<meta property=\"og:image:height\" content=\"445\" \/>\n\t<meta property=\"og:image:type\" content=\"image\/png\" \/>\n<meta name=\"author\" content=\"Nicolas Jacquemard\" \/>\n<meta name=\"twitter:card\" content=\"summary_large_image\" \/>\n<meta name=\"twitter:title\" content=\"Biathlon : \u00c9milien Jacquelin m\u00e9content de la sortie m\u00e9diatique de Vincent Vittoz\" \/>\n<meta name=\"twitter:creator\" content=\"@https:\/\/twitter.com\/Nico_Jacquemard\" \/>\n<meta name=\"twitter:site\" content=\"@dicodusport\" \/>\n<script type=\"application\/ld+json\" class=\"yoast-schema-graph\">{\"@context\":\"https:\/\/schema.org\",\"@graph\":[{\"@type\":\"NewsArticle\",\"@id\":\"https:\/\/dicodusport.fr\/blog\/biathlon-emilien-jacquelin-mecontent-de-la-sortie-mediatique-de-vincent-vittoz\/#article\",\"isPartOf\":{\"@id\":\"https:\/\/dicodusport.fr\/blog\/biathlon-emilien-jacquelin-mecontent-de-la-sortie-mediatique-de-vincent-vittoz\/\"},\"author\":{\"name\":\"Nicolas Jacquemard\",\"@id\":\"https:\/\/dicodusport.fr\/blog\/#\/schema\/person\/55dcb50ad410894e431ed812bbb70191\"},\"headline\":\"Biathlon : \u00c9milien Jacquelin m\u00e9content de la sortie m\u00e9diatique de Vincent Vittoz\",\"datePublished\":\"2023-03-18T08:30:04+00:00\",\"dateModified\":\"2023-03-18T10:09:24+00:00\",\"mainEntityOfPage\":{\"@id\":\"https:\/\/dicodusport.fr\/blog\/biathlon-emilien-jacquelin-mecontent-de-la-sortie-mediatique-de-vincent-vittoz\/\"},\"wordCount\":484,\"commentCount\":2,\"publisher\":{\"@id\":\"https:\/\/dicodusport.fr\/blog\/#organization\"},\"image\":{\"@id\":\"https:\/\/dicodusport.fr\/blog\/biathlon-emilien-jacquelin-mecontent-de-la-sortie-mediatique-de-vincent-vittoz\/#primaryimage\"},\"thumbnailUrl\":\"https:\/\/dicodusport.fr\/blog\/wp-content\/uploads\/2023\/01\/Biathlon-Antholz-2023-Pronostic-Poursuite-hommes-Emilien-Jacquelin.png\",\"keywords\":[\"br\u00e8ve\",\"Emilien Jacquelin\",\"Jacquelin\"],\"articleSection\":[\"Coupe du monde de biathlon\"],\"inLanguage\":\"fr-FR\",\"potentialAction\":[{\"@type\":\"CommentAction\",\"name\":\"Comment\",\"target\":[\"https:\/\/dicodusport.fr\/blog\/biathlon-emilien-jacquelin-mecontent-de-la-sortie-mediatique-de-vincent-vittoz\/#respond\"]}],\"copyrightYear\":\"2023\",\"copyrightHolder\":{\"@id\":\"https:\/\/dicodusport.fr\/blog\/#organization\"}},{\"@type\":\"WebPage\",\"@id\":\"https:\/\/dicodusport.fr\/blog\/biathlon-emilien-jacquelin-mecontent-de-la-sortie-mediatique-de-vincent-vittoz\/\",\"url\":\"https:\/\/dicodusport.fr\/blog\/biathlon-emilien-jacquelin-mecontent-de-la-sortie-mediatique-de-vincent-vittoz\/\",\"name\":\"Biathlon : \u00c9milien Jacquelin m\u00e9content de la sortie m\u00e9diatique de Vincent Vittoz\",\"isPartOf\":{\"@id\":\"https:\/\/dicodusport.fr\/blog\/#website\"},\"primaryImageOfPage\":{\"@id\":\"https:\/\/dicodusport.fr\/blog\/biathlon-emilien-jacquelin-mecontent-de-la-sortie-mediatique-de-vincent-vittoz\/#primaryimage\"},\"image\":{\"@id\":\"https:\/\/dicodusport.fr\/blog\/biathlon-emilien-jacquelin-mecontent-de-la-sortie-mediatique-de-vincent-vittoz\/#primaryimage\"},\"thumbnailUrl\":\"https:\/\/dicodusport.fr\/blog\/wp-content\/uploads\/2023\/01\/Biathlon-Antholz-2023-Pronostic-Poursuite-hommes-Emilien-Jacquelin.png\",\"datePublished\":\"2023-03-18T08:30:04+00:00\",\"dateModified\":\"2023-03-18T10:09:24+00:00\",\"description\":\"BIATHLON - \u00c9milien Jacquelin n'a pas appr\u00e9cie la sortie m\u00e9diatique de Vincent Vittoz et l'a fait savoir ce samedi matin sur ses r\u00e9seaux sociaux.\u00a0\",\"breadcrumb\":{\"@id\":\"https:\/\/dicodusport.fr\/blog\/biathlon-emilien-jacquelin-mecontent-de-la-sortie-mediatique-de-vincent-vittoz\/#breadcrumb\"},\"inLanguage\":\"fr-FR\",\"potentialAction\":[{\"@type\":\"ReadAction\",\"target\":[\"https:\/\/dicodusport.fr\/blog\/biathlon-emilien-jacquelin-mecontent-de-la-sortie-mediatique-de-vincent-vittoz\/\"]}]},{\"@type\":\"ImageObject\",\"inLanguage\":\"fr-FR\",\"@id\":\"https:\/\/dicodusport.fr\/blog\/biathlon-emilien-jacquelin-mecontent-de-la-sortie-mediatique-de-vincent-vittoz\/#primaryimage\",\"url\":\"https:\/\/dicodusport.fr\/blog\/wp-content\/uploads\/2023\/01\/Biathlon-Antholz-2023-Pronostic-Poursuite-hommes-Emilien-Jacquelin.png\",\"contentUrl\":\"https:\/\/dicodusport.fr\/blog\/wp-content\/uploads\/2023\/01\/Biathlon-Antholz-2023-Pronostic-Poursuite-hommes-Emilien-Jacquelin.png\",\"width\":800,\"height\":445},{\"@type\":\"BreadcrumbList\",\"@id\":\"https:\/\/dicodusport.fr\/blog\/biathlon-emilien-jacquelin-mecontent-de-la-sortie-mediatique-de-vincent-vittoz\/#breadcrumb\",\"itemListElement\":[{\"@type\":\"ListItem\",\"position\":1,\"name\":\"Accueil\",\"item\":\"https:\/\/dicodusport.fr\/blog\/\"},{\"@type\":\"ListItem\",\"position\":2,\"name\":\"Biathlon : \u00c9milien Jacquelin m\u00e9content de la sortie m\u00e9diatique de Vincent Vittoz\"}]},{\"@type\":\"WebSite\",\"@id\":\"https:\/\/dicodusport.fr\/blog\/#website\",\"url\":\"https:\/\/dicodusport.fr\/blog\/\",\"name\":\"Dicodusport\",\"description\":\"L&#039;encyclop\u00e9die de l&#039;actualit\u00e9 sportive\",\"publisher\":{\"@id\":\"https:\/\/dicodusport.fr\/blog\/#organization\"},\"potentialAction\":[{\"@type\":\"SearchAction\",\"target\":{\"@type\":\"EntryPoint\",\"urlTemplate\":\"https:\/\/dicodusport.fr\/blog\/?s={search_term_string}\"},\"query-input\":{\"@type\":\"PropertyValueSpecification\",\"valueRequired\":true,\"valueName\":\"search_term_string\"}}],\"inLanguage\":\"fr-FR\"},{\"@type\":\"NewsMediaOrganization\",\"@id\":\"https:\/\/dicodusport.fr\/blog\/#organization\",\"name\":\"Dicodusport\",\"url\":\"https:\/\/dicodusport.fr\/blog\/\",\"logo\":{\"@type\":\"ImageObject\",\"inLanguage\":\"fr-FR\",\"@id\":\"https:\/\/dicodusport.fr\/blog\/#\/schema\/logo\/image\/\",\"url\":\"https:\/\/dicodusport.fr\/blog\/wp-content\/uploads\/2020\/06\/cropped-LOGO-DICODUSPORT-2020-SANS-FOND-SANS-TEXTE.png\",\"contentUrl\":\"https:\/\/dicodusport.fr\/blog\/wp-content\/uploads\/2020\/06\/cropped-LOGO-DICODUSPORT-2020-SANS-FOND-SANS-TEXTE.png\",\"width\":512,\"height\":512,\"caption\":\"Dicodusport\"},\"image\":{\"@id\":\"https:\/\/dicodusport.fr\/blog\/#\/schema\/logo\/image\/\"},\"sameAs\":[\"https:\/\/www.facebook.com\/dicodusport\",\"https:\/\/x.com\/dicodusport\",\"https:\/\/www.instagram.com\/dicodusport\/\",\"https:\/\/www.youtube.com\/channel\/UC7V2KZ5sd3htJivAbA4ZG3w\"],\"description\":\"Dicodusport est l'encyclop\u00e9die de l'actualit\u00e9 sportive.\",\"email\":\"bonjour@dicodusport.fr\",\"legalName\":\"DICODUSPORT\",\"foundingDate\":\"2018-01-14\",\"vatID\":\"FR71834470973\",\"taxID\":\"83447097300043\",\"numberOfEmployees\":{\"@type\":\"QuantitativeValue\",\"minValue\":\"1\",\"maxValue\":\"10\"}},{\"@type\":\"Person\",\"@id\":\"https:\/\/dicodusport.fr\/blog\/#\/schema\/person\/55dcb50ad410894e431ed812bbb70191\",\"name\":\"Nicolas Jacquemard\",\"image\":{\"@type\":\"ImageObject\",\"inLanguage\":\"fr-FR\",\"@id\":\"https:\/\/dicodusport.fr\/blog\/#\/schema\/person\/image\/\",\"url\":\"https:\/\/dicodusport.fr\/blog\/wp-content\/uploads\/2021\/05\/Nicolas-Jacquemard-150x150.jpeg\",\"contentUrl\":\"https:\/\/dicodusport.fr\/blog\/wp-content\/uploads\/2021\/05\/Nicolas-Jacquemard-150x150.jpeg\",\"caption\":\"Nicolas Jacquemard\"},\"description\":\"Passionn\u00e9 de sport et entrepreneur depuis mes 18 ans, la cr\u00e9ation de Dicodusport m'a sembl\u00e9 \u00e9vidente pour participer \u00e0 la m\u00e9diatisation d'un plus grand nombre de sports. Le chemin est long mais avec une \u00e9quipe des plus motiv\u00e9es et les Jeux Olympiques de Paris 2024 en point de mire, nous y arriverons ! Journaliste dans le monde du sport depuis plus de 5 ans, je traite aussi bien de football, de rugby, de biathlon que de cyclisme.\",\"sameAs\":[\"https:\/\/www.facebook.com\/dicodusport\",\"https:\/\/x.com\/https:\/\/twitter.com\/Nico_Jacquemard\"],\"url\":\"https:\/\/dicodusport.fr\/blog\/author\/dicodusport\/\"}]}<\/script>\n<!-- \/ Yoast SEO Premium plugin. -->","yoast_head_json":{"title":"Biathlon : \u00c9milien Jacquelin m\u00e9content de la sortie m\u00e9diatique de Vincent Vittoz","description":"BIATHLON - \u00c9milien Jacquelin n'a pas appr\u00e9cie la sortie m\u00e9diatique de Vincent Vittoz et l'a fait savoir ce samedi matin sur ses r\u00e9seaux sociaux.\u00a0","robots":{"index":"index","follow":"follow","max-snippet":"max-snippet:-1","max-image-preview":"max-image-preview:large","max-video-preview":"max-video-preview:-1"},"canonical":"https:\/\/dicodusport.fr\/blog\/biathlon-emilien-jacquelin-mecontent-de-la-sortie-mediatique-de-vincent-vittoz\/","og_locale":"fr_FR","og_type":"article","og_title":"Biathlon : \u00c9milien Jacquelin m\u00e9content de la sortie m\u00e9diatique de Vincent Vittoz","og_description":"BIATHLON - \u00c9milien Jacquelin n'a pas appr\u00e9cie la sortie m\u00e9diatique de Vincent Vittoz et l'a fait savoir ce samedi matin sur ses r\u00e9seaux sociaux.\u00a0","og_url":"https:\/\/dicodusport.fr\/blog\/biathlon-emilien-jacquelin-mecontent-de-la-sortie-mediatique-de-vincent-vittoz\/","og_site_name":"Dicodusport","article_publisher":"https:\/\/www.facebook.com\/dicodusport","article_author":"https:\/\/www.facebook.com\/dicodusport","article_published_time":"2023-03-18T08:30:04+00:00","article_modified_time":"2023-03-18T10:09:24+00:00","og_image":[{"width":800,"height":445,"url":"https:\/\/dicodusport.fr\/blog\/wp-content\/uploads\/2023\/01\/Biathlon-Antholz-2023-Pronostic-Poursuite-hommes-Emilien-Jacquelin.png","type":"image\/png"}],"author":"Nicolas Jacquemard","twitter_card":"summary_large_image","twitter_title":"Biathlon : \u00c9milien Jacquelin m\u00e9content de la sortie m\u00e9diatique de Vincent Vittoz","twitter_creator":"@https:\/\/twitter.com\/Nico_Jacquemard","twitter_site":"@dicodusport","schema":{"@context":"https:\/\/schema.org","@graph":[{"@type":"NewsArticle","@id":"https:\/\/dicodusport.fr\/blog\/biathlon-emilien-jacquelin-mecontent-de-la-sortie-mediatique-de-vincent-vittoz\/#article","isPartOf":{"@id":"https:\/\/dicodusport.fr\/blog\/biathlon-emilien-jacquelin-mecontent-de-la-sortie-mediatique-de-vincent-vittoz\/"},"author":{"name":"Nicolas Jacquemard","@id":"https:\/\/dicodusport.fr\/blog\/#\/schema\/person\/55dcb50ad410894e431ed812bbb70191"},"headline":"Biathlon : \u00c9milien Jacquelin m\u00e9content de la sortie m\u00e9diatique de Vincent Vittoz","datePublished":"2023-03-18T08:30:04+00:00","dateModified":"2023-03-18T10:09:24+00:00","mainEntityOfPage":{"@id":"https:\/\/dicodusport.fr\/blog\/biathlon-emilien-jacquelin-mecontent-de-la-sortie-mediatique-de-vincent-vittoz\/"},"wordCount":484,"commentCount":2,"publisher":{"@id":"https:\/\/dicodusport.fr\/blog\/#organization"},"image":{"@id":"https:\/\/dicodusport.fr\/blog\/biathlon-emilien-jacquelin-mecontent-de-la-sortie-mediatique-de-vincent-vittoz\/#primaryimage"},"thumbnailUrl":"https:\/\/dicodusport.fr\/blog\/wp-content\/uploads\/2023\/01\/Biathlon-Antholz-2023-Pronostic-Poursuite-hommes-Emilien-Jacquelin.png","keywords":["br\u00e8ve","Emilien Jacquelin","Jacquelin"],"articleSection":["Coupe du monde de biathlon"],"inLanguage":"fr-FR","potentialAction":[{"@type":"CommentAction","name":"Comment","target":["https:\/\/dicodusport.fr\/blog\/biathlon-emilien-jacquelin-mecontent-de-la-sortie-mediatique-de-vincent-vittoz\/#respond"]}],"copyrightYear":"2023","copyrightHolder":{"@id":"https:\/\/dicodusport.fr\/blog\/#organization"}},{"@type":"WebPage","@id":"https:\/\/dicodusport.fr\/blog\/biathlon-emilien-jacquelin-mecontent-de-la-sortie-mediatique-de-vincent-vittoz\/","url":"https:\/\/dicodusport.fr\/blog\/biathlon-emilien-jacquelin-mecontent-de-la-sortie-mediatique-de-vincent-vittoz\/","name":"Biathlon : \u00c9milien Jacquelin m\u00e9content de la sortie m\u00e9diatique de Vincent Vittoz","isPartOf":{"@id":"https:\/\/dicodusport.fr\/blog\/#website"},"primaryImageOfPage":{"@id":"https:\/\/dicodusport.fr\/blog\/biathlon-emilien-jacquelin-mecontent-de-la-sortie-mediatique-de-vincent-vittoz\/#primaryimage"},"image":{"@id":"https:\/\/dicodusport.fr\/blog\/biathlon-emilien-jacquelin-mecontent-de-la-sortie-mediatique-de-vincent-vittoz\/#primaryimage"},"thumbnailUrl":"https:\/\/dicodusport.fr\/blog\/wp-content\/uploads\/2023\/01\/Biathlon-Antholz-2023-Pronostic-Poursuite-hommes-Emilien-Jacquelin.png","datePublished":"2023-03-18T08:30:04+00:00","dateModified":"2023-03-18T10:09:24+00:00","description":"BIATHLON - \u00c9milien Jacquelin n'a pas appr\u00e9cie la sortie m\u00e9diatique de Vincent Vittoz et l'a fait savoir ce samedi matin sur ses r\u00e9seaux sociaux.\u00a0","breadcrumb":{"@id":"https:\/\/dicodusport.fr\/blog\/biathlon-emilien-jacquelin-mecontent-de-la-sortie-mediatique-de-vincent-vittoz\/#breadcrumb"},"inLanguage":"fr-FR","potentialAction":[{"@type":"ReadAction","target":["https:\/\/dicodusport.fr\/blog\/biathlon-emilien-jacquelin-mecontent-de-la-sortie-mediatique-de-vincent-vittoz\/"]}]},{"@type":"ImageObject","inLanguage":"fr-FR","@id":"https:\/\/dicodusport.fr\/blog\/biathlon-emilien-jacquelin-mecontent-de-la-sortie-mediatique-de-vincent-vittoz\/#primaryimage","url":"https:\/\/dicodusport.fr\/blog\/wp-content\/uploads\/2023\/01\/Biathlon-Antholz-2023-Pronostic-Poursuite-hommes-Emilien-Jacquelin.png","contentUrl":"https:\/\/dicodusport.fr\/blog\/wp-content\/uploads\/2023\/01\/Biathlon-Antholz-2023-Pronostic-Poursuite-hommes-Emilien-Jacquelin.png","width":800,"height":445},{"@type":"BreadcrumbList","@id":"https:\/\/dicodusport.fr\/blog\/biathlon-emilien-jacquelin-mecontent-de-la-sortie-mediatique-de-vincent-vittoz\/#breadcrumb","itemListElement":[{"@type":"ListItem","position":1,"name":"Accueil","item":"https:\/\/dicodusport.fr\/blog\/"},{"@type":"ListItem","position":2,"name":"Biathlon : \u00c9milien Jacquelin m\u00e9content de la sortie m\u00e9diatique de Vincent Vittoz"}]},{"@type":"WebSite","@id":"https:\/\/dicodusport.fr\/blog\/#website","url":"https:\/\/dicodusport.fr\/blog\/","name":"Dicodusport","description":"L&#039;encyclop\u00e9die de l&#039;actualit\u00e9 sportive","publisher":{"@id":"https:\/\/dicodusport.fr\/blog\/#organization"},"potentialAction":[{"@type":"SearchAction","target":{"@type":"EntryPoint","urlTemplate":"https:\/\/dicodusport.fr\/blog\/?s={search_term_string}"},"query-input":{"@type":"PropertyValueSpecification","valueRequired":true,"valueName":"search_term_string"}}],"inLanguage":"fr-FR"},{"@type":"NewsMediaOrganization","@id":"https:\/\/dicodusport.fr\/blog\/#organization","name":"Dicodusport","url":"https:\/\/dicodusport.fr\/blog\/","logo":{"@type":"ImageObject","inLanguage":"fr-FR","@id":"https:\/\/dicodusport.fr\/blog\/#\/schema\/logo\/image\/","url":"https:\/\/dicodusport.fr\/blog\/wp-content\/uploads\/2020\/06\/cropped-LOGO-DICODUSPORT-2020-SANS-FOND-SANS-TEXTE.png","contentUrl":"https:\/\/dicodusport.fr\/blog\/wp-content\/uploads\/2020\/06\/cropped-LOGO-DICODUSPORT-2020-SANS-FOND-SANS-TEXTE.png","width":512,"height":512,"caption":"Dicodusport"},"image":{"@id":"https:\/\/dicodusport.fr\/blog\/#\/schema\/logo\/image\/"},"sameAs":["https:\/\/www.facebook.com\/dicodusport","https:\/\/x.com\/dicodusport","https:\/\/www.instagram.com\/dicodusport\/","https:\/\/www.youtube.com\/channel\/UC7V2KZ5sd3htJivAbA4ZG3w"],"description":"Dicodusport est l'encyclop\u00e9die de l'actualit\u00e9 sportive.","email":"bonjour@dicodusport.fr","legalName":"DICODUSPORT","foundingDate":"2018-01-14","vatID":"FR71834470973","taxID":"83447097300043","numberOfEmployees":{"@type":"QuantitativeValue","minValue":"1","maxValue":"10"}},{"@type":"Person","@id":"https:\/\/dicodusport.fr\/blog\/#\/schema\/person\/55dcb50ad410894e431ed812bbb70191","name":"Nicolas Jacquemard","image":{"@type":"ImageObject","inLanguage":"fr-FR","@id":"https:\/\/dicodusport.fr\/blog\/#\/schema\/person\/image\/","url":"https:\/\/dicodusport.fr\/blog\/wp-content\/uploads\/2021\/05\/Nicolas-Jacquemard-150x150.jpeg","contentUrl":"https:\/\/dicodusport.fr\/blog\/wp-content\/uploads\/2021\/05\/Nicolas-Jacquemard-150x150.jpeg","caption":"Nicolas Jacquemard"},"description":"Passionn\u00e9 de sport et entrepreneur depuis mes 18 ans, la cr\u00e9ation de Dicodusport m'a sembl\u00e9 \u00e9vidente pour participer \u00e0 la m\u00e9diatisation d'un plus grand nombre de sports. Le chemin est long mais avec une \u00e9quipe des plus motiv\u00e9es et les Jeux Olympiques de Paris 2024 en point de mire, nous y arriverons ! Journaliste dans le monde du sport depuis plus de 5 ans, je traite aussi bien de football, de rugby, de biathlon que de cyclisme.","sameAs":["https:\/\/www.facebook.com\/dicodusport","https:\/\/x.com\/https:\/\/twitter.com\/Nico_Jacquemard"],"url":"https:\/\/dicodusport.fr\/blog\/author\/dicodusport\/"}]}},"_links":{"self":[{"href":"https:\/\/dicodusport.fr\/blog\/wp-json\/wp\/v2\/posts\/366662","targetHints":{"allow":["GET"]}}],"collection":[{"href":"https:\/\/dicodusport.fr\/blog\/wp-json\/wp\/v2\/posts"}],"about":[{"href":"https:\/\/dicodusport.fr\/blog\/wp-json\/wp\/v2\/types\/post"}],"author":[{"embeddable":true,"href":"https:\/\/dicodusport.fr\/blog\/wp-json\/wp\/v2\/users\/1"}],"replies":[{"embeddable":true,"href":"https:\/\/dicodusport.fr\/blog\/wp-json\/wp\/v2\/comments?post=366662"}],"version-history":[{"count":0,"href":"https:\/\/dicodusport.fr\/blog\/wp-json\/wp\/v2\/posts\/366662\/revisions"}],"wp:featuredmedia":[{"embeddable":true,"href":"https:\/\/dicodusport.fr\/blog\/wp-json\/wp\/v2\/media\/346771"}],"wp:attachment":[{"href":"https:\/\/dicodusport.fr\/blog\/wp-json\/wp\/v2\/media?parent=366662"}],"wp:term":[{"taxonomy":"category","embeddable":true,"href":"https:\/\/dicodusport.fr\/blog\/wp-json\/wp\/v2\/categories?post=366662"},{"taxonomy":"post_tag","embeddable":true,"href":"https:\/\/dicodusport.fr\/blog\/wp-json\/wp\/v2\/tags?post=366662"}],"curies":[{"name":"wp","href":"https:\/\/api.w.org\/{rel}","templated":true}]}}