{"id":366727,"date":"2023-03-18T16:50:22","date_gmt":"2023-03-18T15:50:22","guid":{"rendered":"https:\/\/dicodusport.fr\/blog\/?p=366727&#038;preview=true&#038;preview_id=366727"},"modified":"2023-03-18T17:50:51","modified_gmt":"2023-03-18T16:50:51","slug":"milan-san-remo-2023-mathieu-van-der-poel-remporte-la-primavera","status":"publish","type":"post","link":"https:\/\/dicodusport.fr\/blog\/milan-san-remo-2023-mathieu-van-der-poel-remporte-la-primavera\/","title":{"rendered":"Milan-San Remo 2023 : Mathieu van der Poel remporte la Primavera !"},"content":{"rendered":"<p style=\"text-align: justify;\"><em><strong>MILAN-SAN REMO 2023 \u2013 Mathieu van der Poel (Alpecin-Deceuninck) s&rsquo;est impos\u00e9 sur la 114\u00e8me \u00e9dition de Milan-San Remo, samedi. Apr\u00e8s 294 kilom\u00e8tres de course, il a devanc\u00e9 Filippo Ganna (INEOS Grenadiers) et Wout Van Aert (Jumbo-Visma).\u00a0<\/strong><\/em><\/p>\n<p style=\"text-align: justify;\"><span style=\"font-weight: 400;\">Pour le premier Monument de la saison, le parcours est rest\u00e9 intact par rapport aux \u00e9ditions pr\u00e9c\u00e9dentes, mis \u00e0 part la ville de d\u00e9part, avec 294 kilom\u00e8tres de course. Comme d&rsquo;habitude, les coureurs affrontaient le Passo del Turchino \u00e0 la mi-course pour rejoindre le bord de mer. Ensuite, il y aura les habituels capis \u00e0 gravir dont les c\u00e9l\u00e8bres Cipressa et Poggio avant de rejoindre la ville d&rsquo;arriv\u00e9e.\u00a0<\/span><\/p>\n<p style=\"text-align: justify;\"><span style=\"font-weight: 400;\">D&rsquo;abord, neuf coureurs ont constitu\u00e9 l&rsquo;habituelle \u00e9chapp\u00e9e matinale : <strong>Alexandr Riabushenko<\/strong> (Astana Qazaqstan), <strong>Mirco Maestri, Samuele Rivi<\/strong> (Eolo Kometa), <strong>Filippo Magli, Alessandro Tonelli<\/strong> (Green Project Bardiani), <strong>Negasi Abreha<\/strong> (Q36.5 Cycling Team), <strong>Alex Balmer, Jan Maas<\/strong> (Jayco AlUla) et <strong>Alo\u00efs Charrin<\/strong> (Tudor Pro Cycling). Le peloton a laiss\u00e9 3 minutes d&rsquo;avance aux fuyards. Tonelli a figur\u00e9 pour la cinqui\u00e8me fois de sa carri\u00e8re dans l&rsquo;\u00e9chapp\u00e9e matinale de la Primavera.\u00a0<\/span><\/p>\n<h2>Une \u00e9chapp\u00e9e sous contr\u00f4le<\/h2>\n<p style=\"text-align: justify;\"><span style=\"font-weight: 400;\">Ensuite, la Jumbo-Visma, l&rsquo;Alpecin-Deceuninck, l&rsquo;UAE Team Emirates et la Trek Segafredo ont pris les commandes du peloton afin de maintenir l&rsquo;\u00e9cart sous les trois minutes lors de l&rsquo;ascension du Passo del Turchino. Dans cette ascension, le vainqueur de l&rsquo;\u00e9dition 2019 <strong>Julian Alaphilippe, Yves Lampaert<\/strong> (Soudal &#8211; Quick Step), <strong>Jonathan Milan<\/strong> (Bahrain &#8211; Victorious), <strong>Harrison Wood<\/strong> (Cofidis) et <strong>Jasper Philipsen<\/strong> (Alpecin-Deceuninck) ont chut\u00e9 sans gravit\u00e9.<\/span><\/p>\n<blockquote class=\"twitter-tweet\">\n<p dir=\"ltr\" lang=\"fr\">Julian Alaphilippe pris dans une chute ! \u00c7a se complique pour le Fran\u00e7ais qui est tomb\u00e9 \u00e0 moins de 150 km de l&rsquo;arriv\u00e9e de ce <a href=\"https:\/\/twitter.com\/hashtag\/MilanSanRemo?src=hash&amp;ref_src=twsrc%5Etfw\">#MilanSanRemo<\/a><a href=\"https:\/\/twitter.com\/hashtag\/LesRP?src=hash&amp;ref_src=twsrc%5Etfw\">#LesRP<\/a> <a href=\"https:\/\/t.co\/6jzInOqzxE\">pic.twitter.com\/6jzInOqzxE<\/a><\/p>\n<p>\u2014 Eurosport France (@Eurosport_FR) <a href=\"https:\/\/twitter.com\/Eurosport_FR\/status\/1637078199480770562?ref_src=twsrc%5Etfw\">March 18, 2023<\/a><\/p><\/blockquote>\n<p><script async src=\"https:\/\/platform.twitter.com\/widgets.js\" charset=\"utf-8\"><\/script><\/p>\n<p style=\"text-align: justify;\"><span style=\"font-weight: 400;\">Par la suite, <strong>Alo\u00efs Charrin<\/strong> (Tudor Pro Cycling) a \u00e9t\u00e9 distanc\u00e9 de l&rsquo;\u00e9chapp\u00e9e alors que l&rsquo;\u00e9cart s&rsquo;est rapproch\u00e9 de la minute. Au sein d&rsquo;un peloton, Alex Aranburu (Movistar) est tomb\u00e9 apr\u00e8s le Capo Cervo mais le puncheur espagnol a \u00e9t\u00e9 ramen\u00e9 par un \u00e9quipier.\u00a0<\/span><\/p>\n<p style=\"text-align: justify;\"><span style=\"font-weight: 400;\">Puis, <strong>Negasi Abreha<\/strong> (Q36.5 Cycling Team), <strong>Filippo Magli<\/strong> (Green Project Bardiani) et <strong>Alexandr Riabushenko<\/strong> (Astana Qazaqstan) ont \u00e9t\u00e9 l\u00e2ch\u00e9s de la t\u00eate de course dans le Capo Berta. Mais, les cinq rescap\u00e9s de l&rsquo;\u00e9chapp\u00e9e ont \u00e9t\u00e9 aval\u00e9s par le peloton peu avant la Cipressa.\u00a0<\/span><\/p>\n<p style=\"text-align: justify;\"><span style=\"font-weight: 400;\">Dans la Cipressa, l&rsquo;\u00e9quipe UAE Team Emirates a acc\u00e9l\u00e9r\u00e9 l&rsquo;allure du peloton, mettant en difficult\u00e9 de nombreux coureurs. D\u00e8s le pied du Poggio, la formation Bahrain Victorious a impos\u00e9 un \u00e9norme rythme au peloton. Apr\u00e8s un gros relais de <strong>Tim Wellens<\/strong> (UAE Team Emirates) <strong>Tadej Pogacar<\/strong> (UAE Team Emirates) a port\u00e9 une violente attaque. Le vainqueur sortant de Paris-Nice avait dans son sillage <strong>Wout van Aert<\/strong> (Jumbo-Visma), <strong>Filippo Ganna<\/strong> (INEOS Grenadiers) et <strong>Mathieu van der Poel<\/strong> (Alpecin-Deceuninck). Mais, ce dernier a d\u00e9cid\u00e9 d&rsquo;entamer la descente avec quelques m\u00e8tres d&rsquo;avance.\u00a0<\/span><\/p>\n<h2 style=\"text-align: justify;\">Mathieu van der Poel en filou<\/h2>\n<p style=\"text-align: justify;\"><span style=\"font-weight: 400;\">Finalement, apr\u00e8s avoir creus\u00e9 un bel \u00e9cart dans la descente sur San Remo, <strong>Mathieu van<\/strong> <strong>der Poel<\/strong> (Alpecin-Deceuninck) s&rsquo;est impos\u00e9 en solitaire pour ramener un deuxi\u00e8me Monument \u00e0 son palmar\u00e8s. Il a devanc\u00e9 de 15 secondes ses trois poursuivants. Filippo <strong>Ganna<\/strong> (INEOS Grenadiers) a r\u00e9gl\u00e9 ce groupe devant <strong>Wout van Aert<\/strong> (Jumbo-Visma) et Tadej <strong>Pogacar<\/strong> (UAE Team Emirates). <strong>S\u00f8ren Kragh Andersen<\/strong> (Alpecin-Deceuninck) a r\u00e9gl\u00e9 un petit groupe \u00e0 26 secondes devant <strong>Mads Pedersen<\/strong> (Trek Segafredo) et <strong>Neilson Powless<\/strong> (EF Education EasyPost).\u00a0<\/span><\/p>\n<blockquote class=\"twitter-tweet\">\n<p dir=\"ltr\" lang=\"fr\">Mathieu van der Poel est grand, TR\u00c8S GRAND ! \ud83d\udca5<\/p>\n<p>Le N\u00e9erlandais s&rsquo;est envol\u00e9 dans la descente finale pour remporter <a href=\"https:\/\/twitter.com\/hashtag\/MilanSanRemo?src=hash&amp;ref_src=twsrc%5Etfw\">#MilanSanRemo<\/a> pour la premi\u00e8re fois de sa carri\u00e8re ! Il devance Ganna et van Aert <a href=\"https:\/\/twitter.com\/hashtag\/LesRP?src=hash&amp;ref_src=twsrc%5Etfw\">#LesRP<\/a> <a href=\"https:\/\/t.co\/nKyAE2YMYL\">pic.twitter.com\/nKyAE2YMYL<\/a><\/p>\n<p>\u2014 Eurosport France (@Eurosport_FR) <a href=\"https:\/\/twitter.com\/Eurosport_FR\/status\/1637118081242734594?ref_src=twsrc%5Etfw\">March 18, 2023<\/a><\/p><\/blockquote>\n<p><script async src=\"https:\/\/platform.twitter.com\/widgets.js\" charset=\"utf-8\"><\/script><\/p>\n<p style=\"text-align: justify;\"><strong>Mathieu van der Poel\u00a0<\/strong>a succ\u00e9d\u00e9 \u00e0 Hennie Kuiper pour les vainqueurs n\u00e9erlandais de Milan-San Remo et il a aussi rejoint son d\u00e9funt grand-p\u00e8re <strong>Raymond Poulidor<\/strong> au palmar\u00e8s de ce Monument.<\/p>\n<h2 style=\"text-align: justify;\">\u00c0 lire aussi<\/h2>\n<ul>\n<li style=\"text-align: justify;\"><a href=\"https:\/\/dicodusport.fr\/blog\/classement-milan-san-remo-2023\/\"><strong>Le classement de Milan-San Remo 2023<\/strong><\/a><\/li>\n<\/ul>\n","protected":false},"excerpt":{"rendered":"<p>MILAN-SAN REMO 2023 &#8211; D\u00e9couvrez le parcours et le profil de la 114\u00e8me \u00e9dition de Milan-San Remo, le premier Monument de la saison \u00e9galement appel\u00e9 la Primavera.<\/p>\n","protected":false},"author":48,"featured_media":366838,"comment_status":"open","ping_status":"closed","sticky":false,"template":"","format":"standard","meta":{"_acf_changed":false,"_daextam_enable_autolinks":"","footnotes":""},"categories":[46994],"tags":[3119,16878,4162,24],"class_list":["post-366727","post","type-post","status-publish","format-standard","has-post-thumbnail","hentry","category-cyclisme-sur-route","tag-actualite-cyclisme","tag-breve","tag-milan-san-remo","tag-sport"],"acf":[],"yoast_head":"<!-- This site is optimized with the Yoast SEO Premium plugin v26.7 (Yoast SEO v26.7) - https:\/\/yoast.com\/wordpress\/plugins\/seo\/ -->\n<title>Milan-San Remo 2023 : Mathieu van der Poel remporte la Primavera !<\/title>\n<meta name=\"description\" content=\"MILAN-SAN REMO 2023 \u2013 Mathieu van der Poel s&#039;est impos\u00e9 sur la 114\u00e8me \u00e9dition de Milan-San Remo, samedi.\" \/>\n<meta name=\"robots\" content=\"index, follow, max-snippet:-1, max-image-preview:large, max-video-preview:-1\" \/>\n<link rel=\"canonical\" href=\"https:\/\/dicodusport.fr\/blog\/milan-san-remo-2023-mathieu-van-der-poel-remporte-la-primavera\/\" \/>\n<meta property=\"og:locale\" content=\"fr_FR\" \/>\n<meta property=\"og:type\" content=\"article\" \/>\n<meta property=\"og:title\" content=\"Milan-San Remo 2023 : Mathieu van der Poel remporte la Primavera !\" \/>\n<meta property=\"og:description\" content=\"MILAN-SAN REMO 2023 \u2013 Mathieu van der Poel s&#039;est impos\u00e9 sur la 114\u00e8me \u00e9dition de Milan-San Remo, samedi.\" \/>\n<meta property=\"og:url\" content=\"https:\/\/dicodusport.fr\/blog\/milan-san-remo-2023-mathieu-van-der-poel-remporte-la-primavera\/\" \/>\n<meta property=\"og:site_name\" content=\"Dicodusport\" \/>\n<meta property=\"article:publisher\" content=\"https:\/\/www.facebook.com\/dicodusport\" \/>\n<meta property=\"article:author\" content=\"https:\/\/www.facebook.com\/groups\/LesRoisDuPeloton\" \/>\n<meta property=\"article:published_time\" content=\"2023-03-18T15:50:22+00:00\" \/>\n<meta property=\"article:modified_time\" content=\"2023-03-18T16:50:51+00:00\" \/>\n<meta property=\"og:image\" content=\"https:\/\/dicodusport.fr\/blog\/wp-content\/uploads\/2023\/03\/Milan-San-Remo-2023-Mathieu-van-der-Poel-remporte-la-Primavera-.png\" \/>\n\t<meta property=\"og:image:width\" content=\"800\" \/>\n\t<meta property=\"og:image:height\" content=\"445\" \/>\n\t<meta property=\"og:image:type\" content=\"image\/png\" \/>\n<meta name=\"author\" content=\"Emilien Descampiaux\" \/>\n<meta name=\"twitter:card\" content=\"summary_large_image\" \/>\n<meta name=\"twitter:title\" content=\"Milan-San Remo 2023 : Mathieu van der Poel remporte la Primavera !\" \/>\n<meta name=\"twitter:creator\" content=\"@https:\/\/twitter.com\/LRoisDuPeloton\" \/>\n<meta name=\"twitter:site\" content=\"@dicodusport\" \/>\n<script type=\"application\/ld+json\" class=\"yoast-schema-graph\">{\"@context\":\"https:\/\/schema.org\",\"@graph\":[{\"@type\":\"NewsArticle\",\"@id\":\"https:\/\/dicodusport.fr\/blog\/milan-san-remo-2023-mathieu-van-der-poel-remporte-la-primavera\/#article\",\"isPartOf\":{\"@id\":\"https:\/\/dicodusport.fr\/blog\/milan-san-remo-2023-mathieu-van-der-poel-remporte-la-primavera\/\"},\"author\":{\"name\":\"Emilien Descampiaux\",\"@id\":\"https:\/\/dicodusport.fr\/blog\/#\/schema\/person\/6db4bae06b171592211be385b32876a7\"},\"headline\":\"Milan-San Remo 2023 : Mathieu van der Poel remporte la Primavera !\",\"datePublished\":\"2023-03-18T15:50:22+00:00\",\"dateModified\":\"2023-03-18T16:50:51+00:00\",\"mainEntityOfPage\":{\"@id\":\"https:\/\/dicodusport.fr\/blog\/milan-san-remo-2023-mathieu-van-der-poel-remporte-la-primavera\/\"},\"wordCount\":684,\"commentCount\":0,\"publisher\":{\"@id\":\"https:\/\/dicodusport.fr\/blog\/#organization\"},\"image\":{\"@id\":\"https:\/\/dicodusport.fr\/blog\/milan-san-remo-2023-mathieu-van-der-poel-remporte-la-primavera\/#primaryimage\"},\"thumbnailUrl\":\"https:\/\/dicodusport.fr\/blog\/wp-content\/uploads\/2023\/03\/Milan-San-Remo-2023-Mathieu-van-der-Poel-remporte-la-Primavera-.png\",\"keywords\":[\"Actualit\u00e9 Cyclisme\",\"br\u00e8ve\",\"Milan-San Remo\",\"sport\"],\"articleSection\":[\"Cyclisme sur route\"],\"inLanguage\":\"fr-FR\",\"potentialAction\":[{\"@type\":\"CommentAction\",\"name\":\"Comment\",\"target\":[\"https:\/\/dicodusport.fr\/blog\/milan-san-remo-2023-mathieu-van-der-poel-remporte-la-primavera\/#respond\"]}],\"copyrightYear\":\"2023\",\"copyrightHolder\":{\"@id\":\"https:\/\/dicodusport.fr\/blog\/#organization\"}},{\"@type\":\"WebPage\",\"@id\":\"https:\/\/dicodusport.fr\/blog\/milan-san-remo-2023-mathieu-van-der-poel-remporte-la-primavera\/\",\"url\":\"https:\/\/dicodusport.fr\/blog\/milan-san-remo-2023-mathieu-van-der-poel-remporte-la-primavera\/\",\"name\":\"Milan-San Remo 2023 : Mathieu van der Poel remporte la Primavera !\",\"isPartOf\":{\"@id\":\"https:\/\/dicodusport.fr\/blog\/#website\"},\"primaryImageOfPage\":{\"@id\":\"https:\/\/dicodusport.fr\/blog\/milan-san-remo-2023-mathieu-van-der-poel-remporte-la-primavera\/#primaryimage\"},\"image\":{\"@id\":\"https:\/\/dicodusport.fr\/blog\/milan-san-remo-2023-mathieu-van-der-poel-remporte-la-primavera\/#primaryimage\"},\"thumbnailUrl\":\"https:\/\/dicodusport.fr\/blog\/wp-content\/uploads\/2023\/03\/Milan-San-Remo-2023-Mathieu-van-der-Poel-remporte-la-Primavera-.png\",\"datePublished\":\"2023-03-18T15:50:22+00:00\",\"dateModified\":\"2023-03-18T16:50:51+00:00\",\"description\":\"MILAN-SAN REMO 2023 \u2013 Mathieu van der Poel s'est impos\u00e9 sur la 114\u00e8me \u00e9dition de Milan-San Remo, samedi.\",\"breadcrumb\":{\"@id\":\"https:\/\/dicodusport.fr\/blog\/milan-san-remo-2023-mathieu-van-der-poel-remporte-la-primavera\/#breadcrumb\"},\"inLanguage\":\"fr-FR\",\"potentialAction\":[{\"@type\":\"ReadAction\",\"target\":[\"https:\/\/dicodusport.fr\/blog\/milan-san-remo-2023-mathieu-van-der-poel-remporte-la-primavera\/\"]}]},{\"@type\":\"ImageObject\",\"inLanguage\":\"fr-FR\",\"@id\":\"https:\/\/dicodusport.fr\/blog\/milan-san-remo-2023-mathieu-van-der-poel-remporte-la-primavera\/#primaryimage\",\"url\":\"https:\/\/dicodusport.fr\/blog\/wp-content\/uploads\/2023\/03\/Milan-San-Remo-2023-Mathieu-van-der-Poel-remporte-la-Primavera-.png\",\"contentUrl\":\"https:\/\/dicodusport.fr\/blog\/wp-content\/uploads\/2023\/03\/Milan-San-Remo-2023-Mathieu-van-der-Poel-remporte-la-Primavera-.png\",\"width\":800,\"height\":445,\"caption\":\"Milan-San Remo 2023 Mathieu van der Poel remporte la Primavera !\"},{\"@type\":\"BreadcrumbList\",\"@id\":\"https:\/\/dicodusport.fr\/blog\/milan-san-remo-2023-mathieu-van-der-poel-remporte-la-primavera\/#breadcrumb\",\"itemListElement\":[{\"@type\":\"ListItem\",\"position\":1,\"name\":\"Accueil\",\"item\":\"https:\/\/dicodusport.fr\/blog\/\"},{\"@type\":\"ListItem\",\"position\":2,\"name\":\"Milan-San Remo 2023 : Mathieu van der Poel remporte la Primavera !\"}]},{\"@type\":\"WebSite\",\"@id\":\"https:\/\/dicodusport.fr\/blog\/#website\",\"url\":\"https:\/\/dicodusport.fr\/blog\/\",\"name\":\"Dicodusport\",\"description\":\"L&#039;encyclop\u00e9die de l&#039;actualit\u00e9 sportive\",\"publisher\":{\"@id\":\"https:\/\/dicodusport.fr\/blog\/#organization\"},\"potentialAction\":[{\"@type\":\"SearchAction\",\"target\":{\"@type\":\"EntryPoint\",\"urlTemplate\":\"https:\/\/dicodusport.fr\/blog\/?s={search_term_string}\"},\"query-input\":{\"@type\":\"PropertyValueSpecification\",\"valueRequired\":true,\"valueName\":\"search_term_string\"}}],\"inLanguage\":\"fr-FR\"},{\"@type\":\"NewsMediaOrganization\",\"@id\":\"https:\/\/dicodusport.fr\/blog\/#organization\",\"name\":\"Dicodusport\",\"url\":\"https:\/\/dicodusport.fr\/blog\/\",\"logo\":{\"@type\":\"ImageObject\",\"inLanguage\":\"fr-FR\",\"@id\":\"https:\/\/dicodusport.fr\/blog\/#\/schema\/logo\/image\/\",\"url\":\"https:\/\/dicodusport.fr\/blog\/wp-content\/uploads\/2020\/06\/cropped-LOGO-DICODUSPORT-2020-SANS-FOND-SANS-TEXTE.png\",\"contentUrl\":\"https:\/\/dicodusport.fr\/blog\/wp-content\/uploads\/2020\/06\/cropped-LOGO-DICODUSPORT-2020-SANS-FOND-SANS-TEXTE.png\",\"width\":512,\"height\":512,\"caption\":\"Dicodusport\"},\"image\":{\"@id\":\"https:\/\/dicodusport.fr\/blog\/#\/schema\/logo\/image\/\"},\"sameAs\":[\"https:\/\/www.facebook.com\/dicodusport\",\"https:\/\/x.com\/dicodusport\",\"https:\/\/www.instagram.com\/dicodusport\/\",\"https:\/\/www.youtube.com\/channel\/UC7V2KZ5sd3htJivAbA4ZG3w\"],\"description\":\"Dicodusport est l'encyclop\u00e9die de l'actualit\u00e9 sportive.\",\"email\":\"bonjour@dicodusport.fr\",\"legalName\":\"DICODUSPORT\",\"foundingDate\":\"2018-01-14\",\"vatID\":\"FR71834470973\",\"taxID\":\"83447097300043\",\"numberOfEmployees\":{\"@type\":\"QuantitativeValue\",\"minValue\":\"1\",\"maxValue\":\"10\"}},{\"@type\":\"Person\",\"@id\":\"https:\/\/dicodusport.fr\/blog\/#\/schema\/person\/6db4bae06b171592211be385b32876a7\",\"name\":\"Emilien Descampiaux\",\"image\":{\"@type\":\"ImageObject\",\"inLanguage\":\"fr-FR\",\"@id\":\"https:\/\/dicodusport.fr\/blog\/#\/schema\/person\/image\/\",\"url\":\"https:\/\/dicodusport.fr\/blog\/wp-content\/uploads\/2021\/05\/Emilien-Descampiaux-150x150.jpg\",\"contentUrl\":\"https:\/\/dicodusport.fr\/blog\/wp-content\/uploads\/2021\/05\/Emilien-Descampiaux-150x150.jpg\",\"caption\":\"Emilien Descampiaux\"},\"description\":\"Journaliste\/r\u00e9dacteur depuis 2014 - Fan de la classe de Frank Vandenbroucke, je vis cyclisme (et de ses paysages) depuis plus de 20 ans. Je suis tr\u00e8s impliqu\u00e9 sur mes diff\u00e9rents r\u00e9seaux sociaux pour partager ma passion sur le monde et l'Histoire de la bicyclette avec ma voix sur les images en noir et blanc du succ\u00e8s de Rik Van Steenbergen lors du Ronde sur le V\u00e9lodrome de Gand.\",\"sameAs\":[\"https:\/\/www.facebook.com\/groups\/LesRoisDuPeloton\",\"https:\/\/x.com\/https:\/\/twitter.com\/LRoisDuPeloton\"],\"url\":\"https:\/\/dicodusport.fr\/blog\/author\/emiliend\/\"}]}<\/script>\n<!-- \/ Yoast SEO Premium plugin. -->","yoast_head_json":{"title":"Milan-San Remo 2023 : Mathieu van der Poel remporte la Primavera !","description":"MILAN-SAN REMO 2023 \u2013 Mathieu van der Poel s'est impos\u00e9 sur la 114\u00e8me \u00e9dition de Milan-San Remo, samedi.","robots":{"index":"index","follow":"follow","max-snippet":"max-snippet:-1","max-image-preview":"max-image-preview:large","max-video-preview":"max-video-preview:-1"},"canonical":"https:\/\/dicodusport.fr\/blog\/milan-san-remo-2023-mathieu-van-der-poel-remporte-la-primavera\/","og_locale":"fr_FR","og_type":"article","og_title":"Milan-San Remo 2023 : Mathieu van der Poel remporte la Primavera !","og_description":"MILAN-SAN REMO 2023 \u2013 Mathieu van der Poel s'est impos\u00e9 sur la 114\u00e8me \u00e9dition de Milan-San Remo, samedi.","og_url":"https:\/\/dicodusport.fr\/blog\/milan-san-remo-2023-mathieu-van-der-poel-remporte-la-primavera\/","og_site_name":"Dicodusport","article_publisher":"https:\/\/www.facebook.com\/dicodusport","article_author":"https:\/\/www.facebook.com\/groups\/LesRoisDuPeloton","article_published_time":"2023-03-18T15:50:22+00:00","article_modified_time":"2023-03-18T16:50:51+00:00","og_image":[{"width":800,"height":445,"url":"https:\/\/dicodusport.fr\/blog\/wp-content\/uploads\/2023\/03\/Milan-San-Remo-2023-Mathieu-van-der-Poel-remporte-la-Primavera-.png","type":"image\/png"}],"author":"Emilien Descampiaux","twitter_card":"summary_large_image","twitter_title":"Milan-San Remo 2023 : Mathieu van der Poel remporte la Primavera !","twitter_creator":"@https:\/\/twitter.com\/LRoisDuPeloton","twitter_site":"@dicodusport","schema":{"@context":"https:\/\/schema.org","@graph":[{"@type":"NewsArticle","@id":"https:\/\/dicodusport.fr\/blog\/milan-san-remo-2023-mathieu-van-der-poel-remporte-la-primavera\/#article","isPartOf":{"@id":"https:\/\/dicodusport.fr\/blog\/milan-san-remo-2023-mathieu-van-der-poel-remporte-la-primavera\/"},"author":{"name":"Emilien Descampiaux","@id":"https:\/\/dicodusport.fr\/blog\/#\/schema\/person\/6db4bae06b171592211be385b32876a7"},"headline":"Milan-San Remo 2023 : Mathieu van der Poel remporte la Primavera !","datePublished":"2023-03-18T15:50:22+00:00","dateModified":"2023-03-18T16:50:51+00:00","mainEntityOfPage":{"@id":"https:\/\/dicodusport.fr\/blog\/milan-san-remo-2023-mathieu-van-der-poel-remporte-la-primavera\/"},"wordCount":684,"commentCount":0,"publisher":{"@id":"https:\/\/dicodusport.fr\/blog\/#organization"},"image":{"@id":"https:\/\/dicodusport.fr\/blog\/milan-san-remo-2023-mathieu-van-der-poel-remporte-la-primavera\/#primaryimage"},"thumbnailUrl":"https:\/\/dicodusport.fr\/blog\/wp-content\/uploads\/2023\/03\/Milan-San-Remo-2023-Mathieu-van-der-Poel-remporte-la-Primavera-.png","keywords":["Actualit\u00e9 Cyclisme","br\u00e8ve","Milan-San Remo","sport"],"articleSection":["Cyclisme sur route"],"inLanguage":"fr-FR","potentialAction":[{"@type":"CommentAction","name":"Comment","target":["https:\/\/dicodusport.fr\/blog\/milan-san-remo-2023-mathieu-van-der-poel-remporte-la-primavera\/#respond"]}],"copyrightYear":"2023","copyrightHolder":{"@id":"https:\/\/dicodusport.fr\/blog\/#organization"}},{"@type":"WebPage","@id":"https:\/\/dicodusport.fr\/blog\/milan-san-remo-2023-mathieu-van-der-poel-remporte-la-primavera\/","url":"https:\/\/dicodusport.fr\/blog\/milan-san-remo-2023-mathieu-van-der-poel-remporte-la-primavera\/","name":"Milan-San Remo 2023 : Mathieu van der Poel remporte la Primavera !","isPartOf":{"@id":"https:\/\/dicodusport.fr\/blog\/#website"},"primaryImageOfPage":{"@id":"https:\/\/dicodusport.fr\/blog\/milan-san-remo-2023-mathieu-van-der-poel-remporte-la-primavera\/#primaryimage"},"image":{"@id":"https:\/\/dicodusport.fr\/blog\/milan-san-remo-2023-mathieu-van-der-poel-remporte-la-primavera\/#primaryimage"},"thumbnailUrl":"https:\/\/dicodusport.fr\/blog\/wp-content\/uploads\/2023\/03\/Milan-San-Remo-2023-Mathieu-van-der-Poel-remporte-la-Primavera-.png","datePublished":"2023-03-18T15:50:22+00:00","dateModified":"2023-03-18T16:50:51+00:00","description":"MILAN-SAN REMO 2023 \u2013 Mathieu van der Poel s'est impos\u00e9 sur la 114\u00e8me \u00e9dition de Milan-San Remo, samedi.","breadcrumb":{"@id":"https:\/\/dicodusport.fr\/blog\/milan-san-remo-2023-mathieu-van-der-poel-remporte-la-primavera\/#breadcrumb"},"inLanguage":"fr-FR","potentialAction":[{"@type":"ReadAction","target":["https:\/\/dicodusport.fr\/blog\/milan-san-remo-2023-mathieu-van-der-poel-remporte-la-primavera\/"]}]},{"@type":"ImageObject","inLanguage":"fr-FR","@id":"https:\/\/dicodusport.fr\/blog\/milan-san-remo-2023-mathieu-van-der-poel-remporte-la-primavera\/#primaryimage","url":"https:\/\/dicodusport.fr\/blog\/wp-content\/uploads\/2023\/03\/Milan-San-Remo-2023-Mathieu-van-der-Poel-remporte-la-Primavera-.png","contentUrl":"https:\/\/dicodusport.fr\/blog\/wp-content\/uploads\/2023\/03\/Milan-San-Remo-2023-Mathieu-van-der-Poel-remporte-la-Primavera-.png","width":800,"height":445,"caption":"Milan-San Remo 2023 Mathieu van der Poel remporte la Primavera !"},{"@type":"BreadcrumbList","@id":"https:\/\/dicodusport.fr\/blog\/milan-san-remo-2023-mathieu-van-der-poel-remporte-la-primavera\/#breadcrumb","itemListElement":[{"@type":"ListItem","position":1,"name":"Accueil","item":"https:\/\/dicodusport.fr\/blog\/"},{"@type":"ListItem","position":2,"name":"Milan-San Remo 2023 : Mathieu van der Poel remporte la Primavera !"}]},{"@type":"WebSite","@id":"https:\/\/dicodusport.fr\/blog\/#website","url":"https:\/\/dicodusport.fr\/blog\/","name":"Dicodusport","description":"L&#039;encyclop\u00e9die de l&#039;actualit\u00e9 sportive","publisher":{"@id":"https:\/\/dicodusport.fr\/blog\/#organization"},"potentialAction":[{"@type":"SearchAction","target":{"@type":"EntryPoint","urlTemplate":"https:\/\/dicodusport.fr\/blog\/?s={search_term_string}"},"query-input":{"@type":"PropertyValueSpecification","valueRequired":true,"valueName":"search_term_string"}}],"inLanguage":"fr-FR"},{"@type":"NewsMediaOrganization","@id":"https:\/\/dicodusport.fr\/blog\/#organization","name":"Dicodusport","url":"https:\/\/dicodusport.fr\/blog\/","logo":{"@type":"ImageObject","inLanguage":"fr-FR","@id":"https:\/\/dicodusport.fr\/blog\/#\/schema\/logo\/image\/","url":"https:\/\/dicodusport.fr\/blog\/wp-content\/uploads\/2020\/06\/cropped-LOGO-DICODUSPORT-2020-SANS-FOND-SANS-TEXTE.png","contentUrl":"https:\/\/dicodusport.fr\/blog\/wp-content\/uploads\/2020\/06\/cropped-LOGO-DICODUSPORT-2020-SANS-FOND-SANS-TEXTE.png","width":512,"height":512,"caption":"Dicodusport"},"image":{"@id":"https:\/\/dicodusport.fr\/blog\/#\/schema\/logo\/image\/"},"sameAs":["https:\/\/www.facebook.com\/dicodusport","https:\/\/x.com\/dicodusport","https:\/\/www.instagram.com\/dicodusport\/","https:\/\/www.youtube.com\/channel\/UC7V2KZ5sd3htJivAbA4ZG3w"],"description":"Dicodusport est l'encyclop\u00e9die de l'actualit\u00e9 sportive.","email":"bonjour@dicodusport.fr","legalName":"DICODUSPORT","foundingDate":"2018-01-14","vatID":"FR71834470973","taxID":"83447097300043","numberOfEmployees":{"@type":"QuantitativeValue","minValue":"1","maxValue":"10"}},{"@type":"Person","@id":"https:\/\/dicodusport.fr\/blog\/#\/schema\/person\/6db4bae06b171592211be385b32876a7","name":"Emilien Descampiaux","image":{"@type":"ImageObject","inLanguage":"fr-FR","@id":"https:\/\/dicodusport.fr\/blog\/#\/schema\/person\/image\/","url":"https:\/\/dicodusport.fr\/blog\/wp-content\/uploads\/2021\/05\/Emilien-Descampiaux-150x150.jpg","contentUrl":"https:\/\/dicodusport.fr\/blog\/wp-content\/uploads\/2021\/05\/Emilien-Descampiaux-150x150.jpg","caption":"Emilien Descampiaux"},"description":"Journaliste\/r\u00e9dacteur depuis 2014 - Fan de la classe de Frank Vandenbroucke, je vis cyclisme (et de ses paysages) depuis plus de 20 ans. Je suis tr\u00e8s impliqu\u00e9 sur mes diff\u00e9rents r\u00e9seaux sociaux pour partager ma passion sur le monde et l'Histoire de la bicyclette avec ma voix sur les images en noir et blanc du succ\u00e8s de Rik Van Steenbergen lors du Ronde sur le V\u00e9lodrome de Gand.","sameAs":["https:\/\/www.facebook.com\/groups\/LesRoisDuPeloton","https:\/\/x.com\/https:\/\/twitter.com\/LRoisDuPeloton"],"url":"https:\/\/dicodusport.fr\/blog\/author\/emiliend\/"}]}},"_links":{"self":[{"href":"https:\/\/dicodusport.fr\/blog\/wp-json\/wp\/v2\/posts\/366727","targetHints":{"allow":["GET"]}}],"collection":[{"href":"https:\/\/dicodusport.fr\/blog\/wp-json\/wp\/v2\/posts"}],"about":[{"href":"https:\/\/dicodusport.fr\/blog\/wp-json\/wp\/v2\/types\/post"}],"author":[{"embeddable":true,"href":"https:\/\/dicodusport.fr\/blog\/wp-json\/wp\/v2\/users\/48"}],"replies":[{"embeddable":true,"href":"https:\/\/dicodusport.fr\/blog\/wp-json\/wp\/v2\/comments?post=366727"}],"version-history":[{"count":0,"href":"https:\/\/dicodusport.fr\/blog\/wp-json\/wp\/v2\/posts\/366727\/revisions"}],"wp:featuredmedia":[{"embeddable":true,"href":"https:\/\/dicodusport.fr\/blog\/wp-json\/wp\/v2\/media\/366838"}],"wp:attachment":[{"href":"https:\/\/dicodusport.fr\/blog\/wp-json\/wp\/v2\/media?parent=366727"}],"wp:term":[{"taxonomy":"category","embeddable":true,"href":"https:\/\/dicodusport.fr\/blog\/wp-json\/wp\/v2\/categories?post=366727"},{"taxonomy":"post_tag","embeddable":true,"href":"https:\/\/dicodusport.fr\/blog\/wp-json\/wp\/v2\/tags?post=366727"}],"curies":[{"name":"wp","href":"https:\/\/api.w.org\/{rel}","templated":true}]}}